{"id":16954,"date":"2018-04-16T12:43:36","date_gmt":"2018-04-16T11:43:36","guid":{"rendered":"http:\/\/laguiadepamplona.es\/actualidad\/?p=16954"},"modified":"2018-04-16T12:43:36","modified_gmt":"2018-04-16T11:43:36","slug":"pamplona-disena-metrominuto-su-plano-de-metro-para-impulsar-la-movilidad-a-pie-en-la-ciudad","status":"publish","type":"post","link":"https:\/\/www.laguiadepamplona.com\/actualidad\/pamplona-disena-metrominuto-su-plano-de-metro-para-impulsar-la-movilidad-a-pie-en-la-ciudad\/","title":{"rendered":"Pamplona dise\u00f1a Metrominuto, su plano de \u2018metro\u2019 para impulsar la movilidad a pie en la ciudad"},"content":{"rendered":"<h3>Este mapa simplificado recoge las distancias entre treinta puntos de la ciudad y el tiempo aproximado que se tarde en recorrerlas<\/h3>\n<p><!--more--><\/p>\n<p><a href=\"http:\/\/laguiadepamplona.es\/actualidad\/wp-content\/uploads\/2018\/04\/1.-Plano-definitivo-Metrominuto-Pamplona.jpg\"><img loading=\"lazy\" decoding=\"async\" class=\"alignleft size-medium wp-image-16955\" src=\"http:\/\/laguiadepamplona.es\/actualidad\/wp-content\/uploads\/2018\/04\/1.-Plano-definitivo-Metrominuto-Pamplona-212x300.jpg\" alt=\"\" width=\"212\" height=\"300\" srcset=\"https:\/\/www.laguiadepamplona.com\/actualidad\/wp-content\/uploads\/2018\/04\/1.-Plano-definitivo-Metrominuto-Pamplona-212x300.jpg 212w, https:\/\/www.laguiadepamplona.com\/actualidad\/wp-content\/uploads\/2018\/04\/1.-Plano-definitivo-Metrominuto-Pamplona-300x424.jpg 300w, https:\/\/www.laguiadepamplona.com\/actualidad\/wp-content\/uploads\/2018\/04\/1.-Plano-definitivo-Metrominuto-Pamplona.jpg 707w\" sizes=\"auto, (max-width: 212px) 100vw, 212px\" \/><\/a>Pamplona se ha dibujado como un plano de metro con las principales dotaciones y espacios referentes de la ciudad a modo de estaciones. Es Metrominuto, un plano de la ciudad que hace sencillo calcular las distancias y tiempos en los recorridos a pie por la ciudad para animar a la ciudadan\u00eda a desplazarse caminando. El Ayuntamiento de Pamplona ha dise\u00f1ado este plano, a la imagen de otras ciudades europeas, con el objetivo de recuperar la escala humana de la ciudad, dando prioridad a los modos lentos y no motorizados en distancias cortas y medias.<\/p>\n<p>Metrominuto forma parte de las medidas impulsadas por el Ayuntamiento de Pamplona dentro del Plan de Amabilizaci\u00f3n del Centro. Recoge treinta puntos de la ciudad, entre los que se encuentran los civivox, las universidades, los ascensores urbanos o los parques, que sirven de referencia para calcular las distancias y los tiempos a pie con el centro de la ciudad o con otros barrios.<\/p>\n<p>As\u00ed, es sencillo calcular que desde la Plaza del Castillo hasta la Universidad de Navarra (2,5 kil\u00f3metros) se llega en apenas 30 minutos y al conservatorio de m\u00fasica, en 36 minutos (3 kil\u00f3metros). Otros sencillos c\u00e1lculos muestran que desde el Ayuntamiento hasta la estaci\u00f3n de tren, en San Jorge, apenas hay 1,8 kil\u00f3metros, unos 24 minutos de caminata. O que desde la Plaza del Castillo al Parque del Mundo, en la Txantrea, hay 2,6 kil\u00f3metros, unos 35 minutos. O que caminar desde la Plaza del Castillo a la Casa de la Juventud son apenas 1,4 kil\u00f3metros, es decir, apenas 18 minutos. Los tiempos se han calculado de forma aproximada sobre la base de unos 5 kil\u00f3metros por hora de media.<\/p>\n<p><a href=\"http:\/\/laguiadepamplona.es\/actualidad\/wp-content\/uploads\/2018\/04\/3.triptico-frontal@3x.jpg\"><img loading=\"lazy\" decoding=\"async\" class=\"alignleft size-medium wp-image-16956\" src=\"http:\/\/laguiadepamplona.es\/actualidad\/wp-content\/uploads\/2018\/04\/3.triptico-frontal@3x-300x212.jpg\" alt=\"\" width=\"300\" height=\"212\" srcset=\"https:\/\/www.laguiadepamplona.com\/actualidad\/wp-content\/uploads\/2018\/04\/3.triptico-frontal@3x-300x212.jpg 300w, https:\/\/www.laguiadepamplona.com\/actualidad\/wp-content\/uploads\/2018\/04\/3.triptico-frontal@3x-768x543.jpg 768w, https:\/\/www.laguiadepamplona.com\/actualidad\/wp-content\/uploads\/2018\/04\/3.triptico-frontal@3x.jpg 1000w\" sizes=\"auto, (max-width: 300px) 100vw, 300px\" \/><\/a>La informaci\u00f3n que aportan los planos de Metrominuto se colocar\u00e1 en las pr\u00f3ximas semanas,\u00a0 en los 30 puntos seleccionados en el plano en forma de se\u00f1al para indicar distancias con otros puntos y animar a realizar los trayectos a pie. Adem\u00e1s se podr\u00e1n obtener los planos en papel y la ciudadan\u00eda tendr\u00e1 a su disposici\u00f3n una aplicaci\u00f3n m\u00f3vil, disponible para IOS y para Android, que permitir\u00e1 calcular, desde su ubicaci\u00f3n, la distancia con cualquiera de los 30 puntos seleccionados. La App proporcionar\u00e1 informaci\u00f3n adicional como la distancia en metros, el n\u00famero de pasos o las calor\u00edas quemadas. Tambi\u00e9n se puede consultar el tiempo que se tendr\u00e1 durante el trayecto y visualizar algunas im\u00e1genes del punto seleccionado. Toda la informaci\u00f3n y la web de Metrominuto puede consultarse ya a trav\u00e9s de portal de movilidad, en <a href=\"http:\/\/www.movilidadpamplona.es\/\" target=\"_blank\" rel=\"noopener\">http:\/\/www.movilidadpamplona.es\/<\/a>.<\/p>\n<p><strong>Recuperar la ciudad<\/strong><\/p>\n<p>Caminar como medio de transporte, es la principal idea que pone en valor el Metrominuto, una herramienta en la que las y los peatones se convierten en las principales protagonistas de la movilidad de la ciudad, convirti\u00e9ndolos en un elemento potenciador de la transformaci\u00f3n de los barrios hacia entornos m\u00e1s agradables, donde la calle y las aceras recuperan un papel protagonista en la movilidad urbana. Elegir ir caminando para desplazarse ayuda a conseguir un espacio urbano de calidad y una ciudad saludable en la que disminuye el ruido y la contaminaci\u00f3n.<\/p>\n<p>Metrominuto es una iniciativa que se puso en marcha en Pontevendra como resultado de un laboratorio de ideas sobre movilidad impulsado por el Ayuntamiento y\u00a0 que en 2013 recibi\u00f3 el Premio Intermodes, otorgado en Bruselas por la Agencia Europea del mismo nombre y que tiene como misi\u00f3n fomentar el desarrollo de la intermodalidad en el transporte, desde todas sus dimensiones. Actualmente m\u00e1s de un veintena de urbes espa\u00f1olas como Gasteiz o europeas como Londres, Torres Vedras (Portugal), Toulouse (Francia), Poznan y Bydgoszcz (ambas en Polonia) o Florencia (Italia) se han inspirado en este proyecto para fomentar un modelo de movilidad m\u00e1s sostenible en sus ciudades.<\/p>\n<p>&nbsp;<\/p>\n","protected":false},"excerpt":{"rendered":"<p>Este mapa simplificado recoge las distancias entre treinta puntos de la ciudad y el tiempo aproximado que se tarde en recorrerlas<\/p>\n","protected":false},"author":1,"featured_media":16957,"comment_status":"open","ping_status":"closed","sticky":false,"template":"","format":"standard","meta":{"footnotes":""},"categories":[2],"tags":[],"class_list":["post-16954","post","type-post","status-publish","format-standard","has-post-thumbnail","hentry","category-ayuntamiento-pamplona"],"yoast_head":"<!-- This site is optimized with the Yoast SEO plugin v27.5 - https:\/\/yoast.com\/product\/yoast-seo-wordpress\/ -->\n<title>Pamplona dise\u00f1a Metrominuto, su plano de \u2018metro\u2019 para impulsar la movilidad a pie en la ciudad<\/title>\n<meta name=\"robots\" content=\"index, follow, max-snippet:-1, max-image-preview:large, max-video-preview:-1\" \/>\n<link rel=\"canonical\" href=\"https:\/\/www.laguiadepamplona.com\/actualidad\/pamplona-disena-metrominuto-su-plano-de-metro-para-impulsar-la-movilidad-a-pie-en-la-ciudad\/\" \/>\n<meta property=\"og:locale\" content=\"es_ES\" \/>\n<meta property=\"og:type\" content=\"article\" \/>\n<meta property=\"og:title\" content=\"Pamplona dise\u00f1a Metrominuto, su plano de \u2018metro\u2019 para impulsar la movilidad a pie en la ciudad\" \/>\n<meta property=\"og:description\" content=\"Este mapa simplificado recoge las distancias entre treinta puntos de la ciudad y el tiempo aproximado que se tarde en recorrerlas\" \/>\n<meta property=\"og:url\" content=\"https:\/\/www.laguiadepamplona.com\/actualidad\/pamplona-disena-metrominuto-su-plano-de-metro-para-impulsar-la-movilidad-a-pie-en-la-ciudad\/\" \/>\n<meta property=\"og:site_name\" content=\"La Gu\u00eda de Pamplona\" \/>\n<meta property=\"article:publisher\" content=\"https:\/\/www.facebook.com\/laguiadepamplonacom-133175176762273\/?ref=hl\" \/>\n<meta property=\"article:published_time\" content=\"2018-04-16T11:43:36+00:00\" \/>\n<meta property=\"og:image\" content=\"https:\/\/www.laguiadepamplona.com\/actualidad\/wp-content\/uploads\/2018\/04\/4.metrominuto-pamplona-app-3.jpg\" \/>\n\t<meta property=\"og:image:width\" content=\"1000\" \/>\n\t<meta property=\"og:image:height\" content=\"667\" \/>\n\t<meta property=\"og:image:type\" content=\"image\/jpeg\" \/>\n<meta name=\"author\" content=\"La Gu\u00eda de Pamplona\" \/>\n<meta name=\"twitter:card\" content=\"summary_large_image\" \/>\n<meta name=\"twitter:creator\" content=\"@LaGuiadPamplona\" \/>\n<meta name=\"twitter:site\" content=\"@LaGuiadPamplona\" \/>\n<meta name=\"twitter:label1\" content=\"Escrito por\" \/>\n\t<meta name=\"twitter:data1\" content=\"La Gu\u00eda de Pamplona\" \/>\n\t<meta name=\"twitter:label2\" content=\"Tiempo de lectura\" \/>\n\t<meta name=\"twitter:data2\" content=\"3 minutos\" \/>\n<script type=\"application\/ld+json\" class=\"yoast-schema-graph\">{\"@context\":\"https:\\\/\\\/schema.org\",\"@graph\":[{\"@type\":\"Article\",\"@id\":\"https:\\\/\\\/www.laguiadepamplona.com\\\/actualidad\\\/pamplona-disena-metrominuto-su-plano-de-metro-para-impulsar-la-movilidad-a-pie-en-la-ciudad\\\/#article\",\"isPartOf\":{\"@id\":\"https:\\\/\\\/www.laguiadepamplona.com\\\/actualidad\\\/pamplona-disena-metrominuto-su-plano-de-metro-para-impulsar-la-movilidad-a-pie-en-la-ciudad\\\/\"},\"author\":{\"name\":\"La Gu\u00eda de Pamplona\",\"@id\":\"https:\\\/\\\/www.laguiadepamplona.com\\\/actualidad\\\/#\\\/schema\\\/person\\\/efe887376f0213d4657c93adc50b1fdb\"},\"headline\":\"Pamplona dise\u00f1a Metrominuto, su plano de \u2018metro\u2019 para impulsar la movilidad a pie en la ciudad\",\"datePublished\":\"2018-04-16T11:43:36+00:00\",\"mainEntityOfPage\":{\"@id\":\"https:\\\/\\\/www.laguiadepamplona.com\\\/actualidad\\\/pamplona-disena-metrominuto-su-plano-de-metro-para-impulsar-la-movilidad-a-pie-en-la-ciudad\\\/\"},\"wordCount\":676,\"commentCount\":0,\"publisher\":{\"@id\":\"https:\\\/\\\/www.laguiadepamplona.com\\\/actualidad\\\/#organization\"},\"image\":{\"@id\":\"https:\\\/\\\/www.laguiadepamplona.com\\\/actualidad\\\/pamplona-disena-metrominuto-su-plano-de-metro-para-impulsar-la-movilidad-a-pie-en-la-ciudad\\\/#primaryimage\"},\"thumbnailUrl\":\"https:\\\/\\\/www.laguiadepamplona.com\\\/actualidad\\\/wp-content\\\/uploads\\\/2018\\\/04\\\/4.metrominuto-pamplona-app-3.jpg\",\"articleSection\":[\"Ayto Pamplona\"],\"inLanguage\":\"es\",\"potentialAction\":[{\"@type\":\"CommentAction\",\"name\":\"Comment\",\"target\":[\"https:\\\/\\\/www.laguiadepamplona.com\\\/actualidad\\\/pamplona-disena-metrominuto-su-plano-de-metro-para-impulsar-la-movilidad-a-pie-en-la-ciudad\\\/#respond\"]}]},{\"@type\":\"WebPage\",\"@id\":\"https:\\\/\\\/www.laguiadepamplona.com\\\/actualidad\\\/pamplona-disena-metrominuto-su-plano-de-metro-para-impulsar-la-movilidad-a-pie-en-la-ciudad\\\/\",\"url\":\"https:\\\/\\\/www.laguiadepamplona.com\\\/actualidad\\\/pamplona-disena-metrominuto-su-plano-de-metro-para-impulsar-la-movilidad-a-pie-en-la-ciudad\\\/\",\"name\":\"Pamplona dise\u00f1a Metrominuto, su plano de \u2018metro\u2019 para impulsar la movilidad a pie en la ciudad\",\"isPartOf\":{\"@id\":\"https:\\\/\\\/www.laguiadepamplona.com\\\/actualidad\\\/#website\"},\"primaryImageOfPage\":{\"@id\":\"https:\\\/\\\/www.laguiadepamplona.com\\\/actualidad\\\/pamplona-disena-metrominuto-su-plano-de-metro-para-impulsar-la-movilidad-a-pie-en-la-ciudad\\\/#primaryimage\"},\"image\":{\"@id\":\"https:\\\/\\\/www.laguiadepamplona.com\\\/actualidad\\\/pamplona-disena-metrominuto-su-plano-de-metro-para-impulsar-la-movilidad-a-pie-en-la-ciudad\\\/#primaryimage\"},\"thumbnailUrl\":\"https:\\\/\\\/www.laguiadepamplona.com\\\/actualidad\\\/wp-content\\\/uploads\\\/2018\\\/04\\\/4.metrominuto-pamplona-app-3.jpg\",\"datePublished\":\"2018-04-16T11:43:36+00:00\",\"breadcrumb\":{\"@id\":\"https:\\\/\\\/www.laguiadepamplona.com\\\/actualidad\\\/pamplona-disena-metrominuto-su-plano-de-metro-para-impulsar-la-movilidad-a-pie-en-la-ciudad\\\/#breadcrumb\"},\"inLanguage\":\"es\",\"potentialAction\":[{\"@type\":\"ReadAction\",\"target\":[\"https:\\\/\\\/www.laguiadepamplona.com\\\/actualidad\\\/pamplona-disena-metrominuto-su-plano-de-metro-para-impulsar-la-movilidad-a-pie-en-la-ciudad\\\/\"]}]},{\"@type\":\"ImageObject\",\"inLanguage\":\"es\",\"@id\":\"https:\\\/\\\/www.laguiadepamplona.com\\\/actualidad\\\/pamplona-disena-metrominuto-su-plano-de-metro-para-impulsar-la-movilidad-a-pie-en-la-ciudad\\\/#primaryimage\",\"url\":\"https:\\\/\\\/www.laguiadepamplona.com\\\/actualidad\\\/wp-content\\\/uploads\\\/2018\\\/04\\\/4.metrominuto-pamplona-app-3.jpg\",\"contentUrl\":\"https:\\\/\\\/www.laguiadepamplona.com\\\/actualidad\\\/wp-content\\\/uploads\\\/2018\\\/04\\\/4.metrominuto-pamplona-app-3.jpg\",\"width\":1000,\"height\":667},{\"@type\":\"BreadcrumbList\",\"@id\":\"https:\\\/\\\/www.laguiadepamplona.com\\\/actualidad\\\/pamplona-disena-metrominuto-su-plano-de-metro-para-impulsar-la-movilidad-a-pie-en-la-ciudad\\\/#breadcrumb\",\"itemListElement\":[{\"@type\":\"ListItem\",\"position\":1,\"name\":\"Portada\",\"item\":\"https:\\\/\\\/www.laguiadepamplona.com\\\/actualidad\\\/\"},{\"@type\":\"ListItem\",\"position\":2,\"name\":\"Pamplona dise\u00f1a Metrominuto, su plano de \u2018metro\u2019 para impulsar la movilidad a pie en la ciudad\"}]},{\"@type\":\"WebSite\",\"@id\":\"https:\\\/\\\/www.laguiadepamplona.com\\\/actualidad\\\/#website\",\"url\":\"https:\\\/\\\/www.laguiadepamplona.com\\\/actualidad\\\/\",\"name\":\"La gu\u00eda de Pamplona\",\"description\":\"Noticias de Pamplona\",\"publisher\":{\"@id\":\"https:\\\/\\\/www.laguiadepamplona.com\\\/actualidad\\\/#organization\"},\"potentialAction\":[{\"@type\":\"SearchAction\",\"target\":{\"@type\":\"EntryPoint\",\"urlTemplate\":\"https:\\\/\\\/www.laguiadepamplona.com\\\/actualidad\\\/?s={search_term_string}\"},\"query-input\":{\"@type\":\"PropertyValueSpecification\",\"valueRequired\":true,\"valueName\":\"search_term_string\"}}],\"inLanguage\":\"es\"},{\"@type\":\"Organization\",\"@id\":\"https:\\\/\\\/www.laguiadepamplona.com\\\/actualidad\\\/#organization\",\"name\":\"La Gu\u00eda de Pamplona \\\/ Noticias\",\"url\":\"https:\\\/\\\/www.laguiadepamplona.com\\\/actualidad\\\/\",\"logo\":{\"@type\":\"ImageObject\",\"inLanguage\":\"es\",\"@id\":\"https:\\\/\\\/www.laguiadepamplona.com\\\/actualidad\\\/#\\\/schema\\\/logo\\\/image\\\/\",\"url\":\"https:\\\/\\\/www.laguiadepamplona.com\\\/actualidad\\\/wp-content\\\/uploads\\\/2018\\\/11\\\/logo-laguiadepamplona18-web1.png\",\"contentUrl\":\"https:\\\/\\\/www.laguiadepamplona.com\\\/actualidad\\\/wp-content\\\/uploads\\\/2018\\\/11\\\/logo-laguiadepamplona18-web1.png\",\"width\":600,\"height\":196,\"caption\":\"La Gu\u00eda de Pamplona \\\/ Noticias\"},\"image\":{\"@id\":\"https:\\\/\\\/www.laguiadepamplona.com\\\/actualidad\\\/#\\\/schema\\\/logo\\\/image\\\/\"},\"sameAs\":[\"https:\\\/\\\/www.facebook.com\\\/laguiadepamplonacom-133175176762273\\\/?ref=hl\",\"https:\\\/\\\/x.com\\\/LaGuiadPamplona\",\"https:\\\/\\\/www.instagram.com\\\/la_guia_de_pamplona\\\/\",\"https:\\\/\\\/www.youtube.com\\\/user\\\/laguiadepamplona\"]},{\"@type\":\"Person\",\"@id\":\"https:\\\/\\\/www.laguiadepamplona.com\\\/actualidad\\\/#\\\/schema\\\/person\\\/efe887376f0213d4657c93adc50b1fdb\",\"name\":\"La Gu\u00eda de Pamplona\",\"image\":{\"@type\":\"ImageObject\",\"inLanguage\":\"es\",\"@id\":\"https:\\\/\\\/secure.gravatar.com\\\/avatar\\\/b6992f131dc8d30ab0dff15446e9d346d9dbd95992de0fef795073f5ea83a81c?s=96&d=mm&r=g\",\"url\":\"https:\\\/\\\/secure.gravatar.com\\\/avatar\\\/b6992f131dc8d30ab0dff15446e9d346d9dbd95992de0fef795073f5ea83a81c?s=96&d=mm&r=g\",\"contentUrl\":\"https:\\\/\\\/secure.gravatar.com\\\/avatar\\\/b6992f131dc8d30ab0dff15446e9d346d9dbd95992de0fef795073f5ea83a81c?s=96&d=mm&r=g\",\"caption\":\"La Gu\u00eda de Pamplona\"}}]}<\/script>\n<!-- \/ Yoast SEO plugin. -->","yoast_head_json":{"title":"Pamplona dise\u00f1a Metrominuto, su plano de \u2018metro\u2019 para impulsar la movilidad a pie en la ciudad","robots":{"index":"index","follow":"follow","max-snippet":"max-snippet:-1","max-image-preview":"max-image-preview:large","max-video-preview":"max-video-preview:-1"},"canonical":"https:\/\/www.laguiadepamplona.com\/actualidad\/pamplona-disena-metrominuto-su-plano-de-metro-para-impulsar-la-movilidad-a-pie-en-la-ciudad\/","og_locale":"es_ES","og_type":"article","og_title":"Pamplona dise\u00f1a Metrominuto, su plano de \u2018metro\u2019 para impulsar la movilidad a pie en la ciudad","og_description":"Este mapa simplificado recoge las distancias entre treinta puntos de la ciudad y el tiempo aproximado que se tarde en recorrerlas","og_url":"https:\/\/www.laguiadepamplona.com\/actualidad\/pamplona-disena-metrominuto-su-plano-de-metro-para-impulsar-la-movilidad-a-pie-en-la-ciudad\/","og_site_name":"La Gu\u00eda de Pamplona","article_publisher":"https:\/\/www.facebook.com\/laguiadepamplonacom-133175176762273\/?ref=hl","article_published_time":"2018-04-16T11:43:36+00:00","og_image":[{"width":1000,"height":667,"url":"https:\/\/www.laguiadepamplona.com\/actualidad\/wp-content\/uploads\/2018\/04\/4.metrominuto-pamplona-app-3.jpg","type":"image\/jpeg"}],"author":"La Gu\u00eda de Pamplona","twitter_card":"summary_large_image","twitter_creator":"@LaGuiadPamplona","twitter_site":"@LaGuiadPamplona","twitter_misc":{"Escrito por":"La Gu\u00eda de Pamplona","Tiempo de lectura":"3 minutos"},"schema":{"@context":"https:\/\/schema.org","@graph":[{"@type":"Article","@id":"https:\/\/www.laguiadepamplona.com\/actualidad\/pamplona-disena-metrominuto-su-plano-de-metro-para-impulsar-la-movilidad-a-pie-en-la-ciudad\/#article","isPartOf":{"@id":"https:\/\/www.laguiadepamplona.com\/actualidad\/pamplona-disena-metrominuto-su-plano-de-metro-para-impulsar-la-movilidad-a-pie-en-la-ciudad\/"},"author":{"name":"La Gu\u00eda de Pamplona","@id":"https:\/\/www.laguiadepamplona.com\/actualidad\/#\/schema\/person\/efe887376f0213d4657c93adc50b1fdb"},"headline":"Pamplona dise\u00f1a Metrominuto, su plano de \u2018metro\u2019 para impulsar la movilidad a pie en la ciudad","datePublished":"2018-04-16T11:43:36+00:00","mainEntityOfPage":{"@id":"https:\/\/www.laguiadepamplona.com\/actualidad\/pamplona-disena-metrominuto-su-plano-de-metro-para-impulsar-la-movilidad-a-pie-en-la-ciudad\/"},"wordCount":676,"commentCount":0,"publisher":{"@id":"https:\/\/www.laguiadepamplona.com\/actualidad\/#organization"},"image":{"@id":"https:\/\/www.laguiadepamplona.com\/actualidad\/pamplona-disena-metrominuto-su-plano-de-metro-para-impulsar-la-movilidad-a-pie-en-la-ciudad\/#primaryimage"},"thumbnailUrl":"https:\/\/www.laguiadepamplona.com\/actualidad\/wp-content\/uploads\/2018\/04\/4.metrominuto-pamplona-app-3.jpg","articleSection":["Ayto Pamplona"],"inLanguage":"es","potentialAction":[{"@type":"CommentAction","name":"Comment","target":["https:\/\/www.laguiadepamplona.com\/actualidad\/pamplona-disena-metrominuto-su-plano-de-metro-para-impulsar-la-movilidad-a-pie-en-la-ciudad\/#respond"]}]},{"@type":"WebPage","@id":"https:\/\/www.laguiadepamplona.com\/actualidad\/pamplona-disena-metrominuto-su-plano-de-metro-para-impulsar-la-movilidad-a-pie-en-la-ciudad\/","url":"https:\/\/www.laguiadepamplona.com\/actualidad\/pamplona-disena-metrominuto-su-plano-de-metro-para-impulsar-la-movilidad-a-pie-en-la-ciudad\/","name":"Pamplona dise\u00f1a Metrominuto, su plano de \u2018metro\u2019 para impulsar la movilidad a pie en la ciudad","isPartOf":{"@id":"https:\/\/www.laguiadepamplona.com\/actualidad\/#website"},"primaryImageOfPage":{"@id":"https:\/\/www.laguiadepamplona.com\/actualidad\/pamplona-disena-metrominuto-su-plano-de-metro-para-impulsar-la-movilidad-a-pie-en-la-ciudad\/#primaryimage"},"image":{"@id":"https:\/\/www.laguiadepamplona.com\/actualidad\/pamplona-disena-metrominuto-su-plano-de-metro-para-impulsar-la-movilidad-a-pie-en-la-ciudad\/#primaryimage"},"thumbnailUrl":"https:\/\/www.laguiadepamplona.com\/actualidad\/wp-content\/uploads\/2018\/04\/4.metrominuto-pamplona-app-3.jpg","datePublished":"2018-04-16T11:43:36+00:00","breadcrumb":{"@id":"https:\/\/www.laguiadepamplona.com\/actualidad\/pamplona-disena-metrominuto-su-plano-de-metro-para-impulsar-la-movilidad-a-pie-en-la-ciudad\/#breadcrumb"},"inLanguage":"es","potentialAction":[{"@type":"ReadAction","target":["https:\/\/www.laguiadepamplona.com\/actualidad\/pamplona-disena-metrominuto-su-plano-de-metro-para-impulsar-la-movilidad-a-pie-en-la-ciudad\/"]}]},{"@type":"ImageObject","inLanguage":"es","@id":"https:\/\/www.laguiadepamplona.com\/actualidad\/pamplona-disena-metrominuto-su-plano-de-metro-para-impulsar-la-movilidad-a-pie-en-la-ciudad\/#primaryimage","url":"https:\/\/www.laguiadepamplona.com\/actualidad\/wp-content\/uploads\/2018\/04\/4.metrominuto-pamplona-app-3.jpg","contentUrl":"https:\/\/www.laguiadepamplona.com\/actualidad\/wp-content\/uploads\/2018\/04\/4.metrominuto-pamplona-app-3.jpg","width":1000,"height":667},{"@type":"BreadcrumbList","@id":"https:\/\/www.laguiadepamplona.com\/actualidad\/pamplona-disena-metrominuto-su-plano-de-metro-para-impulsar-la-movilidad-a-pie-en-la-ciudad\/#breadcrumb","itemListElement":[{"@type":"ListItem","position":1,"name":"Portada","item":"https:\/\/www.laguiadepamplona.com\/actualidad\/"},{"@type":"ListItem","position":2,"name":"Pamplona dise\u00f1a Metrominuto, su plano de \u2018metro\u2019 para impulsar la movilidad a pie en la ciudad"}]},{"@type":"WebSite","@id":"https:\/\/www.laguiadepamplona.com\/actualidad\/#website","url":"https:\/\/www.laguiadepamplona.com\/actualidad\/","name":"La gu\u00eda de Pamplona","description":"Noticias de Pamplona","publisher":{"@id":"https:\/\/www.laguiadepamplona.com\/actualidad\/#organization"},"potentialAction":[{"@type":"SearchAction","target":{"@type":"EntryPoint","urlTemplate":"https:\/\/www.laguiadepamplona.com\/actualidad\/?s={search_term_string}"},"query-input":{"@type":"PropertyValueSpecification","valueRequired":true,"valueName":"search_term_string"}}],"inLanguage":"es"},{"@type":"Organization","@id":"https:\/\/www.laguiadepamplona.com\/actualidad\/#organization","name":"La Gu\u00eda de Pamplona \/ Noticias","url":"https:\/\/www.laguiadepamplona.com\/actualidad\/","logo":{"@type":"ImageObject","inLanguage":"es","@id":"https:\/\/www.laguiadepamplona.com\/actualidad\/#\/schema\/logo\/image\/","url":"https:\/\/www.laguiadepamplona.com\/actualidad\/wp-content\/uploads\/2018\/11\/logo-laguiadepamplona18-web1.png","contentUrl":"https:\/\/www.laguiadepamplona.com\/actualidad\/wp-content\/uploads\/2018\/11\/logo-laguiadepamplona18-web1.png","width":600,"height":196,"caption":"La Gu\u00eda de Pamplona \/ Noticias"},"image":{"@id":"https:\/\/www.laguiadepamplona.com\/actualidad\/#\/schema\/logo\/image\/"},"sameAs":["https:\/\/www.facebook.com\/laguiadepamplonacom-133175176762273\/?ref=hl","https:\/\/x.com\/LaGuiadPamplona","https:\/\/www.instagram.com\/la_guia_de_pamplona\/","https:\/\/www.youtube.com\/user\/laguiadepamplona"]},{"@type":"Person","@id":"https:\/\/www.laguiadepamplona.com\/actualidad\/#\/schema\/person\/efe887376f0213d4657c93adc50b1fdb","name":"La Gu\u00eda de Pamplona","image":{"@type":"ImageObject","inLanguage":"es","@id":"https:\/\/secure.gravatar.com\/avatar\/b6992f131dc8d30ab0dff15446e9d346d9dbd95992de0fef795073f5ea83a81c?s=96&d=mm&r=g","url":"https:\/\/secure.gravatar.com\/avatar\/b6992f131dc8d30ab0dff15446e9d346d9dbd95992de0fef795073f5ea83a81c?s=96&d=mm&r=g","contentUrl":"https:\/\/secure.gravatar.com\/avatar\/b6992f131dc8d30ab0dff15446e9d346d9dbd95992de0fef795073f5ea83a81c?s=96&d=mm&r=g","caption":"La Gu\u00eda de Pamplona"}}]}},"post_mailing_queue_ids":[],"_links":{"self":[{"href":"https:\/\/www.laguiadepamplona.com\/actualidad\/wp-json\/wp\/v2\/posts\/16954","targetHints":{"allow":["GET"]}}],"collection":[{"href":"https:\/\/www.laguiadepamplona.com\/actualidad\/wp-json\/wp\/v2\/posts"}],"about":[{"href":"https:\/\/www.laguiadepamplona.com\/actualidad\/wp-json\/wp\/v2\/types\/post"}],"author":[{"embeddable":true,"href":"https:\/\/www.laguiadepamplona.com\/actualidad\/wp-json\/wp\/v2\/users\/1"}],"replies":[{"embeddable":true,"href":"https:\/\/www.laguiadepamplona.com\/actualidad\/wp-json\/wp\/v2\/comments?post=16954"}],"version-history":[{"count":0,"href":"https:\/\/www.laguiadepamplona.com\/actualidad\/wp-json\/wp\/v2\/posts\/16954\/revisions"}],"wp:featuredmedia":[{"embeddable":true,"href":"https:\/\/www.laguiadepamplona.com\/actualidad\/wp-json\/wp\/v2\/media\/16957"}],"wp:attachment":[{"href":"https:\/\/www.laguiadepamplona.com\/actualidad\/wp-json\/wp\/v2\/media?parent=16954"}],"wp:term":[{"taxonomy":"category","embeddable":true,"href":"https:\/\/www.laguiadepamplona.com\/actualidad\/wp-json\/wp\/v2\/categories?post=16954"},{"taxonomy":"post_tag","embeddable":true,"href":"https:\/\/www.laguiadepamplona.com\/actualidad\/wp-json\/wp\/v2\/tags?post=16954"}],"curies":[{"name":"wp","href":"https:\/\/api.w.org\/{rel}","templated":true}]}}