{"id":16952,"date":"2018-04-16T12:26:40","date_gmt":"2018-04-16T11:26:40","guid":{"rendered":"http:\/\/laguiadepamplona.es\/actualidad\/?p=16952"},"modified":"2018-04-16T12:26:40","modified_gmt":"2018-04-16T11:26:40","slug":"pamplona-impulsa-un-espacio-de-cowork-para-fomentar-el-empleo-en-una-iniciativa-dirigida-a-personas-autonomas-emprendedoras-profesionales-y-microempresas","status":"publish","type":"post","link":"https:\/\/www.laguiadepamplona.com\/actualidad\/pamplona-impulsa-un-espacio-de-cowork-para-fomentar-el-empleo-en-una-iniciativa-dirigida-a-personas-autonomas-emprendedoras-profesionales-y-microempresas\/","title":{"rendered":"Pamplona impulsa un espacio de CoWork para fomentar el empleo en una iniciativa dirigida a personas aut\u00f3nomas, emprendedoras, profesionales y microempresas"},"content":{"rendered":"<h3>Esta experiencia piloto, la primera que una instituci\u00f3n p\u00fablica capitanea en la ciudad, se ubicar\u00eda en las instalaciones del C.P. Jos\u00e9 Mar\u00eda Iribarren<\/h3>\n<p><!--more--><\/p>\n<p>El primer espacio CoWork de la ciudad se habilitar\u00e1 en las instalaciones del C.P. Jos\u00e9 Mar\u00eda Iribarren. Su objetivo ser\u00e1 ofrecer a personas emprendedoras, aut\u00f3nomas, profesionales y microempresas de Pamplona un espacio de trabajo compartido con el objetivo final de incentivar y fomentar la creaci\u00f3n de empleo. Esta ma\u00f1ana en la Comisi\u00f3n de Presidencia se ha presentado un borrador de criterios para la autorizaci\u00f3n de uso de ese espacio, que incluye propuestas sobre personas beneficiarias, horario, recursos, labores que se pueden realizar o la presentaci\u00f3n de solicitudes. El borrador est\u00e1 abierto a las sugerencias que se puedan recibir.<\/p>\n<p>Detr\u00e1s de esta idea del <em>coworking<\/em> se encuentra el establecimiento de un modelo de trabajo colaborativo, que sirva para fomentar la creaci\u00f3n de sinergias, el aprendizaje conjunto, el fomento de relaciones, el compartimiento de proyectos y conocimiento y, en definitiva, facilitar la creaci\u00f3n de nuevos empleos o empresas. El espacio est\u00e1 dirigido a personas emprendedoras empadronadas en Pamplona y a personas aut\u00f3nomas, profesionales y microempresas con domicilio social y fiscal en la ciudad. En casos excepcionales, se podr\u00e1 autorizar a personas emprendedoras, aut\u00f3nomas, profesionales y microempresas de fuera de Pamplona. El requisito general para poder optar a este programa es que las personas beneficiarias, tanto f\u00edsicas como jur\u00eddicas, deber\u00e1n estar al corriente de sus obligaciones de pago con la Hacienda municipal.<\/p>\n<p>El espacio de CoWork estar\u00e1 ubicado en el CPEBPA Jos\u00e9 Mar\u00eda Iribarren (c\/ Bartolom\u00e9 de Carranza, 5) y ofrecer\u00e1 a la persona usuaria el mobiliario habitual (mesa, silla, armario para guardar objetos personales&#8230;) y un ordenador. El lugar contar\u00e1 tambi\u00e9n con conexi\u00f3n de red; luz, agua, climatizaci\u00f3n; y material de limpieza del espacio. Se propone un horario de uso de lunes a viernes, des de las 8 de la ma\u00f1ana a 20 horas.<\/p>\n<p><strong>Se propone un uso temporal m\u00e1ximo de un a\u00f1o<\/strong><\/p>\n<p>El uso del espacio CoWork ser\u00e1 temporal, y se propone una duraci\u00f3n m\u00e1xima de un a\u00f1o desde la aprobaci\u00f3n de la autorizaci\u00f3n de uso. Solo se admitir\u00e1n pr\u00f3rrogas de autorizaciones en caso de no existir solicitudes de espera ni nuevas solicitudes. Seg\u00fan el borrador de criterios presentado hoy ante la Comisi\u00f3n de Presidencia quienes quieran dejar de utilizar el espacio antes de finalizar el periodo de vigencia deber\u00e1n comunicarlo por escrito; ese cese no conllevar\u00e1 penalizaci\u00f3n alguna. Despu\u00e9s de dejar de ser persona usuaria del espacio CoWork tendr\u00e1n que transcurrir al menos 2 a\u00f1os para que se pueda volver a aceptar una nueva solicitud. Esa nueva solicitud deber\u00e1 contener un proyecto diferente al que dio origen a la primera autorizaci\u00f3n de uso.<\/p>\n<p>El espacio CoWork est\u00e1 pensado para desarrollar actividades de servicios, actividades administrativas, comerciales, inform\u00e1ticas o similares. En principio el uso de este espacio ser\u00e1 incompatible con actividades de fabricaci\u00f3n, montaje o almacenaje, ni tampoco para la exposici\u00f3n de productos o como punto de venta. No se aceptar\u00e1 la utilizaci\u00f3n de cualquier elemento que genere ruido o molestias al resto de personas usuarias, ni tampoco actividades que puedan deteriorar las instalaciones y equipamiento del centro.<\/p>\n<p><strong>La solicitud a Comercio y la evaluaci\u00f3n a cargo del CEIN<\/strong><\/p>\n<p>El borrador presentado hoy plantea que las solicitudes para el uso del espacio CoWork se hagan por escrito y se dirijan al Servicio de Comercio del Ayuntamiento de Pamplona. Junto a la solicitud se deber\u00e1 entregar diferente documentaci\u00f3n relacionada con las personas emprendedoras o personas aut\u00f3nomas, profesionales y microempresas, como estudios de viabilidad o plan de negocio, alta en el IAE&#8230; El Servicio de Comercio har\u00e1 llegar todas las solicitudes recibidas a CEIN, que se encargar\u00e1 de analizarlas y emitir\u00e1 un informe de valoraci\u00f3n con un orden de puntuaci\u00f3n de cada una de ellas.<\/p>\n<p>Los proyectos que no hayan logrado obtener plaza en el espacio CoWork se incorporar\u00e1n a una lista de espera en base al orden de puntuaci\u00f3n obtenida. Cuando una plaza quede vacante, las solicitudes en lista de espera concurrir\u00e1n junto con las nuevas solicitudes que puedan existir anteriores a la asignaci\u00f3n de la vacante, resolvi\u00e9ndose en base al orden de valoraci\u00f3n determinado en el informe de CEIN.<\/p>\n<p>&nbsp;<\/p>\n","protected":false},"excerpt":{"rendered":"<p>Esta experiencia piloto, la primera que una instituci\u00f3n p\u00fablica capitanea en la ciudad, se ubicar\u00eda en las instalaciones del C.P. Jos\u00e9 Mar\u00eda Iribarren<\/p>\n","protected":false},"author":1,"featured_media":14999,"comment_status":"open","ping_status":"closed","sticky":false,"template":"","format":"standard","meta":{"footnotes":""},"categories":[2],"tags":[],"class_list":["post-16952","post","type-post","status-publish","format-standard","has-post-thumbnail","hentry","category-ayuntamiento-pamplona"],"yoast_head":"<!-- This site is optimized with the Yoast SEO plugin v27.5 - https:\/\/yoast.com\/product\/yoast-seo-wordpress\/ -->\n<title>Pamplona impulsa un espacio de CoWork para fomentar el empleo en una iniciativa dirigida a personas aut\u00f3nomas, emprendedoras, profesionales y microempresas<\/title>\n<meta name=\"robots\" content=\"index, follow, max-snippet:-1, max-image-preview:large, max-video-preview:-1\" \/>\n<link rel=\"canonical\" href=\"https:\/\/www.laguiadepamplona.com\/actualidad\/pamplona-impulsa-un-espacio-de-cowork-para-fomentar-el-empleo-en-una-iniciativa-dirigida-a-personas-autonomas-emprendedoras-profesionales-y-microempresas\/\" \/>\n<meta property=\"og:locale\" content=\"es_ES\" \/>\n<meta property=\"og:type\" content=\"article\" \/>\n<meta property=\"og:title\" content=\"Pamplona impulsa un espacio de CoWork para fomentar el empleo en una iniciativa dirigida a personas aut\u00f3nomas, emprendedoras, profesionales y microempresas\" \/>\n<meta property=\"og:description\" content=\"Esta experiencia piloto, la primera que una instituci\u00f3n p\u00fablica capitanea en la ciudad, se ubicar\u00eda en las instalaciones del C.P. Jos\u00e9 Mar\u00eda Iribarren\" \/>\n<meta property=\"og:url\" content=\"https:\/\/www.laguiadepamplona.com\/actualidad\/pamplona-impulsa-un-espacio-de-cowork-para-fomentar-el-empleo-en-una-iniciativa-dirigida-a-personas-autonomas-emprendedoras-profesionales-y-microempresas\/\" \/>\n<meta property=\"og:site_name\" content=\"La Gu\u00eda de Pamplona\" \/>\n<meta property=\"article:publisher\" content=\"https:\/\/www.facebook.com\/laguiadepamplonacom-133175176762273\/?ref=hl\" \/>\n<meta property=\"article:published_time\" content=\"2018-04-16T11:26:40+00:00\" \/>\n<meta property=\"og:image\" content=\"https:\/\/www.laguiadepamplona.com\/actualidad\/wp-content\/uploads\/2017\/11\/Edificio-CEIN-04.jpg\" \/>\n\t<meta property=\"og:image:width\" content=\"805\" \/>\n\t<meta property=\"og:image:height\" content=\"350\" \/>\n\t<meta property=\"og:image:type\" content=\"image\/jpeg\" \/>\n<meta name=\"author\" content=\"La Gu\u00eda de Pamplona\" \/>\n<meta name=\"twitter:card\" content=\"summary_large_image\" \/>\n<meta name=\"twitter:creator\" content=\"@LaGuiadPamplona\" \/>\n<meta name=\"twitter:site\" content=\"@LaGuiadPamplona\" \/>\n<meta name=\"twitter:label1\" content=\"Escrito por\" \/>\n\t<meta name=\"twitter:data1\" content=\"La Gu\u00eda de Pamplona\" \/>\n\t<meta name=\"twitter:label2\" content=\"Tiempo de lectura\" \/>\n\t<meta name=\"twitter:data2\" content=\"4 minutos\" \/>\n<script type=\"application\/ld+json\" class=\"yoast-schema-graph\">{\"@context\":\"https:\\\/\\\/schema.org\",\"@graph\":[{\"@type\":\"Article\",\"@id\":\"https:\\\/\\\/www.laguiadepamplona.com\\\/actualidad\\\/pamplona-impulsa-un-espacio-de-cowork-para-fomentar-el-empleo-en-una-iniciativa-dirigida-a-personas-autonomas-emprendedoras-profesionales-y-microempresas\\\/#article\",\"isPartOf\":{\"@id\":\"https:\\\/\\\/www.laguiadepamplona.com\\\/actualidad\\\/pamplona-impulsa-un-espacio-de-cowork-para-fomentar-el-empleo-en-una-iniciativa-dirigida-a-personas-autonomas-emprendedoras-profesionales-y-microempresas\\\/\"},\"author\":{\"name\":\"La Gu\u00eda de Pamplona\",\"@id\":\"https:\\\/\\\/www.laguiadepamplona.com\\\/actualidad\\\/#\\\/schema\\\/person\\\/efe887376f0213d4657c93adc50b1fdb\"},\"headline\":\"Pamplona impulsa un espacio de CoWork para fomentar el empleo en una iniciativa dirigida a personas aut\u00f3nomas, emprendedoras, profesionales y microempresas\",\"datePublished\":\"2018-04-16T11:26:40+00:00\",\"mainEntityOfPage\":{\"@id\":\"https:\\\/\\\/www.laguiadepamplona.com\\\/actualidad\\\/pamplona-impulsa-un-espacio-de-cowork-para-fomentar-el-empleo-en-una-iniciativa-dirigida-a-personas-autonomas-emprendedoras-profesionales-y-microempresas\\\/\"},\"wordCount\":768,\"commentCount\":0,\"publisher\":{\"@id\":\"https:\\\/\\\/www.laguiadepamplona.com\\\/actualidad\\\/#organization\"},\"image\":{\"@id\":\"https:\\\/\\\/www.laguiadepamplona.com\\\/actualidad\\\/pamplona-impulsa-un-espacio-de-cowork-para-fomentar-el-empleo-en-una-iniciativa-dirigida-a-personas-autonomas-emprendedoras-profesionales-y-microempresas\\\/#primaryimage\"},\"thumbnailUrl\":\"https:\\\/\\\/www.laguiadepamplona.com\\\/actualidad\\\/wp-content\\\/uploads\\\/2017\\\/11\\\/Edificio-CEIN-04.jpg\",\"articleSection\":[\"Ayto Pamplona\"],\"inLanguage\":\"es\",\"potentialAction\":[{\"@type\":\"CommentAction\",\"name\":\"Comment\",\"target\":[\"https:\\\/\\\/www.laguiadepamplona.com\\\/actualidad\\\/pamplona-impulsa-un-espacio-de-cowork-para-fomentar-el-empleo-en-una-iniciativa-dirigida-a-personas-autonomas-emprendedoras-profesionales-y-microempresas\\\/#respond\"]}]},{\"@type\":\"WebPage\",\"@id\":\"https:\\\/\\\/www.laguiadepamplona.com\\\/actualidad\\\/pamplona-impulsa-un-espacio-de-cowork-para-fomentar-el-empleo-en-una-iniciativa-dirigida-a-personas-autonomas-emprendedoras-profesionales-y-microempresas\\\/\",\"url\":\"https:\\\/\\\/www.laguiadepamplona.com\\\/actualidad\\\/pamplona-impulsa-un-espacio-de-cowork-para-fomentar-el-empleo-en-una-iniciativa-dirigida-a-personas-autonomas-emprendedoras-profesionales-y-microempresas\\\/\",\"name\":\"Pamplona impulsa un espacio de CoWork para fomentar el empleo en una iniciativa dirigida a personas aut\u00f3nomas, emprendedoras, profesionales y microempresas\",\"isPartOf\":{\"@id\":\"https:\\\/\\\/www.laguiadepamplona.com\\\/actualidad\\\/#website\"},\"primaryImageOfPage\":{\"@id\":\"https:\\\/\\\/www.laguiadepamplona.com\\\/actualidad\\\/pamplona-impulsa-un-espacio-de-cowork-para-fomentar-el-empleo-en-una-iniciativa-dirigida-a-personas-autonomas-emprendedoras-profesionales-y-microempresas\\\/#primaryimage\"},\"image\":{\"@id\":\"https:\\\/\\\/www.laguiadepamplona.com\\\/actualidad\\\/pamplona-impulsa-un-espacio-de-cowork-para-fomentar-el-empleo-en-una-iniciativa-dirigida-a-personas-autonomas-emprendedoras-profesionales-y-microempresas\\\/#primaryimage\"},\"thumbnailUrl\":\"https:\\\/\\\/www.laguiadepamplona.com\\\/actualidad\\\/wp-content\\\/uploads\\\/2017\\\/11\\\/Edificio-CEIN-04.jpg\",\"datePublished\":\"2018-04-16T11:26:40+00:00\",\"breadcrumb\":{\"@id\":\"https:\\\/\\\/www.laguiadepamplona.com\\\/actualidad\\\/pamplona-impulsa-un-espacio-de-cowork-para-fomentar-el-empleo-en-una-iniciativa-dirigida-a-personas-autonomas-emprendedoras-profesionales-y-microempresas\\\/#breadcrumb\"},\"inLanguage\":\"es\",\"potentialAction\":[{\"@type\":\"ReadAction\",\"target\":[\"https:\\\/\\\/www.laguiadepamplona.com\\\/actualidad\\\/pamplona-impulsa-un-espacio-de-cowork-para-fomentar-el-empleo-en-una-iniciativa-dirigida-a-personas-autonomas-emprendedoras-profesionales-y-microempresas\\\/\"]}]},{\"@type\":\"ImageObject\",\"inLanguage\":\"es\",\"@id\":\"https:\\\/\\\/www.laguiadepamplona.com\\\/actualidad\\\/pamplona-impulsa-un-espacio-de-cowork-para-fomentar-el-empleo-en-una-iniciativa-dirigida-a-personas-autonomas-emprendedoras-profesionales-y-microempresas\\\/#primaryimage\",\"url\":\"https:\\\/\\\/www.laguiadepamplona.com\\\/actualidad\\\/wp-content\\\/uploads\\\/2017\\\/11\\\/Edificio-CEIN-04.jpg\",\"contentUrl\":\"https:\\\/\\\/www.laguiadepamplona.com\\\/actualidad\\\/wp-content\\\/uploads\\\/2017\\\/11\\\/Edificio-CEIN-04.jpg\",\"width\":805,\"height\":350,\"caption\":\"cein\"},{\"@type\":\"BreadcrumbList\",\"@id\":\"https:\\\/\\\/www.laguiadepamplona.com\\\/actualidad\\\/pamplona-impulsa-un-espacio-de-cowork-para-fomentar-el-empleo-en-una-iniciativa-dirigida-a-personas-autonomas-emprendedoras-profesionales-y-microempresas\\\/#breadcrumb\",\"itemListElement\":[{\"@type\":\"ListItem\",\"position\":1,\"name\":\"Portada\",\"item\":\"https:\\\/\\\/www.laguiadepamplona.com\\\/actualidad\\\/\"},{\"@type\":\"ListItem\",\"position\":2,\"name\":\"Pamplona impulsa un espacio de CoWork para fomentar el empleo en una iniciativa dirigida a personas aut\u00f3nomas, emprendedoras, profesionales y microempresas\"}]},{\"@type\":\"WebSite\",\"@id\":\"https:\\\/\\\/www.laguiadepamplona.com\\\/actualidad\\\/#website\",\"url\":\"https:\\\/\\\/www.laguiadepamplona.com\\\/actualidad\\\/\",\"name\":\"La gu\u00eda de Pamplona\",\"description\":\"Noticias de Pamplona\",\"publisher\":{\"@id\":\"https:\\\/\\\/www.laguiadepamplona.com\\\/actualidad\\\/#organization\"},\"potentialAction\":[{\"@type\":\"SearchAction\",\"target\":{\"@type\":\"EntryPoint\",\"urlTemplate\":\"https:\\\/\\\/www.laguiadepamplona.com\\\/actualidad\\\/?s={search_term_string}\"},\"query-input\":{\"@type\":\"PropertyValueSpecification\",\"valueRequired\":true,\"valueName\":\"search_term_string\"}}],\"inLanguage\":\"es\"},{\"@type\":\"Organization\",\"@id\":\"https:\\\/\\\/www.laguiadepamplona.com\\\/actualidad\\\/#organization\",\"name\":\"La Gu\u00eda de Pamplona \\\/ Noticias\",\"url\":\"https:\\\/\\\/www.laguiadepamplona.com\\\/actualidad\\\/\",\"logo\":{\"@type\":\"ImageObject\",\"inLanguage\":\"es\",\"@id\":\"https:\\\/\\\/www.laguiadepamplona.com\\\/actualidad\\\/#\\\/schema\\\/logo\\\/image\\\/\",\"url\":\"https:\\\/\\\/www.laguiadepamplona.com\\\/actualidad\\\/wp-content\\\/uploads\\\/2018\\\/11\\\/logo-laguiadepamplona18-web1.png\",\"contentUrl\":\"https:\\\/\\\/www.laguiadepamplona.com\\\/actualidad\\\/wp-content\\\/uploads\\\/2018\\\/11\\\/logo-laguiadepamplona18-web1.png\",\"width\":600,\"height\":196,\"caption\":\"La Gu\u00eda de Pamplona \\\/ Noticias\"},\"image\":{\"@id\":\"https:\\\/\\\/www.laguiadepamplona.com\\\/actualidad\\\/#\\\/schema\\\/logo\\\/image\\\/\"},\"sameAs\":[\"https:\\\/\\\/www.facebook.com\\\/laguiadepamplonacom-133175176762273\\\/?ref=hl\",\"https:\\\/\\\/x.com\\\/LaGuiadPamplona\",\"https:\\\/\\\/www.instagram.com\\\/la_guia_de_pamplona\\\/\",\"https:\\\/\\\/www.youtube.com\\\/user\\\/laguiadepamplona\"]},{\"@type\":\"Person\",\"@id\":\"https:\\\/\\\/www.laguiadepamplona.com\\\/actualidad\\\/#\\\/schema\\\/person\\\/efe887376f0213d4657c93adc50b1fdb\",\"name\":\"La Gu\u00eda de Pamplona\",\"image\":{\"@type\":\"ImageObject\",\"inLanguage\":\"es\",\"@id\":\"https:\\\/\\\/secure.gravatar.com\\\/avatar\\\/b6992f131dc8d30ab0dff15446e9d346d9dbd95992de0fef795073f5ea83a81c?s=96&d=mm&r=g\",\"url\":\"https:\\\/\\\/secure.gravatar.com\\\/avatar\\\/b6992f131dc8d30ab0dff15446e9d346d9dbd95992de0fef795073f5ea83a81c?s=96&d=mm&r=g\",\"contentUrl\":\"https:\\\/\\\/secure.gravatar.com\\\/avatar\\\/b6992f131dc8d30ab0dff15446e9d346d9dbd95992de0fef795073f5ea83a81c?s=96&d=mm&r=g\",\"caption\":\"La Gu\u00eda de Pamplona\"}}]}<\/script>\n<!-- \/ Yoast SEO plugin. -->","yoast_head_json":{"title":"Pamplona impulsa un espacio de CoWork para fomentar el empleo en una iniciativa dirigida a personas aut\u00f3nomas, emprendedoras, profesionales y microempresas","robots":{"index":"index","follow":"follow","max-snippet":"max-snippet:-1","max-image-preview":"max-image-preview:large","max-video-preview":"max-video-preview:-1"},"canonical":"https:\/\/www.laguiadepamplona.com\/actualidad\/pamplona-impulsa-un-espacio-de-cowork-para-fomentar-el-empleo-en-una-iniciativa-dirigida-a-personas-autonomas-emprendedoras-profesionales-y-microempresas\/","og_locale":"es_ES","og_type":"article","og_title":"Pamplona impulsa un espacio de CoWork para fomentar el empleo en una iniciativa dirigida a personas aut\u00f3nomas, emprendedoras, profesionales y microempresas","og_description":"Esta experiencia piloto, la primera que una instituci\u00f3n p\u00fablica capitanea en la ciudad, se ubicar\u00eda en las instalaciones del C.P. Jos\u00e9 Mar\u00eda Iribarren","og_url":"https:\/\/www.laguiadepamplona.com\/actualidad\/pamplona-impulsa-un-espacio-de-cowork-para-fomentar-el-empleo-en-una-iniciativa-dirigida-a-personas-autonomas-emprendedoras-profesionales-y-microempresas\/","og_site_name":"La Gu\u00eda de Pamplona","article_publisher":"https:\/\/www.facebook.com\/laguiadepamplonacom-133175176762273\/?ref=hl","article_published_time":"2018-04-16T11:26:40+00:00","og_image":[{"width":805,"height":350,"url":"https:\/\/www.laguiadepamplona.com\/actualidad\/wp-content\/uploads\/2017\/11\/Edificio-CEIN-04.jpg","type":"image\/jpeg"}],"author":"La Gu\u00eda de Pamplona","twitter_card":"summary_large_image","twitter_creator":"@LaGuiadPamplona","twitter_site":"@LaGuiadPamplona","twitter_misc":{"Escrito por":"La Gu\u00eda de Pamplona","Tiempo de lectura":"4 minutos"},"schema":{"@context":"https:\/\/schema.org","@graph":[{"@type":"Article","@id":"https:\/\/www.laguiadepamplona.com\/actualidad\/pamplona-impulsa-un-espacio-de-cowork-para-fomentar-el-empleo-en-una-iniciativa-dirigida-a-personas-autonomas-emprendedoras-profesionales-y-microempresas\/#article","isPartOf":{"@id":"https:\/\/www.laguiadepamplona.com\/actualidad\/pamplona-impulsa-un-espacio-de-cowork-para-fomentar-el-empleo-en-una-iniciativa-dirigida-a-personas-autonomas-emprendedoras-profesionales-y-microempresas\/"},"author":{"name":"La Gu\u00eda de Pamplona","@id":"https:\/\/www.laguiadepamplona.com\/actualidad\/#\/schema\/person\/efe887376f0213d4657c93adc50b1fdb"},"headline":"Pamplona impulsa un espacio de CoWork para fomentar el empleo en una iniciativa dirigida a personas aut\u00f3nomas, emprendedoras, profesionales y microempresas","datePublished":"2018-04-16T11:26:40+00:00","mainEntityOfPage":{"@id":"https:\/\/www.laguiadepamplona.com\/actualidad\/pamplona-impulsa-un-espacio-de-cowork-para-fomentar-el-empleo-en-una-iniciativa-dirigida-a-personas-autonomas-emprendedoras-profesionales-y-microempresas\/"},"wordCount":768,"commentCount":0,"publisher":{"@id":"https:\/\/www.laguiadepamplona.com\/actualidad\/#organization"},"image":{"@id":"https:\/\/www.laguiadepamplona.com\/actualidad\/pamplona-impulsa-un-espacio-de-cowork-para-fomentar-el-empleo-en-una-iniciativa-dirigida-a-personas-autonomas-emprendedoras-profesionales-y-microempresas\/#primaryimage"},"thumbnailUrl":"https:\/\/www.laguiadepamplona.com\/actualidad\/wp-content\/uploads\/2017\/11\/Edificio-CEIN-04.jpg","articleSection":["Ayto Pamplona"],"inLanguage":"es","potentialAction":[{"@type":"CommentAction","name":"Comment","target":["https:\/\/www.laguiadepamplona.com\/actualidad\/pamplona-impulsa-un-espacio-de-cowork-para-fomentar-el-empleo-en-una-iniciativa-dirigida-a-personas-autonomas-emprendedoras-profesionales-y-microempresas\/#respond"]}]},{"@type":"WebPage","@id":"https:\/\/www.laguiadepamplona.com\/actualidad\/pamplona-impulsa-un-espacio-de-cowork-para-fomentar-el-empleo-en-una-iniciativa-dirigida-a-personas-autonomas-emprendedoras-profesionales-y-microempresas\/","url":"https:\/\/www.laguiadepamplona.com\/actualidad\/pamplona-impulsa-un-espacio-de-cowork-para-fomentar-el-empleo-en-una-iniciativa-dirigida-a-personas-autonomas-emprendedoras-profesionales-y-microempresas\/","name":"Pamplona impulsa un espacio de CoWork para fomentar el empleo en una iniciativa dirigida a personas aut\u00f3nomas, emprendedoras, profesionales y microempresas","isPartOf":{"@id":"https:\/\/www.laguiadepamplona.com\/actualidad\/#website"},"primaryImageOfPage":{"@id":"https:\/\/www.laguiadepamplona.com\/actualidad\/pamplona-impulsa-un-espacio-de-cowork-para-fomentar-el-empleo-en-una-iniciativa-dirigida-a-personas-autonomas-emprendedoras-profesionales-y-microempresas\/#primaryimage"},"image":{"@id":"https:\/\/www.laguiadepamplona.com\/actualidad\/pamplona-impulsa-un-espacio-de-cowork-para-fomentar-el-empleo-en-una-iniciativa-dirigida-a-personas-autonomas-emprendedoras-profesionales-y-microempresas\/#primaryimage"},"thumbnailUrl":"https:\/\/www.laguiadepamplona.com\/actualidad\/wp-content\/uploads\/2017\/11\/Edificio-CEIN-04.jpg","datePublished":"2018-04-16T11:26:40+00:00","breadcrumb":{"@id":"https:\/\/www.laguiadepamplona.com\/actualidad\/pamplona-impulsa-un-espacio-de-cowork-para-fomentar-el-empleo-en-una-iniciativa-dirigida-a-personas-autonomas-emprendedoras-profesionales-y-microempresas\/#breadcrumb"},"inLanguage":"es","potentialAction":[{"@type":"ReadAction","target":["https:\/\/www.laguiadepamplona.com\/actualidad\/pamplona-impulsa-un-espacio-de-cowork-para-fomentar-el-empleo-en-una-iniciativa-dirigida-a-personas-autonomas-emprendedoras-profesionales-y-microempresas\/"]}]},{"@type":"ImageObject","inLanguage":"es","@id":"https:\/\/www.laguiadepamplona.com\/actualidad\/pamplona-impulsa-un-espacio-de-cowork-para-fomentar-el-empleo-en-una-iniciativa-dirigida-a-personas-autonomas-emprendedoras-profesionales-y-microempresas\/#primaryimage","url":"https:\/\/www.laguiadepamplona.com\/actualidad\/wp-content\/uploads\/2017\/11\/Edificio-CEIN-04.jpg","contentUrl":"https:\/\/www.laguiadepamplona.com\/actualidad\/wp-content\/uploads\/2017\/11\/Edificio-CEIN-04.jpg","width":805,"height":350,"caption":"cein"},{"@type":"BreadcrumbList","@id":"https:\/\/www.laguiadepamplona.com\/actualidad\/pamplona-impulsa-un-espacio-de-cowork-para-fomentar-el-empleo-en-una-iniciativa-dirigida-a-personas-autonomas-emprendedoras-profesionales-y-microempresas\/#breadcrumb","itemListElement":[{"@type":"ListItem","position":1,"name":"Portada","item":"https:\/\/www.laguiadepamplona.com\/actualidad\/"},{"@type":"ListItem","position":2,"name":"Pamplona impulsa un espacio de CoWork para fomentar el empleo en una iniciativa dirigida a personas aut\u00f3nomas, emprendedoras, profesionales y microempresas"}]},{"@type":"WebSite","@id":"https:\/\/www.laguiadepamplona.com\/actualidad\/#website","url":"https:\/\/www.laguiadepamplona.com\/actualidad\/","name":"La gu\u00eda de Pamplona","description":"Noticias de Pamplona","publisher":{"@id":"https:\/\/www.laguiadepamplona.com\/actualidad\/#organization"},"potentialAction":[{"@type":"SearchAction","target":{"@type":"EntryPoint","urlTemplate":"https:\/\/www.laguiadepamplona.com\/actualidad\/?s={search_term_string}"},"query-input":{"@type":"PropertyValueSpecification","valueRequired":true,"valueName":"search_term_string"}}],"inLanguage":"es"},{"@type":"Organization","@id":"https:\/\/www.laguiadepamplona.com\/actualidad\/#organization","name":"La Gu\u00eda de Pamplona \/ Noticias","url":"https:\/\/www.laguiadepamplona.com\/actualidad\/","logo":{"@type":"ImageObject","inLanguage":"es","@id":"https:\/\/www.laguiadepamplona.com\/actualidad\/#\/schema\/logo\/image\/","url":"https:\/\/www.laguiadepamplona.com\/actualidad\/wp-content\/uploads\/2018\/11\/logo-laguiadepamplona18-web1.png","contentUrl":"https:\/\/www.laguiadepamplona.com\/actualidad\/wp-content\/uploads\/2018\/11\/logo-laguiadepamplona18-web1.png","width":600,"height":196,"caption":"La Gu\u00eda de Pamplona \/ Noticias"},"image":{"@id":"https:\/\/www.laguiadepamplona.com\/actualidad\/#\/schema\/logo\/image\/"},"sameAs":["https:\/\/www.facebook.com\/laguiadepamplonacom-133175176762273\/?ref=hl","https:\/\/x.com\/LaGuiadPamplona","https:\/\/www.instagram.com\/la_guia_de_pamplona\/","https:\/\/www.youtube.com\/user\/laguiadepamplona"]},{"@type":"Person","@id":"https:\/\/www.laguiadepamplona.com\/actualidad\/#\/schema\/person\/efe887376f0213d4657c93adc50b1fdb","name":"La Gu\u00eda de Pamplona","image":{"@type":"ImageObject","inLanguage":"es","@id":"https:\/\/secure.gravatar.com\/avatar\/b6992f131dc8d30ab0dff15446e9d346d9dbd95992de0fef795073f5ea83a81c?s=96&d=mm&r=g","url":"https:\/\/secure.gravatar.com\/avatar\/b6992f131dc8d30ab0dff15446e9d346d9dbd95992de0fef795073f5ea83a81c?s=96&d=mm&r=g","contentUrl":"https:\/\/secure.gravatar.com\/avatar\/b6992f131dc8d30ab0dff15446e9d346d9dbd95992de0fef795073f5ea83a81c?s=96&d=mm&r=g","caption":"La Gu\u00eda de Pamplona"}}]}},"post_mailing_queue_ids":[],"_links":{"self":[{"href":"https:\/\/www.laguiadepamplona.com\/actualidad\/wp-json\/wp\/v2\/posts\/16952","targetHints":{"allow":["GET"]}}],"collection":[{"href":"https:\/\/www.laguiadepamplona.com\/actualidad\/wp-json\/wp\/v2\/posts"}],"about":[{"href":"https:\/\/www.laguiadepamplona.com\/actualidad\/wp-json\/wp\/v2\/types\/post"}],"author":[{"embeddable":true,"href":"https:\/\/www.laguiadepamplona.com\/actualidad\/wp-json\/wp\/v2\/users\/1"}],"replies":[{"embeddable":true,"href":"https:\/\/www.laguiadepamplona.com\/actualidad\/wp-json\/wp\/v2\/comments?post=16952"}],"version-history":[{"count":0,"href":"https:\/\/www.laguiadepamplona.com\/actualidad\/wp-json\/wp\/v2\/posts\/16952\/revisions"}],"wp:featuredmedia":[{"embeddable":true,"href":"https:\/\/www.laguiadepamplona.com\/actualidad\/wp-json\/wp\/v2\/media\/14999"}],"wp:attachment":[{"href":"https:\/\/www.laguiadepamplona.com\/actualidad\/wp-json\/wp\/v2\/media?parent=16952"}],"wp:term":[{"taxonomy":"category","embeddable":true,"href":"https:\/\/www.laguiadepamplona.com\/actualidad\/wp-json\/wp\/v2\/categories?post=16952"},{"taxonomy":"post_tag","embeddable":true,"href":"https:\/\/www.laguiadepamplona.com\/actualidad\/wp-json\/wp\/v2\/tags?post=16952"}],"curies":[{"name":"wp","href":"https:\/\/api.w.org\/{rel}","templated":true}]}}