{"id":16950,"date":"2018-04-16T12:09:56","date_gmt":"2018-04-16T11:09:56","guid":{"rendered":"http:\/\/laguiadepamplona.es\/actualidad\/?p=16950"},"modified":"2018-04-16T12:09:56","modified_gmt":"2018-04-16T11:09:56","slug":"erripagana-beloso-y-bidezar-protagonistas-del-foro-de-barrio-que-manana-martes-se-celebra-en-el-c-p-elorri-de-mendillorri","status":"publish","type":"post","link":"https:\/\/www.laguiadepamplona.com\/actualidad\/erripagana-beloso-y-bidezar-protagonistas-del-foro-de-barrio-que-manana-martes-se-celebra-en-el-c-p-elorri-de-mendillorri\/","title":{"rendered":"Erripaga\u00f1a, Beloso y Bidezar, protagonistas del Foro de Barrio que ma\u00f1ana martes se celebra en el C.P. Elorri de Mendillorri"},"content":{"rendered":"<h3>El encuentro, que comienza a las 18.30 horas con presencia de la concejala Maider Beloki, est\u00e1 abierto a la participaci\u00f3n<\/h3>\n<p><!--more--><\/p>\n<p>Nuevo Foro de Barrio, ma\u00f1ana martes, en el Colegio P\u00fablico Elorri para hablar sobre los barrios de Erripaga\u00f1a, Beloso y Bidezar. El encuentro comenzar\u00e1 a las 18.30 horas, con presencia de la concejala de barrio, Maider Beloki. La sesi\u00f3n est\u00e1 abierta a la participaci\u00f3n de la ciudadan\u00eda, de los vecinos y vecinas, del tejido asociativo y de las entidades y colectivos de estos barrios. El foro se podr\u00e1 seguir en directo, a trav\u00e9s de internet, en el canal de Youtube \u2018Pamplona es participaci\u00f3n \/ Iru\u00f1a partaidetza da\u2019.<\/p>\n<p>El Foro de Barrio de Erripagaina, Beloso y Bidezar comenzar\u00e1 con dos din\u00e1micas de grupo que servir\u00e1n para hacer un mapa de incidencias y necesidades del barrio que se trasladar\u00e1n a las \u00e1reas municipales oportunas para su estudio y an\u00e1lisis A continuaci\u00f3n, se generar\u00e1n diferentes espacios deliberativos a modo de grupos de trabajo, para profundizar en aspectos relacionados con infancia y juventud, el comercio y la identidad del barrio, principalmente. Durante el encuentro, con una duraci\u00f3n m\u00e1xima de dos horas, tambi\u00e9n se informar\u00e1 desde la concejal\u00eda de barrio sobre las acciones y proyectos llevados a cabo en los \u00faltimos meses y sobre las previsiones de actuaciones municipales a futuro. Los Foros de Barrio cuentan con servicio de conciliaci\u00f3n dirigido a menores de 4 a 12 a\u00f1os, si bien, solo se presta si se han recibido inscripciones hasta las 20 horas de la tarde del d\u00eda anterior a cada foro.<\/p>\n<p>La siguiente cita ser\u00e1 el pr\u00f3ximo martes 24 de abril en Civivox Milagrosa para hablar de los barrios de Arrosad\u00eda, Milagrosa y Azpilaga\u00f1a. La sesi\u00f3n contar\u00e1 con la presencia de la concejala de barrio Edurne Eguino. Para mayo se han programado otros cuatro encuentros con vecinos, vecinas y asociaciones de los barrios de Lezkairu y Santa Mar\u00eda la Real, San Jorge, Ensanches y Mendillorri. En junio se cerrar\u00e1 la tercera ronda de Foros de Barrio en Etxabakoitz y Buztintxuri.<\/p>\n<p>&nbsp;<\/p>\n<p><strong>Calendario de Foros de Barrio<\/strong><\/p>\n<p>&nbsp;<\/p>\n<table width=\"624\">\n<tbody>\n<tr>\n<td width=\"45\">&nbsp;<\/td>\n<td width=\"235\">BARRIO<\/td>\n<td width=\"161\">LUGAR<\/td>\n<td width=\"59\">HORA<\/td>\n<td width=\"125\">CONCEJAL\/A<\/td>\n<\/tr>\n<tr>\n<td width=\"45\">17\/04<\/td>\n<td width=\"235\">Erripaga\u00f1a \/ Beloso \/ Bidezar<\/td>\n<td width=\"161\">C.P. Elorri<\/td>\n<td width=\"59\">18.30 h<\/td>\n<td width=\"125\">Maider Beloki<\/td>\n<\/tr>\n<tr>\n<td width=\"45\">24\/04<\/td>\n<td width=\"235\">Arrosad\u00eda-Milagrosa \/ Azpilaga\u00f1a<\/td>\n<td width=\"161\">Civivox Milagrosa<\/td>\n<td width=\"59\">18.30 h<\/td>\n<td width=\"125\">Edurne Eguino<\/td>\n<\/tr>\n<tr>\n<td width=\"45\">08\/05<\/td>\n<td width=\"235\">Lezkairu \/ Santa Mar\u00eda la Real<\/td>\n<td width=\"161\">Civivox Milagrosa<\/td>\n<td width=\"59\">18.30 h<\/td>\n<td width=\"125\">Javier Leoz<\/td>\n<\/tr>\n<tr>\n<td width=\"45\">15\/05<\/td>\n<td width=\"235\">San Jorge<\/td>\n<td width=\"161\">Civivox San Jorge<\/td>\n<td width=\"59\">18.30 h<\/td>\n<td width=\"125\">Aritz Romeo<\/td>\n<\/tr>\n<tr>\n<td width=\"45\">22\/05<\/td>\n<td width=\"235\">Ensanches<\/td>\n<td width=\"161\">CP V\u00e1zquez de Mella<\/td>\n<td width=\"59\">18.30 h<\/td>\n<td width=\"125\">Itziar G\u00f3mez<\/td>\n<\/tr>\n<tr>\n<td width=\"45\">29\/05<\/td>\n<td width=\"235\">Mendillorri<\/td>\n<td width=\"161\">Civivox Mendillorri<\/td>\n<td width=\"59\">18.30 h<\/td>\n<td width=\"125\">Laura Berro<\/td>\n<\/tr>\n<tr>\n<td width=\"45\">05\/06<\/td>\n<td width=\"235\">Etxabakoitz<\/td>\n<td width=\"161\">C.P. Nicasio de Landa<\/td>\n<td width=\"59\">18.30 h<\/td>\n<td width=\"125\">Armando Cuenca<\/td>\n<\/tr>\n<tr>\n<td width=\"45\">12\/06<\/td>\n<td width=\"235\">Buztintxuri<\/td>\n<td width=\"161\">C.P. Buztintxuri<\/td>\n<td width=\"59\">18.30 h<\/td>\n<td width=\"125\">Mikel Armend\u00e1riz<\/td>\n<\/tr>\n<\/tbody>\n<\/table>\n<p>&nbsp;<\/p>\n","protected":false},"excerpt":{"rendered":"<p>El encuentro, que comienza a las 18.30 horas con presencia de la concejala Maider Beloki, est\u00e1 abierto a la participaci\u00f3n<\/p>\n","protected":false},"author":1,"featured_media":11074,"comment_status":"open","ping_status":"closed","sticky":false,"template":"","format":"standard","meta":{"footnotes":""},"categories":[2],"tags":[],"class_list":["post-16950","post","type-post","status-publish","format-standard","has-post-thumbnail","hentry","category-ayuntamiento-pamplona"],"yoast_head":"<!-- This site is optimized with the Yoast SEO plugin v27.3 - https:\/\/yoast.com\/product\/yoast-seo-wordpress\/ -->\n<title>Erripaga\u00f1a, Beloso y Bidezar, protagonistas del Foro de Barrio que ma\u00f1ana martes se celebra en el C.P. Elorri de Mendillorri<\/title>\n<meta name=\"robots\" content=\"index, follow, max-snippet:-1, max-image-preview:large, max-video-preview:-1\" \/>\n<link rel=\"canonical\" href=\"https:\/\/www.laguiadepamplona.com\/actualidad\/erripagana-beloso-y-bidezar-protagonistas-del-foro-de-barrio-que-manana-martes-se-celebra-en-el-c-p-elorri-de-mendillorri\/\" \/>\n<meta property=\"og:locale\" content=\"es_ES\" \/>\n<meta property=\"og:type\" content=\"article\" \/>\n<meta property=\"og:title\" content=\"Erripaga\u00f1a, Beloso y Bidezar, protagonistas del Foro de Barrio que ma\u00f1ana martes se celebra en el C.P. Elorri de Mendillorri\" \/>\n<meta property=\"og:description\" content=\"El encuentro, que comienza a las 18.30 horas con presencia de la concejala Maider Beloki, est\u00e1 abierto a la participaci\u00f3n\" \/>\n<meta property=\"og:url\" content=\"https:\/\/www.laguiadepamplona.com\/actualidad\/erripagana-beloso-y-bidezar-protagonistas-del-foro-de-barrio-que-manana-martes-se-celebra-en-el-c-p-elorri-de-mendillorri\/\" \/>\n<meta property=\"og:site_name\" content=\"La Gu\u00eda de Pamplona\" \/>\n<meta property=\"article:publisher\" content=\"https:\/\/www.facebook.com\/laguiadepamplonacom-133175176762273\/?ref=hl\" \/>\n<meta property=\"article:published_time\" content=\"2018-04-16T11:09:56+00:00\" \/>\n<meta property=\"og:image\" content=\"https:\/\/www.laguiadepamplona.com\/actualidad\/wp-content\/uploads\/2016\/12\/civivox-milagrosa-900x598.jpg\" \/>\n\t<meta property=\"og:image:width\" content=\"900\" \/>\n\t<meta property=\"og:image:height\" content=\"598\" \/>\n\t<meta property=\"og:image:type\" content=\"image\/jpeg\" \/>\n<meta name=\"author\" content=\"La Gu\u00eda de Pamplona\" \/>\n<meta name=\"twitter:card\" content=\"summary_large_image\" \/>\n<meta name=\"twitter:creator\" content=\"@LaGuiadPamplona\" \/>\n<meta name=\"twitter:site\" content=\"@LaGuiadPamplona\" \/>\n<meta name=\"twitter:label1\" content=\"Escrito por\" \/>\n\t<meta name=\"twitter:data1\" content=\"La Gu\u00eda de Pamplona\" \/>\n\t<meta name=\"twitter:label2\" content=\"Tiempo de lectura\" \/>\n\t<meta name=\"twitter:data2\" content=\"2 minutos\" \/>\n<script type=\"application\/ld+json\" class=\"yoast-schema-graph\">{\"@context\":\"https:\\\/\\\/schema.org\",\"@graph\":[{\"@type\":\"Article\",\"@id\":\"https:\\\/\\\/www.laguiadepamplona.com\\\/actualidad\\\/erripagana-beloso-y-bidezar-protagonistas-del-foro-de-barrio-que-manana-martes-se-celebra-en-el-c-p-elorri-de-mendillorri\\\/#article\",\"isPartOf\":{\"@id\":\"https:\\\/\\\/www.laguiadepamplona.com\\\/actualidad\\\/erripagana-beloso-y-bidezar-protagonistas-del-foro-de-barrio-que-manana-martes-se-celebra-en-el-c-p-elorri-de-mendillorri\\\/\"},\"author\":{\"name\":\"La Gu\u00eda de Pamplona\",\"@id\":\"https:\\\/\\\/www.laguiadepamplona.com\\\/actualidad\\\/#\\\/schema\\\/person\\\/efe887376f0213d4657c93adc50b1fdb\"},\"headline\":\"Erripaga\u00f1a, Beloso y Bidezar, protagonistas del Foro de Barrio que ma\u00f1ana martes se celebra en el C.P. Elorri de Mendillorri\",\"datePublished\":\"2018-04-16T11:09:56+00:00\",\"mainEntityOfPage\":{\"@id\":\"https:\\\/\\\/www.laguiadepamplona.com\\\/actualidad\\\/erripagana-beloso-y-bidezar-protagonistas-del-foro-de-barrio-que-manana-martes-se-celebra-en-el-c-p-elorri-de-mendillorri\\\/\"},\"wordCount\":464,\"commentCount\":0,\"publisher\":{\"@id\":\"https:\\\/\\\/www.laguiadepamplona.com\\\/actualidad\\\/#organization\"},\"image\":{\"@id\":\"https:\\\/\\\/www.laguiadepamplona.com\\\/actualidad\\\/erripagana-beloso-y-bidezar-protagonistas-del-foro-de-barrio-que-manana-martes-se-celebra-en-el-c-p-elorri-de-mendillorri\\\/#primaryimage\"},\"thumbnailUrl\":\"https:\\\/\\\/www.laguiadepamplona.com\\\/actualidad\\\/wp-content\\\/uploads\\\/2016\\\/12\\\/civivox-milagrosa-900x598.jpg\",\"articleSection\":[\"Ayto Pamplona\"],\"inLanguage\":\"es\",\"potentialAction\":[{\"@type\":\"CommentAction\",\"name\":\"Comment\",\"target\":[\"https:\\\/\\\/www.laguiadepamplona.com\\\/actualidad\\\/erripagana-beloso-y-bidezar-protagonistas-del-foro-de-barrio-que-manana-martes-se-celebra-en-el-c-p-elorri-de-mendillorri\\\/#respond\"]}]},{\"@type\":\"WebPage\",\"@id\":\"https:\\\/\\\/www.laguiadepamplona.com\\\/actualidad\\\/erripagana-beloso-y-bidezar-protagonistas-del-foro-de-barrio-que-manana-martes-se-celebra-en-el-c-p-elorri-de-mendillorri\\\/\",\"url\":\"https:\\\/\\\/www.laguiadepamplona.com\\\/actualidad\\\/erripagana-beloso-y-bidezar-protagonistas-del-foro-de-barrio-que-manana-martes-se-celebra-en-el-c-p-elorri-de-mendillorri\\\/\",\"name\":\"Erripaga\u00f1a, Beloso y Bidezar, protagonistas del Foro de Barrio que ma\u00f1ana martes se celebra en el C.P. Elorri de Mendillorri\",\"isPartOf\":{\"@id\":\"https:\\\/\\\/www.laguiadepamplona.com\\\/actualidad\\\/#website\"},\"primaryImageOfPage\":{\"@id\":\"https:\\\/\\\/www.laguiadepamplona.com\\\/actualidad\\\/erripagana-beloso-y-bidezar-protagonistas-del-foro-de-barrio-que-manana-martes-se-celebra-en-el-c-p-elorri-de-mendillorri\\\/#primaryimage\"},\"image\":{\"@id\":\"https:\\\/\\\/www.laguiadepamplona.com\\\/actualidad\\\/erripagana-beloso-y-bidezar-protagonistas-del-foro-de-barrio-que-manana-martes-se-celebra-en-el-c-p-elorri-de-mendillorri\\\/#primaryimage\"},\"thumbnailUrl\":\"https:\\\/\\\/www.laguiadepamplona.com\\\/actualidad\\\/wp-content\\\/uploads\\\/2016\\\/12\\\/civivox-milagrosa-900x598.jpg\",\"datePublished\":\"2018-04-16T11:09:56+00:00\",\"breadcrumb\":{\"@id\":\"https:\\\/\\\/www.laguiadepamplona.com\\\/actualidad\\\/erripagana-beloso-y-bidezar-protagonistas-del-foro-de-barrio-que-manana-martes-se-celebra-en-el-c-p-elorri-de-mendillorri\\\/#breadcrumb\"},\"inLanguage\":\"es\",\"potentialAction\":[{\"@type\":\"ReadAction\",\"target\":[\"https:\\\/\\\/www.laguiadepamplona.com\\\/actualidad\\\/erripagana-beloso-y-bidezar-protagonistas-del-foro-de-barrio-que-manana-martes-se-celebra-en-el-c-p-elorri-de-mendillorri\\\/\"]}]},{\"@type\":\"ImageObject\",\"inLanguage\":\"es\",\"@id\":\"https:\\\/\\\/www.laguiadepamplona.com\\\/actualidad\\\/erripagana-beloso-y-bidezar-protagonistas-del-foro-de-barrio-que-manana-martes-se-celebra-en-el-c-p-elorri-de-mendillorri\\\/#primaryimage\",\"url\":\"https:\\\/\\\/www.laguiadepamplona.com\\\/actualidad\\\/wp-content\\\/uploads\\\/2016\\\/12\\\/civivox-milagrosa-900x598.jpg\",\"contentUrl\":\"https:\\\/\\\/www.laguiadepamplona.com\\\/actualidad\\\/wp-content\\\/uploads\\\/2016\\\/12\\\/civivox-milagrosa-900x598.jpg\",\"width\":900,\"height\":598},{\"@type\":\"BreadcrumbList\",\"@id\":\"https:\\\/\\\/www.laguiadepamplona.com\\\/actualidad\\\/erripagana-beloso-y-bidezar-protagonistas-del-foro-de-barrio-que-manana-martes-se-celebra-en-el-c-p-elorri-de-mendillorri\\\/#breadcrumb\",\"itemListElement\":[{\"@type\":\"ListItem\",\"position\":1,\"name\":\"Portada\",\"item\":\"https:\\\/\\\/www.laguiadepamplona.com\\\/actualidad\\\/\"},{\"@type\":\"ListItem\",\"position\":2,\"name\":\"Erripaga\u00f1a, Beloso y Bidezar, protagonistas del Foro de Barrio que ma\u00f1ana martes se celebra en el C.P. Elorri de Mendillorri\"}]},{\"@type\":\"WebSite\",\"@id\":\"https:\\\/\\\/www.laguiadepamplona.com\\\/actualidad\\\/#website\",\"url\":\"https:\\\/\\\/www.laguiadepamplona.com\\\/actualidad\\\/\",\"name\":\"La gu\u00eda de Pamplona\",\"description\":\"Noticias de Pamplona\",\"publisher\":{\"@id\":\"https:\\\/\\\/www.laguiadepamplona.com\\\/actualidad\\\/#organization\"},\"potentialAction\":[{\"@type\":\"SearchAction\",\"target\":{\"@type\":\"EntryPoint\",\"urlTemplate\":\"https:\\\/\\\/www.laguiadepamplona.com\\\/actualidad\\\/?s={search_term_string}\"},\"query-input\":{\"@type\":\"PropertyValueSpecification\",\"valueRequired\":true,\"valueName\":\"search_term_string\"}}],\"inLanguage\":\"es\"},{\"@type\":\"Organization\",\"@id\":\"https:\\\/\\\/www.laguiadepamplona.com\\\/actualidad\\\/#organization\",\"name\":\"La Gu\u00eda de Pamplona \\\/ Noticias\",\"url\":\"https:\\\/\\\/www.laguiadepamplona.com\\\/actualidad\\\/\",\"logo\":{\"@type\":\"ImageObject\",\"inLanguage\":\"es\",\"@id\":\"https:\\\/\\\/www.laguiadepamplona.com\\\/actualidad\\\/#\\\/schema\\\/logo\\\/image\\\/\",\"url\":\"https:\\\/\\\/www.laguiadepamplona.com\\\/actualidad\\\/wp-content\\\/uploads\\\/2018\\\/11\\\/logo-laguiadepamplona18-web1.png\",\"contentUrl\":\"https:\\\/\\\/www.laguiadepamplona.com\\\/actualidad\\\/wp-content\\\/uploads\\\/2018\\\/11\\\/logo-laguiadepamplona18-web1.png\",\"width\":600,\"height\":196,\"caption\":\"La Gu\u00eda de Pamplona \\\/ Noticias\"},\"image\":{\"@id\":\"https:\\\/\\\/www.laguiadepamplona.com\\\/actualidad\\\/#\\\/schema\\\/logo\\\/image\\\/\"},\"sameAs\":[\"https:\\\/\\\/www.facebook.com\\\/laguiadepamplonacom-133175176762273\\\/?ref=hl\",\"https:\\\/\\\/x.com\\\/LaGuiadPamplona\",\"https:\\\/\\\/www.instagram.com\\\/la_guia_de_pamplona\\\/\",\"https:\\\/\\\/www.youtube.com\\\/user\\\/laguiadepamplona\"]},{\"@type\":\"Person\",\"@id\":\"https:\\\/\\\/www.laguiadepamplona.com\\\/actualidad\\\/#\\\/schema\\\/person\\\/efe887376f0213d4657c93adc50b1fdb\",\"name\":\"La Gu\u00eda de Pamplona\",\"image\":{\"@type\":\"ImageObject\",\"inLanguage\":\"es\",\"@id\":\"https:\\\/\\\/secure.gravatar.com\\\/avatar\\\/b6992f131dc8d30ab0dff15446e9d346d9dbd95992de0fef795073f5ea83a81c?s=96&d=mm&r=g\",\"url\":\"https:\\\/\\\/secure.gravatar.com\\\/avatar\\\/b6992f131dc8d30ab0dff15446e9d346d9dbd95992de0fef795073f5ea83a81c?s=96&d=mm&r=g\",\"contentUrl\":\"https:\\\/\\\/secure.gravatar.com\\\/avatar\\\/b6992f131dc8d30ab0dff15446e9d346d9dbd95992de0fef795073f5ea83a81c?s=96&d=mm&r=g\",\"caption\":\"La Gu\u00eda de Pamplona\"}}]}<\/script>\n<!-- \/ Yoast SEO plugin. -->","yoast_head_json":{"title":"Erripaga\u00f1a, Beloso y Bidezar, protagonistas del Foro de Barrio que ma\u00f1ana martes se celebra en el C.P. Elorri de Mendillorri","robots":{"index":"index","follow":"follow","max-snippet":"max-snippet:-1","max-image-preview":"max-image-preview:large","max-video-preview":"max-video-preview:-1"},"canonical":"https:\/\/www.laguiadepamplona.com\/actualidad\/erripagana-beloso-y-bidezar-protagonistas-del-foro-de-barrio-que-manana-martes-se-celebra-en-el-c-p-elorri-de-mendillorri\/","og_locale":"es_ES","og_type":"article","og_title":"Erripaga\u00f1a, Beloso y Bidezar, protagonistas del Foro de Barrio que ma\u00f1ana martes se celebra en el C.P. Elorri de Mendillorri","og_description":"El encuentro, que comienza a las 18.30 horas con presencia de la concejala Maider Beloki, est\u00e1 abierto a la participaci\u00f3n","og_url":"https:\/\/www.laguiadepamplona.com\/actualidad\/erripagana-beloso-y-bidezar-protagonistas-del-foro-de-barrio-que-manana-martes-se-celebra-en-el-c-p-elorri-de-mendillorri\/","og_site_name":"La Gu\u00eda de Pamplona","article_publisher":"https:\/\/www.facebook.com\/laguiadepamplonacom-133175176762273\/?ref=hl","article_published_time":"2018-04-16T11:09:56+00:00","og_image":[{"width":900,"height":598,"url":"https:\/\/www.laguiadepamplona.com\/actualidad\/wp-content\/uploads\/2016\/12\/civivox-milagrosa-900x598.jpg","type":"image\/jpeg"}],"author":"La Gu\u00eda de Pamplona","twitter_card":"summary_large_image","twitter_creator":"@LaGuiadPamplona","twitter_site":"@LaGuiadPamplona","twitter_misc":{"Escrito por":"La Gu\u00eda de Pamplona","Tiempo de lectura":"2 minutos"},"schema":{"@context":"https:\/\/schema.org","@graph":[{"@type":"Article","@id":"https:\/\/www.laguiadepamplona.com\/actualidad\/erripagana-beloso-y-bidezar-protagonistas-del-foro-de-barrio-que-manana-martes-se-celebra-en-el-c-p-elorri-de-mendillorri\/#article","isPartOf":{"@id":"https:\/\/www.laguiadepamplona.com\/actualidad\/erripagana-beloso-y-bidezar-protagonistas-del-foro-de-barrio-que-manana-martes-se-celebra-en-el-c-p-elorri-de-mendillorri\/"},"author":{"name":"La Gu\u00eda de Pamplona","@id":"https:\/\/www.laguiadepamplona.com\/actualidad\/#\/schema\/person\/efe887376f0213d4657c93adc50b1fdb"},"headline":"Erripaga\u00f1a, Beloso y Bidezar, protagonistas del Foro de Barrio que ma\u00f1ana martes se celebra en el C.P. Elorri de Mendillorri","datePublished":"2018-04-16T11:09:56+00:00","mainEntityOfPage":{"@id":"https:\/\/www.laguiadepamplona.com\/actualidad\/erripagana-beloso-y-bidezar-protagonistas-del-foro-de-barrio-que-manana-martes-se-celebra-en-el-c-p-elorri-de-mendillorri\/"},"wordCount":464,"commentCount":0,"publisher":{"@id":"https:\/\/www.laguiadepamplona.com\/actualidad\/#organization"},"image":{"@id":"https:\/\/www.laguiadepamplona.com\/actualidad\/erripagana-beloso-y-bidezar-protagonistas-del-foro-de-barrio-que-manana-martes-se-celebra-en-el-c-p-elorri-de-mendillorri\/#primaryimage"},"thumbnailUrl":"https:\/\/www.laguiadepamplona.com\/actualidad\/wp-content\/uploads\/2016\/12\/civivox-milagrosa-900x598.jpg","articleSection":["Ayto Pamplona"],"inLanguage":"es","potentialAction":[{"@type":"CommentAction","name":"Comment","target":["https:\/\/www.laguiadepamplona.com\/actualidad\/erripagana-beloso-y-bidezar-protagonistas-del-foro-de-barrio-que-manana-martes-se-celebra-en-el-c-p-elorri-de-mendillorri\/#respond"]}]},{"@type":"WebPage","@id":"https:\/\/www.laguiadepamplona.com\/actualidad\/erripagana-beloso-y-bidezar-protagonistas-del-foro-de-barrio-que-manana-martes-se-celebra-en-el-c-p-elorri-de-mendillorri\/","url":"https:\/\/www.laguiadepamplona.com\/actualidad\/erripagana-beloso-y-bidezar-protagonistas-del-foro-de-barrio-que-manana-martes-se-celebra-en-el-c-p-elorri-de-mendillorri\/","name":"Erripaga\u00f1a, Beloso y Bidezar, protagonistas del Foro de Barrio que ma\u00f1ana martes se celebra en el C.P. Elorri de Mendillorri","isPartOf":{"@id":"https:\/\/www.laguiadepamplona.com\/actualidad\/#website"},"primaryImageOfPage":{"@id":"https:\/\/www.laguiadepamplona.com\/actualidad\/erripagana-beloso-y-bidezar-protagonistas-del-foro-de-barrio-que-manana-martes-se-celebra-en-el-c-p-elorri-de-mendillorri\/#primaryimage"},"image":{"@id":"https:\/\/www.laguiadepamplona.com\/actualidad\/erripagana-beloso-y-bidezar-protagonistas-del-foro-de-barrio-que-manana-martes-se-celebra-en-el-c-p-elorri-de-mendillorri\/#primaryimage"},"thumbnailUrl":"https:\/\/www.laguiadepamplona.com\/actualidad\/wp-content\/uploads\/2016\/12\/civivox-milagrosa-900x598.jpg","datePublished":"2018-04-16T11:09:56+00:00","breadcrumb":{"@id":"https:\/\/www.laguiadepamplona.com\/actualidad\/erripagana-beloso-y-bidezar-protagonistas-del-foro-de-barrio-que-manana-martes-se-celebra-en-el-c-p-elorri-de-mendillorri\/#breadcrumb"},"inLanguage":"es","potentialAction":[{"@type":"ReadAction","target":["https:\/\/www.laguiadepamplona.com\/actualidad\/erripagana-beloso-y-bidezar-protagonistas-del-foro-de-barrio-que-manana-martes-se-celebra-en-el-c-p-elorri-de-mendillorri\/"]}]},{"@type":"ImageObject","inLanguage":"es","@id":"https:\/\/www.laguiadepamplona.com\/actualidad\/erripagana-beloso-y-bidezar-protagonistas-del-foro-de-barrio-que-manana-martes-se-celebra-en-el-c-p-elorri-de-mendillorri\/#primaryimage","url":"https:\/\/www.laguiadepamplona.com\/actualidad\/wp-content\/uploads\/2016\/12\/civivox-milagrosa-900x598.jpg","contentUrl":"https:\/\/www.laguiadepamplona.com\/actualidad\/wp-content\/uploads\/2016\/12\/civivox-milagrosa-900x598.jpg","width":900,"height":598},{"@type":"BreadcrumbList","@id":"https:\/\/www.laguiadepamplona.com\/actualidad\/erripagana-beloso-y-bidezar-protagonistas-del-foro-de-barrio-que-manana-martes-se-celebra-en-el-c-p-elorri-de-mendillorri\/#breadcrumb","itemListElement":[{"@type":"ListItem","position":1,"name":"Portada","item":"https:\/\/www.laguiadepamplona.com\/actualidad\/"},{"@type":"ListItem","position":2,"name":"Erripaga\u00f1a, Beloso y Bidezar, protagonistas del Foro de Barrio que ma\u00f1ana martes se celebra en el C.P. Elorri de Mendillorri"}]},{"@type":"WebSite","@id":"https:\/\/www.laguiadepamplona.com\/actualidad\/#website","url":"https:\/\/www.laguiadepamplona.com\/actualidad\/","name":"La gu\u00eda de Pamplona","description":"Noticias de Pamplona","publisher":{"@id":"https:\/\/www.laguiadepamplona.com\/actualidad\/#organization"},"potentialAction":[{"@type":"SearchAction","target":{"@type":"EntryPoint","urlTemplate":"https:\/\/www.laguiadepamplona.com\/actualidad\/?s={search_term_string}"},"query-input":{"@type":"PropertyValueSpecification","valueRequired":true,"valueName":"search_term_string"}}],"inLanguage":"es"},{"@type":"Organization","@id":"https:\/\/www.laguiadepamplona.com\/actualidad\/#organization","name":"La Gu\u00eda de Pamplona \/ Noticias","url":"https:\/\/www.laguiadepamplona.com\/actualidad\/","logo":{"@type":"ImageObject","inLanguage":"es","@id":"https:\/\/www.laguiadepamplona.com\/actualidad\/#\/schema\/logo\/image\/","url":"https:\/\/www.laguiadepamplona.com\/actualidad\/wp-content\/uploads\/2018\/11\/logo-laguiadepamplona18-web1.png","contentUrl":"https:\/\/www.laguiadepamplona.com\/actualidad\/wp-content\/uploads\/2018\/11\/logo-laguiadepamplona18-web1.png","width":600,"height":196,"caption":"La Gu\u00eda de Pamplona \/ Noticias"},"image":{"@id":"https:\/\/www.laguiadepamplona.com\/actualidad\/#\/schema\/logo\/image\/"},"sameAs":["https:\/\/www.facebook.com\/laguiadepamplonacom-133175176762273\/?ref=hl","https:\/\/x.com\/LaGuiadPamplona","https:\/\/www.instagram.com\/la_guia_de_pamplona\/","https:\/\/www.youtube.com\/user\/laguiadepamplona"]},{"@type":"Person","@id":"https:\/\/www.laguiadepamplona.com\/actualidad\/#\/schema\/person\/efe887376f0213d4657c93adc50b1fdb","name":"La Gu\u00eda de Pamplona","image":{"@type":"ImageObject","inLanguage":"es","@id":"https:\/\/secure.gravatar.com\/avatar\/b6992f131dc8d30ab0dff15446e9d346d9dbd95992de0fef795073f5ea83a81c?s=96&d=mm&r=g","url":"https:\/\/secure.gravatar.com\/avatar\/b6992f131dc8d30ab0dff15446e9d346d9dbd95992de0fef795073f5ea83a81c?s=96&d=mm&r=g","contentUrl":"https:\/\/secure.gravatar.com\/avatar\/b6992f131dc8d30ab0dff15446e9d346d9dbd95992de0fef795073f5ea83a81c?s=96&d=mm&r=g","caption":"La Gu\u00eda de Pamplona"}}]}},"post_mailing_queue_ids":[],"_links":{"self":[{"href":"https:\/\/www.laguiadepamplona.com\/actualidad\/wp-json\/wp\/v2\/posts\/16950","targetHints":{"allow":["GET"]}}],"collection":[{"href":"https:\/\/www.laguiadepamplona.com\/actualidad\/wp-json\/wp\/v2\/posts"}],"about":[{"href":"https:\/\/www.laguiadepamplona.com\/actualidad\/wp-json\/wp\/v2\/types\/post"}],"author":[{"embeddable":true,"href":"https:\/\/www.laguiadepamplona.com\/actualidad\/wp-json\/wp\/v2\/users\/1"}],"replies":[{"embeddable":true,"href":"https:\/\/www.laguiadepamplona.com\/actualidad\/wp-json\/wp\/v2\/comments?post=16950"}],"version-history":[{"count":0,"href":"https:\/\/www.laguiadepamplona.com\/actualidad\/wp-json\/wp\/v2\/posts\/16950\/revisions"}],"wp:featuredmedia":[{"embeddable":true,"href":"https:\/\/www.laguiadepamplona.com\/actualidad\/wp-json\/wp\/v2\/media\/11074"}],"wp:attachment":[{"href":"https:\/\/www.laguiadepamplona.com\/actualidad\/wp-json\/wp\/v2\/media?parent=16950"}],"wp:term":[{"taxonomy":"category","embeddable":true,"href":"https:\/\/www.laguiadepamplona.com\/actualidad\/wp-json\/wp\/v2\/categories?post=16950"},{"taxonomy":"post_tag","embeddable":true,"href":"https:\/\/www.laguiadepamplona.com\/actualidad\/wp-json\/wp\/v2\/tags?post=16950"}],"curies":[{"name":"wp","href":"https:\/\/api.w.org\/{rel}","templated":true}]}}