{"id":16941,"date":"2018-04-16T11:39:15","date_gmt":"2018-04-16T10:39:15","guid":{"rendered":"http:\/\/laguiadepamplona.es\/actualidad\/?p=16941"},"modified":"2018-04-16T11:39:15","modified_gmt":"2018-04-16T10:39:15","slug":"una-charla-sobre-como-hablamos-y-nos-entendemos-en-casa-cierra-manana-martes-en-civivox-mendillorri-el-cuatrimestre-de-la-escuela-de-madres-y-padres","status":"publish","type":"post","link":"https:\/\/www.laguiadepamplona.com\/actualidad\/una-charla-sobre-como-hablamos-y-nos-entendemos-en-casa-cierra-manana-martes-en-civivox-mendillorri-el-cuatrimestre-de-la-escuela-de-madres-y-padres\/","title":{"rendered":"Una charla sobre c\u00f3mo hablamos y nos entendemos en casa cierra ma\u00f1ana martes en Civivox Mendillorri el cuatrimestre de la Escuela de Madres y Padres"},"content":{"rendered":"<h3>La sesi\u00f3n la impartir\u00e1 el pedagogo y orientador familiar, Blas Campos, a partir de las 18 horas, con entrada libre<\/h3>\n<p><!--more--><\/p>\n<p>&#8216;Hablar, hablamos pero&#8230; \u00bfnos entendemos?\u2019 es el t\u00edtulo de la conferencia que ma\u00f1ana martes cierra el cuatrimestre de la Escuela de Madres y Padres organizada por la red Civivox. La charla tendr\u00e1 lugar a partir de las 18 horas en Civivox Mendillorri. La entrada es libre y la actividad est\u00e1 adaptada a personas con discapacidad auditiva.<\/p>\n<p>Los seres humanos viven y conviven en el lenguaje. Desde la infancia, la etapa de quienes no hablan aunque s\u00ed se expresan, poco a poco las personas van aprendiendo a comunicarse. Cada persona va adoptando un estilo propio, una manera de expresarse y de relacionarse con los dem\u00e1s. Esto ocurre, sobre todo, en casa, en la familia. En cada hogar se pueden encontrar distintos estilos y maneras de hablar, de escuchar, de entenderse&#8230; \u00bfEstamos satisfechos? La conferencia est\u00e1 impartida por el pedagogo, orientador familiar y de pareja, Blas Campos.<\/p>\n<p>Junto a las conferencias, la Escuela de Madres y Padres se completa con cursos, que se imparte tambi\u00e9n en la red Civivox, sobre temas relacionados con las conferencias. Del 25 de abril al 16 de mayo tendr\u00e1 lugar en Condestable un curso sobre \u2018la comunicaci\u00f3n en casa: entre mon\u00f3logos y di\u00e1logos\u2019. Las sesiones se desarrollar\u00e1n los mi\u00e9rcoles de 10 a 12 horas de la ma\u00f1ana y las impartir\u00e1 el pedagogo Blas Campos. El precio del curso es de 10 euros.<\/p>\n<p>&nbsp;<\/p>\n<p><strong>Escuela de Madres y Padres. Entrada libre<\/strong><\/p>\n<p><strong>CONFERENCIAS<\/strong><\/p>\n<ul>\n<li><strong>Martes 17 de abril, 18 horas. Civivox Mendillorri<\/strong>\n<ul>\n<li><strong>Hablar, hablamos pero&#8230; \u00bfnos entendemos?<\/strong><\/li>\n<li>Ponente: Blas Campos, pedagogo, orientador familiar y de pareja<\/li>\n<li>Actividad adaptada para personas con discapacidad auditiva<\/li>\n<\/ul>\n<\/li>\n<\/ul>\n<p><strong>CURSOS<\/strong><\/p>\n<ul>\n<li><strong>La comunicaci\u00f3n en casa: entre mon\u00f3logos y di\u00e1logos <\/strong>\n<ul>\n<li>Del 25 de abril a 16 de mayo. Mi\u00e9rcoles, de 10 a 12 horas<\/li>\n<li>Civivox Condestable (10 euros)<\/li>\n<li>Impartido por Blas Campos, pedagogo, orientador familiar y de pareja<\/li>\n<\/ul>\n<\/li>\n<\/ul>\n<p>&nbsp;<\/p>\n","protected":false},"excerpt":{"rendered":"<p>La sesi\u00f3n la impartir\u00e1 el pedagogo y orientador familiar, Blas Campos, a partir de las 18 horas, con entrada libre<\/p>\n","protected":false},"author":1,"featured_media":11011,"comment_status":"open","ping_status":"closed","sticky":false,"template":"","format":"standard","meta":{"footnotes":""},"categories":[2],"tags":[],"class_list":["post-16941","post","type-post","status-publish","format-standard","has-post-thumbnail","hentry","category-ayuntamiento-pamplona"],"yoast_head":"<!-- This site is optimized with the Yoast SEO plugin v27.3 - https:\/\/yoast.com\/product\/yoast-seo-wordpress\/ -->\n<title>Una charla sobre c\u00f3mo hablamos y nos entendemos en casa cierra ma\u00f1ana martes en Civivox Mendillorri el cuatrimestre de la Escuela de Madres y Padres<\/title>\n<meta name=\"robots\" content=\"index, follow, max-snippet:-1, max-image-preview:large, max-video-preview:-1\" \/>\n<link rel=\"canonical\" href=\"https:\/\/www.laguiadepamplona.com\/actualidad\/una-charla-sobre-como-hablamos-y-nos-entendemos-en-casa-cierra-manana-martes-en-civivox-mendillorri-el-cuatrimestre-de-la-escuela-de-madres-y-padres\/\" \/>\n<meta property=\"og:locale\" content=\"es_ES\" \/>\n<meta property=\"og:type\" content=\"article\" \/>\n<meta property=\"og:title\" content=\"Una charla sobre c\u00f3mo hablamos y nos entendemos en casa cierra ma\u00f1ana martes en Civivox Mendillorri el cuatrimestre de la Escuela de Madres y Padres\" \/>\n<meta property=\"og:description\" content=\"La sesi\u00f3n la impartir\u00e1 el pedagogo y orientador familiar, Blas Campos, a partir de las 18 horas, con entrada libre\" \/>\n<meta property=\"og:url\" content=\"https:\/\/www.laguiadepamplona.com\/actualidad\/una-charla-sobre-como-hablamos-y-nos-entendemos-en-casa-cierra-manana-martes-en-civivox-mendillorri-el-cuatrimestre-de-la-escuela-de-madres-y-padres\/\" \/>\n<meta property=\"og:site_name\" content=\"La Gu\u00eda de Pamplona\" \/>\n<meta property=\"article:publisher\" content=\"https:\/\/www.facebook.com\/laguiadepamplonacom-133175176762273\/?ref=hl\" \/>\n<meta property=\"article:published_time\" content=\"2018-04-16T10:39:15+00:00\" \/>\n<meta property=\"og:image\" content=\"https:\/\/www.laguiadepamplona.com\/actualidad\/wp-content\/uploads\/2016\/12\/civivox-mendillorri.jpg\" \/>\n\t<meta property=\"og:image:width\" content=\"870\" \/>\n\t<meta property=\"og:image:height\" content=\"390\" \/>\n\t<meta property=\"og:image:type\" content=\"image\/jpeg\" \/>\n<meta name=\"author\" content=\"La Gu\u00eda de Pamplona\" \/>\n<meta name=\"twitter:card\" content=\"summary_large_image\" \/>\n<meta name=\"twitter:creator\" content=\"@LaGuiadPamplona\" \/>\n<meta name=\"twitter:site\" content=\"@LaGuiadPamplona\" \/>\n<meta name=\"twitter:label1\" content=\"Escrito por\" \/>\n\t<meta name=\"twitter:data1\" content=\"La Gu\u00eda de Pamplona\" \/>\n\t<meta name=\"twitter:label2\" content=\"Tiempo de lectura\" \/>\n\t<meta name=\"twitter:data2\" content=\"2 minutos\" \/>\n<script type=\"application\/ld+json\" class=\"yoast-schema-graph\">{\"@context\":\"https:\\\/\\\/schema.org\",\"@graph\":[{\"@type\":\"Article\",\"@id\":\"https:\\\/\\\/www.laguiadepamplona.com\\\/actualidad\\\/una-charla-sobre-como-hablamos-y-nos-entendemos-en-casa-cierra-manana-martes-en-civivox-mendillorri-el-cuatrimestre-de-la-escuela-de-madres-y-padres\\\/#article\",\"isPartOf\":{\"@id\":\"https:\\\/\\\/www.laguiadepamplona.com\\\/actualidad\\\/una-charla-sobre-como-hablamos-y-nos-entendemos-en-casa-cierra-manana-martes-en-civivox-mendillorri-el-cuatrimestre-de-la-escuela-de-madres-y-padres\\\/\"},\"author\":{\"name\":\"La Gu\u00eda de Pamplona\",\"@id\":\"https:\\\/\\\/www.laguiadepamplona.com\\\/actualidad\\\/#\\\/schema\\\/person\\\/efe887376f0213d4657c93adc50b1fdb\"},\"headline\":\"Una charla sobre c\u00f3mo hablamos y nos entendemos en casa cierra ma\u00f1ana martes en Civivox Mendillorri el cuatrimestre de la Escuela de Madres y Padres\",\"datePublished\":\"2018-04-16T10:39:15+00:00\",\"mainEntityOfPage\":{\"@id\":\"https:\\\/\\\/www.laguiadepamplona.com\\\/actualidad\\\/una-charla-sobre-como-hablamos-y-nos-entendemos-en-casa-cierra-manana-martes-en-civivox-mendillorri-el-cuatrimestre-de-la-escuela-de-madres-y-padres\\\/\"},\"wordCount\":349,\"commentCount\":0,\"publisher\":{\"@id\":\"https:\\\/\\\/www.laguiadepamplona.com\\\/actualidad\\\/#organization\"},\"image\":{\"@id\":\"https:\\\/\\\/www.laguiadepamplona.com\\\/actualidad\\\/una-charla-sobre-como-hablamos-y-nos-entendemos-en-casa-cierra-manana-martes-en-civivox-mendillorri-el-cuatrimestre-de-la-escuela-de-madres-y-padres\\\/#primaryimage\"},\"thumbnailUrl\":\"https:\\\/\\\/www.laguiadepamplona.com\\\/actualidad\\\/wp-content\\\/uploads\\\/2016\\\/12\\\/civivox-mendillorri.jpg\",\"articleSection\":[\"Ayto Pamplona\"],\"inLanguage\":\"es\",\"potentialAction\":[{\"@type\":\"CommentAction\",\"name\":\"Comment\",\"target\":[\"https:\\\/\\\/www.laguiadepamplona.com\\\/actualidad\\\/una-charla-sobre-como-hablamos-y-nos-entendemos-en-casa-cierra-manana-martes-en-civivox-mendillorri-el-cuatrimestre-de-la-escuela-de-madres-y-padres\\\/#respond\"]}]},{\"@type\":\"WebPage\",\"@id\":\"https:\\\/\\\/www.laguiadepamplona.com\\\/actualidad\\\/una-charla-sobre-como-hablamos-y-nos-entendemos-en-casa-cierra-manana-martes-en-civivox-mendillorri-el-cuatrimestre-de-la-escuela-de-madres-y-padres\\\/\",\"url\":\"https:\\\/\\\/www.laguiadepamplona.com\\\/actualidad\\\/una-charla-sobre-como-hablamos-y-nos-entendemos-en-casa-cierra-manana-martes-en-civivox-mendillorri-el-cuatrimestre-de-la-escuela-de-madres-y-padres\\\/\",\"name\":\"Una charla sobre c\u00f3mo hablamos y nos entendemos en casa cierra ma\u00f1ana martes en Civivox Mendillorri el cuatrimestre de la Escuela de Madres y Padres\",\"isPartOf\":{\"@id\":\"https:\\\/\\\/www.laguiadepamplona.com\\\/actualidad\\\/#website\"},\"primaryImageOfPage\":{\"@id\":\"https:\\\/\\\/www.laguiadepamplona.com\\\/actualidad\\\/una-charla-sobre-como-hablamos-y-nos-entendemos-en-casa-cierra-manana-martes-en-civivox-mendillorri-el-cuatrimestre-de-la-escuela-de-madres-y-padres\\\/#primaryimage\"},\"image\":{\"@id\":\"https:\\\/\\\/www.laguiadepamplona.com\\\/actualidad\\\/una-charla-sobre-como-hablamos-y-nos-entendemos-en-casa-cierra-manana-martes-en-civivox-mendillorri-el-cuatrimestre-de-la-escuela-de-madres-y-padres\\\/#primaryimage\"},\"thumbnailUrl\":\"https:\\\/\\\/www.laguiadepamplona.com\\\/actualidad\\\/wp-content\\\/uploads\\\/2016\\\/12\\\/civivox-mendillorri.jpg\",\"datePublished\":\"2018-04-16T10:39:15+00:00\",\"breadcrumb\":{\"@id\":\"https:\\\/\\\/www.laguiadepamplona.com\\\/actualidad\\\/una-charla-sobre-como-hablamos-y-nos-entendemos-en-casa-cierra-manana-martes-en-civivox-mendillorri-el-cuatrimestre-de-la-escuela-de-madres-y-padres\\\/#breadcrumb\"},\"inLanguage\":\"es\",\"potentialAction\":[{\"@type\":\"ReadAction\",\"target\":[\"https:\\\/\\\/www.laguiadepamplona.com\\\/actualidad\\\/una-charla-sobre-como-hablamos-y-nos-entendemos-en-casa-cierra-manana-martes-en-civivox-mendillorri-el-cuatrimestre-de-la-escuela-de-madres-y-padres\\\/\"]}]},{\"@type\":\"ImageObject\",\"inLanguage\":\"es\",\"@id\":\"https:\\\/\\\/www.laguiadepamplona.com\\\/actualidad\\\/una-charla-sobre-como-hablamos-y-nos-entendemos-en-casa-cierra-manana-martes-en-civivox-mendillorri-el-cuatrimestre-de-la-escuela-de-madres-y-padres\\\/#primaryimage\",\"url\":\"https:\\\/\\\/www.laguiadepamplona.com\\\/actualidad\\\/wp-content\\\/uploads\\\/2016\\\/12\\\/civivox-mendillorri.jpg\",\"contentUrl\":\"https:\\\/\\\/www.laguiadepamplona.com\\\/actualidad\\\/wp-content\\\/uploads\\\/2016\\\/12\\\/civivox-mendillorri.jpg\",\"width\":870,\"height\":390},{\"@type\":\"BreadcrumbList\",\"@id\":\"https:\\\/\\\/www.laguiadepamplona.com\\\/actualidad\\\/una-charla-sobre-como-hablamos-y-nos-entendemos-en-casa-cierra-manana-martes-en-civivox-mendillorri-el-cuatrimestre-de-la-escuela-de-madres-y-padres\\\/#breadcrumb\",\"itemListElement\":[{\"@type\":\"ListItem\",\"position\":1,\"name\":\"Portada\",\"item\":\"https:\\\/\\\/www.laguiadepamplona.com\\\/actualidad\\\/\"},{\"@type\":\"ListItem\",\"position\":2,\"name\":\"Una charla sobre c\u00f3mo hablamos y nos entendemos en casa cierra ma\u00f1ana martes en Civivox Mendillorri el cuatrimestre de la Escuela de Madres y Padres\"}]},{\"@type\":\"WebSite\",\"@id\":\"https:\\\/\\\/www.laguiadepamplona.com\\\/actualidad\\\/#website\",\"url\":\"https:\\\/\\\/www.laguiadepamplona.com\\\/actualidad\\\/\",\"name\":\"La gu\u00eda de Pamplona\",\"description\":\"Noticias de Pamplona\",\"publisher\":{\"@id\":\"https:\\\/\\\/www.laguiadepamplona.com\\\/actualidad\\\/#organization\"},\"potentialAction\":[{\"@type\":\"SearchAction\",\"target\":{\"@type\":\"EntryPoint\",\"urlTemplate\":\"https:\\\/\\\/www.laguiadepamplona.com\\\/actualidad\\\/?s={search_term_string}\"},\"query-input\":{\"@type\":\"PropertyValueSpecification\",\"valueRequired\":true,\"valueName\":\"search_term_string\"}}],\"inLanguage\":\"es\"},{\"@type\":\"Organization\",\"@id\":\"https:\\\/\\\/www.laguiadepamplona.com\\\/actualidad\\\/#organization\",\"name\":\"La Gu\u00eda de Pamplona \\\/ Noticias\",\"url\":\"https:\\\/\\\/www.laguiadepamplona.com\\\/actualidad\\\/\",\"logo\":{\"@type\":\"ImageObject\",\"inLanguage\":\"es\",\"@id\":\"https:\\\/\\\/www.laguiadepamplona.com\\\/actualidad\\\/#\\\/schema\\\/logo\\\/image\\\/\",\"url\":\"https:\\\/\\\/www.laguiadepamplona.com\\\/actualidad\\\/wp-content\\\/uploads\\\/2018\\\/11\\\/logo-laguiadepamplona18-web1.png\",\"contentUrl\":\"https:\\\/\\\/www.laguiadepamplona.com\\\/actualidad\\\/wp-content\\\/uploads\\\/2018\\\/11\\\/logo-laguiadepamplona18-web1.png\",\"width\":600,\"height\":196,\"caption\":\"La Gu\u00eda de Pamplona \\\/ Noticias\"},\"image\":{\"@id\":\"https:\\\/\\\/www.laguiadepamplona.com\\\/actualidad\\\/#\\\/schema\\\/logo\\\/image\\\/\"},\"sameAs\":[\"https:\\\/\\\/www.facebook.com\\\/laguiadepamplonacom-133175176762273\\\/?ref=hl\",\"https:\\\/\\\/x.com\\\/LaGuiadPamplona\",\"https:\\\/\\\/www.instagram.com\\\/la_guia_de_pamplona\\\/\",\"https:\\\/\\\/www.youtube.com\\\/user\\\/laguiadepamplona\"]},{\"@type\":\"Person\",\"@id\":\"https:\\\/\\\/www.laguiadepamplona.com\\\/actualidad\\\/#\\\/schema\\\/person\\\/efe887376f0213d4657c93adc50b1fdb\",\"name\":\"La Gu\u00eda de Pamplona\",\"image\":{\"@type\":\"ImageObject\",\"inLanguage\":\"es\",\"@id\":\"https:\\\/\\\/secure.gravatar.com\\\/avatar\\\/b6992f131dc8d30ab0dff15446e9d346d9dbd95992de0fef795073f5ea83a81c?s=96&d=mm&r=g\",\"url\":\"https:\\\/\\\/secure.gravatar.com\\\/avatar\\\/b6992f131dc8d30ab0dff15446e9d346d9dbd95992de0fef795073f5ea83a81c?s=96&d=mm&r=g\",\"contentUrl\":\"https:\\\/\\\/secure.gravatar.com\\\/avatar\\\/b6992f131dc8d30ab0dff15446e9d346d9dbd95992de0fef795073f5ea83a81c?s=96&d=mm&r=g\",\"caption\":\"La Gu\u00eda de Pamplona\"}}]}<\/script>\n<!-- \/ Yoast SEO plugin. -->","yoast_head_json":{"title":"Una charla sobre c\u00f3mo hablamos y nos entendemos en casa cierra ma\u00f1ana martes en Civivox Mendillorri el cuatrimestre de la Escuela de Madres y Padres","robots":{"index":"index","follow":"follow","max-snippet":"max-snippet:-1","max-image-preview":"max-image-preview:large","max-video-preview":"max-video-preview:-1"},"canonical":"https:\/\/www.laguiadepamplona.com\/actualidad\/una-charla-sobre-como-hablamos-y-nos-entendemos-en-casa-cierra-manana-martes-en-civivox-mendillorri-el-cuatrimestre-de-la-escuela-de-madres-y-padres\/","og_locale":"es_ES","og_type":"article","og_title":"Una charla sobre c\u00f3mo hablamos y nos entendemos en casa cierra ma\u00f1ana martes en Civivox Mendillorri el cuatrimestre de la Escuela de Madres y Padres","og_description":"La sesi\u00f3n la impartir\u00e1 el pedagogo y orientador familiar, Blas Campos, a partir de las 18 horas, con entrada libre","og_url":"https:\/\/www.laguiadepamplona.com\/actualidad\/una-charla-sobre-como-hablamos-y-nos-entendemos-en-casa-cierra-manana-martes-en-civivox-mendillorri-el-cuatrimestre-de-la-escuela-de-madres-y-padres\/","og_site_name":"La Gu\u00eda de Pamplona","article_publisher":"https:\/\/www.facebook.com\/laguiadepamplonacom-133175176762273\/?ref=hl","article_published_time":"2018-04-16T10:39:15+00:00","og_image":[{"width":870,"height":390,"url":"https:\/\/www.laguiadepamplona.com\/actualidad\/wp-content\/uploads\/2016\/12\/civivox-mendillorri.jpg","type":"image\/jpeg"}],"author":"La Gu\u00eda de Pamplona","twitter_card":"summary_large_image","twitter_creator":"@LaGuiadPamplona","twitter_site":"@LaGuiadPamplona","twitter_misc":{"Escrito por":"La Gu\u00eda de Pamplona","Tiempo de lectura":"2 minutos"},"schema":{"@context":"https:\/\/schema.org","@graph":[{"@type":"Article","@id":"https:\/\/www.laguiadepamplona.com\/actualidad\/una-charla-sobre-como-hablamos-y-nos-entendemos-en-casa-cierra-manana-martes-en-civivox-mendillorri-el-cuatrimestre-de-la-escuela-de-madres-y-padres\/#article","isPartOf":{"@id":"https:\/\/www.laguiadepamplona.com\/actualidad\/una-charla-sobre-como-hablamos-y-nos-entendemos-en-casa-cierra-manana-martes-en-civivox-mendillorri-el-cuatrimestre-de-la-escuela-de-madres-y-padres\/"},"author":{"name":"La Gu\u00eda de Pamplona","@id":"https:\/\/www.laguiadepamplona.com\/actualidad\/#\/schema\/person\/efe887376f0213d4657c93adc50b1fdb"},"headline":"Una charla sobre c\u00f3mo hablamos y nos entendemos en casa cierra ma\u00f1ana martes en Civivox Mendillorri el cuatrimestre de la Escuela de Madres y Padres","datePublished":"2018-04-16T10:39:15+00:00","mainEntityOfPage":{"@id":"https:\/\/www.laguiadepamplona.com\/actualidad\/una-charla-sobre-como-hablamos-y-nos-entendemos-en-casa-cierra-manana-martes-en-civivox-mendillorri-el-cuatrimestre-de-la-escuela-de-madres-y-padres\/"},"wordCount":349,"commentCount":0,"publisher":{"@id":"https:\/\/www.laguiadepamplona.com\/actualidad\/#organization"},"image":{"@id":"https:\/\/www.laguiadepamplona.com\/actualidad\/una-charla-sobre-como-hablamos-y-nos-entendemos-en-casa-cierra-manana-martes-en-civivox-mendillorri-el-cuatrimestre-de-la-escuela-de-madres-y-padres\/#primaryimage"},"thumbnailUrl":"https:\/\/www.laguiadepamplona.com\/actualidad\/wp-content\/uploads\/2016\/12\/civivox-mendillorri.jpg","articleSection":["Ayto Pamplona"],"inLanguage":"es","potentialAction":[{"@type":"CommentAction","name":"Comment","target":["https:\/\/www.laguiadepamplona.com\/actualidad\/una-charla-sobre-como-hablamos-y-nos-entendemos-en-casa-cierra-manana-martes-en-civivox-mendillorri-el-cuatrimestre-de-la-escuela-de-madres-y-padres\/#respond"]}]},{"@type":"WebPage","@id":"https:\/\/www.laguiadepamplona.com\/actualidad\/una-charla-sobre-como-hablamos-y-nos-entendemos-en-casa-cierra-manana-martes-en-civivox-mendillorri-el-cuatrimestre-de-la-escuela-de-madres-y-padres\/","url":"https:\/\/www.laguiadepamplona.com\/actualidad\/una-charla-sobre-como-hablamos-y-nos-entendemos-en-casa-cierra-manana-martes-en-civivox-mendillorri-el-cuatrimestre-de-la-escuela-de-madres-y-padres\/","name":"Una charla sobre c\u00f3mo hablamos y nos entendemos en casa cierra ma\u00f1ana martes en Civivox Mendillorri el cuatrimestre de la Escuela de Madres y Padres","isPartOf":{"@id":"https:\/\/www.laguiadepamplona.com\/actualidad\/#website"},"primaryImageOfPage":{"@id":"https:\/\/www.laguiadepamplona.com\/actualidad\/una-charla-sobre-como-hablamos-y-nos-entendemos-en-casa-cierra-manana-martes-en-civivox-mendillorri-el-cuatrimestre-de-la-escuela-de-madres-y-padres\/#primaryimage"},"image":{"@id":"https:\/\/www.laguiadepamplona.com\/actualidad\/una-charla-sobre-como-hablamos-y-nos-entendemos-en-casa-cierra-manana-martes-en-civivox-mendillorri-el-cuatrimestre-de-la-escuela-de-madres-y-padres\/#primaryimage"},"thumbnailUrl":"https:\/\/www.laguiadepamplona.com\/actualidad\/wp-content\/uploads\/2016\/12\/civivox-mendillorri.jpg","datePublished":"2018-04-16T10:39:15+00:00","breadcrumb":{"@id":"https:\/\/www.laguiadepamplona.com\/actualidad\/una-charla-sobre-como-hablamos-y-nos-entendemos-en-casa-cierra-manana-martes-en-civivox-mendillorri-el-cuatrimestre-de-la-escuela-de-madres-y-padres\/#breadcrumb"},"inLanguage":"es","potentialAction":[{"@type":"ReadAction","target":["https:\/\/www.laguiadepamplona.com\/actualidad\/una-charla-sobre-como-hablamos-y-nos-entendemos-en-casa-cierra-manana-martes-en-civivox-mendillorri-el-cuatrimestre-de-la-escuela-de-madres-y-padres\/"]}]},{"@type":"ImageObject","inLanguage":"es","@id":"https:\/\/www.laguiadepamplona.com\/actualidad\/una-charla-sobre-como-hablamos-y-nos-entendemos-en-casa-cierra-manana-martes-en-civivox-mendillorri-el-cuatrimestre-de-la-escuela-de-madres-y-padres\/#primaryimage","url":"https:\/\/www.laguiadepamplona.com\/actualidad\/wp-content\/uploads\/2016\/12\/civivox-mendillorri.jpg","contentUrl":"https:\/\/www.laguiadepamplona.com\/actualidad\/wp-content\/uploads\/2016\/12\/civivox-mendillorri.jpg","width":870,"height":390},{"@type":"BreadcrumbList","@id":"https:\/\/www.laguiadepamplona.com\/actualidad\/una-charla-sobre-como-hablamos-y-nos-entendemos-en-casa-cierra-manana-martes-en-civivox-mendillorri-el-cuatrimestre-de-la-escuela-de-madres-y-padres\/#breadcrumb","itemListElement":[{"@type":"ListItem","position":1,"name":"Portada","item":"https:\/\/www.laguiadepamplona.com\/actualidad\/"},{"@type":"ListItem","position":2,"name":"Una charla sobre c\u00f3mo hablamos y nos entendemos en casa cierra ma\u00f1ana martes en Civivox Mendillorri el cuatrimestre de la Escuela de Madres y Padres"}]},{"@type":"WebSite","@id":"https:\/\/www.laguiadepamplona.com\/actualidad\/#website","url":"https:\/\/www.laguiadepamplona.com\/actualidad\/","name":"La gu\u00eda de Pamplona","description":"Noticias de Pamplona","publisher":{"@id":"https:\/\/www.laguiadepamplona.com\/actualidad\/#organization"},"potentialAction":[{"@type":"SearchAction","target":{"@type":"EntryPoint","urlTemplate":"https:\/\/www.laguiadepamplona.com\/actualidad\/?s={search_term_string}"},"query-input":{"@type":"PropertyValueSpecification","valueRequired":true,"valueName":"search_term_string"}}],"inLanguage":"es"},{"@type":"Organization","@id":"https:\/\/www.laguiadepamplona.com\/actualidad\/#organization","name":"La Gu\u00eda de Pamplona \/ Noticias","url":"https:\/\/www.laguiadepamplona.com\/actualidad\/","logo":{"@type":"ImageObject","inLanguage":"es","@id":"https:\/\/www.laguiadepamplona.com\/actualidad\/#\/schema\/logo\/image\/","url":"https:\/\/www.laguiadepamplona.com\/actualidad\/wp-content\/uploads\/2018\/11\/logo-laguiadepamplona18-web1.png","contentUrl":"https:\/\/www.laguiadepamplona.com\/actualidad\/wp-content\/uploads\/2018\/11\/logo-laguiadepamplona18-web1.png","width":600,"height":196,"caption":"La Gu\u00eda de Pamplona \/ Noticias"},"image":{"@id":"https:\/\/www.laguiadepamplona.com\/actualidad\/#\/schema\/logo\/image\/"},"sameAs":["https:\/\/www.facebook.com\/laguiadepamplonacom-133175176762273\/?ref=hl","https:\/\/x.com\/LaGuiadPamplona","https:\/\/www.instagram.com\/la_guia_de_pamplona\/","https:\/\/www.youtube.com\/user\/laguiadepamplona"]},{"@type":"Person","@id":"https:\/\/www.laguiadepamplona.com\/actualidad\/#\/schema\/person\/efe887376f0213d4657c93adc50b1fdb","name":"La Gu\u00eda de Pamplona","image":{"@type":"ImageObject","inLanguage":"es","@id":"https:\/\/secure.gravatar.com\/avatar\/b6992f131dc8d30ab0dff15446e9d346d9dbd95992de0fef795073f5ea83a81c?s=96&d=mm&r=g","url":"https:\/\/secure.gravatar.com\/avatar\/b6992f131dc8d30ab0dff15446e9d346d9dbd95992de0fef795073f5ea83a81c?s=96&d=mm&r=g","contentUrl":"https:\/\/secure.gravatar.com\/avatar\/b6992f131dc8d30ab0dff15446e9d346d9dbd95992de0fef795073f5ea83a81c?s=96&d=mm&r=g","caption":"La Gu\u00eda de Pamplona"}}]}},"post_mailing_queue_ids":[],"_links":{"self":[{"href":"https:\/\/www.laguiadepamplona.com\/actualidad\/wp-json\/wp\/v2\/posts\/16941","targetHints":{"allow":["GET"]}}],"collection":[{"href":"https:\/\/www.laguiadepamplona.com\/actualidad\/wp-json\/wp\/v2\/posts"}],"about":[{"href":"https:\/\/www.laguiadepamplona.com\/actualidad\/wp-json\/wp\/v2\/types\/post"}],"author":[{"embeddable":true,"href":"https:\/\/www.laguiadepamplona.com\/actualidad\/wp-json\/wp\/v2\/users\/1"}],"replies":[{"embeddable":true,"href":"https:\/\/www.laguiadepamplona.com\/actualidad\/wp-json\/wp\/v2\/comments?post=16941"}],"version-history":[{"count":0,"href":"https:\/\/www.laguiadepamplona.com\/actualidad\/wp-json\/wp\/v2\/posts\/16941\/revisions"}],"wp:featuredmedia":[{"embeddable":true,"href":"https:\/\/www.laguiadepamplona.com\/actualidad\/wp-json\/wp\/v2\/media\/11011"}],"wp:attachment":[{"href":"https:\/\/www.laguiadepamplona.com\/actualidad\/wp-json\/wp\/v2\/media?parent=16941"}],"wp:term":[{"taxonomy":"category","embeddable":true,"href":"https:\/\/www.laguiadepamplona.com\/actualidad\/wp-json\/wp\/v2\/categories?post=16941"},{"taxonomy":"post_tag","embeddable":true,"href":"https:\/\/www.laguiadepamplona.com\/actualidad\/wp-json\/wp\/v2\/tags?post=16941"}],"curies":[{"name":"wp","href":"https:\/\/api.w.org\/{rel}","templated":true}]}}