{"id":16937,"date":"2018-04-16T11:37:16","date_gmt":"2018-04-16T10:37:16","guid":{"rendered":"http:\/\/laguiadepamplona.es\/actualidad\/?p=16937"},"modified":"2018-04-16T11:38:09","modified_gmt":"2018-04-16T10:38:09","slug":"la-presentacion-de-un-mapa-del-tejido-social-alimentario-y-de-un-diagnostico-sobre-el-ruido-conferencias-del-martes-y-el-miercoles-en-el-museo-de-educacion-ambiental","status":"publish","type":"post","link":"https:\/\/www.laguiadepamplona.com\/actualidad\/la-presentacion-de-un-mapa-del-tejido-social-alimentario-y-de-un-diagnostico-sobre-el-ruido-conferencias-del-martes-y-el-miercoles-en-el-museo-de-educacion-ambiental\/","title":{"rendered":"La presentaci\u00f3n de un mapa del tejido social alimentario y de un diagn\u00f3stico sobre el ruido, conferencias del martes y el mi\u00e9rcoles en el Museo de Educaci\u00f3n Ambiental"},"content":{"rendered":"<h3>Ma\u00f1ana martes comienza un taller gratuito sobre flores y plantas urbanas, que todav\u00eda tiene abierta la inscripci\u00f3n<\/h3>\n<p><!--more--><\/p>\n<p>El Museo de Educaci\u00f3n Ambiental acoge esta semana varias actividades dentro de su programaci\u00f3n. El martes tendr\u00e1 lugar una conferencia en la que se presentar\u00e1 el proyecto Elikart, cartograf\u00eda del tejido social alimentario de Navarra, y el mi\u00e9rcoles ser\u00e1 el turno de una charla en la que se conocer\u00e1 el diagn\u00f3stico preliminar del ruido en Pamplona. Adem\u00e1s, ma\u00f1ana martes comenzar\u00e1 un taller sobre plantas y flores urbanas, que todav\u00eda tiene plazas libres. Todas las actividades son gratuitas.<\/p>\n<p><a href=\"http:\/\/laguiadepamplona.es\/actualidad\/wp-content\/uploads\/2018\/04\/18.04.16_proyecto_Elikart_medioambiente.jpg\"><img loading=\"lazy\" decoding=\"async\" class=\"alignleft size-medium wp-image-16939\" src=\"http:\/\/laguiadepamplona.es\/actualidad\/wp-content\/uploads\/2018\/04\/18.04.16_proyecto_Elikart_medioambiente-300x261.jpg\" alt=\"\" width=\"300\" height=\"261\" srcset=\"https:\/\/www.laguiadepamplona.com\/actualidad\/wp-content\/uploads\/2018\/04\/18.04.16_proyecto_Elikart_medioambiente-300x261.jpg 300w, https:\/\/www.laguiadepamplona.com\/actualidad\/wp-content\/uploads\/2018\/04\/18.04.16_proyecto_Elikart_medioambiente.jpg 592w\" sizes=\"auto, (max-width: 300px) 100vw, 300px\" \/><\/a>El Grupo Hazi Aroa presentar\u00e1 el martes, a las 18.30 horas, Elikart (de \u2018elika-\u2018, ra\u00edz de palabras sobre alimentaci\u00f3n en euskera, y kart, cartografia), proyecto mediante el que han construido un mapa virtual del tejido social alimentario en Navarra. Esta cartograf\u00eda, en permanente transformaci\u00f3n, como la realidad viva que pretende reflejar, se hace eco de un complejo y din\u00e1mico entramado de iniciativas agroecol\u00f3gicas. Asimismo, la web www.elikart.org pretende ser una referencia en el \u00e1mbito de la informaci\u00f3n sobre eventos, propuestas y novedades que ata\u00f1en a todo este tejido alimentario. Intervendr\u00e1n Txuri Ollo, Aida Romero, Lara Mar\u00edn y Xabi Jaso. La entrada es libre.<\/p>\n<p>El mi\u00e9rcoles, a las 19 horas, se hablar\u00e1 en el Museo de Educaci\u00f3n Ambiental del ruido y las ciudades. La consultora ICS Innova presentar\u00e1 los resultados del diagn\u00f3stico preliminar realizado en 2017 en Pamplona sobre contaminaci\u00f3n ac\u00fastica. Bel\u00e9n Ausejo, Sergio Bastida y Xabier Iturriza, que forman parte del equipo multidisciplinar de la consultora, detallar\u00e1n los datos de ese encargo del Ayuntamiento de Pamplona. El ruido ambiental es un\u00e1nimemente reconocido como uno de los principales problemas de salud y calidad de vida en el entorno urbano. Pamplona ha sido desde hace d\u00e9cadas un referente y modelo en el combate contra este problema. En la charla se har\u00e1 una breve introducci\u00f3n al concepto de la contaminaci\u00f3n ac\u00fastica y sus caracter\u00edsticas, y se describir\u00e1 cu\u00e1l es la situaci\u00f3n a d\u00eda de hoy.<\/p>\n<p><strong>Taller sobre flores y plantas en cuatro sesiones<\/strong><\/p>\n<p>Esta semana comienza tambi\u00e9n un taller de ciencia ciudadana sobre flores y plantas de la ciudad. La inscripci\u00f3n se mantiene abierta y quedan todav\u00eda plazas. El taller se desarrollar\u00e1 en cuatro sesiones los d\u00edas 17, 19, 21 y 24 de abril. Habr\u00e1 sesiones te\u00f3rico-pr\u00e1cticas en el propio Museo de Educaci\u00f3n Ambiental, de 19 a 20 horas, los d\u00edas 17, 19 y 24 y una salida el s\u00e1bado 21 de abril por la ma\u00f1ana, de 10 a 13 horas. El taller es gratuito y es necesario apuntarse a trav\u00e9s del tel\u00e9fono 010 o el 948 420 100. La edad m\u00ednima de inscripci\u00f3n es de 16 a\u00f1os.<\/p>\n<p>La realizaci\u00f3n de este taller de bot\u00e1nica pretende, por una parte, dar a conocer las plantas del entorno urbano y, por otra, contribuir a crear y formar un grupo de trabajo que conozca y difunda este conocimiento entre la ciudadan\u00eda a trav\u00e9s de plataformas web y aplicaciones de tel\u00e9fono. Se estudiar\u00e1 y se har\u00e1 una aproximaci\u00f3n tanto a la vegetaci\u00f3n plantada como silvestre. El taller ser\u00e1 impartido por F\u00e9lix Rey Bakaikoa y Juan Ignacio De\u00e1n.<\/p>\n<p>&nbsp;<\/p>\n","protected":false},"excerpt":{"rendered":"<p>Ma\u00f1ana martes comienza un taller gratuito sobre flores y plantas urbanas, que todav\u00eda tiene abierta la inscripci\u00f3n<\/p>\n","protected":false},"author":1,"featured_media":16939,"comment_status":"open","ping_status":"closed","sticky":false,"template":"","format":"standard","meta":{"footnotes":""},"categories":[2],"tags":[],"class_list":["post-16937","post","type-post","status-publish","format-standard","has-post-thumbnail","hentry","category-ayuntamiento-pamplona"],"yoast_head":"<!-- This site is optimized with the Yoast SEO plugin v27.3 - https:\/\/yoast.com\/product\/yoast-seo-wordpress\/ -->\n<title>La presentaci\u00f3n de un mapa del tejido social alimentario y de un diagn\u00f3stico sobre el ruido, conferencias del martes y el mi\u00e9rcoles en el Museo de Educaci\u00f3n Ambiental<\/title>\n<meta name=\"robots\" content=\"index, follow, max-snippet:-1, max-image-preview:large, max-video-preview:-1\" \/>\n<link rel=\"canonical\" href=\"https:\/\/www.laguiadepamplona.com\/actualidad\/la-presentacion-de-un-mapa-del-tejido-social-alimentario-y-de-un-diagnostico-sobre-el-ruido-conferencias-del-martes-y-el-miercoles-en-el-museo-de-educacion-ambiental\/\" \/>\n<meta property=\"og:locale\" content=\"es_ES\" \/>\n<meta property=\"og:type\" content=\"article\" \/>\n<meta property=\"og:title\" content=\"La presentaci\u00f3n de un mapa del tejido social alimentario y de un diagn\u00f3stico sobre el ruido, conferencias del martes y el mi\u00e9rcoles en el Museo de Educaci\u00f3n Ambiental\" \/>\n<meta property=\"og:description\" content=\"Ma\u00f1ana martes comienza un taller gratuito sobre flores y plantas urbanas, que todav\u00eda tiene abierta la inscripci\u00f3n\" \/>\n<meta property=\"og:url\" content=\"https:\/\/www.laguiadepamplona.com\/actualidad\/la-presentacion-de-un-mapa-del-tejido-social-alimentario-y-de-un-diagnostico-sobre-el-ruido-conferencias-del-martes-y-el-miercoles-en-el-museo-de-educacion-ambiental\/\" \/>\n<meta property=\"og:site_name\" content=\"La Gu\u00eda de Pamplona\" \/>\n<meta property=\"article:publisher\" content=\"https:\/\/www.facebook.com\/laguiadepamplonacom-133175176762273\/?ref=hl\" \/>\n<meta property=\"article:published_time\" content=\"2018-04-16T10:37:16+00:00\" \/>\n<meta property=\"article:modified_time\" content=\"2018-04-16T10:38:09+00:00\" \/>\n<meta property=\"og:image\" content=\"https:\/\/www.laguiadepamplona.com\/actualidad\/wp-content\/uploads\/2018\/04\/18.04.16_proyecto_Elikart_medioambiente.jpg\" \/>\n\t<meta property=\"og:image:width\" content=\"592\" \/>\n\t<meta property=\"og:image:height\" content=\"515\" \/>\n\t<meta property=\"og:image:type\" content=\"image\/jpeg\" \/>\n<meta name=\"author\" content=\"La Gu\u00eda de Pamplona\" \/>\n<meta name=\"twitter:card\" content=\"summary_large_image\" \/>\n<meta name=\"twitter:creator\" content=\"@LaGuiadPamplona\" \/>\n<meta name=\"twitter:site\" content=\"@LaGuiadPamplona\" \/>\n<meta name=\"twitter:label1\" content=\"Escrito por\" \/>\n\t<meta name=\"twitter:data1\" content=\"La Gu\u00eda de Pamplona\" \/>\n\t<meta name=\"twitter:label2\" content=\"Tiempo de lectura\" \/>\n\t<meta name=\"twitter:data2\" content=\"3 minutos\" \/>\n<script type=\"application\/ld+json\" class=\"yoast-schema-graph\">{\"@context\":\"https:\\\/\\\/schema.org\",\"@graph\":[{\"@type\":\"Article\",\"@id\":\"https:\\\/\\\/www.laguiadepamplona.com\\\/actualidad\\\/la-presentacion-de-un-mapa-del-tejido-social-alimentario-y-de-un-diagnostico-sobre-el-ruido-conferencias-del-martes-y-el-miercoles-en-el-museo-de-educacion-ambiental\\\/#article\",\"isPartOf\":{\"@id\":\"https:\\\/\\\/www.laguiadepamplona.com\\\/actualidad\\\/la-presentacion-de-un-mapa-del-tejido-social-alimentario-y-de-un-diagnostico-sobre-el-ruido-conferencias-del-martes-y-el-miercoles-en-el-museo-de-educacion-ambiental\\\/\"},\"author\":{\"name\":\"La Gu\u00eda de Pamplona\",\"@id\":\"https:\\\/\\\/www.laguiadepamplona.com\\\/actualidad\\\/#\\\/schema\\\/person\\\/efe887376f0213d4657c93adc50b1fdb\"},\"headline\":\"La presentaci\u00f3n de un mapa del tejido social alimentario y de un diagn\u00f3stico sobre el ruido, conferencias del martes y el mi\u00e9rcoles en el Museo de Educaci\u00f3n Ambiental\",\"datePublished\":\"2018-04-16T10:37:16+00:00\",\"dateModified\":\"2018-04-16T10:38:09+00:00\",\"mainEntityOfPage\":{\"@id\":\"https:\\\/\\\/www.laguiadepamplona.com\\\/actualidad\\\/la-presentacion-de-un-mapa-del-tejido-social-alimentario-y-de-un-diagnostico-sobre-el-ruido-conferencias-del-martes-y-el-miercoles-en-el-museo-de-educacion-ambiental\\\/\"},\"wordCount\":590,\"commentCount\":0,\"publisher\":{\"@id\":\"https:\\\/\\\/www.laguiadepamplona.com\\\/actualidad\\\/#organization\"},\"image\":{\"@id\":\"https:\\\/\\\/www.laguiadepamplona.com\\\/actualidad\\\/la-presentacion-de-un-mapa-del-tejido-social-alimentario-y-de-un-diagnostico-sobre-el-ruido-conferencias-del-martes-y-el-miercoles-en-el-museo-de-educacion-ambiental\\\/#primaryimage\"},\"thumbnailUrl\":\"https:\\\/\\\/www.laguiadepamplona.com\\\/actualidad\\\/wp-content\\\/uploads\\\/2018\\\/04\\\/18.04.16_proyecto_Elikart_medioambiente.jpg\",\"articleSection\":[\"Ayto Pamplona\"],\"inLanguage\":\"es\",\"potentialAction\":[{\"@type\":\"CommentAction\",\"name\":\"Comment\",\"target\":[\"https:\\\/\\\/www.laguiadepamplona.com\\\/actualidad\\\/la-presentacion-de-un-mapa-del-tejido-social-alimentario-y-de-un-diagnostico-sobre-el-ruido-conferencias-del-martes-y-el-miercoles-en-el-museo-de-educacion-ambiental\\\/#respond\"]}]},{\"@type\":\"WebPage\",\"@id\":\"https:\\\/\\\/www.laguiadepamplona.com\\\/actualidad\\\/la-presentacion-de-un-mapa-del-tejido-social-alimentario-y-de-un-diagnostico-sobre-el-ruido-conferencias-del-martes-y-el-miercoles-en-el-museo-de-educacion-ambiental\\\/\",\"url\":\"https:\\\/\\\/www.laguiadepamplona.com\\\/actualidad\\\/la-presentacion-de-un-mapa-del-tejido-social-alimentario-y-de-un-diagnostico-sobre-el-ruido-conferencias-del-martes-y-el-miercoles-en-el-museo-de-educacion-ambiental\\\/\",\"name\":\"La presentaci\u00f3n de un mapa del tejido social alimentario y de un diagn\u00f3stico sobre el ruido, conferencias del martes y el mi\u00e9rcoles en el Museo de Educaci\u00f3n Ambiental\",\"isPartOf\":{\"@id\":\"https:\\\/\\\/www.laguiadepamplona.com\\\/actualidad\\\/#website\"},\"primaryImageOfPage\":{\"@id\":\"https:\\\/\\\/www.laguiadepamplona.com\\\/actualidad\\\/la-presentacion-de-un-mapa-del-tejido-social-alimentario-y-de-un-diagnostico-sobre-el-ruido-conferencias-del-martes-y-el-miercoles-en-el-museo-de-educacion-ambiental\\\/#primaryimage\"},\"image\":{\"@id\":\"https:\\\/\\\/www.laguiadepamplona.com\\\/actualidad\\\/la-presentacion-de-un-mapa-del-tejido-social-alimentario-y-de-un-diagnostico-sobre-el-ruido-conferencias-del-martes-y-el-miercoles-en-el-museo-de-educacion-ambiental\\\/#primaryimage\"},\"thumbnailUrl\":\"https:\\\/\\\/www.laguiadepamplona.com\\\/actualidad\\\/wp-content\\\/uploads\\\/2018\\\/04\\\/18.04.16_proyecto_Elikart_medioambiente.jpg\",\"datePublished\":\"2018-04-16T10:37:16+00:00\",\"dateModified\":\"2018-04-16T10:38:09+00:00\",\"breadcrumb\":{\"@id\":\"https:\\\/\\\/www.laguiadepamplona.com\\\/actualidad\\\/la-presentacion-de-un-mapa-del-tejido-social-alimentario-y-de-un-diagnostico-sobre-el-ruido-conferencias-del-martes-y-el-miercoles-en-el-museo-de-educacion-ambiental\\\/#breadcrumb\"},\"inLanguage\":\"es\",\"potentialAction\":[{\"@type\":\"ReadAction\",\"target\":[\"https:\\\/\\\/www.laguiadepamplona.com\\\/actualidad\\\/la-presentacion-de-un-mapa-del-tejido-social-alimentario-y-de-un-diagnostico-sobre-el-ruido-conferencias-del-martes-y-el-miercoles-en-el-museo-de-educacion-ambiental\\\/\"]}]},{\"@type\":\"ImageObject\",\"inLanguage\":\"es\",\"@id\":\"https:\\\/\\\/www.laguiadepamplona.com\\\/actualidad\\\/la-presentacion-de-un-mapa-del-tejido-social-alimentario-y-de-un-diagnostico-sobre-el-ruido-conferencias-del-martes-y-el-miercoles-en-el-museo-de-educacion-ambiental\\\/#primaryimage\",\"url\":\"https:\\\/\\\/www.laguiadepamplona.com\\\/actualidad\\\/wp-content\\\/uploads\\\/2018\\\/04\\\/18.04.16_proyecto_Elikart_medioambiente.jpg\",\"contentUrl\":\"https:\\\/\\\/www.laguiadepamplona.com\\\/actualidad\\\/wp-content\\\/uploads\\\/2018\\\/04\\\/18.04.16_proyecto_Elikart_medioambiente.jpg\",\"width\":592,\"height\":515},{\"@type\":\"BreadcrumbList\",\"@id\":\"https:\\\/\\\/www.laguiadepamplona.com\\\/actualidad\\\/la-presentacion-de-un-mapa-del-tejido-social-alimentario-y-de-un-diagnostico-sobre-el-ruido-conferencias-del-martes-y-el-miercoles-en-el-museo-de-educacion-ambiental\\\/#breadcrumb\",\"itemListElement\":[{\"@type\":\"ListItem\",\"position\":1,\"name\":\"Portada\",\"item\":\"https:\\\/\\\/www.laguiadepamplona.com\\\/actualidad\\\/\"},{\"@type\":\"ListItem\",\"position\":2,\"name\":\"La presentaci\u00f3n de un mapa del tejido social alimentario y de un diagn\u00f3stico sobre el ruido, conferencias del martes y el mi\u00e9rcoles en el Museo de Educaci\u00f3n Ambiental\"}]},{\"@type\":\"WebSite\",\"@id\":\"https:\\\/\\\/www.laguiadepamplona.com\\\/actualidad\\\/#website\",\"url\":\"https:\\\/\\\/www.laguiadepamplona.com\\\/actualidad\\\/\",\"name\":\"La gu\u00eda de Pamplona\",\"description\":\"Noticias de Pamplona\",\"publisher\":{\"@id\":\"https:\\\/\\\/www.laguiadepamplona.com\\\/actualidad\\\/#organization\"},\"potentialAction\":[{\"@type\":\"SearchAction\",\"target\":{\"@type\":\"EntryPoint\",\"urlTemplate\":\"https:\\\/\\\/www.laguiadepamplona.com\\\/actualidad\\\/?s={search_term_string}\"},\"query-input\":{\"@type\":\"PropertyValueSpecification\",\"valueRequired\":true,\"valueName\":\"search_term_string\"}}],\"inLanguage\":\"es\"},{\"@type\":\"Organization\",\"@id\":\"https:\\\/\\\/www.laguiadepamplona.com\\\/actualidad\\\/#organization\",\"name\":\"La Gu\u00eda de Pamplona \\\/ Noticias\",\"url\":\"https:\\\/\\\/www.laguiadepamplona.com\\\/actualidad\\\/\",\"logo\":{\"@type\":\"ImageObject\",\"inLanguage\":\"es\",\"@id\":\"https:\\\/\\\/www.laguiadepamplona.com\\\/actualidad\\\/#\\\/schema\\\/logo\\\/image\\\/\",\"url\":\"https:\\\/\\\/www.laguiadepamplona.com\\\/actualidad\\\/wp-content\\\/uploads\\\/2018\\\/11\\\/logo-laguiadepamplona18-web1.png\",\"contentUrl\":\"https:\\\/\\\/www.laguiadepamplona.com\\\/actualidad\\\/wp-content\\\/uploads\\\/2018\\\/11\\\/logo-laguiadepamplona18-web1.png\",\"width\":600,\"height\":196,\"caption\":\"La Gu\u00eda de Pamplona \\\/ Noticias\"},\"image\":{\"@id\":\"https:\\\/\\\/www.laguiadepamplona.com\\\/actualidad\\\/#\\\/schema\\\/logo\\\/image\\\/\"},\"sameAs\":[\"https:\\\/\\\/www.facebook.com\\\/laguiadepamplonacom-133175176762273\\\/?ref=hl\",\"https:\\\/\\\/x.com\\\/LaGuiadPamplona\",\"https:\\\/\\\/www.instagram.com\\\/la_guia_de_pamplona\\\/\",\"https:\\\/\\\/www.youtube.com\\\/user\\\/laguiadepamplona\"]},{\"@type\":\"Person\",\"@id\":\"https:\\\/\\\/www.laguiadepamplona.com\\\/actualidad\\\/#\\\/schema\\\/person\\\/efe887376f0213d4657c93adc50b1fdb\",\"name\":\"La Gu\u00eda de Pamplona\",\"image\":{\"@type\":\"ImageObject\",\"inLanguage\":\"es\",\"@id\":\"https:\\\/\\\/secure.gravatar.com\\\/avatar\\\/b6992f131dc8d30ab0dff15446e9d346d9dbd95992de0fef795073f5ea83a81c?s=96&d=mm&r=g\",\"url\":\"https:\\\/\\\/secure.gravatar.com\\\/avatar\\\/b6992f131dc8d30ab0dff15446e9d346d9dbd95992de0fef795073f5ea83a81c?s=96&d=mm&r=g\",\"contentUrl\":\"https:\\\/\\\/secure.gravatar.com\\\/avatar\\\/b6992f131dc8d30ab0dff15446e9d346d9dbd95992de0fef795073f5ea83a81c?s=96&d=mm&r=g\",\"caption\":\"La Gu\u00eda de Pamplona\"}}]}<\/script>\n<!-- \/ Yoast SEO plugin. -->","yoast_head_json":{"title":"La presentaci\u00f3n de un mapa del tejido social alimentario y de un diagn\u00f3stico sobre el ruido, conferencias del martes y el mi\u00e9rcoles en el Museo de Educaci\u00f3n Ambiental","robots":{"index":"index","follow":"follow","max-snippet":"max-snippet:-1","max-image-preview":"max-image-preview:large","max-video-preview":"max-video-preview:-1"},"canonical":"https:\/\/www.laguiadepamplona.com\/actualidad\/la-presentacion-de-un-mapa-del-tejido-social-alimentario-y-de-un-diagnostico-sobre-el-ruido-conferencias-del-martes-y-el-miercoles-en-el-museo-de-educacion-ambiental\/","og_locale":"es_ES","og_type":"article","og_title":"La presentaci\u00f3n de un mapa del tejido social alimentario y de un diagn\u00f3stico sobre el ruido, conferencias del martes y el mi\u00e9rcoles en el Museo de Educaci\u00f3n Ambiental","og_description":"Ma\u00f1ana martes comienza un taller gratuito sobre flores y plantas urbanas, que todav\u00eda tiene abierta la inscripci\u00f3n","og_url":"https:\/\/www.laguiadepamplona.com\/actualidad\/la-presentacion-de-un-mapa-del-tejido-social-alimentario-y-de-un-diagnostico-sobre-el-ruido-conferencias-del-martes-y-el-miercoles-en-el-museo-de-educacion-ambiental\/","og_site_name":"La Gu\u00eda de Pamplona","article_publisher":"https:\/\/www.facebook.com\/laguiadepamplonacom-133175176762273\/?ref=hl","article_published_time":"2018-04-16T10:37:16+00:00","article_modified_time":"2018-04-16T10:38:09+00:00","og_image":[{"width":592,"height":515,"url":"https:\/\/www.laguiadepamplona.com\/actualidad\/wp-content\/uploads\/2018\/04\/18.04.16_proyecto_Elikart_medioambiente.jpg","type":"image\/jpeg"}],"author":"La Gu\u00eda de Pamplona","twitter_card":"summary_large_image","twitter_creator":"@LaGuiadPamplona","twitter_site":"@LaGuiadPamplona","twitter_misc":{"Escrito por":"La Gu\u00eda de Pamplona","Tiempo de lectura":"3 minutos"},"schema":{"@context":"https:\/\/schema.org","@graph":[{"@type":"Article","@id":"https:\/\/www.laguiadepamplona.com\/actualidad\/la-presentacion-de-un-mapa-del-tejido-social-alimentario-y-de-un-diagnostico-sobre-el-ruido-conferencias-del-martes-y-el-miercoles-en-el-museo-de-educacion-ambiental\/#article","isPartOf":{"@id":"https:\/\/www.laguiadepamplona.com\/actualidad\/la-presentacion-de-un-mapa-del-tejido-social-alimentario-y-de-un-diagnostico-sobre-el-ruido-conferencias-del-martes-y-el-miercoles-en-el-museo-de-educacion-ambiental\/"},"author":{"name":"La Gu\u00eda de Pamplona","@id":"https:\/\/www.laguiadepamplona.com\/actualidad\/#\/schema\/person\/efe887376f0213d4657c93adc50b1fdb"},"headline":"La presentaci\u00f3n de un mapa del tejido social alimentario y de un diagn\u00f3stico sobre el ruido, conferencias del martes y el mi\u00e9rcoles en el Museo de Educaci\u00f3n Ambiental","datePublished":"2018-04-16T10:37:16+00:00","dateModified":"2018-04-16T10:38:09+00:00","mainEntityOfPage":{"@id":"https:\/\/www.laguiadepamplona.com\/actualidad\/la-presentacion-de-un-mapa-del-tejido-social-alimentario-y-de-un-diagnostico-sobre-el-ruido-conferencias-del-martes-y-el-miercoles-en-el-museo-de-educacion-ambiental\/"},"wordCount":590,"commentCount":0,"publisher":{"@id":"https:\/\/www.laguiadepamplona.com\/actualidad\/#organization"},"image":{"@id":"https:\/\/www.laguiadepamplona.com\/actualidad\/la-presentacion-de-un-mapa-del-tejido-social-alimentario-y-de-un-diagnostico-sobre-el-ruido-conferencias-del-martes-y-el-miercoles-en-el-museo-de-educacion-ambiental\/#primaryimage"},"thumbnailUrl":"https:\/\/www.laguiadepamplona.com\/actualidad\/wp-content\/uploads\/2018\/04\/18.04.16_proyecto_Elikart_medioambiente.jpg","articleSection":["Ayto Pamplona"],"inLanguage":"es","potentialAction":[{"@type":"CommentAction","name":"Comment","target":["https:\/\/www.laguiadepamplona.com\/actualidad\/la-presentacion-de-un-mapa-del-tejido-social-alimentario-y-de-un-diagnostico-sobre-el-ruido-conferencias-del-martes-y-el-miercoles-en-el-museo-de-educacion-ambiental\/#respond"]}]},{"@type":"WebPage","@id":"https:\/\/www.laguiadepamplona.com\/actualidad\/la-presentacion-de-un-mapa-del-tejido-social-alimentario-y-de-un-diagnostico-sobre-el-ruido-conferencias-del-martes-y-el-miercoles-en-el-museo-de-educacion-ambiental\/","url":"https:\/\/www.laguiadepamplona.com\/actualidad\/la-presentacion-de-un-mapa-del-tejido-social-alimentario-y-de-un-diagnostico-sobre-el-ruido-conferencias-del-martes-y-el-miercoles-en-el-museo-de-educacion-ambiental\/","name":"La presentaci\u00f3n de un mapa del tejido social alimentario y de un diagn\u00f3stico sobre el ruido, conferencias del martes y el mi\u00e9rcoles en el Museo de Educaci\u00f3n Ambiental","isPartOf":{"@id":"https:\/\/www.laguiadepamplona.com\/actualidad\/#website"},"primaryImageOfPage":{"@id":"https:\/\/www.laguiadepamplona.com\/actualidad\/la-presentacion-de-un-mapa-del-tejido-social-alimentario-y-de-un-diagnostico-sobre-el-ruido-conferencias-del-martes-y-el-miercoles-en-el-museo-de-educacion-ambiental\/#primaryimage"},"image":{"@id":"https:\/\/www.laguiadepamplona.com\/actualidad\/la-presentacion-de-un-mapa-del-tejido-social-alimentario-y-de-un-diagnostico-sobre-el-ruido-conferencias-del-martes-y-el-miercoles-en-el-museo-de-educacion-ambiental\/#primaryimage"},"thumbnailUrl":"https:\/\/www.laguiadepamplona.com\/actualidad\/wp-content\/uploads\/2018\/04\/18.04.16_proyecto_Elikart_medioambiente.jpg","datePublished":"2018-04-16T10:37:16+00:00","dateModified":"2018-04-16T10:38:09+00:00","breadcrumb":{"@id":"https:\/\/www.laguiadepamplona.com\/actualidad\/la-presentacion-de-un-mapa-del-tejido-social-alimentario-y-de-un-diagnostico-sobre-el-ruido-conferencias-del-martes-y-el-miercoles-en-el-museo-de-educacion-ambiental\/#breadcrumb"},"inLanguage":"es","potentialAction":[{"@type":"ReadAction","target":["https:\/\/www.laguiadepamplona.com\/actualidad\/la-presentacion-de-un-mapa-del-tejido-social-alimentario-y-de-un-diagnostico-sobre-el-ruido-conferencias-del-martes-y-el-miercoles-en-el-museo-de-educacion-ambiental\/"]}]},{"@type":"ImageObject","inLanguage":"es","@id":"https:\/\/www.laguiadepamplona.com\/actualidad\/la-presentacion-de-un-mapa-del-tejido-social-alimentario-y-de-un-diagnostico-sobre-el-ruido-conferencias-del-martes-y-el-miercoles-en-el-museo-de-educacion-ambiental\/#primaryimage","url":"https:\/\/www.laguiadepamplona.com\/actualidad\/wp-content\/uploads\/2018\/04\/18.04.16_proyecto_Elikart_medioambiente.jpg","contentUrl":"https:\/\/www.laguiadepamplona.com\/actualidad\/wp-content\/uploads\/2018\/04\/18.04.16_proyecto_Elikart_medioambiente.jpg","width":592,"height":515},{"@type":"BreadcrumbList","@id":"https:\/\/www.laguiadepamplona.com\/actualidad\/la-presentacion-de-un-mapa-del-tejido-social-alimentario-y-de-un-diagnostico-sobre-el-ruido-conferencias-del-martes-y-el-miercoles-en-el-museo-de-educacion-ambiental\/#breadcrumb","itemListElement":[{"@type":"ListItem","position":1,"name":"Portada","item":"https:\/\/www.laguiadepamplona.com\/actualidad\/"},{"@type":"ListItem","position":2,"name":"La presentaci\u00f3n de un mapa del tejido social alimentario y de un diagn\u00f3stico sobre el ruido, conferencias del martes y el mi\u00e9rcoles en el Museo de Educaci\u00f3n Ambiental"}]},{"@type":"WebSite","@id":"https:\/\/www.laguiadepamplona.com\/actualidad\/#website","url":"https:\/\/www.laguiadepamplona.com\/actualidad\/","name":"La gu\u00eda de Pamplona","description":"Noticias de Pamplona","publisher":{"@id":"https:\/\/www.laguiadepamplona.com\/actualidad\/#organization"},"potentialAction":[{"@type":"SearchAction","target":{"@type":"EntryPoint","urlTemplate":"https:\/\/www.laguiadepamplona.com\/actualidad\/?s={search_term_string}"},"query-input":{"@type":"PropertyValueSpecification","valueRequired":true,"valueName":"search_term_string"}}],"inLanguage":"es"},{"@type":"Organization","@id":"https:\/\/www.laguiadepamplona.com\/actualidad\/#organization","name":"La Gu\u00eda de Pamplona \/ Noticias","url":"https:\/\/www.laguiadepamplona.com\/actualidad\/","logo":{"@type":"ImageObject","inLanguage":"es","@id":"https:\/\/www.laguiadepamplona.com\/actualidad\/#\/schema\/logo\/image\/","url":"https:\/\/www.laguiadepamplona.com\/actualidad\/wp-content\/uploads\/2018\/11\/logo-laguiadepamplona18-web1.png","contentUrl":"https:\/\/www.laguiadepamplona.com\/actualidad\/wp-content\/uploads\/2018\/11\/logo-laguiadepamplona18-web1.png","width":600,"height":196,"caption":"La Gu\u00eda de Pamplona \/ Noticias"},"image":{"@id":"https:\/\/www.laguiadepamplona.com\/actualidad\/#\/schema\/logo\/image\/"},"sameAs":["https:\/\/www.facebook.com\/laguiadepamplonacom-133175176762273\/?ref=hl","https:\/\/x.com\/LaGuiadPamplona","https:\/\/www.instagram.com\/la_guia_de_pamplona\/","https:\/\/www.youtube.com\/user\/laguiadepamplona"]},{"@type":"Person","@id":"https:\/\/www.laguiadepamplona.com\/actualidad\/#\/schema\/person\/efe887376f0213d4657c93adc50b1fdb","name":"La Gu\u00eda de Pamplona","image":{"@type":"ImageObject","inLanguage":"es","@id":"https:\/\/secure.gravatar.com\/avatar\/b6992f131dc8d30ab0dff15446e9d346d9dbd95992de0fef795073f5ea83a81c?s=96&d=mm&r=g","url":"https:\/\/secure.gravatar.com\/avatar\/b6992f131dc8d30ab0dff15446e9d346d9dbd95992de0fef795073f5ea83a81c?s=96&d=mm&r=g","contentUrl":"https:\/\/secure.gravatar.com\/avatar\/b6992f131dc8d30ab0dff15446e9d346d9dbd95992de0fef795073f5ea83a81c?s=96&d=mm&r=g","caption":"La Gu\u00eda de Pamplona"}}]}},"post_mailing_queue_ids":[],"_links":{"self":[{"href":"https:\/\/www.laguiadepamplona.com\/actualidad\/wp-json\/wp\/v2\/posts\/16937","targetHints":{"allow":["GET"]}}],"collection":[{"href":"https:\/\/www.laguiadepamplona.com\/actualidad\/wp-json\/wp\/v2\/posts"}],"about":[{"href":"https:\/\/www.laguiadepamplona.com\/actualidad\/wp-json\/wp\/v2\/types\/post"}],"author":[{"embeddable":true,"href":"https:\/\/www.laguiadepamplona.com\/actualidad\/wp-json\/wp\/v2\/users\/1"}],"replies":[{"embeddable":true,"href":"https:\/\/www.laguiadepamplona.com\/actualidad\/wp-json\/wp\/v2\/comments?post=16937"}],"version-history":[{"count":0,"href":"https:\/\/www.laguiadepamplona.com\/actualidad\/wp-json\/wp\/v2\/posts\/16937\/revisions"}],"wp:featuredmedia":[{"embeddable":true,"href":"https:\/\/www.laguiadepamplona.com\/actualidad\/wp-json\/wp\/v2\/media\/16939"}],"wp:attachment":[{"href":"https:\/\/www.laguiadepamplona.com\/actualidad\/wp-json\/wp\/v2\/media?parent=16937"}],"wp:term":[{"taxonomy":"category","embeddable":true,"href":"https:\/\/www.laguiadepamplona.com\/actualidad\/wp-json\/wp\/v2\/categories?post=16937"},{"taxonomy":"post_tag","embeddable":true,"href":"https:\/\/www.laguiadepamplona.com\/actualidad\/wp-json\/wp\/v2\/tags?post=16937"}],"curies":[{"name":"wp","href":"https:\/\/api.w.org\/{rel}","templated":true}]}}