{"id":16935,"date":"2018-04-16T11:35:34","date_gmt":"2018-04-16T10:35:34","guid":{"rendered":"http:\/\/laguiadepamplona.es\/actualidad\/?p=16935"},"modified":"2018-04-16T11:35:34","modified_gmt":"2018-04-16T10:35:34","slug":"el-ayuntamiento-aborda-esta-semana-en-unas-jornadas-la-construccion-de-las-masculinidades-y-el-papel-de-los-hombres-en-la-lucha-por-la-igualdad","status":"publish","type":"post","link":"https:\/\/www.laguiadepamplona.com\/actualidad\/el-ayuntamiento-aborda-esta-semana-en-unas-jornadas-la-construccion-de-las-masculinidades-y-el-papel-de-los-hombres-en-la-lucha-por-la-igualdad\/","title":{"rendered":"El Ayuntamiento aborda esta semana en unas jornadas la construcci\u00f3n de las masculinidades y el papel de los hombres en la lucha por la igualdad"},"content":{"rendered":"<h3>\u2018Masculinidad(es)\u2019 presenta una muestra y dos charlas con las que reflexionar sobre la asignaci\u00f3n de roles y los mandatos de g\u00e9nero<\/h3>\n<p><!--more--><\/p>\n<p>El Ayuntamiento de Pamplona ha organizado unas jornadas sobre \u2018Masculinidad(es)\u2019 que servir\u00e1n para reflexionar sobre la asignaci\u00f3n de roles y los mandatos de g\u00e9nero. A lo largo de esta semana, en una exposici\u00f3n, una mesa redonda y una charla se abordar\u00e1n temas como la construcci\u00f3n de las masculinidades, el papel de los hombres en la lucha por la igualdad, los obst\u00e1culos para el cambio o los nuevos retos, entre otros. El programa se ha organizado, tal y como ha explicado la concejala delegada de Igualdad y LGTBI, Laura Berro, desde el convencimiento de que la igualdad es un valor, no solo de justicia sino de bienestar para toda la ciudadan\u00eda, incluidos los hombres, por lo que les ha invitado expresamente a pensar, debatir y activarse a favor de la igualdad real. En la rueda de prensa tambi\u00e9n han participado la directora del \u00c1rea de Participaci\u00f3n Ciudadana y Empoderamiento Social y del \u00c1rea de Igualdad y LGTBI, Ana Gil, y la y la t\u00e9cnica de Igualdad, Zaloa Basabe.<\/p>\n<p>Con esta iniciativa el \u00c1rea de Igualdad y LGTBI quiere promover la reflexi\u00f3n sobre los valores que sustentan la denominada masculinidad hegem\u00f3nica as\u00ed como impulsar nuevos referentes de masculinidades que, cuestionando los privilegios otorgados en un sistema patriarcal, se construyen como agentes imprescindibles para la consecuci\u00f3n de la igualdad real entre mujeres y hombres. El III Plan de Igualdad de Pamplona hace referencia a la necesidad de incidir sobre la implicaci\u00f3n de los hombres en la lucha por la igualdad, pasando necesariamente esta participaci\u00f3n por un cambio de valores, un reparto equitativo de recursos y de trabajos y una transformaci\u00f3n en las relaciones con las mujeres en todos y cada uno de los \u00e1mbitos de la vida. Tambi\u00e9n supone la identificaci\u00f3n de situaciones de ejercicio de poder y\/o dominaci\u00f3n y la renuncia a ellas as\u00ed como el rechazo a otras que pudieran detectarse.<\/p>\n<p><strong>Exposici\u00f3n toda la semana, mesa redonda el martes y charla el jueves<\/strong><\/p>\n<p>La primera de las actividades de las jornadas se prolongar\u00e1 durante toda la semana y consistir\u00e1 en una exposici\u00f3n fotogr\u00e1fica realizada por el grupo de masculinidades Pipertxuri que puede ser visitada en el Centro de Documentaci\u00f3n de IPES situado en la calle Descalzos, 72.<\/p>\n<p>El mismo centro, adem\u00e1s, pone a disposici\u00f3n de la ciudadan\u00eda a lo largo del tiempo que duran las jornadas una selecci\u00f3n de material bibliogr\u00e1fico sobre masculinidades para las personas que deseen profundizar sobre el tema. As\u00ed habr\u00e1 vol\u00famenes de narrativa, ensayos, estudios, c\u00f3mics, cuentos, etc. El horario de visita es de 10 a 14 horas por las ma\u00f1anas de lunes a viernes y las tardes de martes y jueves de 18 a 20 horas.<\/p>\n<p>El martes 17 de abril, tendr\u00e1 lugar la mesa redonda \u2018\u00bfPara qu\u00e9 sirven los grupos de hombres?\u2019 en la que grupos de hombres de diferentes partes del Estado y con distintas trayectorias plantear\u00e1n sus recorridos en el \u00e1mbito del asociacionismo y el activismo por la igualdad y reflexionar\u00e1n sobre obst\u00e1culos y nuevos retos. En la sesi\u00f3n participar\u00e1n Roberto Sanz (AIGHE, Madrid), Mikel Otxotorena (ON:GIZ, Vitoria-Gasteiz) y Montxo Gota Vega (ERAIKIZ, Navarra). Se celebrar\u00e1 en el Edifico de Descalzos (calle Descalzos, 56 2\u00aa planta) a las 18.30 horas.<\/p>\n<p>En el mismo sitio y a la misma hora, el jueves 19 de abril, el profesor y asesor del programa de coeducaci\u00f3n \u2018Skolae\u2019, Miguel \u00c1ngel Arconada, dar\u00e1 una charla titulada \u2018\u00bfNuevas? Masculinidades y feminismos\u2019. En ella abordar\u00e1 diferentes aspectos relacionados con la construcci\u00f3n de las masculinidades as\u00ed como el papel de los hombres en la lucha por la igualdad en tiempos en los que el feminismo se presenta en la sociedad con fuerzas renovadas y como un movimiento de transformaci\u00f3n social ineludible.<\/p>\n<p><strong>Privilegios, micromachismos y alternativas al modelo tradicional de masculinidad<\/strong><\/p>\n<p>Las jornadas han estado precedidas por el inicio de un curso en la Escuela Municipal de Empoderamiento (EMEP) que lleva por t\u00edtulo \u2018Masculinidades: avanzando hacia la igualdad\u2019. Impartido por Jabi Arakama Urtiaga y Montxo Gota Vega est\u00e1 reuniendo a hombres dispuestos a reflexionar en torno al g\u00e9nero y las nuevas masculinidades. Trabajan sobre identificaci\u00f3n y cuestionamiento de sus privilegios, an\u00e1lisis de los mircromachismos y alternativas al modelo tradicional de masculinidad.<\/p>\n<p>Estas Jornadas, que responde al objetivo recogido en el III Plan de Igualdad de promover la reflexi\u00f3n sobre la asignaci\u00f3n de roles y mandatos de g\u00e9nero proporcionando recursos que permitan la construcci\u00f3n de nuevos modelos, son un paso m\u00e1s en el compromiso del \u00c1rea de Igualdad y LGTBI por profundizar y posibilitar cambios de valores hacia unas relaciones y sociedades igualitarias. Ejemplos de este compromiso son, por ejemplo, las m\u00e1s de veinte ediciones de los talleres de autonom\u00eda y corresponsabilidad y los cursos propuestos desde la EMEP. Asimismo, la necesidad de implicar a los hombres de una manera m\u00e1s activa en la prevenci\u00f3n y erradicaci\u00f3n de la violencia hacia las mujeres sigue presente en las campa\u00f1as impulsadas por el Consistorio pamplon\u00e9s, tanto en la de Sanfermines como en las de las fiestas de los barrios.<\/p>\n<p><strong>\u00a0\u2018Masculinidad(es)\u2019. Jornadas<\/strong><\/p>\n<ul>\n<li><strong>Exposici\u00f3n fotograf\u00eda del grupo de masculinidades Pipertxuri<\/strong><\/li>\n<li>Hasta el 20 de abril. Centro de Documentaci\u00f3n de IPES ( calle Descalzos, 72). De 10 a 14 horas de lunes a viernes y de 18 a 20 horas martes y jueves.<\/li>\n<li><strong>Mesa redonda \u2018\u00bfPara qu\u00e9 sirven los grupos de hombres?\u2019<\/strong><\/li>\n<li>Con Roberto Sanz (AIGHE, Madrid), Mikel Otxotorena (ON:GIZ, Vitoria-Gasteiz) y Montxo Gota Vega (ERAIKIZ, Navarra)<\/li>\n<li>Martes 17 de abril. Edificio de Descalzos (calle Descalzos, 56 2\u00aa planta). 18.30 horas<\/li>\n<li><strong>Charla \u2018\u00bfNuevas? Masculinidades y feminismos<\/strong><\/li>\n<li>Con Miguel \u00c1ngel Arconada, profesor y asesor del programa de coeducaci\u00f3n \u2018Skolae\u2019<\/li>\n<li>Jueves 19 de abril. Edificio de Descalzos (calle Descalzos, 56 2\u00aa planta). 18.30 horas<\/li>\n<\/ul>\n<p>&nbsp;<\/p>\n","protected":false},"excerpt":{"rendered":"<p>\u2018Masculinidad(es)\u2019 presenta una muestra y dos charlas con las que reflexionar sobre la asignaci\u00f3n de roles y los mandatos de g\u00e9nero<\/p>\n","protected":false},"author":1,"featured_media":10979,"comment_status":"open","ping_status":"closed","sticky":false,"template":"","format":"standard","meta":{"footnotes":""},"categories":[2],"tags":[],"class_list":["post-16935","post","type-post","status-publish","format-standard","has-post-thumbnail","hentry","category-ayuntamiento-pamplona"],"yoast_head":"<!-- This site is optimized with the Yoast SEO plugin v27.3 - https:\/\/yoast.com\/product\/yoast-seo-wordpress\/ -->\n<title>El Ayuntamiento aborda esta semana en unas jornadas la construcci\u00f3n de las masculinidades y el papel de los hombres en la lucha por la igualdad<\/title>\n<meta name=\"robots\" content=\"index, follow, max-snippet:-1, max-image-preview:large, max-video-preview:-1\" \/>\n<link rel=\"canonical\" href=\"https:\/\/www.laguiadepamplona.com\/actualidad\/el-ayuntamiento-aborda-esta-semana-en-unas-jornadas-la-construccion-de-las-masculinidades-y-el-papel-de-los-hombres-en-la-lucha-por-la-igualdad\/\" \/>\n<meta property=\"og:locale\" content=\"es_ES\" \/>\n<meta property=\"og:type\" content=\"article\" \/>\n<meta property=\"og:title\" content=\"El Ayuntamiento aborda esta semana en unas jornadas la construcci\u00f3n de las masculinidades y el papel de los hombres en la lucha por la igualdad\" \/>\n<meta property=\"og:description\" content=\"\u2018Masculinidad(es)\u2019 presenta una muestra y dos charlas con las que reflexionar sobre la asignaci\u00f3n de roles y los mandatos de g\u00e9nero\" \/>\n<meta property=\"og:url\" content=\"https:\/\/www.laguiadepamplona.com\/actualidad\/el-ayuntamiento-aborda-esta-semana-en-unas-jornadas-la-construccion-de-las-masculinidades-y-el-papel-de-los-hombres-en-la-lucha-por-la-igualdad\/\" \/>\n<meta property=\"og:site_name\" content=\"La Gu\u00eda de Pamplona\" \/>\n<meta property=\"article:publisher\" content=\"https:\/\/www.facebook.com\/laguiadepamplonacom-133175176762273\/?ref=hl\" \/>\n<meta property=\"article:published_time\" content=\"2018-04-16T10:35:34+00:00\" \/>\n<meta property=\"og:image\" content=\"https:\/\/www.laguiadepamplona.com\/actualidad\/wp-content\/uploads\/2016\/11\/Ayto_Pamplona.jpg\" \/>\n\t<meta property=\"og:image:width\" content=\"900\" \/>\n\t<meta property=\"og:image:height\" content=\"675\" \/>\n\t<meta property=\"og:image:type\" content=\"image\/jpeg\" \/>\n<meta name=\"author\" content=\"La Gu\u00eda de Pamplona\" \/>\n<meta name=\"twitter:card\" content=\"summary_large_image\" \/>\n<meta name=\"twitter:creator\" content=\"@LaGuiadPamplona\" \/>\n<meta name=\"twitter:site\" content=\"@LaGuiadPamplona\" \/>\n<meta name=\"twitter:label1\" content=\"Escrito por\" \/>\n\t<meta name=\"twitter:data1\" content=\"La Gu\u00eda de Pamplona\" \/>\n\t<meta name=\"twitter:label2\" content=\"Tiempo de lectura\" \/>\n\t<meta name=\"twitter:data2\" content=\"5 minutos\" \/>\n<script type=\"application\/ld+json\" class=\"yoast-schema-graph\">{\"@context\":\"https:\\\/\\\/schema.org\",\"@graph\":[{\"@type\":\"Article\",\"@id\":\"https:\\\/\\\/www.laguiadepamplona.com\\\/actualidad\\\/el-ayuntamiento-aborda-esta-semana-en-unas-jornadas-la-construccion-de-las-masculinidades-y-el-papel-de-los-hombres-en-la-lucha-por-la-igualdad\\\/#article\",\"isPartOf\":{\"@id\":\"https:\\\/\\\/www.laguiadepamplona.com\\\/actualidad\\\/el-ayuntamiento-aborda-esta-semana-en-unas-jornadas-la-construccion-de-las-masculinidades-y-el-papel-de-los-hombres-en-la-lucha-por-la-igualdad\\\/\"},\"author\":{\"name\":\"La Gu\u00eda de Pamplona\",\"@id\":\"https:\\\/\\\/www.laguiadepamplona.com\\\/actualidad\\\/#\\\/schema\\\/person\\\/efe887376f0213d4657c93adc50b1fdb\"},\"headline\":\"El Ayuntamiento aborda esta semana en unas jornadas la construcci\u00f3n de las masculinidades y el papel de los hombres en la lucha por la igualdad\",\"datePublished\":\"2018-04-16T10:35:34+00:00\",\"mainEntityOfPage\":{\"@id\":\"https:\\\/\\\/www.laguiadepamplona.com\\\/actualidad\\\/el-ayuntamiento-aborda-esta-semana-en-unas-jornadas-la-construccion-de-las-masculinidades-y-el-papel-de-los-hombres-en-la-lucha-por-la-igualdad\\\/\"},\"wordCount\":1024,\"commentCount\":0,\"publisher\":{\"@id\":\"https:\\\/\\\/www.laguiadepamplona.com\\\/actualidad\\\/#organization\"},\"image\":{\"@id\":\"https:\\\/\\\/www.laguiadepamplona.com\\\/actualidad\\\/el-ayuntamiento-aborda-esta-semana-en-unas-jornadas-la-construccion-de-las-masculinidades-y-el-papel-de-los-hombres-en-la-lucha-por-la-igualdad\\\/#primaryimage\"},\"thumbnailUrl\":\"https:\\\/\\\/www.laguiadepamplona.com\\\/actualidad\\\/wp-content\\\/uploads\\\/2016\\\/11\\\/Ayto_Pamplona.jpg\",\"articleSection\":[\"Ayto Pamplona\"],\"inLanguage\":\"es\",\"potentialAction\":[{\"@type\":\"CommentAction\",\"name\":\"Comment\",\"target\":[\"https:\\\/\\\/www.laguiadepamplona.com\\\/actualidad\\\/el-ayuntamiento-aborda-esta-semana-en-unas-jornadas-la-construccion-de-las-masculinidades-y-el-papel-de-los-hombres-en-la-lucha-por-la-igualdad\\\/#respond\"]}]},{\"@type\":\"WebPage\",\"@id\":\"https:\\\/\\\/www.laguiadepamplona.com\\\/actualidad\\\/el-ayuntamiento-aborda-esta-semana-en-unas-jornadas-la-construccion-de-las-masculinidades-y-el-papel-de-los-hombres-en-la-lucha-por-la-igualdad\\\/\",\"url\":\"https:\\\/\\\/www.laguiadepamplona.com\\\/actualidad\\\/el-ayuntamiento-aborda-esta-semana-en-unas-jornadas-la-construccion-de-las-masculinidades-y-el-papel-de-los-hombres-en-la-lucha-por-la-igualdad\\\/\",\"name\":\"El Ayuntamiento aborda esta semana en unas jornadas la construcci\u00f3n de las masculinidades y el papel de los hombres en la lucha por la igualdad\",\"isPartOf\":{\"@id\":\"https:\\\/\\\/www.laguiadepamplona.com\\\/actualidad\\\/#website\"},\"primaryImageOfPage\":{\"@id\":\"https:\\\/\\\/www.laguiadepamplona.com\\\/actualidad\\\/el-ayuntamiento-aborda-esta-semana-en-unas-jornadas-la-construccion-de-las-masculinidades-y-el-papel-de-los-hombres-en-la-lucha-por-la-igualdad\\\/#primaryimage\"},\"image\":{\"@id\":\"https:\\\/\\\/www.laguiadepamplona.com\\\/actualidad\\\/el-ayuntamiento-aborda-esta-semana-en-unas-jornadas-la-construccion-de-las-masculinidades-y-el-papel-de-los-hombres-en-la-lucha-por-la-igualdad\\\/#primaryimage\"},\"thumbnailUrl\":\"https:\\\/\\\/www.laguiadepamplona.com\\\/actualidad\\\/wp-content\\\/uploads\\\/2016\\\/11\\\/Ayto_Pamplona.jpg\",\"datePublished\":\"2018-04-16T10:35:34+00:00\",\"breadcrumb\":{\"@id\":\"https:\\\/\\\/www.laguiadepamplona.com\\\/actualidad\\\/el-ayuntamiento-aborda-esta-semana-en-unas-jornadas-la-construccion-de-las-masculinidades-y-el-papel-de-los-hombres-en-la-lucha-por-la-igualdad\\\/#breadcrumb\"},\"inLanguage\":\"es\",\"potentialAction\":[{\"@type\":\"ReadAction\",\"target\":[\"https:\\\/\\\/www.laguiadepamplona.com\\\/actualidad\\\/el-ayuntamiento-aborda-esta-semana-en-unas-jornadas-la-construccion-de-las-masculinidades-y-el-papel-de-los-hombres-en-la-lucha-por-la-igualdad\\\/\"]}]},{\"@type\":\"ImageObject\",\"inLanguage\":\"es\",\"@id\":\"https:\\\/\\\/www.laguiadepamplona.com\\\/actualidad\\\/el-ayuntamiento-aborda-esta-semana-en-unas-jornadas-la-construccion-de-las-masculinidades-y-el-papel-de-los-hombres-en-la-lucha-por-la-igualdad\\\/#primaryimage\",\"url\":\"https:\\\/\\\/www.laguiadepamplona.com\\\/actualidad\\\/wp-content\\\/uploads\\\/2016\\\/11\\\/Ayto_Pamplona.jpg\",\"contentUrl\":\"https:\\\/\\\/www.laguiadepamplona.com\\\/actualidad\\\/wp-content\\\/uploads\\\/2016\\\/11\\\/Ayto_Pamplona.jpg\",\"width\":900,\"height\":675},{\"@type\":\"BreadcrumbList\",\"@id\":\"https:\\\/\\\/www.laguiadepamplona.com\\\/actualidad\\\/el-ayuntamiento-aborda-esta-semana-en-unas-jornadas-la-construccion-de-las-masculinidades-y-el-papel-de-los-hombres-en-la-lucha-por-la-igualdad\\\/#breadcrumb\",\"itemListElement\":[{\"@type\":\"ListItem\",\"position\":1,\"name\":\"Portada\",\"item\":\"https:\\\/\\\/www.laguiadepamplona.com\\\/actualidad\\\/\"},{\"@type\":\"ListItem\",\"position\":2,\"name\":\"El Ayuntamiento aborda esta semana en unas jornadas la construcci\u00f3n de las masculinidades y el papel de los hombres en la lucha por la igualdad\"}]},{\"@type\":\"WebSite\",\"@id\":\"https:\\\/\\\/www.laguiadepamplona.com\\\/actualidad\\\/#website\",\"url\":\"https:\\\/\\\/www.laguiadepamplona.com\\\/actualidad\\\/\",\"name\":\"La gu\u00eda de Pamplona\",\"description\":\"Noticias de Pamplona\",\"publisher\":{\"@id\":\"https:\\\/\\\/www.laguiadepamplona.com\\\/actualidad\\\/#organization\"},\"potentialAction\":[{\"@type\":\"SearchAction\",\"target\":{\"@type\":\"EntryPoint\",\"urlTemplate\":\"https:\\\/\\\/www.laguiadepamplona.com\\\/actualidad\\\/?s={search_term_string}\"},\"query-input\":{\"@type\":\"PropertyValueSpecification\",\"valueRequired\":true,\"valueName\":\"search_term_string\"}}],\"inLanguage\":\"es\"},{\"@type\":\"Organization\",\"@id\":\"https:\\\/\\\/www.laguiadepamplona.com\\\/actualidad\\\/#organization\",\"name\":\"La Gu\u00eda de Pamplona \\\/ Noticias\",\"url\":\"https:\\\/\\\/www.laguiadepamplona.com\\\/actualidad\\\/\",\"logo\":{\"@type\":\"ImageObject\",\"inLanguage\":\"es\",\"@id\":\"https:\\\/\\\/www.laguiadepamplona.com\\\/actualidad\\\/#\\\/schema\\\/logo\\\/image\\\/\",\"url\":\"https:\\\/\\\/www.laguiadepamplona.com\\\/actualidad\\\/wp-content\\\/uploads\\\/2018\\\/11\\\/logo-laguiadepamplona18-web1.png\",\"contentUrl\":\"https:\\\/\\\/www.laguiadepamplona.com\\\/actualidad\\\/wp-content\\\/uploads\\\/2018\\\/11\\\/logo-laguiadepamplona18-web1.png\",\"width\":600,\"height\":196,\"caption\":\"La Gu\u00eda de Pamplona \\\/ Noticias\"},\"image\":{\"@id\":\"https:\\\/\\\/www.laguiadepamplona.com\\\/actualidad\\\/#\\\/schema\\\/logo\\\/image\\\/\"},\"sameAs\":[\"https:\\\/\\\/www.facebook.com\\\/laguiadepamplonacom-133175176762273\\\/?ref=hl\",\"https:\\\/\\\/x.com\\\/LaGuiadPamplona\",\"https:\\\/\\\/www.instagram.com\\\/la_guia_de_pamplona\\\/\",\"https:\\\/\\\/www.youtube.com\\\/user\\\/laguiadepamplona\"]},{\"@type\":\"Person\",\"@id\":\"https:\\\/\\\/www.laguiadepamplona.com\\\/actualidad\\\/#\\\/schema\\\/person\\\/efe887376f0213d4657c93adc50b1fdb\",\"name\":\"La Gu\u00eda de Pamplona\",\"image\":{\"@type\":\"ImageObject\",\"inLanguage\":\"es\",\"@id\":\"https:\\\/\\\/secure.gravatar.com\\\/avatar\\\/b6992f131dc8d30ab0dff15446e9d346d9dbd95992de0fef795073f5ea83a81c?s=96&d=mm&r=g\",\"url\":\"https:\\\/\\\/secure.gravatar.com\\\/avatar\\\/b6992f131dc8d30ab0dff15446e9d346d9dbd95992de0fef795073f5ea83a81c?s=96&d=mm&r=g\",\"contentUrl\":\"https:\\\/\\\/secure.gravatar.com\\\/avatar\\\/b6992f131dc8d30ab0dff15446e9d346d9dbd95992de0fef795073f5ea83a81c?s=96&d=mm&r=g\",\"caption\":\"La Gu\u00eda de Pamplona\"}}]}<\/script>\n<!-- \/ Yoast SEO plugin. -->","yoast_head_json":{"title":"El Ayuntamiento aborda esta semana en unas jornadas la construcci\u00f3n de las masculinidades y el papel de los hombres en la lucha por la igualdad","robots":{"index":"index","follow":"follow","max-snippet":"max-snippet:-1","max-image-preview":"max-image-preview:large","max-video-preview":"max-video-preview:-1"},"canonical":"https:\/\/www.laguiadepamplona.com\/actualidad\/el-ayuntamiento-aborda-esta-semana-en-unas-jornadas-la-construccion-de-las-masculinidades-y-el-papel-de-los-hombres-en-la-lucha-por-la-igualdad\/","og_locale":"es_ES","og_type":"article","og_title":"El Ayuntamiento aborda esta semana en unas jornadas la construcci\u00f3n de las masculinidades y el papel de los hombres en la lucha por la igualdad","og_description":"\u2018Masculinidad(es)\u2019 presenta una muestra y dos charlas con las que reflexionar sobre la asignaci\u00f3n de roles y los mandatos de g\u00e9nero","og_url":"https:\/\/www.laguiadepamplona.com\/actualidad\/el-ayuntamiento-aborda-esta-semana-en-unas-jornadas-la-construccion-de-las-masculinidades-y-el-papel-de-los-hombres-en-la-lucha-por-la-igualdad\/","og_site_name":"La Gu\u00eda de Pamplona","article_publisher":"https:\/\/www.facebook.com\/laguiadepamplonacom-133175176762273\/?ref=hl","article_published_time":"2018-04-16T10:35:34+00:00","og_image":[{"width":900,"height":675,"url":"https:\/\/www.laguiadepamplona.com\/actualidad\/wp-content\/uploads\/2016\/11\/Ayto_Pamplona.jpg","type":"image\/jpeg"}],"author":"La Gu\u00eda de Pamplona","twitter_card":"summary_large_image","twitter_creator":"@LaGuiadPamplona","twitter_site":"@LaGuiadPamplona","twitter_misc":{"Escrito por":"La Gu\u00eda de Pamplona","Tiempo de lectura":"5 minutos"},"schema":{"@context":"https:\/\/schema.org","@graph":[{"@type":"Article","@id":"https:\/\/www.laguiadepamplona.com\/actualidad\/el-ayuntamiento-aborda-esta-semana-en-unas-jornadas-la-construccion-de-las-masculinidades-y-el-papel-de-los-hombres-en-la-lucha-por-la-igualdad\/#article","isPartOf":{"@id":"https:\/\/www.laguiadepamplona.com\/actualidad\/el-ayuntamiento-aborda-esta-semana-en-unas-jornadas-la-construccion-de-las-masculinidades-y-el-papel-de-los-hombres-en-la-lucha-por-la-igualdad\/"},"author":{"name":"La Gu\u00eda de Pamplona","@id":"https:\/\/www.laguiadepamplona.com\/actualidad\/#\/schema\/person\/efe887376f0213d4657c93adc50b1fdb"},"headline":"El Ayuntamiento aborda esta semana en unas jornadas la construcci\u00f3n de las masculinidades y el papel de los hombres en la lucha por la igualdad","datePublished":"2018-04-16T10:35:34+00:00","mainEntityOfPage":{"@id":"https:\/\/www.laguiadepamplona.com\/actualidad\/el-ayuntamiento-aborda-esta-semana-en-unas-jornadas-la-construccion-de-las-masculinidades-y-el-papel-de-los-hombres-en-la-lucha-por-la-igualdad\/"},"wordCount":1024,"commentCount":0,"publisher":{"@id":"https:\/\/www.laguiadepamplona.com\/actualidad\/#organization"},"image":{"@id":"https:\/\/www.laguiadepamplona.com\/actualidad\/el-ayuntamiento-aborda-esta-semana-en-unas-jornadas-la-construccion-de-las-masculinidades-y-el-papel-de-los-hombres-en-la-lucha-por-la-igualdad\/#primaryimage"},"thumbnailUrl":"https:\/\/www.laguiadepamplona.com\/actualidad\/wp-content\/uploads\/2016\/11\/Ayto_Pamplona.jpg","articleSection":["Ayto Pamplona"],"inLanguage":"es","potentialAction":[{"@type":"CommentAction","name":"Comment","target":["https:\/\/www.laguiadepamplona.com\/actualidad\/el-ayuntamiento-aborda-esta-semana-en-unas-jornadas-la-construccion-de-las-masculinidades-y-el-papel-de-los-hombres-en-la-lucha-por-la-igualdad\/#respond"]}]},{"@type":"WebPage","@id":"https:\/\/www.laguiadepamplona.com\/actualidad\/el-ayuntamiento-aborda-esta-semana-en-unas-jornadas-la-construccion-de-las-masculinidades-y-el-papel-de-los-hombres-en-la-lucha-por-la-igualdad\/","url":"https:\/\/www.laguiadepamplona.com\/actualidad\/el-ayuntamiento-aborda-esta-semana-en-unas-jornadas-la-construccion-de-las-masculinidades-y-el-papel-de-los-hombres-en-la-lucha-por-la-igualdad\/","name":"El Ayuntamiento aborda esta semana en unas jornadas la construcci\u00f3n de las masculinidades y el papel de los hombres en la lucha por la igualdad","isPartOf":{"@id":"https:\/\/www.laguiadepamplona.com\/actualidad\/#website"},"primaryImageOfPage":{"@id":"https:\/\/www.laguiadepamplona.com\/actualidad\/el-ayuntamiento-aborda-esta-semana-en-unas-jornadas-la-construccion-de-las-masculinidades-y-el-papel-de-los-hombres-en-la-lucha-por-la-igualdad\/#primaryimage"},"image":{"@id":"https:\/\/www.laguiadepamplona.com\/actualidad\/el-ayuntamiento-aborda-esta-semana-en-unas-jornadas-la-construccion-de-las-masculinidades-y-el-papel-de-los-hombres-en-la-lucha-por-la-igualdad\/#primaryimage"},"thumbnailUrl":"https:\/\/www.laguiadepamplona.com\/actualidad\/wp-content\/uploads\/2016\/11\/Ayto_Pamplona.jpg","datePublished":"2018-04-16T10:35:34+00:00","breadcrumb":{"@id":"https:\/\/www.laguiadepamplona.com\/actualidad\/el-ayuntamiento-aborda-esta-semana-en-unas-jornadas-la-construccion-de-las-masculinidades-y-el-papel-de-los-hombres-en-la-lucha-por-la-igualdad\/#breadcrumb"},"inLanguage":"es","potentialAction":[{"@type":"ReadAction","target":["https:\/\/www.laguiadepamplona.com\/actualidad\/el-ayuntamiento-aborda-esta-semana-en-unas-jornadas-la-construccion-de-las-masculinidades-y-el-papel-de-los-hombres-en-la-lucha-por-la-igualdad\/"]}]},{"@type":"ImageObject","inLanguage":"es","@id":"https:\/\/www.laguiadepamplona.com\/actualidad\/el-ayuntamiento-aborda-esta-semana-en-unas-jornadas-la-construccion-de-las-masculinidades-y-el-papel-de-los-hombres-en-la-lucha-por-la-igualdad\/#primaryimage","url":"https:\/\/www.laguiadepamplona.com\/actualidad\/wp-content\/uploads\/2016\/11\/Ayto_Pamplona.jpg","contentUrl":"https:\/\/www.laguiadepamplona.com\/actualidad\/wp-content\/uploads\/2016\/11\/Ayto_Pamplona.jpg","width":900,"height":675},{"@type":"BreadcrumbList","@id":"https:\/\/www.laguiadepamplona.com\/actualidad\/el-ayuntamiento-aborda-esta-semana-en-unas-jornadas-la-construccion-de-las-masculinidades-y-el-papel-de-los-hombres-en-la-lucha-por-la-igualdad\/#breadcrumb","itemListElement":[{"@type":"ListItem","position":1,"name":"Portada","item":"https:\/\/www.laguiadepamplona.com\/actualidad\/"},{"@type":"ListItem","position":2,"name":"El Ayuntamiento aborda esta semana en unas jornadas la construcci\u00f3n de las masculinidades y el papel de los hombres en la lucha por la igualdad"}]},{"@type":"WebSite","@id":"https:\/\/www.laguiadepamplona.com\/actualidad\/#website","url":"https:\/\/www.laguiadepamplona.com\/actualidad\/","name":"La gu\u00eda de Pamplona","description":"Noticias de Pamplona","publisher":{"@id":"https:\/\/www.laguiadepamplona.com\/actualidad\/#organization"},"potentialAction":[{"@type":"SearchAction","target":{"@type":"EntryPoint","urlTemplate":"https:\/\/www.laguiadepamplona.com\/actualidad\/?s={search_term_string}"},"query-input":{"@type":"PropertyValueSpecification","valueRequired":true,"valueName":"search_term_string"}}],"inLanguage":"es"},{"@type":"Organization","@id":"https:\/\/www.laguiadepamplona.com\/actualidad\/#organization","name":"La Gu\u00eda de Pamplona \/ Noticias","url":"https:\/\/www.laguiadepamplona.com\/actualidad\/","logo":{"@type":"ImageObject","inLanguage":"es","@id":"https:\/\/www.laguiadepamplona.com\/actualidad\/#\/schema\/logo\/image\/","url":"https:\/\/www.laguiadepamplona.com\/actualidad\/wp-content\/uploads\/2018\/11\/logo-laguiadepamplona18-web1.png","contentUrl":"https:\/\/www.laguiadepamplona.com\/actualidad\/wp-content\/uploads\/2018\/11\/logo-laguiadepamplona18-web1.png","width":600,"height":196,"caption":"La Gu\u00eda de Pamplona \/ Noticias"},"image":{"@id":"https:\/\/www.laguiadepamplona.com\/actualidad\/#\/schema\/logo\/image\/"},"sameAs":["https:\/\/www.facebook.com\/laguiadepamplonacom-133175176762273\/?ref=hl","https:\/\/x.com\/LaGuiadPamplona","https:\/\/www.instagram.com\/la_guia_de_pamplona\/","https:\/\/www.youtube.com\/user\/laguiadepamplona"]},{"@type":"Person","@id":"https:\/\/www.laguiadepamplona.com\/actualidad\/#\/schema\/person\/efe887376f0213d4657c93adc50b1fdb","name":"La Gu\u00eda de Pamplona","image":{"@type":"ImageObject","inLanguage":"es","@id":"https:\/\/secure.gravatar.com\/avatar\/b6992f131dc8d30ab0dff15446e9d346d9dbd95992de0fef795073f5ea83a81c?s=96&d=mm&r=g","url":"https:\/\/secure.gravatar.com\/avatar\/b6992f131dc8d30ab0dff15446e9d346d9dbd95992de0fef795073f5ea83a81c?s=96&d=mm&r=g","contentUrl":"https:\/\/secure.gravatar.com\/avatar\/b6992f131dc8d30ab0dff15446e9d346d9dbd95992de0fef795073f5ea83a81c?s=96&d=mm&r=g","caption":"La Gu\u00eda de Pamplona"}}]}},"post_mailing_queue_ids":[],"_links":{"self":[{"href":"https:\/\/www.laguiadepamplona.com\/actualidad\/wp-json\/wp\/v2\/posts\/16935","targetHints":{"allow":["GET"]}}],"collection":[{"href":"https:\/\/www.laguiadepamplona.com\/actualidad\/wp-json\/wp\/v2\/posts"}],"about":[{"href":"https:\/\/www.laguiadepamplona.com\/actualidad\/wp-json\/wp\/v2\/types\/post"}],"author":[{"embeddable":true,"href":"https:\/\/www.laguiadepamplona.com\/actualidad\/wp-json\/wp\/v2\/users\/1"}],"replies":[{"embeddable":true,"href":"https:\/\/www.laguiadepamplona.com\/actualidad\/wp-json\/wp\/v2\/comments?post=16935"}],"version-history":[{"count":0,"href":"https:\/\/www.laguiadepamplona.com\/actualidad\/wp-json\/wp\/v2\/posts\/16935\/revisions"}],"wp:featuredmedia":[{"embeddable":true,"href":"https:\/\/www.laguiadepamplona.com\/actualidad\/wp-json\/wp\/v2\/media\/10979"}],"wp:attachment":[{"href":"https:\/\/www.laguiadepamplona.com\/actualidad\/wp-json\/wp\/v2\/media?parent=16935"}],"wp:term":[{"taxonomy":"category","embeddable":true,"href":"https:\/\/www.laguiadepamplona.com\/actualidad\/wp-json\/wp\/v2\/categories?post=16935"},{"taxonomy":"post_tag","embeddable":true,"href":"https:\/\/www.laguiadepamplona.com\/actualidad\/wp-json\/wp\/v2\/tags?post=16935"}],"curies":[{"name":"wp","href":"https:\/\/api.w.org\/{rel}","templated":true}]}}