{"id":16927,"date":"2018-04-13T14:35:18","date_gmt":"2018-04-13T13:35:18","guid":{"rendered":"http:\/\/laguiadepamplona.es\/actualidad\/?p=16927"},"modified":"2018-04-13T14:35:18","modified_gmt":"2018-04-13T13:35:18","slug":"el-ayuntamiento-de-pamplona-recibe-este-domingo-por-la-manana-a-los-mayordomos-de-san-jorge-en-visperas-de-las-fiestas-del-barrio","status":"publish","type":"post","link":"https:\/\/www.laguiadepamplona.com\/actualidad\/el-ayuntamiento-de-pamplona-recibe-este-domingo-por-la-manana-a-los-mayordomos-de-san-jorge-en-visperas-de-las-fiestas-del-barrio\/","title":{"rendered":"El Ayuntamiento de Pamplona recibe este domingo por la ma\u00f1ana a los mayordomos de San Jorge en v\u00edsperas de las fiestas del barrio"},"content":{"rendered":"<h3>La Coordinadora Cultural de San Jorge entregar\u00e1 un cuadro con los gigantes grandes del barrio, que este a\u00f1o celebran su 25\u00ba aniversario<\/h3>\n<p><!--more--><\/p>\n<p>El Ayuntamiento de Pamplona recibir\u00e1 el pr\u00f3ximo <strong><u>domingo, 15 de abril<\/u><\/strong>, a los mayordomos de San Jorge, con motivo del acto conocido como \u201cSubida a Iru\u00f1ea -Igoera\u201d que se celebra previamente a las fiestas del barrio. El recibimiento tendr\u00e1 lugar <strong><u>a las 12.15 horas en la Plaza Consistorial<\/u><\/strong> y contar\u00e1 con la presencia del alcalde de Pamplona, <strong>Joseba Asiron, y miembros de la Corporaci\u00f3n Municipal<\/strong>. La Coordinadora Cultural de San Jorge, impulsora de la iniciativa, har\u00e1 entrega de un cuadro con los gigantes grandes del barrio, que este a\u00f1o celebran su 25\u00ba aniversario. As\u00ed se dar\u00e1 continuidad a una tradici\u00f3n recuperada hace dos a\u00f1os y que est\u00e1 impulsada por la Coordinadora Cultural de San Jorge.<\/p>\n<p>El cortejo festivo partir\u00e1 a las 11 horas del Paseo Sarasate y recorrer\u00e1 las calles del Casco Antiguo hasta llegar a la Plaza de San Jos\u00e9, lugar en el que los mayordomos y las mayordomas ofrecer\u00e1n su primer baile de la \u2018Maiordomo dantza\u2019. La comitiva retomar\u00e1 su recorrido hacia la Plaza Consistorial. Tras la recepci\u00f3n municipal los colectivos participantes actuar\u00e1n en la Plaza de los Burgos, finalizado con el Baile de la Era.<\/p>\n<p>Inspirada en una antigua romer\u00eda que se realizaba a la vieja ermita de San Jorge, la primera \u201cSubida a Iru\u00f1ea -Igoera\u201d se celebr\u00f3 el 23 de abril de 1992. Los vecinos de San Jorge recorrieron las calles del Casco Viejo con gigantes, dantzaris, acordeonistas, zanpanzar, gaiteros y txistularis y encabezados por sus mayordomas y mayordomos para anunciar a la ciudad que las fiestas de Sanduzelai iban a comenzar abriendo as\u00ed el ciclo festivo de los barrios. En aquella ocasi\u00f3n fueron recibidos por una representaci\u00f3n de la Corporaci\u00f3n Municipal. Posteriormente, el acto dej\u00f3 de tener una recepci\u00f3n oficial y pas\u00f3 a realizarse con el vecindario del Casco Antiguo y su alcalde <em>txiki<\/em> a la cabeza.<\/p>\n<p>Con la participaci\u00f3n de los colectivos del barrio y del vecindario<\/p>\n<p>Recuperada la \u201cSubida\u201d en 2016, cuenta con la participaci\u00f3n de Umetxea Sanduzelai, Sanduzelaiko Erraldoien Konpartsa, Comparsa de gigantes txikis de Sanduzelai, Sanduzelaiko Gaiteroak- Gaiteros de San Jorge, Sanduako Gaiteroak, Sanduzelai Ikastetxeko Dantzariak, Salseando San Jorge, Umetxea Sanduzelai, Colectivo Adardunak, Sanduzelai Kantuz, Mayordomas y Mayordomos y vecindario del barrio.<\/p>\n<p>&nbsp;<\/p>\n","protected":false},"excerpt":{"rendered":"<p>La Coordinadora Cultural de San Jorge entregar\u00e1 un cuadro con los gigantes grandes del barrio, que este a\u00f1o celebran su 25\u00ba aniversario<\/p>\n","protected":false},"author":1,"featured_media":10979,"comment_status":"open","ping_status":"closed","sticky":false,"template":"","format":"standard","meta":{"footnotes":""},"categories":[2],"tags":[],"class_list":["post-16927","post","type-post","status-publish","format-standard","has-post-thumbnail","hentry","category-ayuntamiento-pamplona"],"yoast_head":"<!-- This site is optimized with the Yoast SEO plugin v27.3 - https:\/\/yoast.com\/product\/yoast-seo-wordpress\/ -->\n<title>El Ayuntamiento de Pamplona recibe este domingo por la ma\u00f1ana a los mayordomos de San Jorge en v\u00edsperas de las fiestas del barrio<\/title>\n<meta name=\"robots\" content=\"index, follow, max-snippet:-1, max-image-preview:large, max-video-preview:-1\" \/>\n<link rel=\"canonical\" href=\"https:\/\/www.laguiadepamplona.com\/actualidad\/el-ayuntamiento-de-pamplona-recibe-este-domingo-por-la-manana-a-los-mayordomos-de-san-jorge-en-visperas-de-las-fiestas-del-barrio\/\" \/>\n<meta property=\"og:locale\" content=\"es_ES\" \/>\n<meta property=\"og:type\" content=\"article\" \/>\n<meta property=\"og:title\" content=\"El Ayuntamiento de Pamplona recibe este domingo por la ma\u00f1ana a los mayordomos de San Jorge en v\u00edsperas de las fiestas del barrio\" \/>\n<meta property=\"og:description\" content=\"La Coordinadora Cultural de San Jorge entregar\u00e1 un cuadro con los gigantes grandes del barrio, que este a\u00f1o celebran su 25\u00ba aniversario\" \/>\n<meta property=\"og:url\" content=\"https:\/\/www.laguiadepamplona.com\/actualidad\/el-ayuntamiento-de-pamplona-recibe-este-domingo-por-la-manana-a-los-mayordomos-de-san-jorge-en-visperas-de-las-fiestas-del-barrio\/\" \/>\n<meta property=\"og:site_name\" content=\"La Gu\u00eda de Pamplona\" \/>\n<meta property=\"article:publisher\" content=\"https:\/\/www.facebook.com\/laguiadepamplonacom-133175176762273\/?ref=hl\" \/>\n<meta property=\"article:published_time\" content=\"2018-04-13T13:35:18+00:00\" \/>\n<meta property=\"og:image\" content=\"https:\/\/www.laguiadepamplona.com\/actualidad\/wp-content\/uploads\/2016\/11\/Ayto_Pamplona.jpg\" \/>\n\t<meta property=\"og:image:width\" content=\"900\" \/>\n\t<meta property=\"og:image:height\" content=\"675\" \/>\n\t<meta property=\"og:image:type\" content=\"image\/jpeg\" \/>\n<meta name=\"author\" content=\"La Gu\u00eda de Pamplona\" \/>\n<meta name=\"twitter:card\" content=\"summary_large_image\" \/>\n<meta name=\"twitter:creator\" content=\"@LaGuiadPamplona\" \/>\n<meta name=\"twitter:site\" content=\"@LaGuiadPamplona\" \/>\n<meta name=\"twitter:label1\" content=\"Escrito por\" \/>\n\t<meta name=\"twitter:data1\" content=\"La Gu\u00eda de Pamplona\" \/>\n\t<meta name=\"twitter:label2\" content=\"Tiempo de lectura\" \/>\n\t<meta name=\"twitter:data2\" content=\"2 minutos\" \/>\n<script type=\"application\/ld+json\" class=\"yoast-schema-graph\">{\"@context\":\"https:\\\/\\\/schema.org\",\"@graph\":[{\"@type\":\"Article\",\"@id\":\"https:\\\/\\\/www.laguiadepamplona.com\\\/actualidad\\\/el-ayuntamiento-de-pamplona-recibe-este-domingo-por-la-manana-a-los-mayordomos-de-san-jorge-en-visperas-de-las-fiestas-del-barrio\\\/#article\",\"isPartOf\":{\"@id\":\"https:\\\/\\\/www.laguiadepamplona.com\\\/actualidad\\\/el-ayuntamiento-de-pamplona-recibe-este-domingo-por-la-manana-a-los-mayordomos-de-san-jorge-en-visperas-de-las-fiestas-del-barrio\\\/\"},\"author\":{\"name\":\"La Gu\u00eda de Pamplona\",\"@id\":\"https:\\\/\\\/www.laguiadepamplona.com\\\/actualidad\\\/#\\\/schema\\\/person\\\/efe887376f0213d4657c93adc50b1fdb\"},\"headline\":\"El Ayuntamiento de Pamplona recibe este domingo por la ma\u00f1ana a los mayordomos de San Jorge en v\u00edsperas de las fiestas del barrio\",\"datePublished\":\"2018-04-13T13:35:18+00:00\",\"mainEntityOfPage\":{\"@id\":\"https:\\\/\\\/www.laguiadepamplona.com\\\/actualidad\\\/el-ayuntamiento-de-pamplona-recibe-este-domingo-por-la-manana-a-los-mayordomos-de-san-jorge-en-visperas-de-las-fiestas-del-barrio\\\/\"},\"wordCount\":419,\"commentCount\":0,\"publisher\":{\"@id\":\"https:\\\/\\\/www.laguiadepamplona.com\\\/actualidad\\\/#organization\"},\"image\":{\"@id\":\"https:\\\/\\\/www.laguiadepamplona.com\\\/actualidad\\\/el-ayuntamiento-de-pamplona-recibe-este-domingo-por-la-manana-a-los-mayordomos-de-san-jorge-en-visperas-de-las-fiestas-del-barrio\\\/#primaryimage\"},\"thumbnailUrl\":\"https:\\\/\\\/www.laguiadepamplona.com\\\/actualidad\\\/wp-content\\\/uploads\\\/2016\\\/11\\\/Ayto_Pamplona.jpg\",\"articleSection\":[\"Ayto Pamplona\"],\"inLanguage\":\"es\",\"potentialAction\":[{\"@type\":\"CommentAction\",\"name\":\"Comment\",\"target\":[\"https:\\\/\\\/www.laguiadepamplona.com\\\/actualidad\\\/el-ayuntamiento-de-pamplona-recibe-este-domingo-por-la-manana-a-los-mayordomos-de-san-jorge-en-visperas-de-las-fiestas-del-barrio\\\/#respond\"]}]},{\"@type\":\"WebPage\",\"@id\":\"https:\\\/\\\/www.laguiadepamplona.com\\\/actualidad\\\/el-ayuntamiento-de-pamplona-recibe-este-domingo-por-la-manana-a-los-mayordomos-de-san-jorge-en-visperas-de-las-fiestas-del-barrio\\\/\",\"url\":\"https:\\\/\\\/www.laguiadepamplona.com\\\/actualidad\\\/el-ayuntamiento-de-pamplona-recibe-este-domingo-por-la-manana-a-los-mayordomos-de-san-jorge-en-visperas-de-las-fiestas-del-barrio\\\/\",\"name\":\"El Ayuntamiento de Pamplona recibe este domingo por la ma\u00f1ana a los mayordomos de San Jorge en v\u00edsperas de las fiestas del barrio\",\"isPartOf\":{\"@id\":\"https:\\\/\\\/www.laguiadepamplona.com\\\/actualidad\\\/#website\"},\"primaryImageOfPage\":{\"@id\":\"https:\\\/\\\/www.laguiadepamplona.com\\\/actualidad\\\/el-ayuntamiento-de-pamplona-recibe-este-domingo-por-la-manana-a-los-mayordomos-de-san-jorge-en-visperas-de-las-fiestas-del-barrio\\\/#primaryimage\"},\"image\":{\"@id\":\"https:\\\/\\\/www.laguiadepamplona.com\\\/actualidad\\\/el-ayuntamiento-de-pamplona-recibe-este-domingo-por-la-manana-a-los-mayordomos-de-san-jorge-en-visperas-de-las-fiestas-del-barrio\\\/#primaryimage\"},\"thumbnailUrl\":\"https:\\\/\\\/www.laguiadepamplona.com\\\/actualidad\\\/wp-content\\\/uploads\\\/2016\\\/11\\\/Ayto_Pamplona.jpg\",\"datePublished\":\"2018-04-13T13:35:18+00:00\",\"breadcrumb\":{\"@id\":\"https:\\\/\\\/www.laguiadepamplona.com\\\/actualidad\\\/el-ayuntamiento-de-pamplona-recibe-este-domingo-por-la-manana-a-los-mayordomos-de-san-jorge-en-visperas-de-las-fiestas-del-barrio\\\/#breadcrumb\"},\"inLanguage\":\"es\",\"potentialAction\":[{\"@type\":\"ReadAction\",\"target\":[\"https:\\\/\\\/www.laguiadepamplona.com\\\/actualidad\\\/el-ayuntamiento-de-pamplona-recibe-este-domingo-por-la-manana-a-los-mayordomos-de-san-jorge-en-visperas-de-las-fiestas-del-barrio\\\/\"]}]},{\"@type\":\"ImageObject\",\"inLanguage\":\"es\",\"@id\":\"https:\\\/\\\/www.laguiadepamplona.com\\\/actualidad\\\/el-ayuntamiento-de-pamplona-recibe-este-domingo-por-la-manana-a-los-mayordomos-de-san-jorge-en-visperas-de-las-fiestas-del-barrio\\\/#primaryimage\",\"url\":\"https:\\\/\\\/www.laguiadepamplona.com\\\/actualidad\\\/wp-content\\\/uploads\\\/2016\\\/11\\\/Ayto_Pamplona.jpg\",\"contentUrl\":\"https:\\\/\\\/www.laguiadepamplona.com\\\/actualidad\\\/wp-content\\\/uploads\\\/2016\\\/11\\\/Ayto_Pamplona.jpg\",\"width\":900,\"height\":675},{\"@type\":\"BreadcrumbList\",\"@id\":\"https:\\\/\\\/www.laguiadepamplona.com\\\/actualidad\\\/el-ayuntamiento-de-pamplona-recibe-este-domingo-por-la-manana-a-los-mayordomos-de-san-jorge-en-visperas-de-las-fiestas-del-barrio\\\/#breadcrumb\",\"itemListElement\":[{\"@type\":\"ListItem\",\"position\":1,\"name\":\"Portada\",\"item\":\"https:\\\/\\\/www.laguiadepamplona.com\\\/actualidad\\\/\"},{\"@type\":\"ListItem\",\"position\":2,\"name\":\"El Ayuntamiento de Pamplona recibe este domingo por la ma\u00f1ana a los mayordomos de San Jorge en v\u00edsperas de las fiestas del barrio\"}]},{\"@type\":\"WebSite\",\"@id\":\"https:\\\/\\\/www.laguiadepamplona.com\\\/actualidad\\\/#website\",\"url\":\"https:\\\/\\\/www.laguiadepamplona.com\\\/actualidad\\\/\",\"name\":\"La gu\u00eda de Pamplona\",\"description\":\"Noticias de Pamplona\",\"publisher\":{\"@id\":\"https:\\\/\\\/www.laguiadepamplona.com\\\/actualidad\\\/#organization\"},\"potentialAction\":[{\"@type\":\"SearchAction\",\"target\":{\"@type\":\"EntryPoint\",\"urlTemplate\":\"https:\\\/\\\/www.laguiadepamplona.com\\\/actualidad\\\/?s={search_term_string}\"},\"query-input\":{\"@type\":\"PropertyValueSpecification\",\"valueRequired\":true,\"valueName\":\"search_term_string\"}}],\"inLanguage\":\"es\"},{\"@type\":\"Organization\",\"@id\":\"https:\\\/\\\/www.laguiadepamplona.com\\\/actualidad\\\/#organization\",\"name\":\"La Gu\u00eda de Pamplona \\\/ Noticias\",\"url\":\"https:\\\/\\\/www.laguiadepamplona.com\\\/actualidad\\\/\",\"logo\":{\"@type\":\"ImageObject\",\"inLanguage\":\"es\",\"@id\":\"https:\\\/\\\/www.laguiadepamplona.com\\\/actualidad\\\/#\\\/schema\\\/logo\\\/image\\\/\",\"url\":\"https:\\\/\\\/www.laguiadepamplona.com\\\/actualidad\\\/wp-content\\\/uploads\\\/2018\\\/11\\\/logo-laguiadepamplona18-web1.png\",\"contentUrl\":\"https:\\\/\\\/www.laguiadepamplona.com\\\/actualidad\\\/wp-content\\\/uploads\\\/2018\\\/11\\\/logo-laguiadepamplona18-web1.png\",\"width\":600,\"height\":196,\"caption\":\"La Gu\u00eda de Pamplona \\\/ Noticias\"},\"image\":{\"@id\":\"https:\\\/\\\/www.laguiadepamplona.com\\\/actualidad\\\/#\\\/schema\\\/logo\\\/image\\\/\"},\"sameAs\":[\"https:\\\/\\\/www.facebook.com\\\/laguiadepamplonacom-133175176762273\\\/?ref=hl\",\"https:\\\/\\\/x.com\\\/LaGuiadPamplona\",\"https:\\\/\\\/www.instagram.com\\\/la_guia_de_pamplona\\\/\",\"https:\\\/\\\/www.youtube.com\\\/user\\\/laguiadepamplona\"]},{\"@type\":\"Person\",\"@id\":\"https:\\\/\\\/www.laguiadepamplona.com\\\/actualidad\\\/#\\\/schema\\\/person\\\/efe887376f0213d4657c93adc50b1fdb\",\"name\":\"La Gu\u00eda de Pamplona\",\"image\":{\"@type\":\"ImageObject\",\"inLanguage\":\"es\",\"@id\":\"https:\\\/\\\/secure.gravatar.com\\\/avatar\\\/b6992f131dc8d30ab0dff15446e9d346d9dbd95992de0fef795073f5ea83a81c?s=96&d=mm&r=g\",\"url\":\"https:\\\/\\\/secure.gravatar.com\\\/avatar\\\/b6992f131dc8d30ab0dff15446e9d346d9dbd95992de0fef795073f5ea83a81c?s=96&d=mm&r=g\",\"contentUrl\":\"https:\\\/\\\/secure.gravatar.com\\\/avatar\\\/b6992f131dc8d30ab0dff15446e9d346d9dbd95992de0fef795073f5ea83a81c?s=96&d=mm&r=g\",\"caption\":\"La Gu\u00eda de Pamplona\"}}]}<\/script>\n<!-- \/ Yoast SEO plugin. -->","yoast_head_json":{"title":"El Ayuntamiento de Pamplona recibe este domingo por la ma\u00f1ana a los mayordomos de San Jorge en v\u00edsperas de las fiestas del barrio","robots":{"index":"index","follow":"follow","max-snippet":"max-snippet:-1","max-image-preview":"max-image-preview:large","max-video-preview":"max-video-preview:-1"},"canonical":"https:\/\/www.laguiadepamplona.com\/actualidad\/el-ayuntamiento-de-pamplona-recibe-este-domingo-por-la-manana-a-los-mayordomos-de-san-jorge-en-visperas-de-las-fiestas-del-barrio\/","og_locale":"es_ES","og_type":"article","og_title":"El Ayuntamiento de Pamplona recibe este domingo por la ma\u00f1ana a los mayordomos de San Jorge en v\u00edsperas de las fiestas del barrio","og_description":"La Coordinadora Cultural de San Jorge entregar\u00e1 un cuadro con los gigantes grandes del barrio, que este a\u00f1o celebran su 25\u00ba aniversario","og_url":"https:\/\/www.laguiadepamplona.com\/actualidad\/el-ayuntamiento-de-pamplona-recibe-este-domingo-por-la-manana-a-los-mayordomos-de-san-jorge-en-visperas-de-las-fiestas-del-barrio\/","og_site_name":"La Gu\u00eda de Pamplona","article_publisher":"https:\/\/www.facebook.com\/laguiadepamplonacom-133175176762273\/?ref=hl","article_published_time":"2018-04-13T13:35:18+00:00","og_image":[{"width":900,"height":675,"url":"https:\/\/www.laguiadepamplona.com\/actualidad\/wp-content\/uploads\/2016\/11\/Ayto_Pamplona.jpg","type":"image\/jpeg"}],"author":"La Gu\u00eda de Pamplona","twitter_card":"summary_large_image","twitter_creator":"@LaGuiadPamplona","twitter_site":"@LaGuiadPamplona","twitter_misc":{"Escrito por":"La Gu\u00eda de Pamplona","Tiempo de lectura":"2 minutos"},"schema":{"@context":"https:\/\/schema.org","@graph":[{"@type":"Article","@id":"https:\/\/www.laguiadepamplona.com\/actualidad\/el-ayuntamiento-de-pamplona-recibe-este-domingo-por-la-manana-a-los-mayordomos-de-san-jorge-en-visperas-de-las-fiestas-del-barrio\/#article","isPartOf":{"@id":"https:\/\/www.laguiadepamplona.com\/actualidad\/el-ayuntamiento-de-pamplona-recibe-este-domingo-por-la-manana-a-los-mayordomos-de-san-jorge-en-visperas-de-las-fiestas-del-barrio\/"},"author":{"name":"La Gu\u00eda de Pamplona","@id":"https:\/\/www.laguiadepamplona.com\/actualidad\/#\/schema\/person\/efe887376f0213d4657c93adc50b1fdb"},"headline":"El Ayuntamiento de Pamplona recibe este domingo por la ma\u00f1ana a los mayordomos de San Jorge en v\u00edsperas de las fiestas del barrio","datePublished":"2018-04-13T13:35:18+00:00","mainEntityOfPage":{"@id":"https:\/\/www.laguiadepamplona.com\/actualidad\/el-ayuntamiento-de-pamplona-recibe-este-domingo-por-la-manana-a-los-mayordomos-de-san-jorge-en-visperas-de-las-fiestas-del-barrio\/"},"wordCount":419,"commentCount":0,"publisher":{"@id":"https:\/\/www.laguiadepamplona.com\/actualidad\/#organization"},"image":{"@id":"https:\/\/www.laguiadepamplona.com\/actualidad\/el-ayuntamiento-de-pamplona-recibe-este-domingo-por-la-manana-a-los-mayordomos-de-san-jorge-en-visperas-de-las-fiestas-del-barrio\/#primaryimage"},"thumbnailUrl":"https:\/\/www.laguiadepamplona.com\/actualidad\/wp-content\/uploads\/2016\/11\/Ayto_Pamplona.jpg","articleSection":["Ayto Pamplona"],"inLanguage":"es","potentialAction":[{"@type":"CommentAction","name":"Comment","target":["https:\/\/www.laguiadepamplona.com\/actualidad\/el-ayuntamiento-de-pamplona-recibe-este-domingo-por-la-manana-a-los-mayordomos-de-san-jorge-en-visperas-de-las-fiestas-del-barrio\/#respond"]}]},{"@type":"WebPage","@id":"https:\/\/www.laguiadepamplona.com\/actualidad\/el-ayuntamiento-de-pamplona-recibe-este-domingo-por-la-manana-a-los-mayordomos-de-san-jorge-en-visperas-de-las-fiestas-del-barrio\/","url":"https:\/\/www.laguiadepamplona.com\/actualidad\/el-ayuntamiento-de-pamplona-recibe-este-domingo-por-la-manana-a-los-mayordomos-de-san-jorge-en-visperas-de-las-fiestas-del-barrio\/","name":"El Ayuntamiento de Pamplona recibe este domingo por la ma\u00f1ana a los mayordomos de San Jorge en v\u00edsperas de las fiestas del barrio","isPartOf":{"@id":"https:\/\/www.laguiadepamplona.com\/actualidad\/#website"},"primaryImageOfPage":{"@id":"https:\/\/www.laguiadepamplona.com\/actualidad\/el-ayuntamiento-de-pamplona-recibe-este-domingo-por-la-manana-a-los-mayordomos-de-san-jorge-en-visperas-de-las-fiestas-del-barrio\/#primaryimage"},"image":{"@id":"https:\/\/www.laguiadepamplona.com\/actualidad\/el-ayuntamiento-de-pamplona-recibe-este-domingo-por-la-manana-a-los-mayordomos-de-san-jorge-en-visperas-de-las-fiestas-del-barrio\/#primaryimage"},"thumbnailUrl":"https:\/\/www.laguiadepamplona.com\/actualidad\/wp-content\/uploads\/2016\/11\/Ayto_Pamplona.jpg","datePublished":"2018-04-13T13:35:18+00:00","breadcrumb":{"@id":"https:\/\/www.laguiadepamplona.com\/actualidad\/el-ayuntamiento-de-pamplona-recibe-este-domingo-por-la-manana-a-los-mayordomos-de-san-jorge-en-visperas-de-las-fiestas-del-barrio\/#breadcrumb"},"inLanguage":"es","potentialAction":[{"@type":"ReadAction","target":["https:\/\/www.laguiadepamplona.com\/actualidad\/el-ayuntamiento-de-pamplona-recibe-este-domingo-por-la-manana-a-los-mayordomos-de-san-jorge-en-visperas-de-las-fiestas-del-barrio\/"]}]},{"@type":"ImageObject","inLanguage":"es","@id":"https:\/\/www.laguiadepamplona.com\/actualidad\/el-ayuntamiento-de-pamplona-recibe-este-domingo-por-la-manana-a-los-mayordomos-de-san-jorge-en-visperas-de-las-fiestas-del-barrio\/#primaryimage","url":"https:\/\/www.laguiadepamplona.com\/actualidad\/wp-content\/uploads\/2016\/11\/Ayto_Pamplona.jpg","contentUrl":"https:\/\/www.laguiadepamplona.com\/actualidad\/wp-content\/uploads\/2016\/11\/Ayto_Pamplona.jpg","width":900,"height":675},{"@type":"BreadcrumbList","@id":"https:\/\/www.laguiadepamplona.com\/actualidad\/el-ayuntamiento-de-pamplona-recibe-este-domingo-por-la-manana-a-los-mayordomos-de-san-jorge-en-visperas-de-las-fiestas-del-barrio\/#breadcrumb","itemListElement":[{"@type":"ListItem","position":1,"name":"Portada","item":"https:\/\/www.laguiadepamplona.com\/actualidad\/"},{"@type":"ListItem","position":2,"name":"El Ayuntamiento de Pamplona recibe este domingo por la ma\u00f1ana a los mayordomos de San Jorge en v\u00edsperas de las fiestas del barrio"}]},{"@type":"WebSite","@id":"https:\/\/www.laguiadepamplona.com\/actualidad\/#website","url":"https:\/\/www.laguiadepamplona.com\/actualidad\/","name":"La gu\u00eda de Pamplona","description":"Noticias de Pamplona","publisher":{"@id":"https:\/\/www.laguiadepamplona.com\/actualidad\/#organization"},"potentialAction":[{"@type":"SearchAction","target":{"@type":"EntryPoint","urlTemplate":"https:\/\/www.laguiadepamplona.com\/actualidad\/?s={search_term_string}"},"query-input":{"@type":"PropertyValueSpecification","valueRequired":true,"valueName":"search_term_string"}}],"inLanguage":"es"},{"@type":"Organization","@id":"https:\/\/www.laguiadepamplona.com\/actualidad\/#organization","name":"La Gu\u00eda de Pamplona \/ Noticias","url":"https:\/\/www.laguiadepamplona.com\/actualidad\/","logo":{"@type":"ImageObject","inLanguage":"es","@id":"https:\/\/www.laguiadepamplona.com\/actualidad\/#\/schema\/logo\/image\/","url":"https:\/\/www.laguiadepamplona.com\/actualidad\/wp-content\/uploads\/2018\/11\/logo-laguiadepamplona18-web1.png","contentUrl":"https:\/\/www.laguiadepamplona.com\/actualidad\/wp-content\/uploads\/2018\/11\/logo-laguiadepamplona18-web1.png","width":600,"height":196,"caption":"La Gu\u00eda de Pamplona \/ Noticias"},"image":{"@id":"https:\/\/www.laguiadepamplona.com\/actualidad\/#\/schema\/logo\/image\/"},"sameAs":["https:\/\/www.facebook.com\/laguiadepamplonacom-133175176762273\/?ref=hl","https:\/\/x.com\/LaGuiadPamplona","https:\/\/www.instagram.com\/la_guia_de_pamplona\/","https:\/\/www.youtube.com\/user\/laguiadepamplona"]},{"@type":"Person","@id":"https:\/\/www.laguiadepamplona.com\/actualidad\/#\/schema\/person\/efe887376f0213d4657c93adc50b1fdb","name":"La Gu\u00eda de Pamplona","image":{"@type":"ImageObject","inLanguage":"es","@id":"https:\/\/secure.gravatar.com\/avatar\/b6992f131dc8d30ab0dff15446e9d346d9dbd95992de0fef795073f5ea83a81c?s=96&d=mm&r=g","url":"https:\/\/secure.gravatar.com\/avatar\/b6992f131dc8d30ab0dff15446e9d346d9dbd95992de0fef795073f5ea83a81c?s=96&d=mm&r=g","contentUrl":"https:\/\/secure.gravatar.com\/avatar\/b6992f131dc8d30ab0dff15446e9d346d9dbd95992de0fef795073f5ea83a81c?s=96&d=mm&r=g","caption":"La Gu\u00eda de Pamplona"}}]}},"post_mailing_queue_ids":[],"_links":{"self":[{"href":"https:\/\/www.laguiadepamplona.com\/actualidad\/wp-json\/wp\/v2\/posts\/16927","targetHints":{"allow":["GET"]}}],"collection":[{"href":"https:\/\/www.laguiadepamplona.com\/actualidad\/wp-json\/wp\/v2\/posts"}],"about":[{"href":"https:\/\/www.laguiadepamplona.com\/actualidad\/wp-json\/wp\/v2\/types\/post"}],"author":[{"embeddable":true,"href":"https:\/\/www.laguiadepamplona.com\/actualidad\/wp-json\/wp\/v2\/users\/1"}],"replies":[{"embeddable":true,"href":"https:\/\/www.laguiadepamplona.com\/actualidad\/wp-json\/wp\/v2\/comments?post=16927"}],"version-history":[{"count":0,"href":"https:\/\/www.laguiadepamplona.com\/actualidad\/wp-json\/wp\/v2\/posts\/16927\/revisions"}],"wp:featuredmedia":[{"embeddable":true,"href":"https:\/\/www.laguiadepamplona.com\/actualidad\/wp-json\/wp\/v2\/media\/10979"}],"wp:attachment":[{"href":"https:\/\/www.laguiadepamplona.com\/actualidad\/wp-json\/wp\/v2\/media?parent=16927"}],"wp:term":[{"taxonomy":"category","embeddable":true,"href":"https:\/\/www.laguiadepamplona.com\/actualidad\/wp-json\/wp\/v2\/categories?post=16927"},{"taxonomy":"post_tag","embeddable":true,"href":"https:\/\/www.laguiadepamplona.com\/actualidad\/wp-json\/wp\/v2\/tags?post=16927"}],"curies":[{"name":"wp","href":"https:\/\/api.w.org\/{rel}","templated":true}]}}