{"id":16922,"date":"2018-04-13T12:01:19","date_gmt":"2018-04-13T11:01:19","guid":{"rendered":"http:\/\/laguiadepamplona.es\/actualidad\/?p=16922"},"modified":"2018-04-13T12:01:19","modified_gmt":"2018-04-13T11:01:19","slug":"el-museo-de-educacion-ambiental-presenta-una-exposicion-del-alumnado-del-colegio-claret-larraona-que-ha-medido-el-ruido-de-iturrama-y-encuestado-al-vecindario","status":"publish","type":"post","link":"https:\/\/www.laguiadepamplona.com\/actualidad\/el-museo-de-educacion-ambiental-presenta-una-exposicion-del-alumnado-del-colegio-claret-larraona-que-ha-medido-el-ruido-de-iturrama-y-encuestado-al-vecindario\/","title":{"rendered":"El Museo de Educaci\u00f3n Ambiental presenta una exposici\u00f3n del alumnado del Colegio Claret Larraona que ha medido el ruido de Iturrama y encuestado al vecindario"},"content":{"rendered":"<h3>\u2018Menos ruido, mejor vida\u2019 es el t\u00edtulo del proyecto que fue premiado por el Ayuntamiento en el I Certamen de Proyectos de Aprendizaje y Servicio<\/h3>\n<p><!--more--><\/p>\n<p><a href=\"http:\/\/laguiadepamplona.es\/actualidad\/wp-content\/uploads\/2018\/04\/18.04.13_exposicion_ruido_iturrama_larraona_cartel.jpg\"><img loading=\"lazy\" decoding=\"async\" class=\"alignleft size-medium wp-image-16923\" src=\"http:\/\/laguiadepamplona.es\/actualidad\/wp-content\/uploads\/2018\/04\/18.04.13_exposicion_ruido_iturrama_larraona_cartel-300x300.jpg\" alt=\"\" width=\"300\" height=\"300\" srcset=\"https:\/\/www.laguiadepamplona.com\/actualidad\/wp-content\/uploads\/2018\/04\/18.04.13_exposicion_ruido_iturrama_larraona_cartel-300x300.jpg 300w, https:\/\/www.laguiadepamplona.com\/actualidad\/wp-content\/uploads\/2018\/04\/18.04.13_exposicion_ruido_iturrama_larraona_cartel-150x150.jpg 150w, https:\/\/www.laguiadepamplona.com\/actualidad\/wp-content\/uploads\/2018\/04\/18.04.13_exposicion_ruido_iturrama_larraona_cartel-768x768.jpg 768w, https:\/\/www.laguiadepamplona.com\/actualidad\/wp-content\/uploads\/2018\/04\/18.04.13_exposicion_ruido_iturrama_larraona_cartel.jpg 1000w\" sizes=\"auto, (max-width: 300px) 100vw, 300px\" \/><\/a>\u2018Menos ruido, mejor vida\u2019 es el t\u00edtulo de la exposici\u00f3n del proyecto del alumnado de Infantil y Primaria del Colegio Claret Larraona que acoge hasta el viernes 20 de abril el Museo de Educaci\u00f3n Ambiental. Este proyecto fue premiado por el Ayuntamiento de Pamplona en el I Certamen de Proyectos de Aprendizaje y Servicio. En la exposici\u00f3n se pueden ver los gr\u00e1ficos con los niveles de ruido en los lugares medidos, los resultados obtenidos en la investigaci\u00f3n y qu\u00e9 opinan los vecinos de Iturrama entrevistados. As\u00ed, la muestra recoge un resumen que responde a preguntas como si Iturrama es un barrio ruidoso o si el exceso de ruido es peligroso para la salud y hay que tomar conciencia frente a ello. Puede visitarse de martes a jueves de 10 a 13 y de 18 a 20 horas y el viernes de 10 a 13 horas.<\/p>\n<p>Para elaborar el trabajo el alumnado de 4\u00ba, 5\u00ba y 6\u00ba de Primaria sali\u00f3 a la calle tanto para realizar mediciones con son\u00f3metros como para preguntar al vecindario. Tambi\u00e9n investigaron el nivel de ruido que existe dentro del colegio. Las mediciones tuvieron lugar a las 9.30 horas y a las 11.30 horas en cuatro lugares: los cruces de la avenida de P\u00edo XII con la avenida de Navarra y con la calle Iturrama, en la intersecci\u00f3n de las calles Iturrama e I\u00f1igo Arista y en la plaza junto a Civivox Iturrama. La conclusi\u00f3n es que la zona m\u00e1s ruidosa es el cruce de P\u00edo XII con la calle Iturrama a las 9.30 horas.<\/p>\n<p>Por lo que respecta a la opini\u00f3n de las 100 personas encuestadas, la exposici\u00f3n recoge que las mayores fuentes de ruido son los coches y las obras. Un 49% del vecindario encuestado considera que hay bastante ruido en Iturrama y un 30%, que afecta bastante a la salud. Una vez investigado los niveles de sonido y contrastados con los estudios de la OMS sobre la problem\u00e1tica del exceso de ruido en la salud, se propusieron distintas acciones de sensibilizaci\u00f3n. En la elaboraci\u00f3n del estudio el colegio cont\u00f3 con la colaboraci\u00f3n de distintos organismo de la ciudad como Polic\u00eda Municipal, Mancomunidad de la Comarca de Pamplona, Civivox Iturrama o el propio Museo de Educaci\u00f3n Ambiental.<\/p>\n","protected":false},"excerpt":{"rendered":"<p>\u2018Menos ruido, mejor vida\u2019 es el t\u00edtulo del proyecto que fue premiado por el Ayuntamiento en el I Certamen de Proyectos de Aprendizaje y Servicio<\/p>\n","protected":false},"author":1,"featured_media":16924,"comment_status":"open","ping_status":"closed","sticky":false,"template":"","format":"standard","meta":{"footnotes":""},"categories":[2],"tags":[],"class_list":["post-16922","post","type-post","status-publish","format-standard","has-post-thumbnail","hentry","category-ayuntamiento-pamplona"],"yoast_head":"<!-- This site is optimized with the Yoast SEO plugin v27.3 - https:\/\/yoast.com\/product\/yoast-seo-wordpress\/ -->\n<title>El Museo de Educaci\u00f3n Ambiental presenta una exposici\u00f3n del alumnado del Colegio Claret Larraona que ha medido el ruido de Iturrama y encuestado al vecindario<\/title>\n<meta name=\"robots\" content=\"index, follow, max-snippet:-1, max-image-preview:large, max-video-preview:-1\" \/>\n<link rel=\"canonical\" href=\"https:\/\/www.laguiadepamplona.com\/actualidad\/el-museo-de-educacion-ambiental-presenta-una-exposicion-del-alumnado-del-colegio-claret-larraona-que-ha-medido-el-ruido-de-iturrama-y-encuestado-al-vecindario\/\" \/>\n<meta property=\"og:locale\" content=\"es_ES\" \/>\n<meta property=\"og:type\" content=\"article\" \/>\n<meta property=\"og:title\" content=\"El Museo de Educaci\u00f3n Ambiental presenta una exposici\u00f3n del alumnado del Colegio Claret Larraona que ha medido el ruido de Iturrama y encuestado al vecindario\" \/>\n<meta property=\"og:description\" content=\"\u2018Menos ruido, mejor vida\u2019 es el t\u00edtulo del proyecto que fue premiado por el Ayuntamiento en el I Certamen de Proyectos de Aprendizaje y Servicio\" \/>\n<meta property=\"og:url\" content=\"https:\/\/www.laguiadepamplona.com\/actualidad\/el-museo-de-educacion-ambiental-presenta-una-exposicion-del-alumnado-del-colegio-claret-larraona-que-ha-medido-el-ruido-de-iturrama-y-encuestado-al-vecindario\/\" \/>\n<meta property=\"og:site_name\" content=\"La Gu\u00eda de Pamplona\" \/>\n<meta property=\"article:publisher\" content=\"https:\/\/www.facebook.com\/laguiadepamplonacom-133175176762273\/?ref=hl\" \/>\n<meta property=\"article:published_time\" content=\"2018-04-13T11:01:19+00:00\" \/>\n<meta property=\"og:image\" content=\"https:\/\/www.laguiadepamplona.com\/actualidad\/wp-content\/uploads\/2018\/04\/18.04.13_exposicion_ruido_iturrama_larraona_sala.jpg\" \/>\n\t<meta property=\"og:image:width\" content=\"1000\" \/>\n\t<meta property=\"og:image:height\" content=\"562\" \/>\n\t<meta property=\"og:image:type\" content=\"image\/jpeg\" \/>\n<meta name=\"author\" content=\"La Gu\u00eda de Pamplona\" \/>\n<meta name=\"twitter:card\" content=\"summary_large_image\" \/>\n<meta name=\"twitter:creator\" content=\"@LaGuiadPamplona\" \/>\n<meta name=\"twitter:site\" content=\"@LaGuiadPamplona\" \/>\n<meta name=\"twitter:label1\" content=\"Escrito por\" \/>\n\t<meta name=\"twitter:data1\" content=\"La Gu\u00eda de Pamplona\" \/>\n\t<meta name=\"twitter:label2\" content=\"Tiempo de lectura\" \/>\n\t<meta name=\"twitter:data2\" content=\"2 minutos\" \/>\n<script type=\"application\/ld+json\" class=\"yoast-schema-graph\">{\"@context\":\"https:\\\/\\\/schema.org\",\"@graph\":[{\"@type\":\"Article\",\"@id\":\"https:\\\/\\\/www.laguiadepamplona.com\\\/actualidad\\\/el-museo-de-educacion-ambiental-presenta-una-exposicion-del-alumnado-del-colegio-claret-larraona-que-ha-medido-el-ruido-de-iturrama-y-encuestado-al-vecindario\\\/#article\",\"isPartOf\":{\"@id\":\"https:\\\/\\\/www.laguiadepamplona.com\\\/actualidad\\\/el-museo-de-educacion-ambiental-presenta-una-exposicion-del-alumnado-del-colegio-claret-larraona-que-ha-medido-el-ruido-de-iturrama-y-encuestado-al-vecindario\\\/\"},\"author\":{\"name\":\"La Gu\u00eda de Pamplona\",\"@id\":\"https:\\\/\\\/www.laguiadepamplona.com\\\/actualidad\\\/#\\\/schema\\\/person\\\/efe887376f0213d4657c93adc50b1fdb\"},\"headline\":\"El Museo de Educaci\u00f3n Ambiental presenta una exposici\u00f3n del alumnado del Colegio Claret Larraona que ha medido el ruido de Iturrama y encuestado al vecindario\",\"datePublished\":\"2018-04-13T11:01:19+00:00\",\"mainEntityOfPage\":{\"@id\":\"https:\\\/\\\/www.laguiadepamplona.com\\\/actualidad\\\/el-museo-de-educacion-ambiental-presenta-una-exposicion-del-alumnado-del-colegio-claret-larraona-que-ha-medido-el-ruido-de-iturrama-y-encuestado-al-vecindario\\\/\"},\"wordCount\":431,\"commentCount\":0,\"publisher\":{\"@id\":\"https:\\\/\\\/www.laguiadepamplona.com\\\/actualidad\\\/#organization\"},\"image\":{\"@id\":\"https:\\\/\\\/www.laguiadepamplona.com\\\/actualidad\\\/el-museo-de-educacion-ambiental-presenta-una-exposicion-del-alumnado-del-colegio-claret-larraona-que-ha-medido-el-ruido-de-iturrama-y-encuestado-al-vecindario\\\/#primaryimage\"},\"thumbnailUrl\":\"https:\\\/\\\/www.laguiadepamplona.com\\\/actualidad\\\/wp-content\\\/uploads\\\/2018\\\/04\\\/18.04.13_exposicion_ruido_iturrama_larraona_sala.jpg\",\"articleSection\":[\"Ayto Pamplona\"],\"inLanguage\":\"es\",\"potentialAction\":[{\"@type\":\"CommentAction\",\"name\":\"Comment\",\"target\":[\"https:\\\/\\\/www.laguiadepamplona.com\\\/actualidad\\\/el-museo-de-educacion-ambiental-presenta-una-exposicion-del-alumnado-del-colegio-claret-larraona-que-ha-medido-el-ruido-de-iturrama-y-encuestado-al-vecindario\\\/#respond\"]}]},{\"@type\":\"WebPage\",\"@id\":\"https:\\\/\\\/www.laguiadepamplona.com\\\/actualidad\\\/el-museo-de-educacion-ambiental-presenta-una-exposicion-del-alumnado-del-colegio-claret-larraona-que-ha-medido-el-ruido-de-iturrama-y-encuestado-al-vecindario\\\/\",\"url\":\"https:\\\/\\\/www.laguiadepamplona.com\\\/actualidad\\\/el-museo-de-educacion-ambiental-presenta-una-exposicion-del-alumnado-del-colegio-claret-larraona-que-ha-medido-el-ruido-de-iturrama-y-encuestado-al-vecindario\\\/\",\"name\":\"El Museo de Educaci\u00f3n Ambiental presenta una exposici\u00f3n del alumnado del Colegio Claret Larraona que ha medido el ruido de Iturrama y encuestado al vecindario\",\"isPartOf\":{\"@id\":\"https:\\\/\\\/www.laguiadepamplona.com\\\/actualidad\\\/#website\"},\"primaryImageOfPage\":{\"@id\":\"https:\\\/\\\/www.laguiadepamplona.com\\\/actualidad\\\/el-museo-de-educacion-ambiental-presenta-una-exposicion-del-alumnado-del-colegio-claret-larraona-que-ha-medido-el-ruido-de-iturrama-y-encuestado-al-vecindario\\\/#primaryimage\"},\"image\":{\"@id\":\"https:\\\/\\\/www.laguiadepamplona.com\\\/actualidad\\\/el-museo-de-educacion-ambiental-presenta-una-exposicion-del-alumnado-del-colegio-claret-larraona-que-ha-medido-el-ruido-de-iturrama-y-encuestado-al-vecindario\\\/#primaryimage\"},\"thumbnailUrl\":\"https:\\\/\\\/www.laguiadepamplona.com\\\/actualidad\\\/wp-content\\\/uploads\\\/2018\\\/04\\\/18.04.13_exposicion_ruido_iturrama_larraona_sala.jpg\",\"datePublished\":\"2018-04-13T11:01:19+00:00\",\"breadcrumb\":{\"@id\":\"https:\\\/\\\/www.laguiadepamplona.com\\\/actualidad\\\/el-museo-de-educacion-ambiental-presenta-una-exposicion-del-alumnado-del-colegio-claret-larraona-que-ha-medido-el-ruido-de-iturrama-y-encuestado-al-vecindario\\\/#breadcrumb\"},\"inLanguage\":\"es\",\"potentialAction\":[{\"@type\":\"ReadAction\",\"target\":[\"https:\\\/\\\/www.laguiadepamplona.com\\\/actualidad\\\/el-museo-de-educacion-ambiental-presenta-una-exposicion-del-alumnado-del-colegio-claret-larraona-que-ha-medido-el-ruido-de-iturrama-y-encuestado-al-vecindario\\\/\"]}]},{\"@type\":\"ImageObject\",\"inLanguage\":\"es\",\"@id\":\"https:\\\/\\\/www.laguiadepamplona.com\\\/actualidad\\\/el-museo-de-educacion-ambiental-presenta-una-exposicion-del-alumnado-del-colegio-claret-larraona-que-ha-medido-el-ruido-de-iturrama-y-encuestado-al-vecindario\\\/#primaryimage\",\"url\":\"https:\\\/\\\/www.laguiadepamplona.com\\\/actualidad\\\/wp-content\\\/uploads\\\/2018\\\/04\\\/18.04.13_exposicion_ruido_iturrama_larraona_sala.jpg\",\"contentUrl\":\"https:\\\/\\\/www.laguiadepamplona.com\\\/actualidad\\\/wp-content\\\/uploads\\\/2018\\\/04\\\/18.04.13_exposicion_ruido_iturrama_larraona_sala.jpg\",\"width\":1000,\"height\":562},{\"@type\":\"BreadcrumbList\",\"@id\":\"https:\\\/\\\/www.laguiadepamplona.com\\\/actualidad\\\/el-museo-de-educacion-ambiental-presenta-una-exposicion-del-alumnado-del-colegio-claret-larraona-que-ha-medido-el-ruido-de-iturrama-y-encuestado-al-vecindario\\\/#breadcrumb\",\"itemListElement\":[{\"@type\":\"ListItem\",\"position\":1,\"name\":\"Portada\",\"item\":\"https:\\\/\\\/www.laguiadepamplona.com\\\/actualidad\\\/\"},{\"@type\":\"ListItem\",\"position\":2,\"name\":\"El Museo de Educaci\u00f3n Ambiental presenta una exposici\u00f3n del alumnado del Colegio Claret Larraona que ha medido el ruido de Iturrama y encuestado al vecindario\"}]},{\"@type\":\"WebSite\",\"@id\":\"https:\\\/\\\/www.laguiadepamplona.com\\\/actualidad\\\/#website\",\"url\":\"https:\\\/\\\/www.laguiadepamplona.com\\\/actualidad\\\/\",\"name\":\"La gu\u00eda de Pamplona\",\"description\":\"Noticias de Pamplona\",\"publisher\":{\"@id\":\"https:\\\/\\\/www.laguiadepamplona.com\\\/actualidad\\\/#organization\"},\"potentialAction\":[{\"@type\":\"SearchAction\",\"target\":{\"@type\":\"EntryPoint\",\"urlTemplate\":\"https:\\\/\\\/www.laguiadepamplona.com\\\/actualidad\\\/?s={search_term_string}\"},\"query-input\":{\"@type\":\"PropertyValueSpecification\",\"valueRequired\":true,\"valueName\":\"search_term_string\"}}],\"inLanguage\":\"es\"},{\"@type\":\"Organization\",\"@id\":\"https:\\\/\\\/www.laguiadepamplona.com\\\/actualidad\\\/#organization\",\"name\":\"La Gu\u00eda de Pamplona \\\/ Noticias\",\"url\":\"https:\\\/\\\/www.laguiadepamplona.com\\\/actualidad\\\/\",\"logo\":{\"@type\":\"ImageObject\",\"inLanguage\":\"es\",\"@id\":\"https:\\\/\\\/www.laguiadepamplona.com\\\/actualidad\\\/#\\\/schema\\\/logo\\\/image\\\/\",\"url\":\"https:\\\/\\\/www.laguiadepamplona.com\\\/actualidad\\\/wp-content\\\/uploads\\\/2018\\\/11\\\/logo-laguiadepamplona18-web1.png\",\"contentUrl\":\"https:\\\/\\\/www.laguiadepamplona.com\\\/actualidad\\\/wp-content\\\/uploads\\\/2018\\\/11\\\/logo-laguiadepamplona18-web1.png\",\"width\":600,\"height\":196,\"caption\":\"La Gu\u00eda de Pamplona \\\/ Noticias\"},\"image\":{\"@id\":\"https:\\\/\\\/www.laguiadepamplona.com\\\/actualidad\\\/#\\\/schema\\\/logo\\\/image\\\/\"},\"sameAs\":[\"https:\\\/\\\/www.facebook.com\\\/laguiadepamplonacom-133175176762273\\\/?ref=hl\",\"https:\\\/\\\/x.com\\\/LaGuiadPamplona\",\"https:\\\/\\\/www.instagram.com\\\/la_guia_de_pamplona\\\/\",\"https:\\\/\\\/www.youtube.com\\\/user\\\/laguiadepamplona\"]},{\"@type\":\"Person\",\"@id\":\"https:\\\/\\\/www.laguiadepamplona.com\\\/actualidad\\\/#\\\/schema\\\/person\\\/efe887376f0213d4657c93adc50b1fdb\",\"name\":\"La Gu\u00eda de Pamplona\",\"image\":{\"@type\":\"ImageObject\",\"inLanguage\":\"es\",\"@id\":\"https:\\\/\\\/secure.gravatar.com\\\/avatar\\\/b6992f131dc8d30ab0dff15446e9d346d9dbd95992de0fef795073f5ea83a81c?s=96&d=mm&r=g\",\"url\":\"https:\\\/\\\/secure.gravatar.com\\\/avatar\\\/b6992f131dc8d30ab0dff15446e9d346d9dbd95992de0fef795073f5ea83a81c?s=96&d=mm&r=g\",\"contentUrl\":\"https:\\\/\\\/secure.gravatar.com\\\/avatar\\\/b6992f131dc8d30ab0dff15446e9d346d9dbd95992de0fef795073f5ea83a81c?s=96&d=mm&r=g\",\"caption\":\"La Gu\u00eda de Pamplona\"}}]}<\/script>\n<!-- \/ Yoast SEO plugin. -->","yoast_head_json":{"title":"El Museo de Educaci\u00f3n Ambiental presenta una exposici\u00f3n del alumnado del Colegio Claret Larraona que ha medido el ruido de Iturrama y encuestado al vecindario","robots":{"index":"index","follow":"follow","max-snippet":"max-snippet:-1","max-image-preview":"max-image-preview:large","max-video-preview":"max-video-preview:-1"},"canonical":"https:\/\/www.laguiadepamplona.com\/actualidad\/el-museo-de-educacion-ambiental-presenta-una-exposicion-del-alumnado-del-colegio-claret-larraona-que-ha-medido-el-ruido-de-iturrama-y-encuestado-al-vecindario\/","og_locale":"es_ES","og_type":"article","og_title":"El Museo de Educaci\u00f3n Ambiental presenta una exposici\u00f3n del alumnado del Colegio Claret Larraona que ha medido el ruido de Iturrama y encuestado al vecindario","og_description":"\u2018Menos ruido, mejor vida\u2019 es el t\u00edtulo del proyecto que fue premiado por el Ayuntamiento en el I Certamen de Proyectos de Aprendizaje y Servicio","og_url":"https:\/\/www.laguiadepamplona.com\/actualidad\/el-museo-de-educacion-ambiental-presenta-una-exposicion-del-alumnado-del-colegio-claret-larraona-que-ha-medido-el-ruido-de-iturrama-y-encuestado-al-vecindario\/","og_site_name":"La Gu\u00eda de Pamplona","article_publisher":"https:\/\/www.facebook.com\/laguiadepamplonacom-133175176762273\/?ref=hl","article_published_time":"2018-04-13T11:01:19+00:00","og_image":[{"width":1000,"height":562,"url":"https:\/\/www.laguiadepamplona.com\/actualidad\/wp-content\/uploads\/2018\/04\/18.04.13_exposicion_ruido_iturrama_larraona_sala.jpg","type":"image\/jpeg"}],"author":"La Gu\u00eda de Pamplona","twitter_card":"summary_large_image","twitter_creator":"@LaGuiadPamplona","twitter_site":"@LaGuiadPamplona","twitter_misc":{"Escrito por":"La Gu\u00eda de Pamplona","Tiempo de lectura":"2 minutos"},"schema":{"@context":"https:\/\/schema.org","@graph":[{"@type":"Article","@id":"https:\/\/www.laguiadepamplona.com\/actualidad\/el-museo-de-educacion-ambiental-presenta-una-exposicion-del-alumnado-del-colegio-claret-larraona-que-ha-medido-el-ruido-de-iturrama-y-encuestado-al-vecindario\/#article","isPartOf":{"@id":"https:\/\/www.laguiadepamplona.com\/actualidad\/el-museo-de-educacion-ambiental-presenta-una-exposicion-del-alumnado-del-colegio-claret-larraona-que-ha-medido-el-ruido-de-iturrama-y-encuestado-al-vecindario\/"},"author":{"name":"La Gu\u00eda de Pamplona","@id":"https:\/\/www.laguiadepamplona.com\/actualidad\/#\/schema\/person\/efe887376f0213d4657c93adc50b1fdb"},"headline":"El Museo de Educaci\u00f3n Ambiental presenta una exposici\u00f3n del alumnado del Colegio Claret Larraona que ha medido el ruido de Iturrama y encuestado al vecindario","datePublished":"2018-04-13T11:01:19+00:00","mainEntityOfPage":{"@id":"https:\/\/www.laguiadepamplona.com\/actualidad\/el-museo-de-educacion-ambiental-presenta-una-exposicion-del-alumnado-del-colegio-claret-larraona-que-ha-medido-el-ruido-de-iturrama-y-encuestado-al-vecindario\/"},"wordCount":431,"commentCount":0,"publisher":{"@id":"https:\/\/www.laguiadepamplona.com\/actualidad\/#organization"},"image":{"@id":"https:\/\/www.laguiadepamplona.com\/actualidad\/el-museo-de-educacion-ambiental-presenta-una-exposicion-del-alumnado-del-colegio-claret-larraona-que-ha-medido-el-ruido-de-iturrama-y-encuestado-al-vecindario\/#primaryimage"},"thumbnailUrl":"https:\/\/www.laguiadepamplona.com\/actualidad\/wp-content\/uploads\/2018\/04\/18.04.13_exposicion_ruido_iturrama_larraona_sala.jpg","articleSection":["Ayto Pamplona"],"inLanguage":"es","potentialAction":[{"@type":"CommentAction","name":"Comment","target":["https:\/\/www.laguiadepamplona.com\/actualidad\/el-museo-de-educacion-ambiental-presenta-una-exposicion-del-alumnado-del-colegio-claret-larraona-que-ha-medido-el-ruido-de-iturrama-y-encuestado-al-vecindario\/#respond"]}]},{"@type":"WebPage","@id":"https:\/\/www.laguiadepamplona.com\/actualidad\/el-museo-de-educacion-ambiental-presenta-una-exposicion-del-alumnado-del-colegio-claret-larraona-que-ha-medido-el-ruido-de-iturrama-y-encuestado-al-vecindario\/","url":"https:\/\/www.laguiadepamplona.com\/actualidad\/el-museo-de-educacion-ambiental-presenta-una-exposicion-del-alumnado-del-colegio-claret-larraona-que-ha-medido-el-ruido-de-iturrama-y-encuestado-al-vecindario\/","name":"El Museo de Educaci\u00f3n Ambiental presenta una exposici\u00f3n del alumnado del Colegio Claret Larraona que ha medido el ruido de Iturrama y encuestado al vecindario","isPartOf":{"@id":"https:\/\/www.laguiadepamplona.com\/actualidad\/#website"},"primaryImageOfPage":{"@id":"https:\/\/www.laguiadepamplona.com\/actualidad\/el-museo-de-educacion-ambiental-presenta-una-exposicion-del-alumnado-del-colegio-claret-larraona-que-ha-medido-el-ruido-de-iturrama-y-encuestado-al-vecindario\/#primaryimage"},"image":{"@id":"https:\/\/www.laguiadepamplona.com\/actualidad\/el-museo-de-educacion-ambiental-presenta-una-exposicion-del-alumnado-del-colegio-claret-larraona-que-ha-medido-el-ruido-de-iturrama-y-encuestado-al-vecindario\/#primaryimage"},"thumbnailUrl":"https:\/\/www.laguiadepamplona.com\/actualidad\/wp-content\/uploads\/2018\/04\/18.04.13_exposicion_ruido_iturrama_larraona_sala.jpg","datePublished":"2018-04-13T11:01:19+00:00","breadcrumb":{"@id":"https:\/\/www.laguiadepamplona.com\/actualidad\/el-museo-de-educacion-ambiental-presenta-una-exposicion-del-alumnado-del-colegio-claret-larraona-que-ha-medido-el-ruido-de-iturrama-y-encuestado-al-vecindario\/#breadcrumb"},"inLanguage":"es","potentialAction":[{"@type":"ReadAction","target":["https:\/\/www.laguiadepamplona.com\/actualidad\/el-museo-de-educacion-ambiental-presenta-una-exposicion-del-alumnado-del-colegio-claret-larraona-que-ha-medido-el-ruido-de-iturrama-y-encuestado-al-vecindario\/"]}]},{"@type":"ImageObject","inLanguage":"es","@id":"https:\/\/www.laguiadepamplona.com\/actualidad\/el-museo-de-educacion-ambiental-presenta-una-exposicion-del-alumnado-del-colegio-claret-larraona-que-ha-medido-el-ruido-de-iturrama-y-encuestado-al-vecindario\/#primaryimage","url":"https:\/\/www.laguiadepamplona.com\/actualidad\/wp-content\/uploads\/2018\/04\/18.04.13_exposicion_ruido_iturrama_larraona_sala.jpg","contentUrl":"https:\/\/www.laguiadepamplona.com\/actualidad\/wp-content\/uploads\/2018\/04\/18.04.13_exposicion_ruido_iturrama_larraona_sala.jpg","width":1000,"height":562},{"@type":"BreadcrumbList","@id":"https:\/\/www.laguiadepamplona.com\/actualidad\/el-museo-de-educacion-ambiental-presenta-una-exposicion-del-alumnado-del-colegio-claret-larraona-que-ha-medido-el-ruido-de-iturrama-y-encuestado-al-vecindario\/#breadcrumb","itemListElement":[{"@type":"ListItem","position":1,"name":"Portada","item":"https:\/\/www.laguiadepamplona.com\/actualidad\/"},{"@type":"ListItem","position":2,"name":"El Museo de Educaci\u00f3n Ambiental presenta una exposici\u00f3n del alumnado del Colegio Claret Larraona que ha medido el ruido de Iturrama y encuestado al vecindario"}]},{"@type":"WebSite","@id":"https:\/\/www.laguiadepamplona.com\/actualidad\/#website","url":"https:\/\/www.laguiadepamplona.com\/actualidad\/","name":"La gu\u00eda de Pamplona","description":"Noticias de Pamplona","publisher":{"@id":"https:\/\/www.laguiadepamplona.com\/actualidad\/#organization"},"potentialAction":[{"@type":"SearchAction","target":{"@type":"EntryPoint","urlTemplate":"https:\/\/www.laguiadepamplona.com\/actualidad\/?s={search_term_string}"},"query-input":{"@type":"PropertyValueSpecification","valueRequired":true,"valueName":"search_term_string"}}],"inLanguage":"es"},{"@type":"Organization","@id":"https:\/\/www.laguiadepamplona.com\/actualidad\/#organization","name":"La Gu\u00eda de Pamplona \/ Noticias","url":"https:\/\/www.laguiadepamplona.com\/actualidad\/","logo":{"@type":"ImageObject","inLanguage":"es","@id":"https:\/\/www.laguiadepamplona.com\/actualidad\/#\/schema\/logo\/image\/","url":"https:\/\/www.laguiadepamplona.com\/actualidad\/wp-content\/uploads\/2018\/11\/logo-laguiadepamplona18-web1.png","contentUrl":"https:\/\/www.laguiadepamplona.com\/actualidad\/wp-content\/uploads\/2018\/11\/logo-laguiadepamplona18-web1.png","width":600,"height":196,"caption":"La Gu\u00eda de Pamplona \/ Noticias"},"image":{"@id":"https:\/\/www.laguiadepamplona.com\/actualidad\/#\/schema\/logo\/image\/"},"sameAs":["https:\/\/www.facebook.com\/laguiadepamplonacom-133175176762273\/?ref=hl","https:\/\/x.com\/LaGuiadPamplona","https:\/\/www.instagram.com\/la_guia_de_pamplona\/","https:\/\/www.youtube.com\/user\/laguiadepamplona"]},{"@type":"Person","@id":"https:\/\/www.laguiadepamplona.com\/actualidad\/#\/schema\/person\/efe887376f0213d4657c93adc50b1fdb","name":"La Gu\u00eda de Pamplona","image":{"@type":"ImageObject","inLanguage":"es","@id":"https:\/\/secure.gravatar.com\/avatar\/b6992f131dc8d30ab0dff15446e9d346d9dbd95992de0fef795073f5ea83a81c?s=96&d=mm&r=g","url":"https:\/\/secure.gravatar.com\/avatar\/b6992f131dc8d30ab0dff15446e9d346d9dbd95992de0fef795073f5ea83a81c?s=96&d=mm&r=g","contentUrl":"https:\/\/secure.gravatar.com\/avatar\/b6992f131dc8d30ab0dff15446e9d346d9dbd95992de0fef795073f5ea83a81c?s=96&d=mm&r=g","caption":"La Gu\u00eda de Pamplona"}}]}},"post_mailing_queue_ids":[],"_links":{"self":[{"href":"https:\/\/www.laguiadepamplona.com\/actualidad\/wp-json\/wp\/v2\/posts\/16922","targetHints":{"allow":["GET"]}}],"collection":[{"href":"https:\/\/www.laguiadepamplona.com\/actualidad\/wp-json\/wp\/v2\/posts"}],"about":[{"href":"https:\/\/www.laguiadepamplona.com\/actualidad\/wp-json\/wp\/v2\/types\/post"}],"author":[{"embeddable":true,"href":"https:\/\/www.laguiadepamplona.com\/actualidad\/wp-json\/wp\/v2\/users\/1"}],"replies":[{"embeddable":true,"href":"https:\/\/www.laguiadepamplona.com\/actualidad\/wp-json\/wp\/v2\/comments?post=16922"}],"version-history":[{"count":0,"href":"https:\/\/www.laguiadepamplona.com\/actualidad\/wp-json\/wp\/v2\/posts\/16922\/revisions"}],"wp:featuredmedia":[{"embeddable":true,"href":"https:\/\/www.laguiadepamplona.com\/actualidad\/wp-json\/wp\/v2\/media\/16924"}],"wp:attachment":[{"href":"https:\/\/www.laguiadepamplona.com\/actualidad\/wp-json\/wp\/v2\/media?parent=16922"}],"wp:term":[{"taxonomy":"category","embeddable":true,"href":"https:\/\/www.laguiadepamplona.com\/actualidad\/wp-json\/wp\/v2\/categories?post=16922"},{"taxonomy":"post_tag","embeddable":true,"href":"https:\/\/www.laguiadepamplona.com\/actualidad\/wp-json\/wp\/v2\/tags?post=16922"}],"curies":[{"name":"wp","href":"https:\/\/api.w.org\/{rel}","templated":true}]}}