{"id":1677,"date":"2014-05-21T11:35:13","date_gmt":"2014-05-21T10:35:13","guid":{"rendered":"http:\/\/laguiadepamplona.es\/noticias\/?p=1677"},"modified":"2014-05-21T11:35:13","modified_gmt":"2014-05-21T10:35:13","slug":"los-parques-de-paderborn-y-mendillorri-y-la-vuelta-del-castillo-acogeran-la-fase-clasificatoria-del-i-campeonato-interescolar-de-golf-que-comienzan-esta-tarde","status":"publish","type":"post","link":"https:\/\/www.laguiadepamplona.com\/actualidad\/los-parques-de-paderborn-y-mendillorri-y-la-vuelta-del-castillo-acogeran-la-fase-clasificatoria-del-i-campeonato-interescolar-de-golf-que-comienzan-esta-tarde\/","title":{"rendered":"Los parques de Paderborn y Mendillorri y la vuelta del Castillo acoger\u00e1n la fase clasificatoria del I Campeonato interescolar de golf que comienzan esta tarde"},"content":{"rendered":"<h4>Durante este curso se han formado en golf cerca de 60 profesores de educaci\u00f3n f\u00edsica que imparten clases a unos 3.000 alumnos navarros<\/h4>\n<p class=\"Textonota\"><a href=\"http:\/\/laguiadepamplona.es\/noticias\/wp-content\/uploads\/2014\/05\/campeonato_golf3.jpg\"><img loading=\"lazy\" decoding=\"async\" class=\"alignleft size-medium wp-image-1686\" src=\"http:\/\/laguiadepamplona.es\/noticias\/wp-content\/uploads\/2014\/05\/campeonato_golf3-300x200.jpg\" alt=\"campeonato_golf3\" width=\"300\" height=\"200\" \/><\/a>Los parques de Paderborn y Mendillorri y la vuelta del Castillo de Pamplona acoger\u00e1n la fase clasificatoria del I Campeonato interescolar de golf que comienzan esta tarde. Los partidos de hoy se disputar\u00e1n en el parque de Paderborn a partir de las cinco y media de la tarde. El resto de encuentros clasificatorios se celebrar\u00e1n los mi\u00e9rcoles y los viernes hasta el 6 de enero de cinco y media a ocho de la tarde. Las semifinales y la final se disputar\u00e1n el s\u00e1bado 7 de junio de diez de la ma\u00f1ana a dos de la tarde en la vuelta del Castillo junto a la estaci\u00f3n de autobuses. Todos los datos del campeonato han sido ofrecidos esta ma\u00f1ana en rueda de prensa por la concejala delegada de Juventud y Deporte, Paz Prieto, y el presidente de la Federaci\u00f3n Navarra de Golf, Joaqu\u00edn Andueza.<\/p>\n<p class=\"Textonota\">Se han establecido dos categor\u00edas, una para jugadores no federados y otra para federados. En la primera participan 7 equipos formados por tres o cuatro jugadores de 5\u00ba y 6\u00ba de primaria que han tenido su primer contacto con este deporte a trav\u00e9s del programa \u2018Golf en los Colegios\u2019 y que pertenecen a San Cernin. En cuanto a los alumnos federados, que pueden tener licencia hasta de cadetes, este a\u00f1o participaran 6 equipos formados tambi\u00e9n por 3 \u00f3 4 jugadores de los colegios de Vedruna, Irabia, Red\u00edn, Larraona y San Cern\u00edn. El premio para el equipo de los no federados es un curso de iniciaci\u00f3n al golf y para el federado, material.<\/p>\n<p class=\"ladillonota\"><strong>Programa \u2018Golf en los Colegios\u2019 desde 2009<\/strong><\/p>\n<p class=\"Textonota\">El origen de este campeonato, organizado por la la Federaci\u00f3n Navarra de Golf con la colaboraci\u00f3n del Gobierno de Navarra y del Ayuntamiento de Pamplona, se encuentra en el programa \u2018Golf en los Colegios\u2019. Esta actividad, heredera a su vez de la que se desarrollaba en \u2018Cancha Abierta\u2019 de la Universidad P\u00fablica de Navarra con centros de ense\u00f1anza preuniversitaria, se puso en marcha en 2009. Ha sido este a\u00f1o cuando se ha querido hacer m\u00e1s visible la pr\u00e1ctica del golf por parte de los escolares organizando el campeonato en distintas zonas verdes de la ciudad. En este caso, el material utilizado ser\u00e1 del palos con cabezas de pl\u00e1stico y de bolas de goma-espuma en lugar del habitual.<\/p>\n<p class=\"Textonota\">Durante este curso se han formado en el deporte del golf cerca de 60 profesores de educaci\u00f3n f\u00edsca que imparten clases a unos 3.000 alumnos navarros. La Federaci\u00f3n Navarra de Golf tiene actualmente 3.383 licencias de las que 647 son de la categor\u00eda sub21 y 447 licencias de la de sub16, categor\u00eda que corresponde a los participantes en el programa de \u2018Golf en los Colegios\u2019.<\/p>\n<p class=\"ladillonota\"><strong>Reglas del campeonato<\/strong><\/p>\n<p class=\"Textonota\">Cada partido lo disputar\u00e1n entre dos o tres equipos y se puntuar\u00e1n el mejor <i>putt<\/i>, el mejor <span lang=\"ES-TRAD\">approach y la consecuci\u00f3n de <\/span>3 hoyos por golpes <i>scramble<\/i>. En total se repartir\u00e1n 90 puntos y cada equipo participantes podr\u00e1 obtener un m\u00e1ximo de 60 puntos.<\/p>\n<p class=\"Textonota\">Para obtener el mejor putt hay que introducir la pelota en el hoyo en un m\u00e1ximo de dos golpes. Si no se logra, los puntos ser\u00e1n para el jugador que m\u00e1s se haya acercado. Se jugar\u00e1n desde tres posiciones diferentes del campo. Se otorgar\u00e1n 2 puntos al ganador y 1 punto al segundo por cada posici\u00f3n hasta un total de 27 puntos.<\/p>\n<p class=\"Textonota\">Los puntos de mejor <i><span lang=\"ES-TRAD\">approach<\/span><\/i><span lang=\"ES-TRAD\"> se otorgan a la bola que m\u00e1s cerca se queda del hoyo. Cada jugador realiza dos intentos desde tres posiciones diferentes. Las puntuaciones son similares a la otorgadas para el <\/span>mejor <i>putt<\/i>. Por \u00faltimo, se repartir\u00e1n 36 putos entre los que realicen tres hoyos con golpes s<i>cramble<\/i>. Cada equipo juega los golpes desde la mejor posici\u00f3n de bola conseguida por los miembros del equipo.<\/p>\n<p class=\"Textonota\">\n","protected":false},"excerpt":{"rendered":"<p>Durante este curso se han formado en golf cerca de 60 profesores de educaci\u00f3n f\u00edsica que imparten clases a unos 3.000 alumnos navarros Los parques de Paderborn y Mendillorri y&#8230;<\/p>\n","protected":false},"author":1,"featured_media":1686,"comment_status":"open","ping_status":"open","sticky":false,"template":"","format":"standard","meta":{"footnotes":""},"categories":[2],"tags":[5,6,509,1337,1338,1339,8,9,1340,1341],"class_list":["post-1677","post","type-post","status-publish","format-standard","has-post-thumbnail","hentry","category-ayuntamiento-pamplona","tag-actualidad","tag-ayto-pamplona","tag-ayuntamiento-de-pamplona","tag-de-golf","tag-i-campeonato","tag-interescolar","tag-noticias","tag-pamplona","tag-parques-de-paderborn-y-mendillorri","tag-vuelta-del-castillo"],"yoast_head":"<!-- This site is optimized with the Yoast SEO plugin v27.5 - https:\/\/yoast.com\/product\/yoast-seo-wordpress\/ -->\n<title>Los parques de Paderborn y Mendillorri y la vuelta del Castillo acoger\u00e1n la fase clasificatoria del I Campeonato interescolar de golf que comienzan esta tarde<\/title>\n<meta name=\"robots\" content=\"index, follow, max-snippet:-1, max-image-preview:large, max-video-preview:-1\" \/>\n<link rel=\"canonical\" href=\"https:\/\/www.laguiadepamplona.com\/actualidad\/los-parques-de-paderborn-y-mendillorri-y-la-vuelta-del-castillo-acogeran-la-fase-clasificatoria-del-i-campeonato-interescolar-de-golf-que-comienzan-esta-tarde\/\" \/>\n<meta property=\"og:locale\" content=\"es_ES\" \/>\n<meta property=\"og:type\" content=\"article\" \/>\n<meta property=\"og:title\" content=\"Los parques de Paderborn y Mendillorri y la vuelta del Castillo acoger\u00e1n la fase clasificatoria del I Campeonato interescolar de golf que comienzan esta tarde\" \/>\n<meta property=\"og:description\" content=\"Durante este curso se han formado en golf cerca de 60 profesores de educaci\u00f3n f\u00edsica que imparten clases a unos 3.000 alumnos navarros Los parques de Paderborn y Mendillorri y...\" \/>\n<meta property=\"og:url\" content=\"https:\/\/www.laguiadepamplona.com\/actualidad\/los-parques-de-paderborn-y-mendillorri-y-la-vuelta-del-castillo-acogeran-la-fase-clasificatoria-del-i-campeonato-interescolar-de-golf-que-comienzan-esta-tarde\/\" \/>\n<meta property=\"og:site_name\" content=\"La Gu\u00eda de Pamplona\" \/>\n<meta property=\"article:publisher\" content=\"https:\/\/www.facebook.com\/laguiadepamplonacom-133175176762273\/?ref=hl\" \/>\n<meta property=\"article:published_time\" content=\"2014-05-21T10:35:13+00:00\" \/>\n<meta name=\"author\" content=\"La Gu\u00eda de Pamplona\" \/>\n<meta name=\"twitter:card\" content=\"summary_large_image\" \/>\n<meta name=\"twitter:creator\" content=\"@LaGuiadPamplona\" \/>\n<meta name=\"twitter:site\" content=\"@LaGuiadPamplona\" \/>\n<meta name=\"twitter:label1\" content=\"Escrito por\" \/>\n\t<meta name=\"twitter:data1\" content=\"La Gu\u00eda de Pamplona\" \/>\n\t<meta name=\"twitter:label2\" content=\"Tiempo de lectura\" \/>\n\t<meta name=\"twitter:data2\" content=\"3 minutos\" \/>\n<script type=\"application\/ld+json\" class=\"yoast-schema-graph\">{\"@context\":\"https:\\\/\\\/schema.org\",\"@graph\":[{\"@type\":\"Article\",\"@id\":\"https:\\\/\\\/www.laguiadepamplona.com\\\/actualidad\\\/los-parques-de-paderborn-y-mendillorri-y-la-vuelta-del-castillo-acogeran-la-fase-clasificatoria-del-i-campeonato-interescolar-de-golf-que-comienzan-esta-tarde\\\/#article\",\"isPartOf\":{\"@id\":\"https:\\\/\\\/www.laguiadepamplona.com\\\/actualidad\\\/los-parques-de-paderborn-y-mendillorri-y-la-vuelta-del-castillo-acogeran-la-fase-clasificatoria-del-i-campeonato-interescolar-de-golf-que-comienzan-esta-tarde\\\/\"},\"author\":{\"name\":\"La Gu\u00eda de Pamplona\",\"@id\":\"https:\\\/\\\/www.laguiadepamplona.com\\\/actualidad\\\/#\\\/schema\\\/person\\\/efe887376f0213d4657c93adc50b1fdb\"},\"headline\":\"Los parques de Paderborn y Mendillorri y la vuelta del Castillo acoger\u00e1n la fase clasificatoria del I Campeonato interescolar de golf que comienzan esta tarde\",\"datePublished\":\"2014-05-21T10:35:13+00:00\",\"mainEntityOfPage\":{\"@id\":\"https:\\\/\\\/www.laguiadepamplona.com\\\/actualidad\\\/los-parques-de-paderborn-y-mendillorri-y-la-vuelta-del-castillo-acogeran-la-fase-clasificatoria-del-i-campeonato-interescolar-de-golf-que-comienzan-esta-tarde\\\/\"},\"wordCount\":692,\"commentCount\":0,\"publisher\":{\"@id\":\"https:\\\/\\\/www.laguiadepamplona.com\\\/actualidad\\\/#organization\"},\"image\":{\"@id\":\"https:\\\/\\\/www.laguiadepamplona.com\\\/actualidad\\\/los-parques-de-paderborn-y-mendillorri-y-la-vuelta-del-castillo-acogeran-la-fase-clasificatoria-del-i-campeonato-interescolar-de-golf-que-comienzan-esta-tarde\\\/#primaryimage\"},\"thumbnailUrl\":\"\",\"keywords\":[\"actualidad\",\"ayto pamplona\",\"Ayuntamiento de Pamplona\",\"de golf\",\"I Campeonato\",\"interescolar\",\"noticias\",\"pamplona\",\"parques de Paderborn y Mendillorri\",\"vuelta del Castillo\"],\"articleSection\":[\"Ayto Pamplona\"],\"inLanguage\":\"es\",\"potentialAction\":[{\"@type\":\"CommentAction\",\"name\":\"Comment\",\"target\":[\"https:\\\/\\\/www.laguiadepamplona.com\\\/actualidad\\\/los-parques-de-paderborn-y-mendillorri-y-la-vuelta-del-castillo-acogeran-la-fase-clasificatoria-del-i-campeonato-interescolar-de-golf-que-comienzan-esta-tarde\\\/#respond\"]}]},{\"@type\":\"WebPage\",\"@id\":\"https:\\\/\\\/www.laguiadepamplona.com\\\/actualidad\\\/los-parques-de-paderborn-y-mendillorri-y-la-vuelta-del-castillo-acogeran-la-fase-clasificatoria-del-i-campeonato-interescolar-de-golf-que-comienzan-esta-tarde\\\/\",\"url\":\"https:\\\/\\\/www.laguiadepamplona.com\\\/actualidad\\\/los-parques-de-paderborn-y-mendillorri-y-la-vuelta-del-castillo-acogeran-la-fase-clasificatoria-del-i-campeonato-interescolar-de-golf-que-comienzan-esta-tarde\\\/\",\"name\":\"Los parques de Paderborn y Mendillorri y la vuelta del Castillo acoger\u00e1n la fase clasificatoria del I Campeonato interescolar de golf que comienzan esta tarde\",\"isPartOf\":{\"@id\":\"https:\\\/\\\/www.laguiadepamplona.com\\\/actualidad\\\/#website\"},\"primaryImageOfPage\":{\"@id\":\"https:\\\/\\\/www.laguiadepamplona.com\\\/actualidad\\\/los-parques-de-paderborn-y-mendillorri-y-la-vuelta-del-castillo-acogeran-la-fase-clasificatoria-del-i-campeonato-interescolar-de-golf-que-comienzan-esta-tarde\\\/#primaryimage\"},\"image\":{\"@id\":\"https:\\\/\\\/www.laguiadepamplona.com\\\/actualidad\\\/los-parques-de-paderborn-y-mendillorri-y-la-vuelta-del-castillo-acogeran-la-fase-clasificatoria-del-i-campeonato-interescolar-de-golf-que-comienzan-esta-tarde\\\/#primaryimage\"},\"thumbnailUrl\":\"\",\"datePublished\":\"2014-05-21T10:35:13+00:00\",\"breadcrumb\":{\"@id\":\"https:\\\/\\\/www.laguiadepamplona.com\\\/actualidad\\\/los-parques-de-paderborn-y-mendillorri-y-la-vuelta-del-castillo-acogeran-la-fase-clasificatoria-del-i-campeonato-interescolar-de-golf-que-comienzan-esta-tarde\\\/#breadcrumb\"},\"inLanguage\":\"es\",\"potentialAction\":[{\"@type\":\"ReadAction\",\"target\":[\"https:\\\/\\\/www.laguiadepamplona.com\\\/actualidad\\\/los-parques-de-paderborn-y-mendillorri-y-la-vuelta-del-castillo-acogeran-la-fase-clasificatoria-del-i-campeonato-interescolar-de-golf-que-comienzan-esta-tarde\\\/\"]}]},{\"@type\":\"ImageObject\",\"inLanguage\":\"es\",\"@id\":\"https:\\\/\\\/www.laguiadepamplona.com\\\/actualidad\\\/los-parques-de-paderborn-y-mendillorri-y-la-vuelta-del-castillo-acogeran-la-fase-clasificatoria-del-i-campeonato-interescolar-de-golf-que-comienzan-esta-tarde\\\/#primaryimage\",\"url\":\"\",\"contentUrl\":\"\"},{\"@type\":\"BreadcrumbList\",\"@id\":\"https:\\\/\\\/www.laguiadepamplona.com\\\/actualidad\\\/los-parques-de-paderborn-y-mendillorri-y-la-vuelta-del-castillo-acogeran-la-fase-clasificatoria-del-i-campeonato-interescolar-de-golf-que-comienzan-esta-tarde\\\/#breadcrumb\",\"itemListElement\":[{\"@type\":\"ListItem\",\"position\":1,\"name\":\"Portada\",\"item\":\"https:\\\/\\\/www.laguiadepamplona.com\\\/actualidad\\\/\"},{\"@type\":\"ListItem\",\"position\":2,\"name\":\"Los parques de Paderborn y Mendillorri y la vuelta del Castillo acoger\u00e1n la fase clasificatoria del I Campeonato interescolar de golf que comienzan esta tarde\"}]},{\"@type\":\"WebSite\",\"@id\":\"https:\\\/\\\/www.laguiadepamplona.com\\\/actualidad\\\/#website\",\"url\":\"https:\\\/\\\/www.laguiadepamplona.com\\\/actualidad\\\/\",\"name\":\"La gu\u00eda de Pamplona\",\"description\":\"Noticias de Pamplona\",\"publisher\":{\"@id\":\"https:\\\/\\\/www.laguiadepamplona.com\\\/actualidad\\\/#organization\"},\"potentialAction\":[{\"@type\":\"SearchAction\",\"target\":{\"@type\":\"EntryPoint\",\"urlTemplate\":\"https:\\\/\\\/www.laguiadepamplona.com\\\/actualidad\\\/?s={search_term_string}\"},\"query-input\":{\"@type\":\"PropertyValueSpecification\",\"valueRequired\":true,\"valueName\":\"search_term_string\"}}],\"inLanguage\":\"es\"},{\"@type\":\"Organization\",\"@id\":\"https:\\\/\\\/www.laguiadepamplona.com\\\/actualidad\\\/#organization\",\"name\":\"La Gu\u00eda de Pamplona \\\/ Noticias\",\"url\":\"https:\\\/\\\/www.laguiadepamplona.com\\\/actualidad\\\/\",\"logo\":{\"@type\":\"ImageObject\",\"inLanguage\":\"es\",\"@id\":\"https:\\\/\\\/www.laguiadepamplona.com\\\/actualidad\\\/#\\\/schema\\\/logo\\\/image\\\/\",\"url\":\"https:\\\/\\\/www.laguiadepamplona.com\\\/actualidad\\\/wp-content\\\/uploads\\\/2018\\\/11\\\/logo-laguiadepamplona18-web1.png\",\"contentUrl\":\"https:\\\/\\\/www.laguiadepamplona.com\\\/actualidad\\\/wp-content\\\/uploads\\\/2018\\\/11\\\/logo-laguiadepamplona18-web1.png\",\"width\":600,\"height\":196,\"caption\":\"La Gu\u00eda de Pamplona \\\/ Noticias\"},\"image\":{\"@id\":\"https:\\\/\\\/www.laguiadepamplona.com\\\/actualidad\\\/#\\\/schema\\\/logo\\\/image\\\/\"},\"sameAs\":[\"https:\\\/\\\/www.facebook.com\\\/laguiadepamplonacom-133175176762273\\\/?ref=hl\",\"https:\\\/\\\/x.com\\\/LaGuiadPamplona\",\"https:\\\/\\\/www.instagram.com\\\/la_guia_de_pamplona\\\/\",\"https:\\\/\\\/www.youtube.com\\\/user\\\/laguiadepamplona\"]},{\"@type\":\"Person\",\"@id\":\"https:\\\/\\\/www.laguiadepamplona.com\\\/actualidad\\\/#\\\/schema\\\/person\\\/efe887376f0213d4657c93adc50b1fdb\",\"name\":\"La Gu\u00eda de Pamplona\",\"image\":{\"@type\":\"ImageObject\",\"inLanguage\":\"es\",\"@id\":\"https:\\\/\\\/secure.gravatar.com\\\/avatar\\\/b6992f131dc8d30ab0dff15446e9d346d9dbd95992de0fef795073f5ea83a81c?s=96&d=mm&r=g\",\"url\":\"https:\\\/\\\/secure.gravatar.com\\\/avatar\\\/b6992f131dc8d30ab0dff15446e9d346d9dbd95992de0fef795073f5ea83a81c?s=96&d=mm&r=g\",\"contentUrl\":\"https:\\\/\\\/secure.gravatar.com\\\/avatar\\\/b6992f131dc8d30ab0dff15446e9d346d9dbd95992de0fef795073f5ea83a81c?s=96&d=mm&r=g\",\"caption\":\"La Gu\u00eda de Pamplona\"}}]}<\/script>\n<!-- \/ Yoast SEO plugin. -->","yoast_head_json":{"title":"Los parques de Paderborn y Mendillorri y la vuelta del Castillo acoger\u00e1n la fase clasificatoria del I Campeonato interescolar de golf que comienzan esta tarde","robots":{"index":"index","follow":"follow","max-snippet":"max-snippet:-1","max-image-preview":"max-image-preview:large","max-video-preview":"max-video-preview:-1"},"canonical":"https:\/\/www.laguiadepamplona.com\/actualidad\/los-parques-de-paderborn-y-mendillorri-y-la-vuelta-del-castillo-acogeran-la-fase-clasificatoria-del-i-campeonato-interescolar-de-golf-que-comienzan-esta-tarde\/","og_locale":"es_ES","og_type":"article","og_title":"Los parques de Paderborn y Mendillorri y la vuelta del Castillo acoger\u00e1n la fase clasificatoria del I Campeonato interescolar de golf que comienzan esta tarde","og_description":"Durante este curso se han formado en golf cerca de 60 profesores de educaci\u00f3n f\u00edsica que imparten clases a unos 3.000 alumnos navarros Los parques de Paderborn y Mendillorri y...","og_url":"https:\/\/www.laguiadepamplona.com\/actualidad\/los-parques-de-paderborn-y-mendillorri-y-la-vuelta-del-castillo-acogeran-la-fase-clasificatoria-del-i-campeonato-interescolar-de-golf-que-comienzan-esta-tarde\/","og_site_name":"La Gu\u00eda de Pamplona","article_publisher":"https:\/\/www.facebook.com\/laguiadepamplonacom-133175176762273\/?ref=hl","article_published_time":"2014-05-21T10:35:13+00:00","author":"La Gu\u00eda de Pamplona","twitter_card":"summary_large_image","twitter_creator":"@LaGuiadPamplona","twitter_site":"@LaGuiadPamplona","twitter_misc":{"Escrito por":"La Gu\u00eda de Pamplona","Tiempo de lectura":"3 minutos"},"schema":{"@context":"https:\/\/schema.org","@graph":[{"@type":"Article","@id":"https:\/\/www.laguiadepamplona.com\/actualidad\/los-parques-de-paderborn-y-mendillorri-y-la-vuelta-del-castillo-acogeran-la-fase-clasificatoria-del-i-campeonato-interescolar-de-golf-que-comienzan-esta-tarde\/#article","isPartOf":{"@id":"https:\/\/www.laguiadepamplona.com\/actualidad\/los-parques-de-paderborn-y-mendillorri-y-la-vuelta-del-castillo-acogeran-la-fase-clasificatoria-del-i-campeonato-interescolar-de-golf-que-comienzan-esta-tarde\/"},"author":{"name":"La Gu\u00eda de Pamplona","@id":"https:\/\/www.laguiadepamplona.com\/actualidad\/#\/schema\/person\/efe887376f0213d4657c93adc50b1fdb"},"headline":"Los parques de Paderborn y Mendillorri y la vuelta del Castillo acoger\u00e1n la fase clasificatoria del I Campeonato interescolar de golf que comienzan esta tarde","datePublished":"2014-05-21T10:35:13+00:00","mainEntityOfPage":{"@id":"https:\/\/www.laguiadepamplona.com\/actualidad\/los-parques-de-paderborn-y-mendillorri-y-la-vuelta-del-castillo-acogeran-la-fase-clasificatoria-del-i-campeonato-interescolar-de-golf-que-comienzan-esta-tarde\/"},"wordCount":692,"commentCount":0,"publisher":{"@id":"https:\/\/www.laguiadepamplona.com\/actualidad\/#organization"},"image":{"@id":"https:\/\/www.laguiadepamplona.com\/actualidad\/los-parques-de-paderborn-y-mendillorri-y-la-vuelta-del-castillo-acogeran-la-fase-clasificatoria-del-i-campeonato-interescolar-de-golf-que-comienzan-esta-tarde\/#primaryimage"},"thumbnailUrl":"","keywords":["actualidad","ayto pamplona","Ayuntamiento de Pamplona","de golf","I Campeonato","interescolar","noticias","pamplona","parques de Paderborn y Mendillorri","vuelta del Castillo"],"articleSection":["Ayto Pamplona"],"inLanguage":"es","potentialAction":[{"@type":"CommentAction","name":"Comment","target":["https:\/\/www.laguiadepamplona.com\/actualidad\/los-parques-de-paderborn-y-mendillorri-y-la-vuelta-del-castillo-acogeran-la-fase-clasificatoria-del-i-campeonato-interescolar-de-golf-que-comienzan-esta-tarde\/#respond"]}]},{"@type":"WebPage","@id":"https:\/\/www.laguiadepamplona.com\/actualidad\/los-parques-de-paderborn-y-mendillorri-y-la-vuelta-del-castillo-acogeran-la-fase-clasificatoria-del-i-campeonato-interescolar-de-golf-que-comienzan-esta-tarde\/","url":"https:\/\/www.laguiadepamplona.com\/actualidad\/los-parques-de-paderborn-y-mendillorri-y-la-vuelta-del-castillo-acogeran-la-fase-clasificatoria-del-i-campeonato-interescolar-de-golf-que-comienzan-esta-tarde\/","name":"Los parques de Paderborn y Mendillorri y la vuelta del Castillo acoger\u00e1n la fase clasificatoria del I Campeonato interescolar de golf que comienzan esta tarde","isPartOf":{"@id":"https:\/\/www.laguiadepamplona.com\/actualidad\/#website"},"primaryImageOfPage":{"@id":"https:\/\/www.laguiadepamplona.com\/actualidad\/los-parques-de-paderborn-y-mendillorri-y-la-vuelta-del-castillo-acogeran-la-fase-clasificatoria-del-i-campeonato-interescolar-de-golf-que-comienzan-esta-tarde\/#primaryimage"},"image":{"@id":"https:\/\/www.laguiadepamplona.com\/actualidad\/los-parques-de-paderborn-y-mendillorri-y-la-vuelta-del-castillo-acogeran-la-fase-clasificatoria-del-i-campeonato-interescolar-de-golf-que-comienzan-esta-tarde\/#primaryimage"},"thumbnailUrl":"","datePublished":"2014-05-21T10:35:13+00:00","breadcrumb":{"@id":"https:\/\/www.laguiadepamplona.com\/actualidad\/los-parques-de-paderborn-y-mendillorri-y-la-vuelta-del-castillo-acogeran-la-fase-clasificatoria-del-i-campeonato-interescolar-de-golf-que-comienzan-esta-tarde\/#breadcrumb"},"inLanguage":"es","potentialAction":[{"@type":"ReadAction","target":["https:\/\/www.laguiadepamplona.com\/actualidad\/los-parques-de-paderborn-y-mendillorri-y-la-vuelta-del-castillo-acogeran-la-fase-clasificatoria-del-i-campeonato-interescolar-de-golf-que-comienzan-esta-tarde\/"]}]},{"@type":"ImageObject","inLanguage":"es","@id":"https:\/\/www.laguiadepamplona.com\/actualidad\/los-parques-de-paderborn-y-mendillorri-y-la-vuelta-del-castillo-acogeran-la-fase-clasificatoria-del-i-campeonato-interescolar-de-golf-que-comienzan-esta-tarde\/#primaryimage","url":"","contentUrl":""},{"@type":"BreadcrumbList","@id":"https:\/\/www.laguiadepamplona.com\/actualidad\/los-parques-de-paderborn-y-mendillorri-y-la-vuelta-del-castillo-acogeran-la-fase-clasificatoria-del-i-campeonato-interescolar-de-golf-que-comienzan-esta-tarde\/#breadcrumb","itemListElement":[{"@type":"ListItem","position":1,"name":"Portada","item":"https:\/\/www.laguiadepamplona.com\/actualidad\/"},{"@type":"ListItem","position":2,"name":"Los parques de Paderborn y Mendillorri y la vuelta del Castillo acoger\u00e1n la fase clasificatoria del I Campeonato interescolar de golf que comienzan esta tarde"}]},{"@type":"WebSite","@id":"https:\/\/www.laguiadepamplona.com\/actualidad\/#website","url":"https:\/\/www.laguiadepamplona.com\/actualidad\/","name":"La gu\u00eda de Pamplona","description":"Noticias de Pamplona","publisher":{"@id":"https:\/\/www.laguiadepamplona.com\/actualidad\/#organization"},"potentialAction":[{"@type":"SearchAction","target":{"@type":"EntryPoint","urlTemplate":"https:\/\/www.laguiadepamplona.com\/actualidad\/?s={search_term_string}"},"query-input":{"@type":"PropertyValueSpecification","valueRequired":true,"valueName":"search_term_string"}}],"inLanguage":"es"},{"@type":"Organization","@id":"https:\/\/www.laguiadepamplona.com\/actualidad\/#organization","name":"La Gu\u00eda de Pamplona \/ Noticias","url":"https:\/\/www.laguiadepamplona.com\/actualidad\/","logo":{"@type":"ImageObject","inLanguage":"es","@id":"https:\/\/www.laguiadepamplona.com\/actualidad\/#\/schema\/logo\/image\/","url":"https:\/\/www.laguiadepamplona.com\/actualidad\/wp-content\/uploads\/2018\/11\/logo-laguiadepamplona18-web1.png","contentUrl":"https:\/\/www.laguiadepamplona.com\/actualidad\/wp-content\/uploads\/2018\/11\/logo-laguiadepamplona18-web1.png","width":600,"height":196,"caption":"La Gu\u00eda de Pamplona \/ Noticias"},"image":{"@id":"https:\/\/www.laguiadepamplona.com\/actualidad\/#\/schema\/logo\/image\/"},"sameAs":["https:\/\/www.facebook.com\/laguiadepamplonacom-133175176762273\/?ref=hl","https:\/\/x.com\/LaGuiadPamplona","https:\/\/www.instagram.com\/la_guia_de_pamplona\/","https:\/\/www.youtube.com\/user\/laguiadepamplona"]},{"@type":"Person","@id":"https:\/\/www.laguiadepamplona.com\/actualidad\/#\/schema\/person\/efe887376f0213d4657c93adc50b1fdb","name":"La Gu\u00eda de Pamplona","image":{"@type":"ImageObject","inLanguage":"es","@id":"https:\/\/secure.gravatar.com\/avatar\/b6992f131dc8d30ab0dff15446e9d346d9dbd95992de0fef795073f5ea83a81c?s=96&d=mm&r=g","url":"https:\/\/secure.gravatar.com\/avatar\/b6992f131dc8d30ab0dff15446e9d346d9dbd95992de0fef795073f5ea83a81c?s=96&d=mm&r=g","contentUrl":"https:\/\/secure.gravatar.com\/avatar\/b6992f131dc8d30ab0dff15446e9d346d9dbd95992de0fef795073f5ea83a81c?s=96&d=mm&r=g","caption":"La Gu\u00eda de Pamplona"}}]}},"post_mailing_queue_ids":[],"_links":{"self":[{"href":"https:\/\/www.laguiadepamplona.com\/actualidad\/wp-json\/wp\/v2\/posts\/1677","targetHints":{"allow":["GET"]}}],"collection":[{"href":"https:\/\/www.laguiadepamplona.com\/actualidad\/wp-json\/wp\/v2\/posts"}],"about":[{"href":"https:\/\/www.laguiadepamplona.com\/actualidad\/wp-json\/wp\/v2\/types\/post"}],"author":[{"embeddable":true,"href":"https:\/\/www.laguiadepamplona.com\/actualidad\/wp-json\/wp\/v2\/users\/1"}],"replies":[{"embeddable":true,"href":"https:\/\/www.laguiadepamplona.com\/actualidad\/wp-json\/wp\/v2\/comments?post=1677"}],"version-history":[{"count":0,"href":"https:\/\/www.laguiadepamplona.com\/actualidad\/wp-json\/wp\/v2\/posts\/1677\/revisions"}],"wp:featuredmedia":[{"embeddable":true,"href":"https:\/\/www.laguiadepamplona.com\/actualidad\/wp-json\/"}],"wp:attachment":[{"href":"https:\/\/www.laguiadepamplona.com\/actualidad\/wp-json\/wp\/v2\/media?parent=1677"}],"wp:term":[{"taxonomy":"category","embeddable":true,"href":"https:\/\/www.laguiadepamplona.com\/actualidad\/wp-json\/wp\/v2\/categories?post=1677"},{"taxonomy":"post_tag","embeddable":true,"href":"https:\/\/www.laguiadepamplona.com\/actualidad\/wp-json\/wp\/v2\/tags?post=1677"}],"curies":[{"name":"wp","href":"https:\/\/api.w.org\/{rel}","templated":true}]}}