{"id":16269,"date":"2018-02-26T12:03:52","date_gmt":"2018-02-26T11:03:52","guid":{"rendered":"http:\/\/laguiadepamplona.es\/actualidad\/?p=16269"},"modified":"2018-02-26T12:03:52","modified_gmt":"2018-02-26T11:03:52","slug":"la-subinspectora-de-policia-municipal-margari-guembe-recibe-la-medalla-al-merito-policial-en-el-i-encuentro-nacional-de-mujeres-policia-celebrado-en-madrid","status":"publish","type":"post","link":"https:\/\/www.laguiadepamplona.com\/actualidad\/la-subinspectora-de-policia-municipal-margari-guembe-recibe-la-medalla-al-merito-policial-en-el-i-encuentro-nacional-de-mujeres-policia-celebrado-en-madrid\/","title":{"rendered":"La subinspectora de Polic\u00eda Municipal Margari Guembe recibe la medalla al m\u00e9rito policial en el I Encuentro Nacional de Mujeres Polic\u00eda celebrado en Madrid"},"content":{"rendered":"<p><!--more--><\/p>\n<p>La Polic\u00eda Municipal de Pamplona recibi\u00f3 el pasado viernes un premio en el I Encuentro Nacional de Mujeres Polic\u00eda celebrado la semana pasada en Madrid. La subinspectora de la Oficina de Atenci\u00f3n Ciudadana de la Polic\u00eda Municipal de Pamplona, Margarita Guembe, fue reconocida con la medalla al m\u00e9rito policial por su trayectoria profesional y, de forma especial, su contribuci\u00f3n al desarrollo de las funciones de polic\u00eda judicial y cient\u00edfica a su servicio.<\/p>\n<p>Asimismo, el jurado que concedi\u00f3 el premio ha querido reconocer tambi\u00e9n los \u00e9xitos obtenidos con su trabajo para lograr la condena judicial de violadores y otros delincuentes detenidos por agresiones machistas. En total, se reconoci\u00f3 a 22 mujeres, pertenecientes a diversas organizaciones policiales de \u00e1mbito nacional, auton\u00f3mico y local. El acto de entrega cont\u00f3 con la presencia de la delegada del \u00e1rea de Gobierno de Pol\u00edticas de G\u00e9nero y Diversidad del Ayuntamiento de Pamplona, Celia Mayer, la presidenta de la Comisi\u00f3n de Igualdad del Congreso de los Diputados, Pilar Cancela, y representantes de la Junta de Unijepol Espa\u00f1a. Este I Encuentro Nacional de Mujeres Polic\u00eda se celebr\u00f3 dentro del Sal\u00f3n Internacional de la Seguridad (SICUR), la principal feria de seguridad que se celebra a nivel nacional, que tuvo lugar en IFEMA (Madrid), organizado por Unijepol con la colaboraci\u00f3n de la Federaci\u00f3n Espa\u00f1ola de Municipales y Provincias.<\/p>\n<p>En este encuentro se ha pretendido poner de manifiesto la importante e imprescindible contribuci\u00f3n de las mujeres a los servicios policiales y la necesidad de impulsar acciones positivas y otras medidas para lograr mayores cotas de igualdad, tanto en la composici\u00f3n de las organizaciones policiales como en sus escalas de mando.<\/p>\n<p>&nbsp;<\/p>\n","protected":false},"excerpt":{"rendered":"","protected":false},"author":1,"featured_media":16270,"comment_status":"open","ping_status":"closed","sticky":false,"template":"","format":"standard","meta":{"footnotes":""},"categories":[2],"tags":[],"class_list":["post-16269","post","type-post","status-publish","format-standard","has-post-thumbnail","hentry","category-ayuntamiento-pamplona"],"yoast_head":"<!-- This site is optimized with the Yoast SEO plugin v27.3 - https:\/\/yoast.com\/product\/yoast-seo-wordpress\/ -->\n<title>La subinspectora de Polic\u00eda Municipal Margari Guembe recibe la medalla al m\u00e9rito policial en el I Encuentro Nacional de Mujeres Polic\u00eda celebrado en Madrid<\/title>\n<meta name=\"robots\" content=\"index, follow, max-snippet:-1, max-image-preview:large, max-video-preview:-1\" \/>\n<link rel=\"canonical\" href=\"https:\/\/www.laguiadepamplona.com\/actualidad\/la-subinspectora-de-policia-municipal-margari-guembe-recibe-la-medalla-al-merito-policial-en-el-i-encuentro-nacional-de-mujeres-policia-celebrado-en-madrid\/\" \/>\n<meta property=\"og:locale\" content=\"es_ES\" \/>\n<meta property=\"og:type\" content=\"article\" \/>\n<meta property=\"og:title\" content=\"La subinspectora de Polic\u00eda Municipal Margari Guembe recibe la medalla al m\u00e9rito policial en el I Encuentro Nacional de Mujeres Polic\u00eda celebrado en Madrid\" \/>\n<meta property=\"og:url\" content=\"https:\/\/www.laguiadepamplona.com\/actualidad\/la-subinspectora-de-policia-municipal-margari-guembe-recibe-la-medalla-al-merito-policial-en-el-i-encuentro-nacional-de-mujeres-policia-celebrado-en-madrid\/\" \/>\n<meta property=\"og:site_name\" content=\"La Gu\u00eda de Pamplona\" \/>\n<meta property=\"article:publisher\" content=\"https:\/\/www.facebook.com\/laguiadepamplonacom-133175176762273\/?ref=hl\" \/>\n<meta property=\"article:published_time\" content=\"2018-02-26T11:03:52+00:00\" \/>\n<meta property=\"og:image\" content=\"https:\/\/www.laguiadepamplona.com\/actualidad\/wp-content\/uploads\/2018\/02\/18.02.26_premio_policia_mujer_guembe_scc.jpg\" \/>\n\t<meta property=\"og:image:width\" content=\"1000\" \/>\n\t<meta property=\"og:image:height\" content=\"651\" \/>\n\t<meta property=\"og:image:type\" content=\"image\/jpeg\" \/>\n<meta name=\"author\" content=\"La Gu\u00eda de Pamplona\" \/>\n<meta name=\"twitter:card\" content=\"summary_large_image\" \/>\n<meta name=\"twitter:creator\" content=\"@LaGuiadPamplona\" \/>\n<meta name=\"twitter:site\" content=\"@LaGuiadPamplona\" \/>\n<meta name=\"twitter:label1\" content=\"Escrito por\" \/>\n\t<meta name=\"twitter:data1\" content=\"La Gu\u00eda de Pamplona\" \/>\n\t<meta name=\"twitter:label2\" content=\"Tiempo de lectura\" \/>\n\t<meta name=\"twitter:data2\" content=\"1 minuto\" \/>\n<script type=\"application\/ld+json\" class=\"yoast-schema-graph\">{\"@context\":\"https:\\\/\\\/schema.org\",\"@graph\":[{\"@type\":\"Article\",\"@id\":\"https:\\\/\\\/www.laguiadepamplona.com\\\/actualidad\\\/la-subinspectora-de-policia-municipal-margari-guembe-recibe-la-medalla-al-merito-policial-en-el-i-encuentro-nacional-de-mujeres-policia-celebrado-en-madrid\\\/#article\",\"isPartOf\":{\"@id\":\"https:\\\/\\\/www.laguiadepamplona.com\\\/actualidad\\\/la-subinspectora-de-policia-municipal-margari-guembe-recibe-la-medalla-al-merito-policial-en-el-i-encuentro-nacional-de-mujeres-policia-celebrado-en-madrid\\\/\"},\"author\":{\"name\":\"La Gu\u00eda de Pamplona\",\"@id\":\"https:\\\/\\\/www.laguiadepamplona.com\\\/actualidad\\\/#\\\/schema\\\/person\\\/efe887376f0213d4657c93adc50b1fdb\"},\"headline\":\"La subinspectora de Polic\u00eda Municipal Margari Guembe recibe la medalla al m\u00e9rito policial en el I Encuentro Nacional de Mujeres Polic\u00eda celebrado en Madrid\",\"datePublished\":\"2018-02-26T11:03:52+00:00\",\"mainEntityOfPage\":{\"@id\":\"https:\\\/\\\/www.laguiadepamplona.com\\\/actualidad\\\/la-subinspectora-de-policia-municipal-margari-guembe-recibe-la-medalla-al-merito-policial-en-el-i-encuentro-nacional-de-mujeres-policia-celebrado-en-madrid\\\/\"},\"wordCount\":317,\"commentCount\":0,\"publisher\":{\"@id\":\"https:\\\/\\\/www.laguiadepamplona.com\\\/actualidad\\\/#organization\"},\"image\":{\"@id\":\"https:\\\/\\\/www.laguiadepamplona.com\\\/actualidad\\\/la-subinspectora-de-policia-municipal-margari-guembe-recibe-la-medalla-al-merito-policial-en-el-i-encuentro-nacional-de-mujeres-policia-celebrado-en-madrid\\\/#primaryimage\"},\"thumbnailUrl\":\"https:\\\/\\\/www.laguiadepamplona.com\\\/actualidad\\\/wp-content\\\/uploads\\\/2018\\\/02\\\/18.02.26_premio_policia_mujer_guembe_scc.jpg\",\"articleSection\":[\"Ayto Pamplona\"],\"inLanguage\":\"es\",\"potentialAction\":[{\"@type\":\"CommentAction\",\"name\":\"Comment\",\"target\":[\"https:\\\/\\\/www.laguiadepamplona.com\\\/actualidad\\\/la-subinspectora-de-policia-municipal-margari-guembe-recibe-la-medalla-al-merito-policial-en-el-i-encuentro-nacional-de-mujeres-policia-celebrado-en-madrid\\\/#respond\"]}]},{\"@type\":\"WebPage\",\"@id\":\"https:\\\/\\\/www.laguiadepamplona.com\\\/actualidad\\\/la-subinspectora-de-policia-municipal-margari-guembe-recibe-la-medalla-al-merito-policial-en-el-i-encuentro-nacional-de-mujeres-policia-celebrado-en-madrid\\\/\",\"url\":\"https:\\\/\\\/www.laguiadepamplona.com\\\/actualidad\\\/la-subinspectora-de-policia-municipal-margari-guembe-recibe-la-medalla-al-merito-policial-en-el-i-encuentro-nacional-de-mujeres-policia-celebrado-en-madrid\\\/\",\"name\":\"La subinspectora de Polic\u00eda Municipal Margari Guembe recibe la medalla al m\u00e9rito policial en el I Encuentro Nacional de Mujeres Polic\u00eda celebrado en Madrid\",\"isPartOf\":{\"@id\":\"https:\\\/\\\/www.laguiadepamplona.com\\\/actualidad\\\/#website\"},\"primaryImageOfPage\":{\"@id\":\"https:\\\/\\\/www.laguiadepamplona.com\\\/actualidad\\\/la-subinspectora-de-policia-municipal-margari-guembe-recibe-la-medalla-al-merito-policial-en-el-i-encuentro-nacional-de-mujeres-policia-celebrado-en-madrid\\\/#primaryimage\"},\"image\":{\"@id\":\"https:\\\/\\\/www.laguiadepamplona.com\\\/actualidad\\\/la-subinspectora-de-policia-municipal-margari-guembe-recibe-la-medalla-al-merito-policial-en-el-i-encuentro-nacional-de-mujeres-policia-celebrado-en-madrid\\\/#primaryimage\"},\"thumbnailUrl\":\"https:\\\/\\\/www.laguiadepamplona.com\\\/actualidad\\\/wp-content\\\/uploads\\\/2018\\\/02\\\/18.02.26_premio_policia_mujer_guembe_scc.jpg\",\"datePublished\":\"2018-02-26T11:03:52+00:00\",\"breadcrumb\":{\"@id\":\"https:\\\/\\\/www.laguiadepamplona.com\\\/actualidad\\\/la-subinspectora-de-policia-municipal-margari-guembe-recibe-la-medalla-al-merito-policial-en-el-i-encuentro-nacional-de-mujeres-policia-celebrado-en-madrid\\\/#breadcrumb\"},\"inLanguage\":\"es\",\"potentialAction\":[{\"@type\":\"ReadAction\",\"target\":[\"https:\\\/\\\/www.laguiadepamplona.com\\\/actualidad\\\/la-subinspectora-de-policia-municipal-margari-guembe-recibe-la-medalla-al-merito-policial-en-el-i-encuentro-nacional-de-mujeres-policia-celebrado-en-madrid\\\/\"]}]},{\"@type\":\"ImageObject\",\"inLanguage\":\"es\",\"@id\":\"https:\\\/\\\/www.laguiadepamplona.com\\\/actualidad\\\/la-subinspectora-de-policia-municipal-margari-guembe-recibe-la-medalla-al-merito-policial-en-el-i-encuentro-nacional-de-mujeres-policia-celebrado-en-madrid\\\/#primaryimage\",\"url\":\"https:\\\/\\\/www.laguiadepamplona.com\\\/actualidad\\\/wp-content\\\/uploads\\\/2018\\\/02\\\/18.02.26_premio_policia_mujer_guembe_scc.jpg\",\"contentUrl\":\"https:\\\/\\\/www.laguiadepamplona.com\\\/actualidad\\\/wp-content\\\/uploads\\\/2018\\\/02\\\/18.02.26_premio_policia_mujer_guembe_scc.jpg\",\"width\":1000,\"height\":651},{\"@type\":\"BreadcrumbList\",\"@id\":\"https:\\\/\\\/www.laguiadepamplona.com\\\/actualidad\\\/la-subinspectora-de-policia-municipal-margari-guembe-recibe-la-medalla-al-merito-policial-en-el-i-encuentro-nacional-de-mujeres-policia-celebrado-en-madrid\\\/#breadcrumb\",\"itemListElement\":[{\"@type\":\"ListItem\",\"position\":1,\"name\":\"Portada\",\"item\":\"https:\\\/\\\/www.laguiadepamplona.com\\\/actualidad\\\/\"},{\"@type\":\"ListItem\",\"position\":2,\"name\":\"La subinspectora de Polic\u00eda Municipal Margari Guembe recibe la medalla al m\u00e9rito policial en el I Encuentro Nacional de Mujeres Polic\u00eda celebrado en Madrid\"}]},{\"@type\":\"WebSite\",\"@id\":\"https:\\\/\\\/www.laguiadepamplona.com\\\/actualidad\\\/#website\",\"url\":\"https:\\\/\\\/www.laguiadepamplona.com\\\/actualidad\\\/\",\"name\":\"La gu\u00eda de Pamplona\",\"description\":\"Noticias de Pamplona\",\"publisher\":{\"@id\":\"https:\\\/\\\/www.laguiadepamplona.com\\\/actualidad\\\/#organization\"},\"potentialAction\":[{\"@type\":\"SearchAction\",\"target\":{\"@type\":\"EntryPoint\",\"urlTemplate\":\"https:\\\/\\\/www.laguiadepamplona.com\\\/actualidad\\\/?s={search_term_string}\"},\"query-input\":{\"@type\":\"PropertyValueSpecification\",\"valueRequired\":true,\"valueName\":\"search_term_string\"}}],\"inLanguage\":\"es\"},{\"@type\":\"Organization\",\"@id\":\"https:\\\/\\\/www.laguiadepamplona.com\\\/actualidad\\\/#organization\",\"name\":\"La Gu\u00eda de Pamplona \\\/ Noticias\",\"url\":\"https:\\\/\\\/www.laguiadepamplona.com\\\/actualidad\\\/\",\"logo\":{\"@type\":\"ImageObject\",\"inLanguage\":\"es\",\"@id\":\"https:\\\/\\\/www.laguiadepamplona.com\\\/actualidad\\\/#\\\/schema\\\/logo\\\/image\\\/\",\"url\":\"https:\\\/\\\/www.laguiadepamplona.com\\\/actualidad\\\/wp-content\\\/uploads\\\/2018\\\/11\\\/logo-laguiadepamplona18-web1.png\",\"contentUrl\":\"https:\\\/\\\/www.laguiadepamplona.com\\\/actualidad\\\/wp-content\\\/uploads\\\/2018\\\/11\\\/logo-laguiadepamplona18-web1.png\",\"width\":600,\"height\":196,\"caption\":\"La Gu\u00eda de Pamplona \\\/ Noticias\"},\"image\":{\"@id\":\"https:\\\/\\\/www.laguiadepamplona.com\\\/actualidad\\\/#\\\/schema\\\/logo\\\/image\\\/\"},\"sameAs\":[\"https:\\\/\\\/www.facebook.com\\\/laguiadepamplonacom-133175176762273\\\/?ref=hl\",\"https:\\\/\\\/x.com\\\/LaGuiadPamplona\",\"https:\\\/\\\/www.instagram.com\\\/la_guia_de_pamplona\\\/\",\"https:\\\/\\\/www.youtube.com\\\/user\\\/laguiadepamplona\"]},{\"@type\":\"Person\",\"@id\":\"https:\\\/\\\/www.laguiadepamplona.com\\\/actualidad\\\/#\\\/schema\\\/person\\\/efe887376f0213d4657c93adc50b1fdb\",\"name\":\"La Gu\u00eda de Pamplona\",\"image\":{\"@type\":\"ImageObject\",\"inLanguage\":\"es\",\"@id\":\"https:\\\/\\\/secure.gravatar.com\\\/avatar\\\/b6992f131dc8d30ab0dff15446e9d346d9dbd95992de0fef795073f5ea83a81c?s=96&d=mm&r=g\",\"url\":\"https:\\\/\\\/secure.gravatar.com\\\/avatar\\\/b6992f131dc8d30ab0dff15446e9d346d9dbd95992de0fef795073f5ea83a81c?s=96&d=mm&r=g\",\"contentUrl\":\"https:\\\/\\\/secure.gravatar.com\\\/avatar\\\/b6992f131dc8d30ab0dff15446e9d346d9dbd95992de0fef795073f5ea83a81c?s=96&d=mm&r=g\",\"caption\":\"La Gu\u00eda de Pamplona\"}}]}<\/script>\n<!-- \/ Yoast SEO plugin. -->","yoast_head_json":{"title":"La subinspectora de Polic\u00eda Municipal Margari Guembe recibe la medalla al m\u00e9rito policial en el I Encuentro Nacional de Mujeres Polic\u00eda celebrado en Madrid","robots":{"index":"index","follow":"follow","max-snippet":"max-snippet:-1","max-image-preview":"max-image-preview:large","max-video-preview":"max-video-preview:-1"},"canonical":"https:\/\/www.laguiadepamplona.com\/actualidad\/la-subinspectora-de-policia-municipal-margari-guembe-recibe-la-medalla-al-merito-policial-en-el-i-encuentro-nacional-de-mujeres-policia-celebrado-en-madrid\/","og_locale":"es_ES","og_type":"article","og_title":"La subinspectora de Polic\u00eda Municipal Margari Guembe recibe la medalla al m\u00e9rito policial en el I Encuentro Nacional de Mujeres Polic\u00eda celebrado en Madrid","og_url":"https:\/\/www.laguiadepamplona.com\/actualidad\/la-subinspectora-de-policia-municipal-margari-guembe-recibe-la-medalla-al-merito-policial-en-el-i-encuentro-nacional-de-mujeres-policia-celebrado-en-madrid\/","og_site_name":"La Gu\u00eda de Pamplona","article_publisher":"https:\/\/www.facebook.com\/laguiadepamplonacom-133175176762273\/?ref=hl","article_published_time":"2018-02-26T11:03:52+00:00","og_image":[{"width":1000,"height":651,"url":"https:\/\/www.laguiadepamplona.com\/actualidad\/wp-content\/uploads\/2018\/02\/18.02.26_premio_policia_mujer_guembe_scc.jpg","type":"image\/jpeg"}],"author":"La Gu\u00eda de Pamplona","twitter_card":"summary_large_image","twitter_creator":"@LaGuiadPamplona","twitter_site":"@LaGuiadPamplona","twitter_misc":{"Escrito por":"La Gu\u00eda de Pamplona","Tiempo de lectura":"1 minuto"},"schema":{"@context":"https:\/\/schema.org","@graph":[{"@type":"Article","@id":"https:\/\/www.laguiadepamplona.com\/actualidad\/la-subinspectora-de-policia-municipal-margari-guembe-recibe-la-medalla-al-merito-policial-en-el-i-encuentro-nacional-de-mujeres-policia-celebrado-en-madrid\/#article","isPartOf":{"@id":"https:\/\/www.laguiadepamplona.com\/actualidad\/la-subinspectora-de-policia-municipal-margari-guembe-recibe-la-medalla-al-merito-policial-en-el-i-encuentro-nacional-de-mujeres-policia-celebrado-en-madrid\/"},"author":{"name":"La Gu\u00eda de Pamplona","@id":"https:\/\/www.laguiadepamplona.com\/actualidad\/#\/schema\/person\/efe887376f0213d4657c93adc50b1fdb"},"headline":"La subinspectora de Polic\u00eda Municipal Margari Guembe recibe la medalla al m\u00e9rito policial en el I Encuentro Nacional de Mujeres Polic\u00eda celebrado en Madrid","datePublished":"2018-02-26T11:03:52+00:00","mainEntityOfPage":{"@id":"https:\/\/www.laguiadepamplona.com\/actualidad\/la-subinspectora-de-policia-municipal-margari-guembe-recibe-la-medalla-al-merito-policial-en-el-i-encuentro-nacional-de-mujeres-policia-celebrado-en-madrid\/"},"wordCount":317,"commentCount":0,"publisher":{"@id":"https:\/\/www.laguiadepamplona.com\/actualidad\/#organization"},"image":{"@id":"https:\/\/www.laguiadepamplona.com\/actualidad\/la-subinspectora-de-policia-municipal-margari-guembe-recibe-la-medalla-al-merito-policial-en-el-i-encuentro-nacional-de-mujeres-policia-celebrado-en-madrid\/#primaryimage"},"thumbnailUrl":"https:\/\/www.laguiadepamplona.com\/actualidad\/wp-content\/uploads\/2018\/02\/18.02.26_premio_policia_mujer_guembe_scc.jpg","articleSection":["Ayto Pamplona"],"inLanguage":"es","potentialAction":[{"@type":"CommentAction","name":"Comment","target":["https:\/\/www.laguiadepamplona.com\/actualidad\/la-subinspectora-de-policia-municipal-margari-guembe-recibe-la-medalla-al-merito-policial-en-el-i-encuentro-nacional-de-mujeres-policia-celebrado-en-madrid\/#respond"]}]},{"@type":"WebPage","@id":"https:\/\/www.laguiadepamplona.com\/actualidad\/la-subinspectora-de-policia-municipal-margari-guembe-recibe-la-medalla-al-merito-policial-en-el-i-encuentro-nacional-de-mujeres-policia-celebrado-en-madrid\/","url":"https:\/\/www.laguiadepamplona.com\/actualidad\/la-subinspectora-de-policia-municipal-margari-guembe-recibe-la-medalla-al-merito-policial-en-el-i-encuentro-nacional-de-mujeres-policia-celebrado-en-madrid\/","name":"La subinspectora de Polic\u00eda Municipal Margari Guembe recibe la medalla al m\u00e9rito policial en el I Encuentro Nacional de Mujeres Polic\u00eda celebrado en Madrid","isPartOf":{"@id":"https:\/\/www.laguiadepamplona.com\/actualidad\/#website"},"primaryImageOfPage":{"@id":"https:\/\/www.laguiadepamplona.com\/actualidad\/la-subinspectora-de-policia-municipal-margari-guembe-recibe-la-medalla-al-merito-policial-en-el-i-encuentro-nacional-de-mujeres-policia-celebrado-en-madrid\/#primaryimage"},"image":{"@id":"https:\/\/www.laguiadepamplona.com\/actualidad\/la-subinspectora-de-policia-municipal-margari-guembe-recibe-la-medalla-al-merito-policial-en-el-i-encuentro-nacional-de-mujeres-policia-celebrado-en-madrid\/#primaryimage"},"thumbnailUrl":"https:\/\/www.laguiadepamplona.com\/actualidad\/wp-content\/uploads\/2018\/02\/18.02.26_premio_policia_mujer_guembe_scc.jpg","datePublished":"2018-02-26T11:03:52+00:00","breadcrumb":{"@id":"https:\/\/www.laguiadepamplona.com\/actualidad\/la-subinspectora-de-policia-municipal-margari-guembe-recibe-la-medalla-al-merito-policial-en-el-i-encuentro-nacional-de-mujeres-policia-celebrado-en-madrid\/#breadcrumb"},"inLanguage":"es","potentialAction":[{"@type":"ReadAction","target":["https:\/\/www.laguiadepamplona.com\/actualidad\/la-subinspectora-de-policia-municipal-margari-guembe-recibe-la-medalla-al-merito-policial-en-el-i-encuentro-nacional-de-mujeres-policia-celebrado-en-madrid\/"]}]},{"@type":"ImageObject","inLanguage":"es","@id":"https:\/\/www.laguiadepamplona.com\/actualidad\/la-subinspectora-de-policia-municipal-margari-guembe-recibe-la-medalla-al-merito-policial-en-el-i-encuentro-nacional-de-mujeres-policia-celebrado-en-madrid\/#primaryimage","url":"https:\/\/www.laguiadepamplona.com\/actualidad\/wp-content\/uploads\/2018\/02\/18.02.26_premio_policia_mujer_guembe_scc.jpg","contentUrl":"https:\/\/www.laguiadepamplona.com\/actualidad\/wp-content\/uploads\/2018\/02\/18.02.26_premio_policia_mujer_guembe_scc.jpg","width":1000,"height":651},{"@type":"BreadcrumbList","@id":"https:\/\/www.laguiadepamplona.com\/actualidad\/la-subinspectora-de-policia-municipal-margari-guembe-recibe-la-medalla-al-merito-policial-en-el-i-encuentro-nacional-de-mujeres-policia-celebrado-en-madrid\/#breadcrumb","itemListElement":[{"@type":"ListItem","position":1,"name":"Portada","item":"https:\/\/www.laguiadepamplona.com\/actualidad\/"},{"@type":"ListItem","position":2,"name":"La subinspectora de Polic\u00eda Municipal Margari Guembe recibe la medalla al m\u00e9rito policial en el I Encuentro Nacional de Mujeres Polic\u00eda celebrado en Madrid"}]},{"@type":"WebSite","@id":"https:\/\/www.laguiadepamplona.com\/actualidad\/#website","url":"https:\/\/www.laguiadepamplona.com\/actualidad\/","name":"La gu\u00eda de Pamplona","description":"Noticias de Pamplona","publisher":{"@id":"https:\/\/www.laguiadepamplona.com\/actualidad\/#organization"},"potentialAction":[{"@type":"SearchAction","target":{"@type":"EntryPoint","urlTemplate":"https:\/\/www.laguiadepamplona.com\/actualidad\/?s={search_term_string}"},"query-input":{"@type":"PropertyValueSpecification","valueRequired":true,"valueName":"search_term_string"}}],"inLanguage":"es"},{"@type":"Organization","@id":"https:\/\/www.laguiadepamplona.com\/actualidad\/#organization","name":"La Gu\u00eda de Pamplona \/ Noticias","url":"https:\/\/www.laguiadepamplona.com\/actualidad\/","logo":{"@type":"ImageObject","inLanguage":"es","@id":"https:\/\/www.laguiadepamplona.com\/actualidad\/#\/schema\/logo\/image\/","url":"https:\/\/www.laguiadepamplona.com\/actualidad\/wp-content\/uploads\/2018\/11\/logo-laguiadepamplona18-web1.png","contentUrl":"https:\/\/www.laguiadepamplona.com\/actualidad\/wp-content\/uploads\/2018\/11\/logo-laguiadepamplona18-web1.png","width":600,"height":196,"caption":"La Gu\u00eda de Pamplona \/ Noticias"},"image":{"@id":"https:\/\/www.laguiadepamplona.com\/actualidad\/#\/schema\/logo\/image\/"},"sameAs":["https:\/\/www.facebook.com\/laguiadepamplonacom-133175176762273\/?ref=hl","https:\/\/x.com\/LaGuiadPamplona","https:\/\/www.instagram.com\/la_guia_de_pamplona\/","https:\/\/www.youtube.com\/user\/laguiadepamplona"]},{"@type":"Person","@id":"https:\/\/www.laguiadepamplona.com\/actualidad\/#\/schema\/person\/efe887376f0213d4657c93adc50b1fdb","name":"La Gu\u00eda de Pamplona","image":{"@type":"ImageObject","inLanguage":"es","@id":"https:\/\/secure.gravatar.com\/avatar\/b6992f131dc8d30ab0dff15446e9d346d9dbd95992de0fef795073f5ea83a81c?s=96&d=mm&r=g","url":"https:\/\/secure.gravatar.com\/avatar\/b6992f131dc8d30ab0dff15446e9d346d9dbd95992de0fef795073f5ea83a81c?s=96&d=mm&r=g","contentUrl":"https:\/\/secure.gravatar.com\/avatar\/b6992f131dc8d30ab0dff15446e9d346d9dbd95992de0fef795073f5ea83a81c?s=96&d=mm&r=g","caption":"La Gu\u00eda de Pamplona"}}]}},"post_mailing_queue_ids":[],"_links":{"self":[{"href":"https:\/\/www.laguiadepamplona.com\/actualidad\/wp-json\/wp\/v2\/posts\/16269","targetHints":{"allow":["GET"]}}],"collection":[{"href":"https:\/\/www.laguiadepamplona.com\/actualidad\/wp-json\/wp\/v2\/posts"}],"about":[{"href":"https:\/\/www.laguiadepamplona.com\/actualidad\/wp-json\/wp\/v2\/types\/post"}],"author":[{"embeddable":true,"href":"https:\/\/www.laguiadepamplona.com\/actualidad\/wp-json\/wp\/v2\/users\/1"}],"replies":[{"embeddable":true,"href":"https:\/\/www.laguiadepamplona.com\/actualidad\/wp-json\/wp\/v2\/comments?post=16269"}],"version-history":[{"count":0,"href":"https:\/\/www.laguiadepamplona.com\/actualidad\/wp-json\/wp\/v2\/posts\/16269\/revisions"}],"wp:featuredmedia":[{"embeddable":true,"href":"https:\/\/www.laguiadepamplona.com\/actualidad\/wp-json\/wp\/v2\/media\/16270"}],"wp:attachment":[{"href":"https:\/\/www.laguiadepamplona.com\/actualidad\/wp-json\/wp\/v2\/media?parent=16269"}],"wp:term":[{"taxonomy":"category","embeddable":true,"href":"https:\/\/www.laguiadepamplona.com\/actualidad\/wp-json\/wp\/v2\/categories?post=16269"},{"taxonomy":"post_tag","embeddable":true,"href":"https:\/\/www.laguiadepamplona.com\/actualidad\/wp-json\/wp\/v2\/tags?post=16269"}],"curies":[{"name":"wp","href":"https:\/\/api.w.org\/{rel}","templated":true}]}}