{"id":16264,"date":"2018-02-26T12:00:22","date_gmt":"2018-02-26T11:00:22","guid":{"rendered":"http:\/\/laguiadepamplona.es\/actualidad\/?p=16264"},"modified":"2018-02-26T12:00:22","modified_gmt":"2018-02-26T11:00:22","slug":"la-autoestima-centrara-la-conferencia-en-euskera-que-manana-martes-acoge-civivox-iturrama-dentro-del-cuatrimestre-de-la-escuela-de-madres-y-padres","status":"publish","type":"post","link":"https:\/\/www.laguiadepamplona.com\/actualidad\/la-autoestima-centrara-la-conferencia-en-euskera-que-manana-martes-acoge-civivox-iturrama-dentro-del-cuatrimestre-de-la-escuela-de-madres-y-padres\/","title":{"rendered":"La autoestima centrar\u00e1 la conferencia en euskera que ma\u00f1ana martes acoge Civivox Iturrama dentro del cuatrimestre de la Escuela de Madres y Padres"},"content":{"rendered":"<h3>La coach y formadora Elena Etxalar imparte una sesi\u00f3n que comenzar\u00e1 a las 18 horas, con entrada libre<\/h3>\n<p><!--more--><\/p>\n<p>Civivox Iturrama acoge ma\u00f1ana martes una conferencia sobre la autoestima, impartida en euskera (\u201cAutoestimua\u201d), dentro del ciclo de la Escuela de Madres y Padres. La charla tendr\u00e1 lugar a partir de las 18 horas y la entrada es libre. La sesi\u00f3n estar\u00e1 adaptada a personas con discapacidad auditiva.<\/p>\n<p>Hay que ser consciente de la importancia de que los hijos e hijas tengan una buena autoestima. Pero, en ocasiones, no se tiene claro qu\u00e9 puede ser un obst\u00e1culo y qu\u00e9 puede resultar incentivador. Por otro lado, el nivel de autoestima de los padres y las madres suele influir considerablemente, dado que las hijas e hijos beben de ellos y les tienen como referente. En la conferencia se aportar\u00e1n diferentes ideas para mejorar la autoestima. La sesi\u00f3n ser\u00e1 impartida por la coach y formadora, especializada en PNL, Elena Etxalar.<\/p>\n<p>Tras esta charla, quedar\u00e1n dos m\u00e1s, el 13 de marzo y el 12 de abril, en las que se hablar\u00e1, respectivamente, de la resoluci\u00f3n de conflictos en la primera infancia y de la comunicaci\u00f3n, en este caso, bajo el t\u00edtulo \u2018Hablar, hablamos pero&#8230; \u00bfnos entendemos?\u2019 La primera de estas sesiones tendr\u00e1 lugar en Civivox San Jorge y la segunda en Civivox Mendillorri, con entrada libre.<\/p>\n<p>Las conferencias se complementan con cursos de tres semanas en los que se profundiza en diferentes aspectos. Precisamente los jueves del mes de marzo, entre el 1 al 22, se ha organizado un curso en euskera que insiste en el tema de la autoestima. Para m\u00e1s adelante, para los mi\u00e9rcoles del 25 de abril al 16 de mayo, se ha preparado un curso sobre la comunicaci\u00f3n en casa. Las inscripciones para ambos est\u00e1n abiertas y tienen un precio de 10 euros.<\/p>\n<p>&nbsp;<\/p>\n<p><strong>Escuela de Madres y Padres. Entrada libre<\/strong><\/p>\n<p><strong>CONFERENCIAS<\/strong><\/p>\n<ul>\n<li><strong>Martes 27 de febrero, 18 horas. Civivox Iturrama<\/strong>\n<ul>\n<li><strong><em>Autoestimua<\/em><\/strong><\/li>\n<li>Elena Etxalar, coach y formadora especializada en PNL<\/li>\n<li>Actividad adaptada para personas con discapacidad auditiva<\/li>\n<\/ul>\n<\/li>\n<li><strong>Martes 13 de marzo, 18 horas. Civivox San Jorge<\/strong>\n<ul>\n<li><strong>Resoluci\u00f3n de conflictos en la primera infancia<\/strong><\/li>\n<li>Ponente: Carmen Azparren, Grado en Magisterio y licenciada en Psicolog\u00eda<\/li>\n<li>Actividad adaptada para personas con discapacidad auditiva<\/li>\n<\/ul>\n<\/li>\n<li><strong>Martes 17 de abril, 18 horas. Civivox Mendillorri<\/strong>\n<ul>\n<li><strong>Hablar, hablamos pero&#8230; \u00bfnos entendemos?<\/strong><\/li>\n<li>Ponente: Blas Campos, pedagogo, orientador familiar y de pareja<\/li>\n<li>Actividad adaptada para personas con discapacidad auditiva<\/li>\n<\/ul>\n<\/li>\n<\/ul>\n<p><strong>CURSOS<\/strong><\/p>\n<ul>\n<li><strong><em>Autoestimua indartzen adimen emozionalaren bitartez<\/em><\/strong>\n<ul>\n<li>Del 1 al 22 de marzo. Jueves, de 18 a 20 horas<\/li>\n<li>Civivox Iturrama (10 euros)<\/li>\n<li>Impartido por Elena Etxalar, coach y formadora<\/li>\n<\/ul>\n<\/li>\n<li><strong>La comunicaci\u00f3n en casa: entre mon\u00f3logos y di\u00e1logos <\/strong>\n<ul>\n<li>Del 25 de abril a 16 de mayo. Mi\u00e9rcoles, de 10 a 12 horas<\/li>\n<li>Civivox Condestable (10 euros)<\/li>\n<li>Impartido por Blas Campos, pedagogo, orientador familiar y de pareja<\/li>\n<\/ul>\n<\/li>\n<\/ul>\n<p>&nbsp;<\/p>\n","protected":false},"excerpt":{"rendered":"<p>La coach y formadora Elena Etxalar imparte una sesi\u00f3n que comenzar\u00e1 a las 18 horas, con entrada libre<\/p>\n","protected":false},"author":1,"featured_media":11097,"comment_status":"open","ping_status":"closed","sticky":false,"template":"","format":"standard","meta":{"footnotes":""},"categories":[2],"tags":[],"class_list":["post-16264","post","type-post","status-publish","format-standard","has-post-thumbnail","hentry","category-ayuntamiento-pamplona"],"yoast_head":"<!-- This site is optimized with the Yoast SEO plugin v27.3 - https:\/\/yoast.com\/product\/yoast-seo-wordpress\/ -->\n<title>La autoestima centrar\u00e1 la conferencia en euskera que ma\u00f1ana martes acoge Civivox Iturrama dentro del cuatrimestre de la Escuela de Madres y Padres<\/title>\n<meta name=\"robots\" content=\"index, follow, max-snippet:-1, max-image-preview:large, max-video-preview:-1\" \/>\n<link rel=\"canonical\" href=\"https:\/\/www.laguiadepamplona.com\/actualidad\/la-autoestima-centrara-la-conferencia-en-euskera-que-manana-martes-acoge-civivox-iturrama-dentro-del-cuatrimestre-de-la-escuela-de-madres-y-padres\/\" \/>\n<meta property=\"og:locale\" content=\"es_ES\" \/>\n<meta property=\"og:type\" content=\"article\" \/>\n<meta property=\"og:title\" content=\"La autoestima centrar\u00e1 la conferencia en euskera que ma\u00f1ana martes acoge Civivox Iturrama dentro del cuatrimestre de la Escuela de Madres y Padres\" \/>\n<meta property=\"og:description\" content=\"La coach y formadora Elena Etxalar imparte una sesi\u00f3n que comenzar\u00e1 a las 18 horas, con entrada libre\" \/>\n<meta property=\"og:url\" content=\"https:\/\/www.laguiadepamplona.com\/actualidad\/la-autoestima-centrara-la-conferencia-en-euskera-que-manana-martes-acoge-civivox-iturrama-dentro-del-cuatrimestre-de-la-escuela-de-madres-y-padres\/\" \/>\n<meta property=\"og:site_name\" content=\"La Gu\u00eda de Pamplona\" \/>\n<meta property=\"article:publisher\" content=\"https:\/\/www.facebook.com\/laguiadepamplonacom-133175176762273\/?ref=hl\" \/>\n<meta property=\"article:published_time\" content=\"2018-02-26T11:00:22+00:00\" \/>\n<meta property=\"og:image\" content=\"https:\/\/www.laguiadepamplona.com\/actualidad\/wp-content\/uploads\/2016\/12\/civivox-de-iturrama.jpg\" \/>\n\t<meta property=\"og:image:width\" content=\"500\" \/>\n\t<meta property=\"og:image:height\" content=\"333\" \/>\n\t<meta property=\"og:image:type\" content=\"image\/jpeg\" \/>\n<meta name=\"author\" content=\"La Gu\u00eda de Pamplona\" \/>\n<meta name=\"twitter:card\" content=\"summary_large_image\" \/>\n<meta name=\"twitter:creator\" content=\"@LaGuiadPamplona\" \/>\n<meta name=\"twitter:site\" content=\"@LaGuiadPamplona\" \/>\n<meta name=\"twitter:label1\" content=\"Escrito por\" \/>\n\t<meta name=\"twitter:data1\" content=\"La Gu\u00eda de Pamplona\" \/>\n\t<meta name=\"twitter:label2\" content=\"Tiempo de lectura\" \/>\n\t<meta name=\"twitter:data2\" content=\"2 minutos\" \/>\n<script type=\"application\/ld+json\" class=\"yoast-schema-graph\">{\"@context\":\"https:\\\/\\\/schema.org\",\"@graph\":[{\"@type\":\"Article\",\"@id\":\"https:\\\/\\\/www.laguiadepamplona.com\\\/actualidad\\\/la-autoestima-centrara-la-conferencia-en-euskera-que-manana-martes-acoge-civivox-iturrama-dentro-del-cuatrimestre-de-la-escuela-de-madres-y-padres\\\/#article\",\"isPartOf\":{\"@id\":\"https:\\\/\\\/www.laguiadepamplona.com\\\/actualidad\\\/la-autoestima-centrara-la-conferencia-en-euskera-que-manana-martes-acoge-civivox-iturrama-dentro-del-cuatrimestre-de-la-escuela-de-madres-y-padres\\\/\"},\"author\":{\"name\":\"La Gu\u00eda de Pamplona\",\"@id\":\"https:\\\/\\\/www.laguiadepamplona.com\\\/actualidad\\\/#\\\/schema\\\/person\\\/efe887376f0213d4657c93adc50b1fdb\"},\"headline\":\"La autoestima centrar\u00e1 la conferencia en euskera que ma\u00f1ana martes acoge Civivox Iturrama dentro del cuatrimestre de la Escuela de Madres y Padres\",\"datePublished\":\"2018-02-26T11:00:22+00:00\",\"mainEntityOfPage\":{\"@id\":\"https:\\\/\\\/www.laguiadepamplona.com\\\/actualidad\\\/la-autoestima-centrara-la-conferencia-en-euskera-que-manana-martes-acoge-civivox-iturrama-dentro-del-cuatrimestre-de-la-escuela-de-madres-y-padres\\\/\"},\"wordCount\":482,\"commentCount\":0,\"publisher\":{\"@id\":\"https:\\\/\\\/www.laguiadepamplona.com\\\/actualidad\\\/#organization\"},\"image\":{\"@id\":\"https:\\\/\\\/www.laguiadepamplona.com\\\/actualidad\\\/la-autoestima-centrara-la-conferencia-en-euskera-que-manana-martes-acoge-civivox-iturrama-dentro-del-cuatrimestre-de-la-escuela-de-madres-y-padres\\\/#primaryimage\"},\"thumbnailUrl\":\"https:\\\/\\\/www.laguiadepamplona.com\\\/actualidad\\\/wp-content\\\/uploads\\\/2016\\\/12\\\/civivox-de-iturrama.jpg\",\"articleSection\":[\"Ayto Pamplona\"],\"inLanguage\":\"es\",\"potentialAction\":[{\"@type\":\"CommentAction\",\"name\":\"Comment\",\"target\":[\"https:\\\/\\\/www.laguiadepamplona.com\\\/actualidad\\\/la-autoestima-centrara-la-conferencia-en-euskera-que-manana-martes-acoge-civivox-iturrama-dentro-del-cuatrimestre-de-la-escuela-de-madres-y-padres\\\/#respond\"]}]},{\"@type\":\"WebPage\",\"@id\":\"https:\\\/\\\/www.laguiadepamplona.com\\\/actualidad\\\/la-autoestima-centrara-la-conferencia-en-euskera-que-manana-martes-acoge-civivox-iturrama-dentro-del-cuatrimestre-de-la-escuela-de-madres-y-padres\\\/\",\"url\":\"https:\\\/\\\/www.laguiadepamplona.com\\\/actualidad\\\/la-autoestima-centrara-la-conferencia-en-euskera-que-manana-martes-acoge-civivox-iturrama-dentro-del-cuatrimestre-de-la-escuela-de-madres-y-padres\\\/\",\"name\":\"La autoestima centrar\u00e1 la conferencia en euskera que ma\u00f1ana martes acoge Civivox Iturrama dentro del cuatrimestre de la Escuela de Madres y Padres\",\"isPartOf\":{\"@id\":\"https:\\\/\\\/www.laguiadepamplona.com\\\/actualidad\\\/#website\"},\"primaryImageOfPage\":{\"@id\":\"https:\\\/\\\/www.laguiadepamplona.com\\\/actualidad\\\/la-autoestima-centrara-la-conferencia-en-euskera-que-manana-martes-acoge-civivox-iturrama-dentro-del-cuatrimestre-de-la-escuela-de-madres-y-padres\\\/#primaryimage\"},\"image\":{\"@id\":\"https:\\\/\\\/www.laguiadepamplona.com\\\/actualidad\\\/la-autoestima-centrara-la-conferencia-en-euskera-que-manana-martes-acoge-civivox-iturrama-dentro-del-cuatrimestre-de-la-escuela-de-madres-y-padres\\\/#primaryimage\"},\"thumbnailUrl\":\"https:\\\/\\\/www.laguiadepamplona.com\\\/actualidad\\\/wp-content\\\/uploads\\\/2016\\\/12\\\/civivox-de-iturrama.jpg\",\"datePublished\":\"2018-02-26T11:00:22+00:00\",\"breadcrumb\":{\"@id\":\"https:\\\/\\\/www.laguiadepamplona.com\\\/actualidad\\\/la-autoestima-centrara-la-conferencia-en-euskera-que-manana-martes-acoge-civivox-iturrama-dentro-del-cuatrimestre-de-la-escuela-de-madres-y-padres\\\/#breadcrumb\"},\"inLanguage\":\"es\",\"potentialAction\":[{\"@type\":\"ReadAction\",\"target\":[\"https:\\\/\\\/www.laguiadepamplona.com\\\/actualidad\\\/la-autoestima-centrara-la-conferencia-en-euskera-que-manana-martes-acoge-civivox-iturrama-dentro-del-cuatrimestre-de-la-escuela-de-madres-y-padres\\\/\"]}]},{\"@type\":\"ImageObject\",\"inLanguage\":\"es\",\"@id\":\"https:\\\/\\\/www.laguiadepamplona.com\\\/actualidad\\\/la-autoestima-centrara-la-conferencia-en-euskera-que-manana-martes-acoge-civivox-iturrama-dentro-del-cuatrimestre-de-la-escuela-de-madres-y-padres\\\/#primaryimage\",\"url\":\"https:\\\/\\\/www.laguiadepamplona.com\\\/actualidad\\\/wp-content\\\/uploads\\\/2016\\\/12\\\/civivox-de-iturrama.jpg\",\"contentUrl\":\"https:\\\/\\\/www.laguiadepamplona.com\\\/actualidad\\\/wp-content\\\/uploads\\\/2016\\\/12\\\/civivox-de-iturrama.jpg\",\"width\":500,\"height\":333},{\"@type\":\"BreadcrumbList\",\"@id\":\"https:\\\/\\\/www.laguiadepamplona.com\\\/actualidad\\\/la-autoestima-centrara-la-conferencia-en-euskera-que-manana-martes-acoge-civivox-iturrama-dentro-del-cuatrimestre-de-la-escuela-de-madres-y-padres\\\/#breadcrumb\",\"itemListElement\":[{\"@type\":\"ListItem\",\"position\":1,\"name\":\"Portada\",\"item\":\"https:\\\/\\\/www.laguiadepamplona.com\\\/actualidad\\\/\"},{\"@type\":\"ListItem\",\"position\":2,\"name\":\"La autoestima centrar\u00e1 la conferencia en euskera que ma\u00f1ana martes acoge Civivox Iturrama dentro del cuatrimestre de la Escuela de Madres y Padres\"}]},{\"@type\":\"WebSite\",\"@id\":\"https:\\\/\\\/www.laguiadepamplona.com\\\/actualidad\\\/#website\",\"url\":\"https:\\\/\\\/www.laguiadepamplona.com\\\/actualidad\\\/\",\"name\":\"La gu\u00eda de Pamplona\",\"description\":\"Noticias de Pamplona\",\"publisher\":{\"@id\":\"https:\\\/\\\/www.laguiadepamplona.com\\\/actualidad\\\/#organization\"},\"potentialAction\":[{\"@type\":\"SearchAction\",\"target\":{\"@type\":\"EntryPoint\",\"urlTemplate\":\"https:\\\/\\\/www.laguiadepamplona.com\\\/actualidad\\\/?s={search_term_string}\"},\"query-input\":{\"@type\":\"PropertyValueSpecification\",\"valueRequired\":true,\"valueName\":\"search_term_string\"}}],\"inLanguage\":\"es\"},{\"@type\":\"Organization\",\"@id\":\"https:\\\/\\\/www.laguiadepamplona.com\\\/actualidad\\\/#organization\",\"name\":\"La Gu\u00eda de Pamplona \\\/ Noticias\",\"url\":\"https:\\\/\\\/www.laguiadepamplona.com\\\/actualidad\\\/\",\"logo\":{\"@type\":\"ImageObject\",\"inLanguage\":\"es\",\"@id\":\"https:\\\/\\\/www.laguiadepamplona.com\\\/actualidad\\\/#\\\/schema\\\/logo\\\/image\\\/\",\"url\":\"https:\\\/\\\/www.laguiadepamplona.com\\\/actualidad\\\/wp-content\\\/uploads\\\/2018\\\/11\\\/logo-laguiadepamplona18-web1.png\",\"contentUrl\":\"https:\\\/\\\/www.laguiadepamplona.com\\\/actualidad\\\/wp-content\\\/uploads\\\/2018\\\/11\\\/logo-laguiadepamplona18-web1.png\",\"width\":600,\"height\":196,\"caption\":\"La Gu\u00eda de Pamplona \\\/ Noticias\"},\"image\":{\"@id\":\"https:\\\/\\\/www.laguiadepamplona.com\\\/actualidad\\\/#\\\/schema\\\/logo\\\/image\\\/\"},\"sameAs\":[\"https:\\\/\\\/www.facebook.com\\\/laguiadepamplonacom-133175176762273\\\/?ref=hl\",\"https:\\\/\\\/x.com\\\/LaGuiadPamplona\",\"https:\\\/\\\/www.instagram.com\\\/la_guia_de_pamplona\\\/\",\"https:\\\/\\\/www.youtube.com\\\/user\\\/laguiadepamplona\"]},{\"@type\":\"Person\",\"@id\":\"https:\\\/\\\/www.laguiadepamplona.com\\\/actualidad\\\/#\\\/schema\\\/person\\\/efe887376f0213d4657c93adc50b1fdb\",\"name\":\"La Gu\u00eda de Pamplona\",\"image\":{\"@type\":\"ImageObject\",\"inLanguage\":\"es\",\"@id\":\"https:\\\/\\\/secure.gravatar.com\\\/avatar\\\/b6992f131dc8d30ab0dff15446e9d346d9dbd95992de0fef795073f5ea83a81c?s=96&d=mm&r=g\",\"url\":\"https:\\\/\\\/secure.gravatar.com\\\/avatar\\\/b6992f131dc8d30ab0dff15446e9d346d9dbd95992de0fef795073f5ea83a81c?s=96&d=mm&r=g\",\"contentUrl\":\"https:\\\/\\\/secure.gravatar.com\\\/avatar\\\/b6992f131dc8d30ab0dff15446e9d346d9dbd95992de0fef795073f5ea83a81c?s=96&d=mm&r=g\",\"caption\":\"La Gu\u00eda de Pamplona\"}}]}<\/script>\n<!-- \/ Yoast SEO plugin. -->","yoast_head_json":{"title":"La autoestima centrar\u00e1 la conferencia en euskera que ma\u00f1ana martes acoge Civivox Iturrama dentro del cuatrimestre de la Escuela de Madres y Padres","robots":{"index":"index","follow":"follow","max-snippet":"max-snippet:-1","max-image-preview":"max-image-preview:large","max-video-preview":"max-video-preview:-1"},"canonical":"https:\/\/www.laguiadepamplona.com\/actualidad\/la-autoestima-centrara-la-conferencia-en-euskera-que-manana-martes-acoge-civivox-iturrama-dentro-del-cuatrimestre-de-la-escuela-de-madres-y-padres\/","og_locale":"es_ES","og_type":"article","og_title":"La autoestima centrar\u00e1 la conferencia en euskera que ma\u00f1ana martes acoge Civivox Iturrama dentro del cuatrimestre de la Escuela de Madres y Padres","og_description":"La coach y formadora Elena Etxalar imparte una sesi\u00f3n que comenzar\u00e1 a las 18 horas, con entrada libre","og_url":"https:\/\/www.laguiadepamplona.com\/actualidad\/la-autoestima-centrara-la-conferencia-en-euskera-que-manana-martes-acoge-civivox-iturrama-dentro-del-cuatrimestre-de-la-escuela-de-madres-y-padres\/","og_site_name":"La Gu\u00eda de Pamplona","article_publisher":"https:\/\/www.facebook.com\/laguiadepamplonacom-133175176762273\/?ref=hl","article_published_time":"2018-02-26T11:00:22+00:00","og_image":[{"width":500,"height":333,"url":"https:\/\/www.laguiadepamplona.com\/actualidad\/wp-content\/uploads\/2016\/12\/civivox-de-iturrama.jpg","type":"image\/jpeg"}],"author":"La Gu\u00eda de Pamplona","twitter_card":"summary_large_image","twitter_creator":"@LaGuiadPamplona","twitter_site":"@LaGuiadPamplona","twitter_misc":{"Escrito por":"La Gu\u00eda de Pamplona","Tiempo de lectura":"2 minutos"},"schema":{"@context":"https:\/\/schema.org","@graph":[{"@type":"Article","@id":"https:\/\/www.laguiadepamplona.com\/actualidad\/la-autoestima-centrara-la-conferencia-en-euskera-que-manana-martes-acoge-civivox-iturrama-dentro-del-cuatrimestre-de-la-escuela-de-madres-y-padres\/#article","isPartOf":{"@id":"https:\/\/www.laguiadepamplona.com\/actualidad\/la-autoestima-centrara-la-conferencia-en-euskera-que-manana-martes-acoge-civivox-iturrama-dentro-del-cuatrimestre-de-la-escuela-de-madres-y-padres\/"},"author":{"name":"La Gu\u00eda de Pamplona","@id":"https:\/\/www.laguiadepamplona.com\/actualidad\/#\/schema\/person\/efe887376f0213d4657c93adc50b1fdb"},"headline":"La autoestima centrar\u00e1 la conferencia en euskera que ma\u00f1ana martes acoge Civivox Iturrama dentro del cuatrimestre de la Escuela de Madres y Padres","datePublished":"2018-02-26T11:00:22+00:00","mainEntityOfPage":{"@id":"https:\/\/www.laguiadepamplona.com\/actualidad\/la-autoestima-centrara-la-conferencia-en-euskera-que-manana-martes-acoge-civivox-iturrama-dentro-del-cuatrimestre-de-la-escuela-de-madres-y-padres\/"},"wordCount":482,"commentCount":0,"publisher":{"@id":"https:\/\/www.laguiadepamplona.com\/actualidad\/#organization"},"image":{"@id":"https:\/\/www.laguiadepamplona.com\/actualidad\/la-autoestima-centrara-la-conferencia-en-euskera-que-manana-martes-acoge-civivox-iturrama-dentro-del-cuatrimestre-de-la-escuela-de-madres-y-padres\/#primaryimage"},"thumbnailUrl":"https:\/\/www.laguiadepamplona.com\/actualidad\/wp-content\/uploads\/2016\/12\/civivox-de-iturrama.jpg","articleSection":["Ayto Pamplona"],"inLanguage":"es","potentialAction":[{"@type":"CommentAction","name":"Comment","target":["https:\/\/www.laguiadepamplona.com\/actualidad\/la-autoestima-centrara-la-conferencia-en-euskera-que-manana-martes-acoge-civivox-iturrama-dentro-del-cuatrimestre-de-la-escuela-de-madres-y-padres\/#respond"]}]},{"@type":"WebPage","@id":"https:\/\/www.laguiadepamplona.com\/actualidad\/la-autoestima-centrara-la-conferencia-en-euskera-que-manana-martes-acoge-civivox-iturrama-dentro-del-cuatrimestre-de-la-escuela-de-madres-y-padres\/","url":"https:\/\/www.laguiadepamplona.com\/actualidad\/la-autoestima-centrara-la-conferencia-en-euskera-que-manana-martes-acoge-civivox-iturrama-dentro-del-cuatrimestre-de-la-escuela-de-madres-y-padres\/","name":"La autoestima centrar\u00e1 la conferencia en euskera que ma\u00f1ana martes acoge Civivox Iturrama dentro del cuatrimestre de la Escuela de Madres y Padres","isPartOf":{"@id":"https:\/\/www.laguiadepamplona.com\/actualidad\/#website"},"primaryImageOfPage":{"@id":"https:\/\/www.laguiadepamplona.com\/actualidad\/la-autoestima-centrara-la-conferencia-en-euskera-que-manana-martes-acoge-civivox-iturrama-dentro-del-cuatrimestre-de-la-escuela-de-madres-y-padres\/#primaryimage"},"image":{"@id":"https:\/\/www.laguiadepamplona.com\/actualidad\/la-autoestima-centrara-la-conferencia-en-euskera-que-manana-martes-acoge-civivox-iturrama-dentro-del-cuatrimestre-de-la-escuela-de-madres-y-padres\/#primaryimage"},"thumbnailUrl":"https:\/\/www.laguiadepamplona.com\/actualidad\/wp-content\/uploads\/2016\/12\/civivox-de-iturrama.jpg","datePublished":"2018-02-26T11:00:22+00:00","breadcrumb":{"@id":"https:\/\/www.laguiadepamplona.com\/actualidad\/la-autoestima-centrara-la-conferencia-en-euskera-que-manana-martes-acoge-civivox-iturrama-dentro-del-cuatrimestre-de-la-escuela-de-madres-y-padres\/#breadcrumb"},"inLanguage":"es","potentialAction":[{"@type":"ReadAction","target":["https:\/\/www.laguiadepamplona.com\/actualidad\/la-autoestima-centrara-la-conferencia-en-euskera-que-manana-martes-acoge-civivox-iturrama-dentro-del-cuatrimestre-de-la-escuela-de-madres-y-padres\/"]}]},{"@type":"ImageObject","inLanguage":"es","@id":"https:\/\/www.laguiadepamplona.com\/actualidad\/la-autoestima-centrara-la-conferencia-en-euskera-que-manana-martes-acoge-civivox-iturrama-dentro-del-cuatrimestre-de-la-escuela-de-madres-y-padres\/#primaryimage","url":"https:\/\/www.laguiadepamplona.com\/actualidad\/wp-content\/uploads\/2016\/12\/civivox-de-iturrama.jpg","contentUrl":"https:\/\/www.laguiadepamplona.com\/actualidad\/wp-content\/uploads\/2016\/12\/civivox-de-iturrama.jpg","width":500,"height":333},{"@type":"BreadcrumbList","@id":"https:\/\/www.laguiadepamplona.com\/actualidad\/la-autoestima-centrara-la-conferencia-en-euskera-que-manana-martes-acoge-civivox-iturrama-dentro-del-cuatrimestre-de-la-escuela-de-madres-y-padres\/#breadcrumb","itemListElement":[{"@type":"ListItem","position":1,"name":"Portada","item":"https:\/\/www.laguiadepamplona.com\/actualidad\/"},{"@type":"ListItem","position":2,"name":"La autoestima centrar\u00e1 la conferencia en euskera que ma\u00f1ana martes acoge Civivox Iturrama dentro del cuatrimestre de la Escuela de Madres y Padres"}]},{"@type":"WebSite","@id":"https:\/\/www.laguiadepamplona.com\/actualidad\/#website","url":"https:\/\/www.laguiadepamplona.com\/actualidad\/","name":"La gu\u00eda de Pamplona","description":"Noticias de Pamplona","publisher":{"@id":"https:\/\/www.laguiadepamplona.com\/actualidad\/#organization"},"potentialAction":[{"@type":"SearchAction","target":{"@type":"EntryPoint","urlTemplate":"https:\/\/www.laguiadepamplona.com\/actualidad\/?s={search_term_string}"},"query-input":{"@type":"PropertyValueSpecification","valueRequired":true,"valueName":"search_term_string"}}],"inLanguage":"es"},{"@type":"Organization","@id":"https:\/\/www.laguiadepamplona.com\/actualidad\/#organization","name":"La Gu\u00eda de Pamplona \/ Noticias","url":"https:\/\/www.laguiadepamplona.com\/actualidad\/","logo":{"@type":"ImageObject","inLanguage":"es","@id":"https:\/\/www.laguiadepamplona.com\/actualidad\/#\/schema\/logo\/image\/","url":"https:\/\/www.laguiadepamplona.com\/actualidad\/wp-content\/uploads\/2018\/11\/logo-laguiadepamplona18-web1.png","contentUrl":"https:\/\/www.laguiadepamplona.com\/actualidad\/wp-content\/uploads\/2018\/11\/logo-laguiadepamplona18-web1.png","width":600,"height":196,"caption":"La Gu\u00eda de Pamplona \/ Noticias"},"image":{"@id":"https:\/\/www.laguiadepamplona.com\/actualidad\/#\/schema\/logo\/image\/"},"sameAs":["https:\/\/www.facebook.com\/laguiadepamplonacom-133175176762273\/?ref=hl","https:\/\/x.com\/LaGuiadPamplona","https:\/\/www.instagram.com\/la_guia_de_pamplona\/","https:\/\/www.youtube.com\/user\/laguiadepamplona"]},{"@type":"Person","@id":"https:\/\/www.laguiadepamplona.com\/actualidad\/#\/schema\/person\/efe887376f0213d4657c93adc50b1fdb","name":"La Gu\u00eda de Pamplona","image":{"@type":"ImageObject","inLanguage":"es","@id":"https:\/\/secure.gravatar.com\/avatar\/b6992f131dc8d30ab0dff15446e9d346d9dbd95992de0fef795073f5ea83a81c?s=96&d=mm&r=g","url":"https:\/\/secure.gravatar.com\/avatar\/b6992f131dc8d30ab0dff15446e9d346d9dbd95992de0fef795073f5ea83a81c?s=96&d=mm&r=g","contentUrl":"https:\/\/secure.gravatar.com\/avatar\/b6992f131dc8d30ab0dff15446e9d346d9dbd95992de0fef795073f5ea83a81c?s=96&d=mm&r=g","caption":"La Gu\u00eda de Pamplona"}}]}},"post_mailing_queue_ids":[],"_links":{"self":[{"href":"https:\/\/www.laguiadepamplona.com\/actualidad\/wp-json\/wp\/v2\/posts\/16264","targetHints":{"allow":["GET"]}}],"collection":[{"href":"https:\/\/www.laguiadepamplona.com\/actualidad\/wp-json\/wp\/v2\/posts"}],"about":[{"href":"https:\/\/www.laguiadepamplona.com\/actualidad\/wp-json\/wp\/v2\/types\/post"}],"author":[{"embeddable":true,"href":"https:\/\/www.laguiadepamplona.com\/actualidad\/wp-json\/wp\/v2\/users\/1"}],"replies":[{"embeddable":true,"href":"https:\/\/www.laguiadepamplona.com\/actualidad\/wp-json\/wp\/v2\/comments?post=16264"}],"version-history":[{"count":0,"href":"https:\/\/www.laguiadepamplona.com\/actualidad\/wp-json\/wp\/v2\/posts\/16264\/revisions"}],"wp:featuredmedia":[{"embeddable":true,"href":"https:\/\/www.laguiadepamplona.com\/actualidad\/wp-json\/wp\/v2\/media\/11097"}],"wp:attachment":[{"href":"https:\/\/www.laguiadepamplona.com\/actualidad\/wp-json\/wp\/v2\/media?parent=16264"}],"wp:term":[{"taxonomy":"category","embeddable":true,"href":"https:\/\/www.laguiadepamplona.com\/actualidad\/wp-json\/wp\/v2\/categories?post=16264"},{"taxonomy":"post_tag","embeddable":true,"href":"https:\/\/www.laguiadepamplona.com\/actualidad\/wp-json\/wp\/v2\/tags?post=16264"}],"curies":[{"name":"wp","href":"https:\/\/api.w.org\/{rel}","templated":true}]}}