{"id":16257,"date":"2018-02-26T11:52:42","date_gmt":"2018-02-26T10:52:42","guid":{"rendered":"http:\/\/laguiadepamplona.es\/actualidad\/?p=16257"},"modified":"2018-02-26T11:52:42","modified_gmt":"2018-02-26T10:52:42","slug":"puestos-a-disposicion-judicial-cinco-conductores-por-conducir-bajo-la-influencia-de-bebidas-alcoholicas-durante-este-fin-de-semana","status":"publish","type":"post","link":"https:\/\/www.laguiadepamplona.com\/actualidad\/puestos-a-disposicion-judicial-cinco-conductores-por-conducir-bajo-la-influencia-de-bebidas-alcoholicas-durante-este-fin-de-semana\/","title":{"rendered":"Puestos a disposici\u00f3n judicial cinco conductores por conducir bajo la influencia de bebidas alcoh\u00f3licas durante este fin de semana"},"content":{"rendered":"<h3>Polic\u00eda Municipal de Pamplona ha denunciado adem\u00e1s a otras 16 personas por positivos en alcoholemia o droga<\/h3>\n<p><!--more--><\/p>\n<p>Polic\u00eda Municipal de Pamplona ha denunciado durante este fin de semana a cinco conductores por conducir un veh\u00edculo bajo la influencia de bebidas alcoh\u00f3licas. Los conductores, puestos a disposici\u00f3n judicial, fueron denunciados este viernes (cuatro) y s\u00e1bado (uno). En uno de los casos, adem\u00e1s, se imputa un doble delito por negarse a realizar las pruebas de alcoholemia.<\/p>\n<p>Las actuaciones del grupo de atestados de Polic\u00eda Municipal se concentraron la pasada semana el viernes, s\u00e1bado y domingo. Durante estos tres d\u00edas se denunci\u00f3 adem\u00e1s por la v\u00eda administrativa a otras 16 personas por positivos en alcoholemia (15) o droga (1). En este \u00faltimo caso, la conductora trat\u00f3 de darse a la fuga cuando la patrulla policial le dio el alto. La conductora dio positivo en coca\u00edna y anfetaminas cuando se le realiz\u00f3 la prueba de drogas, lo que lleva aparejada una multa de 1.000 euros y la retirada de 6 puntos en el permiso de conducir. El veh\u00edculo no reun\u00eda las condiciones t\u00e9cnicas ya que algunos elementos de seguridad hab\u00edan sido modificados, por lo que fue retirado de la v\u00eda p\u00fablica. En su interior se localizaron adem\u00e1s varios cogollos de marihuana.<\/p>\n<p>&nbsp;<\/p>\n","protected":false},"excerpt":{"rendered":"<p>Polic\u00eda Municipal de Pamplona ha denunciado adem\u00e1s a otras 16 personas por positivos en alcoholemia o droga<\/p>\n","protected":false},"author":1,"featured_media":14501,"comment_status":"open","ping_status":"closed","sticky":false,"template":"","format":"standard","meta":{"footnotes":""},"categories":[2],"tags":[],"class_list":["post-16257","post","type-post","status-publish","format-standard","has-post-thumbnail","hentry","category-ayuntamiento-pamplona"],"yoast_head":"<!-- This site is optimized with the Yoast SEO plugin v27.3 - https:\/\/yoast.com\/product\/yoast-seo-wordpress\/ -->\n<title>Puestos a disposici\u00f3n judicial cinco conductores por conducir bajo la influencia de bebidas alcoh\u00f3licas durante este fin de semana<\/title>\n<meta name=\"robots\" content=\"index, follow, max-snippet:-1, max-image-preview:large, max-video-preview:-1\" \/>\n<link rel=\"canonical\" href=\"https:\/\/www.laguiadepamplona.com\/actualidad\/puestos-a-disposicion-judicial-cinco-conductores-por-conducir-bajo-la-influencia-de-bebidas-alcoholicas-durante-este-fin-de-semana\/\" \/>\n<meta property=\"og:locale\" content=\"es_ES\" \/>\n<meta property=\"og:type\" content=\"article\" \/>\n<meta property=\"og:title\" content=\"Puestos a disposici\u00f3n judicial cinco conductores por conducir bajo la influencia de bebidas alcoh\u00f3licas durante este fin de semana\" \/>\n<meta property=\"og:description\" content=\"Polic\u00eda Municipal de Pamplona ha denunciado adem\u00e1s a otras 16 personas por positivos en alcoholemia o droga\" \/>\n<meta property=\"og:url\" content=\"https:\/\/www.laguiadepamplona.com\/actualidad\/puestos-a-disposicion-judicial-cinco-conductores-por-conducir-bajo-la-influencia-de-bebidas-alcoholicas-durante-este-fin-de-semana\/\" \/>\n<meta property=\"og:site_name\" content=\"La Gu\u00eda de Pamplona\" \/>\n<meta property=\"article:publisher\" content=\"https:\/\/www.facebook.com\/laguiadepamplonacom-133175176762273\/?ref=hl\" \/>\n<meta property=\"article:published_time\" content=\"2018-02-26T10:52:42+00:00\" \/>\n<meta property=\"og:image\" content=\"https:\/\/www.laguiadepamplona.com\/actualidad\/wp-content\/uploads\/2017\/09\/POLIC\u00cdA-MUNICIPAL_Nueva-imagen_2.jpg\" \/>\n\t<meta property=\"og:image:width\" content=\"1000\" \/>\n\t<meta property=\"og:image:height\" content=\"666\" \/>\n\t<meta property=\"og:image:type\" content=\"image\/jpeg\" \/>\n<meta name=\"author\" content=\"La Gu\u00eda de Pamplona\" \/>\n<meta name=\"twitter:card\" content=\"summary_large_image\" \/>\n<meta name=\"twitter:creator\" content=\"@LaGuiadPamplona\" \/>\n<meta name=\"twitter:site\" content=\"@LaGuiadPamplona\" \/>\n<meta name=\"twitter:label1\" content=\"Escrito por\" \/>\n\t<meta name=\"twitter:data1\" content=\"La Gu\u00eda de Pamplona\" \/>\n\t<meta name=\"twitter:label2\" content=\"Tiempo de lectura\" \/>\n\t<meta name=\"twitter:data2\" content=\"1 minuto\" \/>\n<script type=\"application\/ld+json\" class=\"yoast-schema-graph\">{\"@context\":\"https:\\\/\\\/schema.org\",\"@graph\":[{\"@type\":\"Article\",\"@id\":\"https:\\\/\\\/www.laguiadepamplona.com\\\/actualidad\\\/puestos-a-disposicion-judicial-cinco-conductores-por-conducir-bajo-la-influencia-de-bebidas-alcoholicas-durante-este-fin-de-semana\\\/#article\",\"isPartOf\":{\"@id\":\"https:\\\/\\\/www.laguiadepamplona.com\\\/actualidad\\\/puestos-a-disposicion-judicial-cinco-conductores-por-conducir-bajo-la-influencia-de-bebidas-alcoholicas-durante-este-fin-de-semana\\\/\"},\"author\":{\"name\":\"La Gu\u00eda de Pamplona\",\"@id\":\"https:\\\/\\\/www.laguiadepamplona.com\\\/actualidad\\\/#\\\/schema\\\/person\\\/efe887376f0213d4657c93adc50b1fdb\"},\"headline\":\"Puestos a disposici\u00f3n judicial cinco conductores por conducir bajo la influencia de bebidas alcoh\u00f3licas durante este fin de semana\",\"datePublished\":\"2018-02-26T10:52:42+00:00\",\"mainEntityOfPage\":{\"@id\":\"https:\\\/\\\/www.laguiadepamplona.com\\\/actualidad\\\/puestos-a-disposicion-judicial-cinco-conductores-por-conducir-bajo-la-influencia-de-bebidas-alcoholicas-durante-este-fin-de-semana\\\/\"},\"wordCount\":244,\"commentCount\":0,\"publisher\":{\"@id\":\"https:\\\/\\\/www.laguiadepamplona.com\\\/actualidad\\\/#organization\"},\"image\":{\"@id\":\"https:\\\/\\\/www.laguiadepamplona.com\\\/actualidad\\\/puestos-a-disposicion-judicial-cinco-conductores-por-conducir-bajo-la-influencia-de-bebidas-alcoholicas-durante-este-fin-de-semana\\\/#primaryimage\"},\"thumbnailUrl\":\"https:\\\/\\\/www.laguiadepamplona.com\\\/actualidad\\\/wp-content\\\/uploads\\\/2017\\\/09\\\/POLIC\u00cdA-MUNICIPAL_Nueva-imagen_2.jpg\",\"articleSection\":[\"Ayto Pamplona\"],\"inLanguage\":\"es\",\"potentialAction\":[{\"@type\":\"CommentAction\",\"name\":\"Comment\",\"target\":[\"https:\\\/\\\/www.laguiadepamplona.com\\\/actualidad\\\/puestos-a-disposicion-judicial-cinco-conductores-por-conducir-bajo-la-influencia-de-bebidas-alcoholicas-durante-este-fin-de-semana\\\/#respond\"]}]},{\"@type\":\"WebPage\",\"@id\":\"https:\\\/\\\/www.laguiadepamplona.com\\\/actualidad\\\/puestos-a-disposicion-judicial-cinco-conductores-por-conducir-bajo-la-influencia-de-bebidas-alcoholicas-durante-este-fin-de-semana\\\/\",\"url\":\"https:\\\/\\\/www.laguiadepamplona.com\\\/actualidad\\\/puestos-a-disposicion-judicial-cinco-conductores-por-conducir-bajo-la-influencia-de-bebidas-alcoholicas-durante-este-fin-de-semana\\\/\",\"name\":\"Puestos a disposici\u00f3n judicial cinco conductores por conducir bajo la influencia de bebidas alcoh\u00f3licas durante este fin de semana\",\"isPartOf\":{\"@id\":\"https:\\\/\\\/www.laguiadepamplona.com\\\/actualidad\\\/#website\"},\"primaryImageOfPage\":{\"@id\":\"https:\\\/\\\/www.laguiadepamplona.com\\\/actualidad\\\/puestos-a-disposicion-judicial-cinco-conductores-por-conducir-bajo-la-influencia-de-bebidas-alcoholicas-durante-este-fin-de-semana\\\/#primaryimage\"},\"image\":{\"@id\":\"https:\\\/\\\/www.laguiadepamplona.com\\\/actualidad\\\/puestos-a-disposicion-judicial-cinco-conductores-por-conducir-bajo-la-influencia-de-bebidas-alcoholicas-durante-este-fin-de-semana\\\/#primaryimage\"},\"thumbnailUrl\":\"https:\\\/\\\/www.laguiadepamplona.com\\\/actualidad\\\/wp-content\\\/uploads\\\/2017\\\/09\\\/POLIC\u00cdA-MUNICIPAL_Nueva-imagen_2.jpg\",\"datePublished\":\"2018-02-26T10:52:42+00:00\",\"breadcrumb\":{\"@id\":\"https:\\\/\\\/www.laguiadepamplona.com\\\/actualidad\\\/puestos-a-disposicion-judicial-cinco-conductores-por-conducir-bajo-la-influencia-de-bebidas-alcoholicas-durante-este-fin-de-semana\\\/#breadcrumb\"},\"inLanguage\":\"es\",\"potentialAction\":[{\"@type\":\"ReadAction\",\"target\":[\"https:\\\/\\\/www.laguiadepamplona.com\\\/actualidad\\\/puestos-a-disposicion-judicial-cinco-conductores-por-conducir-bajo-la-influencia-de-bebidas-alcoholicas-durante-este-fin-de-semana\\\/\"]}]},{\"@type\":\"ImageObject\",\"inLanguage\":\"es\",\"@id\":\"https:\\\/\\\/www.laguiadepamplona.com\\\/actualidad\\\/puestos-a-disposicion-judicial-cinco-conductores-por-conducir-bajo-la-influencia-de-bebidas-alcoholicas-durante-este-fin-de-semana\\\/#primaryimage\",\"url\":\"https:\\\/\\\/www.laguiadepamplona.com\\\/actualidad\\\/wp-content\\\/uploads\\\/2017\\\/09\\\/POLIC\u00cdA-MUNICIPAL_Nueva-imagen_2.jpg\",\"contentUrl\":\"https:\\\/\\\/www.laguiadepamplona.com\\\/actualidad\\\/wp-content\\\/uploads\\\/2017\\\/09\\\/POLIC\u00cdA-MUNICIPAL_Nueva-imagen_2.jpg\",\"width\":1000,\"height\":666},{\"@type\":\"BreadcrumbList\",\"@id\":\"https:\\\/\\\/www.laguiadepamplona.com\\\/actualidad\\\/puestos-a-disposicion-judicial-cinco-conductores-por-conducir-bajo-la-influencia-de-bebidas-alcoholicas-durante-este-fin-de-semana\\\/#breadcrumb\",\"itemListElement\":[{\"@type\":\"ListItem\",\"position\":1,\"name\":\"Portada\",\"item\":\"https:\\\/\\\/www.laguiadepamplona.com\\\/actualidad\\\/\"},{\"@type\":\"ListItem\",\"position\":2,\"name\":\"Puestos a disposici\u00f3n judicial cinco conductores por conducir bajo la influencia de bebidas alcoh\u00f3licas durante este fin de semana\"}]},{\"@type\":\"WebSite\",\"@id\":\"https:\\\/\\\/www.laguiadepamplona.com\\\/actualidad\\\/#website\",\"url\":\"https:\\\/\\\/www.laguiadepamplona.com\\\/actualidad\\\/\",\"name\":\"La gu\u00eda de Pamplona\",\"description\":\"Noticias de Pamplona\",\"publisher\":{\"@id\":\"https:\\\/\\\/www.laguiadepamplona.com\\\/actualidad\\\/#organization\"},\"potentialAction\":[{\"@type\":\"SearchAction\",\"target\":{\"@type\":\"EntryPoint\",\"urlTemplate\":\"https:\\\/\\\/www.laguiadepamplona.com\\\/actualidad\\\/?s={search_term_string}\"},\"query-input\":{\"@type\":\"PropertyValueSpecification\",\"valueRequired\":true,\"valueName\":\"search_term_string\"}}],\"inLanguage\":\"es\"},{\"@type\":\"Organization\",\"@id\":\"https:\\\/\\\/www.laguiadepamplona.com\\\/actualidad\\\/#organization\",\"name\":\"La Gu\u00eda de Pamplona \\\/ Noticias\",\"url\":\"https:\\\/\\\/www.laguiadepamplona.com\\\/actualidad\\\/\",\"logo\":{\"@type\":\"ImageObject\",\"inLanguage\":\"es\",\"@id\":\"https:\\\/\\\/www.laguiadepamplona.com\\\/actualidad\\\/#\\\/schema\\\/logo\\\/image\\\/\",\"url\":\"https:\\\/\\\/www.laguiadepamplona.com\\\/actualidad\\\/wp-content\\\/uploads\\\/2018\\\/11\\\/logo-laguiadepamplona18-web1.png\",\"contentUrl\":\"https:\\\/\\\/www.laguiadepamplona.com\\\/actualidad\\\/wp-content\\\/uploads\\\/2018\\\/11\\\/logo-laguiadepamplona18-web1.png\",\"width\":600,\"height\":196,\"caption\":\"La Gu\u00eda de Pamplona \\\/ Noticias\"},\"image\":{\"@id\":\"https:\\\/\\\/www.laguiadepamplona.com\\\/actualidad\\\/#\\\/schema\\\/logo\\\/image\\\/\"},\"sameAs\":[\"https:\\\/\\\/www.facebook.com\\\/laguiadepamplonacom-133175176762273\\\/?ref=hl\",\"https:\\\/\\\/x.com\\\/LaGuiadPamplona\",\"https:\\\/\\\/www.instagram.com\\\/la_guia_de_pamplona\\\/\",\"https:\\\/\\\/www.youtube.com\\\/user\\\/laguiadepamplona\"]},{\"@type\":\"Person\",\"@id\":\"https:\\\/\\\/www.laguiadepamplona.com\\\/actualidad\\\/#\\\/schema\\\/person\\\/efe887376f0213d4657c93adc50b1fdb\",\"name\":\"La Gu\u00eda de Pamplona\",\"image\":{\"@type\":\"ImageObject\",\"inLanguage\":\"es\",\"@id\":\"https:\\\/\\\/secure.gravatar.com\\\/avatar\\\/b6992f131dc8d30ab0dff15446e9d346d9dbd95992de0fef795073f5ea83a81c?s=96&d=mm&r=g\",\"url\":\"https:\\\/\\\/secure.gravatar.com\\\/avatar\\\/b6992f131dc8d30ab0dff15446e9d346d9dbd95992de0fef795073f5ea83a81c?s=96&d=mm&r=g\",\"contentUrl\":\"https:\\\/\\\/secure.gravatar.com\\\/avatar\\\/b6992f131dc8d30ab0dff15446e9d346d9dbd95992de0fef795073f5ea83a81c?s=96&d=mm&r=g\",\"caption\":\"La Gu\u00eda de Pamplona\"}}]}<\/script>\n<!-- \/ Yoast SEO plugin. -->","yoast_head_json":{"title":"Puestos a disposici\u00f3n judicial cinco conductores por conducir bajo la influencia de bebidas alcoh\u00f3licas durante este fin de semana","robots":{"index":"index","follow":"follow","max-snippet":"max-snippet:-1","max-image-preview":"max-image-preview:large","max-video-preview":"max-video-preview:-1"},"canonical":"https:\/\/www.laguiadepamplona.com\/actualidad\/puestos-a-disposicion-judicial-cinco-conductores-por-conducir-bajo-la-influencia-de-bebidas-alcoholicas-durante-este-fin-de-semana\/","og_locale":"es_ES","og_type":"article","og_title":"Puestos a disposici\u00f3n judicial cinco conductores por conducir bajo la influencia de bebidas alcoh\u00f3licas durante este fin de semana","og_description":"Polic\u00eda Municipal de Pamplona ha denunciado adem\u00e1s a otras 16 personas por positivos en alcoholemia o droga","og_url":"https:\/\/www.laguiadepamplona.com\/actualidad\/puestos-a-disposicion-judicial-cinco-conductores-por-conducir-bajo-la-influencia-de-bebidas-alcoholicas-durante-este-fin-de-semana\/","og_site_name":"La Gu\u00eda de Pamplona","article_publisher":"https:\/\/www.facebook.com\/laguiadepamplonacom-133175176762273\/?ref=hl","article_published_time":"2018-02-26T10:52:42+00:00","og_image":[{"width":1000,"height":666,"url":"https:\/\/www.laguiadepamplona.com\/actualidad\/wp-content\/uploads\/2017\/09\/POLIC\u00cdA-MUNICIPAL_Nueva-imagen_2.jpg","type":"image\/jpeg"}],"author":"La Gu\u00eda de Pamplona","twitter_card":"summary_large_image","twitter_creator":"@LaGuiadPamplona","twitter_site":"@LaGuiadPamplona","twitter_misc":{"Escrito por":"La Gu\u00eda de Pamplona","Tiempo de lectura":"1 minuto"},"schema":{"@context":"https:\/\/schema.org","@graph":[{"@type":"Article","@id":"https:\/\/www.laguiadepamplona.com\/actualidad\/puestos-a-disposicion-judicial-cinco-conductores-por-conducir-bajo-la-influencia-de-bebidas-alcoholicas-durante-este-fin-de-semana\/#article","isPartOf":{"@id":"https:\/\/www.laguiadepamplona.com\/actualidad\/puestos-a-disposicion-judicial-cinco-conductores-por-conducir-bajo-la-influencia-de-bebidas-alcoholicas-durante-este-fin-de-semana\/"},"author":{"name":"La Gu\u00eda de Pamplona","@id":"https:\/\/www.laguiadepamplona.com\/actualidad\/#\/schema\/person\/efe887376f0213d4657c93adc50b1fdb"},"headline":"Puestos a disposici\u00f3n judicial cinco conductores por conducir bajo la influencia de bebidas alcoh\u00f3licas durante este fin de semana","datePublished":"2018-02-26T10:52:42+00:00","mainEntityOfPage":{"@id":"https:\/\/www.laguiadepamplona.com\/actualidad\/puestos-a-disposicion-judicial-cinco-conductores-por-conducir-bajo-la-influencia-de-bebidas-alcoholicas-durante-este-fin-de-semana\/"},"wordCount":244,"commentCount":0,"publisher":{"@id":"https:\/\/www.laguiadepamplona.com\/actualidad\/#organization"},"image":{"@id":"https:\/\/www.laguiadepamplona.com\/actualidad\/puestos-a-disposicion-judicial-cinco-conductores-por-conducir-bajo-la-influencia-de-bebidas-alcoholicas-durante-este-fin-de-semana\/#primaryimage"},"thumbnailUrl":"https:\/\/www.laguiadepamplona.com\/actualidad\/wp-content\/uploads\/2017\/09\/POLIC\u00cdA-MUNICIPAL_Nueva-imagen_2.jpg","articleSection":["Ayto Pamplona"],"inLanguage":"es","potentialAction":[{"@type":"CommentAction","name":"Comment","target":["https:\/\/www.laguiadepamplona.com\/actualidad\/puestos-a-disposicion-judicial-cinco-conductores-por-conducir-bajo-la-influencia-de-bebidas-alcoholicas-durante-este-fin-de-semana\/#respond"]}]},{"@type":"WebPage","@id":"https:\/\/www.laguiadepamplona.com\/actualidad\/puestos-a-disposicion-judicial-cinco-conductores-por-conducir-bajo-la-influencia-de-bebidas-alcoholicas-durante-este-fin-de-semana\/","url":"https:\/\/www.laguiadepamplona.com\/actualidad\/puestos-a-disposicion-judicial-cinco-conductores-por-conducir-bajo-la-influencia-de-bebidas-alcoholicas-durante-este-fin-de-semana\/","name":"Puestos a disposici\u00f3n judicial cinco conductores por conducir bajo la influencia de bebidas alcoh\u00f3licas durante este fin de semana","isPartOf":{"@id":"https:\/\/www.laguiadepamplona.com\/actualidad\/#website"},"primaryImageOfPage":{"@id":"https:\/\/www.laguiadepamplona.com\/actualidad\/puestos-a-disposicion-judicial-cinco-conductores-por-conducir-bajo-la-influencia-de-bebidas-alcoholicas-durante-este-fin-de-semana\/#primaryimage"},"image":{"@id":"https:\/\/www.laguiadepamplona.com\/actualidad\/puestos-a-disposicion-judicial-cinco-conductores-por-conducir-bajo-la-influencia-de-bebidas-alcoholicas-durante-este-fin-de-semana\/#primaryimage"},"thumbnailUrl":"https:\/\/www.laguiadepamplona.com\/actualidad\/wp-content\/uploads\/2017\/09\/POLIC\u00cdA-MUNICIPAL_Nueva-imagen_2.jpg","datePublished":"2018-02-26T10:52:42+00:00","breadcrumb":{"@id":"https:\/\/www.laguiadepamplona.com\/actualidad\/puestos-a-disposicion-judicial-cinco-conductores-por-conducir-bajo-la-influencia-de-bebidas-alcoholicas-durante-este-fin-de-semana\/#breadcrumb"},"inLanguage":"es","potentialAction":[{"@type":"ReadAction","target":["https:\/\/www.laguiadepamplona.com\/actualidad\/puestos-a-disposicion-judicial-cinco-conductores-por-conducir-bajo-la-influencia-de-bebidas-alcoholicas-durante-este-fin-de-semana\/"]}]},{"@type":"ImageObject","inLanguage":"es","@id":"https:\/\/www.laguiadepamplona.com\/actualidad\/puestos-a-disposicion-judicial-cinco-conductores-por-conducir-bajo-la-influencia-de-bebidas-alcoholicas-durante-este-fin-de-semana\/#primaryimage","url":"https:\/\/www.laguiadepamplona.com\/actualidad\/wp-content\/uploads\/2017\/09\/POLIC\u00cdA-MUNICIPAL_Nueva-imagen_2.jpg","contentUrl":"https:\/\/www.laguiadepamplona.com\/actualidad\/wp-content\/uploads\/2017\/09\/POLIC\u00cdA-MUNICIPAL_Nueva-imagen_2.jpg","width":1000,"height":666},{"@type":"BreadcrumbList","@id":"https:\/\/www.laguiadepamplona.com\/actualidad\/puestos-a-disposicion-judicial-cinco-conductores-por-conducir-bajo-la-influencia-de-bebidas-alcoholicas-durante-este-fin-de-semana\/#breadcrumb","itemListElement":[{"@type":"ListItem","position":1,"name":"Portada","item":"https:\/\/www.laguiadepamplona.com\/actualidad\/"},{"@type":"ListItem","position":2,"name":"Puestos a disposici\u00f3n judicial cinco conductores por conducir bajo la influencia de bebidas alcoh\u00f3licas durante este fin de semana"}]},{"@type":"WebSite","@id":"https:\/\/www.laguiadepamplona.com\/actualidad\/#website","url":"https:\/\/www.laguiadepamplona.com\/actualidad\/","name":"La gu\u00eda de Pamplona","description":"Noticias de Pamplona","publisher":{"@id":"https:\/\/www.laguiadepamplona.com\/actualidad\/#organization"},"potentialAction":[{"@type":"SearchAction","target":{"@type":"EntryPoint","urlTemplate":"https:\/\/www.laguiadepamplona.com\/actualidad\/?s={search_term_string}"},"query-input":{"@type":"PropertyValueSpecification","valueRequired":true,"valueName":"search_term_string"}}],"inLanguage":"es"},{"@type":"Organization","@id":"https:\/\/www.laguiadepamplona.com\/actualidad\/#organization","name":"La Gu\u00eda de Pamplona \/ Noticias","url":"https:\/\/www.laguiadepamplona.com\/actualidad\/","logo":{"@type":"ImageObject","inLanguage":"es","@id":"https:\/\/www.laguiadepamplona.com\/actualidad\/#\/schema\/logo\/image\/","url":"https:\/\/www.laguiadepamplona.com\/actualidad\/wp-content\/uploads\/2018\/11\/logo-laguiadepamplona18-web1.png","contentUrl":"https:\/\/www.laguiadepamplona.com\/actualidad\/wp-content\/uploads\/2018\/11\/logo-laguiadepamplona18-web1.png","width":600,"height":196,"caption":"La Gu\u00eda de Pamplona \/ Noticias"},"image":{"@id":"https:\/\/www.laguiadepamplona.com\/actualidad\/#\/schema\/logo\/image\/"},"sameAs":["https:\/\/www.facebook.com\/laguiadepamplonacom-133175176762273\/?ref=hl","https:\/\/x.com\/LaGuiadPamplona","https:\/\/www.instagram.com\/la_guia_de_pamplona\/","https:\/\/www.youtube.com\/user\/laguiadepamplona"]},{"@type":"Person","@id":"https:\/\/www.laguiadepamplona.com\/actualidad\/#\/schema\/person\/efe887376f0213d4657c93adc50b1fdb","name":"La Gu\u00eda de Pamplona","image":{"@type":"ImageObject","inLanguage":"es","@id":"https:\/\/secure.gravatar.com\/avatar\/b6992f131dc8d30ab0dff15446e9d346d9dbd95992de0fef795073f5ea83a81c?s=96&d=mm&r=g","url":"https:\/\/secure.gravatar.com\/avatar\/b6992f131dc8d30ab0dff15446e9d346d9dbd95992de0fef795073f5ea83a81c?s=96&d=mm&r=g","contentUrl":"https:\/\/secure.gravatar.com\/avatar\/b6992f131dc8d30ab0dff15446e9d346d9dbd95992de0fef795073f5ea83a81c?s=96&d=mm&r=g","caption":"La Gu\u00eda de Pamplona"}}]}},"post_mailing_queue_ids":[],"_links":{"self":[{"href":"https:\/\/www.laguiadepamplona.com\/actualidad\/wp-json\/wp\/v2\/posts\/16257","targetHints":{"allow":["GET"]}}],"collection":[{"href":"https:\/\/www.laguiadepamplona.com\/actualidad\/wp-json\/wp\/v2\/posts"}],"about":[{"href":"https:\/\/www.laguiadepamplona.com\/actualidad\/wp-json\/wp\/v2\/types\/post"}],"author":[{"embeddable":true,"href":"https:\/\/www.laguiadepamplona.com\/actualidad\/wp-json\/wp\/v2\/users\/1"}],"replies":[{"embeddable":true,"href":"https:\/\/www.laguiadepamplona.com\/actualidad\/wp-json\/wp\/v2\/comments?post=16257"}],"version-history":[{"count":0,"href":"https:\/\/www.laguiadepamplona.com\/actualidad\/wp-json\/wp\/v2\/posts\/16257\/revisions"}],"wp:featuredmedia":[{"embeddable":true,"href":"https:\/\/www.laguiadepamplona.com\/actualidad\/wp-json\/wp\/v2\/media\/14501"}],"wp:attachment":[{"href":"https:\/\/www.laguiadepamplona.com\/actualidad\/wp-json\/wp\/v2\/media?parent=16257"}],"wp:term":[{"taxonomy":"category","embeddable":true,"href":"https:\/\/www.laguiadepamplona.com\/actualidad\/wp-json\/wp\/v2\/categories?post=16257"},{"taxonomy":"post_tag","embeddable":true,"href":"https:\/\/www.laguiadepamplona.com\/actualidad\/wp-json\/wp\/v2\/tags?post=16257"}],"curies":[{"name":"wp","href":"https:\/\/api.w.org\/{rel}","templated":true}]}}