{"id":16254,"date":"2018-02-23T12:55:20","date_gmt":"2018-02-23T11:55:20","guid":{"rendered":"http:\/\/laguiadepamplona.es\/actualidad\/?p=16254"},"modified":"2018-02-23T12:55:20","modified_gmt":"2018-02-23T11:55:20","slug":"el-alcalde-recibe-las-personas-participantes-en-la-sesion-plenaria-de-la-real-academia-de-la-lengua-vasca-euskaltzaindia-celebrada-en-la-casa-consistorial","status":"publish","type":"post","link":"https:\/\/www.laguiadepamplona.com\/actualidad\/el-alcalde-recibe-las-personas-participantes-en-la-sesion-plenaria-de-la-real-academia-de-la-lengua-vasca-euskaltzaindia-celebrada-en-la-casa-consistorial\/","title":{"rendered":"El alcalde recibe las personas participantes en la sesi\u00f3n plenaria de la Real Academia de la Lengua Vasca \u2013 Euskaltzaindia celebrada en la Casa Consistorial"},"content":{"rendered":"<h3>Es el tercer a\u00f1o consecutivo que Euskaltzaindia celebra una reuni\u00f3n plenaria mensual en el Ayuntamiento de Pamplona<\/h3>\n<p><!--more--><\/p>\n<p>El alcalde de Pamplona, Joseba Asiron, y miembros de la corporaci\u00f3n municipal han recibido este mediod\u00eda en el Sal\u00f3n de Recpectiones a las personas participantes en la sesi\u00f3n plenaria de la Real Academia de la Lengua Vasca \u2013 Euskaltzaindia celebrada a lo largo de la ma\u00f1ana en la Casa Consistorial. Entre los <em>euskaltzainak<\/em> se encontraban el presidente de la Real Academia de la Lengua Vasca \u2013 Euskaltzaindia, Andr\u00e9s Urrutia, y el delegado en Navarra, Andr\u00e9s I\u00f1igo.<\/p>\n<p>Es el tercer a\u00f1o consecutivo en el que la Real Academia de la Lengua Vasca \u2013 Euskaltzaindia se re\u00fane en una sesi\u00f3n acad\u00e9mica plenaria en el Ayuntamiento de Pamplona. En 2018 ha sido en la correspondiente al mes de febrero. La Casa Consistorial ha acogido una reuni\u00f3n en la que, entre otros asuntos, se ha tratado el nombramiento de Patxi Uribarren y Joan Mari Torrealdia como <em>euskaltzainak<\/em> em\u00e9ritos y el nombramiento de dos nuevas personas para que ocupen sus puestos: Miriam Urkia y Roberto Gonz\u00e1lez de Vi\u00f1aspre. Asimismo, se ha abordado la denominaci\u00f3n de los cargos de los dirigentes americanos y algunos t\u00e9rminos que aparecer\u00e1n recogidos en el diccionario de Euskaltzaindia.<\/p>\n<p>La Real Academia de la Lengua Vasca \u2013 Euskaltzaindia suele celebrar una reuni\u00f3n plenaria mensual y tiene como criterio que al menos una de ellas cada a\u00f1o sea en cada uno de los territorios del \u00e1mbito de su competencia ling\u00fc\u00edstica. El Ayuntamiento de Pamplona ya acogi\u00f3 reuniones similares en mayo de 2017, abril de 2016 y septiembre de 2013.<\/p>\n<p>&nbsp;<\/p>\n","protected":false},"excerpt":{"rendered":"<p>Es el tercer a\u00f1o consecutivo que Euskaltzaindia celebra una reuni\u00f3n plenaria mensual en el Ayuntamiento de Pamplona<\/p>\n","protected":false},"author":1,"featured_media":16255,"comment_status":"open","ping_status":"closed","sticky":false,"template":"","format":"standard","meta":{"footnotes":""},"categories":[2],"tags":[],"class_list":["post-16254","post","type-post","status-publish","format-standard","has-post-thumbnail","hentry","category-ayuntamiento-pamplona"],"yoast_head":"<!-- This site is optimized with the Yoast SEO plugin v27.3 - https:\/\/yoast.com\/product\/yoast-seo-wordpress\/ -->\n<title>El alcalde recibe las personas participantes en la sesi\u00f3n plenaria de la Real Academia de la Lengua Vasca \u2013 Euskaltzaindia celebrada en la Casa Consistorial<\/title>\n<meta name=\"robots\" content=\"index, follow, max-snippet:-1, max-image-preview:large, max-video-preview:-1\" \/>\n<link rel=\"canonical\" href=\"https:\/\/www.laguiadepamplona.com\/actualidad\/el-alcalde-recibe-las-personas-participantes-en-la-sesion-plenaria-de-la-real-academia-de-la-lengua-vasca-euskaltzaindia-celebrada-en-la-casa-consistorial\/\" \/>\n<meta property=\"og:locale\" content=\"es_ES\" \/>\n<meta property=\"og:type\" content=\"article\" \/>\n<meta property=\"og:title\" content=\"El alcalde recibe las personas participantes en la sesi\u00f3n plenaria de la Real Academia de la Lengua Vasca \u2013 Euskaltzaindia celebrada en la Casa Consistorial\" \/>\n<meta property=\"og:description\" content=\"Es el tercer a\u00f1o consecutivo que Euskaltzaindia celebra una reuni\u00f3n plenaria mensual en el Ayuntamiento de Pamplona\" \/>\n<meta property=\"og:url\" content=\"https:\/\/www.laguiadepamplona.com\/actualidad\/el-alcalde-recibe-las-personas-participantes-en-la-sesion-plenaria-de-la-real-academia-de-la-lengua-vasca-euskaltzaindia-celebrada-en-la-casa-consistorial\/\" \/>\n<meta property=\"og:site_name\" content=\"La Gu\u00eda de Pamplona\" \/>\n<meta property=\"article:publisher\" content=\"https:\/\/www.facebook.com\/laguiadepamplonacom-133175176762273\/?ref=hl\" \/>\n<meta property=\"article:published_time\" content=\"2018-02-23T11:55:20+00:00\" \/>\n<meta property=\"og:image\" content=\"https:\/\/www.laguiadepamplona.com\/actualidad\/wp-content\/uploads\/2018\/02\/18.02.23_Recepci\u00f3n-Euskaltzaindia.jpg\" \/>\n\t<meta property=\"og:image:width\" content=\"1000\" \/>\n\t<meta property=\"og:image:height\" content=\"667\" \/>\n\t<meta property=\"og:image:type\" content=\"image\/jpeg\" \/>\n<meta name=\"author\" content=\"La Gu\u00eda de Pamplona\" \/>\n<meta name=\"twitter:card\" content=\"summary_large_image\" \/>\n<meta name=\"twitter:creator\" content=\"@LaGuiadPamplona\" \/>\n<meta name=\"twitter:site\" content=\"@LaGuiadPamplona\" \/>\n<meta name=\"twitter:label1\" content=\"Escrito por\" \/>\n\t<meta name=\"twitter:data1\" content=\"La Gu\u00eda de Pamplona\" \/>\n\t<meta name=\"twitter:label2\" content=\"Tiempo de lectura\" \/>\n\t<meta name=\"twitter:data2\" content=\"1 minuto\" \/>\n<script type=\"application\/ld+json\" class=\"yoast-schema-graph\">{\"@context\":\"https:\\\/\\\/schema.org\",\"@graph\":[{\"@type\":\"Article\",\"@id\":\"https:\\\/\\\/www.laguiadepamplona.com\\\/actualidad\\\/el-alcalde-recibe-las-personas-participantes-en-la-sesion-plenaria-de-la-real-academia-de-la-lengua-vasca-euskaltzaindia-celebrada-en-la-casa-consistorial\\\/#article\",\"isPartOf\":{\"@id\":\"https:\\\/\\\/www.laguiadepamplona.com\\\/actualidad\\\/el-alcalde-recibe-las-personas-participantes-en-la-sesion-plenaria-de-la-real-academia-de-la-lengua-vasca-euskaltzaindia-celebrada-en-la-casa-consistorial\\\/\"},\"author\":{\"name\":\"La Gu\u00eda de Pamplona\",\"@id\":\"https:\\\/\\\/www.laguiadepamplona.com\\\/actualidad\\\/#\\\/schema\\\/person\\\/efe887376f0213d4657c93adc50b1fdb\"},\"headline\":\"El alcalde recibe las personas participantes en la sesi\u00f3n plenaria de la Real Academia de la Lengua Vasca \u2013 Euskaltzaindia celebrada en la Casa Consistorial\",\"datePublished\":\"2018-02-23T11:55:20+00:00\",\"mainEntityOfPage\":{\"@id\":\"https:\\\/\\\/www.laguiadepamplona.com\\\/actualidad\\\/el-alcalde-recibe-las-personas-participantes-en-la-sesion-plenaria-de-la-real-academia-de-la-lengua-vasca-euskaltzaindia-celebrada-en-la-casa-consistorial\\\/\"},\"wordCount\":305,\"commentCount\":0,\"publisher\":{\"@id\":\"https:\\\/\\\/www.laguiadepamplona.com\\\/actualidad\\\/#organization\"},\"image\":{\"@id\":\"https:\\\/\\\/www.laguiadepamplona.com\\\/actualidad\\\/el-alcalde-recibe-las-personas-participantes-en-la-sesion-plenaria-de-la-real-academia-de-la-lengua-vasca-euskaltzaindia-celebrada-en-la-casa-consistorial\\\/#primaryimage\"},\"thumbnailUrl\":\"https:\\\/\\\/www.laguiadepamplona.com\\\/actualidad\\\/wp-content\\\/uploads\\\/2018\\\/02\\\/18.02.23_Recepci\u00f3n-Euskaltzaindia.jpg\",\"articleSection\":[\"Ayto Pamplona\"],\"inLanguage\":\"es\",\"potentialAction\":[{\"@type\":\"CommentAction\",\"name\":\"Comment\",\"target\":[\"https:\\\/\\\/www.laguiadepamplona.com\\\/actualidad\\\/el-alcalde-recibe-las-personas-participantes-en-la-sesion-plenaria-de-la-real-academia-de-la-lengua-vasca-euskaltzaindia-celebrada-en-la-casa-consistorial\\\/#respond\"]}]},{\"@type\":\"WebPage\",\"@id\":\"https:\\\/\\\/www.laguiadepamplona.com\\\/actualidad\\\/el-alcalde-recibe-las-personas-participantes-en-la-sesion-plenaria-de-la-real-academia-de-la-lengua-vasca-euskaltzaindia-celebrada-en-la-casa-consistorial\\\/\",\"url\":\"https:\\\/\\\/www.laguiadepamplona.com\\\/actualidad\\\/el-alcalde-recibe-las-personas-participantes-en-la-sesion-plenaria-de-la-real-academia-de-la-lengua-vasca-euskaltzaindia-celebrada-en-la-casa-consistorial\\\/\",\"name\":\"El alcalde recibe las personas participantes en la sesi\u00f3n plenaria de la Real Academia de la Lengua Vasca \u2013 Euskaltzaindia celebrada en la Casa Consistorial\",\"isPartOf\":{\"@id\":\"https:\\\/\\\/www.laguiadepamplona.com\\\/actualidad\\\/#website\"},\"primaryImageOfPage\":{\"@id\":\"https:\\\/\\\/www.laguiadepamplona.com\\\/actualidad\\\/el-alcalde-recibe-las-personas-participantes-en-la-sesion-plenaria-de-la-real-academia-de-la-lengua-vasca-euskaltzaindia-celebrada-en-la-casa-consistorial\\\/#primaryimage\"},\"image\":{\"@id\":\"https:\\\/\\\/www.laguiadepamplona.com\\\/actualidad\\\/el-alcalde-recibe-las-personas-participantes-en-la-sesion-plenaria-de-la-real-academia-de-la-lengua-vasca-euskaltzaindia-celebrada-en-la-casa-consistorial\\\/#primaryimage\"},\"thumbnailUrl\":\"https:\\\/\\\/www.laguiadepamplona.com\\\/actualidad\\\/wp-content\\\/uploads\\\/2018\\\/02\\\/18.02.23_Recepci\u00f3n-Euskaltzaindia.jpg\",\"datePublished\":\"2018-02-23T11:55:20+00:00\",\"breadcrumb\":{\"@id\":\"https:\\\/\\\/www.laguiadepamplona.com\\\/actualidad\\\/el-alcalde-recibe-las-personas-participantes-en-la-sesion-plenaria-de-la-real-academia-de-la-lengua-vasca-euskaltzaindia-celebrada-en-la-casa-consistorial\\\/#breadcrumb\"},\"inLanguage\":\"es\",\"potentialAction\":[{\"@type\":\"ReadAction\",\"target\":[\"https:\\\/\\\/www.laguiadepamplona.com\\\/actualidad\\\/el-alcalde-recibe-las-personas-participantes-en-la-sesion-plenaria-de-la-real-academia-de-la-lengua-vasca-euskaltzaindia-celebrada-en-la-casa-consistorial\\\/\"]}]},{\"@type\":\"ImageObject\",\"inLanguage\":\"es\",\"@id\":\"https:\\\/\\\/www.laguiadepamplona.com\\\/actualidad\\\/el-alcalde-recibe-las-personas-participantes-en-la-sesion-plenaria-de-la-real-academia-de-la-lengua-vasca-euskaltzaindia-celebrada-en-la-casa-consistorial\\\/#primaryimage\",\"url\":\"https:\\\/\\\/www.laguiadepamplona.com\\\/actualidad\\\/wp-content\\\/uploads\\\/2018\\\/02\\\/18.02.23_Recepci\u00f3n-Euskaltzaindia.jpg\",\"contentUrl\":\"https:\\\/\\\/www.laguiadepamplona.com\\\/actualidad\\\/wp-content\\\/uploads\\\/2018\\\/02\\\/18.02.23_Recepci\u00f3n-Euskaltzaindia.jpg\",\"width\":1000,\"height\":667},{\"@type\":\"BreadcrumbList\",\"@id\":\"https:\\\/\\\/www.laguiadepamplona.com\\\/actualidad\\\/el-alcalde-recibe-las-personas-participantes-en-la-sesion-plenaria-de-la-real-academia-de-la-lengua-vasca-euskaltzaindia-celebrada-en-la-casa-consistorial\\\/#breadcrumb\",\"itemListElement\":[{\"@type\":\"ListItem\",\"position\":1,\"name\":\"Portada\",\"item\":\"https:\\\/\\\/www.laguiadepamplona.com\\\/actualidad\\\/\"},{\"@type\":\"ListItem\",\"position\":2,\"name\":\"El alcalde recibe las personas participantes en la sesi\u00f3n plenaria de la Real Academia de la Lengua Vasca \u2013 Euskaltzaindia celebrada en la Casa Consistorial\"}]},{\"@type\":\"WebSite\",\"@id\":\"https:\\\/\\\/www.laguiadepamplona.com\\\/actualidad\\\/#website\",\"url\":\"https:\\\/\\\/www.laguiadepamplona.com\\\/actualidad\\\/\",\"name\":\"La gu\u00eda de Pamplona\",\"description\":\"Noticias de Pamplona\",\"publisher\":{\"@id\":\"https:\\\/\\\/www.laguiadepamplona.com\\\/actualidad\\\/#organization\"},\"potentialAction\":[{\"@type\":\"SearchAction\",\"target\":{\"@type\":\"EntryPoint\",\"urlTemplate\":\"https:\\\/\\\/www.laguiadepamplona.com\\\/actualidad\\\/?s={search_term_string}\"},\"query-input\":{\"@type\":\"PropertyValueSpecification\",\"valueRequired\":true,\"valueName\":\"search_term_string\"}}],\"inLanguage\":\"es\"},{\"@type\":\"Organization\",\"@id\":\"https:\\\/\\\/www.laguiadepamplona.com\\\/actualidad\\\/#organization\",\"name\":\"La Gu\u00eda de Pamplona \\\/ Noticias\",\"url\":\"https:\\\/\\\/www.laguiadepamplona.com\\\/actualidad\\\/\",\"logo\":{\"@type\":\"ImageObject\",\"inLanguage\":\"es\",\"@id\":\"https:\\\/\\\/www.laguiadepamplona.com\\\/actualidad\\\/#\\\/schema\\\/logo\\\/image\\\/\",\"url\":\"https:\\\/\\\/www.laguiadepamplona.com\\\/actualidad\\\/wp-content\\\/uploads\\\/2018\\\/11\\\/logo-laguiadepamplona18-web1.png\",\"contentUrl\":\"https:\\\/\\\/www.laguiadepamplona.com\\\/actualidad\\\/wp-content\\\/uploads\\\/2018\\\/11\\\/logo-laguiadepamplona18-web1.png\",\"width\":600,\"height\":196,\"caption\":\"La Gu\u00eda de Pamplona \\\/ Noticias\"},\"image\":{\"@id\":\"https:\\\/\\\/www.laguiadepamplona.com\\\/actualidad\\\/#\\\/schema\\\/logo\\\/image\\\/\"},\"sameAs\":[\"https:\\\/\\\/www.facebook.com\\\/laguiadepamplonacom-133175176762273\\\/?ref=hl\",\"https:\\\/\\\/x.com\\\/LaGuiadPamplona\",\"https:\\\/\\\/www.instagram.com\\\/la_guia_de_pamplona\\\/\",\"https:\\\/\\\/www.youtube.com\\\/user\\\/laguiadepamplona\"]},{\"@type\":\"Person\",\"@id\":\"https:\\\/\\\/www.laguiadepamplona.com\\\/actualidad\\\/#\\\/schema\\\/person\\\/efe887376f0213d4657c93adc50b1fdb\",\"name\":\"La Gu\u00eda de Pamplona\",\"image\":{\"@type\":\"ImageObject\",\"inLanguage\":\"es\",\"@id\":\"https:\\\/\\\/secure.gravatar.com\\\/avatar\\\/b6992f131dc8d30ab0dff15446e9d346d9dbd95992de0fef795073f5ea83a81c?s=96&d=mm&r=g\",\"url\":\"https:\\\/\\\/secure.gravatar.com\\\/avatar\\\/b6992f131dc8d30ab0dff15446e9d346d9dbd95992de0fef795073f5ea83a81c?s=96&d=mm&r=g\",\"contentUrl\":\"https:\\\/\\\/secure.gravatar.com\\\/avatar\\\/b6992f131dc8d30ab0dff15446e9d346d9dbd95992de0fef795073f5ea83a81c?s=96&d=mm&r=g\",\"caption\":\"La Gu\u00eda de Pamplona\"}}]}<\/script>\n<!-- \/ Yoast SEO plugin. -->","yoast_head_json":{"title":"El alcalde recibe las personas participantes en la sesi\u00f3n plenaria de la Real Academia de la Lengua Vasca \u2013 Euskaltzaindia celebrada en la Casa Consistorial","robots":{"index":"index","follow":"follow","max-snippet":"max-snippet:-1","max-image-preview":"max-image-preview:large","max-video-preview":"max-video-preview:-1"},"canonical":"https:\/\/www.laguiadepamplona.com\/actualidad\/el-alcalde-recibe-las-personas-participantes-en-la-sesion-plenaria-de-la-real-academia-de-la-lengua-vasca-euskaltzaindia-celebrada-en-la-casa-consistorial\/","og_locale":"es_ES","og_type":"article","og_title":"El alcalde recibe las personas participantes en la sesi\u00f3n plenaria de la Real Academia de la Lengua Vasca \u2013 Euskaltzaindia celebrada en la Casa Consistorial","og_description":"Es el tercer a\u00f1o consecutivo que Euskaltzaindia celebra una reuni\u00f3n plenaria mensual en el Ayuntamiento de Pamplona","og_url":"https:\/\/www.laguiadepamplona.com\/actualidad\/el-alcalde-recibe-las-personas-participantes-en-la-sesion-plenaria-de-la-real-academia-de-la-lengua-vasca-euskaltzaindia-celebrada-en-la-casa-consistorial\/","og_site_name":"La Gu\u00eda de Pamplona","article_publisher":"https:\/\/www.facebook.com\/laguiadepamplonacom-133175176762273\/?ref=hl","article_published_time":"2018-02-23T11:55:20+00:00","og_image":[{"width":1000,"height":667,"url":"https:\/\/www.laguiadepamplona.com\/actualidad\/wp-content\/uploads\/2018\/02\/18.02.23_Recepci\u00f3n-Euskaltzaindia.jpg","type":"image\/jpeg"}],"author":"La Gu\u00eda de Pamplona","twitter_card":"summary_large_image","twitter_creator":"@LaGuiadPamplona","twitter_site":"@LaGuiadPamplona","twitter_misc":{"Escrito por":"La Gu\u00eda de Pamplona","Tiempo de lectura":"1 minuto"},"schema":{"@context":"https:\/\/schema.org","@graph":[{"@type":"Article","@id":"https:\/\/www.laguiadepamplona.com\/actualidad\/el-alcalde-recibe-las-personas-participantes-en-la-sesion-plenaria-de-la-real-academia-de-la-lengua-vasca-euskaltzaindia-celebrada-en-la-casa-consistorial\/#article","isPartOf":{"@id":"https:\/\/www.laguiadepamplona.com\/actualidad\/el-alcalde-recibe-las-personas-participantes-en-la-sesion-plenaria-de-la-real-academia-de-la-lengua-vasca-euskaltzaindia-celebrada-en-la-casa-consistorial\/"},"author":{"name":"La Gu\u00eda de Pamplona","@id":"https:\/\/www.laguiadepamplona.com\/actualidad\/#\/schema\/person\/efe887376f0213d4657c93adc50b1fdb"},"headline":"El alcalde recibe las personas participantes en la sesi\u00f3n plenaria de la Real Academia de la Lengua Vasca \u2013 Euskaltzaindia celebrada en la Casa Consistorial","datePublished":"2018-02-23T11:55:20+00:00","mainEntityOfPage":{"@id":"https:\/\/www.laguiadepamplona.com\/actualidad\/el-alcalde-recibe-las-personas-participantes-en-la-sesion-plenaria-de-la-real-academia-de-la-lengua-vasca-euskaltzaindia-celebrada-en-la-casa-consistorial\/"},"wordCount":305,"commentCount":0,"publisher":{"@id":"https:\/\/www.laguiadepamplona.com\/actualidad\/#organization"},"image":{"@id":"https:\/\/www.laguiadepamplona.com\/actualidad\/el-alcalde-recibe-las-personas-participantes-en-la-sesion-plenaria-de-la-real-academia-de-la-lengua-vasca-euskaltzaindia-celebrada-en-la-casa-consistorial\/#primaryimage"},"thumbnailUrl":"https:\/\/www.laguiadepamplona.com\/actualidad\/wp-content\/uploads\/2018\/02\/18.02.23_Recepci\u00f3n-Euskaltzaindia.jpg","articleSection":["Ayto Pamplona"],"inLanguage":"es","potentialAction":[{"@type":"CommentAction","name":"Comment","target":["https:\/\/www.laguiadepamplona.com\/actualidad\/el-alcalde-recibe-las-personas-participantes-en-la-sesion-plenaria-de-la-real-academia-de-la-lengua-vasca-euskaltzaindia-celebrada-en-la-casa-consistorial\/#respond"]}]},{"@type":"WebPage","@id":"https:\/\/www.laguiadepamplona.com\/actualidad\/el-alcalde-recibe-las-personas-participantes-en-la-sesion-plenaria-de-la-real-academia-de-la-lengua-vasca-euskaltzaindia-celebrada-en-la-casa-consistorial\/","url":"https:\/\/www.laguiadepamplona.com\/actualidad\/el-alcalde-recibe-las-personas-participantes-en-la-sesion-plenaria-de-la-real-academia-de-la-lengua-vasca-euskaltzaindia-celebrada-en-la-casa-consistorial\/","name":"El alcalde recibe las personas participantes en la sesi\u00f3n plenaria de la Real Academia de la Lengua Vasca \u2013 Euskaltzaindia celebrada en la Casa Consistorial","isPartOf":{"@id":"https:\/\/www.laguiadepamplona.com\/actualidad\/#website"},"primaryImageOfPage":{"@id":"https:\/\/www.laguiadepamplona.com\/actualidad\/el-alcalde-recibe-las-personas-participantes-en-la-sesion-plenaria-de-la-real-academia-de-la-lengua-vasca-euskaltzaindia-celebrada-en-la-casa-consistorial\/#primaryimage"},"image":{"@id":"https:\/\/www.laguiadepamplona.com\/actualidad\/el-alcalde-recibe-las-personas-participantes-en-la-sesion-plenaria-de-la-real-academia-de-la-lengua-vasca-euskaltzaindia-celebrada-en-la-casa-consistorial\/#primaryimage"},"thumbnailUrl":"https:\/\/www.laguiadepamplona.com\/actualidad\/wp-content\/uploads\/2018\/02\/18.02.23_Recepci\u00f3n-Euskaltzaindia.jpg","datePublished":"2018-02-23T11:55:20+00:00","breadcrumb":{"@id":"https:\/\/www.laguiadepamplona.com\/actualidad\/el-alcalde-recibe-las-personas-participantes-en-la-sesion-plenaria-de-la-real-academia-de-la-lengua-vasca-euskaltzaindia-celebrada-en-la-casa-consistorial\/#breadcrumb"},"inLanguage":"es","potentialAction":[{"@type":"ReadAction","target":["https:\/\/www.laguiadepamplona.com\/actualidad\/el-alcalde-recibe-las-personas-participantes-en-la-sesion-plenaria-de-la-real-academia-de-la-lengua-vasca-euskaltzaindia-celebrada-en-la-casa-consistorial\/"]}]},{"@type":"ImageObject","inLanguage":"es","@id":"https:\/\/www.laguiadepamplona.com\/actualidad\/el-alcalde-recibe-las-personas-participantes-en-la-sesion-plenaria-de-la-real-academia-de-la-lengua-vasca-euskaltzaindia-celebrada-en-la-casa-consistorial\/#primaryimage","url":"https:\/\/www.laguiadepamplona.com\/actualidad\/wp-content\/uploads\/2018\/02\/18.02.23_Recepci\u00f3n-Euskaltzaindia.jpg","contentUrl":"https:\/\/www.laguiadepamplona.com\/actualidad\/wp-content\/uploads\/2018\/02\/18.02.23_Recepci\u00f3n-Euskaltzaindia.jpg","width":1000,"height":667},{"@type":"BreadcrumbList","@id":"https:\/\/www.laguiadepamplona.com\/actualidad\/el-alcalde-recibe-las-personas-participantes-en-la-sesion-plenaria-de-la-real-academia-de-la-lengua-vasca-euskaltzaindia-celebrada-en-la-casa-consistorial\/#breadcrumb","itemListElement":[{"@type":"ListItem","position":1,"name":"Portada","item":"https:\/\/www.laguiadepamplona.com\/actualidad\/"},{"@type":"ListItem","position":2,"name":"El alcalde recibe las personas participantes en la sesi\u00f3n plenaria de la Real Academia de la Lengua Vasca \u2013 Euskaltzaindia celebrada en la Casa Consistorial"}]},{"@type":"WebSite","@id":"https:\/\/www.laguiadepamplona.com\/actualidad\/#website","url":"https:\/\/www.laguiadepamplona.com\/actualidad\/","name":"La gu\u00eda de Pamplona","description":"Noticias de Pamplona","publisher":{"@id":"https:\/\/www.laguiadepamplona.com\/actualidad\/#organization"},"potentialAction":[{"@type":"SearchAction","target":{"@type":"EntryPoint","urlTemplate":"https:\/\/www.laguiadepamplona.com\/actualidad\/?s={search_term_string}"},"query-input":{"@type":"PropertyValueSpecification","valueRequired":true,"valueName":"search_term_string"}}],"inLanguage":"es"},{"@type":"Organization","@id":"https:\/\/www.laguiadepamplona.com\/actualidad\/#organization","name":"La Gu\u00eda de Pamplona \/ Noticias","url":"https:\/\/www.laguiadepamplona.com\/actualidad\/","logo":{"@type":"ImageObject","inLanguage":"es","@id":"https:\/\/www.laguiadepamplona.com\/actualidad\/#\/schema\/logo\/image\/","url":"https:\/\/www.laguiadepamplona.com\/actualidad\/wp-content\/uploads\/2018\/11\/logo-laguiadepamplona18-web1.png","contentUrl":"https:\/\/www.laguiadepamplona.com\/actualidad\/wp-content\/uploads\/2018\/11\/logo-laguiadepamplona18-web1.png","width":600,"height":196,"caption":"La Gu\u00eda de Pamplona \/ Noticias"},"image":{"@id":"https:\/\/www.laguiadepamplona.com\/actualidad\/#\/schema\/logo\/image\/"},"sameAs":["https:\/\/www.facebook.com\/laguiadepamplonacom-133175176762273\/?ref=hl","https:\/\/x.com\/LaGuiadPamplona","https:\/\/www.instagram.com\/la_guia_de_pamplona\/","https:\/\/www.youtube.com\/user\/laguiadepamplona"]},{"@type":"Person","@id":"https:\/\/www.laguiadepamplona.com\/actualidad\/#\/schema\/person\/efe887376f0213d4657c93adc50b1fdb","name":"La Gu\u00eda de Pamplona","image":{"@type":"ImageObject","inLanguage":"es","@id":"https:\/\/secure.gravatar.com\/avatar\/b6992f131dc8d30ab0dff15446e9d346d9dbd95992de0fef795073f5ea83a81c?s=96&d=mm&r=g","url":"https:\/\/secure.gravatar.com\/avatar\/b6992f131dc8d30ab0dff15446e9d346d9dbd95992de0fef795073f5ea83a81c?s=96&d=mm&r=g","contentUrl":"https:\/\/secure.gravatar.com\/avatar\/b6992f131dc8d30ab0dff15446e9d346d9dbd95992de0fef795073f5ea83a81c?s=96&d=mm&r=g","caption":"La Gu\u00eda de Pamplona"}}]}},"post_mailing_queue_ids":[],"_links":{"self":[{"href":"https:\/\/www.laguiadepamplona.com\/actualidad\/wp-json\/wp\/v2\/posts\/16254","targetHints":{"allow":["GET"]}}],"collection":[{"href":"https:\/\/www.laguiadepamplona.com\/actualidad\/wp-json\/wp\/v2\/posts"}],"about":[{"href":"https:\/\/www.laguiadepamplona.com\/actualidad\/wp-json\/wp\/v2\/types\/post"}],"author":[{"embeddable":true,"href":"https:\/\/www.laguiadepamplona.com\/actualidad\/wp-json\/wp\/v2\/users\/1"}],"replies":[{"embeddable":true,"href":"https:\/\/www.laguiadepamplona.com\/actualidad\/wp-json\/wp\/v2\/comments?post=16254"}],"version-history":[{"count":0,"href":"https:\/\/www.laguiadepamplona.com\/actualidad\/wp-json\/wp\/v2\/posts\/16254\/revisions"}],"wp:featuredmedia":[{"embeddable":true,"href":"https:\/\/www.laguiadepamplona.com\/actualidad\/wp-json\/wp\/v2\/media\/16255"}],"wp:attachment":[{"href":"https:\/\/www.laguiadepamplona.com\/actualidad\/wp-json\/wp\/v2\/media?parent=16254"}],"wp:term":[{"taxonomy":"category","embeddable":true,"href":"https:\/\/www.laguiadepamplona.com\/actualidad\/wp-json\/wp\/v2\/categories?post=16254"},{"taxonomy":"post_tag","embeddable":true,"href":"https:\/\/www.laguiadepamplona.com\/actualidad\/wp-json\/wp\/v2\/tags?post=16254"}],"curies":[{"name":"wp","href":"https:\/\/api.w.org\/{rel}","templated":true}]}}