{"id":16244,"date":"2018-02-23T11:39:29","date_gmt":"2018-02-23T10:39:29","guid":{"rendered":"http:\/\/laguiadepamplona.es\/actualidad\/?p=16244"},"modified":"2018-02-23T11:39:29","modified_gmt":"2018-02-23T10:39:29","slug":"la-exposicion-lecturas-naturales-de-la-coleccion-municipal-que-ha-sido-visitada-por-3-138-personas-cierra-sus-puertas-el-domingo","status":"publish","type":"post","link":"https:\/\/www.laguiadepamplona.com\/actualidad\/la-exposicion-lecturas-naturales-de-la-coleccion-municipal-que-ha-sido-visitada-por-3-138-personas-cierra-sus-puertas-el-domingo\/","title":{"rendered":"La exposici\u00f3n \u2018Lecturas naturales de la Colecci\u00f3n Municipal\u2019, que ha sido visitada por 3.138 personas, cierra sus puertas el domingo"},"content":{"rendered":"<h3>La muestra, de Mikel Calvo y Silvia D. S\u00e1bada, fue seleccionada en la convocatoria dirigida a j\u00f3venes comisarios<\/h3>\n<p><!--more--><\/p>\n<p>La exposici\u00f3n \u2018Lecturas naturales de la Colecci\u00f3n Municipal\u2019, que ha sido visitada por 3.138 personas, cerrar\u00e1 sus puertas el pr\u00f3ximo domingo 25 de febrero. Motivos t\u00e9cnicos del montaje de la siguiente muestra hacen que se cierre al p\u00fablico dos d\u00edas antes de lo previsto. \u2018Lecturas naturales de la Colecci\u00f3n Municipal\u2019 deriva de la convocatoria Re-visiones \/ Nuevas Miradas a la Colecci\u00f3n de Arte Contempor\u00e1neo realizada por el Ayuntamiento de Pamplona y dirigida a j\u00f3venes comisarios y comisarias. Mikel Calvo y Silvia D. S\u00e1bada firman el proyecto expositivo que cuenta con 48 piezas, realizadas con diferentes t\u00e9cnicas art\u00edsticas y que es un recorrido por la relaci\u00f3n del ser humano con el mundo natural a lo largo de la historia. Se pueden ver videocreaciones, esculturas, pinturas o fotograf\u00edas realizadas por m\u00e1s de cuarenta artistas locales, nacionales e internacionales y que forman parte de la Colecci\u00f3n de Arte Contempor\u00e1neo del Consistorio pamplon\u00e9s.<\/p>\n<p>La exposici\u00f3n propone un discurso con un claro componente cronol\u00f3gico o evolutivo: desde las primeras obras abstractas en las que se muestra la esencia de lo natural, continuando por las que exhiben una naturaleza poco intervenida, para llegar a obras en las modificaciones del ser humano sobre el medio son evidentes en diferentes grados. Conforme finaliza el recorrido, las piezas remiten a intervenciones mucho m\u00e1s radicales, que pueden ser incluso calificadas como agresiones al medio natural.<\/p>\n<p>\u2018Lecturas naturales de la Colecci\u00f3n Municipal\u2019 se estructura en dos grandes categor\u00edas: el planeta Tierra y la vida humana en la Tierra. Dentro del proyecto Re-visiones, adem\u00e1s de la exposici\u00f3n de la Sala de Armas, se inclu\u00eda la definici\u00f3n de una minimuestra de arte concebida para itinerar por los centros escolares que as\u00ed lo solicitaran dentro del proyecto \u2018En mudanza\u2019. Mikel Calvo y Silvia D. S\u00e1bada han seleccionado seis obras para conformar esa muestra itinerante.<\/p>\n","protected":false},"excerpt":{"rendered":"<p>La muestra, de Mikel Calvo y Silvia D. S\u00e1bada, fue seleccionada en la convocatoria dirigida a j\u00f3venes comisarios<\/p>\n","protected":false},"author":1,"featured_media":11860,"comment_status":"open","ping_status":"closed","sticky":false,"template":"","format":"standard","meta":{"footnotes":""},"categories":[2],"tags":[],"class_list":["post-16244","post","type-post","status-publish","format-standard","has-post-thumbnail","hentry","category-ayuntamiento-pamplona"],"yoast_head":"<!-- This site is optimized with the Yoast SEO plugin v27.3 - https:\/\/yoast.com\/product\/yoast-seo-wordpress\/ -->\n<title>La exposici\u00f3n \u2018Lecturas naturales de la Colecci\u00f3n Municipal\u2019, que ha sido visitada por 3.138 personas, cierra sus puertas el domingo<\/title>\n<meta name=\"robots\" content=\"index, follow, max-snippet:-1, max-image-preview:large, max-video-preview:-1\" \/>\n<link rel=\"canonical\" href=\"https:\/\/www.laguiadepamplona.com\/actualidad\/la-exposicion-lecturas-naturales-de-la-coleccion-municipal-que-ha-sido-visitada-por-3-138-personas-cierra-sus-puertas-el-domingo\/\" \/>\n<meta property=\"og:locale\" content=\"es_ES\" \/>\n<meta property=\"og:type\" content=\"article\" \/>\n<meta property=\"og:title\" content=\"La exposici\u00f3n \u2018Lecturas naturales de la Colecci\u00f3n Municipal\u2019, que ha sido visitada por 3.138 personas, cierra sus puertas el domingo\" \/>\n<meta property=\"og:description\" content=\"La muestra, de Mikel Calvo y Silvia D. S\u00e1bada, fue seleccionada en la convocatoria dirigida a j\u00f3venes comisarios\" \/>\n<meta property=\"og:url\" content=\"https:\/\/www.laguiadepamplona.com\/actualidad\/la-exposicion-lecturas-naturales-de-la-coleccion-municipal-que-ha-sido-visitada-por-3-138-personas-cierra-sus-puertas-el-domingo\/\" \/>\n<meta property=\"og:site_name\" content=\"La Gu\u00eda de Pamplona\" \/>\n<meta property=\"article:publisher\" content=\"https:\/\/www.facebook.com\/laguiadepamplonacom-133175176762273\/?ref=hl\" \/>\n<meta property=\"article:published_time\" content=\"2018-02-23T10:39:29+00:00\" \/>\n<meta property=\"og:image\" content=\"https:\/\/www.laguiadepamplona.com\/actualidad\/wp-content\/uploads\/2017\/02\/sala-armas-ciudadela1-600x400.jpg\" \/>\n\t<meta property=\"og:image:width\" content=\"600\" \/>\n\t<meta property=\"og:image:height\" content=\"400\" \/>\n\t<meta property=\"og:image:type\" content=\"image\/jpeg\" \/>\n<meta name=\"author\" content=\"La Gu\u00eda de Pamplona\" \/>\n<meta name=\"twitter:card\" content=\"summary_large_image\" \/>\n<meta name=\"twitter:creator\" content=\"@LaGuiadPamplona\" \/>\n<meta name=\"twitter:site\" content=\"@LaGuiadPamplona\" \/>\n<meta name=\"twitter:label1\" content=\"Escrito por\" \/>\n\t<meta name=\"twitter:data1\" content=\"La Gu\u00eda de Pamplona\" \/>\n\t<meta name=\"twitter:label2\" content=\"Tiempo de lectura\" \/>\n\t<meta name=\"twitter:data2\" content=\"2 minutos\" \/>\n<script type=\"application\/ld+json\" class=\"yoast-schema-graph\">{\"@context\":\"https:\\\/\\\/schema.org\",\"@graph\":[{\"@type\":\"Article\",\"@id\":\"https:\\\/\\\/www.laguiadepamplona.com\\\/actualidad\\\/la-exposicion-lecturas-naturales-de-la-coleccion-municipal-que-ha-sido-visitada-por-3-138-personas-cierra-sus-puertas-el-domingo\\\/#article\",\"isPartOf\":{\"@id\":\"https:\\\/\\\/www.laguiadepamplona.com\\\/actualidad\\\/la-exposicion-lecturas-naturales-de-la-coleccion-municipal-que-ha-sido-visitada-por-3-138-personas-cierra-sus-puertas-el-domingo\\\/\"},\"author\":{\"name\":\"La Gu\u00eda de Pamplona\",\"@id\":\"https:\\\/\\\/www.laguiadepamplona.com\\\/actualidad\\\/#\\\/schema\\\/person\\\/efe887376f0213d4657c93adc50b1fdb\"},\"headline\":\"La exposici\u00f3n \u2018Lecturas naturales de la Colecci\u00f3n Municipal\u2019, que ha sido visitada por 3.138 personas, cierra sus puertas el domingo\",\"datePublished\":\"2018-02-23T10:39:29+00:00\",\"mainEntityOfPage\":{\"@id\":\"https:\\\/\\\/www.laguiadepamplona.com\\\/actualidad\\\/la-exposicion-lecturas-naturales-de-la-coleccion-municipal-que-ha-sido-visitada-por-3-138-personas-cierra-sus-puertas-el-domingo\\\/\"},\"wordCount\":366,\"commentCount\":0,\"publisher\":{\"@id\":\"https:\\\/\\\/www.laguiadepamplona.com\\\/actualidad\\\/#organization\"},\"image\":{\"@id\":\"https:\\\/\\\/www.laguiadepamplona.com\\\/actualidad\\\/la-exposicion-lecturas-naturales-de-la-coleccion-municipal-que-ha-sido-visitada-por-3-138-personas-cierra-sus-puertas-el-domingo\\\/#primaryimage\"},\"thumbnailUrl\":\"https:\\\/\\\/www.laguiadepamplona.com\\\/actualidad\\\/wp-content\\\/uploads\\\/2017\\\/02\\\/sala-armas-ciudadela1-600x400.jpg\",\"articleSection\":[\"Ayto Pamplona\"],\"inLanguage\":\"es\",\"potentialAction\":[{\"@type\":\"CommentAction\",\"name\":\"Comment\",\"target\":[\"https:\\\/\\\/www.laguiadepamplona.com\\\/actualidad\\\/la-exposicion-lecturas-naturales-de-la-coleccion-municipal-que-ha-sido-visitada-por-3-138-personas-cierra-sus-puertas-el-domingo\\\/#respond\"]}]},{\"@type\":\"WebPage\",\"@id\":\"https:\\\/\\\/www.laguiadepamplona.com\\\/actualidad\\\/la-exposicion-lecturas-naturales-de-la-coleccion-municipal-que-ha-sido-visitada-por-3-138-personas-cierra-sus-puertas-el-domingo\\\/\",\"url\":\"https:\\\/\\\/www.laguiadepamplona.com\\\/actualidad\\\/la-exposicion-lecturas-naturales-de-la-coleccion-municipal-que-ha-sido-visitada-por-3-138-personas-cierra-sus-puertas-el-domingo\\\/\",\"name\":\"La exposici\u00f3n \u2018Lecturas naturales de la Colecci\u00f3n Municipal\u2019, que ha sido visitada por 3.138 personas, cierra sus puertas el domingo\",\"isPartOf\":{\"@id\":\"https:\\\/\\\/www.laguiadepamplona.com\\\/actualidad\\\/#website\"},\"primaryImageOfPage\":{\"@id\":\"https:\\\/\\\/www.laguiadepamplona.com\\\/actualidad\\\/la-exposicion-lecturas-naturales-de-la-coleccion-municipal-que-ha-sido-visitada-por-3-138-personas-cierra-sus-puertas-el-domingo\\\/#primaryimage\"},\"image\":{\"@id\":\"https:\\\/\\\/www.laguiadepamplona.com\\\/actualidad\\\/la-exposicion-lecturas-naturales-de-la-coleccion-municipal-que-ha-sido-visitada-por-3-138-personas-cierra-sus-puertas-el-domingo\\\/#primaryimage\"},\"thumbnailUrl\":\"https:\\\/\\\/www.laguiadepamplona.com\\\/actualidad\\\/wp-content\\\/uploads\\\/2017\\\/02\\\/sala-armas-ciudadela1-600x400.jpg\",\"datePublished\":\"2018-02-23T10:39:29+00:00\",\"breadcrumb\":{\"@id\":\"https:\\\/\\\/www.laguiadepamplona.com\\\/actualidad\\\/la-exposicion-lecturas-naturales-de-la-coleccion-municipal-que-ha-sido-visitada-por-3-138-personas-cierra-sus-puertas-el-domingo\\\/#breadcrumb\"},\"inLanguage\":\"es\",\"potentialAction\":[{\"@type\":\"ReadAction\",\"target\":[\"https:\\\/\\\/www.laguiadepamplona.com\\\/actualidad\\\/la-exposicion-lecturas-naturales-de-la-coleccion-municipal-que-ha-sido-visitada-por-3-138-personas-cierra-sus-puertas-el-domingo\\\/\"]}]},{\"@type\":\"ImageObject\",\"inLanguage\":\"es\",\"@id\":\"https:\\\/\\\/www.laguiadepamplona.com\\\/actualidad\\\/la-exposicion-lecturas-naturales-de-la-coleccion-municipal-que-ha-sido-visitada-por-3-138-personas-cierra-sus-puertas-el-domingo\\\/#primaryimage\",\"url\":\"https:\\\/\\\/www.laguiadepamplona.com\\\/actualidad\\\/wp-content\\\/uploads\\\/2017\\\/02\\\/sala-armas-ciudadela1-600x400.jpg\",\"contentUrl\":\"https:\\\/\\\/www.laguiadepamplona.com\\\/actualidad\\\/wp-content\\\/uploads\\\/2017\\\/02\\\/sala-armas-ciudadela1-600x400.jpg\",\"width\":600,\"height\":400},{\"@type\":\"BreadcrumbList\",\"@id\":\"https:\\\/\\\/www.laguiadepamplona.com\\\/actualidad\\\/la-exposicion-lecturas-naturales-de-la-coleccion-municipal-que-ha-sido-visitada-por-3-138-personas-cierra-sus-puertas-el-domingo\\\/#breadcrumb\",\"itemListElement\":[{\"@type\":\"ListItem\",\"position\":1,\"name\":\"Portada\",\"item\":\"https:\\\/\\\/www.laguiadepamplona.com\\\/actualidad\\\/\"},{\"@type\":\"ListItem\",\"position\":2,\"name\":\"La exposici\u00f3n \u2018Lecturas naturales de la Colecci\u00f3n Municipal\u2019, que ha sido visitada por 3.138 personas, cierra sus puertas el domingo\"}]},{\"@type\":\"WebSite\",\"@id\":\"https:\\\/\\\/www.laguiadepamplona.com\\\/actualidad\\\/#website\",\"url\":\"https:\\\/\\\/www.laguiadepamplona.com\\\/actualidad\\\/\",\"name\":\"La gu\u00eda de Pamplona\",\"description\":\"Noticias de Pamplona\",\"publisher\":{\"@id\":\"https:\\\/\\\/www.laguiadepamplona.com\\\/actualidad\\\/#organization\"},\"potentialAction\":[{\"@type\":\"SearchAction\",\"target\":{\"@type\":\"EntryPoint\",\"urlTemplate\":\"https:\\\/\\\/www.laguiadepamplona.com\\\/actualidad\\\/?s={search_term_string}\"},\"query-input\":{\"@type\":\"PropertyValueSpecification\",\"valueRequired\":true,\"valueName\":\"search_term_string\"}}],\"inLanguage\":\"es\"},{\"@type\":\"Organization\",\"@id\":\"https:\\\/\\\/www.laguiadepamplona.com\\\/actualidad\\\/#organization\",\"name\":\"La Gu\u00eda de Pamplona \\\/ Noticias\",\"url\":\"https:\\\/\\\/www.laguiadepamplona.com\\\/actualidad\\\/\",\"logo\":{\"@type\":\"ImageObject\",\"inLanguage\":\"es\",\"@id\":\"https:\\\/\\\/www.laguiadepamplona.com\\\/actualidad\\\/#\\\/schema\\\/logo\\\/image\\\/\",\"url\":\"https:\\\/\\\/www.laguiadepamplona.com\\\/actualidad\\\/wp-content\\\/uploads\\\/2018\\\/11\\\/logo-laguiadepamplona18-web1.png\",\"contentUrl\":\"https:\\\/\\\/www.laguiadepamplona.com\\\/actualidad\\\/wp-content\\\/uploads\\\/2018\\\/11\\\/logo-laguiadepamplona18-web1.png\",\"width\":600,\"height\":196,\"caption\":\"La Gu\u00eda de Pamplona \\\/ Noticias\"},\"image\":{\"@id\":\"https:\\\/\\\/www.laguiadepamplona.com\\\/actualidad\\\/#\\\/schema\\\/logo\\\/image\\\/\"},\"sameAs\":[\"https:\\\/\\\/www.facebook.com\\\/laguiadepamplonacom-133175176762273\\\/?ref=hl\",\"https:\\\/\\\/x.com\\\/LaGuiadPamplona\",\"https:\\\/\\\/www.instagram.com\\\/la_guia_de_pamplona\\\/\",\"https:\\\/\\\/www.youtube.com\\\/user\\\/laguiadepamplona\"]},{\"@type\":\"Person\",\"@id\":\"https:\\\/\\\/www.laguiadepamplona.com\\\/actualidad\\\/#\\\/schema\\\/person\\\/efe887376f0213d4657c93adc50b1fdb\",\"name\":\"La Gu\u00eda de Pamplona\",\"image\":{\"@type\":\"ImageObject\",\"inLanguage\":\"es\",\"@id\":\"https:\\\/\\\/secure.gravatar.com\\\/avatar\\\/b6992f131dc8d30ab0dff15446e9d346d9dbd95992de0fef795073f5ea83a81c?s=96&d=mm&r=g\",\"url\":\"https:\\\/\\\/secure.gravatar.com\\\/avatar\\\/b6992f131dc8d30ab0dff15446e9d346d9dbd95992de0fef795073f5ea83a81c?s=96&d=mm&r=g\",\"contentUrl\":\"https:\\\/\\\/secure.gravatar.com\\\/avatar\\\/b6992f131dc8d30ab0dff15446e9d346d9dbd95992de0fef795073f5ea83a81c?s=96&d=mm&r=g\",\"caption\":\"La Gu\u00eda de Pamplona\"}}]}<\/script>\n<!-- \/ Yoast SEO plugin. -->","yoast_head_json":{"title":"La exposici\u00f3n \u2018Lecturas naturales de la Colecci\u00f3n Municipal\u2019, que ha sido visitada por 3.138 personas, cierra sus puertas el domingo","robots":{"index":"index","follow":"follow","max-snippet":"max-snippet:-1","max-image-preview":"max-image-preview:large","max-video-preview":"max-video-preview:-1"},"canonical":"https:\/\/www.laguiadepamplona.com\/actualidad\/la-exposicion-lecturas-naturales-de-la-coleccion-municipal-que-ha-sido-visitada-por-3-138-personas-cierra-sus-puertas-el-domingo\/","og_locale":"es_ES","og_type":"article","og_title":"La exposici\u00f3n \u2018Lecturas naturales de la Colecci\u00f3n Municipal\u2019, que ha sido visitada por 3.138 personas, cierra sus puertas el domingo","og_description":"La muestra, de Mikel Calvo y Silvia D. S\u00e1bada, fue seleccionada en la convocatoria dirigida a j\u00f3venes comisarios","og_url":"https:\/\/www.laguiadepamplona.com\/actualidad\/la-exposicion-lecturas-naturales-de-la-coleccion-municipal-que-ha-sido-visitada-por-3-138-personas-cierra-sus-puertas-el-domingo\/","og_site_name":"La Gu\u00eda de Pamplona","article_publisher":"https:\/\/www.facebook.com\/laguiadepamplonacom-133175176762273\/?ref=hl","article_published_time":"2018-02-23T10:39:29+00:00","og_image":[{"width":600,"height":400,"url":"https:\/\/www.laguiadepamplona.com\/actualidad\/wp-content\/uploads\/2017\/02\/sala-armas-ciudadela1-600x400.jpg","type":"image\/jpeg"}],"author":"La Gu\u00eda de Pamplona","twitter_card":"summary_large_image","twitter_creator":"@LaGuiadPamplona","twitter_site":"@LaGuiadPamplona","twitter_misc":{"Escrito por":"La Gu\u00eda de Pamplona","Tiempo de lectura":"2 minutos"},"schema":{"@context":"https:\/\/schema.org","@graph":[{"@type":"Article","@id":"https:\/\/www.laguiadepamplona.com\/actualidad\/la-exposicion-lecturas-naturales-de-la-coleccion-municipal-que-ha-sido-visitada-por-3-138-personas-cierra-sus-puertas-el-domingo\/#article","isPartOf":{"@id":"https:\/\/www.laguiadepamplona.com\/actualidad\/la-exposicion-lecturas-naturales-de-la-coleccion-municipal-que-ha-sido-visitada-por-3-138-personas-cierra-sus-puertas-el-domingo\/"},"author":{"name":"La Gu\u00eda de Pamplona","@id":"https:\/\/www.laguiadepamplona.com\/actualidad\/#\/schema\/person\/efe887376f0213d4657c93adc50b1fdb"},"headline":"La exposici\u00f3n \u2018Lecturas naturales de la Colecci\u00f3n Municipal\u2019, que ha sido visitada por 3.138 personas, cierra sus puertas el domingo","datePublished":"2018-02-23T10:39:29+00:00","mainEntityOfPage":{"@id":"https:\/\/www.laguiadepamplona.com\/actualidad\/la-exposicion-lecturas-naturales-de-la-coleccion-municipal-que-ha-sido-visitada-por-3-138-personas-cierra-sus-puertas-el-domingo\/"},"wordCount":366,"commentCount":0,"publisher":{"@id":"https:\/\/www.laguiadepamplona.com\/actualidad\/#organization"},"image":{"@id":"https:\/\/www.laguiadepamplona.com\/actualidad\/la-exposicion-lecturas-naturales-de-la-coleccion-municipal-que-ha-sido-visitada-por-3-138-personas-cierra-sus-puertas-el-domingo\/#primaryimage"},"thumbnailUrl":"https:\/\/www.laguiadepamplona.com\/actualidad\/wp-content\/uploads\/2017\/02\/sala-armas-ciudadela1-600x400.jpg","articleSection":["Ayto Pamplona"],"inLanguage":"es","potentialAction":[{"@type":"CommentAction","name":"Comment","target":["https:\/\/www.laguiadepamplona.com\/actualidad\/la-exposicion-lecturas-naturales-de-la-coleccion-municipal-que-ha-sido-visitada-por-3-138-personas-cierra-sus-puertas-el-domingo\/#respond"]}]},{"@type":"WebPage","@id":"https:\/\/www.laguiadepamplona.com\/actualidad\/la-exposicion-lecturas-naturales-de-la-coleccion-municipal-que-ha-sido-visitada-por-3-138-personas-cierra-sus-puertas-el-domingo\/","url":"https:\/\/www.laguiadepamplona.com\/actualidad\/la-exposicion-lecturas-naturales-de-la-coleccion-municipal-que-ha-sido-visitada-por-3-138-personas-cierra-sus-puertas-el-domingo\/","name":"La exposici\u00f3n \u2018Lecturas naturales de la Colecci\u00f3n Municipal\u2019, que ha sido visitada por 3.138 personas, cierra sus puertas el domingo","isPartOf":{"@id":"https:\/\/www.laguiadepamplona.com\/actualidad\/#website"},"primaryImageOfPage":{"@id":"https:\/\/www.laguiadepamplona.com\/actualidad\/la-exposicion-lecturas-naturales-de-la-coleccion-municipal-que-ha-sido-visitada-por-3-138-personas-cierra-sus-puertas-el-domingo\/#primaryimage"},"image":{"@id":"https:\/\/www.laguiadepamplona.com\/actualidad\/la-exposicion-lecturas-naturales-de-la-coleccion-municipal-que-ha-sido-visitada-por-3-138-personas-cierra-sus-puertas-el-domingo\/#primaryimage"},"thumbnailUrl":"https:\/\/www.laguiadepamplona.com\/actualidad\/wp-content\/uploads\/2017\/02\/sala-armas-ciudadela1-600x400.jpg","datePublished":"2018-02-23T10:39:29+00:00","breadcrumb":{"@id":"https:\/\/www.laguiadepamplona.com\/actualidad\/la-exposicion-lecturas-naturales-de-la-coleccion-municipal-que-ha-sido-visitada-por-3-138-personas-cierra-sus-puertas-el-domingo\/#breadcrumb"},"inLanguage":"es","potentialAction":[{"@type":"ReadAction","target":["https:\/\/www.laguiadepamplona.com\/actualidad\/la-exposicion-lecturas-naturales-de-la-coleccion-municipal-que-ha-sido-visitada-por-3-138-personas-cierra-sus-puertas-el-domingo\/"]}]},{"@type":"ImageObject","inLanguage":"es","@id":"https:\/\/www.laguiadepamplona.com\/actualidad\/la-exposicion-lecturas-naturales-de-la-coleccion-municipal-que-ha-sido-visitada-por-3-138-personas-cierra-sus-puertas-el-domingo\/#primaryimage","url":"https:\/\/www.laguiadepamplona.com\/actualidad\/wp-content\/uploads\/2017\/02\/sala-armas-ciudadela1-600x400.jpg","contentUrl":"https:\/\/www.laguiadepamplona.com\/actualidad\/wp-content\/uploads\/2017\/02\/sala-armas-ciudadela1-600x400.jpg","width":600,"height":400},{"@type":"BreadcrumbList","@id":"https:\/\/www.laguiadepamplona.com\/actualidad\/la-exposicion-lecturas-naturales-de-la-coleccion-municipal-que-ha-sido-visitada-por-3-138-personas-cierra-sus-puertas-el-domingo\/#breadcrumb","itemListElement":[{"@type":"ListItem","position":1,"name":"Portada","item":"https:\/\/www.laguiadepamplona.com\/actualidad\/"},{"@type":"ListItem","position":2,"name":"La exposici\u00f3n \u2018Lecturas naturales de la Colecci\u00f3n Municipal\u2019, que ha sido visitada por 3.138 personas, cierra sus puertas el domingo"}]},{"@type":"WebSite","@id":"https:\/\/www.laguiadepamplona.com\/actualidad\/#website","url":"https:\/\/www.laguiadepamplona.com\/actualidad\/","name":"La gu\u00eda de Pamplona","description":"Noticias de Pamplona","publisher":{"@id":"https:\/\/www.laguiadepamplona.com\/actualidad\/#organization"},"potentialAction":[{"@type":"SearchAction","target":{"@type":"EntryPoint","urlTemplate":"https:\/\/www.laguiadepamplona.com\/actualidad\/?s={search_term_string}"},"query-input":{"@type":"PropertyValueSpecification","valueRequired":true,"valueName":"search_term_string"}}],"inLanguage":"es"},{"@type":"Organization","@id":"https:\/\/www.laguiadepamplona.com\/actualidad\/#organization","name":"La Gu\u00eda de Pamplona \/ Noticias","url":"https:\/\/www.laguiadepamplona.com\/actualidad\/","logo":{"@type":"ImageObject","inLanguage":"es","@id":"https:\/\/www.laguiadepamplona.com\/actualidad\/#\/schema\/logo\/image\/","url":"https:\/\/www.laguiadepamplona.com\/actualidad\/wp-content\/uploads\/2018\/11\/logo-laguiadepamplona18-web1.png","contentUrl":"https:\/\/www.laguiadepamplona.com\/actualidad\/wp-content\/uploads\/2018\/11\/logo-laguiadepamplona18-web1.png","width":600,"height":196,"caption":"La Gu\u00eda de Pamplona \/ Noticias"},"image":{"@id":"https:\/\/www.laguiadepamplona.com\/actualidad\/#\/schema\/logo\/image\/"},"sameAs":["https:\/\/www.facebook.com\/laguiadepamplonacom-133175176762273\/?ref=hl","https:\/\/x.com\/LaGuiadPamplona","https:\/\/www.instagram.com\/la_guia_de_pamplona\/","https:\/\/www.youtube.com\/user\/laguiadepamplona"]},{"@type":"Person","@id":"https:\/\/www.laguiadepamplona.com\/actualidad\/#\/schema\/person\/efe887376f0213d4657c93adc50b1fdb","name":"La Gu\u00eda de Pamplona","image":{"@type":"ImageObject","inLanguage":"es","@id":"https:\/\/secure.gravatar.com\/avatar\/b6992f131dc8d30ab0dff15446e9d346d9dbd95992de0fef795073f5ea83a81c?s=96&d=mm&r=g","url":"https:\/\/secure.gravatar.com\/avatar\/b6992f131dc8d30ab0dff15446e9d346d9dbd95992de0fef795073f5ea83a81c?s=96&d=mm&r=g","contentUrl":"https:\/\/secure.gravatar.com\/avatar\/b6992f131dc8d30ab0dff15446e9d346d9dbd95992de0fef795073f5ea83a81c?s=96&d=mm&r=g","caption":"La Gu\u00eda de Pamplona"}}]}},"post_mailing_queue_ids":[],"_links":{"self":[{"href":"https:\/\/www.laguiadepamplona.com\/actualidad\/wp-json\/wp\/v2\/posts\/16244","targetHints":{"allow":["GET"]}}],"collection":[{"href":"https:\/\/www.laguiadepamplona.com\/actualidad\/wp-json\/wp\/v2\/posts"}],"about":[{"href":"https:\/\/www.laguiadepamplona.com\/actualidad\/wp-json\/wp\/v2\/types\/post"}],"author":[{"embeddable":true,"href":"https:\/\/www.laguiadepamplona.com\/actualidad\/wp-json\/wp\/v2\/users\/1"}],"replies":[{"embeddable":true,"href":"https:\/\/www.laguiadepamplona.com\/actualidad\/wp-json\/wp\/v2\/comments?post=16244"}],"version-history":[{"count":0,"href":"https:\/\/www.laguiadepamplona.com\/actualidad\/wp-json\/wp\/v2\/posts\/16244\/revisions"}],"wp:featuredmedia":[{"embeddable":true,"href":"https:\/\/www.laguiadepamplona.com\/actualidad\/wp-json\/wp\/v2\/media\/11860"}],"wp:attachment":[{"href":"https:\/\/www.laguiadepamplona.com\/actualidad\/wp-json\/wp\/v2\/media?parent=16244"}],"wp:term":[{"taxonomy":"category","embeddable":true,"href":"https:\/\/www.laguiadepamplona.com\/actualidad\/wp-json\/wp\/v2\/categories?post=16244"},{"taxonomy":"post_tag","embeddable":true,"href":"https:\/\/www.laguiadepamplona.com\/actualidad\/wp-json\/wp\/v2\/tags?post=16244"}],"curies":[{"name":"wp","href":"https:\/\/api.w.org\/{rel}","templated":true}]}}