{"id":16242,"date":"2018-02-23T11:38:18","date_gmt":"2018-02-23T10:38:18","guid":{"rendered":"http:\/\/laguiadepamplona.es\/actualidad\/?p=16242"},"modified":"2018-02-23T11:38:18","modified_gmt":"2018-02-23T10:38:18","slug":"alumnado-del-conservatorio-superior-de-musica-de-navarra-se-sube-este-domingo-al-escenario-del-teatro-gayarre-con-la-pamplonesa","status":"publish","type":"post","link":"https:\/\/www.laguiadepamplona.com\/actualidad\/alumnado-del-conservatorio-superior-de-musica-de-navarra-se-sube-este-domingo-al-escenario-del-teatro-gayarre-con-la-pamplonesa\/","title":{"rendered":"Alumnado del Conservatorio Superior de M\u00fasica de Navarra se sube este domingo al escenario del Teatro Gayarre con La Pamplonesa"},"content":{"rendered":"<h3>Como todas las sesiones de la temporada las entradas para el concierto est\u00e1n a la venta al precio de 4 euros, en la taquilla y la web del teatro<\/h3>\n<p><!--more--><\/p>\n<p>Este domingo la banda municipal de m\u00fasica La Pamplonesa presentar\u00e1 en el Teatro Gayarre una matinal: la tradicional sesi\u00f3n de M\u00fasica original para banda, en este caso en colaboraci\u00f3n con el alumnado del Conservatorio Superior de M\u00fasica de Navarra. El concierto tendr\u00e1 lugar a las 12 del mediod\u00eda bajo la batuta de J. Vicent Egea. El repertorio previsto esta formado por partituras de los americanos Alfred Reed y John Barnes, del compositor checo Karel Husa y del belga Bert Appermont.<\/p>\n<p>Como es usual en estas sesiones de La Pamplonesa en colaboraci\u00f3n con m\u00fasicos en formaci\u00f3n, la banda municipal busca que los futuros int\u00e9rpretes conozcan de primera mano la forma en la que trabajan agrupaciones consolidadas. Sirven, asimismo, para apoyar y reivindicar la ense\u00f1anza de la m\u00fasica como disciplina esencial en la educaci\u00f3n de una sociedad. Las entradas para esta sesi\u00f3n est\u00e1n a la venta taquillas del teatro y en la web <a href=\"http:\/\/www.teatrogayarre.com\/\" target=\"_blank\" rel=\"noopener\">www.teatrogayarre.com<\/a> al precio de 4 euros, aunque hay abonos para cuatro sesiones por 14 euros o para siete conciertos por 24,50 euros.<\/p>\n<p>El pr\u00f3ximo concierto de la banda en el Teatro Gayarre volver\u00e1 a ser una sesi\u00f3n en colaboraci\u00f3n con m\u00fasicos en formaci\u00f3n, aunque en este caso con el alumnado del Conservatorio Profesional Pablo Sarasate. Ser\u00e1 el 11 de marzo, a las 12 del mediod\u00eda en una sesi\u00f3n programada bajo el t\u00edtulo de \u2018Cl\u00e1sicos populares\u2019. El repertorio elegido recorrer\u00e1 obras de m\u00fasica cl\u00e1sica muy conocidas por el gran p\u00fablico, adaptadas a la idiosincracia y la composici\u00f3n de una banda de m\u00fasica.<\/p>\n<p><strong>Programa: M\u00fasica Original para banda<\/strong><\/p>\n<p><strong><u>I Parte<\/u><\/strong><\/p>\n<ul>\n<li>Alfred Reed. A jubilant overture<\/li>\n<li>Karel Husa. Music for Prague 1968*<\/li>\n<\/ul>\n<p>I.- Introduction and Fanfare<\/p>\n<p>II.- Aria<\/p>\n<p>III.- Interlude<\/p>\n<p>IV.- Toccata and Chorale<\/p>\n<p><strong><u>II Parte<\/u><\/strong><\/p>\n<ul>\n<li>John Barnes. Symphony n\u00ba. 2 For winds and percussion<\/li>\n<\/ul>\n<p>I.- Sussurando<\/p>\n<p>II.- Elevato<\/p>\n<p>III.- Slancio<\/p>\n<ul>\n<li>Bert Appermont. Rubicon<\/li>\n<\/ul>\n<p>I.- Meditation<\/p>\n<p>II.- The battle of Pharsallus<\/p>\n<p>III.- Dance<\/p>\n<p><strong>* Primera vez interpretada por \u201cLa Pamplonesa\u201d<\/strong><\/p>\n<p>&nbsp;<\/p>\n","protected":false},"excerpt":{"rendered":"<p>Como todas las sesiones de la temporada las entradas para el concierto est\u00e1n a la venta al precio de 4 euros, en la taquilla y la web del teatro<\/p>\n","protected":false},"author":1,"featured_media":11402,"comment_status":"open","ping_status":"closed","sticky":false,"template":"","format":"standard","meta":{"footnotes":""},"categories":[2],"tags":[],"class_list":["post-16242","post","type-post","status-publish","format-standard","has-post-thumbnail","hentry","category-ayuntamiento-pamplona"],"yoast_head":"<!-- This site is optimized with the Yoast SEO plugin v27.3 - https:\/\/yoast.com\/product\/yoast-seo-wordpress\/ -->\n<title>Alumnado del Conservatorio Superior de M\u00fasica de Navarra se sube este domingo al escenario del Teatro Gayarre con La Pamplonesa<\/title>\n<meta name=\"robots\" content=\"index, follow, max-snippet:-1, max-image-preview:large, max-video-preview:-1\" \/>\n<link rel=\"canonical\" href=\"https:\/\/www.laguiadepamplona.com\/actualidad\/alumnado-del-conservatorio-superior-de-musica-de-navarra-se-sube-este-domingo-al-escenario-del-teatro-gayarre-con-la-pamplonesa\/\" \/>\n<meta property=\"og:locale\" content=\"es_ES\" \/>\n<meta property=\"og:type\" content=\"article\" \/>\n<meta property=\"og:title\" content=\"Alumnado del Conservatorio Superior de M\u00fasica de Navarra se sube este domingo al escenario del Teatro Gayarre con La Pamplonesa\" \/>\n<meta property=\"og:description\" content=\"Como todas las sesiones de la temporada las entradas para el concierto est\u00e1n a la venta al precio de 4 euros, en la taquilla y la web del teatro\" \/>\n<meta property=\"og:url\" content=\"https:\/\/www.laguiadepamplona.com\/actualidad\/alumnado-del-conservatorio-superior-de-musica-de-navarra-se-sube-este-domingo-al-escenario-del-teatro-gayarre-con-la-pamplonesa\/\" \/>\n<meta property=\"og:site_name\" content=\"La Gu\u00eda de Pamplona\" \/>\n<meta property=\"article:publisher\" content=\"https:\/\/www.facebook.com\/laguiadepamplonacom-133175176762273\/?ref=hl\" \/>\n<meta property=\"article:published_time\" content=\"2018-02-23T10:38:18+00:00\" \/>\n<meta property=\"og:image\" content=\"https:\/\/www.laguiadepamplona.com\/actualidad\/wp-content\/uploads\/2017\/01\/la-pamplonesa.jpg\" \/>\n\t<meta property=\"og:image:width\" content=\"614\" \/>\n\t<meta property=\"og:image:height\" content=\"343\" \/>\n\t<meta property=\"og:image:type\" content=\"image\/jpeg\" \/>\n<meta name=\"author\" content=\"La Gu\u00eda de Pamplona\" \/>\n<meta name=\"twitter:card\" content=\"summary_large_image\" \/>\n<meta name=\"twitter:creator\" content=\"@LaGuiadPamplona\" \/>\n<meta name=\"twitter:site\" content=\"@LaGuiadPamplona\" \/>\n<meta name=\"twitter:label1\" content=\"Escrito por\" \/>\n\t<meta name=\"twitter:data1\" content=\"La Gu\u00eda de Pamplona\" \/>\n\t<meta name=\"twitter:label2\" content=\"Tiempo de lectura\" \/>\n\t<meta name=\"twitter:data2\" content=\"2 minutos\" \/>\n<script type=\"application\/ld+json\" class=\"yoast-schema-graph\">{\"@context\":\"https:\\\/\\\/schema.org\",\"@graph\":[{\"@type\":\"Article\",\"@id\":\"https:\\\/\\\/www.laguiadepamplona.com\\\/actualidad\\\/alumnado-del-conservatorio-superior-de-musica-de-navarra-se-sube-este-domingo-al-escenario-del-teatro-gayarre-con-la-pamplonesa\\\/#article\",\"isPartOf\":{\"@id\":\"https:\\\/\\\/www.laguiadepamplona.com\\\/actualidad\\\/alumnado-del-conservatorio-superior-de-musica-de-navarra-se-sube-este-domingo-al-escenario-del-teatro-gayarre-con-la-pamplonesa\\\/\"},\"author\":{\"name\":\"La Gu\u00eda de Pamplona\",\"@id\":\"https:\\\/\\\/www.laguiadepamplona.com\\\/actualidad\\\/#\\\/schema\\\/person\\\/efe887376f0213d4657c93adc50b1fdb\"},\"headline\":\"Alumnado del Conservatorio Superior de M\u00fasica de Navarra se sube este domingo al escenario del Teatro Gayarre con La Pamplonesa\",\"datePublished\":\"2018-02-23T10:38:18+00:00\",\"mainEntityOfPage\":{\"@id\":\"https:\\\/\\\/www.laguiadepamplona.com\\\/actualidad\\\/alumnado-del-conservatorio-superior-de-musica-de-navarra-se-sube-este-domingo-al-escenario-del-teatro-gayarre-con-la-pamplonesa\\\/\"},\"wordCount\":402,\"commentCount\":0,\"publisher\":{\"@id\":\"https:\\\/\\\/www.laguiadepamplona.com\\\/actualidad\\\/#organization\"},\"image\":{\"@id\":\"https:\\\/\\\/www.laguiadepamplona.com\\\/actualidad\\\/alumnado-del-conservatorio-superior-de-musica-de-navarra-se-sube-este-domingo-al-escenario-del-teatro-gayarre-con-la-pamplonesa\\\/#primaryimage\"},\"thumbnailUrl\":\"https:\\\/\\\/www.laguiadepamplona.com\\\/actualidad\\\/wp-content\\\/uploads\\\/2017\\\/01\\\/la-pamplonesa.jpg\",\"articleSection\":[\"Ayto Pamplona\"],\"inLanguage\":\"es\",\"potentialAction\":[{\"@type\":\"CommentAction\",\"name\":\"Comment\",\"target\":[\"https:\\\/\\\/www.laguiadepamplona.com\\\/actualidad\\\/alumnado-del-conservatorio-superior-de-musica-de-navarra-se-sube-este-domingo-al-escenario-del-teatro-gayarre-con-la-pamplonesa\\\/#respond\"]}]},{\"@type\":\"WebPage\",\"@id\":\"https:\\\/\\\/www.laguiadepamplona.com\\\/actualidad\\\/alumnado-del-conservatorio-superior-de-musica-de-navarra-se-sube-este-domingo-al-escenario-del-teatro-gayarre-con-la-pamplonesa\\\/\",\"url\":\"https:\\\/\\\/www.laguiadepamplona.com\\\/actualidad\\\/alumnado-del-conservatorio-superior-de-musica-de-navarra-se-sube-este-domingo-al-escenario-del-teatro-gayarre-con-la-pamplonesa\\\/\",\"name\":\"Alumnado del Conservatorio Superior de M\u00fasica de Navarra se sube este domingo al escenario del Teatro Gayarre con La Pamplonesa\",\"isPartOf\":{\"@id\":\"https:\\\/\\\/www.laguiadepamplona.com\\\/actualidad\\\/#website\"},\"primaryImageOfPage\":{\"@id\":\"https:\\\/\\\/www.laguiadepamplona.com\\\/actualidad\\\/alumnado-del-conservatorio-superior-de-musica-de-navarra-se-sube-este-domingo-al-escenario-del-teatro-gayarre-con-la-pamplonesa\\\/#primaryimage\"},\"image\":{\"@id\":\"https:\\\/\\\/www.laguiadepamplona.com\\\/actualidad\\\/alumnado-del-conservatorio-superior-de-musica-de-navarra-se-sube-este-domingo-al-escenario-del-teatro-gayarre-con-la-pamplonesa\\\/#primaryimage\"},\"thumbnailUrl\":\"https:\\\/\\\/www.laguiadepamplona.com\\\/actualidad\\\/wp-content\\\/uploads\\\/2017\\\/01\\\/la-pamplonesa.jpg\",\"datePublished\":\"2018-02-23T10:38:18+00:00\",\"breadcrumb\":{\"@id\":\"https:\\\/\\\/www.laguiadepamplona.com\\\/actualidad\\\/alumnado-del-conservatorio-superior-de-musica-de-navarra-se-sube-este-domingo-al-escenario-del-teatro-gayarre-con-la-pamplonesa\\\/#breadcrumb\"},\"inLanguage\":\"es\",\"potentialAction\":[{\"@type\":\"ReadAction\",\"target\":[\"https:\\\/\\\/www.laguiadepamplona.com\\\/actualidad\\\/alumnado-del-conservatorio-superior-de-musica-de-navarra-se-sube-este-domingo-al-escenario-del-teatro-gayarre-con-la-pamplonesa\\\/\"]}]},{\"@type\":\"ImageObject\",\"inLanguage\":\"es\",\"@id\":\"https:\\\/\\\/www.laguiadepamplona.com\\\/actualidad\\\/alumnado-del-conservatorio-superior-de-musica-de-navarra-se-sube-este-domingo-al-escenario-del-teatro-gayarre-con-la-pamplonesa\\\/#primaryimage\",\"url\":\"https:\\\/\\\/www.laguiadepamplona.com\\\/actualidad\\\/wp-content\\\/uploads\\\/2017\\\/01\\\/la-pamplonesa.jpg\",\"contentUrl\":\"https:\\\/\\\/www.laguiadepamplona.com\\\/actualidad\\\/wp-content\\\/uploads\\\/2017\\\/01\\\/la-pamplonesa.jpg\",\"width\":614,\"height\":343},{\"@type\":\"BreadcrumbList\",\"@id\":\"https:\\\/\\\/www.laguiadepamplona.com\\\/actualidad\\\/alumnado-del-conservatorio-superior-de-musica-de-navarra-se-sube-este-domingo-al-escenario-del-teatro-gayarre-con-la-pamplonesa\\\/#breadcrumb\",\"itemListElement\":[{\"@type\":\"ListItem\",\"position\":1,\"name\":\"Portada\",\"item\":\"https:\\\/\\\/www.laguiadepamplona.com\\\/actualidad\\\/\"},{\"@type\":\"ListItem\",\"position\":2,\"name\":\"Alumnado del Conservatorio Superior de M\u00fasica de Navarra se sube este domingo al escenario del Teatro Gayarre con La Pamplonesa\"}]},{\"@type\":\"WebSite\",\"@id\":\"https:\\\/\\\/www.laguiadepamplona.com\\\/actualidad\\\/#website\",\"url\":\"https:\\\/\\\/www.laguiadepamplona.com\\\/actualidad\\\/\",\"name\":\"La gu\u00eda de Pamplona\",\"description\":\"Noticias de Pamplona\",\"publisher\":{\"@id\":\"https:\\\/\\\/www.laguiadepamplona.com\\\/actualidad\\\/#organization\"},\"potentialAction\":[{\"@type\":\"SearchAction\",\"target\":{\"@type\":\"EntryPoint\",\"urlTemplate\":\"https:\\\/\\\/www.laguiadepamplona.com\\\/actualidad\\\/?s={search_term_string}\"},\"query-input\":{\"@type\":\"PropertyValueSpecification\",\"valueRequired\":true,\"valueName\":\"search_term_string\"}}],\"inLanguage\":\"es\"},{\"@type\":\"Organization\",\"@id\":\"https:\\\/\\\/www.laguiadepamplona.com\\\/actualidad\\\/#organization\",\"name\":\"La Gu\u00eda de Pamplona \\\/ Noticias\",\"url\":\"https:\\\/\\\/www.laguiadepamplona.com\\\/actualidad\\\/\",\"logo\":{\"@type\":\"ImageObject\",\"inLanguage\":\"es\",\"@id\":\"https:\\\/\\\/www.laguiadepamplona.com\\\/actualidad\\\/#\\\/schema\\\/logo\\\/image\\\/\",\"url\":\"https:\\\/\\\/www.laguiadepamplona.com\\\/actualidad\\\/wp-content\\\/uploads\\\/2018\\\/11\\\/logo-laguiadepamplona18-web1.png\",\"contentUrl\":\"https:\\\/\\\/www.laguiadepamplona.com\\\/actualidad\\\/wp-content\\\/uploads\\\/2018\\\/11\\\/logo-laguiadepamplona18-web1.png\",\"width\":600,\"height\":196,\"caption\":\"La Gu\u00eda de Pamplona \\\/ Noticias\"},\"image\":{\"@id\":\"https:\\\/\\\/www.laguiadepamplona.com\\\/actualidad\\\/#\\\/schema\\\/logo\\\/image\\\/\"},\"sameAs\":[\"https:\\\/\\\/www.facebook.com\\\/laguiadepamplonacom-133175176762273\\\/?ref=hl\",\"https:\\\/\\\/x.com\\\/LaGuiadPamplona\",\"https:\\\/\\\/www.instagram.com\\\/la_guia_de_pamplona\\\/\",\"https:\\\/\\\/www.youtube.com\\\/user\\\/laguiadepamplona\"]},{\"@type\":\"Person\",\"@id\":\"https:\\\/\\\/www.laguiadepamplona.com\\\/actualidad\\\/#\\\/schema\\\/person\\\/efe887376f0213d4657c93adc50b1fdb\",\"name\":\"La Gu\u00eda de Pamplona\",\"image\":{\"@type\":\"ImageObject\",\"inLanguage\":\"es\",\"@id\":\"https:\\\/\\\/secure.gravatar.com\\\/avatar\\\/b6992f131dc8d30ab0dff15446e9d346d9dbd95992de0fef795073f5ea83a81c?s=96&d=mm&r=g\",\"url\":\"https:\\\/\\\/secure.gravatar.com\\\/avatar\\\/b6992f131dc8d30ab0dff15446e9d346d9dbd95992de0fef795073f5ea83a81c?s=96&d=mm&r=g\",\"contentUrl\":\"https:\\\/\\\/secure.gravatar.com\\\/avatar\\\/b6992f131dc8d30ab0dff15446e9d346d9dbd95992de0fef795073f5ea83a81c?s=96&d=mm&r=g\",\"caption\":\"La Gu\u00eda de Pamplona\"}}]}<\/script>\n<!-- \/ Yoast SEO plugin. -->","yoast_head_json":{"title":"Alumnado del Conservatorio Superior de M\u00fasica de Navarra se sube este domingo al escenario del Teatro Gayarre con La Pamplonesa","robots":{"index":"index","follow":"follow","max-snippet":"max-snippet:-1","max-image-preview":"max-image-preview:large","max-video-preview":"max-video-preview:-1"},"canonical":"https:\/\/www.laguiadepamplona.com\/actualidad\/alumnado-del-conservatorio-superior-de-musica-de-navarra-se-sube-este-domingo-al-escenario-del-teatro-gayarre-con-la-pamplonesa\/","og_locale":"es_ES","og_type":"article","og_title":"Alumnado del Conservatorio Superior de M\u00fasica de Navarra se sube este domingo al escenario del Teatro Gayarre con La Pamplonesa","og_description":"Como todas las sesiones de la temporada las entradas para el concierto est\u00e1n a la venta al precio de 4 euros, en la taquilla y la web del teatro","og_url":"https:\/\/www.laguiadepamplona.com\/actualidad\/alumnado-del-conservatorio-superior-de-musica-de-navarra-se-sube-este-domingo-al-escenario-del-teatro-gayarre-con-la-pamplonesa\/","og_site_name":"La Gu\u00eda de Pamplona","article_publisher":"https:\/\/www.facebook.com\/laguiadepamplonacom-133175176762273\/?ref=hl","article_published_time":"2018-02-23T10:38:18+00:00","og_image":[{"width":614,"height":343,"url":"https:\/\/www.laguiadepamplona.com\/actualidad\/wp-content\/uploads\/2017\/01\/la-pamplonesa.jpg","type":"image\/jpeg"}],"author":"La Gu\u00eda de Pamplona","twitter_card":"summary_large_image","twitter_creator":"@LaGuiadPamplona","twitter_site":"@LaGuiadPamplona","twitter_misc":{"Escrito por":"La Gu\u00eda de Pamplona","Tiempo de lectura":"2 minutos"},"schema":{"@context":"https:\/\/schema.org","@graph":[{"@type":"Article","@id":"https:\/\/www.laguiadepamplona.com\/actualidad\/alumnado-del-conservatorio-superior-de-musica-de-navarra-se-sube-este-domingo-al-escenario-del-teatro-gayarre-con-la-pamplonesa\/#article","isPartOf":{"@id":"https:\/\/www.laguiadepamplona.com\/actualidad\/alumnado-del-conservatorio-superior-de-musica-de-navarra-se-sube-este-domingo-al-escenario-del-teatro-gayarre-con-la-pamplonesa\/"},"author":{"name":"La Gu\u00eda de Pamplona","@id":"https:\/\/www.laguiadepamplona.com\/actualidad\/#\/schema\/person\/efe887376f0213d4657c93adc50b1fdb"},"headline":"Alumnado del Conservatorio Superior de M\u00fasica de Navarra se sube este domingo al escenario del Teatro Gayarre con La Pamplonesa","datePublished":"2018-02-23T10:38:18+00:00","mainEntityOfPage":{"@id":"https:\/\/www.laguiadepamplona.com\/actualidad\/alumnado-del-conservatorio-superior-de-musica-de-navarra-se-sube-este-domingo-al-escenario-del-teatro-gayarre-con-la-pamplonesa\/"},"wordCount":402,"commentCount":0,"publisher":{"@id":"https:\/\/www.laguiadepamplona.com\/actualidad\/#organization"},"image":{"@id":"https:\/\/www.laguiadepamplona.com\/actualidad\/alumnado-del-conservatorio-superior-de-musica-de-navarra-se-sube-este-domingo-al-escenario-del-teatro-gayarre-con-la-pamplonesa\/#primaryimage"},"thumbnailUrl":"https:\/\/www.laguiadepamplona.com\/actualidad\/wp-content\/uploads\/2017\/01\/la-pamplonesa.jpg","articleSection":["Ayto Pamplona"],"inLanguage":"es","potentialAction":[{"@type":"CommentAction","name":"Comment","target":["https:\/\/www.laguiadepamplona.com\/actualidad\/alumnado-del-conservatorio-superior-de-musica-de-navarra-se-sube-este-domingo-al-escenario-del-teatro-gayarre-con-la-pamplonesa\/#respond"]}]},{"@type":"WebPage","@id":"https:\/\/www.laguiadepamplona.com\/actualidad\/alumnado-del-conservatorio-superior-de-musica-de-navarra-se-sube-este-domingo-al-escenario-del-teatro-gayarre-con-la-pamplonesa\/","url":"https:\/\/www.laguiadepamplona.com\/actualidad\/alumnado-del-conservatorio-superior-de-musica-de-navarra-se-sube-este-domingo-al-escenario-del-teatro-gayarre-con-la-pamplonesa\/","name":"Alumnado del Conservatorio Superior de M\u00fasica de Navarra se sube este domingo al escenario del Teatro Gayarre con La Pamplonesa","isPartOf":{"@id":"https:\/\/www.laguiadepamplona.com\/actualidad\/#website"},"primaryImageOfPage":{"@id":"https:\/\/www.laguiadepamplona.com\/actualidad\/alumnado-del-conservatorio-superior-de-musica-de-navarra-se-sube-este-domingo-al-escenario-del-teatro-gayarre-con-la-pamplonesa\/#primaryimage"},"image":{"@id":"https:\/\/www.laguiadepamplona.com\/actualidad\/alumnado-del-conservatorio-superior-de-musica-de-navarra-se-sube-este-domingo-al-escenario-del-teatro-gayarre-con-la-pamplonesa\/#primaryimage"},"thumbnailUrl":"https:\/\/www.laguiadepamplona.com\/actualidad\/wp-content\/uploads\/2017\/01\/la-pamplonesa.jpg","datePublished":"2018-02-23T10:38:18+00:00","breadcrumb":{"@id":"https:\/\/www.laguiadepamplona.com\/actualidad\/alumnado-del-conservatorio-superior-de-musica-de-navarra-se-sube-este-domingo-al-escenario-del-teatro-gayarre-con-la-pamplonesa\/#breadcrumb"},"inLanguage":"es","potentialAction":[{"@type":"ReadAction","target":["https:\/\/www.laguiadepamplona.com\/actualidad\/alumnado-del-conservatorio-superior-de-musica-de-navarra-se-sube-este-domingo-al-escenario-del-teatro-gayarre-con-la-pamplonesa\/"]}]},{"@type":"ImageObject","inLanguage":"es","@id":"https:\/\/www.laguiadepamplona.com\/actualidad\/alumnado-del-conservatorio-superior-de-musica-de-navarra-se-sube-este-domingo-al-escenario-del-teatro-gayarre-con-la-pamplonesa\/#primaryimage","url":"https:\/\/www.laguiadepamplona.com\/actualidad\/wp-content\/uploads\/2017\/01\/la-pamplonesa.jpg","contentUrl":"https:\/\/www.laguiadepamplona.com\/actualidad\/wp-content\/uploads\/2017\/01\/la-pamplonesa.jpg","width":614,"height":343},{"@type":"BreadcrumbList","@id":"https:\/\/www.laguiadepamplona.com\/actualidad\/alumnado-del-conservatorio-superior-de-musica-de-navarra-se-sube-este-domingo-al-escenario-del-teatro-gayarre-con-la-pamplonesa\/#breadcrumb","itemListElement":[{"@type":"ListItem","position":1,"name":"Portada","item":"https:\/\/www.laguiadepamplona.com\/actualidad\/"},{"@type":"ListItem","position":2,"name":"Alumnado del Conservatorio Superior de M\u00fasica de Navarra se sube este domingo al escenario del Teatro Gayarre con La Pamplonesa"}]},{"@type":"WebSite","@id":"https:\/\/www.laguiadepamplona.com\/actualidad\/#website","url":"https:\/\/www.laguiadepamplona.com\/actualidad\/","name":"La gu\u00eda de Pamplona","description":"Noticias de Pamplona","publisher":{"@id":"https:\/\/www.laguiadepamplona.com\/actualidad\/#organization"},"potentialAction":[{"@type":"SearchAction","target":{"@type":"EntryPoint","urlTemplate":"https:\/\/www.laguiadepamplona.com\/actualidad\/?s={search_term_string}"},"query-input":{"@type":"PropertyValueSpecification","valueRequired":true,"valueName":"search_term_string"}}],"inLanguage":"es"},{"@type":"Organization","@id":"https:\/\/www.laguiadepamplona.com\/actualidad\/#organization","name":"La Gu\u00eda de Pamplona \/ Noticias","url":"https:\/\/www.laguiadepamplona.com\/actualidad\/","logo":{"@type":"ImageObject","inLanguage":"es","@id":"https:\/\/www.laguiadepamplona.com\/actualidad\/#\/schema\/logo\/image\/","url":"https:\/\/www.laguiadepamplona.com\/actualidad\/wp-content\/uploads\/2018\/11\/logo-laguiadepamplona18-web1.png","contentUrl":"https:\/\/www.laguiadepamplona.com\/actualidad\/wp-content\/uploads\/2018\/11\/logo-laguiadepamplona18-web1.png","width":600,"height":196,"caption":"La Gu\u00eda de Pamplona \/ Noticias"},"image":{"@id":"https:\/\/www.laguiadepamplona.com\/actualidad\/#\/schema\/logo\/image\/"},"sameAs":["https:\/\/www.facebook.com\/laguiadepamplonacom-133175176762273\/?ref=hl","https:\/\/x.com\/LaGuiadPamplona","https:\/\/www.instagram.com\/la_guia_de_pamplona\/","https:\/\/www.youtube.com\/user\/laguiadepamplona"]},{"@type":"Person","@id":"https:\/\/www.laguiadepamplona.com\/actualidad\/#\/schema\/person\/efe887376f0213d4657c93adc50b1fdb","name":"La Gu\u00eda de Pamplona","image":{"@type":"ImageObject","inLanguage":"es","@id":"https:\/\/secure.gravatar.com\/avatar\/b6992f131dc8d30ab0dff15446e9d346d9dbd95992de0fef795073f5ea83a81c?s=96&d=mm&r=g","url":"https:\/\/secure.gravatar.com\/avatar\/b6992f131dc8d30ab0dff15446e9d346d9dbd95992de0fef795073f5ea83a81c?s=96&d=mm&r=g","contentUrl":"https:\/\/secure.gravatar.com\/avatar\/b6992f131dc8d30ab0dff15446e9d346d9dbd95992de0fef795073f5ea83a81c?s=96&d=mm&r=g","caption":"La Gu\u00eda de Pamplona"}}]}},"post_mailing_queue_ids":[],"_links":{"self":[{"href":"https:\/\/www.laguiadepamplona.com\/actualidad\/wp-json\/wp\/v2\/posts\/16242","targetHints":{"allow":["GET"]}}],"collection":[{"href":"https:\/\/www.laguiadepamplona.com\/actualidad\/wp-json\/wp\/v2\/posts"}],"about":[{"href":"https:\/\/www.laguiadepamplona.com\/actualidad\/wp-json\/wp\/v2\/types\/post"}],"author":[{"embeddable":true,"href":"https:\/\/www.laguiadepamplona.com\/actualidad\/wp-json\/wp\/v2\/users\/1"}],"replies":[{"embeddable":true,"href":"https:\/\/www.laguiadepamplona.com\/actualidad\/wp-json\/wp\/v2\/comments?post=16242"}],"version-history":[{"count":0,"href":"https:\/\/www.laguiadepamplona.com\/actualidad\/wp-json\/wp\/v2\/posts\/16242\/revisions"}],"wp:featuredmedia":[{"embeddable":true,"href":"https:\/\/www.laguiadepamplona.com\/actualidad\/wp-json\/wp\/v2\/media\/11402"}],"wp:attachment":[{"href":"https:\/\/www.laguiadepamplona.com\/actualidad\/wp-json\/wp\/v2\/media?parent=16242"}],"wp:term":[{"taxonomy":"category","embeddable":true,"href":"https:\/\/www.laguiadepamplona.com\/actualidad\/wp-json\/wp\/v2\/categories?post=16242"},{"taxonomy":"post_tag","embeddable":true,"href":"https:\/\/www.laguiadepamplona.com\/actualidad\/wp-json\/wp\/v2\/tags?post=16242"}],"curies":[{"name":"wp","href":"https:\/\/api.w.org\/{rel}","templated":true}]}}