{"id":16240,"date":"2018-02-23T11:35:55","date_gmt":"2018-02-23T10:35:55","guid":{"rendered":"http:\/\/laguiadepamplona.es\/actualidad\/?p=16240"},"modified":"2018-02-23T11:35:55","modified_gmt":"2018-02-23T10:35:55","slug":"el-ayuntamiento-y-cein-buscan-20-proyectos-para-la-iniciativa-pamplona-te-quiere-abre-tu-comercio-con-denda-naiz-soy-comercio","status":"publish","type":"post","link":"https:\/\/www.laguiadepamplona.com\/actualidad\/el-ayuntamiento-y-cein-buscan-20-proyectos-para-la-iniciativa-pamplona-te-quiere-abre-tu-comercio-con-denda-naiz-soy-comercio\/","title":{"rendered":"El Ayuntamiento y CEIN buscan 20 proyectos para la iniciativa \u2018Pamplona te quiere: abre tu comercio con Denda Naiz-Soy Comercio\u2019"},"content":{"rendered":"<h3>Se apoyar\u00e1 ideas de negocio en el \u00e1mbito comercial con formaci\u00f3n y tres premios econ\u00f3micos para que las mejores puedan ponerse en marcha<\/h3>\n<p><!--more--><\/p>\n<p>\u2018Pamplona te quiere: abre tu comercio con Denda-Naiz-Soy Comercio\u2019. Este es el reclamo con el que el Ayuntamiento de Pamplona y CEIN han lanzado la tercera edici\u00f3n de este programa, destinado a impulsar la puesta en marcha de nuevos negocios en la ciudad. La iniciativa cuenta este a\u00f1o con novedades: se ampl\u00eda la participaci\u00f3n de 8 a 20 proyectos y se plantean tres premios de 5.000, 3.000 y 2.000 euros para los mejores de entre los emprendedores y emprendedoras que concluyan con \u00e9xito su participaci\u00f3n en el programa, para ayudarles a poner en marcha el nuevo comercio.<\/p>\n<p>La concejala delegada de Econom\u00eda Local Sostenible, Patricia Perales; la consejera delegada de CEIN, Pilar Irigoien; el responsable de la L\u00ednea Emprendedores de Caja Rural de Navarra, Gonzalo Soto; y la responsable del \u00e1rea de creaci\u00f3n de empresas de CEIN, Pilar Tellechea, han presentado esa ma\u00f1ana en rueda de prensa el programa, que arranca hoy viernes 23 de febrero con la apertura del plazo para participar en Denda Naiz-Soy Comercio. Los candidatos podr\u00e1n presentar sus ideas para participar hasta las 13 horas del 21 de marzo.<\/p>\n<p><strong>Qu\u00e9 es y qu\u00e9 ofrece Denda Naiz-Soy Comercio<\/strong><\/p>\n<p>Denda Naiz-Soy Comercio se dirige a emprendedores y emprendedoras que tengan una idea de negocio relacionada con el \u00e1mbito comercial que quieran poner en marcha en Pamplona. En esta tercera edici\u00f3n, se buscar\u00e1n 20 proyectos que promuevan nuevos enfoques e impulsen la innovaci\u00f3n y la mejora del tejido urbano comercial.<\/p>\n<p>El programa ofrecer\u00e1 a los proyectos seleccionados un programa espec\u00edfico de tres meses de duraci\u00f3n (de abril a junio) proporcionado por CEIN, que facilitar\u00e1 los recursos y herramientas necesarias para desarrollar y contrastar un modelo de negocio y prepararse para comenzar una actividad empresarial. Adem\u00e1s, contar\u00e1n con el apoyo y conocimiento de responsables de negocio de Pamplona, que ayudar\u00e1n a los proyectos aportando su experiencia. As\u00ed, est\u00e1 previsto que colaboren con el programa los responsables de negocios como Ayestar\u00e1n, La Mandarra de la Ramos, Txirrintxa y Katuzarra, Mundoraintxe, y Planet Fitness Pamplona.<\/p>\n<p>Asimismo, los proyectos seleccionados tendr\u00e1n la posibilidad de obtener uno de los tres premios de 5.000, 3.000 y 2.000 euros destinados a la puesta en marcha del negocio, que aportar\u00e1 Caja Rural de Navarra, la entidad patrocinadora.<\/p>\n<p>Para presentar la candidatura a Denda Naiz-Soy Comercio, es preciso cumplimentar un formulario, disponible en <a href=\"http:\/\/www.pamplona.es\/\" target=\"_blank\" rel=\"noopener\">www.pamplona.es<\/a> y <a href=\"http:\/\/www.cein.es\/\" target=\"_blank\" rel=\"noopener\">www.cein.es<\/a> antes de las 13 horas del 21 de marzo. Una vez recibidas todas las candidaturas, se proceder\u00e1 a una selecci\u00f3n de los proyectos que participar\u00e1n en el programa. En la web se pueden consultar las bases del programa y conocer todo su desarrollo. Para solucionar cualquier duda, se pone a disposici\u00f3n de los interesados el tel\u00e9fono 848 430 030 y la direcci\u00f3n de email <a href=\"mailto:administracion@cein.es\">administracion@cein.es<\/a>.<\/p>\n<p>Un comit\u00e9 t\u00e9cnico de valoraci\u00f3n de proyectos de CEIN realizar\u00e1 la selecci\u00f3n de los potenciales proyectos hasta elegir un m\u00e1ximo de 20 ideas de negocio. Esta selecci\u00f3n se realizar\u00e1 teniendo en cuenta los siguientes criterios: el equipo promotor (experiencia, formaci\u00f3n, motivaci\u00f3n y competencias), que se valorar\u00e1 con hasta un 30% de la puntuaci\u00f3n; el proyecto empresarial (sector, innovaci\u00f3n o diferenciaci\u00f3n, grado de madurez y previabilidad econ\u00f3mica), que se puntuar\u00e1 con hasta un 35%; y el aporte a la ciudad, es decir, c\u00f3mo aporta el proyecto a la revitalizaci\u00f3n de la ciudad, un aspecto que recibir\u00e1 hasta el 35% restante de la valoraci\u00f3n.<\/p>\n<p>Los proyectos empresariales objeto del programa son ideas de negocio ligadas a un espacio f\u00edsico que alberguen actividad comercial con intenci\u00f3n de puesta en marcha en el t\u00e9rmino municipal de Pamplona. Se primar\u00e1n aquellas ideas que, adem\u00e1s, impulsen la innovaci\u00f3n y la mejora del tejido urbano comercial, y aqu\u00e9llas que respondan a las necesidades y las tendencias comerciales ciudadanas.<\/p>\n<p>El programa se desarrollar\u00e1 de abril a junio en la oficina de CEIN, en la calle Leyre n\u00famero 20. Adem\u00e1s, algunas actividades podr\u00e1n realizarse tambi\u00e9n en el Palacio del Condestable. Los proyectos seleccionados para participar en el programa Denda Naiz-Soy Comercio disfrutar\u00e1n en estos meses de un programa de aceleraci\u00f3n comercial donde adem\u00e1s desarrollar\u00e1n sus competencias emprendedoras y contar\u00e1n con tutor\u00edas individuales tanto de t\u00e9cnicos de CEIN como de profesionales del sector. El objetivo principal de este proceso consiste en apoya el desarrollo de cada proyecto participante para crear un negocio viable y con garant\u00edas de \u00e9xito.<\/p>\n<p><strong>Los premios<\/strong><\/p>\n<p>Todos los proyectos que hayan concluido con \u00e9xito su participaci\u00f3n en el programa podr\u00e1n presentar su proyecto ante un jurado que conceder\u00e1 los tres premios econ\u00f3micos previstos para la puesta en marcha del negocio. La defensa de los proyectos y la entrega de los premios se realizar\u00e1 en el mes de junio, tras la finalizaci\u00f3n del programa. Para poder optar a estos premios finales, es preciso haber prestado la dedicaci\u00f3n exigida por el programa para la maduraci\u00f3n del proyecto, haber asistido a todas las jornadas formativas, tutor\u00edas y acciones del programa, adem\u00e1s de haber realizado el plan de trabajo marcado en el programa, cumpliendo con los hitos establecidos para cada proyecto empresarial; participar en las reuniones que se establezcan con el tutor; y, tras el testeo de la viabilidad de la idea de negocio, tratar de implantarla en Pamplona.<\/p>\n<p>&nbsp;<\/p>\n","protected":false},"excerpt":{"rendered":"<p>Se apoyar\u00e1 ideas de negocio en el \u00e1mbito comercial con formaci\u00f3n y tres premios econ\u00f3micos para que las mejores puedan ponerse en marcha<\/p>\n","protected":false},"author":1,"featured_media":14999,"comment_status":"open","ping_status":"closed","sticky":false,"template":"","format":"standard","meta":{"footnotes":""},"categories":[2],"tags":[],"class_list":["post-16240","post","type-post","status-publish","format-standard","has-post-thumbnail","hentry","category-ayuntamiento-pamplona"],"yoast_head":"<!-- This site is optimized with the Yoast SEO plugin v27.3 - https:\/\/yoast.com\/product\/yoast-seo-wordpress\/ -->\n<title>El Ayuntamiento y CEIN buscan 20 proyectos para la iniciativa \u2018Pamplona te quiere: abre tu comercio con Denda Naiz-Soy Comercio\u2019<\/title>\n<meta name=\"robots\" content=\"index, follow, max-snippet:-1, max-image-preview:large, max-video-preview:-1\" \/>\n<link rel=\"canonical\" href=\"https:\/\/www.laguiadepamplona.com\/actualidad\/el-ayuntamiento-y-cein-buscan-20-proyectos-para-la-iniciativa-pamplona-te-quiere-abre-tu-comercio-con-denda-naiz-soy-comercio\/\" \/>\n<meta property=\"og:locale\" content=\"es_ES\" \/>\n<meta property=\"og:type\" content=\"article\" \/>\n<meta property=\"og:title\" content=\"El Ayuntamiento y CEIN buscan 20 proyectos para la iniciativa \u2018Pamplona te quiere: abre tu comercio con Denda Naiz-Soy Comercio\u2019\" \/>\n<meta property=\"og:description\" content=\"Se apoyar\u00e1 ideas de negocio en el \u00e1mbito comercial con formaci\u00f3n y tres premios econ\u00f3micos para que las mejores puedan ponerse en marcha\" \/>\n<meta property=\"og:url\" content=\"https:\/\/www.laguiadepamplona.com\/actualidad\/el-ayuntamiento-y-cein-buscan-20-proyectos-para-la-iniciativa-pamplona-te-quiere-abre-tu-comercio-con-denda-naiz-soy-comercio\/\" \/>\n<meta property=\"og:site_name\" content=\"La Gu\u00eda de Pamplona\" \/>\n<meta property=\"article:publisher\" content=\"https:\/\/www.facebook.com\/laguiadepamplonacom-133175176762273\/?ref=hl\" \/>\n<meta property=\"article:published_time\" content=\"2018-02-23T10:35:55+00:00\" \/>\n<meta property=\"og:image\" content=\"https:\/\/www.laguiadepamplona.com\/actualidad\/wp-content\/uploads\/2017\/11\/Edificio-CEIN-04.jpg\" \/>\n\t<meta property=\"og:image:width\" content=\"805\" \/>\n\t<meta property=\"og:image:height\" content=\"350\" \/>\n\t<meta property=\"og:image:type\" content=\"image\/jpeg\" \/>\n<meta name=\"author\" content=\"La Gu\u00eda de Pamplona\" \/>\n<meta name=\"twitter:card\" content=\"summary_large_image\" \/>\n<meta name=\"twitter:creator\" content=\"@LaGuiadPamplona\" \/>\n<meta name=\"twitter:site\" content=\"@LaGuiadPamplona\" \/>\n<meta name=\"twitter:label1\" content=\"Escrito por\" \/>\n\t<meta name=\"twitter:data1\" content=\"La Gu\u00eda de Pamplona\" \/>\n\t<meta name=\"twitter:label2\" content=\"Tiempo de lectura\" \/>\n\t<meta name=\"twitter:data2\" content=\"5 minutos\" \/>\n<script type=\"application\/ld+json\" class=\"yoast-schema-graph\">{\"@context\":\"https:\\\/\\\/schema.org\",\"@graph\":[{\"@type\":\"Article\",\"@id\":\"https:\\\/\\\/www.laguiadepamplona.com\\\/actualidad\\\/el-ayuntamiento-y-cein-buscan-20-proyectos-para-la-iniciativa-pamplona-te-quiere-abre-tu-comercio-con-denda-naiz-soy-comercio\\\/#article\",\"isPartOf\":{\"@id\":\"https:\\\/\\\/www.laguiadepamplona.com\\\/actualidad\\\/el-ayuntamiento-y-cein-buscan-20-proyectos-para-la-iniciativa-pamplona-te-quiere-abre-tu-comercio-con-denda-naiz-soy-comercio\\\/\"},\"author\":{\"name\":\"La Gu\u00eda de Pamplona\",\"@id\":\"https:\\\/\\\/www.laguiadepamplona.com\\\/actualidad\\\/#\\\/schema\\\/person\\\/efe887376f0213d4657c93adc50b1fdb\"},\"headline\":\"El Ayuntamiento y CEIN buscan 20 proyectos para la iniciativa \u2018Pamplona te quiere: abre tu comercio con Denda Naiz-Soy Comercio\u2019\",\"datePublished\":\"2018-02-23T10:35:55+00:00\",\"mainEntityOfPage\":{\"@id\":\"https:\\\/\\\/www.laguiadepamplona.com\\\/actualidad\\\/el-ayuntamiento-y-cein-buscan-20-proyectos-para-la-iniciativa-pamplona-te-quiere-abre-tu-comercio-con-denda-naiz-soy-comercio\\\/\"},\"wordCount\":947,\"commentCount\":0,\"publisher\":{\"@id\":\"https:\\\/\\\/www.laguiadepamplona.com\\\/actualidad\\\/#organization\"},\"image\":{\"@id\":\"https:\\\/\\\/www.laguiadepamplona.com\\\/actualidad\\\/el-ayuntamiento-y-cein-buscan-20-proyectos-para-la-iniciativa-pamplona-te-quiere-abre-tu-comercio-con-denda-naiz-soy-comercio\\\/#primaryimage\"},\"thumbnailUrl\":\"https:\\\/\\\/www.laguiadepamplona.com\\\/actualidad\\\/wp-content\\\/uploads\\\/2017\\\/11\\\/Edificio-CEIN-04.jpg\",\"articleSection\":[\"Ayto Pamplona\"],\"inLanguage\":\"es\",\"potentialAction\":[{\"@type\":\"CommentAction\",\"name\":\"Comment\",\"target\":[\"https:\\\/\\\/www.laguiadepamplona.com\\\/actualidad\\\/el-ayuntamiento-y-cein-buscan-20-proyectos-para-la-iniciativa-pamplona-te-quiere-abre-tu-comercio-con-denda-naiz-soy-comercio\\\/#respond\"]}]},{\"@type\":\"WebPage\",\"@id\":\"https:\\\/\\\/www.laguiadepamplona.com\\\/actualidad\\\/el-ayuntamiento-y-cein-buscan-20-proyectos-para-la-iniciativa-pamplona-te-quiere-abre-tu-comercio-con-denda-naiz-soy-comercio\\\/\",\"url\":\"https:\\\/\\\/www.laguiadepamplona.com\\\/actualidad\\\/el-ayuntamiento-y-cein-buscan-20-proyectos-para-la-iniciativa-pamplona-te-quiere-abre-tu-comercio-con-denda-naiz-soy-comercio\\\/\",\"name\":\"El Ayuntamiento y CEIN buscan 20 proyectos para la iniciativa \u2018Pamplona te quiere: abre tu comercio con Denda Naiz-Soy Comercio\u2019\",\"isPartOf\":{\"@id\":\"https:\\\/\\\/www.laguiadepamplona.com\\\/actualidad\\\/#website\"},\"primaryImageOfPage\":{\"@id\":\"https:\\\/\\\/www.laguiadepamplona.com\\\/actualidad\\\/el-ayuntamiento-y-cein-buscan-20-proyectos-para-la-iniciativa-pamplona-te-quiere-abre-tu-comercio-con-denda-naiz-soy-comercio\\\/#primaryimage\"},\"image\":{\"@id\":\"https:\\\/\\\/www.laguiadepamplona.com\\\/actualidad\\\/el-ayuntamiento-y-cein-buscan-20-proyectos-para-la-iniciativa-pamplona-te-quiere-abre-tu-comercio-con-denda-naiz-soy-comercio\\\/#primaryimage\"},\"thumbnailUrl\":\"https:\\\/\\\/www.laguiadepamplona.com\\\/actualidad\\\/wp-content\\\/uploads\\\/2017\\\/11\\\/Edificio-CEIN-04.jpg\",\"datePublished\":\"2018-02-23T10:35:55+00:00\",\"breadcrumb\":{\"@id\":\"https:\\\/\\\/www.laguiadepamplona.com\\\/actualidad\\\/el-ayuntamiento-y-cein-buscan-20-proyectos-para-la-iniciativa-pamplona-te-quiere-abre-tu-comercio-con-denda-naiz-soy-comercio\\\/#breadcrumb\"},\"inLanguage\":\"es\",\"potentialAction\":[{\"@type\":\"ReadAction\",\"target\":[\"https:\\\/\\\/www.laguiadepamplona.com\\\/actualidad\\\/el-ayuntamiento-y-cein-buscan-20-proyectos-para-la-iniciativa-pamplona-te-quiere-abre-tu-comercio-con-denda-naiz-soy-comercio\\\/\"]}]},{\"@type\":\"ImageObject\",\"inLanguage\":\"es\",\"@id\":\"https:\\\/\\\/www.laguiadepamplona.com\\\/actualidad\\\/el-ayuntamiento-y-cein-buscan-20-proyectos-para-la-iniciativa-pamplona-te-quiere-abre-tu-comercio-con-denda-naiz-soy-comercio\\\/#primaryimage\",\"url\":\"https:\\\/\\\/www.laguiadepamplona.com\\\/actualidad\\\/wp-content\\\/uploads\\\/2017\\\/11\\\/Edificio-CEIN-04.jpg\",\"contentUrl\":\"https:\\\/\\\/www.laguiadepamplona.com\\\/actualidad\\\/wp-content\\\/uploads\\\/2017\\\/11\\\/Edificio-CEIN-04.jpg\",\"width\":805,\"height\":350,\"caption\":\"cein\"},{\"@type\":\"BreadcrumbList\",\"@id\":\"https:\\\/\\\/www.laguiadepamplona.com\\\/actualidad\\\/el-ayuntamiento-y-cein-buscan-20-proyectos-para-la-iniciativa-pamplona-te-quiere-abre-tu-comercio-con-denda-naiz-soy-comercio\\\/#breadcrumb\",\"itemListElement\":[{\"@type\":\"ListItem\",\"position\":1,\"name\":\"Portada\",\"item\":\"https:\\\/\\\/www.laguiadepamplona.com\\\/actualidad\\\/\"},{\"@type\":\"ListItem\",\"position\":2,\"name\":\"El Ayuntamiento y CEIN buscan 20 proyectos para la iniciativa \u2018Pamplona te quiere: abre tu comercio con Denda Naiz-Soy Comercio\u2019\"}]},{\"@type\":\"WebSite\",\"@id\":\"https:\\\/\\\/www.laguiadepamplona.com\\\/actualidad\\\/#website\",\"url\":\"https:\\\/\\\/www.laguiadepamplona.com\\\/actualidad\\\/\",\"name\":\"La gu\u00eda de Pamplona\",\"description\":\"Noticias de Pamplona\",\"publisher\":{\"@id\":\"https:\\\/\\\/www.laguiadepamplona.com\\\/actualidad\\\/#organization\"},\"potentialAction\":[{\"@type\":\"SearchAction\",\"target\":{\"@type\":\"EntryPoint\",\"urlTemplate\":\"https:\\\/\\\/www.laguiadepamplona.com\\\/actualidad\\\/?s={search_term_string}\"},\"query-input\":{\"@type\":\"PropertyValueSpecification\",\"valueRequired\":true,\"valueName\":\"search_term_string\"}}],\"inLanguage\":\"es\"},{\"@type\":\"Organization\",\"@id\":\"https:\\\/\\\/www.laguiadepamplona.com\\\/actualidad\\\/#organization\",\"name\":\"La Gu\u00eda de Pamplona \\\/ Noticias\",\"url\":\"https:\\\/\\\/www.laguiadepamplona.com\\\/actualidad\\\/\",\"logo\":{\"@type\":\"ImageObject\",\"inLanguage\":\"es\",\"@id\":\"https:\\\/\\\/www.laguiadepamplona.com\\\/actualidad\\\/#\\\/schema\\\/logo\\\/image\\\/\",\"url\":\"https:\\\/\\\/www.laguiadepamplona.com\\\/actualidad\\\/wp-content\\\/uploads\\\/2018\\\/11\\\/logo-laguiadepamplona18-web1.png\",\"contentUrl\":\"https:\\\/\\\/www.laguiadepamplona.com\\\/actualidad\\\/wp-content\\\/uploads\\\/2018\\\/11\\\/logo-laguiadepamplona18-web1.png\",\"width\":600,\"height\":196,\"caption\":\"La Gu\u00eda de Pamplona \\\/ Noticias\"},\"image\":{\"@id\":\"https:\\\/\\\/www.laguiadepamplona.com\\\/actualidad\\\/#\\\/schema\\\/logo\\\/image\\\/\"},\"sameAs\":[\"https:\\\/\\\/www.facebook.com\\\/laguiadepamplonacom-133175176762273\\\/?ref=hl\",\"https:\\\/\\\/x.com\\\/LaGuiadPamplona\",\"https:\\\/\\\/www.instagram.com\\\/la_guia_de_pamplona\\\/\",\"https:\\\/\\\/www.youtube.com\\\/user\\\/laguiadepamplona\"]},{\"@type\":\"Person\",\"@id\":\"https:\\\/\\\/www.laguiadepamplona.com\\\/actualidad\\\/#\\\/schema\\\/person\\\/efe887376f0213d4657c93adc50b1fdb\",\"name\":\"La Gu\u00eda de Pamplona\",\"image\":{\"@type\":\"ImageObject\",\"inLanguage\":\"es\",\"@id\":\"https:\\\/\\\/secure.gravatar.com\\\/avatar\\\/b6992f131dc8d30ab0dff15446e9d346d9dbd95992de0fef795073f5ea83a81c?s=96&d=mm&r=g\",\"url\":\"https:\\\/\\\/secure.gravatar.com\\\/avatar\\\/b6992f131dc8d30ab0dff15446e9d346d9dbd95992de0fef795073f5ea83a81c?s=96&d=mm&r=g\",\"contentUrl\":\"https:\\\/\\\/secure.gravatar.com\\\/avatar\\\/b6992f131dc8d30ab0dff15446e9d346d9dbd95992de0fef795073f5ea83a81c?s=96&d=mm&r=g\",\"caption\":\"La Gu\u00eda de Pamplona\"}}]}<\/script>\n<!-- \/ Yoast SEO plugin. -->","yoast_head_json":{"title":"El Ayuntamiento y CEIN buscan 20 proyectos para la iniciativa \u2018Pamplona te quiere: abre tu comercio con Denda Naiz-Soy Comercio\u2019","robots":{"index":"index","follow":"follow","max-snippet":"max-snippet:-1","max-image-preview":"max-image-preview:large","max-video-preview":"max-video-preview:-1"},"canonical":"https:\/\/www.laguiadepamplona.com\/actualidad\/el-ayuntamiento-y-cein-buscan-20-proyectos-para-la-iniciativa-pamplona-te-quiere-abre-tu-comercio-con-denda-naiz-soy-comercio\/","og_locale":"es_ES","og_type":"article","og_title":"El Ayuntamiento y CEIN buscan 20 proyectos para la iniciativa \u2018Pamplona te quiere: abre tu comercio con Denda Naiz-Soy Comercio\u2019","og_description":"Se apoyar\u00e1 ideas de negocio en el \u00e1mbito comercial con formaci\u00f3n y tres premios econ\u00f3micos para que las mejores puedan ponerse en marcha","og_url":"https:\/\/www.laguiadepamplona.com\/actualidad\/el-ayuntamiento-y-cein-buscan-20-proyectos-para-la-iniciativa-pamplona-te-quiere-abre-tu-comercio-con-denda-naiz-soy-comercio\/","og_site_name":"La Gu\u00eda de Pamplona","article_publisher":"https:\/\/www.facebook.com\/laguiadepamplonacom-133175176762273\/?ref=hl","article_published_time":"2018-02-23T10:35:55+00:00","og_image":[{"width":805,"height":350,"url":"https:\/\/www.laguiadepamplona.com\/actualidad\/wp-content\/uploads\/2017\/11\/Edificio-CEIN-04.jpg","type":"image\/jpeg"}],"author":"La Gu\u00eda de Pamplona","twitter_card":"summary_large_image","twitter_creator":"@LaGuiadPamplona","twitter_site":"@LaGuiadPamplona","twitter_misc":{"Escrito por":"La Gu\u00eda de Pamplona","Tiempo de lectura":"5 minutos"},"schema":{"@context":"https:\/\/schema.org","@graph":[{"@type":"Article","@id":"https:\/\/www.laguiadepamplona.com\/actualidad\/el-ayuntamiento-y-cein-buscan-20-proyectos-para-la-iniciativa-pamplona-te-quiere-abre-tu-comercio-con-denda-naiz-soy-comercio\/#article","isPartOf":{"@id":"https:\/\/www.laguiadepamplona.com\/actualidad\/el-ayuntamiento-y-cein-buscan-20-proyectos-para-la-iniciativa-pamplona-te-quiere-abre-tu-comercio-con-denda-naiz-soy-comercio\/"},"author":{"name":"La Gu\u00eda de Pamplona","@id":"https:\/\/www.laguiadepamplona.com\/actualidad\/#\/schema\/person\/efe887376f0213d4657c93adc50b1fdb"},"headline":"El Ayuntamiento y CEIN buscan 20 proyectos para la iniciativa \u2018Pamplona te quiere: abre tu comercio con Denda Naiz-Soy Comercio\u2019","datePublished":"2018-02-23T10:35:55+00:00","mainEntityOfPage":{"@id":"https:\/\/www.laguiadepamplona.com\/actualidad\/el-ayuntamiento-y-cein-buscan-20-proyectos-para-la-iniciativa-pamplona-te-quiere-abre-tu-comercio-con-denda-naiz-soy-comercio\/"},"wordCount":947,"commentCount":0,"publisher":{"@id":"https:\/\/www.laguiadepamplona.com\/actualidad\/#organization"},"image":{"@id":"https:\/\/www.laguiadepamplona.com\/actualidad\/el-ayuntamiento-y-cein-buscan-20-proyectos-para-la-iniciativa-pamplona-te-quiere-abre-tu-comercio-con-denda-naiz-soy-comercio\/#primaryimage"},"thumbnailUrl":"https:\/\/www.laguiadepamplona.com\/actualidad\/wp-content\/uploads\/2017\/11\/Edificio-CEIN-04.jpg","articleSection":["Ayto Pamplona"],"inLanguage":"es","potentialAction":[{"@type":"CommentAction","name":"Comment","target":["https:\/\/www.laguiadepamplona.com\/actualidad\/el-ayuntamiento-y-cein-buscan-20-proyectos-para-la-iniciativa-pamplona-te-quiere-abre-tu-comercio-con-denda-naiz-soy-comercio\/#respond"]}]},{"@type":"WebPage","@id":"https:\/\/www.laguiadepamplona.com\/actualidad\/el-ayuntamiento-y-cein-buscan-20-proyectos-para-la-iniciativa-pamplona-te-quiere-abre-tu-comercio-con-denda-naiz-soy-comercio\/","url":"https:\/\/www.laguiadepamplona.com\/actualidad\/el-ayuntamiento-y-cein-buscan-20-proyectos-para-la-iniciativa-pamplona-te-quiere-abre-tu-comercio-con-denda-naiz-soy-comercio\/","name":"El Ayuntamiento y CEIN buscan 20 proyectos para la iniciativa \u2018Pamplona te quiere: abre tu comercio con Denda Naiz-Soy Comercio\u2019","isPartOf":{"@id":"https:\/\/www.laguiadepamplona.com\/actualidad\/#website"},"primaryImageOfPage":{"@id":"https:\/\/www.laguiadepamplona.com\/actualidad\/el-ayuntamiento-y-cein-buscan-20-proyectos-para-la-iniciativa-pamplona-te-quiere-abre-tu-comercio-con-denda-naiz-soy-comercio\/#primaryimage"},"image":{"@id":"https:\/\/www.laguiadepamplona.com\/actualidad\/el-ayuntamiento-y-cein-buscan-20-proyectos-para-la-iniciativa-pamplona-te-quiere-abre-tu-comercio-con-denda-naiz-soy-comercio\/#primaryimage"},"thumbnailUrl":"https:\/\/www.laguiadepamplona.com\/actualidad\/wp-content\/uploads\/2017\/11\/Edificio-CEIN-04.jpg","datePublished":"2018-02-23T10:35:55+00:00","breadcrumb":{"@id":"https:\/\/www.laguiadepamplona.com\/actualidad\/el-ayuntamiento-y-cein-buscan-20-proyectos-para-la-iniciativa-pamplona-te-quiere-abre-tu-comercio-con-denda-naiz-soy-comercio\/#breadcrumb"},"inLanguage":"es","potentialAction":[{"@type":"ReadAction","target":["https:\/\/www.laguiadepamplona.com\/actualidad\/el-ayuntamiento-y-cein-buscan-20-proyectos-para-la-iniciativa-pamplona-te-quiere-abre-tu-comercio-con-denda-naiz-soy-comercio\/"]}]},{"@type":"ImageObject","inLanguage":"es","@id":"https:\/\/www.laguiadepamplona.com\/actualidad\/el-ayuntamiento-y-cein-buscan-20-proyectos-para-la-iniciativa-pamplona-te-quiere-abre-tu-comercio-con-denda-naiz-soy-comercio\/#primaryimage","url":"https:\/\/www.laguiadepamplona.com\/actualidad\/wp-content\/uploads\/2017\/11\/Edificio-CEIN-04.jpg","contentUrl":"https:\/\/www.laguiadepamplona.com\/actualidad\/wp-content\/uploads\/2017\/11\/Edificio-CEIN-04.jpg","width":805,"height":350,"caption":"cein"},{"@type":"BreadcrumbList","@id":"https:\/\/www.laguiadepamplona.com\/actualidad\/el-ayuntamiento-y-cein-buscan-20-proyectos-para-la-iniciativa-pamplona-te-quiere-abre-tu-comercio-con-denda-naiz-soy-comercio\/#breadcrumb","itemListElement":[{"@type":"ListItem","position":1,"name":"Portada","item":"https:\/\/www.laguiadepamplona.com\/actualidad\/"},{"@type":"ListItem","position":2,"name":"El Ayuntamiento y CEIN buscan 20 proyectos para la iniciativa \u2018Pamplona te quiere: abre tu comercio con Denda Naiz-Soy Comercio\u2019"}]},{"@type":"WebSite","@id":"https:\/\/www.laguiadepamplona.com\/actualidad\/#website","url":"https:\/\/www.laguiadepamplona.com\/actualidad\/","name":"La gu\u00eda de Pamplona","description":"Noticias de Pamplona","publisher":{"@id":"https:\/\/www.laguiadepamplona.com\/actualidad\/#organization"},"potentialAction":[{"@type":"SearchAction","target":{"@type":"EntryPoint","urlTemplate":"https:\/\/www.laguiadepamplona.com\/actualidad\/?s={search_term_string}"},"query-input":{"@type":"PropertyValueSpecification","valueRequired":true,"valueName":"search_term_string"}}],"inLanguage":"es"},{"@type":"Organization","@id":"https:\/\/www.laguiadepamplona.com\/actualidad\/#organization","name":"La Gu\u00eda de Pamplona \/ Noticias","url":"https:\/\/www.laguiadepamplona.com\/actualidad\/","logo":{"@type":"ImageObject","inLanguage":"es","@id":"https:\/\/www.laguiadepamplona.com\/actualidad\/#\/schema\/logo\/image\/","url":"https:\/\/www.laguiadepamplona.com\/actualidad\/wp-content\/uploads\/2018\/11\/logo-laguiadepamplona18-web1.png","contentUrl":"https:\/\/www.laguiadepamplona.com\/actualidad\/wp-content\/uploads\/2018\/11\/logo-laguiadepamplona18-web1.png","width":600,"height":196,"caption":"La Gu\u00eda de Pamplona \/ Noticias"},"image":{"@id":"https:\/\/www.laguiadepamplona.com\/actualidad\/#\/schema\/logo\/image\/"},"sameAs":["https:\/\/www.facebook.com\/laguiadepamplonacom-133175176762273\/?ref=hl","https:\/\/x.com\/LaGuiadPamplona","https:\/\/www.instagram.com\/la_guia_de_pamplona\/","https:\/\/www.youtube.com\/user\/laguiadepamplona"]},{"@type":"Person","@id":"https:\/\/www.laguiadepamplona.com\/actualidad\/#\/schema\/person\/efe887376f0213d4657c93adc50b1fdb","name":"La Gu\u00eda de Pamplona","image":{"@type":"ImageObject","inLanguage":"es","@id":"https:\/\/secure.gravatar.com\/avatar\/b6992f131dc8d30ab0dff15446e9d346d9dbd95992de0fef795073f5ea83a81c?s=96&d=mm&r=g","url":"https:\/\/secure.gravatar.com\/avatar\/b6992f131dc8d30ab0dff15446e9d346d9dbd95992de0fef795073f5ea83a81c?s=96&d=mm&r=g","contentUrl":"https:\/\/secure.gravatar.com\/avatar\/b6992f131dc8d30ab0dff15446e9d346d9dbd95992de0fef795073f5ea83a81c?s=96&d=mm&r=g","caption":"La Gu\u00eda de Pamplona"}}]}},"post_mailing_queue_ids":[],"_links":{"self":[{"href":"https:\/\/www.laguiadepamplona.com\/actualidad\/wp-json\/wp\/v2\/posts\/16240","targetHints":{"allow":["GET"]}}],"collection":[{"href":"https:\/\/www.laguiadepamplona.com\/actualidad\/wp-json\/wp\/v2\/posts"}],"about":[{"href":"https:\/\/www.laguiadepamplona.com\/actualidad\/wp-json\/wp\/v2\/types\/post"}],"author":[{"embeddable":true,"href":"https:\/\/www.laguiadepamplona.com\/actualidad\/wp-json\/wp\/v2\/users\/1"}],"replies":[{"embeddable":true,"href":"https:\/\/www.laguiadepamplona.com\/actualidad\/wp-json\/wp\/v2\/comments?post=16240"}],"version-history":[{"count":0,"href":"https:\/\/www.laguiadepamplona.com\/actualidad\/wp-json\/wp\/v2\/posts\/16240\/revisions"}],"wp:featuredmedia":[{"embeddable":true,"href":"https:\/\/www.laguiadepamplona.com\/actualidad\/wp-json\/wp\/v2\/media\/14999"}],"wp:attachment":[{"href":"https:\/\/www.laguiadepamplona.com\/actualidad\/wp-json\/wp\/v2\/media?parent=16240"}],"wp:term":[{"taxonomy":"category","embeddable":true,"href":"https:\/\/www.laguiadepamplona.com\/actualidad\/wp-json\/wp\/v2\/categories?post=16240"},{"taxonomy":"post_tag","embeddable":true,"href":"https:\/\/www.laguiadepamplona.com\/actualidad\/wp-json\/wp\/v2\/tags?post=16240"}],"curies":[{"name":"wp","href":"https:\/\/api.w.org\/{rel}","templated":true}]}}