{"id":16234,"date":"2018-02-22T15:46:17","date_gmt":"2018-02-22T14:46:17","guid":{"rendered":"http:\/\/laguiadepamplona.es\/actualidad\/?p=16234"},"modified":"2018-02-22T15:46:17","modified_gmt":"2018-02-22T14:46:17","slug":"la-joven-orquesta-atrilia-ofrecera-un-recorrido-musical-por-cinco-continentes-este-sabado-al-mediodia-en-civivox-condestable","status":"publish","type":"post","link":"https:\/\/www.laguiadepamplona.com\/actualidad\/la-joven-orquesta-atrilia-ofrecera-un-recorrido-musical-por-cinco-continentes-este-sabado-al-mediodia-en-civivox-condestable\/","title":{"rendered":"La joven orquesta Atrilia ofrecer\u00e1 un recorrido musical por cinco continentes, este s\u00e1bado al mediod\u00eda, en Civivox Condestable"},"content":{"rendered":"<h3>En el pen\u00faltimo concierto del ciclo Pamplona Acci\u00f3n Musical, que tendr\u00e1 lugar el mi\u00e9rcoles, m\u00fasicos de la OSN apoyar\u00e1n a un joven d\u00fao de viento<\/h3>\n<p><!--more--><\/p>\n<p><a href=\"http:\/\/laguiadepamplona.es\/actualidad\/wp-content\/uploads\/2018\/02\/orquesta-atrilia2.jpg\"><img loading=\"lazy\" decoding=\"async\" class=\"alignleft size-medium wp-image-16236\" src=\"http:\/\/laguiadepamplona.es\/actualidad\/wp-content\/uploads\/2018\/02\/orquesta-atrilia2-300x200.jpg\" alt=\"\" width=\"300\" height=\"200\" srcset=\"https:\/\/www.laguiadepamplona.com\/actualidad\/wp-content\/uploads\/2018\/02\/orquesta-atrilia2-300x200.jpg 300w, https:\/\/www.laguiadepamplona.com\/actualidad\/wp-content\/uploads\/2018\/02\/orquesta-atrilia2-768x512.jpg 768w, https:\/\/www.laguiadepamplona.com\/actualidad\/wp-content\/uploads\/2018\/02\/orquesta-atrilia2.jpg 1000w\" sizes=\"auto, (max-width: 300px) 100vw, 300px\" \/><\/a>Encarando su recta final, contin\u00faan las sesiones de Pamplona Acci\u00f3n Musical-PAM en Civivox. Este s\u00e1bado un nutrido grupo de j\u00f3venes talentos, los componentes de la orquesta Atrilia, actuar\u00e1n a las 12 del mediod\u00eda en Civivox Condestable, con entrada libre. Y el mi\u00e9rcoles 28 de febrero, a las 19.30 horas, lo previsto es que tenga lugar el concierto de flauta y clarinete de Ingrid Moln\u00e1r y Xabier Iba\u00f1ez. Los j\u00f3venes m\u00fasicos contar\u00e1n con el acompa\u00f1amiento de un grupo de cuerdas de la Orquesta Sinf\u00f3nica de Navarra (OSN). Ambos son, adem\u00e1s, profesores de escuelas de la Comunidad foral y participan del grupo de m\u00fasica de c\u00e1mara \u2018DeC\u00e1mara\u2019.<\/p>\n<p>Este ciclo del Ayuntamiento de Pamplona, que cumple su s\u00e9ptima edici\u00f3n, busca mostrar la actividad musical y cultural de la ciudad, entendida como una fuerza de creaci\u00f3n y de difusi\u00f3n a trav\u00e9s de acciones colaborativas con diversos agentes. En esta ocasi\u00f3n PAM se desarrolla en colaboraci\u00f3n con Fundaci\u00f3n Caja Navarra, la Fundaci\u00f3n Alb\u00e9niz y la Asociaci\u00f3n de Artistas Int\u00e9rpretes o Ejecutantes-AIE.<\/p>\n<p>La \u00faltima actuaci\u00f3n de este ciclo tendr\u00e1 lugar el pr\u00f3ximo viernes 2 de marzo con los aires populares de Beatriz Pom\u00e9s (flauta) y Jaime Velasco (guitarra).<\/p>\n<p><strong>La orquesta que surgi\u00f3 de un campamento<\/strong><\/p>\n<p><a href=\"http:\/\/laguiadepamplona.es\/actualidad\/wp-content\/uploads\/2018\/02\/orquesta-atrilia3.jpg\"><img loading=\"lazy\" decoding=\"async\" class=\"alignleft size-medium wp-image-16237\" src=\"http:\/\/laguiadepamplona.es\/actualidad\/wp-content\/uploads\/2018\/02\/orquesta-atrilia3-300x225.jpg\" alt=\"\" width=\"300\" height=\"225\" srcset=\"https:\/\/www.laguiadepamplona.com\/actualidad\/wp-content\/uploads\/2018\/02\/orquesta-atrilia3-300x225.jpg 300w, https:\/\/www.laguiadepamplona.com\/actualidad\/wp-content\/uploads\/2018\/02\/orquesta-atrilia3-768x576.jpg 768w, https:\/\/www.laguiadepamplona.com\/actualidad\/wp-content\/uploads\/2018\/02\/orquesta-atrilia3-678x509.jpg 678w, https:\/\/www.laguiadepamplona.com\/actualidad\/wp-content\/uploads\/2018\/02\/orquesta-atrilia3-326x245.jpg 326w, https:\/\/www.laguiadepamplona.com\/actualidad\/wp-content\/uploads\/2018\/02\/orquesta-atrilia3-80x60.jpg 80w, https:\/\/www.laguiadepamplona.com\/actualidad\/wp-content\/uploads\/2018\/02\/orquesta-atrilia3.jpg 1000w\" sizes=\"auto, (max-width: 300px) 100vw, 300px\" \/><\/a>La Joven Orquesta Atrilia est\u00e1 formada por un grupo de j\u00f3venes, amantes de la m\u00fasica, que participan cada verano en un campamento musical. M\u00e1s all\u00e1 de ese espacio y tiempo, a lo largo del a\u00f1o se juntan para disfrutar interpretando m\u00fasica y trabajando en equipo y as\u00ed aprender y mejorar. La asociaci\u00f3n Atrilia quiere usar este ocio \u2018diferente\u2019 para fomentar como la tolerancia, la perseverancia, la humildad, la uni\u00f3n o la solidaridad.<\/p>\n<p>El programa musical que presentar\u00e1n es un recorrido alrededor del mundo con m\u00fasica de los 5 continentes. Desde Am\u00e9rica, piezas como &#8216;Gabriel&#8217;s oboe&#8217; (al norte) y el &#8216;C\u00f3ndor Pasa&#8217; (al sur); pasando por Europa (dos piezas en euskera y un tema en franc\u00e9s) o Asia (&#8216;Akai Hana&#8217;, Jap\u00f3n). El ritmo de &#8216;Siyahamba&#8217; se acercar\u00e1 hasta \u00c1frica y finalmente Ocean\u00eda estar\u00e1 presente en la sesi\u00f3n con el himno extraoficial de Australia.<\/p>\n<p><strong>Mozart: viento y cuerda<\/strong><\/p>\n<p>El mi\u00e9rcoles 28 de febrero, de nuevo en Condestable, a las 19.30 horas tendr\u00e1 lugar la pen\u00faltima sesi\u00f3n del ciclo con j\u00f3venes talentos; en este caso con Ingrid Moln\u00e1r, flauta solista, y Xabier Iba\u00f1ez, clarinete solista, que estar\u00e1n acompa\u00f1ados por integrantes de la secci\u00f3n de cuerdas de la OSN: Tibor Moln\u00e1r (viol\u00edn), Nikola Takov (viol\u00edn), Robert Pajewski (viola) y Dorota Pukownik (violoncello). En el concierto interpretar\u00e1n dos piezas de W. A. Mozart: el Cuarteto con flauta N\u00ba 1 en re Mayor K. 285 y el Quinteto con clarinete en la Mayor K. 581 (o quinteto Stadler).<\/p>\n<p>Xabier Iba\u00f1ez (clarinete) comenz\u00f3 sus estudios musicales en la Escuela de M\u00fasica de Tafalla y continu\u00f3 su formaci\u00f3n en el Conservatorio Profesional de M\u00fasica Pablo Sarasate. Actualmente compagina sus estudios de clarinete en el Conservatorio Superior de M\u00fasica de Navarra con la docencia en la Escuela de M\u00fasica de Sesma. Es clarinete primero en la banda de m\u00fasica La Tafallesa y pertenece al grupo DeC\u00e1mara, formaci\u00f3n premiada en el concurso de M\u00fasica de C\u00e1mara Fernando Remacha.<\/p>\n<p>Nacida en Hungr\u00eda, Ingrid Moln\u00e1r curs\u00f3 sus estudios de flauta en el Conservatorio Profesional de M\u00fasica Pablo Sarasate. Continu\u00f3 sus estudios en Italia y finaliz\u00f3 el grado de Flauta en el Conservatorio Superior de M\u00fasica da Coru\u00f1a. Se diplom\u00f3 en 2008 en Magisterio Musical por la UPNA y en 2016 en Pedagog\u00eda Musical en el Conservatorio Superior de M\u00fasica de Navarra. Actualmente es miembro activo de varios grupos de c\u00e1mara: d\u00fao Haize Hari, el cuarteto Gwyntal o DeC\u00e1mara. Compagina su actividad musical con la docencia en diversas escuelas de m\u00fasica.<\/p>\n<p><strong>conciertos de j\u00f3venes talentos<\/strong><\/p>\n<ul>\n<li><strong>S\u00e1bado 24 de febrero<\/strong><\/li>\n<\/ul>\n<p><strong>Joven orquesta de Atrilia<\/strong><\/p>\n<ul>\n<li>Repertorio: un programa musical-recorrido alrededor del mundo, por los 5 continentes.<\/li>\n<li>Civivox Condestable.12 horas<\/li>\n<li><strong>Mi\u00e9rcoles 28 de febrero<\/strong><\/li>\n<\/ul>\n<p>Ingrid Moln\u00e1r, flauta solista; y Xabier Iba\u00f1ez, clarinete solista; acompa\u00f1ados por grupo de cuerdas de la OSN<\/p>\n<ul>\n<li>Repertorio: W. A. Mozart<\/li>\n<li>Civivox Condestable. 19.30 horas<\/li>\n<li><strong>Viernes 2 de marzo<\/strong><\/li>\n<\/ul>\n<p>Beatriz Pom\u00e9s (flauta) y Jaime Velasco (guitarra)<\/p>\n<ul>\n<li>La m\u00fasica popular como inspiraci\u00f3n<\/li>\n<li>Civivox Condestable.19.30 horas<\/li>\n<\/ul>\n<p>&nbsp;<\/p>\n","protected":false},"excerpt":{"rendered":"<p>En el pen\u00faltimo concierto del ciclo Pamplona Acci\u00f3n Musical, que tendr\u00e1 lugar el mi\u00e9rcoles, m\u00fasicos de la OSN apoyar\u00e1n a un joven d\u00fao de viento<\/p>\n","protected":false},"author":1,"featured_media":16235,"comment_status":"open","ping_status":"closed","sticky":false,"template":"","format":"standard","meta":{"footnotes":""},"categories":[2],"tags":[],"class_list":["post-16234","post","type-post","status-publish","format-standard","has-post-thumbnail","hentry","category-ayuntamiento-pamplona"],"yoast_head":"<!-- This site is optimized with the Yoast SEO plugin v27.3 - https:\/\/yoast.com\/product\/yoast-seo-wordpress\/ -->\n<title>La joven orquesta Atrilia ofrecer\u00e1 un recorrido musical por cinco continentes, este s\u00e1bado al mediod\u00eda, en Civivox Condestable<\/title>\n<meta name=\"robots\" content=\"index, follow, max-snippet:-1, max-image-preview:large, max-video-preview:-1\" \/>\n<link rel=\"canonical\" href=\"https:\/\/www.laguiadepamplona.com\/actualidad\/la-joven-orquesta-atrilia-ofrecera-un-recorrido-musical-por-cinco-continentes-este-sabado-al-mediodia-en-civivox-condestable\/\" \/>\n<meta property=\"og:locale\" content=\"es_ES\" \/>\n<meta property=\"og:type\" content=\"article\" \/>\n<meta property=\"og:title\" content=\"La joven orquesta Atrilia ofrecer\u00e1 un recorrido musical por cinco continentes, este s\u00e1bado al mediod\u00eda, en Civivox Condestable\" \/>\n<meta property=\"og:description\" content=\"En el pen\u00faltimo concierto del ciclo Pamplona Acci\u00f3n Musical, que tendr\u00e1 lugar el mi\u00e9rcoles, m\u00fasicos de la OSN apoyar\u00e1n a un joven d\u00fao de viento\" \/>\n<meta property=\"og:url\" content=\"https:\/\/www.laguiadepamplona.com\/actualidad\/la-joven-orquesta-atrilia-ofrecera-un-recorrido-musical-por-cinco-continentes-este-sabado-al-mediodia-en-civivox-condestable\/\" \/>\n<meta property=\"og:site_name\" content=\"La Gu\u00eda de Pamplona\" \/>\n<meta property=\"article:publisher\" content=\"https:\/\/www.facebook.com\/laguiadepamplonacom-133175176762273\/?ref=hl\" \/>\n<meta property=\"article:published_time\" content=\"2018-02-22T14:46:17+00:00\" \/>\n<meta property=\"og:image\" content=\"https:\/\/www.laguiadepamplona.com\/actualidad\/wp-content\/uploads\/2018\/02\/orquesta-atrilia.jpg\" \/>\n\t<meta property=\"og:image:width\" content=\"1000\" \/>\n\t<meta property=\"og:image:height\" content=\"667\" \/>\n\t<meta property=\"og:image:type\" content=\"image\/jpeg\" \/>\n<meta name=\"author\" content=\"La Gu\u00eda de Pamplona\" \/>\n<meta name=\"twitter:card\" content=\"summary_large_image\" \/>\n<meta name=\"twitter:creator\" content=\"@LaGuiadPamplona\" \/>\n<meta name=\"twitter:site\" content=\"@LaGuiadPamplona\" \/>\n<meta name=\"twitter:label1\" content=\"Escrito por\" \/>\n\t<meta name=\"twitter:data1\" content=\"La Gu\u00eda de Pamplona\" \/>\n\t<meta name=\"twitter:label2\" content=\"Tiempo de lectura\" \/>\n\t<meta name=\"twitter:data2\" content=\"4 minutos\" \/>\n<script type=\"application\/ld+json\" class=\"yoast-schema-graph\">{\"@context\":\"https:\\\/\\\/schema.org\",\"@graph\":[{\"@type\":\"Article\",\"@id\":\"https:\\\/\\\/www.laguiadepamplona.com\\\/actualidad\\\/la-joven-orquesta-atrilia-ofrecera-un-recorrido-musical-por-cinco-continentes-este-sabado-al-mediodia-en-civivox-condestable\\\/#article\",\"isPartOf\":{\"@id\":\"https:\\\/\\\/www.laguiadepamplona.com\\\/actualidad\\\/la-joven-orquesta-atrilia-ofrecera-un-recorrido-musical-por-cinco-continentes-este-sabado-al-mediodia-en-civivox-condestable\\\/\"},\"author\":{\"name\":\"La Gu\u00eda de Pamplona\",\"@id\":\"https:\\\/\\\/www.laguiadepamplona.com\\\/actualidad\\\/#\\\/schema\\\/person\\\/efe887376f0213d4657c93adc50b1fdb\"},\"headline\":\"La joven orquesta Atrilia ofrecer\u00e1 un recorrido musical por cinco continentes, este s\u00e1bado al mediod\u00eda, en Civivox Condestable\",\"datePublished\":\"2018-02-22T14:46:17+00:00\",\"mainEntityOfPage\":{\"@id\":\"https:\\\/\\\/www.laguiadepamplona.com\\\/actualidad\\\/la-joven-orquesta-atrilia-ofrecera-un-recorrido-musical-por-cinco-continentes-este-sabado-al-mediodia-en-civivox-condestable\\\/\"},\"wordCount\":809,\"commentCount\":0,\"publisher\":{\"@id\":\"https:\\\/\\\/www.laguiadepamplona.com\\\/actualidad\\\/#organization\"},\"image\":{\"@id\":\"https:\\\/\\\/www.laguiadepamplona.com\\\/actualidad\\\/la-joven-orquesta-atrilia-ofrecera-un-recorrido-musical-por-cinco-continentes-este-sabado-al-mediodia-en-civivox-condestable\\\/#primaryimage\"},\"thumbnailUrl\":\"https:\\\/\\\/www.laguiadepamplona.com\\\/actualidad\\\/wp-content\\\/uploads\\\/2018\\\/02\\\/orquesta-atrilia.jpg\",\"articleSection\":[\"Ayto Pamplona\"],\"inLanguage\":\"es\",\"potentialAction\":[{\"@type\":\"CommentAction\",\"name\":\"Comment\",\"target\":[\"https:\\\/\\\/www.laguiadepamplona.com\\\/actualidad\\\/la-joven-orquesta-atrilia-ofrecera-un-recorrido-musical-por-cinco-continentes-este-sabado-al-mediodia-en-civivox-condestable\\\/#respond\"]}]},{\"@type\":\"WebPage\",\"@id\":\"https:\\\/\\\/www.laguiadepamplona.com\\\/actualidad\\\/la-joven-orquesta-atrilia-ofrecera-un-recorrido-musical-por-cinco-continentes-este-sabado-al-mediodia-en-civivox-condestable\\\/\",\"url\":\"https:\\\/\\\/www.laguiadepamplona.com\\\/actualidad\\\/la-joven-orquesta-atrilia-ofrecera-un-recorrido-musical-por-cinco-continentes-este-sabado-al-mediodia-en-civivox-condestable\\\/\",\"name\":\"La joven orquesta Atrilia ofrecer\u00e1 un recorrido musical por cinco continentes, este s\u00e1bado al mediod\u00eda, en Civivox Condestable\",\"isPartOf\":{\"@id\":\"https:\\\/\\\/www.laguiadepamplona.com\\\/actualidad\\\/#website\"},\"primaryImageOfPage\":{\"@id\":\"https:\\\/\\\/www.laguiadepamplona.com\\\/actualidad\\\/la-joven-orquesta-atrilia-ofrecera-un-recorrido-musical-por-cinco-continentes-este-sabado-al-mediodia-en-civivox-condestable\\\/#primaryimage\"},\"image\":{\"@id\":\"https:\\\/\\\/www.laguiadepamplona.com\\\/actualidad\\\/la-joven-orquesta-atrilia-ofrecera-un-recorrido-musical-por-cinco-continentes-este-sabado-al-mediodia-en-civivox-condestable\\\/#primaryimage\"},\"thumbnailUrl\":\"https:\\\/\\\/www.laguiadepamplona.com\\\/actualidad\\\/wp-content\\\/uploads\\\/2018\\\/02\\\/orquesta-atrilia.jpg\",\"datePublished\":\"2018-02-22T14:46:17+00:00\",\"breadcrumb\":{\"@id\":\"https:\\\/\\\/www.laguiadepamplona.com\\\/actualidad\\\/la-joven-orquesta-atrilia-ofrecera-un-recorrido-musical-por-cinco-continentes-este-sabado-al-mediodia-en-civivox-condestable\\\/#breadcrumb\"},\"inLanguage\":\"es\",\"potentialAction\":[{\"@type\":\"ReadAction\",\"target\":[\"https:\\\/\\\/www.laguiadepamplona.com\\\/actualidad\\\/la-joven-orquesta-atrilia-ofrecera-un-recorrido-musical-por-cinco-continentes-este-sabado-al-mediodia-en-civivox-condestable\\\/\"]}]},{\"@type\":\"ImageObject\",\"inLanguage\":\"es\",\"@id\":\"https:\\\/\\\/www.laguiadepamplona.com\\\/actualidad\\\/la-joven-orquesta-atrilia-ofrecera-un-recorrido-musical-por-cinco-continentes-este-sabado-al-mediodia-en-civivox-condestable\\\/#primaryimage\",\"url\":\"https:\\\/\\\/www.laguiadepamplona.com\\\/actualidad\\\/wp-content\\\/uploads\\\/2018\\\/02\\\/orquesta-atrilia.jpg\",\"contentUrl\":\"https:\\\/\\\/www.laguiadepamplona.com\\\/actualidad\\\/wp-content\\\/uploads\\\/2018\\\/02\\\/orquesta-atrilia.jpg\",\"width\":1000,\"height\":667},{\"@type\":\"BreadcrumbList\",\"@id\":\"https:\\\/\\\/www.laguiadepamplona.com\\\/actualidad\\\/la-joven-orquesta-atrilia-ofrecera-un-recorrido-musical-por-cinco-continentes-este-sabado-al-mediodia-en-civivox-condestable\\\/#breadcrumb\",\"itemListElement\":[{\"@type\":\"ListItem\",\"position\":1,\"name\":\"Portada\",\"item\":\"https:\\\/\\\/www.laguiadepamplona.com\\\/actualidad\\\/\"},{\"@type\":\"ListItem\",\"position\":2,\"name\":\"La joven orquesta Atrilia ofrecer\u00e1 un recorrido musical por cinco continentes, este s\u00e1bado al mediod\u00eda, en Civivox Condestable\"}]},{\"@type\":\"WebSite\",\"@id\":\"https:\\\/\\\/www.laguiadepamplona.com\\\/actualidad\\\/#website\",\"url\":\"https:\\\/\\\/www.laguiadepamplona.com\\\/actualidad\\\/\",\"name\":\"La gu\u00eda de Pamplona\",\"description\":\"Noticias de Pamplona\",\"publisher\":{\"@id\":\"https:\\\/\\\/www.laguiadepamplona.com\\\/actualidad\\\/#organization\"},\"potentialAction\":[{\"@type\":\"SearchAction\",\"target\":{\"@type\":\"EntryPoint\",\"urlTemplate\":\"https:\\\/\\\/www.laguiadepamplona.com\\\/actualidad\\\/?s={search_term_string}\"},\"query-input\":{\"@type\":\"PropertyValueSpecification\",\"valueRequired\":true,\"valueName\":\"search_term_string\"}}],\"inLanguage\":\"es\"},{\"@type\":\"Organization\",\"@id\":\"https:\\\/\\\/www.laguiadepamplona.com\\\/actualidad\\\/#organization\",\"name\":\"La Gu\u00eda de Pamplona \\\/ Noticias\",\"url\":\"https:\\\/\\\/www.laguiadepamplona.com\\\/actualidad\\\/\",\"logo\":{\"@type\":\"ImageObject\",\"inLanguage\":\"es\",\"@id\":\"https:\\\/\\\/www.laguiadepamplona.com\\\/actualidad\\\/#\\\/schema\\\/logo\\\/image\\\/\",\"url\":\"https:\\\/\\\/www.laguiadepamplona.com\\\/actualidad\\\/wp-content\\\/uploads\\\/2018\\\/11\\\/logo-laguiadepamplona18-web1.png\",\"contentUrl\":\"https:\\\/\\\/www.laguiadepamplona.com\\\/actualidad\\\/wp-content\\\/uploads\\\/2018\\\/11\\\/logo-laguiadepamplona18-web1.png\",\"width\":600,\"height\":196,\"caption\":\"La Gu\u00eda de Pamplona \\\/ Noticias\"},\"image\":{\"@id\":\"https:\\\/\\\/www.laguiadepamplona.com\\\/actualidad\\\/#\\\/schema\\\/logo\\\/image\\\/\"},\"sameAs\":[\"https:\\\/\\\/www.facebook.com\\\/laguiadepamplonacom-133175176762273\\\/?ref=hl\",\"https:\\\/\\\/x.com\\\/LaGuiadPamplona\",\"https:\\\/\\\/www.instagram.com\\\/la_guia_de_pamplona\\\/\",\"https:\\\/\\\/www.youtube.com\\\/user\\\/laguiadepamplona\"]},{\"@type\":\"Person\",\"@id\":\"https:\\\/\\\/www.laguiadepamplona.com\\\/actualidad\\\/#\\\/schema\\\/person\\\/efe887376f0213d4657c93adc50b1fdb\",\"name\":\"La Gu\u00eda de Pamplona\",\"image\":{\"@type\":\"ImageObject\",\"inLanguage\":\"es\",\"@id\":\"https:\\\/\\\/secure.gravatar.com\\\/avatar\\\/b6992f131dc8d30ab0dff15446e9d346d9dbd95992de0fef795073f5ea83a81c?s=96&d=mm&r=g\",\"url\":\"https:\\\/\\\/secure.gravatar.com\\\/avatar\\\/b6992f131dc8d30ab0dff15446e9d346d9dbd95992de0fef795073f5ea83a81c?s=96&d=mm&r=g\",\"contentUrl\":\"https:\\\/\\\/secure.gravatar.com\\\/avatar\\\/b6992f131dc8d30ab0dff15446e9d346d9dbd95992de0fef795073f5ea83a81c?s=96&d=mm&r=g\",\"caption\":\"La Gu\u00eda de Pamplona\"}}]}<\/script>\n<!-- \/ Yoast SEO plugin. -->","yoast_head_json":{"title":"La joven orquesta Atrilia ofrecer\u00e1 un recorrido musical por cinco continentes, este s\u00e1bado al mediod\u00eda, en Civivox Condestable","robots":{"index":"index","follow":"follow","max-snippet":"max-snippet:-1","max-image-preview":"max-image-preview:large","max-video-preview":"max-video-preview:-1"},"canonical":"https:\/\/www.laguiadepamplona.com\/actualidad\/la-joven-orquesta-atrilia-ofrecera-un-recorrido-musical-por-cinco-continentes-este-sabado-al-mediodia-en-civivox-condestable\/","og_locale":"es_ES","og_type":"article","og_title":"La joven orquesta Atrilia ofrecer\u00e1 un recorrido musical por cinco continentes, este s\u00e1bado al mediod\u00eda, en Civivox Condestable","og_description":"En el pen\u00faltimo concierto del ciclo Pamplona Acci\u00f3n Musical, que tendr\u00e1 lugar el mi\u00e9rcoles, m\u00fasicos de la OSN apoyar\u00e1n a un joven d\u00fao de viento","og_url":"https:\/\/www.laguiadepamplona.com\/actualidad\/la-joven-orquesta-atrilia-ofrecera-un-recorrido-musical-por-cinco-continentes-este-sabado-al-mediodia-en-civivox-condestable\/","og_site_name":"La Gu\u00eda de Pamplona","article_publisher":"https:\/\/www.facebook.com\/laguiadepamplonacom-133175176762273\/?ref=hl","article_published_time":"2018-02-22T14:46:17+00:00","og_image":[{"width":1000,"height":667,"url":"https:\/\/www.laguiadepamplona.com\/actualidad\/wp-content\/uploads\/2018\/02\/orquesta-atrilia.jpg","type":"image\/jpeg"}],"author":"La Gu\u00eda de Pamplona","twitter_card":"summary_large_image","twitter_creator":"@LaGuiadPamplona","twitter_site":"@LaGuiadPamplona","twitter_misc":{"Escrito por":"La Gu\u00eda de Pamplona","Tiempo de lectura":"4 minutos"},"schema":{"@context":"https:\/\/schema.org","@graph":[{"@type":"Article","@id":"https:\/\/www.laguiadepamplona.com\/actualidad\/la-joven-orquesta-atrilia-ofrecera-un-recorrido-musical-por-cinco-continentes-este-sabado-al-mediodia-en-civivox-condestable\/#article","isPartOf":{"@id":"https:\/\/www.laguiadepamplona.com\/actualidad\/la-joven-orquesta-atrilia-ofrecera-un-recorrido-musical-por-cinco-continentes-este-sabado-al-mediodia-en-civivox-condestable\/"},"author":{"name":"La Gu\u00eda de Pamplona","@id":"https:\/\/www.laguiadepamplona.com\/actualidad\/#\/schema\/person\/efe887376f0213d4657c93adc50b1fdb"},"headline":"La joven orquesta Atrilia ofrecer\u00e1 un recorrido musical por cinco continentes, este s\u00e1bado al mediod\u00eda, en Civivox Condestable","datePublished":"2018-02-22T14:46:17+00:00","mainEntityOfPage":{"@id":"https:\/\/www.laguiadepamplona.com\/actualidad\/la-joven-orquesta-atrilia-ofrecera-un-recorrido-musical-por-cinco-continentes-este-sabado-al-mediodia-en-civivox-condestable\/"},"wordCount":809,"commentCount":0,"publisher":{"@id":"https:\/\/www.laguiadepamplona.com\/actualidad\/#organization"},"image":{"@id":"https:\/\/www.laguiadepamplona.com\/actualidad\/la-joven-orquesta-atrilia-ofrecera-un-recorrido-musical-por-cinco-continentes-este-sabado-al-mediodia-en-civivox-condestable\/#primaryimage"},"thumbnailUrl":"https:\/\/www.laguiadepamplona.com\/actualidad\/wp-content\/uploads\/2018\/02\/orquesta-atrilia.jpg","articleSection":["Ayto Pamplona"],"inLanguage":"es","potentialAction":[{"@type":"CommentAction","name":"Comment","target":["https:\/\/www.laguiadepamplona.com\/actualidad\/la-joven-orquesta-atrilia-ofrecera-un-recorrido-musical-por-cinco-continentes-este-sabado-al-mediodia-en-civivox-condestable\/#respond"]}]},{"@type":"WebPage","@id":"https:\/\/www.laguiadepamplona.com\/actualidad\/la-joven-orquesta-atrilia-ofrecera-un-recorrido-musical-por-cinco-continentes-este-sabado-al-mediodia-en-civivox-condestable\/","url":"https:\/\/www.laguiadepamplona.com\/actualidad\/la-joven-orquesta-atrilia-ofrecera-un-recorrido-musical-por-cinco-continentes-este-sabado-al-mediodia-en-civivox-condestable\/","name":"La joven orquesta Atrilia ofrecer\u00e1 un recorrido musical por cinco continentes, este s\u00e1bado al mediod\u00eda, en Civivox Condestable","isPartOf":{"@id":"https:\/\/www.laguiadepamplona.com\/actualidad\/#website"},"primaryImageOfPage":{"@id":"https:\/\/www.laguiadepamplona.com\/actualidad\/la-joven-orquesta-atrilia-ofrecera-un-recorrido-musical-por-cinco-continentes-este-sabado-al-mediodia-en-civivox-condestable\/#primaryimage"},"image":{"@id":"https:\/\/www.laguiadepamplona.com\/actualidad\/la-joven-orquesta-atrilia-ofrecera-un-recorrido-musical-por-cinco-continentes-este-sabado-al-mediodia-en-civivox-condestable\/#primaryimage"},"thumbnailUrl":"https:\/\/www.laguiadepamplona.com\/actualidad\/wp-content\/uploads\/2018\/02\/orquesta-atrilia.jpg","datePublished":"2018-02-22T14:46:17+00:00","breadcrumb":{"@id":"https:\/\/www.laguiadepamplona.com\/actualidad\/la-joven-orquesta-atrilia-ofrecera-un-recorrido-musical-por-cinco-continentes-este-sabado-al-mediodia-en-civivox-condestable\/#breadcrumb"},"inLanguage":"es","potentialAction":[{"@type":"ReadAction","target":["https:\/\/www.laguiadepamplona.com\/actualidad\/la-joven-orquesta-atrilia-ofrecera-un-recorrido-musical-por-cinco-continentes-este-sabado-al-mediodia-en-civivox-condestable\/"]}]},{"@type":"ImageObject","inLanguage":"es","@id":"https:\/\/www.laguiadepamplona.com\/actualidad\/la-joven-orquesta-atrilia-ofrecera-un-recorrido-musical-por-cinco-continentes-este-sabado-al-mediodia-en-civivox-condestable\/#primaryimage","url":"https:\/\/www.laguiadepamplona.com\/actualidad\/wp-content\/uploads\/2018\/02\/orquesta-atrilia.jpg","contentUrl":"https:\/\/www.laguiadepamplona.com\/actualidad\/wp-content\/uploads\/2018\/02\/orquesta-atrilia.jpg","width":1000,"height":667},{"@type":"BreadcrumbList","@id":"https:\/\/www.laguiadepamplona.com\/actualidad\/la-joven-orquesta-atrilia-ofrecera-un-recorrido-musical-por-cinco-continentes-este-sabado-al-mediodia-en-civivox-condestable\/#breadcrumb","itemListElement":[{"@type":"ListItem","position":1,"name":"Portada","item":"https:\/\/www.laguiadepamplona.com\/actualidad\/"},{"@type":"ListItem","position":2,"name":"La joven orquesta Atrilia ofrecer\u00e1 un recorrido musical por cinco continentes, este s\u00e1bado al mediod\u00eda, en Civivox Condestable"}]},{"@type":"WebSite","@id":"https:\/\/www.laguiadepamplona.com\/actualidad\/#website","url":"https:\/\/www.laguiadepamplona.com\/actualidad\/","name":"La gu\u00eda de Pamplona","description":"Noticias de Pamplona","publisher":{"@id":"https:\/\/www.laguiadepamplona.com\/actualidad\/#organization"},"potentialAction":[{"@type":"SearchAction","target":{"@type":"EntryPoint","urlTemplate":"https:\/\/www.laguiadepamplona.com\/actualidad\/?s={search_term_string}"},"query-input":{"@type":"PropertyValueSpecification","valueRequired":true,"valueName":"search_term_string"}}],"inLanguage":"es"},{"@type":"Organization","@id":"https:\/\/www.laguiadepamplona.com\/actualidad\/#organization","name":"La Gu\u00eda de Pamplona \/ Noticias","url":"https:\/\/www.laguiadepamplona.com\/actualidad\/","logo":{"@type":"ImageObject","inLanguage":"es","@id":"https:\/\/www.laguiadepamplona.com\/actualidad\/#\/schema\/logo\/image\/","url":"https:\/\/www.laguiadepamplona.com\/actualidad\/wp-content\/uploads\/2018\/11\/logo-laguiadepamplona18-web1.png","contentUrl":"https:\/\/www.laguiadepamplona.com\/actualidad\/wp-content\/uploads\/2018\/11\/logo-laguiadepamplona18-web1.png","width":600,"height":196,"caption":"La Gu\u00eda de Pamplona \/ Noticias"},"image":{"@id":"https:\/\/www.laguiadepamplona.com\/actualidad\/#\/schema\/logo\/image\/"},"sameAs":["https:\/\/www.facebook.com\/laguiadepamplonacom-133175176762273\/?ref=hl","https:\/\/x.com\/LaGuiadPamplona","https:\/\/www.instagram.com\/la_guia_de_pamplona\/","https:\/\/www.youtube.com\/user\/laguiadepamplona"]},{"@type":"Person","@id":"https:\/\/www.laguiadepamplona.com\/actualidad\/#\/schema\/person\/efe887376f0213d4657c93adc50b1fdb","name":"La Gu\u00eda de Pamplona","image":{"@type":"ImageObject","inLanguage":"es","@id":"https:\/\/secure.gravatar.com\/avatar\/b6992f131dc8d30ab0dff15446e9d346d9dbd95992de0fef795073f5ea83a81c?s=96&d=mm&r=g","url":"https:\/\/secure.gravatar.com\/avatar\/b6992f131dc8d30ab0dff15446e9d346d9dbd95992de0fef795073f5ea83a81c?s=96&d=mm&r=g","contentUrl":"https:\/\/secure.gravatar.com\/avatar\/b6992f131dc8d30ab0dff15446e9d346d9dbd95992de0fef795073f5ea83a81c?s=96&d=mm&r=g","caption":"La Gu\u00eda de Pamplona"}}]}},"post_mailing_queue_ids":[],"_links":{"self":[{"href":"https:\/\/www.laguiadepamplona.com\/actualidad\/wp-json\/wp\/v2\/posts\/16234","targetHints":{"allow":["GET"]}}],"collection":[{"href":"https:\/\/www.laguiadepamplona.com\/actualidad\/wp-json\/wp\/v2\/posts"}],"about":[{"href":"https:\/\/www.laguiadepamplona.com\/actualidad\/wp-json\/wp\/v2\/types\/post"}],"author":[{"embeddable":true,"href":"https:\/\/www.laguiadepamplona.com\/actualidad\/wp-json\/wp\/v2\/users\/1"}],"replies":[{"embeddable":true,"href":"https:\/\/www.laguiadepamplona.com\/actualidad\/wp-json\/wp\/v2\/comments?post=16234"}],"version-history":[{"count":0,"href":"https:\/\/www.laguiadepamplona.com\/actualidad\/wp-json\/wp\/v2\/posts\/16234\/revisions"}],"wp:featuredmedia":[{"embeddable":true,"href":"https:\/\/www.laguiadepamplona.com\/actualidad\/wp-json\/wp\/v2\/media\/16235"}],"wp:attachment":[{"href":"https:\/\/www.laguiadepamplona.com\/actualidad\/wp-json\/wp\/v2\/media?parent=16234"}],"wp:term":[{"taxonomy":"category","embeddable":true,"href":"https:\/\/www.laguiadepamplona.com\/actualidad\/wp-json\/wp\/v2\/categories?post=16234"},{"taxonomy":"post_tag","embeddable":true,"href":"https:\/\/www.laguiadepamplona.com\/actualidad\/wp-json\/wp\/v2\/tags?post=16234"}],"curies":[{"name":"wp","href":"https:\/\/api.w.org\/{rel}","templated":true}]}}