{"id":16161,"date":"2018-02-19T12:22:10","date_gmt":"2018-02-19T11:22:10","guid":{"rendered":"http:\/\/laguiadepamplona.es\/actualidad\/?p=16161"},"modified":"2018-02-19T12:22:10","modified_gmt":"2018-02-19T11:22:10","slug":"la-acogida-a-personas-refugiadas-el-centro-de-una-exposicion-y-una-charla-en-la-casa-de-la-juventud","status":"publish","type":"post","link":"https:\/\/www.laguiadepamplona.com\/actualidad\/la-acogida-a-personas-refugiadas-el-centro-de-una-exposicion-y-una-charla-en-la-casa-de-la-juventud\/","title":{"rendered":"La acogida a personas refugiadas, el centro de una exposici\u00f3n y una charla en la Casa de la Juventud"},"content":{"rendered":"<h3>La conferencia, organizada por ALBOAN y SEI, tendr\u00e1 lugar ma\u00f1ana 20 de febrero, a las 18.30 horas, con entrada libre<\/h3>\n<p><!--more--><\/p>\n<p><a href=\"http:\/\/laguiadepamplona.es\/actualidad\/wp-content\/uploads\/2018\/02\/18.02.19_charla_sei_alboan_refugiados_juventud.jpg\"><img loading=\"lazy\" decoding=\"async\" class=\"alignleft size-medium wp-image-16162\" src=\"http:\/\/laguiadepamplona.es\/actualidad\/wp-content\/uploads\/2018\/02\/18.02.19_charla_sei_alboan_refugiados_juventud-300x212.jpg\" alt=\"\" width=\"300\" height=\"212\" srcset=\"https:\/\/www.laguiadepamplona.com\/actualidad\/wp-content\/uploads\/2018\/02\/18.02.19_charla_sei_alboan_refugiados_juventud-300x212.jpg 300w, https:\/\/www.laguiadepamplona.com\/actualidad\/wp-content\/uploads\/2018\/02\/18.02.19_charla_sei_alboan_refugiados_juventud-768x543.jpg 768w, https:\/\/www.laguiadepamplona.com\/actualidad\/wp-content\/uploads\/2018\/02\/18.02.19_charla_sei_alboan_refugiados_juventud.jpg 1000w\" sizes=\"auto, (max-width: 300px) 100vw, 300px\" \/><\/a>Este martes es el D\u00eda Mundial de la Justicia Social. En Siria en seis a\u00f1os han muerto m\u00e1s de 200.000 personas y millones de ellas han tenido que buscar refugio fuera de su pa\u00eds. La Fundaci\u00f3n ALBOAN y la Asociaci\u00f3n SEI, para conmemorar la jornada, han preparado una charla sobre el desaf\u00edo que supone la acogida de personas refugiadas para Europa, desde la \u00f3ptica, la experiencia y el sistema de trabajo del Servicio Jesuita a Refugiados (SJR). La sesi\u00f3n ser\u00e1 impartida por Jos\u00e9 Ignacio Garc\u00eda, director regional del Servicio Jesuita a Refugiados en Europa en la Casa de la Juventud y tendr\u00e1 lugar a las 18.30 horas, con entrada libre.<\/p>\n<p>Por otro lado, en la sesi\u00f3n se abrir\u00e1 la exposici\u00f3n \u2018Stand by. Familias refugiadas sirias en tierra de nadie\u2019 del fotorreportero Iv\u00e1n Ben\u00edtez, una muestra que se mantendr\u00e1 en la Casa hasta el 5 de marzo. Esta compuesta por una treintena de im\u00e1genes que reflejan la vida de personas refugiadas, en su mayor parte sirias. El autor de esta exposici\u00f3n realiz\u00f3 las instant\u00e1neas con intenci\u00f3n de poner rostro a la realidad de los refugiados y hacer reflexionar al espectador sobre la fragilidad de cualquier proyecto de vida, por establecido que parezca. La muestra podr\u00e1 visitarse en horario de lunes a viernes, de 18 a 20.30 horas y los s\u00e1bados de 12 a 14 horas.<\/p>\n<p>El jesuita Jos\u00e9 Ignacio Garc\u00eda lider\u00f3 el Centro Social Jesuita Europeo (JESC) en Bruselas entre 2009 y 2016, dirigiendo investigaciones e incidencia sobre migraci\u00f3n, cambio clim\u00e1tico y justicia social; asimismo, en este periodo coordin\u00f3 el trabajo del Ministerio Social Jesuita en Europa, apoyando la labor de las numerosas obras jesuitas que ayudan a sectores vulnerables y marginados. Por su parte, el responsable de la muestra fotogr\u00e1fica es Iv\u00e1n Ben\u00edtez, licenciado en Ciencias de la Informaci\u00f3n por la Universidad de Navarra. Desde muy joven se especializ\u00f3 en fotoperiodismo y ha viajado por todo el mundo con su c\u00e1mara. Ben\u00edtez ha recibido un premio \u2018Teobaldo\u2019 de la Asociaci\u00f3n Periodistas de Navarra y el \u2018Solidarios ONCE\u2019. En 2017 expuso en el Parlamento Europeo el trabajo realizado con Alboan sobre las minas de colt\u00e1n<\/p>\n<p>Ambas propuestas se enmarcan en el proyecto de sensibilizaci\u00f3n y formaci\u00f3n para la solidaridad \u2018Una ventana al mundo\u2019 de la Fundaci\u00f3n ALBOAN y la Asociaci\u00f3n SEI, y cuentan desde hace a\u00f1os con la colaboraci\u00f3n del programa Internacional de Cooperaci\u00f3n al Desarrollo del Ayuntamiento de Pamplona.<\/p>\n<p>&nbsp;<\/p>\n","protected":false},"excerpt":{"rendered":"<p>La conferencia, organizada por ALBOAN y SEI, tendr\u00e1 lugar ma\u00f1ana 20 de febrero, a las 18.30 horas, con entrada libre<\/p>\n","protected":false},"author":1,"featured_media":16162,"comment_status":"open","ping_status":"closed","sticky":false,"template":"","format":"standard","meta":{"footnotes":""},"categories":[2],"tags":[],"class_list":["post-16161","post","type-post","status-publish","format-standard","has-post-thumbnail","hentry","category-ayuntamiento-pamplona"],"yoast_head":"<!-- This site is optimized with the Yoast SEO plugin v27.5 - https:\/\/yoast.com\/product\/yoast-seo-wordpress\/ -->\n<title>La acogida a personas refugiadas, el centro de una exposici\u00f3n y una charla en la Casa de la Juventud<\/title>\n<meta name=\"robots\" content=\"index, follow, max-snippet:-1, max-image-preview:large, max-video-preview:-1\" \/>\n<link rel=\"canonical\" href=\"https:\/\/www.laguiadepamplona.com\/actualidad\/la-acogida-a-personas-refugiadas-el-centro-de-una-exposicion-y-una-charla-en-la-casa-de-la-juventud\/\" \/>\n<meta property=\"og:locale\" content=\"es_ES\" \/>\n<meta property=\"og:type\" content=\"article\" \/>\n<meta property=\"og:title\" content=\"La acogida a personas refugiadas, el centro de una exposici\u00f3n y una charla en la Casa de la Juventud\" \/>\n<meta property=\"og:description\" content=\"La conferencia, organizada por ALBOAN y SEI, tendr\u00e1 lugar ma\u00f1ana 20 de febrero, a las 18.30 horas, con entrada libre\" \/>\n<meta property=\"og:url\" content=\"https:\/\/www.laguiadepamplona.com\/actualidad\/la-acogida-a-personas-refugiadas-el-centro-de-una-exposicion-y-una-charla-en-la-casa-de-la-juventud\/\" \/>\n<meta property=\"og:site_name\" content=\"La Gu\u00eda de Pamplona\" \/>\n<meta property=\"article:publisher\" content=\"https:\/\/www.facebook.com\/laguiadepamplonacom-133175176762273\/?ref=hl\" \/>\n<meta property=\"article:published_time\" content=\"2018-02-19T11:22:10+00:00\" \/>\n<meta property=\"og:image\" content=\"https:\/\/www.laguiadepamplona.com\/actualidad\/wp-content\/uploads\/2018\/02\/18.02.19_charla_sei_alboan_refugiados_juventud.jpg\" \/>\n\t<meta property=\"og:image:width\" content=\"1000\" \/>\n\t<meta property=\"og:image:height\" content=\"707\" \/>\n\t<meta property=\"og:image:type\" content=\"image\/jpeg\" \/>\n<meta name=\"author\" content=\"La Gu\u00eda de Pamplona\" \/>\n<meta name=\"twitter:card\" content=\"summary_large_image\" \/>\n<meta name=\"twitter:creator\" content=\"@LaGuiadPamplona\" \/>\n<meta name=\"twitter:site\" content=\"@LaGuiadPamplona\" \/>\n<meta name=\"twitter:label1\" content=\"Escrito por\" \/>\n\t<meta name=\"twitter:data1\" content=\"La Gu\u00eda de Pamplona\" \/>\n\t<meta name=\"twitter:label2\" content=\"Tiempo de lectura\" \/>\n\t<meta name=\"twitter:data2\" content=\"2 minutos\" \/>\n<script type=\"application\/ld+json\" class=\"yoast-schema-graph\">{\"@context\":\"https:\\\/\\\/schema.org\",\"@graph\":[{\"@type\":\"Article\",\"@id\":\"https:\\\/\\\/www.laguiadepamplona.com\\\/actualidad\\\/la-acogida-a-personas-refugiadas-el-centro-de-una-exposicion-y-una-charla-en-la-casa-de-la-juventud\\\/#article\",\"isPartOf\":{\"@id\":\"https:\\\/\\\/www.laguiadepamplona.com\\\/actualidad\\\/la-acogida-a-personas-refugiadas-el-centro-de-una-exposicion-y-una-charla-en-la-casa-de-la-juventud\\\/\"},\"author\":{\"name\":\"La Gu\u00eda de Pamplona\",\"@id\":\"https:\\\/\\\/www.laguiadepamplona.com\\\/actualidad\\\/#\\\/schema\\\/person\\\/efe887376f0213d4657c93adc50b1fdb\"},\"headline\":\"La acogida a personas refugiadas, el centro de una exposici\u00f3n y una charla en la Casa de la Juventud\",\"datePublished\":\"2018-02-19T11:22:10+00:00\",\"mainEntityOfPage\":{\"@id\":\"https:\\\/\\\/www.laguiadepamplona.com\\\/actualidad\\\/la-acogida-a-personas-refugiadas-el-centro-de-una-exposicion-y-una-charla-en-la-casa-de-la-juventud\\\/\"},\"wordCount\":465,\"commentCount\":0,\"publisher\":{\"@id\":\"https:\\\/\\\/www.laguiadepamplona.com\\\/actualidad\\\/#organization\"},\"image\":{\"@id\":\"https:\\\/\\\/www.laguiadepamplona.com\\\/actualidad\\\/la-acogida-a-personas-refugiadas-el-centro-de-una-exposicion-y-una-charla-en-la-casa-de-la-juventud\\\/#primaryimage\"},\"thumbnailUrl\":\"https:\\\/\\\/www.laguiadepamplona.com\\\/actualidad\\\/wp-content\\\/uploads\\\/2018\\\/02\\\/18.02.19_charla_sei_alboan_refugiados_juventud.jpg\",\"articleSection\":[\"Ayto Pamplona\"],\"inLanguage\":\"es\",\"potentialAction\":[{\"@type\":\"CommentAction\",\"name\":\"Comment\",\"target\":[\"https:\\\/\\\/www.laguiadepamplona.com\\\/actualidad\\\/la-acogida-a-personas-refugiadas-el-centro-de-una-exposicion-y-una-charla-en-la-casa-de-la-juventud\\\/#respond\"]}]},{\"@type\":\"WebPage\",\"@id\":\"https:\\\/\\\/www.laguiadepamplona.com\\\/actualidad\\\/la-acogida-a-personas-refugiadas-el-centro-de-una-exposicion-y-una-charla-en-la-casa-de-la-juventud\\\/\",\"url\":\"https:\\\/\\\/www.laguiadepamplona.com\\\/actualidad\\\/la-acogida-a-personas-refugiadas-el-centro-de-una-exposicion-y-una-charla-en-la-casa-de-la-juventud\\\/\",\"name\":\"La acogida a personas refugiadas, el centro de una exposici\u00f3n y una charla en la Casa de la Juventud\",\"isPartOf\":{\"@id\":\"https:\\\/\\\/www.laguiadepamplona.com\\\/actualidad\\\/#website\"},\"primaryImageOfPage\":{\"@id\":\"https:\\\/\\\/www.laguiadepamplona.com\\\/actualidad\\\/la-acogida-a-personas-refugiadas-el-centro-de-una-exposicion-y-una-charla-en-la-casa-de-la-juventud\\\/#primaryimage\"},\"image\":{\"@id\":\"https:\\\/\\\/www.laguiadepamplona.com\\\/actualidad\\\/la-acogida-a-personas-refugiadas-el-centro-de-una-exposicion-y-una-charla-en-la-casa-de-la-juventud\\\/#primaryimage\"},\"thumbnailUrl\":\"https:\\\/\\\/www.laguiadepamplona.com\\\/actualidad\\\/wp-content\\\/uploads\\\/2018\\\/02\\\/18.02.19_charla_sei_alboan_refugiados_juventud.jpg\",\"datePublished\":\"2018-02-19T11:22:10+00:00\",\"breadcrumb\":{\"@id\":\"https:\\\/\\\/www.laguiadepamplona.com\\\/actualidad\\\/la-acogida-a-personas-refugiadas-el-centro-de-una-exposicion-y-una-charla-en-la-casa-de-la-juventud\\\/#breadcrumb\"},\"inLanguage\":\"es\",\"potentialAction\":[{\"@type\":\"ReadAction\",\"target\":[\"https:\\\/\\\/www.laguiadepamplona.com\\\/actualidad\\\/la-acogida-a-personas-refugiadas-el-centro-de-una-exposicion-y-una-charla-en-la-casa-de-la-juventud\\\/\"]}]},{\"@type\":\"ImageObject\",\"inLanguage\":\"es\",\"@id\":\"https:\\\/\\\/www.laguiadepamplona.com\\\/actualidad\\\/la-acogida-a-personas-refugiadas-el-centro-de-una-exposicion-y-una-charla-en-la-casa-de-la-juventud\\\/#primaryimage\",\"url\":\"https:\\\/\\\/www.laguiadepamplona.com\\\/actualidad\\\/wp-content\\\/uploads\\\/2018\\\/02\\\/18.02.19_charla_sei_alboan_refugiados_juventud.jpg\",\"contentUrl\":\"https:\\\/\\\/www.laguiadepamplona.com\\\/actualidad\\\/wp-content\\\/uploads\\\/2018\\\/02\\\/18.02.19_charla_sei_alboan_refugiados_juventud.jpg\",\"width\":1000,\"height\":707},{\"@type\":\"BreadcrumbList\",\"@id\":\"https:\\\/\\\/www.laguiadepamplona.com\\\/actualidad\\\/la-acogida-a-personas-refugiadas-el-centro-de-una-exposicion-y-una-charla-en-la-casa-de-la-juventud\\\/#breadcrumb\",\"itemListElement\":[{\"@type\":\"ListItem\",\"position\":1,\"name\":\"Portada\",\"item\":\"https:\\\/\\\/www.laguiadepamplona.com\\\/actualidad\\\/\"},{\"@type\":\"ListItem\",\"position\":2,\"name\":\"La acogida a personas refugiadas, el centro de una exposici\u00f3n y una charla en la Casa de la Juventud\"}]},{\"@type\":\"WebSite\",\"@id\":\"https:\\\/\\\/www.laguiadepamplona.com\\\/actualidad\\\/#website\",\"url\":\"https:\\\/\\\/www.laguiadepamplona.com\\\/actualidad\\\/\",\"name\":\"La gu\u00eda de Pamplona\",\"description\":\"Noticias de Pamplona\",\"publisher\":{\"@id\":\"https:\\\/\\\/www.laguiadepamplona.com\\\/actualidad\\\/#organization\"},\"potentialAction\":[{\"@type\":\"SearchAction\",\"target\":{\"@type\":\"EntryPoint\",\"urlTemplate\":\"https:\\\/\\\/www.laguiadepamplona.com\\\/actualidad\\\/?s={search_term_string}\"},\"query-input\":{\"@type\":\"PropertyValueSpecification\",\"valueRequired\":true,\"valueName\":\"search_term_string\"}}],\"inLanguage\":\"es\"},{\"@type\":\"Organization\",\"@id\":\"https:\\\/\\\/www.laguiadepamplona.com\\\/actualidad\\\/#organization\",\"name\":\"La Gu\u00eda de Pamplona \\\/ Noticias\",\"url\":\"https:\\\/\\\/www.laguiadepamplona.com\\\/actualidad\\\/\",\"logo\":{\"@type\":\"ImageObject\",\"inLanguage\":\"es\",\"@id\":\"https:\\\/\\\/www.laguiadepamplona.com\\\/actualidad\\\/#\\\/schema\\\/logo\\\/image\\\/\",\"url\":\"https:\\\/\\\/www.laguiadepamplona.com\\\/actualidad\\\/wp-content\\\/uploads\\\/2018\\\/11\\\/logo-laguiadepamplona18-web1.png\",\"contentUrl\":\"https:\\\/\\\/www.laguiadepamplona.com\\\/actualidad\\\/wp-content\\\/uploads\\\/2018\\\/11\\\/logo-laguiadepamplona18-web1.png\",\"width\":600,\"height\":196,\"caption\":\"La Gu\u00eda de Pamplona \\\/ Noticias\"},\"image\":{\"@id\":\"https:\\\/\\\/www.laguiadepamplona.com\\\/actualidad\\\/#\\\/schema\\\/logo\\\/image\\\/\"},\"sameAs\":[\"https:\\\/\\\/www.facebook.com\\\/laguiadepamplonacom-133175176762273\\\/?ref=hl\",\"https:\\\/\\\/x.com\\\/LaGuiadPamplona\",\"https:\\\/\\\/www.instagram.com\\\/la_guia_de_pamplona\\\/\",\"https:\\\/\\\/www.youtube.com\\\/user\\\/laguiadepamplona\"]},{\"@type\":\"Person\",\"@id\":\"https:\\\/\\\/www.laguiadepamplona.com\\\/actualidad\\\/#\\\/schema\\\/person\\\/efe887376f0213d4657c93adc50b1fdb\",\"name\":\"La Gu\u00eda de Pamplona\",\"image\":{\"@type\":\"ImageObject\",\"inLanguage\":\"es\",\"@id\":\"https:\\\/\\\/secure.gravatar.com\\\/avatar\\\/b6992f131dc8d30ab0dff15446e9d346d9dbd95992de0fef795073f5ea83a81c?s=96&d=mm&r=g\",\"url\":\"https:\\\/\\\/secure.gravatar.com\\\/avatar\\\/b6992f131dc8d30ab0dff15446e9d346d9dbd95992de0fef795073f5ea83a81c?s=96&d=mm&r=g\",\"contentUrl\":\"https:\\\/\\\/secure.gravatar.com\\\/avatar\\\/b6992f131dc8d30ab0dff15446e9d346d9dbd95992de0fef795073f5ea83a81c?s=96&d=mm&r=g\",\"caption\":\"La Gu\u00eda de Pamplona\"}}]}<\/script>\n<!-- \/ Yoast SEO plugin. -->","yoast_head_json":{"title":"La acogida a personas refugiadas, el centro de una exposici\u00f3n y una charla en la Casa de la Juventud","robots":{"index":"index","follow":"follow","max-snippet":"max-snippet:-1","max-image-preview":"max-image-preview:large","max-video-preview":"max-video-preview:-1"},"canonical":"https:\/\/www.laguiadepamplona.com\/actualidad\/la-acogida-a-personas-refugiadas-el-centro-de-una-exposicion-y-una-charla-en-la-casa-de-la-juventud\/","og_locale":"es_ES","og_type":"article","og_title":"La acogida a personas refugiadas, el centro de una exposici\u00f3n y una charla en la Casa de la Juventud","og_description":"La conferencia, organizada por ALBOAN y SEI, tendr\u00e1 lugar ma\u00f1ana 20 de febrero, a las 18.30 horas, con entrada libre","og_url":"https:\/\/www.laguiadepamplona.com\/actualidad\/la-acogida-a-personas-refugiadas-el-centro-de-una-exposicion-y-una-charla-en-la-casa-de-la-juventud\/","og_site_name":"La Gu\u00eda de Pamplona","article_publisher":"https:\/\/www.facebook.com\/laguiadepamplonacom-133175176762273\/?ref=hl","article_published_time":"2018-02-19T11:22:10+00:00","og_image":[{"width":1000,"height":707,"url":"https:\/\/www.laguiadepamplona.com\/actualidad\/wp-content\/uploads\/2018\/02\/18.02.19_charla_sei_alboan_refugiados_juventud.jpg","type":"image\/jpeg"}],"author":"La Gu\u00eda de Pamplona","twitter_card":"summary_large_image","twitter_creator":"@LaGuiadPamplona","twitter_site":"@LaGuiadPamplona","twitter_misc":{"Escrito por":"La Gu\u00eda de Pamplona","Tiempo de lectura":"2 minutos"},"schema":{"@context":"https:\/\/schema.org","@graph":[{"@type":"Article","@id":"https:\/\/www.laguiadepamplona.com\/actualidad\/la-acogida-a-personas-refugiadas-el-centro-de-una-exposicion-y-una-charla-en-la-casa-de-la-juventud\/#article","isPartOf":{"@id":"https:\/\/www.laguiadepamplona.com\/actualidad\/la-acogida-a-personas-refugiadas-el-centro-de-una-exposicion-y-una-charla-en-la-casa-de-la-juventud\/"},"author":{"name":"La Gu\u00eda de Pamplona","@id":"https:\/\/www.laguiadepamplona.com\/actualidad\/#\/schema\/person\/efe887376f0213d4657c93adc50b1fdb"},"headline":"La acogida a personas refugiadas, el centro de una exposici\u00f3n y una charla en la Casa de la Juventud","datePublished":"2018-02-19T11:22:10+00:00","mainEntityOfPage":{"@id":"https:\/\/www.laguiadepamplona.com\/actualidad\/la-acogida-a-personas-refugiadas-el-centro-de-una-exposicion-y-una-charla-en-la-casa-de-la-juventud\/"},"wordCount":465,"commentCount":0,"publisher":{"@id":"https:\/\/www.laguiadepamplona.com\/actualidad\/#organization"},"image":{"@id":"https:\/\/www.laguiadepamplona.com\/actualidad\/la-acogida-a-personas-refugiadas-el-centro-de-una-exposicion-y-una-charla-en-la-casa-de-la-juventud\/#primaryimage"},"thumbnailUrl":"https:\/\/www.laguiadepamplona.com\/actualidad\/wp-content\/uploads\/2018\/02\/18.02.19_charla_sei_alboan_refugiados_juventud.jpg","articleSection":["Ayto Pamplona"],"inLanguage":"es","potentialAction":[{"@type":"CommentAction","name":"Comment","target":["https:\/\/www.laguiadepamplona.com\/actualidad\/la-acogida-a-personas-refugiadas-el-centro-de-una-exposicion-y-una-charla-en-la-casa-de-la-juventud\/#respond"]}]},{"@type":"WebPage","@id":"https:\/\/www.laguiadepamplona.com\/actualidad\/la-acogida-a-personas-refugiadas-el-centro-de-una-exposicion-y-una-charla-en-la-casa-de-la-juventud\/","url":"https:\/\/www.laguiadepamplona.com\/actualidad\/la-acogida-a-personas-refugiadas-el-centro-de-una-exposicion-y-una-charla-en-la-casa-de-la-juventud\/","name":"La acogida a personas refugiadas, el centro de una exposici\u00f3n y una charla en la Casa de la Juventud","isPartOf":{"@id":"https:\/\/www.laguiadepamplona.com\/actualidad\/#website"},"primaryImageOfPage":{"@id":"https:\/\/www.laguiadepamplona.com\/actualidad\/la-acogida-a-personas-refugiadas-el-centro-de-una-exposicion-y-una-charla-en-la-casa-de-la-juventud\/#primaryimage"},"image":{"@id":"https:\/\/www.laguiadepamplona.com\/actualidad\/la-acogida-a-personas-refugiadas-el-centro-de-una-exposicion-y-una-charla-en-la-casa-de-la-juventud\/#primaryimage"},"thumbnailUrl":"https:\/\/www.laguiadepamplona.com\/actualidad\/wp-content\/uploads\/2018\/02\/18.02.19_charla_sei_alboan_refugiados_juventud.jpg","datePublished":"2018-02-19T11:22:10+00:00","breadcrumb":{"@id":"https:\/\/www.laguiadepamplona.com\/actualidad\/la-acogida-a-personas-refugiadas-el-centro-de-una-exposicion-y-una-charla-en-la-casa-de-la-juventud\/#breadcrumb"},"inLanguage":"es","potentialAction":[{"@type":"ReadAction","target":["https:\/\/www.laguiadepamplona.com\/actualidad\/la-acogida-a-personas-refugiadas-el-centro-de-una-exposicion-y-una-charla-en-la-casa-de-la-juventud\/"]}]},{"@type":"ImageObject","inLanguage":"es","@id":"https:\/\/www.laguiadepamplona.com\/actualidad\/la-acogida-a-personas-refugiadas-el-centro-de-una-exposicion-y-una-charla-en-la-casa-de-la-juventud\/#primaryimage","url":"https:\/\/www.laguiadepamplona.com\/actualidad\/wp-content\/uploads\/2018\/02\/18.02.19_charla_sei_alboan_refugiados_juventud.jpg","contentUrl":"https:\/\/www.laguiadepamplona.com\/actualidad\/wp-content\/uploads\/2018\/02\/18.02.19_charla_sei_alboan_refugiados_juventud.jpg","width":1000,"height":707},{"@type":"BreadcrumbList","@id":"https:\/\/www.laguiadepamplona.com\/actualidad\/la-acogida-a-personas-refugiadas-el-centro-de-una-exposicion-y-una-charla-en-la-casa-de-la-juventud\/#breadcrumb","itemListElement":[{"@type":"ListItem","position":1,"name":"Portada","item":"https:\/\/www.laguiadepamplona.com\/actualidad\/"},{"@type":"ListItem","position":2,"name":"La acogida a personas refugiadas, el centro de una exposici\u00f3n y una charla en la Casa de la Juventud"}]},{"@type":"WebSite","@id":"https:\/\/www.laguiadepamplona.com\/actualidad\/#website","url":"https:\/\/www.laguiadepamplona.com\/actualidad\/","name":"La gu\u00eda de Pamplona","description":"Noticias de Pamplona","publisher":{"@id":"https:\/\/www.laguiadepamplona.com\/actualidad\/#organization"},"potentialAction":[{"@type":"SearchAction","target":{"@type":"EntryPoint","urlTemplate":"https:\/\/www.laguiadepamplona.com\/actualidad\/?s={search_term_string}"},"query-input":{"@type":"PropertyValueSpecification","valueRequired":true,"valueName":"search_term_string"}}],"inLanguage":"es"},{"@type":"Organization","@id":"https:\/\/www.laguiadepamplona.com\/actualidad\/#organization","name":"La Gu\u00eda de Pamplona \/ Noticias","url":"https:\/\/www.laguiadepamplona.com\/actualidad\/","logo":{"@type":"ImageObject","inLanguage":"es","@id":"https:\/\/www.laguiadepamplona.com\/actualidad\/#\/schema\/logo\/image\/","url":"https:\/\/www.laguiadepamplona.com\/actualidad\/wp-content\/uploads\/2018\/11\/logo-laguiadepamplona18-web1.png","contentUrl":"https:\/\/www.laguiadepamplona.com\/actualidad\/wp-content\/uploads\/2018\/11\/logo-laguiadepamplona18-web1.png","width":600,"height":196,"caption":"La Gu\u00eda de Pamplona \/ Noticias"},"image":{"@id":"https:\/\/www.laguiadepamplona.com\/actualidad\/#\/schema\/logo\/image\/"},"sameAs":["https:\/\/www.facebook.com\/laguiadepamplonacom-133175176762273\/?ref=hl","https:\/\/x.com\/LaGuiadPamplona","https:\/\/www.instagram.com\/la_guia_de_pamplona\/","https:\/\/www.youtube.com\/user\/laguiadepamplona"]},{"@type":"Person","@id":"https:\/\/www.laguiadepamplona.com\/actualidad\/#\/schema\/person\/efe887376f0213d4657c93adc50b1fdb","name":"La Gu\u00eda de Pamplona","image":{"@type":"ImageObject","inLanguage":"es","@id":"https:\/\/secure.gravatar.com\/avatar\/b6992f131dc8d30ab0dff15446e9d346d9dbd95992de0fef795073f5ea83a81c?s=96&d=mm&r=g","url":"https:\/\/secure.gravatar.com\/avatar\/b6992f131dc8d30ab0dff15446e9d346d9dbd95992de0fef795073f5ea83a81c?s=96&d=mm&r=g","contentUrl":"https:\/\/secure.gravatar.com\/avatar\/b6992f131dc8d30ab0dff15446e9d346d9dbd95992de0fef795073f5ea83a81c?s=96&d=mm&r=g","caption":"La Gu\u00eda de Pamplona"}}]}},"post_mailing_queue_ids":[],"_links":{"self":[{"href":"https:\/\/www.laguiadepamplona.com\/actualidad\/wp-json\/wp\/v2\/posts\/16161","targetHints":{"allow":["GET"]}}],"collection":[{"href":"https:\/\/www.laguiadepamplona.com\/actualidad\/wp-json\/wp\/v2\/posts"}],"about":[{"href":"https:\/\/www.laguiadepamplona.com\/actualidad\/wp-json\/wp\/v2\/types\/post"}],"author":[{"embeddable":true,"href":"https:\/\/www.laguiadepamplona.com\/actualidad\/wp-json\/wp\/v2\/users\/1"}],"replies":[{"embeddable":true,"href":"https:\/\/www.laguiadepamplona.com\/actualidad\/wp-json\/wp\/v2\/comments?post=16161"}],"version-history":[{"count":0,"href":"https:\/\/www.laguiadepamplona.com\/actualidad\/wp-json\/wp\/v2\/posts\/16161\/revisions"}],"wp:featuredmedia":[{"embeddable":true,"href":"https:\/\/www.laguiadepamplona.com\/actualidad\/wp-json\/wp\/v2\/media\/16162"}],"wp:attachment":[{"href":"https:\/\/www.laguiadepamplona.com\/actualidad\/wp-json\/wp\/v2\/media?parent=16161"}],"wp:term":[{"taxonomy":"category","embeddable":true,"href":"https:\/\/www.laguiadepamplona.com\/actualidad\/wp-json\/wp\/v2\/categories?post=16161"},{"taxonomy":"post_tag","embeddable":true,"href":"https:\/\/www.laguiadepamplona.com\/actualidad\/wp-json\/wp\/v2\/tags?post=16161"}],"curies":[{"name":"wp","href":"https:\/\/api.w.org\/{rel}","templated":true}]}}