{"id":16155,"date":"2018-02-19T11:54:20","date_gmt":"2018-02-19T10:54:20","guid":{"rendered":"http:\/\/laguiadepamplona.es\/actualidad\/?p=16155"},"modified":"2018-02-19T11:54:20","modified_gmt":"2018-02-19T10:54:20","slug":"detenidas-siete-personas-la-semana-pasada-por-etilometrias-positivas-por-no-tener-puntos-en-el-carne-o-por-carecer-del-permiso-de-conducir","status":"publish","type":"post","link":"https:\/\/www.laguiadepamplona.com\/actualidad\/detenidas-siete-personas-la-semana-pasada-por-etilometrias-positivas-por-no-tener-puntos-en-el-carne-o-por-carecer-del-permiso-de-conducir\/","title":{"rendered":"Detenidas siete personas la semana pasada por etilometr\u00edas positivas, por no tener puntos en el carn\u00e9 o por carecer del permiso de conducir"},"content":{"rendered":"<h3>La Polic\u00eda Municipal de Pamplona denunci\u00f3 por v\u00eda administrativa a otras once personas<\/h3>\n<p><!--more--><\/p>\n<p>La Polic\u00eda Municipal de Pamplona detuvo la semana pasada a siete personas como presuntas autoras de diferentes delitos contra el tr\u00e1fico y la seguridad vial en la ciudad. Cuatro personas dieron positivo en controles de alcoholemia, dos conduc\u00edan sin puntos en el carn\u00e9 y una carec\u00eda del permiso obligatorio de conducci\u00f3n. El s\u00e1bado se arrest\u00f3 a tres personas (dos por alcohol y una por carecer del carn\u00e9), el domingo a dos (una por etilometr\u00eda y otra por conducir sin puntos) y a una cada d\u00eda el jueves y el viernes (por ir sin puntos y por alcohol, respectivamente).<\/p>\n<p>En lo que a accidentes de tr\u00e1fico se refiere, la Polic\u00eda Municipal atendi\u00f3 el fin de semana 6 siniestros. Destaca un accidente por salida de v\u00eda en la glorieta de la avenida de Navarra con la calle Abejeras, que se sald\u00f3 sin heridos pero con el conductor denunciado por superar ampliamente la tasa m\u00e1xima de alcohol. Fue sancionado con 1.000 euros y con la propuesta de retirada de 6 puntos en su permiso de conducir. Tras el choque fue necesario anular el carril interior mientras se proced\u00eda a la limpieza de la calzada debido al derrame de fluidos del veh\u00edculo.<\/p>\n<p>Adem\u00e1s, la Polic\u00eda Municipal de Pamplona denunci\u00f3 por v\u00eda administrativa entre el lunes y el domingo a otras 11 personas. De ellas, se mult\u00f3 a 6 por positivos en alcohol que no alcanzaron tasas constitutivas de delito, a 4 por conducir bajo los efectos de sustancias estupefacientes y a 1 por no tener ya puntos en el carn\u00e9. El s\u00e1bado se sancion\u00f3 a 5 personas (cuatro por alcohol y una por drogas), el domingo a 3 (dos por drogas y una por alcohol) y el martes, mi\u00e9rcoles y viernes a una cada d\u00eda (por ir sin puntos, por drogas y por alcohol, respectivamente).<\/p>\n","protected":false},"excerpt":{"rendered":"<p>La Polic\u00eda Municipal de Pamplona denunci\u00f3 por v\u00eda administrativa a otras once personas<\/p>\n","protected":false},"author":1,"featured_media":14501,"comment_status":"open","ping_status":"closed","sticky":false,"template":"","format":"standard","meta":{"footnotes":""},"categories":[2],"tags":[],"class_list":["post-16155","post","type-post","status-publish","format-standard","has-post-thumbnail","hentry","category-ayuntamiento-pamplona"],"yoast_head":"<!-- This site is optimized with the Yoast SEO plugin v27.5 - https:\/\/yoast.com\/product\/yoast-seo-wordpress\/ -->\n<title>Detenidas siete personas la semana pasada por etilometr\u00edas positivas, por no tener puntos en el carn\u00e9 o por carecer del permiso de conducir<\/title>\n<meta name=\"robots\" content=\"index, follow, max-snippet:-1, max-image-preview:large, max-video-preview:-1\" \/>\n<link rel=\"canonical\" href=\"https:\/\/www.laguiadepamplona.com\/actualidad\/detenidas-siete-personas-la-semana-pasada-por-etilometrias-positivas-por-no-tener-puntos-en-el-carne-o-por-carecer-del-permiso-de-conducir\/\" \/>\n<meta property=\"og:locale\" content=\"es_ES\" \/>\n<meta property=\"og:type\" content=\"article\" \/>\n<meta property=\"og:title\" content=\"Detenidas siete personas la semana pasada por etilometr\u00edas positivas, por no tener puntos en el carn\u00e9 o por carecer del permiso de conducir\" \/>\n<meta property=\"og:description\" content=\"La Polic\u00eda Municipal de Pamplona denunci\u00f3 por v\u00eda administrativa a otras once personas\" \/>\n<meta property=\"og:url\" content=\"https:\/\/www.laguiadepamplona.com\/actualidad\/detenidas-siete-personas-la-semana-pasada-por-etilometrias-positivas-por-no-tener-puntos-en-el-carne-o-por-carecer-del-permiso-de-conducir\/\" \/>\n<meta property=\"og:site_name\" content=\"La Gu\u00eda de Pamplona\" \/>\n<meta property=\"article:publisher\" content=\"https:\/\/www.facebook.com\/laguiadepamplonacom-133175176762273\/?ref=hl\" \/>\n<meta property=\"article:published_time\" content=\"2018-02-19T10:54:20+00:00\" \/>\n<meta property=\"og:image\" content=\"https:\/\/www.laguiadepamplona.com\/actualidad\/wp-content\/uploads\/2017\/09\/POLIC\u00cdA-MUNICIPAL_Nueva-imagen_2.jpg\" \/>\n\t<meta property=\"og:image:width\" content=\"1000\" \/>\n\t<meta property=\"og:image:height\" content=\"666\" \/>\n\t<meta property=\"og:image:type\" content=\"image\/jpeg\" \/>\n<meta name=\"author\" content=\"La Gu\u00eda de Pamplona\" \/>\n<meta name=\"twitter:card\" content=\"summary_large_image\" \/>\n<meta name=\"twitter:creator\" content=\"@LaGuiadPamplona\" \/>\n<meta name=\"twitter:site\" content=\"@LaGuiadPamplona\" \/>\n<meta name=\"twitter:label1\" content=\"Escrito por\" \/>\n\t<meta name=\"twitter:data1\" content=\"La Gu\u00eda de Pamplona\" \/>\n\t<meta name=\"twitter:label2\" content=\"Tiempo de lectura\" \/>\n\t<meta name=\"twitter:data2\" content=\"2 minutos\" \/>\n<script type=\"application\/ld+json\" class=\"yoast-schema-graph\">{\"@context\":\"https:\\\/\\\/schema.org\",\"@graph\":[{\"@type\":\"Article\",\"@id\":\"https:\\\/\\\/www.laguiadepamplona.com\\\/actualidad\\\/detenidas-siete-personas-la-semana-pasada-por-etilometrias-positivas-por-no-tener-puntos-en-el-carne-o-por-carecer-del-permiso-de-conducir\\\/#article\",\"isPartOf\":{\"@id\":\"https:\\\/\\\/www.laguiadepamplona.com\\\/actualidad\\\/detenidas-siete-personas-la-semana-pasada-por-etilometrias-positivas-por-no-tener-puntos-en-el-carne-o-por-carecer-del-permiso-de-conducir\\\/\"},\"author\":{\"name\":\"La Gu\u00eda de Pamplona\",\"@id\":\"https:\\\/\\\/www.laguiadepamplona.com\\\/actualidad\\\/#\\\/schema\\\/person\\\/efe887376f0213d4657c93adc50b1fdb\"},\"headline\":\"Detenidas siete personas la semana pasada por etilometr\u00edas positivas, por no tener puntos en el carn\u00e9 o por carecer del permiso de conducir\",\"datePublished\":\"2018-02-19T10:54:20+00:00\",\"mainEntityOfPage\":{\"@id\":\"https:\\\/\\\/www.laguiadepamplona.com\\\/actualidad\\\/detenidas-siete-personas-la-semana-pasada-por-etilometrias-positivas-por-no-tener-puntos-en-el-carne-o-por-carecer-del-permiso-de-conducir\\\/\"},\"wordCount\":351,\"commentCount\":0,\"publisher\":{\"@id\":\"https:\\\/\\\/www.laguiadepamplona.com\\\/actualidad\\\/#organization\"},\"image\":{\"@id\":\"https:\\\/\\\/www.laguiadepamplona.com\\\/actualidad\\\/detenidas-siete-personas-la-semana-pasada-por-etilometrias-positivas-por-no-tener-puntos-en-el-carne-o-por-carecer-del-permiso-de-conducir\\\/#primaryimage\"},\"thumbnailUrl\":\"https:\\\/\\\/www.laguiadepamplona.com\\\/actualidad\\\/wp-content\\\/uploads\\\/2017\\\/09\\\/POLIC\u00cdA-MUNICIPAL_Nueva-imagen_2.jpg\",\"articleSection\":[\"Ayto Pamplona\"],\"inLanguage\":\"es\",\"potentialAction\":[{\"@type\":\"CommentAction\",\"name\":\"Comment\",\"target\":[\"https:\\\/\\\/www.laguiadepamplona.com\\\/actualidad\\\/detenidas-siete-personas-la-semana-pasada-por-etilometrias-positivas-por-no-tener-puntos-en-el-carne-o-por-carecer-del-permiso-de-conducir\\\/#respond\"]}]},{\"@type\":\"WebPage\",\"@id\":\"https:\\\/\\\/www.laguiadepamplona.com\\\/actualidad\\\/detenidas-siete-personas-la-semana-pasada-por-etilometrias-positivas-por-no-tener-puntos-en-el-carne-o-por-carecer-del-permiso-de-conducir\\\/\",\"url\":\"https:\\\/\\\/www.laguiadepamplona.com\\\/actualidad\\\/detenidas-siete-personas-la-semana-pasada-por-etilometrias-positivas-por-no-tener-puntos-en-el-carne-o-por-carecer-del-permiso-de-conducir\\\/\",\"name\":\"Detenidas siete personas la semana pasada por etilometr\u00edas positivas, por no tener puntos en el carn\u00e9 o por carecer del permiso de conducir\",\"isPartOf\":{\"@id\":\"https:\\\/\\\/www.laguiadepamplona.com\\\/actualidad\\\/#website\"},\"primaryImageOfPage\":{\"@id\":\"https:\\\/\\\/www.laguiadepamplona.com\\\/actualidad\\\/detenidas-siete-personas-la-semana-pasada-por-etilometrias-positivas-por-no-tener-puntos-en-el-carne-o-por-carecer-del-permiso-de-conducir\\\/#primaryimage\"},\"image\":{\"@id\":\"https:\\\/\\\/www.laguiadepamplona.com\\\/actualidad\\\/detenidas-siete-personas-la-semana-pasada-por-etilometrias-positivas-por-no-tener-puntos-en-el-carne-o-por-carecer-del-permiso-de-conducir\\\/#primaryimage\"},\"thumbnailUrl\":\"https:\\\/\\\/www.laguiadepamplona.com\\\/actualidad\\\/wp-content\\\/uploads\\\/2017\\\/09\\\/POLIC\u00cdA-MUNICIPAL_Nueva-imagen_2.jpg\",\"datePublished\":\"2018-02-19T10:54:20+00:00\",\"breadcrumb\":{\"@id\":\"https:\\\/\\\/www.laguiadepamplona.com\\\/actualidad\\\/detenidas-siete-personas-la-semana-pasada-por-etilometrias-positivas-por-no-tener-puntos-en-el-carne-o-por-carecer-del-permiso-de-conducir\\\/#breadcrumb\"},\"inLanguage\":\"es\",\"potentialAction\":[{\"@type\":\"ReadAction\",\"target\":[\"https:\\\/\\\/www.laguiadepamplona.com\\\/actualidad\\\/detenidas-siete-personas-la-semana-pasada-por-etilometrias-positivas-por-no-tener-puntos-en-el-carne-o-por-carecer-del-permiso-de-conducir\\\/\"]}]},{\"@type\":\"ImageObject\",\"inLanguage\":\"es\",\"@id\":\"https:\\\/\\\/www.laguiadepamplona.com\\\/actualidad\\\/detenidas-siete-personas-la-semana-pasada-por-etilometrias-positivas-por-no-tener-puntos-en-el-carne-o-por-carecer-del-permiso-de-conducir\\\/#primaryimage\",\"url\":\"https:\\\/\\\/www.laguiadepamplona.com\\\/actualidad\\\/wp-content\\\/uploads\\\/2017\\\/09\\\/POLIC\u00cdA-MUNICIPAL_Nueva-imagen_2.jpg\",\"contentUrl\":\"https:\\\/\\\/www.laguiadepamplona.com\\\/actualidad\\\/wp-content\\\/uploads\\\/2017\\\/09\\\/POLIC\u00cdA-MUNICIPAL_Nueva-imagen_2.jpg\",\"width\":1000,\"height\":666},{\"@type\":\"BreadcrumbList\",\"@id\":\"https:\\\/\\\/www.laguiadepamplona.com\\\/actualidad\\\/detenidas-siete-personas-la-semana-pasada-por-etilometrias-positivas-por-no-tener-puntos-en-el-carne-o-por-carecer-del-permiso-de-conducir\\\/#breadcrumb\",\"itemListElement\":[{\"@type\":\"ListItem\",\"position\":1,\"name\":\"Portada\",\"item\":\"https:\\\/\\\/www.laguiadepamplona.com\\\/actualidad\\\/\"},{\"@type\":\"ListItem\",\"position\":2,\"name\":\"Detenidas siete personas la semana pasada por etilometr\u00edas positivas, por no tener puntos en el carn\u00e9 o por carecer del permiso de conducir\"}]},{\"@type\":\"WebSite\",\"@id\":\"https:\\\/\\\/www.laguiadepamplona.com\\\/actualidad\\\/#website\",\"url\":\"https:\\\/\\\/www.laguiadepamplona.com\\\/actualidad\\\/\",\"name\":\"La gu\u00eda de Pamplona\",\"description\":\"Noticias de Pamplona\",\"publisher\":{\"@id\":\"https:\\\/\\\/www.laguiadepamplona.com\\\/actualidad\\\/#organization\"},\"potentialAction\":[{\"@type\":\"SearchAction\",\"target\":{\"@type\":\"EntryPoint\",\"urlTemplate\":\"https:\\\/\\\/www.laguiadepamplona.com\\\/actualidad\\\/?s={search_term_string}\"},\"query-input\":{\"@type\":\"PropertyValueSpecification\",\"valueRequired\":true,\"valueName\":\"search_term_string\"}}],\"inLanguage\":\"es\"},{\"@type\":\"Organization\",\"@id\":\"https:\\\/\\\/www.laguiadepamplona.com\\\/actualidad\\\/#organization\",\"name\":\"La Gu\u00eda de Pamplona \\\/ Noticias\",\"url\":\"https:\\\/\\\/www.laguiadepamplona.com\\\/actualidad\\\/\",\"logo\":{\"@type\":\"ImageObject\",\"inLanguage\":\"es\",\"@id\":\"https:\\\/\\\/www.laguiadepamplona.com\\\/actualidad\\\/#\\\/schema\\\/logo\\\/image\\\/\",\"url\":\"https:\\\/\\\/www.laguiadepamplona.com\\\/actualidad\\\/wp-content\\\/uploads\\\/2018\\\/11\\\/logo-laguiadepamplona18-web1.png\",\"contentUrl\":\"https:\\\/\\\/www.laguiadepamplona.com\\\/actualidad\\\/wp-content\\\/uploads\\\/2018\\\/11\\\/logo-laguiadepamplona18-web1.png\",\"width\":600,\"height\":196,\"caption\":\"La Gu\u00eda de Pamplona \\\/ Noticias\"},\"image\":{\"@id\":\"https:\\\/\\\/www.laguiadepamplona.com\\\/actualidad\\\/#\\\/schema\\\/logo\\\/image\\\/\"},\"sameAs\":[\"https:\\\/\\\/www.facebook.com\\\/laguiadepamplonacom-133175176762273\\\/?ref=hl\",\"https:\\\/\\\/x.com\\\/LaGuiadPamplona\",\"https:\\\/\\\/www.instagram.com\\\/la_guia_de_pamplona\\\/\",\"https:\\\/\\\/www.youtube.com\\\/user\\\/laguiadepamplona\"]},{\"@type\":\"Person\",\"@id\":\"https:\\\/\\\/www.laguiadepamplona.com\\\/actualidad\\\/#\\\/schema\\\/person\\\/efe887376f0213d4657c93adc50b1fdb\",\"name\":\"La Gu\u00eda de Pamplona\",\"image\":{\"@type\":\"ImageObject\",\"inLanguage\":\"es\",\"@id\":\"https:\\\/\\\/secure.gravatar.com\\\/avatar\\\/b6992f131dc8d30ab0dff15446e9d346d9dbd95992de0fef795073f5ea83a81c?s=96&d=mm&r=g\",\"url\":\"https:\\\/\\\/secure.gravatar.com\\\/avatar\\\/b6992f131dc8d30ab0dff15446e9d346d9dbd95992de0fef795073f5ea83a81c?s=96&d=mm&r=g\",\"contentUrl\":\"https:\\\/\\\/secure.gravatar.com\\\/avatar\\\/b6992f131dc8d30ab0dff15446e9d346d9dbd95992de0fef795073f5ea83a81c?s=96&d=mm&r=g\",\"caption\":\"La Gu\u00eda de Pamplona\"}}]}<\/script>\n<!-- \/ Yoast SEO plugin. -->","yoast_head_json":{"title":"Detenidas siete personas la semana pasada por etilometr\u00edas positivas, por no tener puntos en el carn\u00e9 o por carecer del permiso de conducir","robots":{"index":"index","follow":"follow","max-snippet":"max-snippet:-1","max-image-preview":"max-image-preview:large","max-video-preview":"max-video-preview:-1"},"canonical":"https:\/\/www.laguiadepamplona.com\/actualidad\/detenidas-siete-personas-la-semana-pasada-por-etilometrias-positivas-por-no-tener-puntos-en-el-carne-o-por-carecer-del-permiso-de-conducir\/","og_locale":"es_ES","og_type":"article","og_title":"Detenidas siete personas la semana pasada por etilometr\u00edas positivas, por no tener puntos en el carn\u00e9 o por carecer del permiso de conducir","og_description":"La Polic\u00eda Municipal de Pamplona denunci\u00f3 por v\u00eda administrativa a otras once personas","og_url":"https:\/\/www.laguiadepamplona.com\/actualidad\/detenidas-siete-personas-la-semana-pasada-por-etilometrias-positivas-por-no-tener-puntos-en-el-carne-o-por-carecer-del-permiso-de-conducir\/","og_site_name":"La Gu\u00eda de Pamplona","article_publisher":"https:\/\/www.facebook.com\/laguiadepamplonacom-133175176762273\/?ref=hl","article_published_time":"2018-02-19T10:54:20+00:00","og_image":[{"width":1000,"height":666,"url":"https:\/\/www.laguiadepamplona.com\/actualidad\/wp-content\/uploads\/2017\/09\/POLIC\u00cdA-MUNICIPAL_Nueva-imagen_2.jpg","type":"image\/jpeg"}],"author":"La Gu\u00eda de Pamplona","twitter_card":"summary_large_image","twitter_creator":"@LaGuiadPamplona","twitter_site":"@LaGuiadPamplona","twitter_misc":{"Escrito por":"La Gu\u00eda de Pamplona","Tiempo de lectura":"2 minutos"},"schema":{"@context":"https:\/\/schema.org","@graph":[{"@type":"Article","@id":"https:\/\/www.laguiadepamplona.com\/actualidad\/detenidas-siete-personas-la-semana-pasada-por-etilometrias-positivas-por-no-tener-puntos-en-el-carne-o-por-carecer-del-permiso-de-conducir\/#article","isPartOf":{"@id":"https:\/\/www.laguiadepamplona.com\/actualidad\/detenidas-siete-personas-la-semana-pasada-por-etilometrias-positivas-por-no-tener-puntos-en-el-carne-o-por-carecer-del-permiso-de-conducir\/"},"author":{"name":"La Gu\u00eda de Pamplona","@id":"https:\/\/www.laguiadepamplona.com\/actualidad\/#\/schema\/person\/efe887376f0213d4657c93adc50b1fdb"},"headline":"Detenidas siete personas la semana pasada por etilometr\u00edas positivas, por no tener puntos en el carn\u00e9 o por carecer del permiso de conducir","datePublished":"2018-02-19T10:54:20+00:00","mainEntityOfPage":{"@id":"https:\/\/www.laguiadepamplona.com\/actualidad\/detenidas-siete-personas-la-semana-pasada-por-etilometrias-positivas-por-no-tener-puntos-en-el-carne-o-por-carecer-del-permiso-de-conducir\/"},"wordCount":351,"commentCount":0,"publisher":{"@id":"https:\/\/www.laguiadepamplona.com\/actualidad\/#organization"},"image":{"@id":"https:\/\/www.laguiadepamplona.com\/actualidad\/detenidas-siete-personas-la-semana-pasada-por-etilometrias-positivas-por-no-tener-puntos-en-el-carne-o-por-carecer-del-permiso-de-conducir\/#primaryimage"},"thumbnailUrl":"https:\/\/www.laguiadepamplona.com\/actualidad\/wp-content\/uploads\/2017\/09\/POLIC\u00cdA-MUNICIPAL_Nueva-imagen_2.jpg","articleSection":["Ayto Pamplona"],"inLanguage":"es","potentialAction":[{"@type":"CommentAction","name":"Comment","target":["https:\/\/www.laguiadepamplona.com\/actualidad\/detenidas-siete-personas-la-semana-pasada-por-etilometrias-positivas-por-no-tener-puntos-en-el-carne-o-por-carecer-del-permiso-de-conducir\/#respond"]}]},{"@type":"WebPage","@id":"https:\/\/www.laguiadepamplona.com\/actualidad\/detenidas-siete-personas-la-semana-pasada-por-etilometrias-positivas-por-no-tener-puntos-en-el-carne-o-por-carecer-del-permiso-de-conducir\/","url":"https:\/\/www.laguiadepamplona.com\/actualidad\/detenidas-siete-personas-la-semana-pasada-por-etilometrias-positivas-por-no-tener-puntos-en-el-carne-o-por-carecer-del-permiso-de-conducir\/","name":"Detenidas siete personas la semana pasada por etilometr\u00edas positivas, por no tener puntos en el carn\u00e9 o por carecer del permiso de conducir","isPartOf":{"@id":"https:\/\/www.laguiadepamplona.com\/actualidad\/#website"},"primaryImageOfPage":{"@id":"https:\/\/www.laguiadepamplona.com\/actualidad\/detenidas-siete-personas-la-semana-pasada-por-etilometrias-positivas-por-no-tener-puntos-en-el-carne-o-por-carecer-del-permiso-de-conducir\/#primaryimage"},"image":{"@id":"https:\/\/www.laguiadepamplona.com\/actualidad\/detenidas-siete-personas-la-semana-pasada-por-etilometrias-positivas-por-no-tener-puntos-en-el-carne-o-por-carecer-del-permiso-de-conducir\/#primaryimage"},"thumbnailUrl":"https:\/\/www.laguiadepamplona.com\/actualidad\/wp-content\/uploads\/2017\/09\/POLIC\u00cdA-MUNICIPAL_Nueva-imagen_2.jpg","datePublished":"2018-02-19T10:54:20+00:00","breadcrumb":{"@id":"https:\/\/www.laguiadepamplona.com\/actualidad\/detenidas-siete-personas-la-semana-pasada-por-etilometrias-positivas-por-no-tener-puntos-en-el-carne-o-por-carecer-del-permiso-de-conducir\/#breadcrumb"},"inLanguage":"es","potentialAction":[{"@type":"ReadAction","target":["https:\/\/www.laguiadepamplona.com\/actualidad\/detenidas-siete-personas-la-semana-pasada-por-etilometrias-positivas-por-no-tener-puntos-en-el-carne-o-por-carecer-del-permiso-de-conducir\/"]}]},{"@type":"ImageObject","inLanguage":"es","@id":"https:\/\/www.laguiadepamplona.com\/actualidad\/detenidas-siete-personas-la-semana-pasada-por-etilometrias-positivas-por-no-tener-puntos-en-el-carne-o-por-carecer-del-permiso-de-conducir\/#primaryimage","url":"https:\/\/www.laguiadepamplona.com\/actualidad\/wp-content\/uploads\/2017\/09\/POLIC\u00cdA-MUNICIPAL_Nueva-imagen_2.jpg","contentUrl":"https:\/\/www.laguiadepamplona.com\/actualidad\/wp-content\/uploads\/2017\/09\/POLIC\u00cdA-MUNICIPAL_Nueva-imagen_2.jpg","width":1000,"height":666},{"@type":"BreadcrumbList","@id":"https:\/\/www.laguiadepamplona.com\/actualidad\/detenidas-siete-personas-la-semana-pasada-por-etilometrias-positivas-por-no-tener-puntos-en-el-carne-o-por-carecer-del-permiso-de-conducir\/#breadcrumb","itemListElement":[{"@type":"ListItem","position":1,"name":"Portada","item":"https:\/\/www.laguiadepamplona.com\/actualidad\/"},{"@type":"ListItem","position":2,"name":"Detenidas siete personas la semana pasada por etilometr\u00edas positivas, por no tener puntos en el carn\u00e9 o por carecer del permiso de conducir"}]},{"@type":"WebSite","@id":"https:\/\/www.laguiadepamplona.com\/actualidad\/#website","url":"https:\/\/www.laguiadepamplona.com\/actualidad\/","name":"La gu\u00eda de Pamplona","description":"Noticias de Pamplona","publisher":{"@id":"https:\/\/www.laguiadepamplona.com\/actualidad\/#organization"},"potentialAction":[{"@type":"SearchAction","target":{"@type":"EntryPoint","urlTemplate":"https:\/\/www.laguiadepamplona.com\/actualidad\/?s={search_term_string}"},"query-input":{"@type":"PropertyValueSpecification","valueRequired":true,"valueName":"search_term_string"}}],"inLanguage":"es"},{"@type":"Organization","@id":"https:\/\/www.laguiadepamplona.com\/actualidad\/#organization","name":"La Gu\u00eda de Pamplona \/ Noticias","url":"https:\/\/www.laguiadepamplona.com\/actualidad\/","logo":{"@type":"ImageObject","inLanguage":"es","@id":"https:\/\/www.laguiadepamplona.com\/actualidad\/#\/schema\/logo\/image\/","url":"https:\/\/www.laguiadepamplona.com\/actualidad\/wp-content\/uploads\/2018\/11\/logo-laguiadepamplona18-web1.png","contentUrl":"https:\/\/www.laguiadepamplona.com\/actualidad\/wp-content\/uploads\/2018\/11\/logo-laguiadepamplona18-web1.png","width":600,"height":196,"caption":"La Gu\u00eda de Pamplona \/ Noticias"},"image":{"@id":"https:\/\/www.laguiadepamplona.com\/actualidad\/#\/schema\/logo\/image\/"},"sameAs":["https:\/\/www.facebook.com\/laguiadepamplonacom-133175176762273\/?ref=hl","https:\/\/x.com\/LaGuiadPamplona","https:\/\/www.instagram.com\/la_guia_de_pamplona\/","https:\/\/www.youtube.com\/user\/laguiadepamplona"]},{"@type":"Person","@id":"https:\/\/www.laguiadepamplona.com\/actualidad\/#\/schema\/person\/efe887376f0213d4657c93adc50b1fdb","name":"La Gu\u00eda de Pamplona","image":{"@type":"ImageObject","inLanguage":"es","@id":"https:\/\/secure.gravatar.com\/avatar\/b6992f131dc8d30ab0dff15446e9d346d9dbd95992de0fef795073f5ea83a81c?s=96&d=mm&r=g","url":"https:\/\/secure.gravatar.com\/avatar\/b6992f131dc8d30ab0dff15446e9d346d9dbd95992de0fef795073f5ea83a81c?s=96&d=mm&r=g","contentUrl":"https:\/\/secure.gravatar.com\/avatar\/b6992f131dc8d30ab0dff15446e9d346d9dbd95992de0fef795073f5ea83a81c?s=96&d=mm&r=g","caption":"La Gu\u00eda de Pamplona"}}]}},"post_mailing_queue_ids":[],"_links":{"self":[{"href":"https:\/\/www.laguiadepamplona.com\/actualidad\/wp-json\/wp\/v2\/posts\/16155","targetHints":{"allow":["GET"]}}],"collection":[{"href":"https:\/\/www.laguiadepamplona.com\/actualidad\/wp-json\/wp\/v2\/posts"}],"about":[{"href":"https:\/\/www.laguiadepamplona.com\/actualidad\/wp-json\/wp\/v2\/types\/post"}],"author":[{"embeddable":true,"href":"https:\/\/www.laguiadepamplona.com\/actualidad\/wp-json\/wp\/v2\/users\/1"}],"replies":[{"embeddable":true,"href":"https:\/\/www.laguiadepamplona.com\/actualidad\/wp-json\/wp\/v2\/comments?post=16155"}],"version-history":[{"count":0,"href":"https:\/\/www.laguiadepamplona.com\/actualidad\/wp-json\/wp\/v2\/posts\/16155\/revisions"}],"wp:featuredmedia":[{"embeddable":true,"href":"https:\/\/www.laguiadepamplona.com\/actualidad\/wp-json\/wp\/v2\/media\/14501"}],"wp:attachment":[{"href":"https:\/\/www.laguiadepamplona.com\/actualidad\/wp-json\/wp\/v2\/media?parent=16155"}],"wp:term":[{"taxonomy":"category","embeddable":true,"href":"https:\/\/www.laguiadepamplona.com\/actualidad\/wp-json\/wp\/v2\/categories?post=16155"},{"taxonomy":"post_tag","embeddable":true,"href":"https:\/\/www.laguiadepamplona.com\/actualidad\/wp-json\/wp\/v2\/tags?post=16155"}],"curies":[{"name":"wp","href":"https:\/\/api.w.org\/{rel}","templated":true}]}}