{"id":16153,"date":"2018-02-16T17:52:13","date_gmt":"2018-02-16T16:52:13","guid":{"rendered":"http:\/\/laguiadepamplona.es\/actualidad\/?p=16153"},"modified":"2018-02-16T17:52:13","modified_gmt":"2018-02-16T16:52:13","slug":"el-martes-se-dara-a-conocer-en-la-mesa-general-de-san-fermin-el-procedimiento-para-presentar-candidaturas-para-el-lanzamiento-del-chupinazo-2018","status":"publish","type":"post","link":"https:\/\/www.laguiadepamplona.com\/actualidad\/el-martes-se-dara-a-conocer-en-la-mesa-general-de-san-fermin-el-procedimiento-para-presentar-candidaturas-para-el-lanzamiento-del-chupinazo-2018\/","title":{"rendered":"El martes se dar\u00e1 a conocer en la Mesa General de San Ferm\u00edn el procedimiento para presentar candidaturas para el lanzamiento del Chupinazo 2018"},"content":{"rendered":"<h3>Se mantiene, tras la delegaci\u00f3n del alcalde, que cada asociaci\u00f3n puede presentar candidatura y las cinco m\u00e1s apoyadas van a votaci\u00f3n popular<\/h3>\n<p><!--more--><\/p>\n<p>La Mesa General de San Ferm\u00edn se reunir\u00e1 el pr\u00f3ximo martes, 20 de febrero, con un orden del d\u00eda que incluye la explicaci\u00f3n del procedimiento para presentar candidaturas para el lanzamiento del Chupinazo 2018. El encuentro tendr\u00e1 lugar en el Edificio del Ascensor de Descalzos en la calle Descalzos, 56-58 (sala en planta segunda) a las 18.30 horas. Bajo la presidencia de la concejala delegada de Cultura y Educaci\u00f3n, Maider Beloki, han sido convocadas 67 asociaciones y entidades de la ciudad.<\/p>\n<p>El procedimiento ser\u00e1 similar al de 2017 tras delegar por tercer a\u00f1o consecutivo el alcalde de Pamplona, Joseba Asiron, en la ciudadan\u00eda la elecci\u00f3n de la persona o colectivo encargado de lanzar el Chupinazo de 2018. Las asociaciones representadas en la Mesa General de Sanfermines podr\u00e1n presentar cada una de ella una propuesta como m\u00e1ximo que incluir\u00e1 a la persona f\u00edsica o jur\u00eddica que se plantea as\u00ed como su autorizaci\u00f3n expresa y una breve memoria con los m\u00e9ritos a valorar, m\u00e9ritos centrados en la aportaci\u00f3n que ha hecho a Pamplona en el \u00e1mbito social, acad\u00e9mico, cient\u00edfico y cultural, y que respete los valores democr\u00e1ticos y de convivencia de la ciudad. No pueden hacer propuestas los partidos pol\u00edticos ni los representantes municipales que integran la Mesa.<\/p>\n<p><strong>Presentaci\u00f3n de candidaturas desde el 3 al 23 de mayo<\/strong><\/p>\n<p>Las propuestas se presentar\u00e1n desde el 3 hasta el 23 de mayo en los registros municipales. Las candidaturas propuestas el a\u00f1o pasado no podr\u00e1n repetirse en 2018 y las propuestas en ediciones anteriores deber\u00e1n esperar al menos un a\u00f1o para volver a ser presentadas. No se aceptar\u00e1n propuestas presentadas por otros medios (correo postal, correo electr\u00f3nico, web o tel\u00e9fono).<\/p>\n<p>El listado de propuestas recibidas ser\u00e1 presentado posteriormente en la Mesa General de Sanfermines del 30 de mayo, d\u00eda en el que las asociaciones y colectivos votar\u00e1n 5 candidaturas de entre las presentadas mediante sistema de votaci\u00f3n del 1 al 5. Las 5 m\u00e1s votadas pasar\u00e1n a la valoraci\u00f3n de la Comisi\u00f3n T\u00e9cnica que estar\u00e1 compuesta por la direcci\u00f3n y secretar\u00eda t\u00e9cnica de las \u00e1reas de Gobierno Transparente; Cultura, Pol\u00edtica Ling\u00fc\u00edstica, Educaci\u00f3n y Deporte y de Participaci\u00f3n Ciudadana y Empoderamiento Social para comprobar que todas ellas cumplen los requisitos establecidos en el Reglamento de elecci\u00f3n. Por \u00faltimo, el Consistorio abrir\u00e1 la votaci\u00f3n popular en la que se seleccionar\u00e1 la entidad o persona que lance el Chupinazo. Esa votaci\u00f3n se celebrar\u00e1 entre el 7 y el 21 de junio.<\/p>\n<p>Con esta delegaci\u00f3n, el alcalde quiere fomentar una mayor implicaci\u00f3n de la ciudadan\u00eda y del asociacionismo en la toma de decisiones. Tradicionalmente la delegaci\u00f3n era, de forma rotatoria, bien en representantes de algunos de los grupos pol\u00edticos con presencia en el Consistorio, o bien en entidades, asociaciones o clubes deportivos a los que directamente desde Alcald\u00eda se quer\u00eda dispensar un reconocimiento especial.<\/p>\n<p>&nbsp;<\/p>\n<p><strong>Composici\u00f3n de asociaciones y entidades de la Mesa General de Sanfermines 2017<\/strong><\/p>\n<ul>\n<li>AEHN<\/li>\n<li>ANAPEH<\/li>\n<li>ASOCIACI\u00d3N COMERCIANTES DEL CASCO ANTIGUO<\/li>\n<li>ASOCIACI\u00d3N COMERCIANTES DEL II ENSANCHE<\/li>\n<li>ASOCIACI\u00d3N DE INDUSTRIALES FERIANTES DE NAVARRA<\/li>\n<li>ASOCIACI\u00d3N DE JUBILADOS Y PENSIONISTAS SASOIAK<\/li>\n<li>ASOCIACION DE JUBILADOS Y PENSIONISTAS YOAR<\/li>\n<li>ASOCIACI\u00d3N DE PRENSA DE NAVARRA<\/li>\n<li>ASOCIACI\u00d3N DE TXISTULARIS DE EUSKALHERRIA<\/li>\n<li>ASOCIACION DE VECINOS DEL CACO VIEJO<\/li>\n<li>ASOCIACION DE VECINOS DEL ENSANCHE<\/li>\n<li>ASOCOLON<\/li>\n<li>C\u00c1MARA DE COMERCIO<\/li>\n<li>CASA MISERICORDIA<\/li>\n<li>COMISI\u00d3N DE FIESTAS DE LOS BARRIOS<\/li>\n<li>COMPARSA DE GIGANTES<\/li>\n<li>CONCEJAL DELEGADO DE PARTICIPACION CIUDADANA<\/li>\n<li>CONCEJALA DELEGADA DE SEGURIDAD CIUDADANA<\/li>\n<li>CONCEJAL DELEGADO DE CIUDAD HABITABLE Y VIVIENDA<\/li>\n<li>CONCEJALA DELEGADA DE ECONOMIA Y RECURSOS HUMANOS<\/li>\n<li>CONCEJALA DELEGADA DE IGUALDAD<\/li>\n<li>CONSEJO DE LA JUVENTUD<\/li>\n<li>CONSEJO DE LA MUJER<\/li>\n<li>CONSEJO DEL MAYOR<\/li>\n<li>CONVIVIR EN LO VIEJO<\/li>\n<li>CORMIN<\/li>\n<li>CORREDORES DEL ENCIERRO<\/li>\n<li>CRUZ ROJA<\/li>\n<li>DEPARTAMENTO DE ACTIVIDADES CULTURALES DE LA UPNA<\/li>\n<li>DOBLADORES Y PASTORES DEL ENCIERRO<\/li>\n<li>DUGUNA-IRU\u00d1EKO DANTZARIAK \/ DANTZARIS DE PAMPLONA<\/li>\n<li>DYA<\/li>\n<li>EH 11 KOLORE<\/li>\n<li>EUSKALGINTZA<\/li>\n<li>FAIN<\/li>\n<li>FEDERACI\u00d3N DE CASAS REGIONALES<\/li>\n<li>FEDERACI\u00d3N DE DANTZARIS<\/li>\n<li>FEDERACI\u00d3N DE PE\u00d1AS<\/li>\n<li>FEDERACI\u00d3N DE TXISTULARIS<\/li>\n<li>FEDERACI\u00d3N TAURINA DE NAVARRA<\/li>\n<li>FUNDACION BALUARTE<\/li>\n<li>FUNDACI\u00d3N GAYARRE<\/li>\n<li>GAITEROS MUNICIPALES<\/li>\n<li>GORA IRU\u00d1EA<\/li>\n<li>GRUPO DEL CONSEJO SANFERMINES EN IGUALDAD DEL AYUNTAMIENTO<\/li>\n<li>GRUPO MUNICIPAL ARANZADI<\/li>\n<li>GRUPO MUNICIPAL EH BILDU<\/li>\n<li>GRUPO MUNICIPAL GEROA BAI<\/li>\n<li>GRUPO MUNICIPAL IZKIERDA EZKERRA<\/li>\n<li>GRUPO MUNICIPAL SOCIALISTA<\/li>\n<li>GRUPO MUNICIPAL UPN<\/li>\n<li>IRUINDARROAK GAZTE PE\u00d1A<\/li>\n<li>MANCOMUNIDAD DE LA COMARCA DE PAMPLONA: TRANSPORTE Y RESIDUOS<\/li>\n<li>MESA DE LA JUVENTUD<\/li>\n<li>MOVIMIENTO LGTB<\/li>\n<li>NAFARROA OINEZ<\/li>\n<li>NAFARROAKO BERTSOZALEEN ELKARTEA<\/li>\n<li>NAFARROAKO EUSKAL KANTUZALEEN ELKARTEA<\/li>\n<li>ORREAGA<\/li>\n<li>PAMPLONA ORAIN<\/li>\n<li>PAMPLONESA<\/li>\n<li>PLATAFORMA DE MUJERES CONTRA LA VIOLENCIA SEXISTA<\/li>\n<li>SAN FERMIN GOGOAN 78<\/li>\n<li>SOBREVIVIR EN LO VIEJO<\/li>\n<li>SOS RACISMO<\/li>\n<li>TXISTULARIS MUNICIPALES<\/li>\n<li>TXOKO FEMINISTA<\/li>\n<\/ul>\n<p>&nbsp;<\/p>\n<p>&nbsp;<\/p>\n","protected":false},"excerpt":{"rendered":"<p>Se mantiene, tras la delegaci\u00f3n del alcalde, que cada asociaci\u00f3n puede presentar candidatura y las cinco m\u00e1s apoyadas van a votaci\u00f3n popular<\/p>\n","protected":false},"author":1,"featured_media":13721,"comment_status":"open","ping_status":"closed","sticky":false,"template":"","format":"standard","meta":{"footnotes":""},"categories":[2],"tags":[],"class_list":["post-16153","post","type-post","status-publish","format-standard","has-post-thumbnail","hentry","category-ayuntamiento-pamplona"],"yoast_head":"<!-- This site is optimized with the Yoast SEO plugin v27.5 - https:\/\/yoast.com\/product\/yoast-seo-wordpress\/ -->\n<title>El martes se dar\u00e1 a conocer en la Mesa General de San Ferm\u00edn el procedimiento para presentar candidaturas para el lanzamiento del Chupinazo 2018<\/title>\n<meta name=\"robots\" content=\"index, follow, max-snippet:-1, max-image-preview:large, max-video-preview:-1\" \/>\n<link rel=\"canonical\" href=\"https:\/\/www.laguiadepamplona.com\/actualidad\/el-martes-se-dara-a-conocer-en-la-mesa-general-de-san-fermin-el-procedimiento-para-presentar-candidaturas-para-el-lanzamiento-del-chupinazo-2018\/\" \/>\n<meta property=\"og:locale\" content=\"es_ES\" \/>\n<meta property=\"og:type\" content=\"article\" \/>\n<meta property=\"og:title\" content=\"El martes se dar\u00e1 a conocer en la Mesa General de San Ferm\u00edn el procedimiento para presentar candidaturas para el lanzamiento del Chupinazo 2018\" \/>\n<meta property=\"og:description\" content=\"Se mantiene, tras la delegaci\u00f3n del alcalde, que cada asociaci\u00f3n puede presentar candidatura y las cinco m\u00e1s apoyadas van a votaci\u00f3n popular\" \/>\n<meta property=\"og:url\" content=\"https:\/\/www.laguiadepamplona.com\/actualidad\/el-martes-se-dara-a-conocer-en-la-mesa-general-de-san-fermin-el-procedimiento-para-presentar-candidaturas-para-el-lanzamiento-del-chupinazo-2018\/\" \/>\n<meta property=\"og:site_name\" content=\"La Gu\u00eda de Pamplona\" \/>\n<meta property=\"article:publisher\" content=\"https:\/\/www.facebook.com\/laguiadepamplonacom-133175176762273\/?ref=hl\" \/>\n<meta property=\"article:published_time\" content=\"2018-02-16T16:52:13+00:00\" \/>\n<meta property=\"og:image\" content=\"https:\/\/www.laguiadepamplona.com\/actualidad\/wp-content\/uploads\/2017\/06\/encierro-san-fermin.jpg\" \/>\n\t<meta property=\"og:image:width\" content=\"1000\" \/>\n\t<meta property=\"og:image:height\" content=\"667\" \/>\n\t<meta property=\"og:image:type\" content=\"image\/jpeg\" \/>\n<meta name=\"author\" content=\"La Gu\u00eda de Pamplona\" \/>\n<meta name=\"twitter:card\" content=\"summary_large_image\" \/>\n<meta name=\"twitter:creator\" content=\"@LaGuiadPamplona\" \/>\n<meta name=\"twitter:site\" content=\"@LaGuiadPamplona\" \/>\n<meta name=\"twitter:label1\" content=\"Escrito por\" \/>\n\t<meta name=\"twitter:data1\" content=\"La Gu\u00eda de Pamplona\" \/>\n\t<meta name=\"twitter:label2\" content=\"Tiempo de lectura\" \/>\n\t<meta name=\"twitter:data2\" content=\"4 minutos\" \/>\n<script type=\"application\/ld+json\" class=\"yoast-schema-graph\">{\"@context\":\"https:\\\/\\\/schema.org\",\"@graph\":[{\"@type\":\"Article\",\"@id\":\"https:\\\/\\\/www.laguiadepamplona.com\\\/actualidad\\\/el-martes-se-dara-a-conocer-en-la-mesa-general-de-san-fermin-el-procedimiento-para-presentar-candidaturas-para-el-lanzamiento-del-chupinazo-2018\\\/#article\",\"isPartOf\":{\"@id\":\"https:\\\/\\\/www.laguiadepamplona.com\\\/actualidad\\\/el-martes-se-dara-a-conocer-en-la-mesa-general-de-san-fermin-el-procedimiento-para-presentar-candidaturas-para-el-lanzamiento-del-chupinazo-2018\\\/\"},\"author\":{\"name\":\"La Gu\u00eda de Pamplona\",\"@id\":\"https:\\\/\\\/www.laguiadepamplona.com\\\/actualidad\\\/#\\\/schema\\\/person\\\/efe887376f0213d4657c93adc50b1fdb\"},\"headline\":\"El martes se dar\u00e1 a conocer en la Mesa General de San Ferm\u00edn el procedimiento para presentar candidaturas para el lanzamiento del Chupinazo 2018\",\"datePublished\":\"2018-02-16T16:52:13+00:00\",\"mainEntityOfPage\":{\"@id\":\"https:\\\/\\\/www.laguiadepamplona.com\\\/actualidad\\\/el-martes-se-dara-a-conocer-en-la-mesa-general-de-san-fermin-el-procedimiento-para-presentar-candidaturas-para-el-lanzamiento-del-chupinazo-2018\\\/\"},\"wordCount\":826,\"commentCount\":0,\"publisher\":{\"@id\":\"https:\\\/\\\/www.laguiadepamplona.com\\\/actualidad\\\/#organization\"},\"image\":{\"@id\":\"https:\\\/\\\/www.laguiadepamplona.com\\\/actualidad\\\/el-martes-se-dara-a-conocer-en-la-mesa-general-de-san-fermin-el-procedimiento-para-presentar-candidaturas-para-el-lanzamiento-del-chupinazo-2018\\\/#primaryimage\"},\"thumbnailUrl\":\"https:\\\/\\\/www.laguiadepamplona.com\\\/actualidad\\\/wp-content\\\/uploads\\\/2017\\\/06\\\/encierro-san-fermin.jpg\",\"articleSection\":[\"Ayto Pamplona\"],\"inLanguage\":\"es\",\"potentialAction\":[{\"@type\":\"CommentAction\",\"name\":\"Comment\",\"target\":[\"https:\\\/\\\/www.laguiadepamplona.com\\\/actualidad\\\/el-martes-se-dara-a-conocer-en-la-mesa-general-de-san-fermin-el-procedimiento-para-presentar-candidaturas-para-el-lanzamiento-del-chupinazo-2018\\\/#respond\"]}]},{\"@type\":\"WebPage\",\"@id\":\"https:\\\/\\\/www.laguiadepamplona.com\\\/actualidad\\\/el-martes-se-dara-a-conocer-en-la-mesa-general-de-san-fermin-el-procedimiento-para-presentar-candidaturas-para-el-lanzamiento-del-chupinazo-2018\\\/\",\"url\":\"https:\\\/\\\/www.laguiadepamplona.com\\\/actualidad\\\/el-martes-se-dara-a-conocer-en-la-mesa-general-de-san-fermin-el-procedimiento-para-presentar-candidaturas-para-el-lanzamiento-del-chupinazo-2018\\\/\",\"name\":\"El martes se dar\u00e1 a conocer en la Mesa General de San Ferm\u00edn el procedimiento para presentar candidaturas para el lanzamiento del Chupinazo 2018\",\"isPartOf\":{\"@id\":\"https:\\\/\\\/www.laguiadepamplona.com\\\/actualidad\\\/#website\"},\"primaryImageOfPage\":{\"@id\":\"https:\\\/\\\/www.laguiadepamplona.com\\\/actualidad\\\/el-martes-se-dara-a-conocer-en-la-mesa-general-de-san-fermin-el-procedimiento-para-presentar-candidaturas-para-el-lanzamiento-del-chupinazo-2018\\\/#primaryimage\"},\"image\":{\"@id\":\"https:\\\/\\\/www.laguiadepamplona.com\\\/actualidad\\\/el-martes-se-dara-a-conocer-en-la-mesa-general-de-san-fermin-el-procedimiento-para-presentar-candidaturas-para-el-lanzamiento-del-chupinazo-2018\\\/#primaryimage\"},\"thumbnailUrl\":\"https:\\\/\\\/www.laguiadepamplona.com\\\/actualidad\\\/wp-content\\\/uploads\\\/2017\\\/06\\\/encierro-san-fermin.jpg\",\"datePublished\":\"2018-02-16T16:52:13+00:00\",\"breadcrumb\":{\"@id\":\"https:\\\/\\\/www.laguiadepamplona.com\\\/actualidad\\\/el-martes-se-dara-a-conocer-en-la-mesa-general-de-san-fermin-el-procedimiento-para-presentar-candidaturas-para-el-lanzamiento-del-chupinazo-2018\\\/#breadcrumb\"},\"inLanguage\":\"es\",\"potentialAction\":[{\"@type\":\"ReadAction\",\"target\":[\"https:\\\/\\\/www.laguiadepamplona.com\\\/actualidad\\\/el-martes-se-dara-a-conocer-en-la-mesa-general-de-san-fermin-el-procedimiento-para-presentar-candidaturas-para-el-lanzamiento-del-chupinazo-2018\\\/\"]}]},{\"@type\":\"ImageObject\",\"inLanguage\":\"es\",\"@id\":\"https:\\\/\\\/www.laguiadepamplona.com\\\/actualidad\\\/el-martes-se-dara-a-conocer-en-la-mesa-general-de-san-fermin-el-procedimiento-para-presentar-candidaturas-para-el-lanzamiento-del-chupinazo-2018\\\/#primaryimage\",\"url\":\"https:\\\/\\\/www.laguiadepamplona.com\\\/actualidad\\\/wp-content\\\/uploads\\\/2017\\\/06\\\/encierro-san-fermin.jpg\",\"contentUrl\":\"https:\\\/\\\/www.laguiadepamplona.com\\\/actualidad\\\/wp-content\\\/uploads\\\/2017\\\/06\\\/encierro-san-fermin.jpg\",\"width\":1000,\"height\":667},{\"@type\":\"BreadcrumbList\",\"@id\":\"https:\\\/\\\/www.laguiadepamplona.com\\\/actualidad\\\/el-martes-se-dara-a-conocer-en-la-mesa-general-de-san-fermin-el-procedimiento-para-presentar-candidaturas-para-el-lanzamiento-del-chupinazo-2018\\\/#breadcrumb\",\"itemListElement\":[{\"@type\":\"ListItem\",\"position\":1,\"name\":\"Portada\",\"item\":\"https:\\\/\\\/www.laguiadepamplona.com\\\/actualidad\\\/\"},{\"@type\":\"ListItem\",\"position\":2,\"name\":\"El martes se dar\u00e1 a conocer en la Mesa General de San Ferm\u00edn el procedimiento para presentar candidaturas para el lanzamiento del Chupinazo 2018\"}]},{\"@type\":\"WebSite\",\"@id\":\"https:\\\/\\\/www.laguiadepamplona.com\\\/actualidad\\\/#website\",\"url\":\"https:\\\/\\\/www.laguiadepamplona.com\\\/actualidad\\\/\",\"name\":\"La gu\u00eda de Pamplona\",\"description\":\"Noticias de Pamplona\",\"publisher\":{\"@id\":\"https:\\\/\\\/www.laguiadepamplona.com\\\/actualidad\\\/#organization\"},\"potentialAction\":[{\"@type\":\"SearchAction\",\"target\":{\"@type\":\"EntryPoint\",\"urlTemplate\":\"https:\\\/\\\/www.laguiadepamplona.com\\\/actualidad\\\/?s={search_term_string}\"},\"query-input\":{\"@type\":\"PropertyValueSpecification\",\"valueRequired\":true,\"valueName\":\"search_term_string\"}}],\"inLanguage\":\"es\"},{\"@type\":\"Organization\",\"@id\":\"https:\\\/\\\/www.laguiadepamplona.com\\\/actualidad\\\/#organization\",\"name\":\"La Gu\u00eda de Pamplona \\\/ Noticias\",\"url\":\"https:\\\/\\\/www.laguiadepamplona.com\\\/actualidad\\\/\",\"logo\":{\"@type\":\"ImageObject\",\"inLanguage\":\"es\",\"@id\":\"https:\\\/\\\/www.laguiadepamplona.com\\\/actualidad\\\/#\\\/schema\\\/logo\\\/image\\\/\",\"url\":\"https:\\\/\\\/www.laguiadepamplona.com\\\/actualidad\\\/wp-content\\\/uploads\\\/2018\\\/11\\\/logo-laguiadepamplona18-web1.png\",\"contentUrl\":\"https:\\\/\\\/www.laguiadepamplona.com\\\/actualidad\\\/wp-content\\\/uploads\\\/2018\\\/11\\\/logo-laguiadepamplona18-web1.png\",\"width\":600,\"height\":196,\"caption\":\"La Gu\u00eda de Pamplona \\\/ Noticias\"},\"image\":{\"@id\":\"https:\\\/\\\/www.laguiadepamplona.com\\\/actualidad\\\/#\\\/schema\\\/logo\\\/image\\\/\"},\"sameAs\":[\"https:\\\/\\\/www.facebook.com\\\/laguiadepamplonacom-133175176762273\\\/?ref=hl\",\"https:\\\/\\\/x.com\\\/LaGuiadPamplona\",\"https:\\\/\\\/www.instagram.com\\\/la_guia_de_pamplona\\\/\",\"https:\\\/\\\/www.youtube.com\\\/user\\\/laguiadepamplona\"]},{\"@type\":\"Person\",\"@id\":\"https:\\\/\\\/www.laguiadepamplona.com\\\/actualidad\\\/#\\\/schema\\\/person\\\/efe887376f0213d4657c93adc50b1fdb\",\"name\":\"La Gu\u00eda de Pamplona\",\"image\":{\"@type\":\"ImageObject\",\"inLanguage\":\"es\",\"@id\":\"https:\\\/\\\/secure.gravatar.com\\\/avatar\\\/b6992f131dc8d30ab0dff15446e9d346d9dbd95992de0fef795073f5ea83a81c?s=96&d=mm&r=g\",\"url\":\"https:\\\/\\\/secure.gravatar.com\\\/avatar\\\/b6992f131dc8d30ab0dff15446e9d346d9dbd95992de0fef795073f5ea83a81c?s=96&d=mm&r=g\",\"contentUrl\":\"https:\\\/\\\/secure.gravatar.com\\\/avatar\\\/b6992f131dc8d30ab0dff15446e9d346d9dbd95992de0fef795073f5ea83a81c?s=96&d=mm&r=g\",\"caption\":\"La Gu\u00eda de Pamplona\"}}]}<\/script>\n<!-- \/ Yoast SEO plugin. -->","yoast_head_json":{"title":"El martes se dar\u00e1 a conocer en la Mesa General de San Ferm\u00edn el procedimiento para presentar candidaturas para el lanzamiento del Chupinazo 2018","robots":{"index":"index","follow":"follow","max-snippet":"max-snippet:-1","max-image-preview":"max-image-preview:large","max-video-preview":"max-video-preview:-1"},"canonical":"https:\/\/www.laguiadepamplona.com\/actualidad\/el-martes-se-dara-a-conocer-en-la-mesa-general-de-san-fermin-el-procedimiento-para-presentar-candidaturas-para-el-lanzamiento-del-chupinazo-2018\/","og_locale":"es_ES","og_type":"article","og_title":"El martes se dar\u00e1 a conocer en la Mesa General de San Ferm\u00edn el procedimiento para presentar candidaturas para el lanzamiento del Chupinazo 2018","og_description":"Se mantiene, tras la delegaci\u00f3n del alcalde, que cada asociaci\u00f3n puede presentar candidatura y las cinco m\u00e1s apoyadas van a votaci\u00f3n popular","og_url":"https:\/\/www.laguiadepamplona.com\/actualidad\/el-martes-se-dara-a-conocer-en-la-mesa-general-de-san-fermin-el-procedimiento-para-presentar-candidaturas-para-el-lanzamiento-del-chupinazo-2018\/","og_site_name":"La Gu\u00eda de Pamplona","article_publisher":"https:\/\/www.facebook.com\/laguiadepamplonacom-133175176762273\/?ref=hl","article_published_time":"2018-02-16T16:52:13+00:00","og_image":[{"width":1000,"height":667,"url":"https:\/\/www.laguiadepamplona.com\/actualidad\/wp-content\/uploads\/2017\/06\/encierro-san-fermin.jpg","type":"image\/jpeg"}],"author":"La Gu\u00eda de Pamplona","twitter_card":"summary_large_image","twitter_creator":"@LaGuiadPamplona","twitter_site":"@LaGuiadPamplona","twitter_misc":{"Escrito por":"La Gu\u00eda de Pamplona","Tiempo de lectura":"4 minutos"},"schema":{"@context":"https:\/\/schema.org","@graph":[{"@type":"Article","@id":"https:\/\/www.laguiadepamplona.com\/actualidad\/el-martes-se-dara-a-conocer-en-la-mesa-general-de-san-fermin-el-procedimiento-para-presentar-candidaturas-para-el-lanzamiento-del-chupinazo-2018\/#article","isPartOf":{"@id":"https:\/\/www.laguiadepamplona.com\/actualidad\/el-martes-se-dara-a-conocer-en-la-mesa-general-de-san-fermin-el-procedimiento-para-presentar-candidaturas-para-el-lanzamiento-del-chupinazo-2018\/"},"author":{"name":"La Gu\u00eda de Pamplona","@id":"https:\/\/www.laguiadepamplona.com\/actualidad\/#\/schema\/person\/efe887376f0213d4657c93adc50b1fdb"},"headline":"El martes se dar\u00e1 a conocer en la Mesa General de San Ferm\u00edn el procedimiento para presentar candidaturas para el lanzamiento del Chupinazo 2018","datePublished":"2018-02-16T16:52:13+00:00","mainEntityOfPage":{"@id":"https:\/\/www.laguiadepamplona.com\/actualidad\/el-martes-se-dara-a-conocer-en-la-mesa-general-de-san-fermin-el-procedimiento-para-presentar-candidaturas-para-el-lanzamiento-del-chupinazo-2018\/"},"wordCount":826,"commentCount":0,"publisher":{"@id":"https:\/\/www.laguiadepamplona.com\/actualidad\/#organization"},"image":{"@id":"https:\/\/www.laguiadepamplona.com\/actualidad\/el-martes-se-dara-a-conocer-en-la-mesa-general-de-san-fermin-el-procedimiento-para-presentar-candidaturas-para-el-lanzamiento-del-chupinazo-2018\/#primaryimage"},"thumbnailUrl":"https:\/\/www.laguiadepamplona.com\/actualidad\/wp-content\/uploads\/2017\/06\/encierro-san-fermin.jpg","articleSection":["Ayto Pamplona"],"inLanguage":"es","potentialAction":[{"@type":"CommentAction","name":"Comment","target":["https:\/\/www.laguiadepamplona.com\/actualidad\/el-martes-se-dara-a-conocer-en-la-mesa-general-de-san-fermin-el-procedimiento-para-presentar-candidaturas-para-el-lanzamiento-del-chupinazo-2018\/#respond"]}]},{"@type":"WebPage","@id":"https:\/\/www.laguiadepamplona.com\/actualidad\/el-martes-se-dara-a-conocer-en-la-mesa-general-de-san-fermin-el-procedimiento-para-presentar-candidaturas-para-el-lanzamiento-del-chupinazo-2018\/","url":"https:\/\/www.laguiadepamplona.com\/actualidad\/el-martes-se-dara-a-conocer-en-la-mesa-general-de-san-fermin-el-procedimiento-para-presentar-candidaturas-para-el-lanzamiento-del-chupinazo-2018\/","name":"El martes se dar\u00e1 a conocer en la Mesa General de San Ferm\u00edn el procedimiento para presentar candidaturas para el lanzamiento del Chupinazo 2018","isPartOf":{"@id":"https:\/\/www.laguiadepamplona.com\/actualidad\/#website"},"primaryImageOfPage":{"@id":"https:\/\/www.laguiadepamplona.com\/actualidad\/el-martes-se-dara-a-conocer-en-la-mesa-general-de-san-fermin-el-procedimiento-para-presentar-candidaturas-para-el-lanzamiento-del-chupinazo-2018\/#primaryimage"},"image":{"@id":"https:\/\/www.laguiadepamplona.com\/actualidad\/el-martes-se-dara-a-conocer-en-la-mesa-general-de-san-fermin-el-procedimiento-para-presentar-candidaturas-para-el-lanzamiento-del-chupinazo-2018\/#primaryimage"},"thumbnailUrl":"https:\/\/www.laguiadepamplona.com\/actualidad\/wp-content\/uploads\/2017\/06\/encierro-san-fermin.jpg","datePublished":"2018-02-16T16:52:13+00:00","breadcrumb":{"@id":"https:\/\/www.laguiadepamplona.com\/actualidad\/el-martes-se-dara-a-conocer-en-la-mesa-general-de-san-fermin-el-procedimiento-para-presentar-candidaturas-para-el-lanzamiento-del-chupinazo-2018\/#breadcrumb"},"inLanguage":"es","potentialAction":[{"@type":"ReadAction","target":["https:\/\/www.laguiadepamplona.com\/actualidad\/el-martes-se-dara-a-conocer-en-la-mesa-general-de-san-fermin-el-procedimiento-para-presentar-candidaturas-para-el-lanzamiento-del-chupinazo-2018\/"]}]},{"@type":"ImageObject","inLanguage":"es","@id":"https:\/\/www.laguiadepamplona.com\/actualidad\/el-martes-se-dara-a-conocer-en-la-mesa-general-de-san-fermin-el-procedimiento-para-presentar-candidaturas-para-el-lanzamiento-del-chupinazo-2018\/#primaryimage","url":"https:\/\/www.laguiadepamplona.com\/actualidad\/wp-content\/uploads\/2017\/06\/encierro-san-fermin.jpg","contentUrl":"https:\/\/www.laguiadepamplona.com\/actualidad\/wp-content\/uploads\/2017\/06\/encierro-san-fermin.jpg","width":1000,"height":667},{"@type":"BreadcrumbList","@id":"https:\/\/www.laguiadepamplona.com\/actualidad\/el-martes-se-dara-a-conocer-en-la-mesa-general-de-san-fermin-el-procedimiento-para-presentar-candidaturas-para-el-lanzamiento-del-chupinazo-2018\/#breadcrumb","itemListElement":[{"@type":"ListItem","position":1,"name":"Portada","item":"https:\/\/www.laguiadepamplona.com\/actualidad\/"},{"@type":"ListItem","position":2,"name":"El martes se dar\u00e1 a conocer en la Mesa General de San Ferm\u00edn el procedimiento para presentar candidaturas para el lanzamiento del Chupinazo 2018"}]},{"@type":"WebSite","@id":"https:\/\/www.laguiadepamplona.com\/actualidad\/#website","url":"https:\/\/www.laguiadepamplona.com\/actualidad\/","name":"La gu\u00eda de Pamplona","description":"Noticias de Pamplona","publisher":{"@id":"https:\/\/www.laguiadepamplona.com\/actualidad\/#organization"},"potentialAction":[{"@type":"SearchAction","target":{"@type":"EntryPoint","urlTemplate":"https:\/\/www.laguiadepamplona.com\/actualidad\/?s={search_term_string}"},"query-input":{"@type":"PropertyValueSpecification","valueRequired":true,"valueName":"search_term_string"}}],"inLanguage":"es"},{"@type":"Organization","@id":"https:\/\/www.laguiadepamplona.com\/actualidad\/#organization","name":"La Gu\u00eda de Pamplona \/ Noticias","url":"https:\/\/www.laguiadepamplona.com\/actualidad\/","logo":{"@type":"ImageObject","inLanguage":"es","@id":"https:\/\/www.laguiadepamplona.com\/actualidad\/#\/schema\/logo\/image\/","url":"https:\/\/www.laguiadepamplona.com\/actualidad\/wp-content\/uploads\/2018\/11\/logo-laguiadepamplona18-web1.png","contentUrl":"https:\/\/www.laguiadepamplona.com\/actualidad\/wp-content\/uploads\/2018\/11\/logo-laguiadepamplona18-web1.png","width":600,"height":196,"caption":"La Gu\u00eda de Pamplona \/ Noticias"},"image":{"@id":"https:\/\/www.laguiadepamplona.com\/actualidad\/#\/schema\/logo\/image\/"},"sameAs":["https:\/\/www.facebook.com\/laguiadepamplonacom-133175176762273\/?ref=hl","https:\/\/x.com\/LaGuiadPamplona","https:\/\/www.instagram.com\/la_guia_de_pamplona\/","https:\/\/www.youtube.com\/user\/laguiadepamplona"]},{"@type":"Person","@id":"https:\/\/www.laguiadepamplona.com\/actualidad\/#\/schema\/person\/efe887376f0213d4657c93adc50b1fdb","name":"La Gu\u00eda de Pamplona","image":{"@type":"ImageObject","inLanguage":"es","@id":"https:\/\/secure.gravatar.com\/avatar\/b6992f131dc8d30ab0dff15446e9d346d9dbd95992de0fef795073f5ea83a81c?s=96&d=mm&r=g","url":"https:\/\/secure.gravatar.com\/avatar\/b6992f131dc8d30ab0dff15446e9d346d9dbd95992de0fef795073f5ea83a81c?s=96&d=mm&r=g","contentUrl":"https:\/\/secure.gravatar.com\/avatar\/b6992f131dc8d30ab0dff15446e9d346d9dbd95992de0fef795073f5ea83a81c?s=96&d=mm&r=g","caption":"La Gu\u00eda de Pamplona"}}]}},"post_mailing_queue_ids":[],"_links":{"self":[{"href":"https:\/\/www.laguiadepamplona.com\/actualidad\/wp-json\/wp\/v2\/posts\/16153","targetHints":{"allow":["GET"]}}],"collection":[{"href":"https:\/\/www.laguiadepamplona.com\/actualidad\/wp-json\/wp\/v2\/posts"}],"about":[{"href":"https:\/\/www.laguiadepamplona.com\/actualidad\/wp-json\/wp\/v2\/types\/post"}],"author":[{"embeddable":true,"href":"https:\/\/www.laguiadepamplona.com\/actualidad\/wp-json\/wp\/v2\/users\/1"}],"replies":[{"embeddable":true,"href":"https:\/\/www.laguiadepamplona.com\/actualidad\/wp-json\/wp\/v2\/comments?post=16153"}],"version-history":[{"count":0,"href":"https:\/\/www.laguiadepamplona.com\/actualidad\/wp-json\/wp\/v2\/posts\/16153\/revisions"}],"wp:featuredmedia":[{"embeddable":true,"href":"https:\/\/www.laguiadepamplona.com\/actualidad\/wp-json\/wp\/v2\/media\/13721"}],"wp:attachment":[{"href":"https:\/\/www.laguiadepamplona.com\/actualidad\/wp-json\/wp\/v2\/media?parent=16153"}],"wp:term":[{"taxonomy":"category","embeddable":true,"href":"https:\/\/www.laguiadepamplona.com\/actualidad\/wp-json\/wp\/v2\/categories?post=16153"},{"taxonomy":"post_tag","embeddable":true,"href":"https:\/\/www.laguiadepamplona.com\/actualidad\/wp-json\/wp\/v2\/tags?post=16153"}],"curies":[{"name":"wp","href":"https:\/\/api.w.org\/{rel}","templated":true}]}}