{"id":16150,"date":"2018-02-16T13:54:53","date_gmt":"2018-02-16T12:54:53","guid":{"rendered":"http:\/\/laguiadepamplona.es\/actualidad\/?p=16150"},"modified":"2018-02-16T13:54:53","modified_gmt":"2018-02-16T12:54:53","slug":"20-personas-cuatro-de-ellas-mujeres-comienzan-a-formarse-en-un-programa-integrado-expres-de-montaje-prefabricados-de-yeso-para-mejorar-su-empleabilidad","status":"publish","type":"post","link":"https:\/\/www.laguiadepamplona.com\/actualidad\/20-personas-cuatro-de-ellas-mujeres-comienzan-a-formarse-en-un-programa-integrado-expres-de-montaje-prefabricados-de-yeso-para-mejorar-su-empleabilidad\/","title":{"rendered":"20 personas, cuatro de ellas mujeres, comienzan a formarse en un programa integrado expr\u00e9s de montaje prefabricados de yeso para mejorar su empleabilidad"},"content":{"rendered":"<h3>La iniciativa est\u00e1 cofinanciada por Ayuntamiento de Pamplona y Gobierno de Navarra a trav\u00e9s del Servicio Navarro de Empleo (SNE)<\/h3>\n<p><!--more--><\/p>\n<p>Hoy se ha realizado el acto de acogida al alumnado de la nueva formaci\u00f3n para el empleo emprendida por el Ayuntamiento de Pamplona y cofinanciada por esta entidad, junto con Gobierno de Navarra, a trav\u00e9s del Servicio Navarro de Empleo (SNE). La concejala delegada de Acci\u00f3n Social, Edurne Eguino, acompa\u00f1ada por la directora del \u00c1rea, Marisol de la Nava, se han acercado pasado el mediod\u00eda hasta los locales municipales de Landaben. All\u00ed han tenido un encuentro con los 16 alumnos y las 4 alumnas que durante los pr\u00f3ximos cuatro meses realizar\u00e1n el \u201cCurso b\u00e1sico de montaje de prefabricados de con placa de yeso laminado\u201d.<\/p>\n<p>Este programa de formaci\u00f3n para el empleo englobar\u00e1 colocaci\u00f3n de placa de yeso laminado, alba\u00f1iler\u00eda b\u00e1sica y ejecuci\u00f3n de diferentes trabajos de pintura, mejorando sustancialmente el grado de capacitaci\u00f3n de las personas participantes. El perfil del alumnado, pese al importante porcentaje de mujeres (20% del total) es de un var\u00f3n, de una media de edad de 30 a\u00f1os, de los que un 65% procede de Pamplona (el 35% pertenece a localidades de la Comarca). Un 50% de las personas admitidas est\u00e1n derivadas directamente de los servicios sociales municipales.<\/p>\n<p>El PIFE, el segundo que inicia el Ayuntamiento de Pamplona, consta de un itinerario formativo y profesional, as\u00ed como de un plan de acci\u00f3n en el que se integran, tanto el proceso de orientaci\u00f3n y empoderamiento del alumno, como el proceso formativo y el acompa\u00f1amiento a la inserci\u00f3n. En concreto, en el segundo \u00e1mbito, el alumnado recibir\u00e1 formaci\u00f3n relacionada con la alba\u00f1iler\u00eda en construcci\u00f3n y la manipulaci\u00f3n en trabajos con placa de yeso laminado, adem\u00e1s de soluciones constructivas en trasdosados y paredes divisorias interiores de este material; instalaci\u00f3n de techos continuos y desmontables y acabados decorativos de pintura en construcci\u00f3n. Tambi\u00e9n habr\u00e1 espacio en estos meses para la formaci\u00f3n b\u00e1sica en competencias clave y t\u00e9cnicas de b\u00fasqueda de empleo.<\/p>\n<p>Adem\u00e1s de la formaci\u00f3n, el alumnado recibir\u00e1 como retribuci\u00f3n una beca durante los cuatro meses compuesta por 12 euros fijos y 3 euros m\u00e1s como incentivo, que se abonar\u00e1n en funci\u00f3n del aprovechamiento.<\/p>\n<p><strong>Otros Programas integrados express<\/strong><\/p>\n<p>El pr\u00f3ximo 9 de abril echar\u00e1 a andar el tercero de los PIFES del Ayuntamiento de Pamplona: el programa integrado de formaci\u00f3n y empleo expr\u00e9s de Carpinter\u00eda, que tienen prevista una duraci\u00f3n de tres meses y 15 plazas de capacidad. Este programa, tambi\u00e9n remunerado, se impartir\u00e1 igualmente en el Centro de Formaci\u00f3n de Landaben. Las personas interesadas podr\u00e1n apuntarse al proceso de selecci\u00f3n a partir del lunes 19 de febrero.<\/p>\n<p>El Ayuntamiento emprendi\u00f3 esta nueva modalidad de formaci\u00f3n financiada parcialmente por el SNE con el programa integrado de formaci\u00f3n y empleo \u201cAranzadi \u2013 Soldadura\u201d el pasado mes de junio que se extender\u00e1 hasta el pr\u00f3ximo mes de abril. Cuenta tambi\u00e9n con 20 plazas retribuidas mediante beca y forma al alumnado en \u2018Soldadura\u2019 en los locales municipales de Casa Irujo (Vuelta de Aranzadi). En este caso, las mujeres ocupan el 50% del total de 20 plazas y 8 de las 20 personas que forman el alumnado son de origen extranjero<\/p>\n<p><strong>Formaci\u00f3n y empleo Programa Integrado Express (PIFE)<\/strong><\/p>\n<p><strong>Programa integrado expr\u00e9s de montaje de prefabricados con placa de yeso laminado<\/strong><\/p>\n<ul>\n<li>Dirigido a: personas desempleadas, que necesiten procesos de calificaci\u00f3n o recualificaci\u00f3n y readaptaci\u00f3n a los nuevos requerimientos del mercado de trabajo<\/li>\n<li>N\u00ba de plazas: 20<\/li>\n<li>Duraci\u00f3n: 4 meses. De 16\/02\/2018 al 15\/06\/2018<\/li>\n<li>Lugar de realizaci\u00f3n: Centro Formaci\u00f3n Landaben (Pol\u00edgono Industrial de Landaben, calle A s\/n)<\/li>\n<li>Retribuci\u00f3n: beca de 15 euros diarios durante los 4 meses (12 euros fijos y 3 euros por incentivo en funci\u00f3n de aprovechamiento)<\/li>\n<li>Cofinanciado por Ayuntamiento de Pamplona y Gobierno de Navarra<\/li>\n<\/ul>\n<p>&nbsp;<\/p>\n","protected":false},"excerpt":{"rendered":"<p>La iniciativa est\u00e1 cofinanciada por Ayuntamiento de Pamplona y Gobierno de Navarra a trav\u00e9s del Servicio Navarro de Empleo (SNE)<\/p>\n","protected":false},"author":1,"featured_media":16151,"comment_status":"open","ping_status":"closed","sticky":false,"template":"","format":"standard","meta":{"footnotes":""},"categories":[2],"tags":[],"class_list":["post-16150","post","type-post","status-publish","format-standard","has-post-thumbnail","hentry","category-ayuntamiento-pamplona"],"yoast_head":"<!-- This site is optimized with the Yoast SEO plugin v27.5 - https:\/\/yoast.com\/product\/yoast-seo-wordpress\/ -->\n<title>20 personas, cuatro de ellas mujeres, comienzan a formarse en un programa integrado expr\u00e9s de montaje prefabricados de yeso para mejorar su empleabilidad<\/title>\n<meta name=\"robots\" content=\"index, follow, max-snippet:-1, max-image-preview:large, max-video-preview:-1\" \/>\n<link rel=\"canonical\" href=\"https:\/\/www.laguiadepamplona.com\/actualidad\/20-personas-cuatro-de-ellas-mujeres-comienzan-a-formarse-en-un-programa-integrado-expres-de-montaje-prefabricados-de-yeso-para-mejorar-su-empleabilidad\/\" \/>\n<meta property=\"og:locale\" content=\"es_ES\" \/>\n<meta property=\"og:type\" content=\"article\" \/>\n<meta property=\"og:title\" content=\"20 personas, cuatro de ellas mujeres, comienzan a formarse en un programa integrado expr\u00e9s de montaje prefabricados de yeso para mejorar su empleabilidad\" \/>\n<meta property=\"og:description\" content=\"La iniciativa est\u00e1 cofinanciada por Ayuntamiento de Pamplona y Gobierno de Navarra a trav\u00e9s del Servicio Navarro de Empleo (SNE)\" \/>\n<meta property=\"og:url\" content=\"https:\/\/www.laguiadepamplona.com\/actualidad\/20-personas-cuatro-de-ellas-mujeres-comienzan-a-formarse-en-un-programa-integrado-expres-de-montaje-prefabricados-de-yeso-para-mejorar-su-empleabilidad\/\" \/>\n<meta property=\"og:site_name\" content=\"La Gu\u00eda de Pamplona\" \/>\n<meta property=\"article:publisher\" content=\"https:\/\/www.facebook.com\/laguiadepamplonacom-133175176762273\/?ref=hl\" \/>\n<meta property=\"article:published_time\" content=\"2018-02-16T12:54:53+00:00\" \/>\n<meta property=\"og:image\" content=\"https:\/\/www.laguiadepamplona.com\/actualidad\/wp-content\/uploads\/2018\/02\/18.02.16_taller_integrado_carpinteria.jpg\" \/>\n\t<meta property=\"og:image:width\" content=\"1000\" \/>\n\t<meta property=\"og:image:height\" content=\"666\" \/>\n\t<meta property=\"og:image:type\" content=\"image\/jpeg\" \/>\n<meta name=\"author\" content=\"La Gu\u00eda de Pamplona\" \/>\n<meta name=\"twitter:card\" content=\"summary_large_image\" \/>\n<meta name=\"twitter:creator\" content=\"@LaGuiadPamplona\" \/>\n<meta name=\"twitter:site\" content=\"@LaGuiadPamplona\" \/>\n<meta name=\"twitter:label1\" content=\"Escrito por\" \/>\n\t<meta name=\"twitter:data1\" content=\"La Gu\u00eda de Pamplona\" \/>\n\t<meta name=\"twitter:label2\" content=\"Tiempo de lectura\" \/>\n\t<meta name=\"twitter:data2\" content=\"3 minutos\" \/>\n<script type=\"application\/ld+json\" class=\"yoast-schema-graph\">{\"@context\":\"https:\\\/\\\/schema.org\",\"@graph\":[{\"@type\":\"Article\",\"@id\":\"https:\\\/\\\/www.laguiadepamplona.com\\\/actualidad\\\/20-personas-cuatro-de-ellas-mujeres-comienzan-a-formarse-en-un-programa-integrado-expres-de-montaje-prefabricados-de-yeso-para-mejorar-su-empleabilidad\\\/#article\",\"isPartOf\":{\"@id\":\"https:\\\/\\\/www.laguiadepamplona.com\\\/actualidad\\\/20-personas-cuatro-de-ellas-mujeres-comienzan-a-formarse-en-un-programa-integrado-expres-de-montaje-prefabricados-de-yeso-para-mejorar-su-empleabilidad\\\/\"},\"author\":{\"name\":\"La Gu\u00eda de Pamplona\",\"@id\":\"https:\\\/\\\/www.laguiadepamplona.com\\\/actualidad\\\/#\\\/schema\\\/person\\\/efe887376f0213d4657c93adc50b1fdb\"},\"headline\":\"20 personas, cuatro de ellas mujeres, comienzan a formarse en un programa integrado expr\u00e9s de montaje prefabricados de yeso para mejorar su empleabilidad\",\"datePublished\":\"2018-02-16T12:54:53+00:00\",\"mainEntityOfPage\":{\"@id\":\"https:\\\/\\\/www.laguiadepamplona.com\\\/actualidad\\\/20-personas-cuatro-de-ellas-mujeres-comienzan-a-formarse-en-un-programa-integrado-expres-de-montaje-prefabricados-de-yeso-para-mejorar-su-empleabilidad\\\/\"},\"wordCount\":687,\"commentCount\":0,\"publisher\":{\"@id\":\"https:\\\/\\\/www.laguiadepamplona.com\\\/actualidad\\\/#organization\"},\"image\":{\"@id\":\"https:\\\/\\\/www.laguiadepamplona.com\\\/actualidad\\\/20-personas-cuatro-de-ellas-mujeres-comienzan-a-formarse-en-un-programa-integrado-expres-de-montaje-prefabricados-de-yeso-para-mejorar-su-empleabilidad\\\/#primaryimage\"},\"thumbnailUrl\":\"https:\\\/\\\/www.laguiadepamplona.com\\\/actualidad\\\/wp-content\\\/uploads\\\/2018\\\/02\\\/18.02.16_taller_integrado_carpinteria.jpg\",\"articleSection\":[\"Ayto Pamplona\"],\"inLanguage\":\"es\",\"potentialAction\":[{\"@type\":\"CommentAction\",\"name\":\"Comment\",\"target\":[\"https:\\\/\\\/www.laguiadepamplona.com\\\/actualidad\\\/20-personas-cuatro-de-ellas-mujeres-comienzan-a-formarse-en-un-programa-integrado-expres-de-montaje-prefabricados-de-yeso-para-mejorar-su-empleabilidad\\\/#respond\"]}]},{\"@type\":\"WebPage\",\"@id\":\"https:\\\/\\\/www.laguiadepamplona.com\\\/actualidad\\\/20-personas-cuatro-de-ellas-mujeres-comienzan-a-formarse-en-un-programa-integrado-expres-de-montaje-prefabricados-de-yeso-para-mejorar-su-empleabilidad\\\/\",\"url\":\"https:\\\/\\\/www.laguiadepamplona.com\\\/actualidad\\\/20-personas-cuatro-de-ellas-mujeres-comienzan-a-formarse-en-un-programa-integrado-expres-de-montaje-prefabricados-de-yeso-para-mejorar-su-empleabilidad\\\/\",\"name\":\"20 personas, cuatro de ellas mujeres, comienzan a formarse en un programa integrado expr\u00e9s de montaje prefabricados de yeso para mejorar su empleabilidad\",\"isPartOf\":{\"@id\":\"https:\\\/\\\/www.laguiadepamplona.com\\\/actualidad\\\/#website\"},\"primaryImageOfPage\":{\"@id\":\"https:\\\/\\\/www.laguiadepamplona.com\\\/actualidad\\\/20-personas-cuatro-de-ellas-mujeres-comienzan-a-formarse-en-un-programa-integrado-expres-de-montaje-prefabricados-de-yeso-para-mejorar-su-empleabilidad\\\/#primaryimage\"},\"image\":{\"@id\":\"https:\\\/\\\/www.laguiadepamplona.com\\\/actualidad\\\/20-personas-cuatro-de-ellas-mujeres-comienzan-a-formarse-en-un-programa-integrado-expres-de-montaje-prefabricados-de-yeso-para-mejorar-su-empleabilidad\\\/#primaryimage\"},\"thumbnailUrl\":\"https:\\\/\\\/www.laguiadepamplona.com\\\/actualidad\\\/wp-content\\\/uploads\\\/2018\\\/02\\\/18.02.16_taller_integrado_carpinteria.jpg\",\"datePublished\":\"2018-02-16T12:54:53+00:00\",\"breadcrumb\":{\"@id\":\"https:\\\/\\\/www.laguiadepamplona.com\\\/actualidad\\\/20-personas-cuatro-de-ellas-mujeres-comienzan-a-formarse-en-un-programa-integrado-expres-de-montaje-prefabricados-de-yeso-para-mejorar-su-empleabilidad\\\/#breadcrumb\"},\"inLanguage\":\"es\",\"potentialAction\":[{\"@type\":\"ReadAction\",\"target\":[\"https:\\\/\\\/www.laguiadepamplona.com\\\/actualidad\\\/20-personas-cuatro-de-ellas-mujeres-comienzan-a-formarse-en-un-programa-integrado-expres-de-montaje-prefabricados-de-yeso-para-mejorar-su-empleabilidad\\\/\"]}]},{\"@type\":\"ImageObject\",\"inLanguage\":\"es\",\"@id\":\"https:\\\/\\\/www.laguiadepamplona.com\\\/actualidad\\\/20-personas-cuatro-de-ellas-mujeres-comienzan-a-formarse-en-un-programa-integrado-expres-de-montaje-prefabricados-de-yeso-para-mejorar-su-empleabilidad\\\/#primaryimage\",\"url\":\"https:\\\/\\\/www.laguiadepamplona.com\\\/actualidad\\\/wp-content\\\/uploads\\\/2018\\\/02\\\/18.02.16_taller_integrado_carpinteria.jpg\",\"contentUrl\":\"https:\\\/\\\/www.laguiadepamplona.com\\\/actualidad\\\/wp-content\\\/uploads\\\/2018\\\/02\\\/18.02.16_taller_integrado_carpinteria.jpg\",\"width\":1000,\"height\":666},{\"@type\":\"BreadcrumbList\",\"@id\":\"https:\\\/\\\/www.laguiadepamplona.com\\\/actualidad\\\/20-personas-cuatro-de-ellas-mujeres-comienzan-a-formarse-en-un-programa-integrado-expres-de-montaje-prefabricados-de-yeso-para-mejorar-su-empleabilidad\\\/#breadcrumb\",\"itemListElement\":[{\"@type\":\"ListItem\",\"position\":1,\"name\":\"Portada\",\"item\":\"https:\\\/\\\/www.laguiadepamplona.com\\\/actualidad\\\/\"},{\"@type\":\"ListItem\",\"position\":2,\"name\":\"20 personas, cuatro de ellas mujeres, comienzan a formarse en un programa integrado expr\u00e9s de montaje prefabricados de yeso para mejorar su empleabilidad\"}]},{\"@type\":\"WebSite\",\"@id\":\"https:\\\/\\\/www.laguiadepamplona.com\\\/actualidad\\\/#website\",\"url\":\"https:\\\/\\\/www.laguiadepamplona.com\\\/actualidad\\\/\",\"name\":\"La gu\u00eda de Pamplona\",\"description\":\"Noticias de Pamplona\",\"publisher\":{\"@id\":\"https:\\\/\\\/www.laguiadepamplona.com\\\/actualidad\\\/#organization\"},\"potentialAction\":[{\"@type\":\"SearchAction\",\"target\":{\"@type\":\"EntryPoint\",\"urlTemplate\":\"https:\\\/\\\/www.laguiadepamplona.com\\\/actualidad\\\/?s={search_term_string}\"},\"query-input\":{\"@type\":\"PropertyValueSpecification\",\"valueRequired\":true,\"valueName\":\"search_term_string\"}}],\"inLanguage\":\"es\"},{\"@type\":\"Organization\",\"@id\":\"https:\\\/\\\/www.laguiadepamplona.com\\\/actualidad\\\/#organization\",\"name\":\"La Gu\u00eda de Pamplona \\\/ Noticias\",\"url\":\"https:\\\/\\\/www.laguiadepamplona.com\\\/actualidad\\\/\",\"logo\":{\"@type\":\"ImageObject\",\"inLanguage\":\"es\",\"@id\":\"https:\\\/\\\/www.laguiadepamplona.com\\\/actualidad\\\/#\\\/schema\\\/logo\\\/image\\\/\",\"url\":\"https:\\\/\\\/www.laguiadepamplona.com\\\/actualidad\\\/wp-content\\\/uploads\\\/2018\\\/11\\\/logo-laguiadepamplona18-web1.png\",\"contentUrl\":\"https:\\\/\\\/www.laguiadepamplona.com\\\/actualidad\\\/wp-content\\\/uploads\\\/2018\\\/11\\\/logo-laguiadepamplona18-web1.png\",\"width\":600,\"height\":196,\"caption\":\"La Gu\u00eda de Pamplona \\\/ Noticias\"},\"image\":{\"@id\":\"https:\\\/\\\/www.laguiadepamplona.com\\\/actualidad\\\/#\\\/schema\\\/logo\\\/image\\\/\"},\"sameAs\":[\"https:\\\/\\\/www.facebook.com\\\/laguiadepamplonacom-133175176762273\\\/?ref=hl\",\"https:\\\/\\\/x.com\\\/LaGuiadPamplona\",\"https:\\\/\\\/www.instagram.com\\\/la_guia_de_pamplona\\\/\",\"https:\\\/\\\/www.youtube.com\\\/user\\\/laguiadepamplona\"]},{\"@type\":\"Person\",\"@id\":\"https:\\\/\\\/www.laguiadepamplona.com\\\/actualidad\\\/#\\\/schema\\\/person\\\/efe887376f0213d4657c93adc50b1fdb\",\"name\":\"La Gu\u00eda de Pamplona\",\"image\":{\"@type\":\"ImageObject\",\"inLanguage\":\"es\",\"@id\":\"https:\\\/\\\/secure.gravatar.com\\\/avatar\\\/b6992f131dc8d30ab0dff15446e9d346d9dbd95992de0fef795073f5ea83a81c?s=96&d=mm&r=g\",\"url\":\"https:\\\/\\\/secure.gravatar.com\\\/avatar\\\/b6992f131dc8d30ab0dff15446e9d346d9dbd95992de0fef795073f5ea83a81c?s=96&d=mm&r=g\",\"contentUrl\":\"https:\\\/\\\/secure.gravatar.com\\\/avatar\\\/b6992f131dc8d30ab0dff15446e9d346d9dbd95992de0fef795073f5ea83a81c?s=96&d=mm&r=g\",\"caption\":\"La Gu\u00eda de Pamplona\"}}]}<\/script>\n<!-- \/ Yoast SEO plugin. -->","yoast_head_json":{"title":"20 personas, cuatro de ellas mujeres, comienzan a formarse en un programa integrado expr\u00e9s de montaje prefabricados de yeso para mejorar su empleabilidad","robots":{"index":"index","follow":"follow","max-snippet":"max-snippet:-1","max-image-preview":"max-image-preview:large","max-video-preview":"max-video-preview:-1"},"canonical":"https:\/\/www.laguiadepamplona.com\/actualidad\/20-personas-cuatro-de-ellas-mujeres-comienzan-a-formarse-en-un-programa-integrado-expres-de-montaje-prefabricados-de-yeso-para-mejorar-su-empleabilidad\/","og_locale":"es_ES","og_type":"article","og_title":"20 personas, cuatro de ellas mujeres, comienzan a formarse en un programa integrado expr\u00e9s de montaje prefabricados de yeso para mejorar su empleabilidad","og_description":"La iniciativa est\u00e1 cofinanciada por Ayuntamiento de Pamplona y Gobierno de Navarra a trav\u00e9s del Servicio Navarro de Empleo (SNE)","og_url":"https:\/\/www.laguiadepamplona.com\/actualidad\/20-personas-cuatro-de-ellas-mujeres-comienzan-a-formarse-en-un-programa-integrado-expres-de-montaje-prefabricados-de-yeso-para-mejorar-su-empleabilidad\/","og_site_name":"La Gu\u00eda de Pamplona","article_publisher":"https:\/\/www.facebook.com\/laguiadepamplonacom-133175176762273\/?ref=hl","article_published_time":"2018-02-16T12:54:53+00:00","og_image":[{"width":1000,"height":666,"url":"https:\/\/www.laguiadepamplona.com\/actualidad\/wp-content\/uploads\/2018\/02\/18.02.16_taller_integrado_carpinteria.jpg","type":"image\/jpeg"}],"author":"La Gu\u00eda de Pamplona","twitter_card":"summary_large_image","twitter_creator":"@LaGuiadPamplona","twitter_site":"@LaGuiadPamplona","twitter_misc":{"Escrito por":"La Gu\u00eda de Pamplona","Tiempo de lectura":"3 minutos"},"schema":{"@context":"https:\/\/schema.org","@graph":[{"@type":"Article","@id":"https:\/\/www.laguiadepamplona.com\/actualidad\/20-personas-cuatro-de-ellas-mujeres-comienzan-a-formarse-en-un-programa-integrado-expres-de-montaje-prefabricados-de-yeso-para-mejorar-su-empleabilidad\/#article","isPartOf":{"@id":"https:\/\/www.laguiadepamplona.com\/actualidad\/20-personas-cuatro-de-ellas-mujeres-comienzan-a-formarse-en-un-programa-integrado-expres-de-montaje-prefabricados-de-yeso-para-mejorar-su-empleabilidad\/"},"author":{"name":"La Gu\u00eda de Pamplona","@id":"https:\/\/www.laguiadepamplona.com\/actualidad\/#\/schema\/person\/efe887376f0213d4657c93adc50b1fdb"},"headline":"20 personas, cuatro de ellas mujeres, comienzan a formarse en un programa integrado expr\u00e9s de montaje prefabricados de yeso para mejorar su empleabilidad","datePublished":"2018-02-16T12:54:53+00:00","mainEntityOfPage":{"@id":"https:\/\/www.laguiadepamplona.com\/actualidad\/20-personas-cuatro-de-ellas-mujeres-comienzan-a-formarse-en-un-programa-integrado-expres-de-montaje-prefabricados-de-yeso-para-mejorar-su-empleabilidad\/"},"wordCount":687,"commentCount":0,"publisher":{"@id":"https:\/\/www.laguiadepamplona.com\/actualidad\/#organization"},"image":{"@id":"https:\/\/www.laguiadepamplona.com\/actualidad\/20-personas-cuatro-de-ellas-mujeres-comienzan-a-formarse-en-un-programa-integrado-expres-de-montaje-prefabricados-de-yeso-para-mejorar-su-empleabilidad\/#primaryimage"},"thumbnailUrl":"https:\/\/www.laguiadepamplona.com\/actualidad\/wp-content\/uploads\/2018\/02\/18.02.16_taller_integrado_carpinteria.jpg","articleSection":["Ayto Pamplona"],"inLanguage":"es","potentialAction":[{"@type":"CommentAction","name":"Comment","target":["https:\/\/www.laguiadepamplona.com\/actualidad\/20-personas-cuatro-de-ellas-mujeres-comienzan-a-formarse-en-un-programa-integrado-expres-de-montaje-prefabricados-de-yeso-para-mejorar-su-empleabilidad\/#respond"]}]},{"@type":"WebPage","@id":"https:\/\/www.laguiadepamplona.com\/actualidad\/20-personas-cuatro-de-ellas-mujeres-comienzan-a-formarse-en-un-programa-integrado-expres-de-montaje-prefabricados-de-yeso-para-mejorar-su-empleabilidad\/","url":"https:\/\/www.laguiadepamplona.com\/actualidad\/20-personas-cuatro-de-ellas-mujeres-comienzan-a-formarse-en-un-programa-integrado-expres-de-montaje-prefabricados-de-yeso-para-mejorar-su-empleabilidad\/","name":"20 personas, cuatro de ellas mujeres, comienzan a formarse en un programa integrado expr\u00e9s de montaje prefabricados de yeso para mejorar su empleabilidad","isPartOf":{"@id":"https:\/\/www.laguiadepamplona.com\/actualidad\/#website"},"primaryImageOfPage":{"@id":"https:\/\/www.laguiadepamplona.com\/actualidad\/20-personas-cuatro-de-ellas-mujeres-comienzan-a-formarse-en-un-programa-integrado-expres-de-montaje-prefabricados-de-yeso-para-mejorar-su-empleabilidad\/#primaryimage"},"image":{"@id":"https:\/\/www.laguiadepamplona.com\/actualidad\/20-personas-cuatro-de-ellas-mujeres-comienzan-a-formarse-en-un-programa-integrado-expres-de-montaje-prefabricados-de-yeso-para-mejorar-su-empleabilidad\/#primaryimage"},"thumbnailUrl":"https:\/\/www.laguiadepamplona.com\/actualidad\/wp-content\/uploads\/2018\/02\/18.02.16_taller_integrado_carpinteria.jpg","datePublished":"2018-02-16T12:54:53+00:00","breadcrumb":{"@id":"https:\/\/www.laguiadepamplona.com\/actualidad\/20-personas-cuatro-de-ellas-mujeres-comienzan-a-formarse-en-un-programa-integrado-expres-de-montaje-prefabricados-de-yeso-para-mejorar-su-empleabilidad\/#breadcrumb"},"inLanguage":"es","potentialAction":[{"@type":"ReadAction","target":["https:\/\/www.laguiadepamplona.com\/actualidad\/20-personas-cuatro-de-ellas-mujeres-comienzan-a-formarse-en-un-programa-integrado-expres-de-montaje-prefabricados-de-yeso-para-mejorar-su-empleabilidad\/"]}]},{"@type":"ImageObject","inLanguage":"es","@id":"https:\/\/www.laguiadepamplona.com\/actualidad\/20-personas-cuatro-de-ellas-mujeres-comienzan-a-formarse-en-un-programa-integrado-expres-de-montaje-prefabricados-de-yeso-para-mejorar-su-empleabilidad\/#primaryimage","url":"https:\/\/www.laguiadepamplona.com\/actualidad\/wp-content\/uploads\/2018\/02\/18.02.16_taller_integrado_carpinteria.jpg","contentUrl":"https:\/\/www.laguiadepamplona.com\/actualidad\/wp-content\/uploads\/2018\/02\/18.02.16_taller_integrado_carpinteria.jpg","width":1000,"height":666},{"@type":"BreadcrumbList","@id":"https:\/\/www.laguiadepamplona.com\/actualidad\/20-personas-cuatro-de-ellas-mujeres-comienzan-a-formarse-en-un-programa-integrado-expres-de-montaje-prefabricados-de-yeso-para-mejorar-su-empleabilidad\/#breadcrumb","itemListElement":[{"@type":"ListItem","position":1,"name":"Portada","item":"https:\/\/www.laguiadepamplona.com\/actualidad\/"},{"@type":"ListItem","position":2,"name":"20 personas, cuatro de ellas mujeres, comienzan a formarse en un programa integrado expr\u00e9s de montaje prefabricados de yeso para mejorar su empleabilidad"}]},{"@type":"WebSite","@id":"https:\/\/www.laguiadepamplona.com\/actualidad\/#website","url":"https:\/\/www.laguiadepamplona.com\/actualidad\/","name":"La gu\u00eda de Pamplona","description":"Noticias de Pamplona","publisher":{"@id":"https:\/\/www.laguiadepamplona.com\/actualidad\/#organization"},"potentialAction":[{"@type":"SearchAction","target":{"@type":"EntryPoint","urlTemplate":"https:\/\/www.laguiadepamplona.com\/actualidad\/?s={search_term_string}"},"query-input":{"@type":"PropertyValueSpecification","valueRequired":true,"valueName":"search_term_string"}}],"inLanguage":"es"},{"@type":"Organization","@id":"https:\/\/www.laguiadepamplona.com\/actualidad\/#organization","name":"La Gu\u00eda de Pamplona \/ Noticias","url":"https:\/\/www.laguiadepamplona.com\/actualidad\/","logo":{"@type":"ImageObject","inLanguage":"es","@id":"https:\/\/www.laguiadepamplona.com\/actualidad\/#\/schema\/logo\/image\/","url":"https:\/\/www.laguiadepamplona.com\/actualidad\/wp-content\/uploads\/2018\/11\/logo-laguiadepamplona18-web1.png","contentUrl":"https:\/\/www.laguiadepamplona.com\/actualidad\/wp-content\/uploads\/2018\/11\/logo-laguiadepamplona18-web1.png","width":600,"height":196,"caption":"La Gu\u00eda de Pamplona \/ Noticias"},"image":{"@id":"https:\/\/www.laguiadepamplona.com\/actualidad\/#\/schema\/logo\/image\/"},"sameAs":["https:\/\/www.facebook.com\/laguiadepamplonacom-133175176762273\/?ref=hl","https:\/\/x.com\/LaGuiadPamplona","https:\/\/www.instagram.com\/la_guia_de_pamplona\/","https:\/\/www.youtube.com\/user\/laguiadepamplona"]},{"@type":"Person","@id":"https:\/\/www.laguiadepamplona.com\/actualidad\/#\/schema\/person\/efe887376f0213d4657c93adc50b1fdb","name":"La Gu\u00eda de Pamplona","image":{"@type":"ImageObject","inLanguage":"es","@id":"https:\/\/secure.gravatar.com\/avatar\/b6992f131dc8d30ab0dff15446e9d346d9dbd95992de0fef795073f5ea83a81c?s=96&d=mm&r=g","url":"https:\/\/secure.gravatar.com\/avatar\/b6992f131dc8d30ab0dff15446e9d346d9dbd95992de0fef795073f5ea83a81c?s=96&d=mm&r=g","contentUrl":"https:\/\/secure.gravatar.com\/avatar\/b6992f131dc8d30ab0dff15446e9d346d9dbd95992de0fef795073f5ea83a81c?s=96&d=mm&r=g","caption":"La Gu\u00eda de Pamplona"}}]}},"post_mailing_queue_ids":[],"_links":{"self":[{"href":"https:\/\/www.laguiadepamplona.com\/actualidad\/wp-json\/wp\/v2\/posts\/16150","targetHints":{"allow":["GET"]}}],"collection":[{"href":"https:\/\/www.laguiadepamplona.com\/actualidad\/wp-json\/wp\/v2\/posts"}],"about":[{"href":"https:\/\/www.laguiadepamplona.com\/actualidad\/wp-json\/wp\/v2\/types\/post"}],"author":[{"embeddable":true,"href":"https:\/\/www.laguiadepamplona.com\/actualidad\/wp-json\/wp\/v2\/users\/1"}],"replies":[{"embeddable":true,"href":"https:\/\/www.laguiadepamplona.com\/actualidad\/wp-json\/wp\/v2\/comments?post=16150"}],"version-history":[{"count":0,"href":"https:\/\/www.laguiadepamplona.com\/actualidad\/wp-json\/wp\/v2\/posts\/16150\/revisions"}],"wp:featuredmedia":[{"embeddable":true,"href":"https:\/\/www.laguiadepamplona.com\/actualidad\/wp-json\/wp\/v2\/media\/16151"}],"wp:attachment":[{"href":"https:\/\/www.laguiadepamplona.com\/actualidad\/wp-json\/wp\/v2\/media?parent=16150"}],"wp:term":[{"taxonomy":"category","embeddable":true,"href":"https:\/\/www.laguiadepamplona.com\/actualidad\/wp-json\/wp\/v2\/categories?post=16150"},{"taxonomy":"post_tag","embeddable":true,"href":"https:\/\/www.laguiadepamplona.com\/actualidad\/wp-json\/wp\/v2\/tags?post=16150"}],"curies":[{"name":"wp","href":"https:\/\/api.w.org\/{rel}","templated":true}]}}