{"id":16144,"date":"2018-02-16T11:42:24","date_gmt":"2018-02-16T10:42:24","guid":{"rendered":"http:\/\/laguiadepamplona.es\/actualidad\/?p=16144"},"modified":"2018-02-16T11:42:24","modified_gmt":"2018-02-16T10:42:24","slug":"este-sabado-condestable-acogera-la-proyeccion-de-la-ultima-adaptacion-al-cine-de-la-novela-el-principito-una-sesion-en-euskera-para-la-que-hay-que-retirar-invitacion","status":"publish","type":"post","link":"https:\/\/www.laguiadepamplona.com\/actualidad\/este-sabado-condestable-acogera-la-proyeccion-de-la-ultima-adaptacion-al-cine-de-la-novela-el-principito-una-sesion-en-euskera-para-la-que-hay-que-retirar-invitacion\/","title":{"rendered":"Este s\u00e1bado Condestable acoger\u00e1 la proyecci\u00f3n de la \u00faltima adaptaci\u00f3n al cine de la novela \u2018El Principito\u2019, una sesi\u00f3n en euskera para la que hay que retirar invitaci\u00f3n"},"content":{"rendered":"<h3>Abierta al p\u00fablico, es parte del programa del cine que el Consistorio lleva a cabo en colaboraci\u00f3n con la APYMA del C.P. de San Francisco<\/h3>\n<p><!--more--><\/p>\n<p>El Ayuntamiento de Pamplona, a trav\u00e9s de Civivox Condestable, continua la colaboraci\u00f3n con la APYMA del Colegio P\u00fablico de San Francisco ofreciendo sesiones de cine. La asociaci\u00f3n de padres y madres de este colegio, en el que este a\u00f1o est\u00e1n matriculados 410 alumnos desde primer curso de Infantil hasta sexto de Primaria, contact\u00f3 con el centro para proponer actividades de ocio para el alumnado durante los meses de peor climatolog\u00eda. Deb\u00edan ser actividades aptas para todos los bolsillos y que fomentaran la convivencia en el interior del centro y de este con el barrio.<\/p>\n<p>El Ayuntamiento recogi\u00f3 el guante y desde septiembre, a raz\u00f3n de una al mes, se est\u00e1n programando en Condestable sesiones cine infantil, alternando oferta castellano y euskera. La asistencia a las proyecciones es gratuita, aunque hay que recoger invitaci\u00f3n desde una hora antes con un m\u00e1ximo de dos por persona. Las sesiones tienen lugar siempre a las 17.30 horas en el sal\u00f3n de actos de la planta baja del edificio. Ese espacio tiene un aforo de 140 butacas. La APYMA reparte 80 invitaciones y el resto quedan disponibles para el p\u00fablico en general en el propio Condestable.<\/p>\n<p><strong>Cuatro filmes, cuatro tardes de s\u00e1bado<\/strong><\/p>\n<p>Este cuatrimestre contin\u00faa la colaboraci\u00f3n con cuatro s\u00e1bados de cine, el primero de los cuales tendr\u00e1 lugar ma\u00f1ana. La oferta es \u2018Printze txikia\u2019 (2015, EEUU, 108 min.), un filme de animaci\u00f3n del realizador norteamericano Mark Osborne. \u2018El principito\u2019 de Osborne es la \u00faltima versi\u00f3n cinematogr\u00e1fica de la novela hom\u00f3nima de Antoine de Saint-Exup\u00e9ry: un piloto perdido en el desierto se encuentra a un ni\u00f1o que dice venir de otro planeta. Este filme preciosista, que combina animaci\u00f3n y usa stop-motion, fue galardonado en 2016 con el premio C\u00e9sar a la mejor pel\u00edcula animada.<\/p>\n<p>Las pel\u00edculas son aptas para todos los publicos. La siguiente proyecci\u00f3n en marzo ser\u00e1 \u2018Siete vidas, este gato es un peligro\u2019 de Barry Sonnenfeld (2016, Francia-China, 87 min.). En esta comedia fant\u00e1stica, la personalizada de un hombre rico que entra en coma queda atrapada en el gato que \u00e9l mismo ha regalado a su hija por su cumplea\u00f1os. En abril llegar\u00e1, de nuevo en euskera, \u2018Iparraldeko Norman\/Norman del Norte\u2019 (2016, EEUU, 66 min.) es una pel\u00edcula indo-estadounidense animada en 3D que mezca los g\u00e9neros de aventura y comedia. Fue dirigida por Trevor Wall y protagonizada en su versi\u00f3n en ingl\u00e9s por la voz de Rob Schneider. Se proyectar\u00e1 el s\u00e1bado 14 de abril.<\/p>\n<p>Y para cerrar el cuatrimestre llegar\u00e1 \u2018Canta\u2019 (2016, EEUU, 108 min.), de Garth Jennings y Christophe Lourdelet. Un koala empresario teatral decide inicial un concurso de canto para recaudar los fondos que precisa para mantener el pie su teatro. Una galer\u00eda de personales encarnados por animales contar\u00e1n una historia de superaci\u00f3n de limitaciones personales y de trabajo en equipo. La pel\u00edcula, que se pasar\u00e1 el s\u00e1bado 12 de mayo, fue un enorme \u00e9xito de taquilla.<\/p>\n<p><strong>Espacio infantil. CINE FAMILIAR E INTERGENERACIONAL<\/strong><\/p>\n<p><strong>Ciclo de cine en colaboraci\u00f3n con la APYMA de las Escuelas Municipales de San Francisco.<\/strong><\/p>\n<p><strong>Entrada libre, previa retirada de invitaci\u00f3n (una hora antes del comienzo de la actividad, m\u00e1ximo dos por persona)<\/strong><\/p>\n<p><strong>17.30 horas<\/strong><\/p>\n<p><strong><u>Sesiones<\/u><\/strong><\/p>\n<p><strong>S\u00e1bado 17 de febrero<\/strong><\/p>\n<ul>\n<li>Printze txikia, de Mark Osborne (2015, EEUU, 108 min.)<\/li>\n<\/ul>\n<p><strong>S\u00e1bado 17 de marzo<\/strong><\/p>\n<ul>\n<li>Siete vidas, de Barry Sonnenfeld (2016, Francia-China, 87 min.)<\/li>\n<\/ul>\n<p><strong>S\u00e1bado 14 de abril<\/strong><\/p>\n<ul>\n<li>Iparraldeko Norman, de Trevor Wall ( 2016, EEUU, 66 min.)<\/li>\n<\/ul>\n<p><strong>S\u00e1bado 12 de mayo<\/strong><\/p>\n<ul>\n<li>\u00a1Canta!, de Garth Jennings y Christophe Lourdelet (2016, EEUU, 108 min.)<\/li>\n<\/ul>\n<p>&nbsp;<\/p>\n<p>&nbsp;<\/p>\n","protected":false},"excerpt":{"rendered":"<p>Abierta al p\u00fablico, es parte del programa del cine que el Consistorio lleva a cabo en colaboraci\u00f3n con la APYMA del C.P. de San Francisco<\/p>\n","protected":false},"author":1,"featured_media":16145,"comment_status":"open","ping_status":"closed","sticky":false,"template":"","format":"standard","meta":{"footnotes":""},"categories":[2],"tags":[],"class_list":["post-16144","post","type-post","status-publish","format-standard","has-post-thumbnail","hentry","category-ayuntamiento-pamplona"],"yoast_head":"<!-- This site is optimized with the Yoast SEO plugin v27.5 - https:\/\/yoast.com\/product\/yoast-seo-wordpress\/ -->\n<title>Este s\u00e1bado Condestable acoger\u00e1 la proyecci\u00f3n de la \u00faltima adaptaci\u00f3n al cine de la novela \u2018El Principito\u2019, una sesi\u00f3n en euskera para la que hay que retirar invitaci\u00f3n<\/title>\n<meta name=\"robots\" content=\"index, follow, max-snippet:-1, max-image-preview:large, max-video-preview:-1\" \/>\n<link rel=\"canonical\" href=\"https:\/\/www.laguiadepamplona.com\/actualidad\/este-sabado-condestable-acogera-la-proyeccion-de-la-ultima-adaptacion-al-cine-de-la-novela-el-principito-una-sesion-en-euskera-para-la-que-hay-que-retirar-invitacion\/\" \/>\n<meta property=\"og:locale\" content=\"es_ES\" \/>\n<meta property=\"og:type\" content=\"article\" \/>\n<meta property=\"og:title\" content=\"Este s\u00e1bado Condestable acoger\u00e1 la proyecci\u00f3n de la \u00faltima adaptaci\u00f3n al cine de la novela \u2018El Principito\u2019, una sesi\u00f3n en euskera para la que hay que retirar invitaci\u00f3n\" \/>\n<meta property=\"og:description\" content=\"Abierta al p\u00fablico, es parte del programa del cine que el Consistorio lleva a cabo en colaboraci\u00f3n con la APYMA del C.P. de San Francisco\" \/>\n<meta property=\"og:url\" content=\"https:\/\/www.laguiadepamplona.com\/actualidad\/este-sabado-condestable-acogera-la-proyeccion-de-la-ultima-adaptacion-al-cine-de-la-novela-el-principito-una-sesion-en-euskera-para-la-que-hay-que-retirar-invitacion\/\" \/>\n<meta property=\"og:site_name\" content=\"La Gu\u00eda de Pamplona\" \/>\n<meta property=\"article:publisher\" content=\"https:\/\/www.facebook.com\/laguiadepamplonacom-133175176762273\/?ref=hl\" \/>\n<meta property=\"article:published_time\" content=\"2018-02-16T10:42:24+00:00\" \/>\n<meta property=\"og:image\" content=\"https:\/\/www.laguiadepamplona.com\/actualidad\/wp-content\/uploads\/2018\/02\/printze3.jpg\" \/>\n\t<meta property=\"og:image:width\" content=\"540\" \/>\n\t<meta property=\"og:image:height\" content=\"360\" \/>\n\t<meta property=\"og:image:type\" content=\"image\/jpeg\" \/>\n<meta name=\"author\" content=\"La Gu\u00eda de Pamplona\" \/>\n<meta name=\"twitter:card\" content=\"summary_large_image\" \/>\n<meta name=\"twitter:creator\" content=\"@LaGuiadPamplona\" \/>\n<meta name=\"twitter:site\" content=\"@LaGuiadPamplona\" \/>\n<meta name=\"twitter:label1\" content=\"Escrito por\" \/>\n\t<meta name=\"twitter:data1\" content=\"La Gu\u00eda de Pamplona\" \/>\n\t<meta name=\"twitter:label2\" content=\"Tiempo de lectura\" \/>\n\t<meta name=\"twitter:data2\" content=\"3 minutos\" \/>\n<script type=\"application\/ld+json\" class=\"yoast-schema-graph\">{\"@context\":\"https:\\\/\\\/schema.org\",\"@graph\":[{\"@type\":\"Article\",\"@id\":\"https:\\\/\\\/www.laguiadepamplona.com\\\/actualidad\\\/este-sabado-condestable-acogera-la-proyeccion-de-la-ultima-adaptacion-al-cine-de-la-novela-el-principito-una-sesion-en-euskera-para-la-que-hay-que-retirar-invitacion\\\/#article\",\"isPartOf\":{\"@id\":\"https:\\\/\\\/www.laguiadepamplona.com\\\/actualidad\\\/este-sabado-condestable-acogera-la-proyeccion-de-la-ultima-adaptacion-al-cine-de-la-novela-el-principito-una-sesion-en-euskera-para-la-que-hay-que-retirar-invitacion\\\/\"},\"author\":{\"name\":\"La Gu\u00eda de Pamplona\",\"@id\":\"https:\\\/\\\/www.laguiadepamplona.com\\\/actualidad\\\/#\\\/schema\\\/person\\\/efe887376f0213d4657c93adc50b1fdb\"},\"headline\":\"Este s\u00e1bado Condestable acoger\u00e1 la proyecci\u00f3n de la \u00faltima adaptaci\u00f3n al cine de la novela \u2018El Principito\u2019, una sesi\u00f3n en euskera para la que hay que retirar invitaci\u00f3n\",\"datePublished\":\"2018-02-16T10:42:24+00:00\",\"mainEntityOfPage\":{\"@id\":\"https:\\\/\\\/www.laguiadepamplona.com\\\/actualidad\\\/este-sabado-condestable-acogera-la-proyeccion-de-la-ultima-adaptacion-al-cine-de-la-novela-el-principito-una-sesion-en-euskera-para-la-que-hay-que-retirar-invitacion\\\/\"},\"wordCount\":658,\"commentCount\":0,\"publisher\":{\"@id\":\"https:\\\/\\\/www.laguiadepamplona.com\\\/actualidad\\\/#organization\"},\"image\":{\"@id\":\"https:\\\/\\\/www.laguiadepamplona.com\\\/actualidad\\\/este-sabado-condestable-acogera-la-proyeccion-de-la-ultima-adaptacion-al-cine-de-la-novela-el-principito-una-sesion-en-euskera-para-la-que-hay-que-retirar-invitacion\\\/#primaryimage\"},\"thumbnailUrl\":\"https:\\\/\\\/www.laguiadepamplona.com\\\/actualidad\\\/wp-content\\\/uploads\\\/2018\\\/02\\\/printze3.jpg\",\"articleSection\":[\"Ayto Pamplona\"],\"inLanguage\":\"es\",\"potentialAction\":[{\"@type\":\"CommentAction\",\"name\":\"Comment\",\"target\":[\"https:\\\/\\\/www.laguiadepamplona.com\\\/actualidad\\\/este-sabado-condestable-acogera-la-proyeccion-de-la-ultima-adaptacion-al-cine-de-la-novela-el-principito-una-sesion-en-euskera-para-la-que-hay-que-retirar-invitacion\\\/#respond\"]}]},{\"@type\":\"WebPage\",\"@id\":\"https:\\\/\\\/www.laguiadepamplona.com\\\/actualidad\\\/este-sabado-condestable-acogera-la-proyeccion-de-la-ultima-adaptacion-al-cine-de-la-novela-el-principito-una-sesion-en-euskera-para-la-que-hay-que-retirar-invitacion\\\/\",\"url\":\"https:\\\/\\\/www.laguiadepamplona.com\\\/actualidad\\\/este-sabado-condestable-acogera-la-proyeccion-de-la-ultima-adaptacion-al-cine-de-la-novela-el-principito-una-sesion-en-euskera-para-la-que-hay-que-retirar-invitacion\\\/\",\"name\":\"Este s\u00e1bado Condestable acoger\u00e1 la proyecci\u00f3n de la \u00faltima adaptaci\u00f3n al cine de la novela \u2018El Principito\u2019, una sesi\u00f3n en euskera para la que hay que retirar invitaci\u00f3n\",\"isPartOf\":{\"@id\":\"https:\\\/\\\/www.laguiadepamplona.com\\\/actualidad\\\/#website\"},\"primaryImageOfPage\":{\"@id\":\"https:\\\/\\\/www.laguiadepamplona.com\\\/actualidad\\\/este-sabado-condestable-acogera-la-proyeccion-de-la-ultima-adaptacion-al-cine-de-la-novela-el-principito-una-sesion-en-euskera-para-la-que-hay-que-retirar-invitacion\\\/#primaryimage\"},\"image\":{\"@id\":\"https:\\\/\\\/www.laguiadepamplona.com\\\/actualidad\\\/este-sabado-condestable-acogera-la-proyeccion-de-la-ultima-adaptacion-al-cine-de-la-novela-el-principito-una-sesion-en-euskera-para-la-que-hay-que-retirar-invitacion\\\/#primaryimage\"},\"thumbnailUrl\":\"https:\\\/\\\/www.laguiadepamplona.com\\\/actualidad\\\/wp-content\\\/uploads\\\/2018\\\/02\\\/printze3.jpg\",\"datePublished\":\"2018-02-16T10:42:24+00:00\",\"breadcrumb\":{\"@id\":\"https:\\\/\\\/www.laguiadepamplona.com\\\/actualidad\\\/este-sabado-condestable-acogera-la-proyeccion-de-la-ultima-adaptacion-al-cine-de-la-novela-el-principito-una-sesion-en-euskera-para-la-que-hay-que-retirar-invitacion\\\/#breadcrumb\"},\"inLanguage\":\"es\",\"potentialAction\":[{\"@type\":\"ReadAction\",\"target\":[\"https:\\\/\\\/www.laguiadepamplona.com\\\/actualidad\\\/este-sabado-condestable-acogera-la-proyeccion-de-la-ultima-adaptacion-al-cine-de-la-novela-el-principito-una-sesion-en-euskera-para-la-que-hay-que-retirar-invitacion\\\/\"]}]},{\"@type\":\"ImageObject\",\"inLanguage\":\"es\",\"@id\":\"https:\\\/\\\/www.laguiadepamplona.com\\\/actualidad\\\/este-sabado-condestable-acogera-la-proyeccion-de-la-ultima-adaptacion-al-cine-de-la-novela-el-principito-una-sesion-en-euskera-para-la-que-hay-que-retirar-invitacion\\\/#primaryimage\",\"url\":\"https:\\\/\\\/www.laguiadepamplona.com\\\/actualidad\\\/wp-content\\\/uploads\\\/2018\\\/02\\\/printze3.jpg\",\"contentUrl\":\"https:\\\/\\\/www.laguiadepamplona.com\\\/actualidad\\\/wp-content\\\/uploads\\\/2018\\\/02\\\/printze3.jpg\",\"width\":540,\"height\":360},{\"@type\":\"BreadcrumbList\",\"@id\":\"https:\\\/\\\/www.laguiadepamplona.com\\\/actualidad\\\/este-sabado-condestable-acogera-la-proyeccion-de-la-ultima-adaptacion-al-cine-de-la-novela-el-principito-una-sesion-en-euskera-para-la-que-hay-que-retirar-invitacion\\\/#breadcrumb\",\"itemListElement\":[{\"@type\":\"ListItem\",\"position\":1,\"name\":\"Portada\",\"item\":\"https:\\\/\\\/www.laguiadepamplona.com\\\/actualidad\\\/\"},{\"@type\":\"ListItem\",\"position\":2,\"name\":\"Este s\u00e1bado Condestable acoger\u00e1 la proyecci\u00f3n de la \u00faltima adaptaci\u00f3n al cine de la novela \u2018El Principito\u2019, una sesi\u00f3n en euskera para la que hay que retirar invitaci\u00f3n\"}]},{\"@type\":\"WebSite\",\"@id\":\"https:\\\/\\\/www.laguiadepamplona.com\\\/actualidad\\\/#website\",\"url\":\"https:\\\/\\\/www.laguiadepamplona.com\\\/actualidad\\\/\",\"name\":\"La gu\u00eda de Pamplona\",\"description\":\"Noticias de Pamplona\",\"publisher\":{\"@id\":\"https:\\\/\\\/www.laguiadepamplona.com\\\/actualidad\\\/#organization\"},\"potentialAction\":[{\"@type\":\"SearchAction\",\"target\":{\"@type\":\"EntryPoint\",\"urlTemplate\":\"https:\\\/\\\/www.laguiadepamplona.com\\\/actualidad\\\/?s={search_term_string}\"},\"query-input\":{\"@type\":\"PropertyValueSpecification\",\"valueRequired\":true,\"valueName\":\"search_term_string\"}}],\"inLanguage\":\"es\"},{\"@type\":\"Organization\",\"@id\":\"https:\\\/\\\/www.laguiadepamplona.com\\\/actualidad\\\/#organization\",\"name\":\"La Gu\u00eda de Pamplona \\\/ Noticias\",\"url\":\"https:\\\/\\\/www.laguiadepamplona.com\\\/actualidad\\\/\",\"logo\":{\"@type\":\"ImageObject\",\"inLanguage\":\"es\",\"@id\":\"https:\\\/\\\/www.laguiadepamplona.com\\\/actualidad\\\/#\\\/schema\\\/logo\\\/image\\\/\",\"url\":\"https:\\\/\\\/www.laguiadepamplona.com\\\/actualidad\\\/wp-content\\\/uploads\\\/2018\\\/11\\\/logo-laguiadepamplona18-web1.png\",\"contentUrl\":\"https:\\\/\\\/www.laguiadepamplona.com\\\/actualidad\\\/wp-content\\\/uploads\\\/2018\\\/11\\\/logo-laguiadepamplona18-web1.png\",\"width\":600,\"height\":196,\"caption\":\"La Gu\u00eda de Pamplona \\\/ Noticias\"},\"image\":{\"@id\":\"https:\\\/\\\/www.laguiadepamplona.com\\\/actualidad\\\/#\\\/schema\\\/logo\\\/image\\\/\"},\"sameAs\":[\"https:\\\/\\\/www.facebook.com\\\/laguiadepamplonacom-133175176762273\\\/?ref=hl\",\"https:\\\/\\\/x.com\\\/LaGuiadPamplona\",\"https:\\\/\\\/www.instagram.com\\\/la_guia_de_pamplona\\\/\",\"https:\\\/\\\/www.youtube.com\\\/user\\\/laguiadepamplona\"]},{\"@type\":\"Person\",\"@id\":\"https:\\\/\\\/www.laguiadepamplona.com\\\/actualidad\\\/#\\\/schema\\\/person\\\/efe887376f0213d4657c93adc50b1fdb\",\"name\":\"La Gu\u00eda de Pamplona\",\"image\":{\"@type\":\"ImageObject\",\"inLanguage\":\"es\",\"@id\":\"https:\\\/\\\/secure.gravatar.com\\\/avatar\\\/b6992f131dc8d30ab0dff15446e9d346d9dbd95992de0fef795073f5ea83a81c?s=96&d=mm&r=g\",\"url\":\"https:\\\/\\\/secure.gravatar.com\\\/avatar\\\/b6992f131dc8d30ab0dff15446e9d346d9dbd95992de0fef795073f5ea83a81c?s=96&d=mm&r=g\",\"contentUrl\":\"https:\\\/\\\/secure.gravatar.com\\\/avatar\\\/b6992f131dc8d30ab0dff15446e9d346d9dbd95992de0fef795073f5ea83a81c?s=96&d=mm&r=g\",\"caption\":\"La Gu\u00eda de Pamplona\"}}]}<\/script>\n<!-- \/ Yoast SEO plugin. -->","yoast_head_json":{"title":"Este s\u00e1bado Condestable acoger\u00e1 la proyecci\u00f3n de la \u00faltima adaptaci\u00f3n al cine de la novela \u2018El Principito\u2019, una sesi\u00f3n en euskera para la que hay que retirar invitaci\u00f3n","robots":{"index":"index","follow":"follow","max-snippet":"max-snippet:-1","max-image-preview":"max-image-preview:large","max-video-preview":"max-video-preview:-1"},"canonical":"https:\/\/www.laguiadepamplona.com\/actualidad\/este-sabado-condestable-acogera-la-proyeccion-de-la-ultima-adaptacion-al-cine-de-la-novela-el-principito-una-sesion-en-euskera-para-la-que-hay-que-retirar-invitacion\/","og_locale":"es_ES","og_type":"article","og_title":"Este s\u00e1bado Condestable acoger\u00e1 la proyecci\u00f3n de la \u00faltima adaptaci\u00f3n al cine de la novela \u2018El Principito\u2019, una sesi\u00f3n en euskera para la que hay que retirar invitaci\u00f3n","og_description":"Abierta al p\u00fablico, es parte del programa del cine que el Consistorio lleva a cabo en colaboraci\u00f3n con la APYMA del C.P. de San Francisco","og_url":"https:\/\/www.laguiadepamplona.com\/actualidad\/este-sabado-condestable-acogera-la-proyeccion-de-la-ultima-adaptacion-al-cine-de-la-novela-el-principito-una-sesion-en-euskera-para-la-que-hay-que-retirar-invitacion\/","og_site_name":"La Gu\u00eda de Pamplona","article_publisher":"https:\/\/www.facebook.com\/laguiadepamplonacom-133175176762273\/?ref=hl","article_published_time":"2018-02-16T10:42:24+00:00","og_image":[{"width":540,"height":360,"url":"https:\/\/www.laguiadepamplona.com\/actualidad\/wp-content\/uploads\/2018\/02\/printze3.jpg","type":"image\/jpeg"}],"author":"La Gu\u00eda de Pamplona","twitter_card":"summary_large_image","twitter_creator":"@LaGuiadPamplona","twitter_site":"@LaGuiadPamplona","twitter_misc":{"Escrito por":"La Gu\u00eda de Pamplona","Tiempo de lectura":"3 minutos"},"schema":{"@context":"https:\/\/schema.org","@graph":[{"@type":"Article","@id":"https:\/\/www.laguiadepamplona.com\/actualidad\/este-sabado-condestable-acogera-la-proyeccion-de-la-ultima-adaptacion-al-cine-de-la-novela-el-principito-una-sesion-en-euskera-para-la-que-hay-que-retirar-invitacion\/#article","isPartOf":{"@id":"https:\/\/www.laguiadepamplona.com\/actualidad\/este-sabado-condestable-acogera-la-proyeccion-de-la-ultima-adaptacion-al-cine-de-la-novela-el-principito-una-sesion-en-euskera-para-la-que-hay-que-retirar-invitacion\/"},"author":{"name":"La Gu\u00eda de Pamplona","@id":"https:\/\/www.laguiadepamplona.com\/actualidad\/#\/schema\/person\/efe887376f0213d4657c93adc50b1fdb"},"headline":"Este s\u00e1bado Condestable acoger\u00e1 la proyecci\u00f3n de la \u00faltima adaptaci\u00f3n al cine de la novela \u2018El Principito\u2019, una sesi\u00f3n en euskera para la que hay que retirar invitaci\u00f3n","datePublished":"2018-02-16T10:42:24+00:00","mainEntityOfPage":{"@id":"https:\/\/www.laguiadepamplona.com\/actualidad\/este-sabado-condestable-acogera-la-proyeccion-de-la-ultima-adaptacion-al-cine-de-la-novela-el-principito-una-sesion-en-euskera-para-la-que-hay-que-retirar-invitacion\/"},"wordCount":658,"commentCount":0,"publisher":{"@id":"https:\/\/www.laguiadepamplona.com\/actualidad\/#organization"},"image":{"@id":"https:\/\/www.laguiadepamplona.com\/actualidad\/este-sabado-condestable-acogera-la-proyeccion-de-la-ultima-adaptacion-al-cine-de-la-novela-el-principito-una-sesion-en-euskera-para-la-que-hay-que-retirar-invitacion\/#primaryimage"},"thumbnailUrl":"https:\/\/www.laguiadepamplona.com\/actualidad\/wp-content\/uploads\/2018\/02\/printze3.jpg","articleSection":["Ayto Pamplona"],"inLanguage":"es","potentialAction":[{"@type":"CommentAction","name":"Comment","target":["https:\/\/www.laguiadepamplona.com\/actualidad\/este-sabado-condestable-acogera-la-proyeccion-de-la-ultima-adaptacion-al-cine-de-la-novela-el-principito-una-sesion-en-euskera-para-la-que-hay-que-retirar-invitacion\/#respond"]}]},{"@type":"WebPage","@id":"https:\/\/www.laguiadepamplona.com\/actualidad\/este-sabado-condestable-acogera-la-proyeccion-de-la-ultima-adaptacion-al-cine-de-la-novela-el-principito-una-sesion-en-euskera-para-la-que-hay-que-retirar-invitacion\/","url":"https:\/\/www.laguiadepamplona.com\/actualidad\/este-sabado-condestable-acogera-la-proyeccion-de-la-ultima-adaptacion-al-cine-de-la-novela-el-principito-una-sesion-en-euskera-para-la-que-hay-que-retirar-invitacion\/","name":"Este s\u00e1bado Condestable acoger\u00e1 la proyecci\u00f3n de la \u00faltima adaptaci\u00f3n al cine de la novela \u2018El Principito\u2019, una sesi\u00f3n en euskera para la que hay que retirar invitaci\u00f3n","isPartOf":{"@id":"https:\/\/www.laguiadepamplona.com\/actualidad\/#website"},"primaryImageOfPage":{"@id":"https:\/\/www.laguiadepamplona.com\/actualidad\/este-sabado-condestable-acogera-la-proyeccion-de-la-ultima-adaptacion-al-cine-de-la-novela-el-principito-una-sesion-en-euskera-para-la-que-hay-que-retirar-invitacion\/#primaryimage"},"image":{"@id":"https:\/\/www.laguiadepamplona.com\/actualidad\/este-sabado-condestable-acogera-la-proyeccion-de-la-ultima-adaptacion-al-cine-de-la-novela-el-principito-una-sesion-en-euskera-para-la-que-hay-que-retirar-invitacion\/#primaryimage"},"thumbnailUrl":"https:\/\/www.laguiadepamplona.com\/actualidad\/wp-content\/uploads\/2018\/02\/printze3.jpg","datePublished":"2018-02-16T10:42:24+00:00","breadcrumb":{"@id":"https:\/\/www.laguiadepamplona.com\/actualidad\/este-sabado-condestable-acogera-la-proyeccion-de-la-ultima-adaptacion-al-cine-de-la-novela-el-principito-una-sesion-en-euskera-para-la-que-hay-que-retirar-invitacion\/#breadcrumb"},"inLanguage":"es","potentialAction":[{"@type":"ReadAction","target":["https:\/\/www.laguiadepamplona.com\/actualidad\/este-sabado-condestable-acogera-la-proyeccion-de-la-ultima-adaptacion-al-cine-de-la-novela-el-principito-una-sesion-en-euskera-para-la-que-hay-que-retirar-invitacion\/"]}]},{"@type":"ImageObject","inLanguage":"es","@id":"https:\/\/www.laguiadepamplona.com\/actualidad\/este-sabado-condestable-acogera-la-proyeccion-de-la-ultima-adaptacion-al-cine-de-la-novela-el-principito-una-sesion-en-euskera-para-la-que-hay-que-retirar-invitacion\/#primaryimage","url":"https:\/\/www.laguiadepamplona.com\/actualidad\/wp-content\/uploads\/2018\/02\/printze3.jpg","contentUrl":"https:\/\/www.laguiadepamplona.com\/actualidad\/wp-content\/uploads\/2018\/02\/printze3.jpg","width":540,"height":360},{"@type":"BreadcrumbList","@id":"https:\/\/www.laguiadepamplona.com\/actualidad\/este-sabado-condestable-acogera-la-proyeccion-de-la-ultima-adaptacion-al-cine-de-la-novela-el-principito-una-sesion-en-euskera-para-la-que-hay-que-retirar-invitacion\/#breadcrumb","itemListElement":[{"@type":"ListItem","position":1,"name":"Portada","item":"https:\/\/www.laguiadepamplona.com\/actualidad\/"},{"@type":"ListItem","position":2,"name":"Este s\u00e1bado Condestable acoger\u00e1 la proyecci\u00f3n de la \u00faltima adaptaci\u00f3n al cine de la novela \u2018El Principito\u2019, una sesi\u00f3n en euskera para la que hay que retirar invitaci\u00f3n"}]},{"@type":"WebSite","@id":"https:\/\/www.laguiadepamplona.com\/actualidad\/#website","url":"https:\/\/www.laguiadepamplona.com\/actualidad\/","name":"La gu\u00eda de Pamplona","description":"Noticias de Pamplona","publisher":{"@id":"https:\/\/www.laguiadepamplona.com\/actualidad\/#organization"},"potentialAction":[{"@type":"SearchAction","target":{"@type":"EntryPoint","urlTemplate":"https:\/\/www.laguiadepamplona.com\/actualidad\/?s={search_term_string}"},"query-input":{"@type":"PropertyValueSpecification","valueRequired":true,"valueName":"search_term_string"}}],"inLanguage":"es"},{"@type":"Organization","@id":"https:\/\/www.laguiadepamplona.com\/actualidad\/#organization","name":"La Gu\u00eda de Pamplona \/ Noticias","url":"https:\/\/www.laguiadepamplona.com\/actualidad\/","logo":{"@type":"ImageObject","inLanguage":"es","@id":"https:\/\/www.laguiadepamplona.com\/actualidad\/#\/schema\/logo\/image\/","url":"https:\/\/www.laguiadepamplona.com\/actualidad\/wp-content\/uploads\/2018\/11\/logo-laguiadepamplona18-web1.png","contentUrl":"https:\/\/www.laguiadepamplona.com\/actualidad\/wp-content\/uploads\/2018\/11\/logo-laguiadepamplona18-web1.png","width":600,"height":196,"caption":"La Gu\u00eda de Pamplona \/ Noticias"},"image":{"@id":"https:\/\/www.laguiadepamplona.com\/actualidad\/#\/schema\/logo\/image\/"},"sameAs":["https:\/\/www.facebook.com\/laguiadepamplonacom-133175176762273\/?ref=hl","https:\/\/x.com\/LaGuiadPamplona","https:\/\/www.instagram.com\/la_guia_de_pamplona\/","https:\/\/www.youtube.com\/user\/laguiadepamplona"]},{"@type":"Person","@id":"https:\/\/www.laguiadepamplona.com\/actualidad\/#\/schema\/person\/efe887376f0213d4657c93adc50b1fdb","name":"La Gu\u00eda de Pamplona","image":{"@type":"ImageObject","inLanguage":"es","@id":"https:\/\/secure.gravatar.com\/avatar\/b6992f131dc8d30ab0dff15446e9d346d9dbd95992de0fef795073f5ea83a81c?s=96&d=mm&r=g","url":"https:\/\/secure.gravatar.com\/avatar\/b6992f131dc8d30ab0dff15446e9d346d9dbd95992de0fef795073f5ea83a81c?s=96&d=mm&r=g","contentUrl":"https:\/\/secure.gravatar.com\/avatar\/b6992f131dc8d30ab0dff15446e9d346d9dbd95992de0fef795073f5ea83a81c?s=96&d=mm&r=g","caption":"La Gu\u00eda de Pamplona"}}]}},"post_mailing_queue_ids":[],"_links":{"self":[{"href":"https:\/\/www.laguiadepamplona.com\/actualidad\/wp-json\/wp\/v2\/posts\/16144","targetHints":{"allow":["GET"]}}],"collection":[{"href":"https:\/\/www.laguiadepamplona.com\/actualidad\/wp-json\/wp\/v2\/posts"}],"about":[{"href":"https:\/\/www.laguiadepamplona.com\/actualidad\/wp-json\/wp\/v2\/types\/post"}],"author":[{"embeddable":true,"href":"https:\/\/www.laguiadepamplona.com\/actualidad\/wp-json\/wp\/v2\/users\/1"}],"replies":[{"embeddable":true,"href":"https:\/\/www.laguiadepamplona.com\/actualidad\/wp-json\/wp\/v2\/comments?post=16144"}],"version-history":[{"count":0,"href":"https:\/\/www.laguiadepamplona.com\/actualidad\/wp-json\/wp\/v2\/posts\/16144\/revisions"}],"wp:featuredmedia":[{"embeddable":true,"href":"https:\/\/www.laguiadepamplona.com\/actualidad\/wp-json\/wp\/v2\/media\/16145"}],"wp:attachment":[{"href":"https:\/\/www.laguiadepamplona.com\/actualidad\/wp-json\/wp\/v2\/media?parent=16144"}],"wp:term":[{"taxonomy":"category","embeddable":true,"href":"https:\/\/www.laguiadepamplona.com\/actualidad\/wp-json\/wp\/v2\/categories?post=16144"},{"taxonomy":"post_tag","embeddable":true,"href":"https:\/\/www.laguiadepamplona.com\/actualidad\/wp-json\/wp\/v2\/tags?post=16144"}],"curies":[{"name":"wp","href":"https:\/\/api.w.org\/{rel}","templated":true}]}}