{"id":16136,"date":"2018-02-16T11:31:27","date_gmt":"2018-02-16T10:31:27","guid":{"rendered":"http:\/\/laguiadepamplona.es\/actualidad\/?p=16136"},"modified":"2018-02-16T11:31:27","modified_gmt":"2018-02-16T10:31:27","slug":"el-sentir-al-transitar-el-ano-una-muestra-circular-que-reflexiona-sobre-paisajes-personales-y-vitales-de-natxo-barberena-plasmada-en-sensibilidades-artisticas-diversas","status":"publish","type":"post","link":"https:\/\/www.laguiadepamplona.com\/actualidad\/el-sentir-al-transitar-el-ano-una-muestra-circular-que-reflexiona-sobre-paisajes-personales-y-vitales-de-natxo-barberena-plasmada-en-sensibilidades-artisticas-diversas\/","title":{"rendered":"\u2018El sentir al transitar el a\u00f1o\u2019, una muestra circular que reflexiona sobre paisajes personales y vitales de Natxo Barberena plasmada en sensibilidades art\u00edsticas diversas"},"content":{"rendered":"<h3>La exposici\u00f3n colgar\u00e1 en el Pabell\u00f3n de Mixtos hasta el 1 de abril<\/h3>\n<p><!--more--><\/p>\n<p>Mediado febrero, el mes de la far\u00e1ndula seg\u00fan el autor de los textos po\u00e9ticos, el Ayuntamiento de Pamplona ha presentado \u2018El sentir al transitar el a\u00f1o\u2019. La muestra es una exposici\u00f3n colectiva en la que 16 autores navarros con diversas obras o instalaciones, y a trav\u00e9s del uso de distintas t\u00e9cnicas y materiales, ilustran una reflexi\u00f3n del creador Natxo Barberena.<\/p>\n<p>La prosa po\u00e9tica de Barberena semeja un camino f\u00edsico y espiritual, un itinerario en el que el visitante acompa\u00f1a al autor recorriendo con \u00e9l su personal visi\u00f3n de las edades, las del a\u00f1o en sus estaciones, pero tambi\u00e9n las del ser humano a lo largo de su vida. Este viaje utiliza met\u00e1foras-paisaje: naturales, urbanas e interiores, que se apoyan en creaciones f\u00edsicas de otros autores realizadas espec\u00edficamente para cada texto. Lo escrito evoca un mes del calendario, adem\u00e1s de otro texto por cada estaci\u00f3n.<\/p>\n<p>Esta ma\u00f1ana la directora del \u00c1rea de Cultura y Educaci\u00f3n, Maitena Muruzabal, y el autor, Natxo Barberena, acompa\u00f1ado por algunos de los creadores de la muestra, han presentado los contenidos y actividades de una muestra que se mantendr\u00e1 abierta al p\u00fablico en el Pabell\u00f3n de Mixtos (1\u00ba planta) hasta el 1 de abril. El horario de visitas es de 17.30 a 20 de martes a viernes; s\u00e1bado de 12 a 14 y 17.30 a 20 horas y domingos de 12 a 14 horas.<\/p>\n<p>La muestra expositiva va acompa\u00f1ada por dos propuestas m\u00e1s. La primera: dos recorridos comentados con el poeta y alguno de los artistas que tendr\u00e1n lugar los domingos 18 de febrero y 25 de marzo, a las 12.30 horas. El punto de encuentro ser\u00e1 la misma sala donde Barberena analizar\u00e1 la vinculaci\u00f3n entre sus textos y las pinturas, esculturas, fotograf\u00edas e instalaciones del resto de autores. La segunda propuesta es un nuevo c\u00edrculo conc\u00e9ntrico a a\u00f1adir a esta exposici\u00f3n \u201ccircular\u201d. Diecis\u00e9is poetas, a su vez, est\u00e1n estos d\u00edas componiendo obra sobre las creaciones que ilustran los textos de Barberena. El 16 de marzo, un mes despu\u00e9s de la apertura de la muestra, la sala acoger\u00e1 el recital po\u00e9tico del conjunto de los textos.<\/p>\n<p><strong>Los c\u00edrculos conc\u00e9ntricos y los ciclos<\/strong><\/p>\n<p>La exposici\u00f3n reclama un momento de ensimismamiento y observaci\u00f3n, un espacio de paz en una sociedad en la que priman las prisas, la distracci\u00f3n continua, el mensaje corto y la lectura r\u00e1pida. La comprensi\u00f3n del ciclo, de la repetici\u00f3n continua en la naturaleza, coadyuba a entender los estados de \u00e1nimo, el transitar de la propia vida con sus tambi\u00e9n propias e inevitables estaciones invariables.<\/p>\n<p>Ese ensimismamiento, necesario para la creaci\u00f3n de la obra pl\u00e1stica, es el que ha concluido en un conjunto de manifestaciones art\u00edsticas que ilustran los textos. Barberena observa y escribe; los artistas pl\u00e1sticos le leen y, a su vez, crean. Y a trav\u00e9s de una cadena de filtros, todos ellos visibles, el espectador puede elaborar su propia reflexi\u00f3n, de nuevo, el planteamiento esf\u00e9rico del bucle.<\/p>\n<p>Dado que no se plante\u00f3 limitaci\u00f3n de t\u00e9cnica ni de materiales a los artistas participantes el resultado es un material muy heterog\u00e9neo. En la muestra se recogen oleos sobre cart\u00f3n, fotograf\u00edas, toner sobre papel vegetal, \u00f3leo sobre lienzo y cer\u00e1mica y obras realizadas en materiales acr\u00edlicos, textiles o metal y algunas de t\u00e9cnica mixta.<\/p>\n<p><strong>Los artistas de \u2018El sentir al transitar el a\u00f1o\u2019<\/strong><\/p>\n<ul>\n<li><strong>Natxo Barberena (poemas)<\/strong><\/li>\n<\/ul>\n<p><strong><u>POR MESES Y ESTACIONES<\/u><\/strong><\/p>\n<ul>\n<li>Joaqu\u00edn Ahechu (enero)<\/li>\n<li>I\u00f1aki Aldatz (febrero)<\/li>\n<li>Bel\u00e9n Ar\u00e9valo (marzo)<\/li>\n<li>Johanna Arzoz (abril)<\/li>\n<li>C\u00e9sar D\u00edez Torres (mayo)<\/li>\n<li>Mar\u00eda Jim\u00e9nez (junio)<\/li>\n<li>Mikel Mendibil (julio)<\/li>\n<li>Alfredo Murillo (agosto)<\/li>\n<li>Blanca Razquin (septiembre)<\/li>\n<li>Marijose Recalde (octubre)<\/li>\n<li>Juan Sukilbide (noviembre)<\/li>\n<li>Natxo Zenborain (diciembre)<\/li>\n<li>Juan Belzunegui (primavera)<\/li>\n<li>Iru\u00f1a Cormenzana (verano)<\/li>\n<li>Pablo Juarros (oto\u00f1o)<\/li>\n<li>F\u00e9lix Ortega (invierno)<\/li>\n<\/ul>\n<p><strong><u>LOS POETAS<\/u><\/strong><\/p>\n<ul>\n<li>Iosu Moracho<\/li>\n<li>Arantxa Murugarren<\/li>\n<li>Isabel Rivas<\/li>\n<li>Isabel Hualde<\/li>\n<li>Elena Castro<\/li>\n<li>Tas\u00fas Burguete<\/li>\n<li>Itziar Anc\u00edn<\/li>\n<li>Tom\u00e1s Casado<\/li>\n<li>Gabriela L\u00f3pez Bono<\/li>\n<li>Daniel Otegui<\/li>\n<li>Ana Mart\u00ednez Mongay<\/li>\n<li>Santiago Elso<\/li>\n<li>Teresa Ramos<\/li>\n<li>Silvia marambio<\/li>\n<li>Mar\u00eda Cano<\/li>\n<li>Mikel Sanz Tirapu<\/li>\n<\/ul>\n<p>&nbsp;<\/p>\n","protected":false},"excerpt":{"rendered":"<p>La exposici\u00f3n colgar\u00e1 en el Pabell\u00f3n de Mixtos hasta el 1 de abril<\/p>\n","protected":false},"author":1,"featured_media":11088,"comment_status":"open","ping_status":"closed","sticky":false,"template":"","format":"standard","meta":{"footnotes":""},"categories":[2],"tags":[],"class_list":["post-16136","post","type-post","status-publish","format-standard","has-post-thumbnail","hentry","category-ayuntamiento-pamplona"],"yoast_head":"<!-- This site is optimized with the Yoast SEO plugin v27.5 - https:\/\/yoast.com\/product\/yoast-seo-wordpress\/ -->\n<title>\u2018El sentir al transitar el a\u00f1o\u2019, una muestra circular que reflexiona sobre paisajes personales y vitales de Natxo Barberena plasmada en sensibilidades art\u00edsticas diversas<\/title>\n<meta name=\"robots\" content=\"index, follow, max-snippet:-1, max-image-preview:large, max-video-preview:-1\" \/>\n<link rel=\"canonical\" href=\"https:\/\/www.laguiadepamplona.com\/actualidad\/el-sentir-al-transitar-el-ano-una-muestra-circular-que-reflexiona-sobre-paisajes-personales-y-vitales-de-natxo-barberena-plasmada-en-sensibilidades-artisticas-diversas\/\" \/>\n<meta property=\"og:locale\" content=\"es_ES\" \/>\n<meta property=\"og:type\" content=\"article\" \/>\n<meta property=\"og:title\" content=\"\u2018El sentir al transitar el a\u00f1o\u2019, una muestra circular que reflexiona sobre paisajes personales y vitales de Natxo Barberena plasmada en sensibilidades art\u00edsticas diversas\" \/>\n<meta property=\"og:description\" content=\"La exposici\u00f3n colgar\u00e1 en el Pabell\u00f3n de Mixtos hasta el 1 de abril\" \/>\n<meta property=\"og:url\" content=\"https:\/\/www.laguiadepamplona.com\/actualidad\/el-sentir-al-transitar-el-ano-una-muestra-circular-que-reflexiona-sobre-paisajes-personales-y-vitales-de-natxo-barberena-plasmada-en-sensibilidades-artisticas-diversas\/\" \/>\n<meta property=\"og:site_name\" content=\"La Gu\u00eda de Pamplona\" \/>\n<meta property=\"article:publisher\" content=\"https:\/\/www.facebook.com\/laguiadepamplonacom-133175176762273\/?ref=hl\" \/>\n<meta property=\"article:published_time\" content=\"2018-02-16T10:31:27+00:00\" \/>\n<meta property=\"og:image\" content=\"https:\/\/www.laguiadepamplona.com\/actualidad\/wp-content\/uploads\/2016\/12\/pabellon_mixtos_ciudadela.jpg\" \/>\n\t<meta property=\"og:image:width\" content=\"1000\" \/>\n\t<meta property=\"og:image:height\" content=\"667\" \/>\n\t<meta property=\"og:image:type\" content=\"image\/jpeg\" \/>\n<meta name=\"author\" content=\"La Gu\u00eda de Pamplona\" \/>\n<meta name=\"twitter:card\" content=\"summary_large_image\" \/>\n<meta name=\"twitter:creator\" content=\"@LaGuiadPamplona\" \/>\n<meta name=\"twitter:site\" content=\"@LaGuiadPamplona\" \/>\n<meta name=\"twitter:label1\" content=\"Escrito por\" \/>\n\t<meta name=\"twitter:data1\" content=\"La Gu\u00eda de Pamplona\" \/>\n\t<meta name=\"twitter:label2\" content=\"Tiempo de lectura\" \/>\n\t<meta name=\"twitter:data2\" content=\"4 minutos\" \/>\n<script type=\"application\/ld+json\" class=\"yoast-schema-graph\">{\"@context\":\"https:\\\/\\\/schema.org\",\"@graph\":[{\"@type\":\"Article\",\"@id\":\"https:\\\/\\\/www.laguiadepamplona.com\\\/actualidad\\\/el-sentir-al-transitar-el-ano-una-muestra-circular-que-reflexiona-sobre-paisajes-personales-y-vitales-de-natxo-barberena-plasmada-en-sensibilidades-artisticas-diversas\\\/#article\",\"isPartOf\":{\"@id\":\"https:\\\/\\\/www.laguiadepamplona.com\\\/actualidad\\\/el-sentir-al-transitar-el-ano-una-muestra-circular-que-reflexiona-sobre-paisajes-personales-y-vitales-de-natxo-barberena-plasmada-en-sensibilidades-artisticas-diversas\\\/\"},\"author\":{\"name\":\"La Gu\u00eda de Pamplona\",\"@id\":\"https:\\\/\\\/www.laguiadepamplona.com\\\/actualidad\\\/#\\\/schema\\\/person\\\/efe887376f0213d4657c93adc50b1fdb\"},\"headline\":\"\u2018El sentir al transitar el a\u00f1o\u2019, una muestra circular que reflexiona sobre paisajes personales y vitales de Natxo Barberena plasmada en sensibilidades art\u00edsticas diversas\",\"datePublished\":\"2018-02-16T10:31:27+00:00\",\"mainEntityOfPage\":{\"@id\":\"https:\\\/\\\/www.laguiadepamplona.com\\\/actualidad\\\/el-sentir-al-transitar-el-ano-una-muestra-circular-que-reflexiona-sobre-paisajes-personales-y-vitales-de-natxo-barberena-plasmada-en-sensibilidades-artisticas-diversas\\\/\"},\"wordCount\":746,\"commentCount\":0,\"publisher\":{\"@id\":\"https:\\\/\\\/www.laguiadepamplona.com\\\/actualidad\\\/#organization\"},\"image\":{\"@id\":\"https:\\\/\\\/www.laguiadepamplona.com\\\/actualidad\\\/el-sentir-al-transitar-el-ano-una-muestra-circular-que-reflexiona-sobre-paisajes-personales-y-vitales-de-natxo-barberena-plasmada-en-sensibilidades-artisticas-diversas\\\/#primaryimage\"},\"thumbnailUrl\":\"https:\\\/\\\/www.laguiadepamplona.com\\\/actualidad\\\/wp-content\\\/uploads\\\/2016\\\/12\\\/pabellon_mixtos_ciudadela.jpg\",\"articleSection\":[\"Ayto Pamplona\"],\"inLanguage\":\"es\",\"potentialAction\":[{\"@type\":\"CommentAction\",\"name\":\"Comment\",\"target\":[\"https:\\\/\\\/www.laguiadepamplona.com\\\/actualidad\\\/el-sentir-al-transitar-el-ano-una-muestra-circular-que-reflexiona-sobre-paisajes-personales-y-vitales-de-natxo-barberena-plasmada-en-sensibilidades-artisticas-diversas\\\/#respond\"]}]},{\"@type\":\"WebPage\",\"@id\":\"https:\\\/\\\/www.laguiadepamplona.com\\\/actualidad\\\/el-sentir-al-transitar-el-ano-una-muestra-circular-que-reflexiona-sobre-paisajes-personales-y-vitales-de-natxo-barberena-plasmada-en-sensibilidades-artisticas-diversas\\\/\",\"url\":\"https:\\\/\\\/www.laguiadepamplona.com\\\/actualidad\\\/el-sentir-al-transitar-el-ano-una-muestra-circular-que-reflexiona-sobre-paisajes-personales-y-vitales-de-natxo-barberena-plasmada-en-sensibilidades-artisticas-diversas\\\/\",\"name\":\"\u2018El sentir al transitar el a\u00f1o\u2019, una muestra circular que reflexiona sobre paisajes personales y vitales de Natxo Barberena plasmada en sensibilidades art\u00edsticas diversas\",\"isPartOf\":{\"@id\":\"https:\\\/\\\/www.laguiadepamplona.com\\\/actualidad\\\/#website\"},\"primaryImageOfPage\":{\"@id\":\"https:\\\/\\\/www.laguiadepamplona.com\\\/actualidad\\\/el-sentir-al-transitar-el-ano-una-muestra-circular-que-reflexiona-sobre-paisajes-personales-y-vitales-de-natxo-barberena-plasmada-en-sensibilidades-artisticas-diversas\\\/#primaryimage\"},\"image\":{\"@id\":\"https:\\\/\\\/www.laguiadepamplona.com\\\/actualidad\\\/el-sentir-al-transitar-el-ano-una-muestra-circular-que-reflexiona-sobre-paisajes-personales-y-vitales-de-natxo-barberena-plasmada-en-sensibilidades-artisticas-diversas\\\/#primaryimage\"},\"thumbnailUrl\":\"https:\\\/\\\/www.laguiadepamplona.com\\\/actualidad\\\/wp-content\\\/uploads\\\/2016\\\/12\\\/pabellon_mixtos_ciudadela.jpg\",\"datePublished\":\"2018-02-16T10:31:27+00:00\",\"breadcrumb\":{\"@id\":\"https:\\\/\\\/www.laguiadepamplona.com\\\/actualidad\\\/el-sentir-al-transitar-el-ano-una-muestra-circular-que-reflexiona-sobre-paisajes-personales-y-vitales-de-natxo-barberena-plasmada-en-sensibilidades-artisticas-diversas\\\/#breadcrumb\"},\"inLanguage\":\"es\",\"potentialAction\":[{\"@type\":\"ReadAction\",\"target\":[\"https:\\\/\\\/www.laguiadepamplona.com\\\/actualidad\\\/el-sentir-al-transitar-el-ano-una-muestra-circular-que-reflexiona-sobre-paisajes-personales-y-vitales-de-natxo-barberena-plasmada-en-sensibilidades-artisticas-diversas\\\/\"]}]},{\"@type\":\"ImageObject\",\"inLanguage\":\"es\",\"@id\":\"https:\\\/\\\/www.laguiadepamplona.com\\\/actualidad\\\/el-sentir-al-transitar-el-ano-una-muestra-circular-que-reflexiona-sobre-paisajes-personales-y-vitales-de-natxo-barberena-plasmada-en-sensibilidades-artisticas-diversas\\\/#primaryimage\",\"url\":\"https:\\\/\\\/www.laguiadepamplona.com\\\/actualidad\\\/wp-content\\\/uploads\\\/2016\\\/12\\\/pabellon_mixtos_ciudadela.jpg\",\"contentUrl\":\"https:\\\/\\\/www.laguiadepamplona.com\\\/actualidad\\\/wp-content\\\/uploads\\\/2016\\\/12\\\/pabellon_mixtos_ciudadela.jpg\",\"width\":1000,\"height\":667},{\"@type\":\"BreadcrumbList\",\"@id\":\"https:\\\/\\\/www.laguiadepamplona.com\\\/actualidad\\\/el-sentir-al-transitar-el-ano-una-muestra-circular-que-reflexiona-sobre-paisajes-personales-y-vitales-de-natxo-barberena-plasmada-en-sensibilidades-artisticas-diversas\\\/#breadcrumb\",\"itemListElement\":[{\"@type\":\"ListItem\",\"position\":1,\"name\":\"Portada\",\"item\":\"https:\\\/\\\/www.laguiadepamplona.com\\\/actualidad\\\/\"},{\"@type\":\"ListItem\",\"position\":2,\"name\":\"\u2018El sentir al transitar el a\u00f1o\u2019, una muestra circular que reflexiona sobre paisajes personales y vitales de Natxo Barberena plasmada en sensibilidades art\u00edsticas diversas\"}]},{\"@type\":\"WebSite\",\"@id\":\"https:\\\/\\\/www.laguiadepamplona.com\\\/actualidad\\\/#website\",\"url\":\"https:\\\/\\\/www.laguiadepamplona.com\\\/actualidad\\\/\",\"name\":\"La gu\u00eda de Pamplona\",\"description\":\"Noticias de Pamplona\",\"publisher\":{\"@id\":\"https:\\\/\\\/www.laguiadepamplona.com\\\/actualidad\\\/#organization\"},\"potentialAction\":[{\"@type\":\"SearchAction\",\"target\":{\"@type\":\"EntryPoint\",\"urlTemplate\":\"https:\\\/\\\/www.laguiadepamplona.com\\\/actualidad\\\/?s={search_term_string}\"},\"query-input\":{\"@type\":\"PropertyValueSpecification\",\"valueRequired\":true,\"valueName\":\"search_term_string\"}}],\"inLanguage\":\"es\"},{\"@type\":\"Organization\",\"@id\":\"https:\\\/\\\/www.laguiadepamplona.com\\\/actualidad\\\/#organization\",\"name\":\"La Gu\u00eda de Pamplona \\\/ Noticias\",\"url\":\"https:\\\/\\\/www.laguiadepamplona.com\\\/actualidad\\\/\",\"logo\":{\"@type\":\"ImageObject\",\"inLanguage\":\"es\",\"@id\":\"https:\\\/\\\/www.laguiadepamplona.com\\\/actualidad\\\/#\\\/schema\\\/logo\\\/image\\\/\",\"url\":\"https:\\\/\\\/www.laguiadepamplona.com\\\/actualidad\\\/wp-content\\\/uploads\\\/2018\\\/11\\\/logo-laguiadepamplona18-web1.png\",\"contentUrl\":\"https:\\\/\\\/www.laguiadepamplona.com\\\/actualidad\\\/wp-content\\\/uploads\\\/2018\\\/11\\\/logo-laguiadepamplona18-web1.png\",\"width\":600,\"height\":196,\"caption\":\"La Gu\u00eda de Pamplona \\\/ Noticias\"},\"image\":{\"@id\":\"https:\\\/\\\/www.laguiadepamplona.com\\\/actualidad\\\/#\\\/schema\\\/logo\\\/image\\\/\"},\"sameAs\":[\"https:\\\/\\\/www.facebook.com\\\/laguiadepamplonacom-133175176762273\\\/?ref=hl\",\"https:\\\/\\\/x.com\\\/LaGuiadPamplona\",\"https:\\\/\\\/www.instagram.com\\\/la_guia_de_pamplona\\\/\",\"https:\\\/\\\/www.youtube.com\\\/user\\\/laguiadepamplona\"]},{\"@type\":\"Person\",\"@id\":\"https:\\\/\\\/www.laguiadepamplona.com\\\/actualidad\\\/#\\\/schema\\\/person\\\/efe887376f0213d4657c93adc50b1fdb\",\"name\":\"La Gu\u00eda de Pamplona\",\"image\":{\"@type\":\"ImageObject\",\"inLanguage\":\"es\",\"@id\":\"https:\\\/\\\/secure.gravatar.com\\\/avatar\\\/b6992f131dc8d30ab0dff15446e9d346d9dbd95992de0fef795073f5ea83a81c?s=96&d=mm&r=g\",\"url\":\"https:\\\/\\\/secure.gravatar.com\\\/avatar\\\/b6992f131dc8d30ab0dff15446e9d346d9dbd95992de0fef795073f5ea83a81c?s=96&d=mm&r=g\",\"contentUrl\":\"https:\\\/\\\/secure.gravatar.com\\\/avatar\\\/b6992f131dc8d30ab0dff15446e9d346d9dbd95992de0fef795073f5ea83a81c?s=96&d=mm&r=g\",\"caption\":\"La Gu\u00eda de Pamplona\"}}]}<\/script>\n<!-- \/ Yoast SEO plugin. -->","yoast_head_json":{"title":"\u2018El sentir al transitar el a\u00f1o\u2019, una muestra circular que reflexiona sobre paisajes personales y vitales de Natxo Barberena plasmada en sensibilidades art\u00edsticas diversas","robots":{"index":"index","follow":"follow","max-snippet":"max-snippet:-1","max-image-preview":"max-image-preview:large","max-video-preview":"max-video-preview:-1"},"canonical":"https:\/\/www.laguiadepamplona.com\/actualidad\/el-sentir-al-transitar-el-ano-una-muestra-circular-que-reflexiona-sobre-paisajes-personales-y-vitales-de-natxo-barberena-plasmada-en-sensibilidades-artisticas-diversas\/","og_locale":"es_ES","og_type":"article","og_title":"\u2018El sentir al transitar el a\u00f1o\u2019, una muestra circular que reflexiona sobre paisajes personales y vitales de Natxo Barberena plasmada en sensibilidades art\u00edsticas diversas","og_description":"La exposici\u00f3n colgar\u00e1 en el Pabell\u00f3n de Mixtos hasta el 1 de abril","og_url":"https:\/\/www.laguiadepamplona.com\/actualidad\/el-sentir-al-transitar-el-ano-una-muestra-circular-que-reflexiona-sobre-paisajes-personales-y-vitales-de-natxo-barberena-plasmada-en-sensibilidades-artisticas-diversas\/","og_site_name":"La Gu\u00eda de Pamplona","article_publisher":"https:\/\/www.facebook.com\/laguiadepamplonacom-133175176762273\/?ref=hl","article_published_time":"2018-02-16T10:31:27+00:00","og_image":[{"width":1000,"height":667,"url":"https:\/\/www.laguiadepamplona.com\/actualidad\/wp-content\/uploads\/2016\/12\/pabellon_mixtos_ciudadela.jpg","type":"image\/jpeg"}],"author":"La Gu\u00eda de Pamplona","twitter_card":"summary_large_image","twitter_creator":"@LaGuiadPamplona","twitter_site":"@LaGuiadPamplona","twitter_misc":{"Escrito por":"La Gu\u00eda de Pamplona","Tiempo de lectura":"4 minutos"},"schema":{"@context":"https:\/\/schema.org","@graph":[{"@type":"Article","@id":"https:\/\/www.laguiadepamplona.com\/actualidad\/el-sentir-al-transitar-el-ano-una-muestra-circular-que-reflexiona-sobre-paisajes-personales-y-vitales-de-natxo-barberena-plasmada-en-sensibilidades-artisticas-diversas\/#article","isPartOf":{"@id":"https:\/\/www.laguiadepamplona.com\/actualidad\/el-sentir-al-transitar-el-ano-una-muestra-circular-que-reflexiona-sobre-paisajes-personales-y-vitales-de-natxo-barberena-plasmada-en-sensibilidades-artisticas-diversas\/"},"author":{"name":"La Gu\u00eda de Pamplona","@id":"https:\/\/www.laguiadepamplona.com\/actualidad\/#\/schema\/person\/efe887376f0213d4657c93adc50b1fdb"},"headline":"\u2018El sentir al transitar el a\u00f1o\u2019, una muestra circular que reflexiona sobre paisajes personales y vitales de Natxo Barberena plasmada en sensibilidades art\u00edsticas diversas","datePublished":"2018-02-16T10:31:27+00:00","mainEntityOfPage":{"@id":"https:\/\/www.laguiadepamplona.com\/actualidad\/el-sentir-al-transitar-el-ano-una-muestra-circular-que-reflexiona-sobre-paisajes-personales-y-vitales-de-natxo-barberena-plasmada-en-sensibilidades-artisticas-diversas\/"},"wordCount":746,"commentCount":0,"publisher":{"@id":"https:\/\/www.laguiadepamplona.com\/actualidad\/#organization"},"image":{"@id":"https:\/\/www.laguiadepamplona.com\/actualidad\/el-sentir-al-transitar-el-ano-una-muestra-circular-que-reflexiona-sobre-paisajes-personales-y-vitales-de-natxo-barberena-plasmada-en-sensibilidades-artisticas-diversas\/#primaryimage"},"thumbnailUrl":"https:\/\/www.laguiadepamplona.com\/actualidad\/wp-content\/uploads\/2016\/12\/pabellon_mixtos_ciudadela.jpg","articleSection":["Ayto Pamplona"],"inLanguage":"es","potentialAction":[{"@type":"CommentAction","name":"Comment","target":["https:\/\/www.laguiadepamplona.com\/actualidad\/el-sentir-al-transitar-el-ano-una-muestra-circular-que-reflexiona-sobre-paisajes-personales-y-vitales-de-natxo-barberena-plasmada-en-sensibilidades-artisticas-diversas\/#respond"]}]},{"@type":"WebPage","@id":"https:\/\/www.laguiadepamplona.com\/actualidad\/el-sentir-al-transitar-el-ano-una-muestra-circular-que-reflexiona-sobre-paisajes-personales-y-vitales-de-natxo-barberena-plasmada-en-sensibilidades-artisticas-diversas\/","url":"https:\/\/www.laguiadepamplona.com\/actualidad\/el-sentir-al-transitar-el-ano-una-muestra-circular-que-reflexiona-sobre-paisajes-personales-y-vitales-de-natxo-barberena-plasmada-en-sensibilidades-artisticas-diversas\/","name":"\u2018El sentir al transitar el a\u00f1o\u2019, una muestra circular que reflexiona sobre paisajes personales y vitales de Natxo Barberena plasmada en sensibilidades art\u00edsticas diversas","isPartOf":{"@id":"https:\/\/www.laguiadepamplona.com\/actualidad\/#website"},"primaryImageOfPage":{"@id":"https:\/\/www.laguiadepamplona.com\/actualidad\/el-sentir-al-transitar-el-ano-una-muestra-circular-que-reflexiona-sobre-paisajes-personales-y-vitales-de-natxo-barberena-plasmada-en-sensibilidades-artisticas-diversas\/#primaryimage"},"image":{"@id":"https:\/\/www.laguiadepamplona.com\/actualidad\/el-sentir-al-transitar-el-ano-una-muestra-circular-que-reflexiona-sobre-paisajes-personales-y-vitales-de-natxo-barberena-plasmada-en-sensibilidades-artisticas-diversas\/#primaryimage"},"thumbnailUrl":"https:\/\/www.laguiadepamplona.com\/actualidad\/wp-content\/uploads\/2016\/12\/pabellon_mixtos_ciudadela.jpg","datePublished":"2018-02-16T10:31:27+00:00","breadcrumb":{"@id":"https:\/\/www.laguiadepamplona.com\/actualidad\/el-sentir-al-transitar-el-ano-una-muestra-circular-que-reflexiona-sobre-paisajes-personales-y-vitales-de-natxo-barberena-plasmada-en-sensibilidades-artisticas-diversas\/#breadcrumb"},"inLanguage":"es","potentialAction":[{"@type":"ReadAction","target":["https:\/\/www.laguiadepamplona.com\/actualidad\/el-sentir-al-transitar-el-ano-una-muestra-circular-que-reflexiona-sobre-paisajes-personales-y-vitales-de-natxo-barberena-plasmada-en-sensibilidades-artisticas-diversas\/"]}]},{"@type":"ImageObject","inLanguage":"es","@id":"https:\/\/www.laguiadepamplona.com\/actualidad\/el-sentir-al-transitar-el-ano-una-muestra-circular-que-reflexiona-sobre-paisajes-personales-y-vitales-de-natxo-barberena-plasmada-en-sensibilidades-artisticas-diversas\/#primaryimage","url":"https:\/\/www.laguiadepamplona.com\/actualidad\/wp-content\/uploads\/2016\/12\/pabellon_mixtos_ciudadela.jpg","contentUrl":"https:\/\/www.laguiadepamplona.com\/actualidad\/wp-content\/uploads\/2016\/12\/pabellon_mixtos_ciudadela.jpg","width":1000,"height":667},{"@type":"BreadcrumbList","@id":"https:\/\/www.laguiadepamplona.com\/actualidad\/el-sentir-al-transitar-el-ano-una-muestra-circular-que-reflexiona-sobre-paisajes-personales-y-vitales-de-natxo-barberena-plasmada-en-sensibilidades-artisticas-diversas\/#breadcrumb","itemListElement":[{"@type":"ListItem","position":1,"name":"Portada","item":"https:\/\/www.laguiadepamplona.com\/actualidad\/"},{"@type":"ListItem","position":2,"name":"\u2018El sentir al transitar el a\u00f1o\u2019, una muestra circular que reflexiona sobre paisajes personales y vitales de Natxo Barberena plasmada en sensibilidades art\u00edsticas diversas"}]},{"@type":"WebSite","@id":"https:\/\/www.laguiadepamplona.com\/actualidad\/#website","url":"https:\/\/www.laguiadepamplona.com\/actualidad\/","name":"La gu\u00eda de Pamplona","description":"Noticias de Pamplona","publisher":{"@id":"https:\/\/www.laguiadepamplona.com\/actualidad\/#organization"},"potentialAction":[{"@type":"SearchAction","target":{"@type":"EntryPoint","urlTemplate":"https:\/\/www.laguiadepamplona.com\/actualidad\/?s={search_term_string}"},"query-input":{"@type":"PropertyValueSpecification","valueRequired":true,"valueName":"search_term_string"}}],"inLanguage":"es"},{"@type":"Organization","@id":"https:\/\/www.laguiadepamplona.com\/actualidad\/#organization","name":"La Gu\u00eda de Pamplona \/ Noticias","url":"https:\/\/www.laguiadepamplona.com\/actualidad\/","logo":{"@type":"ImageObject","inLanguage":"es","@id":"https:\/\/www.laguiadepamplona.com\/actualidad\/#\/schema\/logo\/image\/","url":"https:\/\/www.laguiadepamplona.com\/actualidad\/wp-content\/uploads\/2018\/11\/logo-laguiadepamplona18-web1.png","contentUrl":"https:\/\/www.laguiadepamplona.com\/actualidad\/wp-content\/uploads\/2018\/11\/logo-laguiadepamplona18-web1.png","width":600,"height":196,"caption":"La Gu\u00eda de Pamplona \/ Noticias"},"image":{"@id":"https:\/\/www.laguiadepamplona.com\/actualidad\/#\/schema\/logo\/image\/"},"sameAs":["https:\/\/www.facebook.com\/laguiadepamplonacom-133175176762273\/?ref=hl","https:\/\/x.com\/LaGuiadPamplona","https:\/\/www.instagram.com\/la_guia_de_pamplona\/","https:\/\/www.youtube.com\/user\/laguiadepamplona"]},{"@type":"Person","@id":"https:\/\/www.laguiadepamplona.com\/actualidad\/#\/schema\/person\/efe887376f0213d4657c93adc50b1fdb","name":"La Gu\u00eda de Pamplona","image":{"@type":"ImageObject","inLanguage":"es","@id":"https:\/\/secure.gravatar.com\/avatar\/b6992f131dc8d30ab0dff15446e9d346d9dbd95992de0fef795073f5ea83a81c?s=96&d=mm&r=g","url":"https:\/\/secure.gravatar.com\/avatar\/b6992f131dc8d30ab0dff15446e9d346d9dbd95992de0fef795073f5ea83a81c?s=96&d=mm&r=g","contentUrl":"https:\/\/secure.gravatar.com\/avatar\/b6992f131dc8d30ab0dff15446e9d346d9dbd95992de0fef795073f5ea83a81c?s=96&d=mm&r=g","caption":"La Gu\u00eda de Pamplona"}}]}},"post_mailing_queue_ids":[],"_links":{"self":[{"href":"https:\/\/www.laguiadepamplona.com\/actualidad\/wp-json\/wp\/v2\/posts\/16136","targetHints":{"allow":["GET"]}}],"collection":[{"href":"https:\/\/www.laguiadepamplona.com\/actualidad\/wp-json\/wp\/v2\/posts"}],"about":[{"href":"https:\/\/www.laguiadepamplona.com\/actualidad\/wp-json\/wp\/v2\/types\/post"}],"author":[{"embeddable":true,"href":"https:\/\/www.laguiadepamplona.com\/actualidad\/wp-json\/wp\/v2\/users\/1"}],"replies":[{"embeddable":true,"href":"https:\/\/www.laguiadepamplona.com\/actualidad\/wp-json\/wp\/v2\/comments?post=16136"}],"version-history":[{"count":0,"href":"https:\/\/www.laguiadepamplona.com\/actualidad\/wp-json\/wp\/v2\/posts\/16136\/revisions"}],"wp:featuredmedia":[{"embeddable":true,"href":"https:\/\/www.laguiadepamplona.com\/actualidad\/wp-json\/wp\/v2\/media\/11088"}],"wp:attachment":[{"href":"https:\/\/www.laguiadepamplona.com\/actualidad\/wp-json\/wp\/v2\/media?parent=16136"}],"wp:term":[{"taxonomy":"category","embeddable":true,"href":"https:\/\/www.laguiadepamplona.com\/actualidad\/wp-json\/wp\/v2\/categories?post=16136"},{"taxonomy":"post_tag","embeddable":true,"href":"https:\/\/www.laguiadepamplona.com\/actualidad\/wp-json\/wp\/v2\/tags?post=16136"}],"curies":[{"name":"wp","href":"https:\/\/api.w.org\/{rel}","templated":true}]}}