{"id":16134,"date":"2018-02-15T13:45:40","date_gmt":"2018-02-15T12:45:40","guid":{"rendered":"http:\/\/laguiadepamplona.es\/actualidad\/?p=16134"},"modified":"2018-02-15T13:45:40","modified_gmt":"2018-02-15T12:45:40","slug":"el-ayuntamiento-homenajea-a-30-empleados-municipales-jubilados-en-2017-y-recuerda-a-las-17-personas-que-trabajaron-en-el-consistorio-fallecidas-el-ano-pasado","status":"publish","type":"post","link":"https:\/\/www.laguiadepamplona.com\/actualidad\/el-ayuntamiento-homenajea-a-30-empleados-municipales-jubilados-en-2017-y-recuerda-a-las-17-personas-que-trabajaron-en-el-consistorio-fallecidas-el-ano-pasado\/","title":{"rendered":"El Ayuntamiento homenajea a 30 empleados municipales jubilados en 2017 y recuerda a las 17 personas que trabajaron en el Consistorio fallecidas el a\u00f1o pasado"},"content":{"rendered":"<h3>Como reconomiento a su trabajo, las personas jubiladas han recibido una reproducci\u00f3n de la fachada de la Casa Consistorial y un diploma<\/h3>\n<p><!--more--><\/p>\n<p>El Ayuntamiento de Pamplona ha rendido este mediod\u00eda un homenaje a las 30 personas empleadas municipales jubiladas a lo largo de 2017 y a otras 17 personas que en su d\u00eda trabajaron en el Consistorio y que fallecieron el a\u00f1o pasado. El alcalde de Pamplona, Joseba Asiron, y miembros de la Corporaci\u00f3n municipal han participado en este acto de reconocimiento a la labor que todas esas personas realizaron por y para la ciudad.<\/p>\n<p>En concreto se ha rendido homenaje a 19 personas jubiladas en distintos servicios y \u00e1reas del Ayuntamiento y a otras 11 personas que desarrollaban su labor en el organismo aut\u00f3nomo Escuelas Infantiles Municipal de Pamplona. Todas ellas han recibido de manos del alcalde y los concejales un diploma y una reproducci\u00f3n de la fachada del Ayuntamiento de Pamplona con su nombre y apellidos y el periodo de tiempo de servicio en el Consistorio. El acto ha contado con la actuaci\u00f3n musical del clarinetista Salvador Contreras, que ha interpretado \u2018Lakm\u00e9. D\u00fao de la flores\u2019 de L\u00e9o Delibes y \u2018Meditaci\u00f3n de Th\u00e4is\u2019 de Jules Massenet.<\/p>\n<p>Las personas empleadas municipales jubiladas en 2017 han sido: Amelia Vicente Zabaleta, Mar\u00eda Elena L\u00f3pez Go\u00f1i, Mar\u00eda Inmaculada Urra Huarte, Mar\u00eda Jes\u00fas Z\u00fa\u00f1iga Gonz\u00e1lez, Juan Jos\u00e9 Ibiricu Resano, Juan Jos\u00e9 Ilzarbe Lander, Jos\u00e9 Luis El\u00eda Mart\u00ednez, Mar\u00eda \u00c1ngeles Cort\u00e9s Mangado, Miguel \u00c1ngel Gonz\u00e1lez Latorre, Rafael Castell Sanz, Gonzalo Tapia Garde, Juan Mar\u00eda Barco V\u00e1zquez, Pedro Mar\u00eda Jim\u00e9nez Rojas, Jes\u00fas Tom\u00e1s Zazpe Garde, Carmen Nadal \u00c1lava, Pilar Capa Fern\u00e1ndez, Sabino P\u00e9rez de Ciriza Gorr\u00e1iz, Jes\u00fas Arrastia Larri\u00f3n y Adela Cabello Barroso. En Escuelas Infantiles se han homenajeado por su jubilaci\u00f3n a Anunciaci\u00f3n Albizu Ganuza, Concepci\u00f3n Armend\u00e1riz Mart\u00ednez, Mar\u00eda Asunci\u00f3n Cumba Rem\u00f3n, Mar\u00eda Jes\u00fas Do\u00f1ate Asenjo, Mar\u00eda Pilar Gracia Pell\u00f3n, Miguel Huici Alonso, Mar\u00eda Pilar Iturg\u00e1iz S\u00e1inz, Ana Mar\u00eda L\u00f3pez Garc\u00eda, Antonia Plaza Eguiz\u00e1bal, Isabel Puy Clemente y Elvira Sola Iso.<\/p>\n<p>Durante el acto se ha guardado un minuto de silencio por los 17 trabajadores y trabajadoras municipales fallecidas el a\u00f1o pasado: Mikel Andoni Zia San Mart\u00edn, Pedro Bejarano Iglesias, Benjam\u00edn Reguilon Lucas, Gervasio Urra Sanz, Luis Francisco Ech\u00e1varri Cruz, Jos\u00e9 Armend\u00e1riz Arana, Antonio Arbilla Garatea, Jes\u00fas Erro Monreal, Juan Mart\u00ednez Go\u00f1i, Celestino Sara Sola, Jos\u00e9 Mar\u00eda Gold\u00e1raz Beruete, Juan Salinas Echauri, Francisco Javier Piqueras Esparza, Francisco Abad\u00eda Gorricho, Ignacio Ovelar Monterrubio, Luis Ruiz Fern\u00e1ndez y Vicente Mariano Leoz Arrieta.<\/p>\n<p>Asimismo, se ha recordado a otras 13 personas, familiares de trabajadoras y trabajadores municipales ya fallecidos, que cobraban pensiones de viudedad u orfandad del Ayuntamiento de Pamplona y que tambi\u00e9n murieron el a\u00f1o pasado. Adem\u00e1s de este homenaje y reconocimiento en el Sal\u00f3n de Recepciones de la Casa Consistorial, esta tarde a las 19 horas se celebrar\u00e1 una misa responso por su memoria en la iglesia de San Saturnino.<\/p>\n<p>&nbsp;<\/p>\n<p>&nbsp;<\/p>\n","protected":false},"excerpt":{"rendered":"<p>Como reconomiento a su trabajo, las personas jubiladas han recibido una reproducci\u00f3n de la fachada de la Casa Consistorial y un diploma<\/p>\n","protected":false},"author":1,"featured_media":10979,"comment_status":"open","ping_status":"closed","sticky":false,"template":"","format":"standard","meta":{"footnotes":""},"categories":[2],"tags":[],"class_list":["post-16134","post","type-post","status-publish","format-standard","has-post-thumbnail","hentry","category-ayuntamiento-pamplona"],"yoast_head":"<!-- This site is optimized with the Yoast SEO plugin v27.5 - https:\/\/yoast.com\/product\/yoast-seo-wordpress\/ -->\n<title>El Ayuntamiento homenajea a 30 empleados municipales jubilados en 2017 y recuerda a las 17 personas que trabajaron en el Consistorio fallecidas el a\u00f1o pasado<\/title>\n<meta name=\"robots\" content=\"index, follow, max-snippet:-1, max-image-preview:large, max-video-preview:-1\" \/>\n<link rel=\"canonical\" href=\"https:\/\/www.laguiadepamplona.com\/actualidad\/el-ayuntamiento-homenajea-a-30-empleados-municipales-jubilados-en-2017-y-recuerda-a-las-17-personas-que-trabajaron-en-el-consistorio-fallecidas-el-ano-pasado\/\" \/>\n<meta property=\"og:locale\" content=\"es_ES\" \/>\n<meta property=\"og:type\" content=\"article\" \/>\n<meta property=\"og:title\" content=\"El Ayuntamiento homenajea a 30 empleados municipales jubilados en 2017 y recuerda a las 17 personas que trabajaron en el Consistorio fallecidas el a\u00f1o pasado\" \/>\n<meta property=\"og:description\" content=\"Como reconomiento a su trabajo, las personas jubiladas han recibido una reproducci\u00f3n de la fachada de la Casa Consistorial y un diploma\" \/>\n<meta property=\"og:url\" content=\"https:\/\/www.laguiadepamplona.com\/actualidad\/el-ayuntamiento-homenajea-a-30-empleados-municipales-jubilados-en-2017-y-recuerda-a-las-17-personas-que-trabajaron-en-el-consistorio-fallecidas-el-ano-pasado\/\" \/>\n<meta property=\"og:site_name\" content=\"La Gu\u00eda de Pamplona\" \/>\n<meta property=\"article:publisher\" content=\"https:\/\/www.facebook.com\/laguiadepamplonacom-133175176762273\/?ref=hl\" \/>\n<meta property=\"article:published_time\" content=\"2018-02-15T12:45:40+00:00\" \/>\n<meta property=\"og:image\" content=\"https:\/\/www.laguiadepamplona.com\/actualidad\/wp-content\/uploads\/2016\/11\/Ayto_Pamplona.jpg\" \/>\n\t<meta property=\"og:image:width\" content=\"900\" \/>\n\t<meta property=\"og:image:height\" content=\"675\" \/>\n\t<meta property=\"og:image:type\" content=\"image\/jpeg\" \/>\n<meta name=\"author\" content=\"La Gu\u00eda de Pamplona\" \/>\n<meta name=\"twitter:card\" content=\"summary_large_image\" \/>\n<meta name=\"twitter:creator\" content=\"@LaGuiadPamplona\" \/>\n<meta name=\"twitter:site\" content=\"@LaGuiadPamplona\" \/>\n<meta name=\"twitter:label1\" content=\"Escrito por\" \/>\n\t<meta name=\"twitter:data1\" content=\"La Gu\u00eda de Pamplona\" \/>\n\t<meta name=\"twitter:label2\" content=\"Tiempo de lectura\" \/>\n\t<meta name=\"twitter:data2\" content=\"3 minutos\" \/>\n<script type=\"application\/ld+json\" class=\"yoast-schema-graph\">{\"@context\":\"https:\\\/\\\/schema.org\",\"@graph\":[{\"@type\":\"Article\",\"@id\":\"https:\\\/\\\/www.laguiadepamplona.com\\\/actualidad\\\/el-ayuntamiento-homenajea-a-30-empleados-municipales-jubilados-en-2017-y-recuerda-a-las-17-personas-que-trabajaron-en-el-consistorio-fallecidas-el-ano-pasado\\\/#article\",\"isPartOf\":{\"@id\":\"https:\\\/\\\/www.laguiadepamplona.com\\\/actualidad\\\/el-ayuntamiento-homenajea-a-30-empleados-municipales-jubilados-en-2017-y-recuerda-a-las-17-personas-que-trabajaron-en-el-consistorio-fallecidas-el-ano-pasado\\\/\"},\"author\":{\"name\":\"La Gu\u00eda de Pamplona\",\"@id\":\"https:\\\/\\\/www.laguiadepamplona.com\\\/actualidad\\\/#\\\/schema\\\/person\\\/efe887376f0213d4657c93adc50b1fdb\"},\"headline\":\"El Ayuntamiento homenajea a 30 empleados municipales jubilados en 2017 y recuerda a las 17 personas que trabajaron en el Consistorio fallecidas el a\u00f1o pasado\",\"datePublished\":\"2018-02-15T12:45:40+00:00\",\"mainEntityOfPage\":{\"@id\":\"https:\\\/\\\/www.laguiadepamplona.com\\\/actualidad\\\/el-ayuntamiento-homenajea-a-30-empleados-municipales-jubilados-en-2017-y-recuerda-a-las-17-personas-que-trabajaron-en-el-consistorio-fallecidas-el-ano-pasado\\\/\"},\"wordCount\":563,\"commentCount\":0,\"publisher\":{\"@id\":\"https:\\\/\\\/www.laguiadepamplona.com\\\/actualidad\\\/#organization\"},\"image\":{\"@id\":\"https:\\\/\\\/www.laguiadepamplona.com\\\/actualidad\\\/el-ayuntamiento-homenajea-a-30-empleados-municipales-jubilados-en-2017-y-recuerda-a-las-17-personas-que-trabajaron-en-el-consistorio-fallecidas-el-ano-pasado\\\/#primaryimage\"},\"thumbnailUrl\":\"https:\\\/\\\/www.laguiadepamplona.com\\\/actualidad\\\/wp-content\\\/uploads\\\/2016\\\/11\\\/Ayto_Pamplona.jpg\",\"articleSection\":[\"Ayto Pamplona\"],\"inLanguage\":\"es\",\"potentialAction\":[{\"@type\":\"CommentAction\",\"name\":\"Comment\",\"target\":[\"https:\\\/\\\/www.laguiadepamplona.com\\\/actualidad\\\/el-ayuntamiento-homenajea-a-30-empleados-municipales-jubilados-en-2017-y-recuerda-a-las-17-personas-que-trabajaron-en-el-consistorio-fallecidas-el-ano-pasado\\\/#respond\"]}]},{\"@type\":\"WebPage\",\"@id\":\"https:\\\/\\\/www.laguiadepamplona.com\\\/actualidad\\\/el-ayuntamiento-homenajea-a-30-empleados-municipales-jubilados-en-2017-y-recuerda-a-las-17-personas-que-trabajaron-en-el-consistorio-fallecidas-el-ano-pasado\\\/\",\"url\":\"https:\\\/\\\/www.laguiadepamplona.com\\\/actualidad\\\/el-ayuntamiento-homenajea-a-30-empleados-municipales-jubilados-en-2017-y-recuerda-a-las-17-personas-que-trabajaron-en-el-consistorio-fallecidas-el-ano-pasado\\\/\",\"name\":\"El Ayuntamiento homenajea a 30 empleados municipales jubilados en 2017 y recuerda a las 17 personas que trabajaron en el Consistorio fallecidas el a\u00f1o pasado\",\"isPartOf\":{\"@id\":\"https:\\\/\\\/www.laguiadepamplona.com\\\/actualidad\\\/#website\"},\"primaryImageOfPage\":{\"@id\":\"https:\\\/\\\/www.laguiadepamplona.com\\\/actualidad\\\/el-ayuntamiento-homenajea-a-30-empleados-municipales-jubilados-en-2017-y-recuerda-a-las-17-personas-que-trabajaron-en-el-consistorio-fallecidas-el-ano-pasado\\\/#primaryimage\"},\"image\":{\"@id\":\"https:\\\/\\\/www.laguiadepamplona.com\\\/actualidad\\\/el-ayuntamiento-homenajea-a-30-empleados-municipales-jubilados-en-2017-y-recuerda-a-las-17-personas-que-trabajaron-en-el-consistorio-fallecidas-el-ano-pasado\\\/#primaryimage\"},\"thumbnailUrl\":\"https:\\\/\\\/www.laguiadepamplona.com\\\/actualidad\\\/wp-content\\\/uploads\\\/2016\\\/11\\\/Ayto_Pamplona.jpg\",\"datePublished\":\"2018-02-15T12:45:40+00:00\",\"breadcrumb\":{\"@id\":\"https:\\\/\\\/www.laguiadepamplona.com\\\/actualidad\\\/el-ayuntamiento-homenajea-a-30-empleados-municipales-jubilados-en-2017-y-recuerda-a-las-17-personas-que-trabajaron-en-el-consistorio-fallecidas-el-ano-pasado\\\/#breadcrumb\"},\"inLanguage\":\"es\",\"potentialAction\":[{\"@type\":\"ReadAction\",\"target\":[\"https:\\\/\\\/www.laguiadepamplona.com\\\/actualidad\\\/el-ayuntamiento-homenajea-a-30-empleados-municipales-jubilados-en-2017-y-recuerda-a-las-17-personas-que-trabajaron-en-el-consistorio-fallecidas-el-ano-pasado\\\/\"]}]},{\"@type\":\"ImageObject\",\"inLanguage\":\"es\",\"@id\":\"https:\\\/\\\/www.laguiadepamplona.com\\\/actualidad\\\/el-ayuntamiento-homenajea-a-30-empleados-municipales-jubilados-en-2017-y-recuerda-a-las-17-personas-que-trabajaron-en-el-consistorio-fallecidas-el-ano-pasado\\\/#primaryimage\",\"url\":\"https:\\\/\\\/www.laguiadepamplona.com\\\/actualidad\\\/wp-content\\\/uploads\\\/2016\\\/11\\\/Ayto_Pamplona.jpg\",\"contentUrl\":\"https:\\\/\\\/www.laguiadepamplona.com\\\/actualidad\\\/wp-content\\\/uploads\\\/2016\\\/11\\\/Ayto_Pamplona.jpg\",\"width\":900,\"height\":675},{\"@type\":\"BreadcrumbList\",\"@id\":\"https:\\\/\\\/www.laguiadepamplona.com\\\/actualidad\\\/el-ayuntamiento-homenajea-a-30-empleados-municipales-jubilados-en-2017-y-recuerda-a-las-17-personas-que-trabajaron-en-el-consistorio-fallecidas-el-ano-pasado\\\/#breadcrumb\",\"itemListElement\":[{\"@type\":\"ListItem\",\"position\":1,\"name\":\"Portada\",\"item\":\"https:\\\/\\\/www.laguiadepamplona.com\\\/actualidad\\\/\"},{\"@type\":\"ListItem\",\"position\":2,\"name\":\"El Ayuntamiento homenajea a 30 empleados municipales jubilados en 2017 y recuerda a las 17 personas que trabajaron en el Consistorio fallecidas el a\u00f1o pasado\"}]},{\"@type\":\"WebSite\",\"@id\":\"https:\\\/\\\/www.laguiadepamplona.com\\\/actualidad\\\/#website\",\"url\":\"https:\\\/\\\/www.laguiadepamplona.com\\\/actualidad\\\/\",\"name\":\"La gu\u00eda de Pamplona\",\"description\":\"Noticias de Pamplona\",\"publisher\":{\"@id\":\"https:\\\/\\\/www.laguiadepamplona.com\\\/actualidad\\\/#organization\"},\"potentialAction\":[{\"@type\":\"SearchAction\",\"target\":{\"@type\":\"EntryPoint\",\"urlTemplate\":\"https:\\\/\\\/www.laguiadepamplona.com\\\/actualidad\\\/?s={search_term_string}\"},\"query-input\":{\"@type\":\"PropertyValueSpecification\",\"valueRequired\":true,\"valueName\":\"search_term_string\"}}],\"inLanguage\":\"es\"},{\"@type\":\"Organization\",\"@id\":\"https:\\\/\\\/www.laguiadepamplona.com\\\/actualidad\\\/#organization\",\"name\":\"La Gu\u00eda de Pamplona \\\/ Noticias\",\"url\":\"https:\\\/\\\/www.laguiadepamplona.com\\\/actualidad\\\/\",\"logo\":{\"@type\":\"ImageObject\",\"inLanguage\":\"es\",\"@id\":\"https:\\\/\\\/www.laguiadepamplona.com\\\/actualidad\\\/#\\\/schema\\\/logo\\\/image\\\/\",\"url\":\"https:\\\/\\\/www.laguiadepamplona.com\\\/actualidad\\\/wp-content\\\/uploads\\\/2018\\\/11\\\/logo-laguiadepamplona18-web1.png\",\"contentUrl\":\"https:\\\/\\\/www.laguiadepamplona.com\\\/actualidad\\\/wp-content\\\/uploads\\\/2018\\\/11\\\/logo-laguiadepamplona18-web1.png\",\"width\":600,\"height\":196,\"caption\":\"La Gu\u00eda de Pamplona \\\/ Noticias\"},\"image\":{\"@id\":\"https:\\\/\\\/www.laguiadepamplona.com\\\/actualidad\\\/#\\\/schema\\\/logo\\\/image\\\/\"},\"sameAs\":[\"https:\\\/\\\/www.facebook.com\\\/laguiadepamplonacom-133175176762273\\\/?ref=hl\",\"https:\\\/\\\/x.com\\\/LaGuiadPamplona\",\"https:\\\/\\\/www.instagram.com\\\/la_guia_de_pamplona\\\/\",\"https:\\\/\\\/www.youtube.com\\\/user\\\/laguiadepamplona\"]},{\"@type\":\"Person\",\"@id\":\"https:\\\/\\\/www.laguiadepamplona.com\\\/actualidad\\\/#\\\/schema\\\/person\\\/efe887376f0213d4657c93adc50b1fdb\",\"name\":\"La Gu\u00eda de Pamplona\",\"image\":{\"@type\":\"ImageObject\",\"inLanguage\":\"es\",\"@id\":\"https:\\\/\\\/secure.gravatar.com\\\/avatar\\\/b6992f131dc8d30ab0dff15446e9d346d9dbd95992de0fef795073f5ea83a81c?s=96&d=mm&r=g\",\"url\":\"https:\\\/\\\/secure.gravatar.com\\\/avatar\\\/b6992f131dc8d30ab0dff15446e9d346d9dbd95992de0fef795073f5ea83a81c?s=96&d=mm&r=g\",\"contentUrl\":\"https:\\\/\\\/secure.gravatar.com\\\/avatar\\\/b6992f131dc8d30ab0dff15446e9d346d9dbd95992de0fef795073f5ea83a81c?s=96&d=mm&r=g\",\"caption\":\"La Gu\u00eda de Pamplona\"}}]}<\/script>\n<!-- \/ Yoast SEO plugin. -->","yoast_head_json":{"title":"El Ayuntamiento homenajea a 30 empleados municipales jubilados en 2017 y recuerda a las 17 personas que trabajaron en el Consistorio fallecidas el a\u00f1o pasado","robots":{"index":"index","follow":"follow","max-snippet":"max-snippet:-1","max-image-preview":"max-image-preview:large","max-video-preview":"max-video-preview:-1"},"canonical":"https:\/\/www.laguiadepamplona.com\/actualidad\/el-ayuntamiento-homenajea-a-30-empleados-municipales-jubilados-en-2017-y-recuerda-a-las-17-personas-que-trabajaron-en-el-consistorio-fallecidas-el-ano-pasado\/","og_locale":"es_ES","og_type":"article","og_title":"El Ayuntamiento homenajea a 30 empleados municipales jubilados en 2017 y recuerda a las 17 personas que trabajaron en el Consistorio fallecidas el a\u00f1o pasado","og_description":"Como reconomiento a su trabajo, las personas jubiladas han recibido una reproducci\u00f3n de la fachada de la Casa Consistorial y un diploma","og_url":"https:\/\/www.laguiadepamplona.com\/actualidad\/el-ayuntamiento-homenajea-a-30-empleados-municipales-jubilados-en-2017-y-recuerda-a-las-17-personas-que-trabajaron-en-el-consistorio-fallecidas-el-ano-pasado\/","og_site_name":"La Gu\u00eda de Pamplona","article_publisher":"https:\/\/www.facebook.com\/laguiadepamplonacom-133175176762273\/?ref=hl","article_published_time":"2018-02-15T12:45:40+00:00","og_image":[{"width":900,"height":675,"url":"https:\/\/www.laguiadepamplona.com\/actualidad\/wp-content\/uploads\/2016\/11\/Ayto_Pamplona.jpg","type":"image\/jpeg"}],"author":"La Gu\u00eda de Pamplona","twitter_card":"summary_large_image","twitter_creator":"@LaGuiadPamplona","twitter_site":"@LaGuiadPamplona","twitter_misc":{"Escrito por":"La Gu\u00eda de Pamplona","Tiempo de lectura":"3 minutos"},"schema":{"@context":"https:\/\/schema.org","@graph":[{"@type":"Article","@id":"https:\/\/www.laguiadepamplona.com\/actualidad\/el-ayuntamiento-homenajea-a-30-empleados-municipales-jubilados-en-2017-y-recuerda-a-las-17-personas-que-trabajaron-en-el-consistorio-fallecidas-el-ano-pasado\/#article","isPartOf":{"@id":"https:\/\/www.laguiadepamplona.com\/actualidad\/el-ayuntamiento-homenajea-a-30-empleados-municipales-jubilados-en-2017-y-recuerda-a-las-17-personas-que-trabajaron-en-el-consistorio-fallecidas-el-ano-pasado\/"},"author":{"name":"La Gu\u00eda de Pamplona","@id":"https:\/\/www.laguiadepamplona.com\/actualidad\/#\/schema\/person\/efe887376f0213d4657c93adc50b1fdb"},"headline":"El Ayuntamiento homenajea a 30 empleados municipales jubilados en 2017 y recuerda a las 17 personas que trabajaron en el Consistorio fallecidas el a\u00f1o pasado","datePublished":"2018-02-15T12:45:40+00:00","mainEntityOfPage":{"@id":"https:\/\/www.laguiadepamplona.com\/actualidad\/el-ayuntamiento-homenajea-a-30-empleados-municipales-jubilados-en-2017-y-recuerda-a-las-17-personas-que-trabajaron-en-el-consistorio-fallecidas-el-ano-pasado\/"},"wordCount":563,"commentCount":0,"publisher":{"@id":"https:\/\/www.laguiadepamplona.com\/actualidad\/#organization"},"image":{"@id":"https:\/\/www.laguiadepamplona.com\/actualidad\/el-ayuntamiento-homenajea-a-30-empleados-municipales-jubilados-en-2017-y-recuerda-a-las-17-personas-que-trabajaron-en-el-consistorio-fallecidas-el-ano-pasado\/#primaryimage"},"thumbnailUrl":"https:\/\/www.laguiadepamplona.com\/actualidad\/wp-content\/uploads\/2016\/11\/Ayto_Pamplona.jpg","articleSection":["Ayto Pamplona"],"inLanguage":"es","potentialAction":[{"@type":"CommentAction","name":"Comment","target":["https:\/\/www.laguiadepamplona.com\/actualidad\/el-ayuntamiento-homenajea-a-30-empleados-municipales-jubilados-en-2017-y-recuerda-a-las-17-personas-que-trabajaron-en-el-consistorio-fallecidas-el-ano-pasado\/#respond"]}]},{"@type":"WebPage","@id":"https:\/\/www.laguiadepamplona.com\/actualidad\/el-ayuntamiento-homenajea-a-30-empleados-municipales-jubilados-en-2017-y-recuerda-a-las-17-personas-que-trabajaron-en-el-consistorio-fallecidas-el-ano-pasado\/","url":"https:\/\/www.laguiadepamplona.com\/actualidad\/el-ayuntamiento-homenajea-a-30-empleados-municipales-jubilados-en-2017-y-recuerda-a-las-17-personas-que-trabajaron-en-el-consistorio-fallecidas-el-ano-pasado\/","name":"El Ayuntamiento homenajea a 30 empleados municipales jubilados en 2017 y recuerda a las 17 personas que trabajaron en el Consistorio fallecidas el a\u00f1o pasado","isPartOf":{"@id":"https:\/\/www.laguiadepamplona.com\/actualidad\/#website"},"primaryImageOfPage":{"@id":"https:\/\/www.laguiadepamplona.com\/actualidad\/el-ayuntamiento-homenajea-a-30-empleados-municipales-jubilados-en-2017-y-recuerda-a-las-17-personas-que-trabajaron-en-el-consistorio-fallecidas-el-ano-pasado\/#primaryimage"},"image":{"@id":"https:\/\/www.laguiadepamplona.com\/actualidad\/el-ayuntamiento-homenajea-a-30-empleados-municipales-jubilados-en-2017-y-recuerda-a-las-17-personas-que-trabajaron-en-el-consistorio-fallecidas-el-ano-pasado\/#primaryimage"},"thumbnailUrl":"https:\/\/www.laguiadepamplona.com\/actualidad\/wp-content\/uploads\/2016\/11\/Ayto_Pamplona.jpg","datePublished":"2018-02-15T12:45:40+00:00","breadcrumb":{"@id":"https:\/\/www.laguiadepamplona.com\/actualidad\/el-ayuntamiento-homenajea-a-30-empleados-municipales-jubilados-en-2017-y-recuerda-a-las-17-personas-que-trabajaron-en-el-consistorio-fallecidas-el-ano-pasado\/#breadcrumb"},"inLanguage":"es","potentialAction":[{"@type":"ReadAction","target":["https:\/\/www.laguiadepamplona.com\/actualidad\/el-ayuntamiento-homenajea-a-30-empleados-municipales-jubilados-en-2017-y-recuerda-a-las-17-personas-que-trabajaron-en-el-consistorio-fallecidas-el-ano-pasado\/"]}]},{"@type":"ImageObject","inLanguage":"es","@id":"https:\/\/www.laguiadepamplona.com\/actualidad\/el-ayuntamiento-homenajea-a-30-empleados-municipales-jubilados-en-2017-y-recuerda-a-las-17-personas-que-trabajaron-en-el-consistorio-fallecidas-el-ano-pasado\/#primaryimage","url":"https:\/\/www.laguiadepamplona.com\/actualidad\/wp-content\/uploads\/2016\/11\/Ayto_Pamplona.jpg","contentUrl":"https:\/\/www.laguiadepamplona.com\/actualidad\/wp-content\/uploads\/2016\/11\/Ayto_Pamplona.jpg","width":900,"height":675},{"@type":"BreadcrumbList","@id":"https:\/\/www.laguiadepamplona.com\/actualidad\/el-ayuntamiento-homenajea-a-30-empleados-municipales-jubilados-en-2017-y-recuerda-a-las-17-personas-que-trabajaron-en-el-consistorio-fallecidas-el-ano-pasado\/#breadcrumb","itemListElement":[{"@type":"ListItem","position":1,"name":"Portada","item":"https:\/\/www.laguiadepamplona.com\/actualidad\/"},{"@type":"ListItem","position":2,"name":"El Ayuntamiento homenajea a 30 empleados municipales jubilados en 2017 y recuerda a las 17 personas que trabajaron en el Consistorio fallecidas el a\u00f1o pasado"}]},{"@type":"WebSite","@id":"https:\/\/www.laguiadepamplona.com\/actualidad\/#website","url":"https:\/\/www.laguiadepamplona.com\/actualidad\/","name":"La gu\u00eda de Pamplona","description":"Noticias de Pamplona","publisher":{"@id":"https:\/\/www.laguiadepamplona.com\/actualidad\/#organization"},"potentialAction":[{"@type":"SearchAction","target":{"@type":"EntryPoint","urlTemplate":"https:\/\/www.laguiadepamplona.com\/actualidad\/?s={search_term_string}"},"query-input":{"@type":"PropertyValueSpecification","valueRequired":true,"valueName":"search_term_string"}}],"inLanguage":"es"},{"@type":"Organization","@id":"https:\/\/www.laguiadepamplona.com\/actualidad\/#organization","name":"La Gu\u00eda de Pamplona \/ Noticias","url":"https:\/\/www.laguiadepamplona.com\/actualidad\/","logo":{"@type":"ImageObject","inLanguage":"es","@id":"https:\/\/www.laguiadepamplona.com\/actualidad\/#\/schema\/logo\/image\/","url":"https:\/\/www.laguiadepamplona.com\/actualidad\/wp-content\/uploads\/2018\/11\/logo-laguiadepamplona18-web1.png","contentUrl":"https:\/\/www.laguiadepamplona.com\/actualidad\/wp-content\/uploads\/2018\/11\/logo-laguiadepamplona18-web1.png","width":600,"height":196,"caption":"La Gu\u00eda de Pamplona \/ Noticias"},"image":{"@id":"https:\/\/www.laguiadepamplona.com\/actualidad\/#\/schema\/logo\/image\/"},"sameAs":["https:\/\/www.facebook.com\/laguiadepamplonacom-133175176762273\/?ref=hl","https:\/\/x.com\/LaGuiadPamplona","https:\/\/www.instagram.com\/la_guia_de_pamplona\/","https:\/\/www.youtube.com\/user\/laguiadepamplona"]},{"@type":"Person","@id":"https:\/\/www.laguiadepamplona.com\/actualidad\/#\/schema\/person\/efe887376f0213d4657c93adc50b1fdb","name":"La Gu\u00eda de Pamplona","image":{"@type":"ImageObject","inLanguage":"es","@id":"https:\/\/secure.gravatar.com\/avatar\/b6992f131dc8d30ab0dff15446e9d346d9dbd95992de0fef795073f5ea83a81c?s=96&d=mm&r=g","url":"https:\/\/secure.gravatar.com\/avatar\/b6992f131dc8d30ab0dff15446e9d346d9dbd95992de0fef795073f5ea83a81c?s=96&d=mm&r=g","contentUrl":"https:\/\/secure.gravatar.com\/avatar\/b6992f131dc8d30ab0dff15446e9d346d9dbd95992de0fef795073f5ea83a81c?s=96&d=mm&r=g","caption":"La Gu\u00eda de Pamplona"}}]}},"post_mailing_queue_ids":[],"_links":{"self":[{"href":"https:\/\/www.laguiadepamplona.com\/actualidad\/wp-json\/wp\/v2\/posts\/16134","targetHints":{"allow":["GET"]}}],"collection":[{"href":"https:\/\/www.laguiadepamplona.com\/actualidad\/wp-json\/wp\/v2\/posts"}],"about":[{"href":"https:\/\/www.laguiadepamplona.com\/actualidad\/wp-json\/wp\/v2\/types\/post"}],"author":[{"embeddable":true,"href":"https:\/\/www.laguiadepamplona.com\/actualidad\/wp-json\/wp\/v2\/users\/1"}],"replies":[{"embeddable":true,"href":"https:\/\/www.laguiadepamplona.com\/actualidad\/wp-json\/wp\/v2\/comments?post=16134"}],"version-history":[{"count":0,"href":"https:\/\/www.laguiadepamplona.com\/actualidad\/wp-json\/wp\/v2\/posts\/16134\/revisions"}],"wp:featuredmedia":[{"embeddable":true,"href":"https:\/\/www.laguiadepamplona.com\/actualidad\/wp-json\/wp\/v2\/media\/10979"}],"wp:attachment":[{"href":"https:\/\/www.laguiadepamplona.com\/actualidad\/wp-json\/wp\/v2\/media?parent=16134"}],"wp:term":[{"taxonomy":"category","embeddable":true,"href":"https:\/\/www.laguiadepamplona.com\/actualidad\/wp-json\/wp\/v2\/categories?post=16134"},{"taxonomy":"post_tag","embeddable":true,"href":"https:\/\/www.laguiadepamplona.com\/actualidad\/wp-json\/wp\/v2\/tags?post=16134"}],"curies":[{"name":"wp","href":"https:\/\/api.w.org\/{rel}","templated":true}]}}