{"id":16132,"date":"2018-02-15T13:25:15","date_gmt":"2018-02-15T12:25:15","guid":{"rendered":"http:\/\/laguiadepamplona.es\/actualidad\/?p=16132"},"modified":"2018-02-15T13:25:15","modified_gmt":"2018-02-15T12:25:15","slug":"pamplona-accion-musical-se-centra-en-instrumentos-de-cuerda-este-sabado-con-una-jam-de-musica-de-chelo-y-poesia-y-el-lunes-con-un-concierto-de-viola-y-piano","status":"publish","type":"post","link":"https:\/\/www.laguiadepamplona.com\/actualidad\/pamplona-accion-musical-se-centra-en-instrumentos-de-cuerda-este-sabado-con-una-jam-de-musica-de-chelo-y-poesia-y-el-lunes-con-un-concierto-de-viola-y-piano\/","title":{"rendered":"Pamplona Acci\u00f3n Musical se centra en instrumentos de cuerda, este s\u00e1bado con una jam de m\u00fasica de chelo y poes\u00eda y el lunes con un concierto de viola y piano"},"content":{"rendered":"<h3>La sesi\u00f3n del s\u00e1bado \u2018HelloCello!: violoncello a los finos versos\u2019 tendr\u00e1 lugar a mediod\u00eda en Condestable y est\u00e1 destinada a un publico familiar<\/h3>\n<p><!--more--><\/p>\n<p>Este s\u00e1bado tendr\u00e1 lugar la segunda y \u00faltima actividad de car\u00e1cter familiar del ciclo Pamplona Acci\u00f3n Musical-PAM que se est\u00e1 desarrollando en la red Civivox. A las 12 del mediod\u00eda, en Condestable la cita es la sesi\u00f3n \u2018HelloCello!: violoncello a los finos versos\u2019, un espect\u00e1culo para toda la familia que a\u00fana la poes\u00eda y la m\u00fasica. Los violoncellos de Javier Navascu\u00e9s y Eva Ni\u00f1o dialogar\u00e1n entre s\u00ed, con el fin de invitar al p\u00fablico a saborear la m\u00fasica con los ojos cerrados. La voz que dar\u00e1 la r\u00e9plica a los instrumentos ser\u00e1 la de I\u00f1aki de Miguel.<\/p>\n<p>Y el lunes la propuesta es un concierto de las j\u00f3venes talentos Raquel de Benito (viola), y Antonia Valente que la acompa\u00f1ar\u00e1 al piano. Ambas provienen de la Escuela Superior de M\u00fasica Reina Sof\u00eda \u2013 Fundaci\u00f3n Alb\u00e9niz. Este recital, que marca el ecuador de las sesiones de interpretaci\u00f3n, tendr\u00e1 lugar a las 19.30 horas y, como todos los del ciclo tendr\u00e1 entrada libre. Lo previsto es la interpretaci\u00f3n de obras de Brahms y Clarke.<\/p>\n<p>El ciclo municipal Pamplona Acci\u00f3n Musical cumple su s\u00e9ptima edici\u00f3n con el objetivo de mostrar la actividad de la ciudad en este \u00e1mbito, entendida como una fuerza de creaci\u00f3n y de difusi\u00f3n a trav\u00e9s de acciones colaborativas con diversos agentes. En esta ocasi\u00f3n PAM se desarrolla en colaboraci\u00f3n con Fundaci\u00f3n Caja Navarra, la Fundaci\u00f3n Alb\u00e9niz y la Asociaci\u00f3n de Artistas Int\u00e9rpretes o Ejecutantes-AIE. Las actividades de PAM se extender\u00e1n hasta el viernes 2 de marzo.<\/p>\n<p><strong>Dos j\u00f3venes m\u00fasicas con larga trayectoria en concierto<\/strong><\/p>\n<p>Raquel de Benito comenz\u00f3 a tocar el viol\u00edn a los cuatro a\u00f1os. Estudi\u00f3 en el Conservatorio Profesional Amaniel de Madrid, donde obtuvo numerosas matr\u00edculas de honor. Desde 2013 es alumna de la Escuela Superior de M\u00fasica Reina Sof\u00eda en la C\u00e1tedra de Viola, donde durante dos cursos ha recibido el diploma de \u2018Alumna sobresaliente\u2019. Tienen experiencia concert\u00edstica desde los 13 a\u00f1os y recientemente ha sido seleccionada para tocar como solista con la Orquesta del Conservatorio de Amaniel y en la Orquesta Proyecto Pehlivanian. Como alumna de la Escuela, forma parte de la Orquesta Sinf\u00f3nica y de la de C\u00e1mara Freixenet.<\/p>\n<p>Por su parte la pianista Antonia Valente estudio\u0301 en el Conservatorio Nino Rota(Italia) y en la Hochschule fu\u0308r Musik (Friburgo, Alemania). En 2008 termino\u0301 con honores el primer m\u00e1ster europeo de solistas con orquesta. Ha sido premiada en concursos internacionales y ha desarrollado una carrera de int\u00e9rprete de c\u00e1mara junto a solistas en el repertorio instrumental y lieder. Ha actuado en distintos pa\u00edses europeos y cuenta con un disco publicado en 2015: disco de debut al piano-forte \u00abMauro Giuliani, Rarities and Masterpieces\u00bb. Desde el curso 2015-2016 es profesora pianista acompa\u00f1ante en la C\u00e1tedra de Viola BBVA de la Escuela de M\u00fa\u0301sica Reina Sofi\u0301a.<\/p>\n<p><strong>Pr\u00f3ximas actuaciones de PAM<\/strong><\/p>\n<ul>\n<li><strong>S\u00e1bado 17 de febrero. Espect\u00e1culo para p\u00fablico familiar<\/strong><\/li>\n<\/ul>\n<p>I\u00f1aki de Miguel (poes\u00eda), Javier Navascu\u00e9s y Eva Ni\u00f1o (violoncellos)<\/p>\n<ul>\n<li>HelloCello!: Violoncello a los finos versos<\/li>\n<li>Civivox Condestable. 12 horas<\/li>\n<li><strong>Lunes 19 de febrero<\/strong><\/li>\n<\/ul>\n<p>Raquel de Benito viola; y Antonia Valente, piano acompa\u00f1ante<\/p>\n<ul>\n<li>Repertorio: obras de J. Brahms y R. Clarke<\/li>\n<li>Civivox Condestable. 19.30 horas<\/li>\n<\/ul>\n<p><strong>\u00a0<\/strong><\/p>\n<p>&nbsp;<\/p>\n","protected":false},"excerpt":{"rendered":"<p>La sesi\u00f3n del s\u00e1bado \u2018HelloCello!: violoncello a los finos versos\u2019 tendr\u00e1 lugar a mediod\u00eda en Condestable y est\u00e1 destinada a un publico familiar<\/p>\n","protected":false},"author":1,"featured_media":11008,"comment_status":"open","ping_status":"closed","sticky":false,"template":"","format":"standard","meta":{"footnotes":""},"categories":[2],"tags":[],"class_list":["post-16132","post","type-post","status-publish","format-standard","has-post-thumbnail","hentry","category-ayuntamiento-pamplona"],"yoast_head":"<!-- This site is optimized with the Yoast SEO plugin v27.5 - https:\/\/yoast.com\/product\/yoast-seo-wordpress\/ -->\n<title>Pamplona Acci\u00f3n Musical se centra en instrumentos de cuerda, este s\u00e1bado con una jam de m\u00fasica de chelo y poes\u00eda y el lunes con un concierto de viola y piano<\/title>\n<meta name=\"robots\" content=\"index, follow, max-snippet:-1, max-image-preview:large, max-video-preview:-1\" \/>\n<link rel=\"canonical\" href=\"https:\/\/www.laguiadepamplona.com\/actualidad\/pamplona-accion-musical-se-centra-en-instrumentos-de-cuerda-este-sabado-con-una-jam-de-musica-de-chelo-y-poesia-y-el-lunes-con-un-concierto-de-viola-y-piano\/\" \/>\n<meta property=\"og:locale\" content=\"es_ES\" \/>\n<meta property=\"og:type\" content=\"article\" \/>\n<meta property=\"og:title\" content=\"Pamplona Acci\u00f3n Musical se centra en instrumentos de cuerda, este s\u00e1bado con una jam de m\u00fasica de chelo y poes\u00eda y el lunes con un concierto de viola y piano\" \/>\n<meta property=\"og:description\" content=\"La sesi\u00f3n del s\u00e1bado \u2018HelloCello!: violoncello a los finos versos\u2019 tendr\u00e1 lugar a mediod\u00eda en Condestable y est\u00e1 destinada a un publico familiar\" \/>\n<meta property=\"og:url\" content=\"https:\/\/www.laguiadepamplona.com\/actualidad\/pamplona-accion-musical-se-centra-en-instrumentos-de-cuerda-este-sabado-con-una-jam-de-musica-de-chelo-y-poesia-y-el-lunes-con-un-concierto-de-viola-y-piano\/\" \/>\n<meta property=\"og:site_name\" content=\"La Gu\u00eda de Pamplona\" \/>\n<meta property=\"article:publisher\" content=\"https:\/\/www.facebook.com\/laguiadepamplonacom-133175176762273\/?ref=hl\" \/>\n<meta property=\"article:published_time\" content=\"2018-02-15T12:25:15+00:00\" \/>\n<meta property=\"og:image\" content=\"https:\/\/www.laguiadepamplona.com\/actualidad\/wp-content\/uploads\/2016\/12\/palacio-condestable-civivox.jpg\" \/>\n\t<meta property=\"og:image:width\" content=\"900\" \/>\n\t<meta property=\"og:image:height\" content=\"675\" \/>\n\t<meta property=\"og:image:type\" content=\"image\/jpeg\" \/>\n<meta name=\"author\" content=\"La Gu\u00eda de Pamplona\" \/>\n<meta name=\"twitter:card\" content=\"summary_large_image\" \/>\n<meta name=\"twitter:creator\" content=\"@LaGuiadPamplona\" \/>\n<meta name=\"twitter:site\" content=\"@LaGuiadPamplona\" \/>\n<meta name=\"twitter:label1\" content=\"Escrito por\" \/>\n\t<meta name=\"twitter:data1\" content=\"La Gu\u00eda de Pamplona\" \/>\n\t<meta name=\"twitter:label2\" content=\"Tiempo de lectura\" \/>\n\t<meta name=\"twitter:data2\" content=\"3 minutos\" \/>\n<script type=\"application\/ld+json\" class=\"yoast-schema-graph\">{\"@context\":\"https:\\\/\\\/schema.org\",\"@graph\":[{\"@type\":\"Article\",\"@id\":\"https:\\\/\\\/www.laguiadepamplona.com\\\/actualidad\\\/pamplona-accion-musical-se-centra-en-instrumentos-de-cuerda-este-sabado-con-una-jam-de-musica-de-chelo-y-poesia-y-el-lunes-con-un-concierto-de-viola-y-piano\\\/#article\",\"isPartOf\":{\"@id\":\"https:\\\/\\\/www.laguiadepamplona.com\\\/actualidad\\\/pamplona-accion-musical-se-centra-en-instrumentos-de-cuerda-este-sabado-con-una-jam-de-musica-de-chelo-y-poesia-y-el-lunes-con-un-concierto-de-viola-y-piano\\\/\"},\"author\":{\"name\":\"La Gu\u00eda de Pamplona\",\"@id\":\"https:\\\/\\\/www.laguiadepamplona.com\\\/actualidad\\\/#\\\/schema\\\/person\\\/efe887376f0213d4657c93adc50b1fdb\"},\"headline\":\"Pamplona Acci\u00f3n Musical se centra en instrumentos de cuerda, este s\u00e1bado con una jam de m\u00fasica de chelo y poes\u00eda y el lunes con un concierto de viola y piano\",\"datePublished\":\"2018-02-15T12:25:15+00:00\",\"mainEntityOfPage\":{\"@id\":\"https:\\\/\\\/www.laguiadepamplona.com\\\/actualidad\\\/pamplona-accion-musical-se-centra-en-instrumentos-de-cuerda-este-sabado-con-una-jam-de-musica-de-chelo-y-poesia-y-el-lunes-con-un-concierto-de-viola-y-piano\\\/\"},\"wordCount\":632,\"commentCount\":0,\"publisher\":{\"@id\":\"https:\\\/\\\/www.laguiadepamplona.com\\\/actualidad\\\/#organization\"},\"image\":{\"@id\":\"https:\\\/\\\/www.laguiadepamplona.com\\\/actualidad\\\/pamplona-accion-musical-se-centra-en-instrumentos-de-cuerda-este-sabado-con-una-jam-de-musica-de-chelo-y-poesia-y-el-lunes-con-un-concierto-de-viola-y-piano\\\/#primaryimage\"},\"thumbnailUrl\":\"https:\\\/\\\/www.laguiadepamplona.com\\\/actualidad\\\/wp-content\\\/uploads\\\/2016\\\/12\\\/palacio-condestable-civivox.jpg\",\"articleSection\":[\"Ayto Pamplona\"],\"inLanguage\":\"es\",\"potentialAction\":[{\"@type\":\"CommentAction\",\"name\":\"Comment\",\"target\":[\"https:\\\/\\\/www.laguiadepamplona.com\\\/actualidad\\\/pamplona-accion-musical-se-centra-en-instrumentos-de-cuerda-este-sabado-con-una-jam-de-musica-de-chelo-y-poesia-y-el-lunes-con-un-concierto-de-viola-y-piano\\\/#respond\"]}]},{\"@type\":\"WebPage\",\"@id\":\"https:\\\/\\\/www.laguiadepamplona.com\\\/actualidad\\\/pamplona-accion-musical-se-centra-en-instrumentos-de-cuerda-este-sabado-con-una-jam-de-musica-de-chelo-y-poesia-y-el-lunes-con-un-concierto-de-viola-y-piano\\\/\",\"url\":\"https:\\\/\\\/www.laguiadepamplona.com\\\/actualidad\\\/pamplona-accion-musical-se-centra-en-instrumentos-de-cuerda-este-sabado-con-una-jam-de-musica-de-chelo-y-poesia-y-el-lunes-con-un-concierto-de-viola-y-piano\\\/\",\"name\":\"Pamplona Acci\u00f3n Musical se centra en instrumentos de cuerda, este s\u00e1bado con una jam de m\u00fasica de chelo y poes\u00eda y el lunes con un concierto de viola y piano\",\"isPartOf\":{\"@id\":\"https:\\\/\\\/www.laguiadepamplona.com\\\/actualidad\\\/#website\"},\"primaryImageOfPage\":{\"@id\":\"https:\\\/\\\/www.laguiadepamplona.com\\\/actualidad\\\/pamplona-accion-musical-se-centra-en-instrumentos-de-cuerda-este-sabado-con-una-jam-de-musica-de-chelo-y-poesia-y-el-lunes-con-un-concierto-de-viola-y-piano\\\/#primaryimage\"},\"image\":{\"@id\":\"https:\\\/\\\/www.laguiadepamplona.com\\\/actualidad\\\/pamplona-accion-musical-se-centra-en-instrumentos-de-cuerda-este-sabado-con-una-jam-de-musica-de-chelo-y-poesia-y-el-lunes-con-un-concierto-de-viola-y-piano\\\/#primaryimage\"},\"thumbnailUrl\":\"https:\\\/\\\/www.laguiadepamplona.com\\\/actualidad\\\/wp-content\\\/uploads\\\/2016\\\/12\\\/palacio-condestable-civivox.jpg\",\"datePublished\":\"2018-02-15T12:25:15+00:00\",\"breadcrumb\":{\"@id\":\"https:\\\/\\\/www.laguiadepamplona.com\\\/actualidad\\\/pamplona-accion-musical-se-centra-en-instrumentos-de-cuerda-este-sabado-con-una-jam-de-musica-de-chelo-y-poesia-y-el-lunes-con-un-concierto-de-viola-y-piano\\\/#breadcrumb\"},\"inLanguage\":\"es\",\"potentialAction\":[{\"@type\":\"ReadAction\",\"target\":[\"https:\\\/\\\/www.laguiadepamplona.com\\\/actualidad\\\/pamplona-accion-musical-se-centra-en-instrumentos-de-cuerda-este-sabado-con-una-jam-de-musica-de-chelo-y-poesia-y-el-lunes-con-un-concierto-de-viola-y-piano\\\/\"]}]},{\"@type\":\"ImageObject\",\"inLanguage\":\"es\",\"@id\":\"https:\\\/\\\/www.laguiadepamplona.com\\\/actualidad\\\/pamplona-accion-musical-se-centra-en-instrumentos-de-cuerda-este-sabado-con-una-jam-de-musica-de-chelo-y-poesia-y-el-lunes-con-un-concierto-de-viola-y-piano\\\/#primaryimage\",\"url\":\"https:\\\/\\\/www.laguiadepamplona.com\\\/actualidad\\\/wp-content\\\/uploads\\\/2016\\\/12\\\/palacio-condestable-civivox.jpg\",\"contentUrl\":\"https:\\\/\\\/www.laguiadepamplona.com\\\/actualidad\\\/wp-content\\\/uploads\\\/2016\\\/12\\\/palacio-condestable-civivox.jpg\",\"width\":900,\"height\":675},{\"@type\":\"BreadcrumbList\",\"@id\":\"https:\\\/\\\/www.laguiadepamplona.com\\\/actualidad\\\/pamplona-accion-musical-se-centra-en-instrumentos-de-cuerda-este-sabado-con-una-jam-de-musica-de-chelo-y-poesia-y-el-lunes-con-un-concierto-de-viola-y-piano\\\/#breadcrumb\",\"itemListElement\":[{\"@type\":\"ListItem\",\"position\":1,\"name\":\"Portada\",\"item\":\"https:\\\/\\\/www.laguiadepamplona.com\\\/actualidad\\\/\"},{\"@type\":\"ListItem\",\"position\":2,\"name\":\"Pamplona Acci\u00f3n Musical se centra en instrumentos de cuerda, este s\u00e1bado con una jam de m\u00fasica de chelo y poes\u00eda y el lunes con un concierto de viola y piano\"}]},{\"@type\":\"WebSite\",\"@id\":\"https:\\\/\\\/www.laguiadepamplona.com\\\/actualidad\\\/#website\",\"url\":\"https:\\\/\\\/www.laguiadepamplona.com\\\/actualidad\\\/\",\"name\":\"La gu\u00eda de Pamplona\",\"description\":\"Noticias de Pamplona\",\"publisher\":{\"@id\":\"https:\\\/\\\/www.laguiadepamplona.com\\\/actualidad\\\/#organization\"},\"potentialAction\":[{\"@type\":\"SearchAction\",\"target\":{\"@type\":\"EntryPoint\",\"urlTemplate\":\"https:\\\/\\\/www.laguiadepamplona.com\\\/actualidad\\\/?s={search_term_string}\"},\"query-input\":{\"@type\":\"PropertyValueSpecification\",\"valueRequired\":true,\"valueName\":\"search_term_string\"}}],\"inLanguage\":\"es\"},{\"@type\":\"Organization\",\"@id\":\"https:\\\/\\\/www.laguiadepamplona.com\\\/actualidad\\\/#organization\",\"name\":\"La Gu\u00eda de Pamplona \\\/ Noticias\",\"url\":\"https:\\\/\\\/www.laguiadepamplona.com\\\/actualidad\\\/\",\"logo\":{\"@type\":\"ImageObject\",\"inLanguage\":\"es\",\"@id\":\"https:\\\/\\\/www.laguiadepamplona.com\\\/actualidad\\\/#\\\/schema\\\/logo\\\/image\\\/\",\"url\":\"https:\\\/\\\/www.laguiadepamplona.com\\\/actualidad\\\/wp-content\\\/uploads\\\/2018\\\/11\\\/logo-laguiadepamplona18-web1.png\",\"contentUrl\":\"https:\\\/\\\/www.laguiadepamplona.com\\\/actualidad\\\/wp-content\\\/uploads\\\/2018\\\/11\\\/logo-laguiadepamplona18-web1.png\",\"width\":600,\"height\":196,\"caption\":\"La Gu\u00eda de Pamplona \\\/ Noticias\"},\"image\":{\"@id\":\"https:\\\/\\\/www.laguiadepamplona.com\\\/actualidad\\\/#\\\/schema\\\/logo\\\/image\\\/\"},\"sameAs\":[\"https:\\\/\\\/www.facebook.com\\\/laguiadepamplonacom-133175176762273\\\/?ref=hl\",\"https:\\\/\\\/x.com\\\/LaGuiadPamplona\",\"https:\\\/\\\/www.instagram.com\\\/la_guia_de_pamplona\\\/\",\"https:\\\/\\\/www.youtube.com\\\/user\\\/laguiadepamplona\"]},{\"@type\":\"Person\",\"@id\":\"https:\\\/\\\/www.laguiadepamplona.com\\\/actualidad\\\/#\\\/schema\\\/person\\\/efe887376f0213d4657c93adc50b1fdb\",\"name\":\"La Gu\u00eda de Pamplona\",\"image\":{\"@type\":\"ImageObject\",\"inLanguage\":\"es\",\"@id\":\"https:\\\/\\\/secure.gravatar.com\\\/avatar\\\/b6992f131dc8d30ab0dff15446e9d346d9dbd95992de0fef795073f5ea83a81c?s=96&d=mm&r=g\",\"url\":\"https:\\\/\\\/secure.gravatar.com\\\/avatar\\\/b6992f131dc8d30ab0dff15446e9d346d9dbd95992de0fef795073f5ea83a81c?s=96&d=mm&r=g\",\"contentUrl\":\"https:\\\/\\\/secure.gravatar.com\\\/avatar\\\/b6992f131dc8d30ab0dff15446e9d346d9dbd95992de0fef795073f5ea83a81c?s=96&d=mm&r=g\",\"caption\":\"La Gu\u00eda de Pamplona\"}}]}<\/script>\n<!-- \/ Yoast SEO plugin. -->","yoast_head_json":{"title":"Pamplona Acci\u00f3n Musical se centra en instrumentos de cuerda, este s\u00e1bado con una jam de m\u00fasica de chelo y poes\u00eda y el lunes con un concierto de viola y piano","robots":{"index":"index","follow":"follow","max-snippet":"max-snippet:-1","max-image-preview":"max-image-preview:large","max-video-preview":"max-video-preview:-1"},"canonical":"https:\/\/www.laguiadepamplona.com\/actualidad\/pamplona-accion-musical-se-centra-en-instrumentos-de-cuerda-este-sabado-con-una-jam-de-musica-de-chelo-y-poesia-y-el-lunes-con-un-concierto-de-viola-y-piano\/","og_locale":"es_ES","og_type":"article","og_title":"Pamplona Acci\u00f3n Musical se centra en instrumentos de cuerda, este s\u00e1bado con una jam de m\u00fasica de chelo y poes\u00eda y el lunes con un concierto de viola y piano","og_description":"La sesi\u00f3n del s\u00e1bado \u2018HelloCello!: violoncello a los finos versos\u2019 tendr\u00e1 lugar a mediod\u00eda en Condestable y est\u00e1 destinada a un publico familiar","og_url":"https:\/\/www.laguiadepamplona.com\/actualidad\/pamplona-accion-musical-se-centra-en-instrumentos-de-cuerda-este-sabado-con-una-jam-de-musica-de-chelo-y-poesia-y-el-lunes-con-un-concierto-de-viola-y-piano\/","og_site_name":"La Gu\u00eda de Pamplona","article_publisher":"https:\/\/www.facebook.com\/laguiadepamplonacom-133175176762273\/?ref=hl","article_published_time":"2018-02-15T12:25:15+00:00","og_image":[{"width":900,"height":675,"url":"https:\/\/www.laguiadepamplona.com\/actualidad\/wp-content\/uploads\/2016\/12\/palacio-condestable-civivox.jpg","type":"image\/jpeg"}],"author":"La Gu\u00eda de Pamplona","twitter_card":"summary_large_image","twitter_creator":"@LaGuiadPamplona","twitter_site":"@LaGuiadPamplona","twitter_misc":{"Escrito por":"La Gu\u00eda de Pamplona","Tiempo de lectura":"3 minutos"},"schema":{"@context":"https:\/\/schema.org","@graph":[{"@type":"Article","@id":"https:\/\/www.laguiadepamplona.com\/actualidad\/pamplona-accion-musical-se-centra-en-instrumentos-de-cuerda-este-sabado-con-una-jam-de-musica-de-chelo-y-poesia-y-el-lunes-con-un-concierto-de-viola-y-piano\/#article","isPartOf":{"@id":"https:\/\/www.laguiadepamplona.com\/actualidad\/pamplona-accion-musical-se-centra-en-instrumentos-de-cuerda-este-sabado-con-una-jam-de-musica-de-chelo-y-poesia-y-el-lunes-con-un-concierto-de-viola-y-piano\/"},"author":{"name":"La Gu\u00eda de Pamplona","@id":"https:\/\/www.laguiadepamplona.com\/actualidad\/#\/schema\/person\/efe887376f0213d4657c93adc50b1fdb"},"headline":"Pamplona Acci\u00f3n Musical se centra en instrumentos de cuerda, este s\u00e1bado con una jam de m\u00fasica de chelo y poes\u00eda y el lunes con un concierto de viola y piano","datePublished":"2018-02-15T12:25:15+00:00","mainEntityOfPage":{"@id":"https:\/\/www.laguiadepamplona.com\/actualidad\/pamplona-accion-musical-se-centra-en-instrumentos-de-cuerda-este-sabado-con-una-jam-de-musica-de-chelo-y-poesia-y-el-lunes-con-un-concierto-de-viola-y-piano\/"},"wordCount":632,"commentCount":0,"publisher":{"@id":"https:\/\/www.laguiadepamplona.com\/actualidad\/#organization"},"image":{"@id":"https:\/\/www.laguiadepamplona.com\/actualidad\/pamplona-accion-musical-se-centra-en-instrumentos-de-cuerda-este-sabado-con-una-jam-de-musica-de-chelo-y-poesia-y-el-lunes-con-un-concierto-de-viola-y-piano\/#primaryimage"},"thumbnailUrl":"https:\/\/www.laguiadepamplona.com\/actualidad\/wp-content\/uploads\/2016\/12\/palacio-condestable-civivox.jpg","articleSection":["Ayto Pamplona"],"inLanguage":"es","potentialAction":[{"@type":"CommentAction","name":"Comment","target":["https:\/\/www.laguiadepamplona.com\/actualidad\/pamplona-accion-musical-se-centra-en-instrumentos-de-cuerda-este-sabado-con-una-jam-de-musica-de-chelo-y-poesia-y-el-lunes-con-un-concierto-de-viola-y-piano\/#respond"]}]},{"@type":"WebPage","@id":"https:\/\/www.laguiadepamplona.com\/actualidad\/pamplona-accion-musical-se-centra-en-instrumentos-de-cuerda-este-sabado-con-una-jam-de-musica-de-chelo-y-poesia-y-el-lunes-con-un-concierto-de-viola-y-piano\/","url":"https:\/\/www.laguiadepamplona.com\/actualidad\/pamplona-accion-musical-se-centra-en-instrumentos-de-cuerda-este-sabado-con-una-jam-de-musica-de-chelo-y-poesia-y-el-lunes-con-un-concierto-de-viola-y-piano\/","name":"Pamplona Acci\u00f3n Musical se centra en instrumentos de cuerda, este s\u00e1bado con una jam de m\u00fasica de chelo y poes\u00eda y el lunes con un concierto de viola y piano","isPartOf":{"@id":"https:\/\/www.laguiadepamplona.com\/actualidad\/#website"},"primaryImageOfPage":{"@id":"https:\/\/www.laguiadepamplona.com\/actualidad\/pamplona-accion-musical-se-centra-en-instrumentos-de-cuerda-este-sabado-con-una-jam-de-musica-de-chelo-y-poesia-y-el-lunes-con-un-concierto-de-viola-y-piano\/#primaryimage"},"image":{"@id":"https:\/\/www.laguiadepamplona.com\/actualidad\/pamplona-accion-musical-se-centra-en-instrumentos-de-cuerda-este-sabado-con-una-jam-de-musica-de-chelo-y-poesia-y-el-lunes-con-un-concierto-de-viola-y-piano\/#primaryimage"},"thumbnailUrl":"https:\/\/www.laguiadepamplona.com\/actualidad\/wp-content\/uploads\/2016\/12\/palacio-condestable-civivox.jpg","datePublished":"2018-02-15T12:25:15+00:00","breadcrumb":{"@id":"https:\/\/www.laguiadepamplona.com\/actualidad\/pamplona-accion-musical-se-centra-en-instrumentos-de-cuerda-este-sabado-con-una-jam-de-musica-de-chelo-y-poesia-y-el-lunes-con-un-concierto-de-viola-y-piano\/#breadcrumb"},"inLanguage":"es","potentialAction":[{"@type":"ReadAction","target":["https:\/\/www.laguiadepamplona.com\/actualidad\/pamplona-accion-musical-se-centra-en-instrumentos-de-cuerda-este-sabado-con-una-jam-de-musica-de-chelo-y-poesia-y-el-lunes-con-un-concierto-de-viola-y-piano\/"]}]},{"@type":"ImageObject","inLanguage":"es","@id":"https:\/\/www.laguiadepamplona.com\/actualidad\/pamplona-accion-musical-se-centra-en-instrumentos-de-cuerda-este-sabado-con-una-jam-de-musica-de-chelo-y-poesia-y-el-lunes-con-un-concierto-de-viola-y-piano\/#primaryimage","url":"https:\/\/www.laguiadepamplona.com\/actualidad\/wp-content\/uploads\/2016\/12\/palacio-condestable-civivox.jpg","contentUrl":"https:\/\/www.laguiadepamplona.com\/actualidad\/wp-content\/uploads\/2016\/12\/palacio-condestable-civivox.jpg","width":900,"height":675},{"@type":"BreadcrumbList","@id":"https:\/\/www.laguiadepamplona.com\/actualidad\/pamplona-accion-musical-se-centra-en-instrumentos-de-cuerda-este-sabado-con-una-jam-de-musica-de-chelo-y-poesia-y-el-lunes-con-un-concierto-de-viola-y-piano\/#breadcrumb","itemListElement":[{"@type":"ListItem","position":1,"name":"Portada","item":"https:\/\/www.laguiadepamplona.com\/actualidad\/"},{"@type":"ListItem","position":2,"name":"Pamplona Acci\u00f3n Musical se centra en instrumentos de cuerda, este s\u00e1bado con una jam de m\u00fasica de chelo y poes\u00eda y el lunes con un concierto de viola y piano"}]},{"@type":"WebSite","@id":"https:\/\/www.laguiadepamplona.com\/actualidad\/#website","url":"https:\/\/www.laguiadepamplona.com\/actualidad\/","name":"La gu\u00eda de Pamplona","description":"Noticias de Pamplona","publisher":{"@id":"https:\/\/www.laguiadepamplona.com\/actualidad\/#organization"},"potentialAction":[{"@type":"SearchAction","target":{"@type":"EntryPoint","urlTemplate":"https:\/\/www.laguiadepamplona.com\/actualidad\/?s={search_term_string}"},"query-input":{"@type":"PropertyValueSpecification","valueRequired":true,"valueName":"search_term_string"}}],"inLanguage":"es"},{"@type":"Organization","@id":"https:\/\/www.laguiadepamplona.com\/actualidad\/#organization","name":"La Gu\u00eda de Pamplona \/ Noticias","url":"https:\/\/www.laguiadepamplona.com\/actualidad\/","logo":{"@type":"ImageObject","inLanguage":"es","@id":"https:\/\/www.laguiadepamplona.com\/actualidad\/#\/schema\/logo\/image\/","url":"https:\/\/www.laguiadepamplona.com\/actualidad\/wp-content\/uploads\/2018\/11\/logo-laguiadepamplona18-web1.png","contentUrl":"https:\/\/www.laguiadepamplona.com\/actualidad\/wp-content\/uploads\/2018\/11\/logo-laguiadepamplona18-web1.png","width":600,"height":196,"caption":"La Gu\u00eda de Pamplona \/ Noticias"},"image":{"@id":"https:\/\/www.laguiadepamplona.com\/actualidad\/#\/schema\/logo\/image\/"},"sameAs":["https:\/\/www.facebook.com\/laguiadepamplonacom-133175176762273\/?ref=hl","https:\/\/x.com\/LaGuiadPamplona","https:\/\/www.instagram.com\/la_guia_de_pamplona\/","https:\/\/www.youtube.com\/user\/laguiadepamplona"]},{"@type":"Person","@id":"https:\/\/www.laguiadepamplona.com\/actualidad\/#\/schema\/person\/efe887376f0213d4657c93adc50b1fdb","name":"La Gu\u00eda de Pamplona","image":{"@type":"ImageObject","inLanguage":"es","@id":"https:\/\/secure.gravatar.com\/avatar\/b6992f131dc8d30ab0dff15446e9d346d9dbd95992de0fef795073f5ea83a81c?s=96&d=mm&r=g","url":"https:\/\/secure.gravatar.com\/avatar\/b6992f131dc8d30ab0dff15446e9d346d9dbd95992de0fef795073f5ea83a81c?s=96&d=mm&r=g","contentUrl":"https:\/\/secure.gravatar.com\/avatar\/b6992f131dc8d30ab0dff15446e9d346d9dbd95992de0fef795073f5ea83a81c?s=96&d=mm&r=g","caption":"La Gu\u00eda de Pamplona"}}]}},"post_mailing_queue_ids":[],"_links":{"self":[{"href":"https:\/\/www.laguiadepamplona.com\/actualidad\/wp-json\/wp\/v2\/posts\/16132","targetHints":{"allow":["GET"]}}],"collection":[{"href":"https:\/\/www.laguiadepamplona.com\/actualidad\/wp-json\/wp\/v2\/posts"}],"about":[{"href":"https:\/\/www.laguiadepamplona.com\/actualidad\/wp-json\/wp\/v2\/types\/post"}],"author":[{"embeddable":true,"href":"https:\/\/www.laguiadepamplona.com\/actualidad\/wp-json\/wp\/v2\/users\/1"}],"replies":[{"embeddable":true,"href":"https:\/\/www.laguiadepamplona.com\/actualidad\/wp-json\/wp\/v2\/comments?post=16132"}],"version-history":[{"count":0,"href":"https:\/\/www.laguiadepamplona.com\/actualidad\/wp-json\/wp\/v2\/posts\/16132\/revisions"}],"wp:featuredmedia":[{"embeddable":true,"href":"https:\/\/www.laguiadepamplona.com\/actualidad\/wp-json\/wp\/v2\/media\/11008"}],"wp:attachment":[{"href":"https:\/\/www.laguiadepamplona.com\/actualidad\/wp-json\/wp\/v2\/media?parent=16132"}],"wp:term":[{"taxonomy":"category","embeddable":true,"href":"https:\/\/www.laguiadepamplona.com\/actualidad\/wp-json\/wp\/v2\/categories?post=16132"},{"taxonomy":"post_tag","embeddable":true,"href":"https:\/\/www.laguiadepamplona.com\/actualidad\/wp-json\/wp\/v2\/tags?post=16132"}],"curies":[{"name":"wp","href":"https:\/\/api.w.org\/{rel}","templated":true}]}}