{"id":16130,"date":"2018-02-15T13:23:24","date_gmt":"2018-02-15T12:23:24","guid":{"rendered":"http:\/\/laguiadepamplona.es\/actualidad\/?p=16130"},"modified":"2018-02-15T13:23:24","modified_gmt":"2018-02-15T12:23:24","slug":"el-museo-de-educacion-ambiental-ha-organizado-un-taller-de-plantas-medicinales-de-invierno-el-martes-20-de-febrero-y-el-jueves-dia-22-con-inscripcion-gratuita","status":"publish","type":"post","link":"https:\/\/www.laguiadepamplona.com\/actualidad\/el-museo-de-educacion-ambiental-ha-organizado-un-taller-de-plantas-medicinales-de-invierno-el-martes-20-de-febrero-y-el-jueves-dia-22-con-inscripcion-gratuita\/","title":{"rendered":"El Museo de Educaci\u00f3n Ambiental ha organizado un taller de plantas medicinales de invierno el martes 20 de febrero y el jueves d\u00eda 22 con inscripci\u00f3n gratuita"},"content":{"rendered":"<h3>Las personas interesadas en participar pueden apuntarse en el Tel\u00e9fono de Atenci\u00f3n Ciudadana 010 o 948420100<\/h3>\n<p><!--more--><\/p>\n<p>El Museo de Educaci\u00f3n Ambiental del Ayuntamiento de Pamplona ha organizado un taller de plantas medicinales de invierno para la pr\u00f3xima semana. Se celebrar\u00e1 durante dos sesiones, la primera,\u00a0 el martes 20 de febrero y la segunda, el jueves d\u00eda 22, de 10.30 a 12.30 horas. Las inscripciones son gratuitas y est\u00e1 dirigida a cualquier persona interesada, adecuado para todos los niveles. Las personas interesadas en participar pueden apuntarse en el Tel\u00e9fono de Atenci\u00f3n Ciudadana 010 o 948420100 (si se llama desde m\u00f3vil, fuera de Pamplona o con un operador telef\u00f3nico con tarifa plana). El horario de atenci\u00f3n es de lunes a viernes de 8 de la ma\u00f1ana a 7 de la tarde y los s\u00e1bados de 9.30 a 13.30 horas.<\/p>\n<p>El objetivo del taller es descubrir el patrimonio natural que existe en nuestra propia ciudad, como es el meandro de Aranzadi. Se quiere compartir de esta manera la sabidur\u00eda popular que existe en torno a las propiedades de las plantas que tenemos a nuestro alrededor y que muchas veces se desconoce.<\/p>\n<p>El taller lo impartir\u00e1 Josean Vidaurre, iridi\u00f3logo, nutricionista y experto fitoterapeuta. Cada uno de los dos d\u00edas del taller se realizar\u00e1 una breve salida por los alrededores para aprender a reconocer alguna planta del entorno. Despu\u00e9s, ya en la clase, se hablar\u00e1 de las propiedades medicinales y usos terap\u00e9uticos. Ser\u00e1n sesiones pr\u00e1cticas y participativas en las que las personas inscritas podr\u00e1n plantear todas sus dudas.<\/p>\n<p>&nbsp;<\/p>\n","protected":false},"excerpt":{"rendered":"<p>Las personas interesadas en participar pueden apuntarse en el Tel\u00e9fono de Atenci\u00f3n Ciudadana 010 o 948420100<\/p>\n","protected":false},"author":1,"featured_media":11071,"comment_status":"open","ping_status":"closed","sticky":false,"template":"","format":"standard","meta":{"footnotes":""},"categories":[2],"tags":[],"class_list":["post-16130","post","type-post","status-publish","format-standard","has-post-thumbnail","hentry","category-ayuntamiento-pamplona"],"yoast_head":"<!-- This site is optimized with the Yoast SEO plugin v27.5 - https:\/\/yoast.com\/product\/yoast-seo-wordpress\/ -->\n<title>El Museo de Educaci\u00f3n Ambiental ha organizado un taller de plantas medicinales de invierno el martes 20 de febrero y el jueves d\u00eda 22 con inscripci\u00f3n gratuita<\/title>\n<meta name=\"robots\" content=\"index, follow, max-snippet:-1, max-image-preview:large, max-video-preview:-1\" \/>\n<link rel=\"canonical\" href=\"https:\/\/www.laguiadepamplona.com\/actualidad\/el-museo-de-educacion-ambiental-ha-organizado-un-taller-de-plantas-medicinales-de-invierno-el-martes-20-de-febrero-y-el-jueves-dia-22-con-inscripcion-gratuita\/\" \/>\n<meta property=\"og:locale\" content=\"es_ES\" \/>\n<meta property=\"og:type\" content=\"article\" \/>\n<meta property=\"og:title\" content=\"El Museo de Educaci\u00f3n Ambiental ha organizado un taller de plantas medicinales de invierno el martes 20 de febrero y el jueves d\u00eda 22 con inscripci\u00f3n gratuita\" \/>\n<meta property=\"og:description\" content=\"Las personas interesadas en participar pueden apuntarse en el Tel\u00e9fono de Atenci\u00f3n Ciudadana 010 o 948420100\" \/>\n<meta property=\"og:url\" content=\"https:\/\/www.laguiadepamplona.com\/actualidad\/el-museo-de-educacion-ambiental-ha-organizado-un-taller-de-plantas-medicinales-de-invierno-el-martes-20-de-febrero-y-el-jueves-dia-22-con-inscripcion-gratuita\/\" \/>\n<meta property=\"og:site_name\" content=\"La Gu\u00eda de Pamplona\" \/>\n<meta property=\"article:publisher\" content=\"https:\/\/www.facebook.com\/laguiadepamplonacom-133175176762273\/?ref=hl\" \/>\n<meta property=\"article:published_time\" content=\"2018-02-15T12:23:24+00:00\" \/>\n<meta property=\"og:image\" content=\"https:\/\/www.laguiadepamplona.com\/actualidad\/wp-content\/uploads\/2016\/12\/Museo-Educacion-Ambiental-Pamplona.jpg\" \/>\n\t<meta property=\"og:image:width\" content=\"627\" \/>\n\t<meta property=\"og:image:height\" content=\"352\" \/>\n\t<meta property=\"og:image:type\" content=\"image\/jpeg\" \/>\n<meta name=\"author\" content=\"La Gu\u00eda de Pamplona\" \/>\n<meta name=\"twitter:card\" content=\"summary_large_image\" \/>\n<meta name=\"twitter:creator\" content=\"@LaGuiadPamplona\" \/>\n<meta name=\"twitter:site\" content=\"@LaGuiadPamplona\" \/>\n<meta name=\"twitter:label1\" content=\"Escrito por\" \/>\n\t<meta name=\"twitter:data1\" content=\"La Gu\u00eda de Pamplona\" \/>\n\t<meta name=\"twitter:label2\" content=\"Tiempo de lectura\" \/>\n\t<meta name=\"twitter:data2\" content=\"1 minuto\" \/>\n<script type=\"application\/ld+json\" class=\"yoast-schema-graph\">{\"@context\":\"https:\\\/\\\/schema.org\",\"@graph\":[{\"@type\":\"Article\",\"@id\":\"https:\\\/\\\/www.laguiadepamplona.com\\\/actualidad\\\/el-museo-de-educacion-ambiental-ha-organizado-un-taller-de-plantas-medicinales-de-invierno-el-martes-20-de-febrero-y-el-jueves-dia-22-con-inscripcion-gratuita\\\/#article\",\"isPartOf\":{\"@id\":\"https:\\\/\\\/www.laguiadepamplona.com\\\/actualidad\\\/el-museo-de-educacion-ambiental-ha-organizado-un-taller-de-plantas-medicinales-de-invierno-el-martes-20-de-febrero-y-el-jueves-dia-22-con-inscripcion-gratuita\\\/\"},\"author\":{\"name\":\"La Gu\u00eda de Pamplona\",\"@id\":\"https:\\\/\\\/www.laguiadepamplona.com\\\/actualidad\\\/#\\\/schema\\\/person\\\/efe887376f0213d4657c93adc50b1fdb\"},\"headline\":\"El Museo de Educaci\u00f3n Ambiental ha organizado un taller de plantas medicinales de invierno el martes 20 de febrero y el jueves d\u00eda 22 con inscripci\u00f3n gratuita\",\"datePublished\":\"2018-02-15T12:23:24+00:00\",\"mainEntityOfPage\":{\"@id\":\"https:\\\/\\\/www.laguiadepamplona.com\\\/actualidad\\\/el-museo-de-educacion-ambiental-ha-organizado-un-taller-de-plantas-medicinales-de-invierno-el-martes-20-de-febrero-y-el-jueves-dia-22-con-inscripcion-gratuita\\\/\"},\"wordCount\":290,\"commentCount\":0,\"publisher\":{\"@id\":\"https:\\\/\\\/www.laguiadepamplona.com\\\/actualidad\\\/#organization\"},\"image\":{\"@id\":\"https:\\\/\\\/www.laguiadepamplona.com\\\/actualidad\\\/el-museo-de-educacion-ambiental-ha-organizado-un-taller-de-plantas-medicinales-de-invierno-el-martes-20-de-febrero-y-el-jueves-dia-22-con-inscripcion-gratuita\\\/#primaryimage\"},\"thumbnailUrl\":\"https:\\\/\\\/www.laguiadepamplona.com\\\/actualidad\\\/wp-content\\\/uploads\\\/2016\\\/12\\\/Museo-Educacion-Ambiental-Pamplona.jpg\",\"articleSection\":[\"Ayto Pamplona\"],\"inLanguage\":\"es\",\"potentialAction\":[{\"@type\":\"CommentAction\",\"name\":\"Comment\",\"target\":[\"https:\\\/\\\/www.laguiadepamplona.com\\\/actualidad\\\/el-museo-de-educacion-ambiental-ha-organizado-un-taller-de-plantas-medicinales-de-invierno-el-martes-20-de-febrero-y-el-jueves-dia-22-con-inscripcion-gratuita\\\/#respond\"]}]},{\"@type\":\"WebPage\",\"@id\":\"https:\\\/\\\/www.laguiadepamplona.com\\\/actualidad\\\/el-museo-de-educacion-ambiental-ha-organizado-un-taller-de-plantas-medicinales-de-invierno-el-martes-20-de-febrero-y-el-jueves-dia-22-con-inscripcion-gratuita\\\/\",\"url\":\"https:\\\/\\\/www.laguiadepamplona.com\\\/actualidad\\\/el-museo-de-educacion-ambiental-ha-organizado-un-taller-de-plantas-medicinales-de-invierno-el-martes-20-de-febrero-y-el-jueves-dia-22-con-inscripcion-gratuita\\\/\",\"name\":\"El Museo de Educaci\u00f3n Ambiental ha organizado un taller de plantas medicinales de invierno el martes 20 de febrero y el jueves d\u00eda 22 con inscripci\u00f3n gratuita\",\"isPartOf\":{\"@id\":\"https:\\\/\\\/www.laguiadepamplona.com\\\/actualidad\\\/#website\"},\"primaryImageOfPage\":{\"@id\":\"https:\\\/\\\/www.laguiadepamplona.com\\\/actualidad\\\/el-museo-de-educacion-ambiental-ha-organizado-un-taller-de-plantas-medicinales-de-invierno-el-martes-20-de-febrero-y-el-jueves-dia-22-con-inscripcion-gratuita\\\/#primaryimage\"},\"image\":{\"@id\":\"https:\\\/\\\/www.laguiadepamplona.com\\\/actualidad\\\/el-museo-de-educacion-ambiental-ha-organizado-un-taller-de-plantas-medicinales-de-invierno-el-martes-20-de-febrero-y-el-jueves-dia-22-con-inscripcion-gratuita\\\/#primaryimage\"},\"thumbnailUrl\":\"https:\\\/\\\/www.laguiadepamplona.com\\\/actualidad\\\/wp-content\\\/uploads\\\/2016\\\/12\\\/Museo-Educacion-Ambiental-Pamplona.jpg\",\"datePublished\":\"2018-02-15T12:23:24+00:00\",\"breadcrumb\":{\"@id\":\"https:\\\/\\\/www.laguiadepamplona.com\\\/actualidad\\\/el-museo-de-educacion-ambiental-ha-organizado-un-taller-de-plantas-medicinales-de-invierno-el-martes-20-de-febrero-y-el-jueves-dia-22-con-inscripcion-gratuita\\\/#breadcrumb\"},\"inLanguage\":\"es\",\"potentialAction\":[{\"@type\":\"ReadAction\",\"target\":[\"https:\\\/\\\/www.laguiadepamplona.com\\\/actualidad\\\/el-museo-de-educacion-ambiental-ha-organizado-un-taller-de-plantas-medicinales-de-invierno-el-martes-20-de-febrero-y-el-jueves-dia-22-con-inscripcion-gratuita\\\/\"]}]},{\"@type\":\"ImageObject\",\"inLanguage\":\"es\",\"@id\":\"https:\\\/\\\/www.laguiadepamplona.com\\\/actualidad\\\/el-museo-de-educacion-ambiental-ha-organizado-un-taller-de-plantas-medicinales-de-invierno-el-martes-20-de-febrero-y-el-jueves-dia-22-con-inscripcion-gratuita\\\/#primaryimage\",\"url\":\"https:\\\/\\\/www.laguiadepamplona.com\\\/actualidad\\\/wp-content\\\/uploads\\\/2016\\\/12\\\/Museo-Educacion-Ambiental-Pamplona.jpg\",\"contentUrl\":\"https:\\\/\\\/www.laguiadepamplona.com\\\/actualidad\\\/wp-content\\\/uploads\\\/2016\\\/12\\\/Museo-Educacion-Ambiental-Pamplona.jpg\",\"width\":627,\"height\":352},{\"@type\":\"BreadcrumbList\",\"@id\":\"https:\\\/\\\/www.laguiadepamplona.com\\\/actualidad\\\/el-museo-de-educacion-ambiental-ha-organizado-un-taller-de-plantas-medicinales-de-invierno-el-martes-20-de-febrero-y-el-jueves-dia-22-con-inscripcion-gratuita\\\/#breadcrumb\",\"itemListElement\":[{\"@type\":\"ListItem\",\"position\":1,\"name\":\"Portada\",\"item\":\"https:\\\/\\\/www.laguiadepamplona.com\\\/actualidad\\\/\"},{\"@type\":\"ListItem\",\"position\":2,\"name\":\"El Museo de Educaci\u00f3n Ambiental ha organizado un taller de plantas medicinales de invierno el martes 20 de febrero y el jueves d\u00eda 22 con inscripci\u00f3n gratuita\"}]},{\"@type\":\"WebSite\",\"@id\":\"https:\\\/\\\/www.laguiadepamplona.com\\\/actualidad\\\/#website\",\"url\":\"https:\\\/\\\/www.laguiadepamplona.com\\\/actualidad\\\/\",\"name\":\"La gu\u00eda de Pamplona\",\"description\":\"Noticias de Pamplona\",\"publisher\":{\"@id\":\"https:\\\/\\\/www.laguiadepamplona.com\\\/actualidad\\\/#organization\"},\"potentialAction\":[{\"@type\":\"SearchAction\",\"target\":{\"@type\":\"EntryPoint\",\"urlTemplate\":\"https:\\\/\\\/www.laguiadepamplona.com\\\/actualidad\\\/?s={search_term_string}\"},\"query-input\":{\"@type\":\"PropertyValueSpecification\",\"valueRequired\":true,\"valueName\":\"search_term_string\"}}],\"inLanguage\":\"es\"},{\"@type\":\"Organization\",\"@id\":\"https:\\\/\\\/www.laguiadepamplona.com\\\/actualidad\\\/#organization\",\"name\":\"La Gu\u00eda de Pamplona \\\/ Noticias\",\"url\":\"https:\\\/\\\/www.laguiadepamplona.com\\\/actualidad\\\/\",\"logo\":{\"@type\":\"ImageObject\",\"inLanguage\":\"es\",\"@id\":\"https:\\\/\\\/www.laguiadepamplona.com\\\/actualidad\\\/#\\\/schema\\\/logo\\\/image\\\/\",\"url\":\"https:\\\/\\\/www.laguiadepamplona.com\\\/actualidad\\\/wp-content\\\/uploads\\\/2018\\\/11\\\/logo-laguiadepamplona18-web1.png\",\"contentUrl\":\"https:\\\/\\\/www.laguiadepamplona.com\\\/actualidad\\\/wp-content\\\/uploads\\\/2018\\\/11\\\/logo-laguiadepamplona18-web1.png\",\"width\":600,\"height\":196,\"caption\":\"La Gu\u00eda de Pamplona \\\/ Noticias\"},\"image\":{\"@id\":\"https:\\\/\\\/www.laguiadepamplona.com\\\/actualidad\\\/#\\\/schema\\\/logo\\\/image\\\/\"},\"sameAs\":[\"https:\\\/\\\/www.facebook.com\\\/laguiadepamplonacom-133175176762273\\\/?ref=hl\",\"https:\\\/\\\/x.com\\\/LaGuiadPamplona\",\"https:\\\/\\\/www.instagram.com\\\/la_guia_de_pamplona\\\/\",\"https:\\\/\\\/www.youtube.com\\\/user\\\/laguiadepamplona\"]},{\"@type\":\"Person\",\"@id\":\"https:\\\/\\\/www.laguiadepamplona.com\\\/actualidad\\\/#\\\/schema\\\/person\\\/efe887376f0213d4657c93adc50b1fdb\",\"name\":\"La Gu\u00eda de Pamplona\",\"image\":{\"@type\":\"ImageObject\",\"inLanguage\":\"es\",\"@id\":\"https:\\\/\\\/secure.gravatar.com\\\/avatar\\\/b6992f131dc8d30ab0dff15446e9d346d9dbd95992de0fef795073f5ea83a81c?s=96&d=mm&r=g\",\"url\":\"https:\\\/\\\/secure.gravatar.com\\\/avatar\\\/b6992f131dc8d30ab0dff15446e9d346d9dbd95992de0fef795073f5ea83a81c?s=96&d=mm&r=g\",\"contentUrl\":\"https:\\\/\\\/secure.gravatar.com\\\/avatar\\\/b6992f131dc8d30ab0dff15446e9d346d9dbd95992de0fef795073f5ea83a81c?s=96&d=mm&r=g\",\"caption\":\"La Gu\u00eda de Pamplona\"}}]}<\/script>\n<!-- \/ Yoast SEO plugin. -->","yoast_head_json":{"title":"El Museo de Educaci\u00f3n Ambiental ha organizado un taller de plantas medicinales de invierno el martes 20 de febrero y el jueves d\u00eda 22 con inscripci\u00f3n gratuita","robots":{"index":"index","follow":"follow","max-snippet":"max-snippet:-1","max-image-preview":"max-image-preview:large","max-video-preview":"max-video-preview:-1"},"canonical":"https:\/\/www.laguiadepamplona.com\/actualidad\/el-museo-de-educacion-ambiental-ha-organizado-un-taller-de-plantas-medicinales-de-invierno-el-martes-20-de-febrero-y-el-jueves-dia-22-con-inscripcion-gratuita\/","og_locale":"es_ES","og_type":"article","og_title":"El Museo de Educaci\u00f3n Ambiental ha organizado un taller de plantas medicinales de invierno el martes 20 de febrero y el jueves d\u00eda 22 con inscripci\u00f3n gratuita","og_description":"Las personas interesadas en participar pueden apuntarse en el Tel\u00e9fono de Atenci\u00f3n Ciudadana 010 o 948420100","og_url":"https:\/\/www.laguiadepamplona.com\/actualidad\/el-museo-de-educacion-ambiental-ha-organizado-un-taller-de-plantas-medicinales-de-invierno-el-martes-20-de-febrero-y-el-jueves-dia-22-con-inscripcion-gratuita\/","og_site_name":"La Gu\u00eda de Pamplona","article_publisher":"https:\/\/www.facebook.com\/laguiadepamplonacom-133175176762273\/?ref=hl","article_published_time":"2018-02-15T12:23:24+00:00","og_image":[{"width":627,"height":352,"url":"https:\/\/www.laguiadepamplona.com\/actualidad\/wp-content\/uploads\/2016\/12\/Museo-Educacion-Ambiental-Pamplona.jpg","type":"image\/jpeg"}],"author":"La Gu\u00eda de Pamplona","twitter_card":"summary_large_image","twitter_creator":"@LaGuiadPamplona","twitter_site":"@LaGuiadPamplona","twitter_misc":{"Escrito por":"La Gu\u00eda de Pamplona","Tiempo de lectura":"1 minuto"},"schema":{"@context":"https:\/\/schema.org","@graph":[{"@type":"Article","@id":"https:\/\/www.laguiadepamplona.com\/actualidad\/el-museo-de-educacion-ambiental-ha-organizado-un-taller-de-plantas-medicinales-de-invierno-el-martes-20-de-febrero-y-el-jueves-dia-22-con-inscripcion-gratuita\/#article","isPartOf":{"@id":"https:\/\/www.laguiadepamplona.com\/actualidad\/el-museo-de-educacion-ambiental-ha-organizado-un-taller-de-plantas-medicinales-de-invierno-el-martes-20-de-febrero-y-el-jueves-dia-22-con-inscripcion-gratuita\/"},"author":{"name":"La Gu\u00eda de Pamplona","@id":"https:\/\/www.laguiadepamplona.com\/actualidad\/#\/schema\/person\/efe887376f0213d4657c93adc50b1fdb"},"headline":"El Museo de Educaci\u00f3n Ambiental ha organizado un taller de plantas medicinales de invierno el martes 20 de febrero y el jueves d\u00eda 22 con inscripci\u00f3n gratuita","datePublished":"2018-02-15T12:23:24+00:00","mainEntityOfPage":{"@id":"https:\/\/www.laguiadepamplona.com\/actualidad\/el-museo-de-educacion-ambiental-ha-organizado-un-taller-de-plantas-medicinales-de-invierno-el-martes-20-de-febrero-y-el-jueves-dia-22-con-inscripcion-gratuita\/"},"wordCount":290,"commentCount":0,"publisher":{"@id":"https:\/\/www.laguiadepamplona.com\/actualidad\/#organization"},"image":{"@id":"https:\/\/www.laguiadepamplona.com\/actualidad\/el-museo-de-educacion-ambiental-ha-organizado-un-taller-de-plantas-medicinales-de-invierno-el-martes-20-de-febrero-y-el-jueves-dia-22-con-inscripcion-gratuita\/#primaryimage"},"thumbnailUrl":"https:\/\/www.laguiadepamplona.com\/actualidad\/wp-content\/uploads\/2016\/12\/Museo-Educacion-Ambiental-Pamplona.jpg","articleSection":["Ayto Pamplona"],"inLanguage":"es","potentialAction":[{"@type":"CommentAction","name":"Comment","target":["https:\/\/www.laguiadepamplona.com\/actualidad\/el-museo-de-educacion-ambiental-ha-organizado-un-taller-de-plantas-medicinales-de-invierno-el-martes-20-de-febrero-y-el-jueves-dia-22-con-inscripcion-gratuita\/#respond"]}]},{"@type":"WebPage","@id":"https:\/\/www.laguiadepamplona.com\/actualidad\/el-museo-de-educacion-ambiental-ha-organizado-un-taller-de-plantas-medicinales-de-invierno-el-martes-20-de-febrero-y-el-jueves-dia-22-con-inscripcion-gratuita\/","url":"https:\/\/www.laguiadepamplona.com\/actualidad\/el-museo-de-educacion-ambiental-ha-organizado-un-taller-de-plantas-medicinales-de-invierno-el-martes-20-de-febrero-y-el-jueves-dia-22-con-inscripcion-gratuita\/","name":"El Museo de Educaci\u00f3n Ambiental ha organizado un taller de plantas medicinales de invierno el martes 20 de febrero y el jueves d\u00eda 22 con inscripci\u00f3n gratuita","isPartOf":{"@id":"https:\/\/www.laguiadepamplona.com\/actualidad\/#website"},"primaryImageOfPage":{"@id":"https:\/\/www.laguiadepamplona.com\/actualidad\/el-museo-de-educacion-ambiental-ha-organizado-un-taller-de-plantas-medicinales-de-invierno-el-martes-20-de-febrero-y-el-jueves-dia-22-con-inscripcion-gratuita\/#primaryimage"},"image":{"@id":"https:\/\/www.laguiadepamplona.com\/actualidad\/el-museo-de-educacion-ambiental-ha-organizado-un-taller-de-plantas-medicinales-de-invierno-el-martes-20-de-febrero-y-el-jueves-dia-22-con-inscripcion-gratuita\/#primaryimage"},"thumbnailUrl":"https:\/\/www.laguiadepamplona.com\/actualidad\/wp-content\/uploads\/2016\/12\/Museo-Educacion-Ambiental-Pamplona.jpg","datePublished":"2018-02-15T12:23:24+00:00","breadcrumb":{"@id":"https:\/\/www.laguiadepamplona.com\/actualidad\/el-museo-de-educacion-ambiental-ha-organizado-un-taller-de-plantas-medicinales-de-invierno-el-martes-20-de-febrero-y-el-jueves-dia-22-con-inscripcion-gratuita\/#breadcrumb"},"inLanguage":"es","potentialAction":[{"@type":"ReadAction","target":["https:\/\/www.laguiadepamplona.com\/actualidad\/el-museo-de-educacion-ambiental-ha-organizado-un-taller-de-plantas-medicinales-de-invierno-el-martes-20-de-febrero-y-el-jueves-dia-22-con-inscripcion-gratuita\/"]}]},{"@type":"ImageObject","inLanguage":"es","@id":"https:\/\/www.laguiadepamplona.com\/actualidad\/el-museo-de-educacion-ambiental-ha-organizado-un-taller-de-plantas-medicinales-de-invierno-el-martes-20-de-febrero-y-el-jueves-dia-22-con-inscripcion-gratuita\/#primaryimage","url":"https:\/\/www.laguiadepamplona.com\/actualidad\/wp-content\/uploads\/2016\/12\/Museo-Educacion-Ambiental-Pamplona.jpg","contentUrl":"https:\/\/www.laguiadepamplona.com\/actualidad\/wp-content\/uploads\/2016\/12\/Museo-Educacion-Ambiental-Pamplona.jpg","width":627,"height":352},{"@type":"BreadcrumbList","@id":"https:\/\/www.laguiadepamplona.com\/actualidad\/el-museo-de-educacion-ambiental-ha-organizado-un-taller-de-plantas-medicinales-de-invierno-el-martes-20-de-febrero-y-el-jueves-dia-22-con-inscripcion-gratuita\/#breadcrumb","itemListElement":[{"@type":"ListItem","position":1,"name":"Portada","item":"https:\/\/www.laguiadepamplona.com\/actualidad\/"},{"@type":"ListItem","position":2,"name":"El Museo de Educaci\u00f3n Ambiental ha organizado un taller de plantas medicinales de invierno el martes 20 de febrero y el jueves d\u00eda 22 con inscripci\u00f3n gratuita"}]},{"@type":"WebSite","@id":"https:\/\/www.laguiadepamplona.com\/actualidad\/#website","url":"https:\/\/www.laguiadepamplona.com\/actualidad\/","name":"La gu\u00eda de Pamplona","description":"Noticias de Pamplona","publisher":{"@id":"https:\/\/www.laguiadepamplona.com\/actualidad\/#organization"},"potentialAction":[{"@type":"SearchAction","target":{"@type":"EntryPoint","urlTemplate":"https:\/\/www.laguiadepamplona.com\/actualidad\/?s={search_term_string}"},"query-input":{"@type":"PropertyValueSpecification","valueRequired":true,"valueName":"search_term_string"}}],"inLanguage":"es"},{"@type":"Organization","@id":"https:\/\/www.laguiadepamplona.com\/actualidad\/#organization","name":"La Gu\u00eda de Pamplona \/ Noticias","url":"https:\/\/www.laguiadepamplona.com\/actualidad\/","logo":{"@type":"ImageObject","inLanguage":"es","@id":"https:\/\/www.laguiadepamplona.com\/actualidad\/#\/schema\/logo\/image\/","url":"https:\/\/www.laguiadepamplona.com\/actualidad\/wp-content\/uploads\/2018\/11\/logo-laguiadepamplona18-web1.png","contentUrl":"https:\/\/www.laguiadepamplona.com\/actualidad\/wp-content\/uploads\/2018\/11\/logo-laguiadepamplona18-web1.png","width":600,"height":196,"caption":"La Gu\u00eda de Pamplona \/ Noticias"},"image":{"@id":"https:\/\/www.laguiadepamplona.com\/actualidad\/#\/schema\/logo\/image\/"},"sameAs":["https:\/\/www.facebook.com\/laguiadepamplonacom-133175176762273\/?ref=hl","https:\/\/x.com\/LaGuiadPamplona","https:\/\/www.instagram.com\/la_guia_de_pamplona\/","https:\/\/www.youtube.com\/user\/laguiadepamplona"]},{"@type":"Person","@id":"https:\/\/www.laguiadepamplona.com\/actualidad\/#\/schema\/person\/efe887376f0213d4657c93adc50b1fdb","name":"La Gu\u00eda de Pamplona","image":{"@type":"ImageObject","inLanguage":"es","@id":"https:\/\/secure.gravatar.com\/avatar\/b6992f131dc8d30ab0dff15446e9d346d9dbd95992de0fef795073f5ea83a81c?s=96&d=mm&r=g","url":"https:\/\/secure.gravatar.com\/avatar\/b6992f131dc8d30ab0dff15446e9d346d9dbd95992de0fef795073f5ea83a81c?s=96&d=mm&r=g","contentUrl":"https:\/\/secure.gravatar.com\/avatar\/b6992f131dc8d30ab0dff15446e9d346d9dbd95992de0fef795073f5ea83a81c?s=96&d=mm&r=g","caption":"La Gu\u00eda de Pamplona"}}]}},"post_mailing_queue_ids":[],"_links":{"self":[{"href":"https:\/\/www.laguiadepamplona.com\/actualidad\/wp-json\/wp\/v2\/posts\/16130","targetHints":{"allow":["GET"]}}],"collection":[{"href":"https:\/\/www.laguiadepamplona.com\/actualidad\/wp-json\/wp\/v2\/posts"}],"about":[{"href":"https:\/\/www.laguiadepamplona.com\/actualidad\/wp-json\/wp\/v2\/types\/post"}],"author":[{"embeddable":true,"href":"https:\/\/www.laguiadepamplona.com\/actualidad\/wp-json\/wp\/v2\/users\/1"}],"replies":[{"embeddable":true,"href":"https:\/\/www.laguiadepamplona.com\/actualidad\/wp-json\/wp\/v2\/comments?post=16130"}],"version-history":[{"count":0,"href":"https:\/\/www.laguiadepamplona.com\/actualidad\/wp-json\/wp\/v2\/posts\/16130\/revisions"}],"wp:featuredmedia":[{"embeddable":true,"href":"https:\/\/www.laguiadepamplona.com\/actualidad\/wp-json\/wp\/v2\/media\/11071"}],"wp:attachment":[{"href":"https:\/\/www.laguiadepamplona.com\/actualidad\/wp-json\/wp\/v2\/media?parent=16130"}],"wp:term":[{"taxonomy":"category","embeddable":true,"href":"https:\/\/www.laguiadepamplona.com\/actualidad\/wp-json\/wp\/v2\/categories?post=16130"},{"taxonomy":"post_tag","embeddable":true,"href":"https:\/\/www.laguiadepamplona.com\/actualidad\/wp-json\/wp\/v2\/tags?post=16130"}],"curies":[{"name":"wp","href":"https:\/\/api.w.org\/{rel}","templated":true}]}}