{"id":16127,"date":"2018-02-15T13:22:08","date_gmt":"2018-02-15T12:22:08","guid":{"rendered":"http:\/\/laguiadepamplona.es\/actualidad\/?p=16127"},"modified":"2018-02-15T13:22:08","modified_gmt":"2018-02-15T12:22:08","slug":"doble-sesion-de-teatro-familiar-en-euskera-este-sabado-en-civivox-iturrama-de-la-mano-de-producciones-maestras-y-martinaren-parke-fantastikoa","status":"publish","type":"post","link":"https:\/\/www.laguiadepamplona.com\/actualidad\/doble-sesion-de-teatro-familiar-en-euskera-este-sabado-en-civivox-iturrama-de-la-mano-de-producciones-maestras-y-martinaren-parke-fantastikoa\/","title":{"rendered":"Doble sesi\u00f3n de teatro familiar en euskera este s\u00e1bado en Civivox Iturrama de la mano de Producciones Maestras y \u201cMartinaren parke fantastikoa\u201d"},"content":{"rendered":"<h3>La actuaci\u00f3n, a las 12 y las 18 horas al precio de 3 euros, forma parte del ciclo Teatreves, un programa de exhibici\u00f3n de teatro profesional navarro<\/h3>\n<p><!--more--><\/p>\n<p>Segundo espect\u00e1culo del ciclo \u2018Teatreves. Tardes de teatro\u2019 el s\u00e1bado en Civivox Iturrama, dirigido en este caso a p\u00fablico infantil y familiar. Producciones Maestras pondr\u00e1 en escena en euskera \u201cMartinaren parke fantastikoa \/ El fant\u00e1stico parque de Martina\u201d en doble sesi\u00f3n, a las 12 y a las 18 horas. Las entradas se venden al precio de 3 euros y se pueden adquirir en el propio civivox o a trav\u00e9s de internet en <a href=\"http:\/\/www.pamplona.es\/\" target=\"_blank\" rel=\"noopener\">www.pamplona.es<\/a> o <a href=\"http:\/\/www.pamplonaescultura.es\/\" target=\"_blank\" rel=\"noopener\">www.pamplonaescultura.es<\/a>.<\/p>\n<p>La obra narra la historia de Martina, una ni\u00f1a que todas las tardes a jugar al parque. All\u00ed juega con sus amigos y sus amigas, con palomas, con camiones, con las personas mayores que no tienen miedo a jugar&#8230; En ese parque descubre nuevos mundos, descubre qu\u00e9 significa ser valiente y descubre qu\u00e9 es tener miedo. Descubre, adem\u00e1s, que no hay l\u00edmites en su imaginaci\u00f3n. En su parque vive incre\u00edbles aventuras, peque\u00f1as y grandes, sola o acompa\u00f1ada, porque vivir es la aventura m\u00e1s apasionante. Martina hace part\u00edcipe al p\u00fablico de todo lo que siente y comparte todo lo que puede ocurrir durante una tarde en su fant\u00e1stico parque. La obra est\u00e1 dirigida por Ana Maestroju\u00e1n y cuenta en el reparto con Iratxe Garc\u00eda \u00dariz, Oier Z\u00fa\u00f1iga y Txori Garc\u00eda \u00dariz.<\/p>\n<p>El programa de exhibici\u00f3n de teatro profesional navarro Teatreves concluir\u00e1 el pr\u00f3ximo jueves 22 de febrero con la obra \u2018Todas eran mis t\u00edas\u2019, a cargo de La Nave Teatro. Se podr\u00e1 ver en Civivox Iturrama a partir de las 19.30 horas con entradas a 6 euros, que se pueden comprar en civivox y on line en <a href=\"http:\/\/www.pamplonaescultura.es\/\" target=\"_blank\" rel=\"noopener\">www.pamplonaescultura.es<\/a>. La primera funci\u00f3n del ciclo tendr\u00e1 lugar este jueves 15 de febrero a las 19.30 horas en Civivox Iturrama. La compa\u00f1\u00eda La Banda representa la obra \u2018Km. 0\u2019. La entrada tambi\u00e9n tiene un precio de 6 euros.<\/p>\n<p><strong>Sobre Producciones Maestras<\/strong><\/p>\n<p>Producciones Maestras es una compa\u00f1\u00eda de teatro que produce y distribuye obras creadas a partir, principalmente, de textos propios buscando el entretenimiento, el humor y cuidando el producto que ofrece al p\u00fablico. Forman la compa\u00f1\u00eda \u00c1ngel Garc\u00eda Moneo y Ana Maestroju\u00e1n, que han unido sus caminos, sus dilatadas trayectorias profesionales y un proyecto com\u00fan, una plataforma de creaci\u00f3n, producci\u00f3n y difusi\u00f3n cultural.<\/p>\n<p>Por lo que al reparto se refiere, Iratxe Garc\u00eda \u00dariz estudi\u00f3 Arte Dram\u00e1tico en la Escuela Navarra de Teatro, formaci\u00f3n que complet\u00f3 en talleres impartidos por diferentes profesionales. Ha trabajado para las compa\u00f1\u00edas TEN, ENT, A\u2019kus, Teatro Mahagoni, Fundaci\u00f3n Teatro Gayarre, La Ortiga y Caracois. En cine y televisi\u00f3n ha protagonizado los largometrajes \u2018Anamorphosis\u2019 y \u2018Nexos\u2019, los cortometrajes \u2018De camino a\u2019 y \u2018Distop\u00eda\u2019. Ha participado, adem\u00e1s, en videoclips de los grupos Bar\u00faa, Goth Cash y Barricada.<\/p>\n<p>Txori Garc\u00eda \u00dariz es diplomado en Trabajo Social. Estudi\u00f3 Arte Dram\u00e1tico en la Escuela Navarra de Teatro. Es cofundador de La Ortiga T.D.S. y Caracois Teatro. Ha trabajado en montajes de la compa\u00f1\u00eda de Ados Teatroa, TEN, Coral de C\u00e1mara de Navarra, ENT, Tempomobile, \u00d3pera de C\u00e1mara de Navarra y Fundaci\u00f3n Teatro Gayarre. En cine ha participado en las pel\u00edculas \u2018Anamorphosis\u2019, \u2018Bajo las estrellas\u2019 y \u2018Blue Lips\u2019.<\/p>\n<p>Oier Zu\u00f1iga cursa estudios universitarios de Bellas Artes en la UPV-EHU en Leioa. Adem\u00e1s de inmiscuirse en el mundo de la m\u00fasica, las artes plasticas y la ilustraci\u00f3n, se forma como actor en la Escuela Navarra de Teatro con los estudios profesionales de arte dram\u00e1tico entre los a\u00f1os 2011-2014. Trabaja como dibujante y actor en varios proyectos.<\/p>\n<p>&nbsp;<\/p>\n<p><strong>Teatreves. Tardes de teatro<\/strong><\/p>\n<ul>\n<li><strong>S\u00e1bado 17 de febrero, 12 y 18 horas. Civivox Iturrama<\/strong>\n<ul>\n<li><strong>\u201cMartinaren parke fantastikoa\u201d<\/strong><\/li>\n<li>Producciones Maestras<\/li>\n<li>Teatro familiar en euskera. Dramaturgia y direcci\u00f3n: Ana Maestroju\u00e1n. Int\u00e9rpretes: Iratxe Garc\u00eda \u00dariz, Oier Zu\u00f1iga y Txori Garc\u00eda Uriz. Dise\u00f1o iluminaci\u00f3n: Koldo Ta\u00ednta. Proyecciones: David Bernu\u00e9s. Canciones originales y espacio sonoro: Gorka Pastor. Producci\u00f3n: Producciones Maestras.<\/li>\n<li>Entrada: 3 euros<\/li>\n<\/ul>\n<\/li>\n<li><strong>Jueves 22 de febrero, 19.30 horas. Civivox Iturrama<\/strong>\n<ul>\n<li><strong>\u2018Todas eran mis t\u00edas\u2019<\/strong><\/li>\n<li>La Nave Teatro<\/li>\n<li>Teatro contempor\u00e1neo. Dramaturgia y direcci\u00f3n: Miguel Mun\u00e1rriz. Actriz: Marta Ju\u00e1niz. Bailarina: Uxue Olazaran. Clarinete: Marien Mejail. Coreograf\u00eda: Arantxa Villanueva, Dise\u00f1o de iluminaci\u00f3n: Koldo Ta\u00ednta. Dise\u00f1o escenograf\u00eda: Joaqu\u00edn Ju\u00e1niz. Dise\u00f1o art\u00edstico escenograf\u00eda: Alicia Otaegui. Imagen escenograf\u00eda: Jos\u00e9 Luis Larri\u00f3n. Modelo: Claudia Lafuente. Vestuario: Miren Ju\u00e1niz y M\u00aa Eugenia Molina. Producci\u00f3n: La Nave Teatro.<\/li>\n<li>Entrada: 6 euros<\/li>\n<\/ul>\n<\/li>\n<\/ul>\n<p>&nbsp;<\/p>\n","protected":false},"excerpt":{"rendered":"<p>La actuaci\u00f3n, a las 12 y las 18 horas al precio de 3 euros, forma parte del ciclo Teatreves, un programa de exhibici\u00f3n de teatro profesional navarro<\/p>\n","protected":false},"author":1,"featured_media":16128,"comment_status":"open","ping_status":"closed","sticky":false,"template":"","format":"standard","meta":{"footnotes":""},"categories":[2],"tags":[],"class_list":["post-16127","post","type-post","status-publish","format-standard","has-post-thumbnail","hentry","category-ayuntamiento-pamplona"],"yoast_head":"<!-- This site is optimized with the Yoast SEO plugin v27.5 - https:\/\/yoast.com\/product\/yoast-seo-wordpress\/ -->\n<title>Doble sesi\u00f3n de teatro familiar en euskera este s\u00e1bado en Civivox Iturrama de la mano de Producciones Maestras y \u201cMartinaren parke fantastikoa\u201d<\/title>\n<meta name=\"robots\" content=\"index, follow, max-snippet:-1, max-image-preview:large, max-video-preview:-1\" \/>\n<link rel=\"canonical\" href=\"https:\/\/www.laguiadepamplona.com\/actualidad\/doble-sesion-de-teatro-familiar-en-euskera-este-sabado-en-civivox-iturrama-de-la-mano-de-producciones-maestras-y-martinaren-parke-fantastikoa\/\" \/>\n<meta property=\"og:locale\" content=\"es_ES\" \/>\n<meta property=\"og:type\" content=\"article\" \/>\n<meta property=\"og:title\" content=\"Doble sesi\u00f3n de teatro familiar en euskera este s\u00e1bado en Civivox Iturrama de la mano de Producciones Maestras y \u201cMartinaren parke fantastikoa\u201d\" \/>\n<meta property=\"og:description\" content=\"La actuaci\u00f3n, a las 12 y las 18 horas al precio de 3 euros, forma parte del ciclo Teatreves, un programa de exhibici\u00f3n de teatro profesional navarro\" \/>\n<meta property=\"og:url\" content=\"https:\/\/www.laguiadepamplona.com\/actualidad\/doble-sesion-de-teatro-familiar-en-euskera-este-sabado-en-civivox-iturrama-de-la-mano-de-producciones-maestras-y-martinaren-parke-fantastikoa\/\" \/>\n<meta property=\"og:site_name\" content=\"La Gu\u00eda de Pamplona\" \/>\n<meta property=\"article:publisher\" content=\"https:\/\/www.facebook.com\/laguiadepamplonacom-133175176762273\/?ref=hl\" \/>\n<meta property=\"article:published_time\" content=\"2018-02-15T12:22:08+00:00\" \/>\n<meta property=\"og:image\" content=\"https:\/\/www.laguiadepamplona.com\/actualidad\/wp-content\/uploads\/2018\/02\/producciones-maestras.jpg\" \/>\n\t<meta property=\"og:image:width\" content=\"1000\" \/>\n\t<meta property=\"og:image:height\" content=\"563\" \/>\n\t<meta property=\"og:image:type\" content=\"image\/jpeg\" \/>\n<meta name=\"author\" content=\"La Gu\u00eda de Pamplona\" \/>\n<meta name=\"twitter:card\" content=\"summary_large_image\" \/>\n<meta name=\"twitter:creator\" content=\"@LaGuiadPamplona\" \/>\n<meta name=\"twitter:site\" content=\"@LaGuiadPamplona\" \/>\n<meta name=\"twitter:label1\" content=\"Escrito por\" \/>\n\t<meta name=\"twitter:data1\" content=\"La Gu\u00eda de Pamplona\" \/>\n\t<meta name=\"twitter:label2\" content=\"Tiempo de lectura\" \/>\n\t<meta name=\"twitter:data2\" content=\"4 minutos\" \/>\n<script type=\"application\/ld+json\" class=\"yoast-schema-graph\">{\"@context\":\"https:\\\/\\\/schema.org\",\"@graph\":[{\"@type\":\"Article\",\"@id\":\"https:\\\/\\\/www.laguiadepamplona.com\\\/actualidad\\\/doble-sesion-de-teatro-familiar-en-euskera-este-sabado-en-civivox-iturrama-de-la-mano-de-producciones-maestras-y-martinaren-parke-fantastikoa\\\/#article\",\"isPartOf\":{\"@id\":\"https:\\\/\\\/www.laguiadepamplona.com\\\/actualidad\\\/doble-sesion-de-teatro-familiar-en-euskera-este-sabado-en-civivox-iturrama-de-la-mano-de-producciones-maestras-y-martinaren-parke-fantastikoa\\\/\"},\"author\":{\"name\":\"La Gu\u00eda de Pamplona\",\"@id\":\"https:\\\/\\\/www.laguiadepamplona.com\\\/actualidad\\\/#\\\/schema\\\/person\\\/efe887376f0213d4657c93adc50b1fdb\"},\"headline\":\"Doble sesi\u00f3n de teatro familiar en euskera este s\u00e1bado en Civivox Iturrama de la mano de Producciones Maestras y \u201cMartinaren parke fantastikoa\u201d\",\"datePublished\":\"2018-02-15T12:22:08+00:00\",\"mainEntityOfPage\":{\"@id\":\"https:\\\/\\\/www.laguiadepamplona.com\\\/actualidad\\\/doble-sesion-de-teatro-familiar-en-euskera-este-sabado-en-civivox-iturrama-de-la-mano-de-producciones-maestras-y-martinaren-parke-fantastikoa\\\/\"},\"wordCount\":825,\"commentCount\":0,\"publisher\":{\"@id\":\"https:\\\/\\\/www.laguiadepamplona.com\\\/actualidad\\\/#organization\"},\"image\":{\"@id\":\"https:\\\/\\\/www.laguiadepamplona.com\\\/actualidad\\\/doble-sesion-de-teatro-familiar-en-euskera-este-sabado-en-civivox-iturrama-de-la-mano-de-producciones-maestras-y-martinaren-parke-fantastikoa\\\/#primaryimage\"},\"thumbnailUrl\":\"https:\\\/\\\/www.laguiadepamplona.com\\\/actualidad\\\/wp-content\\\/uploads\\\/2018\\\/02\\\/producciones-maestras.jpg\",\"articleSection\":[\"Ayto Pamplona\"],\"inLanguage\":\"es\",\"potentialAction\":[{\"@type\":\"CommentAction\",\"name\":\"Comment\",\"target\":[\"https:\\\/\\\/www.laguiadepamplona.com\\\/actualidad\\\/doble-sesion-de-teatro-familiar-en-euskera-este-sabado-en-civivox-iturrama-de-la-mano-de-producciones-maestras-y-martinaren-parke-fantastikoa\\\/#respond\"]}]},{\"@type\":\"WebPage\",\"@id\":\"https:\\\/\\\/www.laguiadepamplona.com\\\/actualidad\\\/doble-sesion-de-teatro-familiar-en-euskera-este-sabado-en-civivox-iturrama-de-la-mano-de-producciones-maestras-y-martinaren-parke-fantastikoa\\\/\",\"url\":\"https:\\\/\\\/www.laguiadepamplona.com\\\/actualidad\\\/doble-sesion-de-teatro-familiar-en-euskera-este-sabado-en-civivox-iturrama-de-la-mano-de-producciones-maestras-y-martinaren-parke-fantastikoa\\\/\",\"name\":\"Doble sesi\u00f3n de teatro familiar en euskera este s\u00e1bado en Civivox Iturrama de la mano de Producciones Maestras y \u201cMartinaren parke fantastikoa\u201d\",\"isPartOf\":{\"@id\":\"https:\\\/\\\/www.laguiadepamplona.com\\\/actualidad\\\/#website\"},\"primaryImageOfPage\":{\"@id\":\"https:\\\/\\\/www.laguiadepamplona.com\\\/actualidad\\\/doble-sesion-de-teatro-familiar-en-euskera-este-sabado-en-civivox-iturrama-de-la-mano-de-producciones-maestras-y-martinaren-parke-fantastikoa\\\/#primaryimage\"},\"image\":{\"@id\":\"https:\\\/\\\/www.laguiadepamplona.com\\\/actualidad\\\/doble-sesion-de-teatro-familiar-en-euskera-este-sabado-en-civivox-iturrama-de-la-mano-de-producciones-maestras-y-martinaren-parke-fantastikoa\\\/#primaryimage\"},\"thumbnailUrl\":\"https:\\\/\\\/www.laguiadepamplona.com\\\/actualidad\\\/wp-content\\\/uploads\\\/2018\\\/02\\\/producciones-maestras.jpg\",\"datePublished\":\"2018-02-15T12:22:08+00:00\",\"breadcrumb\":{\"@id\":\"https:\\\/\\\/www.laguiadepamplona.com\\\/actualidad\\\/doble-sesion-de-teatro-familiar-en-euskera-este-sabado-en-civivox-iturrama-de-la-mano-de-producciones-maestras-y-martinaren-parke-fantastikoa\\\/#breadcrumb\"},\"inLanguage\":\"es\",\"potentialAction\":[{\"@type\":\"ReadAction\",\"target\":[\"https:\\\/\\\/www.laguiadepamplona.com\\\/actualidad\\\/doble-sesion-de-teatro-familiar-en-euskera-este-sabado-en-civivox-iturrama-de-la-mano-de-producciones-maestras-y-martinaren-parke-fantastikoa\\\/\"]}]},{\"@type\":\"ImageObject\",\"inLanguage\":\"es\",\"@id\":\"https:\\\/\\\/www.laguiadepamplona.com\\\/actualidad\\\/doble-sesion-de-teatro-familiar-en-euskera-este-sabado-en-civivox-iturrama-de-la-mano-de-producciones-maestras-y-martinaren-parke-fantastikoa\\\/#primaryimage\",\"url\":\"https:\\\/\\\/www.laguiadepamplona.com\\\/actualidad\\\/wp-content\\\/uploads\\\/2018\\\/02\\\/producciones-maestras.jpg\",\"contentUrl\":\"https:\\\/\\\/www.laguiadepamplona.com\\\/actualidad\\\/wp-content\\\/uploads\\\/2018\\\/02\\\/producciones-maestras.jpg\",\"width\":1000,\"height\":563},{\"@type\":\"BreadcrumbList\",\"@id\":\"https:\\\/\\\/www.laguiadepamplona.com\\\/actualidad\\\/doble-sesion-de-teatro-familiar-en-euskera-este-sabado-en-civivox-iturrama-de-la-mano-de-producciones-maestras-y-martinaren-parke-fantastikoa\\\/#breadcrumb\",\"itemListElement\":[{\"@type\":\"ListItem\",\"position\":1,\"name\":\"Portada\",\"item\":\"https:\\\/\\\/www.laguiadepamplona.com\\\/actualidad\\\/\"},{\"@type\":\"ListItem\",\"position\":2,\"name\":\"Doble sesi\u00f3n de teatro familiar en euskera este s\u00e1bado en Civivox Iturrama de la mano de Producciones Maestras y \u201cMartinaren parke fantastikoa\u201d\"}]},{\"@type\":\"WebSite\",\"@id\":\"https:\\\/\\\/www.laguiadepamplona.com\\\/actualidad\\\/#website\",\"url\":\"https:\\\/\\\/www.laguiadepamplona.com\\\/actualidad\\\/\",\"name\":\"La gu\u00eda de Pamplona\",\"description\":\"Noticias de Pamplona\",\"publisher\":{\"@id\":\"https:\\\/\\\/www.laguiadepamplona.com\\\/actualidad\\\/#organization\"},\"potentialAction\":[{\"@type\":\"SearchAction\",\"target\":{\"@type\":\"EntryPoint\",\"urlTemplate\":\"https:\\\/\\\/www.laguiadepamplona.com\\\/actualidad\\\/?s={search_term_string}\"},\"query-input\":{\"@type\":\"PropertyValueSpecification\",\"valueRequired\":true,\"valueName\":\"search_term_string\"}}],\"inLanguage\":\"es\"},{\"@type\":\"Organization\",\"@id\":\"https:\\\/\\\/www.laguiadepamplona.com\\\/actualidad\\\/#organization\",\"name\":\"La Gu\u00eda de Pamplona \\\/ Noticias\",\"url\":\"https:\\\/\\\/www.laguiadepamplona.com\\\/actualidad\\\/\",\"logo\":{\"@type\":\"ImageObject\",\"inLanguage\":\"es\",\"@id\":\"https:\\\/\\\/www.laguiadepamplona.com\\\/actualidad\\\/#\\\/schema\\\/logo\\\/image\\\/\",\"url\":\"https:\\\/\\\/www.laguiadepamplona.com\\\/actualidad\\\/wp-content\\\/uploads\\\/2018\\\/11\\\/logo-laguiadepamplona18-web1.png\",\"contentUrl\":\"https:\\\/\\\/www.laguiadepamplona.com\\\/actualidad\\\/wp-content\\\/uploads\\\/2018\\\/11\\\/logo-laguiadepamplona18-web1.png\",\"width\":600,\"height\":196,\"caption\":\"La Gu\u00eda de Pamplona \\\/ Noticias\"},\"image\":{\"@id\":\"https:\\\/\\\/www.laguiadepamplona.com\\\/actualidad\\\/#\\\/schema\\\/logo\\\/image\\\/\"},\"sameAs\":[\"https:\\\/\\\/www.facebook.com\\\/laguiadepamplonacom-133175176762273\\\/?ref=hl\",\"https:\\\/\\\/x.com\\\/LaGuiadPamplona\",\"https:\\\/\\\/www.instagram.com\\\/la_guia_de_pamplona\\\/\",\"https:\\\/\\\/www.youtube.com\\\/user\\\/laguiadepamplona\"]},{\"@type\":\"Person\",\"@id\":\"https:\\\/\\\/www.laguiadepamplona.com\\\/actualidad\\\/#\\\/schema\\\/person\\\/efe887376f0213d4657c93adc50b1fdb\",\"name\":\"La Gu\u00eda de Pamplona\",\"image\":{\"@type\":\"ImageObject\",\"inLanguage\":\"es\",\"@id\":\"https:\\\/\\\/secure.gravatar.com\\\/avatar\\\/b6992f131dc8d30ab0dff15446e9d346d9dbd95992de0fef795073f5ea83a81c?s=96&d=mm&r=g\",\"url\":\"https:\\\/\\\/secure.gravatar.com\\\/avatar\\\/b6992f131dc8d30ab0dff15446e9d346d9dbd95992de0fef795073f5ea83a81c?s=96&d=mm&r=g\",\"contentUrl\":\"https:\\\/\\\/secure.gravatar.com\\\/avatar\\\/b6992f131dc8d30ab0dff15446e9d346d9dbd95992de0fef795073f5ea83a81c?s=96&d=mm&r=g\",\"caption\":\"La Gu\u00eda de Pamplona\"}}]}<\/script>\n<!-- \/ Yoast SEO plugin. -->","yoast_head_json":{"title":"Doble sesi\u00f3n de teatro familiar en euskera este s\u00e1bado en Civivox Iturrama de la mano de Producciones Maestras y \u201cMartinaren parke fantastikoa\u201d","robots":{"index":"index","follow":"follow","max-snippet":"max-snippet:-1","max-image-preview":"max-image-preview:large","max-video-preview":"max-video-preview:-1"},"canonical":"https:\/\/www.laguiadepamplona.com\/actualidad\/doble-sesion-de-teatro-familiar-en-euskera-este-sabado-en-civivox-iturrama-de-la-mano-de-producciones-maestras-y-martinaren-parke-fantastikoa\/","og_locale":"es_ES","og_type":"article","og_title":"Doble sesi\u00f3n de teatro familiar en euskera este s\u00e1bado en Civivox Iturrama de la mano de Producciones Maestras y \u201cMartinaren parke fantastikoa\u201d","og_description":"La actuaci\u00f3n, a las 12 y las 18 horas al precio de 3 euros, forma parte del ciclo Teatreves, un programa de exhibici\u00f3n de teatro profesional navarro","og_url":"https:\/\/www.laguiadepamplona.com\/actualidad\/doble-sesion-de-teatro-familiar-en-euskera-este-sabado-en-civivox-iturrama-de-la-mano-de-producciones-maestras-y-martinaren-parke-fantastikoa\/","og_site_name":"La Gu\u00eda de Pamplona","article_publisher":"https:\/\/www.facebook.com\/laguiadepamplonacom-133175176762273\/?ref=hl","article_published_time":"2018-02-15T12:22:08+00:00","og_image":[{"width":1000,"height":563,"url":"https:\/\/www.laguiadepamplona.com\/actualidad\/wp-content\/uploads\/2018\/02\/producciones-maestras.jpg","type":"image\/jpeg"}],"author":"La Gu\u00eda de Pamplona","twitter_card":"summary_large_image","twitter_creator":"@LaGuiadPamplona","twitter_site":"@LaGuiadPamplona","twitter_misc":{"Escrito por":"La Gu\u00eda de Pamplona","Tiempo de lectura":"4 minutos"},"schema":{"@context":"https:\/\/schema.org","@graph":[{"@type":"Article","@id":"https:\/\/www.laguiadepamplona.com\/actualidad\/doble-sesion-de-teatro-familiar-en-euskera-este-sabado-en-civivox-iturrama-de-la-mano-de-producciones-maestras-y-martinaren-parke-fantastikoa\/#article","isPartOf":{"@id":"https:\/\/www.laguiadepamplona.com\/actualidad\/doble-sesion-de-teatro-familiar-en-euskera-este-sabado-en-civivox-iturrama-de-la-mano-de-producciones-maestras-y-martinaren-parke-fantastikoa\/"},"author":{"name":"La Gu\u00eda de Pamplona","@id":"https:\/\/www.laguiadepamplona.com\/actualidad\/#\/schema\/person\/efe887376f0213d4657c93adc50b1fdb"},"headline":"Doble sesi\u00f3n de teatro familiar en euskera este s\u00e1bado en Civivox Iturrama de la mano de Producciones Maestras y \u201cMartinaren parke fantastikoa\u201d","datePublished":"2018-02-15T12:22:08+00:00","mainEntityOfPage":{"@id":"https:\/\/www.laguiadepamplona.com\/actualidad\/doble-sesion-de-teatro-familiar-en-euskera-este-sabado-en-civivox-iturrama-de-la-mano-de-producciones-maestras-y-martinaren-parke-fantastikoa\/"},"wordCount":825,"commentCount":0,"publisher":{"@id":"https:\/\/www.laguiadepamplona.com\/actualidad\/#organization"},"image":{"@id":"https:\/\/www.laguiadepamplona.com\/actualidad\/doble-sesion-de-teatro-familiar-en-euskera-este-sabado-en-civivox-iturrama-de-la-mano-de-producciones-maestras-y-martinaren-parke-fantastikoa\/#primaryimage"},"thumbnailUrl":"https:\/\/www.laguiadepamplona.com\/actualidad\/wp-content\/uploads\/2018\/02\/producciones-maestras.jpg","articleSection":["Ayto Pamplona"],"inLanguage":"es","potentialAction":[{"@type":"CommentAction","name":"Comment","target":["https:\/\/www.laguiadepamplona.com\/actualidad\/doble-sesion-de-teatro-familiar-en-euskera-este-sabado-en-civivox-iturrama-de-la-mano-de-producciones-maestras-y-martinaren-parke-fantastikoa\/#respond"]}]},{"@type":"WebPage","@id":"https:\/\/www.laguiadepamplona.com\/actualidad\/doble-sesion-de-teatro-familiar-en-euskera-este-sabado-en-civivox-iturrama-de-la-mano-de-producciones-maestras-y-martinaren-parke-fantastikoa\/","url":"https:\/\/www.laguiadepamplona.com\/actualidad\/doble-sesion-de-teatro-familiar-en-euskera-este-sabado-en-civivox-iturrama-de-la-mano-de-producciones-maestras-y-martinaren-parke-fantastikoa\/","name":"Doble sesi\u00f3n de teatro familiar en euskera este s\u00e1bado en Civivox Iturrama de la mano de Producciones Maestras y \u201cMartinaren parke fantastikoa\u201d","isPartOf":{"@id":"https:\/\/www.laguiadepamplona.com\/actualidad\/#website"},"primaryImageOfPage":{"@id":"https:\/\/www.laguiadepamplona.com\/actualidad\/doble-sesion-de-teatro-familiar-en-euskera-este-sabado-en-civivox-iturrama-de-la-mano-de-producciones-maestras-y-martinaren-parke-fantastikoa\/#primaryimage"},"image":{"@id":"https:\/\/www.laguiadepamplona.com\/actualidad\/doble-sesion-de-teatro-familiar-en-euskera-este-sabado-en-civivox-iturrama-de-la-mano-de-producciones-maestras-y-martinaren-parke-fantastikoa\/#primaryimage"},"thumbnailUrl":"https:\/\/www.laguiadepamplona.com\/actualidad\/wp-content\/uploads\/2018\/02\/producciones-maestras.jpg","datePublished":"2018-02-15T12:22:08+00:00","breadcrumb":{"@id":"https:\/\/www.laguiadepamplona.com\/actualidad\/doble-sesion-de-teatro-familiar-en-euskera-este-sabado-en-civivox-iturrama-de-la-mano-de-producciones-maestras-y-martinaren-parke-fantastikoa\/#breadcrumb"},"inLanguage":"es","potentialAction":[{"@type":"ReadAction","target":["https:\/\/www.laguiadepamplona.com\/actualidad\/doble-sesion-de-teatro-familiar-en-euskera-este-sabado-en-civivox-iturrama-de-la-mano-de-producciones-maestras-y-martinaren-parke-fantastikoa\/"]}]},{"@type":"ImageObject","inLanguage":"es","@id":"https:\/\/www.laguiadepamplona.com\/actualidad\/doble-sesion-de-teatro-familiar-en-euskera-este-sabado-en-civivox-iturrama-de-la-mano-de-producciones-maestras-y-martinaren-parke-fantastikoa\/#primaryimage","url":"https:\/\/www.laguiadepamplona.com\/actualidad\/wp-content\/uploads\/2018\/02\/producciones-maestras.jpg","contentUrl":"https:\/\/www.laguiadepamplona.com\/actualidad\/wp-content\/uploads\/2018\/02\/producciones-maestras.jpg","width":1000,"height":563},{"@type":"BreadcrumbList","@id":"https:\/\/www.laguiadepamplona.com\/actualidad\/doble-sesion-de-teatro-familiar-en-euskera-este-sabado-en-civivox-iturrama-de-la-mano-de-producciones-maestras-y-martinaren-parke-fantastikoa\/#breadcrumb","itemListElement":[{"@type":"ListItem","position":1,"name":"Portada","item":"https:\/\/www.laguiadepamplona.com\/actualidad\/"},{"@type":"ListItem","position":2,"name":"Doble sesi\u00f3n de teatro familiar en euskera este s\u00e1bado en Civivox Iturrama de la mano de Producciones Maestras y \u201cMartinaren parke fantastikoa\u201d"}]},{"@type":"WebSite","@id":"https:\/\/www.laguiadepamplona.com\/actualidad\/#website","url":"https:\/\/www.laguiadepamplona.com\/actualidad\/","name":"La gu\u00eda de Pamplona","description":"Noticias de Pamplona","publisher":{"@id":"https:\/\/www.laguiadepamplona.com\/actualidad\/#organization"},"potentialAction":[{"@type":"SearchAction","target":{"@type":"EntryPoint","urlTemplate":"https:\/\/www.laguiadepamplona.com\/actualidad\/?s={search_term_string}"},"query-input":{"@type":"PropertyValueSpecification","valueRequired":true,"valueName":"search_term_string"}}],"inLanguage":"es"},{"@type":"Organization","@id":"https:\/\/www.laguiadepamplona.com\/actualidad\/#organization","name":"La Gu\u00eda de Pamplona \/ Noticias","url":"https:\/\/www.laguiadepamplona.com\/actualidad\/","logo":{"@type":"ImageObject","inLanguage":"es","@id":"https:\/\/www.laguiadepamplona.com\/actualidad\/#\/schema\/logo\/image\/","url":"https:\/\/www.laguiadepamplona.com\/actualidad\/wp-content\/uploads\/2018\/11\/logo-laguiadepamplona18-web1.png","contentUrl":"https:\/\/www.laguiadepamplona.com\/actualidad\/wp-content\/uploads\/2018\/11\/logo-laguiadepamplona18-web1.png","width":600,"height":196,"caption":"La Gu\u00eda de Pamplona \/ Noticias"},"image":{"@id":"https:\/\/www.laguiadepamplona.com\/actualidad\/#\/schema\/logo\/image\/"},"sameAs":["https:\/\/www.facebook.com\/laguiadepamplonacom-133175176762273\/?ref=hl","https:\/\/x.com\/LaGuiadPamplona","https:\/\/www.instagram.com\/la_guia_de_pamplona\/","https:\/\/www.youtube.com\/user\/laguiadepamplona"]},{"@type":"Person","@id":"https:\/\/www.laguiadepamplona.com\/actualidad\/#\/schema\/person\/efe887376f0213d4657c93adc50b1fdb","name":"La Gu\u00eda de Pamplona","image":{"@type":"ImageObject","inLanguage":"es","@id":"https:\/\/secure.gravatar.com\/avatar\/b6992f131dc8d30ab0dff15446e9d346d9dbd95992de0fef795073f5ea83a81c?s=96&d=mm&r=g","url":"https:\/\/secure.gravatar.com\/avatar\/b6992f131dc8d30ab0dff15446e9d346d9dbd95992de0fef795073f5ea83a81c?s=96&d=mm&r=g","contentUrl":"https:\/\/secure.gravatar.com\/avatar\/b6992f131dc8d30ab0dff15446e9d346d9dbd95992de0fef795073f5ea83a81c?s=96&d=mm&r=g","caption":"La Gu\u00eda de Pamplona"}}]}},"post_mailing_queue_ids":[],"_links":{"self":[{"href":"https:\/\/www.laguiadepamplona.com\/actualidad\/wp-json\/wp\/v2\/posts\/16127","targetHints":{"allow":["GET"]}}],"collection":[{"href":"https:\/\/www.laguiadepamplona.com\/actualidad\/wp-json\/wp\/v2\/posts"}],"about":[{"href":"https:\/\/www.laguiadepamplona.com\/actualidad\/wp-json\/wp\/v2\/types\/post"}],"author":[{"embeddable":true,"href":"https:\/\/www.laguiadepamplona.com\/actualidad\/wp-json\/wp\/v2\/users\/1"}],"replies":[{"embeddable":true,"href":"https:\/\/www.laguiadepamplona.com\/actualidad\/wp-json\/wp\/v2\/comments?post=16127"}],"version-history":[{"count":0,"href":"https:\/\/www.laguiadepamplona.com\/actualidad\/wp-json\/wp\/v2\/posts\/16127\/revisions"}],"wp:featuredmedia":[{"embeddable":true,"href":"https:\/\/www.laguiadepamplona.com\/actualidad\/wp-json\/wp\/v2\/media\/16128"}],"wp:attachment":[{"href":"https:\/\/www.laguiadepamplona.com\/actualidad\/wp-json\/wp\/v2\/media?parent=16127"}],"wp:term":[{"taxonomy":"category","embeddable":true,"href":"https:\/\/www.laguiadepamplona.com\/actualidad\/wp-json\/wp\/v2\/categories?post=16127"},{"taxonomy":"post_tag","embeddable":true,"href":"https:\/\/www.laguiadepamplona.com\/actualidad\/wp-json\/wp\/v2\/tags?post=16127"}],"curies":[{"name":"wp","href":"https:\/\/api.w.org\/{rel}","templated":true}]}}