{"id":16121,"date":"2018-02-15T13:12:14","date_gmt":"2018-02-15T12:12:14","guid":{"rendered":"http:\/\/laguiadepamplona.es\/actualidad\/?p=16121"},"modified":"2018-02-15T13:12:14","modified_gmt":"2018-02-15T12:12:14","slug":"publicado-el-calendario-anual-de-las-oficinas-de-atencion-al-publico-y-los-registros-presenciales-del-ayuntamiento-de-pamplona","status":"publish","type":"post","link":"https:\/\/www.laguiadepamplona.com\/actualidad\/publicado-el-calendario-anual-de-las-oficinas-de-atencion-al-publico-y-los-registros-presenciales-del-ayuntamiento-de-pamplona\/","title":{"rendered":"Publicado el calendario anual de las oficinas de atenci\u00f3n al p\u00fablico y los registros presenciales del Ayuntamiento de Pamplona"},"content":{"rendered":"<p><!--more--><\/p>\n<p>Se ha publicado en el BON el calendario anual que rige en las oficinas de atenci\u00f3n al p\u00fablico y en los registros presenciales del Ayuntamiento de Pamplona; una determinaci\u00f3n establecida mediante una resoluci\u00f3n de la direcci\u00f3n de Recursos Humanos del Consistorio. De esta forma, y de cara a la atenci\u00f3n a la ciudadan\u00eda se consideraran festivos antes del verano en 2018 las jornadas de A\u00f1o Nuevo, Reyes, Jueves y Viernes Santo y lunes de Pascua, as\u00ed como el D\u00eda de los Trabajadores el 1 de mayo. Adem\u00e1s se mantendr\u00e1n cerradas las oficinas del 6 al 15 de julio por la combinaci\u00f3n de festivos y fines de semana. Ser\u00e1 festivo tambi\u00e9n el 15 de agosto. Tras el verano oficinas de atenci\u00f3n al p\u00fablico y registros no abrir\u00e1n el 12 de octubre, Todos los Santos, San Saturnino y las jornadas asociadas con el comienzo de diciembre: 3, 6 y 8. Tambi\u00e9n ser\u00e1 festivo el 25 de diciembre.<\/p>\n<p>Desde la entrada en vigor de la Ley 39\/15 de Procedimiento Administrativo Com\u00fan (articulo 30). \u201cSiempre que por Ley o en el Derecho de la Uni\u00f3n Europea no se exprese otro c\u00f3mputo, cuando los plazos se se\u00f1alen por d\u00edas, se entiende que \u00e9stos son h\u00e1biles, excluy\u00e9ndose del c\u00f3mputo los s\u00e1bados, los domingos y los declarados festivos\u201d. As\u00ed s\u00e1bados y domingos oficinas y registros tambi\u00e9n se mantendr\u00e1n cerrados, aunque el Ayuntamiento de Pamplona mantiene un registro electr\u00f3nico que da servicio 24 horas todos los d\u00edas de la semana al que se accede a trav\u00e9s de <a href=\"http:\/\/www.pamplona.es\/\" target=\"_blank\" rel=\"noopener\">www.pamplona.es<\/a>.<\/p>\n<p><strong>Los registros municipales: 57.000 entradas en 2017<\/strong><\/p>\n<p>Adem\u00e1s el Consistorio mantiene seis registros presenciales: un Registro General en el Palacio del Condestable y cinco registros auxiliares en la calle Eslava 1 (Casa Luna. Oficina de Rehabilitaci\u00f3n), calle Zapater\u00eda 40 (\u00e1rea de Econom\u00eda Local Sostenible), calle Descalzos 72 (\u00e1rea de Cultura y Educaci\u00f3n), calle Monasterio de Irache 2 (\u00e1rea de Seguridad Ciudadana y Convivencia) y avenida del Ej\u00e9rcito 2, 5\u00aa planta (\u00e1rea de Ciudad Habitable y Vivienda).. Seg\u00fan la resoluci\u00f3n estos registros estar\u00e1n abiertos al p\u00fablico de lunes a viernes en horario de 8.30 a 14.30 horas.<\/p>\n<p>Los registros del Consistorio reciben los escritos y documentos para la Administraci\u00f3n que entregan los ciudadanos o llegan por correo postal y validan su entrada (de lo que se entrega copia al interesado o, en su caso, recibo equivalente). Tambi\u00e9n realizan la autenticaci\u00f3n de copias de documentos privados y la compulsa de documentos p\u00fablicos, siempre que esas copias deban entregarse en procedimientos que se tramiten ante el Ayuntamiento de Pamplona y sus Organismos Aut\u00f3nomos.<\/p>\n<p>De las casi 57.000 entradas al registro, un 27%, es decir 15.140, se tramitaron en el Registro General, bien presencialmente bien por correo electr\u00f3nico u otros medios. Un 11%, 6.413, se hicieron a trav\u00e9s del registro electr\u00f3nico. El resto de tramitaciones, 35.337, un 62%, se llevaron a cabo en alguno de los cinco registros auxiliares.<\/p>\n<p><strong>Festivos en oficinas y registros seg\u00fan el calendario municipal<\/strong><\/p>\n<ul>\n<li>1 de enero: A\u00f1o Nuevo<\/li>\n<li>6 de enero: Epifan\u00eda del Se\u00f1or.<\/li>\n<li>29 de marzo: Jueves Santo.<\/li>\n<li>30 de marzo: Viernes Santo.<\/li>\n<li>2 de abril: Lunes de Pascua.<\/li>\n<li>1 de mayo: Fiesta del Trabajo.<\/li>\n<li>6, 9, 10, 11, 12 y 13 de julio: Fiestas de San Ferm\u00edn.<\/li>\n<li>15 de agosto: Asunci\u00f3n de la Virgen.<\/li>\n<li>12 de octubre: Fiesta Nacional de Espa\u00f1a.<\/li>\n<li>1 de noviembre: D\u00eda de todos los Santos.<\/li>\n<li>29 de noviembre: San Saturnino.<\/li>\n<li>3 de diciembre: San Francisco Javier<\/li>\n<li>6 de diciembre: D\u00eda de la Constituci\u00f3n.<\/li>\n<li>8 de diciembre: Inmaculada Concepci\u00f3n<\/li>\n<li>25 de diciembre: Navidad del Se\u00f1or<\/li>\n<li>As\u00ed como todos los s\u00e1bados, domingos y los d\u00edas declarados festivos para las oficinas municipales.<\/li>\n<\/ul>\n<p>&nbsp;<\/p>\n","protected":false},"excerpt":{"rendered":"","protected":false},"author":1,"featured_media":10979,"comment_status":"open","ping_status":"closed","sticky":false,"template":"","format":"standard","meta":{"footnotes":""},"categories":[2],"tags":[],"class_list":["post-16121","post","type-post","status-publish","format-standard","has-post-thumbnail","hentry","category-ayuntamiento-pamplona"],"yoast_head":"<!-- This site is optimized with the Yoast SEO plugin v27.5 - https:\/\/yoast.com\/product\/yoast-seo-wordpress\/ -->\n<title>Publicado el calendario anual de las oficinas de atenci\u00f3n al p\u00fablico y los registros presenciales del Ayuntamiento de Pamplona<\/title>\n<meta name=\"robots\" content=\"index, follow, max-snippet:-1, max-image-preview:large, max-video-preview:-1\" \/>\n<link rel=\"canonical\" href=\"https:\/\/www.laguiadepamplona.com\/actualidad\/publicado-el-calendario-anual-de-las-oficinas-de-atencion-al-publico-y-los-registros-presenciales-del-ayuntamiento-de-pamplona\/\" \/>\n<meta property=\"og:locale\" content=\"es_ES\" \/>\n<meta property=\"og:type\" content=\"article\" \/>\n<meta property=\"og:title\" content=\"Publicado el calendario anual de las oficinas de atenci\u00f3n al p\u00fablico y los registros presenciales del Ayuntamiento de Pamplona\" \/>\n<meta property=\"og:url\" content=\"https:\/\/www.laguiadepamplona.com\/actualidad\/publicado-el-calendario-anual-de-las-oficinas-de-atencion-al-publico-y-los-registros-presenciales-del-ayuntamiento-de-pamplona\/\" \/>\n<meta property=\"og:site_name\" content=\"La Gu\u00eda de Pamplona\" \/>\n<meta property=\"article:publisher\" content=\"https:\/\/www.facebook.com\/laguiadepamplonacom-133175176762273\/?ref=hl\" \/>\n<meta property=\"article:published_time\" content=\"2018-02-15T12:12:14+00:00\" \/>\n<meta property=\"og:image\" content=\"https:\/\/www.laguiadepamplona.com\/actualidad\/wp-content\/uploads\/2016\/11\/Ayto_Pamplona.jpg\" \/>\n\t<meta property=\"og:image:width\" content=\"900\" \/>\n\t<meta property=\"og:image:height\" content=\"675\" \/>\n\t<meta property=\"og:image:type\" content=\"image\/jpeg\" \/>\n<meta name=\"author\" content=\"La Gu\u00eda de Pamplona\" \/>\n<meta name=\"twitter:card\" content=\"summary_large_image\" \/>\n<meta name=\"twitter:creator\" content=\"@LaGuiadPamplona\" \/>\n<meta name=\"twitter:site\" content=\"@LaGuiadPamplona\" \/>\n<meta name=\"twitter:label1\" content=\"Escrito por\" \/>\n\t<meta name=\"twitter:data1\" content=\"La Gu\u00eda de Pamplona\" \/>\n\t<meta name=\"twitter:label2\" content=\"Tiempo de lectura\" \/>\n\t<meta name=\"twitter:data2\" content=\"3 minutos\" \/>\n<script type=\"application\/ld+json\" class=\"yoast-schema-graph\">{\"@context\":\"https:\\\/\\\/schema.org\",\"@graph\":[{\"@type\":\"Article\",\"@id\":\"https:\\\/\\\/www.laguiadepamplona.com\\\/actualidad\\\/publicado-el-calendario-anual-de-las-oficinas-de-atencion-al-publico-y-los-registros-presenciales-del-ayuntamiento-de-pamplona\\\/#article\",\"isPartOf\":{\"@id\":\"https:\\\/\\\/www.laguiadepamplona.com\\\/actualidad\\\/publicado-el-calendario-anual-de-las-oficinas-de-atencion-al-publico-y-los-registros-presenciales-del-ayuntamiento-de-pamplona\\\/\"},\"author\":{\"name\":\"La Gu\u00eda de Pamplona\",\"@id\":\"https:\\\/\\\/www.laguiadepamplona.com\\\/actualidad\\\/#\\\/schema\\\/person\\\/efe887376f0213d4657c93adc50b1fdb\"},\"headline\":\"Publicado el calendario anual de las oficinas de atenci\u00f3n al p\u00fablico y los registros presenciales del Ayuntamiento de Pamplona\",\"datePublished\":\"2018-02-15T12:12:14+00:00\",\"mainEntityOfPage\":{\"@id\":\"https:\\\/\\\/www.laguiadepamplona.com\\\/actualidad\\\/publicado-el-calendario-anual-de-las-oficinas-de-atencion-al-publico-y-los-registros-presenciales-del-ayuntamiento-de-pamplona\\\/\"},\"wordCount\":634,\"commentCount\":0,\"publisher\":{\"@id\":\"https:\\\/\\\/www.laguiadepamplona.com\\\/actualidad\\\/#organization\"},\"image\":{\"@id\":\"https:\\\/\\\/www.laguiadepamplona.com\\\/actualidad\\\/publicado-el-calendario-anual-de-las-oficinas-de-atencion-al-publico-y-los-registros-presenciales-del-ayuntamiento-de-pamplona\\\/#primaryimage\"},\"thumbnailUrl\":\"https:\\\/\\\/www.laguiadepamplona.com\\\/actualidad\\\/wp-content\\\/uploads\\\/2016\\\/11\\\/Ayto_Pamplona.jpg\",\"articleSection\":[\"Ayto Pamplona\"],\"inLanguage\":\"es\",\"potentialAction\":[{\"@type\":\"CommentAction\",\"name\":\"Comment\",\"target\":[\"https:\\\/\\\/www.laguiadepamplona.com\\\/actualidad\\\/publicado-el-calendario-anual-de-las-oficinas-de-atencion-al-publico-y-los-registros-presenciales-del-ayuntamiento-de-pamplona\\\/#respond\"]}]},{\"@type\":\"WebPage\",\"@id\":\"https:\\\/\\\/www.laguiadepamplona.com\\\/actualidad\\\/publicado-el-calendario-anual-de-las-oficinas-de-atencion-al-publico-y-los-registros-presenciales-del-ayuntamiento-de-pamplona\\\/\",\"url\":\"https:\\\/\\\/www.laguiadepamplona.com\\\/actualidad\\\/publicado-el-calendario-anual-de-las-oficinas-de-atencion-al-publico-y-los-registros-presenciales-del-ayuntamiento-de-pamplona\\\/\",\"name\":\"Publicado el calendario anual de las oficinas de atenci\u00f3n al p\u00fablico y los registros presenciales del Ayuntamiento de Pamplona\",\"isPartOf\":{\"@id\":\"https:\\\/\\\/www.laguiadepamplona.com\\\/actualidad\\\/#website\"},\"primaryImageOfPage\":{\"@id\":\"https:\\\/\\\/www.laguiadepamplona.com\\\/actualidad\\\/publicado-el-calendario-anual-de-las-oficinas-de-atencion-al-publico-y-los-registros-presenciales-del-ayuntamiento-de-pamplona\\\/#primaryimage\"},\"image\":{\"@id\":\"https:\\\/\\\/www.laguiadepamplona.com\\\/actualidad\\\/publicado-el-calendario-anual-de-las-oficinas-de-atencion-al-publico-y-los-registros-presenciales-del-ayuntamiento-de-pamplona\\\/#primaryimage\"},\"thumbnailUrl\":\"https:\\\/\\\/www.laguiadepamplona.com\\\/actualidad\\\/wp-content\\\/uploads\\\/2016\\\/11\\\/Ayto_Pamplona.jpg\",\"datePublished\":\"2018-02-15T12:12:14+00:00\",\"breadcrumb\":{\"@id\":\"https:\\\/\\\/www.laguiadepamplona.com\\\/actualidad\\\/publicado-el-calendario-anual-de-las-oficinas-de-atencion-al-publico-y-los-registros-presenciales-del-ayuntamiento-de-pamplona\\\/#breadcrumb\"},\"inLanguage\":\"es\",\"potentialAction\":[{\"@type\":\"ReadAction\",\"target\":[\"https:\\\/\\\/www.laguiadepamplona.com\\\/actualidad\\\/publicado-el-calendario-anual-de-las-oficinas-de-atencion-al-publico-y-los-registros-presenciales-del-ayuntamiento-de-pamplona\\\/\"]}]},{\"@type\":\"ImageObject\",\"inLanguage\":\"es\",\"@id\":\"https:\\\/\\\/www.laguiadepamplona.com\\\/actualidad\\\/publicado-el-calendario-anual-de-las-oficinas-de-atencion-al-publico-y-los-registros-presenciales-del-ayuntamiento-de-pamplona\\\/#primaryimage\",\"url\":\"https:\\\/\\\/www.laguiadepamplona.com\\\/actualidad\\\/wp-content\\\/uploads\\\/2016\\\/11\\\/Ayto_Pamplona.jpg\",\"contentUrl\":\"https:\\\/\\\/www.laguiadepamplona.com\\\/actualidad\\\/wp-content\\\/uploads\\\/2016\\\/11\\\/Ayto_Pamplona.jpg\",\"width\":900,\"height\":675},{\"@type\":\"BreadcrumbList\",\"@id\":\"https:\\\/\\\/www.laguiadepamplona.com\\\/actualidad\\\/publicado-el-calendario-anual-de-las-oficinas-de-atencion-al-publico-y-los-registros-presenciales-del-ayuntamiento-de-pamplona\\\/#breadcrumb\",\"itemListElement\":[{\"@type\":\"ListItem\",\"position\":1,\"name\":\"Portada\",\"item\":\"https:\\\/\\\/www.laguiadepamplona.com\\\/actualidad\\\/\"},{\"@type\":\"ListItem\",\"position\":2,\"name\":\"Publicado el calendario anual de las oficinas de atenci\u00f3n al p\u00fablico y los registros presenciales del Ayuntamiento de Pamplona\"}]},{\"@type\":\"WebSite\",\"@id\":\"https:\\\/\\\/www.laguiadepamplona.com\\\/actualidad\\\/#website\",\"url\":\"https:\\\/\\\/www.laguiadepamplona.com\\\/actualidad\\\/\",\"name\":\"La gu\u00eda de Pamplona\",\"description\":\"Noticias de Pamplona\",\"publisher\":{\"@id\":\"https:\\\/\\\/www.laguiadepamplona.com\\\/actualidad\\\/#organization\"},\"potentialAction\":[{\"@type\":\"SearchAction\",\"target\":{\"@type\":\"EntryPoint\",\"urlTemplate\":\"https:\\\/\\\/www.laguiadepamplona.com\\\/actualidad\\\/?s={search_term_string}\"},\"query-input\":{\"@type\":\"PropertyValueSpecification\",\"valueRequired\":true,\"valueName\":\"search_term_string\"}}],\"inLanguage\":\"es\"},{\"@type\":\"Organization\",\"@id\":\"https:\\\/\\\/www.laguiadepamplona.com\\\/actualidad\\\/#organization\",\"name\":\"La Gu\u00eda de Pamplona \\\/ Noticias\",\"url\":\"https:\\\/\\\/www.laguiadepamplona.com\\\/actualidad\\\/\",\"logo\":{\"@type\":\"ImageObject\",\"inLanguage\":\"es\",\"@id\":\"https:\\\/\\\/www.laguiadepamplona.com\\\/actualidad\\\/#\\\/schema\\\/logo\\\/image\\\/\",\"url\":\"https:\\\/\\\/www.laguiadepamplona.com\\\/actualidad\\\/wp-content\\\/uploads\\\/2018\\\/11\\\/logo-laguiadepamplona18-web1.png\",\"contentUrl\":\"https:\\\/\\\/www.laguiadepamplona.com\\\/actualidad\\\/wp-content\\\/uploads\\\/2018\\\/11\\\/logo-laguiadepamplona18-web1.png\",\"width\":600,\"height\":196,\"caption\":\"La Gu\u00eda de Pamplona \\\/ Noticias\"},\"image\":{\"@id\":\"https:\\\/\\\/www.laguiadepamplona.com\\\/actualidad\\\/#\\\/schema\\\/logo\\\/image\\\/\"},\"sameAs\":[\"https:\\\/\\\/www.facebook.com\\\/laguiadepamplonacom-133175176762273\\\/?ref=hl\",\"https:\\\/\\\/x.com\\\/LaGuiadPamplona\",\"https:\\\/\\\/www.instagram.com\\\/la_guia_de_pamplona\\\/\",\"https:\\\/\\\/www.youtube.com\\\/user\\\/laguiadepamplona\"]},{\"@type\":\"Person\",\"@id\":\"https:\\\/\\\/www.laguiadepamplona.com\\\/actualidad\\\/#\\\/schema\\\/person\\\/efe887376f0213d4657c93adc50b1fdb\",\"name\":\"La Gu\u00eda de Pamplona\",\"image\":{\"@type\":\"ImageObject\",\"inLanguage\":\"es\",\"@id\":\"https:\\\/\\\/secure.gravatar.com\\\/avatar\\\/b6992f131dc8d30ab0dff15446e9d346d9dbd95992de0fef795073f5ea83a81c?s=96&d=mm&r=g\",\"url\":\"https:\\\/\\\/secure.gravatar.com\\\/avatar\\\/b6992f131dc8d30ab0dff15446e9d346d9dbd95992de0fef795073f5ea83a81c?s=96&d=mm&r=g\",\"contentUrl\":\"https:\\\/\\\/secure.gravatar.com\\\/avatar\\\/b6992f131dc8d30ab0dff15446e9d346d9dbd95992de0fef795073f5ea83a81c?s=96&d=mm&r=g\",\"caption\":\"La Gu\u00eda de Pamplona\"}}]}<\/script>\n<!-- \/ Yoast SEO plugin. -->","yoast_head_json":{"title":"Publicado el calendario anual de las oficinas de atenci\u00f3n al p\u00fablico y los registros presenciales del Ayuntamiento de Pamplona","robots":{"index":"index","follow":"follow","max-snippet":"max-snippet:-1","max-image-preview":"max-image-preview:large","max-video-preview":"max-video-preview:-1"},"canonical":"https:\/\/www.laguiadepamplona.com\/actualidad\/publicado-el-calendario-anual-de-las-oficinas-de-atencion-al-publico-y-los-registros-presenciales-del-ayuntamiento-de-pamplona\/","og_locale":"es_ES","og_type":"article","og_title":"Publicado el calendario anual de las oficinas de atenci\u00f3n al p\u00fablico y los registros presenciales del Ayuntamiento de Pamplona","og_url":"https:\/\/www.laguiadepamplona.com\/actualidad\/publicado-el-calendario-anual-de-las-oficinas-de-atencion-al-publico-y-los-registros-presenciales-del-ayuntamiento-de-pamplona\/","og_site_name":"La Gu\u00eda de Pamplona","article_publisher":"https:\/\/www.facebook.com\/laguiadepamplonacom-133175176762273\/?ref=hl","article_published_time":"2018-02-15T12:12:14+00:00","og_image":[{"width":900,"height":675,"url":"https:\/\/www.laguiadepamplona.com\/actualidad\/wp-content\/uploads\/2016\/11\/Ayto_Pamplona.jpg","type":"image\/jpeg"}],"author":"La Gu\u00eda de Pamplona","twitter_card":"summary_large_image","twitter_creator":"@LaGuiadPamplona","twitter_site":"@LaGuiadPamplona","twitter_misc":{"Escrito por":"La Gu\u00eda de Pamplona","Tiempo de lectura":"3 minutos"},"schema":{"@context":"https:\/\/schema.org","@graph":[{"@type":"Article","@id":"https:\/\/www.laguiadepamplona.com\/actualidad\/publicado-el-calendario-anual-de-las-oficinas-de-atencion-al-publico-y-los-registros-presenciales-del-ayuntamiento-de-pamplona\/#article","isPartOf":{"@id":"https:\/\/www.laguiadepamplona.com\/actualidad\/publicado-el-calendario-anual-de-las-oficinas-de-atencion-al-publico-y-los-registros-presenciales-del-ayuntamiento-de-pamplona\/"},"author":{"name":"La Gu\u00eda de Pamplona","@id":"https:\/\/www.laguiadepamplona.com\/actualidad\/#\/schema\/person\/efe887376f0213d4657c93adc50b1fdb"},"headline":"Publicado el calendario anual de las oficinas de atenci\u00f3n al p\u00fablico y los registros presenciales del Ayuntamiento de Pamplona","datePublished":"2018-02-15T12:12:14+00:00","mainEntityOfPage":{"@id":"https:\/\/www.laguiadepamplona.com\/actualidad\/publicado-el-calendario-anual-de-las-oficinas-de-atencion-al-publico-y-los-registros-presenciales-del-ayuntamiento-de-pamplona\/"},"wordCount":634,"commentCount":0,"publisher":{"@id":"https:\/\/www.laguiadepamplona.com\/actualidad\/#organization"},"image":{"@id":"https:\/\/www.laguiadepamplona.com\/actualidad\/publicado-el-calendario-anual-de-las-oficinas-de-atencion-al-publico-y-los-registros-presenciales-del-ayuntamiento-de-pamplona\/#primaryimage"},"thumbnailUrl":"https:\/\/www.laguiadepamplona.com\/actualidad\/wp-content\/uploads\/2016\/11\/Ayto_Pamplona.jpg","articleSection":["Ayto Pamplona"],"inLanguage":"es","potentialAction":[{"@type":"CommentAction","name":"Comment","target":["https:\/\/www.laguiadepamplona.com\/actualidad\/publicado-el-calendario-anual-de-las-oficinas-de-atencion-al-publico-y-los-registros-presenciales-del-ayuntamiento-de-pamplona\/#respond"]}]},{"@type":"WebPage","@id":"https:\/\/www.laguiadepamplona.com\/actualidad\/publicado-el-calendario-anual-de-las-oficinas-de-atencion-al-publico-y-los-registros-presenciales-del-ayuntamiento-de-pamplona\/","url":"https:\/\/www.laguiadepamplona.com\/actualidad\/publicado-el-calendario-anual-de-las-oficinas-de-atencion-al-publico-y-los-registros-presenciales-del-ayuntamiento-de-pamplona\/","name":"Publicado el calendario anual de las oficinas de atenci\u00f3n al p\u00fablico y los registros presenciales del Ayuntamiento de Pamplona","isPartOf":{"@id":"https:\/\/www.laguiadepamplona.com\/actualidad\/#website"},"primaryImageOfPage":{"@id":"https:\/\/www.laguiadepamplona.com\/actualidad\/publicado-el-calendario-anual-de-las-oficinas-de-atencion-al-publico-y-los-registros-presenciales-del-ayuntamiento-de-pamplona\/#primaryimage"},"image":{"@id":"https:\/\/www.laguiadepamplona.com\/actualidad\/publicado-el-calendario-anual-de-las-oficinas-de-atencion-al-publico-y-los-registros-presenciales-del-ayuntamiento-de-pamplona\/#primaryimage"},"thumbnailUrl":"https:\/\/www.laguiadepamplona.com\/actualidad\/wp-content\/uploads\/2016\/11\/Ayto_Pamplona.jpg","datePublished":"2018-02-15T12:12:14+00:00","breadcrumb":{"@id":"https:\/\/www.laguiadepamplona.com\/actualidad\/publicado-el-calendario-anual-de-las-oficinas-de-atencion-al-publico-y-los-registros-presenciales-del-ayuntamiento-de-pamplona\/#breadcrumb"},"inLanguage":"es","potentialAction":[{"@type":"ReadAction","target":["https:\/\/www.laguiadepamplona.com\/actualidad\/publicado-el-calendario-anual-de-las-oficinas-de-atencion-al-publico-y-los-registros-presenciales-del-ayuntamiento-de-pamplona\/"]}]},{"@type":"ImageObject","inLanguage":"es","@id":"https:\/\/www.laguiadepamplona.com\/actualidad\/publicado-el-calendario-anual-de-las-oficinas-de-atencion-al-publico-y-los-registros-presenciales-del-ayuntamiento-de-pamplona\/#primaryimage","url":"https:\/\/www.laguiadepamplona.com\/actualidad\/wp-content\/uploads\/2016\/11\/Ayto_Pamplona.jpg","contentUrl":"https:\/\/www.laguiadepamplona.com\/actualidad\/wp-content\/uploads\/2016\/11\/Ayto_Pamplona.jpg","width":900,"height":675},{"@type":"BreadcrumbList","@id":"https:\/\/www.laguiadepamplona.com\/actualidad\/publicado-el-calendario-anual-de-las-oficinas-de-atencion-al-publico-y-los-registros-presenciales-del-ayuntamiento-de-pamplona\/#breadcrumb","itemListElement":[{"@type":"ListItem","position":1,"name":"Portada","item":"https:\/\/www.laguiadepamplona.com\/actualidad\/"},{"@type":"ListItem","position":2,"name":"Publicado el calendario anual de las oficinas de atenci\u00f3n al p\u00fablico y los registros presenciales del Ayuntamiento de Pamplona"}]},{"@type":"WebSite","@id":"https:\/\/www.laguiadepamplona.com\/actualidad\/#website","url":"https:\/\/www.laguiadepamplona.com\/actualidad\/","name":"La gu\u00eda de Pamplona","description":"Noticias de Pamplona","publisher":{"@id":"https:\/\/www.laguiadepamplona.com\/actualidad\/#organization"},"potentialAction":[{"@type":"SearchAction","target":{"@type":"EntryPoint","urlTemplate":"https:\/\/www.laguiadepamplona.com\/actualidad\/?s={search_term_string}"},"query-input":{"@type":"PropertyValueSpecification","valueRequired":true,"valueName":"search_term_string"}}],"inLanguage":"es"},{"@type":"Organization","@id":"https:\/\/www.laguiadepamplona.com\/actualidad\/#organization","name":"La Gu\u00eda de Pamplona \/ Noticias","url":"https:\/\/www.laguiadepamplona.com\/actualidad\/","logo":{"@type":"ImageObject","inLanguage":"es","@id":"https:\/\/www.laguiadepamplona.com\/actualidad\/#\/schema\/logo\/image\/","url":"https:\/\/www.laguiadepamplona.com\/actualidad\/wp-content\/uploads\/2018\/11\/logo-laguiadepamplona18-web1.png","contentUrl":"https:\/\/www.laguiadepamplona.com\/actualidad\/wp-content\/uploads\/2018\/11\/logo-laguiadepamplona18-web1.png","width":600,"height":196,"caption":"La Gu\u00eda de Pamplona \/ Noticias"},"image":{"@id":"https:\/\/www.laguiadepamplona.com\/actualidad\/#\/schema\/logo\/image\/"},"sameAs":["https:\/\/www.facebook.com\/laguiadepamplonacom-133175176762273\/?ref=hl","https:\/\/x.com\/LaGuiadPamplona","https:\/\/www.instagram.com\/la_guia_de_pamplona\/","https:\/\/www.youtube.com\/user\/laguiadepamplona"]},{"@type":"Person","@id":"https:\/\/www.laguiadepamplona.com\/actualidad\/#\/schema\/person\/efe887376f0213d4657c93adc50b1fdb","name":"La Gu\u00eda de Pamplona","image":{"@type":"ImageObject","inLanguage":"es","@id":"https:\/\/secure.gravatar.com\/avatar\/b6992f131dc8d30ab0dff15446e9d346d9dbd95992de0fef795073f5ea83a81c?s=96&d=mm&r=g","url":"https:\/\/secure.gravatar.com\/avatar\/b6992f131dc8d30ab0dff15446e9d346d9dbd95992de0fef795073f5ea83a81c?s=96&d=mm&r=g","contentUrl":"https:\/\/secure.gravatar.com\/avatar\/b6992f131dc8d30ab0dff15446e9d346d9dbd95992de0fef795073f5ea83a81c?s=96&d=mm&r=g","caption":"La Gu\u00eda de Pamplona"}}]}},"post_mailing_queue_ids":[],"_links":{"self":[{"href":"https:\/\/www.laguiadepamplona.com\/actualidad\/wp-json\/wp\/v2\/posts\/16121","targetHints":{"allow":["GET"]}}],"collection":[{"href":"https:\/\/www.laguiadepamplona.com\/actualidad\/wp-json\/wp\/v2\/posts"}],"about":[{"href":"https:\/\/www.laguiadepamplona.com\/actualidad\/wp-json\/wp\/v2\/types\/post"}],"author":[{"embeddable":true,"href":"https:\/\/www.laguiadepamplona.com\/actualidad\/wp-json\/wp\/v2\/users\/1"}],"replies":[{"embeddable":true,"href":"https:\/\/www.laguiadepamplona.com\/actualidad\/wp-json\/wp\/v2\/comments?post=16121"}],"version-history":[{"count":0,"href":"https:\/\/www.laguiadepamplona.com\/actualidad\/wp-json\/wp\/v2\/posts\/16121\/revisions"}],"wp:featuredmedia":[{"embeddable":true,"href":"https:\/\/www.laguiadepamplona.com\/actualidad\/wp-json\/wp\/v2\/media\/10979"}],"wp:attachment":[{"href":"https:\/\/www.laguiadepamplona.com\/actualidad\/wp-json\/wp\/v2\/media?parent=16121"}],"wp:term":[{"taxonomy":"category","embeddable":true,"href":"https:\/\/www.laguiadepamplona.com\/actualidad\/wp-json\/wp\/v2\/categories?post=16121"},{"taxonomy":"post_tag","embeddable":true,"href":"https:\/\/www.laguiadepamplona.com\/actualidad\/wp-json\/wp\/v2\/tags?post=16121"}],"curies":[{"name":"wp","href":"https:\/\/api.w.org\/{rel}","templated":true}]}}