{"id":16110,"date":"2018-02-14T11:37:35","date_gmt":"2018-02-14T10:37:35","guid":{"rendered":"http:\/\/laguiadepamplona.es\/actualidad\/?p=16110"},"modified":"2018-02-14T11:37:35","modified_gmt":"2018-02-14T10:37:35","slug":"los-bertsolaris-amets-arzallus-y-julio-soto-actuan-este-jueves-en-el-museo-de-educacion-ambiental-en-el-marco-de-una-exposicion-sobre-espeleologia-en-los-pirineos","status":"publish","type":"post","link":"https:\/\/www.laguiadepamplona.com\/actualidad\/los-bertsolaris-amets-arzallus-y-julio-soto-actuan-este-jueves-en-el-museo-de-educacion-ambiental-en-el-marco-de-una-exposicion-sobre-espeleologia-en-los-pirineos\/","title":{"rendered":"Los bertsolaris Amets Arzallus y Julio Soto act\u00faan este jueves en el Museo de Educaci\u00f3n Ambiental en el marco de una exposici\u00f3n sobre espeleolog\u00eda en los Pirineos"},"content":{"rendered":"<h3>Ma\u00f1ana jueves se celebrar\u00e1 una sesi\u00f3n del Bizitxoko, un espacio para compartir conocimientos sobre arreglo de bicicletas<\/h3>\n<p><!--more--><\/p>\n<p>El Museo de Educaci\u00f3n Ambiental acoge ma\u00f1ana jueves una actuaci\u00f3n de bertsolaris enmarcada en la exposici\u00f3n sobre la expedici\u00f3n a las entra\u00f1as del Pirineo y una sesi\u00f3n del Bizitxoko, un espacio para compartir conocimiento sobre la bicicleta. Ambas tienen la entrada libre y tendr\u00e1n lugar a las 18.30 y 18 horas, respectivamente.<\/p>\n<p>La actuaci\u00f3n de bertsolaris correr\u00e1 a cargo de Amets Arzallus y Julio Soto, que han colaborado en la exposici\u00f3n, que tambi\u00e9n acoge el museo, sobre la sima de las Puertas de Ilamina (BU 56) ubicada en el Pirineo. Una manera diferente de presentar la muestra fotogr\u00e1fica combinando arte, poes\u00eda y ciencia. Amets Arzallus gan\u00f3 el Campeonato de Bertsolaris de Euskal Herria de 2013 y Julio Soto, por su parte, gan\u00f3 el \u00faltimo Campeonato de Bertsolaris de Navarra.<\/p>\n<p>La muestra itinerante \u2018Expedici\u00f3n a las entra\u00f1as del Pirineo\u2019, que ya se ha podido ver en Roncal y Elorrio. El grupo Satorrak, creado en 1974 y dedicado a la exploraci\u00f3n cient\u00edfica y a la pr\u00e1ctica deportiva de la espeleolog\u00eda, ha preparado una exposici\u00f3n fotogr\u00e1fica que narra cinco a\u00f1os de exploraci\u00f3n de un rinc\u00f3n de las entra\u00f1as del Pirineo: la sima de las Puertas de Ilamina. Esta cavidad, catalogada como BU 56, con sus 1.385 metros de desnivel es una de las simas m\u00e1s profundas del mundo. Su exploraci\u00f3n ha exigido la participaci\u00f3n de decenas de espele\u00f3logos de varios pa\u00edses y asociaciones. Los espele\u00f3logos suelen pasar varios d\u00edas en el interior de la cavidad, explorando, pero tambi\u00e9n durmiendo, cocinando y pasando jornadas enteras bajo tierra. La humedad y las bajas temperaturas imperantes en el interior de la cueva hacen de esta exploraci\u00f3n una dura prueba. Desde 2013 se persigue el doble objetivo de exploraci\u00f3n y elaboraci\u00f3n de un mapa tridimensional desde su boca de entrada.<\/p>\n<p>Ma\u00f1ana jueves tendr\u00e1 lugar, de 18 a 20 horas, una iniciativa que bajo el nombre de \u2018Bizitxoko\u2019 pretende crear un espacio para compartir conocimientos y buenos ratos. Habr\u00e1 reuniones una vez al mes. Ese espacio nace para compartir experiencias sobre el arreglo de bicis y para disfrutar mientras se pone a punto o se ayuda a otras personas. La sesi\u00f3n contar\u00e1 con la presencia de Juanjo Iriarte, experto en reparaci\u00f3n de bicis, que acompa\u00f1ar\u00e1 y asesorar\u00e1 a las personas que se acerquen al Bizitxoko. La entrada es libre y no se requiere inscripci\u00f3n previa.<\/p>\n<p>&nbsp;<\/p>\n<p><strong>Museo de Educaci\u00f3n Ambiental<\/strong><\/p>\n<ul>\n<li>TALLER\n<ul>\n<li>Jueves 15 de febrero, de 18 a 20 horas<\/li>\n<li>Bizitxoko: espacio para compartir conocimientos y buenos ratos<\/li>\n<li>Entrada libre sin inscripci\u00f3n<\/li>\n<\/ul>\n<\/li>\n<li>ACTUACI\u00d3N DE BERTSOLARIS (EN EUSKERA)\n<ul>\n<li>Jueves 15 de febrero, a las 18.30 horas<\/li>\n<li>Presentaci\u00f3n de la exposici\u00f3n \u2018Expedici\u00f3n a las entra\u00f1as del Pirineo\u2019<\/li>\n<li>Bertsolaris: Amets Arzallus y Julio Soto<\/li>\n<\/ul>\n<\/li>\n<li>EXPOSICI\u00d3N \u2018EXPEDICI\u00d3N A LAS ENTRA\u00d1AS DEL PIRINEO\u2019\n<ul>\n<li>Del 13 al 28 de febrero<\/li>\n<\/ul>\n<\/li>\n<\/ul>\n<p>&nbsp;<\/p>\n","protected":false},"excerpt":{"rendered":"<p>Ma\u00f1ana jueves se celebrar\u00e1 una sesi\u00f3n del Bizitxoko, un espacio para compartir conocimientos sobre arreglo de bicicletas<\/p>\n","protected":false},"author":1,"featured_media":11091,"comment_status":"open","ping_status":"closed","sticky":false,"template":"","format":"standard","meta":{"footnotes":""},"categories":[2],"tags":[],"class_list":["post-16110","post","type-post","status-publish","format-standard","has-post-thumbnail","hentry","category-ayuntamiento-pamplona"],"yoast_head":"<!-- This site is optimized with the Yoast SEO plugin v27.3 - https:\/\/yoast.com\/product\/yoast-seo-wordpress\/ -->\n<title>Los bertsolaris Amets Arzallus y Julio Soto act\u00faan este jueves en el Museo de Educaci\u00f3n Ambiental en el marco de una exposici\u00f3n sobre espeleolog\u00eda en los Pirineos<\/title>\n<meta name=\"robots\" content=\"index, follow, max-snippet:-1, max-image-preview:large, max-video-preview:-1\" \/>\n<link rel=\"canonical\" href=\"https:\/\/www.laguiadepamplona.com\/actualidad\/los-bertsolaris-amets-arzallus-y-julio-soto-actuan-este-jueves-en-el-museo-de-educacion-ambiental-en-el-marco-de-una-exposicion-sobre-espeleologia-en-los-pirineos\/\" \/>\n<meta property=\"og:locale\" content=\"es_ES\" \/>\n<meta property=\"og:type\" content=\"article\" \/>\n<meta property=\"og:title\" content=\"Los bertsolaris Amets Arzallus y Julio Soto act\u00faan este jueves en el Museo de Educaci\u00f3n Ambiental en el marco de una exposici\u00f3n sobre espeleolog\u00eda en los Pirineos\" \/>\n<meta property=\"og:description\" content=\"Ma\u00f1ana jueves se celebrar\u00e1 una sesi\u00f3n del Bizitxoko, un espacio para compartir conocimientos sobre arreglo de bicicletas\" \/>\n<meta property=\"og:url\" content=\"https:\/\/www.laguiadepamplona.com\/actualidad\/los-bertsolaris-amets-arzallus-y-julio-soto-actuan-este-jueves-en-el-museo-de-educacion-ambiental-en-el-marco-de-una-exposicion-sobre-espeleologia-en-los-pirineos\/\" \/>\n<meta property=\"og:site_name\" content=\"La Gu\u00eda de Pamplona\" \/>\n<meta property=\"article:publisher\" content=\"https:\/\/www.facebook.com\/laguiadepamplonacom-133175176762273\/?ref=hl\" \/>\n<meta property=\"article:published_time\" content=\"2018-02-14T10:37:35+00:00\" \/>\n<meta property=\"og:image\" content=\"https:\/\/www.laguiadepamplona.com\/actualidad\/wp-content\/uploads\/2016\/12\/Bertsoaroa-2014.jpg\" \/>\n\t<meta property=\"og:image:width\" content=\"800\" \/>\n\t<meta property=\"og:image:height\" content=\"532\" \/>\n\t<meta property=\"og:image:type\" content=\"image\/jpeg\" \/>\n<meta name=\"author\" content=\"La Gu\u00eda de Pamplona\" \/>\n<meta name=\"twitter:card\" content=\"summary_large_image\" \/>\n<meta name=\"twitter:creator\" content=\"@LaGuiadPamplona\" \/>\n<meta name=\"twitter:site\" content=\"@LaGuiadPamplona\" \/>\n<meta name=\"twitter:label1\" content=\"Escrito por\" \/>\n\t<meta name=\"twitter:data1\" content=\"La Gu\u00eda de Pamplona\" \/>\n\t<meta name=\"twitter:label2\" content=\"Tiempo de lectura\" \/>\n\t<meta name=\"twitter:data2\" content=\"3 minutos\" \/>\n<script type=\"application\/ld+json\" class=\"yoast-schema-graph\">{\"@context\":\"https:\\\/\\\/schema.org\",\"@graph\":[{\"@type\":\"Article\",\"@id\":\"https:\\\/\\\/www.laguiadepamplona.com\\\/actualidad\\\/los-bertsolaris-amets-arzallus-y-julio-soto-actuan-este-jueves-en-el-museo-de-educacion-ambiental-en-el-marco-de-una-exposicion-sobre-espeleologia-en-los-pirineos\\\/#article\",\"isPartOf\":{\"@id\":\"https:\\\/\\\/www.laguiadepamplona.com\\\/actualidad\\\/los-bertsolaris-amets-arzallus-y-julio-soto-actuan-este-jueves-en-el-museo-de-educacion-ambiental-en-el-marco-de-una-exposicion-sobre-espeleologia-en-los-pirineos\\\/\"},\"author\":{\"name\":\"La Gu\u00eda de Pamplona\",\"@id\":\"https:\\\/\\\/www.laguiadepamplona.com\\\/actualidad\\\/#\\\/schema\\\/person\\\/efe887376f0213d4657c93adc50b1fdb\"},\"headline\":\"Los bertsolaris Amets Arzallus y Julio Soto act\u00faan este jueves en el Museo de Educaci\u00f3n Ambiental en el marco de una exposici\u00f3n sobre espeleolog\u00eda en los Pirineos\",\"datePublished\":\"2018-02-14T10:37:35+00:00\",\"mainEntityOfPage\":{\"@id\":\"https:\\\/\\\/www.laguiadepamplona.com\\\/actualidad\\\/los-bertsolaris-amets-arzallus-y-julio-soto-actuan-este-jueves-en-el-museo-de-educacion-ambiental-en-el-marco-de-una-exposicion-sobre-espeleologia-en-los-pirineos\\\/\"},\"wordCount\":541,\"commentCount\":0,\"publisher\":{\"@id\":\"https:\\\/\\\/www.laguiadepamplona.com\\\/actualidad\\\/#organization\"},\"image\":{\"@id\":\"https:\\\/\\\/www.laguiadepamplona.com\\\/actualidad\\\/los-bertsolaris-amets-arzallus-y-julio-soto-actuan-este-jueves-en-el-museo-de-educacion-ambiental-en-el-marco-de-una-exposicion-sobre-espeleologia-en-los-pirineos\\\/#primaryimage\"},\"thumbnailUrl\":\"https:\\\/\\\/www.laguiadepamplona.com\\\/actualidad\\\/wp-content\\\/uploads\\\/2016\\\/12\\\/Bertsoaroa-2014.jpg\",\"articleSection\":[\"Ayto Pamplona\"],\"inLanguage\":\"es\",\"potentialAction\":[{\"@type\":\"CommentAction\",\"name\":\"Comment\",\"target\":[\"https:\\\/\\\/www.laguiadepamplona.com\\\/actualidad\\\/los-bertsolaris-amets-arzallus-y-julio-soto-actuan-este-jueves-en-el-museo-de-educacion-ambiental-en-el-marco-de-una-exposicion-sobre-espeleologia-en-los-pirineos\\\/#respond\"]}]},{\"@type\":\"WebPage\",\"@id\":\"https:\\\/\\\/www.laguiadepamplona.com\\\/actualidad\\\/los-bertsolaris-amets-arzallus-y-julio-soto-actuan-este-jueves-en-el-museo-de-educacion-ambiental-en-el-marco-de-una-exposicion-sobre-espeleologia-en-los-pirineos\\\/\",\"url\":\"https:\\\/\\\/www.laguiadepamplona.com\\\/actualidad\\\/los-bertsolaris-amets-arzallus-y-julio-soto-actuan-este-jueves-en-el-museo-de-educacion-ambiental-en-el-marco-de-una-exposicion-sobre-espeleologia-en-los-pirineos\\\/\",\"name\":\"Los bertsolaris Amets Arzallus y Julio Soto act\u00faan este jueves en el Museo de Educaci\u00f3n Ambiental en el marco de una exposici\u00f3n sobre espeleolog\u00eda en los Pirineos\",\"isPartOf\":{\"@id\":\"https:\\\/\\\/www.laguiadepamplona.com\\\/actualidad\\\/#website\"},\"primaryImageOfPage\":{\"@id\":\"https:\\\/\\\/www.laguiadepamplona.com\\\/actualidad\\\/los-bertsolaris-amets-arzallus-y-julio-soto-actuan-este-jueves-en-el-museo-de-educacion-ambiental-en-el-marco-de-una-exposicion-sobre-espeleologia-en-los-pirineos\\\/#primaryimage\"},\"image\":{\"@id\":\"https:\\\/\\\/www.laguiadepamplona.com\\\/actualidad\\\/los-bertsolaris-amets-arzallus-y-julio-soto-actuan-este-jueves-en-el-museo-de-educacion-ambiental-en-el-marco-de-una-exposicion-sobre-espeleologia-en-los-pirineos\\\/#primaryimage\"},\"thumbnailUrl\":\"https:\\\/\\\/www.laguiadepamplona.com\\\/actualidad\\\/wp-content\\\/uploads\\\/2016\\\/12\\\/Bertsoaroa-2014.jpg\",\"datePublished\":\"2018-02-14T10:37:35+00:00\",\"breadcrumb\":{\"@id\":\"https:\\\/\\\/www.laguiadepamplona.com\\\/actualidad\\\/los-bertsolaris-amets-arzallus-y-julio-soto-actuan-este-jueves-en-el-museo-de-educacion-ambiental-en-el-marco-de-una-exposicion-sobre-espeleologia-en-los-pirineos\\\/#breadcrumb\"},\"inLanguage\":\"es\",\"potentialAction\":[{\"@type\":\"ReadAction\",\"target\":[\"https:\\\/\\\/www.laguiadepamplona.com\\\/actualidad\\\/los-bertsolaris-amets-arzallus-y-julio-soto-actuan-este-jueves-en-el-museo-de-educacion-ambiental-en-el-marco-de-una-exposicion-sobre-espeleologia-en-los-pirineos\\\/\"]}]},{\"@type\":\"ImageObject\",\"inLanguage\":\"es\",\"@id\":\"https:\\\/\\\/www.laguiadepamplona.com\\\/actualidad\\\/los-bertsolaris-amets-arzallus-y-julio-soto-actuan-este-jueves-en-el-museo-de-educacion-ambiental-en-el-marco-de-una-exposicion-sobre-espeleologia-en-los-pirineos\\\/#primaryimage\",\"url\":\"https:\\\/\\\/www.laguiadepamplona.com\\\/actualidad\\\/wp-content\\\/uploads\\\/2016\\\/12\\\/Bertsoaroa-2014.jpg\",\"contentUrl\":\"https:\\\/\\\/www.laguiadepamplona.com\\\/actualidad\\\/wp-content\\\/uploads\\\/2016\\\/12\\\/Bertsoaroa-2014.jpg\",\"width\":800,\"height\":532},{\"@type\":\"BreadcrumbList\",\"@id\":\"https:\\\/\\\/www.laguiadepamplona.com\\\/actualidad\\\/los-bertsolaris-amets-arzallus-y-julio-soto-actuan-este-jueves-en-el-museo-de-educacion-ambiental-en-el-marco-de-una-exposicion-sobre-espeleologia-en-los-pirineos\\\/#breadcrumb\",\"itemListElement\":[{\"@type\":\"ListItem\",\"position\":1,\"name\":\"Portada\",\"item\":\"https:\\\/\\\/www.laguiadepamplona.com\\\/actualidad\\\/\"},{\"@type\":\"ListItem\",\"position\":2,\"name\":\"Los bertsolaris Amets Arzallus y Julio Soto act\u00faan este jueves en el Museo de Educaci\u00f3n Ambiental en el marco de una exposici\u00f3n sobre espeleolog\u00eda en los Pirineos\"}]},{\"@type\":\"WebSite\",\"@id\":\"https:\\\/\\\/www.laguiadepamplona.com\\\/actualidad\\\/#website\",\"url\":\"https:\\\/\\\/www.laguiadepamplona.com\\\/actualidad\\\/\",\"name\":\"La gu\u00eda de Pamplona\",\"description\":\"Noticias de Pamplona\",\"publisher\":{\"@id\":\"https:\\\/\\\/www.laguiadepamplona.com\\\/actualidad\\\/#organization\"},\"potentialAction\":[{\"@type\":\"SearchAction\",\"target\":{\"@type\":\"EntryPoint\",\"urlTemplate\":\"https:\\\/\\\/www.laguiadepamplona.com\\\/actualidad\\\/?s={search_term_string}\"},\"query-input\":{\"@type\":\"PropertyValueSpecification\",\"valueRequired\":true,\"valueName\":\"search_term_string\"}}],\"inLanguage\":\"es\"},{\"@type\":\"Organization\",\"@id\":\"https:\\\/\\\/www.laguiadepamplona.com\\\/actualidad\\\/#organization\",\"name\":\"La Gu\u00eda de Pamplona \\\/ Noticias\",\"url\":\"https:\\\/\\\/www.laguiadepamplona.com\\\/actualidad\\\/\",\"logo\":{\"@type\":\"ImageObject\",\"inLanguage\":\"es\",\"@id\":\"https:\\\/\\\/www.laguiadepamplona.com\\\/actualidad\\\/#\\\/schema\\\/logo\\\/image\\\/\",\"url\":\"https:\\\/\\\/www.laguiadepamplona.com\\\/actualidad\\\/wp-content\\\/uploads\\\/2018\\\/11\\\/logo-laguiadepamplona18-web1.png\",\"contentUrl\":\"https:\\\/\\\/www.laguiadepamplona.com\\\/actualidad\\\/wp-content\\\/uploads\\\/2018\\\/11\\\/logo-laguiadepamplona18-web1.png\",\"width\":600,\"height\":196,\"caption\":\"La Gu\u00eda de Pamplona \\\/ Noticias\"},\"image\":{\"@id\":\"https:\\\/\\\/www.laguiadepamplona.com\\\/actualidad\\\/#\\\/schema\\\/logo\\\/image\\\/\"},\"sameAs\":[\"https:\\\/\\\/www.facebook.com\\\/laguiadepamplonacom-133175176762273\\\/?ref=hl\",\"https:\\\/\\\/x.com\\\/LaGuiadPamplona\",\"https:\\\/\\\/www.instagram.com\\\/la_guia_de_pamplona\\\/\",\"https:\\\/\\\/www.youtube.com\\\/user\\\/laguiadepamplona\"]},{\"@type\":\"Person\",\"@id\":\"https:\\\/\\\/www.laguiadepamplona.com\\\/actualidad\\\/#\\\/schema\\\/person\\\/efe887376f0213d4657c93adc50b1fdb\",\"name\":\"La Gu\u00eda de Pamplona\",\"image\":{\"@type\":\"ImageObject\",\"inLanguage\":\"es\",\"@id\":\"https:\\\/\\\/secure.gravatar.com\\\/avatar\\\/b6992f131dc8d30ab0dff15446e9d346d9dbd95992de0fef795073f5ea83a81c?s=96&d=mm&r=g\",\"url\":\"https:\\\/\\\/secure.gravatar.com\\\/avatar\\\/b6992f131dc8d30ab0dff15446e9d346d9dbd95992de0fef795073f5ea83a81c?s=96&d=mm&r=g\",\"contentUrl\":\"https:\\\/\\\/secure.gravatar.com\\\/avatar\\\/b6992f131dc8d30ab0dff15446e9d346d9dbd95992de0fef795073f5ea83a81c?s=96&d=mm&r=g\",\"caption\":\"La Gu\u00eda de Pamplona\"}}]}<\/script>\n<!-- \/ Yoast SEO plugin. -->","yoast_head_json":{"title":"Los bertsolaris Amets Arzallus y Julio Soto act\u00faan este jueves en el Museo de Educaci\u00f3n Ambiental en el marco de una exposici\u00f3n sobre espeleolog\u00eda en los Pirineos","robots":{"index":"index","follow":"follow","max-snippet":"max-snippet:-1","max-image-preview":"max-image-preview:large","max-video-preview":"max-video-preview:-1"},"canonical":"https:\/\/www.laguiadepamplona.com\/actualidad\/los-bertsolaris-amets-arzallus-y-julio-soto-actuan-este-jueves-en-el-museo-de-educacion-ambiental-en-el-marco-de-una-exposicion-sobre-espeleologia-en-los-pirineos\/","og_locale":"es_ES","og_type":"article","og_title":"Los bertsolaris Amets Arzallus y Julio Soto act\u00faan este jueves en el Museo de Educaci\u00f3n Ambiental en el marco de una exposici\u00f3n sobre espeleolog\u00eda en los Pirineos","og_description":"Ma\u00f1ana jueves se celebrar\u00e1 una sesi\u00f3n del Bizitxoko, un espacio para compartir conocimientos sobre arreglo de bicicletas","og_url":"https:\/\/www.laguiadepamplona.com\/actualidad\/los-bertsolaris-amets-arzallus-y-julio-soto-actuan-este-jueves-en-el-museo-de-educacion-ambiental-en-el-marco-de-una-exposicion-sobre-espeleologia-en-los-pirineos\/","og_site_name":"La Gu\u00eda de Pamplona","article_publisher":"https:\/\/www.facebook.com\/laguiadepamplonacom-133175176762273\/?ref=hl","article_published_time":"2018-02-14T10:37:35+00:00","og_image":[{"width":800,"height":532,"url":"https:\/\/www.laguiadepamplona.com\/actualidad\/wp-content\/uploads\/2016\/12\/Bertsoaroa-2014.jpg","type":"image\/jpeg"}],"author":"La Gu\u00eda de Pamplona","twitter_card":"summary_large_image","twitter_creator":"@LaGuiadPamplona","twitter_site":"@LaGuiadPamplona","twitter_misc":{"Escrito por":"La Gu\u00eda de Pamplona","Tiempo de lectura":"3 minutos"},"schema":{"@context":"https:\/\/schema.org","@graph":[{"@type":"Article","@id":"https:\/\/www.laguiadepamplona.com\/actualidad\/los-bertsolaris-amets-arzallus-y-julio-soto-actuan-este-jueves-en-el-museo-de-educacion-ambiental-en-el-marco-de-una-exposicion-sobre-espeleologia-en-los-pirineos\/#article","isPartOf":{"@id":"https:\/\/www.laguiadepamplona.com\/actualidad\/los-bertsolaris-amets-arzallus-y-julio-soto-actuan-este-jueves-en-el-museo-de-educacion-ambiental-en-el-marco-de-una-exposicion-sobre-espeleologia-en-los-pirineos\/"},"author":{"name":"La Gu\u00eda de Pamplona","@id":"https:\/\/www.laguiadepamplona.com\/actualidad\/#\/schema\/person\/efe887376f0213d4657c93adc50b1fdb"},"headline":"Los bertsolaris Amets Arzallus y Julio Soto act\u00faan este jueves en el Museo de Educaci\u00f3n Ambiental en el marco de una exposici\u00f3n sobre espeleolog\u00eda en los Pirineos","datePublished":"2018-02-14T10:37:35+00:00","mainEntityOfPage":{"@id":"https:\/\/www.laguiadepamplona.com\/actualidad\/los-bertsolaris-amets-arzallus-y-julio-soto-actuan-este-jueves-en-el-museo-de-educacion-ambiental-en-el-marco-de-una-exposicion-sobre-espeleologia-en-los-pirineos\/"},"wordCount":541,"commentCount":0,"publisher":{"@id":"https:\/\/www.laguiadepamplona.com\/actualidad\/#organization"},"image":{"@id":"https:\/\/www.laguiadepamplona.com\/actualidad\/los-bertsolaris-amets-arzallus-y-julio-soto-actuan-este-jueves-en-el-museo-de-educacion-ambiental-en-el-marco-de-una-exposicion-sobre-espeleologia-en-los-pirineos\/#primaryimage"},"thumbnailUrl":"https:\/\/www.laguiadepamplona.com\/actualidad\/wp-content\/uploads\/2016\/12\/Bertsoaroa-2014.jpg","articleSection":["Ayto Pamplona"],"inLanguage":"es","potentialAction":[{"@type":"CommentAction","name":"Comment","target":["https:\/\/www.laguiadepamplona.com\/actualidad\/los-bertsolaris-amets-arzallus-y-julio-soto-actuan-este-jueves-en-el-museo-de-educacion-ambiental-en-el-marco-de-una-exposicion-sobre-espeleologia-en-los-pirineos\/#respond"]}]},{"@type":"WebPage","@id":"https:\/\/www.laguiadepamplona.com\/actualidad\/los-bertsolaris-amets-arzallus-y-julio-soto-actuan-este-jueves-en-el-museo-de-educacion-ambiental-en-el-marco-de-una-exposicion-sobre-espeleologia-en-los-pirineos\/","url":"https:\/\/www.laguiadepamplona.com\/actualidad\/los-bertsolaris-amets-arzallus-y-julio-soto-actuan-este-jueves-en-el-museo-de-educacion-ambiental-en-el-marco-de-una-exposicion-sobre-espeleologia-en-los-pirineos\/","name":"Los bertsolaris Amets Arzallus y Julio Soto act\u00faan este jueves en el Museo de Educaci\u00f3n Ambiental en el marco de una exposici\u00f3n sobre espeleolog\u00eda en los Pirineos","isPartOf":{"@id":"https:\/\/www.laguiadepamplona.com\/actualidad\/#website"},"primaryImageOfPage":{"@id":"https:\/\/www.laguiadepamplona.com\/actualidad\/los-bertsolaris-amets-arzallus-y-julio-soto-actuan-este-jueves-en-el-museo-de-educacion-ambiental-en-el-marco-de-una-exposicion-sobre-espeleologia-en-los-pirineos\/#primaryimage"},"image":{"@id":"https:\/\/www.laguiadepamplona.com\/actualidad\/los-bertsolaris-amets-arzallus-y-julio-soto-actuan-este-jueves-en-el-museo-de-educacion-ambiental-en-el-marco-de-una-exposicion-sobre-espeleologia-en-los-pirineos\/#primaryimage"},"thumbnailUrl":"https:\/\/www.laguiadepamplona.com\/actualidad\/wp-content\/uploads\/2016\/12\/Bertsoaroa-2014.jpg","datePublished":"2018-02-14T10:37:35+00:00","breadcrumb":{"@id":"https:\/\/www.laguiadepamplona.com\/actualidad\/los-bertsolaris-amets-arzallus-y-julio-soto-actuan-este-jueves-en-el-museo-de-educacion-ambiental-en-el-marco-de-una-exposicion-sobre-espeleologia-en-los-pirineos\/#breadcrumb"},"inLanguage":"es","potentialAction":[{"@type":"ReadAction","target":["https:\/\/www.laguiadepamplona.com\/actualidad\/los-bertsolaris-amets-arzallus-y-julio-soto-actuan-este-jueves-en-el-museo-de-educacion-ambiental-en-el-marco-de-una-exposicion-sobre-espeleologia-en-los-pirineos\/"]}]},{"@type":"ImageObject","inLanguage":"es","@id":"https:\/\/www.laguiadepamplona.com\/actualidad\/los-bertsolaris-amets-arzallus-y-julio-soto-actuan-este-jueves-en-el-museo-de-educacion-ambiental-en-el-marco-de-una-exposicion-sobre-espeleologia-en-los-pirineos\/#primaryimage","url":"https:\/\/www.laguiadepamplona.com\/actualidad\/wp-content\/uploads\/2016\/12\/Bertsoaroa-2014.jpg","contentUrl":"https:\/\/www.laguiadepamplona.com\/actualidad\/wp-content\/uploads\/2016\/12\/Bertsoaroa-2014.jpg","width":800,"height":532},{"@type":"BreadcrumbList","@id":"https:\/\/www.laguiadepamplona.com\/actualidad\/los-bertsolaris-amets-arzallus-y-julio-soto-actuan-este-jueves-en-el-museo-de-educacion-ambiental-en-el-marco-de-una-exposicion-sobre-espeleologia-en-los-pirineos\/#breadcrumb","itemListElement":[{"@type":"ListItem","position":1,"name":"Portada","item":"https:\/\/www.laguiadepamplona.com\/actualidad\/"},{"@type":"ListItem","position":2,"name":"Los bertsolaris Amets Arzallus y Julio Soto act\u00faan este jueves en el Museo de Educaci\u00f3n Ambiental en el marco de una exposici\u00f3n sobre espeleolog\u00eda en los Pirineos"}]},{"@type":"WebSite","@id":"https:\/\/www.laguiadepamplona.com\/actualidad\/#website","url":"https:\/\/www.laguiadepamplona.com\/actualidad\/","name":"La gu\u00eda de Pamplona","description":"Noticias de Pamplona","publisher":{"@id":"https:\/\/www.laguiadepamplona.com\/actualidad\/#organization"},"potentialAction":[{"@type":"SearchAction","target":{"@type":"EntryPoint","urlTemplate":"https:\/\/www.laguiadepamplona.com\/actualidad\/?s={search_term_string}"},"query-input":{"@type":"PropertyValueSpecification","valueRequired":true,"valueName":"search_term_string"}}],"inLanguage":"es"},{"@type":"Organization","@id":"https:\/\/www.laguiadepamplona.com\/actualidad\/#organization","name":"La Gu\u00eda de Pamplona \/ Noticias","url":"https:\/\/www.laguiadepamplona.com\/actualidad\/","logo":{"@type":"ImageObject","inLanguage":"es","@id":"https:\/\/www.laguiadepamplona.com\/actualidad\/#\/schema\/logo\/image\/","url":"https:\/\/www.laguiadepamplona.com\/actualidad\/wp-content\/uploads\/2018\/11\/logo-laguiadepamplona18-web1.png","contentUrl":"https:\/\/www.laguiadepamplona.com\/actualidad\/wp-content\/uploads\/2018\/11\/logo-laguiadepamplona18-web1.png","width":600,"height":196,"caption":"La Gu\u00eda de Pamplona \/ Noticias"},"image":{"@id":"https:\/\/www.laguiadepamplona.com\/actualidad\/#\/schema\/logo\/image\/"},"sameAs":["https:\/\/www.facebook.com\/laguiadepamplonacom-133175176762273\/?ref=hl","https:\/\/x.com\/LaGuiadPamplona","https:\/\/www.instagram.com\/la_guia_de_pamplona\/","https:\/\/www.youtube.com\/user\/laguiadepamplona"]},{"@type":"Person","@id":"https:\/\/www.laguiadepamplona.com\/actualidad\/#\/schema\/person\/efe887376f0213d4657c93adc50b1fdb","name":"La Gu\u00eda de Pamplona","image":{"@type":"ImageObject","inLanguage":"es","@id":"https:\/\/secure.gravatar.com\/avatar\/b6992f131dc8d30ab0dff15446e9d346d9dbd95992de0fef795073f5ea83a81c?s=96&d=mm&r=g","url":"https:\/\/secure.gravatar.com\/avatar\/b6992f131dc8d30ab0dff15446e9d346d9dbd95992de0fef795073f5ea83a81c?s=96&d=mm&r=g","contentUrl":"https:\/\/secure.gravatar.com\/avatar\/b6992f131dc8d30ab0dff15446e9d346d9dbd95992de0fef795073f5ea83a81c?s=96&d=mm&r=g","caption":"La Gu\u00eda de Pamplona"}}]}},"post_mailing_queue_ids":[],"_links":{"self":[{"href":"https:\/\/www.laguiadepamplona.com\/actualidad\/wp-json\/wp\/v2\/posts\/16110","targetHints":{"allow":["GET"]}}],"collection":[{"href":"https:\/\/www.laguiadepamplona.com\/actualidad\/wp-json\/wp\/v2\/posts"}],"about":[{"href":"https:\/\/www.laguiadepamplona.com\/actualidad\/wp-json\/wp\/v2\/types\/post"}],"author":[{"embeddable":true,"href":"https:\/\/www.laguiadepamplona.com\/actualidad\/wp-json\/wp\/v2\/users\/1"}],"replies":[{"embeddable":true,"href":"https:\/\/www.laguiadepamplona.com\/actualidad\/wp-json\/wp\/v2\/comments?post=16110"}],"version-history":[{"count":0,"href":"https:\/\/www.laguiadepamplona.com\/actualidad\/wp-json\/wp\/v2\/posts\/16110\/revisions"}],"wp:featuredmedia":[{"embeddable":true,"href":"https:\/\/www.laguiadepamplona.com\/actualidad\/wp-json\/wp\/v2\/media\/11091"}],"wp:attachment":[{"href":"https:\/\/www.laguiadepamplona.com\/actualidad\/wp-json\/wp\/v2\/media?parent=16110"}],"wp:term":[{"taxonomy":"category","embeddable":true,"href":"https:\/\/www.laguiadepamplona.com\/actualidad\/wp-json\/wp\/v2\/categories?post=16110"},{"taxonomy":"post_tag","embeddable":true,"href":"https:\/\/www.laguiadepamplona.com\/actualidad\/wp-json\/wp\/v2\/tags?post=16110"}],"curies":[{"name":"wp","href":"https:\/\/api.w.org\/{rel}","templated":true}]}}