{"id":16102,"date":"2018-02-13T15:38:21","date_gmt":"2018-02-13T14:38:21","guid":{"rendered":"http:\/\/laguiadepamplona.es\/actualidad\/?p=16102"},"modified":"2018-02-13T15:38:21","modified_gmt":"2018-02-13T14:38:21","slug":"el-alcalde-se-reune-con-el-de-san-sebastian-y-concejales-de-barcelona-y-zaragoza-para-conocer-sus-oficinas-estrategicas-un-recurso-que-pamplona-impulso-en-2017","status":"publish","type":"post","link":"https:\/\/www.laguiadepamplona.com\/actualidad\/el-alcalde-se-reune-con-el-de-san-sebastian-y-concejales-de-barcelona-y-zaragoza-para-conocer-sus-oficinas-estrategicas-un-recurso-que-pamplona-impulso-en-2017\/","title":{"rendered":"El alcalde se re\u00fane con el de San Sebasti\u00e1n y concejales de Barcelona y Zaragoza para conocer sus oficinas estrat\u00e9gicas, un recurso que Pamplona impuls\u00f3 en 2017"},"content":{"rendered":"<h3>El encuentro se enmarca en la Jornada de Planificaci\u00f3n Estrat\u00e9gica Urbana celebrada hoy en la que han participado 120 personas<\/h3>\n<p><!--more--><\/p>\n<p><a href=\"http:\/\/laguiadepamplona.es\/actualidad\/wp-content\/uploads\/2018\/02\/18.02.13_reuni\u00f3n-alcalde-San-Sebasti\u00e1n.jpg\"><img loading=\"lazy\" decoding=\"async\" class=\"alignleft size-medium wp-image-16104\" src=\"http:\/\/laguiadepamplona.es\/actualidad\/wp-content\/uploads\/2018\/02\/18.02.13_reuni\u00f3n-alcalde-San-Sebasti\u00e1n-300x200.jpg\" alt=\"\" width=\"300\" height=\"200\" srcset=\"https:\/\/www.laguiadepamplona.com\/actualidad\/wp-content\/uploads\/2018\/02\/18.02.13_reuni\u00f3n-alcalde-San-Sebasti\u00e1n-300x200.jpg 300w, https:\/\/www.laguiadepamplona.com\/actualidad\/wp-content\/uploads\/2018\/02\/18.02.13_reuni\u00f3n-alcalde-San-Sebasti\u00e1n-768x511.jpg 768w, https:\/\/www.laguiadepamplona.com\/actualidad\/wp-content\/uploads\/2018\/02\/18.02.13_reuni\u00f3n-alcalde-San-Sebasti\u00e1n.jpg 1000w\" sizes=\"auto, (max-width: 300px) 100vw, 300px\" \/><\/a>El alcalde de Pamplona, Joseba Asiron, se ha reunido esta ma\u00f1ana con el alcalde de San Sebasti\u00e1n, Eneko Goia, la regidora de feminismos, LGTBI i Relaciones Internacionales del Ayuntamiento de Barcelona, Laura P\u00e9rez, y el concejal de Urbanismo del Ayuntamiento de Zaragoza, Pablo Mu\u00f1oz, para conocer sus experiencias con la puesta en marcha de sus respectivas oficinas estrat\u00e9gicas. El Consistorio pamplon\u00e9s impuls\u00f3 un recurso similar en 2017. Cuenta con un presupuesto de 200.000 euros y tiene como objetivo coordinar un Plan Estrat\u00e9gico Urbano con todos los agentes clave de la ciudad. De forma paralela busca financiaci\u00f3n externa para proyectos municipales que se consideren de car\u00e1cter estrat\u00e9gico. Actualmente gestiona cinco proyectos por valor de m\u00e1s de un mill\u00f3n de euros (alcanzando un 88% de financiaci\u00f3n europea).<\/p>\n<p>Por otra parte, de la oficina estrat\u00e9gica dependen planes, programas y proyectos municipales transversales, cuyo \u00e1mbito afecte a varias \u00e1reas municipales como el Observatorio de Ciudad, el plan de gesti\u00f3n municipal, la contrataci\u00f3n p\u00fablica responsable, la estrategia de ciudad inteligente o el Sistema de Informaci\u00f3n Geogr\u00e1fico Municipal. Asimismo, se encarga de las prospecciones sociol\u00f3gica sobre la realidad de Pamplona y la gesti\u00f3n y coordinaci\u00f3n de la participaci\u00f3n de la ciudad en redes y asociaciones de municipios.<\/p>\n<p>La reuni\u00f3n ha tenido lugar en una ma\u00f1ana en la que se ha celebrado en el Palacio del Condestable una Jornada de Planificaci\u00f3n Estrat\u00e9gica Urbana, un encuentro organizado por el Ayuntamiento de Pamplona y el Centro Iberoamericano de Desarrollo Estrat\u00e9gico Urbano en el que han participado 120 personas. En la apertura, el alcalde de Pamplona ha destacado que \u201cel planeamiento estrat\u00e9gico permite definir proyectos no solo vinculados al \u00e1mbito urban\u00edstico y a las infraestructuras sino tambi\u00e9n al verdadero n\u00facleo de las ciudades, a la gente, la ciudadan\u00eda, y es en ella en la que tenemos que pensar cuando planificamos\u201d.<\/p>\n","protected":false},"excerpt":{"rendered":"<p>El encuentro se enmarca en la Jornada de Planificaci\u00f3n Estrat\u00e9gica Urbana celebrada hoy en la que han participado 120 personas<\/p>\n","protected":false},"author":1,"featured_media":16103,"comment_status":"open","ping_status":"closed","sticky":false,"template":"","format":"standard","meta":{"footnotes":""},"categories":[2],"tags":[],"class_list":["post-16102","post","type-post","status-publish","format-standard","has-post-thumbnail","hentry","category-ayuntamiento-pamplona"],"yoast_head":"<!-- This site is optimized with the Yoast SEO plugin v27.3 - https:\/\/yoast.com\/product\/yoast-seo-wordpress\/ -->\n<title>El alcalde se re\u00fane con el de San Sebasti\u00e1n y concejales de Barcelona y Zaragoza para conocer sus oficinas estrat\u00e9gicas, un recurso que Pamplona impuls\u00f3 en 2017<\/title>\n<meta name=\"robots\" content=\"index, follow, max-snippet:-1, max-image-preview:large, max-video-preview:-1\" \/>\n<link rel=\"canonical\" href=\"https:\/\/www.laguiadepamplona.com\/actualidad\/el-alcalde-se-reune-con-el-de-san-sebastian-y-concejales-de-barcelona-y-zaragoza-para-conocer-sus-oficinas-estrategicas-un-recurso-que-pamplona-impulso-en-2017\/\" \/>\n<meta property=\"og:locale\" content=\"es_ES\" \/>\n<meta property=\"og:type\" content=\"article\" \/>\n<meta property=\"og:title\" content=\"El alcalde se re\u00fane con el de San Sebasti\u00e1n y concejales de Barcelona y Zaragoza para conocer sus oficinas estrat\u00e9gicas, un recurso que Pamplona impuls\u00f3 en 2017\" \/>\n<meta property=\"og:description\" content=\"El encuentro se enmarca en la Jornada de Planificaci\u00f3n Estrat\u00e9gica Urbana celebrada hoy en la que han participado 120 personas\" \/>\n<meta property=\"og:url\" content=\"https:\/\/www.laguiadepamplona.com\/actualidad\/el-alcalde-se-reune-con-el-de-san-sebastian-y-concejales-de-barcelona-y-zaragoza-para-conocer-sus-oficinas-estrategicas-un-recurso-que-pamplona-impulso-en-2017\/\" \/>\n<meta property=\"og:site_name\" content=\"La Gu\u00eda de Pamplona\" \/>\n<meta property=\"article:publisher\" content=\"https:\/\/www.facebook.com\/laguiadepamplonacom-133175176762273\/?ref=hl\" \/>\n<meta property=\"article:published_time\" content=\"2018-02-13T14:38:21+00:00\" \/>\n<meta property=\"og:image\" content=\"https:\/\/www.laguiadepamplona.com\/actualidad\/wp-content\/uploads\/2018\/02\/18.02.13_jornada_planificacion_urbana_apertura.jpg\" \/>\n\t<meta property=\"og:image:width\" content=\"1000\" \/>\n\t<meta property=\"og:image:height\" content=\"666\" \/>\n\t<meta property=\"og:image:type\" content=\"image\/jpeg\" \/>\n<meta name=\"author\" content=\"La Gu\u00eda de Pamplona\" \/>\n<meta name=\"twitter:card\" content=\"summary_large_image\" \/>\n<meta name=\"twitter:creator\" content=\"@LaGuiadPamplona\" \/>\n<meta name=\"twitter:site\" content=\"@LaGuiadPamplona\" \/>\n<meta name=\"twitter:label1\" content=\"Escrito por\" \/>\n\t<meta name=\"twitter:data1\" content=\"La Gu\u00eda de Pamplona\" \/>\n\t<meta name=\"twitter:label2\" content=\"Tiempo de lectura\" \/>\n\t<meta name=\"twitter:data2\" content=\"2 minutos\" \/>\n<script type=\"application\/ld+json\" class=\"yoast-schema-graph\">{\"@context\":\"https:\\\/\\\/schema.org\",\"@graph\":[{\"@type\":\"Article\",\"@id\":\"https:\\\/\\\/www.laguiadepamplona.com\\\/actualidad\\\/el-alcalde-se-reune-con-el-de-san-sebastian-y-concejales-de-barcelona-y-zaragoza-para-conocer-sus-oficinas-estrategicas-un-recurso-que-pamplona-impulso-en-2017\\\/#article\",\"isPartOf\":{\"@id\":\"https:\\\/\\\/www.laguiadepamplona.com\\\/actualidad\\\/el-alcalde-se-reune-con-el-de-san-sebastian-y-concejales-de-barcelona-y-zaragoza-para-conocer-sus-oficinas-estrategicas-un-recurso-que-pamplona-impulso-en-2017\\\/\"},\"author\":{\"name\":\"La Gu\u00eda de Pamplona\",\"@id\":\"https:\\\/\\\/www.laguiadepamplona.com\\\/actualidad\\\/#\\\/schema\\\/person\\\/efe887376f0213d4657c93adc50b1fdb\"},\"headline\":\"El alcalde se re\u00fane con el de San Sebasti\u00e1n y concejales de Barcelona y Zaragoza para conocer sus oficinas estrat\u00e9gicas, un recurso que Pamplona impuls\u00f3 en 2017\",\"datePublished\":\"2018-02-13T14:38:21+00:00\",\"mainEntityOfPage\":{\"@id\":\"https:\\\/\\\/www.laguiadepamplona.com\\\/actualidad\\\/el-alcalde-se-reune-con-el-de-san-sebastian-y-concejales-de-barcelona-y-zaragoza-para-conocer-sus-oficinas-estrategicas-un-recurso-que-pamplona-impulso-en-2017\\\/\"},\"wordCount\":379,\"commentCount\":0,\"publisher\":{\"@id\":\"https:\\\/\\\/www.laguiadepamplona.com\\\/actualidad\\\/#organization\"},\"image\":{\"@id\":\"https:\\\/\\\/www.laguiadepamplona.com\\\/actualidad\\\/el-alcalde-se-reune-con-el-de-san-sebastian-y-concejales-de-barcelona-y-zaragoza-para-conocer-sus-oficinas-estrategicas-un-recurso-que-pamplona-impulso-en-2017\\\/#primaryimage\"},\"thumbnailUrl\":\"https:\\\/\\\/www.laguiadepamplona.com\\\/actualidad\\\/wp-content\\\/uploads\\\/2018\\\/02\\\/18.02.13_jornada_planificacion_urbana_apertura.jpg\",\"articleSection\":[\"Ayto Pamplona\"],\"inLanguage\":\"es\",\"potentialAction\":[{\"@type\":\"CommentAction\",\"name\":\"Comment\",\"target\":[\"https:\\\/\\\/www.laguiadepamplona.com\\\/actualidad\\\/el-alcalde-se-reune-con-el-de-san-sebastian-y-concejales-de-barcelona-y-zaragoza-para-conocer-sus-oficinas-estrategicas-un-recurso-que-pamplona-impulso-en-2017\\\/#respond\"]}]},{\"@type\":\"WebPage\",\"@id\":\"https:\\\/\\\/www.laguiadepamplona.com\\\/actualidad\\\/el-alcalde-se-reune-con-el-de-san-sebastian-y-concejales-de-barcelona-y-zaragoza-para-conocer-sus-oficinas-estrategicas-un-recurso-que-pamplona-impulso-en-2017\\\/\",\"url\":\"https:\\\/\\\/www.laguiadepamplona.com\\\/actualidad\\\/el-alcalde-se-reune-con-el-de-san-sebastian-y-concejales-de-barcelona-y-zaragoza-para-conocer-sus-oficinas-estrategicas-un-recurso-que-pamplona-impulso-en-2017\\\/\",\"name\":\"El alcalde se re\u00fane con el de San Sebasti\u00e1n y concejales de Barcelona y Zaragoza para conocer sus oficinas estrat\u00e9gicas, un recurso que Pamplona impuls\u00f3 en 2017\",\"isPartOf\":{\"@id\":\"https:\\\/\\\/www.laguiadepamplona.com\\\/actualidad\\\/#website\"},\"primaryImageOfPage\":{\"@id\":\"https:\\\/\\\/www.laguiadepamplona.com\\\/actualidad\\\/el-alcalde-se-reune-con-el-de-san-sebastian-y-concejales-de-barcelona-y-zaragoza-para-conocer-sus-oficinas-estrategicas-un-recurso-que-pamplona-impulso-en-2017\\\/#primaryimage\"},\"image\":{\"@id\":\"https:\\\/\\\/www.laguiadepamplona.com\\\/actualidad\\\/el-alcalde-se-reune-con-el-de-san-sebastian-y-concejales-de-barcelona-y-zaragoza-para-conocer-sus-oficinas-estrategicas-un-recurso-que-pamplona-impulso-en-2017\\\/#primaryimage\"},\"thumbnailUrl\":\"https:\\\/\\\/www.laguiadepamplona.com\\\/actualidad\\\/wp-content\\\/uploads\\\/2018\\\/02\\\/18.02.13_jornada_planificacion_urbana_apertura.jpg\",\"datePublished\":\"2018-02-13T14:38:21+00:00\",\"breadcrumb\":{\"@id\":\"https:\\\/\\\/www.laguiadepamplona.com\\\/actualidad\\\/el-alcalde-se-reune-con-el-de-san-sebastian-y-concejales-de-barcelona-y-zaragoza-para-conocer-sus-oficinas-estrategicas-un-recurso-que-pamplona-impulso-en-2017\\\/#breadcrumb\"},\"inLanguage\":\"es\",\"potentialAction\":[{\"@type\":\"ReadAction\",\"target\":[\"https:\\\/\\\/www.laguiadepamplona.com\\\/actualidad\\\/el-alcalde-se-reune-con-el-de-san-sebastian-y-concejales-de-barcelona-y-zaragoza-para-conocer-sus-oficinas-estrategicas-un-recurso-que-pamplona-impulso-en-2017\\\/\"]}]},{\"@type\":\"ImageObject\",\"inLanguage\":\"es\",\"@id\":\"https:\\\/\\\/www.laguiadepamplona.com\\\/actualidad\\\/el-alcalde-se-reune-con-el-de-san-sebastian-y-concejales-de-barcelona-y-zaragoza-para-conocer-sus-oficinas-estrategicas-un-recurso-que-pamplona-impulso-en-2017\\\/#primaryimage\",\"url\":\"https:\\\/\\\/www.laguiadepamplona.com\\\/actualidad\\\/wp-content\\\/uploads\\\/2018\\\/02\\\/18.02.13_jornada_planificacion_urbana_apertura.jpg\",\"contentUrl\":\"https:\\\/\\\/www.laguiadepamplona.com\\\/actualidad\\\/wp-content\\\/uploads\\\/2018\\\/02\\\/18.02.13_jornada_planificacion_urbana_apertura.jpg\",\"width\":1000,\"height\":666},{\"@type\":\"BreadcrumbList\",\"@id\":\"https:\\\/\\\/www.laguiadepamplona.com\\\/actualidad\\\/el-alcalde-se-reune-con-el-de-san-sebastian-y-concejales-de-barcelona-y-zaragoza-para-conocer-sus-oficinas-estrategicas-un-recurso-que-pamplona-impulso-en-2017\\\/#breadcrumb\",\"itemListElement\":[{\"@type\":\"ListItem\",\"position\":1,\"name\":\"Portada\",\"item\":\"https:\\\/\\\/www.laguiadepamplona.com\\\/actualidad\\\/\"},{\"@type\":\"ListItem\",\"position\":2,\"name\":\"El alcalde se re\u00fane con el de San Sebasti\u00e1n y concejales de Barcelona y Zaragoza para conocer sus oficinas estrat\u00e9gicas, un recurso que Pamplona impuls\u00f3 en 2017\"}]},{\"@type\":\"WebSite\",\"@id\":\"https:\\\/\\\/www.laguiadepamplona.com\\\/actualidad\\\/#website\",\"url\":\"https:\\\/\\\/www.laguiadepamplona.com\\\/actualidad\\\/\",\"name\":\"La gu\u00eda de Pamplona\",\"description\":\"Noticias de Pamplona\",\"publisher\":{\"@id\":\"https:\\\/\\\/www.laguiadepamplona.com\\\/actualidad\\\/#organization\"},\"potentialAction\":[{\"@type\":\"SearchAction\",\"target\":{\"@type\":\"EntryPoint\",\"urlTemplate\":\"https:\\\/\\\/www.laguiadepamplona.com\\\/actualidad\\\/?s={search_term_string}\"},\"query-input\":{\"@type\":\"PropertyValueSpecification\",\"valueRequired\":true,\"valueName\":\"search_term_string\"}}],\"inLanguage\":\"es\"},{\"@type\":\"Organization\",\"@id\":\"https:\\\/\\\/www.laguiadepamplona.com\\\/actualidad\\\/#organization\",\"name\":\"La Gu\u00eda de Pamplona \\\/ Noticias\",\"url\":\"https:\\\/\\\/www.laguiadepamplona.com\\\/actualidad\\\/\",\"logo\":{\"@type\":\"ImageObject\",\"inLanguage\":\"es\",\"@id\":\"https:\\\/\\\/www.laguiadepamplona.com\\\/actualidad\\\/#\\\/schema\\\/logo\\\/image\\\/\",\"url\":\"https:\\\/\\\/www.laguiadepamplona.com\\\/actualidad\\\/wp-content\\\/uploads\\\/2018\\\/11\\\/logo-laguiadepamplona18-web1.png\",\"contentUrl\":\"https:\\\/\\\/www.laguiadepamplona.com\\\/actualidad\\\/wp-content\\\/uploads\\\/2018\\\/11\\\/logo-laguiadepamplona18-web1.png\",\"width\":600,\"height\":196,\"caption\":\"La Gu\u00eda de Pamplona \\\/ Noticias\"},\"image\":{\"@id\":\"https:\\\/\\\/www.laguiadepamplona.com\\\/actualidad\\\/#\\\/schema\\\/logo\\\/image\\\/\"},\"sameAs\":[\"https:\\\/\\\/www.facebook.com\\\/laguiadepamplonacom-133175176762273\\\/?ref=hl\",\"https:\\\/\\\/x.com\\\/LaGuiadPamplona\",\"https:\\\/\\\/www.instagram.com\\\/la_guia_de_pamplona\\\/\",\"https:\\\/\\\/www.youtube.com\\\/user\\\/laguiadepamplona\"]},{\"@type\":\"Person\",\"@id\":\"https:\\\/\\\/www.laguiadepamplona.com\\\/actualidad\\\/#\\\/schema\\\/person\\\/efe887376f0213d4657c93adc50b1fdb\",\"name\":\"La Gu\u00eda de Pamplona\",\"image\":{\"@type\":\"ImageObject\",\"inLanguage\":\"es\",\"@id\":\"https:\\\/\\\/secure.gravatar.com\\\/avatar\\\/b6992f131dc8d30ab0dff15446e9d346d9dbd95992de0fef795073f5ea83a81c?s=96&d=mm&r=g\",\"url\":\"https:\\\/\\\/secure.gravatar.com\\\/avatar\\\/b6992f131dc8d30ab0dff15446e9d346d9dbd95992de0fef795073f5ea83a81c?s=96&d=mm&r=g\",\"contentUrl\":\"https:\\\/\\\/secure.gravatar.com\\\/avatar\\\/b6992f131dc8d30ab0dff15446e9d346d9dbd95992de0fef795073f5ea83a81c?s=96&d=mm&r=g\",\"caption\":\"La Gu\u00eda de Pamplona\"}}]}<\/script>\n<!-- \/ Yoast SEO plugin. -->","yoast_head_json":{"title":"El alcalde se re\u00fane con el de San Sebasti\u00e1n y concejales de Barcelona y Zaragoza para conocer sus oficinas estrat\u00e9gicas, un recurso que Pamplona impuls\u00f3 en 2017","robots":{"index":"index","follow":"follow","max-snippet":"max-snippet:-1","max-image-preview":"max-image-preview:large","max-video-preview":"max-video-preview:-1"},"canonical":"https:\/\/www.laguiadepamplona.com\/actualidad\/el-alcalde-se-reune-con-el-de-san-sebastian-y-concejales-de-barcelona-y-zaragoza-para-conocer-sus-oficinas-estrategicas-un-recurso-que-pamplona-impulso-en-2017\/","og_locale":"es_ES","og_type":"article","og_title":"El alcalde se re\u00fane con el de San Sebasti\u00e1n y concejales de Barcelona y Zaragoza para conocer sus oficinas estrat\u00e9gicas, un recurso que Pamplona impuls\u00f3 en 2017","og_description":"El encuentro se enmarca en la Jornada de Planificaci\u00f3n Estrat\u00e9gica Urbana celebrada hoy en la que han participado 120 personas","og_url":"https:\/\/www.laguiadepamplona.com\/actualidad\/el-alcalde-se-reune-con-el-de-san-sebastian-y-concejales-de-barcelona-y-zaragoza-para-conocer-sus-oficinas-estrategicas-un-recurso-que-pamplona-impulso-en-2017\/","og_site_name":"La Gu\u00eda de Pamplona","article_publisher":"https:\/\/www.facebook.com\/laguiadepamplonacom-133175176762273\/?ref=hl","article_published_time":"2018-02-13T14:38:21+00:00","og_image":[{"width":1000,"height":666,"url":"https:\/\/www.laguiadepamplona.com\/actualidad\/wp-content\/uploads\/2018\/02\/18.02.13_jornada_planificacion_urbana_apertura.jpg","type":"image\/jpeg"}],"author":"La Gu\u00eda de Pamplona","twitter_card":"summary_large_image","twitter_creator":"@LaGuiadPamplona","twitter_site":"@LaGuiadPamplona","twitter_misc":{"Escrito por":"La Gu\u00eda de Pamplona","Tiempo de lectura":"2 minutos"},"schema":{"@context":"https:\/\/schema.org","@graph":[{"@type":"Article","@id":"https:\/\/www.laguiadepamplona.com\/actualidad\/el-alcalde-se-reune-con-el-de-san-sebastian-y-concejales-de-barcelona-y-zaragoza-para-conocer-sus-oficinas-estrategicas-un-recurso-que-pamplona-impulso-en-2017\/#article","isPartOf":{"@id":"https:\/\/www.laguiadepamplona.com\/actualidad\/el-alcalde-se-reune-con-el-de-san-sebastian-y-concejales-de-barcelona-y-zaragoza-para-conocer-sus-oficinas-estrategicas-un-recurso-que-pamplona-impulso-en-2017\/"},"author":{"name":"La Gu\u00eda de Pamplona","@id":"https:\/\/www.laguiadepamplona.com\/actualidad\/#\/schema\/person\/efe887376f0213d4657c93adc50b1fdb"},"headline":"El alcalde se re\u00fane con el de San Sebasti\u00e1n y concejales de Barcelona y Zaragoza para conocer sus oficinas estrat\u00e9gicas, un recurso que Pamplona impuls\u00f3 en 2017","datePublished":"2018-02-13T14:38:21+00:00","mainEntityOfPage":{"@id":"https:\/\/www.laguiadepamplona.com\/actualidad\/el-alcalde-se-reune-con-el-de-san-sebastian-y-concejales-de-barcelona-y-zaragoza-para-conocer-sus-oficinas-estrategicas-un-recurso-que-pamplona-impulso-en-2017\/"},"wordCount":379,"commentCount":0,"publisher":{"@id":"https:\/\/www.laguiadepamplona.com\/actualidad\/#organization"},"image":{"@id":"https:\/\/www.laguiadepamplona.com\/actualidad\/el-alcalde-se-reune-con-el-de-san-sebastian-y-concejales-de-barcelona-y-zaragoza-para-conocer-sus-oficinas-estrategicas-un-recurso-que-pamplona-impulso-en-2017\/#primaryimage"},"thumbnailUrl":"https:\/\/www.laguiadepamplona.com\/actualidad\/wp-content\/uploads\/2018\/02\/18.02.13_jornada_planificacion_urbana_apertura.jpg","articleSection":["Ayto Pamplona"],"inLanguage":"es","potentialAction":[{"@type":"CommentAction","name":"Comment","target":["https:\/\/www.laguiadepamplona.com\/actualidad\/el-alcalde-se-reune-con-el-de-san-sebastian-y-concejales-de-barcelona-y-zaragoza-para-conocer-sus-oficinas-estrategicas-un-recurso-que-pamplona-impulso-en-2017\/#respond"]}]},{"@type":"WebPage","@id":"https:\/\/www.laguiadepamplona.com\/actualidad\/el-alcalde-se-reune-con-el-de-san-sebastian-y-concejales-de-barcelona-y-zaragoza-para-conocer-sus-oficinas-estrategicas-un-recurso-que-pamplona-impulso-en-2017\/","url":"https:\/\/www.laguiadepamplona.com\/actualidad\/el-alcalde-se-reune-con-el-de-san-sebastian-y-concejales-de-barcelona-y-zaragoza-para-conocer-sus-oficinas-estrategicas-un-recurso-que-pamplona-impulso-en-2017\/","name":"El alcalde se re\u00fane con el de San Sebasti\u00e1n y concejales de Barcelona y Zaragoza para conocer sus oficinas estrat\u00e9gicas, un recurso que Pamplona impuls\u00f3 en 2017","isPartOf":{"@id":"https:\/\/www.laguiadepamplona.com\/actualidad\/#website"},"primaryImageOfPage":{"@id":"https:\/\/www.laguiadepamplona.com\/actualidad\/el-alcalde-se-reune-con-el-de-san-sebastian-y-concejales-de-barcelona-y-zaragoza-para-conocer-sus-oficinas-estrategicas-un-recurso-que-pamplona-impulso-en-2017\/#primaryimage"},"image":{"@id":"https:\/\/www.laguiadepamplona.com\/actualidad\/el-alcalde-se-reune-con-el-de-san-sebastian-y-concejales-de-barcelona-y-zaragoza-para-conocer-sus-oficinas-estrategicas-un-recurso-que-pamplona-impulso-en-2017\/#primaryimage"},"thumbnailUrl":"https:\/\/www.laguiadepamplona.com\/actualidad\/wp-content\/uploads\/2018\/02\/18.02.13_jornada_planificacion_urbana_apertura.jpg","datePublished":"2018-02-13T14:38:21+00:00","breadcrumb":{"@id":"https:\/\/www.laguiadepamplona.com\/actualidad\/el-alcalde-se-reune-con-el-de-san-sebastian-y-concejales-de-barcelona-y-zaragoza-para-conocer-sus-oficinas-estrategicas-un-recurso-que-pamplona-impulso-en-2017\/#breadcrumb"},"inLanguage":"es","potentialAction":[{"@type":"ReadAction","target":["https:\/\/www.laguiadepamplona.com\/actualidad\/el-alcalde-se-reune-con-el-de-san-sebastian-y-concejales-de-barcelona-y-zaragoza-para-conocer-sus-oficinas-estrategicas-un-recurso-que-pamplona-impulso-en-2017\/"]}]},{"@type":"ImageObject","inLanguage":"es","@id":"https:\/\/www.laguiadepamplona.com\/actualidad\/el-alcalde-se-reune-con-el-de-san-sebastian-y-concejales-de-barcelona-y-zaragoza-para-conocer-sus-oficinas-estrategicas-un-recurso-que-pamplona-impulso-en-2017\/#primaryimage","url":"https:\/\/www.laguiadepamplona.com\/actualidad\/wp-content\/uploads\/2018\/02\/18.02.13_jornada_planificacion_urbana_apertura.jpg","contentUrl":"https:\/\/www.laguiadepamplona.com\/actualidad\/wp-content\/uploads\/2018\/02\/18.02.13_jornada_planificacion_urbana_apertura.jpg","width":1000,"height":666},{"@type":"BreadcrumbList","@id":"https:\/\/www.laguiadepamplona.com\/actualidad\/el-alcalde-se-reune-con-el-de-san-sebastian-y-concejales-de-barcelona-y-zaragoza-para-conocer-sus-oficinas-estrategicas-un-recurso-que-pamplona-impulso-en-2017\/#breadcrumb","itemListElement":[{"@type":"ListItem","position":1,"name":"Portada","item":"https:\/\/www.laguiadepamplona.com\/actualidad\/"},{"@type":"ListItem","position":2,"name":"El alcalde se re\u00fane con el de San Sebasti\u00e1n y concejales de Barcelona y Zaragoza para conocer sus oficinas estrat\u00e9gicas, un recurso que Pamplona impuls\u00f3 en 2017"}]},{"@type":"WebSite","@id":"https:\/\/www.laguiadepamplona.com\/actualidad\/#website","url":"https:\/\/www.laguiadepamplona.com\/actualidad\/","name":"La gu\u00eda de Pamplona","description":"Noticias de Pamplona","publisher":{"@id":"https:\/\/www.laguiadepamplona.com\/actualidad\/#organization"},"potentialAction":[{"@type":"SearchAction","target":{"@type":"EntryPoint","urlTemplate":"https:\/\/www.laguiadepamplona.com\/actualidad\/?s={search_term_string}"},"query-input":{"@type":"PropertyValueSpecification","valueRequired":true,"valueName":"search_term_string"}}],"inLanguage":"es"},{"@type":"Organization","@id":"https:\/\/www.laguiadepamplona.com\/actualidad\/#organization","name":"La Gu\u00eda de Pamplona \/ Noticias","url":"https:\/\/www.laguiadepamplona.com\/actualidad\/","logo":{"@type":"ImageObject","inLanguage":"es","@id":"https:\/\/www.laguiadepamplona.com\/actualidad\/#\/schema\/logo\/image\/","url":"https:\/\/www.laguiadepamplona.com\/actualidad\/wp-content\/uploads\/2018\/11\/logo-laguiadepamplona18-web1.png","contentUrl":"https:\/\/www.laguiadepamplona.com\/actualidad\/wp-content\/uploads\/2018\/11\/logo-laguiadepamplona18-web1.png","width":600,"height":196,"caption":"La Gu\u00eda de Pamplona \/ Noticias"},"image":{"@id":"https:\/\/www.laguiadepamplona.com\/actualidad\/#\/schema\/logo\/image\/"},"sameAs":["https:\/\/www.facebook.com\/laguiadepamplonacom-133175176762273\/?ref=hl","https:\/\/x.com\/LaGuiadPamplona","https:\/\/www.instagram.com\/la_guia_de_pamplona\/","https:\/\/www.youtube.com\/user\/laguiadepamplona"]},{"@type":"Person","@id":"https:\/\/www.laguiadepamplona.com\/actualidad\/#\/schema\/person\/efe887376f0213d4657c93adc50b1fdb","name":"La Gu\u00eda de Pamplona","image":{"@type":"ImageObject","inLanguage":"es","@id":"https:\/\/secure.gravatar.com\/avatar\/b6992f131dc8d30ab0dff15446e9d346d9dbd95992de0fef795073f5ea83a81c?s=96&d=mm&r=g","url":"https:\/\/secure.gravatar.com\/avatar\/b6992f131dc8d30ab0dff15446e9d346d9dbd95992de0fef795073f5ea83a81c?s=96&d=mm&r=g","contentUrl":"https:\/\/secure.gravatar.com\/avatar\/b6992f131dc8d30ab0dff15446e9d346d9dbd95992de0fef795073f5ea83a81c?s=96&d=mm&r=g","caption":"La Gu\u00eda de Pamplona"}}]}},"post_mailing_queue_ids":[],"_links":{"self":[{"href":"https:\/\/www.laguiadepamplona.com\/actualidad\/wp-json\/wp\/v2\/posts\/16102","targetHints":{"allow":["GET"]}}],"collection":[{"href":"https:\/\/www.laguiadepamplona.com\/actualidad\/wp-json\/wp\/v2\/posts"}],"about":[{"href":"https:\/\/www.laguiadepamplona.com\/actualidad\/wp-json\/wp\/v2\/types\/post"}],"author":[{"embeddable":true,"href":"https:\/\/www.laguiadepamplona.com\/actualidad\/wp-json\/wp\/v2\/users\/1"}],"replies":[{"embeddable":true,"href":"https:\/\/www.laguiadepamplona.com\/actualidad\/wp-json\/wp\/v2\/comments?post=16102"}],"version-history":[{"count":0,"href":"https:\/\/www.laguiadepamplona.com\/actualidad\/wp-json\/wp\/v2\/posts\/16102\/revisions"}],"wp:featuredmedia":[{"embeddable":true,"href":"https:\/\/www.laguiadepamplona.com\/actualidad\/wp-json\/wp\/v2\/media\/16103"}],"wp:attachment":[{"href":"https:\/\/www.laguiadepamplona.com\/actualidad\/wp-json\/wp\/v2\/media?parent=16102"}],"wp:term":[{"taxonomy":"category","embeddable":true,"href":"https:\/\/www.laguiadepamplona.com\/actualidad\/wp-json\/wp\/v2\/categories?post=16102"},{"taxonomy":"post_tag","embeddable":true,"href":"https:\/\/www.laguiadepamplona.com\/actualidad\/wp-json\/wp\/v2\/tags?post=16102"}],"curies":[{"name":"wp","href":"https:\/\/api.w.org\/{rel}","templated":true}]}}