{"id":16099,"date":"2018-02-13T15:35:16","date_gmt":"2018-02-13T14:35:16","guid":{"rendered":"http:\/\/laguiadepamplona.es\/actualidad\/?p=16099"},"modified":"2018-02-13T15:35:16","modified_gmt":"2018-02-13T14:35:16","slug":"la-junta-de-gobierno-de-las-escuelas-infantiles-finaliza-con-una-comida-basada-en-el-nuevo-modelo-de-menus-mas-saludables-que-se-esta-implantando-en-los-centros","status":"publish","type":"post","link":"https:\/\/www.laguiadepamplona.com\/actualidad\/la-junta-de-gobierno-de-las-escuelas-infantiles-finaliza-con-una-comida-basada-en-el-nuevo-modelo-de-menus-mas-saludables-que-se-esta-implantando-en-los-centros\/","title":{"rendered":"La Junta de Gobierno de las Escuelas Infantiles finaliza con una comida basada en el nuevo modelo de men\u00fas m\u00e1s saludables que se est\u00e1 implantando en los centros"},"content":{"rendered":"<h3>El nuevo plan pionero que se est\u00e1 estableciendo en dos escuelas infantiles introduce alimentos de proximidad, frescos, de temporada y ecol\u00f3gicos<\/h3>\n<p><!--more--><\/p>\n<p>La Junta de Gobierno del Organismo Aut\u00f3nomo de las Escuelas Infantiles municipales de Pamplona ha finalizado su reuni\u00f3n de esta ma\u00f1ana con una comida basada en la degustaci\u00f3n de un men\u00fa m\u00e1s saludable. De esta manera, algunas de las personas participantes en la sesi\u00f3n han podido comprobar c\u00f3mo son los nuevos men\u00fas que comenzaron a implantarse el curso pasado en la E.I. Donibane y en Hello Buztintxuri, y que pr\u00f3ximamente se extender\u00e1 a toda la red de centros.<\/p>\n<p>La comida se ha celebrado en la E.I. Donibane y han participado la presidenta del organismo aut\u00f3nomo y concejala delegada de Cultura y Educaci\u00f3n, Maider Beloki; las concejalas Mar\u00eda Caballero, Mar\u00eda Garc\u00eda-Barberena, Ana Lezcano, Esther Cremaes y Maite Esporri\u00f3n; el gerente, Alfredo Hoyuelos, y la directora de la escuela infantil, Edurne Lekunberri. El men\u00fa estaba conformado por br\u00f3coli de primero y avena con zanahoria y ternera de segundo.<\/p>\n<p>Las escuelas infantiles de Pamplona est\u00e1n sustituyendo el modelo anterior por otro plan pionero de men\u00fas m\u00e1s saludables es el que los alimentos que se utilizan son de proximidad, frescos, de temporada y ecol\u00f3gicos. Asimismo, se plantea que la carne pueda regirse por los mismos criterios. Se considera que los alimentos b\u00e1sicos deben de recuperar protagonismo y calidad en los men\u00fas de acuerdo a criterios organol\u00e9pticos (mejor sabor, m\u00e1s apetencia), nutricionales y sanitarios. De este modo, el pan, la patata, la leche y el aceite deben ser de la m\u00e1xima calidad y constituirse como iconos del cambio, referentes entre los nuevos productos. As\u00ed se tienen en cuenta el origen y el sistema de producci\u00f3n y elaboraci\u00f3n de los alimentos.<\/p>\n<p>La comida ha tenido lugar al finalizar una reuni\u00f3n en la que se ha abordado la obra en la sala de calderas del centro de Mendebaldea, la organizaci\u00f3n de jornadas de formaci\u00f3n trimestrales para atender todas las solicitudes de visitas que se reciben implantando una tasa de inscripci\u00f3n por cada persona participante y el precio de venta al p\u00fablico de la \u00faltima publicaci\u00f3n que se ha editado. El \u00faltimo punto del orden del d\u00eda hac\u00eda referencia a la informaci\u00f3n sobre el proyecto Erasmus Plus, en el que participa la Escuela Infantil Hello Buztintxuri.<\/p>\n","protected":false},"excerpt":{"rendered":"<p>El nuevo plan pionero que se est\u00e1 estableciendo en dos escuelas infantiles introduce alimentos de proximidad, frescos, de temporada y ecol\u00f3gicos<\/p>\n","protected":false},"author":1,"featured_media":16100,"comment_status":"open","ping_status":"closed","sticky":false,"template":"","format":"standard","meta":{"footnotes":""},"categories":[2],"tags":[],"class_list":["post-16099","post","type-post","status-publish","format-standard","has-post-thumbnail","hentry","category-ayuntamiento-pamplona"],"yoast_head":"<!-- This site is optimized with the Yoast SEO plugin v27.3 - https:\/\/yoast.com\/product\/yoast-seo-wordpress\/ -->\n<title>La Junta de Gobierno de las Escuelas Infantiles finaliza con una comida basada en el nuevo modelo de men\u00fas m\u00e1s saludables que se est\u00e1 implantando en los centros<\/title>\n<meta name=\"robots\" content=\"index, follow, max-snippet:-1, max-image-preview:large, max-video-preview:-1\" \/>\n<link rel=\"canonical\" href=\"https:\/\/www.laguiadepamplona.com\/actualidad\/la-junta-de-gobierno-de-las-escuelas-infantiles-finaliza-con-una-comida-basada-en-el-nuevo-modelo-de-menus-mas-saludables-que-se-esta-implantando-en-los-centros\/\" \/>\n<meta property=\"og:locale\" content=\"es_ES\" \/>\n<meta property=\"og:type\" content=\"article\" \/>\n<meta property=\"og:title\" content=\"La Junta de Gobierno de las Escuelas Infantiles finaliza con una comida basada en el nuevo modelo de men\u00fas m\u00e1s saludables que se est\u00e1 implantando en los centros\" \/>\n<meta property=\"og:description\" content=\"El nuevo plan pionero que se est\u00e1 estableciendo en dos escuelas infantiles introduce alimentos de proximidad, frescos, de temporada y ecol\u00f3gicos\" \/>\n<meta property=\"og:url\" content=\"https:\/\/www.laguiadepamplona.com\/actualidad\/la-junta-de-gobierno-de-las-escuelas-infantiles-finaliza-con-una-comida-basada-en-el-nuevo-modelo-de-menus-mas-saludables-que-se-esta-implantando-en-los-centros\/\" \/>\n<meta property=\"og:site_name\" content=\"La Gu\u00eda de Pamplona\" \/>\n<meta property=\"article:publisher\" content=\"https:\/\/www.facebook.com\/laguiadepamplonacom-133175176762273\/?ref=hl\" \/>\n<meta property=\"article:published_time\" content=\"2018-02-13T14:35:16+00:00\" \/>\n<meta property=\"og:image\" content=\"https:\/\/www.laguiadepamplona.com\/actualidad\/wp-content\/uploads\/2018\/02\/18.02.13_junta_escuela_infantil_menus_saludables.jpg\" \/>\n\t<meta property=\"og:image:width\" content=\"1000\" \/>\n\t<meta property=\"og:image:height\" content=\"668\" \/>\n\t<meta property=\"og:image:type\" content=\"image\/jpeg\" \/>\n<meta name=\"author\" content=\"La Gu\u00eda de Pamplona\" \/>\n<meta name=\"twitter:card\" content=\"summary_large_image\" \/>\n<meta name=\"twitter:creator\" content=\"@LaGuiadPamplona\" \/>\n<meta name=\"twitter:site\" content=\"@LaGuiadPamplona\" \/>\n<meta name=\"twitter:label1\" content=\"Escrito por\" \/>\n\t<meta name=\"twitter:data1\" content=\"La Gu\u00eda de Pamplona\" \/>\n\t<meta name=\"twitter:label2\" content=\"Tiempo de lectura\" \/>\n\t<meta name=\"twitter:data2\" content=\"2 minutos\" \/>\n<script type=\"application\/ld+json\" class=\"yoast-schema-graph\">{\"@context\":\"https:\\\/\\\/schema.org\",\"@graph\":[{\"@type\":\"Article\",\"@id\":\"https:\\\/\\\/www.laguiadepamplona.com\\\/actualidad\\\/la-junta-de-gobierno-de-las-escuelas-infantiles-finaliza-con-una-comida-basada-en-el-nuevo-modelo-de-menus-mas-saludables-que-se-esta-implantando-en-los-centros\\\/#article\",\"isPartOf\":{\"@id\":\"https:\\\/\\\/www.laguiadepamplona.com\\\/actualidad\\\/la-junta-de-gobierno-de-las-escuelas-infantiles-finaliza-con-una-comida-basada-en-el-nuevo-modelo-de-menus-mas-saludables-que-se-esta-implantando-en-los-centros\\\/\"},\"author\":{\"name\":\"La Gu\u00eda de Pamplona\",\"@id\":\"https:\\\/\\\/www.laguiadepamplona.com\\\/actualidad\\\/#\\\/schema\\\/person\\\/efe887376f0213d4657c93adc50b1fdb\"},\"headline\":\"La Junta de Gobierno de las Escuelas Infantiles finaliza con una comida basada en el nuevo modelo de men\u00fas m\u00e1s saludables que se est\u00e1 implantando en los centros\",\"datePublished\":\"2018-02-13T14:35:16+00:00\",\"mainEntityOfPage\":{\"@id\":\"https:\\\/\\\/www.laguiadepamplona.com\\\/actualidad\\\/la-junta-de-gobierno-de-las-escuelas-infantiles-finaliza-con-una-comida-basada-en-el-nuevo-modelo-de-menus-mas-saludables-que-se-esta-implantando-en-los-centros\\\/\"},\"wordCount\":448,\"commentCount\":0,\"publisher\":{\"@id\":\"https:\\\/\\\/www.laguiadepamplona.com\\\/actualidad\\\/#organization\"},\"image\":{\"@id\":\"https:\\\/\\\/www.laguiadepamplona.com\\\/actualidad\\\/la-junta-de-gobierno-de-las-escuelas-infantiles-finaliza-con-una-comida-basada-en-el-nuevo-modelo-de-menus-mas-saludables-que-se-esta-implantando-en-los-centros\\\/#primaryimage\"},\"thumbnailUrl\":\"https:\\\/\\\/www.laguiadepamplona.com\\\/actualidad\\\/wp-content\\\/uploads\\\/2018\\\/02\\\/18.02.13_junta_escuela_infantil_menus_saludables.jpg\",\"articleSection\":[\"Ayto Pamplona\"],\"inLanguage\":\"es\",\"potentialAction\":[{\"@type\":\"CommentAction\",\"name\":\"Comment\",\"target\":[\"https:\\\/\\\/www.laguiadepamplona.com\\\/actualidad\\\/la-junta-de-gobierno-de-las-escuelas-infantiles-finaliza-con-una-comida-basada-en-el-nuevo-modelo-de-menus-mas-saludables-que-se-esta-implantando-en-los-centros\\\/#respond\"]}]},{\"@type\":\"WebPage\",\"@id\":\"https:\\\/\\\/www.laguiadepamplona.com\\\/actualidad\\\/la-junta-de-gobierno-de-las-escuelas-infantiles-finaliza-con-una-comida-basada-en-el-nuevo-modelo-de-menus-mas-saludables-que-se-esta-implantando-en-los-centros\\\/\",\"url\":\"https:\\\/\\\/www.laguiadepamplona.com\\\/actualidad\\\/la-junta-de-gobierno-de-las-escuelas-infantiles-finaliza-con-una-comida-basada-en-el-nuevo-modelo-de-menus-mas-saludables-que-se-esta-implantando-en-los-centros\\\/\",\"name\":\"La Junta de Gobierno de las Escuelas Infantiles finaliza con una comida basada en el nuevo modelo de men\u00fas m\u00e1s saludables que se est\u00e1 implantando en los centros\",\"isPartOf\":{\"@id\":\"https:\\\/\\\/www.laguiadepamplona.com\\\/actualidad\\\/#website\"},\"primaryImageOfPage\":{\"@id\":\"https:\\\/\\\/www.laguiadepamplona.com\\\/actualidad\\\/la-junta-de-gobierno-de-las-escuelas-infantiles-finaliza-con-una-comida-basada-en-el-nuevo-modelo-de-menus-mas-saludables-que-se-esta-implantando-en-los-centros\\\/#primaryimage\"},\"image\":{\"@id\":\"https:\\\/\\\/www.laguiadepamplona.com\\\/actualidad\\\/la-junta-de-gobierno-de-las-escuelas-infantiles-finaliza-con-una-comida-basada-en-el-nuevo-modelo-de-menus-mas-saludables-que-se-esta-implantando-en-los-centros\\\/#primaryimage\"},\"thumbnailUrl\":\"https:\\\/\\\/www.laguiadepamplona.com\\\/actualidad\\\/wp-content\\\/uploads\\\/2018\\\/02\\\/18.02.13_junta_escuela_infantil_menus_saludables.jpg\",\"datePublished\":\"2018-02-13T14:35:16+00:00\",\"breadcrumb\":{\"@id\":\"https:\\\/\\\/www.laguiadepamplona.com\\\/actualidad\\\/la-junta-de-gobierno-de-las-escuelas-infantiles-finaliza-con-una-comida-basada-en-el-nuevo-modelo-de-menus-mas-saludables-que-se-esta-implantando-en-los-centros\\\/#breadcrumb\"},\"inLanguage\":\"es\",\"potentialAction\":[{\"@type\":\"ReadAction\",\"target\":[\"https:\\\/\\\/www.laguiadepamplona.com\\\/actualidad\\\/la-junta-de-gobierno-de-las-escuelas-infantiles-finaliza-con-una-comida-basada-en-el-nuevo-modelo-de-menus-mas-saludables-que-se-esta-implantando-en-los-centros\\\/\"]}]},{\"@type\":\"ImageObject\",\"inLanguage\":\"es\",\"@id\":\"https:\\\/\\\/www.laguiadepamplona.com\\\/actualidad\\\/la-junta-de-gobierno-de-las-escuelas-infantiles-finaliza-con-una-comida-basada-en-el-nuevo-modelo-de-menus-mas-saludables-que-se-esta-implantando-en-los-centros\\\/#primaryimage\",\"url\":\"https:\\\/\\\/www.laguiadepamplona.com\\\/actualidad\\\/wp-content\\\/uploads\\\/2018\\\/02\\\/18.02.13_junta_escuela_infantil_menus_saludables.jpg\",\"contentUrl\":\"https:\\\/\\\/www.laguiadepamplona.com\\\/actualidad\\\/wp-content\\\/uploads\\\/2018\\\/02\\\/18.02.13_junta_escuela_infantil_menus_saludables.jpg\",\"width\":1000,\"height\":668},{\"@type\":\"BreadcrumbList\",\"@id\":\"https:\\\/\\\/www.laguiadepamplona.com\\\/actualidad\\\/la-junta-de-gobierno-de-las-escuelas-infantiles-finaliza-con-una-comida-basada-en-el-nuevo-modelo-de-menus-mas-saludables-que-se-esta-implantando-en-los-centros\\\/#breadcrumb\",\"itemListElement\":[{\"@type\":\"ListItem\",\"position\":1,\"name\":\"Portada\",\"item\":\"https:\\\/\\\/www.laguiadepamplona.com\\\/actualidad\\\/\"},{\"@type\":\"ListItem\",\"position\":2,\"name\":\"La Junta de Gobierno de las Escuelas Infantiles finaliza con una comida basada en el nuevo modelo de men\u00fas m\u00e1s saludables que se est\u00e1 implantando en los centros\"}]},{\"@type\":\"WebSite\",\"@id\":\"https:\\\/\\\/www.laguiadepamplona.com\\\/actualidad\\\/#website\",\"url\":\"https:\\\/\\\/www.laguiadepamplona.com\\\/actualidad\\\/\",\"name\":\"La gu\u00eda de Pamplona\",\"description\":\"Noticias de Pamplona\",\"publisher\":{\"@id\":\"https:\\\/\\\/www.laguiadepamplona.com\\\/actualidad\\\/#organization\"},\"potentialAction\":[{\"@type\":\"SearchAction\",\"target\":{\"@type\":\"EntryPoint\",\"urlTemplate\":\"https:\\\/\\\/www.laguiadepamplona.com\\\/actualidad\\\/?s={search_term_string}\"},\"query-input\":{\"@type\":\"PropertyValueSpecification\",\"valueRequired\":true,\"valueName\":\"search_term_string\"}}],\"inLanguage\":\"es\"},{\"@type\":\"Organization\",\"@id\":\"https:\\\/\\\/www.laguiadepamplona.com\\\/actualidad\\\/#organization\",\"name\":\"La Gu\u00eda de Pamplona \\\/ Noticias\",\"url\":\"https:\\\/\\\/www.laguiadepamplona.com\\\/actualidad\\\/\",\"logo\":{\"@type\":\"ImageObject\",\"inLanguage\":\"es\",\"@id\":\"https:\\\/\\\/www.laguiadepamplona.com\\\/actualidad\\\/#\\\/schema\\\/logo\\\/image\\\/\",\"url\":\"https:\\\/\\\/www.laguiadepamplona.com\\\/actualidad\\\/wp-content\\\/uploads\\\/2018\\\/11\\\/logo-laguiadepamplona18-web1.png\",\"contentUrl\":\"https:\\\/\\\/www.laguiadepamplona.com\\\/actualidad\\\/wp-content\\\/uploads\\\/2018\\\/11\\\/logo-laguiadepamplona18-web1.png\",\"width\":600,\"height\":196,\"caption\":\"La Gu\u00eda de Pamplona \\\/ Noticias\"},\"image\":{\"@id\":\"https:\\\/\\\/www.laguiadepamplona.com\\\/actualidad\\\/#\\\/schema\\\/logo\\\/image\\\/\"},\"sameAs\":[\"https:\\\/\\\/www.facebook.com\\\/laguiadepamplonacom-133175176762273\\\/?ref=hl\",\"https:\\\/\\\/x.com\\\/LaGuiadPamplona\",\"https:\\\/\\\/www.instagram.com\\\/la_guia_de_pamplona\\\/\",\"https:\\\/\\\/www.youtube.com\\\/user\\\/laguiadepamplona\"]},{\"@type\":\"Person\",\"@id\":\"https:\\\/\\\/www.laguiadepamplona.com\\\/actualidad\\\/#\\\/schema\\\/person\\\/efe887376f0213d4657c93adc50b1fdb\",\"name\":\"La Gu\u00eda de Pamplona\",\"image\":{\"@type\":\"ImageObject\",\"inLanguage\":\"es\",\"@id\":\"https:\\\/\\\/secure.gravatar.com\\\/avatar\\\/b6992f131dc8d30ab0dff15446e9d346d9dbd95992de0fef795073f5ea83a81c?s=96&d=mm&r=g\",\"url\":\"https:\\\/\\\/secure.gravatar.com\\\/avatar\\\/b6992f131dc8d30ab0dff15446e9d346d9dbd95992de0fef795073f5ea83a81c?s=96&d=mm&r=g\",\"contentUrl\":\"https:\\\/\\\/secure.gravatar.com\\\/avatar\\\/b6992f131dc8d30ab0dff15446e9d346d9dbd95992de0fef795073f5ea83a81c?s=96&d=mm&r=g\",\"caption\":\"La Gu\u00eda de Pamplona\"}}]}<\/script>\n<!-- \/ Yoast SEO plugin. -->","yoast_head_json":{"title":"La Junta de Gobierno de las Escuelas Infantiles finaliza con una comida basada en el nuevo modelo de men\u00fas m\u00e1s saludables que se est\u00e1 implantando en los centros","robots":{"index":"index","follow":"follow","max-snippet":"max-snippet:-1","max-image-preview":"max-image-preview:large","max-video-preview":"max-video-preview:-1"},"canonical":"https:\/\/www.laguiadepamplona.com\/actualidad\/la-junta-de-gobierno-de-las-escuelas-infantiles-finaliza-con-una-comida-basada-en-el-nuevo-modelo-de-menus-mas-saludables-que-se-esta-implantando-en-los-centros\/","og_locale":"es_ES","og_type":"article","og_title":"La Junta de Gobierno de las Escuelas Infantiles finaliza con una comida basada en el nuevo modelo de men\u00fas m\u00e1s saludables que se est\u00e1 implantando en los centros","og_description":"El nuevo plan pionero que se est\u00e1 estableciendo en dos escuelas infantiles introduce alimentos de proximidad, frescos, de temporada y ecol\u00f3gicos","og_url":"https:\/\/www.laguiadepamplona.com\/actualidad\/la-junta-de-gobierno-de-las-escuelas-infantiles-finaliza-con-una-comida-basada-en-el-nuevo-modelo-de-menus-mas-saludables-que-se-esta-implantando-en-los-centros\/","og_site_name":"La Gu\u00eda de Pamplona","article_publisher":"https:\/\/www.facebook.com\/laguiadepamplonacom-133175176762273\/?ref=hl","article_published_time":"2018-02-13T14:35:16+00:00","og_image":[{"width":1000,"height":668,"url":"https:\/\/www.laguiadepamplona.com\/actualidad\/wp-content\/uploads\/2018\/02\/18.02.13_junta_escuela_infantil_menus_saludables.jpg","type":"image\/jpeg"}],"author":"La Gu\u00eda de Pamplona","twitter_card":"summary_large_image","twitter_creator":"@LaGuiadPamplona","twitter_site":"@LaGuiadPamplona","twitter_misc":{"Escrito por":"La Gu\u00eda de Pamplona","Tiempo de lectura":"2 minutos"},"schema":{"@context":"https:\/\/schema.org","@graph":[{"@type":"Article","@id":"https:\/\/www.laguiadepamplona.com\/actualidad\/la-junta-de-gobierno-de-las-escuelas-infantiles-finaliza-con-una-comida-basada-en-el-nuevo-modelo-de-menus-mas-saludables-que-se-esta-implantando-en-los-centros\/#article","isPartOf":{"@id":"https:\/\/www.laguiadepamplona.com\/actualidad\/la-junta-de-gobierno-de-las-escuelas-infantiles-finaliza-con-una-comida-basada-en-el-nuevo-modelo-de-menus-mas-saludables-que-se-esta-implantando-en-los-centros\/"},"author":{"name":"La Gu\u00eda de Pamplona","@id":"https:\/\/www.laguiadepamplona.com\/actualidad\/#\/schema\/person\/efe887376f0213d4657c93adc50b1fdb"},"headline":"La Junta de Gobierno de las Escuelas Infantiles finaliza con una comida basada en el nuevo modelo de men\u00fas m\u00e1s saludables que se est\u00e1 implantando en los centros","datePublished":"2018-02-13T14:35:16+00:00","mainEntityOfPage":{"@id":"https:\/\/www.laguiadepamplona.com\/actualidad\/la-junta-de-gobierno-de-las-escuelas-infantiles-finaliza-con-una-comida-basada-en-el-nuevo-modelo-de-menus-mas-saludables-que-se-esta-implantando-en-los-centros\/"},"wordCount":448,"commentCount":0,"publisher":{"@id":"https:\/\/www.laguiadepamplona.com\/actualidad\/#organization"},"image":{"@id":"https:\/\/www.laguiadepamplona.com\/actualidad\/la-junta-de-gobierno-de-las-escuelas-infantiles-finaliza-con-una-comida-basada-en-el-nuevo-modelo-de-menus-mas-saludables-que-se-esta-implantando-en-los-centros\/#primaryimage"},"thumbnailUrl":"https:\/\/www.laguiadepamplona.com\/actualidad\/wp-content\/uploads\/2018\/02\/18.02.13_junta_escuela_infantil_menus_saludables.jpg","articleSection":["Ayto Pamplona"],"inLanguage":"es","potentialAction":[{"@type":"CommentAction","name":"Comment","target":["https:\/\/www.laguiadepamplona.com\/actualidad\/la-junta-de-gobierno-de-las-escuelas-infantiles-finaliza-con-una-comida-basada-en-el-nuevo-modelo-de-menus-mas-saludables-que-se-esta-implantando-en-los-centros\/#respond"]}]},{"@type":"WebPage","@id":"https:\/\/www.laguiadepamplona.com\/actualidad\/la-junta-de-gobierno-de-las-escuelas-infantiles-finaliza-con-una-comida-basada-en-el-nuevo-modelo-de-menus-mas-saludables-que-se-esta-implantando-en-los-centros\/","url":"https:\/\/www.laguiadepamplona.com\/actualidad\/la-junta-de-gobierno-de-las-escuelas-infantiles-finaliza-con-una-comida-basada-en-el-nuevo-modelo-de-menus-mas-saludables-que-se-esta-implantando-en-los-centros\/","name":"La Junta de Gobierno de las Escuelas Infantiles finaliza con una comida basada en el nuevo modelo de men\u00fas m\u00e1s saludables que se est\u00e1 implantando en los centros","isPartOf":{"@id":"https:\/\/www.laguiadepamplona.com\/actualidad\/#website"},"primaryImageOfPage":{"@id":"https:\/\/www.laguiadepamplona.com\/actualidad\/la-junta-de-gobierno-de-las-escuelas-infantiles-finaliza-con-una-comida-basada-en-el-nuevo-modelo-de-menus-mas-saludables-que-se-esta-implantando-en-los-centros\/#primaryimage"},"image":{"@id":"https:\/\/www.laguiadepamplona.com\/actualidad\/la-junta-de-gobierno-de-las-escuelas-infantiles-finaliza-con-una-comida-basada-en-el-nuevo-modelo-de-menus-mas-saludables-que-se-esta-implantando-en-los-centros\/#primaryimage"},"thumbnailUrl":"https:\/\/www.laguiadepamplona.com\/actualidad\/wp-content\/uploads\/2018\/02\/18.02.13_junta_escuela_infantil_menus_saludables.jpg","datePublished":"2018-02-13T14:35:16+00:00","breadcrumb":{"@id":"https:\/\/www.laguiadepamplona.com\/actualidad\/la-junta-de-gobierno-de-las-escuelas-infantiles-finaliza-con-una-comida-basada-en-el-nuevo-modelo-de-menus-mas-saludables-que-se-esta-implantando-en-los-centros\/#breadcrumb"},"inLanguage":"es","potentialAction":[{"@type":"ReadAction","target":["https:\/\/www.laguiadepamplona.com\/actualidad\/la-junta-de-gobierno-de-las-escuelas-infantiles-finaliza-con-una-comida-basada-en-el-nuevo-modelo-de-menus-mas-saludables-que-se-esta-implantando-en-los-centros\/"]}]},{"@type":"ImageObject","inLanguage":"es","@id":"https:\/\/www.laguiadepamplona.com\/actualidad\/la-junta-de-gobierno-de-las-escuelas-infantiles-finaliza-con-una-comida-basada-en-el-nuevo-modelo-de-menus-mas-saludables-que-se-esta-implantando-en-los-centros\/#primaryimage","url":"https:\/\/www.laguiadepamplona.com\/actualidad\/wp-content\/uploads\/2018\/02\/18.02.13_junta_escuela_infantil_menus_saludables.jpg","contentUrl":"https:\/\/www.laguiadepamplona.com\/actualidad\/wp-content\/uploads\/2018\/02\/18.02.13_junta_escuela_infantil_menus_saludables.jpg","width":1000,"height":668},{"@type":"BreadcrumbList","@id":"https:\/\/www.laguiadepamplona.com\/actualidad\/la-junta-de-gobierno-de-las-escuelas-infantiles-finaliza-con-una-comida-basada-en-el-nuevo-modelo-de-menus-mas-saludables-que-se-esta-implantando-en-los-centros\/#breadcrumb","itemListElement":[{"@type":"ListItem","position":1,"name":"Portada","item":"https:\/\/www.laguiadepamplona.com\/actualidad\/"},{"@type":"ListItem","position":2,"name":"La Junta de Gobierno de las Escuelas Infantiles finaliza con una comida basada en el nuevo modelo de men\u00fas m\u00e1s saludables que se est\u00e1 implantando en los centros"}]},{"@type":"WebSite","@id":"https:\/\/www.laguiadepamplona.com\/actualidad\/#website","url":"https:\/\/www.laguiadepamplona.com\/actualidad\/","name":"La gu\u00eda de Pamplona","description":"Noticias de Pamplona","publisher":{"@id":"https:\/\/www.laguiadepamplona.com\/actualidad\/#organization"},"potentialAction":[{"@type":"SearchAction","target":{"@type":"EntryPoint","urlTemplate":"https:\/\/www.laguiadepamplona.com\/actualidad\/?s={search_term_string}"},"query-input":{"@type":"PropertyValueSpecification","valueRequired":true,"valueName":"search_term_string"}}],"inLanguage":"es"},{"@type":"Organization","@id":"https:\/\/www.laguiadepamplona.com\/actualidad\/#organization","name":"La Gu\u00eda de Pamplona \/ Noticias","url":"https:\/\/www.laguiadepamplona.com\/actualidad\/","logo":{"@type":"ImageObject","inLanguage":"es","@id":"https:\/\/www.laguiadepamplona.com\/actualidad\/#\/schema\/logo\/image\/","url":"https:\/\/www.laguiadepamplona.com\/actualidad\/wp-content\/uploads\/2018\/11\/logo-laguiadepamplona18-web1.png","contentUrl":"https:\/\/www.laguiadepamplona.com\/actualidad\/wp-content\/uploads\/2018\/11\/logo-laguiadepamplona18-web1.png","width":600,"height":196,"caption":"La Gu\u00eda de Pamplona \/ Noticias"},"image":{"@id":"https:\/\/www.laguiadepamplona.com\/actualidad\/#\/schema\/logo\/image\/"},"sameAs":["https:\/\/www.facebook.com\/laguiadepamplonacom-133175176762273\/?ref=hl","https:\/\/x.com\/LaGuiadPamplona","https:\/\/www.instagram.com\/la_guia_de_pamplona\/","https:\/\/www.youtube.com\/user\/laguiadepamplona"]},{"@type":"Person","@id":"https:\/\/www.laguiadepamplona.com\/actualidad\/#\/schema\/person\/efe887376f0213d4657c93adc50b1fdb","name":"La Gu\u00eda de Pamplona","image":{"@type":"ImageObject","inLanguage":"es","@id":"https:\/\/secure.gravatar.com\/avatar\/b6992f131dc8d30ab0dff15446e9d346d9dbd95992de0fef795073f5ea83a81c?s=96&d=mm&r=g","url":"https:\/\/secure.gravatar.com\/avatar\/b6992f131dc8d30ab0dff15446e9d346d9dbd95992de0fef795073f5ea83a81c?s=96&d=mm&r=g","contentUrl":"https:\/\/secure.gravatar.com\/avatar\/b6992f131dc8d30ab0dff15446e9d346d9dbd95992de0fef795073f5ea83a81c?s=96&d=mm&r=g","caption":"La Gu\u00eda de Pamplona"}}]}},"post_mailing_queue_ids":[],"_links":{"self":[{"href":"https:\/\/www.laguiadepamplona.com\/actualidad\/wp-json\/wp\/v2\/posts\/16099","targetHints":{"allow":["GET"]}}],"collection":[{"href":"https:\/\/www.laguiadepamplona.com\/actualidad\/wp-json\/wp\/v2\/posts"}],"about":[{"href":"https:\/\/www.laguiadepamplona.com\/actualidad\/wp-json\/wp\/v2\/types\/post"}],"author":[{"embeddable":true,"href":"https:\/\/www.laguiadepamplona.com\/actualidad\/wp-json\/wp\/v2\/users\/1"}],"replies":[{"embeddable":true,"href":"https:\/\/www.laguiadepamplona.com\/actualidad\/wp-json\/wp\/v2\/comments?post=16099"}],"version-history":[{"count":0,"href":"https:\/\/www.laguiadepamplona.com\/actualidad\/wp-json\/wp\/v2\/posts\/16099\/revisions"}],"wp:featuredmedia":[{"embeddable":true,"href":"https:\/\/www.laguiadepamplona.com\/actualidad\/wp-json\/wp\/v2\/media\/16100"}],"wp:attachment":[{"href":"https:\/\/www.laguiadepamplona.com\/actualidad\/wp-json\/wp\/v2\/media?parent=16099"}],"wp:term":[{"taxonomy":"category","embeddable":true,"href":"https:\/\/www.laguiadepamplona.com\/actualidad\/wp-json\/wp\/v2\/categories?post=16099"},{"taxonomy":"post_tag","embeddable":true,"href":"https:\/\/www.laguiadepamplona.com\/actualidad\/wp-json\/wp\/v2\/tags?post=16099"}],"curies":[{"name":"wp","href":"https:\/\/api.w.org\/{rel}","templated":true}]}}