{"id":16097,"date":"2018-02-13T15:31:38","date_gmt":"2018-02-13T14:31:38","guid":{"rendered":"http:\/\/laguiadepamplona.es\/actualidad\/?p=16097"},"modified":"2018-02-13T15:31:38","modified_gmt":"2018-02-13T14:31:38","slug":"el-ayuntamiento-ampliara-los-servicios-de-zentro-espacio-colaborativo-con-asesoria-juridica-y-mas-informacion-y-recursos-para-la-participacion","status":"publish","type":"post","link":"https:\/\/www.laguiadepamplona.com\/actualidad\/el-ayuntamiento-ampliara-los-servicios-de-zentro-espacio-colaborativo-con-asesoria-juridica-y-mas-informacion-y-recursos-para-la-participacion\/","title":{"rendered":"El Ayuntamiento ampliar\u00e1 los servicios de Zentro Espacio Colaborativo con asesor\u00eda jur\u00eddica y m\u00e1s informaci\u00f3n y recursos para la participaci\u00f3n"},"content":{"rendered":"<h3>La Junta de Gobierno licita el contrato de asistencia por 155.920,96 euros anuales<\/h3>\n<p><!--more--><\/p>\n<p>La Junta de Gobierno Local del Ayuntamiento de Pamplona ha aprobado en su sesi\u00f3n de hoy la licitaci\u00f3n del contrato de asistencia para continuar y ampliar el servicio de informaci\u00f3n y recursos del Centro de Participaci\u00f3n, dependiente del \u201c\u00c1rea de Participaci\u00f3n Ciudadana y Empoderamiento Social\u201d y ubicado en Civivox Condestable (2\u00aa planta). El contrato tendr\u00e1 una vigencia de 4 a\u00f1os, desde el pr\u00f3ximo 1 de mayo hasta el 30 de abril de 2022, para lo que se prev\u00e9 un presupuesto total de 623.693,85 euros, siendo el coste anual previsto de 155.920,96 euros.<\/p>\n<p>El centro de participaci\u00f3n denominado, \u201cZentro. Espacio Colaborativo\u201d, abri\u00f3 sus puertas en abril de 2017 con el objetivo de facilitar a las asociaciones y a la ciudadan\u00eda en general informaci\u00f3n, recursos y formaci\u00f3n para el desarrollo de la participaci\u00f3n individual y colectiva en la ciudad. Este servicio antiguamente se ubicaba en el Centro de Asociaciones de la Calle San Gregor\u00edo y seg\u00fan recoge el informe t\u00e9cnico del \u00e1rea, durante estos meses han ido creciendo exponencialmente mes a mes los usuarios del servicio.<\/p>\n<p>Se trata de un espacio que, en la actualidad, ofrece un servicio de informaci\u00f3n, apoyo y promoci\u00f3n de la participaci\u00f3n ciudadana y el empoderamiento social; y un servicio de Biblioteca y Centro Documental. A estos dos servicios se a\u00f1ade ahora un tercero: la asesor\u00eda jur\u00eddica de participaci\u00f3n.<\/p>\n<p>El servicio de informaci\u00f3n, apoyo y promoci\u00f3n se encarga de atender a los usuarios en temas relacionados con el asociacionismo, y la participaci\u00f3n. Distribuye informaci\u00f3n especializada de inter\u00e9s social, tanto de forma presencial como online y realiza actuaciones que promueven la participaci\u00f3n, el voluntariado y el asociacionismo. Por su parte el servicio de Biblioteca y Centro Documental cuenta con un fondo documental especializado en temas de empoderamiento social y participaci\u00f3n, en el que se oferta el pr\u00e9stamo individual y colectivo de libros, documentos, audiovisuales y multimedia; servicio de informaci\u00f3n y atenci\u00f3n al usuario; cat\u00e1logos y acceso a documentos; \u00e1rea de consulta y lectura; servicio de internet; y otro tipo de actuaciones relacionadas con el fomento de la biblioteca y centro documental.<\/p>\n<p>Durante los 9 meses de funcionamiento desde que se inaugur\u00f3 en el mes de abril en 2017, se ha dado informaci\u00f3n presencial e informaci\u00f3n on line. En concreto, presencialmente, se han realizado un total de 2.406 atenciones, se han prestado y cedido recursos (salas, reprograf\u00eda y ordenadores) en m\u00e1s de 500 ocasiones y se han ofrecido 6 cursos dirigidos \u00fanicamente a las asociaciones ciudadanas<\/p>\n<p>En el \u00e1mbito de la comunicaci\u00f3n y community manager, informaci\u00f3n on line, se ha puesto en marcha la p\u00e1gina web participa.pamplona.es que ha recibido en los seis meses desde su apertura 10.588 visitas. Al portal youtube se han subido 150 videos del \u00e1rea de participaci\u00f3n y empoderamiento social que han sido reproducido un total de 26.223 veces.<\/p>\n<p>Respecto a las redes sociales se han creado perfiles en Twitter, Facebook y Flickr que progresivemente van aumentando el n\u00famero de seguidores.<\/p>\n<p>La Biblioteca y Centro Documental cuenta con un fondo bibliogr\u00e1fico especializado de m\u00e1s de 1.225 documentos (libros y pel\u00edculas documentales) y est\u00e1 integrada en la Red de Bibliotecas P\u00fablicas de Navarra.<\/p>\n<p>En esta licitaci\u00f3n se suma el servicio de asesor\u00eda jur\u00eddica de participaci\u00f3n, cuya finalidad es ofrecer informaci\u00f3n, orientaci\u00f3n, asesoramiento, formaci\u00f3n y capacitaci\u00f3n en temas de participaci\u00f3n a la ciudadan\u00eda en general y a entidades sin \u00e1nimo de lucro en particular; potenciar y dinamizar la participaci\u00f3n ciudadana y el movimiento asociativo como elemento clave del desarrollo ciudadano; posibilitar la mediaci\u00f3n extrajudicial de los conflictos surgidos en colectividades o entidades sin \u00e1nimo de lucro; asesorar y acompa\u00f1ar en el fomento del emprendimiento social de proyectos e iniciativas y reforzar el tejido asociativo existente.<\/p>\n<p>Asimismo, se reforzar\u00e1 el servicio de informaci\u00f3n y recursos de participaci\u00f3n con el apoyo de la figura de informador en los aspectos de la informaci\u00f3n on line principalmente.<\/p>\n<p>&nbsp;<\/p>\n","protected":false},"excerpt":{"rendered":"<p>La Junta de Gobierno licita el contrato de asistencia por 155.920,96 euros anuales<\/p>\n","protected":false},"author":1,"featured_media":11008,"comment_status":"open","ping_status":"closed","sticky":false,"template":"","format":"standard","meta":{"footnotes":""},"categories":[2],"tags":[],"class_list":["post-16097","post","type-post","status-publish","format-standard","has-post-thumbnail","hentry","category-ayuntamiento-pamplona"],"yoast_head":"<!-- This site is optimized with the Yoast SEO plugin v27.3 - https:\/\/yoast.com\/product\/yoast-seo-wordpress\/ -->\n<title>El Ayuntamiento ampliar\u00e1 los servicios de Zentro Espacio Colaborativo con asesor\u00eda jur\u00eddica y m\u00e1s informaci\u00f3n y recursos para la participaci\u00f3n<\/title>\n<meta name=\"robots\" content=\"index, follow, max-snippet:-1, max-image-preview:large, max-video-preview:-1\" \/>\n<link rel=\"canonical\" href=\"https:\/\/www.laguiadepamplona.com\/actualidad\/el-ayuntamiento-ampliara-los-servicios-de-zentro-espacio-colaborativo-con-asesoria-juridica-y-mas-informacion-y-recursos-para-la-participacion\/\" \/>\n<meta property=\"og:locale\" content=\"es_ES\" \/>\n<meta property=\"og:type\" content=\"article\" \/>\n<meta property=\"og:title\" content=\"El Ayuntamiento ampliar\u00e1 los servicios de Zentro Espacio Colaborativo con asesor\u00eda jur\u00eddica y m\u00e1s informaci\u00f3n y recursos para la participaci\u00f3n\" \/>\n<meta property=\"og:description\" content=\"La Junta de Gobierno licita el contrato de asistencia por 155.920,96 euros anuales\" \/>\n<meta property=\"og:url\" content=\"https:\/\/www.laguiadepamplona.com\/actualidad\/el-ayuntamiento-ampliara-los-servicios-de-zentro-espacio-colaborativo-con-asesoria-juridica-y-mas-informacion-y-recursos-para-la-participacion\/\" \/>\n<meta property=\"og:site_name\" content=\"La Gu\u00eda de Pamplona\" \/>\n<meta property=\"article:publisher\" content=\"https:\/\/www.facebook.com\/laguiadepamplonacom-133175176762273\/?ref=hl\" \/>\n<meta property=\"article:published_time\" content=\"2018-02-13T14:31:38+00:00\" \/>\n<meta property=\"og:image\" content=\"https:\/\/www.laguiadepamplona.com\/actualidad\/wp-content\/uploads\/2016\/12\/palacio-condestable-civivox.jpg\" \/>\n\t<meta property=\"og:image:width\" content=\"900\" \/>\n\t<meta property=\"og:image:height\" content=\"675\" \/>\n\t<meta property=\"og:image:type\" content=\"image\/jpeg\" \/>\n<meta name=\"author\" content=\"La Gu\u00eda de Pamplona\" \/>\n<meta name=\"twitter:card\" content=\"summary_large_image\" \/>\n<meta name=\"twitter:creator\" content=\"@LaGuiadPamplona\" \/>\n<meta name=\"twitter:site\" content=\"@LaGuiadPamplona\" \/>\n<meta name=\"twitter:label1\" content=\"Escrito por\" \/>\n\t<meta name=\"twitter:data1\" content=\"La Gu\u00eda de Pamplona\" \/>\n\t<meta name=\"twitter:label2\" content=\"Tiempo de lectura\" \/>\n\t<meta name=\"twitter:data2\" content=\"3 minutos\" \/>\n<script type=\"application\/ld+json\" class=\"yoast-schema-graph\">{\"@context\":\"https:\\\/\\\/schema.org\",\"@graph\":[{\"@type\":\"Article\",\"@id\":\"https:\\\/\\\/www.laguiadepamplona.com\\\/actualidad\\\/el-ayuntamiento-ampliara-los-servicios-de-zentro-espacio-colaborativo-con-asesoria-juridica-y-mas-informacion-y-recursos-para-la-participacion\\\/#article\",\"isPartOf\":{\"@id\":\"https:\\\/\\\/www.laguiadepamplona.com\\\/actualidad\\\/el-ayuntamiento-ampliara-los-servicios-de-zentro-espacio-colaborativo-con-asesoria-juridica-y-mas-informacion-y-recursos-para-la-participacion\\\/\"},\"author\":{\"name\":\"La Gu\u00eda de Pamplona\",\"@id\":\"https:\\\/\\\/www.laguiadepamplona.com\\\/actualidad\\\/#\\\/schema\\\/person\\\/efe887376f0213d4657c93adc50b1fdb\"},\"headline\":\"El Ayuntamiento ampliar\u00e1 los servicios de Zentro Espacio Colaborativo con asesor\u00eda jur\u00eddica y m\u00e1s informaci\u00f3n y recursos para la participaci\u00f3n\",\"datePublished\":\"2018-02-13T14:31:38+00:00\",\"mainEntityOfPage\":{\"@id\":\"https:\\\/\\\/www.laguiadepamplona.com\\\/actualidad\\\/el-ayuntamiento-ampliara-los-servicios-de-zentro-espacio-colaborativo-con-asesoria-juridica-y-mas-informacion-y-recursos-para-la-participacion\\\/\"},\"wordCount\":720,\"commentCount\":0,\"publisher\":{\"@id\":\"https:\\\/\\\/www.laguiadepamplona.com\\\/actualidad\\\/#organization\"},\"image\":{\"@id\":\"https:\\\/\\\/www.laguiadepamplona.com\\\/actualidad\\\/el-ayuntamiento-ampliara-los-servicios-de-zentro-espacio-colaborativo-con-asesoria-juridica-y-mas-informacion-y-recursos-para-la-participacion\\\/#primaryimage\"},\"thumbnailUrl\":\"https:\\\/\\\/www.laguiadepamplona.com\\\/actualidad\\\/wp-content\\\/uploads\\\/2016\\\/12\\\/palacio-condestable-civivox.jpg\",\"articleSection\":[\"Ayto Pamplona\"],\"inLanguage\":\"es\",\"potentialAction\":[{\"@type\":\"CommentAction\",\"name\":\"Comment\",\"target\":[\"https:\\\/\\\/www.laguiadepamplona.com\\\/actualidad\\\/el-ayuntamiento-ampliara-los-servicios-de-zentro-espacio-colaborativo-con-asesoria-juridica-y-mas-informacion-y-recursos-para-la-participacion\\\/#respond\"]}]},{\"@type\":\"WebPage\",\"@id\":\"https:\\\/\\\/www.laguiadepamplona.com\\\/actualidad\\\/el-ayuntamiento-ampliara-los-servicios-de-zentro-espacio-colaborativo-con-asesoria-juridica-y-mas-informacion-y-recursos-para-la-participacion\\\/\",\"url\":\"https:\\\/\\\/www.laguiadepamplona.com\\\/actualidad\\\/el-ayuntamiento-ampliara-los-servicios-de-zentro-espacio-colaborativo-con-asesoria-juridica-y-mas-informacion-y-recursos-para-la-participacion\\\/\",\"name\":\"El Ayuntamiento ampliar\u00e1 los servicios de Zentro Espacio Colaborativo con asesor\u00eda jur\u00eddica y m\u00e1s informaci\u00f3n y recursos para la participaci\u00f3n\",\"isPartOf\":{\"@id\":\"https:\\\/\\\/www.laguiadepamplona.com\\\/actualidad\\\/#website\"},\"primaryImageOfPage\":{\"@id\":\"https:\\\/\\\/www.laguiadepamplona.com\\\/actualidad\\\/el-ayuntamiento-ampliara-los-servicios-de-zentro-espacio-colaborativo-con-asesoria-juridica-y-mas-informacion-y-recursos-para-la-participacion\\\/#primaryimage\"},\"image\":{\"@id\":\"https:\\\/\\\/www.laguiadepamplona.com\\\/actualidad\\\/el-ayuntamiento-ampliara-los-servicios-de-zentro-espacio-colaborativo-con-asesoria-juridica-y-mas-informacion-y-recursos-para-la-participacion\\\/#primaryimage\"},\"thumbnailUrl\":\"https:\\\/\\\/www.laguiadepamplona.com\\\/actualidad\\\/wp-content\\\/uploads\\\/2016\\\/12\\\/palacio-condestable-civivox.jpg\",\"datePublished\":\"2018-02-13T14:31:38+00:00\",\"breadcrumb\":{\"@id\":\"https:\\\/\\\/www.laguiadepamplona.com\\\/actualidad\\\/el-ayuntamiento-ampliara-los-servicios-de-zentro-espacio-colaborativo-con-asesoria-juridica-y-mas-informacion-y-recursos-para-la-participacion\\\/#breadcrumb\"},\"inLanguage\":\"es\",\"potentialAction\":[{\"@type\":\"ReadAction\",\"target\":[\"https:\\\/\\\/www.laguiadepamplona.com\\\/actualidad\\\/el-ayuntamiento-ampliara-los-servicios-de-zentro-espacio-colaborativo-con-asesoria-juridica-y-mas-informacion-y-recursos-para-la-participacion\\\/\"]}]},{\"@type\":\"ImageObject\",\"inLanguage\":\"es\",\"@id\":\"https:\\\/\\\/www.laguiadepamplona.com\\\/actualidad\\\/el-ayuntamiento-ampliara-los-servicios-de-zentro-espacio-colaborativo-con-asesoria-juridica-y-mas-informacion-y-recursos-para-la-participacion\\\/#primaryimage\",\"url\":\"https:\\\/\\\/www.laguiadepamplona.com\\\/actualidad\\\/wp-content\\\/uploads\\\/2016\\\/12\\\/palacio-condestable-civivox.jpg\",\"contentUrl\":\"https:\\\/\\\/www.laguiadepamplona.com\\\/actualidad\\\/wp-content\\\/uploads\\\/2016\\\/12\\\/palacio-condestable-civivox.jpg\",\"width\":900,\"height\":675},{\"@type\":\"BreadcrumbList\",\"@id\":\"https:\\\/\\\/www.laguiadepamplona.com\\\/actualidad\\\/el-ayuntamiento-ampliara-los-servicios-de-zentro-espacio-colaborativo-con-asesoria-juridica-y-mas-informacion-y-recursos-para-la-participacion\\\/#breadcrumb\",\"itemListElement\":[{\"@type\":\"ListItem\",\"position\":1,\"name\":\"Portada\",\"item\":\"https:\\\/\\\/www.laguiadepamplona.com\\\/actualidad\\\/\"},{\"@type\":\"ListItem\",\"position\":2,\"name\":\"El Ayuntamiento ampliar\u00e1 los servicios de Zentro Espacio Colaborativo con asesor\u00eda jur\u00eddica y m\u00e1s informaci\u00f3n y recursos para la participaci\u00f3n\"}]},{\"@type\":\"WebSite\",\"@id\":\"https:\\\/\\\/www.laguiadepamplona.com\\\/actualidad\\\/#website\",\"url\":\"https:\\\/\\\/www.laguiadepamplona.com\\\/actualidad\\\/\",\"name\":\"La gu\u00eda de Pamplona\",\"description\":\"Noticias de Pamplona\",\"publisher\":{\"@id\":\"https:\\\/\\\/www.laguiadepamplona.com\\\/actualidad\\\/#organization\"},\"potentialAction\":[{\"@type\":\"SearchAction\",\"target\":{\"@type\":\"EntryPoint\",\"urlTemplate\":\"https:\\\/\\\/www.laguiadepamplona.com\\\/actualidad\\\/?s={search_term_string}\"},\"query-input\":{\"@type\":\"PropertyValueSpecification\",\"valueRequired\":true,\"valueName\":\"search_term_string\"}}],\"inLanguage\":\"es\"},{\"@type\":\"Organization\",\"@id\":\"https:\\\/\\\/www.laguiadepamplona.com\\\/actualidad\\\/#organization\",\"name\":\"La Gu\u00eda de Pamplona \\\/ Noticias\",\"url\":\"https:\\\/\\\/www.laguiadepamplona.com\\\/actualidad\\\/\",\"logo\":{\"@type\":\"ImageObject\",\"inLanguage\":\"es\",\"@id\":\"https:\\\/\\\/www.laguiadepamplona.com\\\/actualidad\\\/#\\\/schema\\\/logo\\\/image\\\/\",\"url\":\"https:\\\/\\\/www.laguiadepamplona.com\\\/actualidad\\\/wp-content\\\/uploads\\\/2018\\\/11\\\/logo-laguiadepamplona18-web1.png\",\"contentUrl\":\"https:\\\/\\\/www.laguiadepamplona.com\\\/actualidad\\\/wp-content\\\/uploads\\\/2018\\\/11\\\/logo-laguiadepamplona18-web1.png\",\"width\":600,\"height\":196,\"caption\":\"La Gu\u00eda de Pamplona \\\/ Noticias\"},\"image\":{\"@id\":\"https:\\\/\\\/www.laguiadepamplona.com\\\/actualidad\\\/#\\\/schema\\\/logo\\\/image\\\/\"},\"sameAs\":[\"https:\\\/\\\/www.facebook.com\\\/laguiadepamplonacom-133175176762273\\\/?ref=hl\",\"https:\\\/\\\/x.com\\\/LaGuiadPamplona\",\"https:\\\/\\\/www.instagram.com\\\/la_guia_de_pamplona\\\/\",\"https:\\\/\\\/www.youtube.com\\\/user\\\/laguiadepamplona\"]},{\"@type\":\"Person\",\"@id\":\"https:\\\/\\\/www.laguiadepamplona.com\\\/actualidad\\\/#\\\/schema\\\/person\\\/efe887376f0213d4657c93adc50b1fdb\",\"name\":\"La Gu\u00eda de Pamplona\",\"image\":{\"@type\":\"ImageObject\",\"inLanguage\":\"es\",\"@id\":\"https:\\\/\\\/secure.gravatar.com\\\/avatar\\\/b6992f131dc8d30ab0dff15446e9d346d9dbd95992de0fef795073f5ea83a81c?s=96&d=mm&r=g\",\"url\":\"https:\\\/\\\/secure.gravatar.com\\\/avatar\\\/b6992f131dc8d30ab0dff15446e9d346d9dbd95992de0fef795073f5ea83a81c?s=96&d=mm&r=g\",\"contentUrl\":\"https:\\\/\\\/secure.gravatar.com\\\/avatar\\\/b6992f131dc8d30ab0dff15446e9d346d9dbd95992de0fef795073f5ea83a81c?s=96&d=mm&r=g\",\"caption\":\"La Gu\u00eda de Pamplona\"}}]}<\/script>\n<!-- \/ Yoast SEO plugin. -->","yoast_head_json":{"title":"El Ayuntamiento ampliar\u00e1 los servicios de Zentro Espacio Colaborativo con asesor\u00eda jur\u00eddica y m\u00e1s informaci\u00f3n y recursos para la participaci\u00f3n","robots":{"index":"index","follow":"follow","max-snippet":"max-snippet:-1","max-image-preview":"max-image-preview:large","max-video-preview":"max-video-preview:-1"},"canonical":"https:\/\/www.laguiadepamplona.com\/actualidad\/el-ayuntamiento-ampliara-los-servicios-de-zentro-espacio-colaborativo-con-asesoria-juridica-y-mas-informacion-y-recursos-para-la-participacion\/","og_locale":"es_ES","og_type":"article","og_title":"El Ayuntamiento ampliar\u00e1 los servicios de Zentro Espacio Colaborativo con asesor\u00eda jur\u00eddica y m\u00e1s informaci\u00f3n y recursos para la participaci\u00f3n","og_description":"La Junta de Gobierno licita el contrato de asistencia por 155.920,96 euros anuales","og_url":"https:\/\/www.laguiadepamplona.com\/actualidad\/el-ayuntamiento-ampliara-los-servicios-de-zentro-espacio-colaborativo-con-asesoria-juridica-y-mas-informacion-y-recursos-para-la-participacion\/","og_site_name":"La Gu\u00eda de Pamplona","article_publisher":"https:\/\/www.facebook.com\/laguiadepamplonacom-133175176762273\/?ref=hl","article_published_time":"2018-02-13T14:31:38+00:00","og_image":[{"width":900,"height":675,"url":"https:\/\/www.laguiadepamplona.com\/actualidad\/wp-content\/uploads\/2016\/12\/palacio-condestable-civivox.jpg","type":"image\/jpeg"}],"author":"La Gu\u00eda de Pamplona","twitter_card":"summary_large_image","twitter_creator":"@LaGuiadPamplona","twitter_site":"@LaGuiadPamplona","twitter_misc":{"Escrito por":"La Gu\u00eda de Pamplona","Tiempo de lectura":"3 minutos"},"schema":{"@context":"https:\/\/schema.org","@graph":[{"@type":"Article","@id":"https:\/\/www.laguiadepamplona.com\/actualidad\/el-ayuntamiento-ampliara-los-servicios-de-zentro-espacio-colaborativo-con-asesoria-juridica-y-mas-informacion-y-recursos-para-la-participacion\/#article","isPartOf":{"@id":"https:\/\/www.laguiadepamplona.com\/actualidad\/el-ayuntamiento-ampliara-los-servicios-de-zentro-espacio-colaborativo-con-asesoria-juridica-y-mas-informacion-y-recursos-para-la-participacion\/"},"author":{"name":"La Gu\u00eda de Pamplona","@id":"https:\/\/www.laguiadepamplona.com\/actualidad\/#\/schema\/person\/efe887376f0213d4657c93adc50b1fdb"},"headline":"El Ayuntamiento ampliar\u00e1 los servicios de Zentro Espacio Colaborativo con asesor\u00eda jur\u00eddica y m\u00e1s informaci\u00f3n y recursos para la participaci\u00f3n","datePublished":"2018-02-13T14:31:38+00:00","mainEntityOfPage":{"@id":"https:\/\/www.laguiadepamplona.com\/actualidad\/el-ayuntamiento-ampliara-los-servicios-de-zentro-espacio-colaborativo-con-asesoria-juridica-y-mas-informacion-y-recursos-para-la-participacion\/"},"wordCount":720,"commentCount":0,"publisher":{"@id":"https:\/\/www.laguiadepamplona.com\/actualidad\/#organization"},"image":{"@id":"https:\/\/www.laguiadepamplona.com\/actualidad\/el-ayuntamiento-ampliara-los-servicios-de-zentro-espacio-colaborativo-con-asesoria-juridica-y-mas-informacion-y-recursos-para-la-participacion\/#primaryimage"},"thumbnailUrl":"https:\/\/www.laguiadepamplona.com\/actualidad\/wp-content\/uploads\/2016\/12\/palacio-condestable-civivox.jpg","articleSection":["Ayto Pamplona"],"inLanguage":"es","potentialAction":[{"@type":"CommentAction","name":"Comment","target":["https:\/\/www.laguiadepamplona.com\/actualidad\/el-ayuntamiento-ampliara-los-servicios-de-zentro-espacio-colaborativo-con-asesoria-juridica-y-mas-informacion-y-recursos-para-la-participacion\/#respond"]}]},{"@type":"WebPage","@id":"https:\/\/www.laguiadepamplona.com\/actualidad\/el-ayuntamiento-ampliara-los-servicios-de-zentro-espacio-colaborativo-con-asesoria-juridica-y-mas-informacion-y-recursos-para-la-participacion\/","url":"https:\/\/www.laguiadepamplona.com\/actualidad\/el-ayuntamiento-ampliara-los-servicios-de-zentro-espacio-colaborativo-con-asesoria-juridica-y-mas-informacion-y-recursos-para-la-participacion\/","name":"El Ayuntamiento ampliar\u00e1 los servicios de Zentro Espacio Colaborativo con asesor\u00eda jur\u00eddica y m\u00e1s informaci\u00f3n y recursos para la participaci\u00f3n","isPartOf":{"@id":"https:\/\/www.laguiadepamplona.com\/actualidad\/#website"},"primaryImageOfPage":{"@id":"https:\/\/www.laguiadepamplona.com\/actualidad\/el-ayuntamiento-ampliara-los-servicios-de-zentro-espacio-colaborativo-con-asesoria-juridica-y-mas-informacion-y-recursos-para-la-participacion\/#primaryimage"},"image":{"@id":"https:\/\/www.laguiadepamplona.com\/actualidad\/el-ayuntamiento-ampliara-los-servicios-de-zentro-espacio-colaborativo-con-asesoria-juridica-y-mas-informacion-y-recursos-para-la-participacion\/#primaryimage"},"thumbnailUrl":"https:\/\/www.laguiadepamplona.com\/actualidad\/wp-content\/uploads\/2016\/12\/palacio-condestable-civivox.jpg","datePublished":"2018-02-13T14:31:38+00:00","breadcrumb":{"@id":"https:\/\/www.laguiadepamplona.com\/actualidad\/el-ayuntamiento-ampliara-los-servicios-de-zentro-espacio-colaborativo-con-asesoria-juridica-y-mas-informacion-y-recursos-para-la-participacion\/#breadcrumb"},"inLanguage":"es","potentialAction":[{"@type":"ReadAction","target":["https:\/\/www.laguiadepamplona.com\/actualidad\/el-ayuntamiento-ampliara-los-servicios-de-zentro-espacio-colaborativo-con-asesoria-juridica-y-mas-informacion-y-recursos-para-la-participacion\/"]}]},{"@type":"ImageObject","inLanguage":"es","@id":"https:\/\/www.laguiadepamplona.com\/actualidad\/el-ayuntamiento-ampliara-los-servicios-de-zentro-espacio-colaborativo-con-asesoria-juridica-y-mas-informacion-y-recursos-para-la-participacion\/#primaryimage","url":"https:\/\/www.laguiadepamplona.com\/actualidad\/wp-content\/uploads\/2016\/12\/palacio-condestable-civivox.jpg","contentUrl":"https:\/\/www.laguiadepamplona.com\/actualidad\/wp-content\/uploads\/2016\/12\/palacio-condestable-civivox.jpg","width":900,"height":675},{"@type":"BreadcrumbList","@id":"https:\/\/www.laguiadepamplona.com\/actualidad\/el-ayuntamiento-ampliara-los-servicios-de-zentro-espacio-colaborativo-con-asesoria-juridica-y-mas-informacion-y-recursos-para-la-participacion\/#breadcrumb","itemListElement":[{"@type":"ListItem","position":1,"name":"Portada","item":"https:\/\/www.laguiadepamplona.com\/actualidad\/"},{"@type":"ListItem","position":2,"name":"El Ayuntamiento ampliar\u00e1 los servicios de Zentro Espacio Colaborativo con asesor\u00eda jur\u00eddica y m\u00e1s informaci\u00f3n y recursos para la participaci\u00f3n"}]},{"@type":"WebSite","@id":"https:\/\/www.laguiadepamplona.com\/actualidad\/#website","url":"https:\/\/www.laguiadepamplona.com\/actualidad\/","name":"La gu\u00eda de Pamplona","description":"Noticias de Pamplona","publisher":{"@id":"https:\/\/www.laguiadepamplona.com\/actualidad\/#organization"},"potentialAction":[{"@type":"SearchAction","target":{"@type":"EntryPoint","urlTemplate":"https:\/\/www.laguiadepamplona.com\/actualidad\/?s={search_term_string}"},"query-input":{"@type":"PropertyValueSpecification","valueRequired":true,"valueName":"search_term_string"}}],"inLanguage":"es"},{"@type":"Organization","@id":"https:\/\/www.laguiadepamplona.com\/actualidad\/#organization","name":"La Gu\u00eda de Pamplona \/ Noticias","url":"https:\/\/www.laguiadepamplona.com\/actualidad\/","logo":{"@type":"ImageObject","inLanguage":"es","@id":"https:\/\/www.laguiadepamplona.com\/actualidad\/#\/schema\/logo\/image\/","url":"https:\/\/www.laguiadepamplona.com\/actualidad\/wp-content\/uploads\/2018\/11\/logo-laguiadepamplona18-web1.png","contentUrl":"https:\/\/www.laguiadepamplona.com\/actualidad\/wp-content\/uploads\/2018\/11\/logo-laguiadepamplona18-web1.png","width":600,"height":196,"caption":"La Gu\u00eda de Pamplona \/ Noticias"},"image":{"@id":"https:\/\/www.laguiadepamplona.com\/actualidad\/#\/schema\/logo\/image\/"},"sameAs":["https:\/\/www.facebook.com\/laguiadepamplonacom-133175176762273\/?ref=hl","https:\/\/x.com\/LaGuiadPamplona","https:\/\/www.instagram.com\/la_guia_de_pamplona\/","https:\/\/www.youtube.com\/user\/laguiadepamplona"]},{"@type":"Person","@id":"https:\/\/www.laguiadepamplona.com\/actualidad\/#\/schema\/person\/efe887376f0213d4657c93adc50b1fdb","name":"La Gu\u00eda de Pamplona","image":{"@type":"ImageObject","inLanguage":"es","@id":"https:\/\/secure.gravatar.com\/avatar\/b6992f131dc8d30ab0dff15446e9d346d9dbd95992de0fef795073f5ea83a81c?s=96&d=mm&r=g","url":"https:\/\/secure.gravatar.com\/avatar\/b6992f131dc8d30ab0dff15446e9d346d9dbd95992de0fef795073f5ea83a81c?s=96&d=mm&r=g","contentUrl":"https:\/\/secure.gravatar.com\/avatar\/b6992f131dc8d30ab0dff15446e9d346d9dbd95992de0fef795073f5ea83a81c?s=96&d=mm&r=g","caption":"La Gu\u00eda de Pamplona"}}]}},"post_mailing_queue_ids":[],"_links":{"self":[{"href":"https:\/\/www.laguiadepamplona.com\/actualidad\/wp-json\/wp\/v2\/posts\/16097","targetHints":{"allow":["GET"]}}],"collection":[{"href":"https:\/\/www.laguiadepamplona.com\/actualidad\/wp-json\/wp\/v2\/posts"}],"about":[{"href":"https:\/\/www.laguiadepamplona.com\/actualidad\/wp-json\/wp\/v2\/types\/post"}],"author":[{"embeddable":true,"href":"https:\/\/www.laguiadepamplona.com\/actualidad\/wp-json\/wp\/v2\/users\/1"}],"replies":[{"embeddable":true,"href":"https:\/\/www.laguiadepamplona.com\/actualidad\/wp-json\/wp\/v2\/comments?post=16097"}],"version-history":[{"count":0,"href":"https:\/\/www.laguiadepamplona.com\/actualidad\/wp-json\/wp\/v2\/posts\/16097\/revisions"}],"wp:featuredmedia":[{"embeddable":true,"href":"https:\/\/www.laguiadepamplona.com\/actualidad\/wp-json\/wp\/v2\/media\/11008"}],"wp:attachment":[{"href":"https:\/\/www.laguiadepamplona.com\/actualidad\/wp-json\/wp\/v2\/media?parent=16097"}],"wp:term":[{"taxonomy":"category","embeddable":true,"href":"https:\/\/www.laguiadepamplona.com\/actualidad\/wp-json\/wp\/v2\/categories?post=16097"},{"taxonomy":"post_tag","embeddable":true,"href":"https:\/\/www.laguiadepamplona.com\/actualidad\/wp-json\/wp\/v2\/tags?post=16097"}],"curies":[{"name":"wp","href":"https:\/\/api.w.org\/{rel}","templated":true}]}}