{"id":16095,"date":"2018-02-13T12:33:20","date_gmt":"2018-02-13T11:33:20","guid":{"rendered":"http:\/\/laguiadepamplona.es\/actualidad\/?p=16095"},"modified":"2018-02-13T12:33:20","modified_gmt":"2018-02-13T11:33:20","slug":"el-ayuntamiento-valorara-con-vecinos-de-la-magdalena-la-nueva-ordenacion-del-trafico-y-el-estudio-de-inundabilidad-del-arga-cuyas-primeras-actuaciones-seran-en-esta-zona","status":"publish","type":"post","link":"https:\/\/www.laguiadepamplona.com\/actualidad\/el-ayuntamiento-valorara-con-vecinos-de-la-magdalena-la-nueva-ordenacion-del-trafico-y-el-estudio-de-inundabilidad-del-arga-cuyas-primeras-actuaciones-seran-en-esta-zona\/","title":{"rendered":"El Ayuntamiento valorar\u00e1 con vecinos de la Magdalena la nueva ordenaci\u00f3n del tr\u00e1fico y el estudio de inundabilidad del Arga cuyas primeras actuaciones ser\u00e1n en esta zona"},"content":{"rendered":"<h3>El encuentro tendr\u00e1 lugar ma\u00f1ana mi\u00e9rcoles a las 18.30 horas en la Biblioteca P\u00fablica de la Txantrea<\/h3>\n<p><!--more--><\/p>\n<p>El Ayuntamiento de Pamplona se reunir\u00e1 <u>ma\u00f1ana <strong>mi\u00e9rcoles, 14 de febrero<\/strong>, <strong>a las 18.30 horas<\/strong>, en la <strong>Biblioteca P\u00fablica de la Txantrea<\/strong>,<\/u> con vecinos, usuarios de huertas y empresarios de la zona de la Magdalena para valorar la reordenar del tr\u00e1fico realizada en el barrio y dar a conocer el estudio sobre el estado ecol\u00f3gico del r\u00edo Arga y el riesgo de inundaci\u00f3n presentado p\u00fablicamente recientemente. La zona prioritaria de actuaci\u00f3n por la que empezar\u00eda el an\u00e1lisis m\u00e1s profundo de este plan es la de la Magdalena. En el encuentro participar\u00e1n la concejala delegada de Seguridad Ciudadana y Convivencia, Itziar G\u00f3mez, el concejal delegado de Ecolog\u00eda Urbana y Movilidad, Armando Cuenca, y el concejal delegado de Ciudad Habitable y Vivienda y concejal de barrio de la Txantrea, Joxe Abaurrea.<\/p>\n<p>En la reuni\u00f3n se presentar\u00e1 un estudio encargada por el Ayuntamiento de Pamplona que quiere sentar las bases para un futuro plan fluvial que prime la restauraci\u00f3n del r\u00edo Arga, redefina sus relaciones con la ciudad, afronte la regulaci\u00f3n de sus usos e impulse las medidas necesarias para hacer frente a las crecidas de caudal. El horizonte temporal del estudio presentado es de diez a\u00f1os. El barrio de la Magdalena est\u00e1 considerado zona con riesgo de inundaci\u00f3n en cuanto el caudal del r\u00edo sobrepasa los 150 metros c\u00fabicos por segundo en la primera fase de prealerta del plan municipal de inundaciones.<\/p>\n<p>El diagn\u00f3stico del estudio se\u00f1ala que el r\u00edo Arga a su paso por Pamplona cuenta con numerosos obst\u00e1culos entre puentes, escoleras, azudes, etc. y que se trata de un tramo que presenta un estado \u201ccasi continuo de canalizaci\u00f3n\u201d. Por ello, la llanura de inundaci\u00f3n se ve restringida en las funciones naturales de laminaci\u00f3n y disipaci\u00f3n del agua lo que incrementa la posible afecci\u00f3n a la ciudad durante procesos naturales de crecida. Por otro lado el diagn\u00f3stico define la calidad hidromorfol\u00f3gica del r\u00edo Arga a su paso por Pamplona como \u201cdeficiente\u201d en l\u00ednea general. Por \u00faltimo, el informe plantea una propuesta de trabajo basado en lo que denomina \u201cmedidas blandas\u201d (no estructurales).<\/p>\n<p><strong>Aumentar la seguridad de peatones y ciclistas y reducir el tr\u00e1fico y la velocidad<\/strong><\/p>\n<p>La ordenaci\u00f3n del tr\u00e1fico se ha realizado en la calle La Magdalena, camino de Caparroso y camino de Burlada. El objetivo del Ayuntamiento ha sido aumentar la seguridad de peatones y ciclistas, y reducir la velocidad de los veh\u00edculos, teniendo en cuenta adem\u00e1s que por esa zona transcurre el Camino de Santiago en su entrada a Pamplona.<\/p>\n<p>La calle Magdalena se ha se\u00f1alizado v\u00eda de 30 km\/h y se han pintado pictogramas de ciclocalle. Adem\u00e1s, se han reforzado las bandas reductoras de velocidad en un tramo de doble sentido de circulaci\u00f3n. En la confluencia con el camino de Caparroso se ha pintado un paso de peatones de acceso a esa v\u00eda que se convierte en calle residencial, con prioridad peatonal y velocidad a 20 km\/h. Para que quede clara que ha pasado a ser zona residencial se ha pintado una alfombra roja y se han colocado seis cojines berlineses hasta el cruce con el camino de Burlada. El que sea residencial implica que los conductores deben conceder prioridad a los peatones, que no pueden estacionar en este caso en ning\u00fan lugar de la calle ya que no hay espacios designados para ello y que los peatones pueden utilizar toda la zona de circulaci\u00f3n sin estorbar a los conductores. Los juegos y deportes est\u00e1n autorizados en la v\u00eda. Por ello, se recomienda adaptar la velocidad, mantener una distancia apropiada y, al aproximarse a los peatones, adoptar las precauciones necesarias para su seguridad.<\/p>\n<p>Otro de los cambios de tr\u00e1fico es que los vecinos y las personas usuarias de las huertas de la Magdalena pueden girar a la derecha del camino de Caparroso para dirigirse a Burlada, mientras que el resto de veh\u00edculos tienen prohibida esa maniobra. Para que quede clara la imposibilidad se ha colocado se\u00f1alizaci\u00f3n vertical y horizontal con la pintura de una zona cebrada en el asfalto. Por \u00faltimo, el Camino de Burlada se ha reforzado con bandas reductoras de velocidad y se ha convertido en ciclocalle con las bicicletas pasando de la acera a la calzada.<\/p>\n<p>La reordenaci\u00f3n del tr\u00e1fico en esa zona fue una demanda vecinal que lleg\u00f3 al Consistorio mediante instancia firmada por 416 vecinos y propietarios de huertas. Seg\u00fan un conteo realizado a mitades del a\u00f1o pasado, de lunes a viernes, de 7 de la ma\u00f1ana a 22 horas, se registraron un total de 10.764 veh\u00edculos (10.452 coches, 268 furgonetas y 44 camiones), 3.552 peatones y 2.111 bicicletas.<\/p>\n<p>Desde la presentaci\u00f3n de esa instancia, personal t\u00e9cnico de Movilidad ha trabajado en una propuesta para el tr\u00e1fico en la zona, que ha sido consensuada por las \u00e1reas municipales y tratada despu\u00e9s en diversas reuniones mantenidas con el vecindario, con personas usuarias de las huertas de la zona y con personas empresarias all\u00ed ubicadas. Este proceso participativo se realiz\u00f3 en junio a trav\u00e9s del Servicio de Dinamizaci\u00f3n Comunitaria con din\u00e1micas de grupo, entrevistas individuales o reuniones espec\u00edficas.<\/p>\n<p>&nbsp;<\/p>\n","protected":false},"excerpt":{"rendered":"<p>El encuentro tendr\u00e1 lugar ma\u00f1ana mi\u00e9rcoles a las 18.30 horas en la Biblioteca P\u00fablica de la Txantrea<\/p>\n","protected":false},"author":1,"featured_media":10979,"comment_status":"open","ping_status":"closed","sticky":false,"template":"","format":"standard","meta":{"footnotes":""},"categories":[2],"tags":[],"class_list":["post-16095","post","type-post","status-publish","format-standard","has-post-thumbnail","hentry","category-ayuntamiento-pamplona"],"yoast_head":"<!-- This site is optimized with the Yoast SEO plugin v27.3 - https:\/\/yoast.com\/product\/yoast-seo-wordpress\/ -->\n<title>El Ayuntamiento valorar\u00e1 con vecinos de la Magdalena la nueva ordenaci\u00f3n del tr\u00e1fico y el estudio de inundabilidad del Arga cuyas primeras actuaciones ser\u00e1n en esta zona<\/title>\n<meta name=\"robots\" content=\"index, follow, max-snippet:-1, max-image-preview:large, max-video-preview:-1\" \/>\n<link rel=\"canonical\" href=\"https:\/\/www.laguiadepamplona.com\/actualidad\/el-ayuntamiento-valorara-con-vecinos-de-la-magdalena-la-nueva-ordenacion-del-trafico-y-el-estudio-de-inundabilidad-del-arga-cuyas-primeras-actuaciones-seran-en-esta-zona\/\" \/>\n<meta property=\"og:locale\" content=\"es_ES\" \/>\n<meta property=\"og:type\" content=\"article\" \/>\n<meta property=\"og:title\" content=\"El Ayuntamiento valorar\u00e1 con vecinos de la Magdalena la nueva ordenaci\u00f3n del tr\u00e1fico y el estudio de inundabilidad del Arga cuyas primeras actuaciones ser\u00e1n en esta zona\" \/>\n<meta property=\"og:description\" content=\"El encuentro tendr\u00e1 lugar ma\u00f1ana mi\u00e9rcoles a las 18.30 horas en la Biblioteca P\u00fablica de la Txantrea\" \/>\n<meta property=\"og:url\" content=\"https:\/\/www.laguiadepamplona.com\/actualidad\/el-ayuntamiento-valorara-con-vecinos-de-la-magdalena-la-nueva-ordenacion-del-trafico-y-el-estudio-de-inundabilidad-del-arga-cuyas-primeras-actuaciones-seran-en-esta-zona\/\" \/>\n<meta property=\"og:site_name\" content=\"La Gu\u00eda de Pamplona\" \/>\n<meta property=\"article:publisher\" content=\"https:\/\/www.facebook.com\/laguiadepamplonacom-133175176762273\/?ref=hl\" \/>\n<meta property=\"article:published_time\" content=\"2018-02-13T11:33:20+00:00\" \/>\n<meta property=\"og:image\" content=\"https:\/\/www.laguiadepamplona.com\/actualidad\/wp-content\/uploads\/2016\/11\/Ayto_Pamplona.jpg\" \/>\n\t<meta property=\"og:image:width\" content=\"900\" \/>\n\t<meta property=\"og:image:height\" content=\"675\" \/>\n\t<meta property=\"og:image:type\" content=\"image\/jpeg\" \/>\n<meta name=\"author\" content=\"La Gu\u00eda de Pamplona\" \/>\n<meta name=\"twitter:card\" content=\"summary_large_image\" \/>\n<meta name=\"twitter:creator\" content=\"@LaGuiadPamplona\" \/>\n<meta name=\"twitter:site\" content=\"@LaGuiadPamplona\" \/>\n<meta name=\"twitter:label1\" content=\"Escrito por\" \/>\n\t<meta name=\"twitter:data1\" content=\"La Gu\u00eda de Pamplona\" \/>\n\t<meta name=\"twitter:label2\" content=\"Tiempo de lectura\" \/>\n\t<meta name=\"twitter:data2\" content=\"5 minutos\" \/>\n<script type=\"application\/ld+json\" class=\"yoast-schema-graph\">{\"@context\":\"https:\\\/\\\/schema.org\",\"@graph\":[{\"@type\":\"Article\",\"@id\":\"https:\\\/\\\/www.laguiadepamplona.com\\\/actualidad\\\/el-ayuntamiento-valorara-con-vecinos-de-la-magdalena-la-nueva-ordenacion-del-trafico-y-el-estudio-de-inundabilidad-del-arga-cuyas-primeras-actuaciones-seran-en-esta-zona\\\/#article\",\"isPartOf\":{\"@id\":\"https:\\\/\\\/www.laguiadepamplona.com\\\/actualidad\\\/el-ayuntamiento-valorara-con-vecinos-de-la-magdalena-la-nueva-ordenacion-del-trafico-y-el-estudio-de-inundabilidad-del-arga-cuyas-primeras-actuaciones-seran-en-esta-zona\\\/\"},\"author\":{\"name\":\"La Gu\u00eda de Pamplona\",\"@id\":\"https:\\\/\\\/www.laguiadepamplona.com\\\/actualidad\\\/#\\\/schema\\\/person\\\/efe887376f0213d4657c93adc50b1fdb\"},\"headline\":\"El Ayuntamiento valorar\u00e1 con vecinos de la Magdalena la nueva ordenaci\u00f3n del tr\u00e1fico y el estudio de inundabilidad del Arga cuyas primeras actuaciones ser\u00e1n en esta zona\",\"datePublished\":\"2018-02-13T11:33:20+00:00\",\"mainEntityOfPage\":{\"@id\":\"https:\\\/\\\/www.laguiadepamplona.com\\\/actualidad\\\/el-ayuntamiento-valorara-con-vecinos-de-la-magdalena-la-nueva-ordenacion-del-trafico-y-el-estudio-de-inundabilidad-del-arga-cuyas-primeras-actuaciones-seran-en-esta-zona\\\/\"},\"wordCount\":940,\"commentCount\":0,\"publisher\":{\"@id\":\"https:\\\/\\\/www.laguiadepamplona.com\\\/actualidad\\\/#organization\"},\"image\":{\"@id\":\"https:\\\/\\\/www.laguiadepamplona.com\\\/actualidad\\\/el-ayuntamiento-valorara-con-vecinos-de-la-magdalena-la-nueva-ordenacion-del-trafico-y-el-estudio-de-inundabilidad-del-arga-cuyas-primeras-actuaciones-seran-en-esta-zona\\\/#primaryimage\"},\"thumbnailUrl\":\"https:\\\/\\\/www.laguiadepamplona.com\\\/actualidad\\\/wp-content\\\/uploads\\\/2016\\\/11\\\/Ayto_Pamplona.jpg\",\"articleSection\":[\"Ayto Pamplona\"],\"inLanguage\":\"es\",\"potentialAction\":[{\"@type\":\"CommentAction\",\"name\":\"Comment\",\"target\":[\"https:\\\/\\\/www.laguiadepamplona.com\\\/actualidad\\\/el-ayuntamiento-valorara-con-vecinos-de-la-magdalena-la-nueva-ordenacion-del-trafico-y-el-estudio-de-inundabilidad-del-arga-cuyas-primeras-actuaciones-seran-en-esta-zona\\\/#respond\"]}]},{\"@type\":\"WebPage\",\"@id\":\"https:\\\/\\\/www.laguiadepamplona.com\\\/actualidad\\\/el-ayuntamiento-valorara-con-vecinos-de-la-magdalena-la-nueva-ordenacion-del-trafico-y-el-estudio-de-inundabilidad-del-arga-cuyas-primeras-actuaciones-seran-en-esta-zona\\\/\",\"url\":\"https:\\\/\\\/www.laguiadepamplona.com\\\/actualidad\\\/el-ayuntamiento-valorara-con-vecinos-de-la-magdalena-la-nueva-ordenacion-del-trafico-y-el-estudio-de-inundabilidad-del-arga-cuyas-primeras-actuaciones-seran-en-esta-zona\\\/\",\"name\":\"El Ayuntamiento valorar\u00e1 con vecinos de la Magdalena la nueva ordenaci\u00f3n del tr\u00e1fico y el estudio de inundabilidad del Arga cuyas primeras actuaciones ser\u00e1n en esta zona\",\"isPartOf\":{\"@id\":\"https:\\\/\\\/www.laguiadepamplona.com\\\/actualidad\\\/#website\"},\"primaryImageOfPage\":{\"@id\":\"https:\\\/\\\/www.laguiadepamplona.com\\\/actualidad\\\/el-ayuntamiento-valorara-con-vecinos-de-la-magdalena-la-nueva-ordenacion-del-trafico-y-el-estudio-de-inundabilidad-del-arga-cuyas-primeras-actuaciones-seran-en-esta-zona\\\/#primaryimage\"},\"image\":{\"@id\":\"https:\\\/\\\/www.laguiadepamplona.com\\\/actualidad\\\/el-ayuntamiento-valorara-con-vecinos-de-la-magdalena-la-nueva-ordenacion-del-trafico-y-el-estudio-de-inundabilidad-del-arga-cuyas-primeras-actuaciones-seran-en-esta-zona\\\/#primaryimage\"},\"thumbnailUrl\":\"https:\\\/\\\/www.laguiadepamplona.com\\\/actualidad\\\/wp-content\\\/uploads\\\/2016\\\/11\\\/Ayto_Pamplona.jpg\",\"datePublished\":\"2018-02-13T11:33:20+00:00\",\"breadcrumb\":{\"@id\":\"https:\\\/\\\/www.laguiadepamplona.com\\\/actualidad\\\/el-ayuntamiento-valorara-con-vecinos-de-la-magdalena-la-nueva-ordenacion-del-trafico-y-el-estudio-de-inundabilidad-del-arga-cuyas-primeras-actuaciones-seran-en-esta-zona\\\/#breadcrumb\"},\"inLanguage\":\"es\",\"potentialAction\":[{\"@type\":\"ReadAction\",\"target\":[\"https:\\\/\\\/www.laguiadepamplona.com\\\/actualidad\\\/el-ayuntamiento-valorara-con-vecinos-de-la-magdalena-la-nueva-ordenacion-del-trafico-y-el-estudio-de-inundabilidad-del-arga-cuyas-primeras-actuaciones-seran-en-esta-zona\\\/\"]}]},{\"@type\":\"ImageObject\",\"inLanguage\":\"es\",\"@id\":\"https:\\\/\\\/www.laguiadepamplona.com\\\/actualidad\\\/el-ayuntamiento-valorara-con-vecinos-de-la-magdalena-la-nueva-ordenacion-del-trafico-y-el-estudio-de-inundabilidad-del-arga-cuyas-primeras-actuaciones-seran-en-esta-zona\\\/#primaryimage\",\"url\":\"https:\\\/\\\/www.laguiadepamplona.com\\\/actualidad\\\/wp-content\\\/uploads\\\/2016\\\/11\\\/Ayto_Pamplona.jpg\",\"contentUrl\":\"https:\\\/\\\/www.laguiadepamplona.com\\\/actualidad\\\/wp-content\\\/uploads\\\/2016\\\/11\\\/Ayto_Pamplona.jpg\",\"width\":900,\"height\":675},{\"@type\":\"BreadcrumbList\",\"@id\":\"https:\\\/\\\/www.laguiadepamplona.com\\\/actualidad\\\/el-ayuntamiento-valorara-con-vecinos-de-la-magdalena-la-nueva-ordenacion-del-trafico-y-el-estudio-de-inundabilidad-del-arga-cuyas-primeras-actuaciones-seran-en-esta-zona\\\/#breadcrumb\",\"itemListElement\":[{\"@type\":\"ListItem\",\"position\":1,\"name\":\"Portada\",\"item\":\"https:\\\/\\\/www.laguiadepamplona.com\\\/actualidad\\\/\"},{\"@type\":\"ListItem\",\"position\":2,\"name\":\"El Ayuntamiento valorar\u00e1 con vecinos de la Magdalena la nueva ordenaci\u00f3n del tr\u00e1fico y el estudio de inundabilidad del Arga cuyas primeras actuaciones ser\u00e1n en esta zona\"}]},{\"@type\":\"WebSite\",\"@id\":\"https:\\\/\\\/www.laguiadepamplona.com\\\/actualidad\\\/#website\",\"url\":\"https:\\\/\\\/www.laguiadepamplona.com\\\/actualidad\\\/\",\"name\":\"La gu\u00eda de Pamplona\",\"description\":\"Noticias de Pamplona\",\"publisher\":{\"@id\":\"https:\\\/\\\/www.laguiadepamplona.com\\\/actualidad\\\/#organization\"},\"potentialAction\":[{\"@type\":\"SearchAction\",\"target\":{\"@type\":\"EntryPoint\",\"urlTemplate\":\"https:\\\/\\\/www.laguiadepamplona.com\\\/actualidad\\\/?s={search_term_string}\"},\"query-input\":{\"@type\":\"PropertyValueSpecification\",\"valueRequired\":true,\"valueName\":\"search_term_string\"}}],\"inLanguage\":\"es\"},{\"@type\":\"Organization\",\"@id\":\"https:\\\/\\\/www.laguiadepamplona.com\\\/actualidad\\\/#organization\",\"name\":\"La Gu\u00eda de Pamplona \\\/ Noticias\",\"url\":\"https:\\\/\\\/www.laguiadepamplona.com\\\/actualidad\\\/\",\"logo\":{\"@type\":\"ImageObject\",\"inLanguage\":\"es\",\"@id\":\"https:\\\/\\\/www.laguiadepamplona.com\\\/actualidad\\\/#\\\/schema\\\/logo\\\/image\\\/\",\"url\":\"https:\\\/\\\/www.laguiadepamplona.com\\\/actualidad\\\/wp-content\\\/uploads\\\/2018\\\/11\\\/logo-laguiadepamplona18-web1.png\",\"contentUrl\":\"https:\\\/\\\/www.laguiadepamplona.com\\\/actualidad\\\/wp-content\\\/uploads\\\/2018\\\/11\\\/logo-laguiadepamplona18-web1.png\",\"width\":600,\"height\":196,\"caption\":\"La Gu\u00eda de Pamplona \\\/ Noticias\"},\"image\":{\"@id\":\"https:\\\/\\\/www.laguiadepamplona.com\\\/actualidad\\\/#\\\/schema\\\/logo\\\/image\\\/\"},\"sameAs\":[\"https:\\\/\\\/www.facebook.com\\\/laguiadepamplonacom-133175176762273\\\/?ref=hl\",\"https:\\\/\\\/x.com\\\/LaGuiadPamplona\",\"https:\\\/\\\/www.instagram.com\\\/la_guia_de_pamplona\\\/\",\"https:\\\/\\\/www.youtube.com\\\/user\\\/laguiadepamplona\"]},{\"@type\":\"Person\",\"@id\":\"https:\\\/\\\/www.laguiadepamplona.com\\\/actualidad\\\/#\\\/schema\\\/person\\\/efe887376f0213d4657c93adc50b1fdb\",\"name\":\"La Gu\u00eda de Pamplona\",\"image\":{\"@type\":\"ImageObject\",\"inLanguage\":\"es\",\"@id\":\"https:\\\/\\\/secure.gravatar.com\\\/avatar\\\/b6992f131dc8d30ab0dff15446e9d346d9dbd95992de0fef795073f5ea83a81c?s=96&d=mm&r=g\",\"url\":\"https:\\\/\\\/secure.gravatar.com\\\/avatar\\\/b6992f131dc8d30ab0dff15446e9d346d9dbd95992de0fef795073f5ea83a81c?s=96&d=mm&r=g\",\"contentUrl\":\"https:\\\/\\\/secure.gravatar.com\\\/avatar\\\/b6992f131dc8d30ab0dff15446e9d346d9dbd95992de0fef795073f5ea83a81c?s=96&d=mm&r=g\",\"caption\":\"La Gu\u00eda de Pamplona\"}}]}<\/script>\n<!-- \/ Yoast SEO plugin. -->","yoast_head_json":{"title":"El Ayuntamiento valorar\u00e1 con vecinos de la Magdalena la nueva ordenaci\u00f3n del tr\u00e1fico y el estudio de inundabilidad del Arga cuyas primeras actuaciones ser\u00e1n en esta zona","robots":{"index":"index","follow":"follow","max-snippet":"max-snippet:-1","max-image-preview":"max-image-preview:large","max-video-preview":"max-video-preview:-1"},"canonical":"https:\/\/www.laguiadepamplona.com\/actualidad\/el-ayuntamiento-valorara-con-vecinos-de-la-magdalena-la-nueva-ordenacion-del-trafico-y-el-estudio-de-inundabilidad-del-arga-cuyas-primeras-actuaciones-seran-en-esta-zona\/","og_locale":"es_ES","og_type":"article","og_title":"El Ayuntamiento valorar\u00e1 con vecinos de la Magdalena la nueva ordenaci\u00f3n del tr\u00e1fico y el estudio de inundabilidad del Arga cuyas primeras actuaciones ser\u00e1n en esta zona","og_description":"El encuentro tendr\u00e1 lugar ma\u00f1ana mi\u00e9rcoles a las 18.30 horas en la Biblioteca P\u00fablica de la Txantrea","og_url":"https:\/\/www.laguiadepamplona.com\/actualidad\/el-ayuntamiento-valorara-con-vecinos-de-la-magdalena-la-nueva-ordenacion-del-trafico-y-el-estudio-de-inundabilidad-del-arga-cuyas-primeras-actuaciones-seran-en-esta-zona\/","og_site_name":"La Gu\u00eda de Pamplona","article_publisher":"https:\/\/www.facebook.com\/laguiadepamplonacom-133175176762273\/?ref=hl","article_published_time":"2018-02-13T11:33:20+00:00","og_image":[{"width":900,"height":675,"url":"https:\/\/www.laguiadepamplona.com\/actualidad\/wp-content\/uploads\/2016\/11\/Ayto_Pamplona.jpg","type":"image\/jpeg"}],"author":"La Gu\u00eda de Pamplona","twitter_card":"summary_large_image","twitter_creator":"@LaGuiadPamplona","twitter_site":"@LaGuiadPamplona","twitter_misc":{"Escrito por":"La Gu\u00eda de Pamplona","Tiempo de lectura":"5 minutos"},"schema":{"@context":"https:\/\/schema.org","@graph":[{"@type":"Article","@id":"https:\/\/www.laguiadepamplona.com\/actualidad\/el-ayuntamiento-valorara-con-vecinos-de-la-magdalena-la-nueva-ordenacion-del-trafico-y-el-estudio-de-inundabilidad-del-arga-cuyas-primeras-actuaciones-seran-en-esta-zona\/#article","isPartOf":{"@id":"https:\/\/www.laguiadepamplona.com\/actualidad\/el-ayuntamiento-valorara-con-vecinos-de-la-magdalena-la-nueva-ordenacion-del-trafico-y-el-estudio-de-inundabilidad-del-arga-cuyas-primeras-actuaciones-seran-en-esta-zona\/"},"author":{"name":"La Gu\u00eda de Pamplona","@id":"https:\/\/www.laguiadepamplona.com\/actualidad\/#\/schema\/person\/efe887376f0213d4657c93adc50b1fdb"},"headline":"El Ayuntamiento valorar\u00e1 con vecinos de la Magdalena la nueva ordenaci\u00f3n del tr\u00e1fico y el estudio de inundabilidad del Arga cuyas primeras actuaciones ser\u00e1n en esta zona","datePublished":"2018-02-13T11:33:20+00:00","mainEntityOfPage":{"@id":"https:\/\/www.laguiadepamplona.com\/actualidad\/el-ayuntamiento-valorara-con-vecinos-de-la-magdalena-la-nueva-ordenacion-del-trafico-y-el-estudio-de-inundabilidad-del-arga-cuyas-primeras-actuaciones-seran-en-esta-zona\/"},"wordCount":940,"commentCount":0,"publisher":{"@id":"https:\/\/www.laguiadepamplona.com\/actualidad\/#organization"},"image":{"@id":"https:\/\/www.laguiadepamplona.com\/actualidad\/el-ayuntamiento-valorara-con-vecinos-de-la-magdalena-la-nueva-ordenacion-del-trafico-y-el-estudio-de-inundabilidad-del-arga-cuyas-primeras-actuaciones-seran-en-esta-zona\/#primaryimage"},"thumbnailUrl":"https:\/\/www.laguiadepamplona.com\/actualidad\/wp-content\/uploads\/2016\/11\/Ayto_Pamplona.jpg","articleSection":["Ayto Pamplona"],"inLanguage":"es","potentialAction":[{"@type":"CommentAction","name":"Comment","target":["https:\/\/www.laguiadepamplona.com\/actualidad\/el-ayuntamiento-valorara-con-vecinos-de-la-magdalena-la-nueva-ordenacion-del-trafico-y-el-estudio-de-inundabilidad-del-arga-cuyas-primeras-actuaciones-seran-en-esta-zona\/#respond"]}]},{"@type":"WebPage","@id":"https:\/\/www.laguiadepamplona.com\/actualidad\/el-ayuntamiento-valorara-con-vecinos-de-la-magdalena-la-nueva-ordenacion-del-trafico-y-el-estudio-de-inundabilidad-del-arga-cuyas-primeras-actuaciones-seran-en-esta-zona\/","url":"https:\/\/www.laguiadepamplona.com\/actualidad\/el-ayuntamiento-valorara-con-vecinos-de-la-magdalena-la-nueva-ordenacion-del-trafico-y-el-estudio-de-inundabilidad-del-arga-cuyas-primeras-actuaciones-seran-en-esta-zona\/","name":"El Ayuntamiento valorar\u00e1 con vecinos de la Magdalena la nueva ordenaci\u00f3n del tr\u00e1fico y el estudio de inundabilidad del Arga cuyas primeras actuaciones ser\u00e1n en esta zona","isPartOf":{"@id":"https:\/\/www.laguiadepamplona.com\/actualidad\/#website"},"primaryImageOfPage":{"@id":"https:\/\/www.laguiadepamplona.com\/actualidad\/el-ayuntamiento-valorara-con-vecinos-de-la-magdalena-la-nueva-ordenacion-del-trafico-y-el-estudio-de-inundabilidad-del-arga-cuyas-primeras-actuaciones-seran-en-esta-zona\/#primaryimage"},"image":{"@id":"https:\/\/www.laguiadepamplona.com\/actualidad\/el-ayuntamiento-valorara-con-vecinos-de-la-magdalena-la-nueva-ordenacion-del-trafico-y-el-estudio-de-inundabilidad-del-arga-cuyas-primeras-actuaciones-seran-en-esta-zona\/#primaryimage"},"thumbnailUrl":"https:\/\/www.laguiadepamplona.com\/actualidad\/wp-content\/uploads\/2016\/11\/Ayto_Pamplona.jpg","datePublished":"2018-02-13T11:33:20+00:00","breadcrumb":{"@id":"https:\/\/www.laguiadepamplona.com\/actualidad\/el-ayuntamiento-valorara-con-vecinos-de-la-magdalena-la-nueva-ordenacion-del-trafico-y-el-estudio-de-inundabilidad-del-arga-cuyas-primeras-actuaciones-seran-en-esta-zona\/#breadcrumb"},"inLanguage":"es","potentialAction":[{"@type":"ReadAction","target":["https:\/\/www.laguiadepamplona.com\/actualidad\/el-ayuntamiento-valorara-con-vecinos-de-la-magdalena-la-nueva-ordenacion-del-trafico-y-el-estudio-de-inundabilidad-del-arga-cuyas-primeras-actuaciones-seran-en-esta-zona\/"]}]},{"@type":"ImageObject","inLanguage":"es","@id":"https:\/\/www.laguiadepamplona.com\/actualidad\/el-ayuntamiento-valorara-con-vecinos-de-la-magdalena-la-nueva-ordenacion-del-trafico-y-el-estudio-de-inundabilidad-del-arga-cuyas-primeras-actuaciones-seran-en-esta-zona\/#primaryimage","url":"https:\/\/www.laguiadepamplona.com\/actualidad\/wp-content\/uploads\/2016\/11\/Ayto_Pamplona.jpg","contentUrl":"https:\/\/www.laguiadepamplona.com\/actualidad\/wp-content\/uploads\/2016\/11\/Ayto_Pamplona.jpg","width":900,"height":675},{"@type":"BreadcrumbList","@id":"https:\/\/www.laguiadepamplona.com\/actualidad\/el-ayuntamiento-valorara-con-vecinos-de-la-magdalena-la-nueva-ordenacion-del-trafico-y-el-estudio-de-inundabilidad-del-arga-cuyas-primeras-actuaciones-seran-en-esta-zona\/#breadcrumb","itemListElement":[{"@type":"ListItem","position":1,"name":"Portada","item":"https:\/\/www.laguiadepamplona.com\/actualidad\/"},{"@type":"ListItem","position":2,"name":"El Ayuntamiento valorar\u00e1 con vecinos de la Magdalena la nueva ordenaci\u00f3n del tr\u00e1fico y el estudio de inundabilidad del Arga cuyas primeras actuaciones ser\u00e1n en esta zona"}]},{"@type":"WebSite","@id":"https:\/\/www.laguiadepamplona.com\/actualidad\/#website","url":"https:\/\/www.laguiadepamplona.com\/actualidad\/","name":"La gu\u00eda de Pamplona","description":"Noticias de Pamplona","publisher":{"@id":"https:\/\/www.laguiadepamplona.com\/actualidad\/#organization"},"potentialAction":[{"@type":"SearchAction","target":{"@type":"EntryPoint","urlTemplate":"https:\/\/www.laguiadepamplona.com\/actualidad\/?s={search_term_string}"},"query-input":{"@type":"PropertyValueSpecification","valueRequired":true,"valueName":"search_term_string"}}],"inLanguage":"es"},{"@type":"Organization","@id":"https:\/\/www.laguiadepamplona.com\/actualidad\/#organization","name":"La Gu\u00eda de Pamplona \/ Noticias","url":"https:\/\/www.laguiadepamplona.com\/actualidad\/","logo":{"@type":"ImageObject","inLanguage":"es","@id":"https:\/\/www.laguiadepamplona.com\/actualidad\/#\/schema\/logo\/image\/","url":"https:\/\/www.laguiadepamplona.com\/actualidad\/wp-content\/uploads\/2018\/11\/logo-laguiadepamplona18-web1.png","contentUrl":"https:\/\/www.laguiadepamplona.com\/actualidad\/wp-content\/uploads\/2018\/11\/logo-laguiadepamplona18-web1.png","width":600,"height":196,"caption":"La Gu\u00eda de Pamplona \/ Noticias"},"image":{"@id":"https:\/\/www.laguiadepamplona.com\/actualidad\/#\/schema\/logo\/image\/"},"sameAs":["https:\/\/www.facebook.com\/laguiadepamplonacom-133175176762273\/?ref=hl","https:\/\/x.com\/LaGuiadPamplona","https:\/\/www.instagram.com\/la_guia_de_pamplona\/","https:\/\/www.youtube.com\/user\/laguiadepamplona"]},{"@type":"Person","@id":"https:\/\/www.laguiadepamplona.com\/actualidad\/#\/schema\/person\/efe887376f0213d4657c93adc50b1fdb","name":"La Gu\u00eda de Pamplona","image":{"@type":"ImageObject","inLanguage":"es","@id":"https:\/\/secure.gravatar.com\/avatar\/b6992f131dc8d30ab0dff15446e9d346d9dbd95992de0fef795073f5ea83a81c?s=96&d=mm&r=g","url":"https:\/\/secure.gravatar.com\/avatar\/b6992f131dc8d30ab0dff15446e9d346d9dbd95992de0fef795073f5ea83a81c?s=96&d=mm&r=g","contentUrl":"https:\/\/secure.gravatar.com\/avatar\/b6992f131dc8d30ab0dff15446e9d346d9dbd95992de0fef795073f5ea83a81c?s=96&d=mm&r=g","caption":"La Gu\u00eda de Pamplona"}}]}},"post_mailing_queue_ids":[],"_links":{"self":[{"href":"https:\/\/www.laguiadepamplona.com\/actualidad\/wp-json\/wp\/v2\/posts\/16095","targetHints":{"allow":["GET"]}}],"collection":[{"href":"https:\/\/www.laguiadepamplona.com\/actualidad\/wp-json\/wp\/v2\/posts"}],"about":[{"href":"https:\/\/www.laguiadepamplona.com\/actualidad\/wp-json\/wp\/v2\/types\/post"}],"author":[{"embeddable":true,"href":"https:\/\/www.laguiadepamplona.com\/actualidad\/wp-json\/wp\/v2\/users\/1"}],"replies":[{"embeddable":true,"href":"https:\/\/www.laguiadepamplona.com\/actualidad\/wp-json\/wp\/v2\/comments?post=16095"}],"version-history":[{"count":0,"href":"https:\/\/www.laguiadepamplona.com\/actualidad\/wp-json\/wp\/v2\/posts\/16095\/revisions"}],"wp:featuredmedia":[{"embeddable":true,"href":"https:\/\/www.laguiadepamplona.com\/actualidad\/wp-json\/wp\/v2\/media\/10979"}],"wp:attachment":[{"href":"https:\/\/www.laguiadepamplona.com\/actualidad\/wp-json\/wp\/v2\/media?parent=16095"}],"wp:term":[{"taxonomy":"category","embeddable":true,"href":"https:\/\/www.laguiadepamplona.com\/actualidad\/wp-json\/wp\/v2\/categories?post=16095"},{"taxonomy":"post_tag","embeddable":true,"href":"https:\/\/www.laguiadepamplona.com\/actualidad\/wp-json\/wp\/v2\/tags?post=16095"}],"curies":[{"name":"wp","href":"https:\/\/api.w.org\/{rel}","templated":true}]}}