{"id":16091,"date":"2018-02-13T12:31:07","date_gmt":"2018-02-13T11:31:07","guid":{"rendered":"http:\/\/laguiadepamplona.es\/actualidad\/?p=16091"},"modified":"2018-02-13T12:31:07","modified_gmt":"2018-02-13T11:31:07","slug":"la-banda-abre-este-jueves-en-civivox-iturrama-una-nueva-edicion-del-ciclo-de-teatro-profesional-teatreves-con-la-puesta-en-escena-de-la-obra-km-0","status":"publish","type":"post","link":"https:\/\/www.laguiadepamplona.com\/actualidad\/la-banda-abre-este-jueves-en-civivox-iturrama-una-nueva-edicion-del-ciclo-de-teatro-profesional-teatreves-con-la-puesta-en-escena-de-la-obra-km-0\/","title":{"rendered":"La Banda abre este jueves en Civivox Iturrama una nueva edici\u00f3n del ciclo de teatro profesional Teatreves con la puesta en escena de la obra \u2018Km 0\u2019"},"content":{"rendered":"<h3>El ciclo consta de tres espect\u00e1culos, el primero de ellos el jueves a las 19.30 horas, con entrada al precio de 6 euros<\/h3>\n<p><!--more--><\/p>\n<p>Circo, teatro familiar en euskera y teatro contempor\u00e1neo. Tres ejemplos y tres representaciones de artes esc\u00e9nicas que protagonizar\u00e1n una nueva edici\u00f3n de \u2018Teatreves. Tardes de teatro\u2019, un programa de exhibici\u00f3n de teatro profesional navarro que se desarrollar\u00e1 en Civivox Iturrama del 15 al 22 de febrero. La primera representaci\u00f3n ser\u00e1 este jueves, a las 19.30 horas. La Banda podr\u00e1 en escena \u2018Km 0\u2019, con entradas a la venta al precio de 6 euros.<\/p>\n<p>El espect\u00e1culo se basa en la t\u00e9cnica de la acrobacia a d\u00fao como arte circense y la expresi\u00f3n corporal como t\u00e9cnica teatral, sin dejar de lado la interpretaci\u00f3n o la manipulaci\u00f3n de los objetos. Dos personajes se encontrar\u00e1n en una estaci\u00f3n de tren donde confundir\u00e1n sus maletas, sue\u00f1os y vivencias para embarcarse en un viaje de aventuras en un mont\u00f3n de veh\u00edculos. El objetivo, encontrar un mundo nuevo. El montaje est\u00e1 dirigido por Txori Garc\u00eda y La Banda y cuenta como int\u00e9rpretes con Izaskun Lasarte y Nano Napal.<\/p>\n<p>El ciclo se completa con dos representaciones m\u00e1s en este mes de febrero, el s\u00e1bado 17 y el jueves 22. El s\u00e1bado Producciones Maestras representar\u00e1 en euskera la obra \u201cMartinaren parke fantastikoa \/ El parque fant\u00e1stico de Martina\u201d. Un espect\u00e1culo de teatro familiar que incluye m\u00fasica y canciones, que cuenta la historia de Martina, una ni\u00f1a de 7 a\u00f1os que cada tarde va al parque de su barrio para jugar, un parque normal y corriente que para ella es fant\u00e1stico. Habr\u00e1 doble funci\u00f3n, a las 12 y a las 18 horas. El precio de la entrada es de 3 euros.<\/p>\n<p>El 22 de febrero, a las 19.30 horas, concluir\u00e1 el ciclo con la obra \u2018Todas eran mis t\u00edas\u2019 de la compa\u00f1\u00eda La Nave Teatro. Con el sonido de una caja de m\u00fasica y con una luz que se adue\u00f1a del escenario, emerge la protagonista que cuenta que de peque\u00f1a quiso ser bailarina. Y al son de la m\u00fasica y el baile, cuenta tambi\u00e9n historias de las mujeres que pueblan su vida: sus t\u00edas. Las entradas salen a la venta al precio de 6 euros.<\/p>\n<p>&nbsp;<\/p>\n<p><strong>Teatreves. Tardes de teatro<\/strong><\/p>\n<ul>\n<li><strong>Jueves 15 de febrero, 19.30 horas. Civivox Iturrama<\/strong>\n<ul>\n<li><strong>\u2018Km 0\u2019<\/strong><\/li>\n<li>La Banda<\/li>\n<li>Direcci\u00f3n: Iv\u00e1n Garc\u00eda Txori y La Banda. Autores e int\u00e9rpretes: Izaskun Lasarte y Nano Napal. Escenograf\u00eda: La Banda. Dise\u00f1o gr\u00e1fico y fotograf\u00eda: Iker Lanz. Dise\u00f1o de luces: David Lainez Txiki. Producci\u00f3n: La Banda<\/li>\n<li>Entrada: 6 euros<\/li>\n<\/ul>\n<\/li>\n<li><strong>S\u00e1bado 17 de febrero, 12 y 18 horas. Civivox Iturrama<\/strong>\n<ul>\n<li><strong>\u201cMartinaren parque fantastikoa\u201d<\/strong><\/li>\n<li>Producciones Maestras<\/li>\n<li>Teatro familiar en euskera. Dramaturgia y direcci\u00f3n: Ana Maestroju\u00e1n. Int\u00e9rpretes: Iratxe Garc\u00eda \u00dariz, Oier Zu\u00f1iga y Txori Garc\u00eda Uriz. Dise\u00f1o iluminaci\u00f3n: Koldo Ta\u00ednta. Proyecciones: David Bernu\u00e9s. Canciones originales y espacio sonoro: Gorka Pastor. Producci\u00f3n: Producciones Maestras.<\/li>\n<li>Entrada: 3 euros<\/li>\n<\/ul>\n<\/li>\n<li><strong>Jueves 22 de febrero, 19.30 horas. Civivox Iturrama<\/strong>\n<ul>\n<li><strong>\u2018Todas eran mis t\u00edas\u2019<\/strong><\/li>\n<li>La Nave Teatro<\/li>\n<li>Teatro contempor\u00e1neo. Dramaturgia y direcci\u00f3n: Miguel Mun\u00e1rriz. Actriz: Marta Ju\u00e1niz. Bailarina: Uxue Olazaran. Clarinete: Marien Mejail. Coreograf\u00eda: Arantxa Villanueva, Dise\u00f1o de iluminaci\u00f3n: Koldo Ta\u00ednta. Dise\u00f1o escenograf\u00eda: Joaqu\u00edn Ju\u00e1niz. Dise\u00f1o art\u00edstico escenograf\u00eda: Alicia Otaegui. Imagen escenograf\u00eda: Jose Luis Larri\u00f3n. Modelo: Claudia Lafuente. Vestuario: Miren Ju\u00e1niz y M\u00aa Eugenia Molina. Producci\u00f3n: La Nave Teatro.<\/li>\n<li>Entrada: 6 euros<\/li>\n<\/ul>\n<\/li>\n<\/ul>\n<p>&nbsp;<\/p>\n","protected":false},"excerpt":{"rendered":"<p>El ciclo consta de tres espect\u00e1culos, el primero de ellos el jueves a las 19.30 horas, con entrada al precio de 6 euros<\/p>\n","protected":false},"author":1,"featured_media":11097,"comment_status":"open","ping_status":"closed","sticky":false,"template":"","format":"standard","meta":{"footnotes":""},"categories":[2],"tags":[],"class_list":["post-16091","post","type-post","status-publish","format-standard","has-post-thumbnail","hentry","category-ayuntamiento-pamplona"],"yoast_head":"<!-- This site is optimized with the Yoast SEO plugin v27.3 - https:\/\/yoast.com\/product\/yoast-seo-wordpress\/ -->\n<title>La Banda abre este jueves en Civivox Iturrama una nueva edici\u00f3n del ciclo de teatro profesional Teatreves con la puesta en escena de la obra \u2018Km 0\u2019<\/title>\n<meta name=\"robots\" content=\"index, follow, max-snippet:-1, max-image-preview:large, max-video-preview:-1\" \/>\n<link rel=\"canonical\" href=\"https:\/\/www.laguiadepamplona.com\/actualidad\/la-banda-abre-este-jueves-en-civivox-iturrama-una-nueva-edicion-del-ciclo-de-teatro-profesional-teatreves-con-la-puesta-en-escena-de-la-obra-km-0\/\" \/>\n<meta property=\"og:locale\" content=\"es_ES\" \/>\n<meta property=\"og:type\" content=\"article\" \/>\n<meta property=\"og:title\" content=\"La Banda abre este jueves en Civivox Iturrama una nueva edici\u00f3n del ciclo de teatro profesional Teatreves con la puesta en escena de la obra \u2018Km 0\u2019\" \/>\n<meta property=\"og:description\" content=\"El ciclo consta de tres espect\u00e1culos, el primero de ellos el jueves a las 19.30 horas, con entrada al precio de 6 euros\" \/>\n<meta property=\"og:url\" content=\"https:\/\/www.laguiadepamplona.com\/actualidad\/la-banda-abre-este-jueves-en-civivox-iturrama-una-nueva-edicion-del-ciclo-de-teatro-profesional-teatreves-con-la-puesta-en-escena-de-la-obra-km-0\/\" \/>\n<meta property=\"og:site_name\" content=\"La Gu\u00eda de Pamplona\" \/>\n<meta property=\"article:publisher\" content=\"https:\/\/www.facebook.com\/laguiadepamplonacom-133175176762273\/?ref=hl\" \/>\n<meta property=\"article:published_time\" content=\"2018-02-13T11:31:07+00:00\" \/>\n<meta property=\"og:image\" content=\"https:\/\/www.laguiadepamplona.com\/actualidad\/wp-content\/uploads\/2016\/12\/civivox-de-iturrama.jpg\" \/>\n\t<meta property=\"og:image:width\" content=\"500\" \/>\n\t<meta property=\"og:image:height\" content=\"333\" \/>\n\t<meta property=\"og:image:type\" content=\"image\/jpeg\" \/>\n<meta name=\"author\" content=\"La Gu\u00eda de Pamplona\" \/>\n<meta name=\"twitter:card\" content=\"summary_large_image\" \/>\n<meta name=\"twitter:creator\" content=\"@LaGuiadPamplona\" \/>\n<meta name=\"twitter:site\" content=\"@LaGuiadPamplona\" \/>\n<meta name=\"twitter:label1\" content=\"Escrito por\" \/>\n\t<meta name=\"twitter:data1\" content=\"La Gu\u00eda de Pamplona\" \/>\n\t<meta name=\"twitter:label2\" content=\"Tiempo de lectura\" \/>\n\t<meta name=\"twitter:data2\" content=\"3 minutos\" \/>\n<script type=\"application\/ld+json\" class=\"yoast-schema-graph\">{\"@context\":\"https:\\\/\\\/schema.org\",\"@graph\":[{\"@type\":\"Article\",\"@id\":\"https:\\\/\\\/www.laguiadepamplona.com\\\/actualidad\\\/la-banda-abre-este-jueves-en-civivox-iturrama-una-nueva-edicion-del-ciclo-de-teatro-profesional-teatreves-con-la-puesta-en-escena-de-la-obra-km-0\\\/#article\",\"isPartOf\":{\"@id\":\"https:\\\/\\\/www.laguiadepamplona.com\\\/actualidad\\\/la-banda-abre-este-jueves-en-civivox-iturrama-una-nueva-edicion-del-ciclo-de-teatro-profesional-teatreves-con-la-puesta-en-escena-de-la-obra-km-0\\\/\"},\"author\":{\"name\":\"La Gu\u00eda de Pamplona\",\"@id\":\"https:\\\/\\\/www.laguiadepamplona.com\\\/actualidad\\\/#\\\/schema\\\/person\\\/efe887376f0213d4657c93adc50b1fdb\"},\"headline\":\"La Banda abre este jueves en Civivox Iturrama una nueva edici\u00f3n del ciclo de teatro profesional Teatreves con la puesta en escena de la obra \u2018Km 0\u2019\",\"datePublished\":\"2018-02-13T11:31:07+00:00\",\"mainEntityOfPage\":{\"@id\":\"https:\\\/\\\/www.laguiadepamplona.com\\\/actualidad\\\/la-banda-abre-este-jueves-en-civivox-iturrama-una-nueva-edicion-del-ciclo-de-teatro-profesional-teatreves-con-la-puesta-en-escena-de-la-obra-km-0\\\/\"},\"wordCount\":627,\"commentCount\":0,\"publisher\":{\"@id\":\"https:\\\/\\\/www.laguiadepamplona.com\\\/actualidad\\\/#organization\"},\"image\":{\"@id\":\"https:\\\/\\\/www.laguiadepamplona.com\\\/actualidad\\\/la-banda-abre-este-jueves-en-civivox-iturrama-una-nueva-edicion-del-ciclo-de-teatro-profesional-teatreves-con-la-puesta-en-escena-de-la-obra-km-0\\\/#primaryimage\"},\"thumbnailUrl\":\"https:\\\/\\\/www.laguiadepamplona.com\\\/actualidad\\\/wp-content\\\/uploads\\\/2016\\\/12\\\/civivox-de-iturrama.jpg\",\"articleSection\":[\"Ayto Pamplona\"],\"inLanguage\":\"es\",\"potentialAction\":[{\"@type\":\"CommentAction\",\"name\":\"Comment\",\"target\":[\"https:\\\/\\\/www.laguiadepamplona.com\\\/actualidad\\\/la-banda-abre-este-jueves-en-civivox-iturrama-una-nueva-edicion-del-ciclo-de-teatro-profesional-teatreves-con-la-puesta-en-escena-de-la-obra-km-0\\\/#respond\"]}]},{\"@type\":\"WebPage\",\"@id\":\"https:\\\/\\\/www.laguiadepamplona.com\\\/actualidad\\\/la-banda-abre-este-jueves-en-civivox-iturrama-una-nueva-edicion-del-ciclo-de-teatro-profesional-teatreves-con-la-puesta-en-escena-de-la-obra-km-0\\\/\",\"url\":\"https:\\\/\\\/www.laguiadepamplona.com\\\/actualidad\\\/la-banda-abre-este-jueves-en-civivox-iturrama-una-nueva-edicion-del-ciclo-de-teatro-profesional-teatreves-con-la-puesta-en-escena-de-la-obra-km-0\\\/\",\"name\":\"La Banda abre este jueves en Civivox Iturrama una nueva edici\u00f3n del ciclo de teatro profesional Teatreves con la puesta en escena de la obra \u2018Km 0\u2019\",\"isPartOf\":{\"@id\":\"https:\\\/\\\/www.laguiadepamplona.com\\\/actualidad\\\/#website\"},\"primaryImageOfPage\":{\"@id\":\"https:\\\/\\\/www.laguiadepamplona.com\\\/actualidad\\\/la-banda-abre-este-jueves-en-civivox-iturrama-una-nueva-edicion-del-ciclo-de-teatro-profesional-teatreves-con-la-puesta-en-escena-de-la-obra-km-0\\\/#primaryimage\"},\"image\":{\"@id\":\"https:\\\/\\\/www.laguiadepamplona.com\\\/actualidad\\\/la-banda-abre-este-jueves-en-civivox-iturrama-una-nueva-edicion-del-ciclo-de-teatro-profesional-teatreves-con-la-puesta-en-escena-de-la-obra-km-0\\\/#primaryimage\"},\"thumbnailUrl\":\"https:\\\/\\\/www.laguiadepamplona.com\\\/actualidad\\\/wp-content\\\/uploads\\\/2016\\\/12\\\/civivox-de-iturrama.jpg\",\"datePublished\":\"2018-02-13T11:31:07+00:00\",\"breadcrumb\":{\"@id\":\"https:\\\/\\\/www.laguiadepamplona.com\\\/actualidad\\\/la-banda-abre-este-jueves-en-civivox-iturrama-una-nueva-edicion-del-ciclo-de-teatro-profesional-teatreves-con-la-puesta-en-escena-de-la-obra-km-0\\\/#breadcrumb\"},\"inLanguage\":\"es\",\"potentialAction\":[{\"@type\":\"ReadAction\",\"target\":[\"https:\\\/\\\/www.laguiadepamplona.com\\\/actualidad\\\/la-banda-abre-este-jueves-en-civivox-iturrama-una-nueva-edicion-del-ciclo-de-teatro-profesional-teatreves-con-la-puesta-en-escena-de-la-obra-km-0\\\/\"]}]},{\"@type\":\"ImageObject\",\"inLanguage\":\"es\",\"@id\":\"https:\\\/\\\/www.laguiadepamplona.com\\\/actualidad\\\/la-banda-abre-este-jueves-en-civivox-iturrama-una-nueva-edicion-del-ciclo-de-teatro-profesional-teatreves-con-la-puesta-en-escena-de-la-obra-km-0\\\/#primaryimage\",\"url\":\"https:\\\/\\\/www.laguiadepamplona.com\\\/actualidad\\\/wp-content\\\/uploads\\\/2016\\\/12\\\/civivox-de-iturrama.jpg\",\"contentUrl\":\"https:\\\/\\\/www.laguiadepamplona.com\\\/actualidad\\\/wp-content\\\/uploads\\\/2016\\\/12\\\/civivox-de-iturrama.jpg\",\"width\":500,\"height\":333},{\"@type\":\"BreadcrumbList\",\"@id\":\"https:\\\/\\\/www.laguiadepamplona.com\\\/actualidad\\\/la-banda-abre-este-jueves-en-civivox-iturrama-una-nueva-edicion-del-ciclo-de-teatro-profesional-teatreves-con-la-puesta-en-escena-de-la-obra-km-0\\\/#breadcrumb\",\"itemListElement\":[{\"@type\":\"ListItem\",\"position\":1,\"name\":\"Portada\",\"item\":\"https:\\\/\\\/www.laguiadepamplona.com\\\/actualidad\\\/\"},{\"@type\":\"ListItem\",\"position\":2,\"name\":\"La Banda abre este jueves en Civivox Iturrama una nueva edici\u00f3n del ciclo de teatro profesional Teatreves con la puesta en escena de la obra \u2018Km 0\u2019\"}]},{\"@type\":\"WebSite\",\"@id\":\"https:\\\/\\\/www.laguiadepamplona.com\\\/actualidad\\\/#website\",\"url\":\"https:\\\/\\\/www.laguiadepamplona.com\\\/actualidad\\\/\",\"name\":\"La gu\u00eda de Pamplona\",\"description\":\"Noticias de Pamplona\",\"publisher\":{\"@id\":\"https:\\\/\\\/www.laguiadepamplona.com\\\/actualidad\\\/#organization\"},\"potentialAction\":[{\"@type\":\"SearchAction\",\"target\":{\"@type\":\"EntryPoint\",\"urlTemplate\":\"https:\\\/\\\/www.laguiadepamplona.com\\\/actualidad\\\/?s={search_term_string}\"},\"query-input\":{\"@type\":\"PropertyValueSpecification\",\"valueRequired\":true,\"valueName\":\"search_term_string\"}}],\"inLanguage\":\"es\"},{\"@type\":\"Organization\",\"@id\":\"https:\\\/\\\/www.laguiadepamplona.com\\\/actualidad\\\/#organization\",\"name\":\"La Gu\u00eda de Pamplona \\\/ Noticias\",\"url\":\"https:\\\/\\\/www.laguiadepamplona.com\\\/actualidad\\\/\",\"logo\":{\"@type\":\"ImageObject\",\"inLanguage\":\"es\",\"@id\":\"https:\\\/\\\/www.laguiadepamplona.com\\\/actualidad\\\/#\\\/schema\\\/logo\\\/image\\\/\",\"url\":\"https:\\\/\\\/www.laguiadepamplona.com\\\/actualidad\\\/wp-content\\\/uploads\\\/2018\\\/11\\\/logo-laguiadepamplona18-web1.png\",\"contentUrl\":\"https:\\\/\\\/www.laguiadepamplona.com\\\/actualidad\\\/wp-content\\\/uploads\\\/2018\\\/11\\\/logo-laguiadepamplona18-web1.png\",\"width\":600,\"height\":196,\"caption\":\"La Gu\u00eda de Pamplona \\\/ Noticias\"},\"image\":{\"@id\":\"https:\\\/\\\/www.laguiadepamplona.com\\\/actualidad\\\/#\\\/schema\\\/logo\\\/image\\\/\"},\"sameAs\":[\"https:\\\/\\\/www.facebook.com\\\/laguiadepamplonacom-133175176762273\\\/?ref=hl\",\"https:\\\/\\\/x.com\\\/LaGuiadPamplona\",\"https:\\\/\\\/www.instagram.com\\\/la_guia_de_pamplona\\\/\",\"https:\\\/\\\/www.youtube.com\\\/user\\\/laguiadepamplona\"]},{\"@type\":\"Person\",\"@id\":\"https:\\\/\\\/www.laguiadepamplona.com\\\/actualidad\\\/#\\\/schema\\\/person\\\/efe887376f0213d4657c93adc50b1fdb\",\"name\":\"La Gu\u00eda de Pamplona\",\"image\":{\"@type\":\"ImageObject\",\"inLanguage\":\"es\",\"@id\":\"https:\\\/\\\/secure.gravatar.com\\\/avatar\\\/b6992f131dc8d30ab0dff15446e9d346d9dbd95992de0fef795073f5ea83a81c?s=96&d=mm&r=g\",\"url\":\"https:\\\/\\\/secure.gravatar.com\\\/avatar\\\/b6992f131dc8d30ab0dff15446e9d346d9dbd95992de0fef795073f5ea83a81c?s=96&d=mm&r=g\",\"contentUrl\":\"https:\\\/\\\/secure.gravatar.com\\\/avatar\\\/b6992f131dc8d30ab0dff15446e9d346d9dbd95992de0fef795073f5ea83a81c?s=96&d=mm&r=g\",\"caption\":\"La Gu\u00eda de Pamplona\"}}]}<\/script>\n<!-- \/ Yoast SEO plugin. -->","yoast_head_json":{"title":"La Banda abre este jueves en Civivox Iturrama una nueva edici\u00f3n del ciclo de teatro profesional Teatreves con la puesta en escena de la obra \u2018Km 0\u2019","robots":{"index":"index","follow":"follow","max-snippet":"max-snippet:-1","max-image-preview":"max-image-preview:large","max-video-preview":"max-video-preview:-1"},"canonical":"https:\/\/www.laguiadepamplona.com\/actualidad\/la-banda-abre-este-jueves-en-civivox-iturrama-una-nueva-edicion-del-ciclo-de-teatro-profesional-teatreves-con-la-puesta-en-escena-de-la-obra-km-0\/","og_locale":"es_ES","og_type":"article","og_title":"La Banda abre este jueves en Civivox Iturrama una nueva edici\u00f3n del ciclo de teatro profesional Teatreves con la puesta en escena de la obra \u2018Km 0\u2019","og_description":"El ciclo consta de tres espect\u00e1culos, el primero de ellos el jueves a las 19.30 horas, con entrada al precio de 6 euros","og_url":"https:\/\/www.laguiadepamplona.com\/actualidad\/la-banda-abre-este-jueves-en-civivox-iturrama-una-nueva-edicion-del-ciclo-de-teatro-profesional-teatreves-con-la-puesta-en-escena-de-la-obra-km-0\/","og_site_name":"La Gu\u00eda de Pamplona","article_publisher":"https:\/\/www.facebook.com\/laguiadepamplonacom-133175176762273\/?ref=hl","article_published_time":"2018-02-13T11:31:07+00:00","og_image":[{"width":500,"height":333,"url":"https:\/\/www.laguiadepamplona.com\/actualidad\/wp-content\/uploads\/2016\/12\/civivox-de-iturrama.jpg","type":"image\/jpeg"}],"author":"La Gu\u00eda de Pamplona","twitter_card":"summary_large_image","twitter_creator":"@LaGuiadPamplona","twitter_site":"@LaGuiadPamplona","twitter_misc":{"Escrito por":"La Gu\u00eda de Pamplona","Tiempo de lectura":"3 minutos"},"schema":{"@context":"https:\/\/schema.org","@graph":[{"@type":"Article","@id":"https:\/\/www.laguiadepamplona.com\/actualidad\/la-banda-abre-este-jueves-en-civivox-iturrama-una-nueva-edicion-del-ciclo-de-teatro-profesional-teatreves-con-la-puesta-en-escena-de-la-obra-km-0\/#article","isPartOf":{"@id":"https:\/\/www.laguiadepamplona.com\/actualidad\/la-banda-abre-este-jueves-en-civivox-iturrama-una-nueva-edicion-del-ciclo-de-teatro-profesional-teatreves-con-la-puesta-en-escena-de-la-obra-km-0\/"},"author":{"name":"La Gu\u00eda de Pamplona","@id":"https:\/\/www.laguiadepamplona.com\/actualidad\/#\/schema\/person\/efe887376f0213d4657c93adc50b1fdb"},"headline":"La Banda abre este jueves en Civivox Iturrama una nueva edici\u00f3n del ciclo de teatro profesional Teatreves con la puesta en escena de la obra \u2018Km 0\u2019","datePublished":"2018-02-13T11:31:07+00:00","mainEntityOfPage":{"@id":"https:\/\/www.laguiadepamplona.com\/actualidad\/la-banda-abre-este-jueves-en-civivox-iturrama-una-nueva-edicion-del-ciclo-de-teatro-profesional-teatreves-con-la-puesta-en-escena-de-la-obra-km-0\/"},"wordCount":627,"commentCount":0,"publisher":{"@id":"https:\/\/www.laguiadepamplona.com\/actualidad\/#organization"},"image":{"@id":"https:\/\/www.laguiadepamplona.com\/actualidad\/la-banda-abre-este-jueves-en-civivox-iturrama-una-nueva-edicion-del-ciclo-de-teatro-profesional-teatreves-con-la-puesta-en-escena-de-la-obra-km-0\/#primaryimage"},"thumbnailUrl":"https:\/\/www.laguiadepamplona.com\/actualidad\/wp-content\/uploads\/2016\/12\/civivox-de-iturrama.jpg","articleSection":["Ayto Pamplona"],"inLanguage":"es","potentialAction":[{"@type":"CommentAction","name":"Comment","target":["https:\/\/www.laguiadepamplona.com\/actualidad\/la-banda-abre-este-jueves-en-civivox-iturrama-una-nueva-edicion-del-ciclo-de-teatro-profesional-teatreves-con-la-puesta-en-escena-de-la-obra-km-0\/#respond"]}]},{"@type":"WebPage","@id":"https:\/\/www.laguiadepamplona.com\/actualidad\/la-banda-abre-este-jueves-en-civivox-iturrama-una-nueva-edicion-del-ciclo-de-teatro-profesional-teatreves-con-la-puesta-en-escena-de-la-obra-km-0\/","url":"https:\/\/www.laguiadepamplona.com\/actualidad\/la-banda-abre-este-jueves-en-civivox-iturrama-una-nueva-edicion-del-ciclo-de-teatro-profesional-teatreves-con-la-puesta-en-escena-de-la-obra-km-0\/","name":"La Banda abre este jueves en Civivox Iturrama una nueva edici\u00f3n del ciclo de teatro profesional Teatreves con la puesta en escena de la obra \u2018Km 0\u2019","isPartOf":{"@id":"https:\/\/www.laguiadepamplona.com\/actualidad\/#website"},"primaryImageOfPage":{"@id":"https:\/\/www.laguiadepamplona.com\/actualidad\/la-banda-abre-este-jueves-en-civivox-iturrama-una-nueva-edicion-del-ciclo-de-teatro-profesional-teatreves-con-la-puesta-en-escena-de-la-obra-km-0\/#primaryimage"},"image":{"@id":"https:\/\/www.laguiadepamplona.com\/actualidad\/la-banda-abre-este-jueves-en-civivox-iturrama-una-nueva-edicion-del-ciclo-de-teatro-profesional-teatreves-con-la-puesta-en-escena-de-la-obra-km-0\/#primaryimage"},"thumbnailUrl":"https:\/\/www.laguiadepamplona.com\/actualidad\/wp-content\/uploads\/2016\/12\/civivox-de-iturrama.jpg","datePublished":"2018-02-13T11:31:07+00:00","breadcrumb":{"@id":"https:\/\/www.laguiadepamplona.com\/actualidad\/la-banda-abre-este-jueves-en-civivox-iturrama-una-nueva-edicion-del-ciclo-de-teatro-profesional-teatreves-con-la-puesta-en-escena-de-la-obra-km-0\/#breadcrumb"},"inLanguage":"es","potentialAction":[{"@type":"ReadAction","target":["https:\/\/www.laguiadepamplona.com\/actualidad\/la-banda-abre-este-jueves-en-civivox-iturrama-una-nueva-edicion-del-ciclo-de-teatro-profesional-teatreves-con-la-puesta-en-escena-de-la-obra-km-0\/"]}]},{"@type":"ImageObject","inLanguage":"es","@id":"https:\/\/www.laguiadepamplona.com\/actualidad\/la-banda-abre-este-jueves-en-civivox-iturrama-una-nueva-edicion-del-ciclo-de-teatro-profesional-teatreves-con-la-puesta-en-escena-de-la-obra-km-0\/#primaryimage","url":"https:\/\/www.laguiadepamplona.com\/actualidad\/wp-content\/uploads\/2016\/12\/civivox-de-iturrama.jpg","contentUrl":"https:\/\/www.laguiadepamplona.com\/actualidad\/wp-content\/uploads\/2016\/12\/civivox-de-iturrama.jpg","width":500,"height":333},{"@type":"BreadcrumbList","@id":"https:\/\/www.laguiadepamplona.com\/actualidad\/la-banda-abre-este-jueves-en-civivox-iturrama-una-nueva-edicion-del-ciclo-de-teatro-profesional-teatreves-con-la-puesta-en-escena-de-la-obra-km-0\/#breadcrumb","itemListElement":[{"@type":"ListItem","position":1,"name":"Portada","item":"https:\/\/www.laguiadepamplona.com\/actualidad\/"},{"@type":"ListItem","position":2,"name":"La Banda abre este jueves en Civivox Iturrama una nueva edici\u00f3n del ciclo de teatro profesional Teatreves con la puesta en escena de la obra \u2018Km 0\u2019"}]},{"@type":"WebSite","@id":"https:\/\/www.laguiadepamplona.com\/actualidad\/#website","url":"https:\/\/www.laguiadepamplona.com\/actualidad\/","name":"La gu\u00eda de Pamplona","description":"Noticias de Pamplona","publisher":{"@id":"https:\/\/www.laguiadepamplona.com\/actualidad\/#organization"},"potentialAction":[{"@type":"SearchAction","target":{"@type":"EntryPoint","urlTemplate":"https:\/\/www.laguiadepamplona.com\/actualidad\/?s={search_term_string}"},"query-input":{"@type":"PropertyValueSpecification","valueRequired":true,"valueName":"search_term_string"}}],"inLanguage":"es"},{"@type":"Organization","@id":"https:\/\/www.laguiadepamplona.com\/actualidad\/#organization","name":"La Gu\u00eda de Pamplona \/ Noticias","url":"https:\/\/www.laguiadepamplona.com\/actualidad\/","logo":{"@type":"ImageObject","inLanguage":"es","@id":"https:\/\/www.laguiadepamplona.com\/actualidad\/#\/schema\/logo\/image\/","url":"https:\/\/www.laguiadepamplona.com\/actualidad\/wp-content\/uploads\/2018\/11\/logo-laguiadepamplona18-web1.png","contentUrl":"https:\/\/www.laguiadepamplona.com\/actualidad\/wp-content\/uploads\/2018\/11\/logo-laguiadepamplona18-web1.png","width":600,"height":196,"caption":"La Gu\u00eda de Pamplona \/ Noticias"},"image":{"@id":"https:\/\/www.laguiadepamplona.com\/actualidad\/#\/schema\/logo\/image\/"},"sameAs":["https:\/\/www.facebook.com\/laguiadepamplonacom-133175176762273\/?ref=hl","https:\/\/x.com\/LaGuiadPamplona","https:\/\/www.instagram.com\/la_guia_de_pamplona\/","https:\/\/www.youtube.com\/user\/laguiadepamplona"]},{"@type":"Person","@id":"https:\/\/www.laguiadepamplona.com\/actualidad\/#\/schema\/person\/efe887376f0213d4657c93adc50b1fdb","name":"La Gu\u00eda de Pamplona","image":{"@type":"ImageObject","inLanguage":"es","@id":"https:\/\/secure.gravatar.com\/avatar\/b6992f131dc8d30ab0dff15446e9d346d9dbd95992de0fef795073f5ea83a81c?s=96&d=mm&r=g","url":"https:\/\/secure.gravatar.com\/avatar\/b6992f131dc8d30ab0dff15446e9d346d9dbd95992de0fef795073f5ea83a81c?s=96&d=mm&r=g","contentUrl":"https:\/\/secure.gravatar.com\/avatar\/b6992f131dc8d30ab0dff15446e9d346d9dbd95992de0fef795073f5ea83a81c?s=96&d=mm&r=g","caption":"La Gu\u00eda de Pamplona"}}]}},"post_mailing_queue_ids":[],"_links":{"self":[{"href":"https:\/\/www.laguiadepamplona.com\/actualidad\/wp-json\/wp\/v2\/posts\/16091","targetHints":{"allow":["GET"]}}],"collection":[{"href":"https:\/\/www.laguiadepamplona.com\/actualidad\/wp-json\/wp\/v2\/posts"}],"about":[{"href":"https:\/\/www.laguiadepamplona.com\/actualidad\/wp-json\/wp\/v2\/types\/post"}],"author":[{"embeddable":true,"href":"https:\/\/www.laguiadepamplona.com\/actualidad\/wp-json\/wp\/v2\/users\/1"}],"replies":[{"embeddable":true,"href":"https:\/\/www.laguiadepamplona.com\/actualidad\/wp-json\/wp\/v2\/comments?post=16091"}],"version-history":[{"count":0,"href":"https:\/\/www.laguiadepamplona.com\/actualidad\/wp-json\/wp\/v2\/posts\/16091\/revisions"}],"wp:featuredmedia":[{"embeddable":true,"href":"https:\/\/www.laguiadepamplona.com\/actualidad\/wp-json\/wp\/v2\/media\/11097"}],"wp:attachment":[{"href":"https:\/\/www.laguiadepamplona.com\/actualidad\/wp-json\/wp\/v2\/media?parent=16091"}],"wp:term":[{"taxonomy":"category","embeddable":true,"href":"https:\/\/www.laguiadepamplona.com\/actualidad\/wp-json\/wp\/v2\/categories?post=16091"},{"taxonomy":"post_tag","embeddable":true,"href":"https:\/\/www.laguiadepamplona.com\/actualidad\/wp-json\/wp\/v2\/tags?post=16091"}],"curies":[{"name":"wp","href":"https:\/\/api.w.org\/{rel}","templated":true}]}}