{"id":16085,"date":"2018-02-13T12:28:28","date_gmt":"2018-02-13T11:28:28","guid":{"rendered":"http:\/\/laguiadepamplona.es\/actualidad\/?p=16085"},"modified":"2018-02-13T12:28:28","modified_gmt":"2018-02-13T11:28:28","slug":"adjudicado-el-contrato-de-suministro-de-plantas-para-los-parterres-de-flor-de-la-ciudad-para-los-anos-2018-y-2019-se-ha-buscado-la-sostenibilidad","status":"publish","type":"post","link":"https:\/\/www.laguiadepamplona.com\/actualidad\/adjudicado-el-contrato-de-suministro-de-plantas-para-los-parterres-de-flor-de-la-ciudad-para-los-anos-2018-y-2019-se-ha-buscado-la-sostenibilidad\/","title":{"rendered":"Adjudicado el contrato de suministro de plantas para los parterres de flor de la ciudad para los a\u00f1os 2018 y 2019: se ha buscado la sostenibilidad"},"content":{"rendered":"<h3>Cada a\u00f1o se suministrar\u00e1n unas 85.000 flores en dos lotes, planta de primavera y planta de oto\u00f1o<\/h3>\n<p><!--more--><\/p>\n<p>La Junta del Gobierno Local del Ayuntamiento de Pamplona ha aprobado en su reuni\u00f3n de esta ma\u00f1ana la adjudicaci\u00f3n del contrato de suministro de planta para los 2.500 m<sup>2<\/sup> de parterres de flor de la ciudad. La decisi\u00f3n engloba el suministro de planta de primavera y planta de oto\u00f1o para este a\u00f1o y el que viene. Cada a\u00f1o se suministran a los servicios municipales m\u00e1s de 85.000 flores de diferentes variedades. El contrato est\u00e1 dividido en dos lotes independientes. En este caso el suministro de plantas de primavera le ha correspondido a Inverprao S.L por un importe de 33.460 euros y las de oto\u00f1o a Jardiner\u00eda Adaxxa S.L 22.877.<\/p>\n<p>La planta de primavera se suministrar\u00e1 durante la segunda quincena de mayo en un plazo m\u00e1ximo total de 12 d\u00edas, as\u00ed como 130 geranios de la variedad elegida, que se suministrar\u00e1n la primera semana de abril. Las flores de esta partida son, entre otras, begonias, dalias, geranios, <em>ageratos<\/em>, coleos, petunias, salvias o crisantemos. En este lote se incluye el suministro de 2.100 unidades que estar\u00e1n disponibles al d\u00eda siguiente de la finalizaci\u00f3n de las fiestas de San Ferm\u00edn. La planta de oto\u00f1o se deber\u00e1 suministrar durante la segunda quincena de octubre, tambi\u00e9n en un plazo m\u00e1ximo de 12 d\u00edas, y en coordinaci\u00f3n con el vivero municipal. Lo previsto es que se reciban panolas, violas, pr\u00edmulas, amapolas, alhel\u00edes o margaritas.<\/p>\n<p>Todas las plantas deben cumplir unas condiciones de calidad general y unas condiciones particulares, seg\u00fan el tipo de variedad a la que pertenezcan. Deber\u00e1n ser absolutamente aut\u00e9nticas, es decir, con identidad y pureza adecuadas a las especies, variedades o series especificadas. Adem\u00e1s, por primera vez, deber\u00e1n ser sostenibles ya que en el pliego de prescripciones ha valorado la sostenibilidad en el manejo de las plantas puntuando la \u2018Huella de carbono\u2019 y preve\u00eda valorar que las empresas dispusieran de la certificaci\u00f3n ecol\u00f3gica que otorga CPAEN.<\/p>\n<p>Los parterres son unos elementos ornamentales del espacio p\u00fablico que inciden en la calidad de vida de la ciudad y vertebran el tr\u00e1nsito peatonal. El Servicio de Parques Jardines y Zonas Verdes dise\u00f1a los espacios p\u00fablicos de la ciudad, creando dibujos diferentes a los de a\u00f1os anteriores para cada lugar, de forma que no se repitan colores o tipos de flores en una zona. Por esta raz\u00f3n, el Ayuntamiento, var\u00eda anualmente el n\u00famero de plantas y sus variedades incorporando las novedades que aparecen en el mundo de la planta ornamental con nuevas hibridaciones o modificando las combinaciones de alturas o colores.<\/p>\n<p>&nbsp;<\/p>\n","protected":false},"excerpt":{"rendered":"<p>Cada a\u00f1o se suministrar\u00e1n unas 85.000 flores en dos lotes, planta de primavera y planta de oto\u00f1o<\/p>\n","protected":false},"author":1,"featured_media":14979,"comment_status":"open","ping_status":"closed","sticky":false,"template":"","format":"standard","meta":{"footnotes":""},"categories":[2],"tags":[],"class_list":["post-16085","post","type-post","status-publish","format-standard","has-post-thumbnail","hentry","category-ayuntamiento-pamplona"],"yoast_head":"<!-- This site is optimized with the Yoast SEO plugin v27.3 - https:\/\/yoast.com\/product\/yoast-seo-wordpress\/ -->\n<title>Adjudicado el contrato de suministro de plantas para los parterres de flor de la ciudad para los a\u00f1os 2018 y 2019: se ha buscado la sostenibilidad<\/title>\n<meta name=\"robots\" content=\"index, follow, max-snippet:-1, max-image-preview:large, max-video-preview:-1\" \/>\n<link rel=\"canonical\" href=\"https:\/\/www.laguiadepamplona.com\/actualidad\/adjudicado-el-contrato-de-suministro-de-plantas-para-los-parterres-de-flor-de-la-ciudad-para-los-anos-2018-y-2019-se-ha-buscado-la-sostenibilidad\/\" \/>\n<meta property=\"og:locale\" content=\"es_ES\" \/>\n<meta property=\"og:type\" content=\"article\" \/>\n<meta property=\"og:title\" content=\"Adjudicado el contrato de suministro de plantas para los parterres de flor de la ciudad para los a\u00f1os 2018 y 2019: se ha buscado la sostenibilidad\" \/>\n<meta property=\"og:description\" content=\"Cada a\u00f1o se suministrar\u00e1n unas 85.000 flores en dos lotes, planta de primavera y planta de oto\u00f1o\" \/>\n<meta property=\"og:url\" content=\"https:\/\/www.laguiadepamplona.com\/actualidad\/adjudicado-el-contrato-de-suministro-de-plantas-para-los-parterres-de-flor-de-la-ciudad-para-los-anos-2018-y-2019-se-ha-buscado-la-sostenibilidad\/\" \/>\n<meta property=\"og:site_name\" content=\"La Gu\u00eda de Pamplona\" \/>\n<meta property=\"article:publisher\" content=\"https:\/\/www.facebook.com\/laguiadepamplonacom-133175176762273\/?ref=hl\" \/>\n<meta property=\"article:published_time\" content=\"2018-02-13T11:28:28+00:00\" \/>\n<meta property=\"og:image\" content=\"https:\/\/www.laguiadepamplona.com\/actualidad\/wp-content\/uploads\/2017\/11\/plantas-flor-huella-carbono3.jpg\" \/>\n\t<meta property=\"og:image:width\" content=\"1000\" \/>\n\t<meta property=\"og:image:height\" content=\"750\" \/>\n\t<meta property=\"og:image:type\" content=\"image\/jpeg\" \/>\n<meta name=\"author\" content=\"La Gu\u00eda de Pamplona\" \/>\n<meta name=\"twitter:card\" content=\"summary_large_image\" \/>\n<meta name=\"twitter:creator\" content=\"@LaGuiadPamplona\" \/>\n<meta name=\"twitter:site\" content=\"@LaGuiadPamplona\" \/>\n<meta name=\"twitter:label1\" content=\"Escrito por\" \/>\n\t<meta name=\"twitter:data1\" content=\"La Gu\u00eda de Pamplona\" \/>\n\t<meta name=\"twitter:label2\" content=\"Tiempo de lectura\" \/>\n\t<meta name=\"twitter:data2\" content=\"2 minutos\" \/>\n<script type=\"application\/ld+json\" class=\"yoast-schema-graph\">{\"@context\":\"https:\\\/\\\/schema.org\",\"@graph\":[{\"@type\":\"Article\",\"@id\":\"https:\\\/\\\/www.laguiadepamplona.com\\\/actualidad\\\/adjudicado-el-contrato-de-suministro-de-plantas-para-los-parterres-de-flor-de-la-ciudad-para-los-anos-2018-y-2019-se-ha-buscado-la-sostenibilidad\\\/#article\",\"isPartOf\":{\"@id\":\"https:\\\/\\\/www.laguiadepamplona.com\\\/actualidad\\\/adjudicado-el-contrato-de-suministro-de-plantas-para-los-parterres-de-flor-de-la-ciudad-para-los-anos-2018-y-2019-se-ha-buscado-la-sostenibilidad\\\/\"},\"author\":{\"name\":\"La Gu\u00eda de Pamplona\",\"@id\":\"https:\\\/\\\/www.laguiadepamplona.com\\\/actualidad\\\/#\\\/schema\\\/person\\\/efe887376f0213d4657c93adc50b1fdb\"},\"headline\":\"Adjudicado el contrato de suministro de plantas para los parterres de flor de la ciudad para los a\u00f1os 2018 y 2019: se ha buscado la sostenibilidad\",\"datePublished\":\"2018-02-13T11:28:28+00:00\",\"mainEntityOfPage\":{\"@id\":\"https:\\\/\\\/www.laguiadepamplona.com\\\/actualidad\\\/adjudicado-el-contrato-de-suministro-de-plantas-para-los-parterres-de-flor-de-la-ciudad-para-los-anos-2018-y-2019-se-ha-buscado-la-sostenibilidad\\\/\"},\"wordCount\":492,\"commentCount\":0,\"publisher\":{\"@id\":\"https:\\\/\\\/www.laguiadepamplona.com\\\/actualidad\\\/#organization\"},\"image\":{\"@id\":\"https:\\\/\\\/www.laguiadepamplona.com\\\/actualidad\\\/adjudicado-el-contrato-de-suministro-de-plantas-para-los-parterres-de-flor-de-la-ciudad-para-los-anos-2018-y-2019-se-ha-buscado-la-sostenibilidad\\\/#primaryimage\"},\"thumbnailUrl\":\"https:\\\/\\\/www.laguiadepamplona.com\\\/actualidad\\\/wp-content\\\/uploads\\\/2017\\\/11\\\/plantas-flor-huella-carbono3.jpg\",\"articleSection\":[\"Ayto Pamplona\"],\"inLanguage\":\"es\",\"potentialAction\":[{\"@type\":\"CommentAction\",\"name\":\"Comment\",\"target\":[\"https:\\\/\\\/www.laguiadepamplona.com\\\/actualidad\\\/adjudicado-el-contrato-de-suministro-de-plantas-para-los-parterres-de-flor-de-la-ciudad-para-los-anos-2018-y-2019-se-ha-buscado-la-sostenibilidad\\\/#respond\"]}]},{\"@type\":\"WebPage\",\"@id\":\"https:\\\/\\\/www.laguiadepamplona.com\\\/actualidad\\\/adjudicado-el-contrato-de-suministro-de-plantas-para-los-parterres-de-flor-de-la-ciudad-para-los-anos-2018-y-2019-se-ha-buscado-la-sostenibilidad\\\/\",\"url\":\"https:\\\/\\\/www.laguiadepamplona.com\\\/actualidad\\\/adjudicado-el-contrato-de-suministro-de-plantas-para-los-parterres-de-flor-de-la-ciudad-para-los-anos-2018-y-2019-se-ha-buscado-la-sostenibilidad\\\/\",\"name\":\"Adjudicado el contrato de suministro de plantas para los parterres de flor de la ciudad para los a\u00f1os 2018 y 2019: se ha buscado la sostenibilidad\",\"isPartOf\":{\"@id\":\"https:\\\/\\\/www.laguiadepamplona.com\\\/actualidad\\\/#website\"},\"primaryImageOfPage\":{\"@id\":\"https:\\\/\\\/www.laguiadepamplona.com\\\/actualidad\\\/adjudicado-el-contrato-de-suministro-de-plantas-para-los-parterres-de-flor-de-la-ciudad-para-los-anos-2018-y-2019-se-ha-buscado-la-sostenibilidad\\\/#primaryimage\"},\"image\":{\"@id\":\"https:\\\/\\\/www.laguiadepamplona.com\\\/actualidad\\\/adjudicado-el-contrato-de-suministro-de-plantas-para-los-parterres-de-flor-de-la-ciudad-para-los-anos-2018-y-2019-se-ha-buscado-la-sostenibilidad\\\/#primaryimage\"},\"thumbnailUrl\":\"https:\\\/\\\/www.laguiadepamplona.com\\\/actualidad\\\/wp-content\\\/uploads\\\/2017\\\/11\\\/plantas-flor-huella-carbono3.jpg\",\"datePublished\":\"2018-02-13T11:28:28+00:00\",\"breadcrumb\":{\"@id\":\"https:\\\/\\\/www.laguiadepamplona.com\\\/actualidad\\\/adjudicado-el-contrato-de-suministro-de-plantas-para-los-parterres-de-flor-de-la-ciudad-para-los-anos-2018-y-2019-se-ha-buscado-la-sostenibilidad\\\/#breadcrumb\"},\"inLanguage\":\"es\",\"potentialAction\":[{\"@type\":\"ReadAction\",\"target\":[\"https:\\\/\\\/www.laguiadepamplona.com\\\/actualidad\\\/adjudicado-el-contrato-de-suministro-de-plantas-para-los-parterres-de-flor-de-la-ciudad-para-los-anos-2018-y-2019-se-ha-buscado-la-sostenibilidad\\\/\"]}]},{\"@type\":\"ImageObject\",\"inLanguage\":\"es\",\"@id\":\"https:\\\/\\\/www.laguiadepamplona.com\\\/actualidad\\\/adjudicado-el-contrato-de-suministro-de-plantas-para-los-parterres-de-flor-de-la-ciudad-para-los-anos-2018-y-2019-se-ha-buscado-la-sostenibilidad\\\/#primaryimage\",\"url\":\"https:\\\/\\\/www.laguiadepamplona.com\\\/actualidad\\\/wp-content\\\/uploads\\\/2017\\\/11\\\/plantas-flor-huella-carbono3.jpg\",\"contentUrl\":\"https:\\\/\\\/www.laguiadepamplona.com\\\/actualidad\\\/wp-content\\\/uploads\\\/2017\\\/11\\\/plantas-flor-huella-carbono3.jpg\",\"width\":1000,\"height\":750},{\"@type\":\"BreadcrumbList\",\"@id\":\"https:\\\/\\\/www.laguiadepamplona.com\\\/actualidad\\\/adjudicado-el-contrato-de-suministro-de-plantas-para-los-parterres-de-flor-de-la-ciudad-para-los-anos-2018-y-2019-se-ha-buscado-la-sostenibilidad\\\/#breadcrumb\",\"itemListElement\":[{\"@type\":\"ListItem\",\"position\":1,\"name\":\"Portada\",\"item\":\"https:\\\/\\\/www.laguiadepamplona.com\\\/actualidad\\\/\"},{\"@type\":\"ListItem\",\"position\":2,\"name\":\"Adjudicado el contrato de suministro de plantas para los parterres de flor de la ciudad para los a\u00f1os 2018 y 2019: se ha buscado la sostenibilidad\"}]},{\"@type\":\"WebSite\",\"@id\":\"https:\\\/\\\/www.laguiadepamplona.com\\\/actualidad\\\/#website\",\"url\":\"https:\\\/\\\/www.laguiadepamplona.com\\\/actualidad\\\/\",\"name\":\"La gu\u00eda de Pamplona\",\"description\":\"Noticias de Pamplona\",\"publisher\":{\"@id\":\"https:\\\/\\\/www.laguiadepamplona.com\\\/actualidad\\\/#organization\"},\"potentialAction\":[{\"@type\":\"SearchAction\",\"target\":{\"@type\":\"EntryPoint\",\"urlTemplate\":\"https:\\\/\\\/www.laguiadepamplona.com\\\/actualidad\\\/?s={search_term_string}\"},\"query-input\":{\"@type\":\"PropertyValueSpecification\",\"valueRequired\":true,\"valueName\":\"search_term_string\"}}],\"inLanguage\":\"es\"},{\"@type\":\"Organization\",\"@id\":\"https:\\\/\\\/www.laguiadepamplona.com\\\/actualidad\\\/#organization\",\"name\":\"La Gu\u00eda de Pamplona \\\/ Noticias\",\"url\":\"https:\\\/\\\/www.laguiadepamplona.com\\\/actualidad\\\/\",\"logo\":{\"@type\":\"ImageObject\",\"inLanguage\":\"es\",\"@id\":\"https:\\\/\\\/www.laguiadepamplona.com\\\/actualidad\\\/#\\\/schema\\\/logo\\\/image\\\/\",\"url\":\"https:\\\/\\\/www.laguiadepamplona.com\\\/actualidad\\\/wp-content\\\/uploads\\\/2018\\\/11\\\/logo-laguiadepamplona18-web1.png\",\"contentUrl\":\"https:\\\/\\\/www.laguiadepamplona.com\\\/actualidad\\\/wp-content\\\/uploads\\\/2018\\\/11\\\/logo-laguiadepamplona18-web1.png\",\"width\":600,\"height\":196,\"caption\":\"La Gu\u00eda de Pamplona \\\/ Noticias\"},\"image\":{\"@id\":\"https:\\\/\\\/www.laguiadepamplona.com\\\/actualidad\\\/#\\\/schema\\\/logo\\\/image\\\/\"},\"sameAs\":[\"https:\\\/\\\/www.facebook.com\\\/laguiadepamplonacom-133175176762273\\\/?ref=hl\",\"https:\\\/\\\/x.com\\\/LaGuiadPamplona\",\"https:\\\/\\\/www.instagram.com\\\/la_guia_de_pamplona\\\/\",\"https:\\\/\\\/www.youtube.com\\\/user\\\/laguiadepamplona\"]},{\"@type\":\"Person\",\"@id\":\"https:\\\/\\\/www.laguiadepamplona.com\\\/actualidad\\\/#\\\/schema\\\/person\\\/efe887376f0213d4657c93adc50b1fdb\",\"name\":\"La Gu\u00eda de Pamplona\",\"image\":{\"@type\":\"ImageObject\",\"inLanguage\":\"es\",\"@id\":\"https:\\\/\\\/secure.gravatar.com\\\/avatar\\\/b6992f131dc8d30ab0dff15446e9d346d9dbd95992de0fef795073f5ea83a81c?s=96&d=mm&r=g\",\"url\":\"https:\\\/\\\/secure.gravatar.com\\\/avatar\\\/b6992f131dc8d30ab0dff15446e9d346d9dbd95992de0fef795073f5ea83a81c?s=96&d=mm&r=g\",\"contentUrl\":\"https:\\\/\\\/secure.gravatar.com\\\/avatar\\\/b6992f131dc8d30ab0dff15446e9d346d9dbd95992de0fef795073f5ea83a81c?s=96&d=mm&r=g\",\"caption\":\"La Gu\u00eda de Pamplona\"}}]}<\/script>\n<!-- \/ Yoast SEO plugin. -->","yoast_head_json":{"title":"Adjudicado el contrato de suministro de plantas para los parterres de flor de la ciudad para los a\u00f1os 2018 y 2019: se ha buscado la sostenibilidad","robots":{"index":"index","follow":"follow","max-snippet":"max-snippet:-1","max-image-preview":"max-image-preview:large","max-video-preview":"max-video-preview:-1"},"canonical":"https:\/\/www.laguiadepamplona.com\/actualidad\/adjudicado-el-contrato-de-suministro-de-plantas-para-los-parterres-de-flor-de-la-ciudad-para-los-anos-2018-y-2019-se-ha-buscado-la-sostenibilidad\/","og_locale":"es_ES","og_type":"article","og_title":"Adjudicado el contrato de suministro de plantas para los parterres de flor de la ciudad para los a\u00f1os 2018 y 2019: se ha buscado la sostenibilidad","og_description":"Cada a\u00f1o se suministrar\u00e1n unas 85.000 flores en dos lotes, planta de primavera y planta de oto\u00f1o","og_url":"https:\/\/www.laguiadepamplona.com\/actualidad\/adjudicado-el-contrato-de-suministro-de-plantas-para-los-parterres-de-flor-de-la-ciudad-para-los-anos-2018-y-2019-se-ha-buscado-la-sostenibilidad\/","og_site_name":"La Gu\u00eda de Pamplona","article_publisher":"https:\/\/www.facebook.com\/laguiadepamplonacom-133175176762273\/?ref=hl","article_published_time":"2018-02-13T11:28:28+00:00","og_image":[{"width":1000,"height":750,"url":"https:\/\/www.laguiadepamplona.com\/actualidad\/wp-content\/uploads\/2017\/11\/plantas-flor-huella-carbono3.jpg","type":"image\/jpeg"}],"author":"La Gu\u00eda de Pamplona","twitter_card":"summary_large_image","twitter_creator":"@LaGuiadPamplona","twitter_site":"@LaGuiadPamplona","twitter_misc":{"Escrito por":"La Gu\u00eda de Pamplona","Tiempo de lectura":"2 minutos"},"schema":{"@context":"https:\/\/schema.org","@graph":[{"@type":"Article","@id":"https:\/\/www.laguiadepamplona.com\/actualidad\/adjudicado-el-contrato-de-suministro-de-plantas-para-los-parterres-de-flor-de-la-ciudad-para-los-anos-2018-y-2019-se-ha-buscado-la-sostenibilidad\/#article","isPartOf":{"@id":"https:\/\/www.laguiadepamplona.com\/actualidad\/adjudicado-el-contrato-de-suministro-de-plantas-para-los-parterres-de-flor-de-la-ciudad-para-los-anos-2018-y-2019-se-ha-buscado-la-sostenibilidad\/"},"author":{"name":"La Gu\u00eda de Pamplona","@id":"https:\/\/www.laguiadepamplona.com\/actualidad\/#\/schema\/person\/efe887376f0213d4657c93adc50b1fdb"},"headline":"Adjudicado el contrato de suministro de plantas para los parterres de flor de la ciudad para los a\u00f1os 2018 y 2019: se ha buscado la sostenibilidad","datePublished":"2018-02-13T11:28:28+00:00","mainEntityOfPage":{"@id":"https:\/\/www.laguiadepamplona.com\/actualidad\/adjudicado-el-contrato-de-suministro-de-plantas-para-los-parterres-de-flor-de-la-ciudad-para-los-anos-2018-y-2019-se-ha-buscado-la-sostenibilidad\/"},"wordCount":492,"commentCount":0,"publisher":{"@id":"https:\/\/www.laguiadepamplona.com\/actualidad\/#organization"},"image":{"@id":"https:\/\/www.laguiadepamplona.com\/actualidad\/adjudicado-el-contrato-de-suministro-de-plantas-para-los-parterres-de-flor-de-la-ciudad-para-los-anos-2018-y-2019-se-ha-buscado-la-sostenibilidad\/#primaryimage"},"thumbnailUrl":"https:\/\/www.laguiadepamplona.com\/actualidad\/wp-content\/uploads\/2017\/11\/plantas-flor-huella-carbono3.jpg","articleSection":["Ayto Pamplona"],"inLanguage":"es","potentialAction":[{"@type":"CommentAction","name":"Comment","target":["https:\/\/www.laguiadepamplona.com\/actualidad\/adjudicado-el-contrato-de-suministro-de-plantas-para-los-parterres-de-flor-de-la-ciudad-para-los-anos-2018-y-2019-se-ha-buscado-la-sostenibilidad\/#respond"]}]},{"@type":"WebPage","@id":"https:\/\/www.laguiadepamplona.com\/actualidad\/adjudicado-el-contrato-de-suministro-de-plantas-para-los-parterres-de-flor-de-la-ciudad-para-los-anos-2018-y-2019-se-ha-buscado-la-sostenibilidad\/","url":"https:\/\/www.laguiadepamplona.com\/actualidad\/adjudicado-el-contrato-de-suministro-de-plantas-para-los-parterres-de-flor-de-la-ciudad-para-los-anos-2018-y-2019-se-ha-buscado-la-sostenibilidad\/","name":"Adjudicado el contrato de suministro de plantas para los parterres de flor de la ciudad para los a\u00f1os 2018 y 2019: se ha buscado la sostenibilidad","isPartOf":{"@id":"https:\/\/www.laguiadepamplona.com\/actualidad\/#website"},"primaryImageOfPage":{"@id":"https:\/\/www.laguiadepamplona.com\/actualidad\/adjudicado-el-contrato-de-suministro-de-plantas-para-los-parterres-de-flor-de-la-ciudad-para-los-anos-2018-y-2019-se-ha-buscado-la-sostenibilidad\/#primaryimage"},"image":{"@id":"https:\/\/www.laguiadepamplona.com\/actualidad\/adjudicado-el-contrato-de-suministro-de-plantas-para-los-parterres-de-flor-de-la-ciudad-para-los-anos-2018-y-2019-se-ha-buscado-la-sostenibilidad\/#primaryimage"},"thumbnailUrl":"https:\/\/www.laguiadepamplona.com\/actualidad\/wp-content\/uploads\/2017\/11\/plantas-flor-huella-carbono3.jpg","datePublished":"2018-02-13T11:28:28+00:00","breadcrumb":{"@id":"https:\/\/www.laguiadepamplona.com\/actualidad\/adjudicado-el-contrato-de-suministro-de-plantas-para-los-parterres-de-flor-de-la-ciudad-para-los-anos-2018-y-2019-se-ha-buscado-la-sostenibilidad\/#breadcrumb"},"inLanguage":"es","potentialAction":[{"@type":"ReadAction","target":["https:\/\/www.laguiadepamplona.com\/actualidad\/adjudicado-el-contrato-de-suministro-de-plantas-para-los-parterres-de-flor-de-la-ciudad-para-los-anos-2018-y-2019-se-ha-buscado-la-sostenibilidad\/"]}]},{"@type":"ImageObject","inLanguage":"es","@id":"https:\/\/www.laguiadepamplona.com\/actualidad\/adjudicado-el-contrato-de-suministro-de-plantas-para-los-parterres-de-flor-de-la-ciudad-para-los-anos-2018-y-2019-se-ha-buscado-la-sostenibilidad\/#primaryimage","url":"https:\/\/www.laguiadepamplona.com\/actualidad\/wp-content\/uploads\/2017\/11\/plantas-flor-huella-carbono3.jpg","contentUrl":"https:\/\/www.laguiadepamplona.com\/actualidad\/wp-content\/uploads\/2017\/11\/plantas-flor-huella-carbono3.jpg","width":1000,"height":750},{"@type":"BreadcrumbList","@id":"https:\/\/www.laguiadepamplona.com\/actualidad\/adjudicado-el-contrato-de-suministro-de-plantas-para-los-parterres-de-flor-de-la-ciudad-para-los-anos-2018-y-2019-se-ha-buscado-la-sostenibilidad\/#breadcrumb","itemListElement":[{"@type":"ListItem","position":1,"name":"Portada","item":"https:\/\/www.laguiadepamplona.com\/actualidad\/"},{"@type":"ListItem","position":2,"name":"Adjudicado el contrato de suministro de plantas para los parterres de flor de la ciudad para los a\u00f1os 2018 y 2019: se ha buscado la sostenibilidad"}]},{"@type":"WebSite","@id":"https:\/\/www.laguiadepamplona.com\/actualidad\/#website","url":"https:\/\/www.laguiadepamplona.com\/actualidad\/","name":"La gu\u00eda de Pamplona","description":"Noticias de Pamplona","publisher":{"@id":"https:\/\/www.laguiadepamplona.com\/actualidad\/#organization"},"potentialAction":[{"@type":"SearchAction","target":{"@type":"EntryPoint","urlTemplate":"https:\/\/www.laguiadepamplona.com\/actualidad\/?s={search_term_string}"},"query-input":{"@type":"PropertyValueSpecification","valueRequired":true,"valueName":"search_term_string"}}],"inLanguage":"es"},{"@type":"Organization","@id":"https:\/\/www.laguiadepamplona.com\/actualidad\/#organization","name":"La Gu\u00eda de Pamplona \/ Noticias","url":"https:\/\/www.laguiadepamplona.com\/actualidad\/","logo":{"@type":"ImageObject","inLanguage":"es","@id":"https:\/\/www.laguiadepamplona.com\/actualidad\/#\/schema\/logo\/image\/","url":"https:\/\/www.laguiadepamplona.com\/actualidad\/wp-content\/uploads\/2018\/11\/logo-laguiadepamplona18-web1.png","contentUrl":"https:\/\/www.laguiadepamplona.com\/actualidad\/wp-content\/uploads\/2018\/11\/logo-laguiadepamplona18-web1.png","width":600,"height":196,"caption":"La Gu\u00eda de Pamplona \/ Noticias"},"image":{"@id":"https:\/\/www.laguiadepamplona.com\/actualidad\/#\/schema\/logo\/image\/"},"sameAs":["https:\/\/www.facebook.com\/laguiadepamplonacom-133175176762273\/?ref=hl","https:\/\/x.com\/LaGuiadPamplona","https:\/\/www.instagram.com\/la_guia_de_pamplona\/","https:\/\/www.youtube.com\/user\/laguiadepamplona"]},{"@type":"Person","@id":"https:\/\/www.laguiadepamplona.com\/actualidad\/#\/schema\/person\/efe887376f0213d4657c93adc50b1fdb","name":"La Gu\u00eda de Pamplona","image":{"@type":"ImageObject","inLanguage":"es","@id":"https:\/\/secure.gravatar.com\/avatar\/b6992f131dc8d30ab0dff15446e9d346d9dbd95992de0fef795073f5ea83a81c?s=96&d=mm&r=g","url":"https:\/\/secure.gravatar.com\/avatar\/b6992f131dc8d30ab0dff15446e9d346d9dbd95992de0fef795073f5ea83a81c?s=96&d=mm&r=g","contentUrl":"https:\/\/secure.gravatar.com\/avatar\/b6992f131dc8d30ab0dff15446e9d346d9dbd95992de0fef795073f5ea83a81c?s=96&d=mm&r=g","caption":"La Gu\u00eda de Pamplona"}}]}},"post_mailing_queue_ids":[],"_links":{"self":[{"href":"https:\/\/www.laguiadepamplona.com\/actualidad\/wp-json\/wp\/v2\/posts\/16085","targetHints":{"allow":["GET"]}}],"collection":[{"href":"https:\/\/www.laguiadepamplona.com\/actualidad\/wp-json\/wp\/v2\/posts"}],"about":[{"href":"https:\/\/www.laguiadepamplona.com\/actualidad\/wp-json\/wp\/v2\/types\/post"}],"author":[{"embeddable":true,"href":"https:\/\/www.laguiadepamplona.com\/actualidad\/wp-json\/wp\/v2\/users\/1"}],"replies":[{"embeddable":true,"href":"https:\/\/www.laguiadepamplona.com\/actualidad\/wp-json\/wp\/v2\/comments?post=16085"}],"version-history":[{"count":0,"href":"https:\/\/www.laguiadepamplona.com\/actualidad\/wp-json\/wp\/v2\/posts\/16085\/revisions"}],"wp:featuredmedia":[{"embeddable":true,"href":"https:\/\/www.laguiadepamplona.com\/actualidad\/wp-json\/wp\/v2\/media\/14979"}],"wp:attachment":[{"href":"https:\/\/www.laguiadepamplona.com\/actualidad\/wp-json\/wp\/v2\/media?parent=16085"}],"wp:term":[{"taxonomy":"category","embeddable":true,"href":"https:\/\/www.laguiadepamplona.com\/actualidad\/wp-json\/wp\/v2\/categories?post=16085"},{"taxonomy":"post_tag","embeddable":true,"href":"https:\/\/www.laguiadepamplona.com\/actualidad\/wp-json\/wp\/v2\/tags?post=16085"}],"curies":[{"name":"wp","href":"https:\/\/api.w.org\/{rel}","templated":true}]}}