{"id":16083,"date":"2018-02-12T17:26:12","date_gmt":"2018-02-12T16:26:12","guid":{"rendered":"http:\/\/laguiadepamplona.es\/actualidad\/?p=16083"},"modified":"2018-02-12T17:26:12","modified_gmt":"2018-02-12T16:26:12","slug":"el-ayuntamiento-de-pamplona-remite-un-borrador-de-convenio-al-arzobispado-para-regular-la-cesion-de-uso-de-la-imagen-y-paso-de-la-dolorosa","status":"publish","type":"post","link":"https:\/\/www.laguiadepamplona.com\/actualidad\/el-ayuntamiento-de-pamplona-remite-un-borrador-de-convenio-al-arzobispado-para-regular-la-cesion-de-uso-de-la-imagen-y-paso-de-la-dolorosa\/","title":{"rendered":"El Ayuntamiento de Pamplona remite un borrador de convenio al Arzobispado para regular la cesi\u00f3n de uso de la imagen y paso de la Dolorosa"},"content":{"rendered":"<h3>La propuesta recoge y respeta el uso tradicional, fijando los derechos y obligaciones de las partes respecto al paso adem\u00e1s de un inventario<\/h3>\n<p><!--more--><\/p>\n<p>El Ayuntamiento de Pamplona ha remitido un borrador de convenio al Arzobispado para regular la cesi\u00f3n de uso de la imagen y paso de Nuestra Se\u00f1ora de la Soledad, La Dolorosa. El borrador manifiesta que es el Ayuntamiento de Pamplona el titular del conjunto propiedad y sus accesorios, recoge tambi\u00e9n el papel de la Di\u00f3cesis y las Hermandades en cuanto a su procesi\u00f3n, guarda y custodia manifestando la intenci\u00f3n de mantener los usos y costumbres tradicionales del paso de La Dolorosa.<\/p>\n<p>El Arzobispado podr\u00e1 realizar ahora sus aportaciones al texto propuesto, cuya vigencia se plantea para 4 a\u00f1os, y que detalla los derechos y obligaciones de las partes y establece de forma concreta los elementos que forman el conjunto del paso de Nuestra Se\u00f1ora de la Soledad.<\/p>\n<p>Tal y como recoge el texto del convenio, la propiedad es municipal y se cede el uso procesional del paso a la Hermandad de Paz y Caridad regulando tanto los actos en los que podr\u00e1 participar (seis en total: el traslado de la imagen y su retorno (desde San Lorenzo a la Catedral y vuelta), la procesi\u00f3n de Viernes Santo y el acto de vestido y desvestido de la imagen, as\u00ed como el Trid\u00fao del 15 de septiembre), as\u00ed como el sistema para solicitar otros usos extraordinarios. En ese sentido el Ayuntamiento, que tiene la imagen asegurada como bien art\u00edstico patrimonial, deber\u00e1 mantener un seguro para cubrir los posibles accidentes de los porteadores en los traslados y ensayos, siempre para los usos autorizados. El Arzobispado, por su parte deber\u00e1 suscribir un seguro para cubrir los posibles desperfectos derivados de uso, deposito y custodia.<\/p>\n<p>Siendo la propiedad municipal, la conservaci\u00f3n de los elementos del paso es de responsabilidad municipal, tanto en la supervisi\u00f3n t\u00e9cnica, como en el importe econ\u00f3mico que, en este cap\u00edtulo, se consigna en 6.000 euros anuales. En todo caso cualquier intervenci\u00f3n en el conjunto deber\u00e1 estar autorizada por el Ayuntamiento, aunque las labores de limpieza y mantenimiento b\u00e1sico quedan a cargo del Arzobispado. Ser\u00e1 este \u00faltimo el responsable de informar al Ayuntamiento de Pamplona del estado de conservaci\u00f3n del paso y de cualquier desperfecto o incidencia.<\/p>\n<p>Ser\u00e1 por cuenta del Arzobispado la guardia y custodia del paso durante los d\u00edas de actos oficiales y en los desplazamientos, aunque el Consistorio costear\u00e1 el traslado y retorno de las andas entre la sede de la Hermandad y San Lorenzo, las bater\u00edas que suministran electricidad al paso y el personal municipal de apoyo. Asimismo ser\u00e1 del Arzobispado la responsabilidad sobre el dep\u00f3sito de la imagen, el manto, la vestimenta, las andas y todo aquello que configura el paso.<\/p>\n<p>Ambas instituciones colaborar\u00e1n en la preparaci\u00f3n del paso para los actos oficiales\/tradicionales, pero el Arzobispado ser\u00e1 el responsable de preparar los actos como tales. Tambi\u00e9n de comunicar al Consistorio los eventos en los que participe la imagen.<\/p>\n<p>En el borrador se determina adem\u00e1s un inventario de hasta los 34 tipos de elementos distintos que componen el paso y se establece el sistema de aseguramiento y las responsabilidades de cuidado de la efigie y sus accesorios. Asimismo el texto recoge la creaci\u00f3n de una comisi\u00f3n mixta entre ambas instituciones para el seguimiento del convenio.<\/p>\n<p><strong>Nuestra Se\u00f1ora de la Soledad<\/strong><\/p>\n<p>El paso de La Dolorosa (\u2018Nuestra Se\u00f1ora de La Soledad\u2019) es el m\u00e1s antiguo de la Semana Santa pamplonesa y el \u00fanico de propiedad municipal desde que fuera adquirido al escultor catal\u00e1n Rosendo Nobas i Ballb\u00e9 en el siglo XIX. La imagen, de 166 cms. de altura, fue realizada en 1883 por Rosendo Nobas i Ballb\u00e9 (Barcelona, 1838-1891). El Ayuntamiento pag\u00f3 en su momento por \u00e9l 200 pesetas, m\u00e1s otras 48 en concepto de embalaje y transporte desde el taller del escultor. Los gastos se sufragaron gracias a la herencia legada al Consistorio por Sof\u00eda Villanueva Armend\u00e1riz, pamplonesa residente en Tolosa.<\/p>\n<p>&nbsp;<\/p>\n","protected":false},"excerpt":{"rendered":"<p>La propuesta recoge y respeta el uso tradicional, fijando los derechos y obligaciones de las partes respecto al paso adem\u00e1s de un inventario<\/p>\n","protected":false},"author":1,"featured_media":12201,"comment_status":"open","ping_status":"closed","sticky":false,"template":"","format":"standard","meta":{"footnotes":""},"categories":[2],"tags":[],"class_list":["post-16083","post","type-post","status-publish","format-standard","has-post-thumbnail","hentry","category-ayuntamiento-pamplona"],"yoast_head":"<!-- This site is optimized with the Yoast SEO plugin v27.3 - https:\/\/yoast.com\/product\/yoast-seo-wordpress\/ -->\n<title>El Ayuntamiento de Pamplona remite un borrador de convenio al Arzobispado para regular la cesi\u00f3n de uso de la imagen y paso de la Dolorosa<\/title>\n<meta name=\"robots\" content=\"index, follow, max-snippet:-1, max-image-preview:large, max-video-preview:-1\" \/>\n<link rel=\"canonical\" href=\"https:\/\/www.laguiadepamplona.com\/actualidad\/el-ayuntamiento-de-pamplona-remite-un-borrador-de-convenio-al-arzobispado-para-regular-la-cesion-de-uso-de-la-imagen-y-paso-de-la-dolorosa\/\" \/>\n<meta property=\"og:locale\" content=\"es_ES\" \/>\n<meta property=\"og:type\" content=\"article\" \/>\n<meta property=\"og:title\" content=\"El Ayuntamiento de Pamplona remite un borrador de convenio al Arzobispado para regular la cesi\u00f3n de uso de la imagen y paso de la Dolorosa\" \/>\n<meta property=\"og:description\" content=\"La propuesta recoge y respeta el uso tradicional, fijando los derechos y obligaciones de las partes respecto al paso adem\u00e1s de un inventario\" \/>\n<meta property=\"og:url\" content=\"https:\/\/www.laguiadepamplona.com\/actualidad\/el-ayuntamiento-de-pamplona-remite-un-borrador-de-convenio-al-arzobispado-para-regular-la-cesion-de-uso-de-la-imagen-y-paso-de-la-dolorosa\/\" \/>\n<meta property=\"og:site_name\" content=\"La Gu\u00eda de Pamplona\" \/>\n<meta property=\"article:publisher\" content=\"https:\/\/www.facebook.com\/laguiadepamplonacom-133175176762273\/?ref=hl\" \/>\n<meta property=\"article:published_time\" content=\"2018-02-12T16:26:12+00:00\" \/>\n<meta property=\"og:image\" content=\"https:\/\/www.laguiadepamplona.com\/actualidad\/wp-content\/uploads\/2017\/03\/la-dolorosa-pamplona.jpg\" \/>\n\t<meta property=\"og:image:width\" content=\"1024\" \/>\n\t<meta property=\"og:image:height\" content=\"683\" \/>\n\t<meta property=\"og:image:type\" content=\"image\/jpeg\" \/>\n<meta name=\"author\" content=\"La Gu\u00eda de Pamplona\" \/>\n<meta name=\"twitter:card\" content=\"summary_large_image\" \/>\n<meta name=\"twitter:creator\" content=\"@LaGuiadPamplona\" \/>\n<meta name=\"twitter:site\" content=\"@LaGuiadPamplona\" \/>\n<meta name=\"twitter:label1\" content=\"Escrito por\" \/>\n\t<meta name=\"twitter:data1\" content=\"La Gu\u00eda de Pamplona\" \/>\n\t<meta name=\"twitter:label2\" content=\"Tiempo de lectura\" \/>\n\t<meta name=\"twitter:data2\" content=\"3 minutos\" \/>\n<script type=\"application\/ld+json\" class=\"yoast-schema-graph\">{\"@context\":\"https:\\\/\\\/schema.org\",\"@graph\":[{\"@type\":\"Article\",\"@id\":\"https:\\\/\\\/www.laguiadepamplona.com\\\/actualidad\\\/el-ayuntamiento-de-pamplona-remite-un-borrador-de-convenio-al-arzobispado-para-regular-la-cesion-de-uso-de-la-imagen-y-paso-de-la-dolorosa\\\/#article\",\"isPartOf\":{\"@id\":\"https:\\\/\\\/www.laguiadepamplona.com\\\/actualidad\\\/el-ayuntamiento-de-pamplona-remite-un-borrador-de-convenio-al-arzobispado-para-regular-la-cesion-de-uso-de-la-imagen-y-paso-de-la-dolorosa\\\/\"},\"author\":{\"name\":\"La Gu\u00eda de Pamplona\",\"@id\":\"https:\\\/\\\/www.laguiadepamplona.com\\\/actualidad\\\/#\\\/schema\\\/person\\\/efe887376f0213d4657c93adc50b1fdb\"},\"headline\":\"El Ayuntamiento de Pamplona remite un borrador de convenio al Arzobispado para regular la cesi\u00f3n de uso de la imagen y paso de la Dolorosa\",\"datePublished\":\"2018-02-12T16:26:12+00:00\",\"mainEntityOfPage\":{\"@id\":\"https:\\\/\\\/www.laguiadepamplona.com\\\/actualidad\\\/el-ayuntamiento-de-pamplona-remite-un-borrador-de-convenio-al-arzobispado-para-regular-la-cesion-de-uso-de-la-imagen-y-paso-de-la-dolorosa\\\/\"},\"wordCount\":712,\"commentCount\":0,\"publisher\":{\"@id\":\"https:\\\/\\\/www.laguiadepamplona.com\\\/actualidad\\\/#organization\"},\"image\":{\"@id\":\"https:\\\/\\\/www.laguiadepamplona.com\\\/actualidad\\\/el-ayuntamiento-de-pamplona-remite-un-borrador-de-convenio-al-arzobispado-para-regular-la-cesion-de-uso-de-la-imagen-y-paso-de-la-dolorosa\\\/#primaryimage\"},\"thumbnailUrl\":\"https:\\\/\\\/www.laguiadepamplona.com\\\/actualidad\\\/wp-content\\\/uploads\\\/2017\\\/03\\\/la-dolorosa-pamplona.jpg\",\"articleSection\":[\"Ayto Pamplona\"],\"inLanguage\":\"es\",\"potentialAction\":[{\"@type\":\"CommentAction\",\"name\":\"Comment\",\"target\":[\"https:\\\/\\\/www.laguiadepamplona.com\\\/actualidad\\\/el-ayuntamiento-de-pamplona-remite-un-borrador-de-convenio-al-arzobispado-para-regular-la-cesion-de-uso-de-la-imagen-y-paso-de-la-dolorosa\\\/#respond\"]}]},{\"@type\":\"WebPage\",\"@id\":\"https:\\\/\\\/www.laguiadepamplona.com\\\/actualidad\\\/el-ayuntamiento-de-pamplona-remite-un-borrador-de-convenio-al-arzobispado-para-regular-la-cesion-de-uso-de-la-imagen-y-paso-de-la-dolorosa\\\/\",\"url\":\"https:\\\/\\\/www.laguiadepamplona.com\\\/actualidad\\\/el-ayuntamiento-de-pamplona-remite-un-borrador-de-convenio-al-arzobispado-para-regular-la-cesion-de-uso-de-la-imagen-y-paso-de-la-dolorosa\\\/\",\"name\":\"El Ayuntamiento de Pamplona remite un borrador de convenio al Arzobispado para regular la cesi\u00f3n de uso de la imagen y paso de la Dolorosa\",\"isPartOf\":{\"@id\":\"https:\\\/\\\/www.laguiadepamplona.com\\\/actualidad\\\/#website\"},\"primaryImageOfPage\":{\"@id\":\"https:\\\/\\\/www.laguiadepamplona.com\\\/actualidad\\\/el-ayuntamiento-de-pamplona-remite-un-borrador-de-convenio-al-arzobispado-para-regular-la-cesion-de-uso-de-la-imagen-y-paso-de-la-dolorosa\\\/#primaryimage\"},\"image\":{\"@id\":\"https:\\\/\\\/www.laguiadepamplona.com\\\/actualidad\\\/el-ayuntamiento-de-pamplona-remite-un-borrador-de-convenio-al-arzobispado-para-regular-la-cesion-de-uso-de-la-imagen-y-paso-de-la-dolorosa\\\/#primaryimage\"},\"thumbnailUrl\":\"https:\\\/\\\/www.laguiadepamplona.com\\\/actualidad\\\/wp-content\\\/uploads\\\/2017\\\/03\\\/la-dolorosa-pamplona.jpg\",\"datePublished\":\"2018-02-12T16:26:12+00:00\",\"breadcrumb\":{\"@id\":\"https:\\\/\\\/www.laguiadepamplona.com\\\/actualidad\\\/el-ayuntamiento-de-pamplona-remite-un-borrador-de-convenio-al-arzobispado-para-regular-la-cesion-de-uso-de-la-imagen-y-paso-de-la-dolorosa\\\/#breadcrumb\"},\"inLanguage\":\"es\",\"potentialAction\":[{\"@type\":\"ReadAction\",\"target\":[\"https:\\\/\\\/www.laguiadepamplona.com\\\/actualidad\\\/el-ayuntamiento-de-pamplona-remite-un-borrador-de-convenio-al-arzobispado-para-regular-la-cesion-de-uso-de-la-imagen-y-paso-de-la-dolorosa\\\/\"]}]},{\"@type\":\"ImageObject\",\"inLanguage\":\"es\",\"@id\":\"https:\\\/\\\/www.laguiadepamplona.com\\\/actualidad\\\/el-ayuntamiento-de-pamplona-remite-un-borrador-de-convenio-al-arzobispado-para-regular-la-cesion-de-uso-de-la-imagen-y-paso-de-la-dolorosa\\\/#primaryimage\",\"url\":\"https:\\\/\\\/www.laguiadepamplona.com\\\/actualidad\\\/wp-content\\\/uploads\\\/2017\\\/03\\\/la-dolorosa-pamplona.jpg\",\"contentUrl\":\"https:\\\/\\\/www.laguiadepamplona.com\\\/actualidad\\\/wp-content\\\/uploads\\\/2017\\\/03\\\/la-dolorosa-pamplona.jpg\",\"width\":1024,\"height\":683,\"caption\":\"la dolorosa pamplona\"},{\"@type\":\"BreadcrumbList\",\"@id\":\"https:\\\/\\\/www.laguiadepamplona.com\\\/actualidad\\\/el-ayuntamiento-de-pamplona-remite-un-borrador-de-convenio-al-arzobispado-para-regular-la-cesion-de-uso-de-la-imagen-y-paso-de-la-dolorosa\\\/#breadcrumb\",\"itemListElement\":[{\"@type\":\"ListItem\",\"position\":1,\"name\":\"Portada\",\"item\":\"https:\\\/\\\/www.laguiadepamplona.com\\\/actualidad\\\/\"},{\"@type\":\"ListItem\",\"position\":2,\"name\":\"El Ayuntamiento de Pamplona remite un borrador de convenio al Arzobispado para regular la cesi\u00f3n de uso de la imagen y paso de la Dolorosa\"}]},{\"@type\":\"WebSite\",\"@id\":\"https:\\\/\\\/www.laguiadepamplona.com\\\/actualidad\\\/#website\",\"url\":\"https:\\\/\\\/www.laguiadepamplona.com\\\/actualidad\\\/\",\"name\":\"La gu\u00eda de Pamplona\",\"description\":\"Noticias de Pamplona\",\"publisher\":{\"@id\":\"https:\\\/\\\/www.laguiadepamplona.com\\\/actualidad\\\/#organization\"},\"potentialAction\":[{\"@type\":\"SearchAction\",\"target\":{\"@type\":\"EntryPoint\",\"urlTemplate\":\"https:\\\/\\\/www.laguiadepamplona.com\\\/actualidad\\\/?s={search_term_string}\"},\"query-input\":{\"@type\":\"PropertyValueSpecification\",\"valueRequired\":true,\"valueName\":\"search_term_string\"}}],\"inLanguage\":\"es\"},{\"@type\":\"Organization\",\"@id\":\"https:\\\/\\\/www.laguiadepamplona.com\\\/actualidad\\\/#organization\",\"name\":\"La Gu\u00eda de Pamplona \\\/ Noticias\",\"url\":\"https:\\\/\\\/www.laguiadepamplona.com\\\/actualidad\\\/\",\"logo\":{\"@type\":\"ImageObject\",\"inLanguage\":\"es\",\"@id\":\"https:\\\/\\\/www.laguiadepamplona.com\\\/actualidad\\\/#\\\/schema\\\/logo\\\/image\\\/\",\"url\":\"https:\\\/\\\/www.laguiadepamplona.com\\\/actualidad\\\/wp-content\\\/uploads\\\/2018\\\/11\\\/logo-laguiadepamplona18-web1.png\",\"contentUrl\":\"https:\\\/\\\/www.laguiadepamplona.com\\\/actualidad\\\/wp-content\\\/uploads\\\/2018\\\/11\\\/logo-laguiadepamplona18-web1.png\",\"width\":600,\"height\":196,\"caption\":\"La Gu\u00eda de Pamplona \\\/ Noticias\"},\"image\":{\"@id\":\"https:\\\/\\\/www.laguiadepamplona.com\\\/actualidad\\\/#\\\/schema\\\/logo\\\/image\\\/\"},\"sameAs\":[\"https:\\\/\\\/www.facebook.com\\\/laguiadepamplonacom-133175176762273\\\/?ref=hl\",\"https:\\\/\\\/x.com\\\/LaGuiadPamplona\",\"https:\\\/\\\/www.instagram.com\\\/la_guia_de_pamplona\\\/\",\"https:\\\/\\\/www.youtube.com\\\/user\\\/laguiadepamplona\"]},{\"@type\":\"Person\",\"@id\":\"https:\\\/\\\/www.laguiadepamplona.com\\\/actualidad\\\/#\\\/schema\\\/person\\\/efe887376f0213d4657c93adc50b1fdb\",\"name\":\"La Gu\u00eda de Pamplona\",\"image\":{\"@type\":\"ImageObject\",\"inLanguage\":\"es\",\"@id\":\"https:\\\/\\\/secure.gravatar.com\\\/avatar\\\/b6992f131dc8d30ab0dff15446e9d346d9dbd95992de0fef795073f5ea83a81c?s=96&d=mm&r=g\",\"url\":\"https:\\\/\\\/secure.gravatar.com\\\/avatar\\\/b6992f131dc8d30ab0dff15446e9d346d9dbd95992de0fef795073f5ea83a81c?s=96&d=mm&r=g\",\"contentUrl\":\"https:\\\/\\\/secure.gravatar.com\\\/avatar\\\/b6992f131dc8d30ab0dff15446e9d346d9dbd95992de0fef795073f5ea83a81c?s=96&d=mm&r=g\",\"caption\":\"La Gu\u00eda de Pamplona\"}}]}<\/script>\n<!-- \/ Yoast SEO plugin. -->","yoast_head_json":{"title":"El Ayuntamiento de Pamplona remite un borrador de convenio al Arzobispado para regular la cesi\u00f3n de uso de la imagen y paso de la Dolorosa","robots":{"index":"index","follow":"follow","max-snippet":"max-snippet:-1","max-image-preview":"max-image-preview:large","max-video-preview":"max-video-preview:-1"},"canonical":"https:\/\/www.laguiadepamplona.com\/actualidad\/el-ayuntamiento-de-pamplona-remite-un-borrador-de-convenio-al-arzobispado-para-regular-la-cesion-de-uso-de-la-imagen-y-paso-de-la-dolorosa\/","og_locale":"es_ES","og_type":"article","og_title":"El Ayuntamiento de Pamplona remite un borrador de convenio al Arzobispado para regular la cesi\u00f3n de uso de la imagen y paso de la Dolorosa","og_description":"La propuesta recoge y respeta el uso tradicional, fijando los derechos y obligaciones de las partes respecto al paso adem\u00e1s de un inventario","og_url":"https:\/\/www.laguiadepamplona.com\/actualidad\/el-ayuntamiento-de-pamplona-remite-un-borrador-de-convenio-al-arzobispado-para-regular-la-cesion-de-uso-de-la-imagen-y-paso-de-la-dolorosa\/","og_site_name":"La Gu\u00eda de Pamplona","article_publisher":"https:\/\/www.facebook.com\/laguiadepamplonacom-133175176762273\/?ref=hl","article_published_time":"2018-02-12T16:26:12+00:00","og_image":[{"width":1024,"height":683,"url":"https:\/\/www.laguiadepamplona.com\/actualidad\/wp-content\/uploads\/2017\/03\/la-dolorosa-pamplona.jpg","type":"image\/jpeg"}],"author":"La Gu\u00eda de Pamplona","twitter_card":"summary_large_image","twitter_creator":"@LaGuiadPamplona","twitter_site":"@LaGuiadPamplona","twitter_misc":{"Escrito por":"La Gu\u00eda de Pamplona","Tiempo de lectura":"3 minutos"},"schema":{"@context":"https:\/\/schema.org","@graph":[{"@type":"Article","@id":"https:\/\/www.laguiadepamplona.com\/actualidad\/el-ayuntamiento-de-pamplona-remite-un-borrador-de-convenio-al-arzobispado-para-regular-la-cesion-de-uso-de-la-imagen-y-paso-de-la-dolorosa\/#article","isPartOf":{"@id":"https:\/\/www.laguiadepamplona.com\/actualidad\/el-ayuntamiento-de-pamplona-remite-un-borrador-de-convenio-al-arzobispado-para-regular-la-cesion-de-uso-de-la-imagen-y-paso-de-la-dolorosa\/"},"author":{"name":"La Gu\u00eda de Pamplona","@id":"https:\/\/www.laguiadepamplona.com\/actualidad\/#\/schema\/person\/efe887376f0213d4657c93adc50b1fdb"},"headline":"El Ayuntamiento de Pamplona remite un borrador de convenio al Arzobispado para regular la cesi\u00f3n de uso de la imagen y paso de la Dolorosa","datePublished":"2018-02-12T16:26:12+00:00","mainEntityOfPage":{"@id":"https:\/\/www.laguiadepamplona.com\/actualidad\/el-ayuntamiento-de-pamplona-remite-un-borrador-de-convenio-al-arzobispado-para-regular-la-cesion-de-uso-de-la-imagen-y-paso-de-la-dolorosa\/"},"wordCount":712,"commentCount":0,"publisher":{"@id":"https:\/\/www.laguiadepamplona.com\/actualidad\/#organization"},"image":{"@id":"https:\/\/www.laguiadepamplona.com\/actualidad\/el-ayuntamiento-de-pamplona-remite-un-borrador-de-convenio-al-arzobispado-para-regular-la-cesion-de-uso-de-la-imagen-y-paso-de-la-dolorosa\/#primaryimage"},"thumbnailUrl":"https:\/\/www.laguiadepamplona.com\/actualidad\/wp-content\/uploads\/2017\/03\/la-dolorosa-pamplona.jpg","articleSection":["Ayto Pamplona"],"inLanguage":"es","potentialAction":[{"@type":"CommentAction","name":"Comment","target":["https:\/\/www.laguiadepamplona.com\/actualidad\/el-ayuntamiento-de-pamplona-remite-un-borrador-de-convenio-al-arzobispado-para-regular-la-cesion-de-uso-de-la-imagen-y-paso-de-la-dolorosa\/#respond"]}]},{"@type":"WebPage","@id":"https:\/\/www.laguiadepamplona.com\/actualidad\/el-ayuntamiento-de-pamplona-remite-un-borrador-de-convenio-al-arzobispado-para-regular-la-cesion-de-uso-de-la-imagen-y-paso-de-la-dolorosa\/","url":"https:\/\/www.laguiadepamplona.com\/actualidad\/el-ayuntamiento-de-pamplona-remite-un-borrador-de-convenio-al-arzobispado-para-regular-la-cesion-de-uso-de-la-imagen-y-paso-de-la-dolorosa\/","name":"El Ayuntamiento de Pamplona remite un borrador de convenio al Arzobispado para regular la cesi\u00f3n de uso de la imagen y paso de la Dolorosa","isPartOf":{"@id":"https:\/\/www.laguiadepamplona.com\/actualidad\/#website"},"primaryImageOfPage":{"@id":"https:\/\/www.laguiadepamplona.com\/actualidad\/el-ayuntamiento-de-pamplona-remite-un-borrador-de-convenio-al-arzobispado-para-regular-la-cesion-de-uso-de-la-imagen-y-paso-de-la-dolorosa\/#primaryimage"},"image":{"@id":"https:\/\/www.laguiadepamplona.com\/actualidad\/el-ayuntamiento-de-pamplona-remite-un-borrador-de-convenio-al-arzobispado-para-regular-la-cesion-de-uso-de-la-imagen-y-paso-de-la-dolorosa\/#primaryimage"},"thumbnailUrl":"https:\/\/www.laguiadepamplona.com\/actualidad\/wp-content\/uploads\/2017\/03\/la-dolorosa-pamplona.jpg","datePublished":"2018-02-12T16:26:12+00:00","breadcrumb":{"@id":"https:\/\/www.laguiadepamplona.com\/actualidad\/el-ayuntamiento-de-pamplona-remite-un-borrador-de-convenio-al-arzobispado-para-regular-la-cesion-de-uso-de-la-imagen-y-paso-de-la-dolorosa\/#breadcrumb"},"inLanguage":"es","potentialAction":[{"@type":"ReadAction","target":["https:\/\/www.laguiadepamplona.com\/actualidad\/el-ayuntamiento-de-pamplona-remite-un-borrador-de-convenio-al-arzobispado-para-regular-la-cesion-de-uso-de-la-imagen-y-paso-de-la-dolorosa\/"]}]},{"@type":"ImageObject","inLanguage":"es","@id":"https:\/\/www.laguiadepamplona.com\/actualidad\/el-ayuntamiento-de-pamplona-remite-un-borrador-de-convenio-al-arzobispado-para-regular-la-cesion-de-uso-de-la-imagen-y-paso-de-la-dolorosa\/#primaryimage","url":"https:\/\/www.laguiadepamplona.com\/actualidad\/wp-content\/uploads\/2017\/03\/la-dolorosa-pamplona.jpg","contentUrl":"https:\/\/www.laguiadepamplona.com\/actualidad\/wp-content\/uploads\/2017\/03\/la-dolorosa-pamplona.jpg","width":1024,"height":683,"caption":"la dolorosa pamplona"},{"@type":"BreadcrumbList","@id":"https:\/\/www.laguiadepamplona.com\/actualidad\/el-ayuntamiento-de-pamplona-remite-un-borrador-de-convenio-al-arzobispado-para-regular-la-cesion-de-uso-de-la-imagen-y-paso-de-la-dolorosa\/#breadcrumb","itemListElement":[{"@type":"ListItem","position":1,"name":"Portada","item":"https:\/\/www.laguiadepamplona.com\/actualidad\/"},{"@type":"ListItem","position":2,"name":"El Ayuntamiento de Pamplona remite un borrador de convenio al Arzobispado para regular la cesi\u00f3n de uso de la imagen y paso de la Dolorosa"}]},{"@type":"WebSite","@id":"https:\/\/www.laguiadepamplona.com\/actualidad\/#website","url":"https:\/\/www.laguiadepamplona.com\/actualidad\/","name":"La gu\u00eda de Pamplona","description":"Noticias de Pamplona","publisher":{"@id":"https:\/\/www.laguiadepamplona.com\/actualidad\/#organization"},"potentialAction":[{"@type":"SearchAction","target":{"@type":"EntryPoint","urlTemplate":"https:\/\/www.laguiadepamplona.com\/actualidad\/?s={search_term_string}"},"query-input":{"@type":"PropertyValueSpecification","valueRequired":true,"valueName":"search_term_string"}}],"inLanguage":"es"},{"@type":"Organization","@id":"https:\/\/www.laguiadepamplona.com\/actualidad\/#organization","name":"La Gu\u00eda de Pamplona \/ Noticias","url":"https:\/\/www.laguiadepamplona.com\/actualidad\/","logo":{"@type":"ImageObject","inLanguage":"es","@id":"https:\/\/www.laguiadepamplona.com\/actualidad\/#\/schema\/logo\/image\/","url":"https:\/\/www.laguiadepamplona.com\/actualidad\/wp-content\/uploads\/2018\/11\/logo-laguiadepamplona18-web1.png","contentUrl":"https:\/\/www.laguiadepamplona.com\/actualidad\/wp-content\/uploads\/2018\/11\/logo-laguiadepamplona18-web1.png","width":600,"height":196,"caption":"La Gu\u00eda de Pamplona \/ Noticias"},"image":{"@id":"https:\/\/www.laguiadepamplona.com\/actualidad\/#\/schema\/logo\/image\/"},"sameAs":["https:\/\/www.facebook.com\/laguiadepamplonacom-133175176762273\/?ref=hl","https:\/\/x.com\/LaGuiadPamplona","https:\/\/www.instagram.com\/la_guia_de_pamplona\/","https:\/\/www.youtube.com\/user\/laguiadepamplona"]},{"@type":"Person","@id":"https:\/\/www.laguiadepamplona.com\/actualidad\/#\/schema\/person\/efe887376f0213d4657c93adc50b1fdb","name":"La Gu\u00eda de Pamplona","image":{"@type":"ImageObject","inLanguage":"es","@id":"https:\/\/secure.gravatar.com\/avatar\/b6992f131dc8d30ab0dff15446e9d346d9dbd95992de0fef795073f5ea83a81c?s=96&d=mm&r=g","url":"https:\/\/secure.gravatar.com\/avatar\/b6992f131dc8d30ab0dff15446e9d346d9dbd95992de0fef795073f5ea83a81c?s=96&d=mm&r=g","contentUrl":"https:\/\/secure.gravatar.com\/avatar\/b6992f131dc8d30ab0dff15446e9d346d9dbd95992de0fef795073f5ea83a81c?s=96&d=mm&r=g","caption":"La Gu\u00eda de Pamplona"}}]}},"post_mailing_queue_ids":[],"_links":{"self":[{"href":"https:\/\/www.laguiadepamplona.com\/actualidad\/wp-json\/wp\/v2\/posts\/16083","targetHints":{"allow":["GET"]}}],"collection":[{"href":"https:\/\/www.laguiadepamplona.com\/actualidad\/wp-json\/wp\/v2\/posts"}],"about":[{"href":"https:\/\/www.laguiadepamplona.com\/actualidad\/wp-json\/wp\/v2\/types\/post"}],"author":[{"embeddable":true,"href":"https:\/\/www.laguiadepamplona.com\/actualidad\/wp-json\/wp\/v2\/users\/1"}],"replies":[{"embeddable":true,"href":"https:\/\/www.laguiadepamplona.com\/actualidad\/wp-json\/wp\/v2\/comments?post=16083"}],"version-history":[{"count":0,"href":"https:\/\/www.laguiadepamplona.com\/actualidad\/wp-json\/wp\/v2\/posts\/16083\/revisions"}],"wp:featuredmedia":[{"embeddable":true,"href":"https:\/\/www.laguiadepamplona.com\/actualidad\/wp-json\/wp\/v2\/media\/12201"}],"wp:attachment":[{"href":"https:\/\/www.laguiadepamplona.com\/actualidad\/wp-json\/wp\/v2\/media?parent=16083"}],"wp:term":[{"taxonomy":"category","embeddable":true,"href":"https:\/\/www.laguiadepamplona.com\/actualidad\/wp-json\/wp\/v2\/categories?post=16083"},{"taxonomy":"post_tag","embeddable":true,"href":"https:\/\/www.laguiadepamplona.com\/actualidad\/wp-json\/wp\/v2\/tags?post=16083"}],"curies":[{"name":"wp","href":"https:\/\/api.w.org\/{rel}","templated":true}]}}