{"id":16080,"date":"2018-02-12T15:41:03","date_gmt":"2018-02-12T14:41:03","guid":{"rendered":"http:\/\/laguiadepamplona.es\/actualidad\/?p=16080"},"modified":"2018-02-12T15:41:03","modified_gmt":"2018-02-12T14:41:03","slug":"irriziklo-llenara-de-sonrisas-la-escuela-navarra-de-teatro-los-miercoles-desde-el-21-de-febrero-durante-seis-semanas","status":"publish","type":"post","link":"https:\/\/www.laguiadepamplona.com\/actualidad\/irriziklo-llenara-de-sonrisas-la-escuela-navarra-de-teatro-los-miercoles-desde-el-21-de-febrero-durante-seis-semanas\/","title":{"rendered":"IrriZiklo llenar\u00e1 de sonrisas la Escuela Navarra de Teatro los mi\u00e9rcoles desde el 21 de febrero durante seis semanas"},"content":{"rendered":"<h3>Ya est\u00e1n a la venta las entradas y abonos para los 7 espect\u00e1culos que ha programado el Ayuntamiento<\/h3>\n<p><!--more--><\/p>\n<p>El ciclo de humor en euskera vuelve a escena. A partir de la pr\u00f3xima semana, los mi\u00e9rcoles tendr\u00e1n un espacio para la sonrisa con la nueva edici\u00f3n de IrriZiklo, organizado por el Ayuntamiento de Pamplona. La Escuela Navarra de Teatro, en la calle San Agust\u00edn, ser\u00e1 a las 8 de la tarde el escenario de comedias, mon\u00f3logos, magia y teatro. di\u00e1logos y otras representaciones con el objetivo principal de hacer sonre\u00edr al p\u00fablico. En total, 7 espect\u00e1culos, cuyas entradas ya est\u00e1n a la venta al precio de 3 euros. Adem\u00e1s, hay abonos de 13 euros para el ciclo completo. Una de las funciones se celebrar\u00e1 en civivox Condestable y la entrada ser\u00e1 gratuita.<\/p>\n<p>La Comisi\u00f3n de Asuntos Ciudadanos del Ayuntamiento de Pamplona ha conocido en su sesi\u00f3n de esta ma\u00f1ana la programaci\u00f3n del IrriZiklo, que se desarrollar\u00e1 del 21 de febrero al 27 de marzo. Todas las sesiones ser\u00e1n en mi\u00e9rcoles a las 8 de la tarde salvo dos: el viernes 23 de febrero habr\u00e1 funci\u00f3n en la Sala G\u00f3tica de Civivox Condestable (a las 7 y media), y la \u00faltima funci\u00f3n, que cerrar\u00e1 el ciclo en martes, el 27 de marzo.<\/p>\n<p>El ciclo arranca el pr\u00f3ximo mi\u00e9rcoles 21 de febrero en la sala de m\u00fasica de un psiqui\u00e1trico. Los actores guipuzcoanos Joseba Usabiaga e I\u00f1aki Santos interpretar\u00e1n a un m\u00fasico y a una persona \u201cenloquecida por la m\u00fasica\u201d con la obra \u2018Ni ala zu\u2019 (\u2018Yo o t\u00fa\u2019). Esta primera semana de IrriZiklo el programa tendr\u00e1 una funci\u00f3n extra el viernes en la Sala G\u00f3tica de Civivox Condestable, de la mano de Barry Manley (\u2018Barry Barrez\u2019), profesor, escritor y monologuista irland\u00e9s, vascoparlante, m\u00fasico y cantante. Manley deleitar\u00e1 a los espectadores con \u2018From Cork to Kortezubi\u2019.<\/p>\n<p>El ciclo continuar\u00e1 el mi\u00e9rcoles 28 de febrero con el teatro de Dar\u00edo Fo y Franca Rame de la mano de Tartean Teatroa. Mikel Mart\u00ednez e Irati Agirreazkuenaga llevar\u00e1n a escena \u2018Biba Voi!\u2019. El mi\u00e9rcoles siguiente, 7 de marzo, ser\u00e1 el turno del mago Txan y su funci\u00f3n \u2018Inpernutik natorren artista bat naiz ni!\u2019 (\u2018Soy un artista que viene del infierno\u2019). Seguir\u00e1n los bertsos y mon\u00f3logos de las guipuzcoanas Beatriz Egizabal y Ana Labaka y su funci\u00f3n \u2018Erradikalak gara\u2019 (\u2018Somos radicales\u2019).<\/p>\n<p>El mi\u00e9rcoles 21 de marzo habr\u00e1 doble funci\u00f3n. Primero saldr\u00e1 a escena la pedagoga, sex\u00f3loga, educadora y actriz Itziar Saenz de Ojer, que ha titulado la sesi\u00f3n \u2018Sexijentziak askatuz\u2019 (\u2018liberando sexigencias\u2019). Le relevar\u00e1 en el escenario Ainhoa Juaniz, de Zirika Zirkus que se convertir\u00e1 en \u2018Pantxika Lamur. Nik egin beharko &amp; ko\u2019 (\u2018Lo tendr\u00e9 que hacer yo &amp; c\u00eda\u2019).<\/p>\n<p>El Irriziklo se cerrar\u00e1 el martes 27 de marzo con Txalo Produkzioak, que representar\u00e1n \u2018Etxeko saltsak\u2019 (\u2018Los enredos de casa\u2019), una comedia de enredo basada en la obra \u2018Relatively speaking\u2019, de Alan Ayckbourn. En el escenario, Aitziber Garmendia, Ane Gabarain, Miren Gojenola, Mikel Laskurain y Aitor Fernandino.<\/p>\n<p>&nbsp;<\/p>\n<p><strong>IrriZiklo 2018<\/strong><\/p>\n<ul>\n<li><strong>Mi\u00e9rcoles 21 de febrero. Escuela Navarra de Teatro. 20 horas<\/strong><\/li>\n<\/ul>\n<p><strong>\u2018Ni ala zu\u2019. <\/strong>Joseba Usabiaga e I\u00f1aki Santos. Ttipia Kultura Sustapenak<\/p>\n<p>A\u00f1o 2018. la sala de m\u00fasica de un psiqui\u00e1trico. Un m\u00fasico y una persona \u00abenloquecida por la m\u00fasica\u00bb. El m\u00fasico est\u00e1 en su habitaci\u00f3n, esperando a que aparezca alguien. Entra \u00abel cliente\u00bb. Hay que encontrar la terapia adecuada para superar su problema.<\/p>\n<p>Actores guipuzcoanos con experiencia en teatro, cine y televisi\u00f3n. Joseba Usabiaga, protagonista del film Handia, ha trabajado durante varios a\u00f1os en la teleserie Goenkale. I\u00f1aki Santos ha actuado en diferentes compa\u00f1\u00edas teatrales (Agerre Teatroa, Dejabu, Bazen behin clown) y es m\u00fasico, canta y toca varios instrumentos (teclados, saxo, percusi\u00f3n\u2026) en diferentes formaciones.<\/p>\n<ul>\n<li><strong>Viernes 23 de febrero. <\/strong><strong>Civivox Condestable.19.30 horas<\/strong><\/li>\n<\/ul>\n<p><strong>\u2018From Cork to Kortezubi\u2019. <\/strong>Barry Manley (Barry Barrez)<\/p>\n<p>En este mon\u00f3logo, Manley reflexionar y explica su verdadera historia, utilizando para ello diferentes an\u00e9cdotas y c\u00f3mo no, el humor. C\u00f3mo lleg\u00f3 al Pa\u00eds Vasco, por qu\u00e9 aprendi\u00f3 euskera y, sobre todo, por qu\u00e9 hace mon\u00f3logos de humor.<\/p>\n<p>Barry Manley es \u2018Barry Barrez\u2019 profesor, escritor y monologuista irland\u00e9s, vascoparlante. Y tambi\u00e9n m\u00fasico y cantante.<\/p>\n<ul>\n<li><strong>Mi\u00e9rcoles 28 de febrero. Escuela Navarra de Teatro. 20 horas<\/strong><\/li>\n<\/ul>\n<p><strong>\u2018Biba Voi!\u2019 (El teatro de Dar\u00edo Fo y Franca Rame). <\/strong>Mikel Martinez e Irati Agirreazkuenaga. Tartean Teatroa<\/p>\n<p><em>Los textos agudos e incisivos como<\/em><em> Misterio Bufo, Muerte accidental de un anarquista, Adan y Eva, Tutta casa, letto e chiesa&#8230;etc<\/em><em>. transmiten la filosof\u00eda, ideolog\u00eda y forma de vida de sus autores, siempre en tono de humor<\/em><em>.<\/em><\/p>\n<p>Mikel Martinez es actor y escritor originario de Tierra Estella. Fundador de la compa\u00f1\u00eda bilba\u00edna Maskarada, actualmente es miembro de las compa\u00f1\u00edas de teatro \u2018Ez dok hiru\u2019 y \u2018Tartean\u2019. Irati Agirreazkuenaga es actriz de teatro, periodista y profesora de la UPV, ha trabajado para radio y televisi\u00f3n. En 2011 cre\u00f3 la compa\u00f1\u00eda teatral Alanbike.<\/p>\n<p>&nbsp;<\/p>\n<ul>\n<li><strong>Mi\u00e9rcoles 7 de marzo. Escuela Navarra de Teatro. 20 horas<\/strong><\/li>\n<\/ul>\n<p><strong>\u2018Inpernutik natorren artista bat naiz ni!\u2019. <\/strong>Mago Txan<\/p>\n<p>Si te dicen que existen los milagros no les creas. Si te cuentan que los objetos se mueven solos no les creas. Tampoco les creas si te dicen que los sue\u00f1os se hacen realidad. Pero en cambio si te dicen que no creen en la magia es que todav\u00eda no han visto la \u00faltima creaci\u00f3n del Mago Txan.<\/p>\n<p>Miembro de la Asociaci\u00f3n guipuzcoana de Ilusionistas y especialista en la denominada \u2018magia de sal\u00f3n\u2019, ha trabajado en el programa \u2018Barrebusa\u2019, de ETB. Asimismo, ha participado en espect\u00e1culos infantiles acompa\u00f1ando a los payasos Takolo, Pirritx eta Porrotx y Gari Lontxo y Joselontxo.<\/p>\n<ul>\n<li><strong>Mi\u00e9rcoles 14 de marzo. Escuela Navarra de Teatro. 20 horas<\/strong><\/li>\n<\/ul>\n<p><strong>\u2018Erradikalak gara\u2019. <\/strong>Beatriz Egizabal y Ane Labaka. Lanku<\/p>\n<p>Les dicen \u00absois radicales\u00bb y piensan que menos de lo que querr\u00edan y deber\u00edan. Se juntan dos mujeres y llevan las maletas llenas de contradicciones. Las van a abrir para el p\u00fablico en formato de bertso y mon\u00f3logo. Hablar\u00e1n desde las entra\u00f1as, con humor, queriendo llegar a la ra\u00edz. Dir\u00e1n: \u00abSomos radicales\u00bb. Y el p\u00fablico pensar\u00e1: \u00abMenos de lo que querr\u00edais y deber\u00edais\u00bb.<\/p>\n<p>Ane Labaka es bertsolari y profesora de bertsolarismo y Beatriz Egizabal (KontuKantoi) es cuentacuentos y clown. Ambas son de la localidad guipuzcoana de Lasarte-Oria.<\/p>\n<ul>\n<li><strong>Mi\u00e9rcoles 21 de marzo. <\/strong><strong>Escuela Navarra de Teatro. 20 horas<\/strong><\/li>\n<\/ul>\n<p><strong>Sexijentziak askatuz.<\/strong> Itziar Saenz de Ojer<\/p>\n<p>Pituxa no disfruta mucho en cuestiones de sexo. Ha estado buscando una soluci\u00f3n y viene a compartir su reflexi\u00f3n con el p\u00fablico. \u00bfQu\u00e9 exigencias y obligaciones surgen en las relaciones er\u00f3ticas? \u00bfEs cada uno consciente de sus verdaderos deseos? \u00bfEstamos condicionados por los estereotipos de la sociedad?<\/p>\n<p>Itziar Saenz de Ojer es pedagoga, sex\u00f3loga y educadora, adem\u00e1s de actriz y cuentacuentos de la compa\u00f1\u00eda Bazen behin clown.<\/p>\n<p><strong>Pantxika Lamur. <\/strong><strong>Nik egin beharko &amp; Ko. <\/strong>Ainhoa Juaniz. Zirika Zirkus<\/p>\n<p>Pantxika Lamur llega de vacaciones y, con las maletas y todo, entra a ver un espect\u00e1culo. Se sienta a ver qu\u00e9 pasa porque le encantan estas cosas. Enseguida, tanto Pantxika como los dem\u00e1s espectadores se dan cuenta de que los artistas no llegan. Pero ella tiene un remedio claro&#8230;pronto se har\u00e1 due\u00f1a del escenario.<\/p>\n<p>La pamplonica Ainhoa Juaniz \u201cPantxika\u201d es actriz, clown y fundadora junto a Luis Lainez de la compa\u00f1\u00eda Zirika Zirkus.<\/p>\n<ul>\n<li><strong>Martes 27 de marzo. <\/strong><strong>Escuela Navarra de Teatro. 20 horas<\/strong><\/li>\n<\/ul>\n<p><strong>Etxeko saltsak.<\/strong> Txalo Produkzioak. Autor del texto: Alan Ayckbourn.<\/p>\n<p>\u2018Etxeko saltsak\u2019 es una comedia de enredo basada en la exitosa obra de teatro \u2018Relatively speaking\u2019. Secretos y enredos de parejas y amantes. La historia cruza los caminos de los personajes en mil y una direcciones, entre malentendido y malentendido, ante unos espectadores que cuentan con m\u00e1s informaci\u00f3n que los propios personajes.<\/p>\n<p>Aitziber Garmendia, Ane Gabarain, Miren Gojenola, Mikel Laskurain y Aitor Fernandino. Actrices y actores con una dilatada experiencia en teatro, cine y televisi\u00f3n tanto a nivel local como estatal.<\/p>\n<p>&nbsp;<\/p>\n","protected":false},"excerpt":{"rendered":"<p>Ya est\u00e1n a la venta las entradas y abonos para los 7 espect\u00e1culos que ha programado el Ayuntamiento<\/p>\n","protected":false},"author":1,"featured_media":16081,"comment_status":"open","ping_status":"closed","sticky":false,"template":"","format":"standard","meta":{"footnotes":""},"categories":[2],"tags":[],"class_list":["post-16080","post","type-post","status-publish","format-standard","has-post-thumbnail","hentry","category-ayuntamiento-pamplona"],"yoast_head":"<!-- This site is optimized with the Yoast SEO plugin v27.3 - https:\/\/yoast.com\/product\/yoast-seo-wordpress\/ -->\n<title>IrriZiklo llenar\u00e1 de sonrisas la Escuela Navarra de Teatro los mi\u00e9rcoles desde el 21 de febrero durante seis semanas<\/title>\n<meta name=\"robots\" content=\"index, follow, max-snippet:-1, max-image-preview:large, max-video-preview:-1\" \/>\n<link rel=\"canonical\" href=\"https:\/\/www.laguiadepamplona.com\/actualidad\/irriziklo-llenara-de-sonrisas-la-escuela-navarra-de-teatro-los-miercoles-desde-el-21-de-febrero-durante-seis-semanas\/\" \/>\n<meta property=\"og:locale\" content=\"es_ES\" \/>\n<meta property=\"og:type\" content=\"article\" \/>\n<meta property=\"og:title\" content=\"IrriZiklo llenar\u00e1 de sonrisas la Escuela Navarra de Teatro los mi\u00e9rcoles desde el 21 de febrero durante seis semanas\" \/>\n<meta property=\"og:description\" content=\"Ya est\u00e1n a la venta las entradas y abonos para los 7 espect\u00e1culos que ha programado el Ayuntamiento\" \/>\n<meta property=\"og:url\" content=\"https:\/\/www.laguiadepamplona.com\/actualidad\/irriziklo-llenara-de-sonrisas-la-escuela-navarra-de-teatro-los-miercoles-desde-el-21-de-febrero-durante-seis-semanas\/\" \/>\n<meta property=\"og:site_name\" content=\"La Gu\u00eda de Pamplona\" \/>\n<meta property=\"article:publisher\" content=\"https:\/\/www.facebook.com\/laguiadepamplonacom-133175176762273\/?ref=hl\" \/>\n<meta property=\"article:published_time\" content=\"2018-02-12T14:41:03+00:00\" \/>\n<meta property=\"og:image\" content=\"https:\/\/www.laguiadepamplona.com\/actualidad\/wp-content\/uploads\/2018\/02\/irriziklo.jpg\" \/>\n\t<meta property=\"og:image:width\" content=\"709\" \/>\n\t<meta property=\"og:image:height\" content=\"570\" \/>\n\t<meta property=\"og:image:type\" content=\"image\/jpeg\" \/>\n<meta name=\"author\" content=\"La Gu\u00eda de Pamplona\" \/>\n<meta name=\"twitter:card\" content=\"summary_large_image\" \/>\n<meta name=\"twitter:creator\" content=\"@LaGuiadPamplona\" \/>\n<meta name=\"twitter:site\" content=\"@LaGuiadPamplona\" \/>\n<meta name=\"twitter:label1\" content=\"Escrito por\" \/>\n\t<meta name=\"twitter:data1\" content=\"La Gu\u00eda de Pamplona\" \/>\n\t<meta name=\"twitter:label2\" content=\"Tiempo de lectura\" \/>\n\t<meta name=\"twitter:data2\" content=\"7 minutos\" \/>\n<script type=\"application\/ld+json\" class=\"yoast-schema-graph\">{\"@context\":\"https:\\\/\\\/schema.org\",\"@graph\":[{\"@type\":\"Article\",\"@id\":\"https:\\\/\\\/www.laguiadepamplona.com\\\/actualidad\\\/irriziklo-llenara-de-sonrisas-la-escuela-navarra-de-teatro-los-miercoles-desde-el-21-de-febrero-durante-seis-semanas\\\/#article\",\"isPartOf\":{\"@id\":\"https:\\\/\\\/www.laguiadepamplona.com\\\/actualidad\\\/irriziklo-llenara-de-sonrisas-la-escuela-navarra-de-teatro-los-miercoles-desde-el-21-de-febrero-durante-seis-semanas\\\/\"},\"author\":{\"name\":\"La Gu\u00eda de Pamplona\",\"@id\":\"https:\\\/\\\/www.laguiadepamplona.com\\\/actualidad\\\/#\\\/schema\\\/person\\\/efe887376f0213d4657c93adc50b1fdb\"},\"headline\":\"IrriZiklo llenar\u00e1 de sonrisas la Escuela Navarra de Teatro los mi\u00e9rcoles desde el 21 de febrero durante seis semanas\",\"datePublished\":\"2018-02-12T14:41:03+00:00\",\"mainEntityOfPage\":{\"@id\":\"https:\\\/\\\/www.laguiadepamplona.com\\\/actualidad\\\/irriziklo-llenara-de-sonrisas-la-escuela-navarra-de-teatro-los-miercoles-desde-el-21-de-febrero-durante-seis-semanas\\\/\"},\"wordCount\":1394,\"commentCount\":0,\"publisher\":{\"@id\":\"https:\\\/\\\/www.laguiadepamplona.com\\\/actualidad\\\/#organization\"},\"image\":{\"@id\":\"https:\\\/\\\/www.laguiadepamplona.com\\\/actualidad\\\/irriziklo-llenara-de-sonrisas-la-escuela-navarra-de-teatro-los-miercoles-desde-el-21-de-febrero-durante-seis-semanas\\\/#primaryimage\"},\"thumbnailUrl\":\"https:\\\/\\\/www.laguiadepamplona.com\\\/actualidad\\\/wp-content\\\/uploads\\\/2018\\\/02\\\/irriziklo.jpg\",\"articleSection\":[\"Ayto Pamplona\"],\"inLanguage\":\"es\",\"potentialAction\":[{\"@type\":\"CommentAction\",\"name\":\"Comment\",\"target\":[\"https:\\\/\\\/www.laguiadepamplona.com\\\/actualidad\\\/irriziklo-llenara-de-sonrisas-la-escuela-navarra-de-teatro-los-miercoles-desde-el-21-de-febrero-durante-seis-semanas\\\/#respond\"]}]},{\"@type\":\"WebPage\",\"@id\":\"https:\\\/\\\/www.laguiadepamplona.com\\\/actualidad\\\/irriziklo-llenara-de-sonrisas-la-escuela-navarra-de-teatro-los-miercoles-desde-el-21-de-febrero-durante-seis-semanas\\\/\",\"url\":\"https:\\\/\\\/www.laguiadepamplona.com\\\/actualidad\\\/irriziklo-llenara-de-sonrisas-la-escuela-navarra-de-teatro-los-miercoles-desde-el-21-de-febrero-durante-seis-semanas\\\/\",\"name\":\"IrriZiklo llenar\u00e1 de sonrisas la Escuela Navarra de Teatro los mi\u00e9rcoles desde el 21 de febrero durante seis semanas\",\"isPartOf\":{\"@id\":\"https:\\\/\\\/www.laguiadepamplona.com\\\/actualidad\\\/#website\"},\"primaryImageOfPage\":{\"@id\":\"https:\\\/\\\/www.laguiadepamplona.com\\\/actualidad\\\/irriziklo-llenara-de-sonrisas-la-escuela-navarra-de-teatro-los-miercoles-desde-el-21-de-febrero-durante-seis-semanas\\\/#primaryimage\"},\"image\":{\"@id\":\"https:\\\/\\\/www.laguiadepamplona.com\\\/actualidad\\\/irriziklo-llenara-de-sonrisas-la-escuela-navarra-de-teatro-los-miercoles-desde-el-21-de-febrero-durante-seis-semanas\\\/#primaryimage\"},\"thumbnailUrl\":\"https:\\\/\\\/www.laguiadepamplona.com\\\/actualidad\\\/wp-content\\\/uploads\\\/2018\\\/02\\\/irriziklo.jpg\",\"datePublished\":\"2018-02-12T14:41:03+00:00\",\"breadcrumb\":{\"@id\":\"https:\\\/\\\/www.laguiadepamplona.com\\\/actualidad\\\/irriziklo-llenara-de-sonrisas-la-escuela-navarra-de-teatro-los-miercoles-desde-el-21-de-febrero-durante-seis-semanas\\\/#breadcrumb\"},\"inLanguage\":\"es\",\"potentialAction\":[{\"@type\":\"ReadAction\",\"target\":[\"https:\\\/\\\/www.laguiadepamplona.com\\\/actualidad\\\/irriziklo-llenara-de-sonrisas-la-escuela-navarra-de-teatro-los-miercoles-desde-el-21-de-febrero-durante-seis-semanas\\\/\"]}]},{\"@type\":\"ImageObject\",\"inLanguage\":\"es\",\"@id\":\"https:\\\/\\\/www.laguiadepamplona.com\\\/actualidad\\\/irriziklo-llenara-de-sonrisas-la-escuela-navarra-de-teatro-los-miercoles-desde-el-21-de-febrero-durante-seis-semanas\\\/#primaryimage\",\"url\":\"https:\\\/\\\/www.laguiadepamplona.com\\\/actualidad\\\/wp-content\\\/uploads\\\/2018\\\/02\\\/irriziklo.jpg\",\"contentUrl\":\"https:\\\/\\\/www.laguiadepamplona.com\\\/actualidad\\\/wp-content\\\/uploads\\\/2018\\\/02\\\/irriziklo.jpg\",\"width\":709,\"height\":570},{\"@type\":\"BreadcrumbList\",\"@id\":\"https:\\\/\\\/www.laguiadepamplona.com\\\/actualidad\\\/irriziklo-llenara-de-sonrisas-la-escuela-navarra-de-teatro-los-miercoles-desde-el-21-de-febrero-durante-seis-semanas\\\/#breadcrumb\",\"itemListElement\":[{\"@type\":\"ListItem\",\"position\":1,\"name\":\"Portada\",\"item\":\"https:\\\/\\\/www.laguiadepamplona.com\\\/actualidad\\\/\"},{\"@type\":\"ListItem\",\"position\":2,\"name\":\"IrriZiklo llenar\u00e1 de sonrisas la Escuela Navarra de Teatro los mi\u00e9rcoles desde el 21 de febrero durante seis semanas\"}]},{\"@type\":\"WebSite\",\"@id\":\"https:\\\/\\\/www.laguiadepamplona.com\\\/actualidad\\\/#website\",\"url\":\"https:\\\/\\\/www.laguiadepamplona.com\\\/actualidad\\\/\",\"name\":\"La gu\u00eda de Pamplona\",\"description\":\"Noticias de Pamplona\",\"publisher\":{\"@id\":\"https:\\\/\\\/www.laguiadepamplona.com\\\/actualidad\\\/#organization\"},\"potentialAction\":[{\"@type\":\"SearchAction\",\"target\":{\"@type\":\"EntryPoint\",\"urlTemplate\":\"https:\\\/\\\/www.laguiadepamplona.com\\\/actualidad\\\/?s={search_term_string}\"},\"query-input\":{\"@type\":\"PropertyValueSpecification\",\"valueRequired\":true,\"valueName\":\"search_term_string\"}}],\"inLanguage\":\"es\"},{\"@type\":\"Organization\",\"@id\":\"https:\\\/\\\/www.laguiadepamplona.com\\\/actualidad\\\/#organization\",\"name\":\"La Gu\u00eda de Pamplona \\\/ Noticias\",\"url\":\"https:\\\/\\\/www.laguiadepamplona.com\\\/actualidad\\\/\",\"logo\":{\"@type\":\"ImageObject\",\"inLanguage\":\"es\",\"@id\":\"https:\\\/\\\/www.laguiadepamplona.com\\\/actualidad\\\/#\\\/schema\\\/logo\\\/image\\\/\",\"url\":\"https:\\\/\\\/www.laguiadepamplona.com\\\/actualidad\\\/wp-content\\\/uploads\\\/2018\\\/11\\\/logo-laguiadepamplona18-web1.png\",\"contentUrl\":\"https:\\\/\\\/www.laguiadepamplona.com\\\/actualidad\\\/wp-content\\\/uploads\\\/2018\\\/11\\\/logo-laguiadepamplona18-web1.png\",\"width\":600,\"height\":196,\"caption\":\"La Gu\u00eda de Pamplona \\\/ Noticias\"},\"image\":{\"@id\":\"https:\\\/\\\/www.laguiadepamplona.com\\\/actualidad\\\/#\\\/schema\\\/logo\\\/image\\\/\"},\"sameAs\":[\"https:\\\/\\\/www.facebook.com\\\/laguiadepamplonacom-133175176762273\\\/?ref=hl\",\"https:\\\/\\\/x.com\\\/LaGuiadPamplona\",\"https:\\\/\\\/www.instagram.com\\\/la_guia_de_pamplona\\\/\",\"https:\\\/\\\/www.youtube.com\\\/user\\\/laguiadepamplona\"]},{\"@type\":\"Person\",\"@id\":\"https:\\\/\\\/www.laguiadepamplona.com\\\/actualidad\\\/#\\\/schema\\\/person\\\/efe887376f0213d4657c93adc50b1fdb\",\"name\":\"La Gu\u00eda de Pamplona\",\"image\":{\"@type\":\"ImageObject\",\"inLanguage\":\"es\",\"@id\":\"https:\\\/\\\/secure.gravatar.com\\\/avatar\\\/b6992f131dc8d30ab0dff15446e9d346d9dbd95992de0fef795073f5ea83a81c?s=96&d=mm&r=g\",\"url\":\"https:\\\/\\\/secure.gravatar.com\\\/avatar\\\/b6992f131dc8d30ab0dff15446e9d346d9dbd95992de0fef795073f5ea83a81c?s=96&d=mm&r=g\",\"contentUrl\":\"https:\\\/\\\/secure.gravatar.com\\\/avatar\\\/b6992f131dc8d30ab0dff15446e9d346d9dbd95992de0fef795073f5ea83a81c?s=96&d=mm&r=g\",\"caption\":\"La Gu\u00eda de Pamplona\"}}]}<\/script>\n<!-- \/ Yoast SEO plugin. -->","yoast_head_json":{"title":"IrriZiklo llenar\u00e1 de sonrisas la Escuela Navarra de Teatro los mi\u00e9rcoles desde el 21 de febrero durante seis semanas","robots":{"index":"index","follow":"follow","max-snippet":"max-snippet:-1","max-image-preview":"max-image-preview:large","max-video-preview":"max-video-preview:-1"},"canonical":"https:\/\/www.laguiadepamplona.com\/actualidad\/irriziklo-llenara-de-sonrisas-la-escuela-navarra-de-teatro-los-miercoles-desde-el-21-de-febrero-durante-seis-semanas\/","og_locale":"es_ES","og_type":"article","og_title":"IrriZiklo llenar\u00e1 de sonrisas la Escuela Navarra de Teatro los mi\u00e9rcoles desde el 21 de febrero durante seis semanas","og_description":"Ya est\u00e1n a la venta las entradas y abonos para los 7 espect\u00e1culos que ha programado el Ayuntamiento","og_url":"https:\/\/www.laguiadepamplona.com\/actualidad\/irriziklo-llenara-de-sonrisas-la-escuela-navarra-de-teatro-los-miercoles-desde-el-21-de-febrero-durante-seis-semanas\/","og_site_name":"La Gu\u00eda de Pamplona","article_publisher":"https:\/\/www.facebook.com\/laguiadepamplonacom-133175176762273\/?ref=hl","article_published_time":"2018-02-12T14:41:03+00:00","og_image":[{"width":709,"height":570,"url":"https:\/\/www.laguiadepamplona.com\/actualidad\/wp-content\/uploads\/2018\/02\/irriziklo.jpg","type":"image\/jpeg"}],"author":"La Gu\u00eda de Pamplona","twitter_card":"summary_large_image","twitter_creator":"@LaGuiadPamplona","twitter_site":"@LaGuiadPamplona","twitter_misc":{"Escrito por":"La Gu\u00eda de Pamplona","Tiempo de lectura":"7 minutos"},"schema":{"@context":"https:\/\/schema.org","@graph":[{"@type":"Article","@id":"https:\/\/www.laguiadepamplona.com\/actualidad\/irriziklo-llenara-de-sonrisas-la-escuela-navarra-de-teatro-los-miercoles-desde-el-21-de-febrero-durante-seis-semanas\/#article","isPartOf":{"@id":"https:\/\/www.laguiadepamplona.com\/actualidad\/irriziklo-llenara-de-sonrisas-la-escuela-navarra-de-teatro-los-miercoles-desde-el-21-de-febrero-durante-seis-semanas\/"},"author":{"name":"La Gu\u00eda de Pamplona","@id":"https:\/\/www.laguiadepamplona.com\/actualidad\/#\/schema\/person\/efe887376f0213d4657c93adc50b1fdb"},"headline":"IrriZiklo llenar\u00e1 de sonrisas la Escuela Navarra de Teatro los mi\u00e9rcoles desde el 21 de febrero durante seis semanas","datePublished":"2018-02-12T14:41:03+00:00","mainEntityOfPage":{"@id":"https:\/\/www.laguiadepamplona.com\/actualidad\/irriziklo-llenara-de-sonrisas-la-escuela-navarra-de-teatro-los-miercoles-desde-el-21-de-febrero-durante-seis-semanas\/"},"wordCount":1394,"commentCount":0,"publisher":{"@id":"https:\/\/www.laguiadepamplona.com\/actualidad\/#organization"},"image":{"@id":"https:\/\/www.laguiadepamplona.com\/actualidad\/irriziklo-llenara-de-sonrisas-la-escuela-navarra-de-teatro-los-miercoles-desde-el-21-de-febrero-durante-seis-semanas\/#primaryimage"},"thumbnailUrl":"https:\/\/www.laguiadepamplona.com\/actualidad\/wp-content\/uploads\/2018\/02\/irriziklo.jpg","articleSection":["Ayto Pamplona"],"inLanguage":"es","potentialAction":[{"@type":"CommentAction","name":"Comment","target":["https:\/\/www.laguiadepamplona.com\/actualidad\/irriziklo-llenara-de-sonrisas-la-escuela-navarra-de-teatro-los-miercoles-desde-el-21-de-febrero-durante-seis-semanas\/#respond"]}]},{"@type":"WebPage","@id":"https:\/\/www.laguiadepamplona.com\/actualidad\/irriziklo-llenara-de-sonrisas-la-escuela-navarra-de-teatro-los-miercoles-desde-el-21-de-febrero-durante-seis-semanas\/","url":"https:\/\/www.laguiadepamplona.com\/actualidad\/irriziklo-llenara-de-sonrisas-la-escuela-navarra-de-teatro-los-miercoles-desde-el-21-de-febrero-durante-seis-semanas\/","name":"IrriZiklo llenar\u00e1 de sonrisas la Escuela Navarra de Teatro los mi\u00e9rcoles desde el 21 de febrero durante seis semanas","isPartOf":{"@id":"https:\/\/www.laguiadepamplona.com\/actualidad\/#website"},"primaryImageOfPage":{"@id":"https:\/\/www.laguiadepamplona.com\/actualidad\/irriziklo-llenara-de-sonrisas-la-escuela-navarra-de-teatro-los-miercoles-desde-el-21-de-febrero-durante-seis-semanas\/#primaryimage"},"image":{"@id":"https:\/\/www.laguiadepamplona.com\/actualidad\/irriziklo-llenara-de-sonrisas-la-escuela-navarra-de-teatro-los-miercoles-desde-el-21-de-febrero-durante-seis-semanas\/#primaryimage"},"thumbnailUrl":"https:\/\/www.laguiadepamplona.com\/actualidad\/wp-content\/uploads\/2018\/02\/irriziklo.jpg","datePublished":"2018-02-12T14:41:03+00:00","breadcrumb":{"@id":"https:\/\/www.laguiadepamplona.com\/actualidad\/irriziklo-llenara-de-sonrisas-la-escuela-navarra-de-teatro-los-miercoles-desde-el-21-de-febrero-durante-seis-semanas\/#breadcrumb"},"inLanguage":"es","potentialAction":[{"@type":"ReadAction","target":["https:\/\/www.laguiadepamplona.com\/actualidad\/irriziklo-llenara-de-sonrisas-la-escuela-navarra-de-teatro-los-miercoles-desde-el-21-de-febrero-durante-seis-semanas\/"]}]},{"@type":"ImageObject","inLanguage":"es","@id":"https:\/\/www.laguiadepamplona.com\/actualidad\/irriziklo-llenara-de-sonrisas-la-escuela-navarra-de-teatro-los-miercoles-desde-el-21-de-febrero-durante-seis-semanas\/#primaryimage","url":"https:\/\/www.laguiadepamplona.com\/actualidad\/wp-content\/uploads\/2018\/02\/irriziklo.jpg","contentUrl":"https:\/\/www.laguiadepamplona.com\/actualidad\/wp-content\/uploads\/2018\/02\/irriziklo.jpg","width":709,"height":570},{"@type":"BreadcrumbList","@id":"https:\/\/www.laguiadepamplona.com\/actualidad\/irriziklo-llenara-de-sonrisas-la-escuela-navarra-de-teatro-los-miercoles-desde-el-21-de-febrero-durante-seis-semanas\/#breadcrumb","itemListElement":[{"@type":"ListItem","position":1,"name":"Portada","item":"https:\/\/www.laguiadepamplona.com\/actualidad\/"},{"@type":"ListItem","position":2,"name":"IrriZiklo llenar\u00e1 de sonrisas la Escuela Navarra de Teatro los mi\u00e9rcoles desde el 21 de febrero durante seis semanas"}]},{"@type":"WebSite","@id":"https:\/\/www.laguiadepamplona.com\/actualidad\/#website","url":"https:\/\/www.laguiadepamplona.com\/actualidad\/","name":"La gu\u00eda de Pamplona","description":"Noticias de Pamplona","publisher":{"@id":"https:\/\/www.laguiadepamplona.com\/actualidad\/#organization"},"potentialAction":[{"@type":"SearchAction","target":{"@type":"EntryPoint","urlTemplate":"https:\/\/www.laguiadepamplona.com\/actualidad\/?s={search_term_string}"},"query-input":{"@type":"PropertyValueSpecification","valueRequired":true,"valueName":"search_term_string"}}],"inLanguage":"es"},{"@type":"Organization","@id":"https:\/\/www.laguiadepamplona.com\/actualidad\/#organization","name":"La Gu\u00eda de Pamplona \/ Noticias","url":"https:\/\/www.laguiadepamplona.com\/actualidad\/","logo":{"@type":"ImageObject","inLanguage":"es","@id":"https:\/\/www.laguiadepamplona.com\/actualidad\/#\/schema\/logo\/image\/","url":"https:\/\/www.laguiadepamplona.com\/actualidad\/wp-content\/uploads\/2018\/11\/logo-laguiadepamplona18-web1.png","contentUrl":"https:\/\/www.laguiadepamplona.com\/actualidad\/wp-content\/uploads\/2018\/11\/logo-laguiadepamplona18-web1.png","width":600,"height":196,"caption":"La Gu\u00eda de Pamplona \/ Noticias"},"image":{"@id":"https:\/\/www.laguiadepamplona.com\/actualidad\/#\/schema\/logo\/image\/"},"sameAs":["https:\/\/www.facebook.com\/laguiadepamplonacom-133175176762273\/?ref=hl","https:\/\/x.com\/LaGuiadPamplona","https:\/\/www.instagram.com\/la_guia_de_pamplona\/","https:\/\/www.youtube.com\/user\/laguiadepamplona"]},{"@type":"Person","@id":"https:\/\/www.laguiadepamplona.com\/actualidad\/#\/schema\/person\/efe887376f0213d4657c93adc50b1fdb","name":"La Gu\u00eda de Pamplona","image":{"@type":"ImageObject","inLanguage":"es","@id":"https:\/\/secure.gravatar.com\/avatar\/b6992f131dc8d30ab0dff15446e9d346d9dbd95992de0fef795073f5ea83a81c?s=96&d=mm&r=g","url":"https:\/\/secure.gravatar.com\/avatar\/b6992f131dc8d30ab0dff15446e9d346d9dbd95992de0fef795073f5ea83a81c?s=96&d=mm&r=g","contentUrl":"https:\/\/secure.gravatar.com\/avatar\/b6992f131dc8d30ab0dff15446e9d346d9dbd95992de0fef795073f5ea83a81c?s=96&d=mm&r=g","caption":"La Gu\u00eda de Pamplona"}}]}},"post_mailing_queue_ids":[],"_links":{"self":[{"href":"https:\/\/www.laguiadepamplona.com\/actualidad\/wp-json\/wp\/v2\/posts\/16080","targetHints":{"allow":["GET"]}}],"collection":[{"href":"https:\/\/www.laguiadepamplona.com\/actualidad\/wp-json\/wp\/v2\/posts"}],"about":[{"href":"https:\/\/www.laguiadepamplona.com\/actualidad\/wp-json\/wp\/v2\/types\/post"}],"author":[{"embeddable":true,"href":"https:\/\/www.laguiadepamplona.com\/actualidad\/wp-json\/wp\/v2\/users\/1"}],"replies":[{"embeddable":true,"href":"https:\/\/www.laguiadepamplona.com\/actualidad\/wp-json\/wp\/v2\/comments?post=16080"}],"version-history":[{"count":0,"href":"https:\/\/www.laguiadepamplona.com\/actualidad\/wp-json\/wp\/v2\/posts\/16080\/revisions"}],"wp:featuredmedia":[{"embeddable":true,"href":"https:\/\/www.laguiadepamplona.com\/actualidad\/wp-json\/wp\/v2\/media\/16081"}],"wp:attachment":[{"href":"https:\/\/www.laguiadepamplona.com\/actualidad\/wp-json\/wp\/v2\/media?parent=16080"}],"wp:term":[{"taxonomy":"category","embeddable":true,"href":"https:\/\/www.laguiadepamplona.com\/actualidad\/wp-json\/wp\/v2\/categories?post=16080"},{"taxonomy":"post_tag","embeddable":true,"href":"https:\/\/www.laguiadepamplona.com\/actualidad\/wp-json\/wp\/v2\/tags?post=16080"}],"curies":[{"name":"wp","href":"https:\/\/api.w.org\/{rel}","templated":true}]}}