{"id":16078,"date":"2018-02-12T15:39:23","date_gmt":"2018-02-12T14:39:23","guid":{"rendered":"http:\/\/laguiadepamplona.es\/actualidad\/?p=16078"},"modified":"2018-02-12T15:39:23","modified_gmt":"2018-02-12T14:39:23","slug":"ocho-conciertos-conforman-la-programacion-prevista-del-festival-de-musica-sacra-que-tendra-lugar-del-17-al-28-de-marzo-en-iglesias-en-la-catedral-y-en-baluarte","status":"publish","type":"post","link":"https:\/\/www.laguiadepamplona.com\/actualidad\/ocho-conciertos-conforman-la-programacion-prevista-del-festival-de-musica-sacra-que-tendra-lugar-del-17-al-28-de-marzo-en-iglesias-en-la-catedral-y-en-baluarte\/","title":{"rendered":"Ocho conciertos conforman la programaci\u00f3n prevista del Festival de M\u00fasica Sacra que tendr\u00e1 lugar del 17 al 28 de marzo en iglesias, en la Catedral y en Baluarte"},"content":{"rendered":"<h3>El festival adquiere car\u00e1cter internacional por la participaci\u00f3n del Coro del Patriarcado de Mosc\u00fa y la orquesta alemana Fiata K\u00f6ln<\/h3>\n<p><!--more--><\/p>\n<p>El Festival de M\u00fasica Sacra que el Ayuntamiento de Pamplona organiza los d\u00edas previos a Semana Santa se celebrar\u00e1 este a\u00f1o del 17 al 28 de marzo. Se prev\u00e9 ocho conciertos que tendr\u00e1n lugar en diferentes iglesias de la ciudad, en la Catedral de Pamplona y en el Palacio de Congresos y Auditorio Baluarte. En el festival participar\u00e1n formaciones y solistas locales, la Orquesta Barroca de Sevilla o la Orquesta Sinf\u00f3nica de Zaragoza y habr\u00e1 tambi\u00e9n presencia internacional con el Coro del Patriarcado de Mosc\u00fa y la orquesta Fiata K\u00f6ln de Alemania.<\/p>\n<p>De los ocho conciertos previstos, dos se celebrar\u00e1n en Baluarte, uno est\u00e1 pendiente de confirmaci\u00f3n para que lo acoja la Catedral de Pamplona y otros cinco tendr\u00e1n como sede las iglesias de los Carmelitas Descalzos, MM Agustinas Recoletas y San Saturnino. La entrada para los conciertos que se llevan a cabo en iglesias o en la Catedral ser\u00e1n gratuitas, mientras que las actuaciones en la sala principal de Baluarte tendr\u00e1n un precio de 10 euros. Las entradas todav\u00eda no se han puesto a la venta.<\/p>\n<p>El festival lo abrir\u00e1 la Sinfonietta Acad\u00e9mica y el Coro Juvenil del Orfe\u00f3n Pamplon\u00e9s el s\u00e1bado 17 de marzo a las 20 horas en la iglesia de los Carmelitas Descalzos. Interpretar\u00e1n \u2018La noche murmura\u2019 un concierto con un programa contemplativo e intimista en el que se escuchar\u00e1n obras de Grieg, Villa-Lobos, Barber, Fanny Hensel Mendelssohn y Schubert. El segundo concierto, el martes 20 de marzo a las 20 horas en la iglesia de las MM Agustinas Recoletas, tendr\u00e1 como protagonistas al bar\u00edtono I\u00f1aki Fres\u00e1n y a la pianista Leyre Irisarri. Bajo el t\u00edtulo \u2018Cantar al alma\u2019 con un repaso a obras desde el siglo XVII hasta el XX de autores como Durante, Sch\u00fctz, Grandi, Stradella, Aita Donostia, Joaqu\u00edn Rodrigo, Schubert o Faur\u00e9.<\/p>\n<p><strong>Cuatro conciertos m\u00e1s en iglesias y en la Catedral<\/strong><\/p>\n<p>Desde Rusia llega el viernes 23 de marzo el Coro del Patriarcado de Mosc\u00fa para ofrecer un concierto en la iglesia de los Carmelitas Descalzos, a las 20 horas. \u2018La gran liturgia ortodoxa de la Pascua\u2019 de un viaje por la historia del canto ortodoxo ruso, que acercar\u00e1 al p\u00fablico el canto Znamenny del siglo XVI (una tipolog\u00eda de canto basada en signos musicales diferentes a la tradici\u00f3n neum\u00e1tica bizantina), importantes\u00a0 armonizaciones y\/o realizaciones creadas por Rachmaninov o Tchesnokov, sin olvidar a uno de los compositores rusos m\u00e1s importantes del siglo XVIII: Bortnianski.<\/p>\n<p>La Coral de C\u00e1mara de Pamplona y solistas de la Orquesta Barroca de Sevilla actuar\u00e1n el s\u00e1bado 24 de marzo en la iglesia de San Saturnino, tambi\u00e9n a las 20 horas. En \u2018Sacrum si brevis&#8230;\u2019 se presenta a un Haydn ya en posesi\u00f3n de un lenguaje muy identificado y a un joven Mozart que experimenta constantemente. La Coral de C\u00e1mara de Pamplona y la Orquesta Barroca de Sevilla inician con este programa un ciclo de colaboraciones conjuntas que van a tener en la m\u00fasica europea del S. XVIII uno de sus focos.<\/p>\n<p>La actuaci\u00f3n del lunes 26 de marzo est\u00e1 prevista, en principio, en la Catedral de Pamplona, a partir de las 20 horas. La Capilla de M\u00fasica de la Catedral y el organista de la Sagrada Familia de Barcelona Juan de la Rubia ofrecer\u00e1n un concierto bajo el t\u00edtulo \u2018Rincones de polifon\u00eda en una catedral g\u00f3tica. Improvisaciones al \u00f3rgano\u2019. Se interpretar\u00e1n obras medievales de canto gregoriano, J.S. Bach o Johann Michel Bach, y otras m\u00e1s recientes del maestro de la Capilla de M\u00fasica de la Catedral, Aurelio Sagaseta, o de Pau Casals.<\/p>\n<p>La iglesia de San Saturnino acoge al d\u00eda siguiente, el martes 27 de marzo a las 20 horas, \u2018O vos omnes, Attendite ergo et videte\u2019, a cargo de la orquesta alemana Fiata K\u00f6ln y la soprano Marie Luise Werneburg. Entre otras, se escuchar\u00e1n piezas de Monteverdi, Bertali, Grandi, Frescobaldi, Valentini, Buonamonte o Picchi.<\/p>\n<p><strong>Dos conciertos en Baluarte<\/strong><\/p>\n<p>El Palacio de Congresos y Auditorio Baluarte acoger\u00e1 dos conciertos del festival, el domingo 25 de marzo y el mi\u00e9rcoles 28. El Coro Sinf\u00f3nico de la Federaci\u00f3n de Coros de Navarra y la Orquesta Sinf\u00f3nica de Zaragoza interpretar\u00e1n \u2018Sinfon\u00eda fant\u00e1stica y oficio de difuntos \/ Officium defunctorum de Hilari\u00f3n Eslava\u2019. La \u2018Sinfon\u00eda fant\u00e1stica\u2019 fue escrita en 1842 por el m\u00fasico y compositor navarro para la apertura del Sal\u00f3n de M\u00e1scaras del Circo de Madrid. Por su parte, \u2018Officium defunctorum\u2019 forma parte del trabajo de revisi\u00f3n musicol\u00f3gica realizado por la Federaci\u00f3n de Coros para recuperar la obra de Eslava. La partitura original del siglo XIX se encuentra en el Conservatorio Superior de Madrid por lo que la transcripci\u00f3n que se pondr\u00e1 en escena la ha realizado Jos\u00e9 Antonio Huarte Azparren de la editada en la colecci\u00f3n Lira Sacro Hispana.<\/p>\n<p>Cerrar\u00e1 el ciclo \u2018Pietas: \u00f3pera y religiosidad\u2019, un concierto en el que actuar\u00e1n el Coro de la Escuela de canto Eugenia Echarren, la Coral Olitense, la Coral de C\u00e1mara Aizaga, la Orquesta Ciudad de Pamplona, la soprano Carmen Sol\u00eds, el tenor Eduardo Sandoval y el pianista Pedro Ruiz. La \u00f3pera, un g\u00e9nero no muy habitual en los conciertos de m\u00fasica sacra, se convierte en protagonista, aportando una visi\u00f3n atrevida y diferente. La m\u00fasica se presenta como una expresi\u00f3n espiritual y art\u00edstica, con obras cargadas de misticismo y dramatismo a trav\u00e9s de diversas piezas religiosas de compositores como Puccini, Verdi, Bizet o Mascagni.<\/p>\n<p>&nbsp;<\/p>\n<p><strong>Festival de M\u00fasica Sacra<\/strong><\/p>\n<ul>\n<li><strong>S\u00e1bado, 17 de marzo, 20 horas. <\/strong><strong>Iglesia Carmelitas Descalzos<\/strong>\n<ul>\n<li><strong><em>La noche murmura<\/em><\/strong><\/li>\n<li><strong>Sinfonietta Acad\u00e9mica y Coro juvenil del Orfe\u00f3n Pamplon\u00e9s<\/strong><\/li>\n<li>Director Coro del Orfe\u00f3n Pamplon\u00e9s: Juan Gainza. Directora Sinfonietta Acad\u00e9mica: Caroline Collier. Directora: Caroline Collier<\/li>\n<li>Entrada libre<\/li>\n<\/ul>\n<\/li>\n<li><strong>Martes 20 de marzo, 20 horas. <\/strong><strong>Iglesia MM Agustinas Recoletas<\/strong>\n<ul>\n<li><strong><em>Cantar del alma<\/em><\/strong><\/li>\n<li><strong>I\u00f1aki Fres\u00e1n, bar\u00edtono y Leyre Lisarri, piano<\/strong><\/li>\n<li>Entrada libre<\/li>\n<\/ul>\n<\/li>\n<li><strong>Viernes, 23 de marzo, 20 horas. <\/strong><strong>Iglesia Carmelitas Descalzos <\/strong>\n<ul>\n<li><strong><em>La gran liturgia ortodoxa de la Pascua<\/em><\/strong><\/li>\n<li><strong>Coro del Patriarcado de Mosc\u00fa<\/strong><\/li>\n<li>Director: Anatoly Grindenko<\/li>\n<li>Entrada libre<\/li>\n<\/ul>\n<\/li>\n<li><strong>S\u00e1bado 24 de marzo, 20 horas. <\/strong><strong>Iglesia San Saturnino<\/strong>\n<ul>\n<li><strong><em>Sacrum si brevis\u2026<\/em><\/strong><\/li>\n<li><strong>Coral de C\u00e1mara de Pamplona y solistas de la Orquesta Barroca de Sevilla<\/strong><\/li>\n<li>Director: Jordi Casals<\/li>\n<li>Entrada libre<\/li>\n<\/ul>\n<\/li>\n<li><strong>Domingo 25 de marzo, 20 horas. <\/strong><strong>Baluarte<\/strong>\n<ul>\n<li><strong><em>Sinfon\u00eda fant\u00e1stica y oficio de difuntos\/Officium defunctorum de Hilari\u00f3n Eslava<\/em><\/strong><\/li>\n<li><strong>Coro Sinf\u00f3nico <\/strong><strong>de la Federaci\u00f3n de Coros de Navarra y Orquesta Sinf\u00f3nica Ciudad de Zaragoza<\/strong><\/li>\n<li>Director Orquesta Sinf\u00f3nica Ciudad de Zaragoza: Juan Luis Mart\u00ednez. Director coro: Jos\u00e9 Antonio Huarte<\/li>\n<li>Entrada: 10 euros<\/li>\n<\/ul>\n<\/li>\n<li><strong>Lunes 26 de marzo, 20 horas. <\/strong><strong>Catedral Santa Mar\u00eda de Pamplona (por confirmar)<\/strong>\n<ul>\n<li><strong><em>Rincones de polifon\u00eda en una catedral g\u00f3tica. Improvisaciones al \u00f3rgano<\/em><\/strong><\/li>\n<li><strong>Capilla de m\u00fasica de la Catedral y Juan de la Rubia<\/strong><\/li>\n<li>Maestro de capilla: Aurelio Sagaseta<\/li>\n<li>Entrada libre<\/li>\n<\/ul>\n<\/li>\n<li><strong>Martes 27 de marzo, 20 horas. <\/strong><strong>Iglesia San Saturnino<\/strong>\n<ul>\n<li><strong><em>O vos omnes, Attendite ergo et videte<\/em><\/strong><\/li>\n<li><strong>M\u00fasica Fiata K\u00f6ln y Marie Luise Werneburg<\/strong><\/li>\n<li>Director: Roland Wilson<\/li>\n<li>Entrada libre<\/li>\n<\/ul>\n<\/li>\n<li><strong>Mi\u00e9rcoles 28 de marzo, 20 horas. <\/strong><strong>Baluarte<\/strong>\n<ul>\n<li><strong><em>Pietas: \u00f3pera y religiosidad<\/em><\/strong><\/li>\n<li><strong>Coro de la Escuela de Canto Eugenia Echarren, Coral Olitense, Coral de C\u00e1mara Aizaga, Orquesta Ciudad de Pamplona-Iru\u00f1eko Orkestra, Carmen Sol\u00eds (soprano) y Eduardo Sandoval (tenor)<\/strong><\/li>\n<li>Director: Javier Echarri<\/li>\n<li>Entrada: 10 euros<\/li>\n<\/ul>\n<\/li>\n<\/ul>\n<p>&nbsp;<\/p>\n","protected":false},"excerpt":{"rendered":"<p>El festival adquiere car\u00e1cter internacional por la participaci\u00f3n del Coro del Patriarcado de Mosc\u00fa y la orquesta alemana Fiata K\u00f6ln<\/p>\n","protected":false},"author":1,"featured_media":14932,"comment_status":"open","ping_status":"closed","sticky":false,"template":"","format":"standard","meta":{"footnotes":""},"categories":[2],"tags":[],"class_list":["post-16078","post","type-post","status-publish","format-standard","has-post-thumbnail","hentry","category-ayuntamiento-pamplona"],"yoast_head":"<!-- This site is optimized with the Yoast SEO plugin v27.3 - https:\/\/yoast.com\/product\/yoast-seo-wordpress\/ -->\n<title>Ocho conciertos conforman la programaci\u00f3n prevista del Festival de M\u00fasica Sacra que tendr\u00e1 lugar del 17 al 28 de marzo en iglesias, en la Catedral y en Baluarte<\/title>\n<meta name=\"robots\" content=\"index, follow, max-snippet:-1, max-image-preview:large, max-video-preview:-1\" \/>\n<link rel=\"canonical\" href=\"https:\/\/www.laguiadepamplona.com\/actualidad\/ocho-conciertos-conforman-la-programacion-prevista-del-festival-de-musica-sacra-que-tendra-lugar-del-17-al-28-de-marzo-en-iglesias-en-la-catedral-y-en-baluarte\/\" \/>\n<meta property=\"og:locale\" content=\"es_ES\" \/>\n<meta property=\"og:type\" content=\"article\" \/>\n<meta property=\"og:title\" content=\"Ocho conciertos conforman la programaci\u00f3n prevista del Festival de M\u00fasica Sacra que tendr\u00e1 lugar del 17 al 28 de marzo en iglesias, en la Catedral y en Baluarte\" \/>\n<meta property=\"og:description\" content=\"El festival adquiere car\u00e1cter internacional por la participaci\u00f3n del Coro del Patriarcado de Mosc\u00fa y la orquesta alemana Fiata K\u00f6ln\" \/>\n<meta property=\"og:url\" content=\"https:\/\/www.laguiadepamplona.com\/actualidad\/ocho-conciertos-conforman-la-programacion-prevista-del-festival-de-musica-sacra-que-tendra-lugar-del-17-al-28-de-marzo-en-iglesias-en-la-catedral-y-en-baluarte\/\" \/>\n<meta property=\"og:site_name\" content=\"La Gu\u00eda de Pamplona\" \/>\n<meta property=\"article:publisher\" content=\"https:\/\/www.facebook.com\/laguiadepamplonacom-133175176762273\/?ref=hl\" \/>\n<meta property=\"article:published_time\" content=\"2018-02-12T14:39:23+00:00\" \/>\n<meta property=\"og:image\" content=\"https:\/\/www.laguiadepamplona.com\/actualidad\/wp-content\/uploads\/2017\/11\/17.11.02_orfeon_pamplones.jpg\" \/>\n\t<meta property=\"og:image:width\" content=\"900\" \/>\n\t<meta property=\"og:image:height\" content=\"1350\" \/>\n\t<meta property=\"og:image:type\" content=\"image\/jpeg\" \/>\n<meta name=\"author\" content=\"La Gu\u00eda de Pamplona\" \/>\n<meta name=\"twitter:card\" content=\"summary_large_image\" \/>\n<meta name=\"twitter:creator\" content=\"@LaGuiadPamplona\" \/>\n<meta name=\"twitter:site\" content=\"@LaGuiadPamplona\" \/>\n<meta name=\"twitter:label1\" content=\"Escrito por\" \/>\n\t<meta name=\"twitter:data1\" content=\"La Gu\u00eda de Pamplona\" \/>\n\t<meta name=\"twitter:label2\" content=\"Tiempo de lectura\" \/>\n\t<meta name=\"twitter:data2\" content=\"6 minutos\" \/>\n<script type=\"application\/ld+json\" class=\"yoast-schema-graph\">{\"@context\":\"https:\\\/\\\/schema.org\",\"@graph\":[{\"@type\":\"Article\",\"@id\":\"https:\\\/\\\/www.laguiadepamplona.com\\\/actualidad\\\/ocho-conciertos-conforman-la-programacion-prevista-del-festival-de-musica-sacra-que-tendra-lugar-del-17-al-28-de-marzo-en-iglesias-en-la-catedral-y-en-baluarte\\\/#article\",\"isPartOf\":{\"@id\":\"https:\\\/\\\/www.laguiadepamplona.com\\\/actualidad\\\/ocho-conciertos-conforman-la-programacion-prevista-del-festival-de-musica-sacra-que-tendra-lugar-del-17-al-28-de-marzo-en-iglesias-en-la-catedral-y-en-baluarte\\\/\"},\"author\":{\"name\":\"La Gu\u00eda de Pamplona\",\"@id\":\"https:\\\/\\\/www.laguiadepamplona.com\\\/actualidad\\\/#\\\/schema\\\/person\\\/efe887376f0213d4657c93adc50b1fdb\"},\"headline\":\"Ocho conciertos conforman la programaci\u00f3n prevista del Festival de M\u00fasica Sacra que tendr\u00e1 lugar del 17 al 28 de marzo en iglesias, en la Catedral y en Baluarte\",\"datePublished\":\"2018-02-12T14:39:23+00:00\",\"mainEntityOfPage\":{\"@id\":\"https:\\\/\\\/www.laguiadepamplona.com\\\/actualidad\\\/ocho-conciertos-conforman-la-programacion-prevista-del-festival-de-musica-sacra-que-tendra-lugar-del-17-al-28-de-marzo-en-iglesias-en-la-catedral-y-en-baluarte\\\/\"},\"wordCount\":1290,\"commentCount\":0,\"publisher\":{\"@id\":\"https:\\\/\\\/www.laguiadepamplona.com\\\/actualidad\\\/#organization\"},\"image\":{\"@id\":\"https:\\\/\\\/www.laguiadepamplona.com\\\/actualidad\\\/ocho-conciertos-conforman-la-programacion-prevista-del-festival-de-musica-sacra-que-tendra-lugar-del-17-al-28-de-marzo-en-iglesias-en-la-catedral-y-en-baluarte\\\/#primaryimage\"},\"thumbnailUrl\":\"https:\\\/\\\/www.laguiadepamplona.com\\\/actualidad\\\/wp-content\\\/uploads\\\/2017\\\/11\\\/17.11.02_orfeon_pamplones.jpg\",\"articleSection\":[\"Ayto Pamplona\"],\"inLanguage\":\"es\",\"potentialAction\":[{\"@type\":\"CommentAction\",\"name\":\"Comment\",\"target\":[\"https:\\\/\\\/www.laguiadepamplona.com\\\/actualidad\\\/ocho-conciertos-conforman-la-programacion-prevista-del-festival-de-musica-sacra-que-tendra-lugar-del-17-al-28-de-marzo-en-iglesias-en-la-catedral-y-en-baluarte\\\/#respond\"]}]},{\"@type\":\"WebPage\",\"@id\":\"https:\\\/\\\/www.laguiadepamplona.com\\\/actualidad\\\/ocho-conciertos-conforman-la-programacion-prevista-del-festival-de-musica-sacra-que-tendra-lugar-del-17-al-28-de-marzo-en-iglesias-en-la-catedral-y-en-baluarte\\\/\",\"url\":\"https:\\\/\\\/www.laguiadepamplona.com\\\/actualidad\\\/ocho-conciertos-conforman-la-programacion-prevista-del-festival-de-musica-sacra-que-tendra-lugar-del-17-al-28-de-marzo-en-iglesias-en-la-catedral-y-en-baluarte\\\/\",\"name\":\"Ocho conciertos conforman la programaci\u00f3n prevista del Festival de M\u00fasica Sacra que tendr\u00e1 lugar del 17 al 28 de marzo en iglesias, en la Catedral y en Baluarte\",\"isPartOf\":{\"@id\":\"https:\\\/\\\/www.laguiadepamplona.com\\\/actualidad\\\/#website\"},\"primaryImageOfPage\":{\"@id\":\"https:\\\/\\\/www.laguiadepamplona.com\\\/actualidad\\\/ocho-conciertos-conforman-la-programacion-prevista-del-festival-de-musica-sacra-que-tendra-lugar-del-17-al-28-de-marzo-en-iglesias-en-la-catedral-y-en-baluarte\\\/#primaryimage\"},\"image\":{\"@id\":\"https:\\\/\\\/www.laguiadepamplona.com\\\/actualidad\\\/ocho-conciertos-conforman-la-programacion-prevista-del-festival-de-musica-sacra-que-tendra-lugar-del-17-al-28-de-marzo-en-iglesias-en-la-catedral-y-en-baluarte\\\/#primaryimage\"},\"thumbnailUrl\":\"https:\\\/\\\/www.laguiadepamplona.com\\\/actualidad\\\/wp-content\\\/uploads\\\/2017\\\/11\\\/17.11.02_orfeon_pamplones.jpg\",\"datePublished\":\"2018-02-12T14:39:23+00:00\",\"breadcrumb\":{\"@id\":\"https:\\\/\\\/www.laguiadepamplona.com\\\/actualidad\\\/ocho-conciertos-conforman-la-programacion-prevista-del-festival-de-musica-sacra-que-tendra-lugar-del-17-al-28-de-marzo-en-iglesias-en-la-catedral-y-en-baluarte\\\/#breadcrumb\"},\"inLanguage\":\"es\",\"potentialAction\":[{\"@type\":\"ReadAction\",\"target\":[\"https:\\\/\\\/www.laguiadepamplona.com\\\/actualidad\\\/ocho-conciertos-conforman-la-programacion-prevista-del-festival-de-musica-sacra-que-tendra-lugar-del-17-al-28-de-marzo-en-iglesias-en-la-catedral-y-en-baluarte\\\/\"]}]},{\"@type\":\"ImageObject\",\"inLanguage\":\"es\",\"@id\":\"https:\\\/\\\/www.laguiadepamplona.com\\\/actualidad\\\/ocho-conciertos-conforman-la-programacion-prevista-del-festival-de-musica-sacra-que-tendra-lugar-del-17-al-28-de-marzo-en-iglesias-en-la-catedral-y-en-baluarte\\\/#primaryimage\",\"url\":\"https:\\\/\\\/www.laguiadepamplona.com\\\/actualidad\\\/wp-content\\\/uploads\\\/2017\\\/11\\\/17.11.02_orfeon_pamplones.jpg\",\"contentUrl\":\"https:\\\/\\\/www.laguiadepamplona.com\\\/actualidad\\\/wp-content\\\/uploads\\\/2017\\\/11\\\/17.11.02_orfeon_pamplones.jpg\",\"width\":900,\"height\":1350},{\"@type\":\"BreadcrumbList\",\"@id\":\"https:\\\/\\\/www.laguiadepamplona.com\\\/actualidad\\\/ocho-conciertos-conforman-la-programacion-prevista-del-festival-de-musica-sacra-que-tendra-lugar-del-17-al-28-de-marzo-en-iglesias-en-la-catedral-y-en-baluarte\\\/#breadcrumb\",\"itemListElement\":[{\"@type\":\"ListItem\",\"position\":1,\"name\":\"Portada\",\"item\":\"https:\\\/\\\/www.laguiadepamplona.com\\\/actualidad\\\/\"},{\"@type\":\"ListItem\",\"position\":2,\"name\":\"Ocho conciertos conforman la programaci\u00f3n prevista del Festival de M\u00fasica Sacra que tendr\u00e1 lugar del 17 al 28 de marzo en iglesias, en la Catedral y en Baluarte\"}]},{\"@type\":\"WebSite\",\"@id\":\"https:\\\/\\\/www.laguiadepamplona.com\\\/actualidad\\\/#website\",\"url\":\"https:\\\/\\\/www.laguiadepamplona.com\\\/actualidad\\\/\",\"name\":\"La gu\u00eda de Pamplona\",\"description\":\"Noticias de Pamplona\",\"publisher\":{\"@id\":\"https:\\\/\\\/www.laguiadepamplona.com\\\/actualidad\\\/#organization\"},\"potentialAction\":[{\"@type\":\"SearchAction\",\"target\":{\"@type\":\"EntryPoint\",\"urlTemplate\":\"https:\\\/\\\/www.laguiadepamplona.com\\\/actualidad\\\/?s={search_term_string}\"},\"query-input\":{\"@type\":\"PropertyValueSpecification\",\"valueRequired\":true,\"valueName\":\"search_term_string\"}}],\"inLanguage\":\"es\"},{\"@type\":\"Organization\",\"@id\":\"https:\\\/\\\/www.laguiadepamplona.com\\\/actualidad\\\/#organization\",\"name\":\"La Gu\u00eda de Pamplona \\\/ Noticias\",\"url\":\"https:\\\/\\\/www.laguiadepamplona.com\\\/actualidad\\\/\",\"logo\":{\"@type\":\"ImageObject\",\"inLanguage\":\"es\",\"@id\":\"https:\\\/\\\/www.laguiadepamplona.com\\\/actualidad\\\/#\\\/schema\\\/logo\\\/image\\\/\",\"url\":\"https:\\\/\\\/www.laguiadepamplona.com\\\/actualidad\\\/wp-content\\\/uploads\\\/2018\\\/11\\\/logo-laguiadepamplona18-web1.png\",\"contentUrl\":\"https:\\\/\\\/www.laguiadepamplona.com\\\/actualidad\\\/wp-content\\\/uploads\\\/2018\\\/11\\\/logo-laguiadepamplona18-web1.png\",\"width\":600,\"height\":196,\"caption\":\"La Gu\u00eda de Pamplona \\\/ Noticias\"},\"image\":{\"@id\":\"https:\\\/\\\/www.laguiadepamplona.com\\\/actualidad\\\/#\\\/schema\\\/logo\\\/image\\\/\"},\"sameAs\":[\"https:\\\/\\\/www.facebook.com\\\/laguiadepamplonacom-133175176762273\\\/?ref=hl\",\"https:\\\/\\\/x.com\\\/LaGuiadPamplona\",\"https:\\\/\\\/www.instagram.com\\\/la_guia_de_pamplona\\\/\",\"https:\\\/\\\/www.youtube.com\\\/user\\\/laguiadepamplona\"]},{\"@type\":\"Person\",\"@id\":\"https:\\\/\\\/www.laguiadepamplona.com\\\/actualidad\\\/#\\\/schema\\\/person\\\/efe887376f0213d4657c93adc50b1fdb\",\"name\":\"La Gu\u00eda de Pamplona\",\"image\":{\"@type\":\"ImageObject\",\"inLanguage\":\"es\",\"@id\":\"https:\\\/\\\/secure.gravatar.com\\\/avatar\\\/b6992f131dc8d30ab0dff15446e9d346d9dbd95992de0fef795073f5ea83a81c?s=96&d=mm&r=g\",\"url\":\"https:\\\/\\\/secure.gravatar.com\\\/avatar\\\/b6992f131dc8d30ab0dff15446e9d346d9dbd95992de0fef795073f5ea83a81c?s=96&d=mm&r=g\",\"contentUrl\":\"https:\\\/\\\/secure.gravatar.com\\\/avatar\\\/b6992f131dc8d30ab0dff15446e9d346d9dbd95992de0fef795073f5ea83a81c?s=96&d=mm&r=g\",\"caption\":\"La Gu\u00eda de Pamplona\"}}]}<\/script>\n<!-- \/ Yoast SEO plugin. -->","yoast_head_json":{"title":"Ocho conciertos conforman la programaci\u00f3n prevista del Festival de M\u00fasica Sacra que tendr\u00e1 lugar del 17 al 28 de marzo en iglesias, en la Catedral y en Baluarte","robots":{"index":"index","follow":"follow","max-snippet":"max-snippet:-1","max-image-preview":"max-image-preview:large","max-video-preview":"max-video-preview:-1"},"canonical":"https:\/\/www.laguiadepamplona.com\/actualidad\/ocho-conciertos-conforman-la-programacion-prevista-del-festival-de-musica-sacra-que-tendra-lugar-del-17-al-28-de-marzo-en-iglesias-en-la-catedral-y-en-baluarte\/","og_locale":"es_ES","og_type":"article","og_title":"Ocho conciertos conforman la programaci\u00f3n prevista del Festival de M\u00fasica Sacra que tendr\u00e1 lugar del 17 al 28 de marzo en iglesias, en la Catedral y en Baluarte","og_description":"El festival adquiere car\u00e1cter internacional por la participaci\u00f3n del Coro del Patriarcado de Mosc\u00fa y la orquesta alemana Fiata K\u00f6ln","og_url":"https:\/\/www.laguiadepamplona.com\/actualidad\/ocho-conciertos-conforman-la-programacion-prevista-del-festival-de-musica-sacra-que-tendra-lugar-del-17-al-28-de-marzo-en-iglesias-en-la-catedral-y-en-baluarte\/","og_site_name":"La Gu\u00eda de Pamplona","article_publisher":"https:\/\/www.facebook.com\/laguiadepamplonacom-133175176762273\/?ref=hl","article_published_time":"2018-02-12T14:39:23+00:00","og_image":[{"width":900,"height":1350,"url":"https:\/\/www.laguiadepamplona.com\/actualidad\/wp-content\/uploads\/2017\/11\/17.11.02_orfeon_pamplones.jpg","type":"image\/jpeg"}],"author":"La Gu\u00eda de Pamplona","twitter_card":"summary_large_image","twitter_creator":"@LaGuiadPamplona","twitter_site":"@LaGuiadPamplona","twitter_misc":{"Escrito por":"La Gu\u00eda de Pamplona","Tiempo de lectura":"6 minutos"},"schema":{"@context":"https:\/\/schema.org","@graph":[{"@type":"Article","@id":"https:\/\/www.laguiadepamplona.com\/actualidad\/ocho-conciertos-conforman-la-programacion-prevista-del-festival-de-musica-sacra-que-tendra-lugar-del-17-al-28-de-marzo-en-iglesias-en-la-catedral-y-en-baluarte\/#article","isPartOf":{"@id":"https:\/\/www.laguiadepamplona.com\/actualidad\/ocho-conciertos-conforman-la-programacion-prevista-del-festival-de-musica-sacra-que-tendra-lugar-del-17-al-28-de-marzo-en-iglesias-en-la-catedral-y-en-baluarte\/"},"author":{"name":"La Gu\u00eda de Pamplona","@id":"https:\/\/www.laguiadepamplona.com\/actualidad\/#\/schema\/person\/efe887376f0213d4657c93adc50b1fdb"},"headline":"Ocho conciertos conforman la programaci\u00f3n prevista del Festival de M\u00fasica Sacra que tendr\u00e1 lugar del 17 al 28 de marzo en iglesias, en la Catedral y en Baluarte","datePublished":"2018-02-12T14:39:23+00:00","mainEntityOfPage":{"@id":"https:\/\/www.laguiadepamplona.com\/actualidad\/ocho-conciertos-conforman-la-programacion-prevista-del-festival-de-musica-sacra-que-tendra-lugar-del-17-al-28-de-marzo-en-iglesias-en-la-catedral-y-en-baluarte\/"},"wordCount":1290,"commentCount":0,"publisher":{"@id":"https:\/\/www.laguiadepamplona.com\/actualidad\/#organization"},"image":{"@id":"https:\/\/www.laguiadepamplona.com\/actualidad\/ocho-conciertos-conforman-la-programacion-prevista-del-festival-de-musica-sacra-que-tendra-lugar-del-17-al-28-de-marzo-en-iglesias-en-la-catedral-y-en-baluarte\/#primaryimage"},"thumbnailUrl":"https:\/\/www.laguiadepamplona.com\/actualidad\/wp-content\/uploads\/2017\/11\/17.11.02_orfeon_pamplones.jpg","articleSection":["Ayto Pamplona"],"inLanguage":"es","potentialAction":[{"@type":"CommentAction","name":"Comment","target":["https:\/\/www.laguiadepamplona.com\/actualidad\/ocho-conciertos-conforman-la-programacion-prevista-del-festival-de-musica-sacra-que-tendra-lugar-del-17-al-28-de-marzo-en-iglesias-en-la-catedral-y-en-baluarte\/#respond"]}]},{"@type":"WebPage","@id":"https:\/\/www.laguiadepamplona.com\/actualidad\/ocho-conciertos-conforman-la-programacion-prevista-del-festival-de-musica-sacra-que-tendra-lugar-del-17-al-28-de-marzo-en-iglesias-en-la-catedral-y-en-baluarte\/","url":"https:\/\/www.laguiadepamplona.com\/actualidad\/ocho-conciertos-conforman-la-programacion-prevista-del-festival-de-musica-sacra-que-tendra-lugar-del-17-al-28-de-marzo-en-iglesias-en-la-catedral-y-en-baluarte\/","name":"Ocho conciertos conforman la programaci\u00f3n prevista del Festival de M\u00fasica Sacra que tendr\u00e1 lugar del 17 al 28 de marzo en iglesias, en la Catedral y en Baluarte","isPartOf":{"@id":"https:\/\/www.laguiadepamplona.com\/actualidad\/#website"},"primaryImageOfPage":{"@id":"https:\/\/www.laguiadepamplona.com\/actualidad\/ocho-conciertos-conforman-la-programacion-prevista-del-festival-de-musica-sacra-que-tendra-lugar-del-17-al-28-de-marzo-en-iglesias-en-la-catedral-y-en-baluarte\/#primaryimage"},"image":{"@id":"https:\/\/www.laguiadepamplona.com\/actualidad\/ocho-conciertos-conforman-la-programacion-prevista-del-festival-de-musica-sacra-que-tendra-lugar-del-17-al-28-de-marzo-en-iglesias-en-la-catedral-y-en-baluarte\/#primaryimage"},"thumbnailUrl":"https:\/\/www.laguiadepamplona.com\/actualidad\/wp-content\/uploads\/2017\/11\/17.11.02_orfeon_pamplones.jpg","datePublished":"2018-02-12T14:39:23+00:00","breadcrumb":{"@id":"https:\/\/www.laguiadepamplona.com\/actualidad\/ocho-conciertos-conforman-la-programacion-prevista-del-festival-de-musica-sacra-que-tendra-lugar-del-17-al-28-de-marzo-en-iglesias-en-la-catedral-y-en-baluarte\/#breadcrumb"},"inLanguage":"es","potentialAction":[{"@type":"ReadAction","target":["https:\/\/www.laguiadepamplona.com\/actualidad\/ocho-conciertos-conforman-la-programacion-prevista-del-festival-de-musica-sacra-que-tendra-lugar-del-17-al-28-de-marzo-en-iglesias-en-la-catedral-y-en-baluarte\/"]}]},{"@type":"ImageObject","inLanguage":"es","@id":"https:\/\/www.laguiadepamplona.com\/actualidad\/ocho-conciertos-conforman-la-programacion-prevista-del-festival-de-musica-sacra-que-tendra-lugar-del-17-al-28-de-marzo-en-iglesias-en-la-catedral-y-en-baluarte\/#primaryimage","url":"https:\/\/www.laguiadepamplona.com\/actualidad\/wp-content\/uploads\/2017\/11\/17.11.02_orfeon_pamplones.jpg","contentUrl":"https:\/\/www.laguiadepamplona.com\/actualidad\/wp-content\/uploads\/2017\/11\/17.11.02_orfeon_pamplones.jpg","width":900,"height":1350},{"@type":"BreadcrumbList","@id":"https:\/\/www.laguiadepamplona.com\/actualidad\/ocho-conciertos-conforman-la-programacion-prevista-del-festival-de-musica-sacra-que-tendra-lugar-del-17-al-28-de-marzo-en-iglesias-en-la-catedral-y-en-baluarte\/#breadcrumb","itemListElement":[{"@type":"ListItem","position":1,"name":"Portada","item":"https:\/\/www.laguiadepamplona.com\/actualidad\/"},{"@type":"ListItem","position":2,"name":"Ocho conciertos conforman la programaci\u00f3n prevista del Festival de M\u00fasica Sacra que tendr\u00e1 lugar del 17 al 28 de marzo en iglesias, en la Catedral y en Baluarte"}]},{"@type":"WebSite","@id":"https:\/\/www.laguiadepamplona.com\/actualidad\/#website","url":"https:\/\/www.laguiadepamplona.com\/actualidad\/","name":"La gu\u00eda de Pamplona","description":"Noticias de Pamplona","publisher":{"@id":"https:\/\/www.laguiadepamplona.com\/actualidad\/#organization"},"potentialAction":[{"@type":"SearchAction","target":{"@type":"EntryPoint","urlTemplate":"https:\/\/www.laguiadepamplona.com\/actualidad\/?s={search_term_string}"},"query-input":{"@type":"PropertyValueSpecification","valueRequired":true,"valueName":"search_term_string"}}],"inLanguage":"es"},{"@type":"Organization","@id":"https:\/\/www.laguiadepamplona.com\/actualidad\/#organization","name":"La Gu\u00eda de Pamplona \/ Noticias","url":"https:\/\/www.laguiadepamplona.com\/actualidad\/","logo":{"@type":"ImageObject","inLanguage":"es","@id":"https:\/\/www.laguiadepamplona.com\/actualidad\/#\/schema\/logo\/image\/","url":"https:\/\/www.laguiadepamplona.com\/actualidad\/wp-content\/uploads\/2018\/11\/logo-laguiadepamplona18-web1.png","contentUrl":"https:\/\/www.laguiadepamplona.com\/actualidad\/wp-content\/uploads\/2018\/11\/logo-laguiadepamplona18-web1.png","width":600,"height":196,"caption":"La Gu\u00eda de Pamplona \/ Noticias"},"image":{"@id":"https:\/\/www.laguiadepamplona.com\/actualidad\/#\/schema\/logo\/image\/"},"sameAs":["https:\/\/www.facebook.com\/laguiadepamplonacom-133175176762273\/?ref=hl","https:\/\/x.com\/LaGuiadPamplona","https:\/\/www.instagram.com\/la_guia_de_pamplona\/","https:\/\/www.youtube.com\/user\/laguiadepamplona"]},{"@type":"Person","@id":"https:\/\/www.laguiadepamplona.com\/actualidad\/#\/schema\/person\/efe887376f0213d4657c93adc50b1fdb","name":"La Gu\u00eda de Pamplona","image":{"@type":"ImageObject","inLanguage":"es","@id":"https:\/\/secure.gravatar.com\/avatar\/b6992f131dc8d30ab0dff15446e9d346d9dbd95992de0fef795073f5ea83a81c?s=96&d=mm&r=g","url":"https:\/\/secure.gravatar.com\/avatar\/b6992f131dc8d30ab0dff15446e9d346d9dbd95992de0fef795073f5ea83a81c?s=96&d=mm&r=g","contentUrl":"https:\/\/secure.gravatar.com\/avatar\/b6992f131dc8d30ab0dff15446e9d346d9dbd95992de0fef795073f5ea83a81c?s=96&d=mm&r=g","caption":"La Gu\u00eda de Pamplona"}}]}},"post_mailing_queue_ids":[],"_links":{"self":[{"href":"https:\/\/www.laguiadepamplona.com\/actualidad\/wp-json\/wp\/v2\/posts\/16078","targetHints":{"allow":["GET"]}}],"collection":[{"href":"https:\/\/www.laguiadepamplona.com\/actualidad\/wp-json\/wp\/v2\/posts"}],"about":[{"href":"https:\/\/www.laguiadepamplona.com\/actualidad\/wp-json\/wp\/v2\/types\/post"}],"author":[{"embeddable":true,"href":"https:\/\/www.laguiadepamplona.com\/actualidad\/wp-json\/wp\/v2\/users\/1"}],"replies":[{"embeddable":true,"href":"https:\/\/www.laguiadepamplona.com\/actualidad\/wp-json\/wp\/v2\/comments?post=16078"}],"version-history":[{"count":0,"href":"https:\/\/www.laguiadepamplona.com\/actualidad\/wp-json\/wp\/v2\/posts\/16078\/revisions"}],"wp:featuredmedia":[{"embeddable":true,"href":"https:\/\/www.laguiadepamplona.com\/actualidad\/wp-json\/wp\/v2\/media\/14932"}],"wp:attachment":[{"href":"https:\/\/www.laguiadepamplona.com\/actualidad\/wp-json\/wp\/v2\/media?parent=16078"}],"wp:term":[{"taxonomy":"category","embeddable":true,"href":"https:\/\/www.laguiadepamplona.com\/actualidad\/wp-json\/wp\/v2\/categories?post=16078"},{"taxonomy":"post_tag","embeddable":true,"href":"https:\/\/www.laguiadepamplona.com\/actualidad\/wp-json\/wp\/v2\/tags?post=16078"}],"curies":[{"name":"wp","href":"https:\/\/api.w.org\/{rel}","templated":true}]}}