{"id":16073,"date":"2018-02-12T15:36:00","date_gmt":"2018-02-12T14:36:00","guid":{"rendered":"http:\/\/laguiadepamplona.es\/actualidad\/?p=16073"},"modified":"2018-02-12T15:36:00","modified_gmt":"2018-02-12T14:36:00","slug":"los-alcaldes-de-pamplona-y-san-sebastian-y-la-secretaria-del-cideu-abren-manana-martes-en-condestable-a-las-9-30-horas-la-jornada-de-planificacion-estrategica-urbana","status":"publish","type":"post","link":"https:\/\/www.laguiadepamplona.com\/actualidad\/los-alcaldes-de-pamplona-y-san-sebastian-y-la-secretaria-del-cideu-abren-manana-martes-en-condestable-a-las-9-30-horas-la-jornada-de-planificacion-estrategica-urbana\/","title":{"rendered":"Los alcaldes de Pamplona y San Sebasti\u00e1n y la secretaria del CIDEU abren ma\u00f1ana martes en Condestable a las 9.30 horas la Jornada de Planificaci\u00f3n Estrat\u00e9gica Urbana"},"content":{"rendered":"<h3>Representantes de planes estrat\u00e9gicos de Barcelona, Zaragoza, Bilbao y San Sebasti\u00e1n presentar\u00e1n los proyectos que ya han puesto en marcha<\/h3>\n<p><!--more--><\/p>\n<p>El alcalde de Pamplona, <strong>Joseba Asiron<\/strong>, el alcalde de San Sebasti\u00e1n, <strong>Eneko Goia<\/strong>, y la secretaria general del Centro Iberoamericano de Desarrollo Estrat\u00e9gico Urbano (CIDEU), <strong>Maravillas Rojo<\/strong>, abrir\u00e1n ma\u00f1ana martes, <strong><u>13 de febrero<\/u><\/strong>, a las <strong><u>9.30 horas,<\/u><\/strong> en el <strong><u>Palacio del Condestable,<\/u><\/strong> la Jornada de Planificaci\u00f3n Estrat\u00e9gica Urbana. La jornada est\u00e1 organizada por el Ayuntamiento de Pamplona junto con el CIDEU.<\/p>\n<p>A lo largo de la ma\u00f1ana los contenidos acercar\u00e1n la figura del Plan Estrat\u00e9gico como herramienta definidora de las l\u00edneas generales del desarrollo urbano. As\u00ed, se hablar\u00e1 de los objetivos estrat\u00e9gicos de las ciudades en el actual contexto internacional globalizado y de la importancia del trabajo en red y la colaboraci\u00f3n para la transferencia de buenas pr\u00e1cticas. Asimismo, durante la ma\u00f1ana se presentar\u00e1n, de la mano de sus responsables, ejemplos de planes estrat\u00e9gicos ya en funcionamiento como los de Barcelona, Zaragoza, Bilbao o San Sebasti\u00e1n. Junto a estos ponentes tambi\u00e9n participar\u00e1 Pedro Acebillo, director de la universidad de CIDEU y el director-coordinador de la Oficina de Estrategia del Ayuntamiento de San Sebasti\u00e1n, Kepa Korta.<\/p>\n<p>Organizadas por la nueva Oficina estrat\u00e9gica de Pamplona<\/p>\n<p>Esta jornada ser\u00e1 el pre\u00e1mbulo al decimocuarto encuentro de la Red Ib\u00e9rica de CIDEU, un espacio de trabajo y reflexi\u00f3n que engloba a 144 ciudades y 26 instituciones colaboradoras y que tendr\u00e1 lugar en Pamplona la tarde del d\u00eda 13 y el 14 de febrero. Tras su organizaci\u00f3n se encuentra la Oficina estrat\u00e9gica de Pamplona que entr\u00f3 en funcionamiento en el Consistorio en 2017. Su objetivo es coordinar un Plan Estrat\u00e9gico Urbano con todos los agentes clave de la ciudad. De forma paralela busca financiaci\u00f3n externa para proyectos municipales que se consideren de car\u00e1cter estrat\u00e9gico. Actualmente gestiona cinco proyectos por valor de m\u00e1s de un mill\u00f3n de euros (alcanzando un 88% de financiaci\u00f3n europea).<\/p>\n<p>Dentro de ese pensamiento estrat\u00e9gico y global, Pamplona, por decisi\u00f3n del Pleno, se uni\u00f3 el pasado 30 noviembre al Centro Iberoamericano de Desarrollo Estrat\u00e9gico Urbano, un espacio colaborativo de trabajo que agrupa a 152 miembros de los que 124 son ciudades en las que viven m\u00e1s de 120 millones de personas.<\/p>\n<p>Esta red busca difundir y promover un pensamiento estrat\u00e9gico sobre las ciudades, compartiendo y gestionando el conocimiento urbano y teniendo el desarrollo sostenible como base. El objetivo final es impulsar el desarrollo econ\u00f3mico y social de las ciudades mejorando la calidad de vida de sus habitantes. El CIDEU se constituy\u00f3 en 1993 en Barcelona. Para lograr sus fines cuenta con un banco de proyectos estrat\u00e9gicos urbanos que se actualiza de forma permanente. Adem\u00e1s desarrolla encuentros, como los celebrados en Pamplona, y promueve acciones pedag\u00f3gicas para la formaci\u00f3n y perfeccionamiento de profesionales de la estrategia urbana. Apoya asimismo el intercambio de ideas y de personas expertas entre las ciudades de la red y cuenta con la Universidad Corporativa de CIDEU, que ofrece formaci\u00f3n on-line, seminarios y encuentros para mejorar el perfil de los profesionales de estrategia urbana.<\/p>\n<p>&nbsp;<\/p>\n<p>La Pamplona del futuro. Jornada de planificaci\u00f3n estrat\u00e9gica urbana<\/p>\n<p>13 de febrero. Palacio del condestable<\/p>\n<ul>\n<li><strong>30 horas. Apertura<\/strong><\/li>\n<li>Alcalde de Pamplona, Joseba Asiron; alcalde de San Sebasti\u00e1n, Eneko Goia y secretaria general de CIDEU, Maravillas Rojo<\/li>\n<li><strong>00 horas. \u00bfQu\u00e9 ciudad queremos?<\/strong><\/li>\n<li>Director de la universidad de CIDEU, Pedro Acebillo<\/li>\n<li><strong>00 horas. Pausa caf\u00e9<\/strong><\/li>\n<li><strong>30 horas. Mesa redonda: contribuci\u00f3n de los planes estrat\u00e9gicos al desarrollo urbano<\/strong><\/li>\n<li>Representantes de Barcelona, Zaragoza, Bilbao y San Sebasti\u00e1n<\/li>\n<li><strong>30 horas. CIDEU: la importancia del trabajo en red y el papel del estratega urbano<\/strong><\/li>\n<li>Director-coordinador de la Oficina de Estrategia del Ayuntamiento de San Sebasti\u00e1n, Kepa Korta.<\/li>\n<li><strong>00 horas. Cierre<\/strong><\/li>\n<\/ul>\n<p>&nbsp;<\/p>\n","protected":false},"excerpt":{"rendered":"<p>Representantes de planes estrat\u00e9gicos de Barcelona, Zaragoza, Bilbao y San Sebasti\u00e1n presentar\u00e1n los proyectos que ya han puesto en marcha<\/p>\n","protected":false},"author":1,"featured_media":11008,"comment_status":"open","ping_status":"closed","sticky":false,"template":"","format":"standard","meta":{"footnotes":""},"categories":[2],"tags":[],"class_list":["post-16073","post","type-post","status-publish","format-standard","has-post-thumbnail","hentry","category-ayuntamiento-pamplona"],"yoast_head":"<!-- This site is optimized with the Yoast SEO plugin v27.3 - https:\/\/yoast.com\/product\/yoast-seo-wordpress\/ -->\n<title>Los alcaldes de Pamplona y San Sebasti\u00e1n y la secretaria del CIDEU abren ma\u00f1ana martes en Condestable a las 9.30 horas la Jornada de Planificaci\u00f3n Estrat\u00e9gica Urbana<\/title>\n<meta name=\"robots\" content=\"index, follow, max-snippet:-1, max-image-preview:large, max-video-preview:-1\" \/>\n<link rel=\"canonical\" href=\"https:\/\/www.laguiadepamplona.com\/actualidad\/los-alcaldes-de-pamplona-y-san-sebastian-y-la-secretaria-del-cideu-abren-manana-martes-en-condestable-a-las-9-30-horas-la-jornada-de-planificacion-estrategica-urbana\/\" \/>\n<meta property=\"og:locale\" content=\"es_ES\" \/>\n<meta property=\"og:type\" content=\"article\" \/>\n<meta property=\"og:title\" content=\"Los alcaldes de Pamplona y San Sebasti\u00e1n y la secretaria del CIDEU abren ma\u00f1ana martes en Condestable a las 9.30 horas la Jornada de Planificaci\u00f3n Estrat\u00e9gica Urbana\" \/>\n<meta property=\"og:description\" content=\"Representantes de planes estrat\u00e9gicos de Barcelona, Zaragoza, Bilbao y San Sebasti\u00e1n presentar\u00e1n los proyectos que ya han puesto en marcha\" \/>\n<meta property=\"og:url\" content=\"https:\/\/www.laguiadepamplona.com\/actualidad\/los-alcaldes-de-pamplona-y-san-sebastian-y-la-secretaria-del-cideu-abren-manana-martes-en-condestable-a-las-9-30-horas-la-jornada-de-planificacion-estrategica-urbana\/\" \/>\n<meta property=\"og:site_name\" content=\"La Gu\u00eda de Pamplona\" \/>\n<meta property=\"article:publisher\" content=\"https:\/\/www.facebook.com\/laguiadepamplonacom-133175176762273\/?ref=hl\" \/>\n<meta property=\"article:published_time\" content=\"2018-02-12T14:36:00+00:00\" \/>\n<meta property=\"og:image\" content=\"https:\/\/www.laguiadepamplona.com\/actualidad\/wp-content\/uploads\/2016\/12\/palacio-condestable-civivox.jpg\" \/>\n\t<meta property=\"og:image:width\" content=\"900\" \/>\n\t<meta property=\"og:image:height\" content=\"675\" \/>\n\t<meta property=\"og:image:type\" content=\"image\/jpeg\" \/>\n<meta name=\"author\" content=\"La Gu\u00eda de Pamplona\" \/>\n<meta name=\"twitter:card\" content=\"summary_large_image\" \/>\n<meta name=\"twitter:creator\" content=\"@LaGuiadPamplona\" \/>\n<meta name=\"twitter:site\" content=\"@LaGuiadPamplona\" \/>\n<meta name=\"twitter:label1\" content=\"Escrito por\" \/>\n\t<meta name=\"twitter:data1\" content=\"La Gu\u00eda de Pamplona\" \/>\n\t<meta name=\"twitter:label2\" content=\"Tiempo de lectura\" \/>\n\t<meta name=\"twitter:data2\" content=\"3 minutos\" \/>\n<script type=\"application\/ld+json\" class=\"yoast-schema-graph\">{\"@context\":\"https:\\\/\\\/schema.org\",\"@graph\":[{\"@type\":\"Article\",\"@id\":\"https:\\\/\\\/www.laguiadepamplona.com\\\/actualidad\\\/los-alcaldes-de-pamplona-y-san-sebastian-y-la-secretaria-del-cideu-abren-manana-martes-en-condestable-a-las-9-30-horas-la-jornada-de-planificacion-estrategica-urbana\\\/#article\",\"isPartOf\":{\"@id\":\"https:\\\/\\\/www.laguiadepamplona.com\\\/actualidad\\\/los-alcaldes-de-pamplona-y-san-sebastian-y-la-secretaria-del-cideu-abren-manana-martes-en-condestable-a-las-9-30-horas-la-jornada-de-planificacion-estrategica-urbana\\\/\"},\"author\":{\"name\":\"La Gu\u00eda de Pamplona\",\"@id\":\"https:\\\/\\\/www.laguiadepamplona.com\\\/actualidad\\\/#\\\/schema\\\/person\\\/efe887376f0213d4657c93adc50b1fdb\"},\"headline\":\"Los alcaldes de Pamplona y San Sebasti\u00e1n y la secretaria del CIDEU abren ma\u00f1ana martes en Condestable a las 9.30 horas la Jornada de Planificaci\u00f3n Estrat\u00e9gica Urbana\",\"datePublished\":\"2018-02-12T14:36:00+00:00\",\"mainEntityOfPage\":{\"@id\":\"https:\\\/\\\/www.laguiadepamplona.com\\\/actualidad\\\/los-alcaldes-de-pamplona-y-san-sebastian-y-la-secretaria-del-cideu-abren-manana-martes-en-condestable-a-las-9-30-horas-la-jornada-de-planificacion-estrategica-urbana\\\/\"},\"wordCount\":674,\"commentCount\":0,\"publisher\":{\"@id\":\"https:\\\/\\\/www.laguiadepamplona.com\\\/actualidad\\\/#organization\"},\"image\":{\"@id\":\"https:\\\/\\\/www.laguiadepamplona.com\\\/actualidad\\\/los-alcaldes-de-pamplona-y-san-sebastian-y-la-secretaria-del-cideu-abren-manana-martes-en-condestable-a-las-9-30-horas-la-jornada-de-planificacion-estrategica-urbana\\\/#primaryimage\"},\"thumbnailUrl\":\"https:\\\/\\\/www.laguiadepamplona.com\\\/actualidad\\\/wp-content\\\/uploads\\\/2016\\\/12\\\/palacio-condestable-civivox.jpg\",\"articleSection\":[\"Ayto Pamplona\"],\"inLanguage\":\"es\",\"potentialAction\":[{\"@type\":\"CommentAction\",\"name\":\"Comment\",\"target\":[\"https:\\\/\\\/www.laguiadepamplona.com\\\/actualidad\\\/los-alcaldes-de-pamplona-y-san-sebastian-y-la-secretaria-del-cideu-abren-manana-martes-en-condestable-a-las-9-30-horas-la-jornada-de-planificacion-estrategica-urbana\\\/#respond\"]}]},{\"@type\":\"WebPage\",\"@id\":\"https:\\\/\\\/www.laguiadepamplona.com\\\/actualidad\\\/los-alcaldes-de-pamplona-y-san-sebastian-y-la-secretaria-del-cideu-abren-manana-martes-en-condestable-a-las-9-30-horas-la-jornada-de-planificacion-estrategica-urbana\\\/\",\"url\":\"https:\\\/\\\/www.laguiadepamplona.com\\\/actualidad\\\/los-alcaldes-de-pamplona-y-san-sebastian-y-la-secretaria-del-cideu-abren-manana-martes-en-condestable-a-las-9-30-horas-la-jornada-de-planificacion-estrategica-urbana\\\/\",\"name\":\"Los alcaldes de Pamplona y San Sebasti\u00e1n y la secretaria del CIDEU abren ma\u00f1ana martes en Condestable a las 9.30 horas la Jornada de Planificaci\u00f3n Estrat\u00e9gica Urbana\",\"isPartOf\":{\"@id\":\"https:\\\/\\\/www.laguiadepamplona.com\\\/actualidad\\\/#website\"},\"primaryImageOfPage\":{\"@id\":\"https:\\\/\\\/www.laguiadepamplona.com\\\/actualidad\\\/los-alcaldes-de-pamplona-y-san-sebastian-y-la-secretaria-del-cideu-abren-manana-martes-en-condestable-a-las-9-30-horas-la-jornada-de-planificacion-estrategica-urbana\\\/#primaryimage\"},\"image\":{\"@id\":\"https:\\\/\\\/www.laguiadepamplona.com\\\/actualidad\\\/los-alcaldes-de-pamplona-y-san-sebastian-y-la-secretaria-del-cideu-abren-manana-martes-en-condestable-a-las-9-30-horas-la-jornada-de-planificacion-estrategica-urbana\\\/#primaryimage\"},\"thumbnailUrl\":\"https:\\\/\\\/www.laguiadepamplona.com\\\/actualidad\\\/wp-content\\\/uploads\\\/2016\\\/12\\\/palacio-condestable-civivox.jpg\",\"datePublished\":\"2018-02-12T14:36:00+00:00\",\"breadcrumb\":{\"@id\":\"https:\\\/\\\/www.laguiadepamplona.com\\\/actualidad\\\/los-alcaldes-de-pamplona-y-san-sebastian-y-la-secretaria-del-cideu-abren-manana-martes-en-condestable-a-las-9-30-horas-la-jornada-de-planificacion-estrategica-urbana\\\/#breadcrumb\"},\"inLanguage\":\"es\",\"potentialAction\":[{\"@type\":\"ReadAction\",\"target\":[\"https:\\\/\\\/www.laguiadepamplona.com\\\/actualidad\\\/los-alcaldes-de-pamplona-y-san-sebastian-y-la-secretaria-del-cideu-abren-manana-martes-en-condestable-a-las-9-30-horas-la-jornada-de-planificacion-estrategica-urbana\\\/\"]}]},{\"@type\":\"ImageObject\",\"inLanguage\":\"es\",\"@id\":\"https:\\\/\\\/www.laguiadepamplona.com\\\/actualidad\\\/los-alcaldes-de-pamplona-y-san-sebastian-y-la-secretaria-del-cideu-abren-manana-martes-en-condestable-a-las-9-30-horas-la-jornada-de-planificacion-estrategica-urbana\\\/#primaryimage\",\"url\":\"https:\\\/\\\/www.laguiadepamplona.com\\\/actualidad\\\/wp-content\\\/uploads\\\/2016\\\/12\\\/palacio-condestable-civivox.jpg\",\"contentUrl\":\"https:\\\/\\\/www.laguiadepamplona.com\\\/actualidad\\\/wp-content\\\/uploads\\\/2016\\\/12\\\/palacio-condestable-civivox.jpg\",\"width\":900,\"height\":675},{\"@type\":\"BreadcrumbList\",\"@id\":\"https:\\\/\\\/www.laguiadepamplona.com\\\/actualidad\\\/los-alcaldes-de-pamplona-y-san-sebastian-y-la-secretaria-del-cideu-abren-manana-martes-en-condestable-a-las-9-30-horas-la-jornada-de-planificacion-estrategica-urbana\\\/#breadcrumb\",\"itemListElement\":[{\"@type\":\"ListItem\",\"position\":1,\"name\":\"Portada\",\"item\":\"https:\\\/\\\/www.laguiadepamplona.com\\\/actualidad\\\/\"},{\"@type\":\"ListItem\",\"position\":2,\"name\":\"Los alcaldes de Pamplona y San Sebasti\u00e1n y la secretaria del CIDEU abren ma\u00f1ana martes en Condestable a las 9.30 horas la Jornada de Planificaci\u00f3n Estrat\u00e9gica Urbana\"}]},{\"@type\":\"WebSite\",\"@id\":\"https:\\\/\\\/www.laguiadepamplona.com\\\/actualidad\\\/#website\",\"url\":\"https:\\\/\\\/www.laguiadepamplona.com\\\/actualidad\\\/\",\"name\":\"La gu\u00eda de Pamplona\",\"description\":\"Noticias de Pamplona\",\"publisher\":{\"@id\":\"https:\\\/\\\/www.laguiadepamplona.com\\\/actualidad\\\/#organization\"},\"potentialAction\":[{\"@type\":\"SearchAction\",\"target\":{\"@type\":\"EntryPoint\",\"urlTemplate\":\"https:\\\/\\\/www.laguiadepamplona.com\\\/actualidad\\\/?s={search_term_string}\"},\"query-input\":{\"@type\":\"PropertyValueSpecification\",\"valueRequired\":true,\"valueName\":\"search_term_string\"}}],\"inLanguage\":\"es\"},{\"@type\":\"Organization\",\"@id\":\"https:\\\/\\\/www.laguiadepamplona.com\\\/actualidad\\\/#organization\",\"name\":\"La Gu\u00eda de Pamplona \\\/ Noticias\",\"url\":\"https:\\\/\\\/www.laguiadepamplona.com\\\/actualidad\\\/\",\"logo\":{\"@type\":\"ImageObject\",\"inLanguage\":\"es\",\"@id\":\"https:\\\/\\\/www.laguiadepamplona.com\\\/actualidad\\\/#\\\/schema\\\/logo\\\/image\\\/\",\"url\":\"https:\\\/\\\/www.laguiadepamplona.com\\\/actualidad\\\/wp-content\\\/uploads\\\/2018\\\/11\\\/logo-laguiadepamplona18-web1.png\",\"contentUrl\":\"https:\\\/\\\/www.laguiadepamplona.com\\\/actualidad\\\/wp-content\\\/uploads\\\/2018\\\/11\\\/logo-laguiadepamplona18-web1.png\",\"width\":600,\"height\":196,\"caption\":\"La Gu\u00eda de Pamplona \\\/ Noticias\"},\"image\":{\"@id\":\"https:\\\/\\\/www.laguiadepamplona.com\\\/actualidad\\\/#\\\/schema\\\/logo\\\/image\\\/\"},\"sameAs\":[\"https:\\\/\\\/www.facebook.com\\\/laguiadepamplonacom-133175176762273\\\/?ref=hl\",\"https:\\\/\\\/x.com\\\/LaGuiadPamplona\",\"https:\\\/\\\/www.instagram.com\\\/la_guia_de_pamplona\\\/\",\"https:\\\/\\\/www.youtube.com\\\/user\\\/laguiadepamplona\"]},{\"@type\":\"Person\",\"@id\":\"https:\\\/\\\/www.laguiadepamplona.com\\\/actualidad\\\/#\\\/schema\\\/person\\\/efe887376f0213d4657c93adc50b1fdb\",\"name\":\"La Gu\u00eda de Pamplona\",\"image\":{\"@type\":\"ImageObject\",\"inLanguage\":\"es\",\"@id\":\"https:\\\/\\\/secure.gravatar.com\\\/avatar\\\/b6992f131dc8d30ab0dff15446e9d346d9dbd95992de0fef795073f5ea83a81c?s=96&d=mm&r=g\",\"url\":\"https:\\\/\\\/secure.gravatar.com\\\/avatar\\\/b6992f131dc8d30ab0dff15446e9d346d9dbd95992de0fef795073f5ea83a81c?s=96&d=mm&r=g\",\"contentUrl\":\"https:\\\/\\\/secure.gravatar.com\\\/avatar\\\/b6992f131dc8d30ab0dff15446e9d346d9dbd95992de0fef795073f5ea83a81c?s=96&d=mm&r=g\",\"caption\":\"La Gu\u00eda de Pamplona\"}}]}<\/script>\n<!-- \/ Yoast SEO plugin. -->","yoast_head_json":{"title":"Los alcaldes de Pamplona y San Sebasti\u00e1n y la secretaria del CIDEU abren ma\u00f1ana martes en Condestable a las 9.30 horas la Jornada de Planificaci\u00f3n Estrat\u00e9gica Urbana","robots":{"index":"index","follow":"follow","max-snippet":"max-snippet:-1","max-image-preview":"max-image-preview:large","max-video-preview":"max-video-preview:-1"},"canonical":"https:\/\/www.laguiadepamplona.com\/actualidad\/los-alcaldes-de-pamplona-y-san-sebastian-y-la-secretaria-del-cideu-abren-manana-martes-en-condestable-a-las-9-30-horas-la-jornada-de-planificacion-estrategica-urbana\/","og_locale":"es_ES","og_type":"article","og_title":"Los alcaldes de Pamplona y San Sebasti\u00e1n y la secretaria del CIDEU abren ma\u00f1ana martes en Condestable a las 9.30 horas la Jornada de Planificaci\u00f3n Estrat\u00e9gica Urbana","og_description":"Representantes de planes estrat\u00e9gicos de Barcelona, Zaragoza, Bilbao y San Sebasti\u00e1n presentar\u00e1n los proyectos que ya han puesto en marcha","og_url":"https:\/\/www.laguiadepamplona.com\/actualidad\/los-alcaldes-de-pamplona-y-san-sebastian-y-la-secretaria-del-cideu-abren-manana-martes-en-condestable-a-las-9-30-horas-la-jornada-de-planificacion-estrategica-urbana\/","og_site_name":"La Gu\u00eda de Pamplona","article_publisher":"https:\/\/www.facebook.com\/laguiadepamplonacom-133175176762273\/?ref=hl","article_published_time":"2018-02-12T14:36:00+00:00","og_image":[{"width":900,"height":675,"url":"https:\/\/www.laguiadepamplona.com\/actualidad\/wp-content\/uploads\/2016\/12\/palacio-condestable-civivox.jpg","type":"image\/jpeg"}],"author":"La Gu\u00eda de Pamplona","twitter_card":"summary_large_image","twitter_creator":"@LaGuiadPamplona","twitter_site":"@LaGuiadPamplona","twitter_misc":{"Escrito por":"La Gu\u00eda de Pamplona","Tiempo de lectura":"3 minutos"},"schema":{"@context":"https:\/\/schema.org","@graph":[{"@type":"Article","@id":"https:\/\/www.laguiadepamplona.com\/actualidad\/los-alcaldes-de-pamplona-y-san-sebastian-y-la-secretaria-del-cideu-abren-manana-martes-en-condestable-a-las-9-30-horas-la-jornada-de-planificacion-estrategica-urbana\/#article","isPartOf":{"@id":"https:\/\/www.laguiadepamplona.com\/actualidad\/los-alcaldes-de-pamplona-y-san-sebastian-y-la-secretaria-del-cideu-abren-manana-martes-en-condestable-a-las-9-30-horas-la-jornada-de-planificacion-estrategica-urbana\/"},"author":{"name":"La Gu\u00eda de Pamplona","@id":"https:\/\/www.laguiadepamplona.com\/actualidad\/#\/schema\/person\/efe887376f0213d4657c93adc50b1fdb"},"headline":"Los alcaldes de Pamplona y San Sebasti\u00e1n y la secretaria del CIDEU abren ma\u00f1ana martes en Condestable a las 9.30 horas la Jornada de Planificaci\u00f3n Estrat\u00e9gica Urbana","datePublished":"2018-02-12T14:36:00+00:00","mainEntityOfPage":{"@id":"https:\/\/www.laguiadepamplona.com\/actualidad\/los-alcaldes-de-pamplona-y-san-sebastian-y-la-secretaria-del-cideu-abren-manana-martes-en-condestable-a-las-9-30-horas-la-jornada-de-planificacion-estrategica-urbana\/"},"wordCount":674,"commentCount":0,"publisher":{"@id":"https:\/\/www.laguiadepamplona.com\/actualidad\/#organization"},"image":{"@id":"https:\/\/www.laguiadepamplona.com\/actualidad\/los-alcaldes-de-pamplona-y-san-sebastian-y-la-secretaria-del-cideu-abren-manana-martes-en-condestable-a-las-9-30-horas-la-jornada-de-planificacion-estrategica-urbana\/#primaryimage"},"thumbnailUrl":"https:\/\/www.laguiadepamplona.com\/actualidad\/wp-content\/uploads\/2016\/12\/palacio-condestable-civivox.jpg","articleSection":["Ayto Pamplona"],"inLanguage":"es","potentialAction":[{"@type":"CommentAction","name":"Comment","target":["https:\/\/www.laguiadepamplona.com\/actualidad\/los-alcaldes-de-pamplona-y-san-sebastian-y-la-secretaria-del-cideu-abren-manana-martes-en-condestable-a-las-9-30-horas-la-jornada-de-planificacion-estrategica-urbana\/#respond"]}]},{"@type":"WebPage","@id":"https:\/\/www.laguiadepamplona.com\/actualidad\/los-alcaldes-de-pamplona-y-san-sebastian-y-la-secretaria-del-cideu-abren-manana-martes-en-condestable-a-las-9-30-horas-la-jornada-de-planificacion-estrategica-urbana\/","url":"https:\/\/www.laguiadepamplona.com\/actualidad\/los-alcaldes-de-pamplona-y-san-sebastian-y-la-secretaria-del-cideu-abren-manana-martes-en-condestable-a-las-9-30-horas-la-jornada-de-planificacion-estrategica-urbana\/","name":"Los alcaldes de Pamplona y San Sebasti\u00e1n y la secretaria del CIDEU abren ma\u00f1ana martes en Condestable a las 9.30 horas la Jornada de Planificaci\u00f3n Estrat\u00e9gica Urbana","isPartOf":{"@id":"https:\/\/www.laguiadepamplona.com\/actualidad\/#website"},"primaryImageOfPage":{"@id":"https:\/\/www.laguiadepamplona.com\/actualidad\/los-alcaldes-de-pamplona-y-san-sebastian-y-la-secretaria-del-cideu-abren-manana-martes-en-condestable-a-las-9-30-horas-la-jornada-de-planificacion-estrategica-urbana\/#primaryimage"},"image":{"@id":"https:\/\/www.laguiadepamplona.com\/actualidad\/los-alcaldes-de-pamplona-y-san-sebastian-y-la-secretaria-del-cideu-abren-manana-martes-en-condestable-a-las-9-30-horas-la-jornada-de-planificacion-estrategica-urbana\/#primaryimage"},"thumbnailUrl":"https:\/\/www.laguiadepamplona.com\/actualidad\/wp-content\/uploads\/2016\/12\/palacio-condestable-civivox.jpg","datePublished":"2018-02-12T14:36:00+00:00","breadcrumb":{"@id":"https:\/\/www.laguiadepamplona.com\/actualidad\/los-alcaldes-de-pamplona-y-san-sebastian-y-la-secretaria-del-cideu-abren-manana-martes-en-condestable-a-las-9-30-horas-la-jornada-de-planificacion-estrategica-urbana\/#breadcrumb"},"inLanguage":"es","potentialAction":[{"@type":"ReadAction","target":["https:\/\/www.laguiadepamplona.com\/actualidad\/los-alcaldes-de-pamplona-y-san-sebastian-y-la-secretaria-del-cideu-abren-manana-martes-en-condestable-a-las-9-30-horas-la-jornada-de-planificacion-estrategica-urbana\/"]}]},{"@type":"ImageObject","inLanguage":"es","@id":"https:\/\/www.laguiadepamplona.com\/actualidad\/los-alcaldes-de-pamplona-y-san-sebastian-y-la-secretaria-del-cideu-abren-manana-martes-en-condestable-a-las-9-30-horas-la-jornada-de-planificacion-estrategica-urbana\/#primaryimage","url":"https:\/\/www.laguiadepamplona.com\/actualidad\/wp-content\/uploads\/2016\/12\/palacio-condestable-civivox.jpg","contentUrl":"https:\/\/www.laguiadepamplona.com\/actualidad\/wp-content\/uploads\/2016\/12\/palacio-condestable-civivox.jpg","width":900,"height":675},{"@type":"BreadcrumbList","@id":"https:\/\/www.laguiadepamplona.com\/actualidad\/los-alcaldes-de-pamplona-y-san-sebastian-y-la-secretaria-del-cideu-abren-manana-martes-en-condestable-a-las-9-30-horas-la-jornada-de-planificacion-estrategica-urbana\/#breadcrumb","itemListElement":[{"@type":"ListItem","position":1,"name":"Portada","item":"https:\/\/www.laguiadepamplona.com\/actualidad\/"},{"@type":"ListItem","position":2,"name":"Los alcaldes de Pamplona y San Sebasti\u00e1n y la secretaria del CIDEU abren ma\u00f1ana martes en Condestable a las 9.30 horas la Jornada de Planificaci\u00f3n Estrat\u00e9gica Urbana"}]},{"@type":"WebSite","@id":"https:\/\/www.laguiadepamplona.com\/actualidad\/#website","url":"https:\/\/www.laguiadepamplona.com\/actualidad\/","name":"La gu\u00eda de Pamplona","description":"Noticias de Pamplona","publisher":{"@id":"https:\/\/www.laguiadepamplona.com\/actualidad\/#organization"},"potentialAction":[{"@type":"SearchAction","target":{"@type":"EntryPoint","urlTemplate":"https:\/\/www.laguiadepamplona.com\/actualidad\/?s={search_term_string}"},"query-input":{"@type":"PropertyValueSpecification","valueRequired":true,"valueName":"search_term_string"}}],"inLanguage":"es"},{"@type":"Organization","@id":"https:\/\/www.laguiadepamplona.com\/actualidad\/#organization","name":"La Gu\u00eda de Pamplona \/ Noticias","url":"https:\/\/www.laguiadepamplona.com\/actualidad\/","logo":{"@type":"ImageObject","inLanguage":"es","@id":"https:\/\/www.laguiadepamplona.com\/actualidad\/#\/schema\/logo\/image\/","url":"https:\/\/www.laguiadepamplona.com\/actualidad\/wp-content\/uploads\/2018\/11\/logo-laguiadepamplona18-web1.png","contentUrl":"https:\/\/www.laguiadepamplona.com\/actualidad\/wp-content\/uploads\/2018\/11\/logo-laguiadepamplona18-web1.png","width":600,"height":196,"caption":"La Gu\u00eda de Pamplona \/ Noticias"},"image":{"@id":"https:\/\/www.laguiadepamplona.com\/actualidad\/#\/schema\/logo\/image\/"},"sameAs":["https:\/\/www.facebook.com\/laguiadepamplonacom-133175176762273\/?ref=hl","https:\/\/x.com\/LaGuiadPamplona","https:\/\/www.instagram.com\/la_guia_de_pamplona\/","https:\/\/www.youtube.com\/user\/laguiadepamplona"]},{"@type":"Person","@id":"https:\/\/www.laguiadepamplona.com\/actualidad\/#\/schema\/person\/efe887376f0213d4657c93adc50b1fdb","name":"La Gu\u00eda de Pamplona","image":{"@type":"ImageObject","inLanguage":"es","@id":"https:\/\/secure.gravatar.com\/avatar\/b6992f131dc8d30ab0dff15446e9d346d9dbd95992de0fef795073f5ea83a81c?s=96&d=mm&r=g","url":"https:\/\/secure.gravatar.com\/avatar\/b6992f131dc8d30ab0dff15446e9d346d9dbd95992de0fef795073f5ea83a81c?s=96&d=mm&r=g","contentUrl":"https:\/\/secure.gravatar.com\/avatar\/b6992f131dc8d30ab0dff15446e9d346d9dbd95992de0fef795073f5ea83a81c?s=96&d=mm&r=g","caption":"La Gu\u00eda de Pamplona"}}]}},"post_mailing_queue_ids":[],"_links":{"self":[{"href":"https:\/\/www.laguiadepamplona.com\/actualidad\/wp-json\/wp\/v2\/posts\/16073","targetHints":{"allow":["GET"]}}],"collection":[{"href":"https:\/\/www.laguiadepamplona.com\/actualidad\/wp-json\/wp\/v2\/posts"}],"about":[{"href":"https:\/\/www.laguiadepamplona.com\/actualidad\/wp-json\/wp\/v2\/types\/post"}],"author":[{"embeddable":true,"href":"https:\/\/www.laguiadepamplona.com\/actualidad\/wp-json\/wp\/v2\/users\/1"}],"replies":[{"embeddable":true,"href":"https:\/\/www.laguiadepamplona.com\/actualidad\/wp-json\/wp\/v2\/comments?post=16073"}],"version-history":[{"count":0,"href":"https:\/\/www.laguiadepamplona.com\/actualidad\/wp-json\/wp\/v2\/posts\/16073\/revisions"}],"wp:featuredmedia":[{"embeddable":true,"href":"https:\/\/www.laguiadepamplona.com\/actualidad\/wp-json\/wp\/v2\/media\/11008"}],"wp:attachment":[{"href":"https:\/\/www.laguiadepamplona.com\/actualidad\/wp-json\/wp\/v2\/media?parent=16073"}],"wp:term":[{"taxonomy":"category","embeddable":true,"href":"https:\/\/www.laguiadepamplona.com\/actualidad\/wp-json\/wp\/v2\/categories?post=16073"},{"taxonomy":"post_tag","embeddable":true,"href":"https:\/\/www.laguiadepamplona.com\/actualidad\/wp-json\/wp\/v2\/tags?post=16073"}],"curies":[{"name":"wp","href":"https:\/\/api.w.org\/{rel}","templated":true}]}}