{"id":16064,"date":"2018-02-12T12:01:36","date_gmt":"2018-02-12T11:01:36","guid":{"rendered":"http:\/\/laguiadepamplona.es\/actualidad\/?p=16064"},"modified":"2018-02-12T12:01:36","modified_gmt":"2018-02-12T11:01:36","slug":"la-escritora-navarra-begona-pro-se-encontrara-con-sus-lectores-este-martes-en-la-biblioteca-publica-de-san-jorge","status":"publish","type":"post","link":"https:\/\/www.laguiadepamplona.com\/actualidad\/la-escritora-navarra-begona-pro-se-encontrara-con-sus-lectores-este-martes-en-la-biblioteca-publica-de-san-jorge\/","title":{"rendered":"La escritora navarra Bego\u00f1a Pro se encontrar\u00e1 con sus lectores este martes en la Biblioteca P\u00fablica de San Jorge"},"content":{"rendered":"<h3>A las 19 horas presentar\u00e1 su quinta novela, \u2018Bajo las cenizas de la Navarrer\u00eda\u2019, que sigue la historia de la familia Almoravid<\/h3>\n<p><!--more--><\/p>\n<p><a href=\"http:\/\/laguiadepamplona.es\/actualidad\/wp-content\/uploads\/2018\/02\/18.02.12_presentacion_bego\u00f1a_pro_navarreria.jpg\"><img loading=\"lazy\" decoding=\"async\" class=\"alignleft size-medium wp-image-16065\" src=\"http:\/\/laguiadepamplona.es\/actualidad\/wp-content\/uploads\/2018\/02\/18.02.12_presentacion_bego\u00f1a_pro_navarreria-212x300.jpg\" alt=\"\" width=\"212\" height=\"300\" srcset=\"https:\/\/www.laguiadepamplona.com\/actualidad\/wp-content\/uploads\/2018\/02\/18.02.12_presentacion_bego\u00f1a_pro_navarreria-212x300.jpg 212w, https:\/\/www.laguiadepamplona.com\/actualidad\/wp-content\/uploads\/2018\/02\/18.02.12_presentacion_bego\u00f1a_pro_navarreria-300x424.jpg 300w, https:\/\/www.laguiadepamplona.com\/actualidad\/wp-content\/uploads\/2018\/02\/18.02.12_presentacion_bego\u00f1a_pro_navarreria.jpg 707w\" sizes=\"auto, (max-width: 212px) 100vw, 212px\" \/><\/a>Este martes, a las 19 horas, en la Biblioteca P\u00fablica de San Jorge, la escritora y periodista Bego\u00f1a Pro presentar\u00e1 su quinta y \u00faltima novela: \u2018Bajo las cenizas de la Navarrer\u00eda\u2019 (Txertoa, 2017). El libro surge de la investigaci\u00f3n realizada por la escritora para la realizaci\u00f3n de la saga \u2018La Chanson de los Infanzones\u2019, un conjunto de novelas ambientadas en la Pamplona del siglo XIII. \u2018Bajo las cenizas de la Navarrer\u00eda\u2019 se sit\u00faa en esas fechas y en una familia ya conocida por sus lectores, los Almoravid.<\/p>\n<p>El trasfondo hist\u00f3rico de la trama es el de la Guerra de la Navarrer\u00eda y sus consecuencias; gran parte de los personajes que integran la historia existieron en realidad. Los Almoravid, un linaje de barones y ricos hombres con peso en la sociedad navarra desde dos siglos antes, son desterrados y sus bienes incautados avoc\u00e1ndoles casi al bandidaje. Ese es el arranque de la novela.<\/p>\n<p>Bego\u00f1a Pro publico su primera obra, \u2018El anillo del Leal\u2019, en 2012 y desde entonces ha seguido escribiendo en el \u00e1mbito de la novela hist\u00f3rica. Es licenciada en Ciencias de la Informaci\u00f3n por la Universidad de Navarra y realiz\u00f3 estudios de Dise\u00f1o Gr\u00e1fico y Multimedia. Adem\u00e1s de su trayectoria como autora literaria, Pro ha trabajado como periodista en Diario de Navarra y en la Oficina Internacional de Prensa de San Ferm\u00edn. Como dise\u00f1adora ha compaginado la ense\u00f1anza, con la maquetaci\u00f3n de revistas y libros.<\/p>\n<p>&nbsp;<\/p>\n","protected":false},"excerpt":{"rendered":"<p>A las 19 horas presentar\u00e1 su quinta novela, \u2018Bajo las cenizas de la Navarrer\u00eda\u2019, que sigue la historia de la familia Almoravid<\/p>\n","protected":false},"author":1,"featured_media":16066,"comment_status":"open","ping_status":"closed","sticky":false,"template":"","format":"standard","meta":{"footnotes":""},"categories":[2],"tags":[],"class_list":["post-16064","post","type-post","status-publish","format-standard","has-post-thumbnail","hentry","category-ayuntamiento-pamplona"],"yoast_head":"<!-- This site is optimized with the Yoast SEO plugin v27.3 - https:\/\/yoast.com\/product\/yoast-seo-wordpress\/ -->\n<title>La escritora navarra Bego\u00f1a Pro se encontrar\u00e1 con sus lectores este martes en la Biblioteca P\u00fablica de San Jorge<\/title>\n<meta name=\"robots\" content=\"index, follow, max-snippet:-1, max-image-preview:large, max-video-preview:-1\" \/>\n<link rel=\"canonical\" href=\"https:\/\/www.laguiadepamplona.com\/actualidad\/la-escritora-navarra-begona-pro-se-encontrara-con-sus-lectores-este-martes-en-la-biblioteca-publica-de-san-jorge\/\" \/>\n<meta property=\"og:locale\" content=\"es_ES\" \/>\n<meta property=\"og:type\" content=\"article\" \/>\n<meta property=\"og:title\" content=\"La escritora navarra Bego\u00f1a Pro se encontrar\u00e1 con sus lectores este martes en la Biblioteca P\u00fablica de San Jorge\" \/>\n<meta property=\"og:description\" content=\"A las 19 horas presentar\u00e1 su quinta novela, \u2018Bajo las cenizas de la Navarrer\u00eda\u2019, que sigue la historia de la familia Almoravid\" \/>\n<meta property=\"og:url\" content=\"https:\/\/www.laguiadepamplona.com\/actualidad\/la-escritora-navarra-begona-pro-se-encontrara-con-sus-lectores-este-martes-en-la-biblioteca-publica-de-san-jorge\/\" \/>\n<meta property=\"og:site_name\" content=\"La Gu\u00eda de Pamplona\" \/>\n<meta property=\"article:publisher\" content=\"https:\/\/www.facebook.com\/laguiadepamplonacom-133175176762273\/?ref=hl\" \/>\n<meta property=\"article:published_time\" content=\"2018-02-12T11:01:36+00:00\" \/>\n<meta property=\"og:image\" content=\"https:\/\/www.laguiadepamplona.com\/actualidad\/wp-content\/uploads\/2018\/02\/presentacion_bego\u00f1a_pro_navarreria.jpg\" \/>\n\t<meta property=\"og:image:width\" content=\"1000\" \/>\n\t<meta property=\"og:image:height\" content=\"429\" \/>\n\t<meta property=\"og:image:type\" content=\"image\/jpeg\" \/>\n<meta name=\"author\" content=\"La Gu\u00eda de Pamplona\" \/>\n<meta name=\"twitter:card\" content=\"summary_large_image\" \/>\n<meta name=\"twitter:creator\" content=\"@LaGuiadPamplona\" \/>\n<meta name=\"twitter:site\" content=\"@LaGuiadPamplona\" \/>\n<meta name=\"twitter:label1\" content=\"Escrito por\" \/>\n\t<meta name=\"twitter:data1\" content=\"La Gu\u00eda de Pamplona\" \/>\n\t<meta name=\"twitter:label2\" content=\"Tiempo de lectura\" \/>\n\t<meta name=\"twitter:data2\" content=\"1 minuto\" \/>\n<script type=\"application\/ld+json\" class=\"yoast-schema-graph\">{\"@context\":\"https:\\\/\\\/schema.org\",\"@graph\":[{\"@type\":\"Article\",\"@id\":\"https:\\\/\\\/www.laguiadepamplona.com\\\/actualidad\\\/la-escritora-navarra-begona-pro-se-encontrara-con-sus-lectores-este-martes-en-la-biblioteca-publica-de-san-jorge\\\/#article\",\"isPartOf\":{\"@id\":\"https:\\\/\\\/www.laguiadepamplona.com\\\/actualidad\\\/la-escritora-navarra-begona-pro-se-encontrara-con-sus-lectores-este-martes-en-la-biblioteca-publica-de-san-jorge\\\/\"},\"author\":{\"name\":\"La Gu\u00eda de Pamplona\",\"@id\":\"https:\\\/\\\/www.laguiadepamplona.com\\\/actualidad\\\/#\\\/schema\\\/person\\\/efe887376f0213d4657c93adc50b1fdb\"},\"headline\":\"La escritora navarra Bego\u00f1a Pro se encontrar\u00e1 con sus lectores este martes en la Biblioteca P\u00fablica de San Jorge\",\"datePublished\":\"2018-02-12T11:01:36+00:00\",\"mainEntityOfPage\":{\"@id\":\"https:\\\/\\\/www.laguiadepamplona.com\\\/actualidad\\\/la-escritora-navarra-begona-pro-se-encontrara-con-sus-lectores-este-martes-en-la-biblioteca-publica-de-san-jorge\\\/\"},\"wordCount\":297,\"commentCount\":0,\"publisher\":{\"@id\":\"https:\\\/\\\/www.laguiadepamplona.com\\\/actualidad\\\/#organization\"},\"image\":{\"@id\":\"https:\\\/\\\/www.laguiadepamplona.com\\\/actualidad\\\/la-escritora-navarra-begona-pro-se-encontrara-con-sus-lectores-este-martes-en-la-biblioteca-publica-de-san-jorge\\\/#primaryimage\"},\"thumbnailUrl\":\"https:\\\/\\\/www.laguiadepamplona.com\\\/actualidad\\\/wp-content\\\/uploads\\\/2018\\\/02\\\/presentacion_bego\u00f1a_pro_navarreria.jpg\",\"articleSection\":[\"Ayto Pamplona\"],\"inLanguage\":\"es\",\"potentialAction\":[{\"@type\":\"CommentAction\",\"name\":\"Comment\",\"target\":[\"https:\\\/\\\/www.laguiadepamplona.com\\\/actualidad\\\/la-escritora-navarra-begona-pro-se-encontrara-con-sus-lectores-este-martes-en-la-biblioteca-publica-de-san-jorge\\\/#respond\"]}]},{\"@type\":\"WebPage\",\"@id\":\"https:\\\/\\\/www.laguiadepamplona.com\\\/actualidad\\\/la-escritora-navarra-begona-pro-se-encontrara-con-sus-lectores-este-martes-en-la-biblioteca-publica-de-san-jorge\\\/\",\"url\":\"https:\\\/\\\/www.laguiadepamplona.com\\\/actualidad\\\/la-escritora-navarra-begona-pro-se-encontrara-con-sus-lectores-este-martes-en-la-biblioteca-publica-de-san-jorge\\\/\",\"name\":\"La escritora navarra Bego\u00f1a Pro se encontrar\u00e1 con sus lectores este martes en la Biblioteca P\u00fablica de San Jorge\",\"isPartOf\":{\"@id\":\"https:\\\/\\\/www.laguiadepamplona.com\\\/actualidad\\\/#website\"},\"primaryImageOfPage\":{\"@id\":\"https:\\\/\\\/www.laguiadepamplona.com\\\/actualidad\\\/la-escritora-navarra-begona-pro-se-encontrara-con-sus-lectores-este-martes-en-la-biblioteca-publica-de-san-jorge\\\/#primaryimage\"},\"image\":{\"@id\":\"https:\\\/\\\/www.laguiadepamplona.com\\\/actualidad\\\/la-escritora-navarra-begona-pro-se-encontrara-con-sus-lectores-este-martes-en-la-biblioteca-publica-de-san-jorge\\\/#primaryimage\"},\"thumbnailUrl\":\"https:\\\/\\\/www.laguiadepamplona.com\\\/actualidad\\\/wp-content\\\/uploads\\\/2018\\\/02\\\/presentacion_bego\u00f1a_pro_navarreria.jpg\",\"datePublished\":\"2018-02-12T11:01:36+00:00\",\"breadcrumb\":{\"@id\":\"https:\\\/\\\/www.laguiadepamplona.com\\\/actualidad\\\/la-escritora-navarra-begona-pro-se-encontrara-con-sus-lectores-este-martes-en-la-biblioteca-publica-de-san-jorge\\\/#breadcrumb\"},\"inLanguage\":\"es\",\"potentialAction\":[{\"@type\":\"ReadAction\",\"target\":[\"https:\\\/\\\/www.laguiadepamplona.com\\\/actualidad\\\/la-escritora-navarra-begona-pro-se-encontrara-con-sus-lectores-este-martes-en-la-biblioteca-publica-de-san-jorge\\\/\"]}]},{\"@type\":\"ImageObject\",\"inLanguage\":\"es\",\"@id\":\"https:\\\/\\\/www.laguiadepamplona.com\\\/actualidad\\\/la-escritora-navarra-begona-pro-se-encontrara-con-sus-lectores-este-martes-en-la-biblioteca-publica-de-san-jorge\\\/#primaryimage\",\"url\":\"https:\\\/\\\/www.laguiadepamplona.com\\\/actualidad\\\/wp-content\\\/uploads\\\/2018\\\/02\\\/presentacion_bego\u00f1a_pro_navarreria.jpg\",\"contentUrl\":\"https:\\\/\\\/www.laguiadepamplona.com\\\/actualidad\\\/wp-content\\\/uploads\\\/2018\\\/02\\\/presentacion_bego\u00f1a_pro_navarreria.jpg\",\"width\":1000,\"height\":429},{\"@type\":\"BreadcrumbList\",\"@id\":\"https:\\\/\\\/www.laguiadepamplona.com\\\/actualidad\\\/la-escritora-navarra-begona-pro-se-encontrara-con-sus-lectores-este-martes-en-la-biblioteca-publica-de-san-jorge\\\/#breadcrumb\",\"itemListElement\":[{\"@type\":\"ListItem\",\"position\":1,\"name\":\"Portada\",\"item\":\"https:\\\/\\\/www.laguiadepamplona.com\\\/actualidad\\\/\"},{\"@type\":\"ListItem\",\"position\":2,\"name\":\"La escritora navarra Bego\u00f1a Pro se encontrar\u00e1 con sus lectores este martes en la Biblioteca P\u00fablica de San Jorge\"}]},{\"@type\":\"WebSite\",\"@id\":\"https:\\\/\\\/www.laguiadepamplona.com\\\/actualidad\\\/#website\",\"url\":\"https:\\\/\\\/www.laguiadepamplona.com\\\/actualidad\\\/\",\"name\":\"La gu\u00eda de Pamplona\",\"description\":\"Noticias de Pamplona\",\"publisher\":{\"@id\":\"https:\\\/\\\/www.laguiadepamplona.com\\\/actualidad\\\/#organization\"},\"potentialAction\":[{\"@type\":\"SearchAction\",\"target\":{\"@type\":\"EntryPoint\",\"urlTemplate\":\"https:\\\/\\\/www.laguiadepamplona.com\\\/actualidad\\\/?s={search_term_string}\"},\"query-input\":{\"@type\":\"PropertyValueSpecification\",\"valueRequired\":true,\"valueName\":\"search_term_string\"}}],\"inLanguage\":\"es\"},{\"@type\":\"Organization\",\"@id\":\"https:\\\/\\\/www.laguiadepamplona.com\\\/actualidad\\\/#organization\",\"name\":\"La Gu\u00eda de Pamplona \\\/ Noticias\",\"url\":\"https:\\\/\\\/www.laguiadepamplona.com\\\/actualidad\\\/\",\"logo\":{\"@type\":\"ImageObject\",\"inLanguage\":\"es\",\"@id\":\"https:\\\/\\\/www.laguiadepamplona.com\\\/actualidad\\\/#\\\/schema\\\/logo\\\/image\\\/\",\"url\":\"https:\\\/\\\/www.laguiadepamplona.com\\\/actualidad\\\/wp-content\\\/uploads\\\/2018\\\/11\\\/logo-laguiadepamplona18-web1.png\",\"contentUrl\":\"https:\\\/\\\/www.laguiadepamplona.com\\\/actualidad\\\/wp-content\\\/uploads\\\/2018\\\/11\\\/logo-laguiadepamplona18-web1.png\",\"width\":600,\"height\":196,\"caption\":\"La Gu\u00eda de Pamplona \\\/ Noticias\"},\"image\":{\"@id\":\"https:\\\/\\\/www.laguiadepamplona.com\\\/actualidad\\\/#\\\/schema\\\/logo\\\/image\\\/\"},\"sameAs\":[\"https:\\\/\\\/www.facebook.com\\\/laguiadepamplonacom-133175176762273\\\/?ref=hl\",\"https:\\\/\\\/x.com\\\/LaGuiadPamplona\",\"https:\\\/\\\/www.instagram.com\\\/la_guia_de_pamplona\\\/\",\"https:\\\/\\\/www.youtube.com\\\/user\\\/laguiadepamplona\"]},{\"@type\":\"Person\",\"@id\":\"https:\\\/\\\/www.laguiadepamplona.com\\\/actualidad\\\/#\\\/schema\\\/person\\\/efe887376f0213d4657c93adc50b1fdb\",\"name\":\"La Gu\u00eda de Pamplona\",\"image\":{\"@type\":\"ImageObject\",\"inLanguage\":\"es\",\"@id\":\"https:\\\/\\\/secure.gravatar.com\\\/avatar\\\/b6992f131dc8d30ab0dff15446e9d346d9dbd95992de0fef795073f5ea83a81c?s=96&d=mm&r=g\",\"url\":\"https:\\\/\\\/secure.gravatar.com\\\/avatar\\\/b6992f131dc8d30ab0dff15446e9d346d9dbd95992de0fef795073f5ea83a81c?s=96&d=mm&r=g\",\"contentUrl\":\"https:\\\/\\\/secure.gravatar.com\\\/avatar\\\/b6992f131dc8d30ab0dff15446e9d346d9dbd95992de0fef795073f5ea83a81c?s=96&d=mm&r=g\",\"caption\":\"La Gu\u00eda de Pamplona\"}}]}<\/script>\n<!-- \/ Yoast SEO plugin. -->","yoast_head_json":{"title":"La escritora navarra Bego\u00f1a Pro se encontrar\u00e1 con sus lectores este martes en la Biblioteca P\u00fablica de San Jorge","robots":{"index":"index","follow":"follow","max-snippet":"max-snippet:-1","max-image-preview":"max-image-preview:large","max-video-preview":"max-video-preview:-1"},"canonical":"https:\/\/www.laguiadepamplona.com\/actualidad\/la-escritora-navarra-begona-pro-se-encontrara-con-sus-lectores-este-martes-en-la-biblioteca-publica-de-san-jorge\/","og_locale":"es_ES","og_type":"article","og_title":"La escritora navarra Bego\u00f1a Pro se encontrar\u00e1 con sus lectores este martes en la Biblioteca P\u00fablica de San Jorge","og_description":"A las 19 horas presentar\u00e1 su quinta novela, \u2018Bajo las cenizas de la Navarrer\u00eda\u2019, que sigue la historia de la familia Almoravid","og_url":"https:\/\/www.laguiadepamplona.com\/actualidad\/la-escritora-navarra-begona-pro-se-encontrara-con-sus-lectores-este-martes-en-la-biblioteca-publica-de-san-jorge\/","og_site_name":"La Gu\u00eda de Pamplona","article_publisher":"https:\/\/www.facebook.com\/laguiadepamplonacom-133175176762273\/?ref=hl","article_published_time":"2018-02-12T11:01:36+00:00","og_image":[{"width":1000,"height":429,"url":"https:\/\/www.laguiadepamplona.com\/actualidad\/wp-content\/uploads\/2018\/02\/presentacion_bego\u00f1a_pro_navarreria.jpg","type":"image\/jpeg"}],"author":"La Gu\u00eda de Pamplona","twitter_card":"summary_large_image","twitter_creator":"@LaGuiadPamplona","twitter_site":"@LaGuiadPamplona","twitter_misc":{"Escrito por":"La Gu\u00eda de Pamplona","Tiempo de lectura":"1 minuto"},"schema":{"@context":"https:\/\/schema.org","@graph":[{"@type":"Article","@id":"https:\/\/www.laguiadepamplona.com\/actualidad\/la-escritora-navarra-begona-pro-se-encontrara-con-sus-lectores-este-martes-en-la-biblioteca-publica-de-san-jorge\/#article","isPartOf":{"@id":"https:\/\/www.laguiadepamplona.com\/actualidad\/la-escritora-navarra-begona-pro-se-encontrara-con-sus-lectores-este-martes-en-la-biblioteca-publica-de-san-jorge\/"},"author":{"name":"La Gu\u00eda de Pamplona","@id":"https:\/\/www.laguiadepamplona.com\/actualidad\/#\/schema\/person\/efe887376f0213d4657c93adc50b1fdb"},"headline":"La escritora navarra Bego\u00f1a Pro se encontrar\u00e1 con sus lectores este martes en la Biblioteca P\u00fablica de San Jorge","datePublished":"2018-02-12T11:01:36+00:00","mainEntityOfPage":{"@id":"https:\/\/www.laguiadepamplona.com\/actualidad\/la-escritora-navarra-begona-pro-se-encontrara-con-sus-lectores-este-martes-en-la-biblioteca-publica-de-san-jorge\/"},"wordCount":297,"commentCount":0,"publisher":{"@id":"https:\/\/www.laguiadepamplona.com\/actualidad\/#organization"},"image":{"@id":"https:\/\/www.laguiadepamplona.com\/actualidad\/la-escritora-navarra-begona-pro-se-encontrara-con-sus-lectores-este-martes-en-la-biblioteca-publica-de-san-jorge\/#primaryimage"},"thumbnailUrl":"https:\/\/www.laguiadepamplona.com\/actualidad\/wp-content\/uploads\/2018\/02\/presentacion_bego\u00f1a_pro_navarreria.jpg","articleSection":["Ayto Pamplona"],"inLanguage":"es","potentialAction":[{"@type":"CommentAction","name":"Comment","target":["https:\/\/www.laguiadepamplona.com\/actualidad\/la-escritora-navarra-begona-pro-se-encontrara-con-sus-lectores-este-martes-en-la-biblioteca-publica-de-san-jorge\/#respond"]}]},{"@type":"WebPage","@id":"https:\/\/www.laguiadepamplona.com\/actualidad\/la-escritora-navarra-begona-pro-se-encontrara-con-sus-lectores-este-martes-en-la-biblioteca-publica-de-san-jorge\/","url":"https:\/\/www.laguiadepamplona.com\/actualidad\/la-escritora-navarra-begona-pro-se-encontrara-con-sus-lectores-este-martes-en-la-biblioteca-publica-de-san-jorge\/","name":"La escritora navarra Bego\u00f1a Pro se encontrar\u00e1 con sus lectores este martes en la Biblioteca P\u00fablica de San Jorge","isPartOf":{"@id":"https:\/\/www.laguiadepamplona.com\/actualidad\/#website"},"primaryImageOfPage":{"@id":"https:\/\/www.laguiadepamplona.com\/actualidad\/la-escritora-navarra-begona-pro-se-encontrara-con-sus-lectores-este-martes-en-la-biblioteca-publica-de-san-jorge\/#primaryimage"},"image":{"@id":"https:\/\/www.laguiadepamplona.com\/actualidad\/la-escritora-navarra-begona-pro-se-encontrara-con-sus-lectores-este-martes-en-la-biblioteca-publica-de-san-jorge\/#primaryimage"},"thumbnailUrl":"https:\/\/www.laguiadepamplona.com\/actualidad\/wp-content\/uploads\/2018\/02\/presentacion_bego\u00f1a_pro_navarreria.jpg","datePublished":"2018-02-12T11:01:36+00:00","breadcrumb":{"@id":"https:\/\/www.laguiadepamplona.com\/actualidad\/la-escritora-navarra-begona-pro-se-encontrara-con-sus-lectores-este-martes-en-la-biblioteca-publica-de-san-jorge\/#breadcrumb"},"inLanguage":"es","potentialAction":[{"@type":"ReadAction","target":["https:\/\/www.laguiadepamplona.com\/actualidad\/la-escritora-navarra-begona-pro-se-encontrara-con-sus-lectores-este-martes-en-la-biblioteca-publica-de-san-jorge\/"]}]},{"@type":"ImageObject","inLanguage":"es","@id":"https:\/\/www.laguiadepamplona.com\/actualidad\/la-escritora-navarra-begona-pro-se-encontrara-con-sus-lectores-este-martes-en-la-biblioteca-publica-de-san-jorge\/#primaryimage","url":"https:\/\/www.laguiadepamplona.com\/actualidad\/wp-content\/uploads\/2018\/02\/presentacion_bego\u00f1a_pro_navarreria.jpg","contentUrl":"https:\/\/www.laguiadepamplona.com\/actualidad\/wp-content\/uploads\/2018\/02\/presentacion_bego\u00f1a_pro_navarreria.jpg","width":1000,"height":429},{"@type":"BreadcrumbList","@id":"https:\/\/www.laguiadepamplona.com\/actualidad\/la-escritora-navarra-begona-pro-se-encontrara-con-sus-lectores-este-martes-en-la-biblioteca-publica-de-san-jorge\/#breadcrumb","itemListElement":[{"@type":"ListItem","position":1,"name":"Portada","item":"https:\/\/www.laguiadepamplona.com\/actualidad\/"},{"@type":"ListItem","position":2,"name":"La escritora navarra Bego\u00f1a Pro se encontrar\u00e1 con sus lectores este martes en la Biblioteca P\u00fablica de San Jorge"}]},{"@type":"WebSite","@id":"https:\/\/www.laguiadepamplona.com\/actualidad\/#website","url":"https:\/\/www.laguiadepamplona.com\/actualidad\/","name":"La gu\u00eda de Pamplona","description":"Noticias de Pamplona","publisher":{"@id":"https:\/\/www.laguiadepamplona.com\/actualidad\/#organization"},"potentialAction":[{"@type":"SearchAction","target":{"@type":"EntryPoint","urlTemplate":"https:\/\/www.laguiadepamplona.com\/actualidad\/?s={search_term_string}"},"query-input":{"@type":"PropertyValueSpecification","valueRequired":true,"valueName":"search_term_string"}}],"inLanguage":"es"},{"@type":"Organization","@id":"https:\/\/www.laguiadepamplona.com\/actualidad\/#organization","name":"La Gu\u00eda de Pamplona \/ Noticias","url":"https:\/\/www.laguiadepamplona.com\/actualidad\/","logo":{"@type":"ImageObject","inLanguage":"es","@id":"https:\/\/www.laguiadepamplona.com\/actualidad\/#\/schema\/logo\/image\/","url":"https:\/\/www.laguiadepamplona.com\/actualidad\/wp-content\/uploads\/2018\/11\/logo-laguiadepamplona18-web1.png","contentUrl":"https:\/\/www.laguiadepamplona.com\/actualidad\/wp-content\/uploads\/2018\/11\/logo-laguiadepamplona18-web1.png","width":600,"height":196,"caption":"La Gu\u00eda de Pamplona \/ Noticias"},"image":{"@id":"https:\/\/www.laguiadepamplona.com\/actualidad\/#\/schema\/logo\/image\/"},"sameAs":["https:\/\/www.facebook.com\/laguiadepamplonacom-133175176762273\/?ref=hl","https:\/\/x.com\/LaGuiadPamplona","https:\/\/www.instagram.com\/la_guia_de_pamplona\/","https:\/\/www.youtube.com\/user\/laguiadepamplona"]},{"@type":"Person","@id":"https:\/\/www.laguiadepamplona.com\/actualidad\/#\/schema\/person\/efe887376f0213d4657c93adc50b1fdb","name":"La Gu\u00eda de Pamplona","image":{"@type":"ImageObject","inLanguage":"es","@id":"https:\/\/secure.gravatar.com\/avatar\/b6992f131dc8d30ab0dff15446e9d346d9dbd95992de0fef795073f5ea83a81c?s=96&d=mm&r=g","url":"https:\/\/secure.gravatar.com\/avatar\/b6992f131dc8d30ab0dff15446e9d346d9dbd95992de0fef795073f5ea83a81c?s=96&d=mm&r=g","contentUrl":"https:\/\/secure.gravatar.com\/avatar\/b6992f131dc8d30ab0dff15446e9d346d9dbd95992de0fef795073f5ea83a81c?s=96&d=mm&r=g","caption":"La Gu\u00eda de Pamplona"}}]}},"post_mailing_queue_ids":[],"_links":{"self":[{"href":"https:\/\/www.laguiadepamplona.com\/actualidad\/wp-json\/wp\/v2\/posts\/16064","targetHints":{"allow":["GET"]}}],"collection":[{"href":"https:\/\/www.laguiadepamplona.com\/actualidad\/wp-json\/wp\/v2\/posts"}],"about":[{"href":"https:\/\/www.laguiadepamplona.com\/actualidad\/wp-json\/wp\/v2\/types\/post"}],"author":[{"embeddable":true,"href":"https:\/\/www.laguiadepamplona.com\/actualidad\/wp-json\/wp\/v2\/users\/1"}],"replies":[{"embeddable":true,"href":"https:\/\/www.laguiadepamplona.com\/actualidad\/wp-json\/wp\/v2\/comments?post=16064"}],"version-history":[{"count":0,"href":"https:\/\/www.laguiadepamplona.com\/actualidad\/wp-json\/wp\/v2\/posts\/16064\/revisions"}],"wp:featuredmedia":[{"embeddable":true,"href":"https:\/\/www.laguiadepamplona.com\/actualidad\/wp-json\/wp\/v2\/media\/16066"}],"wp:attachment":[{"href":"https:\/\/www.laguiadepamplona.com\/actualidad\/wp-json\/wp\/v2\/media?parent=16064"}],"wp:term":[{"taxonomy":"category","embeddable":true,"href":"https:\/\/www.laguiadepamplona.com\/actualidad\/wp-json\/wp\/v2\/categories?post=16064"},{"taxonomy":"post_tag","embeddable":true,"href":"https:\/\/www.laguiadepamplona.com\/actualidad\/wp-json\/wp\/v2\/tags?post=16064"}],"curies":[{"name":"wp","href":"https:\/\/api.w.org\/{rel}","templated":true}]}}