{"id":16050,"date":"2018-02-09T13:41:25","date_gmt":"2018-02-09T12:41:25","guid":{"rendered":"http:\/\/laguiadepamplona.es\/actualidad\/?p=16050"},"modified":"2018-02-09T13:41:25","modified_gmt":"2018-02-09T12:41:25","slug":"el-autoconocimiento-como-clave-para-aprender-a-gestionar-mejor-la-vida-sera-abordado-en-un-nuevo-ciclo-de-la-red-civivox-que-comienza-el-lunes-en-san-jorge","status":"publish","type":"post","link":"https:\/\/www.laguiadepamplona.com\/actualidad\/el-autoconocimiento-como-clave-para-aprender-a-gestionar-mejor-la-vida-sera-abordado-en-un-nuevo-ciclo-de-la-red-civivox-que-comienza-el-lunes-en-san-jorge\/","title":{"rendered":"El autoconocimiento como clave para aprender a gestionar mejor la vida ser\u00e1 abordado en un nuevo ciclo de la Red Civivox que comienza el lunes en San Jorge"},"content":{"rendered":"<h3>La primera charla, \u2018Conocer mis fortalezas y mis debilidades: herramientas para crecer\u2019, la imparten las psic\u00f3logas Alexandra Crettaz y Nuria Pozueta<\/h3>\n<p><!--more--><\/p>\n<p>El autoconocimiento como clave para aprender a gestionar mejor la vida y conseguir avanzar y crecer ser\u00e1 abordado en la primera sesi\u00f3n de un nuevo ciclo de conferencias organizado en la Red Civivox que comenzar\u00e1 el pr\u00f3ximo lunes, 12 de febrero. Bajo el t\u00edtulo \u2018Retos diarios: claves para ser tu propi@ coach\u2019 se han organizado tres charlas, una de ellas en euskera, con entrada libre, previa retirada de invitaci\u00f3n. Cada d\u00eda se repartir\u00e1n dos invitaciones por persona desde una hora antes del comienzo de la actividad hasta completar el aforo previsto. Las tres charlas tendr\u00e1n lugar en Civivox San Jorge a las 19 horas y est\u00e1n adaptadas para personas con discapacidad auditiva.<\/p>\n<p>El encuentro del pr\u00f3ximo lunes ser\u00e1 de la mano de las psic\u00f3logas Alexandra Crettaz y Nuria Pozueta y se centrar\u00e1 en \u2018Conocer mis fortalezas y mis debilidades: herramientas para crecer\u2019. Las psic\u00f3logas comenzar\u00e1n recordando que a lo largo de la vida, se presentan retos continuamente. Unas veces en forma de situaciones complicadas que afrontar, otras son cambios, y en ocasiones lo que se requiere es tomar decisiones. Algunos de estos retos son de gran importancia y de alg\u00fan modo u otro ponen a prueba capacidades, habilidades personales y sobre todo, expectativas de afrontarlos.<\/p>\n<p>Por esa raz\u00f3n, en la conferencia se abordar\u00e1 el autoconocimiento como elemento esencial en el manejo de estos retos. Desde el conocimiento de uno mismo, es desde donde mejor partido se pueden sacar de las posibilidades personales y poner en marcha los dem\u00e1s mecanismos importantes para poder resolver con \u00e9xito las situaciones.<\/p>\n<p>Conocerse, ser consciente de las capacidades y las limitaciones requiere de un ejercicio personal que no siempre se tiene en cuenta, y sin el cual, a veces se dejan pasar grandes oportunidades, o hace que las personas se sientan incapaces de alcanzar metas que posiblemente s\u00ed est\u00e9n en sus manos. Conocerse es esencial para alcanzar la mejor versi\u00f3n de uno mismo.<\/p>\n<p><strong>Exposici\u00f3n de casos pr\u00e1cticos<\/strong><\/p>\n<p>Para ello, en la charla se trabajar\u00e1\u00a0 con la exposici\u00f3n de casos pr\u00e1cticos usando la herramienta del DAFO personal. Se profundizar\u00e1 en los elementos a nivel interno de fortalezas y debilidades y se valorar\u00e1n tambi\u00e9n las amenazas y oportunidades externas a la hora de plantearse una toma de decisiones o un objetivo vital. Apoy\u00e1ndose en la visi\u00f3n global que proporcionan los cuatro elementos se podr\u00e1n potenciar las fortalezas y utilizarlas para disminuir las posibles debilidades que aparezcan en funci\u00f3n de la situaci\u00f3n.<\/p>\n<p>\u2018Olv\u00eddate de aprender a hablar en p\u00fablico: disfruta dialogando con los dem\u00e1s\u2019 es el t\u00edtulo de la segunda conferencia. La periodista especializada en habilidades de comunicaci\u00f3n Cristina Ochoa hablar\u00e1 de que sentirse c\u00f3modo dialogando con otras personas en p\u00fablico es vital para crecer, impulsar cambios y mejorar nuestra vida y la de los dem\u00e1s. Ser\u00e1 el lunes 5 de marzo. Por \u00faltimo, el lunes 9 de abril habr\u00e1 un encuentro en euskera con la psic\u00f3loga Aitziber Ganuza, \u2018Emozio, pentsamendu eta portaera; eskutik helduta?\u2019. En \u00e9l, la ponente explicar\u00e1 que sentir, pensar y hacer son los elementos personales esenciales. Adquirir herramientas para conocer e identificar de qu\u00e9 forma est\u00e1n unidas y c\u00f3mo pueden repercutir mutuamente permite y garantiza un adecuado crecimiento personal.<\/p>\n<p>&nbsp;<\/p>\n<p><strong>Retos diarios: claves para ser tu propi@ coach. Civivox San Jorge. 19 horas<\/strong><\/p>\n<ul>\n<li><strong>Conocer mis fortalezas y mis debilidades: herramientas para crecer<\/strong><\/li>\n<li>Ponentes: Alexandra Crettaz y Nuria Pozueta, psic\u00f3logas<\/li>\n<li>12 de febrero<\/li>\n<li><strong>Olv\u00eddate de aprender a hablar en p\u00fablico: disfruta dialogando con los dem\u00e1s<\/strong><\/li>\n<li>Ponente: Cristina Ochoa, periodista especializada en habilidades de comunicaci\u00f3n<\/li>\n<li>5 de marzo<\/li>\n<li><strong>Emozio, pentsamendu eta portaera; eskutik helduta?<\/strong><\/li>\n<li>Ponente: Aitziber Ganuza, psic\u00f3loga<\/li>\n<li>Lunes 9 de abril<\/li>\n<\/ul>\n<p>&nbsp;<\/p>\n","protected":false},"excerpt":{"rendered":"<p>La primera charla, \u2018Conocer mis fortalezas y mis debilidades: herramientas para crecer\u2019, la imparten las psic\u00f3logas Alexandra Crettaz y Nuria Pozueta<\/p>\n","protected":false},"author":1,"featured_media":11047,"comment_status":"open","ping_status":"closed","sticky":false,"template":"","format":"standard","meta":{"footnotes":""},"categories":[2],"tags":[],"class_list":["post-16050","post","type-post","status-publish","format-standard","has-post-thumbnail","hentry","category-ayuntamiento-pamplona"],"yoast_head":"<!-- This site is optimized with the Yoast SEO plugin v27.3 - https:\/\/yoast.com\/product\/yoast-seo-wordpress\/ -->\n<title>El autoconocimiento como clave para aprender a gestionar mejor la vida ser\u00e1 abordado en un nuevo ciclo de la Red Civivox que comienza el lunes en San Jorge<\/title>\n<meta name=\"robots\" content=\"index, follow, max-snippet:-1, max-image-preview:large, max-video-preview:-1\" \/>\n<link rel=\"canonical\" href=\"https:\/\/www.laguiadepamplona.com\/actualidad\/el-autoconocimiento-como-clave-para-aprender-a-gestionar-mejor-la-vida-sera-abordado-en-un-nuevo-ciclo-de-la-red-civivox-que-comienza-el-lunes-en-san-jorge\/\" \/>\n<meta property=\"og:locale\" content=\"es_ES\" \/>\n<meta property=\"og:type\" content=\"article\" \/>\n<meta property=\"og:title\" content=\"El autoconocimiento como clave para aprender a gestionar mejor la vida ser\u00e1 abordado en un nuevo ciclo de la Red Civivox que comienza el lunes en San Jorge\" \/>\n<meta property=\"og:description\" content=\"La primera charla, \u2018Conocer mis fortalezas y mis debilidades: herramientas para crecer\u2019, la imparten las psic\u00f3logas Alexandra Crettaz y Nuria Pozueta\" \/>\n<meta property=\"og:url\" content=\"https:\/\/www.laguiadepamplona.com\/actualidad\/el-autoconocimiento-como-clave-para-aprender-a-gestionar-mejor-la-vida-sera-abordado-en-un-nuevo-ciclo-de-la-red-civivox-que-comienza-el-lunes-en-san-jorge\/\" \/>\n<meta property=\"og:site_name\" content=\"La Gu\u00eda de Pamplona\" \/>\n<meta property=\"article:publisher\" content=\"https:\/\/www.facebook.com\/laguiadepamplonacom-133175176762273\/?ref=hl\" \/>\n<meta property=\"article:published_time\" content=\"2018-02-09T12:41:25+00:00\" \/>\n<meta property=\"og:image\" content=\"https:\/\/www.laguiadepamplona.com\/actualidad\/wp-content\/uploads\/2016\/12\/civivox-san-jorge.jpg\" \/>\n\t<meta property=\"og:image:width\" content=\"900\" \/>\n\t<meta property=\"og:image:height\" content=\"675\" \/>\n\t<meta property=\"og:image:type\" content=\"image\/jpeg\" \/>\n<meta name=\"author\" content=\"La Gu\u00eda de Pamplona\" \/>\n<meta name=\"twitter:card\" content=\"summary_large_image\" \/>\n<meta name=\"twitter:creator\" content=\"@LaGuiadPamplona\" \/>\n<meta name=\"twitter:site\" content=\"@LaGuiadPamplona\" \/>\n<meta name=\"twitter:label1\" content=\"Escrito por\" \/>\n\t<meta name=\"twitter:data1\" content=\"La Gu\u00eda de Pamplona\" \/>\n\t<meta name=\"twitter:label2\" content=\"Tiempo de lectura\" \/>\n\t<meta name=\"twitter:data2\" content=\"3 minutos\" \/>\n<script type=\"application\/ld+json\" class=\"yoast-schema-graph\">{\"@context\":\"https:\\\/\\\/schema.org\",\"@graph\":[{\"@type\":\"Article\",\"@id\":\"https:\\\/\\\/www.laguiadepamplona.com\\\/actualidad\\\/el-autoconocimiento-como-clave-para-aprender-a-gestionar-mejor-la-vida-sera-abordado-en-un-nuevo-ciclo-de-la-red-civivox-que-comienza-el-lunes-en-san-jorge\\\/#article\",\"isPartOf\":{\"@id\":\"https:\\\/\\\/www.laguiadepamplona.com\\\/actualidad\\\/el-autoconocimiento-como-clave-para-aprender-a-gestionar-mejor-la-vida-sera-abordado-en-un-nuevo-ciclo-de-la-red-civivox-que-comienza-el-lunes-en-san-jorge\\\/\"},\"author\":{\"name\":\"La Gu\u00eda de Pamplona\",\"@id\":\"https:\\\/\\\/www.laguiadepamplona.com\\\/actualidad\\\/#\\\/schema\\\/person\\\/efe887376f0213d4657c93adc50b1fdb\"},\"headline\":\"El autoconocimiento como clave para aprender a gestionar mejor la vida ser\u00e1 abordado en un nuevo ciclo de la Red Civivox que comienza el lunes en San Jorge\",\"datePublished\":\"2018-02-09T12:41:25+00:00\",\"mainEntityOfPage\":{\"@id\":\"https:\\\/\\\/www.laguiadepamplona.com\\\/actualidad\\\/el-autoconocimiento-como-clave-para-aprender-a-gestionar-mejor-la-vida-sera-abordado-en-un-nuevo-ciclo-de-la-red-civivox-que-comienza-el-lunes-en-san-jorge\\\/\"},\"wordCount\":684,\"commentCount\":0,\"publisher\":{\"@id\":\"https:\\\/\\\/www.laguiadepamplona.com\\\/actualidad\\\/#organization\"},\"image\":{\"@id\":\"https:\\\/\\\/www.laguiadepamplona.com\\\/actualidad\\\/el-autoconocimiento-como-clave-para-aprender-a-gestionar-mejor-la-vida-sera-abordado-en-un-nuevo-ciclo-de-la-red-civivox-que-comienza-el-lunes-en-san-jorge\\\/#primaryimage\"},\"thumbnailUrl\":\"https:\\\/\\\/www.laguiadepamplona.com\\\/actualidad\\\/wp-content\\\/uploads\\\/2016\\\/12\\\/civivox-san-jorge.jpg\",\"articleSection\":[\"Ayto Pamplona\"],\"inLanguage\":\"es\",\"potentialAction\":[{\"@type\":\"CommentAction\",\"name\":\"Comment\",\"target\":[\"https:\\\/\\\/www.laguiadepamplona.com\\\/actualidad\\\/el-autoconocimiento-como-clave-para-aprender-a-gestionar-mejor-la-vida-sera-abordado-en-un-nuevo-ciclo-de-la-red-civivox-que-comienza-el-lunes-en-san-jorge\\\/#respond\"]}]},{\"@type\":\"WebPage\",\"@id\":\"https:\\\/\\\/www.laguiadepamplona.com\\\/actualidad\\\/el-autoconocimiento-como-clave-para-aprender-a-gestionar-mejor-la-vida-sera-abordado-en-un-nuevo-ciclo-de-la-red-civivox-que-comienza-el-lunes-en-san-jorge\\\/\",\"url\":\"https:\\\/\\\/www.laguiadepamplona.com\\\/actualidad\\\/el-autoconocimiento-como-clave-para-aprender-a-gestionar-mejor-la-vida-sera-abordado-en-un-nuevo-ciclo-de-la-red-civivox-que-comienza-el-lunes-en-san-jorge\\\/\",\"name\":\"El autoconocimiento como clave para aprender a gestionar mejor la vida ser\u00e1 abordado en un nuevo ciclo de la Red Civivox que comienza el lunes en San Jorge\",\"isPartOf\":{\"@id\":\"https:\\\/\\\/www.laguiadepamplona.com\\\/actualidad\\\/#website\"},\"primaryImageOfPage\":{\"@id\":\"https:\\\/\\\/www.laguiadepamplona.com\\\/actualidad\\\/el-autoconocimiento-como-clave-para-aprender-a-gestionar-mejor-la-vida-sera-abordado-en-un-nuevo-ciclo-de-la-red-civivox-que-comienza-el-lunes-en-san-jorge\\\/#primaryimage\"},\"image\":{\"@id\":\"https:\\\/\\\/www.laguiadepamplona.com\\\/actualidad\\\/el-autoconocimiento-como-clave-para-aprender-a-gestionar-mejor-la-vida-sera-abordado-en-un-nuevo-ciclo-de-la-red-civivox-que-comienza-el-lunes-en-san-jorge\\\/#primaryimage\"},\"thumbnailUrl\":\"https:\\\/\\\/www.laguiadepamplona.com\\\/actualidad\\\/wp-content\\\/uploads\\\/2016\\\/12\\\/civivox-san-jorge.jpg\",\"datePublished\":\"2018-02-09T12:41:25+00:00\",\"breadcrumb\":{\"@id\":\"https:\\\/\\\/www.laguiadepamplona.com\\\/actualidad\\\/el-autoconocimiento-como-clave-para-aprender-a-gestionar-mejor-la-vida-sera-abordado-en-un-nuevo-ciclo-de-la-red-civivox-que-comienza-el-lunes-en-san-jorge\\\/#breadcrumb\"},\"inLanguage\":\"es\",\"potentialAction\":[{\"@type\":\"ReadAction\",\"target\":[\"https:\\\/\\\/www.laguiadepamplona.com\\\/actualidad\\\/el-autoconocimiento-como-clave-para-aprender-a-gestionar-mejor-la-vida-sera-abordado-en-un-nuevo-ciclo-de-la-red-civivox-que-comienza-el-lunes-en-san-jorge\\\/\"]}]},{\"@type\":\"ImageObject\",\"inLanguage\":\"es\",\"@id\":\"https:\\\/\\\/www.laguiadepamplona.com\\\/actualidad\\\/el-autoconocimiento-como-clave-para-aprender-a-gestionar-mejor-la-vida-sera-abordado-en-un-nuevo-ciclo-de-la-red-civivox-que-comienza-el-lunes-en-san-jorge\\\/#primaryimage\",\"url\":\"https:\\\/\\\/www.laguiadepamplona.com\\\/actualidad\\\/wp-content\\\/uploads\\\/2016\\\/12\\\/civivox-san-jorge.jpg\",\"contentUrl\":\"https:\\\/\\\/www.laguiadepamplona.com\\\/actualidad\\\/wp-content\\\/uploads\\\/2016\\\/12\\\/civivox-san-jorge.jpg\",\"width\":900,\"height\":675},{\"@type\":\"BreadcrumbList\",\"@id\":\"https:\\\/\\\/www.laguiadepamplona.com\\\/actualidad\\\/el-autoconocimiento-como-clave-para-aprender-a-gestionar-mejor-la-vida-sera-abordado-en-un-nuevo-ciclo-de-la-red-civivox-que-comienza-el-lunes-en-san-jorge\\\/#breadcrumb\",\"itemListElement\":[{\"@type\":\"ListItem\",\"position\":1,\"name\":\"Portada\",\"item\":\"https:\\\/\\\/www.laguiadepamplona.com\\\/actualidad\\\/\"},{\"@type\":\"ListItem\",\"position\":2,\"name\":\"El autoconocimiento como clave para aprender a gestionar mejor la vida ser\u00e1 abordado en un nuevo ciclo de la Red Civivox que comienza el lunes en San Jorge\"}]},{\"@type\":\"WebSite\",\"@id\":\"https:\\\/\\\/www.laguiadepamplona.com\\\/actualidad\\\/#website\",\"url\":\"https:\\\/\\\/www.laguiadepamplona.com\\\/actualidad\\\/\",\"name\":\"La gu\u00eda de Pamplona\",\"description\":\"Noticias de Pamplona\",\"publisher\":{\"@id\":\"https:\\\/\\\/www.laguiadepamplona.com\\\/actualidad\\\/#organization\"},\"potentialAction\":[{\"@type\":\"SearchAction\",\"target\":{\"@type\":\"EntryPoint\",\"urlTemplate\":\"https:\\\/\\\/www.laguiadepamplona.com\\\/actualidad\\\/?s={search_term_string}\"},\"query-input\":{\"@type\":\"PropertyValueSpecification\",\"valueRequired\":true,\"valueName\":\"search_term_string\"}}],\"inLanguage\":\"es\"},{\"@type\":\"Organization\",\"@id\":\"https:\\\/\\\/www.laguiadepamplona.com\\\/actualidad\\\/#organization\",\"name\":\"La Gu\u00eda de Pamplona \\\/ Noticias\",\"url\":\"https:\\\/\\\/www.laguiadepamplona.com\\\/actualidad\\\/\",\"logo\":{\"@type\":\"ImageObject\",\"inLanguage\":\"es\",\"@id\":\"https:\\\/\\\/www.laguiadepamplona.com\\\/actualidad\\\/#\\\/schema\\\/logo\\\/image\\\/\",\"url\":\"https:\\\/\\\/www.laguiadepamplona.com\\\/actualidad\\\/wp-content\\\/uploads\\\/2018\\\/11\\\/logo-laguiadepamplona18-web1.png\",\"contentUrl\":\"https:\\\/\\\/www.laguiadepamplona.com\\\/actualidad\\\/wp-content\\\/uploads\\\/2018\\\/11\\\/logo-laguiadepamplona18-web1.png\",\"width\":600,\"height\":196,\"caption\":\"La Gu\u00eda de Pamplona \\\/ Noticias\"},\"image\":{\"@id\":\"https:\\\/\\\/www.laguiadepamplona.com\\\/actualidad\\\/#\\\/schema\\\/logo\\\/image\\\/\"},\"sameAs\":[\"https:\\\/\\\/www.facebook.com\\\/laguiadepamplonacom-133175176762273\\\/?ref=hl\",\"https:\\\/\\\/x.com\\\/LaGuiadPamplona\",\"https:\\\/\\\/www.instagram.com\\\/la_guia_de_pamplona\\\/\",\"https:\\\/\\\/www.youtube.com\\\/user\\\/laguiadepamplona\"]},{\"@type\":\"Person\",\"@id\":\"https:\\\/\\\/www.laguiadepamplona.com\\\/actualidad\\\/#\\\/schema\\\/person\\\/efe887376f0213d4657c93adc50b1fdb\",\"name\":\"La Gu\u00eda de Pamplona\",\"image\":{\"@type\":\"ImageObject\",\"inLanguage\":\"es\",\"@id\":\"https:\\\/\\\/secure.gravatar.com\\\/avatar\\\/b6992f131dc8d30ab0dff15446e9d346d9dbd95992de0fef795073f5ea83a81c?s=96&d=mm&r=g\",\"url\":\"https:\\\/\\\/secure.gravatar.com\\\/avatar\\\/b6992f131dc8d30ab0dff15446e9d346d9dbd95992de0fef795073f5ea83a81c?s=96&d=mm&r=g\",\"contentUrl\":\"https:\\\/\\\/secure.gravatar.com\\\/avatar\\\/b6992f131dc8d30ab0dff15446e9d346d9dbd95992de0fef795073f5ea83a81c?s=96&d=mm&r=g\",\"caption\":\"La Gu\u00eda de Pamplona\"}}]}<\/script>\n<!-- \/ Yoast SEO plugin. -->","yoast_head_json":{"title":"El autoconocimiento como clave para aprender a gestionar mejor la vida ser\u00e1 abordado en un nuevo ciclo de la Red Civivox que comienza el lunes en San Jorge","robots":{"index":"index","follow":"follow","max-snippet":"max-snippet:-1","max-image-preview":"max-image-preview:large","max-video-preview":"max-video-preview:-1"},"canonical":"https:\/\/www.laguiadepamplona.com\/actualidad\/el-autoconocimiento-como-clave-para-aprender-a-gestionar-mejor-la-vida-sera-abordado-en-un-nuevo-ciclo-de-la-red-civivox-que-comienza-el-lunes-en-san-jorge\/","og_locale":"es_ES","og_type":"article","og_title":"El autoconocimiento como clave para aprender a gestionar mejor la vida ser\u00e1 abordado en un nuevo ciclo de la Red Civivox que comienza el lunes en San Jorge","og_description":"La primera charla, \u2018Conocer mis fortalezas y mis debilidades: herramientas para crecer\u2019, la imparten las psic\u00f3logas Alexandra Crettaz y Nuria Pozueta","og_url":"https:\/\/www.laguiadepamplona.com\/actualidad\/el-autoconocimiento-como-clave-para-aprender-a-gestionar-mejor-la-vida-sera-abordado-en-un-nuevo-ciclo-de-la-red-civivox-que-comienza-el-lunes-en-san-jorge\/","og_site_name":"La Gu\u00eda de Pamplona","article_publisher":"https:\/\/www.facebook.com\/laguiadepamplonacom-133175176762273\/?ref=hl","article_published_time":"2018-02-09T12:41:25+00:00","og_image":[{"width":900,"height":675,"url":"https:\/\/www.laguiadepamplona.com\/actualidad\/wp-content\/uploads\/2016\/12\/civivox-san-jorge.jpg","type":"image\/jpeg"}],"author":"La Gu\u00eda de Pamplona","twitter_card":"summary_large_image","twitter_creator":"@LaGuiadPamplona","twitter_site":"@LaGuiadPamplona","twitter_misc":{"Escrito por":"La Gu\u00eda de Pamplona","Tiempo de lectura":"3 minutos"},"schema":{"@context":"https:\/\/schema.org","@graph":[{"@type":"Article","@id":"https:\/\/www.laguiadepamplona.com\/actualidad\/el-autoconocimiento-como-clave-para-aprender-a-gestionar-mejor-la-vida-sera-abordado-en-un-nuevo-ciclo-de-la-red-civivox-que-comienza-el-lunes-en-san-jorge\/#article","isPartOf":{"@id":"https:\/\/www.laguiadepamplona.com\/actualidad\/el-autoconocimiento-como-clave-para-aprender-a-gestionar-mejor-la-vida-sera-abordado-en-un-nuevo-ciclo-de-la-red-civivox-que-comienza-el-lunes-en-san-jorge\/"},"author":{"name":"La Gu\u00eda de Pamplona","@id":"https:\/\/www.laguiadepamplona.com\/actualidad\/#\/schema\/person\/efe887376f0213d4657c93adc50b1fdb"},"headline":"El autoconocimiento como clave para aprender a gestionar mejor la vida ser\u00e1 abordado en un nuevo ciclo de la Red Civivox que comienza el lunes en San Jorge","datePublished":"2018-02-09T12:41:25+00:00","mainEntityOfPage":{"@id":"https:\/\/www.laguiadepamplona.com\/actualidad\/el-autoconocimiento-como-clave-para-aprender-a-gestionar-mejor-la-vida-sera-abordado-en-un-nuevo-ciclo-de-la-red-civivox-que-comienza-el-lunes-en-san-jorge\/"},"wordCount":684,"commentCount":0,"publisher":{"@id":"https:\/\/www.laguiadepamplona.com\/actualidad\/#organization"},"image":{"@id":"https:\/\/www.laguiadepamplona.com\/actualidad\/el-autoconocimiento-como-clave-para-aprender-a-gestionar-mejor-la-vida-sera-abordado-en-un-nuevo-ciclo-de-la-red-civivox-que-comienza-el-lunes-en-san-jorge\/#primaryimage"},"thumbnailUrl":"https:\/\/www.laguiadepamplona.com\/actualidad\/wp-content\/uploads\/2016\/12\/civivox-san-jorge.jpg","articleSection":["Ayto Pamplona"],"inLanguage":"es","potentialAction":[{"@type":"CommentAction","name":"Comment","target":["https:\/\/www.laguiadepamplona.com\/actualidad\/el-autoconocimiento-como-clave-para-aprender-a-gestionar-mejor-la-vida-sera-abordado-en-un-nuevo-ciclo-de-la-red-civivox-que-comienza-el-lunes-en-san-jorge\/#respond"]}]},{"@type":"WebPage","@id":"https:\/\/www.laguiadepamplona.com\/actualidad\/el-autoconocimiento-como-clave-para-aprender-a-gestionar-mejor-la-vida-sera-abordado-en-un-nuevo-ciclo-de-la-red-civivox-que-comienza-el-lunes-en-san-jorge\/","url":"https:\/\/www.laguiadepamplona.com\/actualidad\/el-autoconocimiento-como-clave-para-aprender-a-gestionar-mejor-la-vida-sera-abordado-en-un-nuevo-ciclo-de-la-red-civivox-que-comienza-el-lunes-en-san-jorge\/","name":"El autoconocimiento como clave para aprender a gestionar mejor la vida ser\u00e1 abordado en un nuevo ciclo de la Red Civivox que comienza el lunes en San Jorge","isPartOf":{"@id":"https:\/\/www.laguiadepamplona.com\/actualidad\/#website"},"primaryImageOfPage":{"@id":"https:\/\/www.laguiadepamplona.com\/actualidad\/el-autoconocimiento-como-clave-para-aprender-a-gestionar-mejor-la-vida-sera-abordado-en-un-nuevo-ciclo-de-la-red-civivox-que-comienza-el-lunes-en-san-jorge\/#primaryimage"},"image":{"@id":"https:\/\/www.laguiadepamplona.com\/actualidad\/el-autoconocimiento-como-clave-para-aprender-a-gestionar-mejor-la-vida-sera-abordado-en-un-nuevo-ciclo-de-la-red-civivox-que-comienza-el-lunes-en-san-jorge\/#primaryimage"},"thumbnailUrl":"https:\/\/www.laguiadepamplona.com\/actualidad\/wp-content\/uploads\/2016\/12\/civivox-san-jorge.jpg","datePublished":"2018-02-09T12:41:25+00:00","breadcrumb":{"@id":"https:\/\/www.laguiadepamplona.com\/actualidad\/el-autoconocimiento-como-clave-para-aprender-a-gestionar-mejor-la-vida-sera-abordado-en-un-nuevo-ciclo-de-la-red-civivox-que-comienza-el-lunes-en-san-jorge\/#breadcrumb"},"inLanguage":"es","potentialAction":[{"@type":"ReadAction","target":["https:\/\/www.laguiadepamplona.com\/actualidad\/el-autoconocimiento-como-clave-para-aprender-a-gestionar-mejor-la-vida-sera-abordado-en-un-nuevo-ciclo-de-la-red-civivox-que-comienza-el-lunes-en-san-jorge\/"]}]},{"@type":"ImageObject","inLanguage":"es","@id":"https:\/\/www.laguiadepamplona.com\/actualidad\/el-autoconocimiento-como-clave-para-aprender-a-gestionar-mejor-la-vida-sera-abordado-en-un-nuevo-ciclo-de-la-red-civivox-que-comienza-el-lunes-en-san-jorge\/#primaryimage","url":"https:\/\/www.laguiadepamplona.com\/actualidad\/wp-content\/uploads\/2016\/12\/civivox-san-jorge.jpg","contentUrl":"https:\/\/www.laguiadepamplona.com\/actualidad\/wp-content\/uploads\/2016\/12\/civivox-san-jorge.jpg","width":900,"height":675},{"@type":"BreadcrumbList","@id":"https:\/\/www.laguiadepamplona.com\/actualidad\/el-autoconocimiento-como-clave-para-aprender-a-gestionar-mejor-la-vida-sera-abordado-en-un-nuevo-ciclo-de-la-red-civivox-que-comienza-el-lunes-en-san-jorge\/#breadcrumb","itemListElement":[{"@type":"ListItem","position":1,"name":"Portada","item":"https:\/\/www.laguiadepamplona.com\/actualidad\/"},{"@type":"ListItem","position":2,"name":"El autoconocimiento como clave para aprender a gestionar mejor la vida ser\u00e1 abordado en un nuevo ciclo de la Red Civivox que comienza el lunes en San Jorge"}]},{"@type":"WebSite","@id":"https:\/\/www.laguiadepamplona.com\/actualidad\/#website","url":"https:\/\/www.laguiadepamplona.com\/actualidad\/","name":"La gu\u00eda de Pamplona","description":"Noticias de Pamplona","publisher":{"@id":"https:\/\/www.laguiadepamplona.com\/actualidad\/#organization"},"potentialAction":[{"@type":"SearchAction","target":{"@type":"EntryPoint","urlTemplate":"https:\/\/www.laguiadepamplona.com\/actualidad\/?s={search_term_string}"},"query-input":{"@type":"PropertyValueSpecification","valueRequired":true,"valueName":"search_term_string"}}],"inLanguage":"es"},{"@type":"Organization","@id":"https:\/\/www.laguiadepamplona.com\/actualidad\/#organization","name":"La Gu\u00eda de Pamplona \/ Noticias","url":"https:\/\/www.laguiadepamplona.com\/actualidad\/","logo":{"@type":"ImageObject","inLanguage":"es","@id":"https:\/\/www.laguiadepamplona.com\/actualidad\/#\/schema\/logo\/image\/","url":"https:\/\/www.laguiadepamplona.com\/actualidad\/wp-content\/uploads\/2018\/11\/logo-laguiadepamplona18-web1.png","contentUrl":"https:\/\/www.laguiadepamplona.com\/actualidad\/wp-content\/uploads\/2018\/11\/logo-laguiadepamplona18-web1.png","width":600,"height":196,"caption":"La Gu\u00eda de Pamplona \/ Noticias"},"image":{"@id":"https:\/\/www.laguiadepamplona.com\/actualidad\/#\/schema\/logo\/image\/"},"sameAs":["https:\/\/www.facebook.com\/laguiadepamplonacom-133175176762273\/?ref=hl","https:\/\/x.com\/LaGuiadPamplona","https:\/\/www.instagram.com\/la_guia_de_pamplona\/","https:\/\/www.youtube.com\/user\/laguiadepamplona"]},{"@type":"Person","@id":"https:\/\/www.laguiadepamplona.com\/actualidad\/#\/schema\/person\/efe887376f0213d4657c93adc50b1fdb","name":"La Gu\u00eda de Pamplona","image":{"@type":"ImageObject","inLanguage":"es","@id":"https:\/\/secure.gravatar.com\/avatar\/b6992f131dc8d30ab0dff15446e9d346d9dbd95992de0fef795073f5ea83a81c?s=96&d=mm&r=g","url":"https:\/\/secure.gravatar.com\/avatar\/b6992f131dc8d30ab0dff15446e9d346d9dbd95992de0fef795073f5ea83a81c?s=96&d=mm&r=g","contentUrl":"https:\/\/secure.gravatar.com\/avatar\/b6992f131dc8d30ab0dff15446e9d346d9dbd95992de0fef795073f5ea83a81c?s=96&d=mm&r=g","caption":"La Gu\u00eda de Pamplona"}}]}},"post_mailing_queue_ids":[],"_links":{"self":[{"href":"https:\/\/www.laguiadepamplona.com\/actualidad\/wp-json\/wp\/v2\/posts\/16050","targetHints":{"allow":["GET"]}}],"collection":[{"href":"https:\/\/www.laguiadepamplona.com\/actualidad\/wp-json\/wp\/v2\/posts"}],"about":[{"href":"https:\/\/www.laguiadepamplona.com\/actualidad\/wp-json\/wp\/v2\/types\/post"}],"author":[{"embeddable":true,"href":"https:\/\/www.laguiadepamplona.com\/actualidad\/wp-json\/wp\/v2\/users\/1"}],"replies":[{"embeddable":true,"href":"https:\/\/www.laguiadepamplona.com\/actualidad\/wp-json\/wp\/v2\/comments?post=16050"}],"version-history":[{"count":0,"href":"https:\/\/www.laguiadepamplona.com\/actualidad\/wp-json\/wp\/v2\/posts\/16050\/revisions"}],"wp:featuredmedia":[{"embeddable":true,"href":"https:\/\/www.laguiadepamplona.com\/actualidad\/wp-json\/wp\/v2\/media\/11047"}],"wp:attachment":[{"href":"https:\/\/www.laguiadepamplona.com\/actualidad\/wp-json\/wp\/v2\/media?parent=16050"}],"wp:term":[{"taxonomy":"category","embeddable":true,"href":"https:\/\/www.laguiadepamplona.com\/actualidad\/wp-json\/wp\/v2\/categories?post=16050"},{"taxonomy":"post_tag","embeddable":true,"href":"https:\/\/www.laguiadepamplona.com\/actualidad\/wp-json\/wp\/v2\/tags?post=16050"}],"curies":[{"name":"wp","href":"https:\/\/api.w.org\/{rel}","templated":true}]}}