{"id":1605,"date":"2014-05-15T12:37:57","date_gmt":"2014-05-15T11:37:57","guid":{"rendered":"http:\/\/laguiadepamplona.es\/noticias\/?p=1605"},"modified":"2014-05-15T12:37:57","modified_gmt":"2014-05-15T11:37:57","slug":"gabriel-viedma-tomara-posesion-manana-viernes-como-nuevo-concejal-del-grupo-municipal-de-upn-en-el-ayuntamiento-de-pamplona","status":"publish","type":"post","link":"https:\/\/www.laguiadepamplona.com\/actualidad\/gabriel-viedma-tomara-posesion-manana-viernes-como-nuevo-concejal-del-grupo-municipal-de-upn-en-el-ayuntamiento-de-pamplona\/","title":{"rendered":"Gabriel Viedma tomar\u00e1 posesi\u00f3n ma\u00f1ana viernes como nuevo concejal del grupo municipal de UPN en el Ayuntamiento de Pamplona"},"content":{"rendered":"<h4>La toma de posesi\u00f3n se llevar\u00e1 a cabo al inicio de la sesi\u00f3n de pleno que comenzar\u00e1 a las 9.30 horas<\/h4>\n<p class=\"Textonota\"><a href=\"http:\/\/laguiadepamplona.es\/noticias\/wp-content\/uploads\/2014\/01\/01_Pamplona.jpg\"><img loading=\"lazy\" decoding=\"async\" class=\"alignleft size-medium wp-image-113\" src=\"http:\/\/laguiadepamplona.es\/noticias\/wp-content\/uploads\/2014\/01\/01_Pamplona-300x225.jpg\" alt=\"01_Pamplona\" width=\"300\" height=\"225\" \/><\/a>Ma\u00f1ana viernes Gabriel Viedma Moreno tomar\u00e1 posesi\u00f3n como nuevo concejal del grupo municipal de UPN en el Ayuntamiento de Pamplona. Sustituye a Ignacio Polo, que present\u00f3 su renuncia el pasado mes de abril <span style=\"color: red;\">tras dar positivo en un control de alcoholemia<\/span>. La toma de posesi\u00f3n tendr\u00e1 lugar en el sal\u00f3n de plenos de la Casa Consistorial al inicio de la sesi\u00f3n ordinaria que comenzar\u00e1 a las 9.30 horas.<\/p>\n<p class=\"Textonota\">Tras los dos primeros puntos del orden del d\u00eda en los que se aprobar\u00e1n las actas de la sesi\u00f3n anterior del pleno, de las Juntas de Gobierno Local celebradas y las resoluciones de los \u00f3rganos de gobierno, Viedma se acercar\u00e1 a la presidencia y jurar\u00e1 o prometer\u00e1 su cargo como concejal del Ayuntamiento de Pamplona. El alcalde le entregar\u00e1 como reconocimiento una insignia con el escudo de la ciudad. A continuaci\u00f3n se aprobar\u00e1n las modificaciones en diferentes comisiones, organismos y sociedades municipales para incluir al nuevo edil, as\u00ed como su designaci\u00f3n oficial como concejal delegado de Seguridad Ciudadana.<\/p>\n<p class=\"Textonota\">Gabriel Viedma Moreno naci\u00f3 el 2 de mayo de 1964 en Pamplona. Ingeniero t\u00e9cnico industrial, es funcionario del Gobierno de Navarra. Viedma regresa al Ayuntamiento de Pamplona donde ya fue edil entre los a\u00f1os 1999 y 2003, ocupando la concejal\u00eda especial de Participaci\u00f3n Ciudadana. Adem\u00e1s, ha sido concejal en los ayuntamientos de los valles de Eg\u00fc\u00e9s y de Aranguren.<\/p>\n<p class=\"Textonota\">\n","protected":false},"excerpt":{"rendered":"<p>La toma de posesi\u00f3n se llevar\u00e1 a cabo al inicio de la sesi\u00f3n de pleno que comenzar\u00e1 a las 9.30 horas Ma\u00f1ana viernes Gabriel Viedma Moreno tomar\u00e1 posesi\u00f3n como nuevo&#8230;<\/p>\n","protected":false},"author":1,"featured_media":113,"comment_status":"open","ping_status":"open","sticky":false,"template":"","format":"standard","meta":{"footnotes":""},"categories":[2],"tags":[5,6,509,1232,916,8,1233,9,1234],"class_list":["post-1605","post","type-post","status-publish","format-standard","has-post-thumbnail","hentry","category-ayuntamiento-pamplona","tag-actualidad","tag-ayto-pamplona","tag-ayuntamiento-de-pamplona","tag-gabriel-viedma-moreno","tag-ignacio-polo","tag-noticias","tag-nuevo-concejal","tag-pamplona","tag-upn"],"yoast_head":"<!-- This site is optimized with the Yoast SEO plugin v27.5 - https:\/\/yoast.com\/product\/yoast-seo-wordpress\/ -->\n<title>Gabriel Viedma tomar\u00e1 posesi\u00f3n ma\u00f1ana viernes como nuevo concejal del grupo municipal de UPN en el Ayuntamiento de Pamplona<\/title>\n<meta name=\"robots\" content=\"index, follow, max-snippet:-1, max-image-preview:large, max-video-preview:-1\" \/>\n<link rel=\"canonical\" href=\"https:\/\/www.laguiadepamplona.com\/actualidad\/gabriel-viedma-tomara-posesion-manana-viernes-como-nuevo-concejal-del-grupo-municipal-de-upn-en-el-ayuntamiento-de-pamplona\/\" \/>\n<meta property=\"og:locale\" content=\"es_ES\" \/>\n<meta property=\"og:type\" content=\"article\" \/>\n<meta property=\"og:title\" content=\"Gabriel Viedma tomar\u00e1 posesi\u00f3n ma\u00f1ana viernes como nuevo concejal del grupo municipal de UPN en el Ayuntamiento de Pamplona\" \/>\n<meta property=\"og:description\" content=\"La toma de posesi\u00f3n se llevar\u00e1 a cabo al inicio de la sesi\u00f3n de pleno que comenzar\u00e1 a las 9.30 horas Ma\u00f1ana viernes Gabriel Viedma Moreno tomar\u00e1 posesi\u00f3n como nuevo...\" \/>\n<meta property=\"og:url\" content=\"https:\/\/www.laguiadepamplona.com\/actualidad\/gabriel-viedma-tomara-posesion-manana-viernes-como-nuevo-concejal-del-grupo-municipal-de-upn-en-el-ayuntamiento-de-pamplona\/\" \/>\n<meta property=\"og:site_name\" content=\"La Gu\u00eda de Pamplona\" \/>\n<meta property=\"article:publisher\" content=\"https:\/\/www.facebook.com\/laguiadepamplonacom-133175176762273\/?ref=hl\" \/>\n<meta property=\"article:published_time\" content=\"2014-05-15T11:37:57+00:00\" \/>\n<meta name=\"author\" content=\"La Gu\u00eda de Pamplona\" \/>\n<meta name=\"twitter:card\" content=\"summary_large_image\" \/>\n<meta name=\"twitter:creator\" content=\"@LaGuiadPamplona\" \/>\n<meta name=\"twitter:site\" content=\"@LaGuiadPamplona\" \/>\n<meta name=\"twitter:label1\" content=\"Escrito por\" \/>\n\t<meta name=\"twitter:data1\" content=\"La Gu\u00eda de Pamplona\" \/>\n\t<meta name=\"twitter:label2\" content=\"Tiempo de lectura\" \/>\n\t<meta name=\"twitter:data2\" content=\"1 minuto\" \/>\n<script type=\"application\/ld+json\" class=\"yoast-schema-graph\">{\"@context\":\"https:\\\/\\\/schema.org\",\"@graph\":[{\"@type\":\"Article\",\"@id\":\"https:\\\/\\\/www.laguiadepamplona.com\\\/actualidad\\\/gabriel-viedma-tomara-posesion-manana-viernes-como-nuevo-concejal-del-grupo-municipal-de-upn-en-el-ayuntamiento-de-pamplona\\\/#article\",\"isPartOf\":{\"@id\":\"https:\\\/\\\/www.laguiadepamplona.com\\\/actualidad\\\/gabriel-viedma-tomara-posesion-manana-viernes-como-nuevo-concejal-del-grupo-municipal-de-upn-en-el-ayuntamiento-de-pamplona\\\/\"},\"author\":{\"name\":\"La Gu\u00eda de Pamplona\",\"@id\":\"https:\\\/\\\/www.laguiadepamplona.com\\\/actualidad\\\/#\\\/schema\\\/person\\\/efe887376f0213d4657c93adc50b1fdb\"},\"headline\":\"Gabriel Viedma tomar\u00e1 posesi\u00f3n ma\u00f1ana viernes como nuevo concejal del grupo municipal de UPN en el Ayuntamiento de Pamplona\",\"datePublished\":\"2014-05-15T11:37:57+00:00\",\"mainEntityOfPage\":{\"@id\":\"https:\\\/\\\/www.laguiadepamplona.com\\\/actualidad\\\/gabriel-viedma-tomara-posesion-manana-viernes-como-nuevo-concejal-del-grupo-municipal-de-upn-en-el-ayuntamiento-de-pamplona\\\/\"},\"wordCount\":280,\"commentCount\":0,\"publisher\":{\"@id\":\"https:\\\/\\\/www.laguiadepamplona.com\\\/actualidad\\\/#organization\"},\"image\":{\"@id\":\"https:\\\/\\\/www.laguiadepamplona.com\\\/actualidad\\\/gabriel-viedma-tomara-posesion-manana-viernes-como-nuevo-concejal-del-grupo-municipal-de-upn-en-el-ayuntamiento-de-pamplona\\\/#primaryimage\"},\"thumbnailUrl\":\"\",\"keywords\":[\"actualidad\",\"ayto pamplona\",\"Ayuntamiento de Pamplona\",\"Gabriel Viedma Moreno\",\"Ignacio Polo\",\"noticias\",\"nuevo concejal\",\"pamplona\",\"UPN\"],\"articleSection\":[\"Ayto Pamplona\"],\"inLanguage\":\"es\",\"potentialAction\":[{\"@type\":\"CommentAction\",\"name\":\"Comment\",\"target\":[\"https:\\\/\\\/www.laguiadepamplona.com\\\/actualidad\\\/gabriel-viedma-tomara-posesion-manana-viernes-como-nuevo-concejal-del-grupo-municipal-de-upn-en-el-ayuntamiento-de-pamplona\\\/#respond\"]}]},{\"@type\":\"WebPage\",\"@id\":\"https:\\\/\\\/www.laguiadepamplona.com\\\/actualidad\\\/gabriel-viedma-tomara-posesion-manana-viernes-como-nuevo-concejal-del-grupo-municipal-de-upn-en-el-ayuntamiento-de-pamplona\\\/\",\"url\":\"https:\\\/\\\/www.laguiadepamplona.com\\\/actualidad\\\/gabriel-viedma-tomara-posesion-manana-viernes-como-nuevo-concejal-del-grupo-municipal-de-upn-en-el-ayuntamiento-de-pamplona\\\/\",\"name\":\"Gabriel Viedma tomar\u00e1 posesi\u00f3n ma\u00f1ana viernes como nuevo concejal del grupo municipal de UPN en el Ayuntamiento de Pamplona\",\"isPartOf\":{\"@id\":\"https:\\\/\\\/www.laguiadepamplona.com\\\/actualidad\\\/#website\"},\"primaryImageOfPage\":{\"@id\":\"https:\\\/\\\/www.laguiadepamplona.com\\\/actualidad\\\/gabriel-viedma-tomara-posesion-manana-viernes-como-nuevo-concejal-del-grupo-municipal-de-upn-en-el-ayuntamiento-de-pamplona\\\/#primaryimage\"},\"image\":{\"@id\":\"https:\\\/\\\/www.laguiadepamplona.com\\\/actualidad\\\/gabriel-viedma-tomara-posesion-manana-viernes-como-nuevo-concejal-del-grupo-municipal-de-upn-en-el-ayuntamiento-de-pamplona\\\/#primaryimage\"},\"thumbnailUrl\":\"\",\"datePublished\":\"2014-05-15T11:37:57+00:00\",\"breadcrumb\":{\"@id\":\"https:\\\/\\\/www.laguiadepamplona.com\\\/actualidad\\\/gabriel-viedma-tomara-posesion-manana-viernes-como-nuevo-concejal-del-grupo-municipal-de-upn-en-el-ayuntamiento-de-pamplona\\\/#breadcrumb\"},\"inLanguage\":\"es\",\"potentialAction\":[{\"@type\":\"ReadAction\",\"target\":[\"https:\\\/\\\/www.laguiadepamplona.com\\\/actualidad\\\/gabriel-viedma-tomara-posesion-manana-viernes-como-nuevo-concejal-del-grupo-municipal-de-upn-en-el-ayuntamiento-de-pamplona\\\/\"]}]},{\"@type\":\"ImageObject\",\"inLanguage\":\"es\",\"@id\":\"https:\\\/\\\/www.laguiadepamplona.com\\\/actualidad\\\/gabriel-viedma-tomara-posesion-manana-viernes-como-nuevo-concejal-del-grupo-municipal-de-upn-en-el-ayuntamiento-de-pamplona\\\/#primaryimage\",\"url\":\"\",\"contentUrl\":\"\"},{\"@type\":\"BreadcrumbList\",\"@id\":\"https:\\\/\\\/www.laguiadepamplona.com\\\/actualidad\\\/gabriel-viedma-tomara-posesion-manana-viernes-como-nuevo-concejal-del-grupo-municipal-de-upn-en-el-ayuntamiento-de-pamplona\\\/#breadcrumb\",\"itemListElement\":[{\"@type\":\"ListItem\",\"position\":1,\"name\":\"Portada\",\"item\":\"https:\\\/\\\/www.laguiadepamplona.com\\\/actualidad\\\/\"},{\"@type\":\"ListItem\",\"position\":2,\"name\":\"Gabriel Viedma tomar\u00e1 posesi\u00f3n ma\u00f1ana viernes como nuevo concejal del grupo municipal de UPN en el Ayuntamiento de Pamplona\"}]},{\"@type\":\"WebSite\",\"@id\":\"https:\\\/\\\/www.laguiadepamplona.com\\\/actualidad\\\/#website\",\"url\":\"https:\\\/\\\/www.laguiadepamplona.com\\\/actualidad\\\/\",\"name\":\"La gu\u00eda de Pamplona\",\"description\":\"Noticias de Pamplona\",\"publisher\":{\"@id\":\"https:\\\/\\\/www.laguiadepamplona.com\\\/actualidad\\\/#organization\"},\"potentialAction\":[{\"@type\":\"SearchAction\",\"target\":{\"@type\":\"EntryPoint\",\"urlTemplate\":\"https:\\\/\\\/www.laguiadepamplona.com\\\/actualidad\\\/?s={search_term_string}\"},\"query-input\":{\"@type\":\"PropertyValueSpecification\",\"valueRequired\":true,\"valueName\":\"search_term_string\"}}],\"inLanguage\":\"es\"},{\"@type\":\"Organization\",\"@id\":\"https:\\\/\\\/www.laguiadepamplona.com\\\/actualidad\\\/#organization\",\"name\":\"La Gu\u00eda de Pamplona \\\/ Noticias\",\"url\":\"https:\\\/\\\/www.laguiadepamplona.com\\\/actualidad\\\/\",\"logo\":{\"@type\":\"ImageObject\",\"inLanguage\":\"es\",\"@id\":\"https:\\\/\\\/www.laguiadepamplona.com\\\/actualidad\\\/#\\\/schema\\\/logo\\\/image\\\/\",\"url\":\"https:\\\/\\\/www.laguiadepamplona.com\\\/actualidad\\\/wp-content\\\/uploads\\\/2018\\\/11\\\/logo-laguiadepamplona18-web1.png\",\"contentUrl\":\"https:\\\/\\\/www.laguiadepamplona.com\\\/actualidad\\\/wp-content\\\/uploads\\\/2018\\\/11\\\/logo-laguiadepamplona18-web1.png\",\"width\":600,\"height\":196,\"caption\":\"La Gu\u00eda de Pamplona \\\/ Noticias\"},\"image\":{\"@id\":\"https:\\\/\\\/www.laguiadepamplona.com\\\/actualidad\\\/#\\\/schema\\\/logo\\\/image\\\/\"},\"sameAs\":[\"https:\\\/\\\/www.facebook.com\\\/laguiadepamplonacom-133175176762273\\\/?ref=hl\",\"https:\\\/\\\/x.com\\\/LaGuiadPamplona\",\"https:\\\/\\\/www.instagram.com\\\/la_guia_de_pamplona\\\/\",\"https:\\\/\\\/www.youtube.com\\\/user\\\/laguiadepamplona\"]},{\"@type\":\"Person\",\"@id\":\"https:\\\/\\\/www.laguiadepamplona.com\\\/actualidad\\\/#\\\/schema\\\/person\\\/efe887376f0213d4657c93adc50b1fdb\",\"name\":\"La Gu\u00eda de Pamplona\",\"image\":{\"@type\":\"ImageObject\",\"inLanguage\":\"es\",\"@id\":\"https:\\\/\\\/secure.gravatar.com\\\/avatar\\\/b6992f131dc8d30ab0dff15446e9d346d9dbd95992de0fef795073f5ea83a81c?s=96&d=mm&r=g\",\"url\":\"https:\\\/\\\/secure.gravatar.com\\\/avatar\\\/b6992f131dc8d30ab0dff15446e9d346d9dbd95992de0fef795073f5ea83a81c?s=96&d=mm&r=g\",\"contentUrl\":\"https:\\\/\\\/secure.gravatar.com\\\/avatar\\\/b6992f131dc8d30ab0dff15446e9d346d9dbd95992de0fef795073f5ea83a81c?s=96&d=mm&r=g\",\"caption\":\"La Gu\u00eda de Pamplona\"}}]}<\/script>\n<!-- \/ Yoast SEO plugin. -->","yoast_head_json":{"title":"Gabriel Viedma tomar\u00e1 posesi\u00f3n ma\u00f1ana viernes como nuevo concejal del grupo municipal de UPN en el Ayuntamiento de Pamplona","robots":{"index":"index","follow":"follow","max-snippet":"max-snippet:-1","max-image-preview":"max-image-preview:large","max-video-preview":"max-video-preview:-1"},"canonical":"https:\/\/www.laguiadepamplona.com\/actualidad\/gabriel-viedma-tomara-posesion-manana-viernes-como-nuevo-concejal-del-grupo-municipal-de-upn-en-el-ayuntamiento-de-pamplona\/","og_locale":"es_ES","og_type":"article","og_title":"Gabriel Viedma tomar\u00e1 posesi\u00f3n ma\u00f1ana viernes como nuevo concejal del grupo municipal de UPN en el Ayuntamiento de Pamplona","og_description":"La toma de posesi\u00f3n se llevar\u00e1 a cabo al inicio de la sesi\u00f3n de pleno que comenzar\u00e1 a las 9.30 horas Ma\u00f1ana viernes Gabriel Viedma Moreno tomar\u00e1 posesi\u00f3n como nuevo...","og_url":"https:\/\/www.laguiadepamplona.com\/actualidad\/gabriel-viedma-tomara-posesion-manana-viernes-como-nuevo-concejal-del-grupo-municipal-de-upn-en-el-ayuntamiento-de-pamplona\/","og_site_name":"La Gu\u00eda de Pamplona","article_publisher":"https:\/\/www.facebook.com\/laguiadepamplonacom-133175176762273\/?ref=hl","article_published_time":"2014-05-15T11:37:57+00:00","author":"La Gu\u00eda de Pamplona","twitter_card":"summary_large_image","twitter_creator":"@LaGuiadPamplona","twitter_site":"@LaGuiadPamplona","twitter_misc":{"Escrito por":"La Gu\u00eda de Pamplona","Tiempo de lectura":"1 minuto"},"schema":{"@context":"https:\/\/schema.org","@graph":[{"@type":"Article","@id":"https:\/\/www.laguiadepamplona.com\/actualidad\/gabriel-viedma-tomara-posesion-manana-viernes-como-nuevo-concejal-del-grupo-municipal-de-upn-en-el-ayuntamiento-de-pamplona\/#article","isPartOf":{"@id":"https:\/\/www.laguiadepamplona.com\/actualidad\/gabriel-viedma-tomara-posesion-manana-viernes-como-nuevo-concejal-del-grupo-municipal-de-upn-en-el-ayuntamiento-de-pamplona\/"},"author":{"name":"La Gu\u00eda de Pamplona","@id":"https:\/\/www.laguiadepamplona.com\/actualidad\/#\/schema\/person\/efe887376f0213d4657c93adc50b1fdb"},"headline":"Gabriel Viedma tomar\u00e1 posesi\u00f3n ma\u00f1ana viernes como nuevo concejal del grupo municipal de UPN en el Ayuntamiento de Pamplona","datePublished":"2014-05-15T11:37:57+00:00","mainEntityOfPage":{"@id":"https:\/\/www.laguiadepamplona.com\/actualidad\/gabriel-viedma-tomara-posesion-manana-viernes-como-nuevo-concejal-del-grupo-municipal-de-upn-en-el-ayuntamiento-de-pamplona\/"},"wordCount":280,"commentCount":0,"publisher":{"@id":"https:\/\/www.laguiadepamplona.com\/actualidad\/#organization"},"image":{"@id":"https:\/\/www.laguiadepamplona.com\/actualidad\/gabriel-viedma-tomara-posesion-manana-viernes-como-nuevo-concejal-del-grupo-municipal-de-upn-en-el-ayuntamiento-de-pamplona\/#primaryimage"},"thumbnailUrl":"","keywords":["actualidad","ayto pamplona","Ayuntamiento de Pamplona","Gabriel Viedma Moreno","Ignacio Polo","noticias","nuevo concejal","pamplona","UPN"],"articleSection":["Ayto Pamplona"],"inLanguage":"es","potentialAction":[{"@type":"CommentAction","name":"Comment","target":["https:\/\/www.laguiadepamplona.com\/actualidad\/gabriel-viedma-tomara-posesion-manana-viernes-como-nuevo-concejal-del-grupo-municipal-de-upn-en-el-ayuntamiento-de-pamplona\/#respond"]}]},{"@type":"WebPage","@id":"https:\/\/www.laguiadepamplona.com\/actualidad\/gabriel-viedma-tomara-posesion-manana-viernes-como-nuevo-concejal-del-grupo-municipal-de-upn-en-el-ayuntamiento-de-pamplona\/","url":"https:\/\/www.laguiadepamplona.com\/actualidad\/gabriel-viedma-tomara-posesion-manana-viernes-como-nuevo-concejal-del-grupo-municipal-de-upn-en-el-ayuntamiento-de-pamplona\/","name":"Gabriel Viedma tomar\u00e1 posesi\u00f3n ma\u00f1ana viernes como nuevo concejal del grupo municipal de UPN en el Ayuntamiento de Pamplona","isPartOf":{"@id":"https:\/\/www.laguiadepamplona.com\/actualidad\/#website"},"primaryImageOfPage":{"@id":"https:\/\/www.laguiadepamplona.com\/actualidad\/gabriel-viedma-tomara-posesion-manana-viernes-como-nuevo-concejal-del-grupo-municipal-de-upn-en-el-ayuntamiento-de-pamplona\/#primaryimage"},"image":{"@id":"https:\/\/www.laguiadepamplona.com\/actualidad\/gabriel-viedma-tomara-posesion-manana-viernes-como-nuevo-concejal-del-grupo-municipal-de-upn-en-el-ayuntamiento-de-pamplona\/#primaryimage"},"thumbnailUrl":"","datePublished":"2014-05-15T11:37:57+00:00","breadcrumb":{"@id":"https:\/\/www.laguiadepamplona.com\/actualidad\/gabriel-viedma-tomara-posesion-manana-viernes-como-nuevo-concejal-del-grupo-municipal-de-upn-en-el-ayuntamiento-de-pamplona\/#breadcrumb"},"inLanguage":"es","potentialAction":[{"@type":"ReadAction","target":["https:\/\/www.laguiadepamplona.com\/actualidad\/gabriel-viedma-tomara-posesion-manana-viernes-como-nuevo-concejal-del-grupo-municipal-de-upn-en-el-ayuntamiento-de-pamplona\/"]}]},{"@type":"ImageObject","inLanguage":"es","@id":"https:\/\/www.laguiadepamplona.com\/actualidad\/gabriel-viedma-tomara-posesion-manana-viernes-como-nuevo-concejal-del-grupo-municipal-de-upn-en-el-ayuntamiento-de-pamplona\/#primaryimage","url":"","contentUrl":""},{"@type":"BreadcrumbList","@id":"https:\/\/www.laguiadepamplona.com\/actualidad\/gabriel-viedma-tomara-posesion-manana-viernes-como-nuevo-concejal-del-grupo-municipal-de-upn-en-el-ayuntamiento-de-pamplona\/#breadcrumb","itemListElement":[{"@type":"ListItem","position":1,"name":"Portada","item":"https:\/\/www.laguiadepamplona.com\/actualidad\/"},{"@type":"ListItem","position":2,"name":"Gabriel Viedma tomar\u00e1 posesi\u00f3n ma\u00f1ana viernes como nuevo concejal del grupo municipal de UPN en el Ayuntamiento de Pamplona"}]},{"@type":"WebSite","@id":"https:\/\/www.laguiadepamplona.com\/actualidad\/#website","url":"https:\/\/www.laguiadepamplona.com\/actualidad\/","name":"La gu\u00eda de Pamplona","description":"Noticias de Pamplona","publisher":{"@id":"https:\/\/www.laguiadepamplona.com\/actualidad\/#organization"},"potentialAction":[{"@type":"SearchAction","target":{"@type":"EntryPoint","urlTemplate":"https:\/\/www.laguiadepamplona.com\/actualidad\/?s={search_term_string}"},"query-input":{"@type":"PropertyValueSpecification","valueRequired":true,"valueName":"search_term_string"}}],"inLanguage":"es"},{"@type":"Organization","@id":"https:\/\/www.laguiadepamplona.com\/actualidad\/#organization","name":"La Gu\u00eda de Pamplona \/ Noticias","url":"https:\/\/www.laguiadepamplona.com\/actualidad\/","logo":{"@type":"ImageObject","inLanguage":"es","@id":"https:\/\/www.laguiadepamplona.com\/actualidad\/#\/schema\/logo\/image\/","url":"https:\/\/www.laguiadepamplona.com\/actualidad\/wp-content\/uploads\/2018\/11\/logo-laguiadepamplona18-web1.png","contentUrl":"https:\/\/www.laguiadepamplona.com\/actualidad\/wp-content\/uploads\/2018\/11\/logo-laguiadepamplona18-web1.png","width":600,"height":196,"caption":"La Gu\u00eda de Pamplona \/ Noticias"},"image":{"@id":"https:\/\/www.laguiadepamplona.com\/actualidad\/#\/schema\/logo\/image\/"},"sameAs":["https:\/\/www.facebook.com\/laguiadepamplonacom-133175176762273\/?ref=hl","https:\/\/x.com\/LaGuiadPamplona","https:\/\/www.instagram.com\/la_guia_de_pamplona\/","https:\/\/www.youtube.com\/user\/laguiadepamplona"]},{"@type":"Person","@id":"https:\/\/www.laguiadepamplona.com\/actualidad\/#\/schema\/person\/efe887376f0213d4657c93adc50b1fdb","name":"La Gu\u00eda de Pamplona","image":{"@type":"ImageObject","inLanguage":"es","@id":"https:\/\/secure.gravatar.com\/avatar\/b6992f131dc8d30ab0dff15446e9d346d9dbd95992de0fef795073f5ea83a81c?s=96&d=mm&r=g","url":"https:\/\/secure.gravatar.com\/avatar\/b6992f131dc8d30ab0dff15446e9d346d9dbd95992de0fef795073f5ea83a81c?s=96&d=mm&r=g","contentUrl":"https:\/\/secure.gravatar.com\/avatar\/b6992f131dc8d30ab0dff15446e9d346d9dbd95992de0fef795073f5ea83a81c?s=96&d=mm&r=g","caption":"La Gu\u00eda de Pamplona"}}]}},"post_mailing_queue_ids":[],"_links":{"self":[{"href":"https:\/\/www.laguiadepamplona.com\/actualidad\/wp-json\/wp\/v2\/posts\/1605","targetHints":{"allow":["GET"]}}],"collection":[{"href":"https:\/\/www.laguiadepamplona.com\/actualidad\/wp-json\/wp\/v2\/posts"}],"about":[{"href":"https:\/\/www.laguiadepamplona.com\/actualidad\/wp-json\/wp\/v2\/types\/post"}],"author":[{"embeddable":true,"href":"https:\/\/www.laguiadepamplona.com\/actualidad\/wp-json\/wp\/v2\/users\/1"}],"replies":[{"embeddable":true,"href":"https:\/\/www.laguiadepamplona.com\/actualidad\/wp-json\/wp\/v2\/comments?post=1605"}],"version-history":[{"count":0,"href":"https:\/\/www.laguiadepamplona.com\/actualidad\/wp-json\/wp\/v2\/posts\/1605\/revisions"}],"wp:featuredmedia":[{"embeddable":true,"href":"https:\/\/www.laguiadepamplona.com\/actualidad\/wp-json\/"}],"wp:attachment":[{"href":"https:\/\/www.laguiadepamplona.com\/actualidad\/wp-json\/wp\/v2\/media?parent=1605"}],"wp:term":[{"taxonomy":"category","embeddable":true,"href":"https:\/\/www.laguiadepamplona.com\/actualidad\/wp-json\/wp\/v2\/categories?post=1605"},{"taxonomy":"post_tag","embeddable":true,"href":"https:\/\/www.laguiadepamplona.com\/actualidad\/wp-json\/wp\/v2\/tags?post=1605"}],"curies":[{"name":"wp","href":"https:\/\/api.w.org\/{rel}","templated":true}]}}