{"id":1603,"date":"2014-05-15T12:36:37","date_gmt":"2014-05-15T11:36:37","guid":{"rendered":"http:\/\/laguiadepamplona.es\/noticias\/?p=1603"},"modified":"2014-05-15T12:36:37","modified_gmt":"2014-05-15T11:36:37","slug":"abierto-hasta-el-20-de-mayo-el-plazo-para-la-solicitud-de-subvenciones-municipales-dirigidas-a-asociaciones-de-padres-y-madres-de-alumnos-de-infantil-y-primaria","status":"publish","type":"post","link":"https:\/\/www.laguiadepamplona.com\/actualidad\/abierto-hasta-el-20-de-mayo-el-plazo-para-la-solicitud-de-subvenciones-municipales-dirigidas-a-asociaciones-de-padres-y-madres-de-alumnos-de-infantil-y-primaria\/","title":{"rendered":"Abierto hasta el 20 de mayo el plazo para la solicitud de subvenciones municipales dirigidas a asociaciones de padres y madres de alumnos de Infantil y Primaria"},"content":{"rendered":"<h4>Se destinar\u00e1n hasta 65.000 euros para fomentar la realizaci\u00f3n de actividades extraescolares durante el curso 2013-2014<\/h4>\n<p class=\"Textonota\"><a href=\"http:\/\/laguiadepamplona.es\/noticias\/wp-content\/uploads\/2014\/01\/01_Pamplona.jpg\"><img loading=\"lazy\" decoding=\"async\" class=\"alignleft size-medium wp-image-113\" src=\"http:\/\/laguiadepamplona.es\/noticias\/wp-content\/uploads\/2014\/01\/01_Pamplona-300x225.jpg\" alt=\"01_Pamplona\" width=\"300\" height=\"225\" \/><\/a>Hasta el 20 de mayo est\u00e1 abierto el plazo de presentaci\u00f3n de solicitudes para la convocatoria de subvenciones, en r\u00e9gimen de concurrencia competitiva, destinadas a las asociaciones de padres y madres de alumnos de centros escolares de Educaci\u00f3n Infantil y Primaria de Pamplona para este curso 2013-2014. El objetivo de la convocatoria es fomentar la realizaci\u00f3n de actividades extraescolares que favorezcan el desarrollo educativo e impliquen la participaci\u00f3n activa de padres y madres y\/o alumnos, tal y como se recoge en el Bolet\u00edn Oficial de Navarra n\u00famero 83, de fecha 30 de abril de 2014, en el que aparece publicada.<\/p>\n<p class=\"Textonota\">La convocatoria est\u00e1 dotada con 65.000 euros, que se distribuir\u00e1n en funci\u00f3n de la actividad para la que se solicite ayuda. De este modo, se destinar\u00e1n un m\u00e1ximo de 17.765 euros y una subvenci\u00f3n de hasta el 75% del gasto admitido para actividades extraescolares para el alumnado del centro fuera del horario escolar; un m\u00e1ximo 25.330 euros y una ayuda m\u00e1xima del 75% para actividades formativas para padres y madres; hasta 4.250 euros y subvenci\u00f3n de hasta el 10% para actividades l\u00fadicas; y un m\u00e1ximo de 17.655 euros para los gastos de gesti\u00f3n y funcionamiento, con un m\u00e1ximo subvencionable del 85% para las Federaciones de Apymas y del 15% para las Apymas. No se consideran subvencionables las actividades, tanto para alumnos como para padres y madres, que coincidan con alguno de los programas educativos, deportivos o culturales del Ayuntamiento de Pamplona.<\/p>\n<p class=\"Textonota\">Podr\u00e1n acceder a estas ayudas tanto las Apymas de los centros educativos de Infantil y Primaria como las federaciones de Apymas cuyo domicilio fiscal y social est\u00e9 en Pamplona. Adem\u00e1s no deben estar incursas en causas de prohibici\u00f3n establecidas en la Ordenanza General de Subvenciones y deben estar legalmente constituidas e inscritas en el registro correspondiente a la fecha de finalizaci\u00f3n del plazo de presentaci\u00f3n de solicitudes. Es tambi\u00e9n imprescindible que las actividades para las que se solicita ayuda se desarrollen para los padres, madres y alumnos en el curso 2013\u20132014.<\/p>\n<p class=\"Textonota\">Las solicitudes pueden presentarse en el Registro General del Ayuntamiento de Pamplona, en los registros auxiliares o en cualquiera de los previstos en el art\u00edculo 38 de la Ley de R\u00e9gimen Jur\u00eddico de las Administraciones P\u00fablicas y del Procedimiento Administrativo Com\u00fan.<\/p>\n<p class=\"Textonota\">\n","protected":false},"excerpt":{"rendered":"<p>Se destinar\u00e1n hasta 65.000 euros para fomentar la realizaci\u00f3n de actividades extraescolares durante el curso 2013-2014 Hasta el 20 de mayo est\u00e1 abierto el plazo de presentaci\u00f3n de solicitudes para&#8230;<\/p>\n","protected":false},"author":1,"featured_media":113,"comment_status":"open","ping_status":"open","sticky":false,"template":"","format":"standard","meta":{"footnotes":""},"categories":[2],"tags":[5,1230,6,509,8,1231,9,468],"class_list":["post-1603","post","type-post","status-publish","format-standard","has-post-thumbnail","hentry","category-ayuntamiento-pamplona","tag-actualidad","tag-alumnos-de-infantil-y-primaria","tag-ayto-pamplona","tag-ayuntamiento-de-pamplona","tag-noticias","tag-padres-y-madres","tag-pamplona","tag-subvenciones"],"yoast_head":"<!-- This site is optimized with the Yoast SEO plugin v27.5 - https:\/\/yoast.com\/product\/yoast-seo-wordpress\/ -->\n<title>Abierto hasta el 20 de mayo el plazo para la solicitud de subvenciones municipales dirigidas a asociaciones de padres y madres de alumnos de Infantil y Primaria<\/title>\n<meta name=\"robots\" content=\"index, follow, max-snippet:-1, max-image-preview:large, max-video-preview:-1\" \/>\n<link rel=\"canonical\" href=\"https:\/\/www.laguiadepamplona.com\/actualidad\/abierto-hasta-el-20-de-mayo-el-plazo-para-la-solicitud-de-subvenciones-municipales-dirigidas-a-asociaciones-de-padres-y-madres-de-alumnos-de-infantil-y-primaria\/\" \/>\n<meta property=\"og:locale\" content=\"es_ES\" \/>\n<meta property=\"og:type\" content=\"article\" \/>\n<meta property=\"og:title\" content=\"Abierto hasta el 20 de mayo el plazo para la solicitud de subvenciones municipales dirigidas a asociaciones de padres y madres de alumnos de Infantil y Primaria\" \/>\n<meta property=\"og:description\" content=\"Se destinar\u00e1n hasta 65.000 euros para fomentar la realizaci\u00f3n de actividades extraescolares durante el curso 2013-2014 Hasta el 20 de mayo est\u00e1 abierto el plazo de presentaci\u00f3n de solicitudes para...\" \/>\n<meta property=\"og:url\" content=\"https:\/\/www.laguiadepamplona.com\/actualidad\/abierto-hasta-el-20-de-mayo-el-plazo-para-la-solicitud-de-subvenciones-municipales-dirigidas-a-asociaciones-de-padres-y-madres-de-alumnos-de-infantil-y-primaria\/\" \/>\n<meta property=\"og:site_name\" content=\"La Gu\u00eda de Pamplona\" \/>\n<meta property=\"article:publisher\" content=\"https:\/\/www.facebook.com\/laguiadepamplonacom-133175176762273\/?ref=hl\" \/>\n<meta property=\"article:published_time\" content=\"2014-05-15T11:36:37+00:00\" \/>\n<meta name=\"author\" content=\"La Gu\u00eda de Pamplona\" \/>\n<meta name=\"twitter:card\" content=\"summary_large_image\" \/>\n<meta name=\"twitter:creator\" content=\"@LaGuiadPamplona\" \/>\n<meta name=\"twitter:site\" content=\"@LaGuiadPamplona\" \/>\n<meta name=\"twitter:label1\" content=\"Escrito por\" \/>\n\t<meta name=\"twitter:data1\" content=\"La Gu\u00eda de Pamplona\" \/>\n\t<meta name=\"twitter:label2\" content=\"Tiempo de lectura\" \/>\n\t<meta name=\"twitter:data2\" content=\"2 minutos\" \/>\n<script type=\"application\/ld+json\" class=\"yoast-schema-graph\">{\"@context\":\"https:\\\/\\\/schema.org\",\"@graph\":[{\"@type\":\"Article\",\"@id\":\"https:\\\/\\\/www.laguiadepamplona.com\\\/actualidad\\\/abierto-hasta-el-20-de-mayo-el-plazo-para-la-solicitud-de-subvenciones-municipales-dirigidas-a-asociaciones-de-padres-y-madres-de-alumnos-de-infantil-y-primaria\\\/#article\",\"isPartOf\":{\"@id\":\"https:\\\/\\\/www.laguiadepamplona.com\\\/actualidad\\\/abierto-hasta-el-20-de-mayo-el-plazo-para-la-solicitud-de-subvenciones-municipales-dirigidas-a-asociaciones-de-padres-y-madres-de-alumnos-de-infantil-y-primaria\\\/\"},\"author\":{\"name\":\"La Gu\u00eda de Pamplona\",\"@id\":\"https:\\\/\\\/www.laguiadepamplona.com\\\/actualidad\\\/#\\\/schema\\\/person\\\/efe887376f0213d4657c93adc50b1fdb\"},\"headline\":\"Abierto hasta el 20 de mayo el plazo para la solicitud de subvenciones municipales dirigidas a asociaciones de padres y madres de alumnos de Infantil y Primaria\",\"datePublished\":\"2014-05-15T11:36:37+00:00\",\"mainEntityOfPage\":{\"@id\":\"https:\\\/\\\/www.laguiadepamplona.com\\\/actualidad\\\/abierto-hasta-el-20-de-mayo-el-plazo-para-la-solicitud-de-subvenciones-municipales-dirigidas-a-asociaciones-de-padres-y-madres-de-alumnos-de-infantil-y-primaria\\\/\"},\"wordCount\":431,\"commentCount\":0,\"publisher\":{\"@id\":\"https:\\\/\\\/www.laguiadepamplona.com\\\/actualidad\\\/#organization\"},\"image\":{\"@id\":\"https:\\\/\\\/www.laguiadepamplona.com\\\/actualidad\\\/abierto-hasta-el-20-de-mayo-el-plazo-para-la-solicitud-de-subvenciones-municipales-dirigidas-a-asociaciones-de-padres-y-madres-de-alumnos-de-infantil-y-primaria\\\/#primaryimage\"},\"thumbnailUrl\":\"\",\"keywords\":[\"actualidad\",\"alumnos de Infantil y Primaria\",\"ayto pamplona\",\"Ayuntamiento de Pamplona\",\"noticias\",\"padres y madres\",\"pamplona\",\"subvenciones\"],\"articleSection\":[\"Ayto Pamplona\"],\"inLanguage\":\"es\",\"potentialAction\":[{\"@type\":\"CommentAction\",\"name\":\"Comment\",\"target\":[\"https:\\\/\\\/www.laguiadepamplona.com\\\/actualidad\\\/abierto-hasta-el-20-de-mayo-el-plazo-para-la-solicitud-de-subvenciones-municipales-dirigidas-a-asociaciones-de-padres-y-madres-de-alumnos-de-infantil-y-primaria\\\/#respond\"]}]},{\"@type\":\"WebPage\",\"@id\":\"https:\\\/\\\/www.laguiadepamplona.com\\\/actualidad\\\/abierto-hasta-el-20-de-mayo-el-plazo-para-la-solicitud-de-subvenciones-municipales-dirigidas-a-asociaciones-de-padres-y-madres-de-alumnos-de-infantil-y-primaria\\\/\",\"url\":\"https:\\\/\\\/www.laguiadepamplona.com\\\/actualidad\\\/abierto-hasta-el-20-de-mayo-el-plazo-para-la-solicitud-de-subvenciones-municipales-dirigidas-a-asociaciones-de-padres-y-madres-de-alumnos-de-infantil-y-primaria\\\/\",\"name\":\"Abierto hasta el 20 de mayo el plazo para la solicitud de subvenciones municipales dirigidas a asociaciones de padres y madres de alumnos de Infantil y Primaria\",\"isPartOf\":{\"@id\":\"https:\\\/\\\/www.laguiadepamplona.com\\\/actualidad\\\/#website\"},\"primaryImageOfPage\":{\"@id\":\"https:\\\/\\\/www.laguiadepamplona.com\\\/actualidad\\\/abierto-hasta-el-20-de-mayo-el-plazo-para-la-solicitud-de-subvenciones-municipales-dirigidas-a-asociaciones-de-padres-y-madres-de-alumnos-de-infantil-y-primaria\\\/#primaryimage\"},\"image\":{\"@id\":\"https:\\\/\\\/www.laguiadepamplona.com\\\/actualidad\\\/abierto-hasta-el-20-de-mayo-el-plazo-para-la-solicitud-de-subvenciones-municipales-dirigidas-a-asociaciones-de-padres-y-madres-de-alumnos-de-infantil-y-primaria\\\/#primaryimage\"},\"thumbnailUrl\":\"\",\"datePublished\":\"2014-05-15T11:36:37+00:00\",\"breadcrumb\":{\"@id\":\"https:\\\/\\\/www.laguiadepamplona.com\\\/actualidad\\\/abierto-hasta-el-20-de-mayo-el-plazo-para-la-solicitud-de-subvenciones-municipales-dirigidas-a-asociaciones-de-padres-y-madres-de-alumnos-de-infantil-y-primaria\\\/#breadcrumb\"},\"inLanguage\":\"es\",\"potentialAction\":[{\"@type\":\"ReadAction\",\"target\":[\"https:\\\/\\\/www.laguiadepamplona.com\\\/actualidad\\\/abierto-hasta-el-20-de-mayo-el-plazo-para-la-solicitud-de-subvenciones-municipales-dirigidas-a-asociaciones-de-padres-y-madres-de-alumnos-de-infantil-y-primaria\\\/\"]}]},{\"@type\":\"ImageObject\",\"inLanguage\":\"es\",\"@id\":\"https:\\\/\\\/www.laguiadepamplona.com\\\/actualidad\\\/abierto-hasta-el-20-de-mayo-el-plazo-para-la-solicitud-de-subvenciones-municipales-dirigidas-a-asociaciones-de-padres-y-madres-de-alumnos-de-infantil-y-primaria\\\/#primaryimage\",\"url\":\"\",\"contentUrl\":\"\"},{\"@type\":\"BreadcrumbList\",\"@id\":\"https:\\\/\\\/www.laguiadepamplona.com\\\/actualidad\\\/abierto-hasta-el-20-de-mayo-el-plazo-para-la-solicitud-de-subvenciones-municipales-dirigidas-a-asociaciones-de-padres-y-madres-de-alumnos-de-infantil-y-primaria\\\/#breadcrumb\",\"itemListElement\":[{\"@type\":\"ListItem\",\"position\":1,\"name\":\"Portada\",\"item\":\"https:\\\/\\\/www.laguiadepamplona.com\\\/actualidad\\\/\"},{\"@type\":\"ListItem\",\"position\":2,\"name\":\"Abierto hasta el 20 de mayo el plazo para la solicitud de subvenciones municipales dirigidas a asociaciones de padres y madres de alumnos de Infantil y Primaria\"}]},{\"@type\":\"WebSite\",\"@id\":\"https:\\\/\\\/www.laguiadepamplona.com\\\/actualidad\\\/#website\",\"url\":\"https:\\\/\\\/www.laguiadepamplona.com\\\/actualidad\\\/\",\"name\":\"La gu\u00eda de Pamplona\",\"description\":\"Noticias de Pamplona\",\"publisher\":{\"@id\":\"https:\\\/\\\/www.laguiadepamplona.com\\\/actualidad\\\/#organization\"},\"potentialAction\":[{\"@type\":\"SearchAction\",\"target\":{\"@type\":\"EntryPoint\",\"urlTemplate\":\"https:\\\/\\\/www.laguiadepamplona.com\\\/actualidad\\\/?s={search_term_string}\"},\"query-input\":{\"@type\":\"PropertyValueSpecification\",\"valueRequired\":true,\"valueName\":\"search_term_string\"}}],\"inLanguage\":\"es\"},{\"@type\":\"Organization\",\"@id\":\"https:\\\/\\\/www.laguiadepamplona.com\\\/actualidad\\\/#organization\",\"name\":\"La Gu\u00eda de Pamplona \\\/ Noticias\",\"url\":\"https:\\\/\\\/www.laguiadepamplona.com\\\/actualidad\\\/\",\"logo\":{\"@type\":\"ImageObject\",\"inLanguage\":\"es\",\"@id\":\"https:\\\/\\\/www.laguiadepamplona.com\\\/actualidad\\\/#\\\/schema\\\/logo\\\/image\\\/\",\"url\":\"https:\\\/\\\/www.laguiadepamplona.com\\\/actualidad\\\/wp-content\\\/uploads\\\/2018\\\/11\\\/logo-laguiadepamplona18-web1.png\",\"contentUrl\":\"https:\\\/\\\/www.laguiadepamplona.com\\\/actualidad\\\/wp-content\\\/uploads\\\/2018\\\/11\\\/logo-laguiadepamplona18-web1.png\",\"width\":600,\"height\":196,\"caption\":\"La Gu\u00eda de Pamplona \\\/ Noticias\"},\"image\":{\"@id\":\"https:\\\/\\\/www.laguiadepamplona.com\\\/actualidad\\\/#\\\/schema\\\/logo\\\/image\\\/\"},\"sameAs\":[\"https:\\\/\\\/www.facebook.com\\\/laguiadepamplonacom-133175176762273\\\/?ref=hl\",\"https:\\\/\\\/x.com\\\/LaGuiadPamplona\",\"https:\\\/\\\/www.instagram.com\\\/la_guia_de_pamplona\\\/\",\"https:\\\/\\\/www.youtube.com\\\/user\\\/laguiadepamplona\"]},{\"@type\":\"Person\",\"@id\":\"https:\\\/\\\/www.laguiadepamplona.com\\\/actualidad\\\/#\\\/schema\\\/person\\\/efe887376f0213d4657c93adc50b1fdb\",\"name\":\"La Gu\u00eda de Pamplona\",\"image\":{\"@type\":\"ImageObject\",\"inLanguage\":\"es\",\"@id\":\"https:\\\/\\\/secure.gravatar.com\\\/avatar\\\/b6992f131dc8d30ab0dff15446e9d346d9dbd95992de0fef795073f5ea83a81c?s=96&d=mm&r=g\",\"url\":\"https:\\\/\\\/secure.gravatar.com\\\/avatar\\\/b6992f131dc8d30ab0dff15446e9d346d9dbd95992de0fef795073f5ea83a81c?s=96&d=mm&r=g\",\"contentUrl\":\"https:\\\/\\\/secure.gravatar.com\\\/avatar\\\/b6992f131dc8d30ab0dff15446e9d346d9dbd95992de0fef795073f5ea83a81c?s=96&d=mm&r=g\",\"caption\":\"La Gu\u00eda de Pamplona\"}}]}<\/script>\n<!-- \/ Yoast SEO plugin. -->","yoast_head_json":{"title":"Abierto hasta el 20 de mayo el plazo para la solicitud de subvenciones municipales dirigidas a asociaciones de padres y madres de alumnos de Infantil y Primaria","robots":{"index":"index","follow":"follow","max-snippet":"max-snippet:-1","max-image-preview":"max-image-preview:large","max-video-preview":"max-video-preview:-1"},"canonical":"https:\/\/www.laguiadepamplona.com\/actualidad\/abierto-hasta-el-20-de-mayo-el-plazo-para-la-solicitud-de-subvenciones-municipales-dirigidas-a-asociaciones-de-padres-y-madres-de-alumnos-de-infantil-y-primaria\/","og_locale":"es_ES","og_type":"article","og_title":"Abierto hasta el 20 de mayo el plazo para la solicitud de subvenciones municipales dirigidas a asociaciones de padres y madres de alumnos de Infantil y Primaria","og_description":"Se destinar\u00e1n hasta 65.000 euros para fomentar la realizaci\u00f3n de actividades extraescolares durante el curso 2013-2014 Hasta el 20 de mayo est\u00e1 abierto el plazo de presentaci\u00f3n de solicitudes para...","og_url":"https:\/\/www.laguiadepamplona.com\/actualidad\/abierto-hasta-el-20-de-mayo-el-plazo-para-la-solicitud-de-subvenciones-municipales-dirigidas-a-asociaciones-de-padres-y-madres-de-alumnos-de-infantil-y-primaria\/","og_site_name":"La Gu\u00eda de Pamplona","article_publisher":"https:\/\/www.facebook.com\/laguiadepamplonacom-133175176762273\/?ref=hl","article_published_time":"2014-05-15T11:36:37+00:00","author":"La Gu\u00eda de Pamplona","twitter_card":"summary_large_image","twitter_creator":"@LaGuiadPamplona","twitter_site":"@LaGuiadPamplona","twitter_misc":{"Escrito por":"La Gu\u00eda de Pamplona","Tiempo de lectura":"2 minutos"},"schema":{"@context":"https:\/\/schema.org","@graph":[{"@type":"Article","@id":"https:\/\/www.laguiadepamplona.com\/actualidad\/abierto-hasta-el-20-de-mayo-el-plazo-para-la-solicitud-de-subvenciones-municipales-dirigidas-a-asociaciones-de-padres-y-madres-de-alumnos-de-infantil-y-primaria\/#article","isPartOf":{"@id":"https:\/\/www.laguiadepamplona.com\/actualidad\/abierto-hasta-el-20-de-mayo-el-plazo-para-la-solicitud-de-subvenciones-municipales-dirigidas-a-asociaciones-de-padres-y-madres-de-alumnos-de-infantil-y-primaria\/"},"author":{"name":"La Gu\u00eda de Pamplona","@id":"https:\/\/www.laguiadepamplona.com\/actualidad\/#\/schema\/person\/efe887376f0213d4657c93adc50b1fdb"},"headline":"Abierto hasta el 20 de mayo el plazo para la solicitud de subvenciones municipales dirigidas a asociaciones de padres y madres de alumnos de Infantil y Primaria","datePublished":"2014-05-15T11:36:37+00:00","mainEntityOfPage":{"@id":"https:\/\/www.laguiadepamplona.com\/actualidad\/abierto-hasta-el-20-de-mayo-el-plazo-para-la-solicitud-de-subvenciones-municipales-dirigidas-a-asociaciones-de-padres-y-madres-de-alumnos-de-infantil-y-primaria\/"},"wordCount":431,"commentCount":0,"publisher":{"@id":"https:\/\/www.laguiadepamplona.com\/actualidad\/#organization"},"image":{"@id":"https:\/\/www.laguiadepamplona.com\/actualidad\/abierto-hasta-el-20-de-mayo-el-plazo-para-la-solicitud-de-subvenciones-municipales-dirigidas-a-asociaciones-de-padres-y-madres-de-alumnos-de-infantil-y-primaria\/#primaryimage"},"thumbnailUrl":"","keywords":["actualidad","alumnos de Infantil y Primaria","ayto pamplona","Ayuntamiento de Pamplona","noticias","padres y madres","pamplona","subvenciones"],"articleSection":["Ayto Pamplona"],"inLanguage":"es","potentialAction":[{"@type":"CommentAction","name":"Comment","target":["https:\/\/www.laguiadepamplona.com\/actualidad\/abierto-hasta-el-20-de-mayo-el-plazo-para-la-solicitud-de-subvenciones-municipales-dirigidas-a-asociaciones-de-padres-y-madres-de-alumnos-de-infantil-y-primaria\/#respond"]}]},{"@type":"WebPage","@id":"https:\/\/www.laguiadepamplona.com\/actualidad\/abierto-hasta-el-20-de-mayo-el-plazo-para-la-solicitud-de-subvenciones-municipales-dirigidas-a-asociaciones-de-padres-y-madres-de-alumnos-de-infantil-y-primaria\/","url":"https:\/\/www.laguiadepamplona.com\/actualidad\/abierto-hasta-el-20-de-mayo-el-plazo-para-la-solicitud-de-subvenciones-municipales-dirigidas-a-asociaciones-de-padres-y-madres-de-alumnos-de-infantil-y-primaria\/","name":"Abierto hasta el 20 de mayo el plazo para la solicitud de subvenciones municipales dirigidas a asociaciones de padres y madres de alumnos de Infantil y Primaria","isPartOf":{"@id":"https:\/\/www.laguiadepamplona.com\/actualidad\/#website"},"primaryImageOfPage":{"@id":"https:\/\/www.laguiadepamplona.com\/actualidad\/abierto-hasta-el-20-de-mayo-el-plazo-para-la-solicitud-de-subvenciones-municipales-dirigidas-a-asociaciones-de-padres-y-madres-de-alumnos-de-infantil-y-primaria\/#primaryimage"},"image":{"@id":"https:\/\/www.laguiadepamplona.com\/actualidad\/abierto-hasta-el-20-de-mayo-el-plazo-para-la-solicitud-de-subvenciones-municipales-dirigidas-a-asociaciones-de-padres-y-madres-de-alumnos-de-infantil-y-primaria\/#primaryimage"},"thumbnailUrl":"","datePublished":"2014-05-15T11:36:37+00:00","breadcrumb":{"@id":"https:\/\/www.laguiadepamplona.com\/actualidad\/abierto-hasta-el-20-de-mayo-el-plazo-para-la-solicitud-de-subvenciones-municipales-dirigidas-a-asociaciones-de-padres-y-madres-de-alumnos-de-infantil-y-primaria\/#breadcrumb"},"inLanguage":"es","potentialAction":[{"@type":"ReadAction","target":["https:\/\/www.laguiadepamplona.com\/actualidad\/abierto-hasta-el-20-de-mayo-el-plazo-para-la-solicitud-de-subvenciones-municipales-dirigidas-a-asociaciones-de-padres-y-madres-de-alumnos-de-infantil-y-primaria\/"]}]},{"@type":"ImageObject","inLanguage":"es","@id":"https:\/\/www.laguiadepamplona.com\/actualidad\/abierto-hasta-el-20-de-mayo-el-plazo-para-la-solicitud-de-subvenciones-municipales-dirigidas-a-asociaciones-de-padres-y-madres-de-alumnos-de-infantil-y-primaria\/#primaryimage","url":"","contentUrl":""},{"@type":"BreadcrumbList","@id":"https:\/\/www.laguiadepamplona.com\/actualidad\/abierto-hasta-el-20-de-mayo-el-plazo-para-la-solicitud-de-subvenciones-municipales-dirigidas-a-asociaciones-de-padres-y-madres-de-alumnos-de-infantil-y-primaria\/#breadcrumb","itemListElement":[{"@type":"ListItem","position":1,"name":"Portada","item":"https:\/\/www.laguiadepamplona.com\/actualidad\/"},{"@type":"ListItem","position":2,"name":"Abierto hasta el 20 de mayo el plazo para la solicitud de subvenciones municipales dirigidas a asociaciones de padres y madres de alumnos de Infantil y Primaria"}]},{"@type":"WebSite","@id":"https:\/\/www.laguiadepamplona.com\/actualidad\/#website","url":"https:\/\/www.laguiadepamplona.com\/actualidad\/","name":"La gu\u00eda de Pamplona","description":"Noticias de Pamplona","publisher":{"@id":"https:\/\/www.laguiadepamplona.com\/actualidad\/#organization"},"potentialAction":[{"@type":"SearchAction","target":{"@type":"EntryPoint","urlTemplate":"https:\/\/www.laguiadepamplona.com\/actualidad\/?s={search_term_string}"},"query-input":{"@type":"PropertyValueSpecification","valueRequired":true,"valueName":"search_term_string"}}],"inLanguage":"es"},{"@type":"Organization","@id":"https:\/\/www.laguiadepamplona.com\/actualidad\/#organization","name":"La Gu\u00eda de Pamplona \/ Noticias","url":"https:\/\/www.laguiadepamplona.com\/actualidad\/","logo":{"@type":"ImageObject","inLanguage":"es","@id":"https:\/\/www.laguiadepamplona.com\/actualidad\/#\/schema\/logo\/image\/","url":"https:\/\/www.laguiadepamplona.com\/actualidad\/wp-content\/uploads\/2018\/11\/logo-laguiadepamplona18-web1.png","contentUrl":"https:\/\/www.laguiadepamplona.com\/actualidad\/wp-content\/uploads\/2018\/11\/logo-laguiadepamplona18-web1.png","width":600,"height":196,"caption":"La Gu\u00eda de Pamplona \/ Noticias"},"image":{"@id":"https:\/\/www.laguiadepamplona.com\/actualidad\/#\/schema\/logo\/image\/"},"sameAs":["https:\/\/www.facebook.com\/laguiadepamplonacom-133175176762273\/?ref=hl","https:\/\/x.com\/LaGuiadPamplona","https:\/\/www.instagram.com\/la_guia_de_pamplona\/","https:\/\/www.youtube.com\/user\/laguiadepamplona"]},{"@type":"Person","@id":"https:\/\/www.laguiadepamplona.com\/actualidad\/#\/schema\/person\/efe887376f0213d4657c93adc50b1fdb","name":"La Gu\u00eda de Pamplona","image":{"@type":"ImageObject","inLanguage":"es","@id":"https:\/\/secure.gravatar.com\/avatar\/b6992f131dc8d30ab0dff15446e9d346d9dbd95992de0fef795073f5ea83a81c?s=96&d=mm&r=g","url":"https:\/\/secure.gravatar.com\/avatar\/b6992f131dc8d30ab0dff15446e9d346d9dbd95992de0fef795073f5ea83a81c?s=96&d=mm&r=g","contentUrl":"https:\/\/secure.gravatar.com\/avatar\/b6992f131dc8d30ab0dff15446e9d346d9dbd95992de0fef795073f5ea83a81c?s=96&d=mm&r=g","caption":"La Gu\u00eda de Pamplona"}}]}},"post_mailing_queue_ids":[],"_links":{"self":[{"href":"https:\/\/www.laguiadepamplona.com\/actualidad\/wp-json\/wp\/v2\/posts\/1603","targetHints":{"allow":["GET"]}}],"collection":[{"href":"https:\/\/www.laguiadepamplona.com\/actualidad\/wp-json\/wp\/v2\/posts"}],"about":[{"href":"https:\/\/www.laguiadepamplona.com\/actualidad\/wp-json\/wp\/v2\/types\/post"}],"author":[{"embeddable":true,"href":"https:\/\/www.laguiadepamplona.com\/actualidad\/wp-json\/wp\/v2\/users\/1"}],"replies":[{"embeddable":true,"href":"https:\/\/www.laguiadepamplona.com\/actualidad\/wp-json\/wp\/v2\/comments?post=1603"}],"version-history":[{"count":0,"href":"https:\/\/www.laguiadepamplona.com\/actualidad\/wp-json\/wp\/v2\/posts\/1603\/revisions"}],"wp:featuredmedia":[{"embeddable":true,"href":"https:\/\/www.laguiadepamplona.com\/actualidad\/wp-json\/"}],"wp:attachment":[{"href":"https:\/\/www.laguiadepamplona.com\/actualidad\/wp-json\/wp\/v2\/media?parent=1603"}],"wp:term":[{"taxonomy":"category","embeddable":true,"href":"https:\/\/www.laguiadepamplona.com\/actualidad\/wp-json\/wp\/v2\/categories?post=1603"},{"taxonomy":"post_tag","embeddable":true,"href":"https:\/\/www.laguiadepamplona.com\/actualidad\/wp-json\/wp\/v2\/tags?post=1603"}],"curies":[{"name":"wp","href":"https:\/\/api.w.org\/{rel}","templated":true}]}}