{"id":16018,"date":"2018-02-08T12:00:36","date_gmt":"2018-02-08T11:00:36","guid":{"rendered":"http:\/\/laguiadepamplona.es\/actualidad\/?p=16018"},"modified":"2018-02-08T12:00:36","modified_gmt":"2018-02-08T11:00:36","slug":"el-ayuntamiento-eleva-las-ayudas-de-cultura-un-166-en-dos-anos-para-incrementar-la-actividad-cultural-y-creacion-artistica-en-pamplona","status":"publish","type":"post","link":"https:\/\/www.laguiadepamplona.com\/actualidad\/el-ayuntamiento-eleva-las-ayudas-de-cultura-un-166-en-dos-anos-para-incrementar-la-actividad-cultural-y-creacion-artistica-en-pamplona\/","title":{"rendered":"El Ayuntamiento eleva las ayudas de cultura un 16,6% en dos a\u00f1os para incrementar la actividad cultural y creaci\u00f3n art\u00edstica en Pamplona"},"content":{"rendered":"<h3>Adem\u00e1s, se han puesto en marcha 5 nuevos programas propios para aumentar la oferta de calle y acercar el arte y la cultura a toda la ciudadan\u00eda<\/h3>\n<p><!--more--><\/p>\n<p>El Ayuntamiento de Pamplona ha incrementado las ayudas de cultura en un 16,6% en los dos \u00faltimos a\u00f1os para incrementar la actividad cultural y la creaci\u00f3n art\u00edstica en la ciudad. As\u00ed, la convocatoria de ayudas a la realizaci\u00f3n de proyectos art\u00edsticos y culturales, dotada con 377.000 euros en 2015, ha pasado a contar con un presupuesto de 439.500 euros en 2017, y se ha dividido adem\u00e1s en tres l\u00edneas de subvenciones para poder llegar de esta manera a proyectos m\u00e1s de todas las caracter\u00edsticas y presupuestos.<\/p>\n<p>La concejala delegada de Educaci\u00f3n y Cultura, Maider Beloki, y la directora del \u00e1rea, Maitena Muruz\u00e1bal, han presentado esta ma\u00f1ana en rueda de prensa las l\u00edneas de actuaci\u00f3n del \u00e1rea, orientadas especialmente a facilitar las iniciativas culturales que se promuevan en la ciudad y completarla con programas propios municipales, y han explicado las mejoras introducidas en la gesti\u00f3n, desde la comunicaci\u00f3n con las entidades solicitantes hasta los tiempos de pago.<\/p>\n<p>Seg\u00fan han explicado, las convocatorias de subvenciones son una de las v\u00edas de colaboraci\u00f3n m\u00e1s importantes que tiene el Ayuntamiento para cumplir con estos objetivos. Durante 2016 y 2017 se ha realizado una revisi\u00f3n de las subvenciones con el objetivo de facilitar las iniciativas que tiene la ciudadan\u00eda y motivar o animar a que surjan otras nuevas. En esta revisi\u00f3n ha habido un incremento en las ayudas y se han modificado tambi\u00e9n otros aspectos.<\/p>\n<p>De esta manera, la convocatoria de ayudas a la realizaci\u00f3n de proyectos art\u00edsticos y culturales paso de los 377.000 euros del a\u00f1o 2015 a 400.000 en 2016. En 2017 se dio un paso m\u00e1s en esta revisi\u00f3n y se crearon distintas convocatorias cuyo importe total ha llegado a los 439.500 euros. As\u00ed, la tradicional convocatoria de subvenciones se dividi\u00f3 en dos: una dirigida a entidades sin \u00e1nimo de lucro para la realizaci\u00f3n de proyectos art\u00edsticos de car\u00e1cter anual con presupuesto superior a 70.000 euros; y otra para actividades de difusi\u00f3n cultural y art\u00edstica.<\/p>\n<p>De esta manera, los proyectos anuales contaron con una l\u00ednea de ayudas de 266.500 euros (241.500 para asociaciones sin \u00e1nimo de lucro y 25.000 para entidades dependientes del Gobierno de Navarra). Y otro tipo de actividades de difusi\u00f3n cultural y art\u00edsticas, como festivales, recitales, ciclos, encuentros o cert\u00e1menes de artes esc\u00e9nicas, ciclos o encuentros de m\u00fasica, talleres, proyecciones audiovisuales, actividades de promoci\u00f3n del libro o la lectura, etc. lograron su propio espacio con una convocatoria espec\u00edfica, dotada con 152.000 euros, de los que 116.000 se destinaron a asociaciones sin \u00e1nimo de lucro y 36.000 para empresas culturales.<\/p>\n<p>De esta manera, se ha racionalizado el reparto de la cantidad disponible y se ha potenciado a los proyectos de presupuesto m\u00e1s reducido en los que la ayuda municipal, aunque no sea tan elevada como en la convocatoria de proyectos art\u00edsticos, es imprescindible para el desarrollo de las actividades. As\u00ed, gracias a esta convocatoria, se han celebrado en 2017 actividades como el Festival Beltza Weekend (Asociaci\u00f3n Gautxoriak Soul Club),\u00a0 la Concentraci\u00f3n de rondallas de Navarra, unas jornadas sobre globalizaci\u00f3n, territorio y cultura promovida por Nabarralde Fundazioa, el grupo de teatro, charlas, conciertos y otras actividades de Karrikiri Elkartea, el Festival Santas Pascuas (Los Bol\u00edgrafos S.L.) y el Festival de teatro de Navidad Yarleku antzerkia. En 2016 fueron novedad el Foro Auzolan Kulturgunea (Asociaci\u00f3n Cultural Ruido de Fondo), el Festival internacional de v\u00eddeo danza Zinetika (El trastero creativo) y las proyecciones de cine de monta\u00f1a organizada por la Sociedad Cultural Deportivo Recreativa Anaitasuna.<\/p>\n<p>Adem\u00e1s, en 2017 se puso en marcha una nueva convocatoria, destinada a favorecer la actividad de creadores art\u00edsticos. Se trata de la convocatoria de premios a la creaci\u00f3n art\u00edstica, que ha premiado con 3.000 euros a cada uno de los siete proyectos seleccionados.<\/p>\n<p><strong>Mejoras de gesti\u00f3n<\/strong><\/p>\n<p>En las dos convocatorias de ayudas se han a\u00f1adido dos tr\u00e1mites de inter\u00e9s para las asociaciones. Por un lado, la comunicaci\u00f3n de inclusi\u00f3n o exclusi\u00f3n en el procedimiento, con un informe de preevaluaci\u00f3n realizado por el \u00f3rgano instructor, objeto de una resoluci\u00f3n de tr\u00e1mite que se comunicar\u00e1 a las entidades solicitantes. De esta forma, pueden conocer si su solicitud se ha tenido en cuenta y cumple con los requisitos formales establecidos y ha sido admitida o excluida. Por otro lado, la propuesta de resoluci\u00f3n de concesi\u00f3n de ayudas se comunica a las entidades adjudicatarias de forma individualizada a fin de que en el plazo de tres d\u00edas naturales confirmen su aceptaci\u00f3n.<\/p>\n<p>Como en la anterior convocatoria, se puede realizar una defensa presencial de las solicitudes. Como instrumento para un mejor conocimiento de las solicitudes, se establece un turno de presentaci\u00f3n y defensa presencial de los proyectos abierto a las entidades solicitantes que voluntariamente deseen hacerlo. En la presentaci\u00f3n se deben aplicar criterios de concisi\u00f3n y claridad, con un m\u00e1ximo de diez minutos y puede continuarse con un turno de preguntas por parte de la comisi\u00f3n de valoraci\u00f3n.<\/p>\n<p>Otra novedad tiene que ver con el importe que se paga en el momento de resoluci\u00f3n de la convocatoria. Si la entidad ha recibido ayuda en alguna de las tres \u00faltimas convocatorias a actividades culturales y art\u00edsticas y \u00e9sta se hubiese justificado en su totalidad, se ordena el pago del 70% del importe de la subvenci\u00f3n en el momento en que se resuelva la convocatoria. Una vez que la actividad se realiza y se justifican los gastos, se procede al pago del 30% restante. En el resto de casos, se abona el 50% en el momento de resoluci\u00f3n de la convocatoria y el otro 50% una vez realizada y justificada la actividad objeto de la subvenci\u00f3n. En las convocatorias anteriores se adelantaba \u00fanicamente el 60% a aquellas que hubieran recibido ayuda en los tres a\u00f1os anteriores.<\/p>\n<p><strong>Colaboraciones con promotores musicales y programas propios<\/strong><\/p>\n<p>El Ayuntamiento de Pamplona ha querido tambi\u00e9n impulsar los conciertos y festivales musicales de gran formato facilitando a los promotores el espacio de la Ciudadela y unas infraestructuras (escenario, vallas, ba\u00f1os, etc.) por valor de 40.000 euros. A trav\u00e9s de una convocatoria p\u00fablica de recepci\u00f3n de propuestas, se han presentado distintas iniciativas que se valoraron positivamente de manera que en este a\u00f1o 2018 se llevar\u00e1n a cabo en Ciudadela al menos cuatro festivales musicales.<\/p>\n<p>La oferta se complementa con los programas propios que lanza anualmente el \u00c1rea de Cultura, tratando de complementar la oferta de actividades que ya se desarrollan desde las entidades, atendiendo a todas las disciplinas y, sobre todo, intentado acercar el arte y la cultura a la ciudadan\u00eda con actividades que muchas veces se desarrollan en la calle y cuyo acceso en la mayor\u00eda de casos es gratuito.<\/p>\n<p>En esta l\u00ednea los programas propios nuevos han sido el Festival de las Murallas, un festival centrado en las artes de calle (danza, teatro, circo) que se ha desarrollado en agosto en Ciudadela, Baluarte de Guadalupe y rincones amurallados, que se estren\u00f3 en 2016 y se consolid\u00f3 en 2017, con m\u00e1s de 20.000 espectadores en el escenario natural de la Ciudadela. En esta segunda edici\u00f3n destac\u00f3, por la respuesta del p\u00fablico, el concierto de Kalakan, que naci\u00f3 de una coproducci\u00f3n llevada a cabo por los Ayuntamientos de Pamplona, Bayona y Hondarribia, as\u00ed como la clausura a cargo de Bivouac, incluido en el proyecto europeo de Mar a Mar.<\/p>\n<p>En este festival se integra \u2018La muralla en danza\u2019 que ya se realizaba anteriormente y \u2018Danzad danzad malditos\u2019, nueva programaci\u00f3n de danza contempor\u00e1nea desarrollada por primera vez en 2016. Adem\u00e1s, en verano se llev\u00f3 a cabo \u2018Atardecer Pamplona\u2019 en la plaza de la O y \u2018Auzokale\u2019, programaci\u00f3n realizada por primera vez en 2017 desde Civivox para acercar las actividades culturales a las plazas de los barrios.<\/p>\n<p>Otro de los nuevos programas propios puestos en marcha es el Festival Otras Luces, programaci\u00f3n centrada en la creaci\u00f3n audiovisual con una muestra de videoarte con piezas de artistas internacionales\u00a0 proyectadas en\u00a0 distintas paredes del centro de la ciudad en los \u00faltimos diez d\u00edas del a\u00f1o. En el a\u00f1o 2017 se incluy\u00f3 tambi\u00e9n la proyecci\u00f3n de vide mapping en la fachada de sala de armas de Ciudadela y un taller de cine ef\u00edmero en el barrio de la Txantrea.<\/p>\n<p>En colaboraci\u00f3n de la Asociaci\u00f3n Iru\u00f1ea NOLA y de la Coordinadora Cultural de San Jorge, Ibai Ertzean ofreci\u00f3 un conjunto de actividades como actuaciones musicales, talleres, proyecciones de cine y charlas. Se centr\u00f3 en la importancia del valor de la m\u00fasica como pr\u00e1ctica comunitaria que impulsa y alimenta transformaciones sociales. Tuvo como escenario principal un espacio bajo el puente de la avenida de Navarra y se realiz\u00f3 una intervenci\u00f3n art\u00edstica en dicha zona con el objetivo de recuperar un espacio simb\u00f3lico del barrio. Este a\u00f1o 2018 el festival ampl\u00eda su radio de acci\u00f3n tambi\u00e9n a la educaci\u00f3n y el festival se realizar\u00e1 en le barrio de Etxabakoitz..<\/p>\n<p>La Plaza de los Burgos ha sido el escenario elegido para la puesta en marcha de un nuevo festival, Pim Pam Ville, con motivo de la celebraci\u00f3n del Privilegio de la Uni\u00f3n. En esta primera edici\u00f3n del festival participaron grupos de garaje, pop, folk y punk local, nacional e internacional, como Exnovios, Los Hermanos Cubero y The Fuzztones, entre otros. Entre los objetivos de este programa estaba el diversificar el tipo de m\u00fasica que se ofrece en Pamplona y llegar a un p\u00fablico m\u00e1s joven.<\/p>\n<p>En 2017 tambi\u00e9n arranc\u00f3 otro nuevo festival, este dedicado a la cultura japonesa: Yamaguchi Torii, si bien se ha puesto en marcha a mediados de enero de 2018 coincidiendo con la celebraci\u00f3n del Festival de Anime de Navarra. El planteamiento ha sido el de construcci\u00f3n de un universo japon\u00e9s cultural en el parque de Yamaguchi, utilizando todas las sedes culturales que hay en el entorno y buscando atraer a un nuevo p\u00fablico joven y adolescente que cada vez se siente m\u00e1s atra\u00eddo por la cultura japonesa. Para ello se realizaron actividades relacionadas con la literatura y el manga, degustaciones, exhibiciones de artes marciales, juegos, karaoke y otras propuestas, adem\u00e1s de incluir el Festival de Animaci\u00f3n Japonesa (FAN) que este a\u00f1o alcanz\u00f3 su XV edici\u00f3n.<\/p>\n<p>Y tambi\u00e9n cabe rese\u00f1ar una actividad que, aunque no es nueva, s\u00ed se le ha dado un nuevo enfoque. Se trata del Festival de M\u00fasica Sacra, un programa que se ha reorientado, disminuyendo el n\u00famero de actuaciones y mejorando la calidad. Esta b\u00fasqueda de calidad ha conllevado la presencia de formaciones nacionales e internacionales de renombre y ha tenido una acogida muy favorable entre el p\u00fablico.<\/p>\n<p>&nbsp;<\/p>\n","protected":false},"excerpt":{"rendered":"<p>Adem\u00e1s, se han puesto en marcha 5 nuevos programas propios para aumentar la oferta de calle y acercar el arte y la cultura a toda la ciudadan\u00eda<\/p>\n","protected":false},"author":1,"featured_media":10979,"comment_status":"open","ping_status":"closed","sticky":false,"template":"","format":"standard","meta":{"footnotes":""},"categories":[2],"tags":[],"class_list":["post-16018","post","type-post","status-publish","format-standard","has-post-thumbnail","hentry","category-ayuntamiento-pamplona"],"yoast_head":"<!-- This site is optimized with the Yoast SEO plugin v27.3 - https:\/\/yoast.com\/product\/yoast-seo-wordpress\/ -->\n<title>El Ayuntamiento eleva las ayudas de cultura un 16,6% en dos a\u00f1os para incrementar la actividad cultural y creaci\u00f3n art\u00edstica en Pamplona<\/title>\n<meta name=\"robots\" content=\"index, follow, max-snippet:-1, max-image-preview:large, max-video-preview:-1\" \/>\n<link rel=\"canonical\" href=\"https:\/\/www.laguiadepamplona.com\/actualidad\/el-ayuntamiento-eleva-las-ayudas-de-cultura-un-166-en-dos-anos-para-incrementar-la-actividad-cultural-y-creacion-artistica-en-pamplona\/\" \/>\n<meta property=\"og:locale\" content=\"es_ES\" \/>\n<meta property=\"og:type\" content=\"article\" \/>\n<meta property=\"og:title\" content=\"El Ayuntamiento eleva las ayudas de cultura un 16,6% en dos a\u00f1os para incrementar la actividad cultural y creaci\u00f3n art\u00edstica en Pamplona\" \/>\n<meta property=\"og:description\" content=\"Adem\u00e1s, se han puesto en marcha 5 nuevos programas propios para aumentar la oferta de calle y acercar el arte y la cultura a toda la ciudadan\u00eda\" \/>\n<meta property=\"og:url\" content=\"https:\/\/www.laguiadepamplona.com\/actualidad\/el-ayuntamiento-eleva-las-ayudas-de-cultura-un-166-en-dos-anos-para-incrementar-la-actividad-cultural-y-creacion-artistica-en-pamplona\/\" \/>\n<meta property=\"og:site_name\" content=\"La Gu\u00eda de Pamplona\" \/>\n<meta property=\"article:publisher\" content=\"https:\/\/www.facebook.com\/laguiadepamplonacom-133175176762273\/?ref=hl\" \/>\n<meta property=\"article:published_time\" content=\"2018-02-08T11:00:36+00:00\" \/>\n<meta property=\"og:image\" content=\"https:\/\/www.laguiadepamplona.com\/actualidad\/wp-content\/uploads\/2016\/11\/Ayto_Pamplona.jpg\" \/>\n\t<meta property=\"og:image:width\" content=\"900\" \/>\n\t<meta property=\"og:image:height\" content=\"675\" \/>\n\t<meta property=\"og:image:type\" content=\"image\/jpeg\" \/>\n<meta name=\"author\" content=\"La Gu\u00eda de Pamplona\" \/>\n<meta name=\"twitter:card\" content=\"summary_large_image\" \/>\n<meta name=\"twitter:creator\" content=\"@LaGuiadPamplona\" \/>\n<meta name=\"twitter:site\" content=\"@LaGuiadPamplona\" \/>\n<meta name=\"twitter:label1\" content=\"Escrito por\" \/>\n\t<meta name=\"twitter:data1\" content=\"La Gu\u00eda de Pamplona\" \/>\n\t<meta name=\"twitter:label2\" content=\"Tiempo de lectura\" \/>\n\t<meta name=\"twitter:data2\" content=\"9 minutos\" \/>\n<script type=\"application\/ld+json\" class=\"yoast-schema-graph\">{\"@context\":\"https:\\\/\\\/schema.org\",\"@graph\":[{\"@type\":\"Article\",\"@id\":\"https:\\\/\\\/www.laguiadepamplona.com\\\/actualidad\\\/el-ayuntamiento-eleva-las-ayudas-de-cultura-un-166-en-dos-anos-para-incrementar-la-actividad-cultural-y-creacion-artistica-en-pamplona\\\/#article\",\"isPartOf\":{\"@id\":\"https:\\\/\\\/www.laguiadepamplona.com\\\/actualidad\\\/el-ayuntamiento-eleva-las-ayudas-de-cultura-un-166-en-dos-anos-para-incrementar-la-actividad-cultural-y-creacion-artistica-en-pamplona\\\/\"},\"author\":{\"name\":\"La Gu\u00eda de Pamplona\",\"@id\":\"https:\\\/\\\/www.laguiadepamplona.com\\\/actualidad\\\/#\\\/schema\\\/person\\\/efe887376f0213d4657c93adc50b1fdb\"},\"headline\":\"El Ayuntamiento eleva las ayudas de cultura un 16,6% en dos a\u00f1os para incrementar la actividad cultural y creaci\u00f3n art\u00edstica en Pamplona\",\"datePublished\":\"2018-02-08T11:00:36+00:00\",\"mainEntityOfPage\":{\"@id\":\"https:\\\/\\\/www.laguiadepamplona.com\\\/actualidad\\\/el-ayuntamiento-eleva-las-ayudas-de-cultura-un-166-en-dos-anos-para-incrementar-la-actividad-cultural-y-creacion-artistica-en-pamplona\\\/\"},\"wordCount\":1881,\"commentCount\":0,\"publisher\":{\"@id\":\"https:\\\/\\\/www.laguiadepamplona.com\\\/actualidad\\\/#organization\"},\"image\":{\"@id\":\"https:\\\/\\\/www.laguiadepamplona.com\\\/actualidad\\\/el-ayuntamiento-eleva-las-ayudas-de-cultura-un-166-en-dos-anos-para-incrementar-la-actividad-cultural-y-creacion-artistica-en-pamplona\\\/#primaryimage\"},\"thumbnailUrl\":\"https:\\\/\\\/www.laguiadepamplona.com\\\/actualidad\\\/wp-content\\\/uploads\\\/2016\\\/11\\\/Ayto_Pamplona.jpg\",\"articleSection\":[\"Ayto Pamplona\"],\"inLanguage\":\"es\",\"potentialAction\":[{\"@type\":\"CommentAction\",\"name\":\"Comment\",\"target\":[\"https:\\\/\\\/www.laguiadepamplona.com\\\/actualidad\\\/el-ayuntamiento-eleva-las-ayudas-de-cultura-un-166-en-dos-anos-para-incrementar-la-actividad-cultural-y-creacion-artistica-en-pamplona\\\/#respond\"]}]},{\"@type\":\"WebPage\",\"@id\":\"https:\\\/\\\/www.laguiadepamplona.com\\\/actualidad\\\/el-ayuntamiento-eleva-las-ayudas-de-cultura-un-166-en-dos-anos-para-incrementar-la-actividad-cultural-y-creacion-artistica-en-pamplona\\\/\",\"url\":\"https:\\\/\\\/www.laguiadepamplona.com\\\/actualidad\\\/el-ayuntamiento-eleva-las-ayudas-de-cultura-un-166-en-dos-anos-para-incrementar-la-actividad-cultural-y-creacion-artistica-en-pamplona\\\/\",\"name\":\"El Ayuntamiento eleva las ayudas de cultura un 16,6% en dos a\u00f1os para incrementar la actividad cultural y creaci\u00f3n art\u00edstica en Pamplona\",\"isPartOf\":{\"@id\":\"https:\\\/\\\/www.laguiadepamplona.com\\\/actualidad\\\/#website\"},\"primaryImageOfPage\":{\"@id\":\"https:\\\/\\\/www.laguiadepamplona.com\\\/actualidad\\\/el-ayuntamiento-eleva-las-ayudas-de-cultura-un-166-en-dos-anos-para-incrementar-la-actividad-cultural-y-creacion-artistica-en-pamplona\\\/#primaryimage\"},\"image\":{\"@id\":\"https:\\\/\\\/www.laguiadepamplona.com\\\/actualidad\\\/el-ayuntamiento-eleva-las-ayudas-de-cultura-un-166-en-dos-anos-para-incrementar-la-actividad-cultural-y-creacion-artistica-en-pamplona\\\/#primaryimage\"},\"thumbnailUrl\":\"https:\\\/\\\/www.laguiadepamplona.com\\\/actualidad\\\/wp-content\\\/uploads\\\/2016\\\/11\\\/Ayto_Pamplona.jpg\",\"datePublished\":\"2018-02-08T11:00:36+00:00\",\"breadcrumb\":{\"@id\":\"https:\\\/\\\/www.laguiadepamplona.com\\\/actualidad\\\/el-ayuntamiento-eleva-las-ayudas-de-cultura-un-166-en-dos-anos-para-incrementar-la-actividad-cultural-y-creacion-artistica-en-pamplona\\\/#breadcrumb\"},\"inLanguage\":\"es\",\"potentialAction\":[{\"@type\":\"ReadAction\",\"target\":[\"https:\\\/\\\/www.laguiadepamplona.com\\\/actualidad\\\/el-ayuntamiento-eleva-las-ayudas-de-cultura-un-166-en-dos-anos-para-incrementar-la-actividad-cultural-y-creacion-artistica-en-pamplona\\\/\"]}]},{\"@type\":\"ImageObject\",\"inLanguage\":\"es\",\"@id\":\"https:\\\/\\\/www.laguiadepamplona.com\\\/actualidad\\\/el-ayuntamiento-eleva-las-ayudas-de-cultura-un-166-en-dos-anos-para-incrementar-la-actividad-cultural-y-creacion-artistica-en-pamplona\\\/#primaryimage\",\"url\":\"https:\\\/\\\/www.laguiadepamplona.com\\\/actualidad\\\/wp-content\\\/uploads\\\/2016\\\/11\\\/Ayto_Pamplona.jpg\",\"contentUrl\":\"https:\\\/\\\/www.laguiadepamplona.com\\\/actualidad\\\/wp-content\\\/uploads\\\/2016\\\/11\\\/Ayto_Pamplona.jpg\",\"width\":900,\"height\":675},{\"@type\":\"BreadcrumbList\",\"@id\":\"https:\\\/\\\/www.laguiadepamplona.com\\\/actualidad\\\/el-ayuntamiento-eleva-las-ayudas-de-cultura-un-166-en-dos-anos-para-incrementar-la-actividad-cultural-y-creacion-artistica-en-pamplona\\\/#breadcrumb\",\"itemListElement\":[{\"@type\":\"ListItem\",\"position\":1,\"name\":\"Portada\",\"item\":\"https:\\\/\\\/www.laguiadepamplona.com\\\/actualidad\\\/\"},{\"@type\":\"ListItem\",\"position\":2,\"name\":\"El Ayuntamiento eleva las ayudas de cultura un 16,6% en dos a\u00f1os para incrementar la actividad cultural y creaci\u00f3n art\u00edstica en Pamplona\"}]},{\"@type\":\"WebSite\",\"@id\":\"https:\\\/\\\/www.laguiadepamplona.com\\\/actualidad\\\/#website\",\"url\":\"https:\\\/\\\/www.laguiadepamplona.com\\\/actualidad\\\/\",\"name\":\"La gu\u00eda de Pamplona\",\"description\":\"Noticias de Pamplona\",\"publisher\":{\"@id\":\"https:\\\/\\\/www.laguiadepamplona.com\\\/actualidad\\\/#organization\"},\"potentialAction\":[{\"@type\":\"SearchAction\",\"target\":{\"@type\":\"EntryPoint\",\"urlTemplate\":\"https:\\\/\\\/www.laguiadepamplona.com\\\/actualidad\\\/?s={search_term_string}\"},\"query-input\":{\"@type\":\"PropertyValueSpecification\",\"valueRequired\":true,\"valueName\":\"search_term_string\"}}],\"inLanguage\":\"es\"},{\"@type\":\"Organization\",\"@id\":\"https:\\\/\\\/www.laguiadepamplona.com\\\/actualidad\\\/#organization\",\"name\":\"La Gu\u00eda de Pamplona \\\/ Noticias\",\"url\":\"https:\\\/\\\/www.laguiadepamplona.com\\\/actualidad\\\/\",\"logo\":{\"@type\":\"ImageObject\",\"inLanguage\":\"es\",\"@id\":\"https:\\\/\\\/www.laguiadepamplona.com\\\/actualidad\\\/#\\\/schema\\\/logo\\\/image\\\/\",\"url\":\"https:\\\/\\\/www.laguiadepamplona.com\\\/actualidad\\\/wp-content\\\/uploads\\\/2018\\\/11\\\/logo-laguiadepamplona18-web1.png\",\"contentUrl\":\"https:\\\/\\\/www.laguiadepamplona.com\\\/actualidad\\\/wp-content\\\/uploads\\\/2018\\\/11\\\/logo-laguiadepamplona18-web1.png\",\"width\":600,\"height\":196,\"caption\":\"La Gu\u00eda de Pamplona \\\/ Noticias\"},\"image\":{\"@id\":\"https:\\\/\\\/www.laguiadepamplona.com\\\/actualidad\\\/#\\\/schema\\\/logo\\\/image\\\/\"},\"sameAs\":[\"https:\\\/\\\/www.facebook.com\\\/laguiadepamplonacom-133175176762273\\\/?ref=hl\",\"https:\\\/\\\/x.com\\\/LaGuiadPamplona\",\"https:\\\/\\\/www.instagram.com\\\/la_guia_de_pamplona\\\/\",\"https:\\\/\\\/www.youtube.com\\\/user\\\/laguiadepamplona\"]},{\"@type\":\"Person\",\"@id\":\"https:\\\/\\\/www.laguiadepamplona.com\\\/actualidad\\\/#\\\/schema\\\/person\\\/efe887376f0213d4657c93adc50b1fdb\",\"name\":\"La Gu\u00eda de Pamplona\",\"image\":{\"@type\":\"ImageObject\",\"inLanguage\":\"es\",\"@id\":\"https:\\\/\\\/secure.gravatar.com\\\/avatar\\\/b6992f131dc8d30ab0dff15446e9d346d9dbd95992de0fef795073f5ea83a81c?s=96&d=mm&r=g\",\"url\":\"https:\\\/\\\/secure.gravatar.com\\\/avatar\\\/b6992f131dc8d30ab0dff15446e9d346d9dbd95992de0fef795073f5ea83a81c?s=96&d=mm&r=g\",\"contentUrl\":\"https:\\\/\\\/secure.gravatar.com\\\/avatar\\\/b6992f131dc8d30ab0dff15446e9d346d9dbd95992de0fef795073f5ea83a81c?s=96&d=mm&r=g\",\"caption\":\"La Gu\u00eda de Pamplona\"}}]}<\/script>\n<!-- \/ Yoast SEO plugin. -->","yoast_head_json":{"title":"El Ayuntamiento eleva las ayudas de cultura un 16,6% en dos a\u00f1os para incrementar la actividad cultural y creaci\u00f3n art\u00edstica en Pamplona","robots":{"index":"index","follow":"follow","max-snippet":"max-snippet:-1","max-image-preview":"max-image-preview:large","max-video-preview":"max-video-preview:-1"},"canonical":"https:\/\/www.laguiadepamplona.com\/actualidad\/el-ayuntamiento-eleva-las-ayudas-de-cultura-un-166-en-dos-anos-para-incrementar-la-actividad-cultural-y-creacion-artistica-en-pamplona\/","og_locale":"es_ES","og_type":"article","og_title":"El Ayuntamiento eleva las ayudas de cultura un 16,6% en dos a\u00f1os para incrementar la actividad cultural y creaci\u00f3n art\u00edstica en Pamplona","og_description":"Adem\u00e1s, se han puesto en marcha 5 nuevos programas propios para aumentar la oferta de calle y acercar el arte y la cultura a toda la ciudadan\u00eda","og_url":"https:\/\/www.laguiadepamplona.com\/actualidad\/el-ayuntamiento-eleva-las-ayudas-de-cultura-un-166-en-dos-anos-para-incrementar-la-actividad-cultural-y-creacion-artistica-en-pamplona\/","og_site_name":"La Gu\u00eda de Pamplona","article_publisher":"https:\/\/www.facebook.com\/laguiadepamplonacom-133175176762273\/?ref=hl","article_published_time":"2018-02-08T11:00:36+00:00","og_image":[{"width":900,"height":675,"url":"https:\/\/www.laguiadepamplona.com\/actualidad\/wp-content\/uploads\/2016\/11\/Ayto_Pamplona.jpg","type":"image\/jpeg"}],"author":"La Gu\u00eda de Pamplona","twitter_card":"summary_large_image","twitter_creator":"@LaGuiadPamplona","twitter_site":"@LaGuiadPamplona","twitter_misc":{"Escrito por":"La Gu\u00eda de Pamplona","Tiempo de lectura":"9 minutos"},"schema":{"@context":"https:\/\/schema.org","@graph":[{"@type":"Article","@id":"https:\/\/www.laguiadepamplona.com\/actualidad\/el-ayuntamiento-eleva-las-ayudas-de-cultura-un-166-en-dos-anos-para-incrementar-la-actividad-cultural-y-creacion-artistica-en-pamplona\/#article","isPartOf":{"@id":"https:\/\/www.laguiadepamplona.com\/actualidad\/el-ayuntamiento-eleva-las-ayudas-de-cultura-un-166-en-dos-anos-para-incrementar-la-actividad-cultural-y-creacion-artistica-en-pamplona\/"},"author":{"name":"La Gu\u00eda de Pamplona","@id":"https:\/\/www.laguiadepamplona.com\/actualidad\/#\/schema\/person\/efe887376f0213d4657c93adc50b1fdb"},"headline":"El Ayuntamiento eleva las ayudas de cultura un 16,6% en dos a\u00f1os para incrementar la actividad cultural y creaci\u00f3n art\u00edstica en Pamplona","datePublished":"2018-02-08T11:00:36+00:00","mainEntityOfPage":{"@id":"https:\/\/www.laguiadepamplona.com\/actualidad\/el-ayuntamiento-eleva-las-ayudas-de-cultura-un-166-en-dos-anos-para-incrementar-la-actividad-cultural-y-creacion-artistica-en-pamplona\/"},"wordCount":1881,"commentCount":0,"publisher":{"@id":"https:\/\/www.laguiadepamplona.com\/actualidad\/#organization"},"image":{"@id":"https:\/\/www.laguiadepamplona.com\/actualidad\/el-ayuntamiento-eleva-las-ayudas-de-cultura-un-166-en-dos-anos-para-incrementar-la-actividad-cultural-y-creacion-artistica-en-pamplona\/#primaryimage"},"thumbnailUrl":"https:\/\/www.laguiadepamplona.com\/actualidad\/wp-content\/uploads\/2016\/11\/Ayto_Pamplona.jpg","articleSection":["Ayto Pamplona"],"inLanguage":"es","potentialAction":[{"@type":"CommentAction","name":"Comment","target":["https:\/\/www.laguiadepamplona.com\/actualidad\/el-ayuntamiento-eleva-las-ayudas-de-cultura-un-166-en-dos-anos-para-incrementar-la-actividad-cultural-y-creacion-artistica-en-pamplona\/#respond"]}]},{"@type":"WebPage","@id":"https:\/\/www.laguiadepamplona.com\/actualidad\/el-ayuntamiento-eleva-las-ayudas-de-cultura-un-166-en-dos-anos-para-incrementar-la-actividad-cultural-y-creacion-artistica-en-pamplona\/","url":"https:\/\/www.laguiadepamplona.com\/actualidad\/el-ayuntamiento-eleva-las-ayudas-de-cultura-un-166-en-dos-anos-para-incrementar-la-actividad-cultural-y-creacion-artistica-en-pamplona\/","name":"El Ayuntamiento eleva las ayudas de cultura un 16,6% en dos a\u00f1os para incrementar la actividad cultural y creaci\u00f3n art\u00edstica en Pamplona","isPartOf":{"@id":"https:\/\/www.laguiadepamplona.com\/actualidad\/#website"},"primaryImageOfPage":{"@id":"https:\/\/www.laguiadepamplona.com\/actualidad\/el-ayuntamiento-eleva-las-ayudas-de-cultura-un-166-en-dos-anos-para-incrementar-la-actividad-cultural-y-creacion-artistica-en-pamplona\/#primaryimage"},"image":{"@id":"https:\/\/www.laguiadepamplona.com\/actualidad\/el-ayuntamiento-eleva-las-ayudas-de-cultura-un-166-en-dos-anos-para-incrementar-la-actividad-cultural-y-creacion-artistica-en-pamplona\/#primaryimage"},"thumbnailUrl":"https:\/\/www.laguiadepamplona.com\/actualidad\/wp-content\/uploads\/2016\/11\/Ayto_Pamplona.jpg","datePublished":"2018-02-08T11:00:36+00:00","breadcrumb":{"@id":"https:\/\/www.laguiadepamplona.com\/actualidad\/el-ayuntamiento-eleva-las-ayudas-de-cultura-un-166-en-dos-anos-para-incrementar-la-actividad-cultural-y-creacion-artistica-en-pamplona\/#breadcrumb"},"inLanguage":"es","potentialAction":[{"@type":"ReadAction","target":["https:\/\/www.laguiadepamplona.com\/actualidad\/el-ayuntamiento-eleva-las-ayudas-de-cultura-un-166-en-dos-anos-para-incrementar-la-actividad-cultural-y-creacion-artistica-en-pamplona\/"]}]},{"@type":"ImageObject","inLanguage":"es","@id":"https:\/\/www.laguiadepamplona.com\/actualidad\/el-ayuntamiento-eleva-las-ayudas-de-cultura-un-166-en-dos-anos-para-incrementar-la-actividad-cultural-y-creacion-artistica-en-pamplona\/#primaryimage","url":"https:\/\/www.laguiadepamplona.com\/actualidad\/wp-content\/uploads\/2016\/11\/Ayto_Pamplona.jpg","contentUrl":"https:\/\/www.laguiadepamplona.com\/actualidad\/wp-content\/uploads\/2016\/11\/Ayto_Pamplona.jpg","width":900,"height":675},{"@type":"BreadcrumbList","@id":"https:\/\/www.laguiadepamplona.com\/actualidad\/el-ayuntamiento-eleva-las-ayudas-de-cultura-un-166-en-dos-anos-para-incrementar-la-actividad-cultural-y-creacion-artistica-en-pamplona\/#breadcrumb","itemListElement":[{"@type":"ListItem","position":1,"name":"Portada","item":"https:\/\/www.laguiadepamplona.com\/actualidad\/"},{"@type":"ListItem","position":2,"name":"El Ayuntamiento eleva las ayudas de cultura un 16,6% en dos a\u00f1os para incrementar la actividad cultural y creaci\u00f3n art\u00edstica en Pamplona"}]},{"@type":"WebSite","@id":"https:\/\/www.laguiadepamplona.com\/actualidad\/#website","url":"https:\/\/www.laguiadepamplona.com\/actualidad\/","name":"La gu\u00eda de Pamplona","description":"Noticias de Pamplona","publisher":{"@id":"https:\/\/www.laguiadepamplona.com\/actualidad\/#organization"},"potentialAction":[{"@type":"SearchAction","target":{"@type":"EntryPoint","urlTemplate":"https:\/\/www.laguiadepamplona.com\/actualidad\/?s={search_term_string}"},"query-input":{"@type":"PropertyValueSpecification","valueRequired":true,"valueName":"search_term_string"}}],"inLanguage":"es"},{"@type":"Organization","@id":"https:\/\/www.laguiadepamplona.com\/actualidad\/#organization","name":"La Gu\u00eda de Pamplona \/ Noticias","url":"https:\/\/www.laguiadepamplona.com\/actualidad\/","logo":{"@type":"ImageObject","inLanguage":"es","@id":"https:\/\/www.laguiadepamplona.com\/actualidad\/#\/schema\/logo\/image\/","url":"https:\/\/www.laguiadepamplona.com\/actualidad\/wp-content\/uploads\/2018\/11\/logo-laguiadepamplona18-web1.png","contentUrl":"https:\/\/www.laguiadepamplona.com\/actualidad\/wp-content\/uploads\/2018\/11\/logo-laguiadepamplona18-web1.png","width":600,"height":196,"caption":"La Gu\u00eda de Pamplona \/ Noticias"},"image":{"@id":"https:\/\/www.laguiadepamplona.com\/actualidad\/#\/schema\/logo\/image\/"},"sameAs":["https:\/\/www.facebook.com\/laguiadepamplonacom-133175176762273\/?ref=hl","https:\/\/x.com\/LaGuiadPamplona","https:\/\/www.instagram.com\/la_guia_de_pamplona\/","https:\/\/www.youtube.com\/user\/laguiadepamplona"]},{"@type":"Person","@id":"https:\/\/www.laguiadepamplona.com\/actualidad\/#\/schema\/person\/efe887376f0213d4657c93adc50b1fdb","name":"La Gu\u00eda de Pamplona","image":{"@type":"ImageObject","inLanguage":"es","@id":"https:\/\/secure.gravatar.com\/avatar\/b6992f131dc8d30ab0dff15446e9d346d9dbd95992de0fef795073f5ea83a81c?s=96&d=mm&r=g","url":"https:\/\/secure.gravatar.com\/avatar\/b6992f131dc8d30ab0dff15446e9d346d9dbd95992de0fef795073f5ea83a81c?s=96&d=mm&r=g","contentUrl":"https:\/\/secure.gravatar.com\/avatar\/b6992f131dc8d30ab0dff15446e9d346d9dbd95992de0fef795073f5ea83a81c?s=96&d=mm&r=g","caption":"La Gu\u00eda de Pamplona"}}]}},"post_mailing_queue_ids":[],"_links":{"self":[{"href":"https:\/\/www.laguiadepamplona.com\/actualidad\/wp-json\/wp\/v2\/posts\/16018","targetHints":{"allow":["GET"]}}],"collection":[{"href":"https:\/\/www.laguiadepamplona.com\/actualidad\/wp-json\/wp\/v2\/posts"}],"about":[{"href":"https:\/\/www.laguiadepamplona.com\/actualidad\/wp-json\/wp\/v2\/types\/post"}],"author":[{"embeddable":true,"href":"https:\/\/www.laguiadepamplona.com\/actualidad\/wp-json\/wp\/v2\/users\/1"}],"replies":[{"embeddable":true,"href":"https:\/\/www.laguiadepamplona.com\/actualidad\/wp-json\/wp\/v2\/comments?post=16018"}],"version-history":[{"count":0,"href":"https:\/\/www.laguiadepamplona.com\/actualidad\/wp-json\/wp\/v2\/posts\/16018\/revisions"}],"wp:featuredmedia":[{"embeddable":true,"href":"https:\/\/www.laguiadepamplona.com\/actualidad\/wp-json\/wp\/v2\/media\/10979"}],"wp:attachment":[{"href":"https:\/\/www.laguiadepamplona.com\/actualidad\/wp-json\/wp\/v2\/media?parent=16018"}],"wp:term":[{"taxonomy":"category","embeddable":true,"href":"https:\/\/www.laguiadepamplona.com\/actualidad\/wp-json\/wp\/v2\/categories?post=16018"},{"taxonomy":"post_tag","embeddable":true,"href":"https:\/\/www.laguiadepamplona.com\/actualidad\/wp-json\/wp\/v2\/tags?post=16018"}],"curies":[{"name":"wp","href":"https:\/\/api.w.org\/{rel}","templated":true}]}}