{"id":16015,"date":"2018-02-07T15:01:42","date_gmt":"2018-02-07T14:01:42","guid":{"rendered":"http:\/\/laguiadepamplona.es\/actualidad\/?p=16015"},"modified":"2018-02-07T15:01:42","modified_gmt":"2018-02-07T14:01:42","slug":"el-pasado-ano-1-726-personas-diferentes-usaron-el-centro-de-atencion-a-personas-sin-hogar-del-ayuntamiento-de-pamplona-un-10-mas-que-en-2016","status":"publish","type":"post","link":"https:\/\/www.laguiadepamplona.com\/actualidad\/el-pasado-ano-1-726-personas-diferentes-usaron-el-centro-de-atencion-a-personas-sin-hogar-del-ayuntamiento-de-pamplona-un-10-mas-que-en-2016\/","title":{"rendered":"El pasado a\u00f1o 1.726 personas diferentes usaron el Centro de Atenci\u00f3n a Personas sin Hogar del Ayuntamiento de Pamplona, un 10% m\u00e1s que en 2016"},"content":{"rendered":"<h3>En 2017 se rompe la tendencia descendente que se apreciaba en los servicios y programas municipales de Alta Exclusi\u00f3n desde 2013<\/h3>\n<p><!--more--><\/p>\n<p>En 2017 el Centro de Atenci\u00f3n a Personas sin Hogar del Ayuntamiento de Pamplona y sus programas dise\u00f1ados por el servicio de Alta Exclusi\u00f3n del \u00c1rea de Acci\u00f3n Social, fueron utilizados por 1.726 personas diferentes; de ellas, s\u00f3lo 186 fueron mujeres lo que supone un 10,77% del total de usuarios, un porcentaje que desde hace a\u00f1os se mantiene estable.<\/p>\n<p>Seg\u00fan esta cifra, en 2017 se ha producido un repunte de un 10,7% en el n\u00famero de atendidos respecto de 2016, rompiendo la tendencia a la disminuci\u00f3n de personas usuarias que se ven\u00eda apreciando desde el a\u00f1o 2013. Los primeros meses de 2018 muestran, adem\u00e1s, que se mantienen la l\u00ednea al alza respecto al mismo periodo del a\u00f1o anterior. El perfil de usuario del centro de Atenci\u00f3n a Personas sin Hogar volver\u00eda a ser en 2017 el de un hombre, espa\u00f1ol, de 45 a 54 a\u00f1os.<\/p>\n<p>Adem\u00e1s de esto, desde los programas de Calle (educadores y alojamiento en pensiones) se atendieron a 176 personas en medio abierto y recursos residenciales externos, frente a los 136 de 2016. En este programa se frena el rejuvenecimiento y las personas atendidas son mayoritariamente de nacionalidad espa\u00f1ola (54,5%).<\/p>\n<p>En 2017 la participaci\u00f3n de voluntariado en el Centro de Atenci\u00f3n a Personas sin Hogar se ha mantenido en cifras similares a las de 2016 (38 personas); se ha incluido una figura sanitaria de enfermer\u00eda al servicio del recurso y se ha trabajado especialmente en el \u00e1mbito de la violencia de g\u00e9nero. En este periodo se han mantenido para las personas usuarias los talleres de torniller\u00eda y la huerta ecol\u00f3gica y se ha estrenado un taller de escritura. El blog que mantienen activo las personas usuarias del centro tuvo 800 entradas el a\u00f1o pasado.<\/p>\n<p><strong>Edad madura con usuarios de 69 nacionalidades distintas<\/strong><\/p>\n<p>Si se computan los datos de los tres programas den centro (atenci\u00f3n a personas itinerantes, empadronadas y atenci\u00f3n en calle) en la distribuci\u00f3n por edades el grueso de usuarios atendidos en 2017 tienen edades comprendidas entre los 35 y los 54 a\u00f1os, siendo algo superior en n\u00famero la horquilla de 45 a 54 a\u00f1os. Por el conjunto de los programas han pasado personas de 69 nacionalidades deferentes, aunque la procedencia m\u00e1s habitual es Espa\u00f1a, con un 45,24% de las personas usuarias (781). Las siguientes nacionalidades con m\u00e1s presencia se ubican en el Magreb: la marroqu\u00ed con 268 usuarios (15,52%) seguida a mucha distancia por la argelina que supone 7,76%.<\/p>\n<p>En total el centro ha registrado 14.878 estancias, es decir una ocupaci\u00f3n de 41,90 personas al d\u00eda lo que supone 38 plazas de media cubiertas en per\u00edodo normal y 46,83 en Ola de fr\u00edo. La composici\u00f3n de esas plazas fue de 20,23 personas al d\u00eda en el programa de itinerantes (7.182 estancias); 18,03 usuarios empadronados al d\u00eda (6.401 estancias) y 8,57 personas provenientes de la activaci\u00f3n del Protocolo por ola de fr\u00edo (1.295 estancias).<\/p>\n<p><strong>Un final de a\u00f1o con mucho fr\u00edo<\/strong><\/p>\n<p>El Protocolo por ola de fr\u00edo es un sistema reactivo de recursos que permite acoger personas usuarias en el centro sin requisitos de acceso y que est\u00e1 regulado en la correspondiente ordenanza. Aunque inicialmente no era as\u00ed, desde noviembre de 2015 se mantiene activo de forma preventiva de noviembre a marzo, dado que las temperaturas bajas pueden sobrevenir de madrugada. En 2017 se ha atendido a 250 personas diferentes en aplicaci\u00f3n de este protocolo, un 13% m\u00e1s que en 2016.<\/p>\n<p>Los datos recogido en el programa de Alta Exclusi\u00f3n del Ayuntamiento de Pamplona establecen que la ocupaci\u00f3n media en 2017 ha sido de 8,5 personas por noche en el periodo noviembre-marzo, aunque en realidad las atenciones por ola de fr\u00edo fueron muy variables: de los 3,4 usuarios por noche de febrero a los 15,4 de diciembre, por ejemplo.<\/p>\n<p>Este recurso municipal pretende que ninguna persona sin hogar que se encuentre en Pamplona en situaciones de climatolog\u00eda adversa se quede sin recibir atenci\u00f3n de alojamiento y, en su caso, alimentaci\u00f3n e higiene. Por ello acoge hasta cubrir un total de 14 plazas a quienes pernoctan en la calle, independientemente de si cumplen o no los requisitos de acceso al centro (excepto menores de edad y usuarios sancionados con la expulsi\u00f3n).<\/p>\n<p><strong>Alojamiento en pensiones y billetes de autob\u00fas<\/strong><\/p>\n<p>En el momento en que las plazas se cubren, el Ayuntamiento de Pamplona, a trav\u00e9s de Polic\u00eda Municipal o de las Unidades de Barrio, deriva a los posibles usuarios a otros recursos de alojamiento de la ciudad. Es entonces cuando entran en funcionamiento, por ejemplo, iniciativas como el reparto de vales para pensiones concertadas. Desde que empez\u00f3 el a\u00f1o 2018 casi cada noche se est\u00e1 usando este programa. El objeto concreto para los casos de Ola de fr\u00edo es paliar situaciones de necesidad urgente y excepcional, en principio por un tiempo m\u00e1ximo de tres d\u00edas.<\/p>\n<p>Adem\u00e1s, dentro de estos recursos de Alta Exclusi\u00f3n, se reparten billetes de autob\u00fas para localidades lim\u00edtrofes, una iniciativa que ha tenido en 2017 un claro descenso. El pasado a\u00f1o se han entregado 872 billetes, 105 menos que en 2016 (un 10% menos). Los destinos m\u00e1s habituales fueron Zaragoza, San Sebasti\u00e1n, Vitoria-Gasteiz y Bilbao. Tambi\u00e9n han descendido los billetes relacionados espec\u00edficamente con ola de fr\u00edo.<\/p>\n<p>&nbsp;<\/p>\n","protected":false},"excerpt":{"rendered":"<p>En 2017 se rompe la tendencia descendente que se apreciaba en los servicios y programas municipales de Alta Exclusi\u00f3n desde 2013<\/p>\n","protected":false},"author":1,"featured_media":13533,"comment_status":"open","ping_status":"closed","sticky":false,"template":"","format":"standard","meta":{"footnotes":""},"categories":[2],"tags":[],"class_list":["post-16015","post","type-post","status-publish","format-standard","has-post-thumbnail","hentry","category-ayuntamiento-pamplona"],"yoast_head":"<!-- This site is optimized with the Yoast SEO plugin v27.3 - https:\/\/yoast.com\/product\/yoast-seo-wordpress\/ -->\n<title>El pasado a\u00f1o 1.726 personas diferentes usaron el Centro de Atenci\u00f3n a Personas sin Hogar del Ayuntamiento de Pamplona, un 10% m\u00e1s que en 2016<\/title>\n<meta name=\"robots\" content=\"index, follow, max-snippet:-1, max-image-preview:large, max-video-preview:-1\" \/>\n<link rel=\"canonical\" href=\"https:\/\/www.laguiadepamplona.com\/actualidad\/el-pasado-ano-1-726-personas-diferentes-usaron-el-centro-de-atencion-a-personas-sin-hogar-del-ayuntamiento-de-pamplona-un-10-mas-que-en-2016\/\" \/>\n<meta property=\"og:locale\" content=\"es_ES\" \/>\n<meta property=\"og:type\" content=\"article\" \/>\n<meta property=\"og:title\" content=\"El pasado a\u00f1o 1.726 personas diferentes usaron el Centro de Atenci\u00f3n a Personas sin Hogar del Ayuntamiento de Pamplona, un 10% m\u00e1s que en 2016\" \/>\n<meta property=\"og:description\" content=\"En 2017 se rompe la tendencia descendente que se apreciaba en los servicios y programas municipales de Alta Exclusi\u00f3n desde 2013\" \/>\n<meta property=\"og:url\" content=\"https:\/\/www.laguiadepamplona.com\/actualidad\/el-pasado-ano-1-726-personas-diferentes-usaron-el-centro-de-atencion-a-personas-sin-hogar-del-ayuntamiento-de-pamplona-un-10-mas-que-en-2016\/\" \/>\n<meta property=\"og:site_name\" content=\"La Gu\u00eda de Pamplona\" \/>\n<meta property=\"article:publisher\" content=\"https:\/\/www.facebook.com\/laguiadepamplonacom-133175176762273\/?ref=hl\" \/>\n<meta property=\"article:published_time\" content=\"2018-02-07T14:01:42+00:00\" \/>\n<meta property=\"og:image\" content=\"https:\/\/www.laguiadepamplona.com\/actualidad\/wp-content\/uploads\/2017\/06\/17.06.16_visita_tudela_centro_sin_hogar_exterior.jpg\" \/>\n\t<meta property=\"og:image:width\" content=\"2362\" \/>\n\t<meta property=\"og:image:height\" content=\"1574\" \/>\n\t<meta property=\"og:image:type\" content=\"image\/jpeg\" \/>\n<meta name=\"author\" content=\"La Gu\u00eda de Pamplona\" \/>\n<meta name=\"twitter:card\" content=\"summary_large_image\" \/>\n<meta name=\"twitter:creator\" content=\"@LaGuiadPamplona\" \/>\n<meta name=\"twitter:site\" content=\"@LaGuiadPamplona\" \/>\n<meta name=\"twitter:label1\" content=\"Escrito por\" \/>\n\t<meta name=\"twitter:data1\" content=\"La Gu\u00eda de Pamplona\" \/>\n\t<meta name=\"twitter:label2\" content=\"Tiempo de lectura\" \/>\n\t<meta name=\"twitter:data2\" content=\"4 minutos\" \/>\n<script type=\"application\/ld+json\" class=\"yoast-schema-graph\">{\"@context\":\"https:\\\/\\\/schema.org\",\"@graph\":[{\"@type\":\"Article\",\"@id\":\"https:\\\/\\\/www.laguiadepamplona.com\\\/actualidad\\\/el-pasado-ano-1-726-personas-diferentes-usaron-el-centro-de-atencion-a-personas-sin-hogar-del-ayuntamiento-de-pamplona-un-10-mas-que-en-2016\\\/#article\",\"isPartOf\":{\"@id\":\"https:\\\/\\\/www.laguiadepamplona.com\\\/actualidad\\\/el-pasado-ano-1-726-personas-diferentes-usaron-el-centro-de-atencion-a-personas-sin-hogar-del-ayuntamiento-de-pamplona-un-10-mas-que-en-2016\\\/\"},\"author\":{\"name\":\"La Gu\u00eda de Pamplona\",\"@id\":\"https:\\\/\\\/www.laguiadepamplona.com\\\/actualidad\\\/#\\\/schema\\\/person\\\/efe887376f0213d4657c93adc50b1fdb\"},\"headline\":\"El pasado a\u00f1o 1.726 personas diferentes usaron el Centro de Atenci\u00f3n a Personas sin Hogar del Ayuntamiento de Pamplona, un 10% m\u00e1s que en 2016\",\"datePublished\":\"2018-02-07T14:01:42+00:00\",\"mainEntityOfPage\":{\"@id\":\"https:\\\/\\\/www.laguiadepamplona.com\\\/actualidad\\\/el-pasado-ano-1-726-personas-diferentes-usaron-el-centro-de-atencion-a-personas-sin-hogar-del-ayuntamiento-de-pamplona-un-10-mas-que-en-2016\\\/\"},\"wordCount\":922,\"commentCount\":0,\"publisher\":{\"@id\":\"https:\\\/\\\/www.laguiadepamplona.com\\\/actualidad\\\/#organization\"},\"image\":{\"@id\":\"https:\\\/\\\/www.laguiadepamplona.com\\\/actualidad\\\/el-pasado-ano-1-726-personas-diferentes-usaron-el-centro-de-atencion-a-personas-sin-hogar-del-ayuntamiento-de-pamplona-un-10-mas-que-en-2016\\\/#primaryimage\"},\"thumbnailUrl\":\"https:\\\/\\\/www.laguiadepamplona.com\\\/actualidad\\\/wp-content\\\/uploads\\\/2017\\\/06\\\/17.06.16_visita_tudela_centro_sin_hogar_exterior.jpg\",\"articleSection\":[\"Ayto Pamplona\"],\"inLanguage\":\"es\",\"potentialAction\":[{\"@type\":\"CommentAction\",\"name\":\"Comment\",\"target\":[\"https:\\\/\\\/www.laguiadepamplona.com\\\/actualidad\\\/el-pasado-ano-1-726-personas-diferentes-usaron-el-centro-de-atencion-a-personas-sin-hogar-del-ayuntamiento-de-pamplona-un-10-mas-que-en-2016\\\/#respond\"]}]},{\"@type\":\"WebPage\",\"@id\":\"https:\\\/\\\/www.laguiadepamplona.com\\\/actualidad\\\/el-pasado-ano-1-726-personas-diferentes-usaron-el-centro-de-atencion-a-personas-sin-hogar-del-ayuntamiento-de-pamplona-un-10-mas-que-en-2016\\\/\",\"url\":\"https:\\\/\\\/www.laguiadepamplona.com\\\/actualidad\\\/el-pasado-ano-1-726-personas-diferentes-usaron-el-centro-de-atencion-a-personas-sin-hogar-del-ayuntamiento-de-pamplona-un-10-mas-que-en-2016\\\/\",\"name\":\"El pasado a\u00f1o 1.726 personas diferentes usaron el Centro de Atenci\u00f3n a Personas sin Hogar del Ayuntamiento de Pamplona, un 10% m\u00e1s que en 2016\",\"isPartOf\":{\"@id\":\"https:\\\/\\\/www.laguiadepamplona.com\\\/actualidad\\\/#website\"},\"primaryImageOfPage\":{\"@id\":\"https:\\\/\\\/www.laguiadepamplona.com\\\/actualidad\\\/el-pasado-ano-1-726-personas-diferentes-usaron-el-centro-de-atencion-a-personas-sin-hogar-del-ayuntamiento-de-pamplona-un-10-mas-que-en-2016\\\/#primaryimage\"},\"image\":{\"@id\":\"https:\\\/\\\/www.laguiadepamplona.com\\\/actualidad\\\/el-pasado-ano-1-726-personas-diferentes-usaron-el-centro-de-atencion-a-personas-sin-hogar-del-ayuntamiento-de-pamplona-un-10-mas-que-en-2016\\\/#primaryimage\"},\"thumbnailUrl\":\"https:\\\/\\\/www.laguiadepamplona.com\\\/actualidad\\\/wp-content\\\/uploads\\\/2017\\\/06\\\/17.06.16_visita_tudela_centro_sin_hogar_exterior.jpg\",\"datePublished\":\"2018-02-07T14:01:42+00:00\",\"breadcrumb\":{\"@id\":\"https:\\\/\\\/www.laguiadepamplona.com\\\/actualidad\\\/el-pasado-ano-1-726-personas-diferentes-usaron-el-centro-de-atencion-a-personas-sin-hogar-del-ayuntamiento-de-pamplona-un-10-mas-que-en-2016\\\/#breadcrumb\"},\"inLanguage\":\"es\",\"potentialAction\":[{\"@type\":\"ReadAction\",\"target\":[\"https:\\\/\\\/www.laguiadepamplona.com\\\/actualidad\\\/el-pasado-ano-1-726-personas-diferentes-usaron-el-centro-de-atencion-a-personas-sin-hogar-del-ayuntamiento-de-pamplona-un-10-mas-que-en-2016\\\/\"]}]},{\"@type\":\"ImageObject\",\"inLanguage\":\"es\",\"@id\":\"https:\\\/\\\/www.laguiadepamplona.com\\\/actualidad\\\/el-pasado-ano-1-726-personas-diferentes-usaron-el-centro-de-atencion-a-personas-sin-hogar-del-ayuntamiento-de-pamplona-un-10-mas-que-en-2016\\\/#primaryimage\",\"url\":\"https:\\\/\\\/www.laguiadepamplona.com\\\/actualidad\\\/wp-content\\\/uploads\\\/2017\\\/06\\\/17.06.16_visita_tudela_centro_sin_hogar_exterior.jpg\",\"contentUrl\":\"https:\\\/\\\/www.laguiadepamplona.com\\\/actualidad\\\/wp-content\\\/uploads\\\/2017\\\/06\\\/17.06.16_visita_tudela_centro_sin_hogar_exterior.jpg\",\"width\":2362,\"height\":1574},{\"@type\":\"BreadcrumbList\",\"@id\":\"https:\\\/\\\/www.laguiadepamplona.com\\\/actualidad\\\/el-pasado-ano-1-726-personas-diferentes-usaron-el-centro-de-atencion-a-personas-sin-hogar-del-ayuntamiento-de-pamplona-un-10-mas-que-en-2016\\\/#breadcrumb\",\"itemListElement\":[{\"@type\":\"ListItem\",\"position\":1,\"name\":\"Portada\",\"item\":\"https:\\\/\\\/www.laguiadepamplona.com\\\/actualidad\\\/\"},{\"@type\":\"ListItem\",\"position\":2,\"name\":\"El pasado a\u00f1o 1.726 personas diferentes usaron el Centro de Atenci\u00f3n a Personas sin Hogar del Ayuntamiento de Pamplona, un 10% m\u00e1s que en 2016\"}]},{\"@type\":\"WebSite\",\"@id\":\"https:\\\/\\\/www.laguiadepamplona.com\\\/actualidad\\\/#website\",\"url\":\"https:\\\/\\\/www.laguiadepamplona.com\\\/actualidad\\\/\",\"name\":\"La gu\u00eda de Pamplona\",\"description\":\"Noticias de Pamplona\",\"publisher\":{\"@id\":\"https:\\\/\\\/www.laguiadepamplona.com\\\/actualidad\\\/#organization\"},\"potentialAction\":[{\"@type\":\"SearchAction\",\"target\":{\"@type\":\"EntryPoint\",\"urlTemplate\":\"https:\\\/\\\/www.laguiadepamplona.com\\\/actualidad\\\/?s={search_term_string}\"},\"query-input\":{\"@type\":\"PropertyValueSpecification\",\"valueRequired\":true,\"valueName\":\"search_term_string\"}}],\"inLanguage\":\"es\"},{\"@type\":\"Organization\",\"@id\":\"https:\\\/\\\/www.laguiadepamplona.com\\\/actualidad\\\/#organization\",\"name\":\"La Gu\u00eda de Pamplona \\\/ Noticias\",\"url\":\"https:\\\/\\\/www.laguiadepamplona.com\\\/actualidad\\\/\",\"logo\":{\"@type\":\"ImageObject\",\"inLanguage\":\"es\",\"@id\":\"https:\\\/\\\/www.laguiadepamplona.com\\\/actualidad\\\/#\\\/schema\\\/logo\\\/image\\\/\",\"url\":\"https:\\\/\\\/www.laguiadepamplona.com\\\/actualidad\\\/wp-content\\\/uploads\\\/2018\\\/11\\\/logo-laguiadepamplona18-web1.png\",\"contentUrl\":\"https:\\\/\\\/www.laguiadepamplona.com\\\/actualidad\\\/wp-content\\\/uploads\\\/2018\\\/11\\\/logo-laguiadepamplona18-web1.png\",\"width\":600,\"height\":196,\"caption\":\"La Gu\u00eda de Pamplona \\\/ Noticias\"},\"image\":{\"@id\":\"https:\\\/\\\/www.laguiadepamplona.com\\\/actualidad\\\/#\\\/schema\\\/logo\\\/image\\\/\"},\"sameAs\":[\"https:\\\/\\\/www.facebook.com\\\/laguiadepamplonacom-133175176762273\\\/?ref=hl\",\"https:\\\/\\\/x.com\\\/LaGuiadPamplona\",\"https:\\\/\\\/www.instagram.com\\\/la_guia_de_pamplona\\\/\",\"https:\\\/\\\/www.youtube.com\\\/user\\\/laguiadepamplona\"]},{\"@type\":\"Person\",\"@id\":\"https:\\\/\\\/www.laguiadepamplona.com\\\/actualidad\\\/#\\\/schema\\\/person\\\/efe887376f0213d4657c93adc50b1fdb\",\"name\":\"La Gu\u00eda de Pamplona\",\"image\":{\"@type\":\"ImageObject\",\"inLanguage\":\"es\",\"@id\":\"https:\\\/\\\/secure.gravatar.com\\\/avatar\\\/b6992f131dc8d30ab0dff15446e9d346d9dbd95992de0fef795073f5ea83a81c?s=96&d=mm&r=g\",\"url\":\"https:\\\/\\\/secure.gravatar.com\\\/avatar\\\/b6992f131dc8d30ab0dff15446e9d346d9dbd95992de0fef795073f5ea83a81c?s=96&d=mm&r=g\",\"contentUrl\":\"https:\\\/\\\/secure.gravatar.com\\\/avatar\\\/b6992f131dc8d30ab0dff15446e9d346d9dbd95992de0fef795073f5ea83a81c?s=96&d=mm&r=g\",\"caption\":\"La Gu\u00eda de Pamplona\"}}]}<\/script>\n<!-- \/ Yoast SEO plugin. -->","yoast_head_json":{"title":"El pasado a\u00f1o 1.726 personas diferentes usaron el Centro de Atenci\u00f3n a Personas sin Hogar del Ayuntamiento de Pamplona, un 10% m\u00e1s que en 2016","robots":{"index":"index","follow":"follow","max-snippet":"max-snippet:-1","max-image-preview":"max-image-preview:large","max-video-preview":"max-video-preview:-1"},"canonical":"https:\/\/www.laguiadepamplona.com\/actualidad\/el-pasado-ano-1-726-personas-diferentes-usaron-el-centro-de-atencion-a-personas-sin-hogar-del-ayuntamiento-de-pamplona-un-10-mas-que-en-2016\/","og_locale":"es_ES","og_type":"article","og_title":"El pasado a\u00f1o 1.726 personas diferentes usaron el Centro de Atenci\u00f3n a Personas sin Hogar del Ayuntamiento de Pamplona, un 10% m\u00e1s que en 2016","og_description":"En 2017 se rompe la tendencia descendente que se apreciaba en los servicios y programas municipales de Alta Exclusi\u00f3n desde 2013","og_url":"https:\/\/www.laguiadepamplona.com\/actualidad\/el-pasado-ano-1-726-personas-diferentes-usaron-el-centro-de-atencion-a-personas-sin-hogar-del-ayuntamiento-de-pamplona-un-10-mas-que-en-2016\/","og_site_name":"La Gu\u00eda de Pamplona","article_publisher":"https:\/\/www.facebook.com\/laguiadepamplonacom-133175176762273\/?ref=hl","article_published_time":"2018-02-07T14:01:42+00:00","og_image":[{"width":2362,"height":1574,"url":"https:\/\/www.laguiadepamplona.com\/actualidad\/wp-content\/uploads\/2017\/06\/17.06.16_visita_tudela_centro_sin_hogar_exterior.jpg","type":"image\/jpeg"}],"author":"La Gu\u00eda de Pamplona","twitter_card":"summary_large_image","twitter_creator":"@LaGuiadPamplona","twitter_site":"@LaGuiadPamplona","twitter_misc":{"Escrito por":"La Gu\u00eda de Pamplona","Tiempo de lectura":"4 minutos"},"schema":{"@context":"https:\/\/schema.org","@graph":[{"@type":"Article","@id":"https:\/\/www.laguiadepamplona.com\/actualidad\/el-pasado-ano-1-726-personas-diferentes-usaron-el-centro-de-atencion-a-personas-sin-hogar-del-ayuntamiento-de-pamplona-un-10-mas-que-en-2016\/#article","isPartOf":{"@id":"https:\/\/www.laguiadepamplona.com\/actualidad\/el-pasado-ano-1-726-personas-diferentes-usaron-el-centro-de-atencion-a-personas-sin-hogar-del-ayuntamiento-de-pamplona-un-10-mas-que-en-2016\/"},"author":{"name":"La Gu\u00eda de Pamplona","@id":"https:\/\/www.laguiadepamplona.com\/actualidad\/#\/schema\/person\/efe887376f0213d4657c93adc50b1fdb"},"headline":"El pasado a\u00f1o 1.726 personas diferentes usaron el Centro de Atenci\u00f3n a Personas sin Hogar del Ayuntamiento de Pamplona, un 10% m\u00e1s que en 2016","datePublished":"2018-02-07T14:01:42+00:00","mainEntityOfPage":{"@id":"https:\/\/www.laguiadepamplona.com\/actualidad\/el-pasado-ano-1-726-personas-diferentes-usaron-el-centro-de-atencion-a-personas-sin-hogar-del-ayuntamiento-de-pamplona-un-10-mas-que-en-2016\/"},"wordCount":922,"commentCount":0,"publisher":{"@id":"https:\/\/www.laguiadepamplona.com\/actualidad\/#organization"},"image":{"@id":"https:\/\/www.laguiadepamplona.com\/actualidad\/el-pasado-ano-1-726-personas-diferentes-usaron-el-centro-de-atencion-a-personas-sin-hogar-del-ayuntamiento-de-pamplona-un-10-mas-que-en-2016\/#primaryimage"},"thumbnailUrl":"https:\/\/www.laguiadepamplona.com\/actualidad\/wp-content\/uploads\/2017\/06\/17.06.16_visita_tudela_centro_sin_hogar_exterior.jpg","articleSection":["Ayto Pamplona"],"inLanguage":"es","potentialAction":[{"@type":"CommentAction","name":"Comment","target":["https:\/\/www.laguiadepamplona.com\/actualidad\/el-pasado-ano-1-726-personas-diferentes-usaron-el-centro-de-atencion-a-personas-sin-hogar-del-ayuntamiento-de-pamplona-un-10-mas-que-en-2016\/#respond"]}]},{"@type":"WebPage","@id":"https:\/\/www.laguiadepamplona.com\/actualidad\/el-pasado-ano-1-726-personas-diferentes-usaron-el-centro-de-atencion-a-personas-sin-hogar-del-ayuntamiento-de-pamplona-un-10-mas-que-en-2016\/","url":"https:\/\/www.laguiadepamplona.com\/actualidad\/el-pasado-ano-1-726-personas-diferentes-usaron-el-centro-de-atencion-a-personas-sin-hogar-del-ayuntamiento-de-pamplona-un-10-mas-que-en-2016\/","name":"El pasado a\u00f1o 1.726 personas diferentes usaron el Centro de Atenci\u00f3n a Personas sin Hogar del Ayuntamiento de Pamplona, un 10% m\u00e1s que en 2016","isPartOf":{"@id":"https:\/\/www.laguiadepamplona.com\/actualidad\/#website"},"primaryImageOfPage":{"@id":"https:\/\/www.laguiadepamplona.com\/actualidad\/el-pasado-ano-1-726-personas-diferentes-usaron-el-centro-de-atencion-a-personas-sin-hogar-del-ayuntamiento-de-pamplona-un-10-mas-que-en-2016\/#primaryimage"},"image":{"@id":"https:\/\/www.laguiadepamplona.com\/actualidad\/el-pasado-ano-1-726-personas-diferentes-usaron-el-centro-de-atencion-a-personas-sin-hogar-del-ayuntamiento-de-pamplona-un-10-mas-que-en-2016\/#primaryimage"},"thumbnailUrl":"https:\/\/www.laguiadepamplona.com\/actualidad\/wp-content\/uploads\/2017\/06\/17.06.16_visita_tudela_centro_sin_hogar_exterior.jpg","datePublished":"2018-02-07T14:01:42+00:00","breadcrumb":{"@id":"https:\/\/www.laguiadepamplona.com\/actualidad\/el-pasado-ano-1-726-personas-diferentes-usaron-el-centro-de-atencion-a-personas-sin-hogar-del-ayuntamiento-de-pamplona-un-10-mas-que-en-2016\/#breadcrumb"},"inLanguage":"es","potentialAction":[{"@type":"ReadAction","target":["https:\/\/www.laguiadepamplona.com\/actualidad\/el-pasado-ano-1-726-personas-diferentes-usaron-el-centro-de-atencion-a-personas-sin-hogar-del-ayuntamiento-de-pamplona-un-10-mas-que-en-2016\/"]}]},{"@type":"ImageObject","inLanguage":"es","@id":"https:\/\/www.laguiadepamplona.com\/actualidad\/el-pasado-ano-1-726-personas-diferentes-usaron-el-centro-de-atencion-a-personas-sin-hogar-del-ayuntamiento-de-pamplona-un-10-mas-que-en-2016\/#primaryimage","url":"https:\/\/www.laguiadepamplona.com\/actualidad\/wp-content\/uploads\/2017\/06\/17.06.16_visita_tudela_centro_sin_hogar_exterior.jpg","contentUrl":"https:\/\/www.laguiadepamplona.com\/actualidad\/wp-content\/uploads\/2017\/06\/17.06.16_visita_tudela_centro_sin_hogar_exterior.jpg","width":2362,"height":1574},{"@type":"BreadcrumbList","@id":"https:\/\/www.laguiadepamplona.com\/actualidad\/el-pasado-ano-1-726-personas-diferentes-usaron-el-centro-de-atencion-a-personas-sin-hogar-del-ayuntamiento-de-pamplona-un-10-mas-que-en-2016\/#breadcrumb","itemListElement":[{"@type":"ListItem","position":1,"name":"Portada","item":"https:\/\/www.laguiadepamplona.com\/actualidad\/"},{"@type":"ListItem","position":2,"name":"El pasado a\u00f1o 1.726 personas diferentes usaron el Centro de Atenci\u00f3n a Personas sin Hogar del Ayuntamiento de Pamplona, un 10% m\u00e1s que en 2016"}]},{"@type":"WebSite","@id":"https:\/\/www.laguiadepamplona.com\/actualidad\/#website","url":"https:\/\/www.laguiadepamplona.com\/actualidad\/","name":"La gu\u00eda de Pamplona","description":"Noticias de Pamplona","publisher":{"@id":"https:\/\/www.laguiadepamplona.com\/actualidad\/#organization"},"potentialAction":[{"@type":"SearchAction","target":{"@type":"EntryPoint","urlTemplate":"https:\/\/www.laguiadepamplona.com\/actualidad\/?s={search_term_string}"},"query-input":{"@type":"PropertyValueSpecification","valueRequired":true,"valueName":"search_term_string"}}],"inLanguage":"es"},{"@type":"Organization","@id":"https:\/\/www.laguiadepamplona.com\/actualidad\/#organization","name":"La Gu\u00eda de Pamplona \/ Noticias","url":"https:\/\/www.laguiadepamplona.com\/actualidad\/","logo":{"@type":"ImageObject","inLanguage":"es","@id":"https:\/\/www.laguiadepamplona.com\/actualidad\/#\/schema\/logo\/image\/","url":"https:\/\/www.laguiadepamplona.com\/actualidad\/wp-content\/uploads\/2018\/11\/logo-laguiadepamplona18-web1.png","contentUrl":"https:\/\/www.laguiadepamplona.com\/actualidad\/wp-content\/uploads\/2018\/11\/logo-laguiadepamplona18-web1.png","width":600,"height":196,"caption":"La Gu\u00eda de Pamplona \/ Noticias"},"image":{"@id":"https:\/\/www.laguiadepamplona.com\/actualidad\/#\/schema\/logo\/image\/"},"sameAs":["https:\/\/www.facebook.com\/laguiadepamplonacom-133175176762273\/?ref=hl","https:\/\/x.com\/LaGuiadPamplona","https:\/\/www.instagram.com\/la_guia_de_pamplona\/","https:\/\/www.youtube.com\/user\/laguiadepamplona"]},{"@type":"Person","@id":"https:\/\/www.laguiadepamplona.com\/actualidad\/#\/schema\/person\/efe887376f0213d4657c93adc50b1fdb","name":"La Gu\u00eda de Pamplona","image":{"@type":"ImageObject","inLanguage":"es","@id":"https:\/\/secure.gravatar.com\/avatar\/b6992f131dc8d30ab0dff15446e9d346d9dbd95992de0fef795073f5ea83a81c?s=96&d=mm&r=g","url":"https:\/\/secure.gravatar.com\/avatar\/b6992f131dc8d30ab0dff15446e9d346d9dbd95992de0fef795073f5ea83a81c?s=96&d=mm&r=g","contentUrl":"https:\/\/secure.gravatar.com\/avatar\/b6992f131dc8d30ab0dff15446e9d346d9dbd95992de0fef795073f5ea83a81c?s=96&d=mm&r=g","caption":"La Gu\u00eda de Pamplona"}}]}},"post_mailing_queue_ids":[],"_links":{"self":[{"href":"https:\/\/www.laguiadepamplona.com\/actualidad\/wp-json\/wp\/v2\/posts\/16015","targetHints":{"allow":["GET"]}}],"collection":[{"href":"https:\/\/www.laguiadepamplona.com\/actualidad\/wp-json\/wp\/v2\/posts"}],"about":[{"href":"https:\/\/www.laguiadepamplona.com\/actualidad\/wp-json\/wp\/v2\/types\/post"}],"author":[{"embeddable":true,"href":"https:\/\/www.laguiadepamplona.com\/actualidad\/wp-json\/wp\/v2\/users\/1"}],"replies":[{"embeddable":true,"href":"https:\/\/www.laguiadepamplona.com\/actualidad\/wp-json\/wp\/v2\/comments?post=16015"}],"version-history":[{"count":0,"href":"https:\/\/www.laguiadepamplona.com\/actualidad\/wp-json\/wp\/v2\/posts\/16015\/revisions"}],"wp:featuredmedia":[{"embeddable":true,"href":"https:\/\/www.laguiadepamplona.com\/actualidad\/wp-json\/wp\/v2\/media\/13533"}],"wp:attachment":[{"href":"https:\/\/www.laguiadepamplona.com\/actualidad\/wp-json\/wp\/v2\/media?parent=16015"}],"wp:term":[{"taxonomy":"category","embeddable":true,"href":"https:\/\/www.laguiadepamplona.com\/actualidad\/wp-json\/wp\/v2\/categories?post=16015"},{"taxonomy":"post_tag","embeddable":true,"href":"https:\/\/www.laguiadepamplona.com\/actualidad\/wp-json\/wp\/v2\/tags?post=16015"}],"curies":[{"name":"wp","href":"https:\/\/api.w.org\/{rel}","templated":true}]}}