{"id":16011,"date":"2018-02-07T12:15:39","date_gmt":"2018-02-07T11:15:39","guid":{"rendered":"http:\/\/laguiadepamplona.es\/actualidad\/?p=16011"},"modified":"2018-02-07T12:15:39","modified_gmt":"2018-02-07T11:15:39","slug":"el-artista-pamplones-javier-poveda-presenta-en-el-horno-de-la-ciudadela-una-obra-sobre-madera-de-roble-policromada-creada-directamente-en-el-material","status":"publish","type":"post","link":"https:\/\/www.laguiadepamplona.com\/actualidad\/el-artista-pamplones-javier-poveda-presenta-en-el-horno-de-la-ciudadela-una-obra-sobre-madera-de-roble-policromada-creada-directamente-en-el-material\/","title":{"rendered":"El artista pamplon\u00e9s Javier Poveda presenta en el Horno de la Ciudadela una obra sobre madera de roble policromada, creada directamente en el material"},"content":{"rendered":"<h3>La exposici\u00f3n \u2018Cornelius\u2019, ideada espec\u00edficamente para el Horno se podr\u00e1 visitar hasta el domingo 18 de marzo<\/h3>\n<p><!--more--><\/p>\n<p>Madera policromada, figuras, espacio, vac\u00edo, sombras&#8230; El artista pamplon\u00e9s Javier Poveda muestra en el Horno de la Ciudadela \u2018Cornelius\u2019, una obra en madera de roble, que se presenta con un juego de luces. Una escena de peque\u00f1o formato en la que el autor estudia el espacio y la forma en la madera. Se podr\u00e1 visitar desde este mi\u00e9rcoles hasta el 18 de marzo.<\/p>\n<p>La directora de Cultura y Educaci\u00f3n, Maitena Muruz\u00e1bal, y el propio Javier Poveda han presentado esta ma\u00f1ana la exposici\u00f3n, ideada expresamente para poder verse en el espacio circular del Horno de la Ciudadela. La pieza que se exhibe se enmarca en una l\u00ednea de trabajo con madera que tiene ya dos series, \u2018Roble n\u00ba 1\u2019 y \u2018Roble n\u00ba 2\u2019 que el autor ya mostr\u00f3 en la sala de exposiciones de la Escuela de Arte de Pamplona el pasado mes de noviembre.<\/p>\n<p>En sus obras, Poveda trata el material (la madera) desde el cuidado y el respecto aprendidos, d\u00e1ndole en \u00faltima instancia un protagonismo est\u00e9tico en la obra finalizada. De ah\u00ed las referencias al \u00e1rbol (el roble) del cual proviene la madera y tambi\u00e9n al nombre grabado que aparece en la herramienta con la que talla esa madera (Cornelius). Respecto al proceso creativo, el autor lo entiende como un ejercicio de purificaci\u00f3n. Las piezas se van creando directamente del madero, son apenas haber sido bocetadas ni pensadas previamente. Por ello surgen fundamentalmente de la intuici\u00f3n y de lo que el material sugiere, evitando en lo posible la inclusi\u00f3n del ruido mental. La intervenci\u00f3n sobre el material es la menor posible hasta dar por concluida la obra.<\/p>\n<p>Contemplando las obras, el p\u00fablico se encuentra con escenarios desprovistos de ruido y ornamentos. Es a trav\u00e9s del silencio de esas piezas como el mensaje se transmite de una manera m\u00e1s sutil, en una frecuencia m\u00e1s baja, modulados en intensidad por los maderos que acotan y limitan las escenas, y por el vac\u00edo existente entre las propias figuras. Las esculturas captan un instante en ocasiones sin aparente importancia, en los que se aprecia una verdadera ausencia temporal. En otras escenas, sin embargo, aparece el recurso del espacio, el vac\u00edo y la sombra para hablarnos de lo que pas\u00f3 y de lo que inmediatamente podr\u00eda venir.<\/p>\n<p><strong>Javier Poveda<\/strong>\u00a0(Pamplona, 1982) se forma como escultor en la Escuela de Arte.\u00a0Tras un tiempo dedicado al trabajo artesanal y, especialmente en su \u00faltima etapa, a la restauraci\u00f3n de instrumentos, decide probar con la escultura haciendo uso de sus herramientas de luthier y de sus conocimientos en el trabajo de detalle en madera. Con las series \u2018Roble\u2019 se dedica al estudio del espacio y la forma ligado a las cualidades y propiedades de cada \u00a0tipo de madera.<\/p>\n<p>&nbsp;<\/p>\n<p>&nbsp;<\/p>\n","protected":false},"excerpt":{"rendered":"<p>La exposici\u00f3n \u2018Cornelius\u2019, ideada espec\u00edficamente para el Horno se podr\u00e1 visitar hasta el domingo 18 de marzo<\/p>\n","protected":false},"author":1,"featured_media":11606,"comment_status":"open","ping_status":"closed","sticky":false,"template":"","format":"standard","meta":{"footnotes":""},"categories":[2],"tags":[],"class_list":["post-16011","post","type-post","status-publish","format-standard","has-post-thumbnail","hentry","category-ayuntamiento-pamplona"],"yoast_head":"<!-- This site is optimized with the Yoast SEO plugin v27.3 - https:\/\/yoast.com\/product\/yoast-seo-wordpress\/ -->\n<title>El artista pamplon\u00e9s Javier Poveda presenta en el Horno de la Ciudadela una obra sobre madera de roble policromada, creada directamente en el material<\/title>\n<meta name=\"robots\" content=\"index, follow, max-snippet:-1, max-image-preview:large, max-video-preview:-1\" \/>\n<link rel=\"canonical\" href=\"https:\/\/www.laguiadepamplona.com\/actualidad\/el-artista-pamplones-javier-poveda-presenta-en-el-horno-de-la-ciudadela-una-obra-sobre-madera-de-roble-policromada-creada-directamente-en-el-material\/\" \/>\n<meta property=\"og:locale\" content=\"es_ES\" \/>\n<meta property=\"og:type\" content=\"article\" \/>\n<meta property=\"og:title\" content=\"El artista pamplon\u00e9s Javier Poveda presenta en el Horno de la Ciudadela una obra sobre madera de roble policromada, creada directamente en el material\" \/>\n<meta property=\"og:description\" content=\"La exposici\u00f3n \u2018Cornelius\u2019, ideada espec\u00edficamente para el Horno se podr\u00e1 visitar hasta el domingo 18 de marzo\" \/>\n<meta property=\"og:url\" content=\"https:\/\/www.laguiadepamplona.com\/actualidad\/el-artista-pamplones-javier-poveda-presenta-en-el-horno-de-la-ciudadela-una-obra-sobre-madera-de-roble-policromada-creada-directamente-en-el-material\/\" \/>\n<meta property=\"og:site_name\" content=\"La Gu\u00eda de Pamplona\" \/>\n<meta property=\"article:publisher\" content=\"https:\/\/www.facebook.com\/laguiadepamplonacom-133175176762273\/?ref=hl\" \/>\n<meta property=\"article:published_time\" content=\"2018-02-07T11:15:39+00:00\" \/>\n<meta property=\"og:image\" content=\"https:\/\/www.laguiadepamplona.com\/actualidad\/wp-content\/uploads\/2017\/01\/horno-ciudadela.jpg\" \/>\n\t<meta property=\"og:image:width\" content=\"900\" \/>\n\t<meta property=\"og:image:height\" content=\"600\" \/>\n\t<meta property=\"og:image:type\" content=\"image\/jpeg\" \/>\n<meta name=\"author\" content=\"La Gu\u00eda de Pamplona\" \/>\n<meta name=\"twitter:card\" content=\"summary_large_image\" \/>\n<meta name=\"twitter:creator\" content=\"@LaGuiadPamplona\" \/>\n<meta name=\"twitter:site\" content=\"@LaGuiadPamplona\" \/>\n<meta name=\"twitter:label1\" content=\"Escrito por\" \/>\n\t<meta name=\"twitter:data1\" content=\"La Gu\u00eda de Pamplona\" \/>\n\t<meta name=\"twitter:label2\" content=\"Tiempo de lectura\" \/>\n\t<meta name=\"twitter:data2\" content=\"2 minutos\" \/>\n<script type=\"application\/ld+json\" class=\"yoast-schema-graph\">{\"@context\":\"https:\\\/\\\/schema.org\",\"@graph\":[{\"@type\":\"Article\",\"@id\":\"https:\\\/\\\/www.laguiadepamplona.com\\\/actualidad\\\/el-artista-pamplones-javier-poveda-presenta-en-el-horno-de-la-ciudadela-una-obra-sobre-madera-de-roble-policromada-creada-directamente-en-el-material\\\/#article\",\"isPartOf\":{\"@id\":\"https:\\\/\\\/www.laguiadepamplona.com\\\/actualidad\\\/el-artista-pamplones-javier-poveda-presenta-en-el-horno-de-la-ciudadela-una-obra-sobre-madera-de-roble-policromada-creada-directamente-en-el-material\\\/\"},\"author\":{\"name\":\"La Gu\u00eda de Pamplona\",\"@id\":\"https:\\\/\\\/www.laguiadepamplona.com\\\/actualidad\\\/#\\\/schema\\\/person\\\/efe887376f0213d4657c93adc50b1fdb\"},\"headline\":\"El artista pamplon\u00e9s Javier Poveda presenta en el Horno de la Ciudadela una obra sobre madera de roble policromada, creada directamente en el material\",\"datePublished\":\"2018-02-07T11:15:39+00:00\",\"mainEntityOfPage\":{\"@id\":\"https:\\\/\\\/www.laguiadepamplona.com\\\/actualidad\\\/el-artista-pamplones-javier-poveda-presenta-en-el-horno-de-la-ciudadela-una-obra-sobre-madera-de-roble-policromada-creada-directamente-en-el-material\\\/\"},\"wordCount\":516,\"commentCount\":0,\"publisher\":{\"@id\":\"https:\\\/\\\/www.laguiadepamplona.com\\\/actualidad\\\/#organization\"},\"image\":{\"@id\":\"https:\\\/\\\/www.laguiadepamplona.com\\\/actualidad\\\/el-artista-pamplones-javier-poveda-presenta-en-el-horno-de-la-ciudadela-una-obra-sobre-madera-de-roble-policromada-creada-directamente-en-el-material\\\/#primaryimage\"},\"thumbnailUrl\":\"https:\\\/\\\/www.laguiadepamplona.com\\\/actualidad\\\/wp-content\\\/uploads\\\/2017\\\/01\\\/horno-ciudadela.jpg\",\"articleSection\":[\"Ayto Pamplona\"],\"inLanguage\":\"es\",\"potentialAction\":[{\"@type\":\"CommentAction\",\"name\":\"Comment\",\"target\":[\"https:\\\/\\\/www.laguiadepamplona.com\\\/actualidad\\\/el-artista-pamplones-javier-poveda-presenta-en-el-horno-de-la-ciudadela-una-obra-sobre-madera-de-roble-policromada-creada-directamente-en-el-material\\\/#respond\"]}]},{\"@type\":\"WebPage\",\"@id\":\"https:\\\/\\\/www.laguiadepamplona.com\\\/actualidad\\\/el-artista-pamplones-javier-poveda-presenta-en-el-horno-de-la-ciudadela-una-obra-sobre-madera-de-roble-policromada-creada-directamente-en-el-material\\\/\",\"url\":\"https:\\\/\\\/www.laguiadepamplona.com\\\/actualidad\\\/el-artista-pamplones-javier-poveda-presenta-en-el-horno-de-la-ciudadela-una-obra-sobre-madera-de-roble-policromada-creada-directamente-en-el-material\\\/\",\"name\":\"El artista pamplon\u00e9s Javier Poveda presenta en el Horno de la Ciudadela una obra sobre madera de roble policromada, creada directamente en el material\",\"isPartOf\":{\"@id\":\"https:\\\/\\\/www.laguiadepamplona.com\\\/actualidad\\\/#website\"},\"primaryImageOfPage\":{\"@id\":\"https:\\\/\\\/www.laguiadepamplona.com\\\/actualidad\\\/el-artista-pamplones-javier-poveda-presenta-en-el-horno-de-la-ciudadela-una-obra-sobre-madera-de-roble-policromada-creada-directamente-en-el-material\\\/#primaryimage\"},\"image\":{\"@id\":\"https:\\\/\\\/www.laguiadepamplona.com\\\/actualidad\\\/el-artista-pamplones-javier-poveda-presenta-en-el-horno-de-la-ciudadela-una-obra-sobre-madera-de-roble-policromada-creada-directamente-en-el-material\\\/#primaryimage\"},\"thumbnailUrl\":\"https:\\\/\\\/www.laguiadepamplona.com\\\/actualidad\\\/wp-content\\\/uploads\\\/2017\\\/01\\\/horno-ciudadela.jpg\",\"datePublished\":\"2018-02-07T11:15:39+00:00\",\"breadcrumb\":{\"@id\":\"https:\\\/\\\/www.laguiadepamplona.com\\\/actualidad\\\/el-artista-pamplones-javier-poveda-presenta-en-el-horno-de-la-ciudadela-una-obra-sobre-madera-de-roble-policromada-creada-directamente-en-el-material\\\/#breadcrumb\"},\"inLanguage\":\"es\",\"potentialAction\":[{\"@type\":\"ReadAction\",\"target\":[\"https:\\\/\\\/www.laguiadepamplona.com\\\/actualidad\\\/el-artista-pamplones-javier-poveda-presenta-en-el-horno-de-la-ciudadela-una-obra-sobre-madera-de-roble-policromada-creada-directamente-en-el-material\\\/\"]}]},{\"@type\":\"ImageObject\",\"inLanguage\":\"es\",\"@id\":\"https:\\\/\\\/www.laguiadepamplona.com\\\/actualidad\\\/el-artista-pamplones-javier-poveda-presenta-en-el-horno-de-la-ciudadela-una-obra-sobre-madera-de-roble-policromada-creada-directamente-en-el-material\\\/#primaryimage\",\"url\":\"https:\\\/\\\/www.laguiadepamplona.com\\\/actualidad\\\/wp-content\\\/uploads\\\/2017\\\/01\\\/horno-ciudadela.jpg\",\"contentUrl\":\"https:\\\/\\\/www.laguiadepamplona.com\\\/actualidad\\\/wp-content\\\/uploads\\\/2017\\\/01\\\/horno-ciudadela.jpg\",\"width\":900,\"height\":600},{\"@type\":\"BreadcrumbList\",\"@id\":\"https:\\\/\\\/www.laguiadepamplona.com\\\/actualidad\\\/el-artista-pamplones-javier-poveda-presenta-en-el-horno-de-la-ciudadela-una-obra-sobre-madera-de-roble-policromada-creada-directamente-en-el-material\\\/#breadcrumb\",\"itemListElement\":[{\"@type\":\"ListItem\",\"position\":1,\"name\":\"Portada\",\"item\":\"https:\\\/\\\/www.laguiadepamplona.com\\\/actualidad\\\/\"},{\"@type\":\"ListItem\",\"position\":2,\"name\":\"El artista pamplon\u00e9s Javier Poveda presenta en el Horno de la Ciudadela una obra sobre madera de roble policromada, creada directamente en el material\"}]},{\"@type\":\"WebSite\",\"@id\":\"https:\\\/\\\/www.laguiadepamplona.com\\\/actualidad\\\/#website\",\"url\":\"https:\\\/\\\/www.laguiadepamplona.com\\\/actualidad\\\/\",\"name\":\"La gu\u00eda de Pamplona\",\"description\":\"Noticias de Pamplona\",\"publisher\":{\"@id\":\"https:\\\/\\\/www.laguiadepamplona.com\\\/actualidad\\\/#organization\"},\"potentialAction\":[{\"@type\":\"SearchAction\",\"target\":{\"@type\":\"EntryPoint\",\"urlTemplate\":\"https:\\\/\\\/www.laguiadepamplona.com\\\/actualidad\\\/?s={search_term_string}\"},\"query-input\":{\"@type\":\"PropertyValueSpecification\",\"valueRequired\":true,\"valueName\":\"search_term_string\"}}],\"inLanguage\":\"es\"},{\"@type\":\"Organization\",\"@id\":\"https:\\\/\\\/www.laguiadepamplona.com\\\/actualidad\\\/#organization\",\"name\":\"La Gu\u00eda de Pamplona \\\/ Noticias\",\"url\":\"https:\\\/\\\/www.laguiadepamplona.com\\\/actualidad\\\/\",\"logo\":{\"@type\":\"ImageObject\",\"inLanguage\":\"es\",\"@id\":\"https:\\\/\\\/www.laguiadepamplona.com\\\/actualidad\\\/#\\\/schema\\\/logo\\\/image\\\/\",\"url\":\"https:\\\/\\\/www.laguiadepamplona.com\\\/actualidad\\\/wp-content\\\/uploads\\\/2018\\\/11\\\/logo-laguiadepamplona18-web1.png\",\"contentUrl\":\"https:\\\/\\\/www.laguiadepamplona.com\\\/actualidad\\\/wp-content\\\/uploads\\\/2018\\\/11\\\/logo-laguiadepamplona18-web1.png\",\"width\":600,\"height\":196,\"caption\":\"La Gu\u00eda de Pamplona \\\/ Noticias\"},\"image\":{\"@id\":\"https:\\\/\\\/www.laguiadepamplona.com\\\/actualidad\\\/#\\\/schema\\\/logo\\\/image\\\/\"},\"sameAs\":[\"https:\\\/\\\/www.facebook.com\\\/laguiadepamplonacom-133175176762273\\\/?ref=hl\",\"https:\\\/\\\/x.com\\\/LaGuiadPamplona\",\"https:\\\/\\\/www.instagram.com\\\/la_guia_de_pamplona\\\/\",\"https:\\\/\\\/www.youtube.com\\\/user\\\/laguiadepamplona\"]},{\"@type\":\"Person\",\"@id\":\"https:\\\/\\\/www.laguiadepamplona.com\\\/actualidad\\\/#\\\/schema\\\/person\\\/efe887376f0213d4657c93adc50b1fdb\",\"name\":\"La Gu\u00eda de Pamplona\",\"image\":{\"@type\":\"ImageObject\",\"inLanguage\":\"es\",\"@id\":\"https:\\\/\\\/secure.gravatar.com\\\/avatar\\\/b6992f131dc8d30ab0dff15446e9d346d9dbd95992de0fef795073f5ea83a81c?s=96&d=mm&r=g\",\"url\":\"https:\\\/\\\/secure.gravatar.com\\\/avatar\\\/b6992f131dc8d30ab0dff15446e9d346d9dbd95992de0fef795073f5ea83a81c?s=96&d=mm&r=g\",\"contentUrl\":\"https:\\\/\\\/secure.gravatar.com\\\/avatar\\\/b6992f131dc8d30ab0dff15446e9d346d9dbd95992de0fef795073f5ea83a81c?s=96&d=mm&r=g\",\"caption\":\"La Gu\u00eda de Pamplona\"}}]}<\/script>\n<!-- \/ Yoast SEO plugin. -->","yoast_head_json":{"title":"El artista pamplon\u00e9s Javier Poveda presenta en el Horno de la Ciudadela una obra sobre madera de roble policromada, creada directamente en el material","robots":{"index":"index","follow":"follow","max-snippet":"max-snippet:-1","max-image-preview":"max-image-preview:large","max-video-preview":"max-video-preview:-1"},"canonical":"https:\/\/www.laguiadepamplona.com\/actualidad\/el-artista-pamplones-javier-poveda-presenta-en-el-horno-de-la-ciudadela-una-obra-sobre-madera-de-roble-policromada-creada-directamente-en-el-material\/","og_locale":"es_ES","og_type":"article","og_title":"El artista pamplon\u00e9s Javier Poveda presenta en el Horno de la Ciudadela una obra sobre madera de roble policromada, creada directamente en el material","og_description":"La exposici\u00f3n \u2018Cornelius\u2019, ideada espec\u00edficamente para el Horno se podr\u00e1 visitar hasta el domingo 18 de marzo","og_url":"https:\/\/www.laguiadepamplona.com\/actualidad\/el-artista-pamplones-javier-poveda-presenta-en-el-horno-de-la-ciudadela-una-obra-sobre-madera-de-roble-policromada-creada-directamente-en-el-material\/","og_site_name":"La Gu\u00eda de Pamplona","article_publisher":"https:\/\/www.facebook.com\/laguiadepamplonacom-133175176762273\/?ref=hl","article_published_time":"2018-02-07T11:15:39+00:00","og_image":[{"width":900,"height":600,"url":"https:\/\/www.laguiadepamplona.com\/actualidad\/wp-content\/uploads\/2017\/01\/horno-ciudadela.jpg","type":"image\/jpeg"}],"author":"La Gu\u00eda de Pamplona","twitter_card":"summary_large_image","twitter_creator":"@LaGuiadPamplona","twitter_site":"@LaGuiadPamplona","twitter_misc":{"Escrito por":"La Gu\u00eda de Pamplona","Tiempo de lectura":"2 minutos"},"schema":{"@context":"https:\/\/schema.org","@graph":[{"@type":"Article","@id":"https:\/\/www.laguiadepamplona.com\/actualidad\/el-artista-pamplones-javier-poveda-presenta-en-el-horno-de-la-ciudadela-una-obra-sobre-madera-de-roble-policromada-creada-directamente-en-el-material\/#article","isPartOf":{"@id":"https:\/\/www.laguiadepamplona.com\/actualidad\/el-artista-pamplones-javier-poveda-presenta-en-el-horno-de-la-ciudadela-una-obra-sobre-madera-de-roble-policromada-creada-directamente-en-el-material\/"},"author":{"name":"La Gu\u00eda de Pamplona","@id":"https:\/\/www.laguiadepamplona.com\/actualidad\/#\/schema\/person\/efe887376f0213d4657c93adc50b1fdb"},"headline":"El artista pamplon\u00e9s Javier Poveda presenta en el Horno de la Ciudadela una obra sobre madera de roble policromada, creada directamente en el material","datePublished":"2018-02-07T11:15:39+00:00","mainEntityOfPage":{"@id":"https:\/\/www.laguiadepamplona.com\/actualidad\/el-artista-pamplones-javier-poveda-presenta-en-el-horno-de-la-ciudadela-una-obra-sobre-madera-de-roble-policromada-creada-directamente-en-el-material\/"},"wordCount":516,"commentCount":0,"publisher":{"@id":"https:\/\/www.laguiadepamplona.com\/actualidad\/#organization"},"image":{"@id":"https:\/\/www.laguiadepamplona.com\/actualidad\/el-artista-pamplones-javier-poveda-presenta-en-el-horno-de-la-ciudadela-una-obra-sobre-madera-de-roble-policromada-creada-directamente-en-el-material\/#primaryimage"},"thumbnailUrl":"https:\/\/www.laguiadepamplona.com\/actualidad\/wp-content\/uploads\/2017\/01\/horno-ciudadela.jpg","articleSection":["Ayto Pamplona"],"inLanguage":"es","potentialAction":[{"@type":"CommentAction","name":"Comment","target":["https:\/\/www.laguiadepamplona.com\/actualidad\/el-artista-pamplones-javier-poveda-presenta-en-el-horno-de-la-ciudadela-una-obra-sobre-madera-de-roble-policromada-creada-directamente-en-el-material\/#respond"]}]},{"@type":"WebPage","@id":"https:\/\/www.laguiadepamplona.com\/actualidad\/el-artista-pamplones-javier-poveda-presenta-en-el-horno-de-la-ciudadela-una-obra-sobre-madera-de-roble-policromada-creada-directamente-en-el-material\/","url":"https:\/\/www.laguiadepamplona.com\/actualidad\/el-artista-pamplones-javier-poveda-presenta-en-el-horno-de-la-ciudadela-una-obra-sobre-madera-de-roble-policromada-creada-directamente-en-el-material\/","name":"El artista pamplon\u00e9s Javier Poveda presenta en el Horno de la Ciudadela una obra sobre madera de roble policromada, creada directamente en el material","isPartOf":{"@id":"https:\/\/www.laguiadepamplona.com\/actualidad\/#website"},"primaryImageOfPage":{"@id":"https:\/\/www.laguiadepamplona.com\/actualidad\/el-artista-pamplones-javier-poveda-presenta-en-el-horno-de-la-ciudadela-una-obra-sobre-madera-de-roble-policromada-creada-directamente-en-el-material\/#primaryimage"},"image":{"@id":"https:\/\/www.laguiadepamplona.com\/actualidad\/el-artista-pamplones-javier-poveda-presenta-en-el-horno-de-la-ciudadela-una-obra-sobre-madera-de-roble-policromada-creada-directamente-en-el-material\/#primaryimage"},"thumbnailUrl":"https:\/\/www.laguiadepamplona.com\/actualidad\/wp-content\/uploads\/2017\/01\/horno-ciudadela.jpg","datePublished":"2018-02-07T11:15:39+00:00","breadcrumb":{"@id":"https:\/\/www.laguiadepamplona.com\/actualidad\/el-artista-pamplones-javier-poveda-presenta-en-el-horno-de-la-ciudadela-una-obra-sobre-madera-de-roble-policromada-creada-directamente-en-el-material\/#breadcrumb"},"inLanguage":"es","potentialAction":[{"@type":"ReadAction","target":["https:\/\/www.laguiadepamplona.com\/actualidad\/el-artista-pamplones-javier-poveda-presenta-en-el-horno-de-la-ciudadela-una-obra-sobre-madera-de-roble-policromada-creada-directamente-en-el-material\/"]}]},{"@type":"ImageObject","inLanguage":"es","@id":"https:\/\/www.laguiadepamplona.com\/actualidad\/el-artista-pamplones-javier-poveda-presenta-en-el-horno-de-la-ciudadela-una-obra-sobre-madera-de-roble-policromada-creada-directamente-en-el-material\/#primaryimage","url":"https:\/\/www.laguiadepamplona.com\/actualidad\/wp-content\/uploads\/2017\/01\/horno-ciudadela.jpg","contentUrl":"https:\/\/www.laguiadepamplona.com\/actualidad\/wp-content\/uploads\/2017\/01\/horno-ciudadela.jpg","width":900,"height":600},{"@type":"BreadcrumbList","@id":"https:\/\/www.laguiadepamplona.com\/actualidad\/el-artista-pamplones-javier-poveda-presenta-en-el-horno-de-la-ciudadela-una-obra-sobre-madera-de-roble-policromada-creada-directamente-en-el-material\/#breadcrumb","itemListElement":[{"@type":"ListItem","position":1,"name":"Portada","item":"https:\/\/www.laguiadepamplona.com\/actualidad\/"},{"@type":"ListItem","position":2,"name":"El artista pamplon\u00e9s Javier Poveda presenta en el Horno de la Ciudadela una obra sobre madera de roble policromada, creada directamente en el material"}]},{"@type":"WebSite","@id":"https:\/\/www.laguiadepamplona.com\/actualidad\/#website","url":"https:\/\/www.laguiadepamplona.com\/actualidad\/","name":"La gu\u00eda de Pamplona","description":"Noticias de Pamplona","publisher":{"@id":"https:\/\/www.laguiadepamplona.com\/actualidad\/#organization"},"potentialAction":[{"@type":"SearchAction","target":{"@type":"EntryPoint","urlTemplate":"https:\/\/www.laguiadepamplona.com\/actualidad\/?s={search_term_string}"},"query-input":{"@type":"PropertyValueSpecification","valueRequired":true,"valueName":"search_term_string"}}],"inLanguage":"es"},{"@type":"Organization","@id":"https:\/\/www.laguiadepamplona.com\/actualidad\/#organization","name":"La Gu\u00eda de Pamplona \/ Noticias","url":"https:\/\/www.laguiadepamplona.com\/actualidad\/","logo":{"@type":"ImageObject","inLanguage":"es","@id":"https:\/\/www.laguiadepamplona.com\/actualidad\/#\/schema\/logo\/image\/","url":"https:\/\/www.laguiadepamplona.com\/actualidad\/wp-content\/uploads\/2018\/11\/logo-laguiadepamplona18-web1.png","contentUrl":"https:\/\/www.laguiadepamplona.com\/actualidad\/wp-content\/uploads\/2018\/11\/logo-laguiadepamplona18-web1.png","width":600,"height":196,"caption":"La Gu\u00eda de Pamplona \/ Noticias"},"image":{"@id":"https:\/\/www.laguiadepamplona.com\/actualidad\/#\/schema\/logo\/image\/"},"sameAs":["https:\/\/www.facebook.com\/laguiadepamplonacom-133175176762273\/?ref=hl","https:\/\/x.com\/LaGuiadPamplona","https:\/\/www.instagram.com\/la_guia_de_pamplona\/","https:\/\/www.youtube.com\/user\/laguiadepamplona"]},{"@type":"Person","@id":"https:\/\/www.laguiadepamplona.com\/actualidad\/#\/schema\/person\/efe887376f0213d4657c93adc50b1fdb","name":"La Gu\u00eda de Pamplona","image":{"@type":"ImageObject","inLanguage":"es","@id":"https:\/\/secure.gravatar.com\/avatar\/b6992f131dc8d30ab0dff15446e9d346d9dbd95992de0fef795073f5ea83a81c?s=96&d=mm&r=g","url":"https:\/\/secure.gravatar.com\/avatar\/b6992f131dc8d30ab0dff15446e9d346d9dbd95992de0fef795073f5ea83a81c?s=96&d=mm&r=g","contentUrl":"https:\/\/secure.gravatar.com\/avatar\/b6992f131dc8d30ab0dff15446e9d346d9dbd95992de0fef795073f5ea83a81c?s=96&d=mm&r=g","caption":"La Gu\u00eda de Pamplona"}}]}},"post_mailing_queue_ids":[],"_links":{"self":[{"href":"https:\/\/www.laguiadepamplona.com\/actualidad\/wp-json\/wp\/v2\/posts\/16011","targetHints":{"allow":["GET"]}}],"collection":[{"href":"https:\/\/www.laguiadepamplona.com\/actualidad\/wp-json\/wp\/v2\/posts"}],"about":[{"href":"https:\/\/www.laguiadepamplona.com\/actualidad\/wp-json\/wp\/v2\/types\/post"}],"author":[{"embeddable":true,"href":"https:\/\/www.laguiadepamplona.com\/actualidad\/wp-json\/wp\/v2\/users\/1"}],"replies":[{"embeddable":true,"href":"https:\/\/www.laguiadepamplona.com\/actualidad\/wp-json\/wp\/v2\/comments?post=16011"}],"version-history":[{"count":0,"href":"https:\/\/www.laguiadepamplona.com\/actualidad\/wp-json\/wp\/v2\/posts\/16011\/revisions"}],"wp:featuredmedia":[{"embeddable":true,"href":"https:\/\/www.laguiadepamplona.com\/actualidad\/wp-json\/wp\/v2\/media\/11606"}],"wp:attachment":[{"href":"https:\/\/www.laguiadepamplona.com\/actualidad\/wp-json\/wp\/v2\/media?parent=16011"}],"wp:term":[{"taxonomy":"category","embeddable":true,"href":"https:\/\/www.laguiadepamplona.com\/actualidad\/wp-json\/wp\/v2\/categories?post=16011"},{"taxonomy":"post_tag","embeddable":true,"href":"https:\/\/www.laguiadepamplona.com\/actualidad\/wp-json\/wp\/v2\/tags?post=16011"}],"curies":[{"name":"wp","href":"https:\/\/api.w.org\/{rel}","templated":true}]}}