{"id":1601,"date":"2014-05-15T12:35:18","date_gmt":"2014-05-15T11:35:18","guid":{"rendered":"http:\/\/laguiadepamplona.es\/noticias\/?p=1601"},"modified":"2014-05-15T12:35:18","modified_gmt":"2014-05-15T11:35:18","slug":"un-curso-sobre-asesoramiento-en-imagen-personal-propuesta-del-servicio-de-promocion-empresarial-para-los-establecimientos-comerciales-de-moda-de-pamplona","status":"publish","type":"post","link":"https:\/\/www.laguiadepamplona.com\/actualidad\/un-curso-sobre-asesoramiento-en-imagen-personal-propuesta-del-servicio-de-promocion-empresarial-para-los-establecimientos-comerciales-de-moda-de-pamplona\/","title":{"rendered":"Un curso sobre asesoramiento en imagen personal, propuesta del Servicio de Promoci\u00f3n Empresarial para los establecimientos comerciales de moda de Pamplona"},"content":{"rendered":"<h4>Las sesiones, de car\u00e1cter gratuito, se celebrar\u00e1n los d\u00edas 19, 20, 21 y 22 de mayo en horario de 14 a 16 horas<\/h4>\n<p><a href=\"http:\/\/laguiadepamplona.es\/noticias\/wp-content\/uploads\/2014\/01\/spe-pamplona.jpg\"><img loading=\"lazy\" decoding=\"async\" class=\"alignleft size-medium wp-image-97\" src=\"http:\/\/laguiadepamplona.es\/noticias\/wp-content\/uploads\/2014\/01\/spe-pamplona-300x156.jpg\" alt=\"spe-pamplona\" width=\"300\" height=\"156\" \/><\/a>El Servicio de Promoci\u00f3n Empresarial del Ayuntamiento de Pamplona ha organizado para la semana que viene un nuevo curso gratuito de formaci\u00f3n titulado \u2018Personal shopper: herramientas de imagen para el sector comercial\u2019, dirigido a personal de establecimientos comerciales de Pamplona que atienden directamente a los clientes, fundamentalmente en el sector moda. El taller se impartir\u00e1 los d\u00edas 19, 20, 21 y 22 mayo, en horario de 14 a 16 horas en el propio SPE (avenida Marcelo Celayeta, 75. Edificio IWER. Entrada 4A).<\/p>\n<p>El objetivo del curso es capacitar al personal de los comercios en asesor\u00eda de imagen, para que puedan ofrecer un servicio de atenci\u00f3n m\u00e1s profesional y personalizado a sus clientes, asesor\u00e1ndoles sobre qu\u00e9 ropa les favorece m\u00e1s, qu\u00e9 es lo m\u00e1s adecuado en cada ocasi\u00f3n o c\u00f3mo combinan distintos aspectos de la imagen, entre otras cuestiones, al mismo tiempo que mejoran sus ventas y fidelizan clientes. El centro de formaci\u00f3n Masquemilpalabras ser\u00e1 el encargado de impartir el curso, y las inscripciones pueden realizarse a trav\u00e9s del tel\u00e9fono 948 382560 o del correo electr\u00f3nico <a href=\"mailto:spe@pamplona.es\">spe@pamplona.es<\/a>.<\/p>\n<p>A lo largo de las distintas sesiones se tocar\u00e1n temas como la imagen personal, su importancia a la hora de comunicar, sus componentes y la iconolog\u00eda de la imagen. Asimismo se incidir\u00e1 en el tema del vestuario: los c\u00e1nones de belleza; las tipolog\u00edas masculinas y femeninas y su correcci\u00f3n a trav\u00e9s de l\u00edneas, vol\u00famenes y prendas; o los par\u00e1metros de los tejidos y los estampados. Por \u00faltimo, se hablar\u00e1 del tema del color: su psicolog\u00eda, efectos y armon\u00eda en el vestir, y c\u00f3mo dar consejos sobre su utilizaci\u00f3n.<\/p>\n<p><strong>Curso gratuito del spe<\/strong><\/p>\n<ul>\n<li><strong>\u2018Personal shopper: herramientas de imagen para el sector comercial\u2019<\/strong><\/li>\n<li><strong>Fechas:<\/strong> 19, 20, 21 y 22 de mayo<\/li>\n<li><strong>Horario:<\/strong> de 14 a 16 horas<\/li>\n<li><strong>Lugar de inscripci\u00f3n y del curso<\/strong>: Servicio de Promoci\u00f3n Empresarial (avda. Marcelo Celayeta, 75. Edificio IWER. Entrada 4A). Tel\u00e9fono: 948 382560.\u00a0 Correo electr\u00f3nico: <a href=\"mailto:spe@pamplona.es\">spe@pamplona.es<\/a><\/li>\n<\/ul>\n<p>&nbsp;<\/p>\n<p>&nbsp;<\/p>\n<p>&nbsp;<\/p>\n","protected":false},"excerpt":{"rendered":"<p>Las sesiones, de car\u00e1cter gratuito, se celebrar\u00e1n los d\u00edas 19, 20, 21 y 22 de mayo en horario de 14 a 16 horas El Servicio de Promoci\u00f3n Empresarial del Ayuntamiento&#8230;<\/p>\n","protected":false},"author":1,"featured_media":97,"comment_status":"open","ping_status":"open","sticky":false,"template":"","format":"standard","meta":{"footnotes":""},"categories":[2],"tags":[5,1227,6,509,1228,8,9,1229,302],"class_list":["post-1601","post","type-post","status-publish","format-standard","has-post-thumbnail","hentry","category-ayuntamiento-pamplona","tag-actualidad","tag-asesoramiento","tag-ayto-pamplona","tag-ayuntamiento-de-pamplona","tag-imagen-personal","tag-noticias","tag-pamplona","tag-personal-shopper","tag-servicio-de-promocion-empresarial"],"yoast_head":"<!-- This site is optimized with the Yoast SEO plugin v27.5 - https:\/\/yoast.com\/product\/yoast-seo-wordpress\/ -->\n<title>Un curso sobre asesoramiento en imagen personal, propuesta del Servicio de Promoci\u00f3n Empresarial para los establecimientos comerciales de moda de Pamplona<\/title>\n<meta name=\"robots\" content=\"index, follow, max-snippet:-1, max-image-preview:large, max-video-preview:-1\" \/>\n<link rel=\"canonical\" href=\"https:\/\/www.laguiadepamplona.com\/actualidad\/un-curso-sobre-asesoramiento-en-imagen-personal-propuesta-del-servicio-de-promocion-empresarial-para-los-establecimientos-comerciales-de-moda-de-pamplona\/\" \/>\n<meta property=\"og:locale\" content=\"es_ES\" \/>\n<meta property=\"og:type\" content=\"article\" \/>\n<meta property=\"og:title\" content=\"Un curso sobre asesoramiento en imagen personal, propuesta del Servicio de Promoci\u00f3n Empresarial para los establecimientos comerciales de moda de Pamplona\" \/>\n<meta property=\"og:description\" content=\"Las sesiones, de car\u00e1cter gratuito, se celebrar\u00e1n los d\u00edas 19, 20, 21 y 22 de mayo en horario de 14 a 16 horas El Servicio de Promoci\u00f3n Empresarial del Ayuntamiento...\" \/>\n<meta property=\"og:url\" content=\"https:\/\/www.laguiadepamplona.com\/actualidad\/un-curso-sobre-asesoramiento-en-imagen-personal-propuesta-del-servicio-de-promocion-empresarial-para-los-establecimientos-comerciales-de-moda-de-pamplona\/\" \/>\n<meta property=\"og:site_name\" content=\"La Gu\u00eda de Pamplona\" \/>\n<meta property=\"article:publisher\" content=\"https:\/\/www.facebook.com\/laguiadepamplonacom-133175176762273\/?ref=hl\" \/>\n<meta property=\"article:published_time\" content=\"2014-05-15T11:35:18+00:00\" \/>\n<meta name=\"author\" content=\"La Gu\u00eda de Pamplona\" \/>\n<meta name=\"twitter:card\" content=\"summary_large_image\" \/>\n<meta name=\"twitter:creator\" content=\"@LaGuiadPamplona\" \/>\n<meta name=\"twitter:site\" content=\"@LaGuiadPamplona\" \/>\n<meta name=\"twitter:label1\" content=\"Escrito por\" \/>\n\t<meta name=\"twitter:data1\" content=\"La Gu\u00eda de Pamplona\" \/>\n\t<meta name=\"twitter:label2\" content=\"Tiempo de lectura\" \/>\n\t<meta name=\"twitter:data2\" content=\"2 minutos\" \/>\n<script type=\"application\/ld+json\" class=\"yoast-schema-graph\">{\"@context\":\"https:\\\/\\\/schema.org\",\"@graph\":[{\"@type\":\"Article\",\"@id\":\"https:\\\/\\\/www.laguiadepamplona.com\\\/actualidad\\\/un-curso-sobre-asesoramiento-en-imagen-personal-propuesta-del-servicio-de-promocion-empresarial-para-los-establecimientos-comerciales-de-moda-de-pamplona\\\/#article\",\"isPartOf\":{\"@id\":\"https:\\\/\\\/www.laguiadepamplona.com\\\/actualidad\\\/un-curso-sobre-asesoramiento-en-imagen-personal-propuesta-del-servicio-de-promocion-empresarial-para-los-establecimientos-comerciales-de-moda-de-pamplona\\\/\"},\"author\":{\"name\":\"La Gu\u00eda de Pamplona\",\"@id\":\"https:\\\/\\\/www.laguiadepamplona.com\\\/actualidad\\\/#\\\/schema\\\/person\\\/efe887376f0213d4657c93adc50b1fdb\"},\"headline\":\"Un curso sobre asesoramiento en imagen personal, propuesta del Servicio de Promoci\u00f3n Empresarial para los establecimientos comerciales de moda de Pamplona\",\"datePublished\":\"2014-05-15T11:35:18+00:00\",\"mainEntityOfPage\":{\"@id\":\"https:\\\/\\\/www.laguiadepamplona.com\\\/actualidad\\\/un-curso-sobre-asesoramiento-en-imagen-personal-propuesta-del-servicio-de-promocion-empresarial-para-los-establecimientos-comerciales-de-moda-de-pamplona\\\/\"},\"wordCount\":378,\"commentCount\":0,\"publisher\":{\"@id\":\"https:\\\/\\\/www.laguiadepamplona.com\\\/actualidad\\\/#organization\"},\"image\":{\"@id\":\"https:\\\/\\\/www.laguiadepamplona.com\\\/actualidad\\\/un-curso-sobre-asesoramiento-en-imagen-personal-propuesta-del-servicio-de-promocion-empresarial-para-los-establecimientos-comerciales-de-moda-de-pamplona\\\/#primaryimage\"},\"thumbnailUrl\":\"\",\"keywords\":[\"actualidad\",\"asesoramiento\",\"ayto pamplona\",\"Ayuntamiento de Pamplona\",\"imagen personal\",\"noticias\",\"pamplona\",\"Personal shopper\",\"Servicio de Promoci\u00f3n Empresarial\"],\"articleSection\":[\"Ayto Pamplona\"],\"inLanguage\":\"es\",\"potentialAction\":[{\"@type\":\"CommentAction\",\"name\":\"Comment\",\"target\":[\"https:\\\/\\\/www.laguiadepamplona.com\\\/actualidad\\\/un-curso-sobre-asesoramiento-en-imagen-personal-propuesta-del-servicio-de-promocion-empresarial-para-los-establecimientos-comerciales-de-moda-de-pamplona\\\/#respond\"]}]},{\"@type\":\"WebPage\",\"@id\":\"https:\\\/\\\/www.laguiadepamplona.com\\\/actualidad\\\/un-curso-sobre-asesoramiento-en-imagen-personal-propuesta-del-servicio-de-promocion-empresarial-para-los-establecimientos-comerciales-de-moda-de-pamplona\\\/\",\"url\":\"https:\\\/\\\/www.laguiadepamplona.com\\\/actualidad\\\/un-curso-sobre-asesoramiento-en-imagen-personal-propuesta-del-servicio-de-promocion-empresarial-para-los-establecimientos-comerciales-de-moda-de-pamplona\\\/\",\"name\":\"Un curso sobre asesoramiento en imagen personal, propuesta del Servicio de Promoci\u00f3n Empresarial para los establecimientos comerciales de moda de Pamplona\",\"isPartOf\":{\"@id\":\"https:\\\/\\\/www.laguiadepamplona.com\\\/actualidad\\\/#website\"},\"primaryImageOfPage\":{\"@id\":\"https:\\\/\\\/www.laguiadepamplona.com\\\/actualidad\\\/un-curso-sobre-asesoramiento-en-imagen-personal-propuesta-del-servicio-de-promocion-empresarial-para-los-establecimientos-comerciales-de-moda-de-pamplona\\\/#primaryimage\"},\"image\":{\"@id\":\"https:\\\/\\\/www.laguiadepamplona.com\\\/actualidad\\\/un-curso-sobre-asesoramiento-en-imagen-personal-propuesta-del-servicio-de-promocion-empresarial-para-los-establecimientos-comerciales-de-moda-de-pamplona\\\/#primaryimage\"},\"thumbnailUrl\":\"\",\"datePublished\":\"2014-05-15T11:35:18+00:00\",\"breadcrumb\":{\"@id\":\"https:\\\/\\\/www.laguiadepamplona.com\\\/actualidad\\\/un-curso-sobre-asesoramiento-en-imagen-personal-propuesta-del-servicio-de-promocion-empresarial-para-los-establecimientos-comerciales-de-moda-de-pamplona\\\/#breadcrumb\"},\"inLanguage\":\"es\",\"potentialAction\":[{\"@type\":\"ReadAction\",\"target\":[\"https:\\\/\\\/www.laguiadepamplona.com\\\/actualidad\\\/un-curso-sobre-asesoramiento-en-imagen-personal-propuesta-del-servicio-de-promocion-empresarial-para-los-establecimientos-comerciales-de-moda-de-pamplona\\\/\"]}]},{\"@type\":\"ImageObject\",\"inLanguage\":\"es\",\"@id\":\"https:\\\/\\\/www.laguiadepamplona.com\\\/actualidad\\\/un-curso-sobre-asesoramiento-en-imagen-personal-propuesta-del-servicio-de-promocion-empresarial-para-los-establecimientos-comerciales-de-moda-de-pamplona\\\/#primaryimage\",\"url\":\"\",\"contentUrl\":\"\"},{\"@type\":\"BreadcrumbList\",\"@id\":\"https:\\\/\\\/www.laguiadepamplona.com\\\/actualidad\\\/un-curso-sobre-asesoramiento-en-imagen-personal-propuesta-del-servicio-de-promocion-empresarial-para-los-establecimientos-comerciales-de-moda-de-pamplona\\\/#breadcrumb\",\"itemListElement\":[{\"@type\":\"ListItem\",\"position\":1,\"name\":\"Portada\",\"item\":\"https:\\\/\\\/www.laguiadepamplona.com\\\/actualidad\\\/\"},{\"@type\":\"ListItem\",\"position\":2,\"name\":\"Un curso sobre asesoramiento en imagen personal, propuesta del Servicio de Promoci\u00f3n Empresarial para los establecimientos comerciales de moda de Pamplona\"}]},{\"@type\":\"WebSite\",\"@id\":\"https:\\\/\\\/www.laguiadepamplona.com\\\/actualidad\\\/#website\",\"url\":\"https:\\\/\\\/www.laguiadepamplona.com\\\/actualidad\\\/\",\"name\":\"La gu\u00eda de Pamplona\",\"description\":\"Noticias de Pamplona\",\"publisher\":{\"@id\":\"https:\\\/\\\/www.laguiadepamplona.com\\\/actualidad\\\/#organization\"},\"potentialAction\":[{\"@type\":\"SearchAction\",\"target\":{\"@type\":\"EntryPoint\",\"urlTemplate\":\"https:\\\/\\\/www.laguiadepamplona.com\\\/actualidad\\\/?s={search_term_string}\"},\"query-input\":{\"@type\":\"PropertyValueSpecification\",\"valueRequired\":true,\"valueName\":\"search_term_string\"}}],\"inLanguage\":\"es\"},{\"@type\":\"Organization\",\"@id\":\"https:\\\/\\\/www.laguiadepamplona.com\\\/actualidad\\\/#organization\",\"name\":\"La Gu\u00eda de Pamplona \\\/ Noticias\",\"url\":\"https:\\\/\\\/www.laguiadepamplona.com\\\/actualidad\\\/\",\"logo\":{\"@type\":\"ImageObject\",\"inLanguage\":\"es\",\"@id\":\"https:\\\/\\\/www.laguiadepamplona.com\\\/actualidad\\\/#\\\/schema\\\/logo\\\/image\\\/\",\"url\":\"https:\\\/\\\/www.laguiadepamplona.com\\\/actualidad\\\/wp-content\\\/uploads\\\/2018\\\/11\\\/logo-laguiadepamplona18-web1.png\",\"contentUrl\":\"https:\\\/\\\/www.laguiadepamplona.com\\\/actualidad\\\/wp-content\\\/uploads\\\/2018\\\/11\\\/logo-laguiadepamplona18-web1.png\",\"width\":600,\"height\":196,\"caption\":\"La Gu\u00eda de Pamplona \\\/ Noticias\"},\"image\":{\"@id\":\"https:\\\/\\\/www.laguiadepamplona.com\\\/actualidad\\\/#\\\/schema\\\/logo\\\/image\\\/\"},\"sameAs\":[\"https:\\\/\\\/www.facebook.com\\\/laguiadepamplonacom-133175176762273\\\/?ref=hl\",\"https:\\\/\\\/x.com\\\/LaGuiadPamplona\",\"https:\\\/\\\/www.instagram.com\\\/la_guia_de_pamplona\\\/\",\"https:\\\/\\\/www.youtube.com\\\/user\\\/laguiadepamplona\"]},{\"@type\":\"Person\",\"@id\":\"https:\\\/\\\/www.laguiadepamplona.com\\\/actualidad\\\/#\\\/schema\\\/person\\\/efe887376f0213d4657c93adc50b1fdb\",\"name\":\"La Gu\u00eda de Pamplona\",\"image\":{\"@type\":\"ImageObject\",\"inLanguage\":\"es\",\"@id\":\"https:\\\/\\\/secure.gravatar.com\\\/avatar\\\/b6992f131dc8d30ab0dff15446e9d346d9dbd95992de0fef795073f5ea83a81c?s=96&d=mm&r=g\",\"url\":\"https:\\\/\\\/secure.gravatar.com\\\/avatar\\\/b6992f131dc8d30ab0dff15446e9d346d9dbd95992de0fef795073f5ea83a81c?s=96&d=mm&r=g\",\"contentUrl\":\"https:\\\/\\\/secure.gravatar.com\\\/avatar\\\/b6992f131dc8d30ab0dff15446e9d346d9dbd95992de0fef795073f5ea83a81c?s=96&d=mm&r=g\",\"caption\":\"La Gu\u00eda de Pamplona\"}}]}<\/script>\n<!-- \/ Yoast SEO plugin. -->","yoast_head_json":{"title":"Un curso sobre asesoramiento en imagen personal, propuesta del Servicio de Promoci\u00f3n Empresarial para los establecimientos comerciales de moda de Pamplona","robots":{"index":"index","follow":"follow","max-snippet":"max-snippet:-1","max-image-preview":"max-image-preview:large","max-video-preview":"max-video-preview:-1"},"canonical":"https:\/\/www.laguiadepamplona.com\/actualidad\/un-curso-sobre-asesoramiento-en-imagen-personal-propuesta-del-servicio-de-promocion-empresarial-para-los-establecimientos-comerciales-de-moda-de-pamplona\/","og_locale":"es_ES","og_type":"article","og_title":"Un curso sobre asesoramiento en imagen personal, propuesta del Servicio de Promoci\u00f3n Empresarial para los establecimientos comerciales de moda de Pamplona","og_description":"Las sesiones, de car\u00e1cter gratuito, se celebrar\u00e1n los d\u00edas 19, 20, 21 y 22 de mayo en horario de 14 a 16 horas El Servicio de Promoci\u00f3n Empresarial del Ayuntamiento...","og_url":"https:\/\/www.laguiadepamplona.com\/actualidad\/un-curso-sobre-asesoramiento-en-imagen-personal-propuesta-del-servicio-de-promocion-empresarial-para-los-establecimientos-comerciales-de-moda-de-pamplona\/","og_site_name":"La Gu\u00eda de Pamplona","article_publisher":"https:\/\/www.facebook.com\/laguiadepamplonacom-133175176762273\/?ref=hl","article_published_time":"2014-05-15T11:35:18+00:00","author":"La Gu\u00eda de Pamplona","twitter_card":"summary_large_image","twitter_creator":"@LaGuiadPamplona","twitter_site":"@LaGuiadPamplona","twitter_misc":{"Escrito por":"La Gu\u00eda de Pamplona","Tiempo de lectura":"2 minutos"},"schema":{"@context":"https:\/\/schema.org","@graph":[{"@type":"Article","@id":"https:\/\/www.laguiadepamplona.com\/actualidad\/un-curso-sobre-asesoramiento-en-imagen-personal-propuesta-del-servicio-de-promocion-empresarial-para-los-establecimientos-comerciales-de-moda-de-pamplona\/#article","isPartOf":{"@id":"https:\/\/www.laguiadepamplona.com\/actualidad\/un-curso-sobre-asesoramiento-en-imagen-personal-propuesta-del-servicio-de-promocion-empresarial-para-los-establecimientos-comerciales-de-moda-de-pamplona\/"},"author":{"name":"La Gu\u00eda de Pamplona","@id":"https:\/\/www.laguiadepamplona.com\/actualidad\/#\/schema\/person\/efe887376f0213d4657c93adc50b1fdb"},"headline":"Un curso sobre asesoramiento en imagen personal, propuesta del Servicio de Promoci\u00f3n Empresarial para los establecimientos comerciales de moda de Pamplona","datePublished":"2014-05-15T11:35:18+00:00","mainEntityOfPage":{"@id":"https:\/\/www.laguiadepamplona.com\/actualidad\/un-curso-sobre-asesoramiento-en-imagen-personal-propuesta-del-servicio-de-promocion-empresarial-para-los-establecimientos-comerciales-de-moda-de-pamplona\/"},"wordCount":378,"commentCount":0,"publisher":{"@id":"https:\/\/www.laguiadepamplona.com\/actualidad\/#organization"},"image":{"@id":"https:\/\/www.laguiadepamplona.com\/actualidad\/un-curso-sobre-asesoramiento-en-imagen-personal-propuesta-del-servicio-de-promocion-empresarial-para-los-establecimientos-comerciales-de-moda-de-pamplona\/#primaryimage"},"thumbnailUrl":"","keywords":["actualidad","asesoramiento","ayto pamplona","Ayuntamiento de Pamplona","imagen personal","noticias","pamplona","Personal shopper","Servicio de Promoci\u00f3n Empresarial"],"articleSection":["Ayto Pamplona"],"inLanguage":"es","potentialAction":[{"@type":"CommentAction","name":"Comment","target":["https:\/\/www.laguiadepamplona.com\/actualidad\/un-curso-sobre-asesoramiento-en-imagen-personal-propuesta-del-servicio-de-promocion-empresarial-para-los-establecimientos-comerciales-de-moda-de-pamplona\/#respond"]}]},{"@type":"WebPage","@id":"https:\/\/www.laguiadepamplona.com\/actualidad\/un-curso-sobre-asesoramiento-en-imagen-personal-propuesta-del-servicio-de-promocion-empresarial-para-los-establecimientos-comerciales-de-moda-de-pamplona\/","url":"https:\/\/www.laguiadepamplona.com\/actualidad\/un-curso-sobre-asesoramiento-en-imagen-personal-propuesta-del-servicio-de-promocion-empresarial-para-los-establecimientos-comerciales-de-moda-de-pamplona\/","name":"Un curso sobre asesoramiento en imagen personal, propuesta del Servicio de Promoci\u00f3n Empresarial para los establecimientos comerciales de moda de Pamplona","isPartOf":{"@id":"https:\/\/www.laguiadepamplona.com\/actualidad\/#website"},"primaryImageOfPage":{"@id":"https:\/\/www.laguiadepamplona.com\/actualidad\/un-curso-sobre-asesoramiento-en-imagen-personal-propuesta-del-servicio-de-promocion-empresarial-para-los-establecimientos-comerciales-de-moda-de-pamplona\/#primaryimage"},"image":{"@id":"https:\/\/www.laguiadepamplona.com\/actualidad\/un-curso-sobre-asesoramiento-en-imagen-personal-propuesta-del-servicio-de-promocion-empresarial-para-los-establecimientos-comerciales-de-moda-de-pamplona\/#primaryimage"},"thumbnailUrl":"","datePublished":"2014-05-15T11:35:18+00:00","breadcrumb":{"@id":"https:\/\/www.laguiadepamplona.com\/actualidad\/un-curso-sobre-asesoramiento-en-imagen-personal-propuesta-del-servicio-de-promocion-empresarial-para-los-establecimientos-comerciales-de-moda-de-pamplona\/#breadcrumb"},"inLanguage":"es","potentialAction":[{"@type":"ReadAction","target":["https:\/\/www.laguiadepamplona.com\/actualidad\/un-curso-sobre-asesoramiento-en-imagen-personal-propuesta-del-servicio-de-promocion-empresarial-para-los-establecimientos-comerciales-de-moda-de-pamplona\/"]}]},{"@type":"ImageObject","inLanguage":"es","@id":"https:\/\/www.laguiadepamplona.com\/actualidad\/un-curso-sobre-asesoramiento-en-imagen-personal-propuesta-del-servicio-de-promocion-empresarial-para-los-establecimientos-comerciales-de-moda-de-pamplona\/#primaryimage","url":"","contentUrl":""},{"@type":"BreadcrumbList","@id":"https:\/\/www.laguiadepamplona.com\/actualidad\/un-curso-sobre-asesoramiento-en-imagen-personal-propuesta-del-servicio-de-promocion-empresarial-para-los-establecimientos-comerciales-de-moda-de-pamplona\/#breadcrumb","itemListElement":[{"@type":"ListItem","position":1,"name":"Portada","item":"https:\/\/www.laguiadepamplona.com\/actualidad\/"},{"@type":"ListItem","position":2,"name":"Un curso sobre asesoramiento en imagen personal, propuesta del Servicio de Promoci\u00f3n Empresarial para los establecimientos comerciales de moda de Pamplona"}]},{"@type":"WebSite","@id":"https:\/\/www.laguiadepamplona.com\/actualidad\/#website","url":"https:\/\/www.laguiadepamplona.com\/actualidad\/","name":"La gu\u00eda de Pamplona","description":"Noticias de Pamplona","publisher":{"@id":"https:\/\/www.laguiadepamplona.com\/actualidad\/#organization"},"potentialAction":[{"@type":"SearchAction","target":{"@type":"EntryPoint","urlTemplate":"https:\/\/www.laguiadepamplona.com\/actualidad\/?s={search_term_string}"},"query-input":{"@type":"PropertyValueSpecification","valueRequired":true,"valueName":"search_term_string"}}],"inLanguage":"es"},{"@type":"Organization","@id":"https:\/\/www.laguiadepamplona.com\/actualidad\/#organization","name":"La Gu\u00eda de Pamplona \/ Noticias","url":"https:\/\/www.laguiadepamplona.com\/actualidad\/","logo":{"@type":"ImageObject","inLanguage":"es","@id":"https:\/\/www.laguiadepamplona.com\/actualidad\/#\/schema\/logo\/image\/","url":"https:\/\/www.laguiadepamplona.com\/actualidad\/wp-content\/uploads\/2018\/11\/logo-laguiadepamplona18-web1.png","contentUrl":"https:\/\/www.laguiadepamplona.com\/actualidad\/wp-content\/uploads\/2018\/11\/logo-laguiadepamplona18-web1.png","width":600,"height":196,"caption":"La Gu\u00eda de Pamplona \/ Noticias"},"image":{"@id":"https:\/\/www.laguiadepamplona.com\/actualidad\/#\/schema\/logo\/image\/"},"sameAs":["https:\/\/www.facebook.com\/laguiadepamplonacom-133175176762273\/?ref=hl","https:\/\/x.com\/LaGuiadPamplona","https:\/\/www.instagram.com\/la_guia_de_pamplona\/","https:\/\/www.youtube.com\/user\/laguiadepamplona"]},{"@type":"Person","@id":"https:\/\/www.laguiadepamplona.com\/actualidad\/#\/schema\/person\/efe887376f0213d4657c93adc50b1fdb","name":"La Gu\u00eda de Pamplona","image":{"@type":"ImageObject","inLanguage":"es","@id":"https:\/\/secure.gravatar.com\/avatar\/b6992f131dc8d30ab0dff15446e9d346d9dbd95992de0fef795073f5ea83a81c?s=96&d=mm&r=g","url":"https:\/\/secure.gravatar.com\/avatar\/b6992f131dc8d30ab0dff15446e9d346d9dbd95992de0fef795073f5ea83a81c?s=96&d=mm&r=g","contentUrl":"https:\/\/secure.gravatar.com\/avatar\/b6992f131dc8d30ab0dff15446e9d346d9dbd95992de0fef795073f5ea83a81c?s=96&d=mm&r=g","caption":"La Gu\u00eda de Pamplona"}}]}},"post_mailing_queue_ids":[],"_links":{"self":[{"href":"https:\/\/www.laguiadepamplona.com\/actualidad\/wp-json\/wp\/v2\/posts\/1601","targetHints":{"allow":["GET"]}}],"collection":[{"href":"https:\/\/www.laguiadepamplona.com\/actualidad\/wp-json\/wp\/v2\/posts"}],"about":[{"href":"https:\/\/www.laguiadepamplona.com\/actualidad\/wp-json\/wp\/v2\/types\/post"}],"author":[{"embeddable":true,"href":"https:\/\/www.laguiadepamplona.com\/actualidad\/wp-json\/wp\/v2\/users\/1"}],"replies":[{"embeddable":true,"href":"https:\/\/www.laguiadepamplona.com\/actualidad\/wp-json\/wp\/v2\/comments?post=1601"}],"version-history":[{"count":0,"href":"https:\/\/www.laguiadepamplona.com\/actualidad\/wp-json\/wp\/v2\/posts\/1601\/revisions"}],"wp:featuredmedia":[{"embeddable":true,"href":"https:\/\/www.laguiadepamplona.com\/actualidad\/wp-json\/"}],"wp:attachment":[{"href":"https:\/\/www.laguiadepamplona.com\/actualidad\/wp-json\/wp\/v2\/media?parent=1601"}],"wp:term":[{"taxonomy":"category","embeddable":true,"href":"https:\/\/www.laguiadepamplona.com\/actualidad\/wp-json\/wp\/v2\/categories?post=1601"},{"taxonomy":"post_tag","embeddable":true,"href":"https:\/\/www.laguiadepamplona.com\/actualidad\/wp-json\/wp\/v2\/tags?post=1601"}],"curies":[{"name":"wp","href":"https:\/\/api.w.org\/{rel}","templated":true}]}}