{"id":16009,"date":"2018-02-07T11:56:20","date_gmt":"2018-02-07T10:56:20","guid":{"rendered":"http:\/\/laguiadepamplona.es\/actualidad\/?p=16009"},"modified":"2018-02-07T11:56:20","modified_gmt":"2018-02-07T10:56:20","slug":"del-9-al-23-de-febrero-se-abren-las-inscripciones-para-el-laboratorio-gratuito-crear-para-crecer-viaje-a-mi-diversidad-organizado-en-el-centro-harrotu","status":"publish","type":"post","link":"https:\/\/www.laguiadepamplona.com\/actualidad\/del-9-al-23-de-febrero-se-abren-las-inscripciones-para-el-laboratorio-gratuito-crear-para-crecer-viaje-a-mi-diversidad-organizado-en-el-centro-harrotu\/","title":{"rendered":"Del 9 al 23 de febrero se abren las inscripciones para el laboratorio gratuito \u2018Crear para crecer: viaje a mi diversidad\u2019 organizado en el centro Harrotu"},"content":{"rendered":"<h3>El taller es una exploraci\u00f3n personal y grupal a trav\u00e9s de la creatividad para cuestionar las normatividades sociales de diversidad sexual y g\u00e9nero<\/h3>\n<p><!--more--><\/p>\n<p>\u2018Crear para crecer: viaje a mi diversidad\u2019 es el t\u00edtulo del laboratorio experimental gratuito organizado en el Centro Harrotu los martes comprendidos entre el 27 de febrero y el 29 de mayo de 18.30 a 20.30 horas. Este taller quiere ser un viaje de exploraci\u00f3n personal y grupal hacia la diversidad sexual y de g\u00e9nero para cuestionar las normatividades sociales y crear identidades aut\u00e9nticas y diversas. La metodolog\u00eda utilizada incluir\u00e1 diferentes disciplinas creativas como la ilustraci\u00f3n, el movimiento, la expresi\u00f3n corporal, la escritura y la autoimagen. Esta dirigido a cualquier persona interesada en ampliar su mirada y vivencia del g\u00e9nero y la sexualidad a trav\u00e9s de la creatividad, el juego y la libertad.<\/p>\n<p>Las inscripciones pueden realizarse del 9 al 23 de febrero en el tel\u00e9fono 948223626, a trav\u00e9s del correo electr\u00f3nico <a href=\"mailto:lgtbi@pamplona.es\">lgtbi@pamplona.es<\/a> o en el mismo Harrotu Centro LGTBI situado en la calle San Gregorio 28. Las plazas son limitadas y se adjudicar\u00e1n por orden de inscripci\u00f3n.<\/p>\n<p>El laboratorio se desarrollar\u00e1 durante 13 semanas. Su objetivo es abordar la exploraci\u00f3n hacia la diversidad sexual y de g\u00e9nero, liberarse de \u2018normatividades\u2019 limitantes y crear identidades y vidas aut\u00e9nticas, diversas y en movimiento. Impartido por Ixa Herrero, Eva Leoz, Miriam Cameros, Nora Ochoa de Olza, Marta Rojo y Marco P\u00e9rez, se apoyar\u00e1 en la fuerza del grupo y la capacidad del arte, la creatividad y el juego para descubrir, construir y deconstruir, a trav\u00e9s la ilustraci\u00f3n, la narraci\u00f3n, el cuerpo, el clown, la imagen personal y la fotograf\u00eda.<\/p>\n<p>Durante las sesiones se tratar\u00e1n temas como qu\u00e9 es la norma y que ha interiorizado cada persona como su norma; la heteronormatividad y el heteropatriarcado y la toma de consciencia de sus efectos; el poder de la palabra y las etiquetas sobre las identidades; la palabra y el silencio; la imagen personal interna y externa; las otras personas como espejos y los personajes que desarrolla cada persona, aspecto que incluir\u00e1 la experimentaci\u00f3n de roles.<\/p>\n<p><strong>Laboratorio \u2018Crear para crecer: viaje a mi diversidad\u2019. Gratuito<\/strong><\/p>\n<ul>\n<li><strong>Qu\u00e9 es<\/strong>: un viaje de exploraci\u00f3n personal y grupal hacia la diversidad sexual y de g\u00e9nero para cuestionar las normatividades sociales y crear identidades aut\u00e9nticas y diversas<\/li>\n<li><strong>C\u00f3mo<\/strong>: a trav\u00e9s de diferentes disciplinas creativas como la ilustraci\u00f3n, el movimiento, la expresi\u00f3n corporal, la escritura y la autoimagen<\/li>\n<li><strong>Para qui\u00e9n<\/strong>: cualquier persona interesada en ampliar su mirada y vivencia del g\u00e9nero y la sexualidad a trav\u00e9s de la creatividad<\/li>\n<li><strong>Cu\u00e1ndo<\/strong>: del 27 de febrero al 29 de mayo. Los martes de 18.30 a 20.30 horas<\/li>\n<li><strong>D\u00f3nde<\/strong>: Harrotu ( calle San Gregorio 28, Pamplona)<\/li>\n<li><strong>Inscripciones<\/strong>: del 9 de febrero al 23 de febrero en el 948223626 o en <a href=\"mailto:lgtbi@pamplona.es\">lgtbi@pamplona.es<\/a>. Plazas limitadas (se adjudicar\u00e1n por orden de inscripci\u00f3n)<\/li>\n<\/ul>\n<p>&nbsp;<\/p>\n","protected":false},"excerpt":{"rendered":"<p>El taller es una exploraci\u00f3n personal y grupal a trav\u00e9s de la creatividad para cuestionar las normatividades sociales de diversidad sexual y g\u00e9nero<\/p>\n","protected":false},"author":1,"featured_media":11094,"comment_status":"open","ping_status":"closed","sticky":false,"template":"","format":"standard","meta":{"footnotes":""},"categories":[2],"tags":[],"class_list":["post-16009","post","type-post","status-publish","format-standard","has-post-thumbnail","hentry","category-ayuntamiento-pamplona"],"yoast_head":"<!-- This site is optimized with the Yoast SEO plugin v27.3 - https:\/\/yoast.com\/product\/yoast-seo-wordpress\/ -->\n<title>Del 9 al 23 de febrero se abren las inscripciones para el laboratorio gratuito \u2018Crear para crecer: viaje a mi diversidad\u2019 organizado en el centro Harrotu<\/title>\n<meta name=\"robots\" content=\"index, follow, max-snippet:-1, max-image-preview:large, max-video-preview:-1\" \/>\n<link rel=\"canonical\" href=\"https:\/\/www.laguiadepamplona.com\/actualidad\/del-9-al-23-de-febrero-se-abren-las-inscripciones-para-el-laboratorio-gratuito-crear-para-crecer-viaje-a-mi-diversidad-organizado-en-el-centro-harrotu\/\" \/>\n<meta property=\"og:locale\" content=\"es_ES\" \/>\n<meta property=\"og:type\" content=\"article\" \/>\n<meta property=\"og:title\" content=\"Del 9 al 23 de febrero se abren las inscripciones para el laboratorio gratuito \u2018Crear para crecer: viaje a mi diversidad\u2019 organizado en el centro Harrotu\" \/>\n<meta property=\"og:description\" content=\"El taller es una exploraci\u00f3n personal y grupal a trav\u00e9s de la creatividad para cuestionar las normatividades sociales de diversidad sexual y g\u00e9nero\" \/>\n<meta property=\"og:url\" content=\"https:\/\/www.laguiadepamplona.com\/actualidad\/del-9-al-23-de-febrero-se-abren-las-inscripciones-para-el-laboratorio-gratuito-crear-para-crecer-viaje-a-mi-diversidad-organizado-en-el-centro-harrotu\/\" \/>\n<meta property=\"og:site_name\" content=\"La Gu\u00eda de Pamplona\" \/>\n<meta property=\"article:publisher\" content=\"https:\/\/www.facebook.com\/laguiadepamplonacom-133175176762273\/?ref=hl\" \/>\n<meta property=\"article:published_time\" content=\"2018-02-07T10:56:20+00:00\" \/>\n<meta property=\"og:image\" content=\"https:\/\/www.laguiadepamplona.com\/actualidad\/wp-content\/uploads\/2016\/12\/orgullo-gay-bandera-lgtb.jpg\" \/>\n\t<meta property=\"og:image:width\" content=\"860\" \/>\n\t<meta property=\"og:image:height\" content=\"520\" \/>\n\t<meta property=\"og:image:type\" content=\"image\/jpeg\" \/>\n<meta name=\"author\" content=\"La Gu\u00eda de Pamplona\" \/>\n<meta name=\"twitter:card\" content=\"summary_large_image\" \/>\n<meta name=\"twitter:creator\" content=\"@LaGuiadPamplona\" \/>\n<meta name=\"twitter:site\" content=\"@LaGuiadPamplona\" \/>\n<meta name=\"twitter:label1\" content=\"Escrito por\" \/>\n\t<meta name=\"twitter:data1\" content=\"La Gu\u00eda de Pamplona\" \/>\n\t<meta name=\"twitter:label2\" content=\"Tiempo de lectura\" \/>\n\t<meta name=\"twitter:data2\" content=\"2 minutos\" \/>\n<script type=\"application\/ld+json\" class=\"yoast-schema-graph\">{\"@context\":\"https:\\\/\\\/schema.org\",\"@graph\":[{\"@type\":\"Article\",\"@id\":\"https:\\\/\\\/www.laguiadepamplona.com\\\/actualidad\\\/del-9-al-23-de-febrero-se-abren-las-inscripciones-para-el-laboratorio-gratuito-crear-para-crecer-viaje-a-mi-diversidad-organizado-en-el-centro-harrotu\\\/#article\",\"isPartOf\":{\"@id\":\"https:\\\/\\\/www.laguiadepamplona.com\\\/actualidad\\\/del-9-al-23-de-febrero-se-abren-las-inscripciones-para-el-laboratorio-gratuito-crear-para-crecer-viaje-a-mi-diversidad-organizado-en-el-centro-harrotu\\\/\"},\"author\":{\"name\":\"La Gu\u00eda de Pamplona\",\"@id\":\"https:\\\/\\\/www.laguiadepamplona.com\\\/actualidad\\\/#\\\/schema\\\/person\\\/efe887376f0213d4657c93adc50b1fdb\"},\"headline\":\"Del 9 al 23 de febrero se abren las inscripciones para el laboratorio gratuito \u2018Crear para crecer: viaje a mi diversidad\u2019 organizado en el centro Harrotu\",\"datePublished\":\"2018-02-07T10:56:20+00:00\",\"mainEntityOfPage\":{\"@id\":\"https:\\\/\\\/www.laguiadepamplona.com\\\/actualidad\\\/del-9-al-23-de-febrero-se-abren-las-inscripciones-para-el-laboratorio-gratuito-crear-para-crecer-viaje-a-mi-diversidad-organizado-en-el-centro-harrotu\\\/\"},\"wordCount\":520,\"commentCount\":0,\"publisher\":{\"@id\":\"https:\\\/\\\/www.laguiadepamplona.com\\\/actualidad\\\/#organization\"},\"image\":{\"@id\":\"https:\\\/\\\/www.laguiadepamplona.com\\\/actualidad\\\/del-9-al-23-de-febrero-se-abren-las-inscripciones-para-el-laboratorio-gratuito-crear-para-crecer-viaje-a-mi-diversidad-organizado-en-el-centro-harrotu\\\/#primaryimage\"},\"thumbnailUrl\":\"https:\\\/\\\/www.laguiadepamplona.com\\\/actualidad\\\/wp-content\\\/uploads\\\/2016\\\/12\\\/orgullo-gay-bandera-lgtb.jpg\",\"articleSection\":[\"Ayto Pamplona\"],\"inLanguage\":\"es\",\"potentialAction\":[{\"@type\":\"CommentAction\",\"name\":\"Comment\",\"target\":[\"https:\\\/\\\/www.laguiadepamplona.com\\\/actualidad\\\/del-9-al-23-de-febrero-se-abren-las-inscripciones-para-el-laboratorio-gratuito-crear-para-crecer-viaje-a-mi-diversidad-organizado-en-el-centro-harrotu\\\/#respond\"]}]},{\"@type\":\"WebPage\",\"@id\":\"https:\\\/\\\/www.laguiadepamplona.com\\\/actualidad\\\/del-9-al-23-de-febrero-se-abren-las-inscripciones-para-el-laboratorio-gratuito-crear-para-crecer-viaje-a-mi-diversidad-organizado-en-el-centro-harrotu\\\/\",\"url\":\"https:\\\/\\\/www.laguiadepamplona.com\\\/actualidad\\\/del-9-al-23-de-febrero-se-abren-las-inscripciones-para-el-laboratorio-gratuito-crear-para-crecer-viaje-a-mi-diversidad-organizado-en-el-centro-harrotu\\\/\",\"name\":\"Del 9 al 23 de febrero se abren las inscripciones para el laboratorio gratuito \u2018Crear para crecer: viaje a mi diversidad\u2019 organizado en el centro Harrotu\",\"isPartOf\":{\"@id\":\"https:\\\/\\\/www.laguiadepamplona.com\\\/actualidad\\\/#website\"},\"primaryImageOfPage\":{\"@id\":\"https:\\\/\\\/www.laguiadepamplona.com\\\/actualidad\\\/del-9-al-23-de-febrero-se-abren-las-inscripciones-para-el-laboratorio-gratuito-crear-para-crecer-viaje-a-mi-diversidad-organizado-en-el-centro-harrotu\\\/#primaryimage\"},\"image\":{\"@id\":\"https:\\\/\\\/www.laguiadepamplona.com\\\/actualidad\\\/del-9-al-23-de-febrero-se-abren-las-inscripciones-para-el-laboratorio-gratuito-crear-para-crecer-viaje-a-mi-diversidad-organizado-en-el-centro-harrotu\\\/#primaryimage\"},\"thumbnailUrl\":\"https:\\\/\\\/www.laguiadepamplona.com\\\/actualidad\\\/wp-content\\\/uploads\\\/2016\\\/12\\\/orgullo-gay-bandera-lgtb.jpg\",\"datePublished\":\"2018-02-07T10:56:20+00:00\",\"breadcrumb\":{\"@id\":\"https:\\\/\\\/www.laguiadepamplona.com\\\/actualidad\\\/del-9-al-23-de-febrero-se-abren-las-inscripciones-para-el-laboratorio-gratuito-crear-para-crecer-viaje-a-mi-diversidad-organizado-en-el-centro-harrotu\\\/#breadcrumb\"},\"inLanguage\":\"es\",\"potentialAction\":[{\"@type\":\"ReadAction\",\"target\":[\"https:\\\/\\\/www.laguiadepamplona.com\\\/actualidad\\\/del-9-al-23-de-febrero-se-abren-las-inscripciones-para-el-laboratorio-gratuito-crear-para-crecer-viaje-a-mi-diversidad-organizado-en-el-centro-harrotu\\\/\"]}]},{\"@type\":\"ImageObject\",\"inLanguage\":\"es\",\"@id\":\"https:\\\/\\\/www.laguiadepamplona.com\\\/actualidad\\\/del-9-al-23-de-febrero-se-abren-las-inscripciones-para-el-laboratorio-gratuito-crear-para-crecer-viaje-a-mi-diversidad-organizado-en-el-centro-harrotu\\\/#primaryimage\",\"url\":\"https:\\\/\\\/www.laguiadepamplona.com\\\/actualidad\\\/wp-content\\\/uploads\\\/2016\\\/12\\\/orgullo-gay-bandera-lgtb.jpg\",\"contentUrl\":\"https:\\\/\\\/www.laguiadepamplona.com\\\/actualidad\\\/wp-content\\\/uploads\\\/2016\\\/12\\\/orgullo-gay-bandera-lgtb.jpg\",\"width\":860,\"height\":520,\"caption\":\"lgtbi\"},{\"@type\":\"BreadcrumbList\",\"@id\":\"https:\\\/\\\/www.laguiadepamplona.com\\\/actualidad\\\/del-9-al-23-de-febrero-se-abren-las-inscripciones-para-el-laboratorio-gratuito-crear-para-crecer-viaje-a-mi-diversidad-organizado-en-el-centro-harrotu\\\/#breadcrumb\",\"itemListElement\":[{\"@type\":\"ListItem\",\"position\":1,\"name\":\"Portada\",\"item\":\"https:\\\/\\\/www.laguiadepamplona.com\\\/actualidad\\\/\"},{\"@type\":\"ListItem\",\"position\":2,\"name\":\"Del 9 al 23 de febrero se abren las inscripciones para el laboratorio gratuito \u2018Crear para crecer: viaje a mi diversidad\u2019 organizado en el centro Harrotu\"}]},{\"@type\":\"WebSite\",\"@id\":\"https:\\\/\\\/www.laguiadepamplona.com\\\/actualidad\\\/#website\",\"url\":\"https:\\\/\\\/www.laguiadepamplona.com\\\/actualidad\\\/\",\"name\":\"La gu\u00eda de Pamplona\",\"description\":\"Noticias de Pamplona\",\"publisher\":{\"@id\":\"https:\\\/\\\/www.laguiadepamplona.com\\\/actualidad\\\/#organization\"},\"potentialAction\":[{\"@type\":\"SearchAction\",\"target\":{\"@type\":\"EntryPoint\",\"urlTemplate\":\"https:\\\/\\\/www.laguiadepamplona.com\\\/actualidad\\\/?s={search_term_string}\"},\"query-input\":{\"@type\":\"PropertyValueSpecification\",\"valueRequired\":true,\"valueName\":\"search_term_string\"}}],\"inLanguage\":\"es\"},{\"@type\":\"Organization\",\"@id\":\"https:\\\/\\\/www.laguiadepamplona.com\\\/actualidad\\\/#organization\",\"name\":\"La Gu\u00eda de Pamplona \\\/ Noticias\",\"url\":\"https:\\\/\\\/www.laguiadepamplona.com\\\/actualidad\\\/\",\"logo\":{\"@type\":\"ImageObject\",\"inLanguage\":\"es\",\"@id\":\"https:\\\/\\\/www.laguiadepamplona.com\\\/actualidad\\\/#\\\/schema\\\/logo\\\/image\\\/\",\"url\":\"https:\\\/\\\/www.laguiadepamplona.com\\\/actualidad\\\/wp-content\\\/uploads\\\/2018\\\/11\\\/logo-laguiadepamplona18-web1.png\",\"contentUrl\":\"https:\\\/\\\/www.laguiadepamplona.com\\\/actualidad\\\/wp-content\\\/uploads\\\/2018\\\/11\\\/logo-laguiadepamplona18-web1.png\",\"width\":600,\"height\":196,\"caption\":\"La Gu\u00eda de Pamplona \\\/ Noticias\"},\"image\":{\"@id\":\"https:\\\/\\\/www.laguiadepamplona.com\\\/actualidad\\\/#\\\/schema\\\/logo\\\/image\\\/\"},\"sameAs\":[\"https:\\\/\\\/www.facebook.com\\\/laguiadepamplonacom-133175176762273\\\/?ref=hl\",\"https:\\\/\\\/x.com\\\/LaGuiadPamplona\",\"https:\\\/\\\/www.instagram.com\\\/la_guia_de_pamplona\\\/\",\"https:\\\/\\\/www.youtube.com\\\/user\\\/laguiadepamplona\"]},{\"@type\":\"Person\",\"@id\":\"https:\\\/\\\/www.laguiadepamplona.com\\\/actualidad\\\/#\\\/schema\\\/person\\\/efe887376f0213d4657c93adc50b1fdb\",\"name\":\"La Gu\u00eda de Pamplona\",\"image\":{\"@type\":\"ImageObject\",\"inLanguage\":\"es\",\"@id\":\"https:\\\/\\\/secure.gravatar.com\\\/avatar\\\/b6992f131dc8d30ab0dff15446e9d346d9dbd95992de0fef795073f5ea83a81c?s=96&d=mm&r=g\",\"url\":\"https:\\\/\\\/secure.gravatar.com\\\/avatar\\\/b6992f131dc8d30ab0dff15446e9d346d9dbd95992de0fef795073f5ea83a81c?s=96&d=mm&r=g\",\"contentUrl\":\"https:\\\/\\\/secure.gravatar.com\\\/avatar\\\/b6992f131dc8d30ab0dff15446e9d346d9dbd95992de0fef795073f5ea83a81c?s=96&d=mm&r=g\",\"caption\":\"La Gu\u00eda de Pamplona\"}}]}<\/script>\n<!-- \/ Yoast SEO plugin. -->","yoast_head_json":{"title":"Del 9 al 23 de febrero se abren las inscripciones para el laboratorio gratuito \u2018Crear para crecer: viaje a mi diversidad\u2019 organizado en el centro Harrotu","robots":{"index":"index","follow":"follow","max-snippet":"max-snippet:-1","max-image-preview":"max-image-preview:large","max-video-preview":"max-video-preview:-1"},"canonical":"https:\/\/www.laguiadepamplona.com\/actualidad\/del-9-al-23-de-febrero-se-abren-las-inscripciones-para-el-laboratorio-gratuito-crear-para-crecer-viaje-a-mi-diversidad-organizado-en-el-centro-harrotu\/","og_locale":"es_ES","og_type":"article","og_title":"Del 9 al 23 de febrero se abren las inscripciones para el laboratorio gratuito \u2018Crear para crecer: viaje a mi diversidad\u2019 organizado en el centro Harrotu","og_description":"El taller es una exploraci\u00f3n personal y grupal a trav\u00e9s de la creatividad para cuestionar las normatividades sociales de diversidad sexual y g\u00e9nero","og_url":"https:\/\/www.laguiadepamplona.com\/actualidad\/del-9-al-23-de-febrero-se-abren-las-inscripciones-para-el-laboratorio-gratuito-crear-para-crecer-viaje-a-mi-diversidad-organizado-en-el-centro-harrotu\/","og_site_name":"La Gu\u00eda de Pamplona","article_publisher":"https:\/\/www.facebook.com\/laguiadepamplonacom-133175176762273\/?ref=hl","article_published_time":"2018-02-07T10:56:20+00:00","og_image":[{"width":860,"height":520,"url":"https:\/\/www.laguiadepamplona.com\/actualidad\/wp-content\/uploads\/2016\/12\/orgullo-gay-bandera-lgtb.jpg","type":"image\/jpeg"}],"author":"La Gu\u00eda de Pamplona","twitter_card":"summary_large_image","twitter_creator":"@LaGuiadPamplona","twitter_site":"@LaGuiadPamplona","twitter_misc":{"Escrito por":"La Gu\u00eda de Pamplona","Tiempo de lectura":"2 minutos"},"schema":{"@context":"https:\/\/schema.org","@graph":[{"@type":"Article","@id":"https:\/\/www.laguiadepamplona.com\/actualidad\/del-9-al-23-de-febrero-se-abren-las-inscripciones-para-el-laboratorio-gratuito-crear-para-crecer-viaje-a-mi-diversidad-organizado-en-el-centro-harrotu\/#article","isPartOf":{"@id":"https:\/\/www.laguiadepamplona.com\/actualidad\/del-9-al-23-de-febrero-se-abren-las-inscripciones-para-el-laboratorio-gratuito-crear-para-crecer-viaje-a-mi-diversidad-organizado-en-el-centro-harrotu\/"},"author":{"name":"La Gu\u00eda de Pamplona","@id":"https:\/\/www.laguiadepamplona.com\/actualidad\/#\/schema\/person\/efe887376f0213d4657c93adc50b1fdb"},"headline":"Del 9 al 23 de febrero se abren las inscripciones para el laboratorio gratuito \u2018Crear para crecer: viaje a mi diversidad\u2019 organizado en el centro Harrotu","datePublished":"2018-02-07T10:56:20+00:00","mainEntityOfPage":{"@id":"https:\/\/www.laguiadepamplona.com\/actualidad\/del-9-al-23-de-febrero-se-abren-las-inscripciones-para-el-laboratorio-gratuito-crear-para-crecer-viaje-a-mi-diversidad-organizado-en-el-centro-harrotu\/"},"wordCount":520,"commentCount":0,"publisher":{"@id":"https:\/\/www.laguiadepamplona.com\/actualidad\/#organization"},"image":{"@id":"https:\/\/www.laguiadepamplona.com\/actualidad\/del-9-al-23-de-febrero-se-abren-las-inscripciones-para-el-laboratorio-gratuito-crear-para-crecer-viaje-a-mi-diversidad-organizado-en-el-centro-harrotu\/#primaryimage"},"thumbnailUrl":"https:\/\/www.laguiadepamplona.com\/actualidad\/wp-content\/uploads\/2016\/12\/orgullo-gay-bandera-lgtb.jpg","articleSection":["Ayto Pamplona"],"inLanguage":"es","potentialAction":[{"@type":"CommentAction","name":"Comment","target":["https:\/\/www.laguiadepamplona.com\/actualidad\/del-9-al-23-de-febrero-se-abren-las-inscripciones-para-el-laboratorio-gratuito-crear-para-crecer-viaje-a-mi-diversidad-organizado-en-el-centro-harrotu\/#respond"]}]},{"@type":"WebPage","@id":"https:\/\/www.laguiadepamplona.com\/actualidad\/del-9-al-23-de-febrero-se-abren-las-inscripciones-para-el-laboratorio-gratuito-crear-para-crecer-viaje-a-mi-diversidad-organizado-en-el-centro-harrotu\/","url":"https:\/\/www.laguiadepamplona.com\/actualidad\/del-9-al-23-de-febrero-se-abren-las-inscripciones-para-el-laboratorio-gratuito-crear-para-crecer-viaje-a-mi-diversidad-organizado-en-el-centro-harrotu\/","name":"Del 9 al 23 de febrero se abren las inscripciones para el laboratorio gratuito \u2018Crear para crecer: viaje a mi diversidad\u2019 organizado en el centro Harrotu","isPartOf":{"@id":"https:\/\/www.laguiadepamplona.com\/actualidad\/#website"},"primaryImageOfPage":{"@id":"https:\/\/www.laguiadepamplona.com\/actualidad\/del-9-al-23-de-febrero-se-abren-las-inscripciones-para-el-laboratorio-gratuito-crear-para-crecer-viaje-a-mi-diversidad-organizado-en-el-centro-harrotu\/#primaryimage"},"image":{"@id":"https:\/\/www.laguiadepamplona.com\/actualidad\/del-9-al-23-de-febrero-se-abren-las-inscripciones-para-el-laboratorio-gratuito-crear-para-crecer-viaje-a-mi-diversidad-organizado-en-el-centro-harrotu\/#primaryimage"},"thumbnailUrl":"https:\/\/www.laguiadepamplona.com\/actualidad\/wp-content\/uploads\/2016\/12\/orgullo-gay-bandera-lgtb.jpg","datePublished":"2018-02-07T10:56:20+00:00","breadcrumb":{"@id":"https:\/\/www.laguiadepamplona.com\/actualidad\/del-9-al-23-de-febrero-se-abren-las-inscripciones-para-el-laboratorio-gratuito-crear-para-crecer-viaje-a-mi-diversidad-organizado-en-el-centro-harrotu\/#breadcrumb"},"inLanguage":"es","potentialAction":[{"@type":"ReadAction","target":["https:\/\/www.laguiadepamplona.com\/actualidad\/del-9-al-23-de-febrero-se-abren-las-inscripciones-para-el-laboratorio-gratuito-crear-para-crecer-viaje-a-mi-diversidad-organizado-en-el-centro-harrotu\/"]}]},{"@type":"ImageObject","inLanguage":"es","@id":"https:\/\/www.laguiadepamplona.com\/actualidad\/del-9-al-23-de-febrero-se-abren-las-inscripciones-para-el-laboratorio-gratuito-crear-para-crecer-viaje-a-mi-diversidad-organizado-en-el-centro-harrotu\/#primaryimage","url":"https:\/\/www.laguiadepamplona.com\/actualidad\/wp-content\/uploads\/2016\/12\/orgullo-gay-bandera-lgtb.jpg","contentUrl":"https:\/\/www.laguiadepamplona.com\/actualidad\/wp-content\/uploads\/2016\/12\/orgullo-gay-bandera-lgtb.jpg","width":860,"height":520,"caption":"lgtbi"},{"@type":"BreadcrumbList","@id":"https:\/\/www.laguiadepamplona.com\/actualidad\/del-9-al-23-de-febrero-se-abren-las-inscripciones-para-el-laboratorio-gratuito-crear-para-crecer-viaje-a-mi-diversidad-organizado-en-el-centro-harrotu\/#breadcrumb","itemListElement":[{"@type":"ListItem","position":1,"name":"Portada","item":"https:\/\/www.laguiadepamplona.com\/actualidad\/"},{"@type":"ListItem","position":2,"name":"Del 9 al 23 de febrero se abren las inscripciones para el laboratorio gratuito \u2018Crear para crecer: viaje a mi diversidad\u2019 organizado en el centro Harrotu"}]},{"@type":"WebSite","@id":"https:\/\/www.laguiadepamplona.com\/actualidad\/#website","url":"https:\/\/www.laguiadepamplona.com\/actualidad\/","name":"La gu\u00eda de Pamplona","description":"Noticias de Pamplona","publisher":{"@id":"https:\/\/www.laguiadepamplona.com\/actualidad\/#organization"},"potentialAction":[{"@type":"SearchAction","target":{"@type":"EntryPoint","urlTemplate":"https:\/\/www.laguiadepamplona.com\/actualidad\/?s={search_term_string}"},"query-input":{"@type":"PropertyValueSpecification","valueRequired":true,"valueName":"search_term_string"}}],"inLanguage":"es"},{"@type":"Organization","@id":"https:\/\/www.laguiadepamplona.com\/actualidad\/#organization","name":"La Gu\u00eda de Pamplona \/ Noticias","url":"https:\/\/www.laguiadepamplona.com\/actualidad\/","logo":{"@type":"ImageObject","inLanguage":"es","@id":"https:\/\/www.laguiadepamplona.com\/actualidad\/#\/schema\/logo\/image\/","url":"https:\/\/www.laguiadepamplona.com\/actualidad\/wp-content\/uploads\/2018\/11\/logo-laguiadepamplona18-web1.png","contentUrl":"https:\/\/www.laguiadepamplona.com\/actualidad\/wp-content\/uploads\/2018\/11\/logo-laguiadepamplona18-web1.png","width":600,"height":196,"caption":"La Gu\u00eda de Pamplona \/ Noticias"},"image":{"@id":"https:\/\/www.laguiadepamplona.com\/actualidad\/#\/schema\/logo\/image\/"},"sameAs":["https:\/\/www.facebook.com\/laguiadepamplonacom-133175176762273\/?ref=hl","https:\/\/x.com\/LaGuiadPamplona","https:\/\/www.instagram.com\/la_guia_de_pamplona\/","https:\/\/www.youtube.com\/user\/laguiadepamplona"]},{"@type":"Person","@id":"https:\/\/www.laguiadepamplona.com\/actualidad\/#\/schema\/person\/efe887376f0213d4657c93adc50b1fdb","name":"La Gu\u00eda de Pamplona","image":{"@type":"ImageObject","inLanguage":"es","@id":"https:\/\/secure.gravatar.com\/avatar\/b6992f131dc8d30ab0dff15446e9d346d9dbd95992de0fef795073f5ea83a81c?s=96&d=mm&r=g","url":"https:\/\/secure.gravatar.com\/avatar\/b6992f131dc8d30ab0dff15446e9d346d9dbd95992de0fef795073f5ea83a81c?s=96&d=mm&r=g","contentUrl":"https:\/\/secure.gravatar.com\/avatar\/b6992f131dc8d30ab0dff15446e9d346d9dbd95992de0fef795073f5ea83a81c?s=96&d=mm&r=g","caption":"La Gu\u00eda de Pamplona"}}]}},"post_mailing_queue_ids":[],"_links":{"self":[{"href":"https:\/\/www.laguiadepamplona.com\/actualidad\/wp-json\/wp\/v2\/posts\/16009","targetHints":{"allow":["GET"]}}],"collection":[{"href":"https:\/\/www.laguiadepamplona.com\/actualidad\/wp-json\/wp\/v2\/posts"}],"about":[{"href":"https:\/\/www.laguiadepamplona.com\/actualidad\/wp-json\/wp\/v2\/types\/post"}],"author":[{"embeddable":true,"href":"https:\/\/www.laguiadepamplona.com\/actualidad\/wp-json\/wp\/v2\/users\/1"}],"replies":[{"embeddable":true,"href":"https:\/\/www.laguiadepamplona.com\/actualidad\/wp-json\/wp\/v2\/comments?post=16009"}],"version-history":[{"count":0,"href":"https:\/\/www.laguiadepamplona.com\/actualidad\/wp-json\/wp\/v2\/posts\/16009\/revisions"}],"wp:featuredmedia":[{"embeddable":true,"href":"https:\/\/www.laguiadepamplona.com\/actualidad\/wp-json\/wp\/v2\/media\/11094"}],"wp:attachment":[{"href":"https:\/\/www.laguiadepamplona.com\/actualidad\/wp-json\/wp\/v2\/media?parent=16009"}],"wp:term":[{"taxonomy":"category","embeddable":true,"href":"https:\/\/www.laguiadepamplona.com\/actualidad\/wp-json\/wp\/v2\/categories?post=16009"},{"taxonomy":"post_tag","embeddable":true,"href":"https:\/\/www.laguiadepamplona.com\/actualidad\/wp-json\/wp\/v2\/tags?post=16009"}],"curies":[{"name":"wp","href":"https:\/\/api.w.org\/{rel}","templated":true}]}}