{"id":16004,"date":"2018-02-07T11:53:33","date_gmt":"2018-02-07T10:53:33","guid":{"rendered":"http:\/\/laguiadepamplona.es\/actualidad\/?p=16004"},"modified":"2018-02-07T11:53:33","modified_gmt":"2018-02-07T10:53:33","slug":"el-ayuntamiento-de-pamplona-y-cideu-celebraran-una-jornada-de-planificacion-estrategica-urbana-el-proximo-martes-en-el-palacio-del-condestable","status":"publish","type":"post","link":"https:\/\/www.laguiadepamplona.com\/actualidad\/el-ayuntamiento-de-pamplona-y-cideu-celebraran-una-jornada-de-planificacion-estrategica-urbana-el-proximo-martes-en-el-palacio-del-condestable\/","title":{"rendered":"El Ayuntamiento de Pamplona y CIDEU celebrar\u00e1n una Jornada de Planificaci\u00f3n Estrat\u00e9gica Urbana el pr\u00f3ximo martes en el Palacio del Condestable"},"content":{"rendered":"<h3>Expertos del CIDEU y de ciudades como Barcelona, Zaragoza o Bilbao presentar\u00e1n y explicar\u00e1n los beneficios de este tipo de planificaci\u00f3n<\/h3>\n<p><!--more--><\/p>\n<p>El Ayuntamiento de Pamplona junto con CIDEU, el Centro Iberoamericano de Desarrollo Estrat\u00e9gico Urbano, ha organizado una Jornada de Planificaci\u00f3n Estrat\u00e9gica Urbana el pr\u00f3ximo d\u00eda 13 de febrero en el Palacio del Condestable. Ser\u00e1 una sesi\u00f3n matinal cuyos contenidos servir\u00e1n como pre\u00e1mbulo al decimocuarto encuentro de la Red Ib\u00e9rica de CIDEU, un espacio de trabajo y reflexi\u00f3n que engloba a 144 ciudades y 26 instituciones colaboradoras y que tendr\u00e1 lugar en Pamplona los d\u00edas 13 y 14 de febrero.<\/p>\n<p>La jornada tendr\u00e1 lugar en el Palacio del Condestable y se iniciar\u00e1, a las 9.30 horas, con la apertura a cargo del alcalde de Pamplona, Joseba Asiron; el alcalde de San Sebasti\u00e1n, Eneko Goia y la secretaria general de CIDEU, Maravillas Rojo. A lo largo de la ma\u00f1ana los contenidos acercar\u00e1n a las personas participantes la figura del Plan Estrat\u00e9gico como herramienta definidora de las l\u00edneas generales del desarrollo urbano. As\u00ed, se hablar\u00e1 de los objetivos estrat\u00e9gicos de las ciudades en el actual contexto internacional globalizado y de la importancia del trabajo en red y la colaboraci\u00f3n en buenas pr\u00e1cticas. Asimismo, durante la ma\u00f1ana se podr\u00e1n escuchar de primera mano ejemplos de planes estrat\u00e9gicos ya en funcionamiento, como los de Barcelona, Zaragoza, Bilbao o San Sebasti\u00e1n.<\/p>\n<p>Entre los ponentes de las diversas sesiones, adem\u00e1s de los encargados de la charla inaugural estar\u00e1n Pedro Acebillo, director de la universidad de CIDEU; representantes de Planes estrat\u00e9gicos de otras ciudades o el director-coordinador de la Oficina de Estrategia del Ayuntamiento de San Sebasti\u00e1n, Kepa Korta. La jornada est\u00e1 destinada cualquier persona, asociaci\u00f3n o instituci\u00f3n interesada y es gratuita, pero requiere inscripci\u00f3n previa en el correo electr\u00f3nico <a href=\"mailto:oficinaestrategica@pamplona.es\">oficinaestrategica@pamplona.es<\/a>.<\/p>\n<p><strong>1 mill\u00f3n de euros en proyectos estrat\u00e9gicos en Pamplona<\/strong><\/p>\n<p>Esta jornada se enmarca tambi\u00e9n en el proceso de creaci\u00f3n de la Oficina estrat\u00e9gica de Pamplona, un servicio enmarcado en el \u00c1rea de Alcald\u00eda y compuesto por siete miembros, entre t\u00e9cnicos y administrativos. La Oficina Estrat\u00e9gica funciona como tal en el Consistorio desde 2017 con un presupuesto de 200.000 euros y trabaja en la l\u00ednea de realizar, primero, y evaluar, despu\u00e9s, la aplicaci\u00f3n de un Plan Estrat\u00e9gico Municipal que a su vez contemple un Plan de Ciudad y un Plan de Barrios.<\/p>\n<p>El personal de la oficina estrat\u00e9gica es, adem\u00e1s, el equipo encargado de conseguir financiaci\u00f3n externa para proyectos municipales que se consideren de car\u00e1cter estrat\u00e9gico. En ese sentido en 2017 ha gestionado u obtenido cinco proyectos por valor de m\u00e1s de un mill\u00f3n de euros (alcanzando un 88% de financiaci\u00f3n europea) como son Creacity, Jacobaccess, Stardust, Kintoan Barna y Spagyria.<\/p>\n<p>Por otra parte de la oficina estrat\u00e9gica dependen planes, programas y proyectos municipales transversales, cuyo \u00e1mbito afecte a varias \u00e1reas municipales como el Observatorio de Ciudad, el plan de gesti\u00f3n municipal, la contrataci\u00f3n p\u00fablica responsable, la estrategia de ciudad inteligente o el Sistema de Informaci\u00f3n Geogr\u00e1fico Municipal. Asimismo, se encarga de las prospecciones sociol\u00f3gica sobre la realidad de Pamplona y la gesti\u00f3n y coordinaci\u00f3n de la participaci\u00f3n de la ciudad en redes y asociaciones de municipios.<\/p>\n<p><strong>Horizonte: calidad de vida para la ciudadan\u00eda<\/strong><\/p>\n<p>Dentro de ese pensamiento estrat\u00e9gico y global, Pamplona, por decisi\u00f3n del Pleno, se uni\u00f3 el pasado 30 noviembre a la Red Ib\u00e9rica del Centro Iberoamericano de Desarrollo Estrat\u00e9gico Urbano, un espacio colaborativo de trabajo que agrupa a un conjunto de ciudades en las que viven m\u00e1s de 120 millones de personas.<\/p>\n<p>Esta red busca difundir y promover un pensamiento estrat\u00e9gico sobre las ciudades, compartiendo y gestionando el conocimiento urbano, mediante los procesos de dise\u00f1o y gesti\u00f3n de proyectos con el par\u00e1metro del desarrollo sostenible como base. El objetivo final, mejorar la calidad de vida de la ciudadan\u00eda de las urbes. CIDEU se constituy\u00f3 en 1993 en Barcelona, donde tiene su sede permanente la secretar\u00eda general, para compartir en red los procesos de planificaci\u00f3n estrat\u00e9gica urbana, y es un proyecto adscrito a la Cumbre Iberoamericana de Jefes de Estado y de Gobierno.<\/p>\n<p>Para lograr sus fines cuenta con un banco de proyectos estrat\u00e9gicos urbanos que se actualiza de forma permanente. Adem\u00e1s desarrolla encuentros, como el de la semana que viene en Pamplona, y promueve acciones pedag\u00f3gicas para la formaci\u00f3n y perfeccionamiento de profesionales de la estrategia urbana. Apoya asimismo el intercambio de ideas y de personas expertas entre las ciudades de la red y cuenta con la Universidad Corporativa de CIDEU, que ofrece formaci\u00f3n on-line, seminarios y encuentros para mejorar el perfil de los profesionales de estrategia urbana.<\/p>\n<p>&nbsp;<\/p>\n","protected":false},"excerpt":{"rendered":"<p>Expertos del CIDEU y de ciudades como Barcelona, Zaragoza o Bilbao presentar\u00e1n y explicar\u00e1n los beneficios de este tipo de planificaci\u00f3n<\/p>\n","protected":false},"author":1,"featured_media":11008,"comment_status":"open","ping_status":"closed","sticky":false,"template":"","format":"standard","meta":{"footnotes":""},"categories":[2],"tags":[],"class_list":["post-16004","post","type-post","status-publish","format-standard","has-post-thumbnail","hentry","category-ayuntamiento-pamplona"],"yoast_head":"<!-- This site is optimized with the Yoast SEO plugin v27.3 - https:\/\/yoast.com\/product\/yoast-seo-wordpress\/ -->\n<title>El Ayuntamiento de Pamplona y CIDEU celebrar\u00e1n una Jornada de Planificaci\u00f3n Estrat\u00e9gica Urbana el pr\u00f3ximo martes en el Palacio del Condestable<\/title>\n<meta name=\"robots\" content=\"index, follow, max-snippet:-1, max-image-preview:large, max-video-preview:-1\" \/>\n<link rel=\"canonical\" href=\"https:\/\/www.laguiadepamplona.com\/actualidad\/el-ayuntamiento-de-pamplona-y-cideu-celebraran-una-jornada-de-planificacion-estrategica-urbana-el-proximo-martes-en-el-palacio-del-condestable\/\" \/>\n<meta property=\"og:locale\" content=\"es_ES\" \/>\n<meta property=\"og:type\" content=\"article\" \/>\n<meta property=\"og:title\" content=\"El Ayuntamiento de Pamplona y CIDEU celebrar\u00e1n una Jornada de Planificaci\u00f3n Estrat\u00e9gica Urbana el pr\u00f3ximo martes en el Palacio del Condestable\" \/>\n<meta property=\"og:description\" content=\"Expertos del CIDEU y de ciudades como Barcelona, Zaragoza o Bilbao presentar\u00e1n y explicar\u00e1n los beneficios de este tipo de planificaci\u00f3n\" \/>\n<meta property=\"og:url\" content=\"https:\/\/www.laguiadepamplona.com\/actualidad\/el-ayuntamiento-de-pamplona-y-cideu-celebraran-una-jornada-de-planificacion-estrategica-urbana-el-proximo-martes-en-el-palacio-del-condestable\/\" \/>\n<meta property=\"og:site_name\" content=\"La Gu\u00eda de Pamplona\" \/>\n<meta property=\"article:publisher\" content=\"https:\/\/www.facebook.com\/laguiadepamplonacom-133175176762273\/?ref=hl\" \/>\n<meta property=\"article:published_time\" content=\"2018-02-07T10:53:33+00:00\" \/>\n<meta property=\"og:image\" content=\"https:\/\/www.laguiadepamplona.com\/actualidad\/wp-content\/uploads\/2016\/12\/palacio-condestable-civivox.jpg\" \/>\n\t<meta property=\"og:image:width\" content=\"900\" \/>\n\t<meta property=\"og:image:height\" content=\"675\" \/>\n\t<meta property=\"og:image:type\" content=\"image\/jpeg\" \/>\n<meta name=\"author\" content=\"La Gu\u00eda de Pamplona\" \/>\n<meta name=\"twitter:card\" content=\"summary_large_image\" \/>\n<meta name=\"twitter:creator\" content=\"@LaGuiadPamplona\" \/>\n<meta name=\"twitter:site\" content=\"@LaGuiadPamplona\" \/>\n<meta name=\"twitter:label1\" content=\"Escrito por\" \/>\n\t<meta name=\"twitter:data1\" content=\"La Gu\u00eda de Pamplona\" \/>\n\t<meta name=\"twitter:label2\" content=\"Tiempo de lectura\" \/>\n\t<meta name=\"twitter:data2\" content=\"4 minutos\" \/>\n<script type=\"application\/ld+json\" class=\"yoast-schema-graph\">{\"@context\":\"https:\\\/\\\/schema.org\",\"@graph\":[{\"@type\":\"Article\",\"@id\":\"https:\\\/\\\/www.laguiadepamplona.com\\\/actualidad\\\/el-ayuntamiento-de-pamplona-y-cideu-celebraran-una-jornada-de-planificacion-estrategica-urbana-el-proximo-martes-en-el-palacio-del-condestable\\\/#article\",\"isPartOf\":{\"@id\":\"https:\\\/\\\/www.laguiadepamplona.com\\\/actualidad\\\/el-ayuntamiento-de-pamplona-y-cideu-celebraran-una-jornada-de-planificacion-estrategica-urbana-el-proximo-martes-en-el-palacio-del-condestable\\\/\"},\"author\":{\"name\":\"La Gu\u00eda de Pamplona\",\"@id\":\"https:\\\/\\\/www.laguiadepamplona.com\\\/actualidad\\\/#\\\/schema\\\/person\\\/efe887376f0213d4657c93adc50b1fdb\"},\"headline\":\"El Ayuntamiento de Pamplona y CIDEU celebrar\u00e1n una Jornada de Planificaci\u00f3n Estrat\u00e9gica Urbana el pr\u00f3ximo martes en el Palacio del Condestable\",\"datePublished\":\"2018-02-07T10:53:33+00:00\",\"mainEntityOfPage\":{\"@id\":\"https:\\\/\\\/www.laguiadepamplona.com\\\/actualidad\\\/el-ayuntamiento-de-pamplona-y-cideu-celebraran-una-jornada-de-planificacion-estrategica-urbana-el-proximo-martes-en-el-palacio-del-condestable\\\/\"},\"wordCount\":851,\"commentCount\":0,\"publisher\":{\"@id\":\"https:\\\/\\\/www.laguiadepamplona.com\\\/actualidad\\\/#organization\"},\"image\":{\"@id\":\"https:\\\/\\\/www.laguiadepamplona.com\\\/actualidad\\\/el-ayuntamiento-de-pamplona-y-cideu-celebraran-una-jornada-de-planificacion-estrategica-urbana-el-proximo-martes-en-el-palacio-del-condestable\\\/#primaryimage\"},\"thumbnailUrl\":\"https:\\\/\\\/www.laguiadepamplona.com\\\/actualidad\\\/wp-content\\\/uploads\\\/2016\\\/12\\\/palacio-condestable-civivox.jpg\",\"articleSection\":[\"Ayto Pamplona\"],\"inLanguage\":\"es\",\"potentialAction\":[{\"@type\":\"CommentAction\",\"name\":\"Comment\",\"target\":[\"https:\\\/\\\/www.laguiadepamplona.com\\\/actualidad\\\/el-ayuntamiento-de-pamplona-y-cideu-celebraran-una-jornada-de-planificacion-estrategica-urbana-el-proximo-martes-en-el-palacio-del-condestable\\\/#respond\"]}]},{\"@type\":\"WebPage\",\"@id\":\"https:\\\/\\\/www.laguiadepamplona.com\\\/actualidad\\\/el-ayuntamiento-de-pamplona-y-cideu-celebraran-una-jornada-de-planificacion-estrategica-urbana-el-proximo-martes-en-el-palacio-del-condestable\\\/\",\"url\":\"https:\\\/\\\/www.laguiadepamplona.com\\\/actualidad\\\/el-ayuntamiento-de-pamplona-y-cideu-celebraran-una-jornada-de-planificacion-estrategica-urbana-el-proximo-martes-en-el-palacio-del-condestable\\\/\",\"name\":\"El Ayuntamiento de Pamplona y CIDEU celebrar\u00e1n una Jornada de Planificaci\u00f3n Estrat\u00e9gica Urbana el pr\u00f3ximo martes en el Palacio del Condestable\",\"isPartOf\":{\"@id\":\"https:\\\/\\\/www.laguiadepamplona.com\\\/actualidad\\\/#website\"},\"primaryImageOfPage\":{\"@id\":\"https:\\\/\\\/www.laguiadepamplona.com\\\/actualidad\\\/el-ayuntamiento-de-pamplona-y-cideu-celebraran-una-jornada-de-planificacion-estrategica-urbana-el-proximo-martes-en-el-palacio-del-condestable\\\/#primaryimage\"},\"image\":{\"@id\":\"https:\\\/\\\/www.laguiadepamplona.com\\\/actualidad\\\/el-ayuntamiento-de-pamplona-y-cideu-celebraran-una-jornada-de-planificacion-estrategica-urbana-el-proximo-martes-en-el-palacio-del-condestable\\\/#primaryimage\"},\"thumbnailUrl\":\"https:\\\/\\\/www.laguiadepamplona.com\\\/actualidad\\\/wp-content\\\/uploads\\\/2016\\\/12\\\/palacio-condestable-civivox.jpg\",\"datePublished\":\"2018-02-07T10:53:33+00:00\",\"breadcrumb\":{\"@id\":\"https:\\\/\\\/www.laguiadepamplona.com\\\/actualidad\\\/el-ayuntamiento-de-pamplona-y-cideu-celebraran-una-jornada-de-planificacion-estrategica-urbana-el-proximo-martes-en-el-palacio-del-condestable\\\/#breadcrumb\"},\"inLanguage\":\"es\",\"potentialAction\":[{\"@type\":\"ReadAction\",\"target\":[\"https:\\\/\\\/www.laguiadepamplona.com\\\/actualidad\\\/el-ayuntamiento-de-pamplona-y-cideu-celebraran-una-jornada-de-planificacion-estrategica-urbana-el-proximo-martes-en-el-palacio-del-condestable\\\/\"]}]},{\"@type\":\"ImageObject\",\"inLanguage\":\"es\",\"@id\":\"https:\\\/\\\/www.laguiadepamplona.com\\\/actualidad\\\/el-ayuntamiento-de-pamplona-y-cideu-celebraran-una-jornada-de-planificacion-estrategica-urbana-el-proximo-martes-en-el-palacio-del-condestable\\\/#primaryimage\",\"url\":\"https:\\\/\\\/www.laguiadepamplona.com\\\/actualidad\\\/wp-content\\\/uploads\\\/2016\\\/12\\\/palacio-condestable-civivox.jpg\",\"contentUrl\":\"https:\\\/\\\/www.laguiadepamplona.com\\\/actualidad\\\/wp-content\\\/uploads\\\/2016\\\/12\\\/palacio-condestable-civivox.jpg\",\"width\":900,\"height\":675},{\"@type\":\"BreadcrumbList\",\"@id\":\"https:\\\/\\\/www.laguiadepamplona.com\\\/actualidad\\\/el-ayuntamiento-de-pamplona-y-cideu-celebraran-una-jornada-de-planificacion-estrategica-urbana-el-proximo-martes-en-el-palacio-del-condestable\\\/#breadcrumb\",\"itemListElement\":[{\"@type\":\"ListItem\",\"position\":1,\"name\":\"Portada\",\"item\":\"https:\\\/\\\/www.laguiadepamplona.com\\\/actualidad\\\/\"},{\"@type\":\"ListItem\",\"position\":2,\"name\":\"El Ayuntamiento de Pamplona y CIDEU celebrar\u00e1n una Jornada de Planificaci\u00f3n Estrat\u00e9gica Urbana el pr\u00f3ximo martes en el Palacio del Condestable\"}]},{\"@type\":\"WebSite\",\"@id\":\"https:\\\/\\\/www.laguiadepamplona.com\\\/actualidad\\\/#website\",\"url\":\"https:\\\/\\\/www.laguiadepamplona.com\\\/actualidad\\\/\",\"name\":\"La gu\u00eda de Pamplona\",\"description\":\"Noticias de Pamplona\",\"publisher\":{\"@id\":\"https:\\\/\\\/www.laguiadepamplona.com\\\/actualidad\\\/#organization\"},\"potentialAction\":[{\"@type\":\"SearchAction\",\"target\":{\"@type\":\"EntryPoint\",\"urlTemplate\":\"https:\\\/\\\/www.laguiadepamplona.com\\\/actualidad\\\/?s={search_term_string}\"},\"query-input\":{\"@type\":\"PropertyValueSpecification\",\"valueRequired\":true,\"valueName\":\"search_term_string\"}}],\"inLanguage\":\"es\"},{\"@type\":\"Organization\",\"@id\":\"https:\\\/\\\/www.laguiadepamplona.com\\\/actualidad\\\/#organization\",\"name\":\"La Gu\u00eda de Pamplona \\\/ Noticias\",\"url\":\"https:\\\/\\\/www.laguiadepamplona.com\\\/actualidad\\\/\",\"logo\":{\"@type\":\"ImageObject\",\"inLanguage\":\"es\",\"@id\":\"https:\\\/\\\/www.laguiadepamplona.com\\\/actualidad\\\/#\\\/schema\\\/logo\\\/image\\\/\",\"url\":\"https:\\\/\\\/www.laguiadepamplona.com\\\/actualidad\\\/wp-content\\\/uploads\\\/2018\\\/11\\\/logo-laguiadepamplona18-web1.png\",\"contentUrl\":\"https:\\\/\\\/www.laguiadepamplona.com\\\/actualidad\\\/wp-content\\\/uploads\\\/2018\\\/11\\\/logo-laguiadepamplona18-web1.png\",\"width\":600,\"height\":196,\"caption\":\"La Gu\u00eda de Pamplona \\\/ Noticias\"},\"image\":{\"@id\":\"https:\\\/\\\/www.laguiadepamplona.com\\\/actualidad\\\/#\\\/schema\\\/logo\\\/image\\\/\"},\"sameAs\":[\"https:\\\/\\\/www.facebook.com\\\/laguiadepamplonacom-133175176762273\\\/?ref=hl\",\"https:\\\/\\\/x.com\\\/LaGuiadPamplona\",\"https:\\\/\\\/www.instagram.com\\\/la_guia_de_pamplona\\\/\",\"https:\\\/\\\/www.youtube.com\\\/user\\\/laguiadepamplona\"]},{\"@type\":\"Person\",\"@id\":\"https:\\\/\\\/www.laguiadepamplona.com\\\/actualidad\\\/#\\\/schema\\\/person\\\/efe887376f0213d4657c93adc50b1fdb\",\"name\":\"La Gu\u00eda de Pamplona\",\"image\":{\"@type\":\"ImageObject\",\"inLanguage\":\"es\",\"@id\":\"https:\\\/\\\/secure.gravatar.com\\\/avatar\\\/b6992f131dc8d30ab0dff15446e9d346d9dbd95992de0fef795073f5ea83a81c?s=96&d=mm&r=g\",\"url\":\"https:\\\/\\\/secure.gravatar.com\\\/avatar\\\/b6992f131dc8d30ab0dff15446e9d346d9dbd95992de0fef795073f5ea83a81c?s=96&d=mm&r=g\",\"contentUrl\":\"https:\\\/\\\/secure.gravatar.com\\\/avatar\\\/b6992f131dc8d30ab0dff15446e9d346d9dbd95992de0fef795073f5ea83a81c?s=96&d=mm&r=g\",\"caption\":\"La Gu\u00eda de Pamplona\"}}]}<\/script>\n<!-- \/ Yoast SEO plugin. -->","yoast_head_json":{"title":"El Ayuntamiento de Pamplona y CIDEU celebrar\u00e1n una Jornada de Planificaci\u00f3n Estrat\u00e9gica Urbana el pr\u00f3ximo martes en el Palacio del Condestable","robots":{"index":"index","follow":"follow","max-snippet":"max-snippet:-1","max-image-preview":"max-image-preview:large","max-video-preview":"max-video-preview:-1"},"canonical":"https:\/\/www.laguiadepamplona.com\/actualidad\/el-ayuntamiento-de-pamplona-y-cideu-celebraran-una-jornada-de-planificacion-estrategica-urbana-el-proximo-martes-en-el-palacio-del-condestable\/","og_locale":"es_ES","og_type":"article","og_title":"El Ayuntamiento de Pamplona y CIDEU celebrar\u00e1n una Jornada de Planificaci\u00f3n Estrat\u00e9gica Urbana el pr\u00f3ximo martes en el Palacio del Condestable","og_description":"Expertos del CIDEU y de ciudades como Barcelona, Zaragoza o Bilbao presentar\u00e1n y explicar\u00e1n los beneficios de este tipo de planificaci\u00f3n","og_url":"https:\/\/www.laguiadepamplona.com\/actualidad\/el-ayuntamiento-de-pamplona-y-cideu-celebraran-una-jornada-de-planificacion-estrategica-urbana-el-proximo-martes-en-el-palacio-del-condestable\/","og_site_name":"La Gu\u00eda de Pamplona","article_publisher":"https:\/\/www.facebook.com\/laguiadepamplonacom-133175176762273\/?ref=hl","article_published_time":"2018-02-07T10:53:33+00:00","og_image":[{"width":900,"height":675,"url":"https:\/\/www.laguiadepamplona.com\/actualidad\/wp-content\/uploads\/2016\/12\/palacio-condestable-civivox.jpg","type":"image\/jpeg"}],"author":"La Gu\u00eda de Pamplona","twitter_card":"summary_large_image","twitter_creator":"@LaGuiadPamplona","twitter_site":"@LaGuiadPamplona","twitter_misc":{"Escrito por":"La Gu\u00eda de Pamplona","Tiempo de lectura":"4 minutos"},"schema":{"@context":"https:\/\/schema.org","@graph":[{"@type":"Article","@id":"https:\/\/www.laguiadepamplona.com\/actualidad\/el-ayuntamiento-de-pamplona-y-cideu-celebraran-una-jornada-de-planificacion-estrategica-urbana-el-proximo-martes-en-el-palacio-del-condestable\/#article","isPartOf":{"@id":"https:\/\/www.laguiadepamplona.com\/actualidad\/el-ayuntamiento-de-pamplona-y-cideu-celebraran-una-jornada-de-planificacion-estrategica-urbana-el-proximo-martes-en-el-palacio-del-condestable\/"},"author":{"name":"La Gu\u00eda de Pamplona","@id":"https:\/\/www.laguiadepamplona.com\/actualidad\/#\/schema\/person\/efe887376f0213d4657c93adc50b1fdb"},"headline":"El Ayuntamiento de Pamplona y CIDEU celebrar\u00e1n una Jornada de Planificaci\u00f3n Estrat\u00e9gica Urbana el pr\u00f3ximo martes en el Palacio del Condestable","datePublished":"2018-02-07T10:53:33+00:00","mainEntityOfPage":{"@id":"https:\/\/www.laguiadepamplona.com\/actualidad\/el-ayuntamiento-de-pamplona-y-cideu-celebraran-una-jornada-de-planificacion-estrategica-urbana-el-proximo-martes-en-el-palacio-del-condestable\/"},"wordCount":851,"commentCount":0,"publisher":{"@id":"https:\/\/www.laguiadepamplona.com\/actualidad\/#organization"},"image":{"@id":"https:\/\/www.laguiadepamplona.com\/actualidad\/el-ayuntamiento-de-pamplona-y-cideu-celebraran-una-jornada-de-planificacion-estrategica-urbana-el-proximo-martes-en-el-palacio-del-condestable\/#primaryimage"},"thumbnailUrl":"https:\/\/www.laguiadepamplona.com\/actualidad\/wp-content\/uploads\/2016\/12\/palacio-condestable-civivox.jpg","articleSection":["Ayto Pamplona"],"inLanguage":"es","potentialAction":[{"@type":"CommentAction","name":"Comment","target":["https:\/\/www.laguiadepamplona.com\/actualidad\/el-ayuntamiento-de-pamplona-y-cideu-celebraran-una-jornada-de-planificacion-estrategica-urbana-el-proximo-martes-en-el-palacio-del-condestable\/#respond"]}]},{"@type":"WebPage","@id":"https:\/\/www.laguiadepamplona.com\/actualidad\/el-ayuntamiento-de-pamplona-y-cideu-celebraran-una-jornada-de-planificacion-estrategica-urbana-el-proximo-martes-en-el-palacio-del-condestable\/","url":"https:\/\/www.laguiadepamplona.com\/actualidad\/el-ayuntamiento-de-pamplona-y-cideu-celebraran-una-jornada-de-planificacion-estrategica-urbana-el-proximo-martes-en-el-palacio-del-condestable\/","name":"El Ayuntamiento de Pamplona y CIDEU celebrar\u00e1n una Jornada de Planificaci\u00f3n Estrat\u00e9gica Urbana el pr\u00f3ximo martes en el Palacio del Condestable","isPartOf":{"@id":"https:\/\/www.laguiadepamplona.com\/actualidad\/#website"},"primaryImageOfPage":{"@id":"https:\/\/www.laguiadepamplona.com\/actualidad\/el-ayuntamiento-de-pamplona-y-cideu-celebraran-una-jornada-de-planificacion-estrategica-urbana-el-proximo-martes-en-el-palacio-del-condestable\/#primaryimage"},"image":{"@id":"https:\/\/www.laguiadepamplona.com\/actualidad\/el-ayuntamiento-de-pamplona-y-cideu-celebraran-una-jornada-de-planificacion-estrategica-urbana-el-proximo-martes-en-el-palacio-del-condestable\/#primaryimage"},"thumbnailUrl":"https:\/\/www.laguiadepamplona.com\/actualidad\/wp-content\/uploads\/2016\/12\/palacio-condestable-civivox.jpg","datePublished":"2018-02-07T10:53:33+00:00","breadcrumb":{"@id":"https:\/\/www.laguiadepamplona.com\/actualidad\/el-ayuntamiento-de-pamplona-y-cideu-celebraran-una-jornada-de-planificacion-estrategica-urbana-el-proximo-martes-en-el-palacio-del-condestable\/#breadcrumb"},"inLanguage":"es","potentialAction":[{"@type":"ReadAction","target":["https:\/\/www.laguiadepamplona.com\/actualidad\/el-ayuntamiento-de-pamplona-y-cideu-celebraran-una-jornada-de-planificacion-estrategica-urbana-el-proximo-martes-en-el-palacio-del-condestable\/"]}]},{"@type":"ImageObject","inLanguage":"es","@id":"https:\/\/www.laguiadepamplona.com\/actualidad\/el-ayuntamiento-de-pamplona-y-cideu-celebraran-una-jornada-de-planificacion-estrategica-urbana-el-proximo-martes-en-el-palacio-del-condestable\/#primaryimage","url":"https:\/\/www.laguiadepamplona.com\/actualidad\/wp-content\/uploads\/2016\/12\/palacio-condestable-civivox.jpg","contentUrl":"https:\/\/www.laguiadepamplona.com\/actualidad\/wp-content\/uploads\/2016\/12\/palacio-condestable-civivox.jpg","width":900,"height":675},{"@type":"BreadcrumbList","@id":"https:\/\/www.laguiadepamplona.com\/actualidad\/el-ayuntamiento-de-pamplona-y-cideu-celebraran-una-jornada-de-planificacion-estrategica-urbana-el-proximo-martes-en-el-palacio-del-condestable\/#breadcrumb","itemListElement":[{"@type":"ListItem","position":1,"name":"Portada","item":"https:\/\/www.laguiadepamplona.com\/actualidad\/"},{"@type":"ListItem","position":2,"name":"El Ayuntamiento de Pamplona y CIDEU celebrar\u00e1n una Jornada de Planificaci\u00f3n Estrat\u00e9gica Urbana el pr\u00f3ximo martes en el Palacio del Condestable"}]},{"@type":"WebSite","@id":"https:\/\/www.laguiadepamplona.com\/actualidad\/#website","url":"https:\/\/www.laguiadepamplona.com\/actualidad\/","name":"La gu\u00eda de Pamplona","description":"Noticias de Pamplona","publisher":{"@id":"https:\/\/www.laguiadepamplona.com\/actualidad\/#organization"},"potentialAction":[{"@type":"SearchAction","target":{"@type":"EntryPoint","urlTemplate":"https:\/\/www.laguiadepamplona.com\/actualidad\/?s={search_term_string}"},"query-input":{"@type":"PropertyValueSpecification","valueRequired":true,"valueName":"search_term_string"}}],"inLanguage":"es"},{"@type":"Organization","@id":"https:\/\/www.laguiadepamplona.com\/actualidad\/#organization","name":"La Gu\u00eda de Pamplona \/ Noticias","url":"https:\/\/www.laguiadepamplona.com\/actualidad\/","logo":{"@type":"ImageObject","inLanguage":"es","@id":"https:\/\/www.laguiadepamplona.com\/actualidad\/#\/schema\/logo\/image\/","url":"https:\/\/www.laguiadepamplona.com\/actualidad\/wp-content\/uploads\/2018\/11\/logo-laguiadepamplona18-web1.png","contentUrl":"https:\/\/www.laguiadepamplona.com\/actualidad\/wp-content\/uploads\/2018\/11\/logo-laguiadepamplona18-web1.png","width":600,"height":196,"caption":"La Gu\u00eda de Pamplona \/ Noticias"},"image":{"@id":"https:\/\/www.laguiadepamplona.com\/actualidad\/#\/schema\/logo\/image\/"},"sameAs":["https:\/\/www.facebook.com\/laguiadepamplonacom-133175176762273\/?ref=hl","https:\/\/x.com\/LaGuiadPamplona","https:\/\/www.instagram.com\/la_guia_de_pamplona\/","https:\/\/www.youtube.com\/user\/laguiadepamplona"]},{"@type":"Person","@id":"https:\/\/www.laguiadepamplona.com\/actualidad\/#\/schema\/person\/efe887376f0213d4657c93adc50b1fdb","name":"La Gu\u00eda de Pamplona","image":{"@type":"ImageObject","inLanguage":"es","@id":"https:\/\/secure.gravatar.com\/avatar\/b6992f131dc8d30ab0dff15446e9d346d9dbd95992de0fef795073f5ea83a81c?s=96&d=mm&r=g","url":"https:\/\/secure.gravatar.com\/avatar\/b6992f131dc8d30ab0dff15446e9d346d9dbd95992de0fef795073f5ea83a81c?s=96&d=mm&r=g","contentUrl":"https:\/\/secure.gravatar.com\/avatar\/b6992f131dc8d30ab0dff15446e9d346d9dbd95992de0fef795073f5ea83a81c?s=96&d=mm&r=g","caption":"La Gu\u00eda de Pamplona"}}]}},"post_mailing_queue_ids":[],"_links":{"self":[{"href":"https:\/\/www.laguiadepamplona.com\/actualidad\/wp-json\/wp\/v2\/posts\/16004","targetHints":{"allow":["GET"]}}],"collection":[{"href":"https:\/\/www.laguiadepamplona.com\/actualidad\/wp-json\/wp\/v2\/posts"}],"about":[{"href":"https:\/\/www.laguiadepamplona.com\/actualidad\/wp-json\/wp\/v2\/types\/post"}],"author":[{"embeddable":true,"href":"https:\/\/www.laguiadepamplona.com\/actualidad\/wp-json\/wp\/v2\/users\/1"}],"replies":[{"embeddable":true,"href":"https:\/\/www.laguiadepamplona.com\/actualidad\/wp-json\/wp\/v2\/comments?post=16004"}],"version-history":[{"count":0,"href":"https:\/\/www.laguiadepamplona.com\/actualidad\/wp-json\/wp\/v2\/posts\/16004\/revisions"}],"wp:featuredmedia":[{"embeddable":true,"href":"https:\/\/www.laguiadepamplona.com\/actualidad\/wp-json\/wp\/v2\/media\/11008"}],"wp:attachment":[{"href":"https:\/\/www.laguiadepamplona.com\/actualidad\/wp-json\/wp\/v2\/media?parent=16004"}],"wp:term":[{"taxonomy":"category","embeddable":true,"href":"https:\/\/www.laguiadepamplona.com\/actualidad\/wp-json\/wp\/v2\/categories?post=16004"},{"taxonomy":"post_tag","embeddable":true,"href":"https:\/\/www.laguiadepamplona.com\/actualidad\/wp-json\/wp\/v2\/tags?post=16004"}],"curies":[{"name":"wp","href":"https:\/\/api.w.org\/{rel}","templated":true}]}}