{"id":16002,"date":"2018-02-06T16:04:26","date_gmt":"2018-02-06T15:04:26","guid":{"rendered":"http:\/\/laguiadepamplona.es\/actualidad\/?p=16002"},"modified":"2018-02-06T16:04:26","modified_gmt":"2018-02-06T15:04:26","slug":"la-red-civivox-presenta-hasta-mayo-25-exposiciones-con-diversos-contenidos-como-pintura-fotografia-o-grabado","status":"publish","type":"post","link":"https:\/\/www.laguiadepamplona.com\/actualidad\/la-red-civivox-presenta-hasta-mayo-25-exposiciones-con-diversos-contenidos-como-pintura-fotografia-o-grabado\/","title":{"rendered":"La Red Civivox presenta hasta mayo 25 exposiciones con diversos contenidos como pintura, fotograf\u00eda o grabado"},"content":{"rendered":"<h3>Las muestras pueden verse en Jus la Rocha, Iturrama, Mendillorri, San Jorge, Condestable, Milagrosa y Ensanche<\/h3>\n<p><!--more--><\/p>\n<p>La Red Civivox presenta hasta mayo 25 exposiciones con diversos contenidos como pintura, fotograf\u00eda o grabado en los centros de Jus la Rocha, Iturrama, Mendillorri, San Jorge, Condestable, Milagrosa y Ensanche. Las muestras en esta ocasi\u00f3n est\u00e1n protagonizadas principalmente por grupos de alumnos y por entidades y asociaciones, aunque tambi\u00e9n hay exposiciones de artistas que han solicitado los espacios.<\/p>\n<p>Civivox Jus la Rocha presenta hasta el 16 de febrero \u2018La historia de las m\u00e1scaras\u2019, una exposici\u00f3n de los trabajos con tem\u00e1tica de carnavales realizados por el alumnado del tercer ciclo del Colegio Compasi\u00f3n Escolapios. De forma paralela, hasta el 27 de febrero, la Asociaci\u00f3n Gure Lan Berri mostrar\u00e1 las obras del alumnado del curso de talla de madera impartido por I\u00f1aki Villanueva. El mismo centro acoger\u00e1 \u2018Expo-Foto 2018\u2019, una muestra de la Fundaci\u00f3n Benito Menni promovida por las Hermanas Hospitalarias, entidad que trabaja en el \u00e1mbito de la cooperaci\u00f3n al desarrollo para garantizar el derecho a la salud mental en pa\u00edses desfavorecidos. Puede verse hasta el 20 de marzo la labor de la Fundaci\u00f3n en pa\u00edses de Am\u00e9rica Latina como Argentina, Chile, Bolivia, Colombia, Uruguay, Brasil y Ecuador.<\/p>\n<p>La muestra de fotograf\u00edas de Iv\u00e1n Ben\u00edtez \u2018Una habitaci\u00f3n no es un hogar\u2019 est\u00e1 abierta al p\u00fablico en Civivox Ensanche hasta el 19 de febrero y posteriormente en Iturrama del 19 al 31 de marzo. La exposici\u00f3n forma parte de la campa\u00f1a de denuncia de la PAH -Plataforma de Personas Afectadas por la Hipoteca y desahucios de alquiler. Recoge fotograf\u00edas de familias que se han visto obligadas a vivir en habitaciones realquiladas en un piso compartido con terceras personas. Est\u00e1 organizada con la colaboraci\u00f3n del \u00c1rea de Igualdad del Ayuntamiento.<\/p>\n<p><strong>Exposiciones con la participaci\u00f3n de grupos de alumnos y de asociaciones<\/strong><\/p>\n<p>Continuando con las propuestas del Ensanche, Exta Parishad \u2013 Asociaci\u00f3n de familias pobres indias presenta \u2018Jai Jagat. Victoria del Mundo\u2019 con fotograf\u00edas de la marcha por la paz y la justicia Jai Jagat 2020 del 21 de febrero al 14 de marzo mientas que Retina Navarra ofrece \u2018Miradas cercanas\u2019, una exposici\u00f3n con im\u00e1genes manipuladas para representar c\u00f3mo se ven distintos espacios de Pamplona con una patolog\u00eda de baja visi\u00f3n. Estar\u00e1 abierta del 21 de marzo al 18 de abril. Por \u00faltimo, del 3 al 24 de mayo, Mikel Larraya presentar\u00e1 sus grabados.<\/p>\n<p>Civivox Iturrama cuelga estos d\u00edas, hasta el 14 de febrero, las obras del alumnado del M\u00e1ster Universitario en Pintura 2017\/18, de la Facultad de Bellas Artes de la Universidad del Pa\u00eds Vasco. Posteriormente, del 1 al 15 de marzo, ser\u00e1 el turno de las maquetas y los proyectos de Fin de Grado de Arquitectura de la Universidad de Navarra. \u2018La belleza de los esqueletos de la arquitectura\u2019 es el t\u00edtulo de una propuesta espacial interactiva de arquitectura ef\u00edmera de Fernando Molina que puede verse del 7 al 30 de abril. A continuaci\u00f3n, del 9 al 30 de mayo llegar\u00e1n las pinturas de I\u00f1aki Bilbao, cuadros de lenguaje figurativo con leves gestos surrealistas.<\/p>\n<p>Mendillorri acoge cuatro exposiciones. La primera, un homenaje de pintura al \u00f3leo sobre la mujer amante de la m\u00fasica en la que se mostrar\u00e1 la timidez, la sutileza y el colorido de los vestidos femeninos. \u2018Notas musicales. Walid Zayat Habach\u2019 est\u00e1 abierta hasta el 27 de febrero. I\u00f1aki Larrea con sus fotograf\u00edas mostrar\u00e1 la relaci\u00f3n entre monta\u00f1a y presencia humana del 5 al 26 de marzo. La Sociedad de Ciencias Aranzadi y la Asociaci\u00f3n Txinparta-Fuerte San Crist\u00f3bal, Red de Memoria Colectiva presentar\u00e1n del 6 al 20 de abril \u2018Lur azpitik lur azaleratuz. Que aflore lo enterrado\u2019. Tambi\u00e9n contar\u00e1 con espacio el alumnado de los talleres de iniciaci\u00f3n a la fotograf\u00eda de Civivox Jus la Rocha y Mendillorri impartido por Adolfo Lacunza y Jos\u00e9 Luis Pujol del 7 al 30 de mayo.<\/p>\n<p><strong>Exposiciones con duraci\u00f3n de entre dos y tres semanas<\/strong><\/p>\n<p>\u20185, 4, 3, 2, 1&#8230;EscenarioS!\u2019 es el t\u00edtulo de la muestra que hay en Civivox Milagrosa hasta el 23 de febrero con fotograf\u00edas de este programa de artes esc\u00e9nicas. Del 1 al 22 de marzo podr\u00e1 verse \u2018El burdel de Lola\u2019; del 10 al 30 de abril los trabajos del colectivo de mujeres Santa Mar\u00eda La Real y del 7 al 30 de mayo los del alumnado del taller de t\u00e9cnica fotogr\u00e1fica y manipulaci\u00f3n digital de los Civivox.<\/p>\n<p>El alumnado del Colegio P\u00fablico Sanduzelai protagoniza la exposici\u00f3n que hay hasta el 15 de febrero en Civivox San Jorge. Otro colectivo del barrio, Gaztaroa Mendi Taldea presenta la siguiente muestra, otro ejemplo de uni\u00f3n de fotograf\u00eda y monta\u00f1a del 19 febrero al 10 de marzo. Y el propio barrio centrar\u00e1 la retrospectiva fotogr\u00e1fica de diferentes rincones del barrio del 9 al 30 de abril. La \u00faltima propuesta en este centro es una selecci\u00f3n de 40 \u00f3leos de Jos\u00e9 Miguel Huarte que podr\u00e1 visitarse del 9 al 30 de mayo.<\/p>\n<p>Civivox Condestable ser\u00e1 la sede de las fotograf\u00edas premiadas y seleccionadas por el Jurado del Concurso de fotograf\u00eda \u2018Pamplona en femenino\u2019. La muestra estar\u00e1 abierta al p\u00fablico hasta el 5 de abril.<\/p>\n<p><strong>Exposiciones Civivox. Febrero-Mayo 2018<\/strong><\/p>\n<ul>\n<li><strong>Jus la Rocha<\/strong><\/li>\n<li>La historia de las m\u00e1scaras. Hasta el 16 de febrero<\/li>\n<li>Asociaci\u00f3n Gure Lan Berri. Hasta el 27 de febrero<\/li>\n<li>Expo-Foto 2018. Fundaci\u00f3n Benito Menni. Del 6 al 20 de marzo<\/li>\n<li><strong>Ensanche<\/strong><\/li>\n<li>Una habitaci\u00f3n no es un hogar. Hasta el 19 de febrero<\/li>\n<li>Jai Jagat. Del 21 de febrero al 14 de marzo<\/li>\n<li>Miradas cercanas. Del 21 de marzo al 18 de abril<\/li>\n<li>Exposici\u00f3n de grabados de Mikel Larraya. Del 3 al 24 de mayo<\/li>\n<li><strong>Iturrama<\/strong><\/li>\n<li>Exposici\u00f3n M\u00e1ster Pintura 17-18. Hasta el 14 de febrero<\/li>\n<li>Del 1 al 15 de marzo<\/li>\n<li>Una habitaci\u00f3n no es un hogar. Del 19 al 31 de marzo<\/li>\n<li>La belleza de los esqueletos de la arquitectura. Del 7 al 30 de abril<\/li>\n<li>Pinturas de I\u00f1aki Bilbao. Del 9 al 30 de mayo<\/li>\n<li><strong>Mendillorri<\/strong><\/li>\n<li>Notas musicales. Hasta el 27 de febrero<\/li>\n<li>El humano en la monta\u00f1a. Del 5 al 26 de marzo<\/li>\n<li>Lur azpitik lur azaleratuz. Del 6 al 20 de abril<\/li>\n<li>Alumnado del taller de iniciaci\u00f3n a la fotograf\u00eda. Del 7 al 30 de mayo<\/li>\n<li><strong>Milagrosa<\/strong><\/li>\n<li>5, 4, 3, 2, 1&#8230; EscenarioS!. Hasta el 23 de febrero<\/li>\n<li>El burdel de Lola. Del 1 al 22 de marzo<\/li>\n<li>Colectivo de mujeres Santa Mar\u00eda La Real. Del 10 al 30 de abril<\/li>\n<li>Alumnado del taller de t\u00e9cnica fotogr\u00e1fica y manipulaci\u00f3n digital. Del 7 al 30 de mayo<\/li>\n<li><strong>San Jorge<\/strong><\/li>\n<li>Exposici\u00f3n del Colegio P\u00fablico Sanduzelai. Hasta el 15 de febrero<\/li>\n<li>Paisajes de monta\u00f1a. Del 19 de febrero al 10 de marzo<\/li>\n<li>Exposici\u00f3n fotogr\u00e1fica del barrio de San Jorge. Del 9 al 30 de abril<\/li>\n<li>Conget. Del 9 al 30 de mayo<\/li>\n<li><strong>Condestable<\/strong><\/li>\n<li>Pamplona en femenino. Hasta el 5 de abril<\/li>\n<\/ul>\n<p>&nbsp;<\/p>\n","protected":false},"excerpt":{"rendered":"<p>Las muestras pueden verse en Jus la Rocha, Iturrama, Mendillorri, San Jorge, Condestable, Milagrosa y Ensanche<\/p>\n","protected":false},"author":1,"featured_media":11047,"comment_status":"open","ping_status":"closed","sticky":false,"template":"","format":"standard","meta":{"footnotes":""},"categories":[2],"tags":[],"class_list":["post-16002","post","type-post","status-publish","format-standard","has-post-thumbnail","hentry","category-ayuntamiento-pamplona"],"yoast_head":"<!-- This site is optimized with the Yoast SEO plugin v27.3 - https:\/\/yoast.com\/product\/yoast-seo-wordpress\/ -->\n<title>La Red Civivox presenta hasta mayo 25 exposiciones con diversos contenidos como pintura, fotograf\u00eda o grabado<\/title>\n<meta name=\"robots\" content=\"index, follow, max-snippet:-1, max-image-preview:large, max-video-preview:-1\" \/>\n<link rel=\"canonical\" href=\"https:\/\/www.laguiadepamplona.com\/actualidad\/la-red-civivox-presenta-hasta-mayo-25-exposiciones-con-diversos-contenidos-como-pintura-fotografia-o-grabado\/\" \/>\n<meta property=\"og:locale\" content=\"es_ES\" \/>\n<meta property=\"og:type\" content=\"article\" \/>\n<meta property=\"og:title\" content=\"La Red Civivox presenta hasta mayo 25 exposiciones con diversos contenidos como pintura, fotograf\u00eda o grabado\" \/>\n<meta property=\"og:description\" content=\"Las muestras pueden verse en Jus la Rocha, Iturrama, Mendillorri, San Jorge, Condestable, Milagrosa y Ensanche\" \/>\n<meta property=\"og:url\" content=\"https:\/\/www.laguiadepamplona.com\/actualidad\/la-red-civivox-presenta-hasta-mayo-25-exposiciones-con-diversos-contenidos-como-pintura-fotografia-o-grabado\/\" \/>\n<meta property=\"og:site_name\" content=\"La Gu\u00eda de Pamplona\" \/>\n<meta property=\"article:publisher\" content=\"https:\/\/www.facebook.com\/laguiadepamplonacom-133175176762273\/?ref=hl\" \/>\n<meta property=\"article:published_time\" content=\"2018-02-06T15:04:26+00:00\" \/>\n<meta property=\"og:image\" content=\"https:\/\/www.laguiadepamplona.com\/actualidad\/wp-content\/uploads\/2016\/12\/civivox-san-jorge.jpg\" \/>\n\t<meta property=\"og:image:width\" content=\"900\" \/>\n\t<meta property=\"og:image:height\" content=\"675\" \/>\n\t<meta property=\"og:image:type\" content=\"image\/jpeg\" \/>\n<meta name=\"author\" content=\"La Gu\u00eda de Pamplona\" \/>\n<meta name=\"twitter:card\" content=\"summary_large_image\" \/>\n<meta name=\"twitter:creator\" content=\"@LaGuiadPamplona\" \/>\n<meta name=\"twitter:site\" content=\"@LaGuiadPamplona\" \/>\n<meta name=\"twitter:label1\" content=\"Escrito por\" \/>\n\t<meta name=\"twitter:data1\" content=\"La Gu\u00eda de Pamplona\" \/>\n\t<meta name=\"twitter:label2\" content=\"Tiempo de lectura\" \/>\n\t<meta name=\"twitter:data2\" content=\"6 minutos\" \/>\n<script type=\"application\/ld+json\" class=\"yoast-schema-graph\">{\"@context\":\"https:\\\/\\\/schema.org\",\"@graph\":[{\"@type\":\"Article\",\"@id\":\"https:\\\/\\\/www.laguiadepamplona.com\\\/actualidad\\\/la-red-civivox-presenta-hasta-mayo-25-exposiciones-con-diversos-contenidos-como-pintura-fotografia-o-grabado\\\/#article\",\"isPartOf\":{\"@id\":\"https:\\\/\\\/www.laguiadepamplona.com\\\/actualidad\\\/la-red-civivox-presenta-hasta-mayo-25-exposiciones-con-diversos-contenidos-como-pintura-fotografia-o-grabado\\\/\"},\"author\":{\"name\":\"La Gu\u00eda de Pamplona\",\"@id\":\"https:\\\/\\\/www.laguiadepamplona.com\\\/actualidad\\\/#\\\/schema\\\/person\\\/efe887376f0213d4657c93adc50b1fdb\"},\"headline\":\"La Red Civivox presenta hasta mayo 25 exposiciones con diversos contenidos como pintura, fotograf\u00eda o grabado\",\"datePublished\":\"2018-02-06T15:04:26+00:00\",\"mainEntityOfPage\":{\"@id\":\"https:\\\/\\\/www.laguiadepamplona.com\\\/actualidad\\\/la-red-civivox-presenta-hasta-mayo-25-exposiciones-con-diversos-contenidos-como-pintura-fotografia-o-grabado\\\/\"},\"wordCount\":1135,\"commentCount\":0,\"publisher\":{\"@id\":\"https:\\\/\\\/www.laguiadepamplona.com\\\/actualidad\\\/#organization\"},\"image\":{\"@id\":\"https:\\\/\\\/www.laguiadepamplona.com\\\/actualidad\\\/la-red-civivox-presenta-hasta-mayo-25-exposiciones-con-diversos-contenidos-como-pintura-fotografia-o-grabado\\\/#primaryimage\"},\"thumbnailUrl\":\"https:\\\/\\\/www.laguiadepamplona.com\\\/actualidad\\\/wp-content\\\/uploads\\\/2016\\\/12\\\/civivox-san-jorge.jpg\",\"articleSection\":[\"Ayto Pamplona\"],\"inLanguage\":\"es\",\"potentialAction\":[{\"@type\":\"CommentAction\",\"name\":\"Comment\",\"target\":[\"https:\\\/\\\/www.laguiadepamplona.com\\\/actualidad\\\/la-red-civivox-presenta-hasta-mayo-25-exposiciones-con-diversos-contenidos-como-pintura-fotografia-o-grabado\\\/#respond\"]}]},{\"@type\":\"WebPage\",\"@id\":\"https:\\\/\\\/www.laguiadepamplona.com\\\/actualidad\\\/la-red-civivox-presenta-hasta-mayo-25-exposiciones-con-diversos-contenidos-como-pintura-fotografia-o-grabado\\\/\",\"url\":\"https:\\\/\\\/www.laguiadepamplona.com\\\/actualidad\\\/la-red-civivox-presenta-hasta-mayo-25-exposiciones-con-diversos-contenidos-como-pintura-fotografia-o-grabado\\\/\",\"name\":\"La Red Civivox presenta hasta mayo 25 exposiciones con diversos contenidos como pintura, fotograf\u00eda o grabado\",\"isPartOf\":{\"@id\":\"https:\\\/\\\/www.laguiadepamplona.com\\\/actualidad\\\/#website\"},\"primaryImageOfPage\":{\"@id\":\"https:\\\/\\\/www.laguiadepamplona.com\\\/actualidad\\\/la-red-civivox-presenta-hasta-mayo-25-exposiciones-con-diversos-contenidos-como-pintura-fotografia-o-grabado\\\/#primaryimage\"},\"image\":{\"@id\":\"https:\\\/\\\/www.laguiadepamplona.com\\\/actualidad\\\/la-red-civivox-presenta-hasta-mayo-25-exposiciones-con-diversos-contenidos-como-pintura-fotografia-o-grabado\\\/#primaryimage\"},\"thumbnailUrl\":\"https:\\\/\\\/www.laguiadepamplona.com\\\/actualidad\\\/wp-content\\\/uploads\\\/2016\\\/12\\\/civivox-san-jorge.jpg\",\"datePublished\":\"2018-02-06T15:04:26+00:00\",\"breadcrumb\":{\"@id\":\"https:\\\/\\\/www.laguiadepamplona.com\\\/actualidad\\\/la-red-civivox-presenta-hasta-mayo-25-exposiciones-con-diversos-contenidos-como-pintura-fotografia-o-grabado\\\/#breadcrumb\"},\"inLanguage\":\"es\",\"potentialAction\":[{\"@type\":\"ReadAction\",\"target\":[\"https:\\\/\\\/www.laguiadepamplona.com\\\/actualidad\\\/la-red-civivox-presenta-hasta-mayo-25-exposiciones-con-diversos-contenidos-como-pintura-fotografia-o-grabado\\\/\"]}]},{\"@type\":\"ImageObject\",\"inLanguage\":\"es\",\"@id\":\"https:\\\/\\\/www.laguiadepamplona.com\\\/actualidad\\\/la-red-civivox-presenta-hasta-mayo-25-exposiciones-con-diversos-contenidos-como-pintura-fotografia-o-grabado\\\/#primaryimage\",\"url\":\"https:\\\/\\\/www.laguiadepamplona.com\\\/actualidad\\\/wp-content\\\/uploads\\\/2016\\\/12\\\/civivox-san-jorge.jpg\",\"contentUrl\":\"https:\\\/\\\/www.laguiadepamplona.com\\\/actualidad\\\/wp-content\\\/uploads\\\/2016\\\/12\\\/civivox-san-jorge.jpg\",\"width\":900,\"height\":675},{\"@type\":\"BreadcrumbList\",\"@id\":\"https:\\\/\\\/www.laguiadepamplona.com\\\/actualidad\\\/la-red-civivox-presenta-hasta-mayo-25-exposiciones-con-diversos-contenidos-como-pintura-fotografia-o-grabado\\\/#breadcrumb\",\"itemListElement\":[{\"@type\":\"ListItem\",\"position\":1,\"name\":\"Portada\",\"item\":\"https:\\\/\\\/www.laguiadepamplona.com\\\/actualidad\\\/\"},{\"@type\":\"ListItem\",\"position\":2,\"name\":\"La Red Civivox presenta hasta mayo 25 exposiciones con diversos contenidos como pintura, fotograf\u00eda o grabado\"}]},{\"@type\":\"WebSite\",\"@id\":\"https:\\\/\\\/www.laguiadepamplona.com\\\/actualidad\\\/#website\",\"url\":\"https:\\\/\\\/www.laguiadepamplona.com\\\/actualidad\\\/\",\"name\":\"La gu\u00eda de Pamplona\",\"description\":\"Noticias de Pamplona\",\"publisher\":{\"@id\":\"https:\\\/\\\/www.laguiadepamplona.com\\\/actualidad\\\/#organization\"},\"potentialAction\":[{\"@type\":\"SearchAction\",\"target\":{\"@type\":\"EntryPoint\",\"urlTemplate\":\"https:\\\/\\\/www.laguiadepamplona.com\\\/actualidad\\\/?s={search_term_string}\"},\"query-input\":{\"@type\":\"PropertyValueSpecification\",\"valueRequired\":true,\"valueName\":\"search_term_string\"}}],\"inLanguage\":\"es\"},{\"@type\":\"Organization\",\"@id\":\"https:\\\/\\\/www.laguiadepamplona.com\\\/actualidad\\\/#organization\",\"name\":\"La Gu\u00eda de Pamplona \\\/ Noticias\",\"url\":\"https:\\\/\\\/www.laguiadepamplona.com\\\/actualidad\\\/\",\"logo\":{\"@type\":\"ImageObject\",\"inLanguage\":\"es\",\"@id\":\"https:\\\/\\\/www.laguiadepamplona.com\\\/actualidad\\\/#\\\/schema\\\/logo\\\/image\\\/\",\"url\":\"https:\\\/\\\/www.laguiadepamplona.com\\\/actualidad\\\/wp-content\\\/uploads\\\/2018\\\/11\\\/logo-laguiadepamplona18-web1.png\",\"contentUrl\":\"https:\\\/\\\/www.laguiadepamplona.com\\\/actualidad\\\/wp-content\\\/uploads\\\/2018\\\/11\\\/logo-laguiadepamplona18-web1.png\",\"width\":600,\"height\":196,\"caption\":\"La Gu\u00eda de Pamplona \\\/ Noticias\"},\"image\":{\"@id\":\"https:\\\/\\\/www.laguiadepamplona.com\\\/actualidad\\\/#\\\/schema\\\/logo\\\/image\\\/\"},\"sameAs\":[\"https:\\\/\\\/www.facebook.com\\\/laguiadepamplonacom-133175176762273\\\/?ref=hl\",\"https:\\\/\\\/x.com\\\/LaGuiadPamplona\",\"https:\\\/\\\/www.instagram.com\\\/la_guia_de_pamplona\\\/\",\"https:\\\/\\\/www.youtube.com\\\/user\\\/laguiadepamplona\"]},{\"@type\":\"Person\",\"@id\":\"https:\\\/\\\/www.laguiadepamplona.com\\\/actualidad\\\/#\\\/schema\\\/person\\\/efe887376f0213d4657c93adc50b1fdb\",\"name\":\"La Gu\u00eda de Pamplona\",\"image\":{\"@type\":\"ImageObject\",\"inLanguage\":\"es\",\"@id\":\"https:\\\/\\\/secure.gravatar.com\\\/avatar\\\/b6992f131dc8d30ab0dff15446e9d346d9dbd95992de0fef795073f5ea83a81c?s=96&d=mm&r=g\",\"url\":\"https:\\\/\\\/secure.gravatar.com\\\/avatar\\\/b6992f131dc8d30ab0dff15446e9d346d9dbd95992de0fef795073f5ea83a81c?s=96&d=mm&r=g\",\"contentUrl\":\"https:\\\/\\\/secure.gravatar.com\\\/avatar\\\/b6992f131dc8d30ab0dff15446e9d346d9dbd95992de0fef795073f5ea83a81c?s=96&d=mm&r=g\",\"caption\":\"La Gu\u00eda de Pamplona\"}}]}<\/script>\n<!-- \/ Yoast SEO plugin. -->","yoast_head_json":{"title":"La Red Civivox presenta hasta mayo 25 exposiciones con diversos contenidos como pintura, fotograf\u00eda o grabado","robots":{"index":"index","follow":"follow","max-snippet":"max-snippet:-1","max-image-preview":"max-image-preview:large","max-video-preview":"max-video-preview:-1"},"canonical":"https:\/\/www.laguiadepamplona.com\/actualidad\/la-red-civivox-presenta-hasta-mayo-25-exposiciones-con-diversos-contenidos-como-pintura-fotografia-o-grabado\/","og_locale":"es_ES","og_type":"article","og_title":"La Red Civivox presenta hasta mayo 25 exposiciones con diversos contenidos como pintura, fotograf\u00eda o grabado","og_description":"Las muestras pueden verse en Jus la Rocha, Iturrama, Mendillorri, San Jorge, Condestable, Milagrosa y Ensanche","og_url":"https:\/\/www.laguiadepamplona.com\/actualidad\/la-red-civivox-presenta-hasta-mayo-25-exposiciones-con-diversos-contenidos-como-pintura-fotografia-o-grabado\/","og_site_name":"La Gu\u00eda de Pamplona","article_publisher":"https:\/\/www.facebook.com\/laguiadepamplonacom-133175176762273\/?ref=hl","article_published_time":"2018-02-06T15:04:26+00:00","og_image":[{"width":900,"height":675,"url":"https:\/\/www.laguiadepamplona.com\/actualidad\/wp-content\/uploads\/2016\/12\/civivox-san-jorge.jpg","type":"image\/jpeg"}],"author":"La Gu\u00eda de Pamplona","twitter_card":"summary_large_image","twitter_creator":"@LaGuiadPamplona","twitter_site":"@LaGuiadPamplona","twitter_misc":{"Escrito por":"La Gu\u00eda de Pamplona","Tiempo de lectura":"6 minutos"},"schema":{"@context":"https:\/\/schema.org","@graph":[{"@type":"Article","@id":"https:\/\/www.laguiadepamplona.com\/actualidad\/la-red-civivox-presenta-hasta-mayo-25-exposiciones-con-diversos-contenidos-como-pintura-fotografia-o-grabado\/#article","isPartOf":{"@id":"https:\/\/www.laguiadepamplona.com\/actualidad\/la-red-civivox-presenta-hasta-mayo-25-exposiciones-con-diversos-contenidos-como-pintura-fotografia-o-grabado\/"},"author":{"name":"La Gu\u00eda de Pamplona","@id":"https:\/\/www.laguiadepamplona.com\/actualidad\/#\/schema\/person\/efe887376f0213d4657c93adc50b1fdb"},"headline":"La Red Civivox presenta hasta mayo 25 exposiciones con diversos contenidos como pintura, fotograf\u00eda o grabado","datePublished":"2018-02-06T15:04:26+00:00","mainEntityOfPage":{"@id":"https:\/\/www.laguiadepamplona.com\/actualidad\/la-red-civivox-presenta-hasta-mayo-25-exposiciones-con-diversos-contenidos-como-pintura-fotografia-o-grabado\/"},"wordCount":1135,"commentCount":0,"publisher":{"@id":"https:\/\/www.laguiadepamplona.com\/actualidad\/#organization"},"image":{"@id":"https:\/\/www.laguiadepamplona.com\/actualidad\/la-red-civivox-presenta-hasta-mayo-25-exposiciones-con-diversos-contenidos-como-pintura-fotografia-o-grabado\/#primaryimage"},"thumbnailUrl":"https:\/\/www.laguiadepamplona.com\/actualidad\/wp-content\/uploads\/2016\/12\/civivox-san-jorge.jpg","articleSection":["Ayto Pamplona"],"inLanguage":"es","potentialAction":[{"@type":"CommentAction","name":"Comment","target":["https:\/\/www.laguiadepamplona.com\/actualidad\/la-red-civivox-presenta-hasta-mayo-25-exposiciones-con-diversos-contenidos-como-pintura-fotografia-o-grabado\/#respond"]}]},{"@type":"WebPage","@id":"https:\/\/www.laguiadepamplona.com\/actualidad\/la-red-civivox-presenta-hasta-mayo-25-exposiciones-con-diversos-contenidos-como-pintura-fotografia-o-grabado\/","url":"https:\/\/www.laguiadepamplona.com\/actualidad\/la-red-civivox-presenta-hasta-mayo-25-exposiciones-con-diversos-contenidos-como-pintura-fotografia-o-grabado\/","name":"La Red Civivox presenta hasta mayo 25 exposiciones con diversos contenidos como pintura, fotograf\u00eda o grabado","isPartOf":{"@id":"https:\/\/www.laguiadepamplona.com\/actualidad\/#website"},"primaryImageOfPage":{"@id":"https:\/\/www.laguiadepamplona.com\/actualidad\/la-red-civivox-presenta-hasta-mayo-25-exposiciones-con-diversos-contenidos-como-pintura-fotografia-o-grabado\/#primaryimage"},"image":{"@id":"https:\/\/www.laguiadepamplona.com\/actualidad\/la-red-civivox-presenta-hasta-mayo-25-exposiciones-con-diversos-contenidos-como-pintura-fotografia-o-grabado\/#primaryimage"},"thumbnailUrl":"https:\/\/www.laguiadepamplona.com\/actualidad\/wp-content\/uploads\/2016\/12\/civivox-san-jorge.jpg","datePublished":"2018-02-06T15:04:26+00:00","breadcrumb":{"@id":"https:\/\/www.laguiadepamplona.com\/actualidad\/la-red-civivox-presenta-hasta-mayo-25-exposiciones-con-diversos-contenidos-como-pintura-fotografia-o-grabado\/#breadcrumb"},"inLanguage":"es","potentialAction":[{"@type":"ReadAction","target":["https:\/\/www.laguiadepamplona.com\/actualidad\/la-red-civivox-presenta-hasta-mayo-25-exposiciones-con-diversos-contenidos-como-pintura-fotografia-o-grabado\/"]}]},{"@type":"ImageObject","inLanguage":"es","@id":"https:\/\/www.laguiadepamplona.com\/actualidad\/la-red-civivox-presenta-hasta-mayo-25-exposiciones-con-diversos-contenidos-como-pintura-fotografia-o-grabado\/#primaryimage","url":"https:\/\/www.laguiadepamplona.com\/actualidad\/wp-content\/uploads\/2016\/12\/civivox-san-jorge.jpg","contentUrl":"https:\/\/www.laguiadepamplona.com\/actualidad\/wp-content\/uploads\/2016\/12\/civivox-san-jorge.jpg","width":900,"height":675},{"@type":"BreadcrumbList","@id":"https:\/\/www.laguiadepamplona.com\/actualidad\/la-red-civivox-presenta-hasta-mayo-25-exposiciones-con-diversos-contenidos-como-pintura-fotografia-o-grabado\/#breadcrumb","itemListElement":[{"@type":"ListItem","position":1,"name":"Portada","item":"https:\/\/www.laguiadepamplona.com\/actualidad\/"},{"@type":"ListItem","position":2,"name":"La Red Civivox presenta hasta mayo 25 exposiciones con diversos contenidos como pintura, fotograf\u00eda o grabado"}]},{"@type":"WebSite","@id":"https:\/\/www.laguiadepamplona.com\/actualidad\/#website","url":"https:\/\/www.laguiadepamplona.com\/actualidad\/","name":"La gu\u00eda de Pamplona","description":"Noticias de Pamplona","publisher":{"@id":"https:\/\/www.laguiadepamplona.com\/actualidad\/#organization"},"potentialAction":[{"@type":"SearchAction","target":{"@type":"EntryPoint","urlTemplate":"https:\/\/www.laguiadepamplona.com\/actualidad\/?s={search_term_string}"},"query-input":{"@type":"PropertyValueSpecification","valueRequired":true,"valueName":"search_term_string"}}],"inLanguage":"es"},{"@type":"Organization","@id":"https:\/\/www.laguiadepamplona.com\/actualidad\/#organization","name":"La Gu\u00eda de Pamplona \/ Noticias","url":"https:\/\/www.laguiadepamplona.com\/actualidad\/","logo":{"@type":"ImageObject","inLanguage":"es","@id":"https:\/\/www.laguiadepamplona.com\/actualidad\/#\/schema\/logo\/image\/","url":"https:\/\/www.laguiadepamplona.com\/actualidad\/wp-content\/uploads\/2018\/11\/logo-laguiadepamplona18-web1.png","contentUrl":"https:\/\/www.laguiadepamplona.com\/actualidad\/wp-content\/uploads\/2018\/11\/logo-laguiadepamplona18-web1.png","width":600,"height":196,"caption":"La Gu\u00eda de Pamplona \/ Noticias"},"image":{"@id":"https:\/\/www.laguiadepamplona.com\/actualidad\/#\/schema\/logo\/image\/"},"sameAs":["https:\/\/www.facebook.com\/laguiadepamplonacom-133175176762273\/?ref=hl","https:\/\/x.com\/LaGuiadPamplona","https:\/\/www.instagram.com\/la_guia_de_pamplona\/","https:\/\/www.youtube.com\/user\/laguiadepamplona"]},{"@type":"Person","@id":"https:\/\/www.laguiadepamplona.com\/actualidad\/#\/schema\/person\/efe887376f0213d4657c93adc50b1fdb","name":"La Gu\u00eda de Pamplona","image":{"@type":"ImageObject","inLanguage":"es","@id":"https:\/\/secure.gravatar.com\/avatar\/b6992f131dc8d30ab0dff15446e9d346d9dbd95992de0fef795073f5ea83a81c?s=96&d=mm&r=g","url":"https:\/\/secure.gravatar.com\/avatar\/b6992f131dc8d30ab0dff15446e9d346d9dbd95992de0fef795073f5ea83a81c?s=96&d=mm&r=g","contentUrl":"https:\/\/secure.gravatar.com\/avatar\/b6992f131dc8d30ab0dff15446e9d346d9dbd95992de0fef795073f5ea83a81c?s=96&d=mm&r=g","caption":"La Gu\u00eda de Pamplona"}}]}},"post_mailing_queue_ids":[],"_links":{"self":[{"href":"https:\/\/www.laguiadepamplona.com\/actualidad\/wp-json\/wp\/v2\/posts\/16002","targetHints":{"allow":["GET"]}}],"collection":[{"href":"https:\/\/www.laguiadepamplona.com\/actualidad\/wp-json\/wp\/v2\/posts"}],"about":[{"href":"https:\/\/www.laguiadepamplona.com\/actualidad\/wp-json\/wp\/v2\/types\/post"}],"author":[{"embeddable":true,"href":"https:\/\/www.laguiadepamplona.com\/actualidad\/wp-json\/wp\/v2\/users\/1"}],"replies":[{"embeddable":true,"href":"https:\/\/www.laguiadepamplona.com\/actualidad\/wp-json\/wp\/v2\/comments?post=16002"}],"version-history":[{"count":0,"href":"https:\/\/www.laguiadepamplona.com\/actualidad\/wp-json\/wp\/v2\/posts\/16002\/revisions"}],"wp:featuredmedia":[{"embeddable":true,"href":"https:\/\/www.laguiadepamplona.com\/actualidad\/wp-json\/wp\/v2\/media\/11047"}],"wp:attachment":[{"href":"https:\/\/www.laguiadepamplona.com\/actualidad\/wp-json\/wp\/v2\/media?parent=16002"}],"wp:term":[{"taxonomy":"category","embeddable":true,"href":"https:\/\/www.laguiadepamplona.com\/actualidad\/wp-json\/wp\/v2\/categories?post=16002"},{"taxonomy":"post_tag","embeddable":true,"href":"https:\/\/www.laguiadepamplona.com\/actualidad\/wp-json\/wp\/v2\/tags?post=16002"}],"curies":[{"name":"wp","href":"https:\/\/api.w.org\/{rel}","templated":true}]}}